{"id":127704,"date":"2026-04-29T10:00:00","date_gmt":"2026-04-29T13:00:00","guid":{"rendered":"https:\/\/www.uai.com.br\/uainoticias\/?p=127704"},"modified":"2026-04-28T06:29:12","modified_gmt":"2026-04-28T09:29:12","slug":"terra-do-primeiro-astronauta-brasileiro-e-do-sanduiche-que-virou-patrimonio-de-sao-paulo-a-cidade-do-interior-paulista-com-qualidade-de-vida-muito-alta-e-jardim-botanico-aberto-desde-1994","status":"publish","type":"post","link":"https:\/\/www.uai.com.br\/uainoticias\/2026\/04\/29\/terra-do-primeiro-astronauta-brasileiro-e-do-sanduiche-que-virou-patrimonio-de-sao-paulo-a-cidade-do-interior-paulista-com-qualidade-de-vida-muito-alta-e-jardim-botanico-aberto-desde-1994\/","title":{"rendered":"Terra do primeiro astronauta brasileiro e do sandu\u00edche que virou patrim\u00f4nio de S\u00e3o Paulo: a cidade do interior paulista com qualidade de vida muito alta e Jardim Bot\u00e2nico aberto desde 1994"},"content":{"rendered":"\n<p>A 330 km da capital, no cora\u00e7\u00e3o geogr\u00e1fico do estado, <strong>Bauru<\/strong> guarda o nome do sandu\u00edche mais famoso do <strong>Brasil<\/strong>, viu nascer o \u00fanico astronauta do pa\u00eds e ainda preserva parques inteiros dentro do tecido urbano. A cidade re\u00fane hist\u00f3ria, gastronomia e qualidade de vida em um pacote raro no interior paulista.<\/p>\n\n\n\n<h2 class=\"wp-block-heading\">Por que Bauru ganhou o apelido de Cidade Sem Limites<\/h2>\n\n\n\n<p>A posi\u00e7\u00e3o estrat\u00e9gica explica o t\u00edtulo. Fundada em 1896, a cidade fica no centro geogr\u00e1fico do estado e cresceu como ponto de encontro de rodovias e ferrovias. Em 1905, a Estrada de Ferro Sorocabana chegou \u00e0 regi\u00e3o e disparou a economia local. A famosa Noroeste do Brasil, que cortava o sert\u00e3o paulista at\u00e9 <strong>Mato Grosso<\/strong>, completou o entroncamento que ainda hoje se v\u00ea no Museu Ferrovi\u00e1rio Regional.<\/p>\n\n\n\n<p>O <a href=\"https:\/\/cidades.ibge.gov.br\/brasil\/sp\/bauru\" target=\"_blank\" rel=\"noreferrer noopener\"><strong>Instituto Brasileiro de Geografia e Estat\u00edstica (IBGE)<\/strong><\/a> classifica a cidade no grupo de qualidade de vida muito alta, com cerca de 380 mil habitantes. A presen\u00e7a universit\u00e1ria da <strong>Universidade Estadual Paulista (Unesp)<\/strong> e da <strong>Universidade de S\u00e3o Paulo (USP)<\/strong>, que mant\u00e9m um campus de odontologia de refer\u00eancia nacional, sustenta uma cena cultural movimentada e um mercado de trabalho qualificado.<\/p>\n\n\n<div class=\"wp-block-image\">\n<figure class=\"aligncenter size-large\"><img decoding=\"async\" width=\"1024\" height=\"576\" src=\"https:\/\/www.uai.com.br\/uainoticias\/wp-content\/uploads\/2026\/01\/BAURU_1753314085746-1024x576.jpg\" alt=\"\" class=\"wp-image-100194\" srcset=\"https:\/\/www.uai.com.br\/uainoticias\/wp-content\/uploads\/2026\/01\/BAURU_1753314085746-1024x576.jpg 1024w, https:\/\/www.uai.com.br\/uainoticias\/wp-content\/uploads\/2026\/01\/BAURU_1753314085746-300x169.jpg 300w, https:\/\/www.uai.com.br\/uainoticias\/wp-content\/uploads\/2026\/01\/BAURU_1753314085746-768x432.jpg 768w, https:\/\/www.uai.com.br\/uainoticias\/wp-content\/uploads\/2026\/01\/BAURU_1753314085746-750x422.jpg 750w, https:\/\/www.uai.com.br\/uainoticias\/wp-content\/uploads\/2026\/01\/BAURU_1753314085746-1140x641.jpg 1140w, https:\/\/www.uai.com.br\/uainoticias\/wp-content\/uploads\/2026\/01\/BAURU_1753314085746.jpg 1280w\" sizes=\"(max-width: 1024px) 100vw, 1024px\" \/><figcaption class=\"wp-element-caption\">Bauru une qualidade de vida e polo educacional no interior paulista \/\/ Cr\u00e9ditos: depositphotos.com \/ julioricco<\/figcaption><\/figure><\/div>\n\n\n<h2 class=\"wp-block-heading\">O ber\u00e7o do primeiro astronauta brasileiro<\/h2>\n\n\n\n<p>Em 11 de mar\u00e7o de 1963, nascia em Bauru o menino que se tornaria o \u00fanico brasileiro a ir ao espa\u00e7o. <a href=\"https:\/\/www.gov.br\/aeb\/pt-br\/programa-espacial-brasileiro\/missao-centenario\" target=\"_blank\" rel=\"noreferrer noopener\"><strong>Marcos Pontes<\/strong><\/a> come\u00e7ou a trabalhar aos 14 anos como eletricista aprendiz da Rede Ferrovi\u00e1ria Federal para pagar os estudos. Ingressou na Academia da For\u00e7a A\u00e9rea em 1981, formou-se piloto de ca\u00e7a e depois engenheiro aeron\u00e1utico pelo <strong>Instituto Tecnol\u00f3gico de Aeron\u00e1utica (ITA)<\/strong>.<\/p>\n\n\n\n<p>Em 30 de mar\u00e7o de 2006, a bordo da nave russa Soyuz TMA-8, Pontes decolou do Cosm\u00f3dromo de Baikonur, no <strong>Cazaquist\u00e3o<\/strong>, para a Esta\u00e7\u00e3o Espacial Internacional. A jornada ficou conhecida como Miss\u00e3o Centen\u00e1rio, em homenagem aos 100 anos do voo do 14 Bis de <strong>Santos Dumont<\/strong>. O astronauta passou oito dias no espa\u00e7o, conduziu oito experimentos cient\u00edficos e voltou no dia 8 de abril. No retorno a Bauru, foi recebido como her\u00f3i por uma multid\u00e3o.<\/p>\n\n\n<div class=\"wp-block-image\">\n<figure class=\"aligncenter size-large\"><img decoding=\"async\" width=\"1024\" height=\"576\" src=\"https:\/\/www.uai.com.br\/uainoticias\/wp-content\/uploads\/2026\/01\/BAURU_1753314135804-1024x576.jpg\" alt=\"\" class=\"wp-image-100195\" srcset=\"https:\/\/www.uai.com.br\/uainoticias\/wp-content\/uploads\/2026\/01\/BAURU_1753314135804-1024x576.jpg 1024w, https:\/\/www.uai.com.br\/uainoticias\/wp-content\/uploads\/2026\/01\/BAURU_1753314135804-300x169.jpg 300w, https:\/\/www.uai.com.br\/uainoticias\/wp-content\/uploads\/2026\/01\/BAURU_1753314135804-768x432.jpg 768w, https:\/\/www.uai.com.br\/uainoticias\/wp-content\/uploads\/2026\/01\/BAURU_1753314135804-750x422.jpg 750w, https:\/\/www.uai.com.br\/uainoticias\/wp-content\/uploads\/2026\/01\/BAURU_1753314135804-1140x641.jpg 1140w, https:\/\/www.uai.com.br\/uainoticias\/wp-content\/uploads\/2026\/01\/BAURU_1753314135804.jpg 1280w\" sizes=\"(max-width: 1024px) 100vw, 1024px\" \/><figcaption class=\"wp-element-caption\">Bauru, S\u00e3o Paulo \/\/ Cr\u00e9ditos: depositphotos.com \/ julioricco<\/figcaption><\/figure><\/div>\n\n\n<h2 class=\"wp-block-heading\">Onde nasceu o sandu\u00edche que leva o nome da cidade?<\/h2>\n\n\n\n<p>Curiosamente, em <strong>S\u00e3o Paulo<\/strong>, capital. A receita foi criada em 1937 por <strong>Casemiro Pinto Neto<\/strong>, estudante de Direito do <strong>Largo de S\u00e3o Francisco<\/strong> apelidado de Bauru pelos colegas em refer\u00eancia \u00e0 sua cidade natal. No tradicional Ponto Chic, no Largo do Paissandu, ele pediu ao gar\u00e7om um p\u00e3o franc\u00eas sem miolo recheado com queijo derretido, rosbife, tomate e pepino em conserva. O pedido virou hit e o nome ficou.<\/p>\n\n\n\n<p>A receita ganhou status oficial. A <a href=\"https:\/\/sites.bauru.sp.gov.br\/comtur\/comonasceu.aspx\" target=\"_blank\" rel=\"noreferrer noopener\"><strong>Prefeitura de Bauru<\/strong><\/a>, por meio do Conselho Municipal de Turismo, mant\u00e9m a receita original protegida pela Lei Municipal 4314 de 1998. Em 2018, a Assembleia Legislativa de S\u00e3o Paulo declarou o sandu\u00edche patrim\u00f4nio cultural imaterial do estado, e em 2024 a cidade tombou o lanche como patrim\u00f4nio cultural imaterial municipal. Estabelecimentos que seguem a receita original recebem certificado renovado a cada dois anos.<\/p>\n\n\n\n<p><strong>Leia tamb\u00e9m: <a href=\"https:\/\/www.uai.com.br\/uainoticias\/2026\/04\/25\/essa-cidade-nordestina-esta-em-alta-447-mais-estrangeiros-escolheram-esse-paraiso-de-mar-morno-e-brisa-perfeita\/\" target=\"_blank\" rel=\"noreferrer noopener\">Essa cidade nordestina est\u00e1 em alta: 44,7% mais estrangeiros escolheram esse para\u00edso de mar morno e brisa perfeita<\/a><\/strong><\/p>\n\n\n\n<h2 class=\"wp-block-heading\">O que fazer entre os parques e museus da Cidade Sem Limites?<\/h2>\n\n\n\n<p>A maioria dos pontos tur\u00edsticos fica concentrada no centro e em bairros pr\u00f3ximos. Veja o roteiro essencial:<\/p>\n\n\n\n<ul class=\"wp-block-list\">\n<li><strong>Parque Vit\u00f3ria R\u00e9gia<\/strong>: anfiteatro natural a c\u00e9u aberto com lagos, pista de caminhada, Casa da Cultura e Aqu\u00e1rio Municipal. Cart\u00e3o-postal da cidade e palco dos piqueniques de domingo.<\/li>\n\n\n\n<li><strong>Jardim Bot\u00e2nico Municipal<\/strong>: inaugurado em 1994 no bairro N\u00facleo Geisel, com trilhas ecol\u00f3gicas, lagos e biodiversidade da Mata Atl\u00e2ntica preservada.<\/li>\n\n\n\n<li><strong>Zool\u00f3gico Municipal<\/strong>: refer\u00eancia nacional em conserva\u00e7\u00e3o, abriga 880 animais de 227 esp\u00e9cies em ampla \u00e1rea de mata nativa.<\/li>\n\n\n\n<li><strong>Museu Ferrovi\u00e1rio Regional<\/strong>: locomotivas antigas e o acervo da hist\u00f3rica Noroeste do Brasil, no centro da cidade.<\/li>\n\n\n\n<li><strong>Catedral do Divino Esp\u00edrito Santo<\/strong>: constru\u00e7\u00e3o neog\u00f3tica de 1958, com vitrais elaborados e arquitetura imponente no centro.<\/li>\n\n\n\n<li><strong>Horto Florestal de Bauru<\/strong>: \u00e1rea de preserva\u00e7\u00e3o no bairro Pousada da Esperan\u00e7a com viveiros e trilhas ecol\u00f3gicas.<\/li>\n<\/ul>\n\n\n\n<p>A gastronomia gira em torno do sandu\u00edche que carrega o nome da cidade, mas vai muito al\u00e9m:<\/p>\n\n\n\n<ul class=\"wp-block-list\">\n<li><strong>Sandu\u00edche Bauru original<\/strong>: p\u00e3o franc\u00eas sem miolo, queijo derretido em banho-maria, rosbife, tomate e pepino em conserva. Pedido obrigat\u00f3rio em lanchonetes certificadas.<\/li>\n\n\n\n<li><strong>Comida japonesa<\/strong>: a forte presen\u00e7a de descendentes nip\u00f4nicos resultou em uma das maiores cenas de culin\u00e1ria japonesa do interior paulista.<\/li>\n\n\n\n<li><strong>Caf\u00e9 da fazenda<\/strong>: a regi\u00e3o foi um dos principais centros do ciclo cafeeiro no in\u00edcio do s\u00e9culo XX e ainda preserva fazendas com caf\u00e9s especiais.<\/li>\n\n\n\n<li><strong>Pamonha e milho verde<\/strong>: heran\u00e7as da culin\u00e1ria caipira paulista, presen\u00e7a garantida em feiras e festas regionais.<\/li>\n<\/ul>\n\n\n\n<p>Quem quer conhecer o cal\u00e7ad\u00e3o da cidade sem limites, vai curtir este v\u00eddeo do canal <strong>Turismo com Cassimiro<\/strong>, com mais de <strong>19 mil<\/strong> views, onde <strong>Cassimiro<\/strong> mostra o charme do centro de <strong>Bauru<\/strong>, em <strong>S\u00e3o Paulo<\/strong>:<\/p>\n\n\n\n<figure class=\"wp-block-embed is-type-video is-provider-youtube wp-block-embed-youtube wp-embed-aspect-16-9 wp-has-aspect-ratio\"><div class=\"wp-block-embed__wrapper\">\n<div class=\"jeg_video_container jeg_video_content\"><iframe loading=\"lazy\" title=\"O Charme do Cal\u00e7ad\u00e3o de Bauru-SP Seguindo a p\u00e9\" width=\"500\" height=\"281\" src=\"https:\/\/www.youtube.com\/embed\/jUiBwXyNqUc?feature=oembed\" frameborder=\"0\" allow=\"accelerometer; autoplay; clipboard-write; encrypted-media; gyroscope; picture-in-picture; web-share\" referrerpolicy=\"strict-origin-when-cross-origin\" allowfullscreen><\/iframe><\/div>\n<\/div><\/figure>\n\n\n\n<h2 class=\"wp-block-heading\">Como \u00e9 o clima em Bauru?<\/h2>\n\n\n\n<p>Tropical com inverno seco, marcado por dias quentes a maior parte do ano e amplitude t\u00e9rmica forte entre as esta\u00e7\u00f5es. Veja como planejar a viagem:<\/p>\n\n\n\n<style>\n    .clima-grid-uai115 { \n        --cor-primaria: #0278c0; --cor-secundaria: #ffd31a; --cor-txt-secundaria: #0278c0;\n        display: grid; grid-template-columns: repeat(auto-fit, minmax(190px, 1fr)); gap: 15px; justify-content: center; padding: 10px;\n    }\n    .clima-card-uai115 { border: 5px solid var(--cor-primaria); border-top: 5px solid var(--cor-secundaria); border-radius: 12px; background-color: var(--cor-primaria); background-clip: padding-box; display: flex; flex-direction: column; overflow: hidden; cursor: pointer; box-shadow: 0 6px 12px rgba(0,0,0, 0.2); transition: transform 0.2s ease, box-shadow 0.2s ease; -webkit-tap-highlight-color: transparent; user-select: none; transform: translateZ(0); animation: wmFadeIn 0.6s cubic-bezier(0.2, 0.8, 0.2, 1) backwards; }\n    .clima-card-uai115:focus-visible { outline: 3px dashed var(--cor-secundaria); outline-offset: 4px; }\n    .clima-card-uai115:nth-child(1) { animation-delay: 0.1s; } .clima-card-uai115:nth-child(2) { animation-delay: 0.2s; } .clima-card-uai115:nth-child(3) { animation-delay: 0.3s; } .clima-card-uai115:nth-child(4) { animation-delay: 0.4s; }\n    @keyframes wmFadeIn { from { opacity: 0; transform: translateY(30px); } to { opacity: 1; transform: translateY(0); } }\n    .clima-card-uai115:hover { transform: translateY(-5px); box-shadow: 0 15px 30px rgba(0,0,0, 0.3); }\n    .clima-card-uai115:active { transform: translateY(-1px) scale(0.97); box-shadow: 0 3px 6px rgba(0,0,0, 0.2); transition: transform 0.05s ease, box-shadow 0.05s ease; }\n    .clima-header-uai115 { background: #fdfbf5; padding: 15px 10px; text-align: center; display: flex; flex-direction: column; align-items: center; justify-content: center; }\n    .clima-body-uai115 { background: #ffffff; padding: 15px; display: flex; flex-direction: column; flex-grow: 1; align-items: center; }\n    .clima-destaque-uai115 { box-shadow: 0 8px 16px rgba(0,0,0, 0.25); }\n    .clima-destaque-uai115:hover { box-shadow: 0 18px 36px rgba(0,0,0, 0.35); }\n    .clima-destaque-uai115 .clima-header-uai115 { background: var(--cor-secundaria); }\n    .clima-destaque-uai115 .clima-header-uai115 .clima-titulo-uai115 { color: var(--cor-txt-secundaria) !important; } \n    .clima-pill-uai115 { display: flex; white-space: normal; max-width: 100%; box-sizing: border-box; justify-content: center; align-items: center; text-align: center; background: #e6f2fa; color: var(--cor-primaria); font-size: 11px; font-weight: 900 !important; letter-spacing: 0.5px; padding: 8px 16px; border-radius: 16px; text-transform: uppercase; line-height: 1.4; box-shadow: 0 4px 8px rgba(0,0,0, 0.15); margin-top: auto; transition: transform 0.2s ease; }\n    .clima-destaque-uai115 .clima-pill-uai115 { background: var(--cor-primaria); color: #ffffff; border: 1px solid #ffffff; } \n    .clima-card-uai115:hover .clima-pill-uai115 { transform: scale(1.06); }\n    .clima-pill-uai115 span { font-weight: 900 !important; color: inherit; } \n    .clima-emoji-uai115 { font-size: 24px; line-height: 1; margin-bottom: 5px; }\n    .clima-titulo-uai115 { color: var(--cor-primaria); font-size: 16px; text-transform: uppercase; margin-top: 5px; font-weight: bold; }\n    .clima-mes-uai115 { font-size: 11px; font-weight: 800; color: var(--cor-primaria); text-transform: uppercase; margin-bottom: 5px; display: block; }\n    .clima-temp-uai115 { font-size: 26px; font-weight: 900; color: var(--cor-primaria); margin-bottom: 10px; }\n    .clima-desc-uai115 { font-size: 13px; color: #444; text-align: center; line-height: 1.5; margin-bottom: 15px; flex-grow: 1;}\n    .clima-desc-uai115 strong { color: #111; }\n    @media (prefers-color-scheme: dark) {\n        .clima-card-uai115 { border-color: #014f7d; background-color: #014f7d; box-shadow: 0 6px 12px rgba(0,0,0, 0.5); }\n        .clima-header-uai115 { background: #1a1a1a; } .clima-body-uai115 { background: #121212; }\n        .clima-destaque-uai115 .clima-header-uai115 { background: var(--cor-secundaria); }\n        .clima-destaque-uai115 .clima-header-uai115 .clima-titulo-uai115 { color: var(--cor-txt-secundaria) !important; }\n        .clima-titulo-uai115 { color: #63b2e8; } .clima-mes-uai115 { color: #63b2e8; } .clima-temp-uai115 { color: #63b2e8; } .clima-desc-uai115 { color: #cccccc; } .clima-desc-uai115 strong { color: #ffffff; }\n        .clima-pill-uai115 { background: #014f7d; color: #ffffff; box-shadow: 0 4px 8px rgba(0, 0, 0, 0.5); }\n        .clima-destaque-uai115 .clima-pill-uai115 { background: #013859; color: #ffffff; border-color: #63b2e8; }\n    }\n<\/style>\n<div class=\"google-auto-ads-ignore clima-grid-uai115\" style=\"box-sizing: border-box; width: 100%; max-width: 980px; margin: 30px auto; font-family: 'Segoe UI', Roboto, Helvetica, Arial, sans-serif;\">\n    <div class=\"clima-card-uai115\" tabindex=\"0\">\n        <div class=\"clima-header-uai115\"><div class=\"clima-emoji-uai115\" aria-hidden=\"true\">\ud83d\udc20<\/div><div class=\"clima-titulo-uai115\">Ver\u00e3o<\/div><\/div>\n        <div class=\"clima-body-uai115\">\n            <time class=\"clima-mes-uai115\">Dezembro a fevereiro<\/time><div class=\"clima-temp-uai115\">20\u00b0C a 32\u00b0C<\/div>\n            <div class=\"clima-desc-uai115\">O ver\u00e3o quente castiga em dias de poucas chuvas. Planeje atividades pela manh\u00e3 para conhecer o zool\u00f3gico e as maravilhas do <strong>Aqu\u00e1rio Municipal<\/strong>.<\/div>\n            <div class=\"clima-pill-uai115\"><span>\u2614 Chuva Alta<\/span><\/div>\n        <\/div>\n    <\/div>\n    <div class=\"clima-card-uai115\" tabindex=\"0\">\n        <div class=\"clima-header-uai115\"><div class=\"clima-emoji-uai115\" aria-hidden=\"true\">\ud83c\udf33<\/div><div class=\"clima-titulo-uai115\">Outono<\/div><\/div>\n        <div class=\"clima-body-uai115\">\n            <time class=\"clima-mes-uai115\">Mar\u00e7o a maio<\/time><div class=\"clima-temp-uai115\">17\u00b0C a 29\u00b0C<\/div>\n            <div class=\"clima-desc-uai115\">A for\u00e7a das chuvas cai bruscamente, amenizando o clima. Janela perfeita para caminhadas nas famosas e longas <strong>trilhas no Jardim Bot\u00e2nico<\/strong>.<\/div>\n            <div class=\"clima-pill-uai115\"><span>\u2601\ufe0f Chuva M\u00e9dia<\/span><\/div>\n        <\/div>\n    <\/div>\n    <div class=\"clima-card-uai115 clima-destaque-uai115\" tabindex=\"0\">\n        <div class=\"clima-header-uai115\"><div class=\"clima-emoji-uai115\" aria-hidden=\"true\">\ud83c\udfad<\/div><div class=\"clima-titulo-uai115\">Inverno<\/div><\/div>\n        <div class=\"clima-body-uai115\">\n            <time class=\"clima-mes-uai115\">Junho a agosto<\/time><div class=\"clima-temp-uai115\">13\u00b0C a 26\u00b0C<\/div>\n            <div class=\"clima-desc-uai115\">A melhor \u00e9poca na cidade! A seca e o ar ameno criam a atmosfera mais concorrida da regi\u00e3o para curtir os incr\u00edveis <strong>museus e o badalado Festival de Inverno<\/strong>.<\/div>\n            <div class=\"clima-pill-uai115\"><span>\u2b50 Melhor \u00c9poca \/ Festival<\/span><\/div>\n        <\/div>\n    <\/div>\n    <div class=\"clima-card-uai115\" tabindex=\"0\">\n        <div class=\"clima-header-uai115\"><div class=\"clima-emoji-uai115\" aria-hidden=\"true\">\ud83c\udf3a<\/div><div class=\"clima-titulo-uai115\">Primavera<\/div><\/div>\n        <div class=\"clima-body-uai115\">\n            <time class=\"clima-mes-uai115\">Setembro a novembro<\/time><div class=\"clima-temp-uai115\">17\u00b0C a 30\u00b0C<\/div>\n            <div class=\"clima-desc-uai115\">O term\u00f4metro esquenta com um clima de meia-esta\u00e7\u00e3o \u00f3timo para a natureza. Desfrute das paisagens numa <strong>caminhada no parque Vit\u00f3ria R\u00e9gia<\/strong>.<\/div>\n            <div class=\"clima-pill-uai115\"><span>\u2601\ufe0f Chuva M\u00e9dia<\/span><\/div>\n        <\/div>\n    <\/div>\n<\/div>\n\n\n\n<p><em>Temperaturas aproximadas com base no <a href=\"https:\/\/www.climatempo.com.br\/previsao-do-tempo\/cidade\/406\/bauru-sp\" target=\"_blank\" rel=\"noreferrer noopener\"><strong>Climatempo<\/strong><\/a>. Condi\u00e7\u00f5es podem variar.<\/em><\/p>\n\n\n\n<h2 class=\"wp-block-heading\">Conhe\u00e7a a Cidade Sem Limites<\/h2>\n\n\n\n<p>Bauru re\u00fane uma combina\u00e7\u00e3o dif\u00edcil de encontrar no interior paulista: ber\u00e7o do primeiro astronauta do <strong>Brasil<\/strong>, casa do sandu\u00edche que virou patrim\u00f4nio do estado e cidade com \u00e1reas verdes que sobreviveram ao crescimento urbano. O Parque Vit\u00f3ria R\u00e9gia, o Zool\u00f3gico e o Jardim Bot\u00e2nico cabem dentro do mapa da cidade.<\/p>\n\n\n\n<p>Voc\u00ea precisa atravessar o centro do estado e provar um sandu\u00edche Bauru certificado para entender por que tantos paulistas escolhem o interior em vez da capital.<\/p>\n","protected":false},"excerpt":{"rendered":"<p>A 330 km da capital, no cora\u00e7\u00e3o geogr\u00e1fico do estado, Bauru guarda o nome do sandu\u00edche mais famoso do Brasil, viu nascer o \u00fanico astronauta do pa\u00eds e ainda preserva parques inteiros dentro do tecido urbano. A cidade re\u00fane hist\u00f3ria, gastronomia e qualidade de vida em um pacote raro no interior paulista. Por que Bauru [&hellip;]<\/p>\n","protected":false},"author":14,"featured_media":128078,"comment_status":"open","ping_status":"open","sticky":false,"template":"","format":"standard","meta":{"jnews-multi-image_gallery":[],"jnews_single_post":{"format":"standard"},"jnews_primary_category":[],"jnews_social_meta":[],"jnews_override_counter":[],"footnotes":""},"categories":[210],"tags":[11556,234,360],"class_list":["post-127704","post","type-post","status-publish","format-standard","has-post-thumbnail","hentry","category-cidades","tag-bauru","tag-cidades","tag-sao-paulo"],"yoast_head":"<!-- This site is optimized with the Yoast SEO plugin v26.5 - https:\/\/yoast.com\/wordpress\/plugins\/seo\/ -->\n<title>Terra do primeiro astronauta brasileiro e do sandu\u00edche que virou patrim\u00f4nio de S\u00e3o Paulo: a cidade do interior paulista com qualidade de vida muito alta e Jardim Bot\u00e2nico aberto desde 1994 - UAI Not\u00edcias<\/title>\n<meta name=\"description\" content=\"Com gastronomia ic\u00f4nica e \u00e1reas verdes preservadas desde 1994, esta cidade paulista \u00e9 refer\u00eancia em bem-estar e lazer. Saiba tudo sobre ela.\" \/>\n<meta name=\"robots\" content=\"index, follow, max-snippet:-1, max-image-preview:large, max-video-preview:-1\" \/>\n<link rel=\"canonical\" href=\"https:\/\/www.uai.com.br\/uainoticias\/2026\/04\/29\/terra-do-primeiro-astronauta-brasileiro-e-do-sanduiche-que-virou-patrimonio-de-sao-paulo-a-cidade-do-interior-paulista-com-qualidade-de-vida-muito-alta-e-jardim-botanico-aberto-desde-1994\/\" \/>\n<meta property=\"og:locale\" content=\"pt_BR\" \/>\n<meta property=\"og:type\" content=\"article\" \/>\n<meta property=\"og:title\" content=\"Terra do primeiro astronauta brasileiro e do sandu\u00edche que virou patrim\u00f4nio de S\u00e3o Paulo: a cidade do interior paulista com qualidade de vida muito alta e Jardim Bot\u00e2nico aberto desde 1994 - UAI Not\u00edcias\" \/>\n<meta property=\"og:description\" content=\"Com gastronomia ic\u00f4nica e \u00e1reas verdes preservadas desde 1994, esta cidade paulista \u00e9 refer\u00eancia em bem-estar e lazer. Saiba tudo sobre ela.\" \/>\n<meta property=\"og:url\" content=\"https:\/\/www.uai.com.br\/uainoticias\/2026\/04\/29\/terra-do-primeiro-astronauta-brasileiro-e-do-sanduiche-que-virou-patrimonio-de-sao-paulo-a-cidade-do-interior-paulista-com-qualidade-de-vida-muito-alta-e-jardim-botanico-aberto-desde-1994\/\" \/>\n<meta property=\"og:site_name\" content=\"UAI Not\u00edcias\" \/>\n<meta property=\"article:published_time\" content=\"2026-04-29T13:00:00+00:00\" \/>\n<meta property=\"og:image\" content=\"https:\/\/www.uai.com.br\/uainoticias\/wp-content\/uploads\/2026\/04\/A_cinematic_ultra-realistic_202604280612.jpg\" \/>\n\t<meta property=\"og:image:width\" content=\"1280\" \/>\n\t<meta property=\"og:image:height\" content=\"720\" \/>\n\t<meta property=\"og:image:type\" content=\"image\/jpeg\" \/>\n<meta name=\"author\" content=\"Vitor Bruno\" \/>\n<meta name=\"twitter:card\" content=\"summary_large_image\" \/>\n<meta name=\"twitter:label1\" content=\"Escrito por\" \/>\n\t<meta name=\"twitter:data1\" content=\"Vitor Bruno\" \/>\n\t<meta name=\"twitter:label2\" content=\"Est. tempo de leitura\" \/>\n\t<meta name=\"twitter:data2\" content=\"7 minutos\" \/>\n<!-- \/ Yoast SEO plugin. -->","yoast_head_json":{"title":"Terra do primeiro astronauta brasileiro e do sandu\u00edche que virou patrim\u00f4nio de S\u00e3o Paulo: a cidade do interior paulista com qualidade de vida muito alta e Jardim Bot\u00e2nico aberto desde 1994 - UAI Not\u00edcias","description":"Com gastronomia ic\u00f4nica e \u00e1reas verdes preservadas desde 1994, esta cidade paulista \u00e9 refer\u00eancia em bem-estar e lazer. Saiba tudo sobre ela.","robots":{"index":"index","follow":"follow","max-snippet":"max-snippet:-1","max-image-preview":"max-image-preview:large","max-video-preview":"max-video-preview:-1"},"canonical":"https:\/\/www.uai.com.br\/uainoticias\/2026\/04\/29\/terra-do-primeiro-astronauta-brasileiro-e-do-sanduiche-que-virou-patrimonio-de-sao-paulo-a-cidade-do-interior-paulista-com-qualidade-de-vida-muito-alta-e-jardim-botanico-aberto-desde-1994\/","og_locale":"pt_BR","og_type":"article","og_title":"Terra do primeiro astronauta brasileiro e do sandu\u00edche que virou patrim\u00f4nio de S\u00e3o Paulo: a cidade do interior paulista com qualidade de vida muito alta e Jardim Bot\u00e2nico aberto desde 1994 - UAI Not\u00edcias","og_description":"Com gastronomia ic\u00f4nica e \u00e1reas verdes preservadas desde 1994, esta cidade paulista \u00e9 refer\u00eancia em bem-estar e lazer. Saiba tudo sobre ela.","og_url":"https:\/\/www.uai.com.br\/uainoticias\/2026\/04\/29\/terra-do-primeiro-astronauta-brasileiro-e-do-sanduiche-que-virou-patrimonio-de-sao-paulo-a-cidade-do-interior-paulista-com-qualidade-de-vida-muito-alta-e-jardim-botanico-aberto-desde-1994\/","og_site_name":"UAI Not\u00edcias","article_published_time":"2026-04-29T13:00:00+00:00","og_image":[{"width":1280,"height":720,"url":"https:\/\/www.uai.com.br\/uainoticias\/wp-content\/uploads\/2026\/04\/A_cinematic_ultra-realistic_202604280612.jpg","type":"image\/jpeg"}],"author":"Vitor Bruno","twitter_card":"summary_large_image","twitter_misc":{"Escrito por":"Vitor Bruno","Est. tempo de leitura":"7 minutos"},"schema":{"@context":"https:\/\/schema.org","@graph":[{"@type":"WebPage","@id":"https:\/\/www.uai.com.br\/uainoticias\/2026\/04\/29\/terra-do-primeiro-astronauta-brasileiro-e-do-sanduiche-que-virou-patrimonio-de-sao-paulo-a-cidade-do-interior-paulista-com-qualidade-de-vida-muito-alta-e-jardim-botanico-aberto-desde-1994\/","url":"https:\/\/www.uai.com.br\/uainoticias\/2026\/04\/29\/terra-do-primeiro-astronauta-brasileiro-e-do-sanduiche-que-virou-patrimonio-de-sao-paulo-a-cidade-do-interior-paulista-com-qualidade-de-vida-muito-alta-e-jardim-botanico-aberto-desde-1994\/","name":"Terra do primeiro astronauta brasileiro e do sandu\u00edche que virou patrim\u00f4nio de S\u00e3o Paulo: a cidade do interior paulista com qualidade de vida muito alta e Jardim Bot\u00e2nico aberto desde 1994 - UAI Not\u00edcias","isPartOf":{"@id":"https:\/\/www.uai.com.br\/uainoticias\/#website"},"primaryImageOfPage":{"@id":"https:\/\/www.uai.com.br\/uainoticias\/2026\/04\/29\/terra-do-primeiro-astronauta-brasileiro-e-do-sanduiche-que-virou-patrimonio-de-sao-paulo-a-cidade-do-interior-paulista-com-qualidade-de-vida-muito-alta-e-jardim-botanico-aberto-desde-1994\/#primaryimage"},"image":{"@id":"https:\/\/www.uai.com.br\/uainoticias\/2026\/04\/29\/terra-do-primeiro-astronauta-brasileiro-e-do-sanduiche-que-virou-patrimonio-de-sao-paulo-a-cidade-do-interior-paulista-com-qualidade-de-vida-muito-alta-e-jardim-botanico-aberto-desde-1994\/#primaryimage"},"thumbnailUrl":"https:\/\/www.uai.com.br\/uainoticias\/wp-content\/uploads\/2026\/04\/A_cinematic_ultra-realistic_202604280612.jpg","datePublished":"2026-04-29T13:00:00+00:00","author":{"@id":"https:\/\/www.uai.com.br\/uainoticias\/#\/schema\/person\/03130d752d0ce4e3bb0f607f1bc85084"},"description":"Com gastronomia ic\u00f4nica e \u00e1reas verdes preservadas desde 1994, esta cidade paulista \u00e9 refer\u00eancia em bem-estar e lazer. Saiba tudo sobre ela.","breadcrumb":{"@id":"https:\/\/www.uai.com.br\/uainoticias\/2026\/04\/29\/terra-do-primeiro-astronauta-brasileiro-e-do-sanduiche-que-virou-patrimonio-de-sao-paulo-a-cidade-do-interior-paulista-com-qualidade-de-vida-muito-alta-e-jardim-botanico-aberto-desde-1994\/#breadcrumb"},"inLanguage":"pt-BR","potentialAction":[{"@type":"ReadAction","target":["https:\/\/www.uai.com.br\/uainoticias\/2026\/04\/29\/terra-do-primeiro-astronauta-brasileiro-e-do-sanduiche-que-virou-patrimonio-de-sao-paulo-a-cidade-do-interior-paulista-com-qualidade-de-vida-muito-alta-e-jardim-botanico-aberto-desde-1994\/"]}]},{"@type":"ImageObject","inLanguage":"pt-BR","@id":"https:\/\/www.uai.com.br\/uainoticias\/2026\/04\/29\/terra-do-primeiro-astronauta-brasileiro-e-do-sanduiche-que-virou-patrimonio-de-sao-paulo-a-cidade-do-interior-paulista-com-qualidade-de-vida-muito-alta-e-jardim-botanico-aberto-desde-1994\/#primaryimage","url":"https:\/\/www.uai.com.br\/uainoticias\/wp-content\/uploads\/2026\/04\/A_cinematic_ultra-realistic_202604280612.jpg","contentUrl":"https:\/\/www.uai.com.br\/uainoticias\/wp-content\/uploads\/2026\/04\/A_cinematic_ultra-realistic_202604280612.jpg","width":1280,"height":720,"caption":"Terra do primeiro astronauta brasileiro e do sandu\u00edche que virou patrim\u00f4nio de S\u00e3o Paulo: a cidade do interior paulista com qualidade de vida muito alta e Jardim Bot\u00e2nico aberto desde 1994 \/\/ IMAGEM ILUSTRATIVA"},{"@type":"BreadcrumbList","@id":"https:\/\/www.uai.com.br\/uainoticias\/2026\/04\/29\/terra-do-primeiro-astronauta-brasileiro-e-do-sanduiche-que-virou-patrimonio-de-sao-paulo-a-cidade-do-interior-paulista-com-qualidade-de-vida-muito-alta-e-jardim-botanico-aberto-desde-1994\/#breadcrumb","itemListElement":[{"@type":"ListItem","position":1,"name":"In\u00edcio","item":"https:\/\/www.uai.com.br\/uainoticias\/"},{"@type":"ListItem","position":2,"name":"Terra do primeiro astronauta brasileiro e do sandu\u00edche que virou patrim\u00f4nio de S\u00e3o Paulo: a cidade do interior paulista com qualidade de vida muito alta e Jardim Bot\u00e2nico aberto desde 1994"}]},{"@type":"WebSite","@id":"https:\/\/www.uai.com.br\/uainoticias\/#website","url":"https:\/\/www.uai.com.br\/uainoticias\/","name":"UAI Not\u00edcias","description":"Acompanhe as \u00faltimas not\u00edcias e fique bem informado sobre tudo o que acontece no Brasil e no mundo.","potentialAction":[{"@type":"SearchAction","target":{"@type":"EntryPoint","urlTemplate":"https:\/\/www.uai.com.br\/uainoticias\/?s={search_term_string}"},"query-input":{"@type":"PropertyValueSpecification","valueRequired":true,"valueName":"search_term_string"}}],"inLanguage":"pt-BR"},{"@type":"Person","@id":"https:\/\/www.uai.com.br\/uainoticias\/#\/schema\/person\/03130d752d0ce4e3bb0f607f1bc85084","name":"Vitor Bruno","image":{"@type":"ImageObject","inLanguage":"pt-BR","@id":"https:\/\/www.uai.com.br\/uainoticias\/#\/schema\/person\/image\/","url":"https:\/\/secure.gravatar.com\/avatar\/ab0513148053bbb80c117cdd35f8a0f2742d41eebbac321acf8df2e633d81609?s=96&d=mm&r=g","contentUrl":"https:\/\/secure.gravatar.com\/avatar\/ab0513148053bbb80c117cdd35f8a0f2742d41eebbac321acf8df2e633d81609?s=96&d=mm&r=g","caption":"Vitor Bruno"},"sameAs":["https:\/\/www.uai.com.br\/uainoticias\/"],"url":"https:\/\/www.uai.com.br\/uainoticias\/author\/vitor\/"}]}},"_links":{"self":[{"href":"https:\/\/www.uai.com.br\/uainoticias\/wp-json\/wp\/v2\/posts\/127704","targetHints":{"allow":["GET"]}}],"collection":[{"href":"https:\/\/www.uai.com.br\/uainoticias\/wp-json\/wp\/v2\/posts"}],"about":[{"href":"https:\/\/www.uai.com.br\/uainoticias\/wp-json\/wp\/v2\/types\/post"}],"author":[{"embeddable":true,"href":"https:\/\/www.uai.com.br\/uainoticias\/wp-json\/wp\/v2\/users\/14"}],"replies":[{"embeddable":true,"href":"https:\/\/www.uai.com.br\/uainoticias\/wp-json\/wp\/v2\/comments?post=127704"}],"version-history":[{"count":7,"href":"https:\/\/www.uai.com.br\/uainoticias\/wp-json\/wp\/v2\/posts\/127704\/revisions"}],"predecessor-version":[{"id":128079,"href":"https:\/\/www.uai.com.br\/uainoticias\/wp-json\/wp\/v2\/posts\/127704\/revisions\/128079"}],"wp:featuredmedia":[{"embeddable":true,"href":"https:\/\/www.uai.com.br\/uainoticias\/wp-json\/wp\/v2\/media\/128078"}],"wp:attachment":[{"href":"https:\/\/www.uai.com.br\/uainoticias\/wp-json\/wp\/v2\/media?parent=127704"}],"wp:term":[{"taxonomy":"category","embeddable":true,"href":"https:\/\/www.uai.com.br\/uainoticias\/wp-json\/wp\/v2\/categories?post=127704"},{"taxonomy":"post_tag","embeddable":true,"href":"https:\/\/www.uai.com.br\/uainoticias\/wp-json\/wp\/v2\/tags?post=127704"}],"curies":[{"name":"wp","href":"https:\/\/api.w.org\/{rel}","templated":true}]}}