{"id":127703,"date":"2026-04-29T06:25:00","date_gmt":"2026-04-29T09:25:00","guid":{"rendered":"https:\/\/www.uai.com.br\/uainoticias\/?p=127703"},"modified":"2026-04-28T05:55:21","modified_gmt":"2026-04-28T08:55:21","slug":"essa-cidade-do-interior-paulista-une-arvores-seguranca-e-qualidade-de-vida-exemplar-plantou-242-mudas-em-1902-e-iniciou-o-primeiro-movimento-ecologico-da-america-latina","status":"publish","type":"post","link":"https:\/\/www.uai.com.br\/uainoticias\/2026\/04\/29\/essa-cidade-do-interior-paulista-une-arvores-seguranca-e-qualidade-de-vida-exemplar-plantou-242-mudas-em-1902-e-iniciou-o-primeiro-movimento-ecologico-da-america-latina\/","title":{"rendered":"Essa cidade do interior paulista une \u00e1rvores, seguran\u00e7a e qualidade de vida exemplar: plantou 242 mudas em 1902 e iniciou o primeiro movimento ecol\u00f3gico da Am\u00e9rica Latina"},"content":{"rendered":"\n<p>Em 7 de junho de 1902, 500 crian\u00e7as plantaram 242 mudas no centro de uma cidade do interior de <strong>S\u00e3o Paulo<\/strong>. A cerim\u00f4nia virou lei municipal, atraiu a imprensa da capital e transformou <strong>Araras<\/strong> no ber\u00e7o do ambientalismo brasileiro. Daquela festa nasceu o Dia da \u00c1rvore, hoje celebrado em 21 de setembro em todo o pa\u00eds.<\/p>\n\n\n\n<h2 class=\"wp-block-heading\">Por que Araras \u00e9 chamada de Cidade das \u00c1rvores?<\/h2>\n\n\n\n<p>O apelido nasceu da Festa das \u00c1rvores idealizada pelo engenheiro <strong>Jo\u00e3o Pedro Cardoso<\/strong> e pelo naturalista sueco <strong>Alberto L\u00f6fgren<\/strong>, ent\u00e3o diretor do Horto Bot\u00e2nico de S\u00e3o Paulo. A a\u00e7\u00e3o foi institu\u00edda pela Lei Municipal n\u00ba 25, inspirada no Arbor Day norte-americano, e \u00e9 reconhecida como a primeira manifesta\u00e7\u00e3o ecol\u00f3gica da <strong>Am\u00e9rica Latina<\/strong>, segundo registros da <a href=\"https:\/\/www.camara-araras.sp.gov.br\/paginas\/sobre-o-municipio\" target=\"_blank\" rel=\"noreferrer noopener\"><strong>C\u00e2mara Municipal de Araras<\/strong><\/a>.<\/p>\n\n\n\n<p>Mais de um s\u00e9culo depois, o t\u00edtulo virou identidade urbana. As avenidas largas e sombreadas do centro s\u00e3o heran\u00e7a direta do movimento de 1902, e a cidade mant\u00e9m 100% do esgoto tratado, marca rara entre os munic\u00edpios paulistas, segundo o mesmo registro oficial.<\/p>\n\n\n<div class=\"wp-block-image\">\n<figure class=\"aligncenter size-large\"><img decoding=\"async\" width=\"1024\" height=\"576\" src=\"https:\/\/www.uai.com.br\/uainoticias\/wp-content\/uploads\/2026\/03\/araras2-1024x576.jpg\" alt=\"\" class=\"wp-image-114544\" srcset=\"https:\/\/www.uai.com.br\/uainoticias\/wp-content\/uploads\/2026\/03\/araras2-1024x576.jpg 1024w, https:\/\/www.uai.com.br\/uainoticias\/wp-content\/uploads\/2026\/03\/araras2-300x169.jpg 300w, https:\/\/www.uai.com.br\/uainoticias\/wp-content\/uploads\/2026\/03\/araras2-768x432.jpg 768w, https:\/\/www.uai.com.br\/uainoticias\/wp-content\/uploads\/2026\/03\/araras2-750x422.jpg 750w, https:\/\/www.uai.com.br\/uainoticias\/wp-content\/uploads\/2026\/03\/araras2-1140x641.jpg 1140w, https:\/\/www.uai.com.br\/uainoticias\/wp-content\/uploads\/2026\/03\/araras2.jpg 1280w\" sizes=\"(max-width: 1024px) 100vw, 1024px\" \/><figcaption class=\"wp-element-caption\">Araras, cidade do interior de S\u00e3o Paulo \/\/ Cr\u00e9ditos: Wikipedia \/ Wikimedia Commons<\/figcaption><\/figure><\/div>\n\n\n<h2 class=\"wp-block-heading\">Ber\u00e7o do Leite Mo\u00e7a e da maior unidade da Nestl\u00e9 no Brasil<\/h2>\n\n\n\n<p>Em 1921, a su\u00ed\u00e7a <strong>Nestl\u00e9<\/strong> escolheu <strong>Araras<\/strong> para abrigar sua primeira f\u00e1brica em territ\u00f3rio brasileiro. A unidade produziu inicialmente o leite condensado Milkmaid, que ganhou o apelido popular de <strong>Leite Mo\u00e7a<\/strong>, hoje um dos produtos mais ic\u00f4nicos da cozinha nacional.<\/p>\n\n\n\n<p>A escolha foi estrat\u00e9gica: a cidade j\u00e1 tinha ferrovia desde 1877, pastagens pr\u00f3ximas e m\u00e3o de obra imigrante. Mais de um s\u00e9culo depois, a planta segue ativa e se tornou refer\u00eancia mundial na produ\u00e7\u00e3o de leite em p\u00f3 e Nescaf\u00e9 exportado para diversos pa\u00edses, conforme dados da <a href=\"https:\/\/www.camara-araras.sp.gov.br\/paginas\/sobre-o-municipio\" target=\"_blank\" rel=\"noreferrer noopener\"><strong>C\u00e2mara Municipal<\/strong><\/a>.<\/p>\n\n\n<div class=\"wp-block-image\">\n<figure class=\"aligncenter size-large\"><img decoding=\"async\" width=\"1024\" height=\"576\" src=\"https:\/\/www.uai.com.br\/uainoticias\/wp-content\/uploads\/2026\/03\/Araras-1024x576.jpg\" alt=\"\" class=\"wp-image-114543\" srcset=\"https:\/\/www.uai.com.br\/uainoticias\/wp-content\/uploads\/2026\/03\/Araras-1024x576.jpg 1024w, https:\/\/www.uai.com.br\/uainoticias\/wp-content\/uploads\/2026\/03\/Araras-300x169.jpg 300w, https:\/\/www.uai.com.br\/uainoticias\/wp-content\/uploads\/2026\/03\/Araras-768x432.jpg 768w, https:\/\/www.uai.com.br\/uainoticias\/wp-content\/uploads\/2026\/03\/Araras-750x422.jpg 750w, https:\/\/www.uai.com.br\/uainoticias\/wp-content\/uploads\/2026\/03\/Araras-1140x641.jpg 1140w, https:\/\/www.uai.com.br\/uainoticias\/wp-content\/uploads\/2026\/03\/Araras.jpg 1280w\" sizes=\"(max-width: 1024px) 100vw, 1024px\" \/><figcaption class=\"wp-element-caption\">Araras, cidade do interior de S\u00e3o Paulo \/\/ Cr\u00e9ditos: Wikipedia \/ Wikimedia Commons<\/figcaption><\/figure><\/div>\n\n\n<p><strong>Leia tamb\u00e9m: <a href=\"https:\/\/www.uai.com.br\/uainoticias\/2026\/04\/25\/essa-cidade-nordestina-esta-em-alta-447-mais-estrangeiros-escolheram-esse-paraiso-de-mar-morno-e-brisa-perfeita\/\" target=\"_blank\" rel=\"noreferrer noopener\">Essa cidade nordestina est\u00e1 em alta: 44,7% mais estrangeiros escolheram esse para\u00edso de mar morno e brisa perfeita<\/a><\/strong><\/p>\n\n\n\n<h2 class=\"wp-block-heading\">O que fazer em Araras?<\/h2>\n\n\n\n<p>A cidade re\u00fane um centro hist\u00f3rico arborizado, um teatro projetado por <strong>Oscar Niemeyer<\/strong> e uma bas\u00edlica papal em poucas quadras. O <a href=\"https:\/\/turismoararas.sp.gov.br\/\" target=\"_blank\" rel=\"noreferrer noopener\"><strong>Portal do Turismo de Araras<\/strong><\/a> lista as principais atra\u00e7\u00f5es, e os imperd\u00edveis s\u00e3o:<\/p>\n\n\n\n<ul class=\"wp-block-list\">\n<li><strong>Parque Municipal F\u00e1bio da Silva Prado<\/strong>: o tradicional Lago Municipal tem ciclovia, fonte interativa, pedalinho e jardim sensorial, cart\u00e3o-postal da cidade.<\/li>\n\n\n\n<li><strong>Teatro Estadual Maestro Francisco Paulo Russo<\/strong>: projeto arquitet\u00f4nico de Oscar Niemeyer inaugurado em 1991, com 466 lugares no audit\u00f3rio principal.<\/li>\n\n\n\n<li><strong>Bas\u00edlica Menor Nossa Senhora do Patroc\u00ednio<\/strong>: r\u00e9plica da Arquibas\u00edlica de S\u00e3o Jo\u00e3o de Latr\u00e3o, em <strong>Roma<\/strong>, elevada \u00e0 dignidade de bas\u00edlica pelo Papa <strong>Bento XVI<\/strong> em 2010.<\/li>\n\n\n\n<li><strong>Pra\u00e7a Bar\u00e3o de Araras<\/strong>: considerada um dos maiores jardins p\u00fablicos do pa\u00eds, concentra o centro hist\u00f3rico e o cal\u00e7ad\u00e3o comercial, segundo a <a href=\"https:\/\/www.turismo.sp.gov.br\/landingpage\/1885\/conheca_o_municipio_turistico_de_araras\" target=\"_blank\" rel=\"noreferrer noopener\"><strong>Secretaria de Turismo do Estado de S\u00e3o Paulo<\/strong><\/a>.<\/li>\n\n\n\n<li><strong>Casa da Mem\u00f3ria Pedro Pessotto Filho<\/strong>: museu interativo com tela touchscreen e capta\u00e7\u00e3o de mem\u00f3ria oral dos cidad\u00e3os, inspirado no Museu da Pessoa.<\/li>\n\n\n\n<li><strong>Bonde do Turismo<\/strong>: passeio hist\u00f3rico em circuito diurno e noturno, com sa\u00edda do Lago Municipal e da Bas\u00edlica.<\/li>\n<\/ul>\n\n\n\n<p>Quem busca qualidade de vida no <strong>interior de S\u00e3o Paulo<\/strong>, vai curtir esse v\u00eddeo especialmente selecionado do canal <strong>Fam\u00edlia Pet na Estrada \ud83d\udc9b<\/strong>, que conta com mais de <strong>25 mil<\/strong> visualiza\u00e7\u00f5es, onde <strong>Dani e Mari<\/strong> mostram os encantos e curiosidades de <strong>Araras<\/strong>, a <strong>Cidade das \u00c1rvores<\/strong>:<\/p>\n\n\n\n<figure class=\"wp-block-embed is-type-video is-provider-youtube wp-block-embed-youtube wp-embed-aspect-16-9 wp-has-aspect-ratio\"><div class=\"wp-block-embed__wrapper\">\n<div class=\"jeg_video_container jeg_video_content\"><iframe loading=\"lazy\" title=\"Conhe\u00e7a ARARAS | Cidades do Interior de S\u00e3o Paulo\" width=\"500\" height=\"281\" src=\"https:\/\/www.youtube.com\/embed\/4fGnUnFh_LI?feature=oembed\" frameborder=\"0\" allow=\"accelerometer; autoplay; clipboard-write; encrypted-media; gyroscope; picture-in-picture; web-share\" referrerpolicy=\"strict-origin-when-cross-origin\" allowfullscreen><\/iframe><\/div>\n<\/div><\/figure>\n\n\n\n<h2 class=\"wp-block-heading\">Como \u00e9 o clima em Araras?<\/h2>\n\n\n\n<p>O clima \u00e9 tropical de altitude, com ver\u00f5es quentes e chuvosos e invernos secos com noites agrad\u00e1veis. A primavera traz a flora\u00e7\u00e3o das \u00e1rvores que d\u00e3o nome \u00e0 cidade, e cada esta\u00e7\u00e3o rende um tipo de passeio:<\/p>\n\n\n\n<style>\n    .clima-grid-uai114 { \n        --cor-primaria: #0278c0; --cor-secundaria: #ffd31a; --cor-txt-secundaria: #0278c0;\n        display: grid; grid-template-columns: repeat(auto-fit, minmax(190px, 1fr)); gap: 15px; justify-content: center; padding: 10px;\n    }\n    .clima-card-uai114 { border: 5px solid var(--cor-primaria); border-top: 5px solid var(--cor-secundaria); border-radius: 12px; background-color: var(--cor-primaria); background-clip: padding-box; display: flex; flex-direction: column; overflow: hidden; cursor: pointer; box-shadow: 0 6px 12px rgba(0,0,0, 0.2); transition: transform 0.2s ease, box-shadow 0.2s ease; -webkit-tap-highlight-color: transparent; user-select: none; transform: translateZ(0); animation: wmFadeIn 0.6s cubic-bezier(0.2, 0.8, 0.2, 1) backwards; }\n    .clima-card-uai114:focus-visible { outline: 3px dashed var(--cor-secundaria); outline-offset: 4px; }\n    .clima-card-uai114:nth-child(1) { animation-delay: 0.1s; } .clima-card-uai114:nth-child(2) { animation-delay: 0.2s; } .clima-card-uai114:nth-child(3) { animation-delay: 0.3s; } .clima-card-uai114:nth-child(4) { animation-delay: 0.4s; }\n    @keyframes wmFadeIn { from { opacity: 0; transform: translateY(30px); } to { opacity: 1; transform: translateY(0); } }\n    .clima-card-uai114:hover { transform: translateY(-5px); box-shadow: 0 15px 30px rgba(0,0,0, 0.3); }\n    .clima-card-uai114:active { transform: translateY(-1px) scale(0.97); box-shadow: 0 3px 6px rgba(0,0,0, 0.2); transition: transform 0.05s ease, box-shadow 0.05s ease; }\n    .clima-header-uai114 { background: #fdfbf5; padding: 15px 10px; text-align: center; display: flex; flex-direction: column; align-items: center; justify-content: center; }\n    .clima-body-uai114 { background: #ffffff; padding: 15px; display: flex; flex-direction: column; flex-grow: 1; align-items: center; }\n    .clima-destaque-uai114 { box-shadow: 0 8px 16px rgba(0,0,0, 0.25); }\n    .clima-destaque-uai114:hover { box-shadow: 0 18px 36px rgba(0,0,0, 0.35); }\n    .clima-destaque-uai114 .clima-header-uai114 { background: var(--cor-secundaria); }\n    .clima-destaque-uai114 .clima-header-uai114 .clima-titulo-uai114 { color: var(--cor-txt-secundaria) !important; } \n    .clima-pill-uai114 { display: flex; white-space: normal; max-width: 100%; box-sizing: border-box; justify-content: center; align-items: center; text-align: center; background: #e6f2fa; color: var(--cor-primaria); font-size: 11px; font-weight: 900 !important; letter-spacing: 0.5px; padding: 8px 16px; border-radius: 16px; text-transform: uppercase; line-height: 1.4; box-shadow: 0 4px 8px rgba(0,0,0, 0.15); margin-top: auto; transition: transform 0.2s ease; }\n    .clima-destaque-uai114 .clima-pill-uai114 { background: var(--cor-primaria); color: #ffffff; border: 1px solid #ffffff; } \n    .clima-card-uai114:hover .clima-pill-uai114 { transform: scale(1.06); }\n    .clima-pill-uai114 span { font-weight: 900 !important; color: inherit; } \n    .clima-emoji-uai114 { font-size: 24px; line-height: 1; margin-bottom: 5px; }\n    .clima-titulo-uai114 { color: var(--cor-primaria); font-size: 16px; text-transform: uppercase; margin-top: 5px; font-weight: bold; }\n    .clima-mes-uai114 { font-size: 11px; font-weight: 800; color: var(--cor-primaria); text-transform: uppercase; margin-bottom: 5px; display: block; }\n    .clima-temp-uai114 { font-size: 26px; font-weight: 900; color: var(--cor-primaria); margin-bottom: 10px; }\n    .clima-desc-uai114 { font-size: 13px; color: #444; text-align: center; line-height: 1.5; margin-bottom: 15px; flex-grow: 1;}\n    .clima-desc-uai114 strong { color: #111; }\n    @media (prefers-color-scheme: dark) {\n        .clima-card-uai114 { border-color: #014f7d; background-color: #014f7d; box-shadow: 0 6px 12px rgba(0,0,0, 0.5); }\n        .clima-header-uai114 { background: #1a1a1a; } .clima-body-uai114 { background: #121212; }\n        .clima-destaque-uai114 .clima-header-uai114 { background: var(--cor-secundaria); }\n        .clima-destaque-uai114 .clima-header-uai114 .clima-titulo-uai114 { color: var(--cor-txt-secundaria) !important; }\n        .clima-titulo-uai114 { color: #63b2e8; } .clima-mes-uai114 { color: #63b2e8; } .clima-temp-uai114 { color: #63b2e8; } .clima-desc-uai114 { color: #cccccc; } .clima-desc-uai114 strong { color: #ffffff; }\n        .clima-pill-uai114 { background: #014f7d; color: #ffffff; box-shadow: 0 4px 8px rgba(0, 0, 0, 0.5); }\n        .clima-destaque-uai114 .clima-pill-uai114 { background: #013859; color: #ffffff; border-color: #63b2e8; }\n    }\n<\/style>\n<div class=\"google-auto-ads-ignore clima-grid-uai114\" style=\"box-sizing: border-box; width: 100%; max-width: 980px; margin: 30px auto; font-family: 'Segoe UI', Roboto, Helvetica, Arial, sans-serif;\">\n    <div class=\"clima-card-uai114\" tabindex=\"0\">\n        <div class=\"clima-header-uai114\"><div class=\"clima-emoji-uai114\" aria-hidden=\"true\">\ud83d\udca6<\/div><div class=\"clima-titulo-uai114\">Ver\u00e3o<\/div><\/div>\n        <div class=\"clima-body-uai114\">\n            <time class=\"clima-mes-uai114\">Dezembro a fevereiro<\/time><div class=\"clima-temp-uai114\">20\u00b0C a 31\u00b0C<\/div>\n            <div class=\"clima-desc-uai114\">As chuvas chegam fortes ao clima tropical de altitude. Um per\u00edodo ideal para curtir a natureza do <strong>Lago Municipal e do Parque Ecol\u00f3gico<\/strong> bem cheios.<\/div>\n            <div class=\"clima-pill-uai114\"><span>\u2614 Chuva Alta<\/span><\/div>\n        <\/div>\n    <\/div>\n    <div class=\"clima-card-uai114\" tabindex=\"0\">\n        <div class=\"clima-header-uai114\"><div class=\"clima-emoji-uai114\" aria-hidden=\"true\">\ud83c\udfdb\ufe0f<\/div><div class=\"clima-titulo-uai114\">Outono<\/div><\/div>\n        <div class=\"clima-body-uai114\">\n            <time class=\"clima-mes-uai114\">Mar\u00e7o a maio<\/time><div class=\"clima-temp-uai114\">17\u00b0C a 28\u00b0C<\/div>\n            <div class=\"clima-desc-uai114\">O ar refresca o interior paulista, com chuvas moderadas. Fase cl\u00e1ssica para admirar o <strong>Teatro de Niemeyer e mergulhar na Casa da Mem\u00f3ria<\/strong>.<\/div>\n            <div class=\"clima-pill-uai114\"><span>\u2601\ufe0f Chuva M\u00e9dia<\/span><\/div>\n        <\/div>\n    <\/div>\n    <div class=\"clima-card-uai114\" tabindex=\"0\">\n        <div class=\"clima-header-uai114\"><div class=\"clima-emoji-uai114\" aria-hidden=\"true\">\u26ea<\/div><div class=\"clima-titulo-uai114\">Inverno<\/div><\/div>\n        <div class=\"clima-body-uai114\">\n            <time class=\"clima-mes-uai114\">Junho a agosto<\/time><div class=\"clima-temp-uai114\">12\u00b0C a 25\u00b0C<\/div>\n            <div class=\"clima-desc-uai114\">A altitude entrega dias ensolarados muito secos e com noites agrad\u00e1veis. Explore a fundo os detalhes da <strong>Bas\u00edlica e do centro hist\u00f3rico<\/strong>.<\/div>\n            <div class=\"clima-pill-uai114\"><span>\ud83c\udf92 Chuva Baixa \/ Seco<\/span><\/div>\n        <\/div>\n    <\/div>\n    <div class=\"clima-card-uai114 clima-destaque-uai114\" tabindex=\"0\">\n        <div class=\"clima-header-uai114\"><div class=\"clima-emoji-uai114\" aria-hidden=\"true\">\ud83c\udf38<\/div><div class=\"clima-titulo-uai114\">Primavera<\/div><\/div>\n        <div class=\"clima-body-uai114\">\n            <time class=\"clima-mes-uai114\">Setembro a novembro<\/time><div class=\"clima-temp-uai114\">16\u00b0C a 29\u00b0C<\/div>\n            <div class=\"clima-desc-uai114\">A \u00e9poca que d\u00e1 nome \u00e0 cidade atinge seu \u00e1pice! Com temperaturas \u00f3timas, encante-se com a tradicional <strong>flora\u00e7\u00e3o das \u00e1rvores na Pra\u00e7a Bar\u00e3o<\/strong>.<\/div>\n            <div class=\"clima-pill-uai114\"><span>\u2b50 Destaque \/ Flora\u00e7\u00e3o<\/span><\/div>\n        <\/div>\n    <\/div>\n<\/div>\n\n\n\n<p><em>Temperaturas aproximadas com base no <a href=\"https:\/\/www.climatempo.com.br\/previsao-do-tempo\/cidade\/795\/araras-sp\" target=\"_blank\" rel=\"noreferrer noopener\"><strong>Climatempo<\/strong><\/a>. Condi\u00e7\u00f5es podem variar.<\/em><\/p>\n\n\n\n<h2 class=\"wp-block-heading\">Como chegar em Araras?<\/h2>\n\n\n\n<p>O acesso principal \u00e9 pela Rodovia Anhanguera (SP-330) ou pela Rodovia dos Bandeirantes (SP-348), em uma viagem de aproximadamente duas horas a partir da capital. A cidade fica a 170 km de <strong>S\u00e3o Paulo<\/strong> e a 70 km de <strong>Campinas<\/strong>.<\/p>\n\n\n\n<p>Quem prefere \u00f4nibus encontra linhas regulares no Terminal Tiet\u00ea e na rodovi\u00e1ria de Campinas, com partidas di\u00e1rias para o terminal local. O <strong>Aeroporto Internacional de Viracopos<\/strong>, em Campinas, \u00e9 a op\u00e7\u00e3o mais pr\u00f3xima para voos comerciais.<\/p>\n\n\n\n<h2 class=\"wp-block-heading\">Conhe\u00e7a a Cidade das \u00c1rvores<\/h2>\n\n\n\n<p>Pouca gente sabe que o Dia da \u00c1rvore brasileiro nasceu em uma cerim\u00f4nia escolar de 1902 no interior paulista. <strong>Araras<\/strong> guarda essa origem sob a sombra das pr\u00f3prias ruas, com um teatro de Niemeyer, uma bas\u00edlica papal e a f\u00e1brica que inventou o Leite Mo\u00e7a.<\/p>\n\n\n\n<p>Voc\u00ea precisa pegar a Anhanguera e caminhar pelas avenidas arborizadas dessa cidade que mudou a rela\u00e7\u00e3o do Brasil com o verde.<\/p>\n","protected":false},"excerpt":{"rendered":"<p>Em 7 de junho de 1902, 500 crian\u00e7as plantaram 242 mudas no centro de uma cidade do interior de S\u00e3o Paulo. A cerim\u00f4nia virou lei municipal, atraiu a imprensa da capital e transformou Araras no ber\u00e7o do ambientalismo brasileiro. Daquela festa nasceu o Dia da \u00c1rvore, hoje celebrado em 21 de setembro em todo o [&hellip;]<\/p>\n","protected":false},"author":14,"featured_media":91898,"comment_status":"open","ping_status":"open","sticky":false,"template":"","format":"standard","meta":{"jnews-multi-image_gallery":[],"jnews_single_post":{"format":"standard"},"jnews_primary_category":[],"jnews_social_meta":[],"jnews_override_counter":[],"footnotes":""},"categories":[210],"tags":[17257,234,360],"class_list":["post-127703","post","type-post","status-publish","format-standard","has-post-thumbnail","hentry","category-cidades","tag-araras","tag-cidades","tag-sao-paulo"],"yoast_head":"<!-- This site is optimized with the Yoast SEO plugin v26.5 - https:\/\/yoast.com\/wordpress\/plugins\/seo\/ -->\n<title>Essa cidade do interior paulista une \u00e1rvores, seguran\u00e7a e qualidade de vida exemplar: plantou 242 mudas em 1902 e iniciou o primeiro movimento ecol\u00f3gico da Am\u00e9rica Latina - UAI Not\u00edcias<\/title>\n<meta name=\"description\" content=\"Ber\u00e7o do 1\u00ba movimento ecol\u00f3gico da Am\u00e9rica Latina, Leme plantou 242 mudas em 1902 e \u00e9 destaque em seguran\u00e7a. Conhe\u00e7a este ref\u00fagio em SP.\" \/>\n<meta name=\"robots\" content=\"index, follow, max-snippet:-1, max-image-preview:large, max-video-preview:-1\" \/>\n<link rel=\"canonical\" href=\"https:\/\/www.uai.com.br\/uainoticias\/2026\/04\/29\/essa-cidade-do-interior-paulista-une-arvores-seguranca-e-qualidade-de-vida-exemplar-plantou-242-mudas-em-1902-e-iniciou-o-primeiro-movimento-ecologico-da-america-latina\/\" \/>\n<meta property=\"og:locale\" content=\"pt_BR\" \/>\n<meta property=\"og:type\" content=\"article\" \/>\n<meta property=\"og:title\" content=\"Essa cidade do interior paulista une \u00e1rvores, seguran\u00e7a e qualidade de vida exemplar: plantou 242 mudas em 1902 e iniciou o primeiro movimento ecol\u00f3gico da Am\u00e9rica Latina - UAI Not\u00edcias\" \/>\n<meta property=\"og:description\" content=\"Ber\u00e7o do 1\u00ba movimento ecol\u00f3gico da Am\u00e9rica Latina, Leme plantou 242 mudas em 1902 e \u00e9 destaque em seguran\u00e7a. Conhe\u00e7a este ref\u00fagio em SP.\" \/>\n<meta property=\"og:url\" content=\"https:\/\/www.uai.com.br\/uainoticias\/2026\/04\/29\/essa-cidade-do-interior-paulista-une-arvores-seguranca-e-qualidade-de-vida-exemplar-plantou-242-mudas-em-1902-e-iniciou-o-primeiro-movimento-ecologico-da-america-latina\/\" \/>\n<meta property=\"og:site_name\" content=\"UAI Not\u00edcias\" \/>\n<meta property=\"article:published_time\" content=\"2026-04-29T09:25:00+00:00\" \/>\n<meta property=\"og:image\" content=\"https:\/\/www.uai.com.br\/uainoticias\/wp-content\/uploads\/2025\/12\/image-6.png\" \/>\n\t<meta property=\"og:image:width\" content=\"1280\" \/>\n\t<meta property=\"og:image:height\" content=\"720\" \/>\n\t<meta property=\"og:image:type\" content=\"image\/png\" \/>\n<meta name=\"author\" content=\"Vitor Bruno\" \/>\n<meta name=\"twitter:card\" content=\"summary_large_image\" \/>\n<meta name=\"twitter:label1\" content=\"Escrito por\" \/>\n\t<meta name=\"twitter:data1\" content=\"Vitor Bruno\" \/>\n\t<meta name=\"twitter:label2\" content=\"Est. tempo de leitura\" \/>\n\t<meta name=\"twitter:data2\" content=\"6 minutos\" \/>\n<!-- \/ Yoast SEO plugin. -->","yoast_head_json":{"title":"Essa cidade do interior paulista une \u00e1rvores, seguran\u00e7a e qualidade de vida exemplar: plantou 242 mudas em 1902 e iniciou o primeiro movimento ecol\u00f3gico da Am\u00e9rica Latina - UAI Not\u00edcias","description":"Ber\u00e7o do 1\u00ba movimento ecol\u00f3gico da Am\u00e9rica Latina, Leme plantou 242 mudas em 1902 e \u00e9 destaque em seguran\u00e7a. Conhe\u00e7a este ref\u00fagio em SP.","robots":{"index":"index","follow":"follow","max-snippet":"max-snippet:-1","max-image-preview":"max-image-preview:large","max-video-preview":"max-video-preview:-1"},"canonical":"https:\/\/www.uai.com.br\/uainoticias\/2026\/04\/29\/essa-cidade-do-interior-paulista-une-arvores-seguranca-e-qualidade-de-vida-exemplar-plantou-242-mudas-em-1902-e-iniciou-o-primeiro-movimento-ecologico-da-america-latina\/","og_locale":"pt_BR","og_type":"article","og_title":"Essa cidade do interior paulista une \u00e1rvores, seguran\u00e7a e qualidade de vida exemplar: plantou 242 mudas em 1902 e iniciou o primeiro movimento ecol\u00f3gico da Am\u00e9rica Latina - UAI Not\u00edcias","og_description":"Ber\u00e7o do 1\u00ba movimento ecol\u00f3gico da Am\u00e9rica Latina, Leme plantou 242 mudas em 1902 e \u00e9 destaque em seguran\u00e7a. Conhe\u00e7a este ref\u00fagio em SP.","og_url":"https:\/\/www.uai.com.br\/uainoticias\/2026\/04\/29\/essa-cidade-do-interior-paulista-une-arvores-seguranca-e-qualidade-de-vida-exemplar-plantou-242-mudas-em-1902-e-iniciou-o-primeiro-movimento-ecologico-da-america-latina\/","og_site_name":"UAI Not\u00edcias","article_published_time":"2026-04-29T09:25:00+00:00","og_image":[{"width":1280,"height":720,"url":"https:\/\/www.uai.com.br\/uainoticias\/wp-content\/uploads\/2025\/12\/image-6.png","type":"image\/png"}],"author":"Vitor Bruno","twitter_card":"summary_large_image","twitter_misc":{"Escrito por":"Vitor Bruno","Est. tempo de leitura":"6 minutos"},"schema":{"@context":"https:\/\/schema.org","@graph":[{"@type":"WebPage","@id":"https:\/\/www.uai.com.br\/uainoticias\/2026\/04\/29\/essa-cidade-do-interior-paulista-une-arvores-seguranca-e-qualidade-de-vida-exemplar-plantou-242-mudas-em-1902-e-iniciou-o-primeiro-movimento-ecologico-da-america-latina\/","url":"https:\/\/www.uai.com.br\/uainoticias\/2026\/04\/29\/essa-cidade-do-interior-paulista-une-arvores-seguranca-e-qualidade-de-vida-exemplar-plantou-242-mudas-em-1902-e-iniciou-o-primeiro-movimento-ecologico-da-america-latina\/","name":"Essa cidade do interior paulista une \u00e1rvores, seguran\u00e7a e qualidade de vida exemplar: plantou 242 mudas em 1902 e iniciou o primeiro movimento ecol\u00f3gico da Am\u00e9rica Latina - UAI Not\u00edcias","isPartOf":{"@id":"https:\/\/www.uai.com.br\/uainoticias\/#website"},"primaryImageOfPage":{"@id":"https:\/\/www.uai.com.br\/uainoticias\/2026\/04\/29\/essa-cidade-do-interior-paulista-une-arvores-seguranca-e-qualidade-de-vida-exemplar-plantou-242-mudas-em-1902-e-iniciou-o-primeiro-movimento-ecologico-da-america-latina\/#primaryimage"},"image":{"@id":"https:\/\/www.uai.com.br\/uainoticias\/2026\/04\/29\/essa-cidade-do-interior-paulista-une-arvores-seguranca-e-qualidade-de-vida-exemplar-plantou-242-mudas-em-1902-e-iniciou-o-primeiro-movimento-ecologico-da-america-latina\/#primaryimage"},"thumbnailUrl":"https:\/\/www.uai.com.br\/uainoticias\/wp-content\/uploads\/2025\/12\/image-6.png","datePublished":"2026-04-29T09:25:00+00:00","author":{"@id":"https:\/\/www.uai.com.br\/uainoticias\/#\/schema\/person\/03130d752d0ce4e3bb0f607f1bc85084"},"description":"Ber\u00e7o do 1\u00ba movimento ecol\u00f3gico da Am\u00e9rica Latina, Leme plantou 242 mudas em 1902 e \u00e9 destaque em seguran\u00e7a. Conhe\u00e7a este ref\u00fagio em SP.","breadcrumb":{"@id":"https:\/\/www.uai.com.br\/uainoticias\/2026\/04\/29\/essa-cidade-do-interior-paulista-une-arvores-seguranca-e-qualidade-de-vida-exemplar-plantou-242-mudas-em-1902-e-iniciou-o-primeiro-movimento-ecologico-da-america-latina\/#breadcrumb"},"inLanguage":"pt-BR","potentialAction":[{"@type":"ReadAction","target":["https:\/\/www.uai.com.br\/uainoticias\/2026\/04\/29\/essa-cidade-do-interior-paulista-une-arvores-seguranca-e-qualidade-de-vida-exemplar-plantou-242-mudas-em-1902-e-iniciou-o-primeiro-movimento-ecologico-da-america-latina\/"]}]},{"@type":"ImageObject","inLanguage":"pt-BR","@id":"https:\/\/www.uai.com.br\/uainoticias\/2026\/04\/29\/essa-cidade-do-interior-paulista-une-arvores-seguranca-e-qualidade-de-vida-exemplar-plantou-242-mudas-em-1902-e-iniciou-o-primeiro-movimento-ecologico-da-america-latina\/#primaryimage","url":"https:\/\/www.uai.com.br\/uainoticias\/wp-content\/uploads\/2025\/12\/image-6.png","contentUrl":"https:\/\/www.uai.com.br\/uainoticias\/wp-content\/uploads\/2025\/12\/image-6.png","width":1280,"height":720,"caption":"Araras une \u00e1rvores, seguran\u00e7a e qualidade de vida exemplar (imagem ilustrativa)"},{"@type":"BreadcrumbList","@id":"https:\/\/www.uai.com.br\/uainoticias\/2026\/04\/29\/essa-cidade-do-interior-paulista-une-arvores-seguranca-e-qualidade-de-vida-exemplar-plantou-242-mudas-em-1902-e-iniciou-o-primeiro-movimento-ecologico-da-america-latina\/#breadcrumb","itemListElement":[{"@type":"ListItem","position":1,"name":"In\u00edcio","item":"https:\/\/www.uai.com.br\/uainoticias\/"},{"@type":"ListItem","position":2,"name":"Essa cidade do interior paulista une \u00e1rvores, seguran\u00e7a e qualidade de vida exemplar: plantou 242 mudas em 1902 e iniciou o primeiro movimento ecol\u00f3gico da Am\u00e9rica Latina"}]},{"@type":"WebSite","@id":"https:\/\/www.uai.com.br\/uainoticias\/#website","url":"https:\/\/www.uai.com.br\/uainoticias\/","name":"UAI Not\u00edcias","description":"Acompanhe as \u00faltimas not\u00edcias e fique bem informado sobre tudo o que acontece no Brasil e no mundo.","potentialAction":[{"@type":"SearchAction","target":{"@type":"EntryPoint","urlTemplate":"https:\/\/www.uai.com.br\/uainoticias\/?s={search_term_string}"},"query-input":{"@type":"PropertyValueSpecification","valueRequired":true,"valueName":"search_term_string"}}],"inLanguage":"pt-BR"},{"@type":"Person","@id":"https:\/\/www.uai.com.br\/uainoticias\/#\/schema\/person\/03130d752d0ce4e3bb0f607f1bc85084","name":"Vitor Bruno","image":{"@type":"ImageObject","inLanguage":"pt-BR","@id":"https:\/\/www.uai.com.br\/uainoticias\/#\/schema\/person\/image\/","url":"https:\/\/secure.gravatar.com\/avatar\/ab0513148053bbb80c117cdd35f8a0f2742d41eebbac321acf8df2e633d81609?s=96&d=mm&r=g","contentUrl":"https:\/\/secure.gravatar.com\/avatar\/ab0513148053bbb80c117cdd35f8a0f2742d41eebbac321acf8df2e633d81609?s=96&d=mm&r=g","caption":"Vitor Bruno"},"sameAs":["https:\/\/www.uai.com.br\/uainoticias\/"],"url":"https:\/\/www.uai.com.br\/uainoticias\/author\/vitor\/"}]}},"_links":{"self":[{"href":"https:\/\/www.uai.com.br\/uainoticias\/wp-json\/wp\/v2\/posts\/127703","targetHints":{"allow":["GET"]}}],"collection":[{"href":"https:\/\/www.uai.com.br\/uainoticias\/wp-json\/wp\/v2\/posts"}],"about":[{"href":"https:\/\/www.uai.com.br\/uainoticias\/wp-json\/wp\/v2\/types\/post"}],"author":[{"embeddable":true,"href":"https:\/\/www.uai.com.br\/uainoticias\/wp-json\/wp\/v2\/users\/14"}],"replies":[{"embeddable":true,"href":"https:\/\/www.uai.com.br\/uainoticias\/wp-json\/wp\/v2\/comments?post=127703"}],"version-history":[{"count":7,"href":"https:\/\/www.uai.com.br\/uainoticias\/wp-json\/wp\/v2\/posts\/127703\/revisions"}],"predecessor-version":[{"id":128077,"href":"https:\/\/www.uai.com.br\/uainoticias\/wp-json\/wp\/v2\/posts\/127703\/revisions\/128077"}],"wp:featuredmedia":[{"embeddable":true,"href":"https:\/\/www.uai.com.br\/uainoticias\/wp-json\/wp\/v2\/media\/91898"}],"wp:attachment":[{"href":"https:\/\/www.uai.com.br\/uainoticias\/wp-json\/wp\/v2\/media?parent=127703"}],"wp:term":[{"taxonomy":"category","embeddable":true,"href":"https:\/\/www.uai.com.br\/uainoticias\/wp-json\/wp\/v2\/categories?post=127703"},{"taxonomy":"post_tag","embeddable":true,"href":"https:\/\/www.uai.com.br\/uainoticias\/wp-json\/wp\/v2\/tags?post=127703"}],"curies":[{"name":"wp","href":"https:\/\/api.w.org\/{rel}","templated":true}]}}