{"id":127702,"date":"2026-04-29T02:00:00","date_gmt":"2026-04-29T05:00:00","guid":{"rendered":"https:\/\/www.uai.com.br\/uainoticias\/?p=127702"},"modified":"2026-04-28T05:52:52","modified_gmt":"2026-04-28T08:52:52","slug":"com-100-de-atencao-basica-de-saude-e-4o-lugar-nacional-em-saneamento-a-cidade-do-interior-do-parana-que-virou-a-6a-melhor-do-brasil-para-viver","status":"publish","type":"post","link":"https:\/\/www.uai.com.br\/uainoticias\/2026\/04\/29\/com-100-de-atencao-basica-de-saude-e-4o-lugar-nacional-em-saneamento-a-cidade-do-interior-do-parana-que-virou-a-6a-melhor-do-brasil-para-viver\/","title":{"rendered":"Com 100% de aten\u00e7\u00e3o b\u00e1sica de sa\u00fade e 4\u00ba lugar nacional em saneamento: a cidade do interior do Paran\u00e1 que virou a 6\u00aa melhor do Brasil para viver"},"content":{"rendered":"\n<p>A 491 km de <strong>Curitiba<\/strong>, no oeste paranaense, <strong>Cascavel<\/strong> subiu 37 posi\u00e7\u00f5es em uma d\u00e9cada no ranking de qualidade de vida e cresceu at\u00e9 virar a 6\u00aa melhor cidade do <strong>Brasil<\/strong> para morar entre os 100 maiores munic\u00edpios. Avenidas largas, 117 hectares de reserva no centro e o segundo maior salto do pa\u00eds no \u00edndice contam parte da hist\u00f3ria.<\/p>\n\n\n\n<h2 class=\"wp-block-heading\">Por que Cascavel virou refer\u00eancia em qualidade de vida<\/h2>\n\n\n\n<p>A trajet\u00f3ria recente impressiona. Em <a href=\"https:\/\/www.parana.pr.gov.br\/aen\/Noticia\/Maringa-e-eleita-melhor-cidade-para-se-viver-no-Pais-e-Curitiba-e-Cascavel-estao-no-top\" target=\"_blank\" rel=\"noreferrer noopener\"><strong>levantamento divulgado pelo Governo do Paran\u00e1<\/strong><\/a>, com base no estudo Desafios da Gest\u00e3o Municipal de 2024, Cascavel ficou em 6\u00ba lugar nacional com nota 0,714 no \u00cdndice dos Desafios da Gest\u00e3o Municipal (IDGM). O estudo, da consultoria Macroplan, avalia as 100 maiores cidades em quatro pilares: sa\u00fade, educa\u00e7\u00e3o, seguran\u00e7a e saneamento.<\/p>\n\n\n\n<p>O salto de 37 posi\u00e7\u00f5es em compara\u00e7\u00e3o ao levantamento de 2010 s\u00f3 perdeu para S\u00e3o Jos\u00e9 dos Pinhais. A Capital do Oeste superou a maioria das capitais brasileiras e ficou ao lado de <strong>Curitiba<\/strong>, na 5\u00aa posi\u00e7\u00e3o, e de <strong>Maring\u00e1<\/strong>, l\u00edder do ranking. O <strong>Instituto Brasileiro de Geografia e Estat\u00edstica (IBGE)<\/strong> registra qualidade de vida 0,782 na cidade, classificada como alta.<\/p>\n\n\n<div class=\"wp-block-image\">\n<figure class=\"aligncenter size-large\"><img decoding=\"async\" width=\"1024\" height=\"576\" src=\"https:\/\/www.uai.com.br\/uainoticias\/wp-content\/uploads\/2026\/04\/ngz-cascavel-26655-1024x576.jpg\" alt=\"Com 100% de aten\u00e7\u00e3o b\u00e1sica de sa\u00fade e 4\u00ba lugar nacional em saneamento: a cidade do interior do Paran\u00e1 que virou a 6\u00aa melhor do Brasil para viver\" class=\"wp-image-128074\" srcset=\"https:\/\/www.uai.com.br\/uainoticias\/wp-content\/uploads\/2026\/04\/ngz-cascavel-26655-1024x576.jpg 1024w, https:\/\/www.uai.com.br\/uainoticias\/wp-content\/uploads\/2026\/04\/ngz-cascavel-26655-300x169.jpg 300w, https:\/\/www.uai.com.br\/uainoticias\/wp-content\/uploads\/2026\/04\/ngz-cascavel-26655-768x432.jpg 768w, https:\/\/www.uai.com.br\/uainoticias\/wp-content\/uploads\/2026\/04\/ngz-cascavel-26655-750x422.jpg 750w, https:\/\/www.uai.com.br\/uainoticias\/wp-content\/uploads\/2026\/04\/ngz-cascavel-26655-1140x641.jpg 1140w, https:\/\/www.uai.com.br\/uainoticias\/wp-content\/uploads\/2026\/04\/ngz-cascavel-26655.jpg 1280w\" sizes=\"(max-width: 1024px) 100vw, 1024px\" \/><figcaption class=\"wp-element-caption\">Cascavel virou refer\u00eancia em qualidade de vida \/\/ Cr\u00e9ditos: Wikipedia \/ Wikimedia Commons<\/figcaption><\/figure><\/div>\n\n\n<h2 class=\"wp-block-heading\">Como o saneamento da cidade chegou ao top 4 do Brasil?<\/h2>\n\n\n\n<p>A nota m\u00e1xima no tratamento de esgoto explica o desempenho. No <a href=\"https:\/\/tratabrasil.org.br\/ranking-do-saneamento-2026\/\" target=\"_blank\" rel=\"noreferrer noopener\"><strong>Ranking do Saneamento 2026 do Instituto Trata Brasil<\/strong><\/a>, divulgado em mar\u00e7o com base nos indicadores do <strong>Sistema Nacional de Informa\u00e7\u00f5es em Saneamento B\u00e1sico (SINISA)<\/strong>, Cascavel aparece entre as quatro cidades brasileiras com nota m\u00e1xima no tratamento de esgoto, ao lado de <strong>Maring\u00e1<\/strong>, <strong>Curitiba<\/strong> e <strong>Londrina<\/strong>.<\/p>\n\n\n\n<p>A cidade tem 100% de cobertura urbana de \u00e1gua tratada e mais de 98% da rede coletora de esgoto operada pela <a href=\"https:\/\/site.sanepar.com.br\/noticias\/categoria-desta-noticia\/ranking-trata-brasil\" target=\"_blank\" rel=\"noreferrer noopener\"><strong>Sanepar<\/strong><\/a>. No estudo Desafios da Gest\u00e3o Municipal, \u00e9 a 4\u00aa melhor do pa\u00eds no pilar saneamento e sustentabilidade entre as 100 maiores cidades.<\/p>\n\n\n<div class=\"wp-block-image\">\n<figure class=\"aligncenter size-large\"><img decoding=\"async\" width=\"1024\" height=\"576\" src=\"https:\/\/www.uai.com.br\/uainoticias\/wp-content\/uploads\/2025\/12\/Cascavel-parana-1024x576.jpg\" alt=\"Com 100% de aten\u00e7\u00e3o b\u00e1sica de sa\u00fade e 4\u00ba lugar nacional em saneamento: a cidade do interior do Paran\u00e1 que virou a 6\u00aa melhor do Brasil para viver\" class=\"wp-image-95246\" srcset=\"https:\/\/www.uai.com.br\/uainoticias\/wp-content\/uploads\/2025\/12\/Cascavel-parana-1024x576.jpg 1024w, https:\/\/www.uai.com.br\/uainoticias\/wp-content\/uploads\/2025\/12\/Cascavel-parana-300x169.jpg 300w, https:\/\/www.uai.com.br\/uainoticias\/wp-content\/uploads\/2025\/12\/Cascavel-parana-768x432.jpg 768w, https:\/\/www.uai.com.br\/uainoticias\/wp-content\/uploads\/2025\/12\/Cascavel-parana-750x422.jpg 750w, https:\/\/www.uai.com.br\/uainoticias\/wp-content\/uploads\/2025\/12\/Cascavel-parana-1140x641.jpg 1140w, https:\/\/www.uai.com.br\/uainoticias\/wp-content\/uploads\/2025\/12\/Cascavel-parana.jpg 1280w\" sizes=\"(max-width: 1024px) 100vw, 1024px\" \/><figcaption class=\"wp-element-caption\">Cascavel, no Paran\u00e1, \u00e9 s\u00edmbolo de desenvolvimento e conforto no interior brasileiro \/\/ Cr\u00e9ditos: Wikimedia Commons<\/figcaption><\/figure><\/div>\n\n\n<h2 class=\"wp-block-heading\">Sa\u00fade universalizada e educa\u00e7\u00e3o acima da meta de 2030<\/h2>\n\n\n\n<p>Cascavel teve a maior varia\u00e7\u00e3o positiva do <strong>Brasil<\/strong> na cobertura da aten\u00e7\u00e3o b\u00e1sica de sa\u00fade, com crescimento de 71,9% em uma d\u00e9cada. O indicador chegou aos atuais 100% de atendimento, e a cidade aparece em 5\u00ba lugar nacional no pilar sa\u00fade do estudo Macroplan.<\/p>\n\n\n\n<p>Na educa\u00e7\u00e3o, a rede municipal atingiu nota 6,8 no <a href=\"https:\/\/www.gov.br\/inep\/pt-br\/areas-de-atuacao\/pesquisas-estatisticas-e-indicadores\/ideb\" target=\"_blank\" rel=\"noreferrer noopener\"><strong>\u00cdndice de Desenvolvimento da Educa\u00e7\u00e3o B\u00e1sica (IDEB)<\/strong><\/a> de 2023 nos anos iniciais do ensino fundamental, superando a meta projetada para 2030 pelo <strong>Minist\u00e9rio da Educa\u00e7\u00e3o (MEC)<\/strong>. No ranking geral de educa\u00e7\u00e3o do IDGM, ocupa a 26\u00aa posi\u00e7\u00e3o entre os 100 maiores munic\u00edpios brasileiros. A <strong>Universidade Estadual do Oeste do Paran\u00e1 (Unioeste)<\/strong> oferece ensino p\u00fablico gratuito em diversas \u00e1reas.<\/p>\n\n\n\n<p><strong>Leia tamb\u00e9m: <a href=\"https:\/\/www.uai.com.br\/uainoticias\/2026\/04\/25\/essa-cidade-nordestina-esta-em-alta-447-mais-estrangeiros-escolheram-esse-paraiso-de-mar-morno-e-brisa-perfeita\/\" target=\"_blank\" rel=\"noreferrer noopener\">Essa cidade nordestina est\u00e1 em alta: 44,7% mais estrangeiros escolheram esse para\u00edso de mar morno e brisa perfeita<\/a><\/strong><\/p>\n\n\n\n<h2 class=\"wp-block-heading\">O que fazer na cidade que abriga a maior reserva urbana do Sul?<\/h2>\n\n\n\n<p>Os parques urbanos concentram o eixo tur\u00edstico, com \u00e1reas verdes preservadas a poucos minutos do centro. Veja os pontos essenciais:<\/p>\n\n\n\n<ul class=\"wp-block-list\">\n<li><strong>Parque Ecol\u00f3gico Paulo Gorski<\/strong>: o Lago Municipal forma com o zool\u00f3gico a maior reserva ecol\u00f3gica urbana do sul do <strong>Brasil<\/strong>, com cerca de 117 hectares, dos quais 60 de mata nativa e 39 de l\u00e2mina d&#8217;\u00e1gua. A pista de caminhada contorna o lago por mais de 6 km.<\/li>\n\n\n\n<li><strong>Zool\u00f3gico Municipal Danilo Galafassi<\/strong>: 18 hectares de vegeta\u00e7\u00e3o nativa com fauna brasileira, le\u00f5es e tigres. Entrada gratuita.<\/li>\n\n\n\n<li><strong>Catedral Nossa Senhora Aparecida<\/strong>: cart\u00e3o-postal arquitet\u00f4nico no centro da cidade, com formato circular incomum.<\/li>\n\n\n\n<li><strong>Aut\u00f3dromo Internacional de Cascavel<\/strong>: palco de etapas do automobilismo nacional desde os anos 1970.<\/li>\n\n\n\n<li><strong>Parque Vit\u00f3ria<\/strong>: o Parque Ambiental Hil\u00e1rio Zardo tem 18 hectares, trilhas pavimentadas, campos de futebol e academias ao ar livre.<\/li>\n\n\n\n<li><strong>Igreja do Lago<\/strong>: capela de madeira de 1960, primeiro templo cat\u00f3lico da cidade, tombada como patrim\u00f4nio hist\u00f3rico em 2012.<\/li>\n<\/ul>\n\n\n\n<p>A gastronomia mistura influ\u00eancias ga\u00fachas, catarinenses e o jeito do interior paranaense. Veja o que pedir:<\/p>\n\n\n\n<ul class=\"wp-block-list\">\n<li><strong>Costel\u00e3o na brasa<\/strong>: prato s\u00edmbolo da cidade, heran\u00e7a da coloniza\u00e7\u00e3o sulista, servido em festas, eventos e churrascarias do centro.<\/li>\n\n\n\n<li><strong>Galinhada caipira<\/strong>: frango com arroz e temperos da ro\u00e7a, presen\u00e7a garantida nos restaurantes de comida regional.<\/li>\n\n\n\n<li><strong>Polenta com lingui\u00e7a artesanal<\/strong>: influ\u00eancia italiana dos colonizadores ga\u00fachos, servida em restaurantes rurais.<\/li>\n\n\n\n<li><strong>Queijo colonial e embutidos<\/strong>: produzidos nas agroind\u00fastrias familiares do entorno, vendidos em feiras e mercados.<\/li>\n<\/ul>\n\n\n\n<p>Quem busca conhecer <strong>Cascavel<\/strong>, vai curtir esse v\u00eddeo especialmente selecionado do canal <strong>Fomos Viajar<\/strong>, que conta com mais de <strong>5 mil<\/strong> visualiza\u00e7\u00f5es, onde <strong>Mari e Artur<\/strong> mostram os pontos tur\u00edsticos e as belas cachoeiras da regi\u00e3o no <strong>Paran\u00e1<\/strong>:<\/p>\n\n\n\n<figure class=\"wp-block-embed is-type-video is-provider-youtube wp-block-embed-youtube wp-embed-aspect-16-9 wp-has-aspect-ratio\"><div class=\"wp-block-embed__wrapper\">\n<div class=\"jeg_video_container jeg_video_content\"><iframe loading=\"lazy\" title=\"Cascavel PR PONTOS TUR\u00cdSTICOS E CACHOEIRAS DA REGI\u00c3O\" width=\"500\" height=\"281\" src=\"https:\/\/www.youtube.com\/embed\/fpEOfK1UCsU?feature=oembed\" frameborder=\"0\" allow=\"accelerometer; autoplay; clipboard-write; encrypted-media; gyroscope; picture-in-picture; web-share\" referrerpolicy=\"strict-origin-when-cross-origin\" allowfullscreen><\/iframe><\/div>\n<\/div><\/figure>\n\n\n\n<h2 class=\"wp-block-heading\">Como \u00e9 o clima em Cascavel?<\/h2>\n\n\n\n<p>Subtropical \u00famido, com quatro esta\u00e7\u00f5es bem marcadas e invernos secos e frios. Veja como planejar a viagem:<\/p>\n\n\n\n<style>\n    .clima-grid-uai113 { \n        --cor-primaria: #0278c0; --cor-secundaria: #ffd31a; --cor-txt-secundaria: #0278c0;\n        display: grid; grid-template-columns: repeat(auto-fit, minmax(190px, 1fr)); gap: 15px; justify-content: center; padding: 10px;\n    }\n    .clima-card-uai113 { border: 5px solid var(--cor-primaria); border-top: 5px solid var(--cor-secundaria); border-radius: 12px; background-color: var(--cor-primaria); background-clip: padding-box; display: flex; flex-direction: column; overflow: hidden; cursor: pointer; box-shadow: 0 6px 12px rgba(0,0,0, 0.2); transition: transform 0.2s ease, box-shadow 0.2s ease; -webkit-tap-highlight-color: transparent; user-select: none; transform: translateZ(0); animation: wmFadeIn 0.6s cubic-bezier(0.2, 0.8, 0.2, 1) backwards; }\n    .clima-card-uai113:focus-visible { outline: 3px dashed var(--cor-secundaria); outline-offset: 4px; }\n    .clima-card-uai113:nth-child(1) { animation-delay: 0.1s; } .clima-card-uai113:nth-child(2) { animation-delay: 0.2s; } .clima-card-uai113:nth-child(3) { animation-delay: 0.3s; } .clima-card-uai113:nth-child(4) { animation-delay: 0.4s; }\n    @keyframes wmFadeIn { from { opacity: 0; transform: translateY(30px); } to { opacity: 1; transform: translateY(0); } }\n    .clima-card-uai113:hover { transform: translateY(-5px); box-shadow: 0 15px 30px rgba(0,0,0, 0.3); }\n    .clima-card-uai113:active { transform: translateY(-1px) scale(0.97); box-shadow: 0 3px 6px rgba(0,0,0, 0.2); transition: transform 0.05s ease, box-shadow 0.05s ease; }\n    .clima-header-uai113 { background: #fdfbf5; padding: 15px 10px; text-align: center; display: flex; flex-direction: column; align-items: center; justify-content: center; }\n    .clima-body-uai113 { background: #ffffff; padding: 15px; display: flex; flex-direction: column; flex-grow: 1; align-items: center; }\n    .clima-destaque-uai113 { box-shadow: 0 8px 16px rgba(0,0,0, 0.25); }\n    .clima-destaque-uai113:hover { box-shadow: 0 18px 36px rgba(0,0,0, 0.35); }\n    .clima-destaque-uai113 .clima-header-uai113 { background: var(--cor-secundaria); }\n    .clima-destaque-uai113 .clima-header-uai113 .clima-titulo-uai113 { color: var(--cor-txt-secundaria) !important; } \n    .clima-pill-uai113 { display: flex; white-space: normal; max-width: 100%; box-sizing: border-box; justify-content: center; align-items: center; text-align: center; background: #e6f2fa; color: var(--cor-primaria); font-size: 11px; font-weight: 900 !important; letter-spacing: 0.5px; padding: 8px 16px; border-radius: 16px; text-transform: uppercase; line-height: 1.4; box-shadow: 0 4px 8px rgba(0,0,0, 0.15); margin-top: auto; transition: transform 0.2s ease; }\n    .clima-destaque-uai113 .clima-pill-uai113 { background: var(--cor-primaria); color: #ffffff; border: 1px solid #ffffff; } \n    .clima-card-uai113:hover .clima-pill-uai113 { transform: scale(1.06); }\n    .clima-pill-uai113 span { font-weight: 900 !important; color: inherit; } \n    .clima-emoji-uai113 { font-size: 24px; line-height: 1; margin-bottom: 5px; }\n    .clima-titulo-uai113 { color: var(--cor-primaria); font-size: 16px; text-transform: uppercase; margin-top: 5px; font-weight: bold; }\n    .clima-mes-uai113 { font-size: 11px; font-weight: 800; color: var(--cor-primaria); text-transform: uppercase; margin-bottom: 5px; display: block; }\n    .clima-temp-uai113 { font-size: 26px; font-weight: 900; color: var(--cor-primaria); margin-bottom: 10px; }\n    .clima-desc-uai113 { font-size: 13px; color: #444; text-align: center; line-height: 1.5; margin-bottom: 15px; flex-grow: 1;}\n    .clima-desc-uai113 strong { color: #111; }\n    @media (prefers-color-scheme: dark) {\n        .clima-card-uai113 { border-color: #014f7d; background-color: #014f7d; box-shadow: 0 6px 12px rgba(0,0,0, 0.5); }\n        .clima-header-uai113 { background: #1a1a1a; } .clima-body-uai113 { background: #121212; }\n        .clima-destaque-uai113 .clima-header-uai113 { background: var(--cor-secundaria); }\n        .clima-destaque-uai113 .clima-header-uai113 .clima-titulo-uai113 { color: var(--cor-txt-secundaria) !important; }\n        .clima-titulo-uai113 { color: #63b2e8; } .clima-mes-uai113 { color: #63b2e8; } .clima-temp-uai113 { color: #63b2e8; } .clima-desc-uai113 { color: #cccccc; } .clima-desc-uai113 strong { color: #ffffff; }\n        .clima-pill-uai113 { background: #014f7d; color: #ffffff; box-shadow: 0 4px 8px rgba(0, 0, 0, 0.5); }\n        .clima-destaque-uai113 .clima-pill-uai113 { background: #013859; color: #ffffff; border-color: #63b2e8; }\n    }\n<\/style>\n<div class=\"google-auto-ads-ignore clima-grid-uai113\" style=\"box-sizing: border-box; width: 100%; max-width: 980px; margin: 30px auto; font-family: 'Segoe UI', Roboto, Helvetica, Arial, sans-serif;\">\n    <div class=\"clima-card-uai113\" tabindex=\"0\">\n        <div class=\"clima-header-uai113\"><div class=\"clima-emoji-uai113\" aria-hidden=\"true\">\ud83d\udca6<\/div><div class=\"clima-titulo-uai113\">Ver\u00e3o<\/div><\/div>\n        <div class=\"clima-body-uai113\">\n            <time class=\"clima-mes-uai113\">Dezembro a fevereiro<\/time><div class=\"clima-temp-uai113\">18\u00b0C a 30\u00b0C<\/div>\n            <div class=\"clima-desc-uai113\">As pancadas de chuva s\u00e3o intensas neste clima subtropical. O ideal \u00e9 driblar as cheias percorrendo o <strong>Lago Municipal e os parques pela manh\u00e3<\/strong>.<\/div>\n            <div class=\"clima-pill-uai113\"><span>\u2614 Chuva Alta<\/span><\/div>\n        <\/div>\n    <\/div>\n    <div class=\"clima-card-uai113\" tabindex=\"0\">\n        <div class=\"clima-header-uai113\"><div class=\"clima-emoji-uai113\" aria-hidden=\"true\">\ud83e\udd7e<\/div><div class=\"clima-titulo-uai113\">Outono<\/div><\/div>\n        <div class=\"clima-body-uai113\">\n            <time class=\"clima-mes-uai113\">Mar\u00e7o a maio<\/time><div class=\"clima-temp-uai113\">14\u00b0C a 26\u00b0C<\/div>\n            <div class=\"clima-desc-uai113\">Os volumes de chuva e o term\u00f4metro despencam. Uma excelente \u00e9poca de transi\u00e7\u00e3o e conforto que favorece muito as <strong>trilhas no Paulo Gorski<\/strong>.<\/div>\n            <div class=\"clima-pill-uai113\"><span>\u2601\ufe0f Chuva M\u00e9dia<\/span><\/div>\n        <\/div>\n    <\/div>\n    <div class=\"clima-card-uai113\" tabindex=\"0\">\n        <div class=\"clima-header-uai113\"><div class=\"clima-emoji-uai113\" aria-hidden=\"true\">\ud83c\udfce\ufe0f<\/div><div class=\"clima-titulo-uai113\">Inverno<\/div><\/div>\n        <div class=\"clima-body-uai113\">\n            <time class=\"clima-mes-uai113\">Junho a agosto<\/time><div class=\"clima-temp-uai113\">7\u00b0C a 22\u00b0C<\/div>\n            <div class=\"clima-desc-uai113\">Os dias s\u00e3o secos e as noites bastante frias no Paran\u00e1. A dica \u00e9 focar em roteiros intensos como o aut\u00f3dromo, <strong>museus e provar um bom costel\u00e3o<\/strong>.<\/div>\n            <div class=\"clima-pill-uai113\"><span>\ud83c\udf92 Chuva Baixa \/ Seco<\/span><\/div>\n        <\/div>\n    <\/div>\n    <div class=\"clima-card-uai113 clima-destaque-uai113\" tabindex=\"0\">\n        <div class=\"clima-header-uai113\"><div class=\"clima-emoji-uai113\" aria-hidden=\"true\">\ud83c\udf3e<\/div><div class=\"clima-titulo-uai113\">Primavera<\/div><\/div>\n        <div class=\"clima-body-uai113\">\n            <time class=\"clima-mes-uai113\">Setembro a novembro<\/time><div class=\"clima-temp-uai113\">13\u00b0C a 27\u00b0C<\/div>\n            <div class=\"clima-desc-uai113\">O agroneg\u00f3cio ferve a cidade nesta transi\u00e7\u00e3o agrad\u00e1vel! A \u00e9poca ganha vida e estrutura voltada para o mega evento <strong>Show Rural e as feiras locais<\/strong>.<\/div>\n            <div class=\"clima-pill-uai113\"><span>\u2b50 Destaque \/ Show Rural<\/span><\/div>\n        <\/div>\n    <\/div>\n<\/div>\n\n\n\n<p><em>Temperaturas aproximadas com base no <a href=\"https:\/\/www.climatempo.com.br\/previsao-do-tempo\/cidade\/268\/cascavel-pr\" target=\"_blank\" rel=\"noreferrer noopener\"><strong>Climatempo<\/strong><\/a>. Condi\u00e7\u00f5es podem variar.<\/em><\/p>\n\n\n\n<h2 class=\"wp-block-heading\">Conhe\u00e7a a capital do oeste paranaense<\/h2>\n\n\n\n<p>Cascavel re\u00fane o que poucos munic\u00edpios do interior conseguem entregar: saneamento entre os melhores do pa\u00eds, aten\u00e7\u00e3o b\u00e1sica universalizada e uma reserva de mata nativa que cabe inteira dentro da cidade. Avenidas largas, lago de 39 hectares e a maior feira do agroneg\u00f3cio da Am\u00e9rica Latina completam o quadro.<\/p>\n\n\n\n<p>Voc\u00ea precisa subir at\u00e9 o oeste paranaense e caminhar pela orla do Lago Municipal para entender por que tanta gente est\u00e1 escolhendo Cascavel para viver.<\/p>\n","protected":false},"excerpt":{"rendered":"<p>A 491 km de Curitiba, no oeste paranaense, Cascavel subiu 37 posi\u00e7\u00f5es em uma d\u00e9cada no ranking de qualidade de vida e cresceu at\u00e9 virar a 6\u00aa melhor cidade do Brasil para morar entre os 100 maiores munic\u00edpios. Avenidas largas, 117 hectares de reserva no centro e o segundo maior salto do pa\u00eds no \u00edndice [&hellip;]<\/p>\n","protected":false},"author":14,"featured_media":128075,"comment_status":"open","ping_status":"open","sticky":false,"template":"","format":"standard","meta":{"jnews-multi-image_gallery":[],"jnews_single_post":{"format":"standard"},"jnews_primary_category":[],"jnews_social_meta":[],"jnews_override_counter":[],"footnotes":""},"categories":[210],"tags":[2438,234,397],"class_list":["post-127702","post","type-post","status-publish","format-standard","has-post-thumbnail","hentry","category-cidades","tag-cascavel","tag-cidades","tag-parana"],"yoast_head":"<!-- This site is optimized with the Yoast SEO plugin v26.5 - https:\/\/yoast.com\/wordpress\/plugins\/seo\/ -->\n<title>Com 100% de aten\u00e7\u00e3o b\u00e1sica de sa\u00fade e 4\u00ba lugar nacional em saneamento: a cidade do interior do Paran\u00e1 que virou a 6\u00aa melhor do Brasil para viver - UAI Not\u00edcias<\/title>\n<meta name=\"description\" content=\"Qualidade de vida e sa\u00fade plena: descubra a cidade do interior do PR que se tornou modelo de desenvolvimento no Brasil. Leia mais.\" \/>\n<meta name=\"robots\" content=\"index, follow, max-snippet:-1, max-image-preview:large, max-video-preview:-1\" \/>\n<link rel=\"canonical\" href=\"https:\/\/www.uai.com.br\/uainoticias\/2026\/04\/29\/com-100-de-atencao-basica-de-saude-e-4o-lugar-nacional-em-saneamento-a-cidade-do-interior-do-parana-que-virou-a-6a-melhor-do-brasil-para-viver\/\" \/>\n<meta property=\"og:locale\" content=\"pt_BR\" \/>\n<meta property=\"og:type\" content=\"article\" \/>\n<meta property=\"og:title\" content=\"Com 100% de aten\u00e7\u00e3o b\u00e1sica de sa\u00fade e 4\u00ba lugar nacional em saneamento: a cidade do interior do Paran\u00e1 que virou a 6\u00aa melhor do Brasil para viver - UAI Not\u00edcias\" \/>\n<meta property=\"og:description\" content=\"Qualidade de vida e sa\u00fade plena: descubra a cidade do interior do PR que se tornou modelo de desenvolvimento no Brasil. Leia mais.\" \/>\n<meta property=\"og:url\" content=\"https:\/\/www.uai.com.br\/uainoticias\/2026\/04\/29\/com-100-de-atencao-basica-de-saude-e-4o-lugar-nacional-em-saneamento-a-cidade-do-interior-do-parana-que-virou-a-6a-melhor-do-brasil-para-viver\/\" \/>\n<meta property=\"og:site_name\" content=\"UAI Not\u00edcias\" \/>\n<meta property=\"article:published_time\" content=\"2026-04-29T05:00:00+00:00\" \/>\n<meta property=\"og:image\" content=\"https:\/\/www.uai.com.br\/uainoticias\/wp-content\/uploads\/2026\/04\/City_quality_of_202604280552.jpg\" \/>\n\t<meta property=\"og:image:width\" content=\"1280\" \/>\n\t<meta property=\"og:image:height\" content=\"720\" \/>\n\t<meta property=\"og:image:type\" content=\"image\/jpeg\" \/>\n<meta name=\"author\" content=\"Vitor Bruno\" \/>\n<meta name=\"twitter:card\" content=\"summary_large_image\" \/>\n<meta name=\"twitter:label1\" content=\"Escrito por\" \/>\n\t<meta name=\"twitter:data1\" content=\"Vitor Bruno\" \/>\n\t<meta name=\"twitter:label2\" content=\"Est. tempo de leitura\" \/>\n\t<meta name=\"twitter:data2\" content=\"6 minutos\" \/>\n<!-- \/ Yoast SEO plugin. -->","yoast_head_json":{"title":"Com 100% de aten\u00e7\u00e3o b\u00e1sica de sa\u00fade e 4\u00ba lugar nacional em saneamento: a cidade do interior do Paran\u00e1 que virou a 6\u00aa melhor do Brasil para viver - UAI Not\u00edcias","description":"Qualidade de vida e sa\u00fade plena: descubra a cidade do interior do PR que se tornou modelo de desenvolvimento no Brasil. Leia mais.","robots":{"index":"index","follow":"follow","max-snippet":"max-snippet:-1","max-image-preview":"max-image-preview:large","max-video-preview":"max-video-preview:-1"},"canonical":"https:\/\/www.uai.com.br\/uainoticias\/2026\/04\/29\/com-100-de-atencao-basica-de-saude-e-4o-lugar-nacional-em-saneamento-a-cidade-do-interior-do-parana-que-virou-a-6a-melhor-do-brasil-para-viver\/","og_locale":"pt_BR","og_type":"article","og_title":"Com 100% de aten\u00e7\u00e3o b\u00e1sica de sa\u00fade e 4\u00ba lugar nacional em saneamento: a cidade do interior do Paran\u00e1 que virou a 6\u00aa melhor do Brasil para viver - UAI Not\u00edcias","og_description":"Qualidade de vida e sa\u00fade plena: descubra a cidade do interior do PR que se tornou modelo de desenvolvimento no Brasil. Leia mais.","og_url":"https:\/\/www.uai.com.br\/uainoticias\/2026\/04\/29\/com-100-de-atencao-basica-de-saude-e-4o-lugar-nacional-em-saneamento-a-cidade-do-interior-do-parana-que-virou-a-6a-melhor-do-brasil-para-viver\/","og_site_name":"UAI Not\u00edcias","article_published_time":"2026-04-29T05:00:00+00:00","og_image":[{"width":1280,"height":720,"url":"https:\/\/www.uai.com.br\/uainoticias\/wp-content\/uploads\/2026\/04\/City_quality_of_202604280552.jpg","type":"image\/jpeg"}],"author":"Vitor Bruno","twitter_card":"summary_large_image","twitter_misc":{"Escrito por":"Vitor Bruno","Est. tempo de leitura":"6 minutos"},"schema":{"@context":"https:\/\/schema.org","@graph":[{"@type":"WebPage","@id":"https:\/\/www.uai.com.br\/uainoticias\/2026\/04\/29\/com-100-de-atencao-basica-de-saude-e-4o-lugar-nacional-em-saneamento-a-cidade-do-interior-do-parana-que-virou-a-6a-melhor-do-brasil-para-viver\/","url":"https:\/\/www.uai.com.br\/uainoticias\/2026\/04\/29\/com-100-de-atencao-basica-de-saude-e-4o-lugar-nacional-em-saneamento-a-cidade-do-interior-do-parana-que-virou-a-6a-melhor-do-brasil-para-viver\/","name":"Com 100% de aten\u00e7\u00e3o b\u00e1sica de sa\u00fade e 4\u00ba lugar nacional em saneamento: a cidade do interior do Paran\u00e1 que virou a 6\u00aa melhor do Brasil para viver - UAI Not\u00edcias","isPartOf":{"@id":"https:\/\/www.uai.com.br\/uainoticias\/#website"},"primaryImageOfPage":{"@id":"https:\/\/www.uai.com.br\/uainoticias\/2026\/04\/29\/com-100-de-atencao-basica-de-saude-e-4o-lugar-nacional-em-saneamento-a-cidade-do-interior-do-parana-que-virou-a-6a-melhor-do-brasil-para-viver\/#primaryimage"},"image":{"@id":"https:\/\/www.uai.com.br\/uainoticias\/2026\/04\/29\/com-100-de-atencao-basica-de-saude-e-4o-lugar-nacional-em-saneamento-a-cidade-do-interior-do-parana-que-virou-a-6a-melhor-do-brasil-para-viver\/#primaryimage"},"thumbnailUrl":"https:\/\/www.uai.com.br\/uainoticias\/wp-content\/uploads\/2026\/04\/City_quality_of_202604280552.jpg","datePublished":"2026-04-29T05:00:00+00:00","author":{"@id":"https:\/\/www.uai.com.br\/uainoticias\/#\/schema\/person\/03130d752d0ce4e3bb0f607f1bc85084"},"description":"Qualidade de vida e sa\u00fade plena: descubra a cidade do interior do PR que se tornou modelo de desenvolvimento no Brasil. Leia mais.","breadcrumb":{"@id":"https:\/\/www.uai.com.br\/uainoticias\/2026\/04\/29\/com-100-de-atencao-basica-de-saude-e-4o-lugar-nacional-em-saneamento-a-cidade-do-interior-do-parana-que-virou-a-6a-melhor-do-brasil-para-viver\/#breadcrumb"},"inLanguage":"pt-BR","potentialAction":[{"@type":"ReadAction","target":["https:\/\/www.uai.com.br\/uainoticias\/2026\/04\/29\/com-100-de-atencao-basica-de-saude-e-4o-lugar-nacional-em-saneamento-a-cidade-do-interior-do-parana-que-virou-a-6a-melhor-do-brasil-para-viver\/"]}]},{"@type":"ImageObject","inLanguage":"pt-BR","@id":"https:\/\/www.uai.com.br\/uainoticias\/2026\/04\/29\/com-100-de-atencao-basica-de-saude-e-4o-lugar-nacional-em-saneamento-a-cidade-do-interior-do-parana-que-virou-a-6a-melhor-do-brasil-para-viver\/#primaryimage","url":"https:\/\/www.uai.com.br\/uainoticias\/wp-content\/uploads\/2026\/04\/City_quality_of_202604280552.jpg","contentUrl":"https:\/\/www.uai.com.br\/uainoticias\/wp-content\/uploads\/2026\/04\/City_quality_of_202604280552.jpg","width":1280,"height":720,"caption":"Com 100% de aten\u00e7\u00e3o b\u00e1sica de sa\u00fade e 4\u00ba lugar nacional em saneamento: a cidade do interior do Paran\u00e1 que virou a 6\u00aa melhor do Brasil para viver \/\/ IMAGEM ILUSTRATIVA"},{"@type":"BreadcrumbList","@id":"https:\/\/www.uai.com.br\/uainoticias\/2026\/04\/29\/com-100-de-atencao-basica-de-saude-e-4o-lugar-nacional-em-saneamento-a-cidade-do-interior-do-parana-que-virou-a-6a-melhor-do-brasil-para-viver\/#breadcrumb","itemListElement":[{"@type":"ListItem","position":1,"name":"In\u00edcio","item":"https:\/\/www.uai.com.br\/uainoticias\/"},{"@type":"ListItem","position":2,"name":"Com 100% de aten\u00e7\u00e3o b\u00e1sica de sa\u00fade e 4\u00ba lugar nacional em saneamento: a cidade do interior do Paran\u00e1 que virou a 6\u00aa melhor do Brasil para viver"}]},{"@type":"WebSite","@id":"https:\/\/www.uai.com.br\/uainoticias\/#website","url":"https:\/\/www.uai.com.br\/uainoticias\/","name":"UAI Not\u00edcias","description":"Acompanhe as \u00faltimas not\u00edcias e fique bem informado sobre tudo o que acontece no Brasil e no mundo.","potentialAction":[{"@type":"SearchAction","target":{"@type":"EntryPoint","urlTemplate":"https:\/\/www.uai.com.br\/uainoticias\/?s={search_term_string}"},"query-input":{"@type":"PropertyValueSpecification","valueRequired":true,"valueName":"search_term_string"}}],"inLanguage":"pt-BR"},{"@type":"Person","@id":"https:\/\/www.uai.com.br\/uainoticias\/#\/schema\/person\/03130d752d0ce4e3bb0f607f1bc85084","name":"Vitor Bruno","image":{"@type":"ImageObject","inLanguage":"pt-BR","@id":"https:\/\/www.uai.com.br\/uainoticias\/#\/schema\/person\/image\/","url":"https:\/\/secure.gravatar.com\/avatar\/ab0513148053bbb80c117cdd35f8a0f2742d41eebbac321acf8df2e633d81609?s=96&d=mm&r=g","contentUrl":"https:\/\/secure.gravatar.com\/avatar\/ab0513148053bbb80c117cdd35f8a0f2742d41eebbac321acf8df2e633d81609?s=96&d=mm&r=g","caption":"Vitor Bruno"},"sameAs":["https:\/\/www.uai.com.br\/uainoticias\/"],"url":"https:\/\/www.uai.com.br\/uainoticias\/author\/vitor\/"}]}},"_links":{"self":[{"href":"https:\/\/www.uai.com.br\/uainoticias\/wp-json\/wp\/v2\/posts\/127702","targetHints":{"allow":["GET"]}}],"collection":[{"href":"https:\/\/www.uai.com.br\/uainoticias\/wp-json\/wp\/v2\/posts"}],"about":[{"href":"https:\/\/www.uai.com.br\/uainoticias\/wp-json\/wp\/v2\/types\/post"}],"author":[{"embeddable":true,"href":"https:\/\/www.uai.com.br\/uainoticias\/wp-json\/wp\/v2\/users\/14"}],"replies":[{"embeddable":true,"href":"https:\/\/www.uai.com.br\/uainoticias\/wp-json\/wp\/v2\/comments?post=127702"}],"version-history":[{"count":7,"href":"https:\/\/www.uai.com.br\/uainoticias\/wp-json\/wp\/v2\/posts\/127702\/revisions"}],"predecessor-version":[{"id":128076,"href":"https:\/\/www.uai.com.br\/uainoticias\/wp-json\/wp\/v2\/posts\/127702\/revisions\/128076"}],"wp:featuredmedia":[{"embeddable":true,"href":"https:\/\/www.uai.com.br\/uainoticias\/wp-json\/wp\/v2\/media\/128075"}],"wp:attachment":[{"href":"https:\/\/www.uai.com.br\/uainoticias\/wp-json\/wp\/v2\/media?parent=127702"}],"wp:term":[{"taxonomy":"category","embeddable":true,"href":"https:\/\/www.uai.com.br\/uainoticias\/wp-json\/wp\/v2\/categories?post=127702"},{"taxonomy":"post_tag","embeddable":true,"href":"https:\/\/www.uai.com.br\/uainoticias\/wp-json\/wp\/v2\/tags?post=127702"}],"curies":[{"name":"wp","href":"https:\/\/api.w.org\/{rel}","templated":true}]}}