{"id":127701,"date":"2026-04-28T23:45:00","date_gmt":"2026-04-29T02:45:00","guid":{"rendered":"https:\/\/www.uai.com.br\/uainoticias\/?p=127701"},"modified":"2026-04-28T05:26:47","modified_gmt":"2026-04-28T08:26:47","slug":"a-capital-nordestina-com-praias-urbanas-onde-o-mar-e-tao-calmo-que-parece-lagoa-e-as-piscinas-naturais-ficam-a-poucos-metros-da-areia","status":"publish","type":"post","link":"https:\/\/www.uai.com.br\/uainoticias\/2026\/04\/28\/a-capital-nordestina-com-praias-urbanas-onde-o-mar-e-tao-calmo-que-parece-lagoa-e-as-piscinas-naturais-ficam-a-poucos-metros-da-areia\/","title":{"rendered":"A capital nordestina com praias urbanas onde o mar \u00e9 t\u00e3o calmo que parece lagoa e as piscinas naturais ficam a poucos metros da areia"},"content":{"rendered":"\n<p>O segredo aparece antes de o avi\u00e3o pousar. Em <strong>Macei\u00f3<\/strong>, capital de <strong>Alagoas<\/strong>, uma barreira de corais a poucos metros da costa quebra a for\u00e7a das ondas e cria piscinas naturais acess\u00edveis de jangada. A cidade foi eleita a melhor do <strong>Brasil<\/strong> em 2025 pela Revista Viagem e Turismo.<\/p>\n\n\n\n<h2 class=\"wp-block-heading\">Por que o mar de Macei\u00f3 tem cor de Caribe?<\/h2>\n\n\n\n<p>A cor verde-esmeralda nasce de uma barreira natural que protege todo o litoral da capital alagoana. Trata-se da <a href=\"https:\/\/www.gov.br\/icmbio\/pt-br\/assuntos\/biodiversidade\/unidade-de-conservacao\/unidades-de-biomas\/marinho\/lista-de-ucs\/apa-costa-dos-corais\" target=\"_blank\" rel=\"noreferrer noopener\"><strong>\u00c1rea de Prote\u00e7\u00e3o Ambiental Costa dos Corais (APA Costa dos Corais)<\/strong><\/a>, a maior unidade de conserva\u00e7\u00e3o federal marinha costeira do pa\u00eds, com cerca de 400 mil hectares e 120 km de extens\u00e3o entre <strong>Alagoas<\/strong> e <strong>Pernambuco<\/strong>.<\/p>\n\n\n\n<p>A barreira de corais administrada pelo <strong>Instituto Chico Mendes de Conserva\u00e7\u00e3o da Biodiversidade (ICMBio)<\/strong> funciona como um filtro natural. Ela reduz a for\u00e7a das ondas, mant\u00e9m a \u00e1gua rasa e transparente e permite que peixes coloridos circulem a poucos metros da faixa de areia, fen\u00f4meno raro em capitais brasileiras.<\/p>\n\n\n<div class=\"wp-block-image\">\n<figure class=\"aligncenter size-large\"><img decoding=\"async\" width=\"1024\" height=\"576\" src=\"https:\/\/www.uai.com.br\/uainoticias\/wp-content\/uploads\/2026\/04\/Maceio_1775296360723-1024x576.jpg\" alt=\"Eleita a melhor cidade do Brasil em 2025, o Caribe Brasileiro tem 40 km de praias com \u00e1guas cristalinas e piscinas naturais na orla urbana\" class=\"wp-image-121211\" srcset=\"https:\/\/www.uai.com.br\/uainoticias\/wp-content\/uploads\/2026\/04\/Maceio_1775296360723-1024x576.jpg 1024w, https:\/\/www.uai.com.br\/uainoticias\/wp-content\/uploads\/2026\/04\/Maceio_1775296360723-300x169.jpg 300w, https:\/\/www.uai.com.br\/uainoticias\/wp-content\/uploads\/2026\/04\/Maceio_1775296360723-768x432.jpg 768w, https:\/\/www.uai.com.br\/uainoticias\/wp-content\/uploads\/2026\/04\/Maceio_1775296360723-750x422.jpg 750w, https:\/\/www.uai.com.br\/uainoticias\/wp-content\/uploads\/2026\/04\/Maceio_1775296360723-1140x641.jpg 1140w, https:\/\/www.uai.com.br\/uainoticias\/wp-content\/uploads\/2026\/04\/Maceio_1775296360723.jpg 1280w\" sizes=\"(max-width: 1024px) 100vw, 1024px\" \/><figcaption class=\"wp-element-caption\">Macei\u00f3, Alagoas \/\/ Cr\u00e9ditos: depositphotos.com \/ Cristian_Lourenco<\/figcaption><\/figure><\/div>\n\n\n<h2 class=\"wp-block-heading\">A capital eleita a melhor do Brasil em 2025<\/h2>\n\n\n\n<p>O reconhecimento veio pela vota\u00e7\u00e3o popular do <a href=\"https:\/\/maceio.al.gov.br\/noticias\/semtur\/maceio-e-eleita-a-melhor-cidade-do-brasil-pela-revista-viagem-e-turismo\" target=\"_blank\" rel=\"noreferrer noopener\"><strong>Pr\u00eamio O Melhor de Viagem e Turismo 2025\/2026<\/strong><\/a>, promovido pela revista da <strong>Editora Abril<\/strong>. Com 17,7% dos votos, <strong>Macei\u00f3<\/strong> superou destinos consolidados como <strong>Jo\u00e3o Pessoa<\/strong>, <strong>Porto de Galinhas<\/strong> e <strong>Fortaleza<\/strong>, entre 11.890 participantes.<\/p>\n\n\n\n<p>Os elogios v\u00e3o al\u00e9m do pr\u00eamio nacional. O <strong>Salinas Macei\u00f3 All Inclusive Resort<\/strong> foi escolhido o melhor hotel para fam\u00edlias do mundo no <strong>Travellers&#8217; Choice 2025<\/strong> do TripAdvisor, e a capital aparece em 5\u00ba lugar entre os destinos brasileiros mais procurados, segundo a <a href=\"https:\/\/maceio.al.gov.br\/noticias\/semtur\/maceio-ja-e-um-dos-destinos-mais-procurados-do-pais-no-segundo-semestre-de-2025\" target=\"_blank\" rel=\"noreferrer noopener\"><strong>Prefeitura de Macei\u00f3<\/strong><\/a>.<\/p>\n\n\n<div class=\"wp-block-image\">\n<figure class=\"aligncenter size-large\"><img decoding=\"async\" width=\"1024\" height=\"576\" src=\"https:\/\/www.uai.com.br\/uainoticias\/wp-content\/uploads\/2026\/04\/Maceio_1775296481691-1024x576.jpg\" alt=\"Eleita a melhor cidade do Brasil em 2025, o Caribe Brasileiro tem 40 km de praias com \u00e1guas cristalinas e piscinas naturais na orla urbana\" class=\"wp-image-121213\" srcset=\"https:\/\/www.uai.com.br\/uainoticias\/wp-content\/uploads\/2026\/04\/Maceio_1775296481691-1024x576.jpg 1024w, https:\/\/www.uai.com.br\/uainoticias\/wp-content\/uploads\/2026\/04\/Maceio_1775296481691-300x169.jpg 300w, https:\/\/www.uai.com.br\/uainoticias\/wp-content\/uploads\/2026\/04\/Maceio_1775296481691-768x432.jpg 768w, https:\/\/www.uai.com.br\/uainoticias\/wp-content\/uploads\/2026\/04\/Maceio_1775296481691-750x422.jpg 750w, https:\/\/www.uai.com.br\/uainoticias\/wp-content\/uploads\/2026\/04\/Maceio_1775296481691-1140x641.jpg 1140w, https:\/\/www.uai.com.br\/uainoticias\/wp-content\/uploads\/2026\/04\/Maceio_1775296481691.jpg 1280w\" sizes=\"(max-width: 1024px) 100vw, 1024px\" \/><figcaption class=\"wp-element-caption\">Macei\u00f3, Alagoas \/\/ Cr\u00e9ditos: depositphotos.com \/ Cristian_Lourenco<\/figcaption><\/figure><\/div>\n\n\n<p><strong>Leia tamb\u00e9m: <a href=\"https:\/\/www.uai.com.br\/uainoticias\/2026\/04\/25\/essa-cidade-nordestina-esta-em-alta-447-mais-estrangeiros-escolheram-esse-paraiso-de-mar-morno-e-brisa-perfeita\/\" target=\"_blank\" rel=\"noreferrer noopener\">Essa cidade nordestina est\u00e1 em alta: 44,7% mais estrangeiros escolheram esse para\u00edso de mar morno e brisa perfeita<\/a><\/strong><\/p>\n\n\n\n<h2 class=\"wp-block-heading\">O que fazer em Macei\u00f3?<\/h2>\n\n\n\n<p>A capital re\u00fane praias urbanas premiadas, passeios de jangada e bairros de tradi\u00e7\u00e3o cultural em poucos quil\u00f4metros. A orla concentra os principais cart\u00f5es-postais e funciona como ponto de partida para roteiros pelo litoral alagoano:<\/p>\n\n\n\n<ul class=\"wp-block-list\">\n<li><strong>Praia de Paju\u00e7ara<\/strong>: ponto de embarque das jangadas que partem da areia em dire\u00e7\u00e3o \u00e0s piscinas naturais a cerca de 2 km da costa, com travessia de 20 minutos.<\/li>\n\n\n\n<li><strong>Praia de Ponta Verde<\/strong>: a mais bem estruturada da orla, com Marco dos Corais, Farol e o letreiro ic\u00f4nico para fotos.<\/li>\n\n\n\n<li><strong>Praia de Jati\u00faca<\/strong>: faixa com ondas mais fortes, polo gastron\u00f4mico e vida noturna concentrados na orla norte.<\/li>\n\n\n\n<li><strong>Pontal da Barra<\/strong>: bairro \u00e0s margens da Lagoa Munda\u00fa onde artes\u00e3s bordam o tradicional Fil\u00e9 alagoano nas cal\u00e7adas.<\/li>\n\n\n\n<li><strong>Praia do Franc\u00eas<\/strong>: a 30 km da capital, em <strong>Marechal Deodoro<\/strong>, com piscinas naturais formadas por corais e ondas para surfe no lado direito.<\/li>\n\n\n\n<li><strong>Roda Macei\u00f3<\/strong>: a maior roda-gigante do Nordeste, inaugurada em 2025, novo cart\u00e3o-postal da cidade no bairro <strong>Jaragu\u00e1<\/strong>.<\/li>\n<\/ul>\n\n\n\n<p>A culin\u00e1ria local carrega dois patrim\u00f4nios imateriais que cabem no mesmo prato. Os endere\u00e7os abaixo concentram o melhor dos sabores alagoanos:<\/p>\n\n\n\n<ul class=\"wp-block-list\">\n<li><strong>Sururu de capote<\/strong>: molusco da Lagoa Munda\u00fa servido com leite de coco e pir\u00e3o, prato mais emblem\u00e1tico da cozinha alagoana.<\/li>\n\n\n\n<li><strong>Peixada alagoana<\/strong>: postas de peixe fresco com legumes e pir\u00e3o de leite de coco, cl\u00e1ssico do almo\u00e7o na orla.<\/li>\n\n\n\n<li><strong>Tapioca da orla<\/strong>: vendida em tendas noturnas no cal\u00e7ad\u00e3o de Paju\u00e7ara, recheios doces e salgados a pre\u00e7os acess\u00edveis.<\/li>\n\n\n\n<li><strong>Pontal da Barra<\/strong>: rota dos restaurantes especializados em frutos do mar e sururu ao leite de coco, com vista para o p\u00f4r do sol da lagoa.<\/li>\n<\/ul>\n\n\n\n<p>Quem busca as melhores dicas de <strong>Macei\u00f3<\/strong>, vai curtir esse v\u00eddeo especialmente selecionado do canal <strong>Partiu de F\u00e9rias<\/strong>, que conta com mais de <strong>95 mil<\/strong> visualiza\u00e7\u00f5es, onde <strong>Anderson Mena<\/strong> mostra 60 sugest\u00f5es imperd\u00edveis e pre\u00e7os atualizados em <strong>Alagoas<\/strong>:<\/p>\n\n\n\n<figure class=\"wp-block-embed is-type-video is-provider-youtube wp-block-embed-youtube wp-embed-aspect-16-9 wp-has-aspect-ratio\"><div class=\"wp-block-embed__wrapper\">\n<div class=\"jeg_video_container jeg_video_content\"><iframe loading=\"lazy\" title=\"MACEI\u00d3: 60 Dicas de quem mora aqui com PRE\u00c7OS ATUALIZADOS! \ud83c\udf34\" width=\"500\" height=\"281\" src=\"https:\/\/www.youtube.com\/embed\/k5t2dUX2nwk?feature=oembed\" frameborder=\"0\" allow=\"accelerometer; autoplay; clipboard-write; encrypted-media; gyroscope; picture-in-picture; web-share\" referrerpolicy=\"strict-origin-when-cross-origin\" allowfullscreen><\/iframe><\/div>\n<\/div><\/figure>\n\n\n\n<h2 class=\"wp-block-heading\">Como \u00e9 o clima em Macei\u00f3?<\/h2>\n\n\n\n<p>O clima \u00e9 tropical \u00famido, com calor o ano todo e pouca varia\u00e7\u00e3o de temperatura. A transpar\u00eancia do mar, no entanto, muda conforme o regime de chuvas, e cada \u00e9poca oferece uma experi\u00eancia diferente:<\/p>\n\n\n\n<style>\n    .clima-grid-uai112 { \n        --cor-primaria: #0278c0; --cor-secundaria: #ffd31a; --cor-txt-secundaria: #0278c0;\n        display: grid; grid-template-columns: repeat(auto-fit, minmax(190px, 1fr)); gap: 15px; justify-content: center; padding: 10px;\n    }\n    .clima-card-uai112 { border: 5px solid var(--cor-primaria); border-top: 5px solid var(--cor-secundaria); border-radius: 12px; background-color: var(--cor-primaria); background-clip: padding-box; display: flex; flex-direction: column; overflow: hidden; cursor: pointer; box-shadow: 0 6px 12px rgba(0,0,0, 0.2); transition: transform 0.2s ease, box-shadow 0.2s ease; -webkit-tap-highlight-color: transparent; user-select: none; transform: translateZ(0); animation: wmFadeIn 0.6s cubic-bezier(0.2, 0.8, 0.2, 1) backwards; }\n    .clima-card-uai112:focus-visible { outline: 3px dashed var(--cor-secundaria); outline-offset: 4px; }\n    .clima-card-uai112:nth-child(1) { animation-delay: 0.1s; } .clima-card-uai112:nth-child(2) { animation-delay: 0.2s; } .clima-card-uai112:nth-child(3) { animation-delay: 0.3s; } .clima-card-uai112:nth-child(4) { animation-delay: 0.4s; }\n    @keyframes wmFadeIn { from { opacity: 0; transform: translateY(30px); } to { opacity: 1; transform: translateY(0); } }\n    .clima-card-uai112:hover { transform: translateY(-5px); box-shadow: 0 15px 30px rgba(0,0,0, 0.3); }\n    .clima-card-uai112:active { transform: translateY(-1px) scale(0.97); box-shadow: 0 3px 6px rgba(0,0,0, 0.2); transition: transform 0.05s ease, box-shadow 0.05s ease; }\n    .clima-header-uai112 { background: #fdfbf5; padding: 15px 10px; text-align: center; display: flex; flex-direction: column; align-items: center; justify-content: center; }\n    .clima-body-uai112 { background: #ffffff; padding: 15px; display: flex; flex-direction: column; flex-grow: 1; align-items: center; }\n    .clima-destaque-uai112 { box-shadow: 0 8px 16px rgba(0,0,0, 0.25); }\n    .clima-destaque-uai112:hover { box-shadow: 0 18px 36px rgba(0,0,0, 0.35); }\n    .clima-destaque-uai112 .clima-header-uai112 { background: var(--cor-secundaria); }\n    .clima-destaque-uai112 .clima-header-uai112 .clima-titulo-uai112 { color: var(--cor-txt-secundaria) !important; } \n    .clima-pill-uai112 { display: flex; white-space: normal; max-width: 100%; box-sizing: border-box; justify-content: center; align-items: center; text-align: center; background: #e6f2fa; color: var(--cor-primaria); font-size: 11px; font-weight: 900 !important; letter-spacing: 0.5px; padding: 8px 16px; border-radius: 16px; text-transform: uppercase; line-height: 1.4; box-shadow: 0 4px 8px rgba(0,0,0, 0.15); margin-top: auto; transition: transform 0.2s ease; }\n    .clima-destaque-uai112 .clima-pill-uai112 { background: var(--cor-primaria); color: #ffffff; border: 1px solid #ffffff; } \n    .clima-card-uai112:hover .clima-pill-uai112 { transform: scale(1.06); }\n    .clima-pill-uai112 span { font-weight: 900 !important; color: inherit; } \n    .clima-emoji-uai112 { font-size: 24px; line-height: 1; margin-bottom: 5px; }\n    .clima-titulo-uai112 { color: var(--cor-primaria); font-size: 16px; text-transform: uppercase; margin-top: 5px; font-weight: bold; }\n    .clima-mes-uai112 { font-size: 11px; font-weight: 800; color: var(--cor-primaria); text-transform: uppercase; margin-bottom: 5px; display: block; }\n    .clima-temp-uai112 { font-size: 26px; font-weight: 900; color: var(--cor-primaria); margin-bottom: 10px; }\n    .clima-desc-uai112 { font-size: 13px; color: #444; text-align: center; line-height: 1.5; margin-bottom: 15px; flex-grow: 1;}\n    .clima-desc-uai112 strong { color: #111; }\n    @media (prefers-color-scheme: dark) {\n        .clima-card-uai112 { border-color: #014f7d; background-color: #014f7d; box-shadow: 0 6px 12px rgba(0,0,0, 0.5); }\n        .clima-header-uai112 { background: #1a1a1a; } .clima-body-uai112 { background: #121212; }\n        .clima-destaque-uai112 .clima-header-uai112 { background: var(--cor-secundaria); }\n        .clima-destaque-uai112 .clima-header-uai112 .clima-titulo-uai112 { color: var(--cor-txt-secundaria) !important; }\n        .clima-titulo-uai112 { color: #63b2e8; } .clima-mes-uai112 { color: #63b2e8; } .clima-temp-uai112 { color: #63b2e8; } .clima-desc-uai112 { color: #cccccc; } .clima-desc-uai112 strong { color: #ffffff; }\n        .clima-pill-uai112 { background: #014f7d; color: #ffffff; box-shadow: 0 4px 8px rgba(0, 0, 0, 0.5); }\n        .clima-destaque-uai112 .clima-pill-uai112 { background: #013859; color: #ffffff; border-color: #63b2e8; }\n    }\n<\/style>\n<div class=\"google-auto-ads-ignore clima-grid-uai112\" style=\"box-sizing: border-box; width: 100%; max-width: 980px; margin: 30px auto; font-family: 'Segoe UI', Roboto, Helvetica, Arial, sans-serif;\">\n    <div class=\"clima-card-uai112 clima-destaque-uai112\" tabindex=\"0\">\n        <div class=\"clima-header-uai112\"><div class=\"clima-emoji-uai112\" aria-hidden=\"true\">\u26f5<\/div><div class=\"clima-titulo-uai112\">Ver\u00e3o<\/div><\/div>\n        <div class=\"clima-body-uai112\">\n            <time class=\"clima-mes-uai112\">Dezembro a fevereiro<\/time><div class=\"clima-temp-uai112\">25\u00b0C a 32\u00b0C<\/div>\n            <div class=\"clima-desc-uai112\">A melhor \u00e9poca! As chuvas escassas garantem as \u00e1guas mais cristalinas e quentes para os passeios de <strong>jangadas at\u00e9 as famosas piscinas naturais<\/strong>.<\/div>\n            <div class=\"clima-pill-uai112\"><span>\u2b50 Melhor \u00c9poca \/ Seco<\/span><\/div>\n        <\/div>\n    <\/div>\n    <div class=\"clima-card-uai112\" tabindex=\"0\">\n        <div class=\"clima-header-uai112\"><div class=\"clima-emoji-uai112\" aria-hidden=\"true\">\ud83c\udfdb\ufe0f<\/div><div class=\"clima-titulo-uai112\">Outono<\/div><\/div>\n        <div class=\"clima-body-uai112\">\n            <time class=\"clima-mes-uai112\">Mar\u00e7o a maio<\/time><div class=\"clima-temp-uai112\">23\u00b0C a 30\u00b0C<\/div>\n            <div class=\"clima-desc-uai112\">As nuvens invadem Alagoas e as chuvas crescem vertiginosamente. Deixe a praia de lado para focar no <strong>Pontal da Barra e nos belos museus<\/strong>.<\/div>\n            <div class=\"clima-pill-uai112\"><span>\u2614 Chuva Alta<\/span><\/div>\n        <\/div>\n    <\/div>\n    <div class=\"clima-card-uai112\" tabindex=\"0\">\n        <div class=\"clima-header-uai112\"><div class=\"clima-emoji-uai112\" aria-hidden=\"true\">\ud83c\udf64<\/div><div class=\"clima-titulo-uai112\">Inverno<\/div><\/div>\n        <div class=\"clima-body-uai112\">\n            <time class=\"clima-mes-uai112\">Junho a agosto<\/time><div class=\"clima-temp-uai112\">22\u00b0C a 28\u00b0C<\/div>\n            <div class=\"clima-desc-uai112\">As intensas chuvas ainda marcam a regi\u00e3o junto com ventos \u00famidos do litoral. Cen\u00e1rio ideal para as riquezas da <strong>Lagoa Munda\u00fa e farta gastronomia<\/strong>.<\/div>\n            <div class=\"clima-pill-uai112\"><span>\u2614 Chuva Alta<\/span><\/div>\n        <\/div>\n    <\/div>\n    <div class=\"clima-card-uai112\" tabindex=\"0\">\n        <div class=\"clima-header-uai112\"><div class=\"clima-emoji-uai112\" aria-hidden=\"true\">\ud83c\udfd6\ufe0f<\/div><div class=\"clima-titulo-uai112\">Primavera<\/div><\/div>\n        <div class=\"clima-body-uai112\">\n            <time class=\"clima-mes-uai112\">Setembro a novembro<\/time><div class=\"clima-temp-uai112\">24\u00b0C a 31\u00b0C<\/div>\n            <div class=\"clima-desc-uai112\">A seca volta a dominar e limpar o c\u00e9u de Macei\u00f3. Aproveite o momento antes das f\u00e9rias para os <strong>passeios n\u00e1uticos nas praias menos cheias<\/strong>.<\/div>\n            <div class=\"clima-pill-uai112\"><span>\ud83c\udf24\ufe0f Chuva Baixa<\/span><\/div>\n        <\/div>\n    <\/div>\n<\/div>\n\n\n\n<p><em>Temperaturas aproximadas com base no <a href=\"https:\/\/www.climatempo.com.br\/previsao-do-tempo\/cidade\/8\/maceio-al\" target=\"_blank\" rel=\"noreferrer noopener\"><strong>Climatempo<\/strong><\/a>. Condi\u00e7\u00f5es podem variar.<\/em><\/p>\n\n\n\n<h2 class=\"wp-block-heading\">Conhe\u00e7a o Caribe brasileiro<\/h2>\n\n\n\n<p>Poucas capitais do pa\u00eds oferecem piscinas naturais a poucos metros da orla, sururu como ritual di\u00e1rio e a chancela de melhor cidade do Brasil em uma \u00fanica visita. A capital alagoana transformou o passeio de jangada em rotina e o mar verde-esmeralda em paisagem cotidiana.<\/p>\n\n\n\n<p>Voc\u00ea precisa pisar na areia de Paju\u00e7ara e entender por que tanta gente chega para uma semana e volta para ficar.<\/p>\n","protected":false},"excerpt":{"rendered":"<p>O segredo aparece antes de o avi\u00e3o pousar. Em Macei\u00f3, capital de Alagoas, uma barreira de corais a poucos metros da costa quebra a for\u00e7a das ondas e cria piscinas naturais acess\u00edveis de jangada. A cidade foi eleita a melhor do Brasil em 2025 pela Revista Viagem e Turismo. Por que o mar de Macei\u00f3 [&hellip;]<\/p>\n","protected":false},"author":14,"featured_media":128072,"comment_status":"open","ping_status":"open","sticky":false,"template":"","format":"standard","meta":{"jnews-multi-image_gallery":[],"jnews_single_post":{"format":"standard"},"jnews_primary_category":[],"jnews_social_meta":[],"jnews_override_counter":[],"footnotes":""},"categories":[210],"tags":[1661,234,3258],"class_list":["post-127701","post","type-post","status-publish","format-standard","has-post-thumbnail","hentry","category-cidades","tag-alagoas","tag-cidades","tag-maceio"],"yoast_head":"<!-- This site is optimized with the Yoast SEO plugin v26.5 - https:\/\/yoast.com\/wordpress\/plugins\/seo\/ -->\n<title>A capital nordestina com praias urbanas onde o mar \u00e9 t\u00e3o calmo que parece lagoa e as piscinas naturais ficam a poucos metros da areia - UAI Not\u00edcias<\/title>\n<meta name=\"description\" content=\"Com piscinas naturais acess\u00edveis e mar de lagoa, esta capital no Nordeste oferece uma das orlas mais bonitas do Brasil. Veja detalhes.\" \/>\n<meta name=\"robots\" content=\"index, follow, max-snippet:-1, max-image-preview:large, max-video-preview:-1\" \/>\n<link rel=\"canonical\" href=\"https:\/\/www.uai.com.br\/uainoticias\/2026\/04\/28\/a-capital-nordestina-com-praias-urbanas-onde-o-mar-e-tao-calmo-que-parece-lagoa-e-as-piscinas-naturais-ficam-a-poucos-metros-da-areia\/\" \/>\n<meta property=\"og:locale\" content=\"pt_BR\" \/>\n<meta property=\"og:type\" content=\"article\" \/>\n<meta property=\"og:title\" content=\"A capital nordestina com praias urbanas onde o mar \u00e9 t\u00e3o calmo que parece lagoa e as piscinas naturais ficam a poucos metros da areia - UAI Not\u00edcias\" \/>\n<meta property=\"og:description\" content=\"Com piscinas naturais acess\u00edveis e mar de lagoa, esta capital no Nordeste oferece uma das orlas mais bonitas do Brasil. Veja detalhes.\" \/>\n<meta property=\"og:url\" content=\"https:\/\/www.uai.com.br\/uainoticias\/2026\/04\/28\/a-capital-nordestina-com-praias-urbanas-onde-o-mar-e-tao-calmo-que-parece-lagoa-e-as-piscinas-naturais-ficam-a-poucos-metros-da-areia\/\" \/>\n<meta property=\"og:site_name\" content=\"UAI Not\u00edcias\" \/>\n<meta property=\"article:published_time\" content=\"2026-04-29T02:45:00+00:00\" \/>\n<meta property=\"og:image\" content=\"https:\/\/www.uai.com.br\/uainoticias\/wp-content\/uploads\/2026\/04\/Woman_sitting_in_202604280525.jpg\" \/>\n\t<meta property=\"og:image:width\" content=\"1280\" \/>\n\t<meta property=\"og:image:height\" content=\"720\" \/>\n\t<meta property=\"og:image:type\" content=\"image\/jpeg\" \/>\n<meta name=\"author\" content=\"Vitor Bruno\" \/>\n<meta name=\"twitter:card\" content=\"summary_large_image\" \/>\n<meta name=\"twitter:label1\" content=\"Escrito por\" \/>\n\t<meta name=\"twitter:data1\" content=\"Vitor Bruno\" \/>\n\t<meta name=\"twitter:label2\" content=\"Est. tempo de leitura\" \/>\n\t<meta name=\"twitter:data2\" content=\"6 minutos\" \/>\n<!-- \/ Yoast SEO plugin. -->","yoast_head_json":{"title":"A capital nordestina com praias urbanas onde o mar \u00e9 t\u00e3o calmo que parece lagoa e as piscinas naturais ficam a poucos metros da areia - UAI Not\u00edcias","description":"Com piscinas naturais acess\u00edveis e mar de lagoa, esta capital no Nordeste oferece uma das orlas mais bonitas do Brasil. Veja detalhes.","robots":{"index":"index","follow":"follow","max-snippet":"max-snippet:-1","max-image-preview":"max-image-preview:large","max-video-preview":"max-video-preview:-1"},"canonical":"https:\/\/www.uai.com.br\/uainoticias\/2026\/04\/28\/a-capital-nordestina-com-praias-urbanas-onde-o-mar-e-tao-calmo-que-parece-lagoa-e-as-piscinas-naturais-ficam-a-poucos-metros-da-areia\/","og_locale":"pt_BR","og_type":"article","og_title":"A capital nordestina com praias urbanas onde o mar \u00e9 t\u00e3o calmo que parece lagoa e as piscinas naturais ficam a poucos metros da areia - UAI Not\u00edcias","og_description":"Com piscinas naturais acess\u00edveis e mar de lagoa, esta capital no Nordeste oferece uma das orlas mais bonitas do Brasil. Veja detalhes.","og_url":"https:\/\/www.uai.com.br\/uainoticias\/2026\/04\/28\/a-capital-nordestina-com-praias-urbanas-onde-o-mar-e-tao-calmo-que-parece-lagoa-e-as-piscinas-naturais-ficam-a-poucos-metros-da-areia\/","og_site_name":"UAI Not\u00edcias","article_published_time":"2026-04-29T02:45:00+00:00","og_image":[{"width":1280,"height":720,"url":"https:\/\/www.uai.com.br\/uainoticias\/wp-content\/uploads\/2026\/04\/Woman_sitting_in_202604280525.jpg","type":"image\/jpeg"}],"author":"Vitor Bruno","twitter_card":"summary_large_image","twitter_misc":{"Escrito por":"Vitor Bruno","Est. tempo de leitura":"6 minutos"},"schema":{"@context":"https:\/\/schema.org","@graph":[{"@type":"WebPage","@id":"https:\/\/www.uai.com.br\/uainoticias\/2026\/04\/28\/a-capital-nordestina-com-praias-urbanas-onde-o-mar-e-tao-calmo-que-parece-lagoa-e-as-piscinas-naturais-ficam-a-poucos-metros-da-areia\/","url":"https:\/\/www.uai.com.br\/uainoticias\/2026\/04\/28\/a-capital-nordestina-com-praias-urbanas-onde-o-mar-e-tao-calmo-que-parece-lagoa-e-as-piscinas-naturais-ficam-a-poucos-metros-da-areia\/","name":"A capital nordestina com praias urbanas onde o mar \u00e9 t\u00e3o calmo que parece lagoa e as piscinas naturais ficam a poucos metros da areia - UAI Not\u00edcias","isPartOf":{"@id":"https:\/\/www.uai.com.br\/uainoticias\/#website"},"primaryImageOfPage":{"@id":"https:\/\/www.uai.com.br\/uainoticias\/2026\/04\/28\/a-capital-nordestina-com-praias-urbanas-onde-o-mar-e-tao-calmo-que-parece-lagoa-e-as-piscinas-naturais-ficam-a-poucos-metros-da-areia\/#primaryimage"},"image":{"@id":"https:\/\/www.uai.com.br\/uainoticias\/2026\/04\/28\/a-capital-nordestina-com-praias-urbanas-onde-o-mar-e-tao-calmo-que-parece-lagoa-e-as-piscinas-naturais-ficam-a-poucos-metros-da-areia\/#primaryimage"},"thumbnailUrl":"https:\/\/www.uai.com.br\/uainoticias\/wp-content\/uploads\/2026\/04\/Woman_sitting_in_202604280525.jpg","datePublished":"2026-04-29T02:45:00+00:00","author":{"@id":"https:\/\/www.uai.com.br\/uainoticias\/#\/schema\/person\/03130d752d0ce4e3bb0f607f1bc85084"},"description":"Com piscinas naturais acess\u00edveis e mar de lagoa, esta capital no Nordeste oferece uma das orlas mais bonitas do Brasil. Veja detalhes.","breadcrumb":{"@id":"https:\/\/www.uai.com.br\/uainoticias\/2026\/04\/28\/a-capital-nordestina-com-praias-urbanas-onde-o-mar-e-tao-calmo-que-parece-lagoa-e-as-piscinas-naturais-ficam-a-poucos-metros-da-areia\/#breadcrumb"},"inLanguage":"pt-BR","potentialAction":[{"@type":"ReadAction","target":["https:\/\/www.uai.com.br\/uainoticias\/2026\/04\/28\/a-capital-nordestina-com-praias-urbanas-onde-o-mar-e-tao-calmo-que-parece-lagoa-e-as-piscinas-naturais-ficam-a-poucos-metros-da-areia\/"]}]},{"@type":"ImageObject","inLanguage":"pt-BR","@id":"https:\/\/www.uai.com.br\/uainoticias\/2026\/04\/28\/a-capital-nordestina-com-praias-urbanas-onde-o-mar-e-tao-calmo-que-parece-lagoa-e-as-piscinas-naturais-ficam-a-poucos-metros-da-areia\/#primaryimage","url":"https:\/\/www.uai.com.br\/uainoticias\/wp-content\/uploads\/2026\/04\/Woman_sitting_in_202604280525.jpg","contentUrl":"https:\/\/www.uai.com.br\/uainoticias\/wp-content\/uploads\/2026\/04\/Woman_sitting_in_202604280525.jpg","width":1280,"height":720,"caption":"A capital nordestina com praias urbanas onde o mar \u00e9 t\u00e3o calmo que parece lagoa e as piscinas naturais ficam a poucos metros da areia \/\/ IMAGEM ILUSTRATIVA"},{"@type":"BreadcrumbList","@id":"https:\/\/www.uai.com.br\/uainoticias\/2026\/04\/28\/a-capital-nordestina-com-praias-urbanas-onde-o-mar-e-tao-calmo-que-parece-lagoa-e-as-piscinas-naturais-ficam-a-poucos-metros-da-areia\/#breadcrumb","itemListElement":[{"@type":"ListItem","position":1,"name":"In\u00edcio","item":"https:\/\/www.uai.com.br\/uainoticias\/"},{"@type":"ListItem","position":2,"name":"A capital nordestina com praias urbanas onde o mar \u00e9 t\u00e3o calmo que parece lagoa e as piscinas naturais ficam a poucos metros da areia"}]},{"@type":"WebSite","@id":"https:\/\/www.uai.com.br\/uainoticias\/#website","url":"https:\/\/www.uai.com.br\/uainoticias\/","name":"UAI Not\u00edcias","description":"Acompanhe as \u00faltimas not\u00edcias e fique bem informado sobre tudo o que acontece no Brasil e no mundo.","potentialAction":[{"@type":"SearchAction","target":{"@type":"EntryPoint","urlTemplate":"https:\/\/www.uai.com.br\/uainoticias\/?s={search_term_string}"},"query-input":{"@type":"PropertyValueSpecification","valueRequired":true,"valueName":"search_term_string"}}],"inLanguage":"pt-BR"},{"@type":"Person","@id":"https:\/\/www.uai.com.br\/uainoticias\/#\/schema\/person\/03130d752d0ce4e3bb0f607f1bc85084","name":"Vitor Bruno","image":{"@type":"ImageObject","inLanguage":"pt-BR","@id":"https:\/\/www.uai.com.br\/uainoticias\/#\/schema\/person\/image\/","url":"https:\/\/secure.gravatar.com\/avatar\/ab0513148053bbb80c117cdd35f8a0f2742d41eebbac321acf8df2e633d81609?s=96&d=mm&r=g","contentUrl":"https:\/\/secure.gravatar.com\/avatar\/ab0513148053bbb80c117cdd35f8a0f2742d41eebbac321acf8df2e633d81609?s=96&d=mm&r=g","caption":"Vitor Bruno"},"sameAs":["https:\/\/www.uai.com.br\/uainoticias\/"],"url":"https:\/\/www.uai.com.br\/uainoticias\/author\/vitor\/"}]}},"_links":{"self":[{"href":"https:\/\/www.uai.com.br\/uainoticias\/wp-json\/wp\/v2\/posts\/127701","targetHints":{"allow":["GET"]}}],"collection":[{"href":"https:\/\/www.uai.com.br\/uainoticias\/wp-json\/wp\/v2\/posts"}],"about":[{"href":"https:\/\/www.uai.com.br\/uainoticias\/wp-json\/wp\/v2\/types\/post"}],"author":[{"embeddable":true,"href":"https:\/\/www.uai.com.br\/uainoticias\/wp-json\/wp\/v2\/users\/14"}],"replies":[{"embeddable":true,"href":"https:\/\/www.uai.com.br\/uainoticias\/wp-json\/wp\/v2\/comments?post=127701"}],"version-history":[{"count":7,"href":"https:\/\/www.uai.com.br\/uainoticias\/wp-json\/wp\/v2\/posts\/127701\/revisions"}],"predecessor-version":[{"id":128073,"href":"https:\/\/www.uai.com.br\/uainoticias\/wp-json\/wp\/v2\/posts\/127701\/revisions\/128073"}],"wp:featuredmedia":[{"embeddable":true,"href":"https:\/\/www.uai.com.br\/uainoticias\/wp-json\/wp\/v2\/media\/128072"}],"wp:attachment":[{"href":"https:\/\/www.uai.com.br\/uainoticias\/wp-json\/wp\/v2\/media?parent=127701"}],"wp:term":[{"taxonomy":"category","embeddable":true,"href":"https:\/\/www.uai.com.br\/uainoticias\/wp-json\/wp\/v2\/categories?post=127701"},{"taxonomy":"post_tag","embeddable":true,"href":"https:\/\/www.uai.com.br\/uainoticias\/wp-json\/wp\/v2\/tags?post=127701"}],"curies":[{"name":"wp","href":"https:\/\/api.w.org\/{rel}","templated":true}]}}