{"id":127700,"date":"2026-04-28T23:15:00","date_gmt":"2026-04-29T02:15:00","guid":{"rendered":"https:\/\/www.uai.com.br\/uainoticias\/?p=127700"},"modified":"2026-04-28T05:25:11","modified_gmt":"2026-04-28T08:25:11","slug":"fundada-por-um-ex-ministro-austriaco-em-1933-a-unica-cidade-brasileira-onde-60-dos-moradores-tem-dupla-cidadania-europeia","status":"publish","type":"post","link":"https:\/\/www.uai.com.br\/uainoticias\/2026\/04\/28\/fundada-por-um-ex-ministro-austriaco-em-1933-a-unica-cidade-brasileira-onde-60-dos-moradores-tem-dupla-cidadania-europeia\/","title":{"rendered":"Fundada por um ex-ministro austr\u00edaco em 1933: a \u00fanica cidade brasileira onde 60% dos moradores t\u00eam dupla cidadania europeia"},"content":{"rendered":"\n<p>A 796 metros de altitude no Meio-Oeste de <strong>Santa Catarina<\/strong>, <strong>Treze T\u00edlias<\/strong> nasceu da travessia de 85 imigrantes a bordo do navio Principessa Maria. Os tiroleses desembarcaram em 13 de outubro daquele ano e fundaram, no interior catarinense, a \u00fanica col\u00f4nia austr\u00edaca planejada por um ministro de Estado.<\/p>\n\n\n\n<h2 class=\"wp-block-heading\">A hist\u00f3ria que come\u00e7ou dentro de um navio<\/h2>\n\n\n\n<p>O fundador era <strong>Andreas Thaler<\/strong>, ex-ministro da Agricultura da <strong>\u00c1ustria<\/strong>. Ele liderou pessoalmente a travessia para escapar da crise econ\u00f4mica do p\u00f3s-Primeira Guerra e batizou a col\u00f4nia de Dreizehnlinden, inspirado no poema \u00e9pico do austr\u00edaco <strong>Friedrich Wilhelm Weber<\/strong>, que exaltava a t\u00edlia. A tradu\u00e7\u00e3o para o portugu\u00eas deu nome definitivo ao munic\u00edpio.<\/p>\n\n\n\n<p>Entre 1933 e 1937, mais de 780 imigrantes vindos do Tirol, Vorarlberg, Salzburgo e Alta \u00c1ustria desembarcaram no <strong>Vale do Rio do Peixe<\/strong>. A Banda dos Tiroleses foi criada ainda dentro do Principessa Maria e n\u00e3o interrompeu as atividades nem nos meses mais dif\u00edceis da col\u00f4nia. Em outubro de 2026, completa 93 anos de exist\u00eancia.<\/p>\n\n\n<div class=\"wp-block-image\">\n<figure class=\"aligncenter size-large\"><img decoding=\"async\" width=\"1024\" height=\"576\" src=\"https:\/\/www.uai.com.br\/uainoticias\/wp-content\/uploads\/2026\/03\/Treze-Tilias-1024x576.jpg\" alt=\"\" class=\"wp-image-114899\" srcset=\"https:\/\/www.uai.com.br\/uainoticias\/wp-content\/uploads\/2026\/03\/Treze-Tilias-1024x576.jpg 1024w, https:\/\/www.uai.com.br\/uainoticias\/wp-content\/uploads\/2026\/03\/Treze-Tilias-300x169.jpg 300w, https:\/\/www.uai.com.br\/uainoticias\/wp-content\/uploads\/2026\/03\/Treze-Tilias-768x432.jpg 768w, https:\/\/www.uai.com.br\/uainoticias\/wp-content\/uploads\/2026\/03\/Treze-Tilias-750x422.jpg 750w, https:\/\/www.uai.com.br\/uainoticias\/wp-content\/uploads\/2026\/03\/Treze-Tilias-1140x641.jpg 1140w, https:\/\/www.uai.com.br\/uainoticias\/wp-content\/uploads\/2026\/03\/Treze-Tilias.jpg 1280w\" sizes=\"(max-width: 1024px) 100vw, 1024px\" \/><figcaption class=\"wp-element-caption\">Treze T\u00edlias, Santa Catarina \/\/ Cr\u00e9ditos: Wikipedia \/ Wikimedia Commons<\/figcaption><\/figure><\/div>\n\n\n<h2 class=\"wp-block-heading\">Por que tantos moradores t\u00eam passaporte austr\u00edaco<\/h2>\n\n\n\n<p>O v\u00ednculo com a Europa nunca se rompeu. Desde o final da d\u00e9cada de 1970, a cidade abriga um <a href=\"https:\/\/www.gazetadopovo.com.br\/santa-catarina\/a-cidade-brasileira-que-guarda-um-pedaco-da-europa-no-brasil\/\" target=\"_blank\" rel=\"noreferrer noopener\"><strong>Consulado Honor\u00e1rio da \u00c1ustria<\/strong><\/a>, que emite passaportes, processa vistos e orienta descendentes na obten\u00e7\u00e3o da cidadania europeia. Cerca de 60% dos habitantes hoje t\u00eam dupla cidadania, segundo registros do consulado e da Prefeitura.<\/p>\n\n\n\n<p>A heran\u00e7a aparece nas conversas das ruas. O dialeto tirol\u00eas ainda \u00e9 falado pelos moradores mais antigos, e a arquitetura alpina \u00e9 protegida por uma cartilha municipal que orienta novas constru\u00e7\u00f5es. Casas de telhados \u00edngremes, varandas de ger\u00e2nios e fachadas de madeira trabalhada n\u00e3o s\u00e3o cen\u00e1rio, s\u00e3o lei local.<\/p>\n\n\n<div class=\"wp-block-image\">\n<figure class=\"aligncenter size-large\"><img decoding=\"async\" width=\"1024\" height=\"576\" src=\"https:\/\/www.uai.com.br\/uainoticias\/wp-content\/uploads\/2026\/03\/Treze-Tilias2-1024x576.jpg\" alt=\"\" class=\"wp-image-114900\" srcset=\"https:\/\/www.uai.com.br\/uainoticias\/wp-content\/uploads\/2026\/03\/Treze-Tilias2-1024x576.jpg 1024w, https:\/\/www.uai.com.br\/uainoticias\/wp-content\/uploads\/2026\/03\/Treze-Tilias2-300x169.jpg 300w, https:\/\/www.uai.com.br\/uainoticias\/wp-content\/uploads\/2026\/03\/Treze-Tilias2-768x432.jpg 768w, https:\/\/www.uai.com.br\/uainoticias\/wp-content\/uploads\/2026\/03\/Treze-Tilias2-750x422.jpg 750w, https:\/\/www.uai.com.br\/uainoticias\/wp-content\/uploads\/2026\/03\/Treze-Tilias2-1140x641.jpg 1140w, https:\/\/www.uai.com.br\/uainoticias\/wp-content\/uploads\/2026\/03\/Treze-Tilias2.jpg 1280w\" sizes=\"(max-width: 1024px) 100vw, 1024px\" \/><figcaption class=\"wp-element-caption\">Treze T\u00edlias, Santa Catarina \/\/ Cr\u00e9ditos: Wikipedia \/ Wikimedia Commons<\/figcaption><\/figure><\/div>\n\n\n<p><strong>Leia tamb\u00e9m: <a href=\"https:\/\/www.uai.com.br\/uainoticias\/2026\/04\/25\/essa-cidade-nordestina-esta-em-alta-447-mais-estrangeiros-escolheram-esse-paraiso-de-mar-morno-e-brisa-perfeita\/\" target=\"_blank\" rel=\"noreferrer noopener\">Essa cidade nordestina est\u00e1 em alta: 44,7% mais estrangeiros escolheram esse para\u00edso de mar morno e brisa perfeita<\/a><\/strong><\/p>\n\n\n\n<h2 class=\"wp-block-heading\">O que visitar e onde comer pratos vindos dos Alpes<\/h2>\n\n\n\n<p>A maioria das atra\u00e7\u00f5es fica concentrada no centro hist\u00f3rico ou a poucos minutos de carro. Veja os pontos essenciais:<\/p>\n\n\n\n<ul class=\"wp-block-list\">\n<li><strong>Museu Municipal Andreas Thaler<\/strong>: o Castelinho, constru\u00eddo em 1936 pelo arquiteto Bruno Kracher inspirado na Escola Agr\u00edcola de Rotholz, no Tirol austr\u00edaco. Tombado pela Funda\u00e7\u00e3o Catarinense de Cultura, guarda mob\u00edlia original da fam\u00edlia Thaler.<\/li>\n\n\n\n<li><a href=\"https:\/\/www.trezetilias.com.br\/eventos\" target=\"_blank\" rel=\"noreferrer noopener\"><strong>Pra\u00e7a Ministro Andreas Thaler<\/strong><\/a>: jardim em desn\u00edvel entre a igreja e a prefeitura, com chafariz em cascata e monumento ao fundador.<\/li>\n\n\n\n<li><strong>Igreja Matriz Nossa Senhora do Perp\u00e9tuo Socorro<\/strong>: santos, bancos e portas entalhados \u00e0 m\u00e3o pelos artes\u00e3os da cidade.<\/li>\n\n\n\n<li><strong>Parque Lindendorf<\/strong>: complexo de 45 mil m\u00b2 com minicidade que reproduz Treze T\u00edlias em maquete detalhada, lago e restaurante de comida t\u00edpica.<\/li>\n\n\n\n<li><strong>Parque Aqu\u00e1tico \u00c1guas Tirolesas<\/strong>: sete piscinas externas abastecidas por fonte termal, com temperatura m\u00e9dia de 32 \u00b0C na sa\u00edda do po\u00e7o.<\/li>\n\n\n\n<li><strong>Ateli\u00eas de escultura em madeira<\/strong>: mais de 20 oficinas abertas \u00e0 visita\u00e7\u00e3o. A tradi\u00e7\u00e3o rendeu \u00e0 cidade o t\u00edtulo oficial de Capital Catarinense dos Escultores e Esculturas em Madeira.<\/li>\n<\/ul>\n\n\n\n<p>A culin\u00e1ria segue receitas alpinas transmitidas por gera\u00e7\u00f5es, servida em cerca de 25 estabelecimentos t\u00edpicos:<\/p>\n\n\n\n<ul class=\"wp-block-list\">\n<li><strong>Schnitzel<\/strong>: bife de porco empanado, prato mais pedido da cidade.<\/li>\n\n\n\n<li><strong>Kn\u00f6del<\/strong>: bolinho de p\u00e3o cozido, acompanhamento cl\u00e1ssico das mesas tirolesas.<\/li>\n\n\n\n<li><strong>Goulash<\/strong>: ensopado de carne com p\u00e1prica de origem austro-h\u00fangara.<\/li>\n\n\n\n<li><strong>Apfelstrudel<\/strong>: torta de ma\u00e7\u00e3 servida quente, com nata ou sorvete.<\/li>\n\n\n\n<li><strong>Cervejas artesanais<\/strong>: cervejarias locais como Lindenbier, Bierbaum e Pubi Bier produzem r\u00f3tulos de inspira\u00e7\u00e3o europeia.<\/li>\n<\/ul>\n\n\n\n<p>Quem busca conhecer a cidade mais austr\u00edaca do <strong>Brasil<\/strong>, vai curtir esse v\u00eddeo especialmente selecionado do canal <strong>Praia ou Serra<\/strong>, que conta com mais de <strong>379 mil<\/strong> visualiza\u00e7\u00f5es, onde os apresentadores mostram as belezas e tradi\u00e7\u00f5es de <strong>Treze T\u00edlias<\/strong>, em <strong>Santa Catarina<\/strong>:<\/p>\n\n\n\n<figure class=\"wp-block-embed is-type-video is-provider-youtube wp-block-embed-youtube wp-embed-aspect-16-9 wp-has-aspect-ratio\"><div class=\"wp-block-embed__wrapper\">\n<div class=\"jeg_video_container jeg_video_content\"><iframe loading=\"lazy\" title=\"VOC\u00ca N\u00c3O VAI ACREDITAR QUE EXISTE UMA CIDADE ASSIM NO BRASIL\" width=\"500\" height=\"281\" src=\"https:\/\/www.youtube.com\/embed\/1xwkdneb_yg?feature=oembed\" frameborder=\"0\" allow=\"accelerometer; autoplay; clipboard-write; encrypted-media; gyroscope; picture-in-picture; web-share\" referrerpolicy=\"strict-origin-when-cross-origin\" allowfullscreen><\/iframe><\/div>\n<\/div><\/figure>\n\n\n\n<h2 class=\"wp-block-heading\">Tirolerfest e a festa que celebra a imigra\u00e7\u00e3o desde 1934<\/h2>\n\n\n\n<p>\u00c9 o evento mais aguardado do calend\u00e1rio. A <a href=\"https:\/\/tirolerfest.com.br\/\" target=\"_blank\" rel=\"noreferrer noopener\"><strong>Tirolerfest<\/strong><\/a> acontece todo m\u00eas de outubro com entrada gratuita, dan\u00e7as folcl\u00f3ricas, desfile hist\u00f3rico, pratos t\u00edpicos e barris de chopp servidos em Bierwagens decorados.<\/p>\n\n\n\n<p>A 92\u00aa edi\u00e7\u00e3o foi realizada de 10 a 13 de outubro de 2025, no Sal\u00e3o Paroquial ao lado da Igreja Matriz. Cinco grupos de dan\u00e7a folcl\u00f3rica austr\u00edaca, cinco corais e a Banda dos Tiroleses se revezam nos palcos. O reconhecimento internacional veio tamb\u00e9m pela organiza\u00e7\u00e3o holandesa Green Destinations, que coloca Treze T\u00edlias em sua lista de destinos sustent\u00e1veis.<\/p>\n\n\n\n<h2 class=\"wp-block-heading\">Quando ir e como o clima muda em cada esta\u00e7\u00e3o<\/h2>\n\n\n\n<p>O clima subtropical de altitude produz invernos rigorosos para os padr\u00f5es brasileiros e ver\u00f5es amenos. Veja como planejar a viagem:<\/p>\n\n\n\n<style>\n    .clima-grid-uai111 { \n        --cor-primaria: #0278c0; --cor-secundaria: #ffd31a; --cor-txt-secundaria: #0278c0;\n        display: grid; grid-template-columns: repeat(auto-fit, minmax(190px, 1fr)); gap: 15px; justify-content: center; padding: 10px;\n    }\n    .clima-card-uai111 { border: 5px solid var(--cor-primaria); border-top: 5px solid var(--cor-secundaria); border-radius: 12px; background-color: var(--cor-primaria); background-clip: padding-box; display: flex; flex-direction: column; overflow: hidden; cursor: pointer; box-shadow: 0 6px 12px rgba(0,0,0, 0.2); transition: transform 0.2s ease, box-shadow 0.2s ease; -webkit-tap-highlight-color: transparent; user-select: none; transform: translateZ(0); animation: wmFadeIn 0.6s cubic-bezier(0.2, 0.8, 0.2, 1) backwards; }\n    .clima-card-uai111:focus-visible { outline: 3px dashed var(--cor-secundaria); outline-offset: 4px; }\n    .clima-card-uai111:nth-child(1) { animation-delay: 0.1s; } .clima-card-uai111:nth-child(2) { animation-delay: 0.2s; } .clima-card-uai111:nth-child(3) { animation-delay: 0.3s; } .clima-card-uai111:nth-child(4) { animation-delay: 0.4s; }\n    @keyframes wmFadeIn { from { opacity: 0; transform: translateY(30px); } to { opacity: 1; transform: translateY(0); } }\n    .clima-card-uai111:hover { transform: translateY(-5px); box-shadow: 0 15px 30px rgba(0,0,0, 0.3); }\n    .clima-card-uai111:active { transform: translateY(-1px) scale(0.97); box-shadow: 0 3px 6px rgba(0,0,0, 0.2); transition: transform 0.05s ease, box-shadow 0.05s ease; }\n    .clima-header-uai111 { background: #fdfbf5; padding: 15px 10px; text-align: center; display: flex; flex-direction: column; align-items: center; justify-content: center; }\n    .clima-body-uai111 { background: #ffffff; padding: 15px; display: flex; flex-direction: column; flex-grow: 1; align-items: center; }\n    .clima-destaque-uai111 { box-shadow: 0 8px 16px rgba(0,0,0, 0.25); }\n    .clima-destaque-uai111:hover { box-shadow: 0 18px 36px rgba(0,0,0, 0.35); }\n    .clima-destaque-uai111 .clima-header-uai111 { background: var(--cor-secundaria); }\n    .clima-destaque-uai111 .clima-header-uai111 .clima-titulo-uai111 { color: var(--cor-txt-secundaria) !important; } \n    .clima-pill-uai111 { display: flex; white-space: normal; max-width: 100%; box-sizing: border-box; justify-content: center; align-items: center; text-align: center; background: #e6f2fa; color: var(--cor-primaria); font-size: 11px; font-weight: 900 !important; letter-spacing: 0.5px; padding: 8px 16px; border-radius: 16px; text-transform: uppercase; line-height: 1.4; box-shadow: 0 4px 8px rgba(0,0,0, 0.15); margin-top: auto; transition: transform 0.2s ease; }\n    .clima-destaque-uai111 .clima-pill-uai111 { background: var(--cor-primaria); color: #ffffff; border: 1px solid #ffffff; } \n    .clima-card-uai111:hover .clima-pill-uai111 { transform: scale(1.06); }\n    .clima-pill-uai111 span { font-weight: 900 !important; color: inherit; } \n    .clima-emoji-uai111 { font-size: 24px; line-height: 1; margin-bottom: 5px; }\n    .clima-titulo-uai111 { color: var(--cor-primaria); font-size: 16px; text-transform: uppercase; margin-top: 5px; font-weight: bold; }\n    .clima-mes-uai111 { font-size: 11px; font-weight: 800; color: var(--cor-primaria); text-transform: uppercase; margin-bottom: 5px; display: block; }\n    .clima-temp-uai111 { font-size: 26px; font-weight: 900; color: var(--cor-primaria); margin-bottom: 10px; }\n    .clima-desc-uai111 { font-size: 13px; color: #444; text-align: center; line-height: 1.5; margin-bottom: 15px; flex-grow: 1;}\n    .clima-desc-uai111 strong { color: #111; }\n    @media (prefers-color-scheme: dark) {\n        .clima-card-uai111 { border-color: #014f7d; background-color: #014f7d; box-shadow: 0 6px 12px rgba(0,0,0, 0.5); }\n        .clima-header-uai111 { background: #1a1a1a; } .clima-body-uai111 { background: #121212; }\n        .clima-destaque-uai111 .clima-header-uai111 { background: var(--cor-secundaria); }\n        .clima-destaque-uai111 .clima-header-uai111 .clima-titulo-uai111 { color: var(--cor-txt-secundaria) !important; }\n        .clima-titulo-uai111 { color: #63b2e8; } .clima-mes-uai111 { color: #63b2e8; } .clima-temp-uai111 { color: #63b2e8; } .clima-desc-uai111 { color: #cccccc; } .clima-desc-uai111 strong { color: #ffffff; }\n        .clima-pill-uai111 { background: #014f7d; color: #ffffff; box-shadow: 0 4px 8px rgba(0, 0, 0, 0.5); }\n        .clima-destaque-uai111 .clima-pill-uai111 { background: #013859; color: #ffffff; border-color: #63b2e8; }\n    }\n<\/style>\n<div class=\"google-auto-ads-ignore clima-grid-uai111\" style=\"box-sizing: border-box; width: 100%; max-width: 980px; margin: 30px auto; font-family: 'Segoe UI', Roboto, Helvetica, Arial, sans-serif;\">\n    <div class=\"clima-card-uai111\" tabindex=\"0\">\n        <div class=\"clima-header-uai111\"><div class=\"clima-emoji-uai111\" aria-hidden=\"true\">\ud83d\udca6<\/div><div class=\"clima-titulo-uai111\">Ver\u00e3o<\/div><\/div>\n        <div class=\"clima-body-uai111\">\n            <time class=\"clima-mes-uai111\">Dezembro a fevereiro<\/time><div class=\"clima-temp-uai111\">15\u00b0C a 28\u00b0C<\/div>\n            <div class=\"clima-desc-uai111\">Apesar da altitude, as temperaturas e as chuvas sobem. O calor catarinense na \u00e9poca \u00e9 prop\u00edcio para <strong>trilhas e o imenso Parque aqu\u00e1tico<\/strong>.<\/div>\n            <div class=\"clima-pill-uai111\"><span>\u2614 Chuva Alta<\/span><\/div>\n        <\/div>\n    <\/div>\n    <div class=\"clima-card-uai111\" tabindex=\"0\">\n        <div class=\"clima-header-uai111\"><div class=\"clima-emoji-uai111\" aria-hidden=\"true\">\ud83c\udf7b<\/div><div class=\"clima-titulo-uai111\">Outono<\/div><\/div>\n        <div class=\"clima-body-uai111\">\n            <time class=\"clima-mes-uai111\">Mar\u00e7o a maio<\/time><div class=\"clima-temp-uai111\">10\u00b0C a 24\u00b0C<\/div>\n            <div class=\"clima-desc-uai111\">A t\u00edpica atmosfera austr\u00edaca come\u00e7a a se formar com a queda brusca na temperatura. Roteiro focado nos <strong>ateli\u00eas e cervejarias<\/strong>.<\/div>\n            <div class=\"clima-pill-uai111\"><span>\u2601\ufe0f Chuva M\u00e9dia<\/span><\/div>\n        <\/div>\n    <\/div>\n    <div class=\"clima-card-uai111\" tabindex=\"0\">\n        <div class=\"clima-header-uai111\"><div class=\"clima-emoji-uai111\" aria-hidden=\"true\">\ud83c\udf72<\/div><div class=\"clima-titulo-uai111\">Inverno<\/div><\/div>\n        <div class=\"clima-body-uai111\">\n            <time class=\"clima-mes-uai111\">Junho a agosto<\/time><div class=\"clima-temp-uai111\">2\u00b0C a 18\u00b0C<\/div>\n            <div class=\"clima-desc-uai111\">O rigor do inverno catarinense cria cen\u00e1rios g\u00e9lidos com noites pr\u00f3ximas a 0\u00b0C. Aproveite as raras chuvas para <strong>gastronomia t\u00edpica e museus<\/strong>.<\/div>\n            <div class=\"clima-pill-uai111\"><span>\ud83c\udf92 Chuva Baixa \/ Seco<\/span><\/div>\n        <\/div>\n    <\/div>\n    <div class=\"clima-card-uai111 clima-destaque-uai111\" tabindex=\"0\">\n        <div class=\"clima-header-uai111\"><div class=\"clima-emoji-uai111\" aria-hidden=\"true\">\ud83c\udf89<\/div><div class=\"clima-titulo-uai111\">Primavera<\/div><\/div>\n        <div class=\"clima-body-uai111\">\n            <time class=\"clima-mes-uai111\">Setembro a novembro<\/time><div class=\"clima-temp-uai111\">10\u00b0C a 25\u00b0C<\/div>\n            <div class=\"clima-desc-uai111\">O \u00e1pice cultural! As ruas s\u00e3o coloridas por <strong>jardins floridos<\/strong> e a cidade entra em \u00eaxtase em outubro com a bel\u00edssima <strong>Tirolerfest<\/strong>.<\/div>\n            <div class=\"clima-pill-uai111\"><span>\u2b50 Destaque \/ Tirolerfest<\/span><\/div>\n        <\/div>\n    <\/div>\n<\/div>\n\n\n\n<p><em>Temperaturas aproximadas com base no <a href=\"https:\/\/www.climatempo.com.br\/previsao-do-tempo\/cidade\/2619\/trezetilias-sc\" target=\"_blank\" rel=\"noreferrer noopener\"><strong>Climatempo<\/strong><\/a>. Condi\u00e7\u00f5es podem variar.<\/em><\/p>\n\n\n\n<h2 class=\"wp-block-heading\">Como chegar \u00e0 \u00c1ustria brasileira<\/h2>\n\n\n\n<p>A cidade fica a 425 km de <strong>Florian\u00f3polis<\/strong> e a 35 km de <strong>Joa\u00e7aba<\/strong>, com acesso pelas SC-303 e SC-454. O aeroporto comercial mais pr\u00f3ximo \u00e9 o de <strong>Chapec\u00f3<\/strong>, a cerca de 175 km, com voos regulares para S\u00e3o Paulo e outras capitais. De carro, o trajeto desde o litoral catarinense passa pela BR-470 at\u00e9 Campos Novos antes de seguir por estradas estaduais.<\/p>\n\n\n\n<h2 class=\"wp-block-heading\">Viva a \u00c1ustria sem cruzar o oceano<\/h2>\n\n\n\n<p>Treze T\u00edlias guarda em menos de 9 mil habitantes uma heran\u00e7a que muitas cidades grandes da Europa perderam. Arquitetura tombada, banda centen\u00e1ria, festa de quase um s\u00e9culo e ger\u00e2nios nas janelas formam um conjunto raro no mapa brasileiro.<\/p>\n\n\n\n<p>Voc\u00ea precisa subir a serra catarinense em outubro e descobrir como uma col\u00f4nia fundada por 85 pessoas se transformou no \u00fanico pedacinho de Tirol que se pode visitar de carro saindo de Florian\u00f3polis.<\/p>\n","protected":false},"excerpt":{"rendered":"<p>A 796 metros de altitude no Meio-Oeste de Santa Catarina, Treze T\u00edlias nasceu da travessia de 85 imigrantes a bordo do navio Principessa Maria. Os tiroleses desembarcaram em 13 de outubro daquele ano e fundaram, no interior catarinense, a \u00fanica col\u00f4nia austr\u00edaca planejada por um ministro de Estado. A hist\u00f3ria que come\u00e7ou dentro de um [&hellip;]<\/p>\n","protected":false},"author":14,"featured_media":128070,"comment_status":"open","ping_status":"open","sticky":false,"template":"","format":"standard","meta":{"jnews-multi-image_gallery":[],"jnews_single_post":{"format":"standard"},"jnews_primary_category":[],"jnews_social_meta":[],"jnews_override_counter":[],"footnotes":""},"categories":[210],"tags":[234,2611,21356],"class_list":["post-127700","post","type-post","status-publish","format-standard","has-post-thumbnail","hentry","category-cidades","tag-cidades","tag-santa-catarina","tag-treze-tilias"],"yoast_head":"<!-- This site is optimized with the Yoast SEO plugin v26.5 - https:\/\/yoast.com\/wordpress\/plugins\/seo\/ -->\n<title>Fundada por um ex-ministro austr\u00edaco em 1933: a \u00fanica cidade brasileira onde 60% dos moradores t\u00eam dupla cidadania europeia - UAI Not\u00edcias<\/title>\n<meta name=\"description\" content=\"Conhe\u00e7a a \u00fanica cidade do Brasil onde a maioria da popula\u00e7\u00e3o possui cidadania europeia. Um peda\u00e7o da \u00c1ustria em SC fundado em 1933.\" \/>\n<meta name=\"robots\" content=\"index, follow, max-snippet:-1, max-image-preview:large, max-video-preview:-1\" \/>\n<link rel=\"canonical\" href=\"https:\/\/www.uai.com.br\/uainoticias\/2026\/04\/28\/fundada-por-um-ex-ministro-austriaco-em-1933-a-unica-cidade-brasileira-onde-60-dos-moradores-tem-dupla-cidadania-europeia\/\" \/>\n<meta property=\"og:locale\" content=\"pt_BR\" \/>\n<meta property=\"og:type\" content=\"article\" \/>\n<meta property=\"og:title\" content=\"Fundada por um ex-ministro austr\u00edaco em 1933: a \u00fanica cidade brasileira onde 60% dos moradores t\u00eam dupla cidadania europeia - UAI Not\u00edcias\" \/>\n<meta property=\"og:description\" content=\"Conhe\u00e7a a \u00fanica cidade do Brasil onde a maioria da popula\u00e7\u00e3o possui cidadania europeia. Um peda\u00e7o da \u00c1ustria em SC fundado em 1933.\" \/>\n<meta property=\"og:url\" content=\"https:\/\/www.uai.com.br\/uainoticias\/2026\/04\/28\/fundada-por-um-ex-ministro-austriaco-em-1933-a-unica-cidade-brasileira-onde-60-dos-moradores-tem-dupla-cidadania-europeia\/\" \/>\n<meta property=\"og:site_name\" content=\"UAI Not\u00edcias\" \/>\n<meta property=\"article:published_time\" content=\"2026-04-29T02:15:00+00:00\" \/>\n<meta property=\"og:image\" content=\"https:\/\/www.uai.com.br\/uainoticias\/wp-content\/uploads\/2026\/04\/Alpine_village_in_202604280524.jpg\" \/>\n\t<meta property=\"og:image:width\" content=\"1280\" \/>\n\t<meta property=\"og:image:height\" content=\"720\" \/>\n\t<meta property=\"og:image:type\" content=\"image\/jpeg\" \/>\n<meta name=\"author\" content=\"Vitor Bruno\" \/>\n<meta name=\"twitter:card\" content=\"summary_large_image\" \/>\n<meta name=\"twitter:label1\" content=\"Escrito por\" \/>\n\t<meta name=\"twitter:data1\" content=\"Vitor Bruno\" \/>\n\t<meta name=\"twitter:label2\" content=\"Est. tempo de leitura\" \/>\n\t<meta name=\"twitter:data2\" content=\"7 minutos\" \/>\n<!-- \/ Yoast SEO plugin. -->","yoast_head_json":{"title":"Fundada por um ex-ministro austr\u00edaco em 1933: a \u00fanica cidade brasileira onde 60% dos moradores t\u00eam dupla cidadania europeia - UAI Not\u00edcias","description":"Conhe\u00e7a a \u00fanica cidade do Brasil onde a maioria da popula\u00e7\u00e3o possui cidadania europeia. Um peda\u00e7o da \u00c1ustria em SC fundado em 1933.","robots":{"index":"index","follow":"follow","max-snippet":"max-snippet:-1","max-image-preview":"max-image-preview:large","max-video-preview":"max-video-preview:-1"},"canonical":"https:\/\/www.uai.com.br\/uainoticias\/2026\/04\/28\/fundada-por-um-ex-ministro-austriaco-em-1933-a-unica-cidade-brasileira-onde-60-dos-moradores-tem-dupla-cidadania-europeia\/","og_locale":"pt_BR","og_type":"article","og_title":"Fundada por um ex-ministro austr\u00edaco em 1933: a \u00fanica cidade brasileira onde 60% dos moradores t\u00eam dupla cidadania europeia - UAI Not\u00edcias","og_description":"Conhe\u00e7a a \u00fanica cidade do Brasil onde a maioria da popula\u00e7\u00e3o possui cidadania europeia. Um peda\u00e7o da \u00c1ustria em SC fundado em 1933.","og_url":"https:\/\/www.uai.com.br\/uainoticias\/2026\/04\/28\/fundada-por-um-ex-ministro-austriaco-em-1933-a-unica-cidade-brasileira-onde-60-dos-moradores-tem-dupla-cidadania-europeia\/","og_site_name":"UAI Not\u00edcias","article_published_time":"2026-04-29T02:15:00+00:00","og_image":[{"width":1280,"height":720,"url":"https:\/\/www.uai.com.br\/uainoticias\/wp-content\/uploads\/2026\/04\/Alpine_village_in_202604280524.jpg","type":"image\/jpeg"}],"author":"Vitor Bruno","twitter_card":"summary_large_image","twitter_misc":{"Escrito por":"Vitor Bruno","Est. tempo de leitura":"7 minutos"},"schema":{"@context":"https:\/\/schema.org","@graph":[{"@type":"WebPage","@id":"https:\/\/www.uai.com.br\/uainoticias\/2026\/04\/28\/fundada-por-um-ex-ministro-austriaco-em-1933-a-unica-cidade-brasileira-onde-60-dos-moradores-tem-dupla-cidadania-europeia\/","url":"https:\/\/www.uai.com.br\/uainoticias\/2026\/04\/28\/fundada-por-um-ex-ministro-austriaco-em-1933-a-unica-cidade-brasileira-onde-60-dos-moradores-tem-dupla-cidadania-europeia\/","name":"Fundada por um ex-ministro austr\u00edaco em 1933: a \u00fanica cidade brasileira onde 60% dos moradores t\u00eam dupla cidadania europeia - UAI Not\u00edcias","isPartOf":{"@id":"https:\/\/www.uai.com.br\/uainoticias\/#website"},"primaryImageOfPage":{"@id":"https:\/\/www.uai.com.br\/uainoticias\/2026\/04\/28\/fundada-por-um-ex-ministro-austriaco-em-1933-a-unica-cidade-brasileira-onde-60-dos-moradores-tem-dupla-cidadania-europeia\/#primaryimage"},"image":{"@id":"https:\/\/www.uai.com.br\/uainoticias\/2026\/04\/28\/fundada-por-um-ex-ministro-austriaco-em-1933-a-unica-cidade-brasileira-onde-60-dos-moradores-tem-dupla-cidadania-europeia\/#primaryimage"},"thumbnailUrl":"https:\/\/www.uai.com.br\/uainoticias\/wp-content\/uploads\/2026\/04\/Alpine_village_in_202604280524.jpg","datePublished":"2026-04-29T02:15:00+00:00","author":{"@id":"https:\/\/www.uai.com.br\/uainoticias\/#\/schema\/person\/03130d752d0ce4e3bb0f607f1bc85084"},"description":"Conhe\u00e7a a \u00fanica cidade do Brasil onde a maioria da popula\u00e7\u00e3o possui cidadania europeia. Um peda\u00e7o da \u00c1ustria em SC fundado em 1933.","breadcrumb":{"@id":"https:\/\/www.uai.com.br\/uainoticias\/2026\/04\/28\/fundada-por-um-ex-ministro-austriaco-em-1933-a-unica-cidade-brasileira-onde-60-dos-moradores-tem-dupla-cidadania-europeia\/#breadcrumb"},"inLanguage":"pt-BR","potentialAction":[{"@type":"ReadAction","target":["https:\/\/www.uai.com.br\/uainoticias\/2026\/04\/28\/fundada-por-um-ex-ministro-austriaco-em-1933-a-unica-cidade-brasileira-onde-60-dos-moradores-tem-dupla-cidadania-europeia\/"]}]},{"@type":"ImageObject","inLanguage":"pt-BR","@id":"https:\/\/www.uai.com.br\/uainoticias\/2026\/04\/28\/fundada-por-um-ex-ministro-austriaco-em-1933-a-unica-cidade-brasileira-onde-60-dos-moradores-tem-dupla-cidadania-europeia\/#primaryimage","url":"https:\/\/www.uai.com.br\/uainoticias\/wp-content\/uploads\/2026\/04\/Alpine_village_in_202604280524.jpg","contentUrl":"https:\/\/www.uai.com.br\/uainoticias\/wp-content\/uploads\/2026\/04\/Alpine_village_in_202604280524.jpg","width":1280,"height":720,"caption":"Fundada por um ex-ministro austr\u00edaco em 1933: a \u00fanica cidade brasileira onde 60% dos moradores t\u00eam dupla cidadania europeia \/\/ IMAGEM ILUSTRATIVA"},{"@type":"BreadcrumbList","@id":"https:\/\/www.uai.com.br\/uainoticias\/2026\/04\/28\/fundada-por-um-ex-ministro-austriaco-em-1933-a-unica-cidade-brasileira-onde-60-dos-moradores-tem-dupla-cidadania-europeia\/#breadcrumb","itemListElement":[{"@type":"ListItem","position":1,"name":"In\u00edcio","item":"https:\/\/www.uai.com.br\/uainoticias\/"},{"@type":"ListItem","position":2,"name":"Fundada por um ex-ministro austr\u00edaco em 1933: a \u00fanica cidade brasileira onde 60% dos moradores t\u00eam dupla cidadania europeia"}]},{"@type":"WebSite","@id":"https:\/\/www.uai.com.br\/uainoticias\/#website","url":"https:\/\/www.uai.com.br\/uainoticias\/","name":"UAI Not\u00edcias","description":"Acompanhe as \u00faltimas not\u00edcias e fique bem informado sobre tudo o que acontece no Brasil e no mundo.","potentialAction":[{"@type":"SearchAction","target":{"@type":"EntryPoint","urlTemplate":"https:\/\/www.uai.com.br\/uainoticias\/?s={search_term_string}"},"query-input":{"@type":"PropertyValueSpecification","valueRequired":true,"valueName":"search_term_string"}}],"inLanguage":"pt-BR"},{"@type":"Person","@id":"https:\/\/www.uai.com.br\/uainoticias\/#\/schema\/person\/03130d752d0ce4e3bb0f607f1bc85084","name":"Vitor Bruno","image":{"@type":"ImageObject","inLanguage":"pt-BR","@id":"https:\/\/www.uai.com.br\/uainoticias\/#\/schema\/person\/image\/","url":"https:\/\/secure.gravatar.com\/avatar\/ab0513148053bbb80c117cdd35f8a0f2742d41eebbac321acf8df2e633d81609?s=96&d=mm&r=g","contentUrl":"https:\/\/secure.gravatar.com\/avatar\/ab0513148053bbb80c117cdd35f8a0f2742d41eebbac321acf8df2e633d81609?s=96&d=mm&r=g","caption":"Vitor Bruno"},"sameAs":["https:\/\/www.uai.com.br\/uainoticias\/"],"url":"https:\/\/www.uai.com.br\/uainoticias\/author\/vitor\/"}]}},"_links":{"self":[{"href":"https:\/\/www.uai.com.br\/uainoticias\/wp-json\/wp\/v2\/posts\/127700","targetHints":{"allow":["GET"]}}],"collection":[{"href":"https:\/\/www.uai.com.br\/uainoticias\/wp-json\/wp\/v2\/posts"}],"about":[{"href":"https:\/\/www.uai.com.br\/uainoticias\/wp-json\/wp\/v2\/types\/post"}],"author":[{"embeddable":true,"href":"https:\/\/www.uai.com.br\/uainoticias\/wp-json\/wp\/v2\/users\/14"}],"replies":[{"embeddable":true,"href":"https:\/\/www.uai.com.br\/uainoticias\/wp-json\/wp\/v2\/comments?post=127700"}],"version-history":[{"count":6,"href":"https:\/\/www.uai.com.br\/uainoticias\/wp-json\/wp\/v2\/posts\/127700\/revisions"}],"predecessor-version":[{"id":128071,"href":"https:\/\/www.uai.com.br\/uainoticias\/wp-json\/wp\/v2\/posts\/127700\/revisions\/128071"}],"wp:featuredmedia":[{"embeddable":true,"href":"https:\/\/www.uai.com.br\/uainoticias\/wp-json\/wp\/v2\/media\/128070"}],"wp:attachment":[{"href":"https:\/\/www.uai.com.br\/uainoticias\/wp-json\/wp\/v2\/media?parent=127700"}],"wp:term":[{"taxonomy":"category","embeddable":true,"href":"https:\/\/www.uai.com.br\/uainoticias\/wp-json\/wp\/v2\/categories?post=127700"},{"taxonomy":"post_tag","embeddable":true,"href":"https:\/\/www.uai.com.br\/uainoticias\/wp-json\/wp\/v2\/tags?post=127700"}],"curies":[{"name":"wp","href":"https:\/\/api.w.org\/{rel}","templated":true}]}}