{"id":127699,"date":"2026-04-28T20:25:00","date_gmt":"2026-04-28T23:25:00","guid":{"rendered":"https:\/\/www.uai.com.br\/uainoticias\/?p=127699"},"modified":"2026-04-28T05:24:06","modified_gmt":"2026-04-28T08:24:06","slug":"uma-das-4-cidades-fora-da-italia-com-gondola-oficial-de-veneza-a-vila-catarinense-onde-95-dos-moradores-sao-descendentes-de-italianos","status":"publish","type":"post","link":"https:\/\/www.uai.com.br\/uainoticias\/2026\/04\/28\/uma-das-4-cidades-fora-da-italia-com-gondola-oficial-de-veneza-a-vila-catarinense-onde-95-dos-moradores-sao-descendentes-de-italianos\/","title":{"rendered":"Uma das 4 cidades fora da It\u00e1lia com g\u00f4ndola oficial de Veneza: a vila catarinense onde 95% dos moradores s\u00e3o descendentes de italianos"},"content":{"rendered":"\n<p>Toronto, S\u00e3o Petersburgo, Pequim e <strong>Nova Veneza<\/strong>. A lista das \u00fanicas cidades do mundo presenteadas com uma g\u00f4ndola oficial pelo governo do <strong>V\u00eaneto<\/strong> coloca uma vila de 14 mil habitantes do sul de <strong>Santa Catarina<\/strong> ao lado de tr\u00eas metr\u00f3poles, e o motivo est\u00e1 no DNA italiano que pulsa nas ruas dessa Capital Nacional da Gastronomia T\u00edpica Italiana.<\/p>\n\n\n\n<h2 class=\"wp-block-heading\">O come\u00e7o da It\u00e1lia Brasileira em 1891<\/h2>\n\n\n\n<p>A hist\u00f3ria come\u00e7ou quando cerca de 400 fam\u00edlias do norte da <strong>It\u00e1lia<\/strong>, principalmente da regi\u00e3o do <strong>V\u00eaneto<\/strong>, fundaram a Col\u00f4nia Nuova Venezia em terras catarinenses cobertas de Mata Atl\u00e2ntica e pedras. <a href=\"https:\/\/www.portalveneza.com.br\/historia-nova-veneza\/\" target=\"_blank\" rel=\"noreferrer noopener\"><strong>Segundo o Portal Veneza<\/strong><\/a>, ela foi a primeira col\u00f4nia do Brasil Rep\u00fablica, idealizada como projeto-modelo de povoamento sob a Lei de Glic\u00e9rio.<\/p>\n\n\n\n<p>Mais de 130 anos depois, a heran\u00e7a n\u00e3o se diluiu. A relatoria do projeto que tornou a cidade Capital Nacional da Gastronomia, segundo registros do <a href=\"https:\/\/www12.senado.leg.br\/noticias\/audios\/2018\/06\/nova-veneza-ganha-titulo-de-capital-nacional-da-gastronomia-tipica-italiana\" target=\"_blank\" rel=\"noreferrer noopener\"><strong>Senado Federal<\/strong><\/a>, aponta que 95% dos moradores s\u00e3o descendentes diretos daqueles imigrantes. O dialeto v\u00eaneto ainda \u00e9 ouvido entre os mais velhos e o italiano \u00e9 disciplina nas escolas municipais.<\/p>\n\n\n<div class=\"wp-block-image\">\n<figure class=\"aligncenter size-large\"><img decoding=\"async\" width=\"1024\" height=\"576\" src=\"https:\/\/www.uai.com.br\/uainoticias\/wp-content\/uploads\/2026\/04\/ngz-Gondola_lucille_nova_veneza-60618-1024x576.jpg\" alt=\"A \u201cIt\u00e1lia Brasileira\u201d onde as g\u00f4ndolas deslizam e o custo de vida atrai novos moradores\" class=\"wp-image-123633\" srcset=\"https:\/\/www.uai.com.br\/uainoticias\/wp-content\/uploads\/2026\/04\/ngz-Gondola_lucille_nova_veneza-60618-1024x576.jpg 1024w, https:\/\/www.uai.com.br\/uainoticias\/wp-content\/uploads\/2026\/04\/ngz-Gondola_lucille_nova_veneza-60618-300x169.jpg 300w, https:\/\/www.uai.com.br\/uainoticias\/wp-content\/uploads\/2026\/04\/ngz-Gondola_lucille_nova_veneza-60618-768x432.jpg 768w, https:\/\/www.uai.com.br\/uainoticias\/wp-content\/uploads\/2026\/04\/ngz-Gondola_lucille_nova_veneza-60618-750x422.jpg 750w, https:\/\/www.uai.com.br\/uainoticias\/wp-content\/uploads\/2026\/04\/ngz-Gondola_lucille_nova_veneza-60618-1140x641.jpg 1140w, https:\/\/www.uai.com.br\/uainoticias\/wp-content\/uploads\/2026\/04\/ngz-Gondola_lucille_nova_veneza-60618.jpg 1280w\" sizes=\"(max-width: 1024px) 100vw, 1024px\" \/><figcaption class=\"wp-element-caption\">Nova Veneza destaca-se no sul de Santa Catarina como o cen\u00e1rio da &#8220;It\u00e1lia Brasileira&#8221;, onde a cultura dos imigrantes se mant\u00e9m viva em cada esquina \/\/ Cr\u00e9ditos: Wikipedia \/ Wikimedia Commons<\/figcaption><\/figure><\/div>\n\n\n<h2 class=\"wp-block-heading\">A g\u00f4ndola Lucille e o seleto clube de quatro cidades<\/h2>\n\n\n\n<p>No centro da pra\u00e7a <strong>Humberto Bortoluzzi<\/strong> repousa a curiosidade que mais surpreende o visitante. <a href=\"https:\/\/visitenovaveneza.com.br\/pontos-turisticos\/gondola\/\" target=\"_blank\" rel=\"noreferrer noopener\"><strong>De acordo com o Portal Visite Nova Veneza<\/strong><\/a>, existem apenas quatro g\u00f4ndolas doadas oficialmente pelo governo de <strong>Veneza<\/strong>, na <strong>It\u00e1lia<\/strong>, espalhadas pelo mundo.<\/p>\n\n\n\n<p>A Lucille chegou em 2006, dentro de um cont\u00eainer pelo porto de <strong>Itaja\u00ed<\/strong>. \u00c9 100% artesanal, fabricada em um estaleiro com mais de 700 anos de hist\u00f3ria, e navegou pelos canais venezianos antes de cruzar o <strong>Atl\u00e2ntico<\/strong>. Hoje flutua em um lago artificial e pode ser visitada de gra\u00e7a, com gondoleiros vestidos a car\u00e1ter recebendo turistas para fotos.<\/p>\n\n\n\n<h2 class=\"wp-block-heading\">Reconhecimento que veio de Roma a Bras\u00edlia<\/h2>\n\n\n\n<p>O selo gastron\u00f4mico n\u00e3o \u00e9 met\u00e1fora. <a href=\"https:\/\/agenciaal.alesc.sc.gov.br\/index.php\/noticia_single\/festa-da-gastronomia-tipica-italiana-ganha-reconhecimento-nacional\" target=\"_blank\" rel=\"noreferrer noopener\"><strong>Conforme a Ag\u00eancia ALESC<\/strong><\/a>, a Lei Federal 13.678, sancionada em 13 de junho de 2018 a partir de projeto da deputada <strong>Geov\u00e2nia de S\u00e1<\/strong>, fez de Nova Veneza a Capital Nacional da Gastronomia T\u00edpica Italiana. A cidade j\u00e1 carregava o t\u00edtulo estadual desde 2015, pela Lei 12.789.<\/p>\n\n\n\n<p>O reconhecimento internacional aparece em dois marcos. O primeiro \u00e9 a pr\u00f3pria g\u00f4ndola, s\u00edmbolo do la\u00e7o diplom\u00e1tico com o <strong>V\u00eaneto<\/strong>. O segundo \u00e9 o <strong>Carnevale di Venezia<\/strong>, considerado pela administra\u00e7\u00e3o municipal o maior evento desse g\u00eanero fora da <strong>It\u00e1lia<\/strong>, com mais de 500 personagens fantasiados em desfile pelas ruas da vila.<\/p>\n\n\n\n<p><strong>Leia tamb\u00e9m: <a href=\"https:\/\/www.uai.com.br\/uainoticias\/2026\/04\/25\/essa-cidade-nordestina-esta-em-alta-447-mais-estrangeiros-escolheram-esse-paraiso-de-mar-morno-e-brisa-perfeita\/\" target=\"_blank\" rel=\"noreferrer noopener\">Essa cidade nordestina est\u00e1 em alta: 44,7% mais estrangeiros escolheram esse para\u00edso de mar morno e brisa perfeita<\/a><\/strong><\/p>\n\n\n\n<h2 class=\"wp-block-heading\">O que fazer em Nova Veneza<\/h2>\n\n\n\n<p>A cidade \u00e9 pequena, e isso \u00e9 parte do charme. A maioria dos atrativos do centro fica a uma caminhada de dist\u00e2ncia. Esses s\u00e3o os pontos imperd\u00edveis:<\/p>\n\n\n\n<ul class=\"wp-block-list\">\n<li><strong>G\u00f4ndola Lucille<\/strong>: a embarca\u00e7\u00e3o original veneziana flutua na pra\u00e7a central. Visita gratuita, das 9h \u00e0s 22h, segundo a <a href=\"https:\/\/turismo.novaveneza.sc.gov.br\/festa-da-gastronomia-tipica-italiana\/eventos\/\" target=\"_blank\" rel=\"noreferrer noopener\"><strong>Prefeitura de Nova Veneza<\/strong><\/a>.<\/li>\n\n\n\n<li><strong>Casas de Pedra Nono Luigi Bratti<\/strong>: \u00fanico conjunto de casas em taipa de pedra da <strong>Am\u00e9rica Latina<\/strong>, tombado pelo <a href=\"https:\/\/www.ipatrimonio.org\/nova-veneza-casa-de-pedra-da-familia-bratti\/\" target=\"_blank\" rel=\"noreferrer noopener\"><strong>Instituto do Patrim\u00f4nio Hist\u00f3rico e Art\u00edstico Nacional (IPHAN)<\/strong><\/a> em 2011.<\/li>\n\n\n\n<li><strong>Igreja Matriz S\u00e3o Marcos<\/strong>: constru\u00edda em 1912, com sinos e rel\u00f3gio importados de <strong>Turim<\/strong>, escultura em bronze do Le\u00e3o de S\u00e3o Marcos doada pelo V\u00eaneto e pinturas no teto feitas pelo italiano <strong>Pedro Cechetto<\/strong>.<\/li>\n\n\n\n<li><strong>P\u00f3rtico de Entrada<\/strong>: erguido em pedra basalto, ostenta um Le\u00e3o de S\u00e3o Marcos em bronze de 400 kg vindo do <strong>V\u00eaneto<\/strong>, al\u00e9m de caldeir\u00f5es em homenagem \u00e0 polenta.<\/li>\n\n\n\n<li><strong>Rua Coberta e Ponte dei Morosi<\/strong>: a primeira \u00e9 uma extens\u00e3o da pra\u00e7a principal, com teto de vidro e vitrais; a segunda \u00e9 a passarela dos cadeados de amor sobre o Rio M\u00e3e Luzia.<\/li>\n\n\n\n<li><strong>Vin\u00edcola Borgo<\/strong>: produz vinhos artesanais dentro de um pequeno castelo de pedra cercado por arrozais, tradi\u00e7\u00e3o familiar de seis gera\u00e7\u00f5es.<\/li>\n\n\n\n<li><strong>Santu\u00e1rio Nossa Senhora de Caravaggio<\/strong>: ponto de peregrina\u00e7\u00e3o que recebe cerca de 70 mil fi\u00e9is na romaria anual de maio, segundo guias locais.<\/li>\n<\/ul>\n\n\n\n<p>A gastronomia \u00e9 a raz\u00e3o principal pela qual muitos turistas atravessam o estado. Nas mesas, a polenta divide espa\u00e7o com receitas que atravessaram o oceano e foram passadas de gera\u00e7\u00e3o em gera\u00e7\u00e3o:<\/p>\n\n\n\n<ul class=\"wp-block-list\">\n<li><strong>Polenta brustolada com galeto<\/strong>: a combina\u00e7\u00e3o que define a cozinha local, servida nos restaurantes da rota gastron\u00f4mica e nos jantares da Festa da Gastronomia.<\/li>\n\n\n\n<li><strong>Fortaia<\/strong>: prato t\u00edpico v\u00eaneto \u00e0 base de ovos batidos com queijo e ervas, comum nas casas tradicionais.<\/li>\n\n\n\n<li><strong>Massas artesanais<\/strong>: nhoque, capeletti e tagliatelle servidos com molhos caseiros nos mais de 20 estandes da festa anual.<\/li>\n\n\n\n<li><strong>Minestra<\/strong>: sopa r\u00fastica de feij\u00e3o e massa que era o prato de inverno dos primeiros colonos.<\/li>\n\n\n\n<li><strong>Vinhos coloniais<\/strong>: produzidos pelas vin\u00edcolas locais como Borgo e Savoia, ainda no estilo trazido pelos imigrantes.<\/li>\n<\/ul>\n\n\n\n<p>Quem sonha em viver uma experi\u00eancia italiana no <strong>Brasil<\/strong>, vai curtir esse v\u00eddeo especialmente selecionado do canal <strong>Beatriz Fontana<\/strong>, que conta com mais de <strong>9 mil<\/strong> visualiza\u00e7\u00f5es, onde <strong>Beatriz Fontana<\/strong> mostra um roteiro de um dia com gastronomia e pontos tur\u00edsticos em <strong>Nova Veneza<\/strong>, <strong>Santa Catarina<\/strong>:<\/p>\n\n\n\n<figure class=\"wp-block-embed is-type-video is-provider-youtube wp-block-embed-youtube wp-embed-aspect-16-9 wp-has-aspect-ratio\"><div class=\"wp-block-embed__wrapper\">\n<div class=\"jeg_video_container jeg_video_content\"><iframe loading=\"lazy\" title=\"Nova Veneza SC \ud83c\uddee\ud83c\uddf9 | Turismo, Gastronomia Italiana e Pontos Tur\u00edsticos em Santa Catarina\" width=\"500\" height=\"281\" src=\"https:\/\/www.youtube.com\/embed\/mVXtbm4UgoQ?feature=oembed\" frameborder=\"0\" allow=\"accelerometer; autoplay; clipboard-write; encrypted-media; gyroscope; picture-in-picture; web-share\" referrerpolicy=\"strict-origin-when-cross-origin\" allowfullscreen><\/iframe><\/div>\n<\/div><\/figure>\n\n\n\n<h2 class=\"wp-block-heading\">Quando o clima favorece cada experi\u00eancia<\/h2>\n\n\n\n<p>A vila fica nas encostas da <strong>Serra Geral<\/strong> e tem clima subtropical com esta\u00e7\u00f5es bem definidas. O frio do inverno coincide com a maior festa do ano, mas cada \u00e9poca tem sua voca\u00e7\u00e3o:<\/p>\n\n\n\n<style>\n    .clima-grid-uai110 { \n        --cor-primaria: #0278c0; --cor-secundaria: #ffd31a; --cor-txt-secundaria: #0278c0;\n        display: grid; grid-template-columns: repeat(auto-fit, minmax(190px, 1fr)); gap: 15px; justify-content: center; padding: 10px;\n    }\n    .clima-card-uai110 { border: 5px solid var(--cor-primaria); border-top: 5px solid var(--cor-secundaria); border-radius: 12px; background-color: var(--cor-primaria); background-clip: padding-box; display: flex; flex-direction: column; overflow: hidden; cursor: pointer; box-shadow: 0 6px 12px rgba(0,0,0, 0.2); transition: transform 0.2s ease, box-shadow 0.2s ease; -webkit-tap-highlight-color: transparent; user-select: none; transform: translateZ(0); animation: wmFadeIn 0.6s cubic-bezier(0.2, 0.8, 0.2, 1) backwards; }\n    .clima-card-uai110:focus-visible { outline: 3px dashed var(--cor-secundaria); outline-offset: 4px; }\n    .clima-card-uai110:nth-child(1) { animation-delay: 0.1s; } .clima-card-uai110:nth-child(2) { animation-delay: 0.2s; } .clima-card-uai110:nth-child(3) { animation-delay: 0.3s; } .clima-card-uai110:nth-child(4) { animation-delay: 0.4s; }\n    @keyframes wmFadeIn { from { opacity: 0; transform: translateY(30px); } to { opacity: 1; transform: translateY(0); } }\n    .clima-card-uai110:hover { transform: translateY(-5px); box-shadow: 0 15px 30px rgba(0,0,0, 0.3); }\n    .clima-card-uai110:active { transform: translateY(-1px) scale(0.97); box-shadow: 0 3px 6px rgba(0,0,0, 0.2); transition: transform 0.05s ease, box-shadow 0.05s ease; }\n    .clima-header-uai110 { background: #fdfbf5; padding: 15px 10px; text-align: center; display: flex; flex-direction: column; align-items: center; justify-content: center; }\n    .clima-body-uai110 { background: #ffffff; padding: 15px; display: flex; flex-direction: column; flex-grow: 1; align-items: center; }\n    .clima-destaque-uai110 { box-shadow: 0 8px 16px rgba(0,0,0, 0.25); }\n    .clima-destaque-uai110:hover { box-shadow: 0 18px 36px rgba(0,0,0, 0.35); }\n    .clima-destaque-uai110 .clima-header-uai110 { background: var(--cor-secundaria); }\n    .clima-destaque-uai110 .clima-header-uai110 .clima-titulo-uai110 { color: var(--cor-txt-secundaria) !important; } \n    .clima-pill-uai110 { display: flex; white-space: normal; max-width: 100%; box-sizing: border-box; justify-content: center; align-items: center; text-align: center; background: #e6f2fa; color: var(--cor-primaria); font-size: 11px; font-weight: 900 !important; letter-spacing: 0.5px; padding: 8px 16px; border-radius: 16px; text-transform: uppercase; line-height: 1.4; box-shadow: 0 4px 8px rgba(0,0,0, 0.15); margin-top: auto; transition: transform 0.2s ease; }\n    .clima-destaque-uai110 .clima-pill-uai110 { background: var(--cor-primaria); color: #ffffff; border: 1px solid #ffffff; } \n    .clima-card-uai110:hover .clima-pill-uai110 { transform: scale(1.06); }\n    .clima-pill-uai110 span { font-weight: 900 !important; color: inherit; } \n    .clima-emoji-uai110 { font-size: 24px; line-height: 1; margin-bottom: 5px; }\n    .clima-titulo-uai110 { color: var(--cor-primaria); font-size: 16px; text-transform: uppercase; margin-top: 5px; font-weight: bold; }\n    .clima-mes-uai110 { font-size: 11px; font-weight: 800; color: var(--cor-primaria); text-transform: uppercase; margin-bottom: 5px; display: block; }\n    .clima-temp-uai110 { font-size: 26px; font-weight: 900; color: var(--cor-primaria); margin-bottom: 10px; }\n    .clima-desc-uai110 { font-size: 13px; color: #444; text-align: center; line-height: 1.5; margin-bottom: 15px; flex-grow: 1;}\n    .clima-desc-uai110 strong { color: #111; }\n    @media (prefers-color-scheme: dark) {\n        .clima-card-uai110 { border-color: #014f7d; background-color: #014f7d; box-shadow: 0 6px 12px rgba(0,0,0, 0.5); }\n        .clima-header-uai110 { background: #1a1a1a; } .clima-body-uai110 { background: #121212; }\n        .clima-destaque-uai110 .clima-header-uai110 { background: var(--cor-secundaria); }\n        .clima-destaque-uai110 .clima-header-uai110 .clima-titulo-uai110 { color: var(--cor-txt-secundaria) !important; }\n        .clima-titulo-uai110 { color: #63b2e8; } .clima-mes-uai110 { color: #63b2e8; } .clima-temp-uai110 { color: #63b2e8; } .clima-desc-uai110 { color: #cccccc; } .clima-desc-uai110 strong { color: #ffffff; }\n        .clima-pill-uai110 { background: #014f7d; color: #ffffff; box-shadow: 0 4px 8px rgba(0, 0, 0, 0.5); }\n        .clima-destaque-uai110 .clima-pill-uai110 { background: #013859; color: #ffffff; border-color: #63b2e8; }\n    }\n<\/style>\n<div class=\"google-auto-ads-ignore clima-grid-uai110\" style=\"box-sizing: border-box; width: 100%; max-width: 980px; margin: 30px auto; font-family: 'Segoe UI', Roboto, Helvetica, Arial, sans-serif;\">\n    <div class=\"clima-card-uai110\" tabindex=\"0\">\n        <div class=\"clima-header-uai110\"><div class=\"clima-emoji-uai110\" aria-hidden=\"true\">\ud83d\udca6<\/div><div class=\"clima-titulo-uai110\">Ver\u00e3o<\/div><\/div>\n        <div class=\"clima-body-uai110\">\n            <time class=\"clima-mes-uai110\">Dezembro a fevereiro<\/time><div class=\"clima-temp-uai110\">18\u00b0C a 30\u00b0C<\/div>\n            <div class=\"clima-desc-uai110\">O calor exige sombra e \u00e1gua fresca no interior catarinense. Aproveite o aumento do volume das <strong>cachoeiras e da imponente barragem<\/strong>.<\/div>\n            <div class=\"clima-pill-uai110\"><span>\u2614 Chuva Alta<\/span><\/div>\n        <\/div>\n    <\/div>\n    <div class=\"clima-card-uai110\" tabindex=\"0\">\n        <div class=\"clima-header-uai110\"><div class=\"clima-emoji-uai110\" aria-hidden=\"true\">\ud83c\udf77<\/div><div class=\"clima-titulo-uai110\">Outono<\/div><\/div>\n        <div class=\"clima-body-uai110\">\n            <time class=\"clima-mes-uai110\">Mar\u00e7o a maio<\/time><div class=\"clima-temp-uai110\">14\u00b0C a 26\u00b0C<\/div>\n            <div class=\"clima-desc-uai110\">O ar esfria e as noites ficam charmosas na encosta da Serra Geral. A \u00e9poca foca na cultura local visitando <strong>vin\u00edcolas e participando da Romaria<\/strong>.<\/div>\n            <div class=\"clima-pill-uai110\"><span>\u2601\ufe0f Chuva M\u00e9dia<\/span><\/div>\n        <\/div>\n    <\/div>\n    <div class=\"clima-card-uai110 clima-destaque-uai110\" tabindex=\"0\">\n        <div class=\"clima-header-uai110\"><div class=\"clima-emoji-uai110\" aria-hidden=\"true\">\ud83c\udf5d<\/div><div class=\"clima-titulo-uai110\">Inverno<\/div><\/div>\n        <div class=\"clima-body-uai110\">\n            <time class=\"clima-mes-uai110\">Junho a agosto<\/time><div class=\"clima-temp-uai110\">9\u00b0C a 22\u00b0C<\/div>\n            <div class=\"clima-desc-uai110\">A cidade lota em junho! O clima seco e bastante frio atrai o turismo para a grande e bel\u00edssima <strong>Festa da Gastronomia<\/strong> em Nova Veneza.<\/div>\n            <div class=\"clima-pill-uai110\"><span>\u2b50 Alta Temporada \/ Festival<\/span><\/div>\n        <\/div>\n    <\/div>\n    <div class=\"clima-card-uai110\" tabindex=\"0\">\n        <div class=\"clima-header-uai110\"><div class=\"clima-emoji-uai110\" aria-hidden=\"true\">\ud83c\udfe1<\/div><div class=\"clima-titulo-uai110\">Primavera<\/div><\/div>\n        <div class=\"clima-body-uai110\">\n            <time class=\"clima-mes-uai110\">Setembro a novembro<\/time><div class=\"clima-temp-uai110\">13\u00b0C a 26\u00b0C<\/div>\n            <div class=\"clima-desc-uai110\">A temperatura estabiliza num clima buc\u00f3lico. Um cen\u00e1rio visual lindo para passear admirando as ic\u00f4nicas <strong>Casas de Pedra e as trilhas<\/strong>.<\/div>\n            <div class=\"clima-pill-uai110\"><span>\u2601\ufe0f Chuva M\u00e9dia<\/span><\/div>\n        <\/div>\n    <\/div>\n<\/div>\n\n\n\n<p><em>Temperaturas aproximadas com base no <a href=\"https:\/\/www.climatempo.com.br\/previsao-do-tempo\/cidade\/4653\/novaveneza-sc\" target=\"_blank\" rel=\"noreferrer noopener\"><strong>Climatempo<\/strong><\/a>. Condi\u00e7\u00f5es podem variar.<\/em><\/p>\n\n\n\n<p>Junho \u00e9 o m\u00eas mais procurado, quando a Festa da Gastronomia T\u00edpica Italiana e o Carnevale di Venezia tomam a cidade. A 19\u00aa edi\u00e7\u00e3o, em 2025, atraiu cerca de 200 mil visitantes, segundo a Prefeitura.<\/p>\n\n\n\n<h2 class=\"wp-block-heading\">Como chegar \u00e0 vila italiana de Santa Catarina<\/h2>\n\n\n\n<p>Nova Veneza fica a 18 km do centro de <strong>Crici\u00fama<\/strong>, a 224 km de <strong>Florian\u00f3polis<\/strong> e a cerca de 290 km de <strong>Porto Alegre<\/strong>. <a href=\"https:\/\/www.portalveneza.com.br\/turismo-2\/como-chegar\/\" target=\"_blank\" rel=\"noreferrer noopener\"><strong>De acordo com o Portal Veneza<\/strong><\/a>, o acesso principal \u00e9 pela <strong>BR-101<\/strong>, com entrada por I\u00e7ara, Crici\u00fama ou Forquilhinha.<\/p>\n\n\n\n<p>O aeroporto mais pr\u00f3ximo \u00e9 o <strong>Humberto Ghizzo Bortoluzzi<\/strong>, em <strong>Jaguaruna<\/strong>, a 69 km. Pela maior oferta de voos, muitos viajantes preferem desembarcar em <strong>Florian\u00f3polis<\/strong> e seguir por estrada, em cerca de 2h30 de carro pela mesma BR-101.<\/p>\n\n\n\n<h2 class=\"wp-block-heading\">V\u00e1 conhecer a It\u00e1lia que cabe no sul de Santa Catarina<\/h2>\n\n\n\n<p>Nova Veneza prova que d\u00e1 para preservar a cultura de um povo sem virar parque tem\u00e1tico. A heran\u00e7a italiana segue na mesa, no dialeto, na pedra das casas centen\u00e1rias e na g\u00f4ndola que cruzou o <strong>Atl\u00e2ntico<\/strong> para lembrar de onde veio aquela gente toda.<\/p>\n\n\n\n<p>Voc\u00ea precisa entrar na Lucille, jantar uma fortaia em junho e entender por que essa pequena vila catarinense \u00e9 o peda\u00e7o de It\u00e1lia mais aut\u00eantico do Brasil.<\/p>\n","protected":false},"excerpt":{"rendered":"<p>Toronto, S\u00e3o Petersburgo, Pequim e Nova Veneza. A lista das \u00fanicas cidades do mundo presenteadas com uma g\u00f4ndola oficial pelo governo do V\u00eaneto coloca uma vila de 14 mil habitantes do sul de Santa Catarina ao lado de tr\u00eas metr\u00f3poles, e o motivo est\u00e1 no DNA italiano que pulsa nas ruas dessa Capital Nacional da [&hellip;]<\/p>\n","protected":false},"author":14,"featured_media":128068,"comment_status":"open","ping_status":"open","sticky":false,"template":"","format":"standard","meta":{"jnews-multi-image_gallery":[],"jnews_single_post":{"format":"standard"},"jnews_primary_category":[],"jnews_social_meta":[],"jnews_override_counter":[],"footnotes":""},"categories":[210],"tags":[234],"class_list":["post-127699","post","type-post","status-publish","format-standard","has-post-thumbnail","hentry","category-cidades","tag-cidades"],"yoast_head":"<!-- This site is optimized with the Yoast SEO plugin v26.5 - https:\/\/yoast.com\/wordpress\/plugins\/seo\/ -->\n<title>Uma das 4 cidades fora da It\u00e1lia com g\u00f4ndola oficial de Veneza: a vila catarinense onde 95% dos moradores s\u00e3o descendentes de italianos - UAI Not\u00edcias<\/title>\n<meta name=\"description\" content=\"Cultura europeia no Brasil: veja a vila catarinense que abriga uma g\u00f4ndola de Veneza e preserva tradi\u00e7\u00f5es ancestrais. Confira os detalhes.\" \/>\n<meta name=\"robots\" content=\"index, follow, max-snippet:-1, max-image-preview:large, max-video-preview:-1\" \/>\n<link rel=\"canonical\" href=\"https:\/\/www.uai.com.br\/uainoticias\/2026\/04\/28\/uma-das-4-cidades-fora-da-italia-com-gondola-oficial-de-veneza-a-vila-catarinense-onde-95-dos-moradores-sao-descendentes-de-italianos\/\" \/>\n<meta property=\"og:locale\" content=\"pt_BR\" \/>\n<meta property=\"og:type\" content=\"article\" \/>\n<meta property=\"og:title\" content=\"Uma das 4 cidades fora da It\u00e1lia com g\u00f4ndola oficial de Veneza: a vila catarinense onde 95% dos moradores s\u00e3o descendentes de italianos - UAI Not\u00edcias\" \/>\n<meta property=\"og:description\" content=\"Cultura europeia no Brasil: veja a vila catarinense que abriga uma g\u00f4ndola de Veneza e preserva tradi\u00e7\u00f5es ancestrais. Confira os detalhes.\" \/>\n<meta property=\"og:url\" content=\"https:\/\/www.uai.com.br\/uainoticias\/2026\/04\/28\/uma-das-4-cidades-fora-da-italia-com-gondola-oficial-de-veneza-a-vila-catarinense-onde-95-dos-moradores-sao-descendentes-de-italianos\/\" \/>\n<meta property=\"og:site_name\" content=\"UAI Not\u00edcias\" \/>\n<meta property=\"article:published_time\" content=\"2026-04-28T23:25:00+00:00\" \/>\n<meta property=\"og:image\" content=\"https:\/\/www.uai.com.br\/uainoticias\/wp-content\/uploads\/2026\/04\/Gondola_on_canal_202604280523.jpg\" \/>\n\t<meta property=\"og:image:width\" content=\"1280\" \/>\n\t<meta property=\"og:image:height\" content=\"720\" \/>\n\t<meta property=\"og:image:type\" content=\"image\/jpeg\" \/>\n<meta name=\"author\" content=\"Vitor Bruno\" \/>\n<meta name=\"twitter:card\" content=\"summary_large_image\" \/>\n<meta name=\"twitter:label1\" content=\"Escrito por\" \/>\n\t<meta name=\"twitter:data1\" content=\"Vitor Bruno\" \/>\n\t<meta name=\"twitter:label2\" content=\"Est. tempo de leitura\" \/>\n\t<meta name=\"twitter:data2\" content=\"8 minutos\" \/>\n<!-- \/ Yoast SEO plugin. -->","yoast_head_json":{"title":"Uma das 4 cidades fora da It\u00e1lia com g\u00f4ndola oficial de Veneza: a vila catarinense onde 95% dos moradores s\u00e3o descendentes de italianos - UAI Not\u00edcias","description":"Cultura europeia no Brasil: veja a vila catarinense que abriga uma g\u00f4ndola de Veneza e preserva tradi\u00e7\u00f5es ancestrais. Confira os detalhes.","robots":{"index":"index","follow":"follow","max-snippet":"max-snippet:-1","max-image-preview":"max-image-preview:large","max-video-preview":"max-video-preview:-1"},"canonical":"https:\/\/www.uai.com.br\/uainoticias\/2026\/04\/28\/uma-das-4-cidades-fora-da-italia-com-gondola-oficial-de-veneza-a-vila-catarinense-onde-95-dos-moradores-sao-descendentes-de-italianos\/","og_locale":"pt_BR","og_type":"article","og_title":"Uma das 4 cidades fora da It\u00e1lia com g\u00f4ndola oficial de Veneza: a vila catarinense onde 95% dos moradores s\u00e3o descendentes de italianos - UAI Not\u00edcias","og_description":"Cultura europeia no Brasil: veja a vila catarinense que abriga uma g\u00f4ndola de Veneza e preserva tradi\u00e7\u00f5es ancestrais. Confira os detalhes.","og_url":"https:\/\/www.uai.com.br\/uainoticias\/2026\/04\/28\/uma-das-4-cidades-fora-da-italia-com-gondola-oficial-de-veneza-a-vila-catarinense-onde-95-dos-moradores-sao-descendentes-de-italianos\/","og_site_name":"UAI Not\u00edcias","article_published_time":"2026-04-28T23:25:00+00:00","og_image":[{"width":1280,"height":720,"url":"https:\/\/www.uai.com.br\/uainoticias\/wp-content\/uploads\/2026\/04\/Gondola_on_canal_202604280523.jpg","type":"image\/jpeg"}],"author":"Vitor Bruno","twitter_card":"summary_large_image","twitter_misc":{"Escrito por":"Vitor Bruno","Est. tempo de leitura":"8 minutos"},"schema":{"@context":"https:\/\/schema.org","@graph":[{"@type":"WebPage","@id":"https:\/\/www.uai.com.br\/uainoticias\/2026\/04\/28\/uma-das-4-cidades-fora-da-italia-com-gondola-oficial-de-veneza-a-vila-catarinense-onde-95-dos-moradores-sao-descendentes-de-italianos\/","url":"https:\/\/www.uai.com.br\/uainoticias\/2026\/04\/28\/uma-das-4-cidades-fora-da-italia-com-gondola-oficial-de-veneza-a-vila-catarinense-onde-95-dos-moradores-sao-descendentes-de-italianos\/","name":"Uma das 4 cidades fora da It\u00e1lia com g\u00f4ndola oficial de Veneza: a vila catarinense onde 95% dos moradores s\u00e3o descendentes de italianos - UAI Not\u00edcias","isPartOf":{"@id":"https:\/\/www.uai.com.br\/uainoticias\/#website"},"primaryImageOfPage":{"@id":"https:\/\/www.uai.com.br\/uainoticias\/2026\/04\/28\/uma-das-4-cidades-fora-da-italia-com-gondola-oficial-de-veneza-a-vila-catarinense-onde-95-dos-moradores-sao-descendentes-de-italianos\/#primaryimage"},"image":{"@id":"https:\/\/www.uai.com.br\/uainoticias\/2026\/04\/28\/uma-das-4-cidades-fora-da-italia-com-gondola-oficial-de-veneza-a-vila-catarinense-onde-95-dos-moradores-sao-descendentes-de-italianos\/#primaryimage"},"thumbnailUrl":"https:\/\/www.uai.com.br\/uainoticias\/wp-content\/uploads\/2026\/04\/Gondola_on_canal_202604280523.jpg","datePublished":"2026-04-28T23:25:00+00:00","author":{"@id":"https:\/\/www.uai.com.br\/uainoticias\/#\/schema\/person\/03130d752d0ce4e3bb0f607f1bc85084"},"description":"Cultura europeia no Brasil: veja a vila catarinense que abriga uma g\u00f4ndola de Veneza e preserva tradi\u00e7\u00f5es ancestrais. Confira os detalhes.","breadcrumb":{"@id":"https:\/\/www.uai.com.br\/uainoticias\/2026\/04\/28\/uma-das-4-cidades-fora-da-italia-com-gondola-oficial-de-veneza-a-vila-catarinense-onde-95-dos-moradores-sao-descendentes-de-italianos\/#breadcrumb"},"inLanguage":"pt-BR","potentialAction":[{"@type":"ReadAction","target":["https:\/\/www.uai.com.br\/uainoticias\/2026\/04\/28\/uma-das-4-cidades-fora-da-italia-com-gondola-oficial-de-veneza-a-vila-catarinense-onde-95-dos-moradores-sao-descendentes-de-italianos\/"]}]},{"@type":"ImageObject","inLanguage":"pt-BR","@id":"https:\/\/www.uai.com.br\/uainoticias\/2026\/04\/28\/uma-das-4-cidades-fora-da-italia-com-gondola-oficial-de-veneza-a-vila-catarinense-onde-95-dos-moradores-sao-descendentes-de-italianos\/#primaryimage","url":"https:\/\/www.uai.com.br\/uainoticias\/wp-content\/uploads\/2026\/04\/Gondola_on_canal_202604280523.jpg","contentUrl":"https:\/\/www.uai.com.br\/uainoticias\/wp-content\/uploads\/2026\/04\/Gondola_on_canal_202604280523.jpg","width":1280,"height":720,"caption":"Uma das 4 cidades fora da It\u00e1lia com g\u00f4ndola oficial de Veneza: a vila catarinense onde 95% dos moradores s\u00e3o descendentes de italianos \/\/ IMAGEM ILUSTRATIVA"},{"@type":"BreadcrumbList","@id":"https:\/\/www.uai.com.br\/uainoticias\/2026\/04\/28\/uma-das-4-cidades-fora-da-italia-com-gondola-oficial-de-veneza-a-vila-catarinense-onde-95-dos-moradores-sao-descendentes-de-italianos\/#breadcrumb","itemListElement":[{"@type":"ListItem","position":1,"name":"In\u00edcio","item":"https:\/\/www.uai.com.br\/uainoticias\/"},{"@type":"ListItem","position":2,"name":"Uma das 4 cidades fora da It\u00e1lia com g\u00f4ndola oficial de Veneza: a vila catarinense onde 95% dos moradores s\u00e3o descendentes de italianos"}]},{"@type":"WebSite","@id":"https:\/\/www.uai.com.br\/uainoticias\/#website","url":"https:\/\/www.uai.com.br\/uainoticias\/","name":"UAI Not\u00edcias","description":"Acompanhe as \u00faltimas not\u00edcias e fique bem informado sobre tudo o que acontece no Brasil e no mundo.","potentialAction":[{"@type":"SearchAction","target":{"@type":"EntryPoint","urlTemplate":"https:\/\/www.uai.com.br\/uainoticias\/?s={search_term_string}"},"query-input":{"@type":"PropertyValueSpecification","valueRequired":true,"valueName":"search_term_string"}}],"inLanguage":"pt-BR"},{"@type":"Person","@id":"https:\/\/www.uai.com.br\/uainoticias\/#\/schema\/person\/03130d752d0ce4e3bb0f607f1bc85084","name":"Vitor Bruno","image":{"@type":"ImageObject","inLanguage":"pt-BR","@id":"https:\/\/www.uai.com.br\/uainoticias\/#\/schema\/person\/image\/","url":"https:\/\/secure.gravatar.com\/avatar\/ab0513148053bbb80c117cdd35f8a0f2742d41eebbac321acf8df2e633d81609?s=96&d=mm&r=g","contentUrl":"https:\/\/secure.gravatar.com\/avatar\/ab0513148053bbb80c117cdd35f8a0f2742d41eebbac321acf8df2e633d81609?s=96&d=mm&r=g","caption":"Vitor Bruno"},"sameAs":["https:\/\/www.uai.com.br\/uainoticias\/"],"url":"https:\/\/www.uai.com.br\/uainoticias\/author\/vitor\/"}]}},"_links":{"self":[{"href":"https:\/\/www.uai.com.br\/uainoticias\/wp-json\/wp\/v2\/posts\/127699","targetHints":{"allow":["GET"]}}],"collection":[{"href":"https:\/\/www.uai.com.br\/uainoticias\/wp-json\/wp\/v2\/posts"}],"about":[{"href":"https:\/\/www.uai.com.br\/uainoticias\/wp-json\/wp\/v2\/types\/post"}],"author":[{"embeddable":true,"href":"https:\/\/www.uai.com.br\/uainoticias\/wp-json\/wp\/v2\/users\/14"}],"replies":[{"embeddable":true,"href":"https:\/\/www.uai.com.br\/uainoticias\/wp-json\/wp\/v2\/comments?post=127699"}],"version-history":[{"count":6,"href":"https:\/\/www.uai.com.br\/uainoticias\/wp-json\/wp\/v2\/posts\/127699\/revisions"}],"predecessor-version":[{"id":128069,"href":"https:\/\/www.uai.com.br\/uainoticias\/wp-json\/wp\/v2\/posts\/127699\/revisions\/128069"}],"wp:featuredmedia":[{"embeddable":true,"href":"https:\/\/www.uai.com.br\/uainoticias\/wp-json\/wp\/v2\/media\/128068"}],"wp:attachment":[{"href":"https:\/\/www.uai.com.br\/uainoticias\/wp-json\/wp\/v2\/media?parent=127699"}],"wp:term":[{"taxonomy":"category","embeddable":true,"href":"https:\/\/www.uai.com.br\/uainoticias\/wp-json\/wp\/v2\/categories?post=127699"},{"taxonomy":"post_tag","embeddable":true,"href":"https:\/\/www.uai.com.br\/uainoticias\/wp-json\/wp\/v2\/tags?post=127699"}],"curies":[{"name":"wp","href":"https:\/\/api.w.org\/{rel}","templated":true}]}}