{"id":127698,"date":"2026-04-28T17:00:00","date_gmt":"2026-04-28T20:00:00","guid":{"rendered":"https:\/\/www.uai.com.br\/uainoticias\/?p=127698"},"modified":"2026-04-28T05:21:42","modified_gmt":"2026-04-28T08:21:42","slug":"a-unica-cidade-do-rio-com-4-selos-internacionais-o-paraiso-descoberto-por-brigitte-bardot-em-1964","status":"publish","type":"post","link":"https:\/\/www.uai.com.br\/uainoticias\/2026\/04\/28\/a-unica-cidade-do-rio-com-4-selos-internacionais-o-paraiso-descoberto-por-brigitte-bardot-em-1964\/","title":{"rendered":"A \u00fanica cidade do Rio com 4 selos internacionais: o para\u00edso descoberto por Brigitte Bardot em 1964"},"content":{"rendered":"\n<p>Quando <strong>Brigitte Bardot<\/strong> desembarcou em <strong>1964<\/strong> na pequena vila de pescadores que ainda nem tinha luz el\u00e9trica, ningu\u00e9m imaginava o que viria a seguir. Hoje, <strong>Arma\u00e7\u00e3o dos B\u00fazios<\/strong> re\u00fane 23 praias em uma faixa de 8 km e \u00e9 a \u00fanica cidade fluminense com quatro praias certificadas pelo selo internacional Bandeira Azul.<\/p>\n\n\n\n<h2 class=\"wp-block-heading\">Como uma atriz francesa transformou uma vila esquecida em destino mundial<\/h2>\n\n\n\n<p>Em janeiro de 1964, a estrela do cinema franc\u00eas passou quatro meses hospedada em uma casa simples na <strong>Praia de Manguinhos<\/strong>. <strong>B\u00fazios<\/strong> ainda era distrito de <strong>Cabo Frio<\/strong>, sem estradas pavimentadas e sem qualquer infraestrutura tur\u00edstica.<\/p>\n\n\n\n<p>A imprensa internacional seguiu os passos da atriz e deu ao balne\u00e1rio o apelido de <strong>Saint-Tropez brasileira<\/strong>, que sobrevive at\u00e9 hoje. Em <strong>1995<\/strong>, a cidade conquistou a emancipa\u00e7\u00e3o por plebiscito e, segundo a <a href=\"https:\/\/buzios.rj.gov.br\/historia\/\" target=\"_blank\" rel=\"noreferrer noopener\"><strong>Prefeitura Municipal de Arma\u00e7\u00e3o dos B\u00fazios<\/strong><\/a>, mant\u00e9m em vigor uma lei que pro\u00edbe constru\u00e7\u00f5es com mais de dois andares para preservar a escala de vilarejo.<\/p>\n\n\n<div class=\"wp-block-image\">\n<figure class=\"aligncenter size-large\"><img decoding=\"async\" width=\"1024\" height=\"576\" src=\"https:\/\/www.uai.com.br\/uainoticias\/wp-content\/uploads\/2025\/12\/buzios_1766658007624-1024x576.jpg\" alt=\"Premiadas no mundo inteiro e com \u00e1guas de dar inveja ao Caribe: as praias que viraram a nova queridinha dos fins de semana\" class=\"wp-image-98186\" srcset=\"https:\/\/www.uai.com.br\/uainoticias\/wp-content\/uploads\/2025\/12\/buzios_1766658007624-1024x576.jpg 1024w, https:\/\/www.uai.com.br\/uainoticias\/wp-content\/uploads\/2025\/12\/buzios_1766658007624-300x169.jpg 300w, https:\/\/www.uai.com.br\/uainoticias\/wp-content\/uploads\/2025\/12\/buzios_1766658007624-768x432.jpg 768w, https:\/\/www.uai.com.br\/uainoticias\/wp-content\/uploads\/2025\/12\/buzios_1766658007624-750x422.jpg 750w, https:\/\/www.uai.com.br\/uainoticias\/wp-content\/uploads\/2025\/12\/buzios_1766658007624-1140x641.jpg 1140w, https:\/\/www.uai.com.br\/uainoticias\/wp-content\/uploads\/2025\/12\/buzios_1766658007624.jpg 1280w\" sizes=\"(max-width: 1024px) 100vw, 1024px\" \/><figcaption class=\"wp-element-caption\">Arma\u00e7\u00e3o dos B\u00fazios oferece relaxamento e qualidade de vida \/\/ Cr\u00e9ditos: depositphotos.com \/ dabldy<\/figcaption><\/figure><\/div>\n\n\n<h2 class=\"wp-block-heading\">Quatro praias com selo internacional fazem da pen\u00ednsula caso \u00fanico no Rio<\/h2>\n\n\n\n<p>Para a temporada 2025\/2026, o balne\u00e1rio se consolidou como a \u00fanica cidade do estado do <strong>Rio de Janeiro<\/strong> a ostentar a certifica\u00e7\u00e3o <strong>Bandeira Azul<\/strong> em quatro praias: Forno, Azeda\/Azedinha, Tucuns e Jos\u00e9 Gon\u00e7alves. A informa\u00e7\u00e3o foi confirmada pela <a href=\"https:\/\/buzios.rj.gov.br\/buzios-hasteia-bandeira-azul-para-a-temporada-2025-2026-e-se-mantem-como-unica-cidade-do-rj-com-quatro-praias-certificadas\/\" target=\"_blank\" rel=\"noreferrer noopener\"><strong>Prefeitura de B\u00fazios<\/strong><\/a> em dezembro de 2025.<\/p>\n\n\n\n<p>O selo \u00e9 concedido pela <strong>Foundation for Environmental Education (FEE)<\/strong>, com sede em Copenhague, e avalia 38 crit\u00e9rios de qualidade da \u00e1gua, gest\u00e3o ambiental, seguran\u00e7a e educa\u00e7\u00e3o ambiental. A <strong>Praia do Forno<\/strong>, pioneira na pen\u00ednsula, chega \u00e0 quarta temporada consecutiva certificada, enquanto <strong>Jos\u00e9 Gon\u00e7alves<\/strong> estreia no programa nesta edi\u00e7\u00e3o.<\/p>\n\n\n<div class=\"wp-block-image\">\n<figure class=\"aligncenter size-large\"><img decoding=\"async\" width=\"1024\" height=\"576\" src=\"https:\/\/www.uai.com.br\/uainoticias\/wp-content\/uploads\/2025\/12\/Buzios_1753405966985-1024x576.jpg\" alt=\"Premiadas no mundo inteiro e com \u00e1guas de dar inveja ao Caribe: as praias que viraram a nova queridinha dos fins de semana\" class=\"wp-image-98184\" srcset=\"https:\/\/www.uai.com.br\/uainoticias\/wp-content\/uploads\/2025\/12\/Buzios_1753405966985-1024x576.jpg 1024w, https:\/\/www.uai.com.br\/uainoticias\/wp-content\/uploads\/2025\/12\/Buzios_1753405966985-300x169.jpg 300w, https:\/\/www.uai.com.br\/uainoticias\/wp-content\/uploads\/2025\/12\/Buzios_1753405966985-768x432.jpg 768w, https:\/\/www.uai.com.br\/uainoticias\/wp-content\/uploads\/2025\/12\/Buzios_1753405966985-750x422.jpg 750w, https:\/\/www.uai.com.br\/uainoticias\/wp-content\/uploads\/2025\/12\/Buzios_1753405966985-1140x641.jpg 1140w, https:\/\/www.uai.com.br\/uainoticias\/wp-content\/uploads\/2025\/12\/Buzios_1753405966985.jpg 1280w\" sizes=\"(max-width: 1024px) 100vw, 1024px\" \/><figcaption class=\"wp-element-caption\">Arma\u00e7\u00e3o dos B\u00fazios une charme de vila e sofistica\u00e7\u00e3o \u00e0 beira do mar \/\/ Cr\u00e9ditos: depositphotos.com \/ dabldy<\/figcaption><\/figure><\/div>\n\n\n<p><strong>Leia tamb\u00e9m: <a href=\"https:\/\/www.uai.com.br\/uainoticias\/2026\/04\/25\/essa-cidade-nordestina-esta-em-alta-447-mais-estrangeiros-escolheram-esse-paraiso-de-mar-morno-e-brisa-perfeita\/\" target=\"_blank\" rel=\"noreferrer noopener\">Essa cidade nordestina est\u00e1 em alta: 44,7% mais estrangeiros escolheram esse para\u00edso de mar morno e brisa perfeita<\/a><\/strong><\/p>\n\n\n\n<h2 class=\"wp-block-heading\">O que fazer na Saint-Tropez brasileira<\/h2>\n\n\n\n<p>A pen\u00ednsula guarda atra\u00e7\u00f5es para todos os ritmos, das praias de \u00e1guas calmas aos beach clubs sofisticados, do mergulho com snorkel \u00e0 vida noturna na <strong>Rua das Pedras<\/strong>. Vale come\u00e7ar pelos cl\u00e1ssicos:<\/p>\n\n\n\n<ul class=\"wp-block-list\">\n<li><strong>Praia de Jo\u00e3o Fernandes<\/strong>: \u00e1guas transparentes e calmas com piscinas naturais ideais para snorkel, segundo a <a href=\"https:\/\/www.turismo.rj.gov.br\/cidades\/armacao-dos-buzios\/\" target=\"_blank\" rel=\"noreferrer noopener\"><strong>Secretaria de Turismo do Rio de Janeiro<\/strong><\/a>.<\/li>\n\n\n\n<li><strong>Praia de Gerib\u00e1<\/strong>: a mais extensa da pen\u00ednsula, com ondas para surfe e ponto de encontro do p\u00fablico jovem.<\/li>\n\n\n\n<li><strong>Praia da Ferradura<\/strong>: enseada em formato de ferradura com mar tranquilo, ideal para fam\u00edlias e pr\u00e1tica de stand-up paddle.<\/li>\n\n\n\n<li><strong>Praia do Forno<\/strong>: areia clara e mar verde-esmeralda, com acesso por trilha e quatro temporadas consecutivas com selo Bandeira Azul.<\/li>\n\n\n\n<li><strong>Orla Bardot<\/strong>: cal\u00e7ad\u00e3o \u00e0 beira-mar com a est\u00e1tua de bronze da atriz francesa, assinada pela escultora <strong>Christina Motta<\/strong>.<\/li>\n\n\n\n<li><strong>Rua das Pedras<\/strong>: principal via comercial da cidade, com piso de paralelep\u00edpedo, lojas de grife e vida noturna intensa.<\/li>\n<\/ul>\n\n\n\n<p>A cena gastron\u00f4mica acompanha o ritmo internacional do destino, com casas que combinam frutos do mar, culin\u00e1ria francesa e influ\u00eancias mediterr\u00e2neas. Entre as refer\u00eancias da cidade:<\/p>\n\n\n\n<ul class=\"wp-block-list\">\n<li><strong>Chez Michou<\/strong>: creperia tradicional na Rua das Pedras desde 1983, com fila constante e ambiente jovem.<\/li>\n\n\n\n<li><strong>Cigalon<\/strong>: representante da gastronomia francesa em B\u00fazios, comandado pela chef argentina Sonia Persiani, agora instalado no Porto da Barra.<\/li>\n\n\n\n<li><strong>Restaurante do David<\/strong>: cl\u00e1ssico da cidade h\u00e1 mais de tr\u00eas d\u00e9cadas, conhecido pelas moquecas e paellas fartas.<\/li>\n\n\n\n<li><strong>Porto da Barra<\/strong>: complexo gastron\u00f4mico em <strong>Manguinhos<\/strong> que re\u00fane bares e restaurantes com vista para o mar, popular no fim de tarde.<\/li>\n<\/ul>\n\n\n\n<p>Quem planeja uma viagem para <strong>B\u00fazios<\/strong>, vai curtir esse v\u00eddeo especialmente selecionado do canal <strong>Rol\u00ea Fam\u00edlia<\/strong>, que conta com mais de <strong>90 mil<\/strong> visualiza\u00e7\u00f5es, onde <strong>Paula e seu companheiro<\/strong> mostram um roteiro completo de 3 dias pelas melhores praias e pontos tur\u00edsticos de <strong>Arma\u00e7\u00e3o dos B\u00fazios<\/strong>:<\/p>\n\n\n\n<figure class=\"wp-block-embed is-type-video is-provider-youtube wp-block-embed-youtube wp-embed-aspect-16-9 wp-has-aspect-ratio\"><div class=\"wp-block-embed__wrapper\">\n<div class=\"jeg_video_container jeg_video_content\"><iframe loading=\"lazy\" title=\"B\u00daZIOS, RJ | Roteiro de 3 dias: o que FAZER, melhores PRAIAS e muitas dicas\" width=\"500\" height=\"281\" src=\"https:\/\/www.youtube.com\/embed\/OWaNzFU3yik?feature=oembed\" frameborder=\"0\" allow=\"accelerometer; autoplay; clipboard-write; encrypted-media; gyroscope; picture-in-picture; web-share\" referrerpolicy=\"strict-origin-when-cross-origin\" allowfullscreen><\/iframe><\/div>\n<\/div><\/figure>\n\n\n\n<h2 class=\"wp-block-heading\">Quando ir e o que esperar de cada esta\u00e7\u00e3o<\/h2>\n\n\n\n<p>A pen\u00ednsula tem clima tropical e dias ensolarados praticamente o ano inteiro, o que torna qualquer \u00e9poca vi\u00e1vel para a visita. Cada esta\u00e7\u00e3o, por\u00e9m, oferece um ritmo diferente:<\/p>\n\n\n\n<style>\n    .clima-grid-uai109 { \n        --cor-primaria: #0278c0; --cor-secundaria: #ffd31a; --cor-txt-secundaria: #0278c0;\n        display: grid; grid-template-columns: repeat(auto-fit, minmax(190px, 1fr)); gap: 15px; justify-content: center; padding: 10px;\n    }\n    .clima-card-uai109 { border: 5px solid var(--cor-primaria); border-top: 5px solid var(--cor-secundaria); border-radius: 12px; background-color: var(--cor-primaria); background-clip: padding-box; display: flex; flex-direction: column; overflow: hidden; cursor: pointer; box-shadow: 0 6px 12px rgba(0,0,0, 0.2); transition: transform 0.2s ease, box-shadow 0.2s ease; -webkit-tap-highlight-color: transparent; user-select: none; transform: translateZ(0); animation: wmFadeIn 0.6s cubic-bezier(0.2, 0.8, 0.2, 1) backwards; }\n    .clima-card-uai109:focus-visible { outline: 3px dashed var(--cor-secundaria); outline-offset: 4px; }\n    .clima-card-uai109:nth-child(1) { animation-delay: 0.1s; } .clima-card-uai109:nth-child(2) { animation-delay: 0.2s; } .clima-card-uai109:nth-child(3) { animation-delay: 0.3s; } .clima-card-uai109:nth-child(4) { animation-delay: 0.4s; }\n    @keyframes wmFadeIn { from { opacity: 0; transform: translateY(30px); } to { opacity: 1; transform: translateY(0); } }\n    .clima-card-uai109:hover { transform: translateY(-5px); box-shadow: 0 15px 30px rgba(0,0,0, 0.3); }\n    .clima-card-uai109:active { transform: translateY(-1px) scale(0.97); box-shadow: 0 3px 6px rgba(0,0,0, 0.2); transition: transform 0.05s ease, box-shadow 0.05s ease; }\n    .clima-header-uai109 { background: #fdfbf5; padding: 15px 10px; text-align: center; display: flex; flex-direction: column; align-items: center; justify-content: center; }\n    .clima-body-uai109 { background: #ffffff; padding: 15px; display: flex; flex-direction: column; flex-grow: 1; align-items: center; }\n    .clima-destaque-uai109 { box-shadow: 0 8px 16px rgba(0,0,0, 0.25); }\n    .clima-destaque-uai109:hover { box-shadow: 0 18px 36px rgba(0,0,0, 0.35); }\n    .clima-destaque-uai109 .clima-header-uai109 { background: var(--cor-secundaria); }\n    .clima-destaque-uai109 .clima-header-uai109 .clima-titulo-uai109 { color: var(--cor-txt-secundaria) !important; } \n    .clima-pill-uai109 { display: flex; white-space: normal; max-width: 100%; box-sizing: border-box; justify-content: center; align-items: center; text-align: center; background: #e6f2fa; color: var(--cor-primaria); font-size: 11px; font-weight: 900 !important; letter-spacing: 0.5px; padding: 8px 16px; border-radius: 16px; text-transform: uppercase; line-height: 1.4; box-shadow: 0 4px 8px rgba(0,0,0, 0.15); margin-top: auto; transition: transform 0.2s ease; }\n    .clima-destaque-uai109 .clima-pill-uai109 { background: var(--cor-primaria); color: #ffffff; border: 1px solid #ffffff; } \n    .clima-card-uai109:hover .clima-pill-uai109 { transform: scale(1.06); }\n    .clima-pill-uai109 span { font-weight: 900 !important; color: inherit; } \n    .clima-emoji-uai109 { font-size: 24px; line-height: 1; margin-bottom: 5px; }\n    .clima-titulo-uai109 { color: var(--cor-primaria); font-size: 16px; text-transform: uppercase; margin-top: 5px; font-weight: bold; }\n    .clima-mes-uai109 { font-size: 11px; font-weight: 800; color: var(--cor-primaria); text-transform: uppercase; margin-bottom: 5px; display: block; }\n    .clima-temp-uai109 { font-size: 26px; font-weight: 900; color: var(--cor-primaria); margin-bottom: 10px; }\n    .clima-desc-uai109 { font-size: 13px; color: #444; text-align: center; line-height: 1.5; margin-bottom: 15px; flex-grow: 1;}\n    .clima-desc-uai109 strong { color: #111; }\n    @media (prefers-color-scheme: dark) {\n        .clima-card-uai109 { border-color: #014f7d; background-color: #014f7d; box-shadow: 0 6px 12px rgba(0,0,0, 0.5); }\n        .clima-header-uai109 { background: #1a1a1a; } .clima-body-uai109 { background: #121212; }\n        .clima-destaque-uai109 .clima-header-uai109 { background: var(--cor-secundaria); }\n        .clima-destaque-uai109 .clima-header-uai109 .clima-titulo-uai109 { color: var(--cor-txt-secundaria) !important; }\n        .clima-titulo-uai109 { color: #63b2e8; } .clima-mes-uai109 { color: #63b2e8; } .clima-temp-uai109 { color: #63b2e8; } .clima-desc-uai109 { color: #cccccc; } .clima-desc-uai109 strong { color: #ffffff; }\n        .clima-pill-uai109 { background: #014f7d; color: #ffffff; box-shadow: 0 4px 8px rgba(0, 0, 0, 0.5); }\n        .clima-destaque-uai109 .clima-pill-uai109 { background: #013859; color: #ffffff; border-color: #63b2e8; }\n    }\n<\/style>\n<div class=\"google-auto-ads-ignore clima-grid-uai109\" style=\"box-sizing: border-box; width: 100%; max-width: 980px; margin: 30px auto; font-family: 'Segoe UI', Roboto, Helvetica, Arial, sans-serif;\">\n    <div class=\"clima-card-uai109 clima-destaque-uai109\" tabindex=\"0\">\n        <div class=\"clima-header-uai109\"><div class=\"clima-emoji-uai109\" aria-hidden=\"true\">\ud83c\udf89<\/div><div class=\"clima-titulo-uai109\">Ver\u00e3o<\/div><\/div>\n        <div class=\"clima-body-uai109\">\n            <time class=\"clima-mes-uai109\">Dezembro a fevereiro<\/time><div class=\"clima-temp-uai109\">23\u00b0C a 30\u00b0C<\/div>\n            <div class=\"clima-desc-uai109\">A pen\u00ednsula ferve! Apesar de concentrar as chuvas de ver\u00e3o, a alta temporada lota a cidade com o charme e a inesquec\u00edvel <strong>vida noturna na Rua das Pedras<\/strong>.<\/div>\n            <div class=\"clima-pill-uai109\"><span>\u2b50 Alta Temporada \/ Agito<\/span><\/div>\n        <\/div>\n    <\/div>\n    <div class=\"clima-card-uai109\" tabindex=\"0\">\n        <div class=\"clima-header-uai109\"><div class=\"clima-emoji-uai109\" aria-hidden=\"true\">\ud83e\udd3f<\/div><div class=\"clima-titulo-uai109\">Outono<\/div><\/div>\n        <div class=\"clima-body-uai109\">\n            <time class=\"clima-mes-uai109\">Mar\u00e7o a maio<\/time><div class=\"clima-temp-uai109\">21\u00b0C a 27\u00b0C<\/div>\n            <div class=\"clima-desc-uai109\">A temperatura do mar e do ar ficam muito agrad\u00e1veis. Excelente fase para o <strong>mergulho em Jo\u00e3o Fernandes<\/strong> sem a hiper lota\u00e7\u00e3o das f\u00e9rias.<\/div>\n            <div class=\"clima-pill-uai109\"><span>\u2601\ufe0f Chuva M\u00e9dia<\/span><\/div>\n        <\/div>\n    <\/div>\n    <div class=\"clima-card-uai109\" tabindex=\"0\">\n        <div class=\"clima-header-uai109\"><div class=\"clima-emoji-uai109\" aria-hidden=\"true\">\u26f5<\/div><div class=\"clima-titulo-uai109\">Inverno<\/div><\/div>\n        <div class=\"clima-body-uai109\">\n            <time class=\"clima-mes-uai109\">Junho a agosto<\/time><div class=\"clima-temp-uai109\">17\u00b0C a 25\u00b0C<\/div>\n            <div class=\"clima-desc-uai109\">A \u00e1gua esfria na regi\u00e3o dos Lagos, mas a \u00e9poca \u00e9 a mais seca do ano. \u00d3timo cen\u00e1rio para <strong>passeios de escuna e prestigiar a gastronomia<\/strong> fina.<\/div>\n            <div class=\"clima-pill-uai109\"><span>\ud83c\udf92 Chuva Baixa \/ Seco<\/span><\/div>\n        <\/div>\n    <\/div>\n    <div class=\"clima-card-uai109\" tabindex=\"0\">\n        <div class=\"clima-header-uai109\"><div class=\"clima-emoji-uai109\" aria-hidden=\"true\">\ud83c\udfd6\ufe0f<\/div><div class=\"clima-titulo-uai109\">Primavera<\/div><\/div>\n        <div class=\"clima-body-uai109\">\n            <time class=\"clima-mes-uai109\">Setembro a novembro<\/time><div class=\"clima-temp-uai109\">20\u00b0C a 28\u00b0C<\/div>\n            <div class=\"clima-desc-uai109\">A vida ao ar livre ganha f\u00f4lego antes das chuvas intensas retornarem. Per\u00edodo indicado para fazer <strong>trilhas e aproveitar as praias menos cheias<\/strong>.<\/div>\n            <div class=\"clima-pill-uai109\"><span>\u2601\ufe0f Chuva M\u00e9dia<\/span><\/div>\n        <\/div>\n    <\/div>\n<\/div>\n\n\n\n<p><em>Temperaturas aproximadas com base no <a href=\"https:\/\/www.climatempo.com.br\/previsao-do-tempo\/cidade\/291\/buzios-rj\" target=\"_blank\" rel=\"noreferrer noopener\"><strong>Climatempo<\/strong><\/a>. Condi\u00e7\u00f5es podem variar.<\/em><\/p>\n\n\n\n<h2 class=\"wp-block-heading\">Como chegar \u00e0 pen\u00ednsula fluminense<\/h2>\n\n\n\n<p>A cidade fica a cerca de 170 km da capital fluminense, em uma viagem de carro de aproximadamente duas horas e meia pela <strong>Via Lagos<\/strong>, segundo a <a href=\"https:\/\/riotur.rio\/en\/que_fazer\/buzios-2\/\" target=\"_blank\" rel=\"noreferrer noopener\"><strong>Riotur<\/strong><\/a>. Quem prefere \u00f4nibus pode embarcar na Rodovi\u00e1ria Novo Rio em linhas diretas at\u00e9 o terminal local.<\/p>\n\n\n\n<p>Para quem chega de avi\u00e3o, o aeroporto mais pr\u00f3ximo \u00e9 o de Cabo Frio, a cerca de 25 km do centro de B\u00fazios. O <strong>Aeroporto Internacional Tom Jobim (Gale\u00e3o)<\/strong>, no Rio, \u00e9 a alternativa para voos comerciais regulares, com transfer ou aluguel de carro at\u00e9 o destino.<\/p>\n\n\n\n<h2 class=\"wp-block-heading\">Conhe\u00e7a a pen\u00ednsula que conquistou o mundo<\/h2>\n\n\n\n<p>A combina\u00e7\u00e3o de 23 praias em apenas 8 km de costa, lei que preserva a escala da vila e quatro selos internacionais transforma <strong>B\u00fazios<\/strong> em um caso \u00fanico no litoral brasileiro. Mais de seis d\u00e9cadas depois da temporada de Bardot, a pen\u00ednsula segue equilibrando charme r\u00fastico e sofistica\u00e7\u00e3o cosmopolita.<\/p>\n\n\n\n<p>Voc\u00ea precisa pegar a Via Lagos e descobrir por que essa antiga vila de pescadores ainda recebe turistas do mundo inteiro com a mesma promessa que conquistou uma estrela francesa em 1964.<\/p>\n","protected":false},"excerpt":{"rendered":"<p>Quando Brigitte Bardot desembarcou em 1964 na pequena vila de pescadores que ainda nem tinha luz el\u00e9trica, ningu\u00e9m imaginava o que viria a seguir. Hoje, Arma\u00e7\u00e3o dos B\u00fazios re\u00fane 23 praias em uma faixa de 8 km e \u00e9 a \u00fanica cidade fluminense com quatro praias certificadas pelo selo internacional Bandeira Azul. Como uma atriz [&hellip;]<\/p>\n","protected":false},"author":14,"featured_media":118636,"comment_status":"open","ping_status":"open","sticky":false,"template":"","format":"standard","meta":{"jnews-multi-image_gallery":[],"jnews_single_post":{"format":"standard"},"jnews_primary_category":[],"jnews_social_meta":[],"jnews_override_counter":[],"footnotes":""},"categories":[210],"tags":[234],"class_list":["post-127698","post","type-post","status-publish","format-standard","has-post-thumbnail","hentry","category-cidades","tag-cidades"],"yoast_head":"<!-- This site is optimized with the Yoast SEO plugin v26.5 - https:\/\/yoast.com\/wordpress\/plugins\/seo\/ -->\n<title>A \u00fanica cidade do Rio com 4 selos internacionais: o para\u00edso descoberto por Brigitte Bardot em 1964 - UAI Not\u00edcias<\/title>\n<meta name=\"description\" content=\"Com 4 selos de qualidade internacional, este destino descoberto por Bardot une sofistica\u00e7\u00e3o e belezas naturais no RJ. Veja os detalhes.\" \/>\n<meta name=\"robots\" content=\"index, follow, max-snippet:-1, max-image-preview:large, max-video-preview:-1\" \/>\n<link rel=\"canonical\" href=\"https:\/\/www.uai.com.br\/uainoticias\/2026\/04\/28\/a-unica-cidade-do-rio-com-4-selos-internacionais-o-paraiso-descoberto-por-brigitte-bardot-em-1964\/\" \/>\n<meta property=\"og:locale\" content=\"pt_BR\" \/>\n<meta property=\"og:type\" content=\"article\" \/>\n<meta property=\"og:title\" content=\"A \u00fanica cidade do Rio com 4 selos internacionais: o para\u00edso descoberto por Brigitte Bardot em 1964 - UAI Not\u00edcias\" \/>\n<meta property=\"og:description\" content=\"Com 4 selos de qualidade internacional, este destino descoberto por Bardot une sofistica\u00e7\u00e3o e belezas naturais no RJ. Veja os detalhes.\" \/>\n<meta property=\"og:url\" content=\"https:\/\/www.uai.com.br\/uainoticias\/2026\/04\/28\/a-unica-cidade-do-rio-com-4-selos-internacionais-o-paraiso-descoberto-por-brigitte-bardot-em-1964\/\" \/>\n<meta property=\"og:site_name\" content=\"UAI Not\u00edcias\" \/>\n<meta property=\"article:published_time\" content=\"2026-04-28T20:00:00+00:00\" \/>\n<meta property=\"og:image\" content=\"https:\/\/www.uai.com.br\/uainoticias\/wp-content\/uploads\/2026\/03\/IMAGEM_720p_1774420868259.jpg\" \/>\n\t<meta property=\"og:image:width\" content=\"1280\" \/>\n\t<meta property=\"og:image:height\" content=\"720\" \/>\n\t<meta property=\"og:image:type\" content=\"image\/jpeg\" \/>\n<meta name=\"author\" content=\"Vitor Bruno\" \/>\n<meta name=\"twitter:card\" content=\"summary_large_image\" \/>\n<meta name=\"twitter:label1\" content=\"Escrito por\" \/>\n\t<meta name=\"twitter:data1\" content=\"Vitor Bruno\" \/>\n\t<meta name=\"twitter:label2\" content=\"Est. tempo de leitura\" \/>\n\t<meta name=\"twitter:data2\" content=\"7 minutos\" \/>\n<!-- \/ Yoast SEO plugin. -->","yoast_head_json":{"title":"A \u00fanica cidade do Rio com 4 selos internacionais: o para\u00edso descoberto por Brigitte Bardot em 1964 - UAI Not\u00edcias","description":"Com 4 selos de qualidade internacional, este destino descoberto por Bardot une sofistica\u00e7\u00e3o e belezas naturais no RJ. Veja os detalhes.","robots":{"index":"index","follow":"follow","max-snippet":"max-snippet:-1","max-image-preview":"max-image-preview:large","max-video-preview":"max-video-preview:-1"},"canonical":"https:\/\/www.uai.com.br\/uainoticias\/2026\/04\/28\/a-unica-cidade-do-rio-com-4-selos-internacionais-o-paraiso-descoberto-por-brigitte-bardot-em-1964\/","og_locale":"pt_BR","og_type":"article","og_title":"A \u00fanica cidade do Rio com 4 selos internacionais: o para\u00edso descoberto por Brigitte Bardot em 1964 - UAI Not\u00edcias","og_description":"Com 4 selos de qualidade internacional, este destino descoberto por Bardot une sofistica\u00e7\u00e3o e belezas naturais no RJ. Veja os detalhes.","og_url":"https:\/\/www.uai.com.br\/uainoticias\/2026\/04\/28\/a-unica-cidade-do-rio-com-4-selos-internacionais-o-paraiso-descoberto-por-brigitte-bardot-em-1964\/","og_site_name":"UAI Not\u00edcias","article_published_time":"2026-04-28T20:00:00+00:00","og_image":[{"width":1280,"height":720,"url":"https:\/\/www.uai.com.br\/uainoticias\/wp-content\/uploads\/2026\/03\/IMAGEM_720p_1774420868259.jpg","type":"image\/jpeg"}],"author":"Vitor Bruno","twitter_card":"summary_large_image","twitter_misc":{"Escrito por":"Vitor Bruno","Est. tempo de leitura":"7 minutos"},"schema":{"@context":"https:\/\/schema.org","@graph":[{"@type":"WebPage","@id":"https:\/\/www.uai.com.br\/uainoticias\/2026\/04\/28\/a-unica-cidade-do-rio-com-4-selos-internacionais-o-paraiso-descoberto-por-brigitte-bardot-em-1964\/","url":"https:\/\/www.uai.com.br\/uainoticias\/2026\/04\/28\/a-unica-cidade-do-rio-com-4-selos-internacionais-o-paraiso-descoberto-por-brigitte-bardot-em-1964\/","name":"A \u00fanica cidade do Rio com 4 selos internacionais: o para\u00edso descoberto por Brigitte Bardot em 1964 - UAI Not\u00edcias","isPartOf":{"@id":"https:\/\/www.uai.com.br\/uainoticias\/#website"},"primaryImageOfPage":{"@id":"https:\/\/www.uai.com.br\/uainoticias\/2026\/04\/28\/a-unica-cidade-do-rio-com-4-selos-internacionais-o-paraiso-descoberto-por-brigitte-bardot-em-1964\/#primaryimage"},"image":{"@id":"https:\/\/www.uai.com.br\/uainoticias\/2026\/04\/28\/a-unica-cidade-do-rio-com-4-selos-internacionais-o-paraiso-descoberto-por-brigitte-bardot-em-1964\/#primaryimage"},"thumbnailUrl":"https:\/\/www.uai.com.br\/uainoticias\/wp-content\/uploads\/2026\/03\/IMAGEM_720p_1774420868259.jpg","datePublished":"2026-04-28T20:00:00+00:00","author":{"@id":"https:\/\/www.uai.com.br\/uainoticias\/#\/schema\/person\/03130d752d0ce4e3bb0f607f1bc85084"},"description":"Com 4 selos de qualidade internacional, este destino descoberto por Bardot une sofistica\u00e7\u00e3o e belezas naturais no RJ. Veja os detalhes.","breadcrumb":{"@id":"https:\/\/www.uai.com.br\/uainoticias\/2026\/04\/28\/a-unica-cidade-do-rio-com-4-selos-internacionais-o-paraiso-descoberto-por-brigitte-bardot-em-1964\/#breadcrumb"},"inLanguage":"pt-BR","potentialAction":[{"@type":"ReadAction","target":["https:\/\/www.uai.com.br\/uainoticias\/2026\/04\/28\/a-unica-cidade-do-rio-com-4-selos-internacionais-o-paraiso-descoberto-por-brigitte-bardot-em-1964\/"]}]},{"@type":"ImageObject","inLanguage":"pt-BR","@id":"https:\/\/www.uai.com.br\/uainoticias\/2026\/04\/28\/a-unica-cidade-do-rio-com-4-selos-internacionais-o-paraiso-descoberto-por-brigitte-bardot-em-1964\/#primaryimage","url":"https:\/\/www.uai.com.br\/uainoticias\/wp-content\/uploads\/2026\/03\/IMAGEM_720p_1774420868259.jpg","contentUrl":"https:\/\/www.uai.com.br\/uainoticias\/wp-content\/uploads\/2026\/03\/IMAGEM_720p_1774420868259.jpg","width":1280,"height":720,"caption":"Arma\u00e7\u00e3o dos B\u00fazios ostenta o selo internacional Bandeira Azul em tr\u00eas praias (imagem ilustrativa)"},{"@type":"BreadcrumbList","@id":"https:\/\/www.uai.com.br\/uainoticias\/2026\/04\/28\/a-unica-cidade-do-rio-com-4-selos-internacionais-o-paraiso-descoberto-por-brigitte-bardot-em-1964\/#breadcrumb","itemListElement":[{"@type":"ListItem","position":1,"name":"In\u00edcio","item":"https:\/\/www.uai.com.br\/uainoticias\/"},{"@type":"ListItem","position":2,"name":"A \u00fanica cidade do Rio com 4 selos internacionais: o para\u00edso descoberto por Brigitte Bardot em 1964"}]},{"@type":"WebSite","@id":"https:\/\/www.uai.com.br\/uainoticias\/#website","url":"https:\/\/www.uai.com.br\/uainoticias\/","name":"UAI Not\u00edcias","description":"Acompanhe as \u00faltimas not\u00edcias e fique bem informado sobre tudo o que acontece no Brasil e no mundo.","potentialAction":[{"@type":"SearchAction","target":{"@type":"EntryPoint","urlTemplate":"https:\/\/www.uai.com.br\/uainoticias\/?s={search_term_string}"},"query-input":{"@type":"PropertyValueSpecification","valueRequired":true,"valueName":"search_term_string"}}],"inLanguage":"pt-BR"},{"@type":"Person","@id":"https:\/\/www.uai.com.br\/uainoticias\/#\/schema\/person\/03130d752d0ce4e3bb0f607f1bc85084","name":"Vitor Bruno","image":{"@type":"ImageObject","inLanguage":"pt-BR","@id":"https:\/\/www.uai.com.br\/uainoticias\/#\/schema\/person\/image\/","url":"https:\/\/secure.gravatar.com\/avatar\/ab0513148053bbb80c117cdd35f8a0f2742d41eebbac321acf8df2e633d81609?s=96&d=mm&r=g","contentUrl":"https:\/\/secure.gravatar.com\/avatar\/ab0513148053bbb80c117cdd35f8a0f2742d41eebbac321acf8df2e633d81609?s=96&d=mm&r=g","caption":"Vitor Bruno"},"sameAs":["https:\/\/www.uai.com.br\/uainoticias\/"],"url":"https:\/\/www.uai.com.br\/uainoticias\/author\/vitor\/"}]}},"_links":{"self":[{"href":"https:\/\/www.uai.com.br\/uainoticias\/wp-json\/wp\/v2\/posts\/127698","targetHints":{"allow":["GET"]}}],"collection":[{"href":"https:\/\/www.uai.com.br\/uainoticias\/wp-json\/wp\/v2\/posts"}],"about":[{"href":"https:\/\/www.uai.com.br\/uainoticias\/wp-json\/wp\/v2\/types\/post"}],"author":[{"embeddable":true,"href":"https:\/\/www.uai.com.br\/uainoticias\/wp-json\/wp\/v2\/users\/14"}],"replies":[{"embeddable":true,"href":"https:\/\/www.uai.com.br\/uainoticias\/wp-json\/wp\/v2\/comments?post=127698"}],"version-history":[{"count":7,"href":"https:\/\/www.uai.com.br\/uainoticias\/wp-json\/wp\/v2\/posts\/127698\/revisions"}],"predecessor-version":[{"id":128052,"href":"https:\/\/www.uai.com.br\/uainoticias\/wp-json\/wp\/v2\/posts\/127698\/revisions\/128052"}],"wp:featuredmedia":[{"embeddable":true,"href":"https:\/\/www.uai.com.br\/uainoticias\/wp-json\/wp\/v2\/media\/118636"}],"wp:attachment":[{"href":"https:\/\/www.uai.com.br\/uainoticias\/wp-json\/wp\/v2\/media?parent=127698"}],"wp:term":[{"taxonomy":"category","embeddable":true,"href":"https:\/\/www.uai.com.br\/uainoticias\/wp-json\/wp\/v2\/categories?post=127698"},{"taxonomy":"post_tag","embeddable":true,"href":"https:\/\/www.uai.com.br\/uainoticias\/wp-json\/wp\/v2\/tags?post=127698"}],"curies":[{"name":"wp","href":"https:\/\/api.w.org\/{rel}","templated":true}]}}