{"id":127697,"date":"2026-04-28T16:25:00","date_gmt":"2026-04-28T19:25:00","guid":{"rendered":"https:\/\/www.uai.com.br\/uainoticias\/?p=127697"},"modified":"2026-04-28T05:21:35","modified_gmt":"2026-04-28T08:21:35","slug":"a-5a-melhor-qualidade-de-vida-de-minas-e-quase-100-das-criancas-na-escola-a-cidade-do-interior-que-virou-referencia-em-ciencia","status":"publish","type":"post","link":"https:\/\/www.uai.com.br\/uainoticias\/2026\/04\/28\/a-5a-melhor-qualidade-de-vida-de-minas-e-quase-100-das-criancas-na-escola-a-cidade-do-interior-que-virou-referencia-em-ciencia\/","title":{"rendered":"A 5\u00aa melhor qualidade de vida de Minas e quase 100% das crian\u00e7as na escola: a cidade do interior que virou refer\u00eancia em ci\u00eancia"},"content":{"rendered":"\n<p>A 919 metros de altitude e a 230 km de <strong>Belo Horizonte<\/strong>, <strong>Lavras<\/strong> guarda 99,4% das crian\u00e7as entre 6 e 14 anos dentro da escola e abriga uma universidade entre as 150 melhores do mundo em ci\u00eancias agr\u00e1rias.<\/p>\n\n\n\n<h2 class=\"wp-block-heading\">Por que Lavras virou a Atenas Mineira no sul de Minas<\/h2>\n\n\n\n<p>A voca\u00e7\u00e3o acad\u00eamica nasceu cedo. Em apenas 16 anos, entre 1892 e 1908, a cidade ganhou quatro institui\u00e7\u00f5es de ensino que mudariam seu perfil para sempre: o Instituto Evang\u00e9lico, o Col\u00e9gio Nossa Senhora de Lourdes, o Grupo Escolar de Lavras e a Escola Agr\u00edcola fundada pelo mission\u00e1rio americano Samuel Rhea Gammon.<\/p>\n\n\n\n<p>O apelido de Atenas Mineira veio do jornalista <strong>Jorge Duarte<\/strong>, impressionado com a concentra\u00e7\u00e3o de col\u00e9gios. A Escola Agr\u00edcola virou a <strong>Universidade Federal de Lavras (UFLA)<\/strong> em 1994 e hoje atrai estudantes de todo o pa\u00eds, dando \u00e0 cidade uma vida cultural rara para o porte.<\/p>\n\n\n<div class=\"wp-block-image\">\n<figure class=\"aligncenter size-large\"><img decoding=\"async\" width=\"1024\" height=\"576\" src=\"https:\/\/www.uai.com.br\/uainoticias\/wp-content\/uploads\/2026\/01\/Lavras4-1024x576.jpg\" alt=\"\" class=\"wp-image-100877\" srcset=\"https:\/\/www.uai.com.br\/uainoticias\/wp-content\/uploads\/2026\/01\/Lavras4-1024x576.jpg 1024w, https:\/\/www.uai.com.br\/uainoticias\/wp-content\/uploads\/2026\/01\/Lavras4-300x169.jpg 300w, https:\/\/www.uai.com.br\/uainoticias\/wp-content\/uploads\/2026\/01\/Lavras4-768x432.jpg 768w, https:\/\/www.uai.com.br\/uainoticias\/wp-content\/uploads\/2026\/01\/Lavras4-750x422.jpg 750w, https:\/\/www.uai.com.br\/uainoticias\/wp-content\/uploads\/2026\/01\/Lavras4-1140x641.jpg 1140w, https:\/\/www.uai.com.br\/uainoticias\/wp-content\/uploads\/2026\/01\/Lavras4.jpg 1280w\" sizes=\"(max-width: 1024px) 100vw, 1024px\" \/><figcaption class=\"wp-element-caption\">Universidade Federal de Lavras (UFLA) &#8211; Lavras, Minas Gerais \/\/ Cr\u00e9ditos: Wikimedia Commons<\/figcaption><\/figure><\/div>\n\n\n<h2 class=\"wp-block-heading\">Vale a pena morar em Lavras<\/h2>\n\n\n\n<p>Os n\u00fameros refor\u00e7am o motivo. A <a href=\"https:\/\/lavras.mg.gov.br\/capa\/lavras-se-destaca-em-rankings-de-qualidade-de-vida-e-seguranca\/\" target=\"_blank\" rel=\"noreferrer noopener\"><strong>Prefeitura de Lavras<\/strong><\/a> divulgou que o munic\u00edpio ocupa a 5\u00aa posi\u00e7\u00e3o entre as melhores cidades mineiras para viver, com qualidade de vida medida em 0,782 pelo <strong>Instituto Brasileiro de Geografia e Estat\u00edstica (IBGE)<\/strong>. No \u00cdndice de Progresso Social, a cidade aparece em 7\u00ba lugar, indicador que mede inclus\u00e3o e acesso a direitos b\u00e1sicos.<\/p>\n\n\n\n<p>A seguran\u00e7a tamb\u00e9m pesa. Lavras \u00e9 a 2\u00aa cidade mais segura de Minas Gerais e a 20\u00aa no ranking nacional, conforme o Anu\u00e1rio Cidades Mais Seguras do Brasil 2025. A educa\u00e7\u00e3o concentra o maior brilho: o <a href=\"https:\/\/www.ibge.gov.br\/cidades-e-estados\/mg\/lavras.html\" target=\"_blank\" rel=\"noreferrer noopener\"><strong>IBGE<\/strong><\/a> registra 99,4% de escolariza\u00e7\u00e3o entre crian\u00e7as de 6 a 14 anos, e a Prefeitura conquistou pelo segundo ano seguido o Selo Ouro do <strong>Minist\u00e9rio da Educa\u00e7\u00e3o (MEC)<\/strong>.<\/p>\n\n\n<div class=\"wp-block-image\">\n<figure class=\"aligncenter size-large\"><img decoding=\"async\" width=\"1024\" height=\"576\" src=\"https:\/\/www.uai.com.br\/uainoticias\/wp-content\/uploads\/2025\/12\/Lavras-1024x576.jpg\" alt=\"A Atenas Mineira mostra qualidade de vida e crescimento constante com mais de 105 mil habitantes\" class=\"wp-image-93165\" srcset=\"https:\/\/www.uai.com.br\/uainoticias\/wp-content\/uploads\/2025\/12\/Lavras-1024x576.jpg 1024w, https:\/\/www.uai.com.br\/uainoticias\/wp-content\/uploads\/2025\/12\/Lavras-300x169.jpg 300w, https:\/\/www.uai.com.br\/uainoticias\/wp-content\/uploads\/2025\/12\/Lavras-768x432.jpg 768w, https:\/\/www.uai.com.br\/uainoticias\/wp-content\/uploads\/2025\/12\/Lavras-750x422.jpg 750w, https:\/\/www.uai.com.br\/uainoticias\/wp-content\/uploads\/2025\/12\/Lavras-1140x641.jpg 1140w, https:\/\/www.uai.com.br\/uainoticias\/wp-content\/uploads\/2025\/12\/Lavras.jpg 1280w\" sizes=\"(max-width: 1024px) 100vw, 1024px\" \/><figcaption class=\"wp-element-caption\">Lavras revela-se como uma pot\u00eancia educacional e econ\u00f4mica estrategicamente posicionada \/\/ Cr\u00e9ditos: Wikimedia Commons<\/figcaption><\/figure><\/div>\n\n\n<h2 class=\"wp-block-heading\">Universidade Federal de Lavras entre as 150 melhores do mundo<\/h2>\n\n\n\n<p>Esse t\u00edtulo tem peso. Na edi\u00e7\u00e3o mais recente do <a href=\"https:\/\/ufla.br\/noticias\/institucional\/18392-qs-by-subject-2026-ufla-esta-entre-as-melhores-universidades-do-mundo-em-ciencias-agrarias-e-florestais\" target=\"_blank\" rel=\"noreferrer noopener\"><strong>QS World University Rankings by Subject<\/strong><\/a>, publicada em 2026, a UFLA reentrou na faixa 101 a 150 do mundo em Ci\u00eancias Agr\u00e1rias e Florestais, entre 475 universidades avaliadas no campo.<\/p>\n\n\n\n<p>No cen\u00e1rio brasileiro, a institui\u00e7\u00e3o s\u00f3 fica atr\u00e1s da Universidade de S\u00e3o Paulo, da Unicamp e da Unesp, o que a coloca como a melhor federal do pa\u00eds na \u00e1rea. Dez professores da casa figuram na lista do portal Research.com entre os melhores cientistas do mundo, com cinco docentes apenas em Ci\u00eancias Agr\u00e1rias. A nota m\u00e1xima 5 no \u00cdndice Geral de Cursos do MEC fecha o curr\u00edculo internacional.<\/p>\n\n\n\n<p><strong>Leia tamb\u00e9m: <a href=\"https:\/\/www.uai.com.br\/uainoticias\/2026\/04\/25\/essa-cidade-nordestina-esta-em-alta-447-mais-estrangeiros-escolheram-esse-paraiso-de-mar-morno-e-brisa-perfeita\/\" target=\"_blank\" rel=\"noreferrer noopener\">Essa cidade nordestina est\u00e1 em alta: 44,7% mais estrangeiros escolheram esse para\u00edso de mar morno e brisa perfeita<\/a><\/strong><\/p>\n\n\n\n<h2 class=\"wp-block-heading\">O que fazer em Lavras e onde comer bem<\/h2>\n\n\n\n<p>O roteiro mistura mata atl\u00e2ntica, heran\u00e7a ferrovi\u00e1ria e cotidiano universit\u00e1rio. A maioria das atra\u00e7\u00f5es fica a poucos minutos do centro:<\/p>\n\n\n\n<ul class=\"wp-block-list\">\n<li><strong>Parque Ecol\u00f3gico Quedas do Rio Bonito<\/strong>: 235 hectares de Mata Atl\u00e2ntica na <a href=\"https:\/\/www.minasgerais.com.br\/pt\/atracoes\/lavras\/poco-bonito\" target=\"_blank\" rel=\"noreferrer noopener\"><strong>Serra da Bocaina<\/strong><\/a>, com cachoeiras, trilhas, tirolesa e piscinas naturais. Fica a 9 km do centro pela BR-354.<\/li>\n\n\n\n<li><strong>Campus da UFLA<\/strong>: alamedas arborizadas, jardim bot\u00e2nico e o Museu Bi Moreira, com cerca de 5.000 pe\u00e7as sobre a hist\u00f3ria regional.<\/li>\n\n\n\n<li><strong>Lago do Funil<\/strong>: represa formada pela Usina Hidrel\u00e9trica do Funil, a 14 km do centro, com camping, mergulho e passeios de barco.<\/li>\n\n\n\n<li><strong>Mirante da Serra da Bocaina<\/strong>: vista panor\u00e2mica da cidade e das serras vizinhas, acesso por estrada de terra.<\/li>\n\n\n\n<li><a href=\"https:\/\/institutoestradareal.com.br\/cidades\/lavras-mg\/\" target=\"_blank\" rel=\"noreferrer noopener\"><strong>Igreja do Ros\u00e1rio<\/strong><\/a>: a constru\u00e7\u00e3o mais antiga do munic\u00edpio, com arquitetura colonial do s\u00e9culo XVIII.<\/li>\n\n\n\n<li><strong>Esta\u00e7\u00e3o Costa Pinto<\/strong>: antiga esta\u00e7\u00e3o ferrovi\u00e1ria preservada como mem\u00f3ria dos trilhos que cruzavam o sul de Minas.<\/li>\n<\/ul>\n\n\n\n<p>Quem sonha em estudar na <strong>UFLA<\/strong>, vai curtir esse v\u00eddeo especialmente selecionado do canal <strong>Jessica Lois | Faculdade longe de casa<\/strong>, que conta com mais de <strong>2 mil<\/strong> visualiza\u00e7\u00f5es, onde <strong>Jessica Lois<\/strong> mostra um tour pela universidade em <strong>Lavras<\/strong>:<\/p>\n\n\n\n<figure class=\"wp-block-embed is-type-video is-provider-youtube wp-block-embed-youtube wp-embed-aspect-16-9 wp-has-aspect-ratio\"><div class=\"wp-block-embed__wrapper\">\n<div class=\"jeg_video_container jeg_video_content\"><iframe loading=\"lazy\" title=\"Tour pela universidade federal de Lavras (UFLA) | moradia estudantil, restaurante universit\u00e1rio \u2026\" width=\"500\" height=\"281\" src=\"https:\/\/www.youtube.com\/embed\/Cw3qS4BqGJM?feature=oembed\" frameborder=\"0\" allow=\"accelerometer; autoplay; clipboard-write; encrypted-media; gyroscope; picture-in-picture; web-share\" referrerpolicy=\"strict-origin-when-cross-origin\" allowfullscreen><\/iframe><\/div>\n<\/div><\/figure>\n\n\n\n<h2 class=\"wp-block-heading\">Quando ir para Lavras e o que fazer em cada esta\u00e7\u00e3o<\/h2>\n\n\n\n<p>O clima tropical de altitude favorece o ano todo, mas cada \u00e9poca revela uma faceta da cidade. Veja como planejar a viagem:<\/p>\n\n\n\n<style>\n    .clima-grid-uai108 { \n        --cor-primaria: #0278c0; --cor-secundaria: #ffd31a; --cor-txt-secundaria: #0278c0;\n        display: grid; grid-template-columns: repeat(auto-fit, minmax(190px, 1fr)); gap: 15px; justify-content: center; padding: 10px;\n    }\n    .clima-card-uai108 { border: 5px solid var(--cor-primaria); border-top: 5px solid var(--cor-secundaria); border-radius: 12px; background-color: var(--cor-primaria); background-clip: padding-box; display: flex; flex-direction: column; overflow: hidden; cursor: pointer; box-shadow: 0 6px 12px rgba(0,0,0, 0.2); transition: transform 0.2s ease, box-shadow 0.2s ease; -webkit-tap-highlight-color: transparent; user-select: none; transform: translateZ(0); animation: wmFadeIn 0.6s cubic-bezier(0.2, 0.8, 0.2, 1) backwards; }\n    .clima-card-uai108:focus-visible { outline: 3px dashed var(--cor-secundaria); outline-offset: 4px; }\n    .clima-card-uai108:nth-child(1) { animation-delay: 0.1s; } .clima-card-uai108:nth-child(2) { animation-delay: 0.2s; } .clima-card-uai108:nth-child(3) { animation-delay: 0.3s; } .clima-card-uai108:nth-child(4) { animation-delay: 0.4s; }\n    @keyframes wmFadeIn { from { opacity: 0; transform: translateY(30px); } to { opacity: 1; transform: translateY(0); } }\n    .clima-card-uai108:hover { transform: translateY(-5px); box-shadow: 0 15px 30px rgba(0,0,0, 0.3); }\n    .clima-card-uai108:active { transform: translateY(-1px) scale(0.97); box-shadow: 0 3px 6px rgba(0,0,0, 0.2); transition: transform 0.05s ease, box-shadow 0.05s ease; }\n    .clima-header-uai108 { background: #fdfbf5; padding: 15px 10px; text-align: center; display: flex; flex-direction: column; align-items: center; justify-content: center; }\n    .clima-body-uai108 { background: #ffffff; padding: 15px; display: flex; flex-direction: column; flex-grow: 1; align-items: center; }\n    .clima-destaque-uai108 { box-shadow: 0 8px 16px rgba(0,0,0, 0.25); }\n    .clima-destaque-uai108:hover { box-shadow: 0 18px 36px rgba(0,0,0, 0.35); }\n    .clima-destaque-uai108 .clima-header-uai108 { background: var(--cor-secundaria); }\n    .clima-destaque-uai108 .clima-header-uai108 .clima-titulo-uai108 { color: var(--cor-txt-secundaria) !important; } \n    .clima-pill-uai108 { display: flex; white-space: normal; max-width: 100%; box-sizing: border-box; justify-content: center; align-items: center; text-align: center; background: #e6f2fa; color: var(--cor-primaria); font-size: 11px; font-weight: 900 !important; letter-spacing: 0.5px; padding: 8px 16px; border-radius: 16px; text-transform: uppercase; line-height: 1.4; box-shadow: 0 4px 8px rgba(0,0,0, 0.15); margin-top: auto; transition: transform 0.2s ease; }\n    .clima-destaque-uai108 .clima-pill-uai108 { background: var(--cor-primaria); color: #ffffff; border: 1px solid #ffffff; } \n    .clima-card-uai108:hover .clima-pill-uai108 { transform: scale(1.06); }\n    .clima-pill-uai108 span { font-weight: 900 !important; color: inherit; } \n    .clima-emoji-uai108 { font-size: 24px; line-height: 1; margin-bottom: 5px; }\n    .clima-titulo-uai108 { color: var(--cor-primaria); font-size: 16px; text-transform: uppercase; margin-top: 5px; font-weight: bold; }\n    .clima-mes-uai108 { font-size: 11px; font-weight: 800; color: var(--cor-primaria); text-transform: uppercase; margin-bottom: 5px; display: block; }\n    .clima-temp-uai108 { font-size: 26px; font-weight: 900; color: var(--cor-primaria); margin-bottom: 10px; }\n    .clima-desc-uai108 { font-size: 13px; color: #444; text-align: center; line-height: 1.5; margin-bottom: 15px; flex-grow: 1;}\n    .clima-desc-uai108 strong { color: #111; }\n    @media (prefers-color-scheme: dark) {\n        .clima-card-uai108 { border-color: #014f7d; background-color: #014f7d; box-shadow: 0 6px 12px rgba(0,0,0, 0.5); }\n        .clima-header-uai108 { background: #1a1a1a; } .clima-body-uai108 { background: #121212; }\n        .clima-destaque-uai108 .clima-header-uai108 { background: var(--cor-secundaria); }\n        .clima-destaque-uai108 .clima-header-uai108 .clima-titulo-uai108 { color: var(--cor-txt-secundaria) !important; }\n        .clima-titulo-uai108 { color: #63b2e8; } .clima-mes-uai108 { color: #63b2e8; } .clima-temp-uai108 { color: #63b2e8; } .clima-desc-uai108 { color: #cccccc; } .clima-desc-uai108 strong { color: #ffffff; }\n        .clima-pill-uai108 { background: #014f7d; color: #ffffff; box-shadow: 0 4px 8px rgba(0, 0, 0, 0.5); }\n        .clima-destaque-uai108 .clima-pill-uai108 { background: #013859; color: #ffffff; border-color: #63b2e8; }\n    }\n<\/style>\n<div class=\"google-auto-ads-ignore clima-grid-uai108\" style=\"box-sizing: border-box; width: 100%; max-width: 980px; margin: 30px auto; font-family: 'Segoe UI', Roboto, Helvetica, Arial, sans-serif;\">\n    <div class=\"clima-card-uai108\" tabindex=\"0\">\n        <div class=\"clima-header-uai108\"><div class=\"clima-emoji-uai108\" aria-hidden=\"true\">\ud83d\udca6<\/div><div class=\"clima-titulo-uai108\">Ver\u00e3o<\/div><\/div>\n        <div class=\"clima-body-uai108\">\n            <time class=\"clima-mes-uai108\">Dezembro a fevereiro<\/time><div class=\"clima-temp-uai108\">18\u00b0C a 30\u00b0C<\/div>\n            <div class=\"clima-desc-uai108\">As chuvas intensas deixam o clima abafado. Planeje bem seu roteiro e visite as incr\u00edveis <strong>cachoeiras pela manh\u00e3<\/strong> para evitar temporais \u00e0 tarde.<\/div>\n            <div class=\"clima-pill-uai108\"><span>\u2614 Chuva Alta<\/span><\/div>\n        <\/div>\n    <\/div>\n    <div class=\"clima-card-uai108\" tabindex=\"0\">\n        <div class=\"clima-header-uai108\"><div class=\"clima-emoji-uai108\" aria-hidden=\"true\">\ud83c\udfdb\ufe0f<\/div><div class=\"clima-titulo-uai108\">Outono<\/div><\/div>\n        <div class=\"clima-body-uai108\">\n            <time class=\"clima-mes-uai108\">Mar\u00e7o a maio<\/time><div class=\"clima-temp-uai108\">15\u00b0C a 27\u00b0C<\/div>\n            <div class=\"clima-desc-uai108\">A precipita\u00e7\u00e3o diminui e a temperatura se torna muito agrad\u00e1vel, criando a atmosfera ideal para caminhar pelo <strong>centro hist\u00f3rico e visitar caf\u00e9s<\/strong>.<\/div>\n            <div class=\"clima-pill-uai108\"><span>\u2601\ufe0f Chuva M\u00e9dia<\/span><\/div>\n        <\/div>\n    <\/div>\n    <div class=\"clima-card-uai108 clima-destaque-uai108\" tabindex=\"0\">\n        <div class=\"clima-header-uai108\"><div class=\"clima-emoji-uai108\" aria-hidden=\"true\">\ud83c\udf38<\/div><div class=\"clima-titulo-uai108\">Inverno<\/div><\/div>\n        <div class=\"clima-body-uai108\">\n            <time class=\"clima-mes-uai108\">Junho a agosto<\/time><div class=\"clima-temp-uai108\">10\u00b0C a 23\u00b0C<\/div>\n            <div class=\"clima-desc-uai108\">O melhor da cidade! O ar gelado e seco atrai milhares para o <strong>Festival de Inverno, enfeitado pelos tradicionais ip\u00eas floridos<\/strong> nas ruas de Lavras.<\/div>\n            <div class=\"clima-pill-uai108\"><span>\u2b50 Alta Temporada \/ Festival<\/span><\/div>\n        <\/div>\n    <\/div>\n    <div class=\"clima-card-uai108\" tabindex=\"0\">\n        <div class=\"clima-header-uai108\"><div class=\"clima-emoji-uai108\" aria-hidden=\"true\">\ud83e\udd7e<\/div><div class=\"clima-titulo-uai108\">Primavera<\/div><\/div>\n        <div class=\"clima-body-uai108\">\n            <time class=\"clima-mes-uai108\">Setembro a novembro<\/time><div class=\"clima-temp-uai108\">15\u00b0C a 28\u00b0C<\/div>\n            <div class=\"clima-desc-uai108\">A flora volta a ficar verdejante enquanto o calor cresce de forma moderada. Uma \u00f3tima fase para encarar as <strong>trilhas na Serra da Bocaina<\/strong>.<\/div>\n            <div class=\"clima-pill-uai108\"><span>\u2601\ufe0f Chuva M\u00e9dia<\/span><\/div>\n        <\/div>\n    <\/div>\n<\/div>\n\n\n\n<p><em>Temperaturas aproximadas com base no <a href=\"https:\/\/www.climatempo.com.br\/previsao-do-tempo\/cidade\/154\/lavras-mg\" target=\"_blank\" rel=\"noreferrer noopener\"><strong>Climatempo<\/strong><\/a>. Condi\u00e7\u00f5es podem variar.<\/em><\/p>\n\n\n\n<h2 class=\"wp-block-heading\">Como chegar a Atenas Mineira<\/h2>\n\n\n\n<p>De carro, o caminho mais usado parte de Belo Horizonte pela BR-381 e depois pela BR-265, num trajeto de cerca de 230 km. De S\u00e3o Paulo, s\u00e3o aproximadamente 370 km pela Fern\u00e3o Dias e ramais at\u00e9 a cidade. O aeroporto mais pr\u00f3ximo \u00e9 o de <strong>Varginha<\/strong>, a 70 km, com voos comerciais regulares.<\/p>\n\n\n\n<h2 class=\"wp-block-heading\">Conhe\u00e7a a Terra dos Ip\u00eas e das Escolas<\/h2>\n\n\n\n<p>Lavras combina ci\u00eancia reconhecida no exterior, seguran\u00e7a acima da m\u00e9dia e o ritmo acolhedor do interior mineiro. Poucas cidades de seu porte conseguem oferecer essa mistura de universidade global, cachoeira a 9 km do centro e caf\u00e9 especial servido na esquina.<\/p>\n\n\n\n<p>Voc\u00ea precisa subir at\u00e9 o sul de Minas e conhecer Lavras na flora\u00e7\u00e3o dos ip\u00eas para entender por que tantos estudantes acabam ficando para sempre.<\/p>\n","protected":false},"excerpt":{"rendered":"<p>A 919 metros de altitude e a 230 km de Belo Horizonte, Lavras guarda 99,4% das crian\u00e7as entre 6 e 14 anos dentro da escola e abriga uma universidade entre as 150 melhores do mundo em ci\u00eancias agr\u00e1rias. Por que Lavras virou a Atenas Mineira no sul de Minas A voca\u00e7\u00e3o acad\u00eamica nasceu cedo. Em [&hellip;]<\/p>\n","protected":false},"author":14,"featured_media":123623,"comment_status":"open","ping_status":"open","sticky":false,"template":"","format":"standard","meta":{"jnews-multi-image_gallery":[],"jnews_single_post":{"format":"standard"},"jnews_primary_category":[],"jnews_social_meta":[],"jnews_override_counter":[],"footnotes":""},"categories":[210],"tags":[234,17559,253],"class_list":["post-127697","post","type-post","status-publish","format-standard","has-post-thumbnail","hentry","category-cidades","tag-cidades","tag-lavras","tag-minas-gerais"],"yoast_head":"<!-- This site is optimized with the Yoast SEO plugin v26.5 - https:\/\/yoast.com\/wordpress\/plugins\/seo\/ -->\n<title>A 5\u00aa melhor qualidade de vida de Minas e quase 100% das crian\u00e7as na escola: a cidade do interior que virou refer\u00eancia em ci\u00eancia - UAI Not\u00edcias<\/title>\n<meta name=\"description\" content=\"Com quase 100% das crian\u00e7as na escola, esta cidade mineira \u00e9 a 5\u00aa melhor em qualidade de vida e polo de ci\u00eancia. Conhe\u00e7a esse destaque.\" \/>\n<meta name=\"robots\" content=\"index, follow, max-snippet:-1, max-image-preview:large, max-video-preview:-1\" \/>\n<link rel=\"canonical\" href=\"https:\/\/www.uai.com.br\/uainoticias\/2026\/04\/28\/a-5a-melhor-qualidade-de-vida-de-minas-e-quase-100-das-criancas-na-escola-a-cidade-do-interior-que-virou-referencia-em-ciencia\/\" \/>\n<meta property=\"og:locale\" content=\"pt_BR\" \/>\n<meta property=\"og:type\" content=\"article\" \/>\n<meta property=\"og:title\" content=\"A 5\u00aa melhor qualidade de vida de Minas e quase 100% das crian\u00e7as na escola: a cidade do interior que virou refer\u00eancia em ci\u00eancia - UAI Not\u00edcias\" \/>\n<meta property=\"og:description\" content=\"Com quase 100% das crian\u00e7as na escola, esta cidade mineira \u00e9 a 5\u00aa melhor em qualidade de vida e polo de ci\u00eancia. Conhe\u00e7a esse destaque.\" \/>\n<meta property=\"og:url\" content=\"https:\/\/www.uai.com.br\/uainoticias\/2026\/04\/28\/a-5a-melhor-qualidade-de-vida-de-minas-e-quase-100-das-criancas-na-escola-a-cidade-do-interior-que-virou-referencia-em-ciencia\/\" \/>\n<meta property=\"og:site_name\" content=\"UAI Not\u00edcias\" \/>\n<meta property=\"article:published_time\" content=\"2026-04-28T19:25:00+00:00\" \/>\n<meta property=\"og:image\" content=\"https:\/\/www.uai.com.br\/uainoticias\/wp-content\/uploads\/2026\/04\/Woman_walking_blooming_202604141606.jpg\" \/>\n\t<meta property=\"og:image:width\" content=\"1280\" \/>\n\t<meta property=\"og:image:height\" content=\"720\" \/>\n\t<meta property=\"og:image:type\" content=\"image\/jpeg\" \/>\n<meta name=\"author\" content=\"Vitor Bruno\" \/>\n<meta name=\"twitter:card\" content=\"summary_large_image\" \/>\n<meta name=\"twitter:label1\" content=\"Escrito por\" \/>\n\t<meta name=\"twitter:data1\" content=\"Vitor Bruno\" \/>\n\t<meta name=\"twitter:label2\" content=\"Est. tempo de leitura\" \/>\n\t<meta name=\"twitter:data2\" content=\"6 minutos\" \/>\n<!-- \/ Yoast SEO plugin. -->","yoast_head_json":{"title":"A 5\u00aa melhor qualidade de vida de Minas e quase 100% das crian\u00e7as na escola: a cidade do interior que virou refer\u00eancia em ci\u00eancia - UAI Not\u00edcias","description":"Com quase 100% das crian\u00e7as na escola, esta cidade mineira \u00e9 a 5\u00aa melhor em qualidade de vida e polo de ci\u00eancia. Conhe\u00e7a esse destaque.","robots":{"index":"index","follow":"follow","max-snippet":"max-snippet:-1","max-image-preview":"max-image-preview:large","max-video-preview":"max-video-preview:-1"},"canonical":"https:\/\/www.uai.com.br\/uainoticias\/2026\/04\/28\/a-5a-melhor-qualidade-de-vida-de-minas-e-quase-100-das-criancas-na-escola-a-cidade-do-interior-que-virou-referencia-em-ciencia\/","og_locale":"pt_BR","og_type":"article","og_title":"A 5\u00aa melhor qualidade de vida de Minas e quase 100% das crian\u00e7as na escola: a cidade do interior que virou refer\u00eancia em ci\u00eancia - UAI Not\u00edcias","og_description":"Com quase 100% das crian\u00e7as na escola, esta cidade mineira \u00e9 a 5\u00aa melhor em qualidade de vida e polo de ci\u00eancia. Conhe\u00e7a esse destaque.","og_url":"https:\/\/www.uai.com.br\/uainoticias\/2026\/04\/28\/a-5a-melhor-qualidade-de-vida-de-minas-e-quase-100-das-criancas-na-escola-a-cidade-do-interior-que-virou-referencia-em-ciencia\/","og_site_name":"UAI Not\u00edcias","article_published_time":"2026-04-28T19:25:00+00:00","og_image":[{"width":1280,"height":720,"url":"https:\/\/www.uai.com.br\/uainoticias\/wp-content\/uploads\/2026\/04\/Woman_walking_blooming_202604141606.jpg","type":"image\/jpeg"}],"author":"Vitor Bruno","twitter_card":"summary_large_image","twitter_misc":{"Escrito por":"Vitor Bruno","Est. tempo de leitura":"6 minutos"},"schema":{"@context":"https:\/\/schema.org","@graph":[{"@type":"WebPage","@id":"https:\/\/www.uai.com.br\/uainoticias\/2026\/04\/28\/a-5a-melhor-qualidade-de-vida-de-minas-e-quase-100-das-criancas-na-escola-a-cidade-do-interior-que-virou-referencia-em-ciencia\/","url":"https:\/\/www.uai.com.br\/uainoticias\/2026\/04\/28\/a-5a-melhor-qualidade-de-vida-de-minas-e-quase-100-das-criancas-na-escola-a-cidade-do-interior-que-virou-referencia-em-ciencia\/","name":"A 5\u00aa melhor qualidade de vida de Minas e quase 100% das crian\u00e7as na escola: a cidade do interior que virou refer\u00eancia em ci\u00eancia - UAI Not\u00edcias","isPartOf":{"@id":"https:\/\/www.uai.com.br\/uainoticias\/#website"},"primaryImageOfPage":{"@id":"https:\/\/www.uai.com.br\/uainoticias\/2026\/04\/28\/a-5a-melhor-qualidade-de-vida-de-minas-e-quase-100-das-criancas-na-escola-a-cidade-do-interior-que-virou-referencia-em-ciencia\/#primaryimage"},"image":{"@id":"https:\/\/www.uai.com.br\/uainoticias\/2026\/04\/28\/a-5a-melhor-qualidade-de-vida-de-minas-e-quase-100-das-criancas-na-escola-a-cidade-do-interior-que-virou-referencia-em-ciencia\/#primaryimage"},"thumbnailUrl":"https:\/\/www.uai.com.br\/uainoticias\/wp-content\/uploads\/2026\/04\/Woman_walking_blooming_202604141606.jpg","datePublished":"2026-04-28T19:25:00+00:00","author":{"@id":"https:\/\/www.uai.com.br\/uainoticias\/#\/schema\/person\/03130d752d0ce4e3bb0f607f1bc85084"},"description":"Com quase 100% das crian\u00e7as na escola, esta cidade mineira \u00e9 a 5\u00aa melhor em qualidade de vida e polo de ci\u00eancia. Conhe\u00e7a esse destaque.","breadcrumb":{"@id":"https:\/\/www.uai.com.br\/uainoticias\/2026\/04\/28\/a-5a-melhor-qualidade-de-vida-de-minas-e-quase-100-das-criancas-na-escola-a-cidade-do-interior-que-virou-referencia-em-ciencia\/#breadcrumb"},"inLanguage":"pt-BR","potentialAction":[{"@type":"ReadAction","target":["https:\/\/www.uai.com.br\/uainoticias\/2026\/04\/28\/a-5a-melhor-qualidade-de-vida-de-minas-e-quase-100-das-criancas-na-escola-a-cidade-do-interior-que-virou-referencia-em-ciencia\/"]}]},{"@type":"ImageObject","inLanguage":"pt-BR","@id":"https:\/\/www.uai.com.br\/uainoticias\/2026\/04\/28\/a-5a-melhor-qualidade-de-vida-de-minas-e-quase-100-das-criancas-na-escola-a-cidade-do-interior-que-virou-referencia-em-ciencia\/#primaryimage","url":"https:\/\/www.uai.com.br\/uainoticias\/wp-content\/uploads\/2026\/04\/Woman_walking_blooming_202604141606.jpg","contentUrl":"https:\/\/www.uai.com.br\/uainoticias\/wp-content\/uploads\/2026\/04\/Woman_walking_blooming_202604141606.jpg","width":1280,"height":720,"caption":"Lavras destaca-se no sul de Minas Gerais como a 5\u00aa melhor cidade do estado em qualidade de vida, consolidando-se como um polo de bem-estar regional \/\/ IMAGEM ILUSTRATIVA"},{"@type":"BreadcrumbList","@id":"https:\/\/www.uai.com.br\/uainoticias\/2026\/04\/28\/a-5a-melhor-qualidade-de-vida-de-minas-e-quase-100-das-criancas-na-escola-a-cidade-do-interior-que-virou-referencia-em-ciencia\/#breadcrumb","itemListElement":[{"@type":"ListItem","position":1,"name":"In\u00edcio","item":"https:\/\/www.uai.com.br\/uainoticias\/"},{"@type":"ListItem","position":2,"name":"A 5\u00aa melhor qualidade de vida de Minas e quase 100% das crian\u00e7as na escola: a cidade do interior que virou refer\u00eancia em ci\u00eancia"}]},{"@type":"WebSite","@id":"https:\/\/www.uai.com.br\/uainoticias\/#website","url":"https:\/\/www.uai.com.br\/uainoticias\/","name":"UAI Not\u00edcias","description":"Acompanhe as \u00faltimas not\u00edcias e fique bem informado sobre tudo o que acontece no Brasil e no mundo.","potentialAction":[{"@type":"SearchAction","target":{"@type":"EntryPoint","urlTemplate":"https:\/\/www.uai.com.br\/uainoticias\/?s={search_term_string}"},"query-input":{"@type":"PropertyValueSpecification","valueRequired":true,"valueName":"search_term_string"}}],"inLanguage":"pt-BR"},{"@type":"Person","@id":"https:\/\/www.uai.com.br\/uainoticias\/#\/schema\/person\/03130d752d0ce4e3bb0f607f1bc85084","name":"Vitor Bruno","image":{"@type":"ImageObject","inLanguage":"pt-BR","@id":"https:\/\/www.uai.com.br\/uainoticias\/#\/schema\/person\/image\/","url":"https:\/\/secure.gravatar.com\/avatar\/ab0513148053bbb80c117cdd35f8a0f2742d41eebbac321acf8df2e633d81609?s=96&d=mm&r=g","contentUrl":"https:\/\/secure.gravatar.com\/avatar\/ab0513148053bbb80c117cdd35f8a0f2742d41eebbac321acf8df2e633d81609?s=96&d=mm&r=g","caption":"Vitor Bruno"},"sameAs":["https:\/\/www.uai.com.br\/uainoticias\/"],"url":"https:\/\/www.uai.com.br\/uainoticias\/author\/vitor\/"}]}},"_links":{"self":[{"href":"https:\/\/www.uai.com.br\/uainoticias\/wp-json\/wp\/v2\/posts\/127697","targetHints":{"allow":["GET"]}}],"collection":[{"href":"https:\/\/www.uai.com.br\/uainoticias\/wp-json\/wp\/v2\/posts"}],"about":[{"href":"https:\/\/www.uai.com.br\/uainoticias\/wp-json\/wp\/v2\/types\/post"}],"author":[{"embeddable":true,"href":"https:\/\/www.uai.com.br\/uainoticias\/wp-json\/wp\/v2\/users\/14"}],"replies":[{"embeddable":true,"href":"https:\/\/www.uai.com.br\/uainoticias\/wp-json\/wp\/v2\/comments?post=127697"}],"version-history":[{"count":7,"href":"https:\/\/www.uai.com.br\/uainoticias\/wp-json\/wp\/v2\/posts\/127697\/revisions"}],"predecessor-version":[{"id":128051,"href":"https:\/\/www.uai.com.br\/uainoticias\/wp-json\/wp\/v2\/posts\/127697\/revisions\/128051"}],"wp:featuredmedia":[{"embeddable":true,"href":"https:\/\/www.uai.com.br\/uainoticias\/wp-json\/wp\/v2\/media\/123623"}],"wp:attachment":[{"href":"https:\/\/www.uai.com.br\/uainoticias\/wp-json\/wp\/v2\/media?parent=127697"}],"wp:term":[{"taxonomy":"category","embeddable":true,"href":"https:\/\/www.uai.com.br\/uainoticias\/wp-json\/wp\/v2\/categories?post=127697"},{"taxonomy":"post_tag","embeddable":true,"href":"https:\/\/www.uai.com.br\/uainoticias\/wp-json\/wp\/v2\/tags?post=127697"}],"curies":[{"name":"wp","href":"https:\/\/api.w.org\/{rel}","templated":true}]}}