{"id":127696,"date":"2026-04-28T10:00:00","date_gmt":"2026-04-28T13:00:00","guid":{"rendered":"https:\/\/www.uai.com.br\/uainoticias\/?p=127696"},"modified":"2026-04-28T05:21:30","modified_gmt":"2026-04-28T08:21:30","slug":"eleita-7-vezes-a-melhor-praia-do-mundo-o-paraiso-brasileiro-que-parece-cenario-de-filme-e-foi-descoberto-por-acaso-ha-523-anos","status":"publish","type":"post","link":"https:\/\/www.uai.com.br\/uainoticias\/2026\/04\/28\/eleita-7-vezes-a-melhor-praia-do-mundo-o-paraiso-brasileiro-que-parece-cenario-de-filme-e-foi-descoberto-por-acaso-ha-523-anos\/","title":{"rendered":"Eleita 7 vezes a melhor praia do mundo: o para\u00edso brasileiro que parece cen\u00e1rio de filme e foi descoberto por acaso h\u00e1 523 anos"},"content":{"rendered":"\n<p>O naufr\u00e1gio da nau capit\u00e2nia da expedi\u00e7\u00e3o de <strong>Gon\u00e7alo Coelho<\/strong>, em <strong>10 de agosto de 1503<\/strong>, jogou <strong>Am\u00e9rico Vesp\u00facio<\/strong> em uma ilha deserta no meio do <strong>Oceano Atl\u00e2ntico<\/strong>. Mais de cinco s\u00e9culos depois, <strong>Fernando de Noronha<\/strong> guarda a praia eleita sete vezes a mais bonita do planeta.<\/p>\n\n\n\n<h2 class=\"wp-block-heading\">O acaso que revelou um arquip\u00e9lago vulc\u00e2nico<\/h2>\n\n\n\n<p>O arquip\u00e9lago \u00e9 formado por 21 ilhas, ilhotas e rochedos que s\u00e3o, na verdade, o topo de uma cordilheira vulc\u00e2nica submersa. <a href=\"http:\/\/portal.iphan.gov.br\/pagina\/detalhes\/38\" target=\"_blank\" rel=\"noreferrer noopener\"><strong>Segundo o Instituto do Patrim\u00f4nio Hist\u00f3rico e Art\u00edstico Nacional (IPHAN)<\/strong><\/a>, a base dessa cadeia montanhosa fica a cerca de 4 mil metros de profundidade no <strong>Atl\u00e2ntico Sul<\/strong>.<\/p>\n\n\n\n<p>Vesp\u00facio passou uma semana na ilha aguardando resgate e escreveu a primeira descri\u00e7\u00e3o do lugar. Em sua carta, batizou o local de S\u00e3o Louren\u00e7o e cunhou a frase que virou marca registrada: o para\u00edso \u00e9 aqui. O nome atual veio em 1504, quando a coroa portuguesa entregou as terras ao mercador <strong>Fern\u00e3o de Loronha<\/strong>, financiador da expedi\u00e7\u00e3o, transformando-as na primeira capitania heredit\u00e1ria do <strong>Brasil<\/strong>.<\/p>\n\n\n<div class=\"wp-block-image\">\n<figure class=\"aligncenter size-large\"><img decoding=\"async\" width=\"1024\" height=\"576\" src=\"https:\/\/www.uai.com.br\/uainoticias\/wp-content\/uploads\/2025\/12\/Fernando-de-Noronha_1733347551977-1024x576.jpg\" alt=\"Esquecido por 4 s\u00e9culos como pres\u00eddio: o para\u00edso vulc\u00e2nico que tem a praia eleita 7 vezes a melhor do mundo\" class=\"wp-image-97222\" srcset=\"https:\/\/www.uai.com.br\/uainoticias\/wp-content\/uploads\/2025\/12\/Fernando-de-Noronha_1733347551977-1024x576.jpg 1024w, https:\/\/www.uai.com.br\/uainoticias\/wp-content\/uploads\/2025\/12\/Fernando-de-Noronha_1733347551977-300x169.jpg 300w, https:\/\/www.uai.com.br\/uainoticias\/wp-content\/uploads\/2025\/12\/Fernando-de-Noronha_1733347551977-768x432.jpg 768w, https:\/\/www.uai.com.br\/uainoticias\/wp-content\/uploads\/2025\/12\/Fernando-de-Noronha_1733347551977-750x422.jpg 750w, https:\/\/www.uai.com.br\/uainoticias\/wp-content\/uploads\/2025\/12\/Fernando-de-Noronha_1733347551977-1140x641.jpg 1140w, https:\/\/www.uai.com.br\/uainoticias\/wp-content\/uploads\/2025\/12\/Fernando-de-Noronha_1733347551977.jpg 1280w\" sizes=\"(max-width: 1024px) 100vw, 1024px\" \/><figcaption class=\"wp-element-caption\">Fernando de Noronha e sua origem vulc\u00e2nica \/\/ Cr\u00e9ditos: depositphotos.com \/ nachosuch<\/figcaption><\/figure><\/div>\n\n\n<h2 class=\"wp-block-heading\">Por que a Ba\u00eda do Sancho \u00e9 eleita a melhor praia do mundo<\/h2>\n\n\n\n<p>A <strong>Ba\u00eda do Sancho<\/strong> conquistou o primeiro lugar do pr\u00eamio Travelers Choice Best of the Best, do TripAdvisor, em sete edi\u00e7\u00f5es: 2014, 2015, 2017, 2019, 2020, 2024 e 2025. <a href=\"https:\/\/portaldeprefeitura.com.br\/curiosidades\/praia-de-pe-e-eleita-melhor-do-mundo-pela-7a-vez-superando-maldivas\/619771\/\" target=\"_blank\" rel=\"noreferrer noopener\"><strong>De acordo com o Portal de Prefeitura<\/strong><\/a>, a praia superou destinos do <strong>Caribe<\/strong> e das <strong>Maldivas<\/strong> na \u00faltima edi\u00e7\u00e3o.<\/p>\n\n\n\n<p>O acesso \u00e9 parte do espet\u00e1culo. O visitante desce uma escadaria vertical encravada em uma fenda da fal\u00e9sia, com cerca de 200 degraus, ou chega de barco. A <a href=\"https:\/\/whc.unesco.org\/en\/list\/1000\/\" target=\"_blank\" rel=\"noreferrer noopener\"><strong>UNESCO<\/strong><\/a> destaca a ba\u00eda pelas fal\u00e9sias verdes, areia dourada e \u00e1guas turquesa onde nadam tartarugas, raias e tubar\u00f5es de recife.<\/p>\n\n\n<div class=\"wp-block-image\">\n<figure class=\"aligncenter size-large\"><img decoding=\"async\" width=\"1024\" height=\"576\" src=\"https:\/\/www.uai.com.br\/uainoticias\/wp-content\/uploads\/2025\/12\/Fernando-de-Noronha_1732385250852-1024x576.jpg\" alt=\"Esquecido por 4 s\u00e9culos como pres\u00eddio: o para\u00edso vulc\u00e2nico que tem a praia eleita 7 vezes a melhor do mundo\" class=\"wp-image-97221\" srcset=\"https:\/\/www.uai.com.br\/uainoticias\/wp-content\/uploads\/2025\/12\/Fernando-de-Noronha_1732385250852-1024x576.jpg 1024w, https:\/\/www.uai.com.br\/uainoticias\/wp-content\/uploads\/2025\/12\/Fernando-de-Noronha_1732385250852-300x169.jpg 300w, https:\/\/www.uai.com.br\/uainoticias\/wp-content\/uploads\/2025\/12\/Fernando-de-Noronha_1732385250852-768x432.jpg 768w, https:\/\/www.uai.com.br\/uainoticias\/wp-content\/uploads\/2025\/12\/Fernando-de-Noronha_1732385250852-750x422.jpg 750w, https:\/\/www.uai.com.br\/uainoticias\/wp-content\/uploads\/2025\/12\/Fernando-de-Noronha_1732385250852-1140x641.jpg 1140w, https:\/\/www.uai.com.br\/uainoticias\/wp-content\/uploads\/2025\/12\/Fernando-de-Noronha_1732385250852.jpg 1280w\" sizes=\"(max-width: 1024px) 100vw, 1024px\" \/><figcaption class=\"wp-element-caption\">Ba\u00eda do Sancho em Fernando de Noronha \/\/ Cr\u00e9ditos: depositphotos.com \/ nidohuebl.gmail.com<\/figcaption><\/figure><\/div>\n\n\n<h2 class=\"wp-block-heading\">Reconhecimento internacional que cresce a cada ano<\/h2>\n\n\n\n<p>Em dezembro de 2001, o arquip\u00e9lago foi declarado S\u00edtio do Patrim\u00f4nio Mundial Natural pela UNESCO, em conjunto com o <strong>Atol das Rocas<\/strong>. <a href=\"https:\/\/whc.unesco.org\/en\/list\/1000\/\" target=\"_blank\" rel=\"noreferrer noopener\"><strong>O \u00f3rg\u00e3o da ONU justifica<\/strong><\/a> o t\u00edtulo pela import\u00e2ncia da regi\u00e3o como \u00e1rea de reprodu\u00e7\u00e3o de atuns, tubar\u00f5es, tartarugas e mam\u00edferos marinhos, al\u00e9m de abrigar a maior concentra\u00e7\u00e3o de aves marinhas tropicais do <strong>Atl\u00e2ntico Ocidental<\/strong>.<\/p>\n\n\n\n<p>O reconhecimento internacional segue chegando. <a href=\"https:\/\/golfinhorotador.org.br\/2026\/03\/07\/projeto-golfinho-rotador-vence-premio-internacional-e-coloca-o-brasil-no-topo-do-turismo-sustentavel-mundial-2\/\" target=\"_blank\" rel=\"noreferrer noopener\"><strong>Em mar\u00e7o de 2026, o Projeto Golfinho Rotador<\/strong><\/a>, sediado na ilha desde 1990, venceu o ITB Earth Award, principal pr\u00eamio de turismo sustent\u00e1vel da maior feira de turismo do planeta, em <strong>Berlim<\/strong>. Foi a primeira vez que uma iniciativa brasileira levou a honraria.<\/p>\n\n\n\n<p><strong>Leia tamb\u00e9m: <a href=\"https:\/\/www.uai.com.br\/uainoticias\/2026\/04\/25\/essa-cidade-nordestina-esta-em-alta-447-mais-estrangeiros-escolheram-esse-paraiso-de-mar-morno-e-brisa-perfeita\/\" target=\"_blank\" rel=\"noreferrer noopener\">Essa cidade nordestina est\u00e1 em alta: 44,7% mais estrangeiros escolheram esse para\u00edso de mar morno e brisa perfeita<\/a><\/strong><\/p>\n\n\n\n<h2 class=\"wp-block-heading\">O que fazer em Fernando de Noronha<\/h2>\n\n\n\n<p>A ilha principal tem apenas 17 km de extens\u00e3o, mas concentra praias, mirantes e trilhas que rendem dias inteiros de explora\u00e7\u00e3o. Estas s\u00e3o algumas paradas obrigat\u00f3rias:<\/p>\n\n\n\n<ul class=\"wp-block-list\">\n<li><strong>Ba\u00eda do Sancho<\/strong>: a praia mais premiada do mundo, com fal\u00e9sias verdes e mar turquesa. Acesso por escadaria de 200 degraus ou de barco, dentro do <a href=\"https:\/\/www.parnanoronha.com.br\/en\/atrativos\" target=\"_blank\" rel=\"noreferrer noopener\"><strong>Parque Nacional Marinho<\/strong><\/a>.<\/li>\n\n\n\n<li><strong>Ba\u00eda dos Porcos<\/strong>: piscinas naturais entre rochas vulc\u00e2nicas com vista para o <strong>Morro Dois Irm\u00e3os<\/strong>. Acesso pela <strong>Praia da Cacimba do Padre<\/strong> em mar\u00e9 baixa.<\/li>\n\n\n\n<li><strong>Mirante dos Golfinhos<\/strong>: trilha suspensa de madeira que leva ao \u00fanico lugar do <strong>Atl\u00e2ntico<\/strong> com concentra\u00e7\u00e3o permanente de golfinhos-rotadores, segundo a <a href=\"https:\/\/golfinhorotador.org.br\/en\/\" target=\"_blank\" rel=\"noreferrer noopener\"><strong>ONG Centro Golfinho Rotador<\/strong><\/a>.<\/li>\n\n\n\n<li><strong>Praia do Sueste<\/strong>: \u00fanica \u00e1rea de manguezal em ilhas oce\u00e2nicas do <strong>Atl\u00e2ntico Sul<\/strong>, com mergulho guiado entre tartarugas-verdes.<\/li>\n\n\n\n<li><strong>Praia do Le\u00e3o<\/strong>: principal \u00e1rea de desova de tartarugas do arquip\u00e9lago, monitorada pelo <a href=\"https:\/\/www.tamar.org.br\/centros_visitantes.php?cod=7\" target=\"_blank\" rel=\"noreferrer noopener\"><strong>Projeto Tamar<\/strong><\/a>.<\/li>\n\n\n\n<li><strong>Forte Nossa Senhora dos Rem\u00e9dios<\/strong>: parte das dez fortifica\u00e7\u00f5es erguidas a partir de 1737 e tombada pelo IPHAN em 2017.<\/li>\n<\/ul>\n\n\n\n<p>A gastronomia segue o mesmo padr\u00e3o de cuidado e isolamento da ilha. Tudo o que n\u00e3o vem do mar chega de avi\u00e3o ou navio do continente, ent\u00e3o peixes frescos e ingredientes nordestinos dominam os card\u00e1pios:<\/p>\n\n\n\n<ul class=\"wp-block-list\">\n<li><strong>Peixe na folha de bananeira<\/strong>: tradi\u00e7\u00e3o local servida em barracas de praia, especialmente na <strong>Cacimba do Padre<\/strong>, com mandioca e pir\u00e3o.<\/li>\n\n\n\n<li><strong>Moqueca de peixe noronhense<\/strong>: preparada com atum ou peixes pel\u00e1gicos pescados no dia, em receitas autorais que misturam dend\u00ea e leite de coco.<\/li>\n\n\n\n<li><strong>Carne de sol com manteiga de garrafa e queijo coalho<\/strong>: aperto de m\u00e3o da culin\u00e1ria nordestina nos restaurantes da <strong>Vila dos Rem\u00e9dios<\/strong>.<\/li>\n\n\n\n<li><strong>Camar\u00e3o na moranga<\/strong>: cl\u00e1ssico que ganhou vers\u00e3o noronhense com camar\u00f5es frescos e jerimum local.<\/li>\n<\/ul>\n\n\n\n<p>Quem sonha em visitar o para\u00edso brasileiro, vai curtir esse v\u00eddeo do canal <strong>Vou Levar Na Viagem<\/strong>, que conta com mais de <strong>138 mil<\/strong> visualiza\u00e7\u00f5es, onde <strong>Eli<\/strong> mostra um guia de 5 dias por <strong>Fernando de Noronha<\/strong>, com dicas de passeios e pre\u00e7os:<\/p>\n\n\n\n<figure class=\"wp-block-embed is-type-video is-provider-youtube wp-block-embed-youtube wp-embed-aspect-16-9 wp-has-aspect-ratio\"><div class=\"wp-block-embed__wrapper\">\n<div class=\"jeg_video_container jeg_video_content\"><iframe loading=\"lazy\" title=\"FERNANDO DE NORONHA 2026: o que fazer, praias, taxas, passeios e dicas | ROTEIRO 5 DIAS com PRE\u00c7OS\" width=\"500\" height=\"281\" src=\"https:\/\/www.youtube.com\/embed\/JzpN2SG9bik?feature=oembed\" frameborder=\"0\" allow=\"accelerometer; autoplay; clipboard-write; encrypted-media; gyroscope; picture-in-picture; web-share\" referrerpolicy=\"strict-origin-when-cross-origin\" allowfullscreen><\/iframe><\/div>\n<\/div><\/figure>\n\n\n\n<h2 class=\"wp-block-heading\">Quando o clima favorece cada experi\u00eancia na ilha<\/h2>\n\n\n\n<p>A temperatura \u00e9 est\u00e1vel o ano todo, em torno de 28 \u00b0C, e a \u00e1gua do mar n\u00e3o desce dos 24 \u00b0C. As esta\u00e7\u00f5es se dividem entre seca e chuvosa, e cada uma tem sua voca\u00e7\u00e3o:<\/p>\n\n\n\n<style>\n    .clima-grid-uai107 { \n        --cor-primaria: #0278c0; --cor-secundaria: #ffd31a; --cor-txt-secundaria: #0278c0;\n        display: grid; grid-template-columns: repeat(auto-fit, minmax(190px, 1fr)); gap: 15px; justify-content: center; padding: 10px;\n    }\n    .clima-card-uai107 { border: 5px solid var(--cor-primaria); border-top: 5px solid var(--cor-secundaria); border-radius: 12px; background-color: var(--cor-primaria); background-clip: padding-box; display: flex; flex-direction: column; overflow: hidden; cursor: pointer; box-shadow: 0 6px 12px rgba(0,0,0, 0.2); transition: transform 0.2s ease, box-shadow 0.2s ease; -webkit-tap-highlight-color: transparent; user-select: none; transform: translateZ(0); animation: wmFadeIn 0.6s cubic-bezier(0.2, 0.8, 0.2, 1) backwards; }\n    .clima-card-uai107:focus-visible { outline: 3px dashed var(--cor-secundaria); outline-offset: 4px; }\n    .clima-card-uai107:nth-child(1) { animation-delay: 0.1s; } .clima-card-uai107:nth-child(2) { animation-delay: 0.2s; } .clima-card-uai107:nth-child(3) { animation-delay: 0.3s; } .clima-card-uai107:nth-child(4) { animation-delay: 0.4s; }\n    @keyframes wmFadeIn { from { opacity: 0; transform: translateY(30px); } to { opacity: 1; transform: translateY(0); } }\n    .clima-card-uai107:hover { transform: translateY(-5px); box-shadow: 0 15px 30px rgba(0,0,0, 0.3); }\n    .clima-card-uai107:active { transform: translateY(-1px) scale(0.97); box-shadow: 0 3px 6px rgba(0,0,0, 0.2); transition: transform 0.05s ease, box-shadow 0.05s ease; }\n    .clima-header-uai107 { background: #fdfbf5; padding: 15px 10px; text-align: center; display: flex; flex-direction: column; align-items: center; justify-content: center; }\n    .clima-body-uai107 { background: #ffffff; padding: 15px; display: flex; flex-direction: column; flex-grow: 1; align-items: center; }\n    .clima-destaque-uai107 { box-shadow: 0 8px 16px rgba(0,0,0, 0.25); }\n    .clima-destaque-uai107:hover { box-shadow: 0 18px 36px rgba(0,0,0, 0.35); }\n    .clima-destaque-uai107 .clima-header-uai107 { background: var(--cor-secundaria); }\n    .clima-destaque-uai107 .clima-header-uai107 .clima-titulo-uai107 { color: var(--cor-txt-secundaria) !important; } \n    .clima-pill-uai107 { display: flex; white-space: normal; max-width: 100%; box-sizing: border-box; justify-content: center; align-items: center; text-align: center; background: #e6f2fa; color: var(--cor-primaria); font-size: 11px; font-weight: 900 !important; letter-spacing: 0.5px; padding: 8px 16px; border-radius: 16px; text-transform: uppercase; line-height: 1.4; box-shadow: 0 4px 8px rgba(0,0,0, 0.15); margin-top: auto; transition: transform 0.2s ease; }\n    .clima-destaque-uai107 .clima-pill-uai107 { background: var(--cor-primaria); color: #ffffff; border: 1px solid #ffffff; } \n    .clima-card-uai107:hover .clima-pill-uai107 { transform: scale(1.06); }\n    .clima-pill-uai107 span { font-weight: 900 !important; color: inherit; } \n    .clima-emoji-uai107 { font-size: 24px; line-height: 1; margin-bottom: 5px; }\n    .clima-titulo-uai107 { color: var(--cor-primaria); font-size: 16px; text-transform: uppercase; margin-top: 5px; font-weight: bold; }\n    .clima-mes-uai107 { font-size: 11px; font-weight: 800; color: var(--cor-primaria); text-transform: uppercase; margin-bottom: 5px; display: block; }\n    .clima-temp-uai107 { font-size: 26px; font-weight: 900; color: var(--cor-primaria); margin-bottom: 10px; }\n    .clima-desc-uai107 { font-size: 13px; color: #444; text-align: center; line-height: 1.5; margin-bottom: 15px; flex-grow: 1;}\n    .clima-desc-uai107 strong { color: #111; }\n    @media (prefers-color-scheme: dark) {\n        .clima-card-uai107 { border-color: #014f7d; background-color: #014f7d; box-shadow: 0 6px 12px rgba(0,0,0, 0.5); }\n        .clima-header-uai107 { background: #1a1a1a; } .clima-body-uai107 { background: #121212; }\n        .clima-destaque-uai107 .clima-header-uai107 { background: var(--cor-secundaria); }\n        .clima-destaque-uai107 .clima-header-uai107 .clima-titulo-uai107 { color: var(--cor-txt-secundaria) !important; }\n        .clima-titulo-uai107 { color: #63b2e8; } .clima-mes-uai107 { color: #63b2e8; } .clima-temp-uai107 { color: #63b2e8; } .clima-desc-uai107 { color: #cccccc; } .clima-desc-uai107 strong { color: #ffffff; }\n        .clima-pill-uai107 { background: #014f7d; color: #ffffff; box-shadow: 0 4px 8px rgba(0, 0, 0, 0.5); }\n        .clima-destaque-uai107 .clima-pill-uai107 { background: #013859; color: #ffffff; border-color: #63b2e8; }\n    }\n<\/style>\n<div class=\"google-auto-ads-ignore clima-grid-uai107\" style=\"box-sizing: border-box; width: 100%; max-width: 980px; margin: 30px auto; font-family: 'Segoe UI', Roboto, Helvetica, Arial, sans-serif;\">\n    <div class=\"clima-card-uai107\" tabindex=\"0\">\n        <div class=\"clima-header-uai107\"><div class=\"clima-emoji-uai107\" aria-hidden=\"true\">\ud83c\udfc4<\/div><div class=\"clima-titulo-uai107\">Seca Alta<\/div><\/div>\n        <div class=\"clima-body-uai107\">\n            <time class=\"clima-mes-uai107\">Dezembro a fevereiro<\/time><div class=\"clima-temp-uai107\">26\u00b0C a 29\u00b0C<\/div>\n            <div class=\"clima-desc-uai107\">O mar agitado atrai a turma do <strong>surfe e as badaladas festas<\/strong> de fim de ano. Apesar de pouca chuva, os ventos deixam as ondas perfeitas para o esporte.<\/div>\n            <div class=\"clima-pill-uai107\"><span>\u2b50 Alta Temporada \/ Surfe<\/span><\/div>\n        <\/div>\n    <\/div>\n    <div class=\"clima-card-uai107\" tabindex=\"0\">\n        <div class=\"clima-header-uai107\"><div class=\"clima-emoji-uai107\" aria-hidden=\"true\">\ud83d\udc22<\/div><div class=\"clima-titulo-uai107\">Chuvosa<\/div><\/div>\n        <div class=\"clima-body-uai107\">\n            <time class=\"clima-mes-uai107\">Mar\u00e7o a julho<\/time><div class=\"clima-temp-uai107\">25\u00b0C a 27\u00b0C<\/div>\n            <div class=\"clima-desc-uai107\">As precipita\u00e7\u00f5es n\u00e3o esfriam as \u00e1guas de Noronha. Per\u00edodo indicado para fazer o <strong>mergulho de cilindro com mais economia<\/strong> na hospedagem.<\/div>\n            <div class=\"clima-pill-uai107\"><span>\u2614 Chuva Alta<\/span><\/div>\n        <\/div>\n    <\/div>\n    <div class=\"clima-card-uai107\" tabindex=\"0\">\n        <div class=\"clima-header-uai107\"><div class=\"clima-emoji-uai107\" aria-hidden=\"true\">\ud83e\udd3f<\/div><div class=\"clima-titulo-uai107\">Seca Pico<\/div><\/div>\n        <div class=\"clima-body-uai107\">\n            <time class=\"clima-mes-uai107\">Agosto a setembro<\/time><div class=\"clima-temp-uai107\">25\u00b0C a 27\u00b0C<\/div>\n            <div class=\"clima-desc-uai107\">Os \u00edndices de chuva atingem sua m\u00ednima anual. O c\u00e9u limpo e as \u00e1guas transparentes s\u00e3o o cen\u00e1rio impec\u00e1vel para <strong>snorkel e contempla\u00e7\u00e3o<\/strong>.<\/div>\n            <div class=\"clima-pill-uai107\"><span>\ud83c\udf92 Chuva M\u00ednima<\/span><\/div>\n        <\/div>\n    <\/div>\n    <div class=\"clima-card-uai107 clima-destaque-uai107\" tabindex=\"0\">\n        <div class=\"clima-header-uai107\"><div class=\"clima-emoji-uai107\" aria-hidden=\"true\">\ud83c\udfd6\ufe0f<\/div><div class=\"clima-titulo-uai107\">Transi\u00e7\u00e3o<\/div><\/div>\n        <div class=\"clima-body-uai107\">\n            <time class=\"clima-mes-uai107\">Outubro a novembro<\/time><div class=\"clima-temp-uai107\">26\u00b0C a 28\u00b0C<\/div>\n            <div class=\"clima-desc-uai107\">A melhor \u00e9poca! Os ventos diminuem drasticamente e o oceano vira um verdadeiro <strong>mar piscina com alt\u00edssima visibilidade<\/strong> subaqu\u00e1tica.<\/div>\n            <div class=\"clima-pill-uai107\"><span>\u2b50 Melhor \u00c9poca \/ Mar Piscina<\/span><\/div>\n        <\/div>\n    <\/div>\n<\/div>\n\n\n\n<p><em>Temperaturas aproximadas com base no <a href=\"https:\/\/www.climatempo.com.br\/previsao-do-tempo\/cidade\/1565\/fernandodenoronha-pe\" target=\"_blank\" rel=\"noreferrer noopener\"><strong>Climatempo<\/strong><\/a>. Condi\u00e7\u00f5es podem variar.<\/em><\/p>\n\n\n\n<p>Entre agosto e outubro, a visibilidade da \u00e1gua chega a 50 metros, segundo guias de mergulho da regi\u00e3o. J\u00e1 entre dezembro e mar\u00e7o, o swell traz ondas de at\u00e9 4 metros que transformam a <strong>Cacimba do Padre<\/strong> em palco internacional de surfe.<\/p>\n\n\n\n<h2 class=\"wp-block-heading\">Como chegar ao arquip\u00e9lago<\/h2>\n\n\n\n<p>S\u00f3 d\u00e1 para chegar de avi\u00e3o. <a href=\"https:\/\/www.noronha.pe.gov.br\/turismo\/informacoes-turisticas\/como-chegar\/\" target=\"_blank\" rel=\"noreferrer noopener\"><strong>De acordo com a Administra\u00e7\u00e3o de Fernando de Noronha<\/strong><\/a>, h\u00e1 voos di\u00e1rios partindo do Aeroporto do <strong>Recife<\/strong>, a 545 km, e do Aeroporto de <strong>Natal<\/strong>, a 360 km, com cerca de uma hora de dura\u00e7\u00e3o at\u00e9 o <strong>Aeroporto Governador Carlos Wilson<\/strong>.<\/p>\n\n\n\n<p>Todo visitante paga a Taxa de Preserva\u00e7\u00e3o Ambiental (TPA), cobrada por dia de perman\u00eancia, e quem quiser acessar as praias do <strong>Parque Nacional Marinho<\/strong>, como <strong>Sancho<\/strong> e <strong>Sueste<\/strong>, precisa comprar o ingresso do parque, v\u00e1lido por 10 dias.<\/p>\n\n\n\n<h2 class=\"wp-block-heading\">V\u00e1 conhecer o para\u00edso onde o tempo desacelerou<\/h2>\n\n\n\n<p>Fernando de Noronha mant\u00e9m intactas as caracter\u00edsticas que arrebataram <strong>Vesp\u00facio<\/strong> em 1503: \u00e1gua cristalina, fal\u00e9sias verdes e sil\u00eancio interrompido apenas por golfinhos. \u00c9 o tipo de lugar que muda a no\u00e7\u00e3o do que \u00e9 poss\u00edvel em uma praia brasileira.<\/p>\n\n\n\n<p>Voc\u00ea precisa pisar nas areias do Sancho e entender por que sete vezes seguidas o mundo escolheu essa ba\u00eda como a mais bonita do planeta.<\/p>\n","protected":false},"excerpt":{"rendered":"<p>O naufr\u00e1gio da nau capit\u00e2nia da expedi\u00e7\u00e3o de Gon\u00e7alo Coelho, em 10 de agosto de 1503, jogou Am\u00e9rico Vesp\u00facio em uma ilha deserta no meio do Oceano Atl\u00e2ntico. Mais de cinco s\u00e9culos depois, Fernando de Noronha guarda a praia eleita sete vezes a mais bonita do planeta. O acaso que revelou um arquip\u00e9lago vulc\u00e2nico O [&hellip;]<\/p>\n","protected":false},"author":14,"featured_media":106286,"comment_status":"open","ping_status":"open","sticky":false,"template":"","format":"standard","meta":{"jnews-multi-image_gallery":[],"jnews_single_post":{"format":"standard"},"jnews_primary_category":[],"jnews_social_meta":[],"jnews_override_counter":[],"footnotes":""},"categories":[210],"tags":[233,234,1376],"class_list":["post-127696","post","type-post","status-publish","format-standard","has-post-thumbnail","hentry","category-cidades","tag-brasil","tag-cidades","tag-fernando-de-noronha"],"yoast_head":"<!-- This site is optimized with the Yoast SEO plugin v26.5 - https:\/\/yoast.com\/wordpress\/plugins\/seo\/ -->\n<title>Eleita 7 vezes a melhor praia do mundo: o para\u00edso brasileiro que parece cen\u00e1rio de filme e foi descoberto por acaso h\u00e1 523 anos - UAI Not\u00edcias<\/title>\n<meta name=\"description\" content=\"Conhe\u00e7a a praia brasileira que lidera rankings mundiais. Com \u00e1guas cristalinas e hist\u00f3ria de 523 anos, \u00e9 um destino imperd\u00edvel. Confira.\" \/>\n<meta name=\"robots\" content=\"index, follow, max-snippet:-1, max-image-preview:large, max-video-preview:-1\" \/>\n<link rel=\"canonical\" href=\"https:\/\/www.uai.com.br\/uainoticias\/2026\/04\/28\/eleita-7-vezes-a-melhor-praia-do-mundo-o-paraiso-brasileiro-que-parece-cenario-de-filme-e-foi-descoberto-por-acaso-ha-523-anos\/\" \/>\n<meta property=\"og:locale\" content=\"pt_BR\" \/>\n<meta property=\"og:type\" content=\"article\" \/>\n<meta property=\"og:title\" content=\"Eleita 7 vezes a melhor praia do mundo: o para\u00edso brasileiro que parece cen\u00e1rio de filme e foi descoberto por acaso h\u00e1 523 anos - UAI Not\u00edcias\" \/>\n<meta property=\"og:description\" content=\"Conhe\u00e7a a praia brasileira que lidera rankings mundiais. Com \u00e1guas cristalinas e hist\u00f3ria de 523 anos, \u00e9 um destino imperd\u00edvel. Confira.\" \/>\n<meta property=\"og:url\" content=\"https:\/\/www.uai.com.br\/uainoticias\/2026\/04\/28\/eleita-7-vezes-a-melhor-praia-do-mundo-o-paraiso-brasileiro-que-parece-cenario-de-filme-e-foi-descoberto-por-acaso-ha-523-anos\/\" \/>\n<meta property=\"og:site_name\" content=\"UAI Not\u00edcias\" \/>\n<meta property=\"article:published_time\" content=\"2026-04-28T13:00:00+00:00\" \/>\n<meta property=\"og:image\" content=\"https:\/\/www.uai.com.br\/uainoticias\/wp-content\/uploads\/2026\/01\/fernando-de-noronha.jpg\" \/>\n\t<meta property=\"og:image:width\" content=\"1280\" \/>\n\t<meta property=\"og:image:height\" content=\"720\" \/>\n\t<meta property=\"og:image:type\" content=\"image\/jpeg\" \/>\n<meta name=\"author\" content=\"Vitor Bruno\" \/>\n<meta name=\"twitter:card\" content=\"summary_large_image\" \/>\n<meta name=\"twitter:label1\" content=\"Escrito por\" \/>\n\t<meta name=\"twitter:data1\" content=\"Vitor Bruno\" \/>\n\t<meta name=\"twitter:label2\" content=\"Est. tempo de leitura\" \/>\n\t<meta name=\"twitter:data2\" content=\"7 minutos\" \/>\n<!-- \/ Yoast SEO plugin. -->","yoast_head_json":{"title":"Eleita 7 vezes a melhor praia do mundo: o para\u00edso brasileiro que parece cen\u00e1rio de filme e foi descoberto por acaso h\u00e1 523 anos - UAI Not\u00edcias","description":"Conhe\u00e7a a praia brasileira que lidera rankings mundiais. Com \u00e1guas cristalinas e hist\u00f3ria de 523 anos, \u00e9 um destino imperd\u00edvel. Confira.","robots":{"index":"index","follow":"follow","max-snippet":"max-snippet:-1","max-image-preview":"max-image-preview:large","max-video-preview":"max-video-preview:-1"},"canonical":"https:\/\/www.uai.com.br\/uainoticias\/2026\/04\/28\/eleita-7-vezes-a-melhor-praia-do-mundo-o-paraiso-brasileiro-que-parece-cenario-de-filme-e-foi-descoberto-por-acaso-ha-523-anos\/","og_locale":"pt_BR","og_type":"article","og_title":"Eleita 7 vezes a melhor praia do mundo: o para\u00edso brasileiro que parece cen\u00e1rio de filme e foi descoberto por acaso h\u00e1 523 anos - UAI Not\u00edcias","og_description":"Conhe\u00e7a a praia brasileira que lidera rankings mundiais. Com \u00e1guas cristalinas e hist\u00f3ria de 523 anos, \u00e9 um destino imperd\u00edvel. Confira.","og_url":"https:\/\/www.uai.com.br\/uainoticias\/2026\/04\/28\/eleita-7-vezes-a-melhor-praia-do-mundo-o-paraiso-brasileiro-que-parece-cenario-de-filme-e-foi-descoberto-por-acaso-ha-523-anos\/","og_site_name":"UAI Not\u00edcias","article_published_time":"2026-04-28T13:00:00+00:00","og_image":[{"width":1280,"height":720,"url":"https:\/\/www.uai.com.br\/uainoticias\/wp-content\/uploads\/2026\/01\/fernando-de-noronha.jpg","type":"image\/jpeg"}],"author":"Vitor Bruno","twitter_card":"summary_large_image","twitter_misc":{"Escrito por":"Vitor Bruno","Est. tempo de leitura":"7 minutos"},"schema":{"@context":"https:\/\/schema.org","@graph":[{"@type":"WebPage","@id":"https:\/\/www.uai.com.br\/uainoticias\/2026\/04\/28\/eleita-7-vezes-a-melhor-praia-do-mundo-o-paraiso-brasileiro-que-parece-cenario-de-filme-e-foi-descoberto-por-acaso-ha-523-anos\/","url":"https:\/\/www.uai.com.br\/uainoticias\/2026\/04\/28\/eleita-7-vezes-a-melhor-praia-do-mundo-o-paraiso-brasileiro-que-parece-cenario-de-filme-e-foi-descoberto-por-acaso-ha-523-anos\/","name":"Eleita 7 vezes a melhor praia do mundo: o para\u00edso brasileiro que parece cen\u00e1rio de filme e foi descoberto por acaso h\u00e1 523 anos - UAI Not\u00edcias","isPartOf":{"@id":"https:\/\/www.uai.com.br\/uainoticias\/#website"},"primaryImageOfPage":{"@id":"https:\/\/www.uai.com.br\/uainoticias\/2026\/04\/28\/eleita-7-vezes-a-melhor-praia-do-mundo-o-paraiso-brasileiro-que-parece-cenario-de-filme-e-foi-descoberto-por-acaso-ha-523-anos\/#primaryimage"},"image":{"@id":"https:\/\/www.uai.com.br\/uainoticias\/2026\/04\/28\/eleita-7-vezes-a-melhor-praia-do-mundo-o-paraiso-brasileiro-que-parece-cenario-de-filme-e-foi-descoberto-por-acaso-ha-523-anos\/#primaryimage"},"thumbnailUrl":"https:\/\/www.uai.com.br\/uainoticias\/wp-content\/uploads\/2026\/01\/fernando-de-noronha.jpg","datePublished":"2026-04-28T13:00:00+00:00","author":{"@id":"https:\/\/www.uai.com.br\/uainoticias\/#\/schema\/person\/03130d752d0ce4e3bb0f607f1bc85084"},"description":"Conhe\u00e7a a praia brasileira que lidera rankings mundiais. Com \u00e1guas cristalinas e hist\u00f3ria de 523 anos, \u00e9 um destino imperd\u00edvel. Confira.","breadcrumb":{"@id":"https:\/\/www.uai.com.br\/uainoticias\/2026\/04\/28\/eleita-7-vezes-a-melhor-praia-do-mundo-o-paraiso-brasileiro-que-parece-cenario-de-filme-e-foi-descoberto-por-acaso-ha-523-anos\/#breadcrumb"},"inLanguage":"pt-BR","potentialAction":[{"@type":"ReadAction","target":["https:\/\/www.uai.com.br\/uainoticias\/2026\/04\/28\/eleita-7-vezes-a-melhor-praia-do-mundo-o-paraiso-brasileiro-que-parece-cenario-de-filme-e-foi-descoberto-por-acaso-ha-523-anos\/"]}]},{"@type":"ImageObject","inLanguage":"pt-BR","@id":"https:\/\/www.uai.com.br\/uainoticias\/2026\/04\/28\/eleita-7-vezes-a-melhor-praia-do-mundo-o-paraiso-brasileiro-que-parece-cenario-de-filme-e-foi-descoberto-por-acaso-ha-523-anos\/#primaryimage","url":"https:\/\/www.uai.com.br\/uainoticias\/wp-content\/uploads\/2026\/01\/fernando-de-noronha.jpg","contentUrl":"https:\/\/www.uai.com.br\/uainoticias\/wp-content\/uploads\/2026\/01\/fernando-de-noronha.jpg","width":1280,"height":720,"caption":"Fernando de Noronha revela ci\u00eancia da varia\u00e7\u00e3o crom\u00e1tica no mar e encanta viajantes (imagem ilustrativa)"},{"@type":"BreadcrumbList","@id":"https:\/\/www.uai.com.br\/uainoticias\/2026\/04\/28\/eleita-7-vezes-a-melhor-praia-do-mundo-o-paraiso-brasileiro-que-parece-cenario-de-filme-e-foi-descoberto-por-acaso-ha-523-anos\/#breadcrumb","itemListElement":[{"@type":"ListItem","position":1,"name":"In\u00edcio","item":"https:\/\/www.uai.com.br\/uainoticias\/"},{"@type":"ListItem","position":2,"name":"Eleita 7 vezes a melhor praia do mundo: o para\u00edso brasileiro que parece cen\u00e1rio de filme e foi descoberto por acaso h\u00e1 523 anos"}]},{"@type":"WebSite","@id":"https:\/\/www.uai.com.br\/uainoticias\/#website","url":"https:\/\/www.uai.com.br\/uainoticias\/","name":"UAI Not\u00edcias","description":"Acompanhe as \u00faltimas not\u00edcias e fique bem informado sobre tudo o que acontece no Brasil e no mundo.","potentialAction":[{"@type":"SearchAction","target":{"@type":"EntryPoint","urlTemplate":"https:\/\/www.uai.com.br\/uainoticias\/?s={search_term_string}"},"query-input":{"@type":"PropertyValueSpecification","valueRequired":true,"valueName":"search_term_string"}}],"inLanguage":"pt-BR"},{"@type":"Person","@id":"https:\/\/www.uai.com.br\/uainoticias\/#\/schema\/person\/03130d752d0ce4e3bb0f607f1bc85084","name":"Vitor Bruno","image":{"@type":"ImageObject","inLanguage":"pt-BR","@id":"https:\/\/www.uai.com.br\/uainoticias\/#\/schema\/person\/image\/","url":"https:\/\/secure.gravatar.com\/avatar\/ab0513148053bbb80c117cdd35f8a0f2742d41eebbac321acf8df2e633d81609?s=96&d=mm&r=g","contentUrl":"https:\/\/secure.gravatar.com\/avatar\/ab0513148053bbb80c117cdd35f8a0f2742d41eebbac321acf8df2e633d81609?s=96&d=mm&r=g","caption":"Vitor Bruno"},"sameAs":["https:\/\/www.uai.com.br\/uainoticias\/"],"url":"https:\/\/www.uai.com.br\/uainoticias\/author\/vitor\/"}]}},"_links":{"self":[{"href":"https:\/\/www.uai.com.br\/uainoticias\/wp-json\/wp\/v2\/posts\/127696","targetHints":{"allow":["GET"]}}],"collection":[{"href":"https:\/\/www.uai.com.br\/uainoticias\/wp-json\/wp\/v2\/posts"}],"about":[{"href":"https:\/\/www.uai.com.br\/uainoticias\/wp-json\/wp\/v2\/types\/post"}],"author":[{"embeddable":true,"href":"https:\/\/www.uai.com.br\/uainoticias\/wp-json\/wp\/v2\/users\/14"}],"replies":[{"embeddable":true,"href":"https:\/\/www.uai.com.br\/uainoticias\/wp-json\/wp\/v2\/comments?post=127696"}],"version-history":[{"count":7,"href":"https:\/\/www.uai.com.br\/uainoticias\/wp-json\/wp\/v2\/posts\/127696\/revisions"}],"predecessor-version":[{"id":128050,"href":"https:\/\/www.uai.com.br\/uainoticias\/wp-json\/wp\/v2\/posts\/127696\/revisions\/128050"}],"wp:featuredmedia":[{"embeddable":true,"href":"https:\/\/www.uai.com.br\/uainoticias\/wp-json\/wp\/v2\/media\/106286"}],"wp:attachment":[{"href":"https:\/\/www.uai.com.br\/uainoticias\/wp-json\/wp\/v2\/media?parent=127696"}],"wp:term":[{"taxonomy":"category","embeddable":true,"href":"https:\/\/www.uai.com.br\/uainoticias\/wp-json\/wp\/v2\/categories?post=127696"},{"taxonomy":"post_tag","embeddable":true,"href":"https:\/\/www.uai.com.br\/uainoticias\/wp-json\/wp\/v2\/tags?post=127696"}],"curies":[{"name":"wp","href":"https:\/\/api.w.org\/{rel}","templated":true}]}}