{"id":127680,"date":"2026-04-28T18:35:00","date_gmt":"2026-04-28T21:35:00","guid":{"rendered":"https:\/\/www.uai.com.br\/uainoticias\/?p=127680"},"modified":"2026-04-27T14:00:50","modified_gmt":"2026-04-27T17:00:50","slug":"cadelinha-carinhosa-fica-sozinha-em-abrigo-apos-ver-ultimo-companheiro-ser-adotado-e-comove-a-web","status":"publish","type":"post","link":"https:\/\/www.uai.com.br\/uainoticias\/2026\/04\/28\/cadelinha-carinhosa-fica-sozinha-em-abrigo-apos-ver-ultimo-companheiro-ser-adotado-e-comove-a-web\/","title":{"rendered":"Cadelinha carinhosa fica sozinha em abrigo ap\u00f3s ver \u00faltimo companheiro ser adotado e comove a web"},"content":{"rendered":"\n<p>A solid\u00e3o dos abrigos de animais ganhou um rosto melanc\u00f3lico nesta semana de <strong>abril de 2026<\/strong>, despertando uma onda de empatia global. Uma cadelinha conhecida por sua do\u00e7ura extrema viu seu \u00faltimo amigo de cela partir para um novo lar, permanecendo como a <strong>\u00fanica moradora<\/strong> de um setor que antes era repleto de latidos e brincadeiras.<\/p>\n\n\n\n<h2 class=\"wp-block-heading\">A tristeza silenciosa de quem espera por um lar<\/h2>\n\n\n\n<p>Imagens divulgadas pelos volunt\u00e1rios mostram o momento em que a cadelinha observa, atrav\u00e9s das grades, a partida do seu \u00faltimo companheiro de abrigo. O olhar de <strong>desola\u00e7\u00e3o e incompreens\u00e3o<\/strong> tocou os internautas, evidenciando que os animais sentem profundamente a perda de v\u00ednculos e a rotina da <strong>espera por ado\u00e7\u00e3o<\/strong> que parece nunca chegar para alguns.<\/p>\n\n\n\n<p>Apesar de ser descrita como um animal extremamente carinhoso e soci\u00e1vel, ela acaba sendo ignorada por adotantes que buscam filhotes ou ra\u00e7as espec\u00edficas. Essa <strong>invisibilidade canina<\/strong> \u00e9 um dos maiores desafios enfrentados pelas <a href=\"https:\/\/www.uai.com.br\/uainoticias\/2026\/02\/18\/homem-faz-promessa-a-cao-abandonado-e-resposta-do-animal-impressiona\/\" target=\"_blank\" rel=\"noreferrer noopener\">ONGs<\/a>, que lutam para manter o \u00e2nimo de animais que passam meses, ou at\u00e9 anos, confinados em cub\u00edculos sem o calor de uma <strong>fam\u00edlia definitiva<\/strong>.<\/p>\n\n\n<div class=\"wp-block-image\">\n<figure class=\"aligncenter size-large\"><img decoding=\"async\" width=\"1024\" height=\"576\" src=\"https:\/\/www.uai.com.br\/uainoticias\/wp-content\/uploads\/2026\/03\/abandono-animal_1774638963537-1024x576.jpg\" alt=\"\" class=\"wp-image-119385\" srcset=\"https:\/\/www.uai.com.br\/uainoticias\/wp-content\/uploads\/2026\/03\/abandono-animal_1774638963537-1024x576.jpg 1024w, https:\/\/www.uai.com.br\/uainoticias\/wp-content\/uploads\/2026\/03\/abandono-animal_1774638963537-300x169.jpg 300w, https:\/\/www.uai.com.br\/uainoticias\/wp-content\/uploads\/2026\/03\/abandono-animal_1774638963537-768x432.jpg 768w, https:\/\/www.uai.com.br\/uainoticias\/wp-content\/uploads\/2026\/03\/abandono-animal_1774638963537-750x422.jpg 750w, https:\/\/www.uai.com.br\/uainoticias\/wp-content\/uploads\/2026\/03\/abandono-animal_1774638963537-1140x641.jpg 1140w, https:\/\/www.uai.com.br\/uainoticias\/wp-content\/uploads\/2026\/03\/abandono-animal_1774638963537.jpg 1280w\" sizes=\"(max-width: 1024px) 100vw, 1024px\" \/><figcaption class=\"wp-element-caption\">Estudos das \u00faltimas d\u00e9cadas mostram que muitos c\u00e3es apresentam mudan\u00e7as consistentes ap\u00f3s a morte de um tutor &#8211; Cr\u00e9ditos: depositphotos.com \/ celiafoto<\/figcaption><\/figure><\/div>\n\n\n<h2 class=\"wp-block-heading\">O impacto emocional do isolamento em animais de abrigo<\/h2>\n\n\n\n<p>Especialistas em comportamento animal alertam que o isolamento prolongado pode levar c\u00e3es a quadros de <strong>depress\u00e3o e ansiedade<\/strong> severos. Para um animal carinhoso, a falta de intera\u00e7\u00e3o constante e a aus\u00eancia de seus pares resulta em uma apatia que pode comprometer sua <strong>sa\u00fade f\u00edsica<\/strong>, diminuindo ainda mais suas chances de atrair novos tutores durante as visitas.<\/p>\n\n\n\n<p>O caso desta cadelinha \u00e9 um retrato fiel de muitos &#8220;c\u00e3es invis\u00edveis&#8221; que, por serem adultos ou de pelagem comum, tornam-se parte da paisagem do abrigo. A <strong>conscientiza\u00e7\u00e3o sobre ado\u00e7\u00e3o<\/strong> precisa ir al\u00e9m da est\u00e9tica, focando na conex\u00e3o emocional e na lealdade que esses animais resilientes t\u00eam para oferecer a quem decide abrir as portas de <strong>casa e do cora\u00e7\u00e3o<\/strong>.<\/p>\n\n\n\n<h2 class=\"wp-block-heading\">Corrente de solidariedade busca um final feliz em 2026<\/h2>\n\n\n\n<p>Ap\u00f3s a <a href=\"https:\/\/www.instagram.com\/reels\/DXP1hjMieAK\/\" target=\"_blank\" rel=\"noreferrer noopener\">publica\u00e7\u00e3o do v\u00eddeo emocionante,<\/a> uma mobiliza\u00e7\u00e3o digital come\u00e7ou a ganhar for\u00e7a para encontrar uma fam\u00edlia que compreenda as necessidades da cadelinha. O objetivo \u00e9 transformar essa <strong>hist\u00f3ria de solid\u00e3o<\/strong> em um exemplo de supera\u00e7\u00e3o, mostrando que o amor n\u00e3o tem prazo de validade e que todo animal merece uma <strong>segunda chance<\/strong> de ser feliz.<\/p>\n\n\n\n<p>As redes sociais tornaram-se ferramentas fundamentais para dar voz a esses seres que esperam pacientemente por um gesto de bondade. Ao compartilhar hist\u00f3rias reais, os abrigos conseguem romper as barreiras geogr\u00e1ficas e conectar <strong>tutores respons\u00e1veis<\/strong> a animais que est\u00e3o desesperadamente precisando de um ref\u00fagio seguro e de carinho <strong>incondicional e duradouro<\/strong>.<\/p>\n\n\n\n<blockquote class=\"instagram-media\" data-instgrm-captioned data-instgrm-permalink=\"https:\/\/www.instagram.com\/reel\/DXP1hjMieAK\/?utm_source=ig_embed&amp;utm_campaign=loading\" data-instgrm-version=\"14\" style=\" background:#FFF; border:0; border-radius:3px; box-shadow:0 0 1px 0 rgba(0,0,0,0.5),0 1px 10px 0 rgba(0,0,0,0.15); margin: 1px; max-width:540px; min-width:326px; padding:0; width:99.375%; width:-webkit-calc(100% - 2px); width:calc(100% - 2px);\"><div style=\"padding:16px;\"> <a href=\"https:\/\/www.instagram.com\/reel\/DXP1hjMieAK\/?utm_source=ig_embed&amp;utm_campaign=loading\" style=\" background:#FFFFFF; line-height:0; padding:0 0; text-align:center; text-decoration:none; width:100%;\" target=\"_blank\"> <div style=\" display: flex; flex-direction: row; align-items: center;\"> <div style=\"background-color: #F4F4F4; border-radius: 50%; flex-grow: 0; height: 40px; margin-right: 14px; width: 40px;\"><\/div> <div style=\"display: flex; flex-direction: column; flex-grow: 1; justify-content: center;\"> <div style=\" background-color: #F4F4F4; border-radius: 4px; flex-grow: 0; height: 14px; margin-bottom: 6px; width: 100px;\"><\/div> <div style=\" background-color: #F4F4F4; border-radius: 4px; flex-grow: 0; height: 14px; width: 60px;\"><\/div><\/div><\/div><div style=\"padding: 19% 0;\"><\/div> <div style=\"display:block; height:50px; margin:0 auto 12px; width:50px;\"><svg width=\"50px\" height=\"50px\" viewBox=\"0 0 60 60\" version=\"1.1\" xmlns=\"https:\/\/www.w3.org\/2000\/svg\" xmlns:xlink=\"https:\/\/www.w3.org\/1999\/xlink\"><g stroke=\"none\" stroke-width=\"1\" fill=\"none\" fill-rule=\"evenodd\"><g transform=\"translate(-511.000000, -20.000000)\" fill=\"#000000\"><g><path d=\"M556.869,30.41 C554.814,30.41 553.148,32.076 553.148,34.131 C553.148,36.186 554.814,37.852 556.869,37.852 C558.924,37.852 560.59,36.186 560.59,34.131 C560.59,32.076 558.924,30.41 556.869,30.41 M541,60.657 C535.114,60.657 530.342,55.887 530.342,50 C530.342,44.114 535.114,39.342 541,39.342 C546.887,39.342 551.658,44.114 551.658,50 C551.658,55.887 546.887,60.657 541,60.657 M541,33.886 C532.1,33.886 524.886,41.1 524.886,50 C524.886,58.899 532.1,66.113 541,66.113 C549.9,66.113 557.115,58.899 557.115,50 C557.115,41.1 549.9,33.886 541,33.886 M565.378,62.101 C565.244,65.022 564.756,66.606 564.346,67.663 C563.803,69.06 563.154,70.057 562.106,71.106 C561.058,72.155 560.06,72.803 558.662,73.347 C557.607,73.757 556.021,74.244 553.102,74.378 C549.944,74.521 548.997,74.552 541,74.552 C533.003,74.552 532.056,74.521 528.898,74.378 C525.979,74.244 524.393,73.757 523.338,73.347 C521.94,72.803 520.942,72.155 519.894,71.106 C518.846,70.057 518.197,69.06 517.654,67.663 C517.244,66.606 516.755,65.022 516.623,62.101 C516.479,58.943 516.448,57.996 516.448,50 C516.448,42.003 516.479,41.056 516.623,37.899 C516.755,34.978 517.244,33.391 517.654,32.338 C518.197,30.938 518.846,29.942 519.894,28.894 C520.942,27.846 521.94,27.196 523.338,26.654 C524.393,26.244 525.979,25.756 528.898,25.623 C532.057,25.479 533.004,25.448 541,25.448 C548.997,25.448 549.943,25.479 553.102,25.623 C556.021,25.756 557.607,26.244 558.662,26.654 C560.06,27.196 561.058,27.846 562.106,28.894 C563.154,29.942 563.803,30.938 564.346,32.338 C564.756,33.391 565.244,34.978 565.378,37.899 C565.522,41.056 565.552,42.003 565.552,50 C565.552,57.996 565.522,58.943 565.378,62.101 M570.82,37.631 C570.674,34.438 570.167,32.258 569.425,30.349 C568.659,28.377 567.633,26.702 565.965,25.035 C564.297,23.368 562.623,22.342 560.652,21.575 C558.743,20.834 556.562,20.326 553.369,20.18 C550.169,20.033 549.148,20 541,20 C532.853,20 531.831,20.033 528.631,20.18 C525.438,20.326 523.257,20.834 521.349,21.575 C519.376,22.342 517.703,23.368 516.035,25.035 C514.368,26.702 513.342,28.377 512.574,30.349 C511.834,32.258 511.326,34.438 511.181,37.631 C511.035,40.831 511,41.851 511,50 C511,58.147 511.035,59.17 511.181,62.369 C511.326,65.562 511.834,67.743 512.574,69.651 C513.342,71.625 514.368,73.296 516.035,74.965 C517.703,76.634 519.376,77.658 521.349,78.425 C523.257,79.167 525.438,79.673 528.631,79.82 C531.831,79.965 532.853,80.001 541,80.001 C549.148,80.001 550.169,79.965 553.369,79.82 C556.562,79.673 558.743,79.167 560.652,78.425 C562.623,77.658 564.297,76.634 565.965,74.965 C567.633,73.296 568.659,71.625 569.425,69.651 C570.167,67.743 570.674,65.562 570.82,62.369 C570.966,59.17 571,58.147 571,50 C571,41.851 570.966,40.831 570.82,37.631\"><\/path><\/g><\/g><\/g><\/svg><\/div><div style=\"padding-top: 8px;\"> <div style=\" color:#3897f0; font-family:Arial,sans-serif; font-size:14px; font-style:normal; font-weight:550; line-height:18px;\">Ver essa foto no Instagram<\/div><\/div><div style=\"padding: 12.5% 0;\"><\/div> <div style=\"display: flex; flex-direction: row; margin-bottom: 14px; align-items: center;\"><div> <div style=\"background-color: #F4F4F4; border-radius: 50%; height: 12.5px; width: 12.5px; transform: translateX(0px) translateY(7px);\"><\/div> <div style=\"background-color: #F4F4F4; height: 12.5px; transform: rotate(-45deg) translateX(3px) translateY(1px); width: 12.5px; flex-grow: 0; margin-right: 14px; margin-left: 2px;\"><\/div> <div style=\"background-color: #F4F4F4; border-radius: 50%; height: 12.5px; width: 12.5px; transform: translateX(9px) translateY(-18px);\"><\/div><\/div><div style=\"margin-left: 8px;\"> <div style=\" background-color: #F4F4F4; border-radius: 50%; flex-grow: 0; height: 20px; width: 20px;\"><\/div> <div style=\" width: 0; height: 0; border-top: 2px solid transparent; border-left: 6px solid #f4f4f4; border-bottom: 2px solid transparent; transform: translateX(16px) translateY(-4px) rotate(30deg)\"><\/div><\/div><div style=\"margin-left: auto;\"> <div style=\" width: 0px; border-top: 8px solid #F4F4F4; border-right: 8px solid transparent; transform: translateY(16px);\"><\/div> <div style=\" background-color: #F4F4F4; flex-grow: 0; height: 12px; width: 16px; transform: translateY(-4px);\"><\/div> <div style=\" width: 0; height: 0; border-top: 8px solid #F4F4F4; border-left: 8px solid transparent; transform: translateY(-4px) translateX(8px);\"><\/div><\/div><\/div> <div style=\"display: flex; flex-direction: column; flex-grow: 1; justify-content: center; margin-bottom: 24px;\"> <div style=\" background-color: #F4F4F4; border-radius: 4px; flex-grow: 0; height: 14px; margin-bottom: 6px; width: 224px;\"><\/div> <div style=\" background-color: #F4F4F4; border-radius: 4px; flex-grow: 0; height: 14px; width: 144px;\"><\/div><\/div><\/a><p style=\" color:#c9c8cd; font-family:Arial,sans-serif; font-size:14px; line-height:17px; margin-bottom:0; margin-top:8px; overflow:hidden; padding:8px 0 7px; text-align:center; text-overflow:ellipsis; white-space:nowrap;\"><a href=\"https:\/\/www.instagram.com\/reel\/DXP1hjMieAK\/?utm_source=ig_embed&amp;utm_campaign=loading\" style=\" color:#c9c8cd; font-family:Arial,sans-serif; font-size:14px; font-style:normal; font-weight:normal; line-height:17px; text-decoration:none;\" target=\"_blank\">Um post compartilhado por Hy\u146d\u146det (@hyppet)<\/a><\/p><\/div><\/blockquote>\n<script async src=\"\/\/www.instagram.com\/embed.js\"><\/script>\n\n\n\n<h2 class=\"wp-block-heading\">Vantagens de adotar um c\u00e3o adulto e carinhoso<\/h2>\n\n\n\n<p>Muitas pessoas hesitam em adotar c\u00e3es adultos por medo de n\u00e3o se adaptarem, mas a realidade mostra que esses animais s\u00e3o extremamente gratos e f\u00e1ceis de educar. Optar por um bicho que j\u00e1 passou pela <strong>fase da destrui\u00e7\u00e3o<\/strong> de objetos e que possui temperamento previs\u00edvel traz uma estabilidade imediata para a rotina da <strong>nova fam\u00edlia<\/strong>.<\/p>\n\n\n\n<ul class=\"wp-block-list\">\n<li>C\u00e3es adultos geralmente j\u00e1 possuem o <strong>tamanho definitivo<\/strong>, facilitando o planejamento do espa\u00e7o f\u00edsico necess\u00e1rio na resid\u00eancia.<\/li>\n\n\n\n<li>A gratid\u00e3o de um animal resgatado cria um <strong>v\u00ednculo de lealdade<\/strong> profunda, resultando em um companheiro protetor e dedicado.<\/li>\n\n\n\n<li>Muitos j\u00e1 est\u00e3o habituados a fazer as necessidades nos locais corretos, economizando tempo com o <strong>treinamento b\u00e1sico<\/strong> inicial.<\/li>\n\n\n\n<li>Adotar um animal que est\u00e1 sozinho no abrigo salva duas vidas: a de quem vai para casa e a de quem <strong>ocupa a vaga<\/strong> aberta.<\/li>\n\n\n\n<li>C\u00e3es carinhosos s\u00e3o excelentes para lares com idosos ou pessoas que buscam <strong>suporte emocional<\/strong> e companhia constante.<\/li>\n<\/ul>\n\n\n\n<p>Escolher o \u00faltimo animal de um corredor para levar para casa \u00e9 um ato de <strong>humanidade extrema<\/strong> que transforma a vida de todos os envolvidos. Ao priorizar aqueles que est\u00e3o h\u00e1 mais tempo esperando, voc\u00ea combate diretamente o abandono e fortalece a rede de <strong>prote\u00e7\u00e3o animal<\/strong> que opera com recursos limitados em todo o pa\u00eds.<\/p>\n\n\n\n<h2 class=\"wp-block-heading\">O final que todos esperam para a cadelinha solit\u00e1ria<\/h2>\n\n\n\n<p>A expectativa agora \u00e9 que a visibilidade gerada traga n\u00e3o apenas curiosos, mas algu\u00e9m disposto a oferecer o <strong>comprometimento real<\/strong> que ela tanto espera. Ver o \u00faltimo companheiro partir foi um golpe duro, mas tamb\u00e9m serviu como o gatilho necess\u00e1rio para que o mundo voltasse os olhos para a sua <strong>exist\u00eancia singular<\/strong> e amorosa.<\/p>\n\n\n\n<p>Que em <strong>2026<\/strong> possamos celebrar cada vez menos gaiolas cheias e cada vez mais lares repletos de alegria e pelos no sof\u00e1. A cadelinha carinhosa nos lembra que, no final do dia, todos n\u00f3s \u2014 humanos ou animais \u2014 buscamos apenas um lugar onde possamos pertencer e sermos <strong>amados de verdade<\/strong>.<\/p>\n","protected":false},"excerpt":{"rendered":"<p>A solid\u00e3o dos abrigos de animais ganhou um rosto melanc\u00f3lico nesta semana de abril de 2026, despertando uma onda de empatia global. Uma cadelinha conhecida por sua do\u00e7ura extrema viu seu \u00faltimo amigo de cela partir para um novo lar, permanecendo como a \u00fanica moradora de um setor que antes era repleto de latidos e [&hellip;]<\/p>\n","protected":false},"author":24,"featured_media":127688,"comment_status":"open","ping_status":"open","sticky":false,"template":"","format":"standard","meta":{"jnews-multi-image_gallery":[],"jnews_single_post":{"format":"standard"},"jnews_primary_category":[],"jnews_social_meta":[],"jnews_override_counter":[],"footnotes":""},"categories":[1],"tags":[23512,23513],"class_list":["post-127680","post","type-post","status-publish","format-standard","has-post-thumbnail","hentry","category-sem-categoria","tag-adotar-um-animal","tag-cadela-em-abrigo"],"yoast_head":"<!-- This site is optimized with the Yoast SEO plugin v26.5 - https:\/\/yoast.com\/wordpress\/plugins\/seo\/ -->\n<title>Cadelinha carinhosa fica sozinha em abrigo ap\u00f3s ver \u00faltimo companheiro ser adotado e comove a web - UAI Not\u00edcias<\/title>\n<meta name=\"description\" content=\"Cadelinha v\u00ea \u00faltimo amigo ser adotado e fica sozinha no abrigo, emocionando e mobilizando busca por um lar.\" \/>\n<meta name=\"robots\" content=\"index, follow, max-snippet:-1, max-image-preview:large, max-video-preview:-1\" \/>\n<link rel=\"canonical\" href=\"https:\/\/www.uai.com.br\/uainoticias\/2026\/04\/28\/cadelinha-carinhosa-fica-sozinha-em-abrigo-apos-ver-ultimo-companheiro-ser-adotado-e-comove-a-web\/\" \/>\n<meta property=\"og:locale\" content=\"pt_BR\" \/>\n<meta property=\"og:type\" content=\"article\" \/>\n<meta property=\"og:title\" content=\"Cadelinha carinhosa fica sozinha em abrigo ap\u00f3s ver \u00faltimo companheiro ser adotado e comove a web - UAI Not\u00edcias\" \/>\n<meta property=\"og:description\" content=\"Cadelinha v\u00ea \u00faltimo amigo ser adotado e fica sozinha no abrigo, emocionando e mobilizando busca por um lar.\" \/>\n<meta property=\"og:url\" content=\"https:\/\/www.uai.com.br\/uainoticias\/2026\/04\/28\/cadelinha-carinhosa-fica-sozinha-em-abrigo-apos-ver-ultimo-companheiro-ser-adotado-e-comove-a-web\/\" \/>\n<meta property=\"og:site_name\" content=\"UAI Not\u00edcias\" \/>\n<meta property=\"article:published_time\" content=\"2026-04-28T21:35:00+00:00\" \/>\n<meta property=\"og:image\" content=\"https:\/\/www.uai.com.br\/uainoticias\/wp-content\/uploads\/2026\/04\/cadela-no-abrigo.jpg\" \/>\n\t<meta property=\"og:image:width\" content=\"1280\" \/>\n\t<meta property=\"og:image:height\" content=\"720\" \/>\n\t<meta property=\"og:image:type\" content=\"image\/jpeg\" \/>\n<meta name=\"author\" content=\"Daniely Cardoso\" \/>\n<meta name=\"twitter:card\" content=\"summary_large_image\" \/>\n<meta name=\"twitter:label1\" content=\"Escrito por\" \/>\n\t<meta name=\"twitter:data1\" content=\"Daniely Cardoso\" \/>\n\t<meta name=\"twitter:label2\" content=\"Est. tempo de leitura\" \/>\n\t<meta name=\"twitter:data2\" content=\"5 minutos\" \/>\n<!-- \/ Yoast SEO plugin. -->","yoast_head_json":{"title":"Cadelinha carinhosa fica sozinha em abrigo ap\u00f3s ver \u00faltimo companheiro ser adotado e comove a web - UAI Not\u00edcias","description":"Cadelinha v\u00ea \u00faltimo amigo ser adotado e fica sozinha no abrigo, emocionando e mobilizando busca por um lar.","robots":{"index":"index","follow":"follow","max-snippet":"max-snippet:-1","max-image-preview":"max-image-preview:large","max-video-preview":"max-video-preview:-1"},"canonical":"https:\/\/www.uai.com.br\/uainoticias\/2026\/04\/28\/cadelinha-carinhosa-fica-sozinha-em-abrigo-apos-ver-ultimo-companheiro-ser-adotado-e-comove-a-web\/","og_locale":"pt_BR","og_type":"article","og_title":"Cadelinha carinhosa fica sozinha em abrigo ap\u00f3s ver \u00faltimo companheiro ser adotado e comove a web - UAI Not\u00edcias","og_description":"Cadelinha v\u00ea \u00faltimo amigo ser adotado e fica sozinha no abrigo, emocionando e mobilizando busca por um lar.","og_url":"https:\/\/www.uai.com.br\/uainoticias\/2026\/04\/28\/cadelinha-carinhosa-fica-sozinha-em-abrigo-apos-ver-ultimo-companheiro-ser-adotado-e-comove-a-web\/","og_site_name":"UAI Not\u00edcias","article_published_time":"2026-04-28T21:35:00+00:00","og_image":[{"width":1280,"height":720,"url":"https:\/\/www.uai.com.br\/uainoticias\/wp-content\/uploads\/2026\/04\/cadela-no-abrigo.jpg","type":"image\/jpeg"}],"author":"Daniely Cardoso","twitter_card":"summary_large_image","twitter_misc":{"Escrito por":"Daniely Cardoso","Est. tempo de leitura":"5 minutos"},"schema":{"@context":"https:\/\/schema.org","@graph":[{"@type":"WebPage","@id":"https:\/\/www.uai.com.br\/uainoticias\/2026\/04\/28\/cadelinha-carinhosa-fica-sozinha-em-abrigo-apos-ver-ultimo-companheiro-ser-adotado-e-comove-a-web\/","url":"https:\/\/www.uai.com.br\/uainoticias\/2026\/04\/28\/cadelinha-carinhosa-fica-sozinha-em-abrigo-apos-ver-ultimo-companheiro-ser-adotado-e-comove-a-web\/","name":"Cadelinha carinhosa fica sozinha em abrigo ap\u00f3s ver \u00faltimo companheiro ser adotado e comove a web - UAI Not\u00edcias","isPartOf":{"@id":"https:\/\/www.uai.com.br\/uainoticias\/#website"},"primaryImageOfPage":{"@id":"https:\/\/www.uai.com.br\/uainoticias\/2026\/04\/28\/cadelinha-carinhosa-fica-sozinha-em-abrigo-apos-ver-ultimo-companheiro-ser-adotado-e-comove-a-web\/#primaryimage"},"image":{"@id":"https:\/\/www.uai.com.br\/uainoticias\/2026\/04\/28\/cadelinha-carinhosa-fica-sozinha-em-abrigo-apos-ver-ultimo-companheiro-ser-adotado-e-comove-a-web\/#primaryimage"},"thumbnailUrl":"https:\/\/www.uai.com.br\/uainoticias\/wp-content\/uploads\/2026\/04\/cadela-no-abrigo.jpg","datePublished":"2026-04-28T21:35:00+00:00","author":{"@id":"https:\/\/www.uai.com.br\/uainoticias\/#\/schema\/person\/b40f59cad9eb0656c8ae35fee468cc57"},"description":"Cadelinha v\u00ea \u00faltimo amigo ser adotado e fica sozinha no abrigo, emocionando e mobilizando busca por um lar.","breadcrumb":{"@id":"https:\/\/www.uai.com.br\/uainoticias\/2026\/04\/28\/cadelinha-carinhosa-fica-sozinha-em-abrigo-apos-ver-ultimo-companheiro-ser-adotado-e-comove-a-web\/#breadcrumb"},"inLanguage":"pt-BR","potentialAction":[{"@type":"ReadAction","target":["https:\/\/www.uai.com.br\/uainoticias\/2026\/04\/28\/cadelinha-carinhosa-fica-sozinha-em-abrigo-apos-ver-ultimo-companheiro-ser-adotado-e-comove-a-web\/"]}]},{"@type":"ImageObject","inLanguage":"pt-BR","@id":"https:\/\/www.uai.com.br\/uainoticias\/2026\/04\/28\/cadelinha-carinhosa-fica-sozinha-em-abrigo-apos-ver-ultimo-companheiro-ser-adotado-e-comove-a-web\/#primaryimage","url":"https:\/\/www.uai.com.br\/uainoticias\/wp-content\/uploads\/2026\/04\/cadela-no-abrigo.jpg","contentUrl":"https:\/\/www.uai.com.br\/uainoticias\/wp-content\/uploads\/2026\/04\/cadela-no-abrigo.jpg","width":1280,"height":720,"caption":"Apesar de ser descrita como um animal extremamente carinhoso e soci\u00e1vel, ela acaba sendo ignorada por adotantes - Cr\u00e9ditos: Instagram \/ @hyppet"},{"@type":"BreadcrumbList","@id":"https:\/\/www.uai.com.br\/uainoticias\/2026\/04\/28\/cadelinha-carinhosa-fica-sozinha-em-abrigo-apos-ver-ultimo-companheiro-ser-adotado-e-comove-a-web\/#breadcrumb","itemListElement":[{"@type":"ListItem","position":1,"name":"In\u00edcio","item":"https:\/\/www.uai.com.br\/uainoticias\/"},{"@type":"ListItem","position":2,"name":"Cadelinha carinhosa fica sozinha em abrigo ap\u00f3s ver \u00faltimo companheiro ser adotado e comove a web"}]},{"@type":"WebSite","@id":"https:\/\/www.uai.com.br\/uainoticias\/#website","url":"https:\/\/www.uai.com.br\/uainoticias\/","name":"UAI Not\u00edcias","description":"Acompanhe as \u00faltimas not\u00edcias e fique bem informado sobre tudo o que acontece no Brasil e no mundo.","potentialAction":[{"@type":"SearchAction","target":{"@type":"EntryPoint","urlTemplate":"https:\/\/www.uai.com.br\/uainoticias\/?s={search_term_string}"},"query-input":{"@type":"PropertyValueSpecification","valueRequired":true,"valueName":"search_term_string"}}],"inLanguage":"pt-BR"},{"@type":"Person","@id":"https:\/\/www.uai.com.br\/uainoticias\/#\/schema\/person\/b40f59cad9eb0656c8ae35fee468cc57","name":"Daniely Cardoso","image":{"@type":"ImageObject","inLanguage":"pt-BR","@id":"https:\/\/www.uai.com.br\/uainoticias\/#\/schema\/person\/image\/","url":"https:\/\/secure.gravatar.com\/avatar\/b43c203f79e2ee2d699e04567f61958ba1731d1c994abcd298aa4fee5f54cb3a?s=96&d=mm&r=g","contentUrl":"https:\/\/secure.gravatar.com\/avatar\/b43c203f79e2ee2d699e04567f61958ba1731d1c994abcd298aa4fee5f54cb3a?s=96&d=mm&r=g","caption":"Daniely Cardoso"},"sameAs":["https:\/\/www.uai.com.br\/uainoticias\/"],"url":"https:\/\/www.uai.com.br\/uainoticias\/author\/daniely-morais\/"}]}},"_links":{"self":[{"href":"https:\/\/www.uai.com.br\/uainoticias\/wp-json\/wp\/v2\/posts\/127680","targetHints":{"allow":["GET"]}}],"collection":[{"href":"https:\/\/www.uai.com.br\/uainoticias\/wp-json\/wp\/v2\/posts"}],"about":[{"href":"https:\/\/www.uai.com.br\/uainoticias\/wp-json\/wp\/v2\/types\/post"}],"author":[{"embeddable":true,"href":"https:\/\/www.uai.com.br\/uainoticias\/wp-json\/wp\/v2\/users\/24"}],"replies":[{"embeddable":true,"href":"https:\/\/www.uai.com.br\/uainoticias\/wp-json\/wp\/v2\/comments?post=127680"}],"version-history":[{"count":2,"href":"https:\/\/www.uai.com.br\/uainoticias\/wp-json\/wp\/v2\/posts\/127680\/revisions"}],"predecessor-version":[{"id":127690,"href":"https:\/\/www.uai.com.br\/uainoticias\/wp-json\/wp\/v2\/posts\/127680\/revisions\/127690"}],"wp:featuredmedia":[{"embeddable":true,"href":"https:\/\/www.uai.com.br\/uainoticias\/wp-json\/wp\/v2\/media\/127688"}],"wp:attachment":[{"href":"https:\/\/www.uai.com.br\/uainoticias\/wp-json\/wp\/v2\/media?parent=127680"}],"wp:term":[{"taxonomy":"category","embeddable":true,"href":"https:\/\/www.uai.com.br\/uainoticias\/wp-json\/wp\/v2\/categories?post=127680"},{"taxonomy":"post_tag","embeddable":true,"href":"https:\/\/www.uai.com.br\/uainoticias\/wp-json\/wp\/v2\/tags?post=127680"}],"curies":[{"name":"wp","href":"https:\/\/api.w.org\/{rel}","templated":true}]}}