{"id":127661,"date":"2026-04-28T07:15:00","date_gmt":"2026-04-28T10:15:00","guid":{"rendered":"https:\/\/www.uai.com.br\/uainoticias\/?p=127661"},"modified":"2026-04-27T13:35:56","modified_gmt":"2026-04-27T16:35:56","slug":"peter-drucker-pai-da-gestao-moderna-e-autor-de-the-practice-of-management-a-melhor-maneira-de-prever-o-futuro-e-cria-lo","status":"publish","type":"post","link":"https:\/\/www.uai.com.br\/uainoticias\/2026\/04\/28\/peter-drucker-pai-da-gestao-moderna-e-autor-de-the-practice-of-management-a-melhor-maneira-de-prever-o-futuro-e-cria-lo\/","title":{"rendered":"Peter Drucker, pai da gest\u00e3o moderna e autor de \u201cThe Practice of Management\u201d: \u201cA melhor maneira de prever o futuro \u00e9 cri\u00e1-lo\u201d"},"content":{"rendered":"\n<link href=\"https:\/\/fonts.googleapis.com\/css2?family=Merriweather:wght@700&#038;family=Open+Sans:wght@400;600;700&#038;display=swap\" rel=\"stylesheet\">\r\n<style>\r\n.rdp-resumo-wrapper {\r\n  max-width: 620px;\r\n  margin: 28px auto;\r\n  background: #FFFFFF;\r\n  border: 1px solid #D0D0D0;\r\n  border-radius: 6px;\r\n  padding: 28px 32px;\r\n  font-family: 'Open Sans', sans-serif;\r\n  box-shadow: 0 2px 12px rgba(0,0,0,0.08);\r\n}\r\n.rdp-resumo-header {\r\n  display: flex;\r\n  align-items: center;\r\n  gap: 16px;\r\n  margin-bottom: 22px;\r\n}\r\n.rdp-resumo-line {\r\n  flex: 1;\r\n  height: 1px;\r\n  background: #D0D0D0;\r\n}\r\n.rdp-resumo-title {\r\n  font-family: 'Merriweather', serif;\r\n  font-size: 13px;\r\n  font-weight: 700;\r\n  text-transform: uppercase;\r\n  letter-spacing: 3px;\r\n  color: #1A1A1A;\r\n  white-space: nowrap;\r\n}\r\n.rdp-resumo-list {\r\n  list-style: none;\r\n  padding: 0;\r\n  margin: 0;\r\n}\r\n.rdp-resumo-item {\r\n  padding: 0 0 18px 22px;\r\n  position: relative;\r\n  line-height: 1.7;\r\n}\r\n.rdp-resumo-item:last-child {\r\n  padding-bottom: 0;\r\n}\r\n.rdp-resumo-item::before {\r\n  content: \"\";\r\n  position: absolute;\r\n  left: 0;\r\n  top: 8px;\r\n  width: 8px;\r\n  height: 8px;\r\n  background: #2B5A83;\r\n  border-radius: 50%;\r\n}\r\n.rdp-resumo-item-title {\r\n  font-size: 15px;\r\n  font-weight: 700;\r\n  color: #1A1A1A;\r\n}\r\n.rdp-resumo-item-desc {\r\n  font-size: 15px;\r\n  color: #4A4A4A;\r\n  line-height: 1.7;\r\n}\r\n@media (max-width: 768px) {\r\n  .rdp-resumo-wrapper {\r\n    max-width: 100%;\r\n    margin: 20px 12px;\r\n    padding: 22px 20px;\r\n  }\r\n}\r\n<\/style>\r\n<div class=\"rdp-resumo-wrapper\">\r\n  <div class=\"rdp-resumo-header\">\r\n    <span class=\"rdp-resumo-line\"><\/span>\r\n    <span class=\"rdp-resumo-title\">Resumo<\/span>\r\n    <span class=\"rdp-resumo-line\"><\/span>\r\n  <\/div>\r\n  <ul class=\"rdp-resumo-list\">\r\n    <li class=\"rdp-resumo-item\">\r\n      <span class=\"rdp-resumo-item-title\">Frase emblem\u00e1tica:<\/span> <span class=\"rdp-resumo-item-desc\">Peter Drucker sintetiza sua vis\u00e3o estrat\u00e9gica ao afirmar que o futuro n\u00e3o se prev\u00ea, se constr\u00f3i.<\/span>\r\n    <\/li>\r\n    <li class=\"rdp-resumo-item\">\r\n      <span class=\"rdp-resumo-item-title\">Gest\u00e3o e inova\u00e7\u00e3o:<\/span> <span class=\"rdp-resumo-item-desc\">A ideia conecta lideran\u00e7a, planejamento e tomada de decis\u00e3o no universo corporativo moderno.<\/span>\r\n    <\/li>\r\n    <li class=\"rdp-resumo-item\">\r\n      <span class=\"rdp-resumo-item-title\">Relev\u00e2ncia atual:<\/span> <span class=\"rdp-resumo-item-desc\">Em um cen\u00e1rio de transforma\u00e7\u00e3o digital, a frase refor\u00e7a o papel ativo das organiza\u00e7\u00f5es no mercado.<\/span>\r\n    <\/li>\r\n  <\/ul>\r\n<\/div>\n\n\n\n<p>No universo da administra\u00e7\u00e3o, estrat\u00e9gia e lideran\u00e7a empresarial, poucas frases atravessam d\u00e9cadas com tanta for\u00e7a quanto a de Peter Drucker. Ao afirmar <em>\u201cA melhor maneira de prever o futuro \u00e9 cri\u00e1-lo\u201d<\/em>, o pensador redefine o papel do gestor dentro do mercado. Mais do que antecipar tend\u00eancias, ele prop\u00f5e uma atua\u00e7\u00e3o ativa na constru\u00e7\u00e3o de cen\u00e1rios, algo que ressoa diretamente com a cultura de inova\u00e7\u00e3o e competitividade contempor\u00e2nea.<\/p>\n\n\n\n<h2 class=\"wp-block-heading\">Quem \u00e9 Peter Drucker e por que sua voz importa<\/h2>\n\n\n\n<p>Peter Drucker \u00e9 considerado o pai da gest\u00e3o moderna, respons\u00e1vel por moldar conceitos fundamentais da administra\u00e7\u00e3o estrat\u00e9gica. Autor de obras como <strong>The Practice of Management<\/strong>, ele ajudou a estruturar pilares como lideran\u00e7a, produtividade e cultura organizacional.<\/p>\n\n\n\n<p>Ao longo de sua carreira, Drucker influenciou executivos, empresas e institui\u00e7\u00f5es ao redor do mundo. Seu pensamento permanece central em discuss\u00f5es sobre governan\u00e7a corporativa, planejamento estrat\u00e9gico e inova\u00e7\u00e3o empresarial.<\/p>\n\n\n\n<h2 class=\"wp-block-heading\">O que Peter Drucker quis dizer com essa frase<\/h2>\n\n\n\n<p>Ao dizer que o futuro deve ser criado, Peter Drucker rompe com a l\u00f3gica passiva de an\u00e1lise de tend\u00eancias. Ele posiciona o gestor como protagonista, algu\u00e9m capaz de intervir no mercado por meio de decis\u00f5es estrat\u00e9gicas e a\u00e7\u00f5es planejadas.<\/p>\n\n\n\n<p>A frase, frequentemente associada a entrevistas e reflex\u00f5es presentes em suas publica\u00e7\u00f5es, traduz a ess\u00eancia da gest\u00e3o moderna. Ela destaca que inova\u00e7\u00e3o, lideran\u00e7a e execu\u00e7\u00e3o s\u00e3o ferramentas para moldar resultados, n\u00e3o apenas reagir a eles.<\/p>\n\n\n\n<figure class=\"wp-block-embed is-type-video is-provider-youtube wp-block-embed-youtube wp-embed-aspect-16-9 wp-has-aspect-ratio\"><div class=\"wp-block-embed__wrapper\">\n<div class=\"jeg_video_container jeg_video_content\"><iframe loading=\"lazy\" title=\"Drucker\u2019s Daily 474 \u2013 &quot;A melhor maneira de prever o futuro \u00e9 cri\u00e1-lo&quot;\" width=\"500\" height=\"281\" src=\"https:\/\/www.youtube.com\/embed\/KrQ36nHAbSs?feature=oembed\" frameborder=\"0\" allow=\"accelerometer; autoplay; clipboard-write; encrypted-media; gyroscope; picture-in-picture; web-share\" referrerpolicy=\"strict-origin-when-cross-origin\" allowfullscreen><\/iframe><\/div>\n<\/div><\/figure>\n\n\n\n<h2 class=\"wp-block-heading\">Gest\u00e3o estrat\u00e9gica: o contexto por tr\u00e1s das palavras<\/h2>\n\n\n\n<p>A gest\u00e3o estrat\u00e9gica, tema central na obra de Peter Drucker, envolve an\u00e1lise de mercado, defini\u00e7\u00e3o de metas e implementa\u00e7\u00e3o de a\u00e7\u00f5es alinhadas ao prop\u00f3sito organizacional. Nesse cen\u00e1rio, prever o futuro significa entender tend\u00eancias, mas cri\u00e1-lo exige execu\u00e7\u00e3o.<\/p>\n\n\n\n<p>Empresas que adotam essa vis\u00e3o investem em inova\u00e7\u00e3o, cultura organizacional e lideran\u00e7a proativa. O pensamento de Drucker antecipa conceitos atuais como transforma\u00e7\u00e3o digital e pensamento disruptivo, hoje amplamente discutidos no ambiente corporativo.<\/p>\n\n\n\n<link href=\"https:\/\/fonts.googleapis.com\/css2?family=Merriweather:wght@700&#038;family=Open+Sans:wght@400;600;700&#038;display=swap\" rel=\"stylesheet\">\r\n<style>\r\n\/* Prote\u00e7\u00e3o contra inje\u00e7\u00e3o do \"Veja Tamb\u00e9m\" (JNews inline related posts) *\/\r\n.rdp-cards-wrapper .jnews_inline_related_post_wrapper,\r\n.rdp-cards-wrapper .jnews_inline_related_post,\r\n.rdp-cards-wrapper .jeg_postblock,\r\n.rdp-cards-wrapper [class*=\"jnews_inline\"],\r\n.rdp-cards-wrapper [class*=\"jeg_postblock\"],\r\n.rdp-cards-wrapper [class*=\"jeg_block\"] {\r\n  display: none !important;\r\n  height: 0 !important;\r\n  max-height: 0 !important;\r\n  overflow: hidden !important;\r\n  visibility: hidden !important;\r\n  margin: 0 !important;\r\n  padding: 0 !important;\r\n  border: none !important;\r\n  font-size: 0 !important;\r\n  line-height: 0 !important;\r\n}\r\n.rdp-cards-wrapper {\r\n  max-width: 100%;\r\n  margin: 32px 0;\r\n  background: #F5F7FA;\r\n  border: 1px solid #E1E5EB;\r\n  border-radius: 10px;\r\n  padding: 28px 28px 20px;\r\n  font-family: 'Open Sans', sans-serif;\r\n  overflow: hidden;\r\n  contain: layout style;\r\n  isolation: isolate;\r\n  position: relative;\r\n  z-index: 1;\r\n}\r\n.rdp-cards-wrapper > *:not(.rdp-cards-title):not(.rdp-cards-grid) {\r\n  display: none !important;\r\n  height: 0 !important;\r\n  overflow: hidden !important;\r\n  margin: 0 !important;\r\n  padding: 0 !important;\r\n  border: none !important;\r\n}\r\n.rdp-cards-title {\r\n  font-family: 'Merriweather', serif;\r\n  font-size: 20px;\r\n  font-weight: 700;\r\n  color: #1A1A1A;\r\n  margin: 0 0 20px 0;\r\n  line-height: 1.3;\r\n  text-align: center;\r\n}\r\n.rdp-cards-grid {\r\n  display: grid;\r\n  grid-template-columns: repeat(3, 1fr);\r\n  gap: 18px;\r\n}\r\n.rdp-cards-item {\r\n  background: #FFFFFF;\r\n  border: 1px solid #E1E5EB;\r\n  border-top: 3px solid #2B5A83;\r\n  border-radius: 10px;\r\n  padding: 22px 20px;\r\n  box-shadow: 0 2px 8px rgba(0,0,0,0.04);\r\n  transition: box-shadow 0.3s ease;\r\n}\r\n.rdp-cards-item:hover {\r\n  box-shadow: 0 4px 16px rgba(43,90,131,0.1);\r\n}\r\n.rdp-cards-emoji {\r\n  font-size: 32px;\r\n  line-height: 1;\r\n  margin-bottom: 12px;\r\n  display: block;\r\n}\r\n.rdp-cards-item-title {\r\n  font-size: 15px;\r\n  font-weight: 700;\r\n  color: #1A1A1A;\r\n  margin-bottom: 8px;\r\n  line-height: 1.3;\r\n}\r\n.rdp-cards-item-desc {\r\n  font-size: 14px;\r\n  color: #4A4A4A;\r\n  line-height: 1.6;\r\n  margin: 0;\r\n}\r\n@media (max-width: 768px) {\r\n  .rdp-cards-wrapper {\r\n    padding: 20px 16px 14px;\r\n  }\r\n  .rdp-cards-grid {\r\n    grid-template-columns: 1fr;\r\n    gap: 14px;\r\n  }\r\n  .rdp-cards-title {\r\n    font-size: 18px;\r\n  }\r\n}\r\n<\/style>\r\n<div class=\"rdp-cards-wrapper\">\r\n  <div class=\"rdp-cards-title\">Saiba mais sobre o tema<\/div>\r\n  <div class=\"rdp-cards-grid\">\r\n    <div class=\"rdp-cards-item\">\r\n      <span class=\"rdp-cards-emoji\">\ud83d\udcd8<\/span>\r\n      <div class=\"rdp-cards-item-title\">Obra fundamental<\/div>\r\n      <p class=\"rdp-cards-item-desc\">The Practice of Management consolidou conceitos essenciais da administra\u00e7\u00e3o e influenciou gera\u00e7\u00f5es de l\u00edderes empresariais.<\/p>\r\n    <\/div>\r\n    <div class=\"rdp-cards-item\">\r\n      <span class=\"rdp-cards-emoji\">\ud83d\ude80<\/span>\r\n      <div class=\"rdp-cards-item-title\">Inova\u00e7\u00e3o estrat\u00e9gica<\/div>\r\n      <p class=\"rdp-cards-item-desc\">Drucker antecipou a import\u00e2ncia da inova\u00e7\u00e3o cont\u00ednua como diferencial competitivo em mercados din\u00e2micos.<\/p>\r\n    <\/div>\r\n    <div class=\"rdp-cards-item\">\r\n      <span class=\"rdp-cards-emoji\">\ud83c\udf10<\/span>\r\n      <div class=\"rdp-cards-item-title\">Impacto global<\/div>\r\n      <p class=\"rdp-cards-item-desc\">Seu pensamento moldou pr\u00e1ticas de gest\u00e3o em empresas multinacionais e institui\u00e7\u00f5es ao redor do mundo.<\/p>\r\n    <\/div>\r\n  <\/div>\r\n<\/div>\r\n<div style=\"clear:both;height:0;overflow:hidden;\"><\/div>\n\n\n\n<h2 class=\"wp-block-heading\">Por que essa declara\u00e7\u00e3o repercutiu<\/h2>\n\n\n\n<p>A frase de Peter Drucker ganhou destaque porque dialoga diretamente com o cen\u00e1rio contempor\u00e2neo de transforma\u00e7\u00e3o digital e mudan\u00e7as aceleradas. Em um mercado vol\u00e1til, a ideia de criar o futuro tornou-se um mantra para l\u00edderes e empreendedores.<\/p>\n\n\n\n<p>Ela tamb\u00e9m se conecta com debates atuais sobre inova\u00e7\u00e3o, cultura organizacional e adapta\u00e7\u00e3o estrat\u00e9gica. Ao inv\u00e9s de reagir, empresas s\u00e3o incentivadas a antecipar movimentos e liderar mudan\u00e7as dentro de seus setores.<\/p>\n\n\n\n<h2 class=\"wp-block-heading\">O legado e a relev\u00e2ncia para a gest\u00e3o moderna<\/h2>\n\n\n\n<p>O pensamento de Peter Drucker continua essencial para compreender a gest\u00e3o contempor\u00e2nea. Sua vis\u00e3o estrat\u00e9gica refor\u00e7a a import\u00e2ncia da lideran\u00e7a ativa, da inova\u00e7\u00e3o constante e da capacidade de transformar ideias em a\u00e7\u00e3o dentro das organiza\u00e7\u00f5es.<\/p>\n\n\n\n<p>No universo da administra\u00e7\u00e3o, a provoca\u00e7\u00e3o de Drucker permanece atual. Em um ambiente corporativo marcado por mudan\u00e7as r\u00e1pidas, criar o futuro deixou de ser op\u00e7\u00e3o e se tornou uma necessidade estrat\u00e9gica.<\/p>\n","protected":false},"excerpt":{"rendered":"<p>Resumo Frase emblem\u00e1tica: Peter Drucker sintetiza sua vis\u00e3o estrat\u00e9gica ao afirmar que o futuro n\u00e3o se prev\u00ea, se constr\u00f3i. Gest\u00e3o e inova\u00e7\u00e3o: A ideia conecta lideran\u00e7a, planejamento e tomada de decis\u00e3o no universo corporativo moderno. Relev\u00e2ncia atual: Em um cen\u00e1rio de transforma\u00e7\u00e3o digital, a frase refor\u00e7a o papel ativo das organiza\u00e7\u00f5es no mercado. No universo [&hellip;]<\/p>\n","protected":false},"author":23,"featured_media":127662,"comment_status":"open","ping_status":"open","sticky":false,"template":"","format":"standard","meta":{"jnews-multi-image_gallery":[],"jnews_single_post":{"format":"standard"},"jnews_primary_category":[],"jnews_social_meta":[],"jnews_override_counter":[],"footnotes":""},"categories":[3046,475],"tags":[2790,23504,2756,23503],"class_list":["post-127661","post","type-post","status-publish","format-standard","has-post-thumbnail","hentry","category-curiosidades","category-entretenimento","tag-futuro","tag-gestao","tag-negocios","tag-peter-drucker"],"yoast_head":"<!-- This site is optimized with the Yoast SEO plugin v26.5 - https:\/\/yoast.com\/wordpress\/plugins\/seo\/ -->\n<title>Peter Drucker, pai da gest\u00e3o moderna e autor de \u201cThe Practice of Management\u201d: \u201cA melhor maneira de prever o futuro \u00e9 cri\u00e1-lo\u201d - UAI Not\u00edcias<\/title>\n<meta name=\"description\" content=\"A frase de Peter Drucker sobre criar o futuro voltou ao centro do debate e pode mudar a forma como l\u00edderes enxergam estrat\u00e9gia hoje\" \/>\n<meta name=\"robots\" content=\"index, follow, max-snippet:-1, max-image-preview:large, max-video-preview:-1\" \/>\n<link rel=\"canonical\" href=\"https:\/\/www.uai.com.br\/uainoticias\/2026\/04\/28\/peter-drucker-pai-da-gestao-moderna-e-autor-de-the-practice-of-management-a-melhor-maneira-de-prever-o-futuro-e-cria-lo\/\" \/>\n<meta property=\"og:locale\" content=\"pt_BR\" \/>\n<meta property=\"og:type\" content=\"article\" \/>\n<meta property=\"og:title\" content=\"Peter Drucker, pai da gest\u00e3o moderna e autor de \u201cThe Practice of Management\u201d: \u201cA melhor maneira de prever o futuro \u00e9 cri\u00e1-lo\u201d - UAI Not\u00edcias\" \/>\n<meta property=\"og:description\" content=\"A frase de Peter Drucker sobre criar o futuro voltou ao centro do debate e pode mudar a forma como l\u00edderes enxergam estrat\u00e9gia hoje\" \/>\n<meta property=\"og:url\" content=\"https:\/\/www.uai.com.br\/uainoticias\/2026\/04\/28\/peter-drucker-pai-da-gestao-moderna-e-autor-de-the-practice-of-management-a-melhor-maneira-de-prever-o-futuro-e-cria-lo\/\" \/>\n<meta property=\"og:site_name\" content=\"UAI Not\u00edcias\" \/>\n<meta property=\"article:published_time\" content=\"2026-04-28T10:15:00+00:00\" \/>\n<meta property=\"og:image\" content=\"https:\/\/www.uai.com.br\/uainoticias\/wp-content\/uploads\/2026\/04\/Design_sem_nome-2026-04-27T133517.682.jpg\" \/>\n\t<meta property=\"og:image:width\" content=\"1280\" \/>\n\t<meta property=\"og:image:height\" content=\"720\" \/>\n\t<meta property=\"og:image:type\" content=\"image\/jpeg\" \/>\n<meta name=\"author\" content=\"Gustavo Trindade\" \/>\n<meta name=\"twitter:card\" content=\"summary_large_image\" \/>\n<meta name=\"twitter:label1\" content=\"Escrito por\" \/>\n\t<meta name=\"twitter:data1\" content=\"Gustavo Trindade\" \/>\n\t<meta name=\"twitter:label2\" content=\"Est. tempo de leitura\" \/>\n\t<meta name=\"twitter:data2\" content=\"4 minutos\" \/>\n<!-- \/ Yoast SEO plugin. -->","yoast_head_json":{"title":"Peter Drucker, pai da gest\u00e3o moderna e autor de \u201cThe Practice of Management\u201d: \u201cA melhor maneira de prever o futuro \u00e9 cri\u00e1-lo\u201d - UAI Not\u00edcias","description":"A frase de Peter Drucker sobre criar o futuro voltou ao centro do debate e pode mudar a forma como l\u00edderes enxergam estrat\u00e9gia hoje","robots":{"index":"index","follow":"follow","max-snippet":"max-snippet:-1","max-image-preview":"max-image-preview:large","max-video-preview":"max-video-preview:-1"},"canonical":"https:\/\/www.uai.com.br\/uainoticias\/2026\/04\/28\/peter-drucker-pai-da-gestao-moderna-e-autor-de-the-practice-of-management-a-melhor-maneira-de-prever-o-futuro-e-cria-lo\/","og_locale":"pt_BR","og_type":"article","og_title":"Peter Drucker, pai da gest\u00e3o moderna e autor de \u201cThe Practice of Management\u201d: \u201cA melhor maneira de prever o futuro \u00e9 cri\u00e1-lo\u201d - UAI Not\u00edcias","og_description":"A frase de Peter Drucker sobre criar o futuro voltou ao centro do debate e pode mudar a forma como l\u00edderes enxergam estrat\u00e9gia hoje","og_url":"https:\/\/www.uai.com.br\/uainoticias\/2026\/04\/28\/peter-drucker-pai-da-gestao-moderna-e-autor-de-the-practice-of-management-a-melhor-maneira-de-prever-o-futuro-e-cria-lo\/","og_site_name":"UAI Not\u00edcias","article_published_time":"2026-04-28T10:15:00+00:00","og_image":[{"width":1280,"height":720,"url":"https:\/\/www.uai.com.br\/uainoticias\/wp-content\/uploads\/2026\/04\/Design_sem_nome-2026-04-27T133517.682.jpg","type":"image\/jpeg"}],"author":"Gustavo Trindade","twitter_card":"summary_large_image","twitter_misc":{"Escrito por":"Gustavo Trindade","Est. tempo de leitura":"4 minutos"},"schema":{"@context":"https:\/\/schema.org","@graph":[{"@type":"WebPage","@id":"https:\/\/www.uai.com.br\/uainoticias\/2026\/04\/28\/peter-drucker-pai-da-gestao-moderna-e-autor-de-the-practice-of-management-a-melhor-maneira-de-prever-o-futuro-e-cria-lo\/","url":"https:\/\/www.uai.com.br\/uainoticias\/2026\/04\/28\/peter-drucker-pai-da-gestao-moderna-e-autor-de-the-practice-of-management-a-melhor-maneira-de-prever-o-futuro-e-cria-lo\/","name":"Peter Drucker, pai da gest\u00e3o moderna e autor de \u201cThe Practice of Management\u201d: \u201cA melhor maneira de prever o futuro \u00e9 cri\u00e1-lo\u201d - UAI Not\u00edcias","isPartOf":{"@id":"https:\/\/www.uai.com.br\/uainoticias\/#website"},"primaryImageOfPage":{"@id":"https:\/\/www.uai.com.br\/uainoticias\/2026\/04\/28\/peter-drucker-pai-da-gestao-moderna-e-autor-de-the-practice-of-management-a-melhor-maneira-de-prever-o-futuro-e-cria-lo\/#primaryimage"},"image":{"@id":"https:\/\/www.uai.com.br\/uainoticias\/2026\/04\/28\/peter-drucker-pai-da-gestao-moderna-e-autor-de-the-practice-of-management-a-melhor-maneira-de-prever-o-futuro-e-cria-lo\/#primaryimage"},"thumbnailUrl":"https:\/\/www.uai.com.br\/uainoticias\/wp-content\/uploads\/2026\/04\/Design_sem_nome-2026-04-27T133517.682.jpg","datePublished":"2026-04-28T10:15:00+00:00","author":{"@id":"https:\/\/www.uai.com.br\/uainoticias\/#\/schema\/person\/060f8bb02e250479c83590e2c4706fcc"},"description":"A frase de Peter Drucker sobre criar o futuro voltou ao centro do debate e pode mudar a forma como l\u00edderes enxergam estrat\u00e9gia hoje","breadcrumb":{"@id":"https:\/\/www.uai.com.br\/uainoticias\/2026\/04\/28\/peter-drucker-pai-da-gestao-moderna-e-autor-de-the-practice-of-management-a-melhor-maneira-de-prever-o-futuro-e-cria-lo\/#breadcrumb"},"inLanguage":"pt-BR","potentialAction":[{"@type":"ReadAction","target":["https:\/\/www.uai.com.br\/uainoticias\/2026\/04\/28\/peter-drucker-pai-da-gestao-moderna-e-autor-de-the-practice-of-management-a-melhor-maneira-de-prever-o-futuro-e-cria-lo\/"]}]},{"@type":"ImageObject","inLanguage":"pt-BR","@id":"https:\/\/www.uai.com.br\/uainoticias\/2026\/04\/28\/peter-drucker-pai-da-gestao-moderna-e-autor-de-the-practice-of-management-a-melhor-maneira-de-prever-o-futuro-e-cria-lo\/#primaryimage","url":"https:\/\/www.uai.com.br\/uainoticias\/wp-content\/uploads\/2026\/04\/Design_sem_nome-2026-04-27T133517.682.jpg","contentUrl":"https:\/\/www.uai.com.br\/uainoticias\/wp-content\/uploads\/2026\/04\/Design_sem_nome-2026-04-27T133517.682.jpg","width":1280,"height":720,"caption":"Constru\u00e7\u00e3o estrat\u00e9gica do futuro como base da gest\u00e3o moderna"},{"@type":"BreadcrumbList","@id":"https:\/\/www.uai.com.br\/uainoticias\/2026\/04\/28\/peter-drucker-pai-da-gestao-moderna-e-autor-de-the-practice-of-management-a-melhor-maneira-de-prever-o-futuro-e-cria-lo\/#breadcrumb","itemListElement":[{"@type":"ListItem","position":1,"name":"In\u00edcio","item":"https:\/\/www.uai.com.br\/uainoticias\/"},{"@type":"ListItem","position":2,"name":"Peter Drucker, pai da gest\u00e3o moderna e autor de \u201cThe Practice of Management\u201d: \u201cA melhor maneira de prever o futuro \u00e9 cri\u00e1-lo\u201d"}]},{"@type":"WebSite","@id":"https:\/\/www.uai.com.br\/uainoticias\/#website","url":"https:\/\/www.uai.com.br\/uainoticias\/","name":"UAI Not\u00edcias","description":"Acompanhe as \u00faltimas not\u00edcias e fique bem informado sobre tudo o que acontece no Brasil e no mundo.","potentialAction":[{"@type":"SearchAction","target":{"@type":"EntryPoint","urlTemplate":"https:\/\/www.uai.com.br\/uainoticias\/?s={search_term_string}"},"query-input":{"@type":"PropertyValueSpecification","valueRequired":true,"valueName":"search_term_string"}}],"inLanguage":"pt-BR"},{"@type":"Person","@id":"https:\/\/www.uai.com.br\/uainoticias\/#\/schema\/person\/060f8bb02e250479c83590e2c4706fcc","name":"Gustavo Trindade","image":{"@type":"ImageObject","inLanguage":"pt-BR","@id":"https:\/\/www.uai.com.br\/uainoticias\/#\/schema\/person\/image\/","url":"https:\/\/secure.gravatar.com\/avatar\/05714a54ada0bd2b20e75b2c72a9e7802581213945810c2354d320b79f27b427?s=96&d=mm&r=g","contentUrl":"https:\/\/secure.gravatar.com\/avatar\/05714a54ada0bd2b20e75b2c72a9e7802581213945810c2354d320b79f27b427?s=96&d=mm&r=g","caption":"Gustavo Trindade"},"sameAs":["https:\/\/www.uai.com.br\/uainoticias\/"],"url":"https:\/\/www.uai.com.br\/uainoticias\/author\/gustavotrindade\/"}]}},"_links":{"self":[{"href":"https:\/\/www.uai.com.br\/uainoticias\/wp-json\/wp\/v2\/posts\/127661","targetHints":{"allow":["GET"]}}],"collection":[{"href":"https:\/\/www.uai.com.br\/uainoticias\/wp-json\/wp\/v2\/posts"}],"about":[{"href":"https:\/\/www.uai.com.br\/uainoticias\/wp-json\/wp\/v2\/types\/post"}],"author":[{"embeddable":true,"href":"https:\/\/www.uai.com.br\/uainoticias\/wp-json\/wp\/v2\/users\/23"}],"replies":[{"embeddable":true,"href":"https:\/\/www.uai.com.br\/uainoticias\/wp-json\/wp\/v2\/comments?post=127661"}],"version-history":[{"count":2,"href":"https:\/\/www.uai.com.br\/uainoticias\/wp-json\/wp\/v2\/posts\/127661\/revisions"}],"predecessor-version":[{"id":127741,"href":"https:\/\/www.uai.com.br\/uainoticias\/wp-json\/wp\/v2\/posts\/127661\/revisions\/127741"}],"wp:featuredmedia":[{"embeddable":true,"href":"https:\/\/www.uai.com.br\/uainoticias\/wp-json\/wp\/v2\/media\/127662"}],"wp:attachment":[{"href":"https:\/\/www.uai.com.br\/uainoticias\/wp-json\/wp\/v2\/media?parent=127661"}],"wp:term":[{"taxonomy":"category","embeddable":true,"href":"https:\/\/www.uai.com.br\/uainoticias\/wp-json\/wp\/v2\/categories?post=127661"},{"taxonomy":"post_tag","embeddable":true,"href":"https:\/\/www.uai.com.br\/uainoticias\/wp-json\/wp\/v2\/tags?post=127661"}],"curies":[{"name":"wp","href":"https:\/\/api.w.org\/{rel}","templated":true}]}}