{"id":127649,"date":"2026-04-28T04:20:00","date_gmt":"2026-04-28T07:20:00","guid":{"rendered":"https:\/\/www.uai.com.br\/uainoticias\/?p=127649"},"modified":"2026-04-27T13:26:29","modified_gmt":"2026-04-27T16:26:29","slug":"dei-um-telefone-fixo-para-meus-filhos-todos-com-7-anos-ou-menos-eles-convidaram-amigos-num-dia-de-neve-sem-minha-ajuda-e-fiquei-encantada","status":"publish","type":"post","link":"https:\/\/www.uai.com.br\/uainoticias\/2026\/04\/28\/dei-um-telefone-fixo-para-meus-filhos-todos-com-7-anos-ou-menos-eles-convidaram-amigos-num-dia-de-neve-sem-minha-ajuda-e-fiquei-encantada\/","title":{"rendered":"Dei um telefone fixo para meus filhos, todos com 7 anos ou menos. Eles convidaram amigos num dia de neve sem minha ajuda, e fiquei encantada."},"content":{"rendered":"\n<link href=\"https:\/\/fonts.googleapis.com\/css2?family=Inter:wght@400;600;700;800&#038;display=swap\" rel=\"stylesheet\">\r\n<style>\r\n\/* Prote\u00e7\u00e3o contra inje\u00e7\u00e3o do \"Veja Tamb\u00e9m\" (JNews inline related posts) *\/\r\n.rdp-curiosidades-wrapper .jnews_inline_related_post_wrapper,\r\n.rdp-curiosidades-wrapper .jnews_inline_related_post,\r\n.rdp-curiosidades-wrapper .jeg_postblock,\r\n.rdp-curiosidades-wrapper [class*=\"jnews_inline\"],\r\n.rdp-curiosidades-wrapper [class*=\"jeg_postblock\"],\r\n.rdp-curiosidades-wrapper [class*=\"jeg_block\"] {\r\n  display: none !important;\r\n  height: 0 !important;\r\n  max-height: 0 !important;\r\n  overflow: hidden !important;\r\n  visibility: hidden !important;\r\n  margin: 0 !important;\r\n  padding: 0 !important;\r\n  border: none !important;\r\n  font-size: 0 !important;\r\n  line-height: 0 !important;\r\n}\r\n.rdp-curiosidades-wrapper {\r\n  max-width: 620px;\r\n  margin: 28px auto;\r\n  background: #FFFFFF;\r\n  border: 1px solid #E0E0E0;\r\n  border-top: 3px solid #2FC3EE;\r\n  border-radius: 12px;\r\n  padding: 28px 32px;\r\n  font-family: 'Inter', sans-serif;\r\n  box-shadow: 0 4px 20px rgba(47,195,238,0.18);\r\n  overflow: hidden;\r\n  contain: layout style;\r\n  isolation: isolate;\r\n  position: relative;\r\n  z-index: 1;\r\n}\r\n.rdp-curiosidades-wrapper > *:not(.rdp-curiosidades-header):not(.rdp-curiosidades-list) {\r\n  display: none !important;\r\n  height: 0 !important;\r\n  overflow: hidden !important;\r\n  margin: 0 !important;\r\n  padding: 0 !important;\r\n  border: none !important;\r\n}\r\n.rdp-curiosidades-header {\r\n  display: flex;\r\n  align-items: center;\r\n  justify-content: center;\r\n  gap: 16px;\r\n  margin-bottom: 24px;\r\n}\r\n.rdp-curiosidades-line {\r\n  flex: 1;\r\n  height: 1px;\r\n  background: #E0E0E0;\r\n}\r\n.rdp-curiosidades-title {\r\n  font-size: 12px;\r\n  font-weight: 800;\r\n  text-transform: uppercase;\r\n  letter-spacing: 4px;\r\n  color: #1A1A1A;\r\n  white-space: nowrap;\r\n}\r\n.rdp-curiosidades-list {\r\n  list-style: none;\r\n  padding: 0;\r\n  margin: 0;\r\n  text-align: center;\r\n}\r\n.rdp-curiosidades-item {\r\n  padding: 0 0 18px 0;\r\n  line-height: 1.7;\r\n}\r\n.rdp-curiosidades-item:last-child {\r\n  padding-bottom: 0;\r\n}\r\n.rdp-curiosidades-item-bullet {\r\n  display: inline-block;\r\n  width: 8px;\r\n  height: 8px;\r\n  background: #2FC3EE;\r\n  border-radius: 50%;\r\n  box-shadow: 0 0 6px rgba(47,195,238,0.40);\r\n  margin-right: 10px;\r\n  vertical-align: middle;\r\n}\r\n.rdp-curiosidades-item-title {\r\n  font-size: 15px;\r\n  font-weight: 700;\r\n  color: #1A1A1A;\r\n}\r\n.rdp-curiosidades-item-desc {\r\n  font-size: 15px;\r\n  color: #333333;\r\n}\r\n<\/style>\r\n<div class=\"rdp-curiosidades-wrapper\">\r\n  <div class=\"rdp-curiosidades-header\">\r\n    <span class=\"rdp-curiosidades-line\"><\/span>\r\n    <span class=\"rdp-curiosidades-title\">Curiosidades da hist\u00f3ria<\/span>\r\n    <span class=\"rdp-curiosidades-line\"><\/span>\r\n  <\/div>\r\n  <ul class=\"rdp-curiosidades-list\">\r\n    <li class=\"rdp-curiosidades-item\">\r\n      <span class=\"rdp-curiosidades-item-bullet\"><\/span><span class=\"rdp-curiosidades-item-title\">Telefone n\u00e3o parou:<\/span> <span class=\"rdp-curiosidades-item-desc\">Num dia de neve, o telefone tocou sem parar e tudo mudou dentro de casa.<\/span>\r\n    <\/li>\r\n    <li class=\"rdp-curiosidades-item\">\r\n      <span class=\"rdp-curiosidades-item-bullet\"><\/span><span class=\"rdp-curiosidades-item-title\">Aprendizado simples:<\/span> <span class=\"rdp-curiosidades-item-desc\">As crian\u00e7as aprenderam a ligar, conversar e criar la\u00e7os do jeito antigo.<\/span>\r\n    <\/li>\r\n    <li class=\"rdp-curiosidades-item\">\r\n      <span class=\"rdp-curiosidades-item-bullet\"><\/span><span class=\"rdp-curiosidades-item-title\">Final cheio de vida:<\/span> <span class=\"rdp-curiosidades-item-desc\">O quintal ficou cheio de risadas e virou o melhor dia para todos.<\/span>\r\n    <\/li>\r\n  <\/ul>\r\n<\/div>\r\n<div style=\"clear:both;height:0;overflow:hidden;\"><\/div>\n\n\n\n<p>Essa hist\u00f3ria real de uma m\u00e3e que decidiu instalar um telefone fixo em casa parece simples, mas carrega uma transforma\u00e7\u00e3o emocionante. Em meio \u00e0 rotina cheia de telas e distra\u00e7\u00f5es, ela resolveu resgatar um jeito antigo de viver a inf\u00e2ncia. E o que aconteceu depois, especialmente em um dia de neve, trouxe surpresa, alegria e uma sensa\u00e7\u00e3o de comunidade que muita gente sente falta hoje.<\/p>\n\n\n\n<h2 class=\"wp-block-heading\">Como tudo come\u00e7ou:<\/h2>\n\n\n\n<p>Tudo come\u00e7ou com um desejo muito comum entre pais, dar mais <strong>independ\u00eancia para os filhos<\/strong>. A m\u00e3e, junto com o marido, decidiu instalar um telefone fixo para os tr\u00eas filhos pequenos, um de 7 anos e dois g\u00eameos de 5.<\/p>\n\n\n\n<p>No in\u00edcio, foi um processo cheio de descobertas. Eles precisaram aprender a discar n\u00fameros, pedir para falar com amigos e at\u00e9 entender como manter uma conversa. Nada flu\u00eda muito bem no come\u00e7o, mas fazia parte dessa nova experi\u00eancia.<\/p>\n\n\n\n<figure class=\"wp-block-image aligncenter size-large\"><img decoding=\"async\" width=\"1024\" height=\"576\" src=\"https:\/\/www.uai.com.br\/uainoticias\/wp-content\/uploads\/2026\/04\/Design_sem_nome-2026-04-27T132415.201-1024x576.jpg\" alt=\"Dei um telefone fixo para meus filhos, todos com 7 anos ou menos. Eles convidaram amigos num dia de neve sem minha ajuda, e fiquei encantada.\" class=\"wp-image-127650\" srcset=\"https:\/\/www.uai.com.br\/uainoticias\/wp-content\/uploads\/2026\/04\/Design_sem_nome-2026-04-27T132415.201-1024x576.jpg 1024w, https:\/\/www.uai.com.br\/uainoticias\/wp-content\/uploads\/2026\/04\/Design_sem_nome-2026-04-27T132415.201-300x169.jpg 300w, https:\/\/www.uai.com.br\/uainoticias\/wp-content\/uploads\/2026\/04\/Design_sem_nome-2026-04-27T132415.201-768x432.jpg 768w, https:\/\/www.uai.com.br\/uainoticias\/wp-content\/uploads\/2026\/04\/Design_sem_nome-2026-04-27T132415.201-750x422.jpg 750w, https:\/\/www.uai.com.br\/uainoticias\/wp-content\/uploads\/2026\/04\/Design_sem_nome-2026-04-27T132415.201-1140x641.jpg 1140w, https:\/\/www.uai.com.br\/uainoticias\/wp-content\/uploads\/2026\/04\/Design_sem_nome-2026-04-27T132415.201.jpg 1280w\" sizes=\"(max-width: 1024px) 100vw, 1024px\" \/><figcaption class=\"wp-element-caption\">A autora comprou uma lata para seus filhos.  Cortesia do autor\n<\/figcaption><\/figure>\n\n\n\n<h2 class=\"wp-block-heading\">O momento que mudou tudo:<\/h2>\n\n\n\n<p>O verdadeiro impacto veio em um dia de neve, daqueles que mudam completamente a rotina. Logo cedo, o telefone come\u00e7ou a tocar sem parar. As crian\u00e7as, empolgadas, come\u00e7aram a ligar para amigos e vizinhos.<\/p>\n\n\n\n<p>Em poucas horas, sem a interfer\u00eancia direta dos pais, elas j\u00e1 tinham combinado encontros e convidado v\u00e1rias crian\u00e7as para brincar. Foi um momento surpreendente, ver os filhos tomando iniciativa e criando conex\u00f5es por conta pr\u00f3pria.<\/p>\n\n\n\n<h2 class=\"wp-block-heading\">Um detalhe encantador: o que mais chamou aten\u00e7\u00e3o no relato:<\/h2>\n\n\n\n<p>O mais tocante nessa hist\u00f3ria foi perceber como algo t\u00e3o simples trouxe de volta um tipo de conviv\u00eancia que parecia esquecido. O quintal da casa se encheu de risadas, brincadeiras na neve e coopera\u00e7\u00e3o entre as crian\u00e7as.<\/p>\n\n\n\n<p>Mesmo sendo pequenos, eles organizaram tudo, desde os convites at\u00e9 as brincadeiras. Os adultos ficaram mais como apoio, enquanto os pequenos viveram aquele momento com liberdade e alegria genu\u00edna.<\/p>\n\n\n\n<link href=\"https:\/\/fonts.googleapis.com\/css2?family=Inter:wght@400;600;700;800&#038;display=swap\" rel=\"stylesheet\">\r\n<style>\r\n\/* Prote\u00e7\u00e3o contra inje\u00e7\u00e3o do \"Veja Tamb\u00e9m\" (JNews inline related posts) *\/\r\n.rdp-pontos-wrapper .jnews_inline_related_post_wrapper,\r\n.rdp-pontos-wrapper .jnews_inline_related_post,\r\n.rdp-pontos-wrapper .jeg_postblock,\r\n.rdp-pontos-wrapper [class*=\"jnews_inline\"],\r\n.rdp-pontos-wrapper [class*=\"jeg_postblock\"],\r\n.rdp-pontos-wrapper [class*=\"jeg_block\"] {\r\n  display: none !important;\r\n  height: 0 !important;\r\n  max-height: 0 !important;\r\n  overflow: hidden !important;\r\n  visibility: hidden !important;\r\n  margin: 0 !important;\r\n  padding: 0 !important;\r\n  border: none !important;\r\n  font-size: 0 !important;\r\n  line-height: 0 !important;\r\n}\r\n.rdp-pontos-wrapper {\r\n  max-width: 100%;\r\n  margin: 32px 0;\r\n  background: #F8F9FA;\r\n  border: 1px solid #E0E0E0;\r\n  border-radius: 12px;\r\n  padding: 28px 28px 20px;\r\n  font-family: 'Inter', sans-serif;\r\n  box-shadow: 0 4px 20px rgba(47,195,238,0.12);\r\n  overflow: hidden;\r\n  contain: layout style;\r\n  isolation: isolate;\r\n  position: relative;\r\n  z-index: 1;\r\n}\r\n.rdp-pontos-wrapper > *:not(.rdp-pontos-title):not(.rdp-pontos-grid) {\r\n  display: none !important;\r\n}\r\n.rdp-pontos-title {\r\n  font-size: 20px;\r\n  font-weight: 800;\r\n  text-align: center;\r\n  margin-bottom: 20px;\r\n}\r\n.rdp-pontos-grid {\r\n  display: grid;\r\n  grid-template-columns: repeat(3, 1fr);\r\n  gap: 18px;\r\n}\r\n.rdp-pontos-item {\r\n  background: #FFFFFF;\r\n  border: 1px solid #E0E0E0;\r\n  border-top: 3px solid #2FC3EE;\r\n  border-radius: 10px;\r\n  padding: 22px;\r\n  text-align: center;\r\n}\r\n.rdp-pontos-emoji {\r\n  font-size: 32px;\r\n  margin-bottom: 10px;\r\n}\r\n.rdp-pontos-item-title {\r\n  font-weight: 700;\r\n  margin-bottom: 6px;\r\n}\r\n.rdp-pontos-item-desc {\r\n  font-size: 14px;\r\n}\r\n<\/style>\r\n<div class=\"rdp-pontos-wrapper\">\r\n  <div class=\"rdp-pontos-title\">Pontos marcantes do relato<\/div>\r\n  <div class=\"rdp-pontos-grid\">\r\n    <div class=\"rdp-pontos-item\">\r\n      <span class=\"rdp-pontos-emoji\">\ud83d\udcac<\/span>\r\n      <div class=\"rdp-pontos-item-title\">Ideia simples<\/div>\r\n      <p class=\"rdp-pontos-item-desc\">A decis\u00e3o de instalar um telefone fixo trouxe uma nova din\u00e2mica para a casa.<\/p>\r\n    <\/div>\r\n    <div class=\"rdp-pontos-item\">\r\n      <span class=\"rdp-pontos-emoji\">\u2764\ufe0f<\/span>\r\n      <div class=\"rdp-pontos-item-title\">Dia inesquec\u00edvel<\/div>\r\n      <p class=\"rdp-pontos-item-desc\">O dia de neve virou um momento especial cheio de encontros e alegria.<\/p>\r\n    <\/div>\r\n    <div class=\"rdp-pontos-item\">\r\n      <span class=\"rdp-pontos-emoji\">\u2728<\/span>\r\n      <div class=\"rdp-pontos-item-title\">Inf\u00e2ncia resgatada<\/div>\r\n      <p class=\"rdp-pontos-item-desc\">As crian\u00e7as viveram uma experi\u00eancia mais livre e conectada com outras pessoas.<\/p>\r\n    <\/div>\r\n  <\/div>\r\n<\/div>\r\n<div style=\"clear:both;height:0;overflow:hidden;\"><\/div>\n\n\n\n<h2 class=\"wp-block-heading\">Por que essa hist\u00f3ria tocou tanta gente:<\/h2>\n\n\n\n<p>Esse relato emocionou porque lembra algo que muitos adultos viveram, uma inf\u00e2ncia mais simples, cheia de encontros espont\u00e2neos e menos dependente de tecnologia. Ver isso acontecendo novamente trouxe uma sensa\u00e7\u00e3o de nostalgia e esperan\u00e7a.<\/p>\n\n\n\n<p>Al\u00e9m disso, a hist\u00f3ria mostra que pequenas mudan\u00e7as podem transformar o dia a dia. Um telefone fixo, algo t\u00e3o comum no passado, virou a ponte para novas amizades e experi\u00eancias reais.<\/p>\n\n\n\n<h2 class=\"wp-block-heading\">O que aconteceu depois:<\/h2>\n\n\n\n<p>Depois daquele dia, ficou claro para a fam\u00edlia que a decis\u00e3o tinha valido a pena. O telefone passou a ser parte da rotina das crian\u00e7as, fortalecendo la\u00e7os e criando momentos \u00fanicos.<\/p>\n\n\n\n<p>No fim das contas, essa hist\u00f3ria mostra que, \u00e0s vezes, voltar ao simples pode ser o que mais transforma. E talvez seja justamente isso que tanta gente esteja procurando nos dias de hoje.<\/p>\n","protected":false},"excerpt":{"rendered":"<p>Curiosidades da hist\u00f3ria Telefone n\u00e3o parou: Num dia de neve, o telefone tocou sem parar e tudo mudou dentro de casa. Aprendizado simples: As crian\u00e7as aprenderam a ligar, conversar e criar la\u00e7os do jeito antigo. Final cheio de vida: O quintal ficou cheio de risadas e virou o melhor dia para todos. Essa hist\u00f3ria real [&hellip;]<\/p>\n","protected":false},"author":23,"featured_media":127651,"comment_status":"open","ping_status":"open","sticky":false,"template":"","format":"standard","meta":{"jnews-multi-image_gallery":[],"jnews_single_post":{"format":"standard"},"jnews_primary_category":[],"jnews_social_meta":[],"jnews_override_counter":[],"footnotes":""},"categories":[11601],"tags":[5544,22104,6276,23502],"class_list":["post-127649","post","type-post","status-publish","format-standard","has-post-thumbnail","hentry","category-noticia","tag-amigos","tag-familia-2","tag-filhos","tag-telefone-fixo"],"yoast_head":"<!-- This site is optimized with the Yoast SEO plugin v26.5 - https:\/\/yoast.com\/wordpress\/plugins\/seo\/ -->\n<title>Dei um telefone fixo para meus filhos, todos com 7 anos ou menos. Eles convidaram amigos num dia de neve sem minha ajuda, e fiquei encantada. - UAI Not\u00edcias<\/title>\n<meta name=\"description\" content=\"Uma m\u00e3e apostou no telefone fixo para os filhos e o resultado no dia de neve chamou aten\u00e7\u00e3o de outros pais\" \/>\n<meta name=\"robots\" content=\"index, follow, max-snippet:-1, max-image-preview:large, max-video-preview:-1\" \/>\n<link rel=\"canonical\" href=\"https:\/\/www.uai.com.br\/uainoticias\/2026\/04\/28\/dei-um-telefone-fixo-para-meus-filhos-todos-com-7-anos-ou-menos-eles-convidaram-amigos-num-dia-de-neve-sem-minha-ajuda-e-fiquei-encantada\/\" \/>\n<meta property=\"og:locale\" content=\"pt_BR\" \/>\n<meta property=\"og:type\" content=\"article\" \/>\n<meta property=\"og:title\" content=\"Dei um telefone fixo para meus filhos, todos com 7 anos ou menos. Eles convidaram amigos num dia de neve sem minha ajuda, e fiquei encantada. - UAI Not\u00edcias\" \/>\n<meta property=\"og:description\" content=\"Uma m\u00e3e apostou no telefone fixo para os filhos e o resultado no dia de neve chamou aten\u00e7\u00e3o de outros pais\" \/>\n<meta property=\"og:url\" content=\"https:\/\/www.uai.com.br\/uainoticias\/2026\/04\/28\/dei-um-telefone-fixo-para-meus-filhos-todos-com-7-anos-ou-menos-eles-convidaram-amigos-num-dia-de-neve-sem-minha-ajuda-e-fiquei-encantada\/\" \/>\n<meta property=\"og:site_name\" content=\"UAI Not\u00edcias\" \/>\n<meta property=\"article:published_time\" content=\"2026-04-28T07:20:00+00:00\" \/>\n<meta property=\"og:image\" content=\"https:\/\/www.uai.com.br\/uainoticias\/wp-content\/uploads\/2026\/04\/Design_sem_nome-2026-04-27T132400.036.jpg\" \/>\n\t<meta property=\"og:image:width\" content=\"1280\" \/>\n\t<meta property=\"og:image:height\" content=\"720\" \/>\n\t<meta property=\"og:image:type\" content=\"image\/jpeg\" \/>\n<meta name=\"author\" content=\"Gustavo Trindade\" \/>\n<meta name=\"twitter:card\" content=\"summary_large_image\" \/>\n<meta name=\"twitter:label1\" content=\"Escrito por\" \/>\n\t<meta name=\"twitter:data1\" content=\"Gustavo Trindade\" \/>\n\t<meta name=\"twitter:label2\" content=\"Est. tempo de leitura\" \/>\n\t<meta name=\"twitter:data2\" content=\"4 minutos\" \/>\n<!-- \/ Yoast SEO plugin. -->","yoast_head_json":{"title":"Dei um telefone fixo para meus filhos, todos com 7 anos ou menos. Eles convidaram amigos num dia de neve sem minha ajuda, e fiquei encantada. - UAI Not\u00edcias","description":"Uma m\u00e3e apostou no telefone fixo para os filhos e o resultado no dia de neve chamou aten\u00e7\u00e3o de outros pais","robots":{"index":"index","follow":"follow","max-snippet":"max-snippet:-1","max-image-preview":"max-image-preview:large","max-video-preview":"max-video-preview:-1"},"canonical":"https:\/\/www.uai.com.br\/uainoticias\/2026\/04\/28\/dei-um-telefone-fixo-para-meus-filhos-todos-com-7-anos-ou-menos-eles-convidaram-amigos-num-dia-de-neve-sem-minha-ajuda-e-fiquei-encantada\/","og_locale":"pt_BR","og_type":"article","og_title":"Dei um telefone fixo para meus filhos, todos com 7 anos ou menos. Eles convidaram amigos num dia de neve sem minha ajuda, e fiquei encantada. - UAI Not\u00edcias","og_description":"Uma m\u00e3e apostou no telefone fixo para os filhos e o resultado no dia de neve chamou aten\u00e7\u00e3o de outros pais","og_url":"https:\/\/www.uai.com.br\/uainoticias\/2026\/04\/28\/dei-um-telefone-fixo-para-meus-filhos-todos-com-7-anos-ou-menos-eles-convidaram-amigos-num-dia-de-neve-sem-minha-ajuda-e-fiquei-encantada\/","og_site_name":"UAI Not\u00edcias","article_published_time":"2026-04-28T07:20:00+00:00","og_image":[{"width":1280,"height":720,"url":"https:\/\/www.uai.com.br\/uainoticias\/wp-content\/uploads\/2026\/04\/Design_sem_nome-2026-04-27T132400.036.jpg","type":"image\/jpeg"}],"author":"Gustavo Trindade","twitter_card":"summary_large_image","twitter_misc":{"Escrito por":"Gustavo Trindade","Est. tempo de leitura":"4 minutos"},"schema":{"@context":"https:\/\/schema.org","@graph":[{"@type":"WebPage","@id":"https:\/\/www.uai.com.br\/uainoticias\/2026\/04\/28\/dei-um-telefone-fixo-para-meus-filhos-todos-com-7-anos-ou-menos-eles-convidaram-amigos-num-dia-de-neve-sem-minha-ajuda-e-fiquei-encantada\/","url":"https:\/\/www.uai.com.br\/uainoticias\/2026\/04\/28\/dei-um-telefone-fixo-para-meus-filhos-todos-com-7-anos-ou-menos-eles-convidaram-amigos-num-dia-de-neve-sem-minha-ajuda-e-fiquei-encantada\/","name":"Dei um telefone fixo para meus filhos, todos com 7 anos ou menos. Eles convidaram amigos num dia de neve sem minha ajuda, e fiquei encantada. - UAI Not\u00edcias","isPartOf":{"@id":"https:\/\/www.uai.com.br\/uainoticias\/#website"},"primaryImageOfPage":{"@id":"https:\/\/www.uai.com.br\/uainoticias\/2026\/04\/28\/dei-um-telefone-fixo-para-meus-filhos-todos-com-7-anos-ou-menos-eles-convidaram-amigos-num-dia-de-neve-sem-minha-ajuda-e-fiquei-encantada\/#primaryimage"},"image":{"@id":"https:\/\/www.uai.com.br\/uainoticias\/2026\/04\/28\/dei-um-telefone-fixo-para-meus-filhos-todos-com-7-anos-ou-menos-eles-convidaram-amigos-num-dia-de-neve-sem-minha-ajuda-e-fiquei-encantada\/#primaryimage"},"thumbnailUrl":"https:\/\/www.uai.com.br\/uainoticias\/wp-content\/uploads\/2026\/04\/Design_sem_nome-2026-04-27T132400.036.jpg","datePublished":"2026-04-28T07:20:00+00:00","author":{"@id":"https:\/\/www.uai.com.br\/uainoticias\/#\/schema\/person\/060f8bb02e250479c83590e2c4706fcc"},"description":"Uma m\u00e3e apostou no telefone fixo para os filhos e o resultado no dia de neve chamou aten\u00e7\u00e3o de outros pais","breadcrumb":{"@id":"https:\/\/www.uai.com.br\/uainoticias\/2026\/04\/28\/dei-um-telefone-fixo-para-meus-filhos-todos-com-7-anos-ou-menos-eles-convidaram-amigos-num-dia-de-neve-sem-minha-ajuda-e-fiquei-encantada\/#breadcrumb"},"inLanguage":"pt-BR","potentialAction":[{"@type":"ReadAction","target":["https:\/\/www.uai.com.br\/uainoticias\/2026\/04\/28\/dei-um-telefone-fixo-para-meus-filhos-todos-com-7-anos-ou-menos-eles-convidaram-amigos-num-dia-de-neve-sem-minha-ajuda-e-fiquei-encantada\/"]}]},{"@type":"ImageObject","inLanguage":"pt-BR","@id":"https:\/\/www.uai.com.br\/uainoticias\/2026\/04\/28\/dei-um-telefone-fixo-para-meus-filhos-todos-com-7-anos-ou-menos-eles-convidaram-amigos-num-dia-de-neve-sem-minha-ajuda-e-fiquei-encantada\/#primaryimage","url":"https:\/\/www.uai.com.br\/uainoticias\/wp-content\/uploads\/2026\/04\/Design_sem_nome-2026-04-27T132400.036.jpg","contentUrl":"https:\/\/www.uai.com.br\/uainoticias\/wp-content\/uploads\/2026\/04\/Design_sem_nome-2026-04-27T132400.036.jpg","width":1280,"height":720,"caption":"Os filhos do autor convidaram v\u00e1rios amigos durante um dia de neve. Cortesia do autor"},{"@type":"BreadcrumbList","@id":"https:\/\/www.uai.com.br\/uainoticias\/2026\/04\/28\/dei-um-telefone-fixo-para-meus-filhos-todos-com-7-anos-ou-menos-eles-convidaram-amigos-num-dia-de-neve-sem-minha-ajuda-e-fiquei-encantada\/#breadcrumb","itemListElement":[{"@type":"ListItem","position":1,"name":"In\u00edcio","item":"https:\/\/www.uai.com.br\/uainoticias\/"},{"@type":"ListItem","position":2,"name":"Dei um telefone fixo para meus filhos, todos com 7 anos ou menos. Eles convidaram amigos num dia de neve sem minha ajuda, e fiquei encantada."}]},{"@type":"WebSite","@id":"https:\/\/www.uai.com.br\/uainoticias\/#website","url":"https:\/\/www.uai.com.br\/uainoticias\/","name":"UAI Not\u00edcias","description":"Acompanhe as \u00faltimas not\u00edcias e fique bem informado sobre tudo o que acontece no Brasil e no mundo.","potentialAction":[{"@type":"SearchAction","target":{"@type":"EntryPoint","urlTemplate":"https:\/\/www.uai.com.br\/uainoticias\/?s={search_term_string}"},"query-input":{"@type":"PropertyValueSpecification","valueRequired":true,"valueName":"search_term_string"}}],"inLanguage":"pt-BR"},{"@type":"Person","@id":"https:\/\/www.uai.com.br\/uainoticias\/#\/schema\/person\/060f8bb02e250479c83590e2c4706fcc","name":"Gustavo Trindade","image":{"@type":"ImageObject","inLanguage":"pt-BR","@id":"https:\/\/www.uai.com.br\/uainoticias\/#\/schema\/person\/image\/","url":"https:\/\/secure.gravatar.com\/avatar\/05714a54ada0bd2b20e75b2c72a9e7802581213945810c2354d320b79f27b427?s=96&d=mm&r=g","contentUrl":"https:\/\/secure.gravatar.com\/avatar\/05714a54ada0bd2b20e75b2c72a9e7802581213945810c2354d320b79f27b427?s=96&d=mm&r=g","caption":"Gustavo Trindade"},"sameAs":["https:\/\/www.uai.com.br\/uainoticias\/"],"url":"https:\/\/www.uai.com.br\/uainoticias\/author\/gustavotrindade\/"}]}},"_links":{"self":[{"href":"https:\/\/www.uai.com.br\/uainoticias\/wp-json\/wp\/v2\/posts\/127649","targetHints":{"allow":["GET"]}}],"collection":[{"href":"https:\/\/www.uai.com.br\/uainoticias\/wp-json\/wp\/v2\/posts"}],"about":[{"href":"https:\/\/www.uai.com.br\/uainoticias\/wp-json\/wp\/v2\/types\/post"}],"author":[{"embeddable":true,"href":"https:\/\/www.uai.com.br\/uainoticias\/wp-json\/wp\/v2\/users\/23"}],"replies":[{"embeddable":true,"href":"https:\/\/www.uai.com.br\/uainoticias\/wp-json\/wp\/v2\/comments?post=127649"}],"version-history":[{"count":1,"href":"https:\/\/www.uai.com.br\/uainoticias\/wp-json\/wp\/v2\/posts\/127649\/revisions"}],"predecessor-version":[{"id":127652,"href":"https:\/\/www.uai.com.br\/uainoticias\/wp-json\/wp\/v2\/posts\/127649\/revisions\/127652"}],"wp:featuredmedia":[{"embeddable":true,"href":"https:\/\/www.uai.com.br\/uainoticias\/wp-json\/wp\/v2\/media\/127651"}],"wp:attachment":[{"href":"https:\/\/www.uai.com.br\/uainoticias\/wp-json\/wp\/v2\/media?parent=127649"}],"wp:term":[{"taxonomy":"category","embeddable":true,"href":"https:\/\/www.uai.com.br\/uainoticias\/wp-json\/wp\/v2\/categories?post=127649"},{"taxonomy":"post_tag","embeddable":true,"href":"https:\/\/www.uai.com.br\/uainoticias\/wp-json\/wp\/v2\/tags?post=127649"}],"curies":[{"name":"wp","href":"https:\/\/api.w.org\/{rel}","templated":true}]}}