{"id":127637,"date":"2026-04-28T08:58:00","date_gmt":"2026-04-28T11:58:00","guid":{"rendered":"https:\/\/www.uai.com.br\/uainoticias\/?p=127637"},"modified":"2026-04-27T13:28:49","modified_gmt":"2026-04-27T16:28:49","slug":"quem-trabalhou-com-a-carteira-assinada-tem-direito-a-um-novo-beneficio","status":"publish","type":"post","link":"https:\/\/www.uai.com.br\/uainoticias\/2026\/04\/28\/quem-trabalhou-com-a-carteira-assinada-tem-direito-a-um-novo-beneficio\/","title":{"rendered":"Quem trabalhou com a carteira assinada tem direito a um novo benef\u00edcio"},"content":{"rendered":"\n<p>Imagine receber um dinheiro extra que voc\u00ea nem lembrava que existia. \u00c9 mais ou menos isso que o <strong>abono salarial 2026<\/strong> representa para milh\u00f5es de trabalhadores brasileiros. O benef\u00edcio considera o ano-base de 2024, e entender as regras pode ser a diferen\u00e7a entre sacar o valor ou ficar de fora sem saber o motivo.<\/p>\n\n\n\n<h2 class=\"wp-block-heading\">De onde vem esse dinheiro e o que 2024 tem a ver com isso<\/h2>\n\n\n\n<p>O <strong>abono salarial<\/strong> \u00e9 um benef\u00edcio anual pago pelo governo federal a quem trabalhou com carteira assinada e cumpriu determinadas condi\u00e7\u00f5es. A refer\u00eancia para o pagamento de 2026 \u00e9 o <strong>ano-base de 2024<\/strong>, ou seja, o que vale s\u00e3o os meses em que o trabalhador esteve registrado naquele per\u00edodo.<\/p>\n\n\n\n<p>O valor m\u00e1ximo do abono acompanha o <strong>sal\u00e1rio m\u00ednimo vigente<\/strong> no ano de pagamento. Em 2026, esse teto \u00e9 de <strong>R$ 1.621<\/strong>. Por\u00e9m, s\u00f3 recebe o valor cheio quem trabalhou todos os 12 meses do ano-base e atende a todas as exig\u00eancias do programa.<\/p>\n\n\n\n<h2 class=\"wp-block-heading\">Afinal, quanto cada trabalhador recebe?<\/h2>\n\n\n\n<p>O c\u00e1lculo do abono salarial 2026 funciona como uma conta de padaria: o governo divide o sal\u00e1rio m\u00ednimo por 12 e multiplica pelo n\u00famero de meses trabalhados em 2024. Se algu\u00e9m ficou registrado durante 6 meses, por exemplo, recebe <strong>R$ 810,50<\/strong>, que \u00e9 exatamente a metade do valor integral.<\/p>\n\n\n\n<p>Um detalhe que pouca gente conhece: per\u00edodos de <strong>15 dias ou mais<\/strong> dentro de um mesmo m\u00eas j\u00e1 contam como m\u00eas completo. Ent\u00e3o, quem come\u00e7ou a trabalhar no meio de janeiro de 2024, por exemplo, j\u00e1 garante aquele m\u00eas inteiro na conta do benef\u00edcio.<\/p>\n\n\n\n<figure class=\"wp-block-image size-large\"><img decoding=\"async\" width=\"1024\" height=\"576\" src=\"https:\/\/www.uai.com.br\/uainoticias\/wp-content\/uploads\/2026\/02\/Carteira-1024x576.jpg\" alt=\"Quem trabalhou com a carteira assinada tem direito a um novo benef\u00edcio\" class=\"wp-image-108554\" srcset=\"https:\/\/www.uai.com.br\/uainoticias\/wp-content\/uploads\/2026\/02\/Carteira-1024x576.jpg 1024w, https:\/\/www.uai.com.br\/uainoticias\/wp-content\/uploads\/2026\/02\/Carteira-300x169.jpg 300w, https:\/\/www.uai.com.br\/uainoticias\/wp-content\/uploads\/2026\/02\/Carteira-768x432.jpg 768w, https:\/\/www.uai.com.br\/uainoticias\/wp-content\/uploads\/2026\/02\/Carteira-750x422.jpg 750w, https:\/\/www.uai.com.br\/uainoticias\/wp-content\/uploads\/2026\/02\/Carteira-1140x641.jpg 1140w, https:\/\/www.uai.com.br\/uainoticias\/wp-content\/uploads\/2026\/02\/Carteira.jpg 1280w\" sizes=\"(max-width: 1024px) 100vw, 1024px\" \/><figcaption class=\"wp-element-caption\">O c\u00e1lculo depende dos meses trabalhados no ano-base.<\/figcaption><\/figure>\n\n\n\n<h2 class=\"wp-block-heading\">Cinco crit\u00e9rios que definem quem entra na lista<\/h2>\n\n\n\n<p>N\u00e3o basta ter trabalhado. O <strong>abono salarial 2026<\/strong> exige que o trabalhador cumpra todas as condi\u00e7\u00f5es ao mesmo tempo. Confira os crit\u00e9rios que precisam andar juntos para garantir o pagamento:<\/p>\n\n\n\n<ul class=\"wp-block-list\">\n<li>Estar inscrito no <strong>PIS\/Pasep<\/strong> h\u00e1 pelo menos cinco anos, j\u00e1 que inscri\u00e7\u00f5es recentes n\u00e3o d\u00e3o direito ao benef\u00edcio.<\/li>\n\n\n\n<li>Ter recebido <strong>remunera\u00e7\u00e3o m\u00e9dia mensal de at\u00e9 R$ 2.765,93<\/strong> durante o ano-base de 2024, valor agora corrigido pelo INPC e n\u00e3o mais pelo sal\u00e1rio m\u00ednimo.<\/li>\n\n\n\n<li>Ter exercido atividade remunerada por, no m\u00ednimo, <strong>30 dias<\/strong> em 2024, de forma consecutiva ou n\u00e3o.<\/li>\n\n\n\n<li>Ter os dados informados corretamente pelo empregador na <a href=\"https:\/\/www.gov.br\/trabalho-e-emprego\/pt-br\/assuntos\/rais\" target=\"_blank\" rel=\"noopener\">RAIS<\/a> ou no <a href=\"https:\/\/www.gov.br\/esocial\/pt-br\" target=\"_blank\" rel=\"noopener\">eSocial<\/a> dentro do prazo.<\/li>\n\n\n\n<li>Acompanhar o <strong>calend\u00e1rio oficial de pagamento<\/strong>, pois a libera\u00e7\u00e3o acontece de forma progressiva ao longo do ano.<\/li>\n<\/ul>\n\n\n\n<p>\u00c9 justamente nessa etapa que muitos trabalhadores descobrem por que ficaram de fora. Em boa parte dos casos, o problema n\u00e3o est\u00e1 no tempo de servi\u00e7o, mas em um <strong>erro de cadastro<\/strong> ou em dados enviados fora do prazo pela empresa.<\/p>\n\n\n\n<h2 class=\"wp-block-heading\">Onde o valor cai e como n\u00e3o perder a janela de saque<\/h2>\n\n\n\n<p>O pagamento do abono salarial pode acontecer de diferentes formas. Quem tem conta na <strong>Caixa Econ\u00f4mica Federal<\/strong> recebe o cr\u00e9dito direto. J\u00e1 para quem n\u00e3o \u00e9 correntista, o valor costuma ser depositado na <strong>Poupan\u00e7a Social Digital<\/strong>, movimentada pelo aplicativo <a href=\"https:\/\/www.caixa.gov.br\/caixa-tem\/paginas\/default.aspx\" target=\"_blank\" rel=\"noopener\">Caixa Tem<\/a>. Tamb\u00e9m \u00e9 poss\u00edvel sacar em ag\u00eancias e lot\u00e9ricas.<\/p>\n\n\n\n<p>Na correria do dia a dia, muita gente s\u00f3 descobre que tinha direito ao benef\u00edcio quando o prazo j\u00e1 passou. O calend\u00e1rio de 2026 teve in\u00edcio em <strong>15 de fevereiro<\/strong>, e os valores ficam dispon\u00edveis at\u00e9 <strong>29 de dezembro<\/strong>, \u00faltimo dia \u00fatil do calend\u00e1rio banc\u00e1rio. Consultar a situa\u00e7\u00e3o com anteced\u00eancia faz toda a diferen\u00e7a para n\u00e3o deixar dinheiro na mesa.<\/p>\n\n\n\n<h2 class=\"wp-block-heading\">A mudan\u00e7a silenciosa que reduz o p\u00fablico eleg\u00edvel a cada ano<\/h2>\n\n\n\n<p>Uma novidade importante a partir de 2026 \u00e9 que o <strong>limite de renda para ter direito ao abono salarial<\/strong> deixou de acompanhar o reajuste do sal\u00e1rio m\u00ednimo. Agora, a corre\u00e7\u00e3o \u00e9 feita pelo <strong>INPC<\/strong> (\u00cdndice Nacional de Pre\u00e7os ao Consumidor), que costuma subir menos do que o piso salarial. Na pr\u00e1tica, isso significa que, a cada ano, um n\u00famero menor de trabalhadores se enquadra nas regras do benef\u00edcio.<\/p>\n\n\n\n<p>Quem suspeita que tem direito deve conferir os dados do v\u00ednculo empregat\u00edcio pelo portal do <a href=\"https:\/\/www.gov.br\/trabalho-e-emprego\/pt-br\" target=\"_blank\" rel=\"noopener\">Minist\u00e9rio do Trabalho e Emprego<\/a> ou pelo aplicativo da <strong>Carteira de Trabalho Digital<\/strong>. O abono salarial 2026 pode ser aquele respiro financeiro que chega na hora certa, mas ele exige aten\u00e7\u00e3o aos detalhes para n\u00e3o escapar entre os dedos.<\/p>\n\n\n\n<p>Gostou de entender melhor como funciona o abono salarial 2026? Compartilhe este conte\u00fado com quem trabalhou com carteira assinada em 2024 e pode ter direito ao benef\u00edcio.<\/p>\n","protected":false},"excerpt":{"rendered":"<p>Imagine receber um dinheiro extra que voc\u00ea nem lembrava que existia. \u00c9 mais ou menos isso que o abono salarial 2026 representa para milh\u00f5es de trabalhadores brasileiros. O benef\u00edcio considera o ano-base de 2024, e entender as regras pode ser a diferen\u00e7a entre sacar o valor ou ficar de fora sem saber o motivo. De [&hellip;]<\/p>\n","protected":false},"author":6,"featured_media":98974,"comment_status":"open","ping_status":"open","sticky":false,"template":"","format":"standard","meta":{"jnews-multi-image_gallery":[],"jnews_single_post":{"format":"standard"},"jnews_primary_category":[],"jnews_social_meta":[],"jnews_override_counter":[],"footnotes":""},"categories":[11601],"tags":[19060,22824,22823,22822],"class_list":["post-127637","post","type-post","status-publish","format-standard","has-post-thumbnail","hentry","category-noticia","tag-abono-salarial-2026","tag-ano-base-2024","tag-calculo-abono","tag-pis-pasep-2"],"yoast_head":"<!-- This site is optimized with the Yoast SEO plugin v26.5 - https:\/\/yoast.com\/wordpress\/plugins\/seo\/ -->\n<title>Quem trabalhou com a carteira assinada tem direito a um novo benef\u00edcio - UAI Not\u00edcias<\/title>\n<meta name=\"description\" content=\"Existe um c\u00e1lculo simples que define valores diferentes e poucos entendem por que o resultado varia tanto entre pessoas.\" \/>\n<meta name=\"robots\" content=\"index, follow, max-snippet:-1, max-image-preview:large, max-video-preview:-1\" \/>\n<link rel=\"canonical\" href=\"https:\/\/www.uai.com.br\/uainoticias\/2026\/04\/28\/quem-trabalhou-com-a-carteira-assinada-tem-direito-a-um-novo-beneficio\/\" \/>\n<meta property=\"og:locale\" content=\"pt_BR\" \/>\n<meta property=\"og:type\" content=\"article\" \/>\n<meta property=\"og:title\" content=\"Quem trabalhou com a carteira assinada tem direito a um novo benef\u00edcio - UAI Not\u00edcias\" \/>\n<meta property=\"og:description\" content=\"Existe um c\u00e1lculo simples que define valores diferentes e poucos entendem por que o resultado varia tanto entre pessoas.\" \/>\n<meta property=\"og:url\" content=\"https:\/\/www.uai.com.br\/uainoticias\/2026\/04\/28\/quem-trabalhou-com-a-carteira-assinada-tem-direito-a-um-novo-beneficio\/\" \/>\n<meta property=\"og:site_name\" content=\"UAI Not\u00edcias\" \/>\n<meta property=\"article:published_time\" content=\"2026-04-28T11:58:00+00:00\" \/>\n<meta property=\"og:image\" content=\"https:\/\/www.uai.com.br\/uainoticias\/wp-content\/uploads\/2025\/12\/carteira-de-trabalho_1766927851013.jpg\" \/>\n\t<meta property=\"og:image:width\" content=\"1280\" \/>\n\t<meta property=\"og:image:height\" content=\"720\" \/>\n\t<meta property=\"og:image:type\" content=\"image\/jpeg\" \/>\n<meta name=\"author\" content=\"Nubia Rangel\" \/>\n<meta name=\"twitter:card\" content=\"summary_large_image\" \/>\n<meta name=\"twitter:label1\" content=\"Escrito por\" \/>\n\t<meta name=\"twitter:data1\" content=\"Nubia Rangel\" \/>\n\t<meta name=\"twitter:label2\" content=\"Est. tempo de leitura\" \/>\n\t<meta name=\"twitter:data2\" content=\"5 minutos\" \/>\n<!-- \/ Yoast SEO plugin. -->","yoast_head_json":{"title":"Quem trabalhou com a carteira assinada tem direito a um novo benef\u00edcio - UAI Not\u00edcias","description":"Existe um c\u00e1lculo simples que define valores diferentes e poucos entendem por que o resultado varia tanto entre pessoas.","robots":{"index":"index","follow":"follow","max-snippet":"max-snippet:-1","max-image-preview":"max-image-preview:large","max-video-preview":"max-video-preview:-1"},"canonical":"https:\/\/www.uai.com.br\/uainoticias\/2026\/04\/28\/quem-trabalhou-com-a-carteira-assinada-tem-direito-a-um-novo-beneficio\/","og_locale":"pt_BR","og_type":"article","og_title":"Quem trabalhou com a carteira assinada tem direito a um novo benef\u00edcio - UAI Not\u00edcias","og_description":"Existe um c\u00e1lculo simples que define valores diferentes e poucos entendem por que o resultado varia tanto entre pessoas.","og_url":"https:\/\/www.uai.com.br\/uainoticias\/2026\/04\/28\/quem-trabalhou-com-a-carteira-assinada-tem-direito-a-um-novo-beneficio\/","og_site_name":"UAI Not\u00edcias","article_published_time":"2026-04-28T11:58:00+00:00","og_image":[{"width":1280,"height":720,"url":"https:\/\/www.uai.com.br\/uainoticias\/wp-content\/uploads\/2025\/12\/carteira-de-trabalho_1766927851013.jpg","type":"image\/jpeg"}],"author":"Nubia Rangel","twitter_card":"summary_large_image","twitter_misc":{"Escrito por":"Nubia Rangel","Est. tempo de leitura":"5 minutos"},"schema":{"@context":"https:\/\/schema.org","@graph":[{"@type":"WebPage","@id":"https:\/\/www.uai.com.br\/uainoticias\/2026\/04\/28\/quem-trabalhou-com-a-carteira-assinada-tem-direito-a-um-novo-beneficio\/","url":"https:\/\/www.uai.com.br\/uainoticias\/2026\/04\/28\/quem-trabalhou-com-a-carteira-assinada-tem-direito-a-um-novo-beneficio\/","name":"Quem trabalhou com a carteira assinada tem direito a um novo benef\u00edcio - UAI Not\u00edcias","isPartOf":{"@id":"https:\/\/www.uai.com.br\/uainoticias\/#website"},"primaryImageOfPage":{"@id":"https:\/\/www.uai.com.br\/uainoticias\/2026\/04\/28\/quem-trabalhou-com-a-carteira-assinada-tem-direito-a-um-novo-beneficio\/#primaryimage"},"image":{"@id":"https:\/\/www.uai.com.br\/uainoticias\/2026\/04\/28\/quem-trabalhou-com-a-carteira-assinada-tem-direito-a-um-novo-beneficio\/#primaryimage"},"thumbnailUrl":"https:\/\/www.uai.com.br\/uainoticias\/wp-content\/uploads\/2025\/12\/carteira-de-trabalho_1766927851013.jpg","datePublished":"2026-04-28T11:58:00+00:00","author":{"@id":"https:\/\/www.uai.com.br\/uainoticias\/#\/schema\/person\/d70e886a4103e1e8683d36d868d7aa74"},"description":"Existe um c\u00e1lculo simples que define valores diferentes e poucos entendem por que o resultado varia tanto entre pessoas.","breadcrumb":{"@id":"https:\/\/www.uai.com.br\/uainoticias\/2026\/04\/28\/quem-trabalhou-com-a-carteira-assinada-tem-direito-a-um-novo-beneficio\/#breadcrumb"},"inLanguage":"pt-BR","potentialAction":[{"@type":"ReadAction","target":["https:\/\/www.uai.com.br\/uainoticias\/2026\/04\/28\/quem-trabalhou-com-a-carteira-assinada-tem-direito-a-um-novo-beneficio\/"]}]},{"@type":"ImageObject","inLanguage":"pt-BR","@id":"https:\/\/www.uai.com.br\/uainoticias\/2026\/04\/28\/quem-trabalhou-com-a-carteira-assinada-tem-direito-a-um-novo-beneficio\/#primaryimage","url":"https:\/\/www.uai.com.br\/uainoticias\/wp-content\/uploads\/2025\/12\/carteira-de-trabalho_1766927851013.jpg","contentUrl":"https:\/\/www.uai.com.br\/uainoticias\/wp-content\/uploads\/2025\/12\/carteira-de-trabalho_1766927851013.jpg","width":1280,"height":720,"caption":"Regras espec\u00edficas definem quem recebe o benef\u00edcio."},{"@type":"BreadcrumbList","@id":"https:\/\/www.uai.com.br\/uainoticias\/2026\/04\/28\/quem-trabalhou-com-a-carteira-assinada-tem-direito-a-um-novo-beneficio\/#breadcrumb","itemListElement":[{"@type":"ListItem","position":1,"name":"In\u00edcio","item":"https:\/\/www.uai.com.br\/uainoticias\/"},{"@type":"ListItem","position":2,"name":"Quem trabalhou com a carteira assinada tem direito a um novo benef\u00edcio"}]},{"@type":"WebSite","@id":"https:\/\/www.uai.com.br\/uainoticias\/#website","url":"https:\/\/www.uai.com.br\/uainoticias\/","name":"UAI Not\u00edcias","description":"Acompanhe as \u00faltimas not\u00edcias e fique bem informado sobre tudo o que acontece no Brasil e no mundo.","potentialAction":[{"@type":"SearchAction","target":{"@type":"EntryPoint","urlTemplate":"https:\/\/www.uai.com.br\/uainoticias\/?s={search_term_string}"},"query-input":{"@type":"PropertyValueSpecification","valueRequired":true,"valueName":"search_term_string"}}],"inLanguage":"pt-BR"},{"@type":"Person","@id":"https:\/\/www.uai.com.br\/uainoticias\/#\/schema\/person\/d70e886a4103e1e8683d36d868d7aa74","name":"Nubia Rangel","image":{"@type":"ImageObject","inLanguage":"pt-BR","@id":"https:\/\/www.uai.com.br\/uainoticias\/#\/schema\/person\/image\/","url":"https:\/\/secure.gravatar.com\/avatar\/252f169abe8ee815746433e68b4eaf99c7f991aa4da64e1bc97505ca39ff93e4?s=96&d=mm&r=g","contentUrl":"https:\/\/secure.gravatar.com\/avatar\/252f169abe8ee815746433e68b4eaf99c7f991aa4da64e1bc97505ca39ff93e4?s=96&d=mm&r=g","caption":"Nubia Rangel"},"sameAs":["https:\/\/www.uai.com.br\/uainoticias\/"],"url":"https:\/\/www.uai.com.br\/uainoticias\/author\/nubiamyth\/"}]}},"_links":{"self":[{"href":"https:\/\/www.uai.com.br\/uainoticias\/wp-json\/wp\/v2\/posts\/127637","targetHints":{"allow":["GET"]}}],"collection":[{"href":"https:\/\/www.uai.com.br\/uainoticias\/wp-json\/wp\/v2\/posts"}],"about":[{"href":"https:\/\/www.uai.com.br\/uainoticias\/wp-json\/wp\/v2\/types\/post"}],"author":[{"embeddable":true,"href":"https:\/\/www.uai.com.br\/uainoticias\/wp-json\/wp\/v2\/users\/6"}],"replies":[{"embeddable":true,"href":"https:\/\/www.uai.com.br\/uainoticias\/wp-json\/wp\/v2\/comments?post=127637"}],"version-history":[{"count":2,"href":"https:\/\/www.uai.com.br\/uainoticias\/wp-json\/wp\/v2\/posts\/127637\/revisions"}],"predecessor-version":[{"id":127654,"href":"https:\/\/www.uai.com.br\/uainoticias\/wp-json\/wp\/v2\/posts\/127637\/revisions\/127654"}],"wp:featuredmedia":[{"embeddable":true,"href":"https:\/\/www.uai.com.br\/uainoticias\/wp-json\/wp\/v2\/media\/98974"}],"wp:attachment":[{"href":"https:\/\/www.uai.com.br\/uainoticias\/wp-json\/wp\/v2\/media?parent=127637"}],"wp:term":[{"taxonomy":"category","embeddable":true,"href":"https:\/\/www.uai.com.br\/uainoticias\/wp-json\/wp\/v2\/categories?post=127637"},{"taxonomy":"post_tag","embeddable":true,"href":"https:\/\/www.uai.com.br\/uainoticias\/wp-json\/wp\/v2\/tags?post=127637"}],"curies":[{"name":"wp","href":"https:\/\/api.w.org\/{rel}","templated":true}]}}