{"id":127458,"date":"2026-04-28T02:00:00","date_gmt":"2026-04-28T05:00:00","guid":{"rendered":"https:\/\/www.uai.com.br\/uainoticias\/?p=127458"},"modified":"2026-04-26T08:49:18","modified_gmt":"2026-04-26T11:49:18","slug":"em-1982-era-apagao-e-tinha-500-moradores-hoje-a-polinesia-brasileira-recebe-500-mil-visitantes-por-ano-e-abriga-o-unico-castelo-medieval-das-americas","status":"publish","type":"post","link":"https:\/\/www.uai.com.br\/uainoticias\/2026\/04\/28\/em-1982-era-apagao-e-tinha-500-moradores-hoje-a-polinesia-brasileira-recebe-500-mil-visitantes-por-ano-e-abriga-o-unico-castelo-medieval-das-americas\/","title":{"rendered":"Em 1982 era apag\u00e3o e tinha 500 moradores: hoje a Polin\u00e9sia Brasileira recebe 500 mil visitantes por ano e abriga o \u00fanico castelo medieval das Am\u00e9ricas"},"content":{"rendered":"\n<p>A 75 km de <strong>Salvador<\/strong>, a <strong>Praia do Forte<\/strong> guarda o \u00fanico castelo em estilo medieval do continente americano e a sede nacional do Projeto Tamar. O vilarejo baiano apelidado de Polin\u00e9sia Brasileira virou um dos polos tur\u00edsticos mais visitados do Nordeste.<\/p>\n\n\n\n<h2 class=\"wp-block-heading\">Como uma vila sem luz virou destino internacional<\/h2>\n\n\n\n<p>Em 1982, quando os pesquisadores do <strong>Projeto Tamar<\/strong> chegaram \u00e0 Praia do Forte, o vilarejo tinha 500 moradores, n\u00e3o havia energia el\u00e9trica e o \u00fanico acesso era pela balsa que cruzava o Rio Pojuca. A informa\u00e7\u00e3o consta no portal oficial da <a href=\"https:\/\/www.tamar.org.br\/centros_visitantes.php?cod=1\" target=\"_blank\" rel=\"noreferrer noopener\"><strong>Funda\u00e7\u00e3o Projeto Tamar<\/strong><\/a>.<\/p>\n\n\n\n<p>Quatro d\u00e9cadas depois, o Centro de Visitantes na Avenida Farol Garcia D&#8217;\u00c1vila se tornou o museu do Tamar mais frequentado do Brasil, com cerca de 500 mil visitantes por ano. O espa\u00e7o figura entre os 10 museus mais visitados do pa\u00eds, segundo cadastro do Instituto Brasileiro de Museus.<\/p>\n\n\n<div class=\"wp-block-image\">\n<figure class=\"aligncenter size-large\"><img decoding=\"async\" width=\"1024\" height=\"576\" src=\"https:\/\/www.uai.com.br\/uainoticias\/wp-content\/uploads\/2025\/12\/Praia-do-Forte_1752271436869-1024x576.jpg\" alt=\"A vila de 500 moradores sem luz que virou refer\u00eancia mundial em tartarugas e abriga o \u00fanico castelo medieval das Am\u00e9ricas a 80 km de Salvador\" class=\"wp-image-97887\" srcset=\"https:\/\/www.uai.com.br\/uainoticias\/wp-content\/uploads\/2025\/12\/Praia-do-Forte_1752271436869-1024x576.jpg 1024w, https:\/\/www.uai.com.br\/uainoticias\/wp-content\/uploads\/2025\/12\/Praia-do-Forte_1752271436869-300x169.jpg 300w, https:\/\/www.uai.com.br\/uainoticias\/wp-content\/uploads\/2025\/12\/Praia-do-Forte_1752271436869-768x432.jpg 768w, https:\/\/www.uai.com.br\/uainoticias\/wp-content\/uploads\/2025\/12\/Praia-do-Forte_1752271436869-750x422.jpg 750w, https:\/\/www.uai.com.br\/uainoticias\/wp-content\/uploads\/2025\/12\/Praia-do-Forte_1752271436869-1140x641.jpg 1140w, https:\/\/www.uai.com.br\/uainoticias\/wp-content\/uploads\/2025\/12\/Praia-do-Forte_1752271436869.jpg 1280w\" sizes=\"(max-width: 1024px) 100vw, 1024px\" \/><figcaption class=\"wp-element-caption\">Praia do Forte, Bahia \/\/ Cr\u00e9ditos: depositphotos.com \/ gustavofrazao<\/figcaption><\/figure><\/div>\n\n\n<h2 class=\"wp-block-heading\">O \u00fanico castelo medieval das Am\u00e9ricas<\/h2>\n\n\n\n<p>No alto da Colina de Tatuapara, a tr\u00eas quil\u00f4metros do centro do vilarejo, est\u00e1 a Casa da Torre de Garcia D&#8217;\u00c1vila. A constru\u00e7\u00e3o foi iniciada em 1551 e conclu\u00edda apenas em 1624, com 73 anos de obras, e \u00e9 considerada a \u00fanica edifica\u00e7\u00e3o em estilo medieval erguida em todo o continente americano.<\/p>\n\n\n\n<p>O castelo j\u00e1 foi a sede do maior latif\u00fandio do mundo na \u00e9poca. As terras dos Garcia D&#8217;\u00c1vila se estendiam da <strong>Bahia<\/strong> ao <strong>Maranh\u00e3o<\/strong> e somavam cerca de 800 mil km\u00b2, o equivalente a 1\/10 do territ\u00f3rio brasileiro atual ou \u00e0s \u00e1reas de <strong>Portugal<\/strong>, <strong>Espanha<\/strong>, <strong>It\u00e1lia<\/strong>, <strong>Su\u00ed\u00e7a<\/strong> e <strong>Holanda<\/strong> somadas. As ru\u00ednas foram tombadas pelo <strong>Instituto do Patrim\u00f4nio Hist\u00f3rico e Art\u00edstico Nacional (IPHAN)<\/strong> em 30 de abril de 1938, conforme registros do <a href=\"http:\/\/portal.iphan.gov.br\/\" target=\"_blank\" rel=\"noreferrer noopener\"><strong>IPHAN<\/strong><\/a>, e hoje o monumento \u00e9 gerido pela <a href=\"https:\/\/fgd.org.br\/\" target=\"_blank\" rel=\"noreferrer noopener\"><strong>Funda\u00e7\u00e3o Garcia D&#8217;\u00c1vila<\/strong><\/a>.<\/p>\n\n\n<div class=\"wp-block-image\">\n<figure class=\"aligncenter size-large\"><img decoding=\"async\" width=\"1024\" height=\"576\" src=\"https:\/\/www.uai.com.br\/uainoticias\/wp-content\/uploads\/2025\/12\/Praia-do-Forte_1752271448174-1024x576.jpg\" alt=\"A vila de 500 moradores sem luz que virou refer\u00eancia mundial em tartarugas e abriga o \u00fanico castelo medieval das Am\u00e9ricas a 80 km de Salvador\" class=\"wp-image-97888\" srcset=\"https:\/\/www.uai.com.br\/uainoticias\/wp-content\/uploads\/2025\/12\/Praia-do-Forte_1752271448174-1024x576.jpg 1024w, https:\/\/www.uai.com.br\/uainoticias\/wp-content\/uploads\/2025\/12\/Praia-do-Forte_1752271448174-300x169.jpg 300w, https:\/\/www.uai.com.br\/uainoticias\/wp-content\/uploads\/2025\/12\/Praia-do-Forte_1752271448174-768x432.jpg 768w, https:\/\/www.uai.com.br\/uainoticias\/wp-content\/uploads\/2025\/12\/Praia-do-Forte_1752271448174-750x422.jpg 750w, https:\/\/www.uai.com.br\/uainoticias\/wp-content\/uploads\/2025\/12\/Praia-do-Forte_1752271448174-1140x641.jpg 1140w, https:\/\/www.uai.com.br\/uainoticias\/wp-content\/uploads\/2025\/12\/Praia-do-Forte_1752271448174.jpg 1280w\" sizes=\"(max-width: 1024px) 100vw, 1024px\" \/><figcaption class=\"wp-element-caption\">Praia do Forte, Bahia \/\/ Cr\u00e9ditos: depositphotos.com \/ gustavofrazao<\/figcaption><\/figure><\/div>\n\n\n<p><strong>Leia tamb\u00e9m: <a href=\"https:\/\/www.uai.com.br\/uainoticias\/2026\/04\/25\/essa-cidade-nordestina-esta-em-alta-447-mais-estrangeiros-escolheram-esse-paraiso-de-mar-morno-e-brisa-perfeita\/\" target=\"_blank\" rel=\"noreferrer noopener\">Essa cidade nordestina est\u00e1 em alta: 44,7% mais estrangeiros escolheram esse para\u00edso de mar morno e brisa perfeita<\/a><\/strong><\/p>\n\n\n\n<h2 class=\"wp-block-heading\">O que fazer no vilarejo das tartarugas<\/h2>\n\n\n\n<p>O roteiro mistura hist\u00f3ria colonial, conserva\u00e7\u00e3o ambiental e praias com piscinas naturais. Veja as principais atra\u00e7\u00f5es:<\/p>\n\n\n\n<ul class=\"wp-block-list\">\n<li><strong>Centro de Visitantes do Projeto Tamar<\/strong>: 750 mil litros de \u00e1gua salgada em tanques e aqu\u00e1rios com quatro das cinco esp\u00e9cies de tartarugas marinhas brasileiras.<\/li>\n\n\n\n<li><strong>Castelo Garcia D&#8217;\u00c1vila<\/strong>: ru\u00ednas tombadas pelo IPHAN, com museu interativo e videomapping no Parque Hist\u00f3rico e Cultural.<\/li>\n\n\n\n<li><strong>Praia do Forte (Praia da Vila)<\/strong>: faixa principal do vilarejo, com piscinas naturais formadas na mar\u00e9 baixa entre os recifes.<\/li>\n\n\n\n<li><strong>Reserva de Sapiranga<\/strong>: 600 hectares de Mata Atl\u00e2ntica preservada, com trilhas e a tirolesa mais longa do litoral baiano.<\/li>\n\n\n\n<li><strong>Soltura de filhotes de tartarugas<\/strong>: entre novembro e mar\u00e7o, ocorrem solturas abertas ao p\u00fablico, ritual operado pelo Projeto Tamar.<\/li>\n\n\n\n<li><strong>Alameda do Sol<\/strong>: rua principal de pedestres, com lojas de artesanato, restaurantes e a Igreja de S\u00e3o Francisco de Assis.<\/li>\n<\/ul>\n\n\n\n<p>A cozinha local \u00e9 refer\u00eancia no litoral norte baiano, com farto card\u00e1pio de frutos do mar. Confira os destaques gastron\u00f4micos:<\/p>\n\n\n\n<ul class=\"wp-block-list\">\n<li><strong>Moqueca de peixe<\/strong>: prato baiano cl\u00e1ssico, servido nos restaurantes da Alameda do Sol e do cal\u00e7ad\u00e3o da praia.<\/li>\n\n\n\n<li><strong>Bob\u00f3 de camar\u00e3o<\/strong>: receita tradicional preparada com pur\u00ea de mandioca, leite de coco e azeite de dend\u00ea.<\/li>\n\n\n\n<li><strong>Acaraj\u00e9 da Alameda<\/strong>: bolinho de feij\u00e3o fradinho frito no dend\u00ea, vendido por baianas no centro do vilarejo.<\/li>\n\n\n\n<li><strong>Casquinha de siri<\/strong>: aperitivo t\u00edpico dos quiosques p\u00e9 na areia da Praia do Forte.<\/li>\n\n\n\n<li><strong>Cocada e tapioca<\/strong>: doces e salgados artesanais nas barracas da feira local.<\/li>\n<\/ul>\n\n\n\n<p>Quem deseja visitar a <strong>Bahia<\/strong>, vai curtir esse v\u00eddeo especialmente selecionado do canal <strong>Vida sem Paredes<\/strong>, que conta com mais de <strong>8 mil<\/strong> visualiza\u00e7\u00f5es, onde o canal mostra praias paradis\u00edacas, piscinas naturais e tudo o que fazer em <strong>Praia do Forte<\/strong>:<\/p>\n\n\n\n<figure class=\"wp-block-embed is-type-video is-provider-youtube wp-block-embed-youtube wp-embed-aspect-16-9 wp-has-aspect-ratio\"><div class=\"wp-block-embed__wrapper\">\n<div class=\"jeg_video_container jeg_video_content\"><iframe loading=\"lazy\" title=\"Praia do Forte (Bahia): praias paradis\u00edacas, piscinas naturais e tudo o que fazer\" width=\"500\" height=\"281\" src=\"https:\/\/www.youtube.com\/embed\/xQZkE8oHS_4?feature=oembed\" frameborder=\"0\" allow=\"accelerometer; autoplay; clipboard-write; encrypted-media; gyroscope; picture-in-picture; web-share\" referrerpolicy=\"strict-origin-when-cross-origin\" allowfullscreen><\/iframe><\/div>\n<\/div><\/figure>\n\n\n\n<h2 class=\"wp-block-heading\">Quando ir e o que fazer em cada esta\u00e7\u00e3o<\/h2>\n\n\n\n<p>O clima tropical mant\u00e9m temperaturas est\u00e1veis durante todo o ano em <strong>Praia do Forte<\/strong>. Veja como o tempo se comporta nas esta\u00e7\u00f5es:<\/p>\n\n\n\n<style>\n    .clima-grid-uai105 { \n        --cor-primaria: #0278c0; --cor-secundaria: #ffd31a; --cor-txt-secundaria: #0278c0;\n        display: grid; grid-template-columns: repeat(auto-fit, minmax(190px, 1fr)); gap: 15px; justify-content: center; padding: 10px;\n    }\n    .clima-card-uai105 { border: 5px solid var(--cor-primaria); border-top: 5px solid var(--cor-secundaria); border-radius: 12px; background-color: var(--cor-primaria); background-clip: padding-box; display: flex; flex-direction: column; overflow: hidden; cursor: pointer; box-shadow: 0 6px 12px rgba(0,0,0, 0.2); transition: transform 0.2s ease, box-shadow 0.2s ease; -webkit-tap-highlight-color: transparent; user-select: none; transform: translateZ(0); animation: wmFadeIn 0.6s cubic-bezier(0.2, 0.8, 0.2, 1) backwards; }\n    .clima-card-uai105:focus-visible { outline: 3px dashed var(--cor-secundaria); outline-offset: 4px; }\n    .clima-card-uai105:nth-child(1) { animation-delay: 0.1s; } .clima-card-uai105:nth-child(2) { animation-delay: 0.2s; } .clima-card-uai105:nth-child(3) { animation-delay: 0.3s; } .clima-card-uai105:nth-child(4) { animation-delay: 0.4s; }\n    @keyframes wmFadeIn { from { opacity: 0; transform: translateY(30px); } to { opacity: 1; transform: translateY(0); } }\n    .clima-card-uai105:hover { transform: translateY(-5px); box-shadow: 0 15px 30px rgba(0,0,0, 0.3); }\n    .clima-card-uai105:active { transform: translateY(-1px) scale(0.97); box-shadow: 0 3px 6px rgba(0,0,0, 0.2); transition: transform 0.05s ease, box-shadow 0.05s ease; }\n    .clima-header-uai105 { background: #fdfbf5; padding: 15px 10px; text-align: center; display: flex; flex-direction: column; align-items: center; justify-content: center; }\n    .clima-body-uai105 { background: #ffffff; padding: 15px; display: flex; flex-direction: column; flex-grow: 1; align-items: center; }\n    .clima-destaque-uai105 { box-shadow: 0 8px 16px rgba(0,0,0, 0.25); }\n    .clima-destaque-uai105:hover { box-shadow: 0 18px 36px rgba(0,0,0, 0.35); }\n    .clima-destaque-uai105 .clima-header-uai105 { background: var(--cor-secundaria); }\n    .clima-destaque-uai105 .clima-header-uai105 .clima-titulo-uai105 { color: var(--cor-txt-secundaria) !important; } \n    .clima-pill-uai105 { display: flex; white-space: normal; max-width: 100%; box-sizing: border-box; justify-content: center; align-items: center; text-align: center; background: #e6f2fa; color: var(--cor-primaria); font-size: 11px; font-weight: 900 !important; letter-spacing: 0.5px; padding: 8px 16px; border-radius: 16px; text-transform: uppercase; line-height: 1.4; box-shadow: 0 4px 8px rgba(0,0,0, 0.15); margin-top: auto; transition: transform 0.2s ease; }\n    .clima-destaque-uai105 .clima-pill-uai105 { background: var(--cor-primaria); color: #ffffff; border: 1px solid #ffffff; } \n    .clima-card-uai105:hover .clima-pill-uai105 { transform: scale(1.06); }\n    .clima-pill-uai105 span { font-weight: 900 !important; color: inherit; } \n    .clima-emoji-uai105 { font-size: 24px; line-height: 1; margin-bottom: 5px; }\n    .clima-titulo-uai105 { color: var(--cor-primaria); font-size: 16px; text-transform: uppercase; margin-top: 5px; font-weight: bold; }\n    .clima-mes-uai105 { font-size: 11px; font-weight: 800; color: var(--cor-primaria); text-transform: uppercase; margin-bottom: 5px; display: block; }\n    .clima-temp-uai105 { font-size: 26px; font-weight: 900; color: var(--cor-primaria); margin-bottom: 10px; }\n    .clima-desc-uai105 { font-size: 13px; color: #444; text-align: center; line-height: 1.5; margin-bottom: 15px; flex-grow: 1;}\n    .clima-desc-uai105 strong { color: #111; }\n    @media (prefers-color-scheme: dark) {\n        .clima-card-uai105 { border-color: #014f7d; background-color: #014f7d; box-shadow: 0 6px 12px rgba(0,0,0, 0.5); }\n        .clima-header-uai105 { background: #1a1a1a; } .clima-body-uai105 { background: #121212; }\n        .clima-destaque-uai105 .clima-header-uai105 { background: var(--cor-secundaria); }\n        .clima-destaque-uai105 .clima-header-uai105 .clima-titulo-uai105 { color: var(--cor-txt-secundaria) !important; }\n        .clima-titulo-uai105 { color: #63b2e8; } .clima-mes-uai105 { color: #63b2e8; } .clima-temp-uai105 { color: #63b2e8; } .clima-desc-uai105 { color: #cccccc; } .clima-desc-uai105 strong { color: #ffffff; }\n        .clima-pill-uai105 { background: #014f7d; color: #ffffff; box-shadow: 0 4px 8px rgba(0, 0, 0, 0.5); }\n        .clima-destaque-uai105 .clima-pill-uai105 { background: #013859; color: #ffffff; border-color: #63b2e8; }\n    }\n<\/style>\n<div class=\"google-auto-ads-ignore clima-grid-uai105\" style=\"box-sizing: border-box; width: 100%; max-width: 980px; margin: 30px auto; font-family: 'Segoe UI', Roboto, Helvetica, Arial, sans-serif;\">\n    <div class=\"clima-card-uai105 clima-destaque-uai105\" tabindex=\"0\">\n        <div class=\"clima-header-uai105\"><div class=\"clima-emoji-uai105\" aria-hidden=\"true\">\ud83d\udc22<\/div><div class=\"clima-titulo-uai105\">Ver\u00e3o<\/div><\/div>\n        <div class=\"clima-body-uai105\">\n            <time class=\"clima-mes-uai105\">Dezembro a fevereiro<\/time><div class=\"clima-temp-uai105\">25\u00b0C a 31\u00b0C<\/div>\n            <div class=\"clima-desc-uai105\">O auge tur\u00edstico da Bahia! A baixa chuva garante praias perfeitas e marca o momento mais emocionante do Tamar: a <strong>soltura de filhotes de tartaruga<\/strong>.<\/div>\n            <div class=\"clima-pill-uai105\"><span>\u2b50 Melhor \u00c9poca \/ Seco<\/span><\/div>\n        <\/div>\n    <\/div>\n    <div class=\"clima-card-uai105\" tabindex=\"0\">\n        <div class=\"clima-header-uai105\"><div class=\"clima-emoji-uai105\" aria-hidden=\"true\">\ud83c\udff0<\/div><div class=\"clima-titulo-uai105\">Outono<\/div><\/div>\n        <div class=\"clima-body-uai105\">\n            <time class=\"clima-mes-uai105\">Mar\u00e7o a maio<\/time><div class=\"clima-temp-uai105\">23\u00b0C a 29\u00b0C<\/div>\n            <div class=\"clima-desc-uai105\">As chuvas entram forte em toda a costa baiana. Aproveite os dias de tempo mais fechado para focar no <strong>Castelo Garcia d&#8217;\u00c1vila e na Reserva de Sapiranga<\/strong>.<\/div>\n            <div class=\"clima-pill-uai105\"><span>\u2614 Chuva Alta<\/span><\/div>\n        <\/div>\n    <\/div>\n    <div class=\"clima-card-uai105\" tabindex=\"0\">\n        <div class=\"clima-header-uai105\"><div class=\"clima-emoji-uai105\" aria-hidden=\"true\">\ud83d\udc0b<\/div><div class=\"clima-titulo-uai105\">Inverno<\/div><\/div>\n        <div class=\"clima-body-uai105\">\n            <time class=\"clima-mes-uai105\">Junho a agosto<\/time><div class=\"clima-temp-uai105\">21\u00b0C a 27\u00b0C<\/div>\n            <div class=\"clima-desc-uai105\">Apesar do alto \u00edndice pluviom\u00e9trico, a regi\u00e3o ganha um presente inesquec\u00edvel da natureza com as expedi\u00e7\u00f5es para a <strong>observa\u00e7\u00e3o de baleias jubarte<\/strong>.<\/div>\n            <div class=\"clima-pill-uai105\"><span>\u2614 Chuva Alta \/ Jubartes<\/span><\/div>\n        <\/div>\n    <\/div>\n    <div class=\"clima-card-uai105\" tabindex=\"0\">\n        <div class=\"clima-header-uai105\"><div class=\"clima-emoji-uai105\" aria-hidden=\"true\">\ud83e\udd5a<\/div><div class=\"clima-titulo-uai105\">Primavera<\/div><\/div>\n        <div class=\"clima-body-uai105\">\n            <time class=\"clima-mes-uai105\">Setembro a novembro<\/time><div class=\"clima-temp-uai105\">23\u00b0C a 29\u00b0C<\/div>\n            <div class=\"clima-desc-uai105\">O volume de chuva cai e a temperatura se mant\u00e9m tropical. O per\u00edodo marca o <strong>in\u00edcio da desova das tartarugas<\/strong> nas areias de Praia do Forte.<\/div>\n            <div class=\"clima-pill-uai105\"><span>\u2601\ufe0f Chuva M\u00e9dia<\/span><\/div>\n        <\/div>\n    <\/div>\n<\/div>\n\n\n\n<p><em>Temperaturas aproximadas com base no <a href=\"https:\/\/www.climatempo.com.br\/previsao-do-tempo\/cidade\/6953\/praiadoforte-ba\" target=\"_blank\" rel=\"noreferrer noopener\"><strong>Climatempo<\/strong><\/a>. Condi\u00e7\u00f5es podem variar conforme frentes frias e chuvas costeiras.<\/em><\/p>\n\n\n\n<h2 class=\"wp-block-heading\">Como chegar \u00e0 Praia do Forte<\/h2>\n\n\n\n<p>O acesso a partir do <strong>Aeroporto Internacional de Salvador<\/strong> \u00e9 direto pela <strong>BA-099 (Estrada do Coco)<\/strong>, em cerca de 50 km e 50 minutos de carro. Saindo do centro de Salvador, s\u00e3o 75 km e em torno de 1 hora e 20 minutos. H\u00e1 sa\u00eddas regulares de \u00f4nibus e vans da Esta\u00e7\u00e3o Rodovi\u00e1ria de Salvador, com viagens di\u00e1rias para o vilarejo. Transfers privativos s\u00e3o oferecidos pela maioria das pousadas e resorts da regi\u00e3o.<\/p>\n\n\n\n<h2 class=\"wp-block-heading\">V\u00e1 conhecer o vilarejo que renasceu como destino mundial<\/h2>\n\n\n\n<p>A Praia do Forte combina o peso de quase cinco s\u00e9culos de hist\u00f3ria, um trabalho pioneiro de conserva\u00e7\u00e3o marinha e o ritmo lento de quem cresceu como vila de pescadores. Poucas praias brasileiras re\u00fanem castelo medieval, tartarugas marinhas e piscinas naturais a t\u00e3o poucos quil\u00f4metros uma da outra.<\/p>\n\n\n\n<p>Voc\u00ea precisa caminhar pela Alameda do Sol ao entardecer, parar no Centro de Visitantes do Tamar e subir at\u00e9 as ru\u00ednas do castelo para entender por que esse vilarejo virou um dos cart\u00f5es-postais do Nordeste.<\/p>\n","protected":false},"excerpt":{"rendered":"<p>A 75 km de Salvador, a Praia do Forte guarda o \u00fanico castelo em estilo medieval do continente americano e a sede nacional do Projeto Tamar. O vilarejo baiano apelidado de Polin\u00e9sia Brasileira virou um dos polos tur\u00edsticos mais visitados do Nordeste. Como uma vila sem luz virou destino internacional Em 1982, quando os pesquisadores [&hellip;]<\/p>\n","protected":false},"author":14,"featured_media":127619,"comment_status":"open","ping_status":"open","sticky":false,"template":"","format":"standard","meta":{"jnews-multi-image_gallery":[],"jnews_single_post":{"format":"standard"},"jnews_primary_category":[],"jnews_social_meta":[],"jnews_override_counter":[],"footnotes":""},"categories":[210],"tags":[1233,234,18356],"class_list":["post-127458","post","type-post","status-publish","format-standard","has-post-thumbnail","hentry","category-cidades","tag-bahia","tag-cidades","tag-praia-do-forte"],"yoast_head":"<!-- This site is optimized with the Yoast SEO plugin v26.5 - https:\/\/yoast.com\/wordpress\/plugins\/seo\/ -->\n<title>Em 1982 era apag\u00e3o e tinha 500 moradores: hoje a Polin\u00e9sia Brasileira recebe 500 mil visitantes por ano e abriga o \u00fanico castelo medieval das Am\u00e9ricas - UAI Not\u00edcias<\/title>\n<meta name=\"description\" content=\"Com um castelo medieval \u00fanico, esta vila atrai milhares de visitantes com suas \u00e1guas mornas e preserva\u00e7\u00e3o ambiental. Saiba mais.\" \/>\n<meta name=\"robots\" content=\"index, follow, max-snippet:-1, max-image-preview:large, max-video-preview:-1\" \/>\n<link rel=\"canonical\" href=\"https:\/\/www.uai.com.br\/uainoticias\/2026\/04\/28\/em-1982-era-apagao-e-tinha-500-moradores-hoje-a-polinesia-brasileira-recebe-500-mil-visitantes-por-ano-e-abriga-o-unico-castelo-medieval-das-americas\/\" \/>\n<meta property=\"og:locale\" content=\"pt_BR\" \/>\n<meta property=\"og:type\" content=\"article\" \/>\n<meta property=\"og:title\" content=\"Em 1982 era apag\u00e3o e tinha 500 moradores: hoje a Polin\u00e9sia Brasileira recebe 500 mil visitantes por ano e abriga o \u00fanico castelo medieval das Am\u00e9ricas - UAI Not\u00edcias\" \/>\n<meta property=\"og:description\" content=\"Com um castelo medieval \u00fanico, esta vila atrai milhares de visitantes com suas \u00e1guas mornas e preserva\u00e7\u00e3o ambiental. Saiba mais.\" \/>\n<meta property=\"og:url\" content=\"https:\/\/www.uai.com.br\/uainoticias\/2026\/04\/28\/em-1982-era-apagao-e-tinha-500-moradores-hoje-a-polinesia-brasileira-recebe-500-mil-visitantes-por-ano-e-abriga-o-unico-castelo-medieval-das-americas\/\" \/>\n<meta property=\"og:site_name\" content=\"UAI Not\u00edcias\" \/>\n<meta property=\"article:published_time\" content=\"2026-04-28T05:00:00+00:00\" \/>\n<meta property=\"og:image\" content=\"https:\/\/www.uai.com.br\/uainoticias\/wp-content\/uploads\/2026\/04\/Woman_walking_through_202604260848.jpg\" \/>\n\t<meta property=\"og:image:width\" content=\"1280\" \/>\n\t<meta property=\"og:image:height\" content=\"720\" \/>\n\t<meta property=\"og:image:type\" content=\"image\/jpeg\" \/>\n<meta name=\"author\" content=\"Vitor Bruno\" \/>\n<meta name=\"twitter:card\" content=\"summary_large_image\" \/>\n<meta name=\"twitter:label1\" content=\"Escrito por\" \/>\n\t<meta name=\"twitter:data1\" content=\"Vitor Bruno\" \/>\n\t<meta name=\"twitter:label2\" content=\"Est. tempo de leitura\" \/>\n\t<meta name=\"twitter:data2\" content=\"6 minutos\" \/>\n<!-- \/ Yoast SEO plugin. -->","yoast_head_json":{"title":"Em 1982 era apag\u00e3o e tinha 500 moradores: hoje a Polin\u00e9sia Brasileira recebe 500 mil visitantes por ano e abriga o \u00fanico castelo medieval das Am\u00e9ricas - UAI Not\u00edcias","description":"Com um castelo medieval \u00fanico, esta vila atrai milhares de visitantes com suas \u00e1guas mornas e preserva\u00e7\u00e3o ambiental. Saiba mais.","robots":{"index":"index","follow":"follow","max-snippet":"max-snippet:-1","max-image-preview":"max-image-preview:large","max-video-preview":"max-video-preview:-1"},"canonical":"https:\/\/www.uai.com.br\/uainoticias\/2026\/04\/28\/em-1982-era-apagao-e-tinha-500-moradores-hoje-a-polinesia-brasileira-recebe-500-mil-visitantes-por-ano-e-abriga-o-unico-castelo-medieval-das-americas\/","og_locale":"pt_BR","og_type":"article","og_title":"Em 1982 era apag\u00e3o e tinha 500 moradores: hoje a Polin\u00e9sia Brasileira recebe 500 mil visitantes por ano e abriga o \u00fanico castelo medieval das Am\u00e9ricas - UAI Not\u00edcias","og_description":"Com um castelo medieval \u00fanico, esta vila atrai milhares de visitantes com suas \u00e1guas mornas e preserva\u00e7\u00e3o ambiental. Saiba mais.","og_url":"https:\/\/www.uai.com.br\/uainoticias\/2026\/04\/28\/em-1982-era-apagao-e-tinha-500-moradores-hoje-a-polinesia-brasileira-recebe-500-mil-visitantes-por-ano-e-abriga-o-unico-castelo-medieval-das-americas\/","og_site_name":"UAI Not\u00edcias","article_published_time":"2026-04-28T05:00:00+00:00","og_image":[{"width":1280,"height":720,"url":"https:\/\/www.uai.com.br\/uainoticias\/wp-content\/uploads\/2026\/04\/Woman_walking_through_202604260848.jpg","type":"image\/jpeg"}],"author":"Vitor Bruno","twitter_card":"summary_large_image","twitter_misc":{"Escrito por":"Vitor Bruno","Est. tempo de leitura":"6 minutos"},"schema":{"@context":"https:\/\/schema.org","@graph":[{"@type":"WebPage","@id":"https:\/\/www.uai.com.br\/uainoticias\/2026\/04\/28\/em-1982-era-apagao-e-tinha-500-moradores-hoje-a-polinesia-brasileira-recebe-500-mil-visitantes-por-ano-e-abriga-o-unico-castelo-medieval-das-americas\/","url":"https:\/\/www.uai.com.br\/uainoticias\/2026\/04\/28\/em-1982-era-apagao-e-tinha-500-moradores-hoje-a-polinesia-brasileira-recebe-500-mil-visitantes-por-ano-e-abriga-o-unico-castelo-medieval-das-americas\/","name":"Em 1982 era apag\u00e3o e tinha 500 moradores: hoje a Polin\u00e9sia Brasileira recebe 500 mil visitantes por ano e abriga o \u00fanico castelo medieval das Am\u00e9ricas - UAI Not\u00edcias","isPartOf":{"@id":"https:\/\/www.uai.com.br\/uainoticias\/#website"},"primaryImageOfPage":{"@id":"https:\/\/www.uai.com.br\/uainoticias\/2026\/04\/28\/em-1982-era-apagao-e-tinha-500-moradores-hoje-a-polinesia-brasileira-recebe-500-mil-visitantes-por-ano-e-abriga-o-unico-castelo-medieval-das-americas\/#primaryimage"},"image":{"@id":"https:\/\/www.uai.com.br\/uainoticias\/2026\/04\/28\/em-1982-era-apagao-e-tinha-500-moradores-hoje-a-polinesia-brasileira-recebe-500-mil-visitantes-por-ano-e-abriga-o-unico-castelo-medieval-das-americas\/#primaryimage"},"thumbnailUrl":"https:\/\/www.uai.com.br\/uainoticias\/wp-content\/uploads\/2026\/04\/Woman_walking_through_202604260848.jpg","datePublished":"2026-04-28T05:00:00+00:00","author":{"@id":"https:\/\/www.uai.com.br\/uainoticias\/#\/schema\/person\/03130d752d0ce4e3bb0f607f1bc85084"},"description":"Com um castelo medieval \u00fanico, esta vila atrai milhares de visitantes com suas \u00e1guas mornas e preserva\u00e7\u00e3o ambiental. Saiba mais.","breadcrumb":{"@id":"https:\/\/www.uai.com.br\/uainoticias\/2026\/04\/28\/em-1982-era-apagao-e-tinha-500-moradores-hoje-a-polinesia-brasileira-recebe-500-mil-visitantes-por-ano-e-abriga-o-unico-castelo-medieval-das-americas\/#breadcrumb"},"inLanguage":"pt-BR","potentialAction":[{"@type":"ReadAction","target":["https:\/\/www.uai.com.br\/uainoticias\/2026\/04\/28\/em-1982-era-apagao-e-tinha-500-moradores-hoje-a-polinesia-brasileira-recebe-500-mil-visitantes-por-ano-e-abriga-o-unico-castelo-medieval-das-americas\/"]}]},{"@type":"ImageObject","inLanguage":"pt-BR","@id":"https:\/\/www.uai.com.br\/uainoticias\/2026\/04\/28\/em-1982-era-apagao-e-tinha-500-moradores-hoje-a-polinesia-brasileira-recebe-500-mil-visitantes-por-ano-e-abriga-o-unico-castelo-medieval-das-americas\/#primaryimage","url":"https:\/\/www.uai.com.br\/uainoticias\/wp-content\/uploads\/2026\/04\/Woman_walking_through_202604260848.jpg","contentUrl":"https:\/\/www.uai.com.br\/uainoticias\/wp-content\/uploads\/2026\/04\/Woman_walking_through_202604260848.jpg","width":1280,"height":720,"caption":"Em 1982 era apag\u00e3o e tinha 500 moradores: hoje a Polin\u00e9sia Brasileira recebe 500 mil visitantes por ano e abriga o \u00fanico castelo medieval das Am\u00e9ricas \/\/ IMAGEM ILUSTRATIVA"},{"@type":"BreadcrumbList","@id":"https:\/\/www.uai.com.br\/uainoticias\/2026\/04\/28\/em-1982-era-apagao-e-tinha-500-moradores-hoje-a-polinesia-brasileira-recebe-500-mil-visitantes-por-ano-e-abriga-o-unico-castelo-medieval-das-americas\/#breadcrumb","itemListElement":[{"@type":"ListItem","position":1,"name":"In\u00edcio","item":"https:\/\/www.uai.com.br\/uainoticias\/"},{"@type":"ListItem","position":2,"name":"Em 1982 era apag\u00e3o e tinha 500 moradores: hoje a Polin\u00e9sia Brasileira recebe 500 mil visitantes por ano e abriga o \u00fanico castelo medieval das Am\u00e9ricas"}]},{"@type":"WebSite","@id":"https:\/\/www.uai.com.br\/uainoticias\/#website","url":"https:\/\/www.uai.com.br\/uainoticias\/","name":"UAI Not\u00edcias","description":"Acompanhe as \u00faltimas not\u00edcias e fique bem informado sobre tudo o que acontece no Brasil e no mundo.","potentialAction":[{"@type":"SearchAction","target":{"@type":"EntryPoint","urlTemplate":"https:\/\/www.uai.com.br\/uainoticias\/?s={search_term_string}"},"query-input":{"@type":"PropertyValueSpecification","valueRequired":true,"valueName":"search_term_string"}}],"inLanguage":"pt-BR"},{"@type":"Person","@id":"https:\/\/www.uai.com.br\/uainoticias\/#\/schema\/person\/03130d752d0ce4e3bb0f607f1bc85084","name":"Vitor Bruno","image":{"@type":"ImageObject","inLanguage":"pt-BR","@id":"https:\/\/www.uai.com.br\/uainoticias\/#\/schema\/person\/image\/","url":"https:\/\/secure.gravatar.com\/avatar\/ab0513148053bbb80c117cdd35f8a0f2742d41eebbac321acf8df2e633d81609?s=96&d=mm&r=g","contentUrl":"https:\/\/secure.gravatar.com\/avatar\/ab0513148053bbb80c117cdd35f8a0f2742d41eebbac321acf8df2e633d81609?s=96&d=mm&r=g","caption":"Vitor Bruno"},"sameAs":["https:\/\/www.uai.com.br\/uainoticias\/"],"url":"https:\/\/www.uai.com.br\/uainoticias\/author\/vitor\/"}]}},"_links":{"self":[{"href":"https:\/\/www.uai.com.br\/uainoticias\/wp-json\/wp\/v2\/posts\/127458","targetHints":{"allow":["GET"]}}],"collection":[{"href":"https:\/\/www.uai.com.br\/uainoticias\/wp-json\/wp\/v2\/posts"}],"about":[{"href":"https:\/\/www.uai.com.br\/uainoticias\/wp-json\/wp\/v2\/types\/post"}],"author":[{"embeddable":true,"href":"https:\/\/www.uai.com.br\/uainoticias\/wp-json\/wp\/v2\/users\/14"}],"replies":[{"embeddable":true,"href":"https:\/\/www.uai.com.br\/uainoticias\/wp-json\/wp\/v2\/comments?post=127458"}],"version-history":[{"count":8,"href":"https:\/\/www.uai.com.br\/uainoticias\/wp-json\/wp\/v2\/posts\/127458\/revisions"}],"predecessor-version":[{"id":127620,"href":"https:\/\/www.uai.com.br\/uainoticias\/wp-json\/wp\/v2\/posts\/127458\/revisions\/127620"}],"wp:featuredmedia":[{"embeddable":true,"href":"https:\/\/www.uai.com.br\/uainoticias\/wp-json\/wp\/v2\/media\/127619"}],"wp:attachment":[{"href":"https:\/\/www.uai.com.br\/uainoticias\/wp-json\/wp\/v2\/media?parent=127458"}],"wp:term":[{"taxonomy":"category","embeddable":true,"href":"https:\/\/www.uai.com.br\/uainoticias\/wp-json\/wp\/v2\/categories?post=127458"},{"taxonomy":"post_tag","embeddable":true,"href":"https:\/\/www.uai.com.br\/uainoticias\/wp-json\/wp\/v2\/tags?post=127458"}],"curies":[{"name":"wp","href":"https:\/\/api.w.org\/{rel}","templated":true}]}}