{"id":127457,"date":"2026-04-27T23:45:00","date_gmt":"2026-04-28T02:45:00","guid":{"rendered":"https:\/\/www.uai.com.br\/uainoticias\/?p=127457"},"modified":"2026-04-26T08:47:43","modified_gmt":"2026-04-26T11:47:43","slug":"essa-cidade-cresceu-48-e-tem-15-praias-com-sol-300-dias-por-ano-e-a-3a-melhor-qualidade-de-vida-do-estado","status":"publish","type":"post","link":"https:\/\/www.uai.com.br\/uainoticias\/2026\/04\/27\/essa-cidade-cresceu-48-e-tem-15-praias-com-sol-300-dias-por-ano-e-a-3a-melhor-qualidade-de-vida-do-estado\/","title":{"rendered":"Essa cidade cresceu 48% e tem 15 praias com sol 300 dias por ano e a 3\u00aa melhor qualidade de vida do estado"},"content":{"rendered":"\n<p>A 170 km da capital fluminense pela <strong>Rodovia Amaral Peixoto<\/strong>, <strong>Rio das Ostras<\/strong> recebe quem chega com 28 km de litoral e 15 praias distribu\u00eddas pela costa. A cidade saltou de 105 mil para 156 mil habitantes entre 2010 e 2022, segundo o Censo do <strong>Instituto Brasileiro de Geografia e Estat\u00edstica (IBGE)<\/strong>, e foi o segundo munic\u00edpio do estado que mais cresceu no per\u00edodo.<\/p>\n\n\n\n<h2 class=\"wp-block-heading\">Como uma vila de pescadores virou ref\u00fagio do norte fluminense<\/h2>\n\n\n\n<p>O nome <strong>Rio das Ostras<\/strong> vem do rio que corta o munic\u00edpio, margeado por manguezais onde ostras cresciam em abund\u00e2ncia. Navegadores que cruzavam a Ba\u00eda Formosa no s\u00e9culo XVIII j\u00e1 paravam ali para abastecer \u00e1gua pot\u00e1vel no Po\u00e7o de Pedras do Largo de Nossa Senhora da Concei\u00e7\u00e3o, constru\u00eddo por m\u00e3os escravizadas e reconstru\u00eddo pela Prefeitura em 2000 a partir de registros fotogr\u00e1ficos antigos.<\/p>\n\n\n\n<p>A emancipa\u00e7\u00e3o pol\u00edtico-administrativa veio em 10 de abril de 1992, quando a vila se separou de <strong>Casimiro de Abreu<\/strong> e virou munic\u00edpio independente. A virada cultural come\u00e7ou em 2003 com a primeira edi\u00e7\u00e3o do Rio das Ostras Jazz &amp; Blues Festival, evento gratuito que entrou para o calend\u00e1rio oficial do estado e foi apontado por cr\u00edticos internacionais como um dos melhores do g\u00eanero no mundo.<\/p>\n\n\n<div class=\"wp-block-image\">\n<figure class=\"aligncenter size-large\"><img decoding=\"async\" width=\"1024\" height=\"576\" src=\"https:\/\/www.uai.com.br\/uainoticias\/wp-content\/uploads\/2025\/12\/Rio-das-Ostras_1743129524302-1024x576.jpg\" alt=\"\" class=\"wp-image-97233\" srcset=\"https:\/\/www.uai.com.br\/uainoticias\/wp-content\/uploads\/2025\/12\/Rio-das-Ostras_1743129524302-1024x576.jpg 1024w, https:\/\/www.uai.com.br\/uainoticias\/wp-content\/uploads\/2025\/12\/Rio-das-Ostras_1743129524302-300x169.jpg 300w, https:\/\/www.uai.com.br\/uainoticias\/wp-content\/uploads\/2025\/12\/Rio-das-Ostras_1743129524302-768x432.jpg 768w, https:\/\/www.uai.com.br\/uainoticias\/wp-content\/uploads\/2025\/12\/Rio-das-Ostras_1743129524302-750x422.jpg 750w, https:\/\/www.uai.com.br\/uainoticias\/wp-content\/uploads\/2025\/12\/Rio-das-Ostras_1743129524302-1140x642.jpg 1140w, https:\/\/www.uai.com.br\/uainoticias\/wp-content\/uploads\/2025\/12\/Rio-das-Ostras_1743129524302.jpg 1279w\" sizes=\"(max-width: 1024px) 100vw, 1024px\" \/><figcaption class=\"wp-element-caption\">Cidade do Jazz e Blues une natureza infraestrutura e bem-estar \/\/ Cr\u00e9ditos: depositphotos.com \/ alxcoimbra<\/figcaption><\/figure><\/div>\n\n\n<h2 class=\"wp-block-heading\">Vale a pena viver na cidade que mais cresce no norte fluminense?<\/h2>\n\n\n\n<p>Os indicadores apontam que sim. Segundo o <a href=\"https:\/\/www.ibge.gov.br\/cidades-e-estados\/rj\/rio-das-ostras.html\" target=\"_blank\" rel=\"noreferrer noopener\"><strong>IBGE<\/strong><\/a>, a cidade tem popula\u00e7\u00e3o estimada de 168.455 pessoas em 2025, IDHM de 0,773 considerado alto e PIB per capita de R$ 67.734 em 2023, valor superior \u00e0 m\u00e9dia nacional. A taxa de urbaniza\u00e7\u00e3o passa de 90% e a escolariza\u00e7\u00e3o de crian\u00e7as entre 6 e 14 anos chega a 98,9%.<\/p>\n\n\n\n<p>De acordo com a <a href=\"https:\/\/www.riodasostras.rj.gov.br\/dados-municipais\/\" target=\"_blank\" rel=\"noreferrer noopener\"><strong>Prefeitura de Rio das Ostras<\/strong><\/a>, em 2025 o munic\u00edpio alcan\u00e7ou o terceiro melhor \u00edndice de qualidade de vida do <strong>Rio de Janeiro<\/strong> e a 4\u00aa posi\u00e7\u00e3o em emprego e renda no \u00cdndice Firjan. O crescimento populacional hist\u00f3rico chega a 11% ao ano, o maior do estado, puxado pela <strong>Bacia de Campos<\/strong>, maior reserva de petr\u00f3leo do pa\u00eds, e pela duplica\u00e7\u00e3o da <strong>RJ-106<\/strong>, que facilitou o acesso a partir da capital.<\/p>\n\n\n\n<p><strong>Leia tamb\u00e9m: <a href=\"https:\/\/www.uai.com.br\/uainoticias\/2026\/04\/25\/essa-cidade-nordestina-esta-em-alta-447-mais-estrangeiros-escolheram-esse-paraiso-de-mar-morno-e-brisa-perfeita\/\" target=\"_blank\" rel=\"noreferrer noopener\">Essa cidade nordestina est\u00e1 em alta: 44,7% mais estrangeiros escolheram esse para\u00edso de mar morno e brisa perfeita<\/a><\/strong><\/p>\n\n\n\n<h2 class=\"wp-block-heading\">O que fazer entre 15 praias e um s\u00edtio arqueol\u00f3gico de 4 mil anos<\/h2>\n\n\n\n<p>O roteiro mistura praias urbanas com infraestrutura, recantos preservados e patrim\u00f4nios pouco conhecidos da hist\u00f3ria fluminense. As atra\u00e7\u00f5es principais:<\/p>\n\n\n\n<ul class=\"wp-block-list\">\n<li><strong>Praia de Costazul<\/strong>: 2,3 km de extens\u00e3o com p\u00eder de 200 m, ciclovia e o letreiro instagram\u00e1vel da cidade, ponto de encontro de surfistas e pescadores de cani\u00e7o.<\/li>\n\n\n\n<li><strong>Pra\u00e7a da Baleia<\/strong>: escultura de jubarte com 20 metros de comprimento em bronze e lat\u00e3o, considerada a maior homenagem a um cet\u00e1ceo no mundo segundo registros locais.<\/li>\n\n\n\n<li><strong>Sambaqui da Tarioba<\/strong>: museu in situ com vest\u00edgios de uma civiliza\u00e7\u00e3o de at\u00e9 4 mil anos, registrado pelo Instituto de Arqueologia Brasileira em 1967, com esqueletos, ostras gigantes e ferramentas de pedra preservados.<\/li>\n\n\n\n<li><strong>Praia da Joana<\/strong>: enseada cercada por cost\u00f5es e amendoeiras que formam sombra natural, ideal para fam\u00edlias e considerada uma das mais bonitas do <a href=\"https:\/\/www.turismo.rj.gov.br\/cidades\/rio-das-ostras\/\" target=\"_blank\" rel=\"noreferrer noopener\"><strong>Circuito de Praias<\/strong><\/a>.<\/li>\n\n\n\n<li><strong>Lagoa de Iriry<\/strong>: unidade de conserva\u00e7\u00e3o com torre-mirante de madeira de 20 metros, trilhas e quiosques, conhecida pela \u00e1gua escura rica em iodo.<\/li>\n\n\n\n<li><strong>Monumento Natural dos Cost\u00f5es Rochosos<\/strong>: faixa de rochas e praias entre a Praia da Joana e a Pra\u00e7a da Baleia, com fauna preservada e ponto privilegiado para o nascer do sol.<\/li>\n<\/ul>\n\n\n\n<p>A gastronomia gira em torno do mar, com peixe fresco vindo direto das embarca\u00e7\u00f5es da Boca da Barra e quiosques que servem sabores t\u00edpicos:<\/p>\n\n\n\n<ul class=\"wp-block-list\">\n<li><strong>Moqueca de peixe<\/strong>: servida em panela de barro nos quiosques da Praia do Centro, com leite de coco e azeite de dend\u00ea.<\/li>\n\n\n\n<li><strong>Camar\u00e3o na moranga<\/strong>: cl\u00e1ssico dos card\u00e1pios de Costazul, cremoso e servido dentro da ab\u00f3bora assada.<\/li>\n\n\n\n<li><strong>Ostras frescas<\/strong>: o ingrediente que batiza a cidade ainda aparece nos petiscos de beira de praia e em restaurantes locais.<\/li>\n\n\n\n<li><strong>A\u00e7a\u00ed com granola<\/strong>: parada obrigat\u00f3ria ap\u00f3s um dia de sol, encontrado em praticamente toda a orla.<\/li>\n<\/ul>\n\n\n\n<p>Quem deseja viajar para a <strong>Regi\u00e3o dos Lagos<\/strong>, vai curtir esse v\u00eddeo especialmente selecionado do canal <strong>De fora em Juiz de Fora<\/strong>, que conta com mais de <strong>301 mil<\/strong> visualiza\u00e7\u00f5es, onde <strong>Tati Marm<\/strong> mostra belas praias e curiosidades sobre <strong>Rio das Ostras<\/strong>:<\/p>\n\n\n\n<figure class=\"wp-block-embed is-type-video is-provider-youtube wp-block-embed-youtube wp-embed-aspect-16-9 wp-has-aspect-ratio\"><div class=\"wp-block-embed__wrapper\">\n<div class=\"jeg_video_container jeg_video_content\"><iframe loading=\"lazy\" title=\"CONHE\u00c7A RIO DAS OSTRAS RJ: Perto de Maca\u00e9, B\u00fazios e Cabo Frio - Rio de Janeiro\" width=\"500\" height=\"281\" src=\"https:\/\/www.youtube.com\/embed\/Ji9pI4uEV3Q?start=1&#038;feature=oembed\" frameborder=\"0\" allow=\"accelerometer; autoplay; clipboard-write; encrypted-media; gyroscope; picture-in-picture; web-share\" referrerpolicy=\"strict-origin-when-cross-origin\" allowfullscreen><\/iframe><\/div>\n<\/div><\/figure>\n\n\n\n<h2 class=\"wp-block-heading\">Quando o sol de 300 dias por ano favorece cada programa<\/h2>\n\n\n\n<p>O clima \u00e9 tropical \u00famido, com sol em cerca de 300 dias por ano e temperaturas amenas o ano todo, segundo a Prefeitura. A tabela abaixo organiza as condi\u00e7\u00f5es por esta\u00e7\u00e3o:<\/p>\n\n\n\n<style>\n    .clima-grid-uai104 { \n        --cor-primaria: #0278c0; --cor-secundaria: #ffd31a; --cor-txt-secundaria: #0278c0;\n        display: grid; grid-template-columns: repeat(auto-fit, minmax(190px, 1fr)); gap: 15px; justify-content: center; padding: 10px;\n    }\n    .clima-card-uai104 { border: 5px solid var(--cor-primaria); border-top: 5px solid var(--cor-secundaria); border-radius: 12px; background-color: var(--cor-primaria); background-clip: padding-box; display: flex; flex-direction: column; overflow: hidden; cursor: pointer; box-shadow: 0 6px 12px rgba(0,0,0, 0.2); transition: transform 0.2s ease, box-shadow 0.2s ease; -webkit-tap-highlight-color: transparent; user-select: none; transform: translateZ(0); animation: wmFadeIn 0.6s cubic-bezier(0.2, 0.8, 0.2, 1) backwards; }\n    .clima-card-uai104:focus-visible { outline: 3px dashed var(--cor-secundaria); outline-offset: 4px; }\n    .clima-card-uai104:nth-child(1) { animation-delay: 0.1s; } .clima-card-uai104:nth-child(2) { animation-delay: 0.2s; } .clima-card-uai104:nth-child(3) { animation-delay: 0.3s; } .clima-card-uai104:nth-child(4) { animation-delay: 0.4s; }\n    @keyframes wmFadeIn { from { opacity: 0; transform: translateY(30px); } to { opacity: 1; transform: translateY(0); } }\n    .clima-card-uai104:hover { transform: translateY(-5px); box-shadow: 0 15px 30px rgba(0,0,0, 0.3); }\n    .clima-card-uai104:active { transform: translateY(-1px) scale(0.97); box-shadow: 0 3px 6px rgba(0,0,0, 0.2); transition: transform 0.05s ease, box-shadow 0.05s ease; }\n    .clima-header-uai104 { background: #fdfbf5; padding: 15px 10px; text-align: center; display: flex; flex-direction: column; align-items: center; justify-content: center; }\n    .clima-body-uai104 { background: #ffffff; padding: 15px; display: flex; flex-direction: column; flex-grow: 1; align-items: center; }\n    .clima-destaque-uai104 { box-shadow: 0 8px 16px rgba(0,0,0, 0.25); }\n    .clima-destaque-uai104:hover { box-shadow: 0 18px 36px rgba(0,0,0, 0.35); }\n    .clima-destaque-uai104 .clima-header-uai104 { background: var(--cor-secundaria); }\n    .clima-destaque-uai104 .clima-header-uai104 .clima-titulo-uai104 { color: var(--cor-txt-secundaria) !important; } \n    .clima-pill-uai104 { display: flex; white-space: normal; max-width: 100%; box-sizing: border-box; justify-content: center; align-items: center; text-align: center; background: #e6f2fa; color: var(--cor-primaria); font-size: 11px; font-weight: 900 !important; letter-spacing: 0.5px; padding: 8px 16px; border-radius: 16px; text-transform: uppercase; line-height: 1.4; box-shadow: 0 4px 8px rgba(0,0,0, 0.15); margin-top: auto; transition: transform 0.2s ease; }\n    .clima-destaque-uai104 .clima-pill-uai104 { background: var(--cor-primaria); color: #ffffff; border: 1px solid #ffffff; } \n    .clima-card-uai104:hover .clima-pill-uai104 { transform: scale(1.06); }\n    .clima-pill-uai104 span { font-weight: 900 !important; color: inherit; } \n    .clima-emoji-uai104 { font-size: 24px; line-height: 1; margin-bottom: 5px; }\n    .clima-titulo-uai104 { color: var(--cor-primaria); font-size: 16px; text-transform: uppercase; margin-top: 5px; font-weight: bold; }\n    .clima-mes-uai104 { font-size: 11px; font-weight: 800; color: var(--cor-primaria); text-transform: uppercase; margin-bottom: 5px; display: block; }\n    .clima-temp-uai104 { font-size: 26px; font-weight: 900; color: var(--cor-primaria); margin-bottom: 10px; }\n    .clima-desc-uai104 { font-size: 13px; color: #444; text-align: center; line-height: 1.5; margin-bottom: 15px; flex-grow: 1;}\n    .clima-desc-uai104 strong { color: #111; }\n    @media (prefers-color-scheme: dark) {\n        .clima-card-uai104 { border-color: #014f7d; background-color: #014f7d; box-shadow: 0 6px 12px rgba(0,0,0, 0.5); }\n        .clima-header-uai104 { background: #1a1a1a; } .clima-body-uai104 { background: #121212; }\n        .clima-destaque-uai104 .clima-header-uai104 { background: var(--cor-secundaria); }\n        .clima-destaque-uai104 .clima-header-uai104 .clima-titulo-uai104 { color: var(--cor-txt-secundaria) !important; }\n        .clima-titulo-uai104 { color: #63b2e8; } .clima-mes-uai104 { color: #63b2e8; } .clima-temp-uai104 { color: #63b2e8; } .clima-desc-uai104 { color: #cccccc; } .clima-desc-uai104 strong { color: #ffffff; }\n        .clima-pill-uai104 { background: #014f7d; color: #ffffff; box-shadow: 0 4px 8px rgba(0, 0, 0, 0.5); }\n        .clima-destaque-uai104 .clima-pill-uai104 { background: #013859; color: #ffffff; border-color: #63b2e8; }\n    }\n<\/style>\n<div class=\"google-auto-ads-ignore clima-grid-uai104\" style=\"box-sizing: border-box; width: 100%; max-width: 980px; margin: 30px auto; font-family: 'Segoe UI', Roboto, Helvetica, Arial, sans-serif;\">\n    <div class=\"clima-card-uai104\" tabindex=\"0\">\n        <div class=\"clima-header-uai104\"><div class=\"clima-emoji-uai104\" aria-hidden=\"true\">\ud83c\udfc4<\/div><div class=\"clima-titulo-uai104\">Ver\u00e3o<\/div><\/div>\n        <div class=\"clima-body-uai104\">\n            <time class=\"clima-mes-uai104\">Dezembro a fevereiro<\/time><div class=\"clima-temp-uai104\">22\u00b0C a 32\u00b0C<\/div>\n            <div class=\"clima-desc-uai104\">Com sol em cerca de 300 dias por ano, o ver\u00e3o carioca enche a orla. \u00c9 o melhor per\u00edodo para pegar as <strong>praias e curtir os esportes aqu\u00e1ticos<\/strong>.<\/div>\n            <div class=\"clima-pill-uai104\"><span>\u2614 Chuva Alta<\/span><\/div>\n        <\/div>\n    <\/div>\n    <div class=\"clima-card-uai104\" tabindex=\"0\">\n        <div class=\"clima-header-uai104\"><div class=\"clima-emoji-uai104\" aria-hidden=\"true\">\ud83e\udd7e<\/div><div class=\"clima-titulo-uai104\">Outono<\/div><\/div>\n        <div class=\"clima-body-uai104\">\n            <time class=\"clima-mes-uai104\">Mar\u00e7o a maio<\/time><div class=\"clima-temp-uai104\">20\u00b0C a 29\u00b0C<\/div>\n            <div class=\"clima-desc-uai104\">As precipita\u00e7\u00f5es e o calor diminuem. Um \u00f3timo clima para aproveitar a natureza espetacular atrav\u00e9s das <strong>trilhas e dos imensos Cost\u00f5es Rochosos<\/strong>.<\/div>\n            <div class=\"clima-pill-uai104\"><span>\u2601\ufe0f Chuva M\u00e9dia<\/span><\/div>\n        <\/div>\n    <\/div>\n    <div class=\"clima-card-uai104 clima-destaque-uai104\" tabindex=\"0\">\n        <div class=\"clima-header-uai104\"><div class=\"clima-emoji-uai104\" aria-hidden=\"true\">\ud83c\udfb7<\/div><div class=\"clima-titulo-uai104\">Inverno<\/div><\/div>\n        <div class=\"clima-body-uai104\">\n            <time class=\"clima-mes-uai104\">Junho a agosto<\/time><div class=\"clima-temp-uai104\">17\u00b0C a 26\u00b0C<\/div>\n            <div class=\"clima-desc-uai104\">O \u00e1pice cultural e musical! A cidade fervilha com baixo \u00edndice de chuvas para receber o gigantesco e tradicional <strong>Jazz &#038; Blues Festival<\/strong>.<\/div>\n            <div class=\"clima-pill-uai104\"><span>\u2b50 Alta Temporada \/ Festival<\/span><\/div>\n        <\/div>\n    <\/div>\n    <div class=\"clima-card-uai104\" tabindex=\"0\">\n        <div class=\"clima-header-uai104\"><div class=\"clima-emoji-uai104\" aria-hidden=\"true\">\ud83d\udc1a<\/div><div class=\"clima-titulo-uai104\">Primavera<\/div><\/div>\n        <div class=\"clima-body-uai104\">\n            <time class=\"clima-mes-uai104\">Setembro a novembro<\/time><div class=\"clima-temp-uai104\">19\u00b0C a 28\u00b0C<\/div>\n            <div class=\"clima-desc-uai104\">As temperaturas e chuvas voltam a subir lentamente. Excelente fase hist\u00f3rica para desbravar o raro s\u00edtio do <strong>Sambaqui e o centro hist\u00f3rico<\/strong>.<\/div>\n            <div class=\"clima-pill-uai104\"><span>\u2601\ufe0f Chuva M\u00e9dia<\/span><\/div>\n        <\/div>\n    <\/div>\n<\/div>\n\n\n\n<p><em>Temperaturas aproximadas com base no <a href=\"https:\/\/www.climatempo.com.br\/previsao-do-tempo\/cidade\/320\/riodasostras-rj\" target=\"_blank\" rel=\"noreferrer noopener\"><strong>Climatempo<\/strong><\/a>. Condi\u00e7\u00f5es podem variar.<\/em><\/p>\n\n\n\n<p>O Rio das Ostras Jazz &amp; Blues Festival acontece anualmente no feriado de Corpus Christi, em maio ou junho, com shows gratuitos distribu\u00eddos em cinco palcos ao ar livre. O evento j\u00e1 acumulou cerca de 600 shows em duas d\u00e9cadas e foi citado pela revista americana DownBeat entre os melhores do mundo no g\u00eanero.<\/p>\n\n\n\n<h2 class=\"wp-block-heading\">Como chegar \u00e0 cidade entre B\u00fazios e Maca\u00e9<\/h2>\n\n\n\n<p>O acesso principal \u00e9 pela <strong>BR-101<\/strong> seguida da <strong>RJ-106 (Rodovia Amaral Peixoto)<\/strong>, rec\u00e9m duplicada, em cerca de 2h30 a 3h saindo da capital. <strong>Rio das Ostras<\/strong> fica entre <strong>Casimiro de Abreu<\/strong> e <strong>Maca\u00e9<\/strong>, a 43 km de <strong>B\u00fazios<\/strong> e a 27 km do munic\u00edpio conhecido como capital brasileira do petr\u00f3leo.<\/p>\n\n\n\n<p>Quem vem de avi\u00e3o desembarca no Aeroporto Internacional do Rio de Janeiro Gale\u00e3o e segue de carro ou \u00f4nibus pela rodovi\u00e1ria Novo Rio. H\u00e1 linhas diretas de \u00f4nibus interestaduais e a op\u00e7\u00e3o do Aeroporto de Maca\u00e9, mais pr\u00f3ximo, que opera voos regionais.<\/p>\n\n\n\n<h2 class=\"wp-block-heading\">O Brasil precisa visitar a Costa do Sol fluminense<\/h2>\n\n\n\n<p>Rio das Ostras combina o que muitos balne\u00e1rios fluminenses prometem mas poucos entregam: 28 km de litoral preservado, infraestrutura urbana real, oportunidade econ\u00f4mica via Bacia de Campos e ainda uma agenda cultural que coloca a cidade no mapa internacional do jazz. A 170 km da capital, \u00e9 alternativa concreta \u00e0s vizinhas mais lotadas como <strong>Cabo Frio<\/strong>, <strong>B\u00fazios<\/strong> e <strong>Arraial do Cabo<\/strong>.<\/p>\n\n\n\n<p>Voc\u00ea precisa conhecer Rio das Ostras e entender por que tantas fam\u00edlias est\u00e3o trocando o ritmo das praias mais badaladas pelo sol e pelas 15 enseadas da cidade que mais cresce no norte fluminense.<\/p>\n","protected":false},"excerpt":{"rendered":"<p>A 170 km da capital fluminense pela Rodovia Amaral Peixoto, Rio das Ostras recebe quem chega com 28 km de litoral e 15 praias distribu\u00eddas pela costa. A cidade saltou de 105 mil para 156 mil habitantes entre 2010 e 2022, segundo o Censo do Instituto Brasileiro de Geografia e Estat\u00edstica (IBGE), e foi o [&hellip;]<\/p>\n","protected":false},"author":14,"featured_media":127617,"comment_status":"open","ping_status":"open","sticky":false,"template":"","format":"standard","meta":{"jnews-multi-image_gallery":[],"jnews_single_post":{"format":"standard"},"jnews_primary_category":[],"jnews_social_meta":[],"jnews_override_counter":[],"footnotes":""},"categories":[210],"tags":[234,18274,346],"class_list":["post-127457","post","type-post","status-publish","format-standard","has-post-thumbnail","hentry","category-cidades","tag-cidades","tag-rio-das-ostras","tag-rio-de-janeiro"],"yoast_head":"<!-- This site is optimized with the Yoast SEO plugin v26.5 - https:\/\/yoast.com\/wordpress\/plugins\/seo\/ -->\n<title>Essa cidade cresceu 48% e tem 15 praias com sol 300 dias por ano e a 3\u00aa melhor qualidade de vida do estado - UAI Not\u00edcias<\/title>\n<meta name=\"description\" content=\"Com crescimento de 48% e 15 praias ensolaradas, esta cidade \u00e9 destaque em qualidade de vida no Rio de Janeiro. Veja todos os detalhes.\" \/>\n<meta name=\"robots\" content=\"index, follow, max-snippet:-1, max-image-preview:large, max-video-preview:-1\" \/>\n<link rel=\"canonical\" href=\"https:\/\/www.uai.com.br\/uainoticias\/2026\/04\/27\/essa-cidade-cresceu-48-e-tem-15-praias-com-sol-300-dias-por-ano-e-a-3a-melhor-qualidade-de-vida-do-estado\/\" \/>\n<meta property=\"og:locale\" content=\"pt_BR\" \/>\n<meta property=\"og:type\" content=\"article\" \/>\n<meta property=\"og:title\" content=\"Essa cidade cresceu 48% e tem 15 praias com sol 300 dias por ano e a 3\u00aa melhor qualidade de vida do estado - UAI Not\u00edcias\" \/>\n<meta property=\"og:description\" content=\"Com crescimento de 48% e 15 praias ensolaradas, esta cidade \u00e9 destaque em qualidade de vida no Rio de Janeiro. Veja todos os detalhes.\" \/>\n<meta property=\"og:url\" content=\"https:\/\/www.uai.com.br\/uainoticias\/2026\/04\/27\/essa-cidade-cresceu-48-e-tem-15-praias-com-sol-300-dias-por-ano-e-a-3a-melhor-qualidade-de-vida-do-estado\/\" \/>\n<meta property=\"og:site_name\" content=\"UAI Not\u00edcias\" \/>\n<meta property=\"article:published_time\" content=\"2026-04-28T02:45:00+00:00\" \/>\n<meta property=\"og:image\" content=\"https:\/\/www.uai.com.br\/uainoticias\/wp-content\/uploads\/2026\/04\/Family_enjoying_beach_202604260847.jpg\" \/>\n\t<meta property=\"og:image:width\" content=\"1280\" \/>\n\t<meta property=\"og:image:height\" content=\"720\" \/>\n\t<meta property=\"og:image:type\" content=\"image\/jpeg\" \/>\n<meta name=\"author\" content=\"Vitor Bruno\" \/>\n<meta name=\"twitter:card\" content=\"summary_large_image\" \/>\n<meta name=\"twitter:label1\" content=\"Escrito por\" \/>\n\t<meta name=\"twitter:data1\" content=\"Vitor Bruno\" \/>\n\t<meta name=\"twitter:label2\" content=\"Est. tempo de leitura\" \/>\n\t<meta name=\"twitter:data2\" content=\"7 minutos\" \/>\n<!-- \/ Yoast SEO plugin. -->","yoast_head_json":{"title":"Essa cidade cresceu 48% e tem 15 praias com sol 300 dias por ano e a 3\u00aa melhor qualidade de vida do estado - UAI Not\u00edcias","description":"Com crescimento de 48% e 15 praias ensolaradas, esta cidade \u00e9 destaque em qualidade de vida no Rio de Janeiro. Veja todos os detalhes.","robots":{"index":"index","follow":"follow","max-snippet":"max-snippet:-1","max-image-preview":"max-image-preview:large","max-video-preview":"max-video-preview:-1"},"canonical":"https:\/\/www.uai.com.br\/uainoticias\/2026\/04\/27\/essa-cidade-cresceu-48-e-tem-15-praias-com-sol-300-dias-por-ano-e-a-3a-melhor-qualidade-de-vida-do-estado\/","og_locale":"pt_BR","og_type":"article","og_title":"Essa cidade cresceu 48% e tem 15 praias com sol 300 dias por ano e a 3\u00aa melhor qualidade de vida do estado - UAI Not\u00edcias","og_description":"Com crescimento de 48% e 15 praias ensolaradas, esta cidade \u00e9 destaque em qualidade de vida no Rio de Janeiro. Veja todos os detalhes.","og_url":"https:\/\/www.uai.com.br\/uainoticias\/2026\/04\/27\/essa-cidade-cresceu-48-e-tem-15-praias-com-sol-300-dias-por-ano-e-a-3a-melhor-qualidade-de-vida-do-estado\/","og_site_name":"UAI Not\u00edcias","article_published_time":"2026-04-28T02:45:00+00:00","og_image":[{"width":1280,"height":720,"url":"https:\/\/www.uai.com.br\/uainoticias\/wp-content\/uploads\/2026\/04\/Family_enjoying_beach_202604260847.jpg","type":"image\/jpeg"}],"author":"Vitor Bruno","twitter_card":"summary_large_image","twitter_misc":{"Escrito por":"Vitor Bruno","Est. tempo de leitura":"7 minutos"},"schema":{"@context":"https:\/\/schema.org","@graph":[{"@type":"WebPage","@id":"https:\/\/www.uai.com.br\/uainoticias\/2026\/04\/27\/essa-cidade-cresceu-48-e-tem-15-praias-com-sol-300-dias-por-ano-e-a-3a-melhor-qualidade-de-vida-do-estado\/","url":"https:\/\/www.uai.com.br\/uainoticias\/2026\/04\/27\/essa-cidade-cresceu-48-e-tem-15-praias-com-sol-300-dias-por-ano-e-a-3a-melhor-qualidade-de-vida-do-estado\/","name":"Essa cidade cresceu 48% e tem 15 praias com sol 300 dias por ano e a 3\u00aa melhor qualidade de vida do estado - UAI Not\u00edcias","isPartOf":{"@id":"https:\/\/www.uai.com.br\/uainoticias\/#website"},"primaryImageOfPage":{"@id":"https:\/\/www.uai.com.br\/uainoticias\/2026\/04\/27\/essa-cidade-cresceu-48-e-tem-15-praias-com-sol-300-dias-por-ano-e-a-3a-melhor-qualidade-de-vida-do-estado\/#primaryimage"},"image":{"@id":"https:\/\/www.uai.com.br\/uainoticias\/2026\/04\/27\/essa-cidade-cresceu-48-e-tem-15-praias-com-sol-300-dias-por-ano-e-a-3a-melhor-qualidade-de-vida-do-estado\/#primaryimage"},"thumbnailUrl":"https:\/\/www.uai.com.br\/uainoticias\/wp-content\/uploads\/2026\/04\/Family_enjoying_beach_202604260847.jpg","datePublished":"2026-04-28T02:45:00+00:00","author":{"@id":"https:\/\/www.uai.com.br\/uainoticias\/#\/schema\/person\/03130d752d0ce4e3bb0f607f1bc85084"},"description":"Com crescimento de 48% e 15 praias ensolaradas, esta cidade \u00e9 destaque em qualidade de vida no Rio de Janeiro. Veja todos os detalhes.","breadcrumb":{"@id":"https:\/\/www.uai.com.br\/uainoticias\/2026\/04\/27\/essa-cidade-cresceu-48-e-tem-15-praias-com-sol-300-dias-por-ano-e-a-3a-melhor-qualidade-de-vida-do-estado\/#breadcrumb"},"inLanguage":"pt-BR","potentialAction":[{"@type":"ReadAction","target":["https:\/\/www.uai.com.br\/uainoticias\/2026\/04\/27\/essa-cidade-cresceu-48-e-tem-15-praias-com-sol-300-dias-por-ano-e-a-3a-melhor-qualidade-de-vida-do-estado\/"]}]},{"@type":"ImageObject","inLanguage":"pt-BR","@id":"https:\/\/www.uai.com.br\/uainoticias\/2026\/04\/27\/essa-cidade-cresceu-48-e-tem-15-praias-com-sol-300-dias-por-ano-e-a-3a-melhor-qualidade-de-vida-do-estado\/#primaryimage","url":"https:\/\/www.uai.com.br\/uainoticias\/wp-content\/uploads\/2026\/04\/Family_enjoying_beach_202604260847.jpg","contentUrl":"https:\/\/www.uai.com.br\/uainoticias\/wp-content\/uploads\/2026\/04\/Family_enjoying_beach_202604260847.jpg","width":1280,"height":720,"caption":"Essa cidade cresceu 48% e tem 15 praias com sol 300 dias por ano e a 3\u00aa melhor qualidade de vida do estado \/\/ IMAGEM ILUSTRATIVA"},{"@type":"BreadcrumbList","@id":"https:\/\/www.uai.com.br\/uainoticias\/2026\/04\/27\/essa-cidade-cresceu-48-e-tem-15-praias-com-sol-300-dias-por-ano-e-a-3a-melhor-qualidade-de-vida-do-estado\/#breadcrumb","itemListElement":[{"@type":"ListItem","position":1,"name":"In\u00edcio","item":"https:\/\/www.uai.com.br\/uainoticias\/"},{"@type":"ListItem","position":2,"name":"Essa cidade cresceu 48% e tem 15 praias com sol 300 dias por ano e a 3\u00aa melhor qualidade de vida do estado"}]},{"@type":"WebSite","@id":"https:\/\/www.uai.com.br\/uainoticias\/#website","url":"https:\/\/www.uai.com.br\/uainoticias\/","name":"UAI Not\u00edcias","description":"Acompanhe as \u00faltimas not\u00edcias e fique bem informado sobre tudo o que acontece no Brasil e no mundo.","potentialAction":[{"@type":"SearchAction","target":{"@type":"EntryPoint","urlTemplate":"https:\/\/www.uai.com.br\/uainoticias\/?s={search_term_string}"},"query-input":{"@type":"PropertyValueSpecification","valueRequired":true,"valueName":"search_term_string"}}],"inLanguage":"pt-BR"},{"@type":"Person","@id":"https:\/\/www.uai.com.br\/uainoticias\/#\/schema\/person\/03130d752d0ce4e3bb0f607f1bc85084","name":"Vitor Bruno","image":{"@type":"ImageObject","inLanguage":"pt-BR","@id":"https:\/\/www.uai.com.br\/uainoticias\/#\/schema\/person\/image\/","url":"https:\/\/secure.gravatar.com\/avatar\/ab0513148053bbb80c117cdd35f8a0f2742d41eebbac321acf8df2e633d81609?s=96&d=mm&r=g","contentUrl":"https:\/\/secure.gravatar.com\/avatar\/ab0513148053bbb80c117cdd35f8a0f2742d41eebbac321acf8df2e633d81609?s=96&d=mm&r=g","caption":"Vitor Bruno"},"sameAs":["https:\/\/www.uai.com.br\/uainoticias\/"],"url":"https:\/\/www.uai.com.br\/uainoticias\/author\/vitor\/"}]}},"_links":{"self":[{"href":"https:\/\/www.uai.com.br\/uainoticias\/wp-json\/wp\/v2\/posts\/127457","targetHints":{"allow":["GET"]}}],"collection":[{"href":"https:\/\/www.uai.com.br\/uainoticias\/wp-json\/wp\/v2\/posts"}],"about":[{"href":"https:\/\/www.uai.com.br\/uainoticias\/wp-json\/wp\/v2\/types\/post"}],"author":[{"embeddable":true,"href":"https:\/\/www.uai.com.br\/uainoticias\/wp-json\/wp\/v2\/users\/14"}],"replies":[{"embeddable":true,"href":"https:\/\/www.uai.com.br\/uainoticias\/wp-json\/wp\/v2\/comments?post=127457"}],"version-history":[{"count":8,"href":"https:\/\/www.uai.com.br\/uainoticias\/wp-json\/wp\/v2\/posts\/127457\/revisions"}],"predecessor-version":[{"id":127618,"href":"https:\/\/www.uai.com.br\/uainoticias\/wp-json\/wp\/v2\/posts\/127457\/revisions\/127618"}],"wp:featuredmedia":[{"embeddable":true,"href":"https:\/\/www.uai.com.br\/uainoticias\/wp-json\/wp\/v2\/media\/127617"}],"wp:attachment":[{"href":"https:\/\/www.uai.com.br\/uainoticias\/wp-json\/wp\/v2\/media?parent=127457"}],"wp:term":[{"taxonomy":"category","embeddable":true,"href":"https:\/\/www.uai.com.br\/uainoticias\/wp-json\/wp\/v2\/categories?post=127457"},{"taxonomy":"post_tag","embeddable":true,"href":"https:\/\/www.uai.com.br\/uainoticias\/wp-json\/wp\/v2\/tags?post=127457"}],"curies":[{"name":"wp","href":"https:\/\/api.w.org\/{rel}","templated":true}]}}