{"id":127456,"date":"2026-04-27T23:15:00","date_gmt":"2026-04-28T02:15:00","guid":{"rendered":"https:\/\/www.uai.com.br\/uainoticias\/?p=127456"},"modified":"2026-04-26T08:41:31","modified_gmt":"2026-04-26T11:41:31","slug":"a-3a-melhor-qualidade-de-vida-do-brasil-a-capital-nacional-da-tecnologia-tem-1-doutor-para-cada-100-moradores-e-o-primeiro-parque-tecnologico-da-america-latina","status":"publish","type":"post","link":"https:\/\/www.uai.com.br\/uainoticias\/2026\/04\/27\/a-3a-melhor-qualidade-de-vida-do-brasil-a-capital-nacional-da-tecnologia-tem-1-doutor-para-cada-100-moradores-e-o-primeiro-parque-tecnologico-da-america-latina\/","title":{"rendered":"A 3\u00aa melhor qualidade de vida do Brasil: a Capital Nacional da Tecnologia tem 1 doutor para cada 100 moradores e o primeiro parque tecnol\u00f3gico da Am\u00e9rica Latina"},"content":{"rendered":"\n<p>A 230 km da capital paulista pela Rodovia Washington Lu\u00eds, <strong>S\u00e3o Carlos<\/strong> recebe quem chega a 856 metros de altitude. A cidade concentra mais doutores por habitante do que qualquer outra da <strong>Am\u00e9rica Latina<\/strong> e oficializou o t\u00edtulo de Capital Nacional da Tecnologia por lei federal sancionada em 2011.<\/p>\n\n\n\n<h2 class=\"wp-block-heading\">Como uma cidade do caf\u00e9 virou polo de tecnologia<\/h2>\n\n\n\n<p>Fundada em 1857 pelo Conde do Pinhal durante a expans\u00e3o da cultura cafeeira no interior paulista, <strong>S\u00e3o Carlos<\/strong> recebeu a ferrovia em 1884 para escoar a produ\u00e7\u00e3o at\u00e9 o porto de Santos. Imigrantes italianos, espanh\u00f3is e s\u00edrios moldaram a identidade cultural da cidade ao longo do s\u00e9culo XIX, deixando marcas na arquitetura, na gastronomia e nos sobrenomes que ainda circulam pelo centro hist\u00f3rico.<\/p>\n\n\n\n<p>A virada veio na segunda metade do s\u00e9culo XX, com a instala\u00e7\u00e3o de dois campi da <strong>Universidade de S\u00e3o Paulo (USP)<\/strong> e da <strong>Universidade Federal de S\u00e3o Carlos (UFSCar)<\/strong>. Em 1984, o <strong>Conselho Nacional de Desenvolvimento Cient\u00edfico e Tecnol\u00f3gico (CNPq)<\/strong> criou na cidade o <strong>ParqTec<\/strong>, primeiro parque tecnol\u00f3gico da Am\u00e9rica Latina, e em outubro de 2011 a Lei Federal 12.504 oficializou o t\u00edtulo de Capital Nacional da Tecnologia.<\/p>\n\n\n<div class=\"wp-block-image\">\n<figure class=\"aligncenter size-large\"><img decoding=\"async\" width=\"1024\" height=\"576\" src=\"https:\/\/www.uai.com.br\/uainoticias\/wp-content\/uploads\/2026\/04\/ngz-Panorama_Sao_Carlos-10368-1024x576.jpg\" alt=\"\" class=\"wp-image-127541\" srcset=\"https:\/\/www.uai.com.br\/uainoticias\/wp-content\/uploads\/2026\/04\/ngz-Panorama_Sao_Carlos-10368-1024x576.jpg 1024w, https:\/\/www.uai.com.br\/uainoticias\/wp-content\/uploads\/2026\/04\/ngz-Panorama_Sao_Carlos-10368-300x169.jpg 300w, https:\/\/www.uai.com.br\/uainoticias\/wp-content\/uploads\/2026\/04\/ngz-Panorama_Sao_Carlos-10368-768x432.jpg 768w, https:\/\/www.uai.com.br\/uainoticias\/wp-content\/uploads\/2026\/04\/ngz-Panorama_Sao_Carlos-10368-750x422.jpg 750w, https:\/\/www.uai.com.br\/uainoticias\/wp-content\/uploads\/2026\/04\/ngz-Panorama_Sao_Carlos-10368-1140x641.jpg 1140w, https:\/\/www.uai.com.br\/uainoticias\/wp-content\/uploads\/2026\/04\/ngz-Panorama_Sao_Carlos-10368.jpg 1280w\" sizes=\"(max-width: 1024px) 100vw, 1024px\" \/><figcaption class=\"wp-element-caption\">S\u00e3o Carlos, S\u00e3o Paulo \/\/ Cr\u00e9ditos: Wikipedia \/ Wikimedia Commons<\/figcaption><\/figure><\/div>\n\n\n<h2 class=\"wp-block-heading\">Vale a pena viver na cidade dos doutores?<\/h2>\n\n\n\n<p>Sim, e os indicadores impressionam. Segundo apresenta\u00e7\u00e3o institucional da <a href=\"https:\/\/www.ufscar.br\/a-ufscar\/campus-sao-carlos\" target=\"_blank\" rel=\"noreferrer noopener\"><strong>Universidade Federal de S\u00e3o Carlos<\/strong><\/a>, o munic\u00edpio abriga mais de 200 empresas de base tecnol\u00f3gica, dois campi da USP, duas unidades da Embrapa, dois parques tecnol\u00f3gicos e quatro multinacionais como Faber-Castell, Volkswagen e Electrolux.<\/p>\n\n\n\n<p>No <a href=\"https:\/\/ipsbrasil.org.br\/pt\/blog\/noticias\/10\" target=\"_blank\" rel=\"noreferrer noopener\"><strong>\u00cdndice de Progresso Social Brasil<\/strong><\/a> 2024, S\u00e3o Carlos ficou em 3\u00ba lugar entre todos os munic\u00edpios brasileiros, atr\u00e1s apenas de Gavi\u00e3o Peixoto e Bras\u00edlia. O \u00cdndice de Desenvolvimento Humano Municipal de 0,805 \u00e9 classificado como muito alto pelo <strong>Programa das Na\u00e7\u00f5es Unidas para o Desenvolvimento<\/strong>, colocando a cidade entre as melhores do <strong>Brasil<\/strong> nesse indicador. Pesquisa do professor Hamilton Varela, do <a href=\"https:\/\/saocarlos.usp.br\/a-cidade-de-sao-carlos\/\" target=\"_blank\" rel=\"noreferrer noopener\"><strong>Instituto de Qu\u00edmica de S\u00e3o Carlos da USP<\/strong><\/a>, contabilizou mais de 2.530 doutores em uma popula\u00e7\u00e3o de cerca de 250 mil habitantes, propor\u00e7\u00e3o dez vezes acima da m\u00e9dia nacional.<\/p>\n\n\n<div class=\"wp-block-image\">\n<figure class=\"aligncenter size-large\"><img decoding=\"async\" width=\"1024\" height=\"576\" src=\"https:\/\/www.uai.com.br\/uainoticias\/wp-content\/uploads\/2026\/04\/ngz-Panorama_Sao_Carlos-2-69082-1024x576.jpg\" alt=\"\" class=\"wp-image-127538\" srcset=\"https:\/\/www.uai.com.br\/uainoticias\/wp-content\/uploads\/2026\/04\/ngz-Panorama_Sao_Carlos-2-69082-1024x576.jpg 1024w, https:\/\/www.uai.com.br\/uainoticias\/wp-content\/uploads\/2026\/04\/ngz-Panorama_Sao_Carlos-2-69082-300x169.jpg 300w, https:\/\/www.uai.com.br\/uainoticias\/wp-content\/uploads\/2026\/04\/ngz-Panorama_Sao_Carlos-2-69082-768x432.jpg 768w, https:\/\/www.uai.com.br\/uainoticias\/wp-content\/uploads\/2026\/04\/ngz-Panorama_Sao_Carlos-2-69082-750x422.jpg 750w, https:\/\/www.uai.com.br\/uainoticias\/wp-content\/uploads\/2026\/04\/ngz-Panorama_Sao_Carlos-2-69082-1140x641.jpg 1140w, https:\/\/www.uai.com.br\/uainoticias\/wp-content\/uploads\/2026\/04\/ngz-Panorama_Sao_Carlos-2-69082.jpg 1280w\" sizes=\"(max-width: 1024px) 100vw, 1024px\" \/><figcaption class=\"wp-element-caption\">S\u00e3o Carlos, S\u00e3o Paulo \/\/ Cr\u00e9ditos: Wikipedia \/ Wikimedia Commons<\/figcaption><\/figure><\/div>\n\n\n<p><strong>Leia tamb\u00e9m: <a href=\"https:\/\/www.uai.com.br\/uainoticias\/2026\/04\/25\/essa-cidade-nordestina-esta-em-alta-447-mais-estrangeiros-escolheram-esse-paraiso-de-mar-morno-e-brisa-perfeita\/\" target=\"_blank\" rel=\"noreferrer noopener\">Essa cidade nordestina est\u00e1 em alta: 44,7% mais estrangeiros escolheram esse para\u00edso de mar morno e brisa perfeita<\/a><\/strong><\/p>\n\n\n\n<h2 class=\"wp-block-heading\">O que fazer entre ci\u00eancia, caf\u00e9 e arquitetura hist\u00f3rica<\/h2>\n\n\n\n<p>O roteiro mistura heran\u00e7a cafeeira, ci\u00eancia aberta ao p\u00fablico e parques de cerrado preservado. As principais atra\u00e7\u00f5es:<\/p>\n\n\n\n<ul class=\"wp-block-list\">\n<li><strong>Catedral de S\u00e3o Carlos Borromeu<\/strong>: marco zero da cidade em estilo ecl\u00e9tico com vitrais coloridos, considerada um dos principais patrim\u00f4nios arquitet\u00f4nicos do interior paulista.<\/li>\n\n\n\n<li><strong>Centro de Divulga\u00e7\u00e3o Cient\u00edfica e Cultural<\/strong>: espa\u00e7o da USP com experimentos interativos e observat\u00f3rio aberto ao p\u00fablico nos finais de semana.<\/li>\n\n\n\n<li><strong>Parque Ecol\u00f3gico Dr. Ant\u00f4nio Teixeira Vianna<\/strong>: 76 hectares de trilhas, lagos e fauna nativa em reserva ambiental no per\u00edmetro urbano.<\/li>\n\n\n\n<li><strong>Palacete Conde do Pinhal<\/strong>: resid\u00eancia hist\u00f3rica do fundador da cidade, com arquitetura do final do s\u00e9culo XIX e acervo do per\u00edodo cafeeiro.<\/li>\n\n\n\n<li><strong>Museu da Ci\u00eancia Prof. Mario Tolentino<\/strong>: espa\u00e7o com mais de 100 experimentos voltados a estudantes e visitantes interessados em ci\u00eancia aplicada.<\/li>\n\n\n\n<li><strong>Antiga Esta\u00e7\u00e3o Ferrovi\u00e1ria<\/strong>: pr\u00e9dio restaurado com exposi\u00e7\u00e3o sobre a hist\u00f3ria da ferrovia da regi\u00e3o e locomotiva original do per\u00edodo cafeeiro.<\/li>\n<\/ul>\n\n\n\n<p>A gastronomia reflete a forte presen\u00e7a italiana e a cultura universit\u00e1ria que movimenta a cidade durante o ano:<\/p>\n\n\n\n<ul class=\"wp-block-list\">\n<li><strong>Cantinas italianas<\/strong>: receitas tradicionais herdadas dos imigrantes do final do s\u00e9culo XIX, concentradas no centro e em bairros tradicionais como Vila Prado.<\/li>\n\n\n\n<li><strong>Mercado Municipal Ant\u00f4nio Massei<\/strong>: ponto tradicional no centro hist\u00f3rico para provar produtos regionais, queijos artesanais e doces caseiros.<\/li>\n\n\n\n<li><strong>Caf\u00e9s especiais<\/strong>: a regi\u00e3o \u00e9 tradicional produtora de caf\u00e9 desde o s\u00e9culo XIX, com cafeterias que servem gr\u00e3os torrados localmente.<\/li>\n\n\n\n<li><strong>Comida universit\u00e1ria<\/strong>: ruas pr\u00f3ximas \u00e0 USP e \u00e0 UFSCar concentram bote\u0441os, lanchonetes e bares com card\u00e1pios acess\u00edveis frequentados pela comunidade acad\u00eamica.<\/li>\n<\/ul>\n\n\n\n<p>Quem deseja morar no <strong>interior de S\u00e3o Paulo<\/strong>, vai curtir esse v\u00eddeo especialmente selecionado do canal <strong>MAIS 50<\/strong>, que conta com mais de <strong>64 mil<\/strong> visualiza\u00e7\u00f5es, onde o apresentador mostra as vantagens e desafios de viver em <strong>S\u00e3o Carlos<\/strong>:<\/p>\n\n\n\n<figure class=\"wp-block-embed is-type-video is-provider-youtube wp-block-embed-youtube wp-embed-aspect-16-9 wp-has-aspect-ratio\"><div class=\"wp-block-embed__wrapper\">\n<div class=\"jeg_video_container jeg_video_content\"><iframe loading=\"lazy\" title=\"MORAR EM S\u00c3O CARLOS NO INTERIOR DE S\u00c3O PAULO\" width=\"500\" height=\"281\" src=\"https:\/\/www.youtube.com\/embed\/dn0HTre2XIA?feature=oembed\" frameborder=\"0\" allow=\"accelerometer; autoplay; clipboard-write; encrypted-media; gyroscope; picture-in-picture; web-share\" referrerpolicy=\"strict-origin-when-cross-origin\" allowfullscreen><\/iframe><\/div>\n<\/div><\/figure>\n\n\n\n<h2 class=\"wp-block-heading\">Quando o clima da Cidade do Clima ajuda cada passeio<\/h2>\n\n\n\n<p>O clima \u00e9 tropical de altitude, com m\u00e9dias anuais em torno de 22\u00b0C e esta\u00e7\u00f5es bem definidas. A altitude de 856 metros mant\u00e9m as noites mais amenas que nas cidades vizinhas. A tabela abaixo organiza as condi\u00e7\u00f5es por esta\u00e7\u00e3o:<\/p>\n\n\n\n<style>\n    .clima-grid-uai103 { \n        --cor-primaria: #0278c0; --cor-secundaria: #ffd31a; --cor-txt-secundaria: #0278c0;\n        display: grid; grid-template-columns: repeat(auto-fit, minmax(190px, 1fr)); gap: 15px; justify-content: center; padding: 10px;\n    }\n    .clima-card-uai103 { border: 5px solid var(--cor-primaria); border-top: 5px solid var(--cor-secundaria); border-radius: 12px; background-color: var(--cor-primaria); background-clip: padding-box; display: flex; flex-direction: column; overflow: hidden; cursor: pointer; box-shadow: 0 6px 12px rgba(0,0,0, 0.2); transition: transform 0.2s ease, box-shadow 0.2s ease; -webkit-tap-highlight-color: transparent; user-select: none; transform: translateZ(0); animation: wmFadeIn 0.6s cubic-bezier(0.2, 0.8, 0.2, 1) backwards; }\n    .clima-card-uai103:focus-visible { outline: 3px dashed var(--cor-secundaria); outline-offset: 4px; }\n    .clima-card-uai103:nth-child(1) { animation-delay: 0.1s; } .clima-card-uai103:nth-child(2) { animation-delay: 0.2s; } .clima-card-uai103:nth-child(3) { animation-delay: 0.3s; } .clima-card-uai103:nth-child(4) { animation-delay: 0.4s; }\n    @keyframes wmFadeIn { from { opacity: 0; transform: translateY(30px); } to { opacity: 1; transform: translateY(0); } }\n    .clima-card-uai103:hover { transform: translateY(-5px); box-shadow: 0 15px 30px rgba(0,0,0, 0.3); }\n    .clima-card-uai103:active { transform: translateY(-1px) scale(0.97); box-shadow: 0 3px 6px rgba(0,0,0, 0.2); transition: transform 0.05s ease, box-shadow 0.05s ease; }\n    .clima-header-uai103 { background: #fdfbf5; padding: 15px 10px; text-align: center; display: flex; flex-direction: column; align-items: center; justify-content: center; }\n    .clima-body-uai103 { background: #ffffff; padding: 15px; display: flex; flex-direction: column; flex-grow: 1; align-items: center; }\n    .clima-destaque-uai103 { box-shadow: 0 8px 16px rgba(0,0,0, 0.25); }\n    .clima-destaque-uai103:hover { box-shadow: 0 18px 36px rgba(0,0,0, 0.35); }\n    .clima-destaque-uai103 .clima-header-uai103 { background: var(--cor-secundaria); }\n    .clima-destaque-uai103 .clima-header-uai103 .clima-titulo-uai103 { color: var(--cor-txt-secundaria) !important; } \n    .clima-pill-uai103 { display: flex; white-space: normal; max-width: 100%; box-sizing: border-box; justify-content: center; align-items: center; text-align: center; background: #e6f2fa; color: var(--cor-primaria); font-size: 11px; font-weight: 900 !important; letter-spacing: 0.5px; padding: 8px 16px; border-radius: 16px; text-transform: uppercase; line-height: 1.4; box-shadow: 0 4px 8px rgba(0,0,0, 0.15); margin-top: auto; transition: transform 0.2s ease; }\n    .clima-destaque-uai103 .clima-pill-uai103 { background: var(--cor-primaria); color: #ffffff; border: 1px solid #ffffff; } \n    .clima-card-uai103:hover .clima-pill-uai103 { transform: scale(1.06); }\n    .clima-pill-uai103 span { font-weight: 900 !important; color: inherit; } \n    .clima-emoji-uai103 { font-size: 24px; line-height: 1; margin-bottom: 5px; }\n    .clima-titulo-uai103 { color: var(--cor-primaria); font-size: 16px; text-transform: uppercase; margin-top: 5px; font-weight: bold; }\n    .clima-mes-uai103 { font-size: 11px; font-weight: 800; color: var(--cor-primaria); text-transform: uppercase; margin-bottom: 5px; display: block; }\n    .clima-temp-uai103 { font-size: 26px; font-weight: 900; color: var(--cor-primaria); margin-bottom: 10px; }\n    .clima-desc-uai103 { font-size: 13px; color: #444; text-align: center; line-height: 1.5; margin-bottom: 15px; flex-grow: 1;}\n    .clima-desc-uai103 strong { color: #111; }\n    @media (prefers-color-scheme: dark) {\n        .clima-card-uai103 { border-color: #014f7d; background-color: #014f7d; box-shadow: 0 6px 12px rgba(0,0,0, 0.5); }\n        .clima-header-uai103 { background: #1a1a1a; } .clima-body-uai103 { background: #121212; }\n        .clima-destaque-uai103 .clima-header-uai103 { background: var(--cor-secundaria); }\n        .clima-destaque-uai103 .clima-header-uai103 .clima-titulo-uai103 { color: var(--cor-txt-secundaria) !important; }\n        .clima-titulo-uai103 { color: #63b2e8; } .clima-mes-uai103 { color: #63b2e8; } .clima-temp-uai103 { color: #63b2e8; } .clima-desc-uai103 { color: #cccccc; } .clima-desc-uai103 strong { color: #ffffff; }\n        .clima-pill-uai103 { background: #014f7d; color: #ffffff; box-shadow: 0 4px 8px rgba(0, 0, 0, 0.5); }\n        .clima-destaque-uai103 .clima-pill-uai103 { background: #013859; color: #ffffff; border-color: #63b2e8; }\n    }\n<\/style>\n<div class=\"google-auto-ads-ignore clima-grid-uai103\" style=\"box-sizing: border-box; width: 100%; max-width: 980px; margin: 30px auto; font-family: 'Segoe UI', Roboto, Helvetica, Arial, sans-serif;\">\n    <div class=\"clima-card-uai103\" tabindex=\"0\">\n        <div class=\"clima-header-uai103\"><div class=\"clima-emoji-uai103\" aria-hidden=\"true\">\ud83c\udf33<\/div><div class=\"clima-titulo-uai103\">Ver\u00e3o<\/div><\/div>\n        <div class=\"clima-body-uai103\">\n            <time class=\"clima-mes-uai103\">Dezembro a fevereiro<\/time><div class=\"clima-temp-uai103\">18\u00b0C a 30\u00b0C<\/div>\n            <div class=\"clima-desc-uai103\">O clima \u00e9 quente e bem chuvoso, mas a altitude garante noites amenas. A dica para evitar tempestades \u00e9 aproveitar os deliciosos <strong>parques pela manh\u00e3<\/strong>.<\/div>\n            <div class=\"clima-pill-uai103\"><span>\u2614 Chuva Alta<\/span><\/div>\n        <\/div>\n    <\/div>\n    <div class=\"clima-card-uai103\" tabindex=\"0\">\n        <div class=\"clima-header-uai103\"><div class=\"clima-emoji-uai103\" aria-hidden=\"true\">\u26ea<\/div><div class=\"clima-titulo-uai103\">Outono<\/div><\/div>\n        <div class=\"clima-body-uai103\">\n            <time class=\"clima-mes-uai103\">Mar\u00e7o a maio<\/time><div class=\"clima-temp-uai103\">15\u00b0C a 28\u00b0C<\/div>\n            <div class=\"clima-desc-uai103\">As chuvas diminuem significativamente. Excelente oportunidade para mergulhar na arquitetura, visitando a marcante <strong>Catedral e o centro hist\u00f3rico<\/strong>.<\/div>\n            <div class=\"clima-pill-uai103\"><span>\u2601\ufe0f Chuva M\u00e9dia<\/span><\/div>\n        <\/div>\n    <\/div>\n    <div class=\"clima-card-uai103\" tabindex=\"0\">\n        <div class=\"clima-header-uai103\"><div class=\"clima-emoji-uai103\" aria-hidden=\"true\">\ud83d\udc0e<\/div><div class=\"clima-titulo-uai103\">Inverno<\/div><\/div>\n        <div class=\"clima-body-uai103\">\n            <time class=\"clima-mes-uai103\">Junho a agosto<\/time><div class=\"clima-temp-uai103\">10\u00b0C a 25\u00b0C<\/div>\n            <div class=\"clima-desc-uai103\">O frio se instaura com baix\u00edssima umidade. \u00c9poca excelente e muito segura para se conectar com a natureza nas <strong>trilhas e fazendas hist\u00f3ricas<\/strong>.<\/div>\n            <div class=\"clima-pill-uai103\"><span>\ud83c\udf92 Chuva Baixa \/ Seco<\/span><\/div>\n        <\/div>\n    <\/div>\n    <div class=\"clima-card-uai103 clima-destaque-uai103\" tabindex=\"0\">\n        <div class=\"clima-header-uai103\"><div class=\"clima-emoji-uai103\" aria-hidden=\"true\">\ud83c\udf89<\/div><div class=\"clima-titulo-uai103\">Primavera<\/div><\/div>\n        <div class=\"clima-body-uai103\">\n            <time class=\"clima-mes-uai103\">Setembro a novembro<\/time><div class=\"clima-temp-uai103\">14\u00b0C a 29\u00b0C<\/div>\n            <div class=\"clima-desc-uai103\">A &#8220;Cidade do Clima&#8221; celebra o seu \u00e1pice! Com temperaturas em eleva\u00e7\u00e3o, a cidade atrai muitos turistas para o tradicional <strong>Festival do Clima e os museus<\/strong>.<\/div>\n            <div class=\"clima-pill-uai103\"><span>\u2b50 Alta Temporada \/ Festival<\/span><\/div>\n        <\/div>\n    <\/div>\n<\/div>\n\n\n\n<p><em>Temperaturas aproximadas com base no <a href=\"https:\/\/www.climatempo.com.br\/previsao-do-tempo\/cidade\/549\/saocarlos-sp\" target=\"_blank\" rel=\"noreferrer noopener\"><strong>Climatempo<\/strong><\/a>. Condi\u00e7\u00f5es podem variar.<\/em><\/p>\n\n\n\n<p>O inverno seco \u00e9 a melhor janela para conhecer a cidade, com baixa umidade, dias ensolarados e temperaturas confort\u00e1veis para caminhar pelo centro hist\u00f3rico e visitar fazendas de caf\u00e9 da regi\u00e3o. A Festa do Clima, evento tradicional do calend\u00e1rio cultural local, costuma reunir moradores e visitantes na Pra\u00e7a Coronel Salles.<\/p>\n\n\n\n<h2 class=\"wp-block-heading\">Como chegar \u00e0 Capital da Tecnologia<\/h2>\n\n\n\n<p>O acesso principal \u00e9 pela <strong>Rodovia Washington Lu\u00eds (SP-310)<\/strong>, bem conservada e sinalizada, que liga <strong>S\u00e3o Carlos<\/strong> \u00e0 capital paulista em cerca de 2h30 a 3h de carro. Quem vem de Ribeir\u00e3o Preto percorre aproximadamente 100 km pela mesma rodovia, e <strong>Araraquara<\/strong> fica a apenas 40 km.<\/p>\n\n\n\n<p>A cidade conta com o Aeroporto Estadual M\u00e1rio Pereira Lopes, que opera voos fretados e t\u00e1xi-a\u00e9reo. Para voos regulares, o aeroporto mais pr\u00f3ximo \u00e9 o de Ribeir\u00e3o Preto. O Terminal Rodovi\u00e1rio de S\u00e3o Carlos recebe linhas frequentes saindo do Tiet\u00ea, em S\u00e3o Paulo, e de outras cidades do interior paulista.<\/p>\n\n\n\n<h2 class=\"wp-block-heading\">O Brasil precisa visitar a cidade dos cientistas<\/h2>\n\n\n\n<p>S\u00e3o Carlos \u00e9 uma daquelas cidades brasileiras em que o ritmo do interior convive com a sofistica\u00e7\u00e3o de um centro de pesquisa de alcance internacional. A combina\u00e7\u00e3o de universidades de ponta, parques generosos e qualidade de vida entre as tr\u00eas maiores do pa\u00eds faz da Capital da Tecnologia um lugar dif\u00edcil de ignorar.<\/p>\n\n\n\n<p>Voc\u00ea precisa conhecer S\u00e3o Carlos e sentir de perto o que acontece quando uma cidade inteira respira conhecimento a 856 metros de altitude.<\/p>\n","protected":false},"excerpt":{"rendered":"<p>A 230 km da capital paulista pela Rodovia Washington Lu\u00eds, S\u00e3o Carlos recebe quem chega a 856 metros de altitude. A cidade concentra mais doutores por habitante do que qualquer outra da Am\u00e9rica Latina e oficializou o t\u00edtulo de Capital Nacional da Tecnologia por lei federal sancionada em 2011. Como uma cidade do caf\u00e9 virou [&hellip;]<\/p>\n","protected":false},"author":14,"featured_media":127613,"comment_status":"open","ping_status":"open","sticky":false,"template":"","format":"standard","meta":{"jnews-multi-image_gallery":[],"jnews_single_post":{"format":"standard"},"jnews_primary_category":[],"jnews_social_meta":[],"jnews_override_counter":[],"footnotes":""},"categories":[210],"tags":[234,23489,360],"class_list":["post-127456","post","type-post","status-publish","format-standard","has-post-thumbnail","hentry","category-cidades","tag-cidades","tag-sao-carlos","tag-sao-paulo"],"yoast_head":"<!-- This site is optimized with the Yoast SEO plugin v26.5 - https:\/\/yoast.com\/wordpress\/plugins\/seo\/ -->\n<title>A 3\u00aa melhor qualidade de vida do Brasil: a Capital Nacional da Tecnologia tem 1 doutor para cada 100 moradores e o primeiro parque tecnol\u00f3gico da Am\u00e9rica Latina - UAI Not\u00edcias<\/title>\n<meta name=\"description\" content=\"A Capital Nacional da Tecnologia tem 1 doutor para cada 100 habitantes e alta qualidade de vida. Conhe\u00e7a este polo inovador.\" \/>\n<meta name=\"robots\" content=\"index, follow, max-snippet:-1, max-image-preview:large, max-video-preview:-1\" \/>\n<link rel=\"canonical\" href=\"https:\/\/www.uai.com.br\/uainoticias\/2026\/04\/27\/a-3a-melhor-qualidade-de-vida-do-brasil-a-capital-nacional-da-tecnologia-tem-1-doutor-para-cada-100-moradores-e-o-primeiro-parque-tecnologico-da-america-latina\/\" \/>\n<meta property=\"og:locale\" content=\"pt_BR\" \/>\n<meta property=\"og:type\" content=\"article\" \/>\n<meta property=\"og:title\" content=\"A 3\u00aa melhor qualidade de vida do Brasil: a Capital Nacional da Tecnologia tem 1 doutor para cada 100 moradores e o primeiro parque tecnol\u00f3gico da Am\u00e9rica Latina - UAI Not\u00edcias\" \/>\n<meta property=\"og:description\" content=\"A Capital Nacional da Tecnologia tem 1 doutor para cada 100 habitantes e alta qualidade de vida. Conhe\u00e7a este polo inovador.\" \/>\n<meta property=\"og:url\" content=\"https:\/\/www.uai.com.br\/uainoticias\/2026\/04\/27\/a-3a-melhor-qualidade-de-vida-do-brasil-a-capital-nacional-da-tecnologia-tem-1-doutor-para-cada-100-moradores-e-o-primeiro-parque-tecnologico-da-america-latina\/\" \/>\n<meta property=\"og:site_name\" content=\"UAI Not\u00edcias\" \/>\n<meta property=\"article:published_time\" content=\"2026-04-28T02:15:00+00:00\" \/>\n<meta property=\"og:image\" content=\"https:\/\/www.uai.com.br\/uainoticias\/wp-content\/uploads\/2026\/04\/Woman_walking_University_202604260840.jpg\" \/>\n\t<meta property=\"og:image:width\" content=\"1280\" \/>\n\t<meta property=\"og:image:height\" content=\"720\" \/>\n\t<meta property=\"og:image:type\" content=\"image\/jpeg\" \/>\n<meta name=\"author\" content=\"Vitor Bruno\" \/>\n<meta name=\"twitter:card\" content=\"summary_large_image\" \/>\n<meta name=\"twitter:label1\" content=\"Escrito por\" \/>\n\t<meta name=\"twitter:data1\" content=\"Vitor Bruno\" \/>\n\t<meta name=\"twitter:label2\" content=\"Est. tempo de leitura\" \/>\n\t<meta name=\"twitter:data2\" content=\"7 minutos\" \/>\n<!-- \/ Yoast SEO plugin. -->","yoast_head_json":{"title":"A 3\u00aa melhor qualidade de vida do Brasil: a Capital Nacional da Tecnologia tem 1 doutor para cada 100 moradores e o primeiro parque tecnol\u00f3gico da Am\u00e9rica Latina - UAI Not\u00edcias","description":"A Capital Nacional da Tecnologia tem 1 doutor para cada 100 habitantes e alta qualidade de vida. Conhe\u00e7a este polo inovador.","robots":{"index":"index","follow":"follow","max-snippet":"max-snippet:-1","max-image-preview":"max-image-preview:large","max-video-preview":"max-video-preview:-1"},"canonical":"https:\/\/www.uai.com.br\/uainoticias\/2026\/04\/27\/a-3a-melhor-qualidade-de-vida-do-brasil-a-capital-nacional-da-tecnologia-tem-1-doutor-para-cada-100-moradores-e-o-primeiro-parque-tecnologico-da-america-latina\/","og_locale":"pt_BR","og_type":"article","og_title":"A 3\u00aa melhor qualidade de vida do Brasil: a Capital Nacional da Tecnologia tem 1 doutor para cada 100 moradores e o primeiro parque tecnol\u00f3gico da Am\u00e9rica Latina - UAI Not\u00edcias","og_description":"A Capital Nacional da Tecnologia tem 1 doutor para cada 100 habitantes e alta qualidade de vida. Conhe\u00e7a este polo inovador.","og_url":"https:\/\/www.uai.com.br\/uainoticias\/2026\/04\/27\/a-3a-melhor-qualidade-de-vida-do-brasil-a-capital-nacional-da-tecnologia-tem-1-doutor-para-cada-100-moradores-e-o-primeiro-parque-tecnologico-da-america-latina\/","og_site_name":"UAI Not\u00edcias","article_published_time":"2026-04-28T02:15:00+00:00","og_image":[{"width":1280,"height":720,"url":"https:\/\/www.uai.com.br\/uainoticias\/wp-content\/uploads\/2026\/04\/Woman_walking_University_202604260840.jpg","type":"image\/jpeg"}],"author":"Vitor Bruno","twitter_card":"summary_large_image","twitter_misc":{"Escrito por":"Vitor Bruno","Est. tempo de leitura":"7 minutos"},"schema":{"@context":"https:\/\/schema.org","@graph":[{"@type":"WebPage","@id":"https:\/\/www.uai.com.br\/uainoticias\/2026\/04\/27\/a-3a-melhor-qualidade-de-vida-do-brasil-a-capital-nacional-da-tecnologia-tem-1-doutor-para-cada-100-moradores-e-o-primeiro-parque-tecnologico-da-america-latina\/","url":"https:\/\/www.uai.com.br\/uainoticias\/2026\/04\/27\/a-3a-melhor-qualidade-de-vida-do-brasil-a-capital-nacional-da-tecnologia-tem-1-doutor-para-cada-100-moradores-e-o-primeiro-parque-tecnologico-da-america-latina\/","name":"A 3\u00aa melhor qualidade de vida do Brasil: a Capital Nacional da Tecnologia tem 1 doutor para cada 100 moradores e o primeiro parque tecnol\u00f3gico da Am\u00e9rica Latina - UAI Not\u00edcias","isPartOf":{"@id":"https:\/\/www.uai.com.br\/uainoticias\/#website"},"primaryImageOfPage":{"@id":"https:\/\/www.uai.com.br\/uainoticias\/2026\/04\/27\/a-3a-melhor-qualidade-de-vida-do-brasil-a-capital-nacional-da-tecnologia-tem-1-doutor-para-cada-100-moradores-e-o-primeiro-parque-tecnologico-da-america-latina\/#primaryimage"},"image":{"@id":"https:\/\/www.uai.com.br\/uainoticias\/2026\/04\/27\/a-3a-melhor-qualidade-de-vida-do-brasil-a-capital-nacional-da-tecnologia-tem-1-doutor-para-cada-100-moradores-e-o-primeiro-parque-tecnologico-da-america-latina\/#primaryimage"},"thumbnailUrl":"https:\/\/www.uai.com.br\/uainoticias\/wp-content\/uploads\/2026\/04\/Woman_walking_University_202604260840.jpg","datePublished":"2026-04-28T02:15:00+00:00","author":{"@id":"https:\/\/www.uai.com.br\/uainoticias\/#\/schema\/person\/03130d752d0ce4e3bb0f607f1bc85084"},"description":"A Capital Nacional da Tecnologia tem 1 doutor para cada 100 habitantes e alta qualidade de vida. Conhe\u00e7a este polo inovador.","breadcrumb":{"@id":"https:\/\/www.uai.com.br\/uainoticias\/2026\/04\/27\/a-3a-melhor-qualidade-de-vida-do-brasil-a-capital-nacional-da-tecnologia-tem-1-doutor-para-cada-100-moradores-e-o-primeiro-parque-tecnologico-da-america-latina\/#breadcrumb"},"inLanguage":"pt-BR","potentialAction":[{"@type":"ReadAction","target":["https:\/\/www.uai.com.br\/uainoticias\/2026\/04\/27\/a-3a-melhor-qualidade-de-vida-do-brasil-a-capital-nacional-da-tecnologia-tem-1-doutor-para-cada-100-moradores-e-o-primeiro-parque-tecnologico-da-america-latina\/"]}]},{"@type":"ImageObject","inLanguage":"pt-BR","@id":"https:\/\/www.uai.com.br\/uainoticias\/2026\/04\/27\/a-3a-melhor-qualidade-de-vida-do-brasil-a-capital-nacional-da-tecnologia-tem-1-doutor-para-cada-100-moradores-e-o-primeiro-parque-tecnologico-da-america-latina\/#primaryimage","url":"https:\/\/www.uai.com.br\/uainoticias\/wp-content\/uploads\/2026\/04\/Woman_walking_University_202604260840.jpg","contentUrl":"https:\/\/www.uai.com.br\/uainoticias\/wp-content\/uploads\/2026\/04\/Woman_walking_University_202604260840.jpg","width":1280,"height":720,"caption":"A 3\u00aa melhor qualidade de vida do Brasil: a Capital Nacional da Tecnologia tem 1 doutor para cada 100 moradores e o primeiro parque tecnol\u00f3gico da Am\u00e9rica Latina \/\/ IMAGEM ILUSTRATIVA"},{"@type":"BreadcrumbList","@id":"https:\/\/www.uai.com.br\/uainoticias\/2026\/04\/27\/a-3a-melhor-qualidade-de-vida-do-brasil-a-capital-nacional-da-tecnologia-tem-1-doutor-para-cada-100-moradores-e-o-primeiro-parque-tecnologico-da-america-latina\/#breadcrumb","itemListElement":[{"@type":"ListItem","position":1,"name":"In\u00edcio","item":"https:\/\/www.uai.com.br\/uainoticias\/"},{"@type":"ListItem","position":2,"name":"A 3\u00aa melhor qualidade de vida do Brasil: a Capital Nacional da Tecnologia tem 1 doutor para cada 100 moradores e o primeiro parque tecnol\u00f3gico da Am\u00e9rica Latina"}]},{"@type":"WebSite","@id":"https:\/\/www.uai.com.br\/uainoticias\/#website","url":"https:\/\/www.uai.com.br\/uainoticias\/","name":"UAI Not\u00edcias","description":"Acompanhe as \u00faltimas not\u00edcias e fique bem informado sobre tudo o que acontece no Brasil e no mundo.","potentialAction":[{"@type":"SearchAction","target":{"@type":"EntryPoint","urlTemplate":"https:\/\/www.uai.com.br\/uainoticias\/?s={search_term_string}"},"query-input":{"@type":"PropertyValueSpecification","valueRequired":true,"valueName":"search_term_string"}}],"inLanguage":"pt-BR"},{"@type":"Person","@id":"https:\/\/www.uai.com.br\/uainoticias\/#\/schema\/person\/03130d752d0ce4e3bb0f607f1bc85084","name":"Vitor Bruno","image":{"@type":"ImageObject","inLanguage":"pt-BR","@id":"https:\/\/www.uai.com.br\/uainoticias\/#\/schema\/person\/image\/","url":"https:\/\/secure.gravatar.com\/avatar\/ab0513148053bbb80c117cdd35f8a0f2742d41eebbac321acf8df2e633d81609?s=96&d=mm&r=g","contentUrl":"https:\/\/secure.gravatar.com\/avatar\/ab0513148053bbb80c117cdd35f8a0f2742d41eebbac321acf8df2e633d81609?s=96&d=mm&r=g","caption":"Vitor Bruno"},"sameAs":["https:\/\/www.uai.com.br\/uainoticias\/"],"url":"https:\/\/www.uai.com.br\/uainoticias\/author\/vitor\/"}]}},"_links":{"self":[{"href":"https:\/\/www.uai.com.br\/uainoticias\/wp-json\/wp\/v2\/posts\/127456","targetHints":{"allow":["GET"]}}],"collection":[{"href":"https:\/\/www.uai.com.br\/uainoticias\/wp-json\/wp\/v2\/posts"}],"about":[{"href":"https:\/\/www.uai.com.br\/uainoticias\/wp-json\/wp\/v2\/types\/post"}],"author":[{"embeddable":true,"href":"https:\/\/www.uai.com.br\/uainoticias\/wp-json\/wp\/v2\/users\/14"}],"replies":[{"embeddable":true,"href":"https:\/\/www.uai.com.br\/uainoticias\/wp-json\/wp\/v2\/comments?post=127456"}],"version-history":[{"count":8,"href":"https:\/\/www.uai.com.br\/uainoticias\/wp-json\/wp\/v2\/posts\/127456\/revisions"}],"predecessor-version":[{"id":127614,"href":"https:\/\/www.uai.com.br\/uainoticias\/wp-json\/wp\/v2\/posts\/127456\/revisions\/127614"}],"wp:featuredmedia":[{"embeddable":true,"href":"https:\/\/www.uai.com.br\/uainoticias\/wp-json\/wp\/v2\/media\/127613"}],"wp:attachment":[{"href":"https:\/\/www.uai.com.br\/uainoticias\/wp-json\/wp\/v2\/media?parent=127456"}],"wp:term":[{"taxonomy":"category","embeddable":true,"href":"https:\/\/www.uai.com.br\/uainoticias\/wp-json\/wp\/v2\/categories?post=127456"},{"taxonomy":"post_tag","embeddable":true,"href":"https:\/\/www.uai.com.br\/uainoticias\/wp-json\/wp\/v2\/tags?post=127456"}],"curies":[{"name":"wp","href":"https:\/\/api.w.org\/{rel}","templated":true}]}}