{"id":127445,"date":"2026-04-27T17:00:00","date_gmt":"2026-04-27T20:00:00","guid":{"rendered":"https:\/\/www.uai.com.br\/uainoticias\/?p=127445"},"modified":"2026-04-26T08:37:56","modified_gmt":"2026-04-26T11:37:56","slug":"a-unica-cidade-do-rio-com-qualidade-de-vida-classificada-como-muito-alta-tem-o-segundo-maior-acervo-de-oscar-niemeyer-do-brasil-e-praias-premiadas-pelo-tripadvisor","status":"publish","type":"post","link":"https:\/\/www.uai.com.br\/uainoticias\/2026\/04\/27\/a-unica-cidade-do-rio-com-qualidade-de-vida-classificada-como-muito-alta-tem-o-segundo-maior-acervo-de-oscar-niemeyer-do-brasil-e-praias-premiadas-pelo-tripadvisor\/","title":{"rendered":"A \u00fanica cidade do Rio com qualidade de vida classificada como muito alta: tem o segundo maior acervo de Oscar Niemeyer do Brasil e praias premiadas pelo TripAdvisor"},"content":{"rendered":"\n<p>A 13 km do <strong>Rio de Janeiro<\/strong> pela ponte que cruza a Ba\u00eda de Guanabara, <strong>Niter\u00f3i<\/strong> recebe quem chega com vistas que mostram o P\u00e3o de A\u00e7\u00facar e o Cristo Redentor a partir da margem oposta. A cidade abriga o segundo maior conjunto de obras de <strong>Oscar Niemeyer<\/strong> no <strong>Brasil<\/strong>, atr\u00e1s apenas de Bras\u00edlia.<\/p>\n\n\n\n<h2 class=\"wp-block-heading\">Como uma cidade jesu\u00edta virou capital fluminense e voltou a brilhar<\/h2>\n\n\n\n<p>O territ\u00f3rio foi doado em 1568 ao ind\u00edgena tupinamb\u00e1 Ararib\u00f3ia, aliado dos portugueses na expuls\u00e3o dos franceses da Ba\u00eda de Guanabara. A vila de S\u00e3o Louren\u00e7o dos \u00cdndios deu origem ao n\u00facleo que se tornaria a cidade. Niter\u00f3i foi capital do Estado do Rio entre 1834 e 1975, quando perdeu o posto com a fus\u00e3o dos antigos estados da Guanabara e do Rio.<\/p>\n\n\n\n<p>O renascimento cultural come\u00e7ou em 1991, quando o ent\u00e3o prefeito <strong>Jorge Roberto Silveira<\/strong> convidou Oscar Niemeyer para projetar um museu de arte contempor\u00e2nea. A escolha do Mirante da Boa Viagem mudou para sempre o cart\u00e3o-postal da cidade e abriu o caminho para o complexo arquitet\u00f4nico que leva o nome do arquiteto.<\/p>\n\n\n<div class=\"wp-block-image\">\n<figure class=\"aligncenter size-large\"><img decoding=\"async\" width=\"1024\" height=\"576\" src=\"https:\/\/www.uai.com.br\/uainoticias\/wp-content\/uploads\/2025\/12\/Niteroi-_1764614237405-1024x576.jpg\" alt=\"A cidade vizinha ao Rio que tem a melhor vista para o Cristo e seu pr\u00f3prio \u201cdisco voador\u201d\" class=\"wp-image-91309\" srcset=\"https:\/\/www.uai.com.br\/uainoticias\/wp-content\/uploads\/2025\/12\/Niteroi-_1764614237405-1024x576.jpg 1024w, https:\/\/www.uai.com.br\/uainoticias\/wp-content\/uploads\/2025\/12\/Niteroi-_1764614237405-300x169.jpg 300w, https:\/\/www.uai.com.br\/uainoticias\/wp-content\/uploads\/2025\/12\/Niteroi-_1764614237405-768x432.jpg 768w, https:\/\/www.uai.com.br\/uainoticias\/wp-content\/uploads\/2025\/12\/Niteroi-_1764614237405-750x422.jpg 750w, https:\/\/www.uai.com.br\/uainoticias\/wp-content\/uploads\/2025\/12\/Niteroi-_1764614237405-1140x641.jpg 1140w, https:\/\/www.uai.com.br\/uainoticias\/wp-content\/uploads\/2025\/12\/Niteroi-_1764614237405.jpg 1280w\" sizes=\"(max-width: 1024px) 100vw, 1024px\" \/><figcaption class=\"wp-element-caption\">Niter\u00f3i oferece mar aberto e \u00e1guas mais limpas \/\/ Cr\u00e9ditos: depositphotos.com \/ Ranimiro<\/figcaption><\/figure><\/div>\n\n\n<h2 class=\"wp-block-heading\">Vale a pena viver na Cidade Sorriso?<\/h2>\n\n\n\n<p>Sim, e os indicadores explicam por qu\u00ea. Niter\u00f3i \u00e9 a \u00fanica cidade do estado classificada na faixa muito alta do \u00cdndice de Desenvolvimento Humano Municipal, com nota 0,837, segundo o Programa das Na\u00e7\u00f5es Unidas para o Desenvolvimento. A cidade liderou o \u00cdndice de Progresso Social Brasil 2024 entre os munic\u00edpios fluminenses, conforme a <a href=\"https:\/\/niteroi.rj.gov.br\/niteroi-e-destaque-em-ranking-nacional-de-qualidade-de-vida\/\" target=\"_blank\" rel=\"noreferrer noopener\"><strong>Prefeitura de Niter\u00f3i<\/strong><\/a>.<\/p>\n\n\n\n<p>Em 2025, Niter\u00f3i foi a grande campe\u00e3 do Mapa Rio Soft Power da <strong>Federa\u00e7\u00e3o das Ind\u00fastrias do Estado do Rio (Firjan)<\/strong>, sendo a \u00fanica entre 20 cidades a alcan\u00e7ar o conceito Muito Bom em todos os dez crit\u00e9rios analisados, segundo nota oficial da <a href=\"https:\/\/niteroi.rj.gov.br\/niteroi-e-a-grande-campea-do-mapa-rio-soft-power-2025-e-unica-cidade-com-conceito-muito-bom-em-todos-os-criterios\/\" target=\"_blank\" rel=\"noreferrer noopener\"><strong>Prefeitura de Niter\u00f3i<\/strong><\/a>. A cidade tamb\u00e9m aparece em destaque no Ranking de Competitividade dos Munic\u00edpios do <strong>Centro de Lideran\u00e7a P\u00fablica<\/strong>, divulgado pela <a href=\"https:\/\/www.fazenda.niteroi.rj.gov.br\/site\/niteroi-e-a-melhor-cidade-do-estado-do-rio-no-ranking-de-competitividade-dos-municipios\/\" target=\"_blank\" rel=\"noreferrer noopener\"><strong>Secretaria da Fazenda de Niter\u00f3i<\/strong><\/a>, com primeiro lugar nacional em cobertura de \u00e1gua e destina\u00e7\u00e3o de res\u00edduos.<\/p>\n\n\n<div class=\"wp-block-image\">\n<figure class=\"aligncenter size-large\"><img decoding=\"async\" width=\"1024\" height=\"576\" src=\"https:\/\/www.uai.com.br\/uainoticias\/wp-content\/uploads\/2025\/12\/Niteroi-_1764614247468-1024x576.jpg\" alt=\"A cidade vizinha ao Rio que tem a melhor vista para o Cristo e seu pr\u00f3prio \u201cdisco voador\u201d\" class=\"wp-image-91310\" srcset=\"https:\/\/www.uai.com.br\/uainoticias\/wp-content\/uploads\/2025\/12\/Niteroi-_1764614247468-1024x576.jpg 1024w, https:\/\/www.uai.com.br\/uainoticias\/wp-content\/uploads\/2025\/12\/Niteroi-_1764614247468-300x169.jpg 300w, https:\/\/www.uai.com.br\/uainoticias\/wp-content\/uploads\/2025\/12\/Niteroi-_1764614247468-768x432.jpg 768w, https:\/\/www.uai.com.br\/uainoticias\/wp-content\/uploads\/2025\/12\/Niteroi-_1764614247468-750x422.jpg 750w, https:\/\/www.uai.com.br\/uainoticias\/wp-content\/uploads\/2025\/12\/Niteroi-_1764614247468-1140x641.jpg 1140w, https:\/\/www.uai.com.br\/uainoticias\/wp-content\/uploads\/2025\/12\/Niteroi-_1764614247468.jpg 1280w\" sizes=\"(max-width: 1024px) 100vw, 1024px\" \/><figcaption class=\"wp-element-caption\">O ic\u00f4nico MAC (Museu de Arte Contempor\u00e2nea), famoso por seu formato de &#8220;disco voador&#8221; \/\/ Cr\u00e9ditos: depositphotos.com \/ Ranimiro<\/figcaption><\/figure><\/div>\n\n\n<p><strong>Leia tamb\u00e9m: <a href=\"https:\/\/www.uai.com.br\/uainoticias\/2026\/04\/25\/essa-cidade-nordestina-esta-em-alta-447-mais-estrangeiros-escolheram-esse-paraiso-de-mar-morno-e-brisa-perfeita\/\" target=\"_blank\" rel=\"noreferrer noopener\">Essa cidade nordestina est\u00e1 em alta: 44,7% mais estrangeiros escolheram esse para\u00edso de mar morno e brisa perfeita<\/a><\/strong><\/p>\n\n\n\n<h2 class=\"wp-block-heading\">O que fazer entre arquitetura modernista e praias oce\u00e2nicas<\/h2>\n\n\n\n<p>O roteiro mistura concreto curvil\u00edneo, vista para a Ba\u00eda de Guanabara e a costa oce\u00e2nica preservada. Os principais atrativos:<\/p>\n\n\n\n<ul class=\"wp-block-list\">\n<li><strong>Museu de Arte Contempor\u00e2nea<\/strong>: projetado por Oscar Niemeyer e inaugurado em 2 de setembro de 1996 no Mirante da Boa Viagem, com 16 metros de altura, c\u00fapula de 50 metros de di\u00e2metro e acervo de mais de 1.200 obras da Cole\u00e7\u00e3o Jo\u00e3o Sattamini.<\/li>\n\n\n\n<li><strong>Caminho Niemeyer<\/strong>: complexo arquitet\u00f4nico de 11 km que re\u00fane pra\u00e7as, teatros e cinemas projetados pelo arquiteto, formando o segundo maior acervo do mestre fora de Bras\u00edlia, segundo o <a href=\"https:\/\/visit.niteroi.br\/en\/caminho-niemeyer\/\" target=\"_blank\" rel=\"noreferrer noopener\"><strong>Visit Niter\u00f3i<\/strong><\/a>.<\/li>\n\n\n\n<li><strong>Praia de Itacoatiara<\/strong>: 700 metros de areia branca cercados por cost\u00f5es de Mata Atl\u00e2ntica, considerada uma das melhores praias urbanas do estado e premiada pelo TripAdvisor em 2017.<\/li>\n\n\n\n<li><strong>Parque da Cidade<\/strong>: \u00e1rea de preserva\u00e7\u00e3o ambiental no Morro da Vira\u00e7\u00e3o, a 270 metros de altitude, com mirante panor\u00e2mico das praias oce\u00e2nicas e da Ba\u00eda de Guanabara.<\/li>\n\n\n\n<li><strong>Forte de Santa Cruz da Barra<\/strong>: fortifica\u00e7\u00e3o do s\u00e9culo XVI na entrada da Ba\u00eda de Guanabara, um dos mais antigos do <strong>Brasil<\/strong> em funcionamento.<\/li>\n\n\n\n<li><strong>Mercado de Peixe S\u00e3o Pedro<\/strong>: ponto tradicional na orla de Jurujuba para comprar pescados frescos e provar petiscos servidos pelos pr\u00f3prios pescadores.<\/li>\n<\/ul>\n\n\n\n<p>A cena gastron\u00f4mica reflete a influ\u00eancia da pesca artesanal, da imigra\u00e7\u00e3o portuguesa e da proximidade com o <strong>Rio<\/strong>:<\/p>\n\n\n\n<ul class=\"wp-block-list\">\n<li><strong>Frutos do mar de Jurujuba<\/strong>: a col\u00f4nia de pescadores abastece os restaurantes simples da orla com peixe, polvo e camar\u00e3o grelhados na hora.<\/li>\n\n\n\n<li><strong>Polo Gastron\u00f4mico de Icara\u00ed<\/strong>: restaurantes de cozinha italiana, contempor\u00e2nea e contempor\u00e2nea fluminense concentrados ao longo da orla mais movimentada da cidade.<\/li>\n\n\n\n<li><strong>Camar\u00e3o na moranga<\/strong>: cl\u00e1ssico carioca servido em quiosques da Praia de Camboinhas e em casas tradicionais de Itaipu.<\/li>\n\n\n\n<li><strong>Peixe frito da col\u00f4nia<\/strong>: receita simples preparada com pescado do dia em barracas de Jurujuba e da Lagoa de Itaipu.<\/li>\n<\/ul>\n\n\n\n<p>Quem deseja explorar <strong>Niter\u00f3i<\/strong>, vai curtir esse v\u00eddeo especialmente selecionado do canal <strong>Eu no Nordeste<\/strong>, que conta com mais de <strong>132 mil<\/strong> visualiza\u00e7\u00f5es, onde <strong>Lania<\/strong> mostra um roteiro completo por museus, fortes e praias do <strong>Rio de Janeiro<\/strong>:<\/p>\n\n\n\n<figure class=\"wp-block-embed is-type-video is-provider-youtube wp-block-embed-youtube wp-embed-aspect-16-9 wp-has-aspect-ratio\"><div class=\"wp-block-embed__wrapper\">\n<div class=\"jeg_video_container jeg_video_content\"><iframe loading=\"lazy\" title=\"N\u00c3O SABIA QUE NITER\u00d3I, NO RIO DE JANEIRO, ERA ASSIM\" width=\"500\" height=\"281\" src=\"https:\/\/www.youtube.com\/embed\/2iwlPiy_BTk?start=38&#038;feature=oembed\" frameborder=\"0\" allow=\"accelerometer; autoplay; clipboard-write; encrypted-media; gyroscope; picture-in-picture; web-share\" referrerpolicy=\"strict-origin-when-cross-origin\" allowfullscreen><\/iframe><\/div>\n<\/div><\/figure>\n\n\n\n<h2 class=\"wp-block-heading\">Quando o clima ajuda cada tipo de programa na orla<\/h2>\n\n\n\n<p>O clima \u00e9 tropical \u00famido, com ver\u00f5es quentes e chuvosos e invernos amenos e secos. A tabela abaixo organiza as condi\u00e7\u00f5es por esta\u00e7\u00e3o:<\/p>\n\n\n\n<style>\n    .clima-grid-uai101 { \n        --cor-primaria: #0278c0; --cor-secundaria: #ffd31a; --cor-txt-secundaria: #0278c0;\n        display: grid; grid-template-columns: repeat(auto-fit, minmax(190px, 1fr)); gap: 15px; justify-content: center; padding: 10px;\n    }\n    .clima-card-uai101 { border: 5px solid var(--cor-primaria); border-top: 5px solid var(--cor-secundaria); border-radius: 12px; background-color: var(--cor-primaria); background-clip: padding-box; display: flex; flex-direction: column; overflow: hidden; cursor: pointer; box-shadow: 0 6px 12px rgba(0,0,0, 0.2); transition: transform 0.2s ease, box-shadow 0.2s ease; -webkit-tap-highlight-color: transparent; user-select: none; transform: translateZ(0); animation: wmFadeIn 0.6s cubic-bezier(0.2, 0.8, 0.2, 1) backwards; }\n    .clima-card-uai101:focus-visible { outline: 3px dashed var(--cor-secundaria); outline-offset: 4px; }\n    .clima-card-uai101:nth-child(1) { animation-delay: 0.1s; } .clima-card-uai101:nth-child(2) { animation-delay: 0.2s; } .clima-card-uai101:nth-child(3) { animation-delay: 0.3s; } .clima-card-uai101:nth-child(4) { animation-delay: 0.4s; }\n    @keyframes wmFadeIn { from { opacity: 0; transform: translateY(30px); } to { opacity: 1; transform: translateY(0); } }\n    .clima-card-uai101:hover { transform: translateY(-5px); box-shadow: 0 15px 30px rgba(0,0,0, 0.3); }\n    .clima-card-uai101:active { transform: translateY(-1px) scale(0.97); box-shadow: 0 3px 6px rgba(0,0,0, 0.2); transition: transform 0.05s ease, box-shadow 0.05s ease; }\n    .clima-header-uai101 { background: #fdfbf5; padding: 15px 10px; text-align: center; display: flex; flex-direction: column; align-items: center; justify-content: center; }\n    .clima-body-uai101 { background: #ffffff; padding: 15px; display: flex; flex-direction: column; flex-grow: 1; align-items: center; }\n    .clima-destaque-uai101 { box-shadow: 0 8px 16px rgba(0,0,0, 0.25); }\n    .clima-destaque-uai101:hover { box-shadow: 0 18px 36px rgba(0,0,0, 0.35); }\n    .clima-destaque-uai101 .clima-header-uai101 { background: var(--cor-secundaria); }\n    .clima-destaque-uai101 .clima-header-uai101 .clima-titulo-uai101 { color: var(--cor-txt-secundaria) !important; } \n    .clima-pill-uai101 { display: flex; white-space: normal; max-width: 100%; box-sizing: border-box; justify-content: center; align-items: center; text-align: center; background: #e6f2fa; color: var(--cor-primaria); font-size: 11px; font-weight: 900 !important; letter-spacing: 0.5px; padding: 8px 16px; border-radius: 16px; text-transform: uppercase; line-height: 1.4; box-shadow: 0 4px 8px rgba(0,0,0, 0.15); margin-top: auto; transition: transform 0.2s ease; }\n    .clima-destaque-uai101 .clima-pill-uai101 { background: var(--cor-primaria); color: #ffffff; border: 1px solid #ffffff; } \n    .clima-card-uai101:hover .clima-pill-uai101 { transform: scale(1.06); }\n    .clima-pill-uai101 span { font-weight: 900 !important; color: inherit; } \n    .clima-emoji-uai101 { font-size: 24px; line-height: 1; margin-bottom: 5px; }\n    .clima-titulo-uai101 { color: var(--cor-primaria); font-size: 16px; text-transform: uppercase; margin-top: 5px; font-weight: bold; }\n    .clima-mes-uai101 { font-size: 11px; font-weight: 800; color: var(--cor-primaria); text-transform: uppercase; margin-bottom: 5px; display: block; }\n    .clima-temp-uai101 { font-size: 26px; font-weight: 900; color: var(--cor-primaria); margin-bottom: 10px; }\n    .clima-desc-uai101 { font-size: 13px; color: #444; text-align: center; line-height: 1.5; margin-bottom: 15px; flex-grow: 1;}\n    .clima-desc-uai101 strong { color: #111; }\n    @media (prefers-color-scheme: dark) {\n        .clima-card-uai101 { border-color: #014f7d; background-color: #014f7d; box-shadow: 0 6px 12px rgba(0,0,0, 0.5); }\n        .clima-header-uai101 { background: #1a1a1a; } .clima-body-uai101 { background: #121212; }\n        .clima-destaque-uai101 .clima-header-uai101 { background: var(--cor-secundaria); }\n        .clima-destaque-uai101 .clima-header-uai101 .clima-titulo-uai101 { color: var(--cor-txt-secundaria) !important; }\n        .clima-titulo-uai101 { color: #63b2e8; } .clima-mes-uai101 { color: #63b2e8; } .clima-temp-uai101 { color: #63b2e8; } .clima-desc-uai101 { color: #cccccc; } .clima-desc-uai101 strong { color: #ffffff; }\n        .clima-pill-uai101 { background: #014f7d; color: #ffffff; box-shadow: 0 4px 8px rgba(0, 0, 0, 0.5); }\n        .clima-destaque-uai101 .clima-pill-uai101 { background: #013859; color: #ffffff; border-color: #63b2e8; }\n    }\n<\/style>\n<div class=\"google-auto-ads-ignore clima-grid-uai101\" style=\"box-sizing: border-box; width: 100%; max-width: 980px; margin: 30px auto; font-family: 'Segoe UI', Roboto, Helvetica, Arial, sans-serif;\">\n    <div class=\"clima-card-uai101\" tabindex=\"0\">\n        <div class=\"clima-header-uai101\"><div class=\"clima-emoji-uai101\" aria-hidden=\"true\">\ud83c\udfd6\ufe0f<\/div><div class=\"clima-titulo-uai101\">Ver\u00e3o<\/div><\/div>\n        <div class=\"clima-body-uai101\">\n            <time class=\"clima-mes-uai101\">Dezembro a fevereiro<\/time><div class=\"clima-temp-uai101\">23\u00b0C a 32\u00b0C<\/div>\n            <div class=\"clima-desc-uai101\">O calor ferve a orla junto com as chuvas intensas. A melhor pedida \u00e9 mergulhar nas <strong>praias oce\u00e2nicas e fazer a ic\u00f4nica visita ao MAC<\/strong>.<\/div>\n            <div class=\"clima-pill-uai101\"><span>\u2614 Chuva Alta<\/span><\/div>\n        <\/div>\n    <\/div>\n    <div class=\"clima-card-uai101\" tabindex=\"0\">\n        <div class=\"clima-header-uai101\"><div class=\"clima-emoji-uai101\" aria-hidden=\"true\">\ud83c\udfdb\ufe0f<\/div><div class=\"clima-titulo-uai101\">Outono<\/div><\/div>\n        <div class=\"clima-body-uai101\">\n            <time class=\"clima-mes-uai101\">Mar\u00e7o a maio<\/time><div class=\"clima-temp-uai101\">20\u00b0C a 29\u00b0C<\/div>\n            <div class=\"clima-desc-uai101\">As pancadas de ver\u00e3o diminuem e a temperatura fica agrad\u00e1vel. Fase excelente para desbravar o <strong>Caminho Niemeyer e a rica gastronomia<\/strong>.<\/div>\n            <div class=\"clima-pill-uai101\"><span>\u2601\ufe0f Chuva M\u00e9dia<\/span><\/div>\n        <\/div>\n    <\/div>\n    <div class=\"clima-card-uai101 clima-destaque-uai101\" tabindex=\"0\">\n        <div class=\"clima-header-uai101\"><div class=\"clima-emoji-uai101\" aria-hidden=\"true\">\u26f0\ufe0f<\/div><div class=\"clima-titulo-uai101\">Inverno<\/div><\/div>\n        <div class=\"clima-body-uai101\">\n            <time class=\"clima-mes-uai101\">Junho a agosto<\/time><div class=\"clima-temp-uai101\">17\u00b0C a 25\u00b0C<\/div>\n            <div class=\"clima-desc-uai101\">A melhor e mais segura \u00e9poca! O clima mais seco e fresco convida os aventureiros para as maravilhosas <strong>trilhas e os mirantes<\/strong> da cidade.<\/div>\n            <div class=\"clima-pill-uai101\"><span>\u2b50 Melhor \u00c9poca \/ Seco<\/span><\/div>\n        <\/div>\n    <\/div>\n    <div class=\"clima-card-uai101\" tabindex=\"0\">\n        <div class=\"clima-header-uai101\"><div class=\"clima-emoji-uai101\" aria-hidden=\"true\">\ud83e\udd7e<\/div><div class=\"clima-titulo-uai101\">Primavera<\/div><\/div>\n        <div class=\"clima-body-uai101\">\n            <time class=\"clima-mes-uai101\">Setembro a novembro<\/time><div class=\"clima-temp-uai101\">19\u00b0C a 28\u00b0C<\/div>\n            <div class=\"clima-desc-uai101\">O calor retorna e a vegeta\u00e7\u00e3o ganha f\u00f4lego com chuvas moderadas. Um cen\u00e1rio incr\u00edvel para encarar o famoso <strong>Cost\u00e3o de Itacoatiara<\/strong>.<\/div>\n            <div class=\"clima-pill-uai101\"><span>\u2601\ufe0f Chuva M\u00e9dia<\/span><\/div>\n        <\/div>\n    <\/div>\n<\/div>\n\n\n\n<p><em>Temperaturas aproximadas com base no <a href=\"https:\/\/www.climatempo.com.br\/previsao-do-tempo\/cidade\/313\/niteroi-rj\" target=\"_blank\" rel=\"noreferrer noopener\"><strong>Climatempo<\/strong><\/a>. Condi\u00e7\u00f5es podem variar.<\/em><\/p>\n\n\n\n<p>O inverno \u00e9 a melhor janela para trilhas como o Cost\u00e3o de Itacoatiara e visitas ao Parque da Cidade, com c\u00e9u azul, baixa umidade e visibilidade total para o P\u00e3o de A\u00e7\u00facar e o Corcovado. O ver\u00e3o concentra a alta temporada nas praias oce\u00e2nicas, com mar mais agitado em Itacoatiara e mais calmo em Camboinhas e Itaipu.<\/p>\n\n\n\n<h2 class=\"wp-block-heading\">Como chegar \u00e0 cidade vizinha do Rio<\/h2>\n\n\n\n<p>A travessia mais r\u00e1pida a partir do <strong>Rio de Janeiro<\/strong> \u00e9 pela <strong>Ponte Presidente Costa e Silva<\/strong>, conhecida como Ponte Rio-Niter\u00f3i, com 13 km de extens\u00e3o. As barcas que partem da Pra\u00e7a XV cruzam a Ba\u00eda de Guanabara em cerca de 20 minutos, com vistas privilegiadas do P\u00e3o de A\u00e7\u00facar e do MAC.<\/p>\n\n\n\n<p>De carro a partir de outras cidades, o acesso \u00e9 pela <strong>BR-101<\/strong> ou pela <strong>BR-040<\/strong> seguindo at\u00e9 a Ponte. O Aeroporto Internacional Tom Jobim, no Gale\u00e3o, fica a aproximadamente 25 km do centro de Niter\u00f3i, com tempo de viagem entre 40 minutos e 1 hora dependendo do tr\u00e2nsito na ponte.<\/p>\n\n\n\n<h2 class=\"wp-block-heading\">O Rio precisa atravessar para o outro lado<\/h2>\n\n\n\n<p>Niter\u00f3i entrega o que muitas cidades brasileiras prometem: arquitetura ic\u00f4nica, praias premiadas, qualidade de vida acima de qualquer munic\u00edpio fluminense e a melhor vista do Rio de Janeiro que se pode ter. Pouco tempo separa o caos da capital da calmaria da Ba\u00eda de Guanabara vista de outro \u00e2ngulo.<\/p>\n\n\n\n<p>Voc\u00ea precisa atravessar a ponte e conhecer Niter\u00f3i, a cidade onde o disco voador de Niemeyer recebe quem desembarca e o Cristo aparece ao fundo de cada praia.<\/p>\n","protected":false},"excerpt":{"rendered":"<p>A 13 km do Rio de Janeiro pela ponte que cruza a Ba\u00eda de Guanabara, Niter\u00f3i recebe quem chega com vistas que mostram o P\u00e3o de A\u00e7\u00facar e o Cristo Redentor a partir da margem oposta. A cidade abriga o segundo maior conjunto de obras de Oscar Niemeyer no Brasil, atr\u00e1s apenas de Bras\u00edlia. Como [&hellip;]<\/p>\n","protected":false},"author":14,"featured_media":127610,"comment_status":"open","ping_status":"open","sticky":false,"template":"","format":"standard","meta":{"jnews-multi-image_gallery":[],"jnews_single_post":{"format":"standard"},"jnews_primary_category":[],"jnews_social_meta":[],"jnews_override_counter":[],"footnotes":""},"categories":[210],"tags":[234,17149,346],"class_list":["post-127445","post","type-post","status-publish","format-standard","has-post-thumbnail","hentry","category-cidades","tag-cidades","tag-niteroi-2","tag-rio-de-janeiro"],"yoast_head":"<!-- This site is optimized with the Yoast SEO plugin v26.5 - https:\/\/yoast.com\/wordpress\/plugins\/seo\/ -->\n<title>A \u00fanica cidade do Rio com qualidade de vida classificada como muito alta: tem o segundo maior acervo de Oscar Niemeyer do Brasil e praias premiadas pelo TripAdvisor - UAI Not\u00edcias<\/title>\n<meta name=\"description\" content=\"Com obras de Oscar Niemeyer e praias premiadas, esta cidade fluminense \u00e9 refer\u00eancia em bem-estar e cultura no Brasil. Saiba mais.\" \/>\n<meta name=\"robots\" content=\"index, follow, max-snippet:-1, max-image-preview:large, max-video-preview:-1\" \/>\n<link rel=\"canonical\" href=\"https:\/\/www.uai.com.br\/uainoticias\/2026\/04\/27\/a-unica-cidade-do-rio-com-qualidade-de-vida-classificada-como-muito-alta-tem-o-segundo-maior-acervo-de-oscar-niemeyer-do-brasil-e-praias-premiadas-pelo-tripadvisor\/\" \/>\n<meta property=\"og:locale\" content=\"pt_BR\" \/>\n<meta property=\"og:type\" content=\"article\" \/>\n<meta property=\"og:title\" content=\"A \u00fanica cidade do Rio com qualidade de vida classificada como muito alta: tem o segundo maior acervo de Oscar Niemeyer do Brasil e praias premiadas pelo TripAdvisor - UAI Not\u00edcias\" \/>\n<meta property=\"og:description\" content=\"Com obras de Oscar Niemeyer e praias premiadas, esta cidade fluminense \u00e9 refer\u00eancia em bem-estar e cultura no Brasil. Saiba mais.\" \/>\n<meta property=\"og:url\" content=\"https:\/\/www.uai.com.br\/uainoticias\/2026\/04\/27\/a-unica-cidade-do-rio-com-qualidade-de-vida-classificada-como-muito-alta-tem-o-segundo-maior-acervo-de-oscar-niemeyer-do-brasil-e-praias-premiadas-pelo-tripadvisor\/\" \/>\n<meta property=\"og:site_name\" content=\"UAI Not\u00edcias\" \/>\n<meta property=\"article:published_time\" content=\"2026-04-27T20:00:00+00:00\" \/>\n<meta property=\"og:image\" content=\"https:\/\/www.uai.com.br\/uainoticias\/wp-content\/uploads\/2026\/04\/Woman_walking_waterfront_202604260837.jpg\" \/>\n\t<meta property=\"og:image:width\" content=\"1280\" \/>\n\t<meta property=\"og:image:height\" content=\"720\" \/>\n\t<meta property=\"og:image:type\" content=\"image\/jpeg\" \/>\n<meta name=\"author\" content=\"Vitor Bruno\" \/>\n<meta name=\"twitter:card\" content=\"summary_large_image\" \/>\n<meta name=\"twitter:label1\" content=\"Escrito por\" \/>\n\t<meta name=\"twitter:data1\" content=\"Vitor Bruno\" \/>\n\t<meta name=\"twitter:label2\" content=\"Est. tempo de leitura\" \/>\n\t<meta name=\"twitter:data2\" content=\"7 minutos\" \/>\n<!-- \/ Yoast SEO plugin. -->","yoast_head_json":{"title":"A \u00fanica cidade do Rio com qualidade de vida classificada como muito alta: tem o segundo maior acervo de Oscar Niemeyer do Brasil e praias premiadas pelo TripAdvisor - UAI Not\u00edcias","description":"Com obras de Oscar Niemeyer e praias premiadas, esta cidade fluminense \u00e9 refer\u00eancia em bem-estar e cultura no Brasil. Saiba mais.","robots":{"index":"index","follow":"follow","max-snippet":"max-snippet:-1","max-image-preview":"max-image-preview:large","max-video-preview":"max-video-preview:-1"},"canonical":"https:\/\/www.uai.com.br\/uainoticias\/2026\/04\/27\/a-unica-cidade-do-rio-com-qualidade-de-vida-classificada-como-muito-alta-tem-o-segundo-maior-acervo-de-oscar-niemeyer-do-brasil-e-praias-premiadas-pelo-tripadvisor\/","og_locale":"pt_BR","og_type":"article","og_title":"A \u00fanica cidade do Rio com qualidade de vida classificada como muito alta: tem o segundo maior acervo de Oscar Niemeyer do Brasil e praias premiadas pelo TripAdvisor - UAI Not\u00edcias","og_description":"Com obras de Oscar Niemeyer e praias premiadas, esta cidade fluminense \u00e9 refer\u00eancia em bem-estar e cultura no Brasil. Saiba mais.","og_url":"https:\/\/www.uai.com.br\/uainoticias\/2026\/04\/27\/a-unica-cidade-do-rio-com-qualidade-de-vida-classificada-como-muito-alta-tem-o-segundo-maior-acervo-de-oscar-niemeyer-do-brasil-e-praias-premiadas-pelo-tripadvisor\/","og_site_name":"UAI Not\u00edcias","article_published_time":"2026-04-27T20:00:00+00:00","og_image":[{"width":1280,"height":720,"url":"https:\/\/www.uai.com.br\/uainoticias\/wp-content\/uploads\/2026\/04\/Woman_walking_waterfront_202604260837.jpg","type":"image\/jpeg"}],"author":"Vitor Bruno","twitter_card":"summary_large_image","twitter_misc":{"Escrito por":"Vitor Bruno","Est. tempo de leitura":"7 minutos"},"schema":{"@context":"https:\/\/schema.org","@graph":[{"@type":"WebPage","@id":"https:\/\/www.uai.com.br\/uainoticias\/2026\/04\/27\/a-unica-cidade-do-rio-com-qualidade-de-vida-classificada-como-muito-alta-tem-o-segundo-maior-acervo-de-oscar-niemeyer-do-brasil-e-praias-premiadas-pelo-tripadvisor\/","url":"https:\/\/www.uai.com.br\/uainoticias\/2026\/04\/27\/a-unica-cidade-do-rio-com-qualidade-de-vida-classificada-como-muito-alta-tem-o-segundo-maior-acervo-de-oscar-niemeyer-do-brasil-e-praias-premiadas-pelo-tripadvisor\/","name":"A \u00fanica cidade do Rio com qualidade de vida classificada como muito alta: tem o segundo maior acervo de Oscar Niemeyer do Brasil e praias premiadas pelo TripAdvisor - UAI Not\u00edcias","isPartOf":{"@id":"https:\/\/www.uai.com.br\/uainoticias\/#website"},"primaryImageOfPage":{"@id":"https:\/\/www.uai.com.br\/uainoticias\/2026\/04\/27\/a-unica-cidade-do-rio-com-qualidade-de-vida-classificada-como-muito-alta-tem-o-segundo-maior-acervo-de-oscar-niemeyer-do-brasil-e-praias-premiadas-pelo-tripadvisor\/#primaryimage"},"image":{"@id":"https:\/\/www.uai.com.br\/uainoticias\/2026\/04\/27\/a-unica-cidade-do-rio-com-qualidade-de-vida-classificada-como-muito-alta-tem-o-segundo-maior-acervo-de-oscar-niemeyer-do-brasil-e-praias-premiadas-pelo-tripadvisor\/#primaryimage"},"thumbnailUrl":"https:\/\/www.uai.com.br\/uainoticias\/wp-content\/uploads\/2026\/04\/Woman_walking_waterfront_202604260837.jpg","datePublished":"2026-04-27T20:00:00+00:00","author":{"@id":"https:\/\/www.uai.com.br\/uainoticias\/#\/schema\/person\/03130d752d0ce4e3bb0f607f1bc85084"},"description":"Com obras de Oscar Niemeyer e praias premiadas, esta cidade fluminense \u00e9 refer\u00eancia em bem-estar e cultura no Brasil. Saiba mais.","breadcrumb":{"@id":"https:\/\/www.uai.com.br\/uainoticias\/2026\/04\/27\/a-unica-cidade-do-rio-com-qualidade-de-vida-classificada-como-muito-alta-tem-o-segundo-maior-acervo-de-oscar-niemeyer-do-brasil-e-praias-premiadas-pelo-tripadvisor\/#breadcrumb"},"inLanguage":"pt-BR","potentialAction":[{"@type":"ReadAction","target":["https:\/\/www.uai.com.br\/uainoticias\/2026\/04\/27\/a-unica-cidade-do-rio-com-qualidade-de-vida-classificada-como-muito-alta-tem-o-segundo-maior-acervo-de-oscar-niemeyer-do-brasil-e-praias-premiadas-pelo-tripadvisor\/"]}]},{"@type":"ImageObject","inLanguage":"pt-BR","@id":"https:\/\/www.uai.com.br\/uainoticias\/2026\/04\/27\/a-unica-cidade-do-rio-com-qualidade-de-vida-classificada-como-muito-alta-tem-o-segundo-maior-acervo-de-oscar-niemeyer-do-brasil-e-praias-premiadas-pelo-tripadvisor\/#primaryimage","url":"https:\/\/www.uai.com.br\/uainoticias\/wp-content\/uploads\/2026\/04\/Woman_walking_waterfront_202604260837.jpg","contentUrl":"https:\/\/www.uai.com.br\/uainoticias\/wp-content\/uploads\/2026\/04\/Woman_walking_waterfront_202604260837.jpg","width":1280,"height":720,"caption":"A \u00fanica cidade do Rio com qualidade de vida classificada como muito alta: tem o segundo maior acervo de Oscar Niemeyer do Brasil e praias premiadas pelo TripAdvisor \/\/ IMAGEM ILUSTRATIVA"},{"@type":"BreadcrumbList","@id":"https:\/\/www.uai.com.br\/uainoticias\/2026\/04\/27\/a-unica-cidade-do-rio-com-qualidade-de-vida-classificada-como-muito-alta-tem-o-segundo-maior-acervo-de-oscar-niemeyer-do-brasil-e-praias-premiadas-pelo-tripadvisor\/#breadcrumb","itemListElement":[{"@type":"ListItem","position":1,"name":"In\u00edcio","item":"https:\/\/www.uai.com.br\/uainoticias\/"},{"@type":"ListItem","position":2,"name":"A \u00fanica cidade do Rio com qualidade de vida classificada como muito alta: tem o segundo maior acervo de Oscar Niemeyer do Brasil e praias premiadas pelo TripAdvisor"}]},{"@type":"WebSite","@id":"https:\/\/www.uai.com.br\/uainoticias\/#website","url":"https:\/\/www.uai.com.br\/uainoticias\/","name":"UAI Not\u00edcias","description":"Acompanhe as \u00faltimas not\u00edcias e fique bem informado sobre tudo o que acontece no Brasil e no mundo.","potentialAction":[{"@type":"SearchAction","target":{"@type":"EntryPoint","urlTemplate":"https:\/\/www.uai.com.br\/uainoticias\/?s={search_term_string}"},"query-input":{"@type":"PropertyValueSpecification","valueRequired":true,"valueName":"search_term_string"}}],"inLanguage":"pt-BR"},{"@type":"Person","@id":"https:\/\/www.uai.com.br\/uainoticias\/#\/schema\/person\/03130d752d0ce4e3bb0f607f1bc85084","name":"Vitor Bruno","image":{"@type":"ImageObject","inLanguage":"pt-BR","@id":"https:\/\/www.uai.com.br\/uainoticias\/#\/schema\/person\/image\/","url":"https:\/\/secure.gravatar.com\/avatar\/ab0513148053bbb80c117cdd35f8a0f2742d41eebbac321acf8df2e633d81609?s=96&d=mm&r=g","contentUrl":"https:\/\/secure.gravatar.com\/avatar\/ab0513148053bbb80c117cdd35f8a0f2742d41eebbac321acf8df2e633d81609?s=96&d=mm&r=g","caption":"Vitor Bruno"},"sameAs":["https:\/\/www.uai.com.br\/uainoticias\/"],"url":"https:\/\/www.uai.com.br\/uainoticias\/author\/vitor\/"}]}},"_links":{"self":[{"href":"https:\/\/www.uai.com.br\/uainoticias\/wp-json\/wp\/v2\/posts\/127445","targetHints":{"allow":["GET"]}}],"collection":[{"href":"https:\/\/www.uai.com.br\/uainoticias\/wp-json\/wp\/v2\/posts"}],"about":[{"href":"https:\/\/www.uai.com.br\/uainoticias\/wp-json\/wp\/v2\/types\/post"}],"author":[{"embeddable":true,"href":"https:\/\/www.uai.com.br\/uainoticias\/wp-json\/wp\/v2\/users\/14"}],"replies":[{"embeddable":true,"href":"https:\/\/www.uai.com.br\/uainoticias\/wp-json\/wp\/v2\/comments?post=127445"}],"version-history":[{"count":8,"href":"https:\/\/www.uai.com.br\/uainoticias\/wp-json\/wp\/v2\/posts\/127445\/revisions"}],"predecessor-version":[{"id":127611,"href":"https:\/\/www.uai.com.br\/uainoticias\/wp-json\/wp\/v2\/posts\/127445\/revisions\/127611"}],"wp:featuredmedia":[{"embeddable":true,"href":"https:\/\/www.uai.com.br\/uainoticias\/wp-json\/wp\/v2\/media\/127610"}],"wp:attachment":[{"href":"https:\/\/www.uai.com.br\/uainoticias\/wp-json\/wp\/v2\/media?parent=127445"}],"wp:term":[{"taxonomy":"category","embeddable":true,"href":"https:\/\/www.uai.com.br\/uainoticias\/wp-json\/wp\/v2\/categories?post=127445"},{"taxonomy":"post_tag","embeddable":true,"href":"https:\/\/www.uai.com.br\/uainoticias\/wp-json\/wp\/v2\/tags?post=127445"}],"curies":[{"name":"wp","href":"https:\/\/api.w.org\/{rel}","templated":true}]}}