{"id":127444,"date":"2026-04-27T16:25:00","date_gmt":"2026-04-27T19:25:00","guid":{"rendered":"https:\/\/www.uai.com.br\/uainoticias\/?p=127444"},"modified":"2026-04-26T08:28:14","modified_gmt":"2026-04-26T11:28:14","slug":"o-caribe-brasileiro-a-165-km-do-rio-a-cidade-onde-um-fenomeno-oceanico-raro-deixa-a-agua-azul-turquesa-o-ano-inteiro","status":"publish","type":"post","link":"https:\/\/www.uai.com.br\/uainoticias\/2026\/04\/27\/o-caribe-brasileiro-a-165-km-do-rio-a-cidade-onde-um-fenomeno-oceanico-raro-deixa-a-agua-azul-turquesa-o-ano-inteiro\/","title":{"rendered":"O Caribe Brasileiro a 165 km do Rio: a cidade onde um fen\u00f4meno oce\u00e2nico raro deixa a \u00e1gua azul-turquesa o ano inteiro"},"content":{"rendered":"\n<p>Areia branca, mar em tom azul-turquesa e penhascos que descem at\u00e9 o Atl\u00e2ntico. <strong>Arraial do Cabo<\/strong>, na <strong>Regi\u00e3o dos Lagos<\/strong> do <strong>Rio de Janeiro<\/strong>, ganhou o apelido de Caribe Brasileiro gra\u00e7as a um fen\u00f4meno oce\u00e2nico raro: a ressurg\u00eancia. A cidade de cerca de 31 mil habitantes fica a 165 km da capital fluminense e \u00e9 a \u00fanica reserva extrativista marinha federal do estado.<\/p>\n\n\n\n<h2 class=\"wp-block-heading\">Por que a \u00e1gua \u00e9 t\u00e3o transparente em Arraial do Cabo<\/h2>\n\n\n\n<p>O segredo est\u00e1 na ressurg\u00eancia de Cabo Frio. Ventos de nordeste empurram a \u00e1gua quente da superf\u00edcie para o oceano aberto, e correntes frias de at\u00e9 350 metros de profundidade sobem at\u00e9 a costa carregadas de nutrientes. Esse ciclo impede a sedimenta\u00e7\u00e3o e mant\u00e9m a \u00e1gua cristalina mesmo em dias nublados.<\/p>\n\n\n\n<p>O fen\u00f4meno \u00e9 raro no planeta e acontece em poucos pontos do globo. \u00c9 tamb\u00e9m o que sustenta a riqueza marinha local, com mais de 200 pontos de mergulho catalogados em poucos quil\u00f4metros de costa, segundo o <a href=\"https:\/\/www.gov.br\/icmbio\/pt-br\/assuntos\/biodiversidade\/unidade-de-conservacao\/unidades-de-biomas\/marinho\/lista-de-ucs\/resex-marinha-do-arraial-do-cabo\" target=\"_blank\" rel=\"noreferrer noopener\"><strong>Instituto Chico Mendes de Conserva\u00e7\u00e3o da Biodiversidade (ICMBio)<\/strong><\/a>.<\/p>\n\n\n<div class=\"wp-block-image\">\n<figure class=\"aligncenter size-large\"><img decoding=\"async\" width=\"1024\" height=\"576\" src=\"https:\/\/www.uai.com.br\/uainoticias\/wp-content\/uploads\/2025\/12\/Arraial-do-Cabo_1747238044535-1-1024x576.jpg\" alt=\"O para\u00edso brasileiro com \u00e1guas cristalinas da Ant\u00e1rtica e cor de Caribe\" class=\"wp-image-94794\" srcset=\"https:\/\/www.uai.com.br\/uainoticias\/wp-content\/uploads\/2025\/12\/Arraial-do-Cabo_1747238044535-1-1024x576.jpg 1024w, https:\/\/www.uai.com.br\/uainoticias\/wp-content\/uploads\/2025\/12\/Arraial-do-Cabo_1747238044535-1-300x169.jpg 300w, https:\/\/www.uai.com.br\/uainoticias\/wp-content\/uploads\/2025\/12\/Arraial-do-Cabo_1747238044535-1-768x432.jpg 768w, https:\/\/www.uai.com.br\/uainoticias\/wp-content\/uploads\/2025\/12\/Arraial-do-Cabo_1747238044535-1-750x422.jpg 750w, https:\/\/www.uai.com.br\/uainoticias\/wp-content\/uploads\/2025\/12\/Arraial-do-Cabo_1747238044535-1-1140x641.jpg 1140w, https:\/\/www.uai.com.br\/uainoticias\/wp-content\/uploads\/2025\/12\/Arraial-do-Cabo_1747238044535-1.jpg 1280w\" sizes=\"(max-width: 1024px) 100vw, 1024px\" \/><figcaption class=\"wp-element-caption\">Arraial do Cabo, no Rio de Janeiro, encanta mergulhadores com suas \u00e1guas cristalinas \/\/ Cr\u00e9ditos: depositphotos.com \/ Cristian_Lourenco<\/figcaption><\/figure><\/div>\n\n\n<h2 class=\"wp-block-heading\">Quais reconhecimentos a cidade acumula no Brasil e no mundo?<\/h2>\n\n\n\n<p>A cidade coleciona t\u00edtulos ligados ao turismo de natureza, \u00e0 conserva\u00e7\u00e3o marinha e \u00e0 excel\u00eancia das praias. Os principais selos v\u00eam de fontes oficiais e rankings internacionais:<\/p>\n\n\n\n<ul class=\"wp-block-list\">\n<li><strong>Capital Nacional do Mergulho<\/strong>: t\u00edtulo oficial reconhecido pela <a href=\"https:\/\/www.arraial.rj.gov.br\/portal\/noticias\/0\/3\/716\/\" target=\"_blank\" rel=\"noreferrer noopener\"><strong>Prefeitura de Arraial do Cabo<\/strong><\/a> e adotado por operadoras nacionais e internacionais.<\/li>\n\n\n\n<li><strong>World\u2019s 50 Best Beaches 2025<\/strong>: as Prainhas do Pontal do Atalaia ficaram na 20\u00aa posi\u00e7\u00e3o do ranking mundial, votado por mais de mil especialistas em turismo.<\/li>\n\n\n\n<li><strong>Praia do Farol<\/strong>: classificada pelo <a href=\"https:\/\/www.gov.br\/inpe\/pt-br\" target=\"_blank\" rel=\"noreferrer noopener\"><strong>Instituto Nacional de Pesquisas Espaciais (INPE)<\/strong><\/a> entre as praias mais perfeitas do <strong>Brasil<\/strong>, com crit\u00e9rios de pureza da \u00e1gua, qualidade da areia e paisagem.<\/li>\n\n\n\n<li><strong>Resex Marinha do Arraial do Cabo<\/strong>: criada por decreto federal em 1997, \u00e9 a \u00fanica reserva extrativista marinha federal do estado do <strong>Rio de Janeiro<\/strong>, com 51.601,46 hectares.<\/li>\n\n\n\n<li><strong>Marco hist\u00f3rico do Brasil<\/strong>: foi onde Am\u00e9rico Vesp\u00facio aportou em 1503 e onde os portugueses ergueram, em 1506, a <strong>Igreja Nossa Senhora dos Rem\u00e9dios<\/strong>, uma das edifica\u00e7\u00f5es mais antigas do pa\u00eds.<\/li>\n<\/ul>\n\n\n<div class=\"wp-block-image\">\n<figure class=\"aligncenter size-large\"><img decoding=\"async\" width=\"1024\" height=\"576\" src=\"https:\/\/www.uai.com.br\/uainoticias\/wp-content\/uploads\/2025\/12\/Arraial-do-Cabo_1732485521142-1024x576.jpg\" alt=\"O para\u00edso brasileiro com \u00e1guas cristalinas da Ant\u00e1rtica e cor de Caribe\" class=\"wp-image-94791\" srcset=\"https:\/\/www.uai.com.br\/uainoticias\/wp-content\/uploads\/2025\/12\/Arraial-do-Cabo_1732485521142-1024x576.jpg 1024w, https:\/\/www.uai.com.br\/uainoticias\/wp-content\/uploads\/2025\/12\/Arraial-do-Cabo_1732485521142-300x169.jpg 300w, https:\/\/www.uai.com.br\/uainoticias\/wp-content\/uploads\/2025\/12\/Arraial-do-Cabo_1732485521142-768x432.jpg 768w, https:\/\/www.uai.com.br\/uainoticias\/wp-content\/uploads\/2025\/12\/Arraial-do-Cabo_1732485521142-750x422.jpg 750w, https:\/\/www.uai.com.br\/uainoticias\/wp-content\/uploads\/2025\/12\/Arraial-do-Cabo_1732485521142-1140x641.jpg 1140w, https:\/\/www.uai.com.br\/uainoticias\/wp-content\/uploads\/2025\/12\/Arraial-do-Cabo_1732485521142.jpg 1280w\" sizes=\"(max-width: 1024px) 100vw, 1024px\" \/><figcaption class=\"wp-element-caption\">Arraial do Cabo, Rio de Janeiro, atrai turistas do mundo com suas \u00e1guas transparentes \/\/ Cr\u00e9ditos: depositphotos.com \/ Cristian_Lourenco<\/figcaption><\/figure><\/div>\n\n\n<p><strong>Leia tamb\u00e9m: <a href=\"https:\/\/www.uai.com.br\/uainoticias\/2026\/04\/25\/essa-cidade-nordestina-esta-em-alta-447-mais-estrangeiros-escolheram-esse-paraiso-de-mar-morno-e-brisa-perfeita\/\" target=\"_blank\" rel=\"noreferrer noopener\">Essa cidade nordestina est\u00e1 em alta: 44,7% mais estrangeiros escolheram esse para\u00edso de mar morno e brisa perfeita<\/a><\/strong><\/p>\n\n\n\n<h2 class=\"wp-block-heading\">O que fazer e onde comer no Caribe carioca<\/h2>\n\n\n\n<p>O litoral de Arraial concentra praias, grutas e mirantes em poucos quil\u00f4metros. A maioria dos passeios sai do <strong>Porto do Forno<\/strong> e da <strong>Marina dos Pescadores<\/strong>, com acesso regulado pelo <strong>ICMBio<\/strong>:<\/p>\n\n\n\n<ul class=\"wp-block-list\">\n<li><strong>Prainhas do Pontal do Atalaia<\/strong>: cart\u00e3o-postal da cidade, acess\u00edvel por escadaria de madeira que desce o penhasco at\u00e9 o mar.<\/li>\n\n\n\n<li><strong>Praia do Farol<\/strong>: na Ilha do Cabo Frio, s\u00f3 pode ser visitada por barco autorizado e com tempo de perman\u00eancia limitado, sob controle da <strong>Marinha do Brasil<\/strong>.<\/li>\n\n\n\n<li><strong>Praia do Forno<\/strong>: enseada de \u00e1guas calmas com tons esmeralda, ideal para mergulho com snorkel entre estruturas coral\u00edneas.<\/li>\n\n\n\n<li><strong>Praia Grande<\/strong>: a mais extensa, point dos surfistas e cen\u00e1rio do Naufr\u00e1gio Imbetiba, s\u00edtio arqueol\u00f3gico submerso de 1881.<\/li>\n\n\n\n<li><strong>Gruta Azul<\/strong>: cavidade rochosa onde a luz do sol cria reflexos azulados na \u00e1gua, parada cl\u00e1ssica dos passeios de barco.<\/li>\n\n\n\n<li><strong>Mirante do Pontal do Atalaia<\/strong>: ponto alto com vista de 360 graus para a costa e os far\u00f3is da ilha.<\/li>\n<\/ul>\n\n\n\n<p>A culin\u00e1ria \u00e9 dominada pelos frutos do mar frescos da regi\u00e3o, heran\u00e7a da pesca artesanal preservada pela <strong>Associa\u00e7\u00e3o da Reserva Extrativista Marinha de Arraial do Cabo (Aremac)<\/strong>:<\/p>\n\n\n\n<ul class=\"wp-block-list\">\n<li><strong>Peixe \u00e0 belle meuni\u00e8re<\/strong>: cl\u00e1ssico servido em bares da Praia dos Anjos, com molho de manteiga, alcaparras e camar\u00e3o.<\/li>\n\n\n\n<li><strong>Camar\u00e3o ao alho e \u00f3leo<\/strong>: petisco preferido dos quiosques de praia, em geral acompanhado de farofa de banana.<\/li>\n\n\n\n<li><strong>Moqueca de peixe<\/strong>: receita tradicional fluminense com leite de coco, dend\u00ea e piment\u00e3o, servida em panela de barro.<\/li>\n\n\n\n<li><strong>Polvo grelhado<\/strong>: especialidade dos restaurantes do centro, com azeite, batata e ervas frescas.<\/li>\n\n\n\n<li><strong>Casquinha de siri<\/strong>: entrada t\u00edpica da Regi\u00e3o dos Lagos, gratinada com queijo e farinha de rosca.<\/li>\n<\/ul>\n\n\n\n<p>Quem deseja explorar as \u00e1guas mais cristalinas do <strong>Rio de Janeiro<\/strong>, vai curtir esse v\u00eddeo especialmente selecionado do canal <strong>Rol\u00ea Fam\u00edlia<\/strong>, que conta com mais de <strong>227 mil<\/strong> visualiza\u00e7\u00f5es, onde o canal mostra um roteiro completo de 4 dias por <strong>Arraial do Cabo<\/strong>:<\/p>\n\n\n\n<figure class=\"wp-block-embed is-type-video is-provider-youtube wp-block-embed-youtube wp-embed-aspect-16-9 wp-has-aspect-ratio\"><div class=\"wp-block-embed__wrapper\">\n<div class=\"jeg_video_container jeg_video_content\"><iframe loading=\"lazy\" title=\"ARRAIAL DO CABO, RJ | Roteiro de 4 dias com uma das \u00c1GUAS MAIS LINDAS do BRASIL (com PRE\u00c7OS)\" width=\"500\" height=\"281\" src=\"https:\/\/www.youtube.com\/embed\/Zz_-WOBpsPQ?feature=oembed\" frameborder=\"0\" allow=\"accelerometer; autoplay; clipboard-write; encrypted-media; gyroscope; picture-in-picture; web-share\" referrerpolicy=\"strict-origin-when-cross-origin\" allowfullscreen><\/iframe><\/div>\n<\/div><\/figure>\n\n\n\n<h2 class=\"wp-block-heading\">Qual a melhor \u00e9poca para visitar Arraial do Cabo?<\/h2>\n\n\n\n<p>A melhor janela vai de abril a outubro, quando a ressurg\u00eancia \u00e9 mais intensa e a visibilidade subaqu\u00e1tica chega ao auge. O ver\u00e3o atrai mais turistas, mas as \u00e1guas ficam menos geladas. Veja o que esperar de cada esta\u00e7\u00e3o:<\/p>\n\n\n\n<style>\n    .clima-grid-uai100 { \n        --cor-primaria: #0278c0; --cor-secundaria: #ffd31a; --cor-txt-secundaria: #0278c0;\n        display: grid; grid-template-columns: repeat(auto-fit, minmax(190px, 1fr)); gap: 15px; justify-content: center; padding: 10px;\n    }\n    .clima-card-uai100 { border: 5px solid var(--cor-primaria); border-top: 5px solid var(--cor-secundaria); border-radius: 12px; background-color: var(--cor-primaria); background-clip: padding-box; display: flex; flex-direction: column; overflow: hidden; cursor: pointer; box-shadow: 0 6px 12px rgba(0,0,0, 0.2); transition: transform 0.2s ease, box-shadow 0.2s ease; -webkit-tap-highlight-color: transparent; user-select: none; transform: translateZ(0); animation: wmFadeIn 0.6s cubic-bezier(0.2, 0.8, 0.2, 1) backwards; }\n    .clima-card-uai100:focus-visible { outline: 3px dashed var(--cor-secundaria); outline-offset: 4px; }\n    .clima-card-uai100:nth-child(1) { animation-delay: 0.1s; } .clima-card-uai100:nth-child(2) { animation-delay: 0.2s; } .clima-card-uai100:nth-child(3) { animation-delay: 0.3s; } .clima-card-uai100:nth-child(4) { animation-delay: 0.4s; }\n    @keyframes wmFadeIn { from { opacity: 0; transform: translateY(30px); } to { opacity: 1; transform: translateY(0); } }\n    .clima-card-uai100:hover { transform: translateY(-5px); box-shadow: 0 15px 30px rgba(0,0,0, 0.3); }\n    .clima-card-uai100:active { transform: translateY(-1px) scale(0.97); box-shadow: 0 3px 6px rgba(0,0,0, 0.2); transition: transform 0.05s ease, box-shadow 0.05s ease; }\n    .clima-header-uai100 { background: #fdfbf5; padding: 15px 10px; text-align: center; display: flex; flex-direction: column; align-items: center; justify-content: center; }\n    .clima-body-uai100 { background: #ffffff; padding: 15px; display: flex; flex-direction: column; flex-grow: 1; align-items: center; }\n    .clima-destaque-uai100 { box-shadow: 0 8px 16px rgba(0,0,0, 0.25); }\n    .clima-destaque-uai100:hover { box-shadow: 0 18px 36px rgba(0,0,0, 0.35); }\n    .clima-destaque-uai100 .clima-header-uai100 { background: var(--cor-secundaria); }\n    .clima-destaque-uai100 .clima-header-uai100 .clima-titulo-uai100 { color: var(--cor-txt-secundaria) !important; } \n    .clima-pill-uai100 { display: flex; white-space: normal; max-width: 100%; box-sizing: border-box; justify-content: center; align-items: center; text-align: center; background: #e6f2fa; color: var(--cor-primaria); font-size: 11px; font-weight: 900 !important; letter-spacing: 0.5px; padding: 8px 16px; border-radius: 16px; text-transform: uppercase; line-height: 1.4; box-shadow: 0 4px 8px rgba(0,0,0, 0.15); margin-top: auto; transition: transform 0.2s ease; }\n    .clima-destaque-uai100 .clima-pill-uai100 { background: var(--cor-primaria); color: #ffffff; border: 1px solid #ffffff; } \n    .clima-card-uai100:hover .clima-pill-uai100 { transform: scale(1.06); }\n    .clima-pill-uai100 span { font-weight: 900 !important; color: inherit; } \n    .clima-emoji-uai100 { font-size: 24px; line-height: 1; margin-bottom: 5px; }\n    .clima-titulo-uai100 { color: var(--cor-primaria); font-size: 16px; text-transform: uppercase; margin-top: 5px; font-weight: bold; }\n    .clima-mes-uai100 { font-size: 11px; font-weight: 800; color: var(--cor-primaria); text-transform: uppercase; margin-bottom: 5px; display: block; }\n    .clima-temp-uai100 { font-size: 26px; font-weight: 900; color: var(--cor-primaria); margin-bottom: 10px; }\n    .clima-desc-uai100 { font-size: 13px; color: #444; text-align: center; line-height: 1.5; margin-bottom: 15px; flex-grow: 1;}\n    .clima-desc-uai100 strong { color: #111; }\n    @media (prefers-color-scheme: dark) {\n        .clima-card-uai100 { border-color: #014f7d; background-color: #014f7d; box-shadow: 0 6px 12px rgba(0,0,0, 0.5); }\n        .clima-header-uai100 { background: #1a1a1a; } .clima-body-uai100 { background: #121212; }\n        .clima-destaque-uai100 .clima-header-uai100 { background: var(--cor-secundaria); }\n        .clima-destaque-uai100 .clima-header-uai100 .clima-titulo-uai100 { color: var(--cor-txt-secundaria) !important; }\n        .clima-titulo-uai100 { color: #63b2e8; } .clima-mes-uai100 { color: #63b2e8; } .clima-temp-uai100 { color: #63b2e8; } .clima-desc-uai100 { color: #cccccc; } .clima-desc-uai100 strong { color: #ffffff; }\n        .clima-pill-uai100 { background: #014f7d; color: #ffffff; box-shadow: 0 4px 8px rgba(0, 0, 0, 0.5); }\n        .clima-destaque-uai100 .clima-pill-uai100 { background: #013859; color: #ffffff; border-color: #63b2e8; }\n    }\n<\/style>\n<div class=\"google-auto-ads-ignore clima-grid-uai100\" style=\"box-sizing: border-box; width: 100%; max-width: 980px; margin: 30px auto; font-family: 'Segoe UI', Roboto, Helvetica, Arial, sans-serif;\">\n    <div class=\"clima-card-uai100\" tabindex=\"0\">\n        <div class=\"clima-header-uai100\"><div class=\"clima-emoji-uai100\" aria-hidden=\"true\">\u26f5<\/div><div class=\"clima-titulo-uai100\">Ver\u00e3o<\/div><\/div>\n        <div class=\"clima-body-uai100\">\n            <time class=\"clima-mes-uai100\">Dezembro a fevereiro<\/time><div class=\"clima-temp-uai100\">23\u00b0C a 31\u00b0C<\/div>\n            <div class=\"clima-desc-uai100\">A cidade lota de turistas. A grande vantagem dessa \u00e9poca \u00e9 que as \u00e1guas naturalmente geladas da regi\u00e3o ficam muito mais confort\u00e1veis para curtir as <strong>praias e os passeios de barco<\/strong>.<\/div>\n            <div class=\"clima-pill-uai100\"><span>\u2601\ufe0f Chuva M\u00e9dia<\/span><\/div>\n        <\/div>\n    <\/div>\n    <div class=\"clima-card-uai100 clima-destaque-uai100\" tabindex=\"0\">\n        <div class=\"clima-header-uai100\"><div class=\"clima-emoji-uai100\" aria-hidden=\"true\">\ud83e\udd3f<\/div><div class=\"clima-titulo-uai100\">Outono<\/div><\/div>\n        <div class=\"clima-body-uai100\">\n            <time class=\"clima-mes-uai100\">Mar\u00e7o a maio<\/time><div class=\"clima-temp-uai100\">22\u00b0C a 28\u00b0C<\/div>\n            <div class=\"clima-desc-uai100\">A melhor \u00e9poca! O fen\u00f4meno da ressurg\u00eancia clareia o mar ao extremo com muito sol firme, oferecendo o espetacular <strong>mergulho com visibilidade alta<\/strong>.<\/div>\n            <div class=\"clima-pill-uai100\"><span>\u2b50 Melhor \u00c9poca \/ Mergulho<\/span><\/div>\n        <\/div>\n    <\/div>\n    <div class=\"clima-card-uai100\" tabindex=\"0\">\n        <div class=\"clima-header-uai100\"><div class=\"clima-emoji-uai100\" aria-hidden=\"true\">\ud83d\udc0b<\/div><div class=\"clima-titulo-uai100\">Inverno<\/div><\/div>\n        <div class=\"clima-body-uai100\">\n            <time class=\"clima-mes-uai100\">Junho a agosto<\/time><div class=\"clima-temp-uai100\">18\u00b0C a 25\u00b0C<\/div>\n            <div class=\"clima-desc-uai100\">A \u00e1gua esfria consideravelmente, mas o tempo seco brilha. Excelente momento para <strong>trilhas e a emocionante observa\u00e7\u00e3o de baleias<\/strong>.<\/div>\n            <div class=\"clima-pill-uai100\"><span>\ud83c\udf92 Chuva Baixa \/ Seco<\/span><\/div>\n        <\/div>\n    <\/div>\n    <div class=\"clima-card-uai100\" tabindex=\"0\">\n        <div class=\"clima-header-uai100\"><div class=\"clima-emoji-uai100\" aria-hidden=\"true\">\u26f0\ufe0f<\/div><div class=\"clima-titulo-uai100\">Primavera<\/div><\/div>\n        <div class=\"clima-body-uai100\">\n            <time class=\"clima-mes-uai100\">Setembro a novembro<\/time><div class=\"clima-temp-uai100\">20\u00b0C a 27\u00b0C<\/div>\n            <div class=\"clima-desc-uai100\">A visibilidade marinha continua \u00f3tima e o clima esquenta. Um bom roteiro \u00e9 desbravar os mirantes do <strong>Pontal do Atalaia e a bel\u00edssima Gruta Azul<\/strong>.<\/div>\n            <div class=\"clima-pill-uai100\"><span>\ud83c\udf24\ufe0f Chuva Baixa<\/span><\/div>\n        <\/div>\n    <\/div>\n<\/div>\n\n\n\n<p><em>Temperaturas aproximadas com base no <a href=\"https:\/\/www.climatempo.com.br\/previsao-do-tempo\/cidade\/770\/arraialdocabo-rj\" target=\"_blank\" rel=\"noreferrer noopener\"><strong>Climatempo<\/strong><\/a> de Arraial do Cabo. Condi\u00e7\u00f5es podem variar.<\/em><\/p>\n\n\n\n<h2 class=\"wp-block-heading\">Como chegar \u00e0 Capital Nacional do Mergulho<\/h2>\n\n\n\n<p>O acesso de carro \u00e9 feito pela <strong>Via Lagos (RJ-124)<\/strong>, rodovia pedagiada que conecta a capital \u00e0 <strong>Regi\u00e3o dos Lagos<\/strong> em cerca de duas horas e meia. Saindo do <strong>Rio de Janeiro<\/strong>, o trajeto soma 165 km e cruza a Ponte Rio-Niter\u00f3i antes de entrar na via.<\/p>\n\n\n\n<p>O aeroporto mais pr\u00f3ximo \u00e9 o <strong>Aeroporto Internacional de Cabo Frio (CFB)<\/strong>, a apenas 15 km. Para quem vem de fora do estado, o <strong>Aeroporto Internacional Tom Jobim (Gale\u00e3o)<\/strong> recebe voos diretos das principais capitais do <strong>Brasil<\/strong>. H\u00e1 linhas de \u00f4nibus diretas saindo do <strong>Terminal Rodovi\u00e1rio Novo Rio<\/strong>.<\/p>\n\n\n\n<h2 class=\"wp-block-heading\">Conhe\u00e7a o Caribe que cabe num fim de semana<\/h2>\n\n\n\n<p>Arraial re\u00fane o que poucos destinos brasileiros conseguem entregar t\u00e3o perto de uma capital: \u00e1gua em tom de aqu\u00e1rio natural, mais de 500 anos de hist\u00f3ria documentada, cost\u00f5es rochosos preservados e uma reserva marinha que protege a paisagem original. Tudo em tr\u00eas horas de viagem do <strong>Rio de Janeiro<\/strong>.<\/p>\n\n\n\n<p>Voc\u00ea precisa descer a escadaria do Pontal do Atalaia e entender por que esse peda\u00e7o da Regi\u00e3o dos Lagos virou o Caribe que dispensa passaporte.<\/p>\n","protected":false},"excerpt":{"rendered":"<p>Areia branca, mar em tom azul-turquesa e penhascos que descem at\u00e9 o Atl\u00e2ntico. Arraial do Cabo, na Regi\u00e3o dos Lagos do Rio de Janeiro, ganhou o apelido de Caribe Brasileiro gra\u00e7as a um fen\u00f4meno oce\u00e2nico raro: a ressurg\u00eancia. A cidade de cerca de 31 mil habitantes fica a 165 km da capital fluminense e \u00e9 [&hellip;]<\/p>\n","protected":false},"author":14,"featured_media":116672,"comment_status":"open","ping_status":"open","sticky":false,"template":"","format":"standard","meta":{"jnews-multi-image_gallery":[],"jnews_single_post":{"format":"standard"},"jnews_primary_category":[],"jnews_social_meta":[],"jnews_override_counter":[],"footnotes":""},"categories":[210],"tags":[1411,234,346],"class_list":["post-127444","post","type-post","status-publish","format-standard","has-post-thumbnail","hentry","category-cidades","tag-arraial-do-cabo","tag-cidades","tag-rio-de-janeiro"],"yoast_head":"<!-- This site is optimized with the Yoast SEO plugin v26.5 - https:\/\/yoast.com\/wordpress\/plugins\/seo\/ -->\n<title>O Caribe Brasileiro a 165 km do Rio: a cidade onde um fen\u00f4meno oce\u00e2nico raro deixa a \u00e1gua azul-turquesa o ano inteiro - UAI Not\u00edcias<\/title>\n<meta name=\"description\" content=\"\u00c1guas cristalinas o ano todo: descubra a cidade fluminense que atrai turistas pelo visual de Caribe a apenas 165 km da capital do RJ.\" \/>\n<meta name=\"robots\" content=\"index, follow, max-snippet:-1, max-image-preview:large, max-video-preview:-1\" \/>\n<link rel=\"canonical\" href=\"https:\/\/www.uai.com.br\/uainoticias\/2026\/04\/27\/o-caribe-brasileiro-a-165-km-do-rio-a-cidade-onde-um-fenomeno-oceanico-raro-deixa-a-agua-azul-turquesa-o-ano-inteiro\/\" \/>\n<meta property=\"og:locale\" content=\"pt_BR\" \/>\n<meta property=\"og:type\" content=\"article\" \/>\n<meta property=\"og:title\" content=\"O Caribe Brasileiro a 165 km do Rio: a cidade onde um fen\u00f4meno oce\u00e2nico raro deixa a \u00e1gua azul-turquesa o ano inteiro - UAI Not\u00edcias\" \/>\n<meta property=\"og:description\" content=\"\u00c1guas cristalinas o ano todo: descubra a cidade fluminense que atrai turistas pelo visual de Caribe a apenas 165 km da capital do RJ.\" \/>\n<meta property=\"og:url\" content=\"https:\/\/www.uai.com.br\/uainoticias\/2026\/04\/27\/o-caribe-brasileiro-a-165-km-do-rio-a-cidade-onde-um-fenomeno-oceanico-raro-deixa-a-agua-azul-turquesa-o-ano-inteiro\/\" \/>\n<meta property=\"og:site_name\" content=\"UAI Not\u00edcias\" \/>\n<meta property=\"article:published_time\" content=\"2026-04-27T19:25:00+00:00\" \/>\n<meta property=\"og:image\" content=\"https:\/\/www.uai.com.br\/uainoticias\/wp-content\/uploads\/2026\/03\/ngz-freepik__create-a-vivid-immersive-tropical-photograph-set-i__56160-76945.webp\" \/>\n\t<meta property=\"og:image:width\" content=\"1280\" \/>\n\t<meta property=\"og:image:height\" content=\"720\" \/>\n\t<meta property=\"og:image:type\" content=\"image\/webp\" \/>\n<meta name=\"author\" content=\"Vitor Bruno\" \/>\n<meta name=\"twitter:card\" content=\"summary_large_image\" \/>\n<meta name=\"twitter:label1\" content=\"Escrito por\" \/>\n\t<meta name=\"twitter:data1\" content=\"Vitor Bruno\" \/>\n\t<meta name=\"twitter:label2\" content=\"Est. tempo de leitura\" \/>\n\t<meta name=\"twitter:data2\" content=\"7 minutos\" \/>\n<!-- \/ Yoast SEO plugin. -->","yoast_head_json":{"title":"O Caribe Brasileiro a 165 km do Rio: a cidade onde um fen\u00f4meno oce\u00e2nico raro deixa a \u00e1gua azul-turquesa o ano inteiro - UAI Not\u00edcias","description":"\u00c1guas cristalinas o ano todo: descubra a cidade fluminense que atrai turistas pelo visual de Caribe a apenas 165 km da capital do RJ.","robots":{"index":"index","follow":"follow","max-snippet":"max-snippet:-1","max-image-preview":"max-image-preview:large","max-video-preview":"max-video-preview:-1"},"canonical":"https:\/\/www.uai.com.br\/uainoticias\/2026\/04\/27\/o-caribe-brasileiro-a-165-km-do-rio-a-cidade-onde-um-fenomeno-oceanico-raro-deixa-a-agua-azul-turquesa-o-ano-inteiro\/","og_locale":"pt_BR","og_type":"article","og_title":"O Caribe Brasileiro a 165 km do Rio: a cidade onde um fen\u00f4meno oce\u00e2nico raro deixa a \u00e1gua azul-turquesa o ano inteiro - UAI Not\u00edcias","og_description":"\u00c1guas cristalinas o ano todo: descubra a cidade fluminense que atrai turistas pelo visual de Caribe a apenas 165 km da capital do RJ.","og_url":"https:\/\/www.uai.com.br\/uainoticias\/2026\/04\/27\/o-caribe-brasileiro-a-165-km-do-rio-a-cidade-onde-um-fenomeno-oceanico-raro-deixa-a-agua-azul-turquesa-o-ano-inteiro\/","og_site_name":"UAI Not\u00edcias","article_published_time":"2026-04-27T19:25:00+00:00","og_image":[{"width":1280,"height":720,"url":"https:\/\/www.uai.com.br\/uainoticias\/wp-content\/uploads\/2026\/03\/ngz-freepik__create-a-vivid-immersive-tropical-photograph-set-i__56160-76945.webp","type":"image\/webp"}],"author":"Vitor Bruno","twitter_card":"summary_large_image","twitter_misc":{"Escrito por":"Vitor Bruno","Est. tempo de leitura":"7 minutos"},"schema":{"@context":"https:\/\/schema.org","@graph":[{"@type":"WebPage","@id":"https:\/\/www.uai.com.br\/uainoticias\/2026\/04\/27\/o-caribe-brasileiro-a-165-km-do-rio-a-cidade-onde-um-fenomeno-oceanico-raro-deixa-a-agua-azul-turquesa-o-ano-inteiro\/","url":"https:\/\/www.uai.com.br\/uainoticias\/2026\/04\/27\/o-caribe-brasileiro-a-165-km-do-rio-a-cidade-onde-um-fenomeno-oceanico-raro-deixa-a-agua-azul-turquesa-o-ano-inteiro\/","name":"O Caribe Brasileiro a 165 km do Rio: a cidade onde um fen\u00f4meno oce\u00e2nico raro deixa a \u00e1gua azul-turquesa o ano inteiro - UAI Not\u00edcias","isPartOf":{"@id":"https:\/\/www.uai.com.br\/uainoticias\/#website"},"primaryImageOfPage":{"@id":"https:\/\/www.uai.com.br\/uainoticias\/2026\/04\/27\/o-caribe-brasileiro-a-165-km-do-rio-a-cidade-onde-um-fenomeno-oceanico-raro-deixa-a-agua-azul-turquesa-o-ano-inteiro\/#primaryimage"},"image":{"@id":"https:\/\/www.uai.com.br\/uainoticias\/2026\/04\/27\/o-caribe-brasileiro-a-165-km-do-rio-a-cidade-onde-um-fenomeno-oceanico-raro-deixa-a-agua-azul-turquesa-o-ano-inteiro\/#primaryimage"},"thumbnailUrl":"https:\/\/www.uai.com.br\/uainoticias\/wp-content\/uploads\/2026\/03\/ngz-freepik__create-a-vivid-immersive-tropical-photograph-set-i__56160-76945.webp","datePublished":"2026-04-27T19:25:00+00:00","author":{"@id":"https:\/\/www.uai.com.br\/uainoticias\/#\/schema\/person\/03130d752d0ce4e3bb0f607f1bc85084"},"description":"\u00c1guas cristalinas o ano todo: descubra a cidade fluminense que atrai turistas pelo visual de Caribe a apenas 165 km da capital do RJ.","breadcrumb":{"@id":"https:\/\/www.uai.com.br\/uainoticias\/2026\/04\/27\/o-caribe-brasileiro-a-165-km-do-rio-a-cidade-onde-um-fenomeno-oceanico-raro-deixa-a-agua-azul-turquesa-o-ano-inteiro\/#breadcrumb"},"inLanguage":"pt-BR","potentialAction":[{"@type":"ReadAction","target":["https:\/\/www.uai.com.br\/uainoticias\/2026\/04\/27\/o-caribe-brasileiro-a-165-km-do-rio-a-cidade-onde-um-fenomeno-oceanico-raro-deixa-a-agua-azul-turquesa-o-ano-inteiro\/"]}]},{"@type":"ImageObject","inLanguage":"pt-BR","@id":"https:\/\/www.uai.com.br\/uainoticias\/2026\/04\/27\/o-caribe-brasileiro-a-165-km-do-rio-a-cidade-onde-um-fenomeno-oceanico-raro-deixa-a-agua-azul-turquesa-o-ano-inteiro\/#primaryimage","url":"https:\/\/www.uai.com.br\/uainoticias\/wp-content\/uploads\/2026\/03\/ngz-freepik__create-a-vivid-immersive-tropical-photograph-set-i__56160-76945.webp","contentUrl":"https:\/\/www.uai.com.br\/uainoticias\/wp-content\/uploads\/2026\/03\/ngz-freepik__create-a-vivid-immersive-tropical-photograph-set-i__56160-76945.webp","width":1280,"height":720,"caption":"Arraial do Cabo, na Regi\u00e3o dos Lagos do Rio de Janeiro \/\/ IMAGEM ILUSTRATIVA"},{"@type":"BreadcrumbList","@id":"https:\/\/www.uai.com.br\/uainoticias\/2026\/04\/27\/o-caribe-brasileiro-a-165-km-do-rio-a-cidade-onde-um-fenomeno-oceanico-raro-deixa-a-agua-azul-turquesa-o-ano-inteiro\/#breadcrumb","itemListElement":[{"@type":"ListItem","position":1,"name":"In\u00edcio","item":"https:\/\/www.uai.com.br\/uainoticias\/"},{"@type":"ListItem","position":2,"name":"O Caribe Brasileiro a 165 km do Rio: a cidade onde um fen\u00f4meno oce\u00e2nico raro deixa a \u00e1gua azul-turquesa o ano inteiro"}]},{"@type":"WebSite","@id":"https:\/\/www.uai.com.br\/uainoticias\/#website","url":"https:\/\/www.uai.com.br\/uainoticias\/","name":"UAI Not\u00edcias","description":"Acompanhe as \u00faltimas not\u00edcias e fique bem informado sobre tudo o que acontece no Brasil e no mundo.","potentialAction":[{"@type":"SearchAction","target":{"@type":"EntryPoint","urlTemplate":"https:\/\/www.uai.com.br\/uainoticias\/?s={search_term_string}"},"query-input":{"@type":"PropertyValueSpecification","valueRequired":true,"valueName":"search_term_string"}}],"inLanguage":"pt-BR"},{"@type":"Person","@id":"https:\/\/www.uai.com.br\/uainoticias\/#\/schema\/person\/03130d752d0ce4e3bb0f607f1bc85084","name":"Vitor Bruno","image":{"@type":"ImageObject","inLanguage":"pt-BR","@id":"https:\/\/www.uai.com.br\/uainoticias\/#\/schema\/person\/image\/","url":"https:\/\/secure.gravatar.com\/avatar\/ab0513148053bbb80c117cdd35f8a0f2742d41eebbac321acf8df2e633d81609?s=96&d=mm&r=g","contentUrl":"https:\/\/secure.gravatar.com\/avatar\/ab0513148053bbb80c117cdd35f8a0f2742d41eebbac321acf8df2e633d81609?s=96&d=mm&r=g","caption":"Vitor Bruno"},"sameAs":["https:\/\/www.uai.com.br\/uainoticias\/"],"url":"https:\/\/www.uai.com.br\/uainoticias\/author\/vitor\/"}]}},"_links":{"self":[{"href":"https:\/\/www.uai.com.br\/uainoticias\/wp-json\/wp\/v2\/posts\/127444","targetHints":{"allow":["GET"]}}],"collection":[{"href":"https:\/\/www.uai.com.br\/uainoticias\/wp-json\/wp\/v2\/posts"}],"about":[{"href":"https:\/\/www.uai.com.br\/uainoticias\/wp-json\/wp\/v2\/types\/post"}],"author":[{"embeddable":true,"href":"https:\/\/www.uai.com.br\/uainoticias\/wp-json\/wp\/v2\/users\/14"}],"replies":[{"embeddable":true,"href":"https:\/\/www.uai.com.br\/uainoticias\/wp-json\/wp\/v2\/comments?post=127444"}],"version-history":[{"count":7,"href":"https:\/\/www.uai.com.br\/uainoticias\/wp-json\/wp\/v2\/posts\/127444\/revisions"}],"predecessor-version":[{"id":127605,"href":"https:\/\/www.uai.com.br\/uainoticias\/wp-json\/wp\/v2\/posts\/127444\/revisions\/127605"}],"wp:featuredmedia":[{"embeddable":true,"href":"https:\/\/www.uai.com.br\/uainoticias\/wp-json\/wp\/v2\/media\/116672"}],"wp:attachment":[{"href":"https:\/\/www.uai.com.br\/uainoticias\/wp-json\/wp\/v2\/media?parent=127444"}],"wp:term":[{"taxonomy":"category","embeddable":true,"href":"https:\/\/www.uai.com.br\/uainoticias\/wp-json\/wp\/v2\/categories?post=127444"},{"taxonomy":"post_tag","embeddable":true,"href":"https:\/\/www.uai.com.br\/uainoticias\/wp-json\/wp\/v2\/tags?post=127444"}],"curies":[{"name":"wp","href":"https:\/\/api.w.org\/{rel}","templated":true}]}}