{"id":127443,"date":"2026-04-27T10:00:00","date_gmt":"2026-04-27T13:00:00","guid":{"rendered":"https:\/\/www.uai.com.br\/uainoticias\/?p=127443"},"modified":"2026-04-26T08:31:20","modified_gmt":"2026-04-26T11:31:20","slug":"o-vilarejo-baiano-com-30-km-de-estrada-de-terra-que-guarda-o-local-exato-do-primeiro-desembarque-portugues-em-1500","status":"publish","type":"post","link":"https:\/\/www.uai.com.br\/uainoticias\/2026\/04\/27\/o-vilarejo-baiano-com-30-km-de-estrada-de-terra-que-guarda-o-local-exato-do-primeiro-desembarque-portugues-em-1500\/","title":{"rendered":"O vilarejo baiano com 30 km de estrada de terra que guarda o local exato do primeiro desembarque portugu\u00eas em 1500"},"content":{"rendered":"\n<p>No extremo sul da <strong>Bahia<\/strong>, <strong>Cumuruxatiba<\/strong> resiste ao turismo de massa gra\u00e7as aos 30 km finais de estrada de ch\u00e3o. A vila de pescadores guarda fal\u00e9sias coloridas, baleias jubarte no horizonte e o ponto onde a esquadra de Cabral pisou em terra antes de seguir para Porto Seguro.<\/p>\n\n\n\n<h2 class=\"wp-block-heading\">Por que Cumuruxatiba ainda tem praias desertas?<\/h2>\n\n\n\n<p>A resposta est\u00e1 no acesso. O trecho final da BA-001 entre <strong>Prado<\/strong> e o vilarejo nunca foi pavimentado, e os 30 km de estrada de terra funcionam como um filtro natural. Quem chega encontra uma \u00fanica rua de paralelep\u00edpedo, pousadas familiares e nenhum resort \u00e0 beira-mar.<\/p>\n\n\n\n<p>O distrito existe oficialmente desde 1896 e mant\u00e9m o ritmo de vila de pescadores. Mesmo na alta temporada, os trechos a partir da Praia do Rio do Peixe seguem praticamente vazios, com pegadas mais raras que as pr\u00f3prias baleias jubarte que aparecem no horizonte.<\/p>\n\n\n<div class=\"wp-block-image\">\n<figure class=\"aligncenter size-large\"><img decoding=\"async\" width=\"1024\" height=\"576\" src=\"https:\/\/www.uai.com.br\/uainoticias\/wp-content\/uploads\/2026\/04\/Cumuruxatiba_1775460280175-1024x576.jpg\" alt=\"\" class=\"wp-image-121521\" srcset=\"https:\/\/www.uai.com.br\/uainoticias\/wp-content\/uploads\/2026\/04\/Cumuruxatiba_1775460280175-1024x576.jpg 1024w, https:\/\/www.uai.com.br\/uainoticias\/wp-content\/uploads\/2026\/04\/Cumuruxatiba_1775460280175-300x169.jpg 300w, https:\/\/www.uai.com.br\/uainoticias\/wp-content\/uploads\/2026\/04\/Cumuruxatiba_1775460280175-768x432.jpg 768w, https:\/\/www.uai.com.br\/uainoticias\/wp-content\/uploads\/2026\/04\/Cumuruxatiba_1775460280175-750x422.jpg 750w, https:\/\/www.uai.com.br\/uainoticias\/wp-content\/uploads\/2026\/04\/Cumuruxatiba_1775460280175-1140x641.jpg 1140w, https:\/\/www.uai.com.br\/uainoticias\/wp-content\/uploads\/2026\/04\/Cumuruxatiba_1775460280175.jpg 1280w\" sizes=\"(max-width: 1024px) 100vw, 1024px\" \/><figcaption class=\"wp-element-caption\">Cumuruxatiba, distrito de Prado, Bahia \/\/ Cr\u00e9ditos: depositphotos.com \/ Cristian_Lourenco<\/figcaption><\/figure><\/div>\n\n\n<h2 class=\"wp-block-heading\">O marco onde o Brasil come\u00e7ou<\/h2>\n\n\n\n<p>A 15 km ao norte do vilarejo est\u00e1 a <strong>Barra do Cahy<\/strong>, ponto onde historiadores apontam o primeiro desembarque da expedi\u00e7\u00e3o portuguesa em 22 de abril de 1500. O capit\u00e3o Nicolau Coelho desceu na foz do Rio Cahy para buscar \u00e1gua doce antes de Pedro \u00c1lvares Cabral seguir para a ba\u00eda de Porto Seguro.<\/p>\n\n\n\n<p>Da praia, ainda \u00e9 poss\u00edvel avistar o Monte Pascoal, a mesma silhueta descrita na carta de Pero Vaz de Caminha. As fal\u00e9sias da regi\u00e3o variam do bege ao roxo, passando por tons de rosa, e o conjunto \u00e9 cercado pelo Parque Nacional e Hist\u00f3rico do Monte Pascoal.<\/p>\n\n\n<div class=\"wp-block-image\">\n<figure class=\"aligncenter size-large\"><img decoding=\"async\" width=\"1024\" height=\"576\" src=\"https:\/\/www.uai.com.br\/uainoticias\/wp-content\/uploads\/2026\/04\/Cumuruxatiba_1775460290002-1024x576.jpg\" alt=\"O vilarejo baiano onde a floresta encontra o mar com \u00e1guas azuis como o Caribe e os turistas ainda s\u00e3o mais raros que as baleias jubartes\" class=\"wp-image-121520\" srcset=\"https:\/\/www.uai.com.br\/uainoticias\/wp-content\/uploads\/2026\/04\/Cumuruxatiba_1775460290002-1024x576.jpg 1024w, https:\/\/www.uai.com.br\/uainoticias\/wp-content\/uploads\/2026\/04\/Cumuruxatiba_1775460290002-300x169.jpg 300w, https:\/\/www.uai.com.br\/uainoticias\/wp-content\/uploads\/2026\/04\/Cumuruxatiba_1775460290002-768x432.jpg 768w, https:\/\/www.uai.com.br\/uainoticias\/wp-content\/uploads\/2026\/04\/Cumuruxatiba_1775460290002-750x422.jpg 750w, https:\/\/www.uai.com.br\/uainoticias\/wp-content\/uploads\/2026\/04\/Cumuruxatiba_1775460290002-1140x641.jpg 1140w, https:\/\/www.uai.com.br\/uainoticias\/wp-content\/uploads\/2026\/04\/Cumuruxatiba_1775460290002.jpg 1280w\" sizes=\"(max-width: 1024px) 100vw, 1024px\" \/><figcaption class=\"wp-element-caption\">Cumuruxatiba, distrito de Prado, Bahia \/\/ Cr\u00e9ditos: depositphotos.com \/ Cristian_Lourenco<\/figcaption><\/figure><\/div>\n\n\n<h2 class=\"wp-block-heading\">Patrim\u00f4nio Mundial Natural reconhecido pela UNESCO<\/h2>\n\n\n\n<p>Cumuruxatiba est\u00e1 cravado dentro do <strong>Parque Nacional do Descobrimento<\/strong>, criado por decreto presidencial em 20 de abril de 1999 e ampliado em 2012, com 22.693 hectares de Mata Atl\u00e2ntica preservada. A unidade \u00e9 administrada pelo <strong>Instituto Chico Mendes de Conserva\u00e7\u00e3o da Biodiversidade (ICMBio)<\/strong> e pode ser conferida no <a href=\"https:\/\/www.gov.br\/icmbio\/pt-br\/assuntos\/biodiversidade\/unidade-de-conservacao\/unidades-de-biomas\/mata-atlantica\/lista-de-ucs\/parna-do-descobrimento\" target=\"_blank\" rel=\"noreferrer noopener\"><strong>portal oficial<\/strong><\/a>.<\/p>\n\n\n\n<p>O parque integra o s\u00edtio Reservas de Mata Atl\u00e2ntica da Costa do Descobrimento, declarado Patrim\u00f4nio Mundial Natural pela <strong>Organiza\u00e7\u00e3o das Na\u00e7\u00f5es Unidas para a Educa\u00e7\u00e3o, a Ci\u00eancia e a Cultura (UNESCO)<\/strong> em 1\u00ba de dezembro de 1999. As reservas re\u00fanem 112 mil hectares de Mata Atl\u00e2ntica e restingas em oito \u00e1reas protegidas entre <strong>Bahia<\/strong> e <strong>Esp\u00edrito Santo<\/strong>, conforme registros do <a href=\"http:\/\/portal.iphan.gov.br\/pagina\/detalhes\/37\" target=\"_blank\" rel=\"noreferrer noopener\"><strong>Instituto do Patrim\u00f4nio Hist\u00f3rico e Art\u00edstico Nacional (IPHAN)<\/strong><\/a>.<\/p>\n\n\n\n<p><strong>Leia tamb\u00e9m: <a href=\"https:\/\/www.uai.com.br\/uainoticias\/2026\/04\/25\/essa-cidade-nordestina-esta-em-alta-447-mais-estrangeiros-escolheram-esse-paraiso-de-mar-morno-e-brisa-perfeita\/\" target=\"_blank\" rel=\"noreferrer noopener\">Essa cidade nordestina est\u00e1 em alta: 44,7% mais estrangeiros escolheram esse para\u00edso de mar morno e brisa perfeita<\/a><\/strong><\/p>\n\n\n\n<h2 class=\"wp-block-heading\">O que fazer no vilarejo do extremo sul baiano<\/h2>\n\n\n\n<p>O roteiro alterna praias desertas, marcos hist\u00f3ricos e contato com o povo Patax\u00f3. Veja os destaques:<\/p>\n\n\n\n<ul class=\"wp-block-list\">\n<li><strong>Praia do Centro e P\u00eder<\/strong>: faixa principal da vila, com piscinas naturais na mar\u00e9 baixa e p\u00eder de madeira que avan\u00e7a sobre o mar.<\/li>\n\n\n\n<li><strong>Praia do Rio do Peixe<\/strong>: fal\u00e9sias avermelhadas, areia escura de monazita e o encontro do rio com o mar a 1 km do centro.<\/li>\n\n\n\n<li><strong>Barra do Cahy<\/strong>: marco hist\u00f3rico do primeiro desembarque portugu\u00eas, cercada por fal\u00e9sias coloridas a 17 km do vilarejo, por estrada de terra.<\/li>\n\n\n\n<li><strong>Japara Grande<\/strong>: praia protegida por pared\u00e3o de fal\u00e9sias, com riacho de \u00e1gua doce desembocando no meio da areia.<\/li>\n\n\n\n<li><strong>Observa\u00e7\u00e3o de baleias jubarte<\/strong>: passeios entre julho e novembro saem do pr\u00f3prio vilarejo, com operadoras credenciadas pelo ICMBio.<\/li>\n\n\n\n<li><strong>Etnoturismo Patax\u00f3<\/strong>: visitas \u00e0s aldeias Tib\u00e1 e Gurita, dentro do Parque Nacional, em parceria com a comunidade ind\u00edgena Comexatib\u00e1.<\/li>\n<\/ul>\n\n\n\n<p>A cozinha local mistura frutos do mar fresqu\u00edssimos e sabores cai\u00e7aras. Confira os destaques gastron\u00f4micos:<\/p>\n\n\n\n<ul class=\"wp-block-list\">\n<li><strong>Camar\u00e3o na moranga<\/strong>: prato s\u00edmbolo dos restaurantes p\u00e9 na areia da Praia do Centro.<\/li>\n\n\n\n<li><strong>Arroz de polvo<\/strong>: especialidade dos restaurantes instalados no alto das fal\u00e9sias da Areia Preta.<\/li>\n\n\n\n<li><strong>Budi\u00e3o grelhado<\/strong>: peixe local servido com acompanhamentos da culin\u00e1ria baiana, comum nos restaurantes familiares do vilarejo.<\/li>\n\n\n\n<li><strong>Casquinha de siri<\/strong>: aperitivo tradicional dos quiosques \u00e0 beira-mar.<\/li>\n\n\n\n<li><strong>Tapioca recheada<\/strong>: op\u00e7\u00e3o r\u00e1pida e barata nas barracas ao redor da pra\u00e7a central.<\/li>\n<\/ul>\n\n\n\n<p>Quem busca um ref\u00fagio no <strong>sul da Bahia<\/strong>, vai curtir esse v\u00eddeo especialmente selecionado do canal <strong>Rol\u00ea Fam\u00edlia<\/strong>, que conta com mais de <strong>84 mil<\/strong> visualiza\u00e7\u00f5es, onde o canal mostra um roteiro de 2 dias por <strong>Cumuruxatiba<\/strong> e <strong>Prado<\/strong>:<\/p>\n\n\n\n<figure class=\"wp-block-embed is-type-video is-provider-youtube wp-block-embed-youtube wp-embed-aspect-16-9 wp-has-aspect-ratio\"><div class=\"wp-block-embed__wrapper\">\n<div class=\"jeg_video_container jeg_video_content\"><iframe loading=\"lazy\" title=\"Um PARA\u00cdSO ESCONDIDO no sul da Bahia | Roteiro de 2 dias em CUMURUXATIBA, Prado\" width=\"500\" height=\"281\" src=\"https:\/\/www.youtube.com\/embed\/m9uk9TW-LHs?feature=oembed\" frameborder=\"0\" allow=\"accelerometer; autoplay; clipboard-write; encrypted-media; gyroscope; picture-in-picture; web-share\" referrerpolicy=\"strict-origin-when-cross-origin\" allowfullscreen><\/iframe><\/div>\n<\/div><\/figure>\n\n\n\n<h2 class=\"wp-block-heading\">Quando ir e o que fazer em cada esta\u00e7\u00e3o<\/h2>\n\n\n\n<p>O litoral sul baiano n\u00e3o tem esta\u00e7\u00e3o chuvosa bem definida, e o sol predomina o ano inteiro em <strong>Cumuruxatiba<\/strong>. Veja como o tempo se comporta:<\/p>\n\n\n\n<style>\n    .clima-grid-uai99 { \n        --cor-primaria: #0278c0; --cor-secundaria: #ffd31a; --cor-txt-secundaria: #0278c0;\n        display: grid; grid-template-columns: repeat(auto-fit, minmax(190px, 1fr)); gap: 15px; justify-content: center; padding: 10px;\n    }\n    .clima-card-uai99 { border: 5px solid var(--cor-primaria); border-top: 5px solid var(--cor-secundaria); border-radius: 12px; background-color: var(--cor-primaria); background-clip: padding-box; display: flex; flex-direction: column; overflow: hidden; cursor: pointer; box-shadow: 0 6px 12px rgba(0,0,0, 0.2); transition: transform 0.2s ease, box-shadow 0.2s ease; -webkit-tap-highlight-color: transparent; user-select: none; transform: translateZ(0); animation: wmFadeIn 0.6s cubic-bezier(0.2, 0.8, 0.2, 1) backwards; }\n    .clima-card-uai99:focus-visible { outline: 3px dashed var(--cor-secundaria); outline-offset: 4px; }\n    .clima-card-uai99:nth-child(1) { animation-delay: 0.1s; } .clima-card-uai99:nth-child(2) { animation-delay: 0.2s; } .clima-card-uai99:nth-child(3) { animation-delay: 0.3s; } .clima-card-uai99:nth-child(4) { animation-delay: 0.4s; }\n    @keyframes wmFadeIn { from { opacity: 0; transform: translateY(30px); } to { opacity: 1; transform: translateY(0); } }\n    .clima-card-uai99:hover { transform: translateY(-5px); box-shadow: 0 15px 30px rgba(0,0,0, 0.3); }\n    .clima-card-uai99:active { transform: translateY(-1px) scale(0.97); box-shadow: 0 3px 6px rgba(0,0,0, 0.2); transition: transform 0.05s ease, box-shadow 0.05s ease; }\n    .clima-header-uai99 { background: #fdfbf5; padding: 15px 10px; text-align: center; display: flex; flex-direction: column; align-items: center; justify-content: center; }\n    .clima-body-uai99 { background: #ffffff; padding: 15px; display: flex; flex-direction: column; flex-grow: 1; align-items: center; }\n    .clima-destaque-uai99 { box-shadow: 0 8px 16px rgba(0,0,0, 0.25); }\n    .clima-destaque-uai99:hover { box-shadow: 0 18px 36px rgba(0,0,0, 0.35); }\n    .clima-destaque-uai99 .clima-header-uai99 { background: var(--cor-secundaria); }\n    .clima-destaque-uai99 .clima-header-uai99 .clima-titulo-uai99 { color: var(--cor-txt-secundaria) !important; } \n    .clima-pill-uai99 { display: flex; white-space: normal; max-width: 100%; box-sizing: border-box; justify-content: center; align-items: center; text-align: center; background: #e6f2fa; color: var(--cor-primaria); font-size: 11px; font-weight: 900 !important; letter-spacing: 0.5px; padding: 8px 16px; border-radius: 16px; text-transform: uppercase; line-height: 1.4; box-shadow: 0 4px 8px rgba(0,0,0, 0.15); margin-top: auto; transition: transform 0.2s ease; }\n    .clima-destaque-uai99 .clima-pill-uai99 { background: var(--cor-primaria); color: #ffffff; border: 1px solid #ffffff; } \n    .clima-card-uai99:hover .clima-pill-uai99 { transform: scale(1.06); }\n    .clima-pill-uai99 span { font-weight: 900 !important; color: inherit; } \n    .clima-emoji-uai99 { font-size: 24px; line-height: 1; margin-bottom: 5px; }\n    .clima-titulo-uai99 { color: var(--cor-primaria); font-size: 16px; text-transform: uppercase; margin-top: 5px; font-weight: bold; }\n    .clima-mes-uai99 { font-size: 11px; font-weight: 800; color: var(--cor-primaria); text-transform: uppercase; margin-bottom: 5px; display: block; }\n    .clima-temp-uai99 { font-size: 26px; font-weight: 900; color: var(--cor-primaria); margin-bottom: 10px; }\n    .clima-desc-uai99 { font-size: 13px; color: #444; text-align: center; line-height: 1.5; margin-bottom: 15px; flex-grow: 1;}\n    .clima-desc-uai99 strong { color: #111; }\n    @media (prefers-color-scheme: dark) {\n        .clima-card-uai99 { border-color: #014f7d; background-color: #014f7d; box-shadow: 0 6px 12px rgba(0,0,0, 0.5); }\n        .clima-header-uai99 { background: #1a1a1a; } .clima-body-uai99 { background: #121212; }\n        .clima-destaque-uai99 .clima-header-uai99 { background: var(--cor-secundaria); }\n        .clima-destaque-uai99 .clima-header-uai99 .clima-titulo-uai99 { color: var(--cor-txt-secundaria) !important; }\n        .clima-titulo-uai99 { color: #63b2e8; } .clima-mes-uai99 { color: #63b2e8; } .clima-temp-uai99 { color: #63b2e8; } .clima-desc-uai99 { color: #cccccc; } .clima-desc-uai99 strong { color: #ffffff; }\n        .clima-pill-uai99 { background: #014f7d; color: #ffffff; box-shadow: 0 4px 8px rgba(0, 0, 0, 0.5); }\n        .clima-destaque-uai99 .clima-pill-uai99 { background: #013859; color: #ffffff; border-color: #63b2e8; }\n    }\n<\/style>\n<div class=\"google-auto-ads-ignore clima-grid-uai99\" style=\"box-sizing: border-box; width: 100%; max-width: 980px; margin: 30px auto; font-family: 'Segoe UI', Roboto, Helvetica, Arial, sans-serif;\">\n    <div class=\"clima-card-uai99\" tabindex=\"0\">\n        <div class=\"clima-header-uai99\"><div class=\"clima-emoji-uai99\" aria-hidden=\"true\">\ud83e\udd3f<\/div><div class=\"clima-titulo-uai99\">Ver\u00e3o<\/div><\/div>\n        <div class=\"clima-body-uai99\">\n            <time class=\"clima-mes-uai99\">Dezembro a fevereiro<\/time><div class=\"clima-temp-uai99\">24\u00b0C a 31\u00b0C<\/div>\n            <div class=\"clima-desc-uai99\">As temperaturas atingem o pico no sul da Bahia. Os banhistas aproveitam o sol para curtir as <strong>praias e o espetacular mergulho nos recifes<\/strong>.<\/div>\n            <div class=\"clima-pill-uai99\"><span>\u2601\ufe0f Chuva M\u00e9dia<\/span><\/div>\n        <\/div>\n    <\/div>\n    <div class=\"clima-card-uai99\" tabindex=\"0\">\n        <div class=\"clima-header-uai99\"><div class=\"clima-emoji-uai99\" aria-hidden=\"true\">\ud83e\udd7e<\/div><div class=\"clima-titulo-uai99\">Outono<\/div><\/div>\n        <div class=\"clima-body-uai99\">\n            <time class=\"clima-mes-uai99\">Mar\u00e7o a maio<\/time><div class=\"clima-temp-uai99\">23\u00b0C a 29\u00b0C<\/div>\n            <div class=\"clima-desc-uai99\">O clima segue \u00famido, mas as temperaturas amenas criam o f\u00f4lego necess\u00e1rio para as longas <strong>trilhas no Parque do Descobrimento<\/strong>.<\/div>\n            <div class=\"clima-pill-uai99\"><span>\u2601\ufe0f Chuva M\u00e9dia<\/span><\/div>\n        <\/div>\n    <\/div>\n    <div class=\"clima-card-uai99 clima-destaque-uai99\" tabindex=\"0\">\n        <div class=\"clima-header-uai99\"><div class=\"clima-emoji-uai99\" aria-hidden=\"true\">\ud83d\udc0b<\/div><div class=\"clima-titulo-uai99\">Inverno<\/div><\/div>\n        <div class=\"clima-body-uai99\">\n            <time class=\"clima-mes-uai99\">Junho a agosto<\/time><div class=\"clima-temp-uai99\">20\u00b0C a 26\u00b0C<\/div>\n            <div class=\"clima-desc-uai99\">A grande atra\u00e7\u00e3o das \u00e1guas baianas! O turismo volta seus olhos para o mar aberto com a grandiosa <strong>observa\u00e7\u00e3o de baleias jubarte<\/strong>.<\/div>\n            <div class=\"clima-pill-uai99\"><span>\u2b50 Destaque \/ Baleias<\/span><\/div>\n        <\/div>\n    <\/div>\n    <div class=\"clima-card-uai99\" tabindex=\"0\">\n        <div class=\"clima-header-uai99\"><div class=\"clima-emoji-uai99\" aria-hidden=\"true\">\ud83c\udff9<\/div><div class=\"clima-titulo-uai99\">Primavera<\/div><\/div>\n        <div class=\"clima-body-uai99\">\n            <time class=\"clima-mes-uai99\">Setembro a novembro<\/time><div class=\"clima-temp-uai99\">22\u00b0C a 28\u00b0C<\/div>\n            <div class=\"clima-desc-uai99\">As chuvas diminuem, deixando as estradas mais seguras. Excelente cen\u00e1rio para o roteiro de <strong>Etnoturismo Patax\u00f3 e a linda Barra do Cahy<\/strong>.<\/div>\n            <div class=\"clima-pill-uai99\"><span>\ud83c\udf24\ufe0f Chuva Baixa<\/span><\/div>\n        <\/div>\n    <\/div>\n<\/div>\n\n\n\n<p><em>Temperaturas aproximadas com base no <a href=\"https:\/\/www.climatempo.com.br\/previsao-do-tempo\/cidade\/3033\/prado-ba\" target=\"_blank\" rel=\"noreferrer noopener\"><strong>Climatempo<\/strong><\/a> de Prado, munic\u00edpio-sede. Condi\u00e7\u00f5es podem variar conforme frentes frias e chuvas costeiras.<\/em><\/p>\n\n\n\n<h2 class=\"wp-block-heading\">Como chegar a Cumuruxatiba<\/h2>\n\n\n\n<p>O aeroporto mais pr\u00f3ximo \u00e9 o de <strong>Teixeira de Freitas<\/strong>, a 110 km de dist\u00e2ncia, com cerca de 2 horas de viagem por estrada. O <strong>Aeroporto Internacional de Porto Seguro<\/strong> recebe mais voos diretos das capitais brasileiras, mas fica a 230 km do vilarejo, o que representa cerca de 4 horas de trajeto. De carro, o acesso final segue pela BA-001 entre Prado e Cumuruxatiba, com 30 km n\u00e3o pavimentados que exigem aten\u00e7\u00e3o em dias de chuva.<\/p>\n\n\n\n<h2 class=\"wp-block-heading\">V\u00e1 conhecer a vila do come\u00e7o do Brasil<\/h2>\n\n\n\n<p>Cumuruxatiba combina o sil\u00eancio das praias desertas com o peso de ter sido uma das primeiras paisagens vistas pelos portugueses em 1500. O vilarejo guarda Patrim\u00f4nio Mundial da UNESCO, o ritmo lento da Bahia que o turismo ainda n\u00e3o acelerou e baleias jubarte que aparecem direto da areia.<\/p>\n\n\n\n<p>Voc\u00ea precisa enfrentar os 30 km de estrada de terra, sentar no p\u00eder ao p\u00f4r do sol e olhar para o mesmo horizonte que Cabral viu para entender por que esse peda\u00e7o da Bahia ainda parece intocado.<\/p>\n","protected":false},"excerpt":{"rendered":"<p>No extremo sul da Bahia, Cumuruxatiba resiste ao turismo de massa gra\u00e7as aos 30 km finais de estrada de ch\u00e3o. A vila de pescadores guarda fal\u00e9sias coloridas, baleias jubarte no horizonte e o ponto onde a esquadra de Cabral pisou em terra antes de seguir para Porto Seguro. Por que Cumuruxatiba ainda tem praias desertas? [&hellip;]<\/p>\n","protected":false},"author":14,"featured_media":127607,"comment_status":"open","ping_status":"open","sticky":false,"template":"","format":"standard","meta":{"jnews-multi-image_gallery":[],"jnews_single_post":{"format":"standard"},"jnews_primary_category":[],"jnews_social_meta":[],"jnews_override_counter":[],"footnotes":""},"categories":[1],"tags":[1233,234,22492],"class_list":["post-127443","post","type-post","status-publish","format-standard","has-post-thumbnail","hentry","category-sem-categoria","tag-bahia","tag-cidades","tag-cumuruxatiba"],"yoast_head":"<!-- This site is optimized with the Yoast SEO plugin v26.5 - https:\/\/yoast.com\/wordpress\/plugins\/seo\/ -->\n<title>O vilarejo baiano com 30 km de estrada de terra que guarda o local exato do primeiro desembarque portugu\u00eas em 1500 - UAI Not\u00edcias<\/title>\n<meta name=\"description\" content=\"Onde o Brasil come\u00e7ou: conhe\u00e7a o destino na Bahia que preserva o marco de 1500 e oferece praias paradis\u00edacas e isoladas. Saiba mais.\" \/>\n<meta name=\"robots\" content=\"index, follow, max-snippet:-1, max-image-preview:large, max-video-preview:-1\" \/>\n<link rel=\"canonical\" href=\"https:\/\/www.uai.com.br\/uainoticias\/2026\/04\/27\/o-vilarejo-baiano-com-30-km-de-estrada-de-terra-que-guarda-o-local-exato-do-primeiro-desembarque-portugues-em-1500\/\" \/>\n<meta property=\"og:locale\" content=\"pt_BR\" \/>\n<meta property=\"og:type\" content=\"article\" \/>\n<meta property=\"og:title\" content=\"O vilarejo baiano com 30 km de estrada de terra que guarda o local exato do primeiro desembarque portugu\u00eas em 1500 - UAI Not\u00edcias\" \/>\n<meta property=\"og:description\" content=\"Onde o Brasil come\u00e7ou: conhe\u00e7a o destino na Bahia que preserva o marco de 1500 e oferece praias paradis\u00edacas e isoladas. Saiba mais.\" \/>\n<meta property=\"og:url\" content=\"https:\/\/www.uai.com.br\/uainoticias\/2026\/04\/27\/o-vilarejo-baiano-com-30-km-de-estrada-de-terra-que-guarda-o-local-exato-do-primeiro-desembarque-portugues-em-1500\/\" \/>\n<meta property=\"og:site_name\" content=\"UAI Not\u00edcias\" \/>\n<meta property=\"article:published_time\" content=\"2026-04-27T13:00:00+00:00\" \/>\n<meta property=\"og:image\" content=\"https:\/\/www.uai.com.br\/uainoticias\/wp-content\/uploads\/2026\/04\/Woman_walking_sandy_202604260830.jpg\" \/>\n\t<meta property=\"og:image:width\" content=\"1280\" \/>\n\t<meta property=\"og:image:height\" content=\"720\" \/>\n\t<meta property=\"og:image:type\" content=\"image\/jpeg\" \/>\n<meta name=\"author\" content=\"Vitor Bruno\" \/>\n<meta name=\"twitter:card\" content=\"summary_large_image\" \/>\n<meta name=\"twitter:label1\" content=\"Escrito por\" \/>\n\t<meta name=\"twitter:data1\" content=\"Vitor Bruno\" \/>\n\t<meta name=\"twitter:label2\" content=\"Est. tempo de leitura\" \/>\n\t<meta name=\"twitter:data2\" content=\"7 minutos\" \/>\n<!-- \/ Yoast SEO plugin. -->","yoast_head_json":{"title":"O vilarejo baiano com 30 km de estrada de terra que guarda o local exato do primeiro desembarque portugu\u00eas em 1500 - UAI Not\u00edcias","description":"Onde o Brasil come\u00e7ou: conhe\u00e7a o destino na Bahia que preserva o marco de 1500 e oferece praias paradis\u00edacas e isoladas. Saiba mais.","robots":{"index":"index","follow":"follow","max-snippet":"max-snippet:-1","max-image-preview":"max-image-preview:large","max-video-preview":"max-video-preview:-1"},"canonical":"https:\/\/www.uai.com.br\/uainoticias\/2026\/04\/27\/o-vilarejo-baiano-com-30-km-de-estrada-de-terra-que-guarda-o-local-exato-do-primeiro-desembarque-portugues-em-1500\/","og_locale":"pt_BR","og_type":"article","og_title":"O vilarejo baiano com 30 km de estrada de terra que guarda o local exato do primeiro desembarque portugu\u00eas em 1500 - UAI Not\u00edcias","og_description":"Onde o Brasil come\u00e7ou: conhe\u00e7a o destino na Bahia que preserva o marco de 1500 e oferece praias paradis\u00edacas e isoladas. Saiba mais.","og_url":"https:\/\/www.uai.com.br\/uainoticias\/2026\/04\/27\/o-vilarejo-baiano-com-30-km-de-estrada-de-terra-que-guarda-o-local-exato-do-primeiro-desembarque-portugues-em-1500\/","og_site_name":"UAI Not\u00edcias","article_published_time":"2026-04-27T13:00:00+00:00","og_image":[{"width":1280,"height":720,"url":"https:\/\/www.uai.com.br\/uainoticias\/wp-content\/uploads\/2026\/04\/Woman_walking_sandy_202604260830.jpg","type":"image\/jpeg"}],"author":"Vitor Bruno","twitter_card":"summary_large_image","twitter_misc":{"Escrito por":"Vitor Bruno","Est. tempo de leitura":"7 minutos"},"schema":{"@context":"https:\/\/schema.org","@graph":[{"@type":"WebPage","@id":"https:\/\/www.uai.com.br\/uainoticias\/2026\/04\/27\/o-vilarejo-baiano-com-30-km-de-estrada-de-terra-que-guarda-o-local-exato-do-primeiro-desembarque-portugues-em-1500\/","url":"https:\/\/www.uai.com.br\/uainoticias\/2026\/04\/27\/o-vilarejo-baiano-com-30-km-de-estrada-de-terra-que-guarda-o-local-exato-do-primeiro-desembarque-portugues-em-1500\/","name":"O vilarejo baiano com 30 km de estrada de terra que guarda o local exato do primeiro desembarque portugu\u00eas em 1500 - UAI Not\u00edcias","isPartOf":{"@id":"https:\/\/www.uai.com.br\/uainoticias\/#website"},"primaryImageOfPage":{"@id":"https:\/\/www.uai.com.br\/uainoticias\/2026\/04\/27\/o-vilarejo-baiano-com-30-km-de-estrada-de-terra-que-guarda-o-local-exato-do-primeiro-desembarque-portugues-em-1500\/#primaryimage"},"image":{"@id":"https:\/\/www.uai.com.br\/uainoticias\/2026\/04\/27\/o-vilarejo-baiano-com-30-km-de-estrada-de-terra-que-guarda-o-local-exato-do-primeiro-desembarque-portugues-em-1500\/#primaryimage"},"thumbnailUrl":"https:\/\/www.uai.com.br\/uainoticias\/wp-content\/uploads\/2026\/04\/Woman_walking_sandy_202604260830.jpg","datePublished":"2026-04-27T13:00:00+00:00","author":{"@id":"https:\/\/www.uai.com.br\/uainoticias\/#\/schema\/person\/03130d752d0ce4e3bb0f607f1bc85084"},"description":"Onde o Brasil come\u00e7ou: conhe\u00e7a o destino na Bahia que preserva o marco de 1500 e oferece praias paradis\u00edacas e isoladas. Saiba mais.","breadcrumb":{"@id":"https:\/\/www.uai.com.br\/uainoticias\/2026\/04\/27\/o-vilarejo-baiano-com-30-km-de-estrada-de-terra-que-guarda-o-local-exato-do-primeiro-desembarque-portugues-em-1500\/#breadcrumb"},"inLanguage":"pt-BR","potentialAction":[{"@type":"ReadAction","target":["https:\/\/www.uai.com.br\/uainoticias\/2026\/04\/27\/o-vilarejo-baiano-com-30-km-de-estrada-de-terra-que-guarda-o-local-exato-do-primeiro-desembarque-portugues-em-1500\/"]}]},{"@type":"ImageObject","inLanguage":"pt-BR","@id":"https:\/\/www.uai.com.br\/uainoticias\/2026\/04\/27\/o-vilarejo-baiano-com-30-km-de-estrada-de-terra-que-guarda-o-local-exato-do-primeiro-desembarque-portugues-em-1500\/#primaryimage","url":"https:\/\/www.uai.com.br\/uainoticias\/wp-content\/uploads\/2026\/04\/Woman_walking_sandy_202604260830.jpg","contentUrl":"https:\/\/www.uai.com.br\/uainoticias\/wp-content\/uploads\/2026\/04\/Woman_walking_sandy_202604260830.jpg","width":1280,"height":720,"caption":"O vilarejo baiano com 30 km de estrada de terra que guarda o local exato do primeiro desembarque portugu\u00eas em 1500 \/\/ IMAGEM ILUSTRATIVA"},{"@type":"BreadcrumbList","@id":"https:\/\/www.uai.com.br\/uainoticias\/2026\/04\/27\/o-vilarejo-baiano-com-30-km-de-estrada-de-terra-que-guarda-o-local-exato-do-primeiro-desembarque-portugues-em-1500\/#breadcrumb","itemListElement":[{"@type":"ListItem","position":1,"name":"In\u00edcio","item":"https:\/\/www.uai.com.br\/uainoticias\/"},{"@type":"ListItem","position":2,"name":"O vilarejo baiano com 30 km de estrada de terra que guarda o local exato do primeiro desembarque portugu\u00eas em 1500"}]},{"@type":"WebSite","@id":"https:\/\/www.uai.com.br\/uainoticias\/#website","url":"https:\/\/www.uai.com.br\/uainoticias\/","name":"UAI Not\u00edcias","description":"Acompanhe as \u00faltimas not\u00edcias e fique bem informado sobre tudo o que acontece no Brasil e no mundo.","potentialAction":[{"@type":"SearchAction","target":{"@type":"EntryPoint","urlTemplate":"https:\/\/www.uai.com.br\/uainoticias\/?s={search_term_string}"},"query-input":{"@type":"PropertyValueSpecification","valueRequired":true,"valueName":"search_term_string"}}],"inLanguage":"pt-BR"},{"@type":"Person","@id":"https:\/\/www.uai.com.br\/uainoticias\/#\/schema\/person\/03130d752d0ce4e3bb0f607f1bc85084","name":"Vitor Bruno","image":{"@type":"ImageObject","inLanguage":"pt-BR","@id":"https:\/\/www.uai.com.br\/uainoticias\/#\/schema\/person\/image\/","url":"https:\/\/secure.gravatar.com\/avatar\/ab0513148053bbb80c117cdd35f8a0f2742d41eebbac321acf8df2e633d81609?s=96&d=mm&r=g","contentUrl":"https:\/\/secure.gravatar.com\/avatar\/ab0513148053bbb80c117cdd35f8a0f2742d41eebbac321acf8df2e633d81609?s=96&d=mm&r=g","caption":"Vitor Bruno"},"sameAs":["https:\/\/www.uai.com.br\/uainoticias\/"],"url":"https:\/\/www.uai.com.br\/uainoticias\/author\/vitor\/"}]}},"_links":{"self":[{"href":"https:\/\/www.uai.com.br\/uainoticias\/wp-json\/wp\/v2\/posts\/127443","targetHints":{"allow":["GET"]}}],"collection":[{"href":"https:\/\/www.uai.com.br\/uainoticias\/wp-json\/wp\/v2\/posts"}],"about":[{"href":"https:\/\/www.uai.com.br\/uainoticias\/wp-json\/wp\/v2\/types\/post"}],"author":[{"embeddable":true,"href":"https:\/\/www.uai.com.br\/uainoticias\/wp-json\/wp\/v2\/users\/14"}],"replies":[{"embeddable":true,"href":"https:\/\/www.uai.com.br\/uainoticias\/wp-json\/wp\/v2\/comments?post=127443"}],"version-history":[{"count":8,"href":"https:\/\/www.uai.com.br\/uainoticias\/wp-json\/wp\/v2\/posts\/127443\/revisions"}],"predecessor-version":[{"id":127608,"href":"https:\/\/www.uai.com.br\/uainoticias\/wp-json\/wp\/v2\/posts\/127443\/revisions\/127608"}],"wp:featuredmedia":[{"embeddable":true,"href":"https:\/\/www.uai.com.br\/uainoticias\/wp-json\/wp\/v2\/media\/127607"}],"wp:attachment":[{"href":"https:\/\/www.uai.com.br\/uainoticias\/wp-json\/wp\/v2\/media?parent=127443"}],"wp:term":[{"taxonomy":"category","embeddable":true,"href":"https:\/\/www.uai.com.br\/uainoticias\/wp-json\/wp\/v2\/categories?post=127443"},{"taxonomy":"post_tag","embeddable":true,"href":"https:\/\/www.uai.com.br\/uainoticias\/wp-json\/wp\/v2\/tags?post=127443"}],"curies":[{"name":"wp","href":"https:\/\/api.w.org\/{rel}","templated":true}]}}