{"id":127442,"date":"2026-04-27T06:25:00","date_gmt":"2026-04-27T09:25:00","guid":{"rendered":"https:\/\/www.uai.com.br\/uainoticias\/?p=127442"},"modified":"2026-04-26T08:26:35","modified_gmt":"2026-04-26T11:26:35","slug":"o-vilarejo-de-8-mil-habitantes-com-aguas-cristalinas-como-um-espelho-dentro-da-maior-unidade-de-conservacao-marinha-do-brasil","status":"publish","type":"post","link":"https:\/\/www.uai.com.br\/uainoticias\/2026\/04\/27\/o-vilarejo-de-8-mil-habitantes-com-aguas-cristalinas-como-um-espelho-dentro-da-maior-unidade-de-conservacao-marinha-do-brasil\/","title":{"rendered":"O vilarejo de 8 mil habitantes com \u00e1guas cristalinas como um espelho dentro da maior unidade de conserva\u00e7\u00e3o marinha do Brasil"},"content":{"rendered":"\n<p>Areia branca, \u00e1gua em tom verde-esmeralda e o sil\u00eancio dos coqueirais. <strong>S\u00e3o Miguel dos Milagres<\/strong>, no litoral norte de <strong>Alagoas<\/strong>, \u00e9 o cora\u00e7\u00e3o da chamada <strong>Rota Ecol\u00f3gica dos Milagres<\/strong> e est\u00e1 totalmente dentro da maior unidade de conserva\u00e7\u00e3o marinha federal do <strong>Brasil<\/strong>. A vila tem cerca de 8 mil habitantes e fica a aproximadamente 100 km de <strong>Macei\u00f3<\/strong>.<\/p>\n\n\n\n<h2 class=\"wp-block-heading\">Por que essa vila \u00e9 considerada uma das mais preservadas do Nordeste<\/h2>\n\n\n\n<p>Toda a faixa costeira est\u00e1 dentro da <strong>\u00c1rea de Prote\u00e7\u00e3o Ambiental Costa dos Corais (APA Costa dos Corais)<\/strong>, criada por decreto federal em 23 de outubro de 1997. Segundo o <a href=\"https:\/\/www4.icmbio.gov.br\/apacostadoscorais\/\" target=\"_blank\" rel=\"noreferrer noopener\"><strong>Instituto Chico Mendes de Conserva\u00e7\u00e3o da Biodiversidade (ICMBio)<\/strong><\/a>, essa \u00e9 a maior unidade de conserva\u00e7\u00e3o marinha federal do <strong>Brasil<\/strong>, com mais de 400 mil hectares de mangues, recifes e mar.<\/p>\n\n\n\n<p>\u00c9 essa prote\u00e7\u00e3o que mant\u00e9m a paisagem em ritmo lento. As constru\u00e7\u00f5es \u00e0 beira-mar s\u00e3o poucas, predominam pousadas pequenas, e as estradas de terra entre povoados preservam o clima r\u00fastico que praticamente desapareceu em outros trechos do litoral nordestino.<\/p>\n\n\n<div class=\"wp-block-image\">\n<figure class=\"aligncenter size-large\"><img decoding=\"async\" width=\"1024\" height=\"576\" src=\"https:\/\/www.uai.com.br\/uainoticias\/wp-content\/uploads\/2026\/04\/Sao-Miguel-dos-Milagres_1775031946231-1024x576.jpg\" alt=\"Essa vila de 8 mil habitantes com ruas de terra e piscinas naturais protegidas pela maior \u00e1rea marinha do Brasil\" class=\"wp-image-120414\" srcset=\"https:\/\/www.uai.com.br\/uainoticias\/wp-content\/uploads\/2026\/04\/Sao-Miguel-dos-Milagres_1775031946231-1024x576.jpg 1024w, https:\/\/www.uai.com.br\/uainoticias\/wp-content\/uploads\/2026\/04\/Sao-Miguel-dos-Milagres_1775031946231-300x169.jpg 300w, https:\/\/www.uai.com.br\/uainoticias\/wp-content\/uploads\/2026\/04\/Sao-Miguel-dos-Milagres_1775031946231-768x432.jpg 768w, https:\/\/www.uai.com.br\/uainoticias\/wp-content\/uploads\/2026\/04\/Sao-Miguel-dos-Milagres_1775031946231-750x422.jpg 750w, https:\/\/www.uai.com.br\/uainoticias\/wp-content\/uploads\/2026\/04\/Sao-Miguel-dos-Milagres_1775031946231-1140x641.jpg 1140w, https:\/\/www.uai.com.br\/uainoticias\/wp-content\/uploads\/2026\/04\/Sao-Miguel-dos-Milagres_1775031946231.jpg 1280w\" sizes=\"(max-width: 1024px) 100vw, 1024px\" \/><figcaption class=\"wp-element-caption\">S\u00e3o Miguel dos Milagres, Alagoas \/\/ Cr\u00e9ditos: depositphotos.com \/ Cristian_Lourenco<\/figcaption><\/figure><\/div>\n\n\n<h2 class=\"wp-block-heading\">Quais reconhecimentos a Rota Ecol\u00f3gica acumula?<\/h2>\n\n\n\n<p>A regi\u00e3o coleciona destaques nacionais ligados ao turismo sustent\u00e1vel e \u00e0 preserva\u00e7\u00e3o ambiental. Os principais selos v\u00eam do governo federal, da imprensa e de certifica\u00e7\u00f5es internacionais:<\/p>\n\n\n\n<ul class=\"wp-block-list\">\n<li><strong>Rota dos Milagres<\/strong>: divulgada pelo <a href=\"https:\/\/www.gov.br\/turismo\/pt-br\/assuntos\/noticias\/rota-dos-milagres-e-opcao-para-quem-busca-descanso-e-praias-paradisiacas-em-alagoas\" target=\"_blank\" rel=\"noreferrer noopener\"><strong>Minist\u00e9rio do Turismo<\/strong><\/a> como uma das principais op\u00e7\u00f5es de turismo de sol e praia do <strong>Brasil<\/strong>.<\/li>\n\n\n\n<li><strong>Praia do Patacho (vizinha, em Porto de Pedras)<\/strong>: 2\u00aa melhor praia do Nordeste no pr\u00eamio \u201cO Melhor do Turismo Brasileiro\u201d 2026, do Estad\u00e3o, ficando atr\u00e1s apenas da Praia do Sancho, em Fernando de Noronha.<\/li>\n\n\n\n<li><strong>Selo Bandeira Azul<\/strong>: a <strong>Praia do Patacho<\/strong> \u00e9 a \u00fanica de Alagoas com a certifica\u00e7\u00e3o internacional concedida a destinos com qualidade ambiental, seguran\u00e7a e gest\u00e3o exemplares.<\/li>\n\n\n\n<li><strong>APA Costa dos Corais<\/strong>: com cerca de 405 mil hectares originais e 495 mil ap\u00f3s decreto de amplia\u00e7\u00e3o assinado em 2025 pelo <a href=\"https:\/\/www.gov.br\/mma\/pt-br\/noticias\/maior-unidade-de-conservacao-marinha-do-pais-e-ampliada-pelo-governo-federal\" target=\"_blank\" rel=\"noreferrer noopener\"><strong>Minist\u00e9rio do Meio Ambiente e Mudan\u00e7a do Clima<\/strong><\/a>, \u00e9 refer\u00eancia nacional em conserva\u00e7\u00e3o marinha.<\/li>\n<\/ul>\n\n\n<div class=\"wp-block-image\">\n<figure class=\"aligncenter size-large\"><img decoding=\"async\" width=\"1024\" height=\"576\" src=\"https:\/\/www.uai.com.br\/uainoticias\/wp-content\/uploads\/2026\/04\/Sao-Miguel-dos-Milagres_1775031962640-1024x576.jpg\" alt=\"Essa vila de 8 mil habitantes com ruas de terra e piscinas naturais protegidas pela maior \u00e1rea marinha do Brasil\" class=\"wp-image-120415\" srcset=\"https:\/\/www.uai.com.br\/uainoticias\/wp-content\/uploads\/2026\/04\/Sao-Miguel-dos-Milagres_1775031962640-1024x576.jpg 1024w, https:\/\/www.uai.com.br\/uainoticias\/wp-content\/uploads\/2026\/04\/Sao-Miguel-dos-Milagres_1775031962640-300x169.jpg 300w, https:\/\/www.uai.com.br\/uainoticias\/wp-content\/uploads\/2026\/04\/Sao-Miguel-dos-Milagres_1775031962640-768x432.jpg 768w, https:\/\/www.uai.com.br\/uainoticias\/wp-content\/uploads\/2026\/04\/Sao-Miguel-dos-Milagres_1775031962640-750x422.jpg 750w, https:\/\/www.uai.com.br\/uainoticias\/wp-content\/uploads\/2026\/04\/Sao-Miguel-dos-Milagres_1775031962640-1140x641.jpg 1140w, https:\/\/www.uai.com.br\/uainoticias\/wp-content\/uploads\/2026\/04\/Sao-Miguel-dos-Milagres_1775031962640.jpg 1280w\" sizes=\"(max-width: 1024px) 100vw, 1024px\" \/><figcaption class=\"wp-element-caption\">S\u00e3o Miguel dos Milagres, Alagoas \/\/ Cr\u00e9ditos: depositphotos.com \/ Cristian_Lourenco<\/figcaption><\/figure><\/div>\n\n\n<h2 class=\"wp-block-heading\">O santu\u00e1rio onde os peixes-bois nadam livres<\/h2>\n\n\n\n<p>O <strong>Rio Tatuamunha<\/strong>, no munic\u00edpio vizinho de <strong>Porto de Pedras<\/strong>, abriga o <strong>Santu\u00e1rio do Peixe-Boi<\/strong>, espa\u00e7o dedicado \u00e0 reabilita\u00e7\u00e3o e \u00e0 observa\u00e7\u00e3o do mam\u00edfero aqu\u00e1tico mais amea\u00e7ado do <strong>Brasil<\/strong>. O Projeto Peixe-Boi Marinho foi criado pelo Governo Federal em 1980 e tem base avan\u00e7ada na regi\u00e3o com apoio do <strong>ICMBio<\/strong>.<\/p>\n\n\n\n<p>A visita\u00e7\u00e3o \u00e9 feita por jangadas movidas a remo, e os passeios s\u00e3o conduzidos pela <strong>Associa\u00e7\u00e3o Peixe-Boi<\/strong>, formada por pescadores, ribeirinhos e estudantes locais. Cerca de 40 fam\u00edlias vivem do turismo de base comunit\u00e1ria ligado ao projeto.<\/p>\n\n\n\n<p><strong>Leia tamb\u00e9m: <a href=\"https:\/\/www.uai.com.br\/uainoticias\/2026\/04\/25\/essa-cidade-nordestina-esta-em-alta-447-mais-estrangeiros-escolheram-esse-paraiso-de-mar-morno-e-brisa-perfeita\/\" target=\"_blank\" rel=\"noreferrer noopener\">Essa cidade nordestina est\u00e1 em alta: 44,7% mais estrangeiros escolheram esse para\u00edso de mar morno e brisa perfeita<\/a><\/strong><\/p>\n\n\n\n<h2 class=\"wp-block-heading\">O que fazer e onde comer na vila alagoana<\/h2>\n\n\n\n<p>O litoral da Rota Ecol\u00f3gica re\u00fane praias quase desertas, piscinas naturais formadas na mar\u00e9 baixa e uma sequ\u00eancia de povoados em poucos quil\u00f4metros. Confira as principais paradas:<\/p>\n\n\n\n<ul class=\"wp-block-list\">\n<li><strong>Praia do Toque<\/strong>: faixa de areia branca com piscinas naturais vis\u00edveis na mar\u00e9 baixa, acessadas em jangadas dos pescadores locais.<\/li>\n\n\n\n<li><strong>Praia do Patacho<\/strong>: em Porto de Pedras, \u00e9 a praia premiada da regi\u00e3o, com bandeira azul e mar em tom azul-turquesa.<\/li>\n\n\n\n<li><strong>Praia do Marceneiro<\/strong>: em Passo de Camaragibe, abriga a <strong>Vilinha Marceneiro<\/strong>, conjunto de lojas e restaurantes em ambiente r\u00fastico.<\/li>\n\n\n\n<li><strong>Santu\u00e1rio do Peixe-Boi<\/strong>: passeio de jangada pelo <strong>Rio Tatuamunha<\/strong> com observa\u00e7\u00e3o dos animais em recintos de aclimata\u00e7\u00e3o.<\/li>\n\n\n\n<li><strong>Farol de Porto de Pedras<\/strong>: instalado pela <strong>Marinha do Brasil<\/strong> em 1933, oferece vista panor\u00e2mica do litoral da Rota Ecol\u00f3gica.<\/li>\n\n\n\n<li><strong>Mirante do Alto do Cruzeiro<\/strong>: ponto alto da vila com vista da costa e do mar dos Milagres.<\/li>\n<\/ul>\n\n\n\n<p>A culin\u00e1ria local \u00e9 o segundo motivo de viagem para muitos visitantes. Os pratos misturam o frescor do mar com sabores tradicionais alagoanos:<\/p>\n\n\n\n<ul class=\"wp-block-list\">\n<li><strong>Caldeirada de frutos do mar<\/strong>: receita tradicional alagoana servida em panela de barro, com peixes, camar\u00f5es e leite de coco.<\/li>\n\n\n\n<li><strong>Casquinha de aratu e siri<\/strong>: petisco regional comum nos restaurantes da regi\u00e3o, em geral coberto por uma camada de ovo.<\/li>\n\n\n\n<li><strong>Lagosta grelhada na manteiga<\/strong>: prato campe\u00e3o da Rota, servido em v\u00e1rios quiosques p\u00e9 na areia.<\/li>\n\n\n\n<li><strong>Peixada alagoana<\/strong>: caldo grosso com peixe, batata, piment\u00e3o e coentro, heran\u00e7a da cozinha ribeirinha.<\/li>\n\n\n\n<li><strong>Sururu na cuia<\/strong>: molusco t\u00edpico de <strong>Alagoas<\/strong>, servido com leite de coco em pequenas por\u00e7\u00f5es.<\/li>\n<\/ul>\n\n\n\n<p>Quem busca tranquilidade no <strong>Nordeste<\/strong>, vai curtir esse v\u00eddeo especialmente selecionado do canal <strong>Casal Alencar<\/strong>, que conta com mais de <strong>128 mil<\/strong> visualiza\u00e7\u00f5es, onde <strong>Bruna e Adriano Alencar<\/strong> mostram praias paradis\u00edacas e ref\u00fagios em <strong>S\u00e3o Miguel dos Milagres<\/strong>:<\/p>\n\n\n\n<figure class=\"wp-block-embed is-type-video is-provider-youtube wp-block-embed-youtube wp-embed-aspect-16-9 wp-has-aspect-ratio\"><div class=\"wp-block-embed__wrapper\">\n<div class=\"jeg_video_container jeg_video_content\"><iframe loading=\"lazy\" title=\"O PARA\u00cdSO POUCO EXPLORADO - S\u00c3O MIGUEL DOS MILAGRES\" width=\"500\" height=\"281\" src=\"https:\/\/www.youtube.com\/embed\/CicZmkGXqgc?feature=oembed\" frameborder=\"0\" allow=\"accelerometer; autoplay; clipboard-write; encrypted-media; gyroscope; picture-in-picture; web-share\" referrerpolicy=\"strict-origin-when-cross-origin\" allowfullscreen><\/iframe><\/div>\n<\/div><\/figure>\n\n\n\n<h2 class=\"wp-block-heading\">Qual a melhor \u00e9poca para visitar a Rota Ecol\u00f3gica?<\/h2>\n\n\n\n<p>A melhor janela vai de setembro a mar\u00e7o, quando as chuvas s\u00e3o baixas e o mar fica mais cristalino. Para aproveitar as piscinas naturais, \u00e9 fundamental consultar a t\u00e1bua de mar\u00e9s e priorizar dias de lua cheia ou nova, quando a mar\u00e9 recua mais. Veja o que esperar de cada esta\u00e7\u00e3o:<\/p>\n\n\n\n<style>\n    .clima-grid-uai98 { \n        --cor-primaria: #0278c0; --cor-secundaria: #ffd31a; --cor-txt-secundaria: #0278c0;\n        display: grid; grid-template-columns: repeat(auto-fit, minmax(190px, 1fr)); gap: 15px; justify-content: center; padding: 10px;\n    }\n    .clima-card-uai98 { border: 5px solid var(--cor-primaria); border-top: 5px solid var(--cor-secundaria); border-radius: 12px; background-color: var(--cor-primaria); background-clip: padding-box; display: flex; flex-direction: column; overflow: hidden; cursor: pointer; box-shadow: 0 6px 12px rgba(0,0,0, 0.2); transition: transform 0.2s ease, box-shadow 0.2s ease; -webkit-tap-highlight-color: transparent; user-select: none; transform: translateZ(0); animation: wmFadeIn 0.6s cubic-bezier(0.2, 0.8, 0.2, 1) backwards; }\n    .clima-card-uai98:focus-visible { outline: 3px dashed var(--cor-secundaria); outline-offset: 4px; }\n    .clima-card-uai98:nth-child(1) { animation-delay: 0.1s; } .clima-card-uai98:nth-child(2) { animation-delay: 0.2s; } .clima-card-uai98:nth-child(3) { animation-delay: 0.3s; } .clima-card-uai98:nth-child(4) { animation-delay: 0.4s; }\n    @keyframes wmFadeIn { from { opacity: 0; transform: translateY(30px); } to { opacity: 1; transform: translateY(0); } }\n    .clima-card-uai98:hover { transform: translateY(-5px); box-shadow: 0 15px 30px rgba(0,0,0, 0.3); }\n    .clima-card-uai98:active { transform: translateY(-1px) scale(0.97); box-shadow: 0 3px 6px rgba(0,0,0, 0.2); transition: transform 0.05s ease, box-shadow 0.05s ease; }\n    .clima-header-uai98 { background: #fdfbf5; padding: 15px 10px; text-align: center; display: flex; flex-direction: column; align-items: center; justify-content: center; }\n    .clima-body-uai98 { background: #ffffff; padding: 15px; display: flex; flex-direction: column; flex-grow: 1; align-items: center; }\n    .clima-destaque-uai98 { box-shadow: 0 8px 16px rgba(0,0,0, 0.25); }\n    .clima-destaque-uai98:hover { box-shadow: 0 18px 36px rgba(0,0,0, 0.35); }\n    .clima-destaque-uai98 .clima-header-uai98 { background: var(--cor-secundaria); }\n    .clima-destaque-uai98 .clima-header-uai98 .clima-titulo-uai98 { color: var(--cor-txt-secundaria) !important; } \n    .clima-pill-uai98 { display: flex; white-space: normal; max-width: 100%; box-sizing: border-box; justify-content: center; align-items: center; text-align: center; background: #e6f2fa; color: var(--cor-primaria); font-size: 11px; font-weight: 900 !important; letter-spacing: 0.5px; padding: 8px 16px; border-radius: 16px; text-transform: uppercase; line-height: 1.4; box-shadow: 0 4px 8px rgba(0,0,0, 0.15); margin-top: auto; transition: transform 0.2s ease; }\n    .clima-destaque-uai98 .clima-pill-uai98 { background: var(--cor-primaria); color: #ffffff; border: 1px solid #ffffff; } \n    .clima-card-uai98:hover .clima-pill-uai98 { transform: scale(1.06); }\n    .clima-pill-uai98 span { font-weight: 900 !important; color: inherit; } \n    .clima-emoji-uai98 { font-size: 24px; line-height: 1; margin-bottom: 5px; }\n    .clima-titulo-uai98 { color: var(--cor-primaria); font-size: 16px; text-transform: uppercase; margin-top: 5px; font-weight: bold; }\n    .clima-mes-uai98 { font-size: 11px; font-weight: 800; color: var(--cor-primaria); text-transform: uppercase; margin-bottom: 5px; display: block; }\n    .clima-temp-uai98 { font-size: 26px; font-weight: 900; color: var(--cor-primaria); margin-bottom: 10px; }\n    .clima-desc-uai98 { font-size: 13px; color: #444; text-align: center; line-height: 1.5; margin-bottom: 15px; flex-grow: 1;}\n    .clima-desc-uai98 strong { color: #111; }\n    @media (prefers-color-scheme: dark) {\n        .clima-card-uai98 { border-color: #014f7d; background-color: #014f7d; box-shadow: 0 6px 12px rgba(0,0,0, 0.5); }\n        .clima-header-uai98 { background: #1a1a1a; } .clima-body-uai98 { background: #121212; }\n        .clima-destaque-uai98 .clima-header-uai98 { background: var(--cor-secundaria); }\n        .clima-destaque-uai98 .clima-header-uai98 .clima-titulo-uai98 { color: var(--cor-txt-secundaria) !important; }\n        .clima-titulo-uai98 { color: #63b2e8; } .clima-mes-uai98 { color: #63b2e8; } .clima-temp-uai98 { color: #63b2e8; } .clima-desc-uai98 { color: #cccccc; } .clima-desc-uai98 strong { color: #ffffff; }\n        .clima-pill-uai98 { background: #014f7d; color: #ffffff; box-shadow: 0 4px 8px rgba(0, 0, 0, 0.5); }\n        .clima-destaque-uai98 .clima-pill-uai98 { background: #013859; color: #ffffff; border-color: #63b2e8; }\n    }\n<\/style>\n<div class=\"google-auto-ads-ignore clima-grid-uai98\" style=\"box-sizing: border-box; width: 100%; max-width: 980px; margin: 30px auto; font-family: 'Segoe UI', Roboto, Helvetica, Arial, sans-serif;\">\n    <div class=\"clima-card-uai98 clima-destaque-uai98\" tabindex=\"0\">\n        <div class=\"clima-header-uai98\"><div class=\"clima-emoji-uai98\" aria-hidden=\"true\">\u26f5<\/div><div class=\"clima-titulo-uai98\">Ver\u00e3o<\/div><\/div>\n        <div class=\"clima-body-uai98\">\n            <time class=\"clima-mes-uai98\">Dezembro a fevereiro<\/time><div class=\"clima-temp-uai98\">25\u00b0C a 31\u00b0C<\/div>\n            <div class=\"clima-desc-uai98\">A melhor \u00e9poca! As chuvas despencam e o mar fica calmo e transl\u00facido, ideal para curtir as <strong>piscinas naturais e os famosos passeios de jangada<\/strong>.<\/div>\n            <div class=\"clima-pill-uai98\"><span>\u2b50 Melhor \u00c9poca \/ Seco<\/span><\/div>\n        <\/div>\n    <\/div>\n    <div class=\"clima-card-uai98\" tabindex=\"0\">\n        <div class=\"clima-header-uai98\"><div class=\"clima-emoji-uai98\" aria-hidden=\"true\">\ud83c\udf77<\/div><div class=\"clima-titulo-uai98\">Outono<\/div><\/div>\n        <div class=\"clima-body-uai98\">\n            <time class=\"clima-mes-uai98\">Mar\u00e7o a maio<\/time><div class=\"clima-temp-uai98\">24\u00b0C a 30\u00b0C<\/div>\n            <div class=\"clima-desc-uai98\">A temporada de grandes chuvas chega a Alagoas. A alternativa \u00e9 relaxar no conforto das luxuosas <strong>pousadas de charme e investir na gastronomia<\/strong>.<\/div>\n            <div class=\"clima-pill-uai98\"><span>\u2614 Chuva Alta<\/span><\/div>\n        <\/div>\n    <\/div>\n    <div class=\"clima-card-uai98\" tabindex=\"0\">\n        <div class=\"clima-header-uai98\"><div class=\"clima-emoji-uai98\" aria-hidden=\"true\">\ud83d\udc1f<\/div><div class=\"clima-titulo-uai98\">Inverno<\/div><\/div>\n        <div class=\"clima-body-uai98\">\n            <time class=\"clima-mes-uai98\">Junho a agosto<\/time><div class=\"clima-temp-uai98\">22\u00b0C a 28\u00b0C<\/div>\n            <div class=\"clima-desc-uai98\">O clima se mant\u00e9m \u00famido e com bastante chuva. Para roteiros alternativos com a fam\u00edlia, uma excelente op\u00e7\u00e3o \u00e9 o <strong>Santu\u00e1rio do Peixe-Boi<\/strong>.<\/div>\n            <div class=\"clima-pill-uai98\"><span>\u2614 Chuva Alta<\/span><\/div>\n        <\/div>\n    <\/div>\n    <div class=\"clima-card-uai98\" tabindex=\"0\">\n        <div class=\"clima-header-uai98\"><div class=\"clima-emoji-uai98\" aria-hidden=\"true\">\ud83c\udfd6\ufe0f<\/div><div class=\"clima-titulo-uai98\">Primavera<\/div><\/div>\n        <div class=\"clima-body-uai98\">\n            <time class=\"clima-mes-uai98\">Setembro a novembro<\/time><div class=\"clima-temp-uai98\">24\u00b0C a 30\u00b0C<\/div>\n            <div class=\"clima-desc-uai98\">O c\u00e9u azul retorna com as \u00e1guas mornas! Fase muito convidativa para relaxar sem muvuca nas lind\u00edssimas praias do <strong>Patacho e na Praia do Toque<\/strong>.<\/div>\n            <div class=\"clima-pill-uai98\"><span>\ud83c\udf24\ufe0f Chuva Baixa<\/span><\/div>\n        <\/div>\n    <\/div>\n<\/div>\n\n\n\n<p><em>Temperaturas aproximadas com base no <a href=\"https:\/\/www.climatempo.com.br\/previsao-do-tempo\/cidade\/6831\/saomigueldosmilagres-al\" target=\"_blank\" rel=\"noreferrer noopener\"><strong>Climatempo<\/strong><\/a> de S\u00e3o Miguel dos Milagres. Condi\u00e7\u00f5es podem variar.<\/em><\/p>\n\n\n\n<h2 class=\"wp-block-heading\">Como chegar \u00e0 vila do litoral norte alagoano<\/h2>\n\n\n\n<p>A porta de entrada \u00e9 o <strong>Aeroporto Internacional Zumbi dos Palmares (MCZ)<\/strong>, em <strong>Macei\u00f3<\/strong>, que recebe voos diretos das principais capitais brasileiras. De l\u00e1, s\u00e3o cerca de 100 km at\u00e9 a vila, em trajeto de duas horas pela rodovia <strong>AL-101<\/strong>.<\/p>\n\n\n\n<p>O acesso \u00e9 feito por estrada asfaltada, com trechos de terra nos povoados. H\u00e1 servi\u00e7o de transfer privativo, t\u00e1xi e aluguel de carro saindo do aeroporto. Quem se hospeda no <strong>Recife<\/strong> tamb\u00e9m pode chegar pela mesma rodovia em cerca de 4 horas.<\/p>\n\n\n\n<h2 class=\"wp-block-heading\">Conhe\u00e7a a vila escondida no maior santu\u00e1rio marinho do Brasil<\/h2>\n\n\n\n<p>S\u00e3o Miguel dos Milagres re\u00fane o que poucos destinos brasileiros conseguem oferecer: piscinas caribenhas, peixes-bois nadando livres, pousadas de charme e ruas de terra em plena <strong>APA Costa dos Corais<\/strong>. Tudo em apenas 25 km de litoral preservado.<\/p>\n\n\n\n<p>Voc\u00ea precisa atravessar a Rota Ecol\u00f3gica e entender por que esse peda\u00e7o de Alagoas continua sendo um dos segredos mais bem guardados do <strong>Nordeste<\/strong>.<\/p>\n","protected":false},"excerpt":{"rendered":"<p>Areia branca, \u00e1gua em tom verde-esmeralda e o sil\u00eancio dos coqueirais. S\u00e3o Miguel dos Milagres, no litoral norte de Alagoas, \u00e9 o cora\u00e7\u00e3o da chamada Rota Ecol\u00f3gica dos Milagres e est\u00e1 totalmente dentro da maior unidade de conserva\u00e7\u00e3o marinha federal do Brasil. A vila tem cerca de 8 mil habitantes e fica a aproximadamente 100 [&hellip;]<\/p>\n","protected":false},"author":14,"featured_media":127602,"comment_status":"open","ping_status":"open","sticky":false,"template":"","format":"standard","meta":{"jnews-multi-image_gallery":[],"jnews_single_post":{"format":"standard"},"jnews_primary_category":[],"jnews_social_meta":[],"jnews_override_counter":[],"footnotes":""},"categories":[210],"tags":[1661,234,22207],"class_list":["post-127442","post","type-post","status-publish","format-standard","has-post-thumbnail","hentry","category-cidades","tag-alagoas","tag-cidades","tag-sao-miguel-dos-milagres"],"yoast_head":"<!-- This site is optimized with the Yoast SEO plugin v26.5 - https:\/\/yoast.com\/wordpress\/plugins\/seo\/ -->\n<title>O vilarejo de 8 mil habitantes com \u00e1guas cristalinas como um espelho dentro da maior unidade de conserva\u00e7\u00e3o marinha do Brasil - UAI Not\u00edcias<\/title>\n<meta name=\"description\" content=\"\u00c1guas de espelho e natureza protegida: veja detalhes deste vilarejo de 8 mil habitantes em Alagoas que encanta o mundo. Saiba mais.\" \/>\n<meta name=\"robots\" content=\"index, follow, max-snippet:-1, max-image-preview:large, max-video-preview:-1\" \/>\n<link rel=\"canonical\" href=\"https:\/\/www.uai.com.br\/uainoticias\/2026\/04\/27\/o-vilarejo-de-8-mil-habitantes-com-aguas-cristalinas-como-um-espelho-dentro-da-maior-unidade-de-conservacao-marinha-do-brasil\/\" \/>\n<meta property=\"og:locale\" content=\"pt_BR\" \/>\n<meta property=\"og:type\" content=\"article\" \/>\n<meta property=\"og:title\" content=\"O vilarejo de 8 mil habitantes com \u00e1guas cristalinas como um espelho dentro da maior unidade de conserva\u00e7\u00e3o marinha do Brasil - UAI Not\u00edcias\" \/>\n<meta property=\"og:description\" content=\"\u00c1guas de espelho e natureza protegida: veja detalhes deste vilarejo de 8 mil habitantes em Alagoas que encanta o mundo. Saiba mais.\" \/>\n<meta property=\"og:url\" content=\"https:\/\/www.uai.com.br\/uainoticias\/2026\/04\/27\/o-vilarejo-de-8-mil-habitantes-com-aguas-cristalinas-como-um-espelho-dentro-da-maior-unidade-de-conservacao-marinha-do-brasil\/\" \/>\n<meta property=\"og:site_name\" content=\"UAI Not\u00edcias\" \/>\n<meta property=\"article:published_time\" content=\"2026-04-27T09:25:00+00:00\" \/>\n<meta property=\"og:image\" content=\"https:\/\/www.uai.com.br\/uainoticias\/wp-content\/uploads\/2026\/04\/Woman_in_natural_202604260826.jpg\" \/>\n\t<meta property=\"og:image:width\" content=\"1280\" \/>\n\t<meta property=\"og:image:height\" content=\"720\" \/>\n\t<meta property=\"og:image:type\" content=\"image\/jpeg\" \/>\n<meta name=\"author\" content=\"Vitor Bruno\" \/>\n<meta name=\"twitter:card\" content=\"summary_large_image\" \/>\n<meta name=\"twitter:label1\" content=\"Escrito por\" \/>\n\t<meta name=\"twitter:data1\" content=\"Vitor Bruno\" \/>\n\t<meta name=\"twitter:label2\" content=\"Est. tempo de leitura\" \/>\n\t<meta name=\"twitter:data2\" content=\"7 minutos\" \/>\n<!-- \/ Yoast SEO plugin. -->","yoast_head_json":{"title":"O vilarejo de 8 mil habitantes com \u00e1guas cristalinas como um espelho dentro da maior unidade de conserva\u00e7\u00e3o marinha do Brasil - UAI Not\u00edcias","description":"\u00c1guas de espelho e natureza protegida: veja detalhes deste vilarejo de 8 mil habitantes em Alagoas que encanta o mundo. Saiba mais.","robots":{"index":"index","follow":"follow","max-snippet":"max-snippet:-1","max-image-preview":"max-image-preview:large","max-video-preview":"max-video-preview:-1"},"canonical":"https:\/\/www.uai.com.br\/uainoticias\/2026\/04\/27\/o-vilarejo-de-8-mil-habitantes-com-aguas-cristalinas-como-um-espelho-dentro-da-maior-unidade-de-conservacao-marinha-do-brasil\/","og_locale":"pt_BR","og_type":"article","og_title":"O vilarejo de 8 mil habitantes com \u00e1guas cristalinas como um espelho dentro da maior unidade de conserva\u00e7\u00e3o marinha do Brasil - UAI Not\u00edcias","og_description":"\u00c1guas de espelho e natureza protegida: veja detalhes deste vilarejo de 8 mil habitantes em Alagoas que encanta o mundo. Saiba mais.","og_url":"https:\/\/www.uai.com.br\/uainoticias\/2026\/04\/27\/o-vilarejo-de-8-mil-habitantes-com-aguas-cristalinas-como-um-espelho-dentro-da-maior-unidade-de-conservacao-marinha-do-brasil\/","og_site_name":"UAI Not\u00edcias","article_published_time":"2026-04-27T09:25:00+00:00","og_image":[{"width":1280,"height":720,"url":"https:\/\/www.uai.com.br\/uainoticias\/wp-content\/uploads\/2026\/04\/Woman_in_natural_202604260826.jpg","type":"image\/jpeg"}],"author":"Vitor Bruno","twitter_card":"summary_large_image","twitter_misc":{"Escrito por":"Vitor Bruno","Est. tempo de leitura":"7 minutos"},"schema":{"@context":"https:\/\/schema.org","@graph":[{"@type":"WebPage","@id":"https:\/\/www.uai.com.br\/uainoticias\/2026\/04\/27\/o-vilarejo-de-8-mil-habitantes-com-aguas-cristalinas-como-um-espelho-dentro-da-maior-unidade-de-conservacao-marinha-do-brasil\/","url":"https:\/\/www.uai.com.br\/uainoticias\/2026\/04\/27\/o-vilarejo-de-8-mil-habitantes-com-aguas-cristalinas-como-um-espelho-dentro-da-maior-unidade-de-conservacao-marinha-do-brasil\/","name":"O vilarejo de 8 mil habitantes com \u00e1guas cristalinas como um espelho dentro da maior unidade de conserva\u00e7\u00e3o marinha do Brasil - UAI Not\u00edcias","isPartOf":{"@id":"https:\/\/www.uai.com.br\/uainoticias\/#website"},"primaryImageOfPage":{"@id":"https:\/\/www.uai.com.br\/uainoticias\/2026\/04\/27\/o-vilarejo-de-8-mil-habitantes-com-aguas-cristalinas-como-um-espelho-dentro-da-maior-unidade-de-conservacao-marinha-do-brasil\/#primaryimage"},"image":{"@id":"https:\/\/www.uai.com.br\/uainoticias\/2026\/04\/27\/o-vilarejo-de-8-mil-habitantes-com-aguas-cristalinas-como-um-espelho-dentro-da-maior-unidade-de-conservacao-marinha-do-brasil\/#primaryimage"},"thumbnailUrl":"https:\/\/www.uai.com.br\/uainoticias\/wp-content\/uploads\/2026\/04\/Woman_in_natural_202604260826.jpg","datePublished":"2026-04-27T09:25:00+00:00","author":{"@id":"https:\/\/www.uai.com.br\/uainoticias\/#\/schema\/person\/03130d752d0ce4e3bb0f607f1bc85084"},"description":"\u00c1guas de espelho e natureza protegida: veja detalhes deste vilarejo de 8 mil habitantes em Alagoas que encanta o mundo. Saiba mais.","breadcrumb":{"@id":"https:\/\/www.uai.com.br\/uainoticias\/2026\/04\/27\/o-vilarejo-de-8-mil-habitantes-com-aguas-cristalinas-como-um-espelho-dentro-da-maior-unidade-de-conservacao-marinha-do-brasil\/#breadcrumb"},"inLanguage":"pt-BR","potentialAction":[{"@type":"ReadAction","target":["https:\/\/www.uai.com.br\/uainoticias\/2026\/04\/27\/o-vilarejo-de-8-mil-habitantes-com-aguas-cristalinas-como-um-espelho-dentro-da-maior-unidade-de-conservacao-marinha-do-brasil\/"]}]},{"@type":"ImageObject","inLanguage":"pt-BR","@id":"https:\/\/www.uai.com.br\/uainoticias\/2026\/04\/27\/o-vilarejo-de-8-mil-habitantes-com-aguas-cristalinas-como-um-espelho-dentro-da-maior-unidade-de-conservacao-marinha-do-brasil\/#primaryimage","url":"https:\/\/www.uai.com.br\/uainoticias\/wp-content\/uploads\/2026\/04\/Woman_in_natural_202604260826.jpg","contentUrl":"https:\/\/www.uai.com.br\/uainoticias\/wp-content\/uploads\/2026\/04\/Woman_in_natural_202604260826.jpg","width":1280,"height":720,"caption":"O vilarejo de 8 mil habitantes com \u00e1guas cristalinas como um espelho dentro da maior unidade de conserva\u00e7\u00e3o marinha do Brasil \/\/ IMAGEM ILUSTRATIVA"},{"@type":"BreadcrumbList","@id":"https:\/\/www.uai.com.br\/uainoticias\/2026\/04\/27\/o-vilarejo-de-8-mil-habitantes-com-aguas-cristalinas-como-um-espelho-dentro-da-maior-unidade-de-conservacao-marinha-do-brasil\/#breadcrumb","itemListElement":[{"@type":"ListItem","position":1,"name":"In\u00edcio","item":"https:\/\/www.uai.com.br\/uainoticias\/"},{"@type":"ListItem","position":2,"name":"O vilarejo de 8 mil habitantes com \u00e1guas cristalinas como um espelho dentro da maior unidade de conserva\u00e7\u00e3o marinha do Brasil"}]},{"@type":"WebSite","@id":"https:\/\/www.uai.com.br\/uainoticias\/#website","url":"https:\/\/www.uai.com.br\/uainoticias\/","name":"UAI Not\u00edcias","description":"Acompanhe as \u00faltimas not\u00edcias e fique bem informado sobre tudo o que acontece no Brasil e no mundo.","potentialAction":[{"@type":"SearchAction","target":{"@type":"EntryPoint","urlTemplate":"https:\/\/www.uai.com.br\/uainoticias\/?s={search_term_string}"},"query-input":{"@type":"PropertyValueSpecification","valueRequired":true,"valueName":"search_term_string"}}],"inLanguage":"pt-BR"},{"@type":"Person","@id":"https:\/\/www.uai.com.br\/uainoticias\/#\/schema\/person\/03130d752d0ce4e3bb0f607f1bc85084","name":"Vitor Bruno","image":{"@type":"ImageObject","inLanguage":"pt-BR","@id":"https:\/\/www.uai.com.br\/uainoticias\/#\/schema\/person\/image\/","url":"https:\/\/secure.gravatar.com\/avatar\/ab0513148053bbb80c117cdd35f8a0f2742d41eebbac321acf8df2e633d81609?s=96&d=mm&r=g","contentUrl":"https:\/\/secure.gravatar.com\/avatar\/ab0513148053bbb80c117cdd35f8a0f2742d41eebbac321acf8df2e633d81609?s=96&d=mm&r=g","caption":"Vitor Bruno"},"sameAs":["https:\/\/www.uai.com.br\/uainoticias\/"],"url":"https:\/\/www.uai.com.br\/uainoticias\/author\/vitor\/"}]}},"_links":{"self":[{"href":"https:\/\/www.uai.com.br\/uainoticias\/wp-json\/wp\/v2\/posts\/127442","targetHints":{"allow":["GET"]}}],"collection":[{"href":"https:\/\/www.uai.com.br\/uainoticias\/wp-json\/wp\/v2\/posts"}],"about":[{"href":"https:\/\/www.uai.com.br\/uainoticias\/wp-json\/wp\/v2\/types\/post"}],"author":[{"embeddable":true,"href":"https:\/\/www.uai.com.br\/uainoticias\/wp-json\/wp\/v2\/users\/14"}],"replies":[{"embeddable":true,"href":"https:\/\/www.uai.com.br\/uainoticias\/wp-json\/wp\/v2\/comments?post=127442"}],"version-history":[{"count":7,"href":"https:\/\/www.uai.com.br\/uainoticias\/wp-json\/wp\/v2\/posts\/127442\/revisions"}],"predecessor-version":[{"id":127603,"href":"https:\/\/www.uai.com.br\/uainoticias\/wp-json\/wp\/v2\/posts\/127442\/revisions\/127603"}],"wp:featuredmedia":[{"embeddable":true,"href":"https:\/\/www.uai.com.br\/uainoticias\/wp-json\/wp\/v2\/media\/127602"}],"wp:attachment":[{"href":"https:\/\/www.uai.com.br\/uainoticias\/wp-json\/wp\/v2\/media?parent=127442"}],"wp:term":[{"taxonomy":"category","embeddable":true,"href":"https:\/\/www.uai.com.br\/uainoticias\/wp-json\/wp\/v2\/categories?post=127442"},{"taxonomy":"post_tag","embeddable":true,"href":"https:\/\/www.uai.com.br\/uainoticias\/wp-json\/wp\/v2\/tags?post=127442"}],"curies":[{"name":"wp","href":"https:\/\/api.w.org\/{rel}","templated":true}]}}