{"id":127441,"date":"2026-04-27T02:00:00","date_gmt":"2026-04-27T05:00:00","guid":{"rendered":"https:\/\/www.uai.com.br\/uainoticias\/?p=127441"},"modified":"2026-04-26T08:25:07","modified_gmt":"2026-04-26T11:25:07","slug":"mais-de-300-dias-de-sol-por-ano-e-o-maior-parque-urbano-sobre-dunas-do-pais-essa-capital-e-a-4a-melhor-do-nordeste-em-qualidade-de-vida-2","status":"publish","type":"post","link":"https:\/\/www.uai.com.br\/uainoticias\/2026\/04\/27\/mais-de-300-dias-de-sol-por-ano-e-o-maior-parque-urbano-sobre-dunas-do-pais-essa-capital-e-a-4a-melhor-do-nordeste-em-qualidade-de-vida-2\/","title":{"rendered":"Mais de 300 dias de sol por ano e o maior parque urbano sobre dunas do pa\u00eds: essa capital \u00e9 a 4\u00aa melhor do Nordeste em qualidade de vida"},"content":{"rendered":"\n<p>O vento al\u00edsio sopra forte na orla, e o sol aparece quase todos os dias do calend\u00e1rio. <strong>Natal<\/strong>, capital do <strong>Rio Grande do Norte<\/strong>, soma mais de 300 dias de sol por ano, abriga o maior parque urbano sobre dunas do <strong>Brasil<\/strong> e ocupa a 4\u00aa posi\u00e7\u00e3o entre as capitais nordestinas no <strong>\u00cdndice de Progresso Social (IPS Brasil 2025)<\/strong>. N\u00e3o \u00e0 toa, a cidade \u00e9 apelidada de Cidade do Sol.<\/p>\n\n\n\n<h2 class=\"wp-block-heading\">Por que Natal \u00e9 chamada de Cidade do Sol<\/h2>\n\n\n\n<p>O apelido vem da pr\u00f3pria geografia. A capital fica no ponto do litoral brasileiro mais pr\u00f3ximo da <strong>\u00c1frica<\/strong>, posi\u00e7\u00e3o que rendeu tamb\u00e9m o t\u00edtulo de \u201cesquina do continente\u201d. A combina\u00e7\u00e3o de latitude pr\u00f3xima ao equador e ventos al\u00edsios constantes garante c\u00e9u limpo na maior parte do ano.<\/p>\n\n\n\n<p>Esse mesmo posicionamento estrat\u00e9gico moldou a hist\u00f3ria da cidade. Foi por causa da rota oce\u00e2nica que os portugueses iniciaram a constru\u00e7\u00e3o do <strong>Forte dos Reis Magos<\/strong> em 6 de janeiro de 1598, antes mesmo da funda\u00e7\u00e3o oficial de Natal, em 25 de dezembro de 1599, segundo a <a href=\"https:\/\/www.natal.rn.gov.br\/cidade-de-natal-rn\" target=\"_blank\" rel=\"noreferrer noopener\"><strong>Prefeitura do Natal<\/strong><\/a>.<\/p>\n\n\n<div class=\"wp-block-image\">\n<figure class=\"aligncenter size-large\"><img decoding=\"async\" width=\"1024\" height=\"576\" src=\"https:\/\/www.uai.com.br\/uainoticias\/wp-content\/uploads\/2026\/04\/Natal-rio-grande-do-norte_1775031685061-1024x576.jpg\" alt=\"300 dias de sol por ano e 30 praias no litoral: a cidade do nordeste que cresceu 55% em turismo internacional no Brasil\" class=\"wp-image-120408\" srcset=\"https:\/\/www.uai.com.br\/uainoticias\/wp-content\/uploads\/2026\/04\/Natal-rio-grande-do-norte_1775031685061-1024x576.jpg 1024w, https:\/\/www.uai.com.br\/uainoticias\/wp-content\/uploads\/2026\/04\/Natal-rio-grande-do-norte_1775031685061-300x169.jpg 300w, https:\/\/www.uai.com.br\/uainoticias\/wp-content\/uploads\/2026\/04\/Natal-rio-grande-do-norte_1775031685061-768x432.jpg 768w, https:\/\/www.uai.com.br\/uainoticias\/wp-content\/uploads\/2026\/04\/Natal-rio-grande-do-norte_1775031685061-750x422.jpg 750w, https:\/\/www.uai.com.br\/uainoticias\/wp-content\/uploads\/2026\/04\/Natal-rio-grande-do-norte_1775031685061-1140x641.jpg 1140w, https:\/\/www.uai.com.br\/uainoticias\/wp-content\/uploads\/2026\/04\/Natal-rio-grande-do-norte_1775031685061.jpg 1280w\" sizes=\"(max-width: 1024px) 100vw, 1024px\" \/><figcaption class=\"wp-element-caption\">Natal, a Cidade do Sol e capital do Rio Grande do Norte \/\/ Cr\u00e9ditos: depositphotos.com \/ Cristian_Lourenco<\/figcaption><\/figure><\/div>\n\n\n<h2 class=\"wp-block-heading\">Quais s\u00e3o os reconhecimentos da capital potiguar?<\/h2>\n\n\n\n<p>Natal coleciona t\u00edtulos que mesclam qualidade de vida, conserva\u00e7\u00e3o ambiental e patrim\u00f4nio hist\u00f3rico. Os principais selos v\u00eam de fontes oficiais e estudos nacionais:<\/p>\n\n\n\n<ul class=\"wp-block-list\">\n<li><strong>\u00cdndice de Progresso Social (IPS Brasil 2025)<\/strong>: 4\u00aa capital do Nordeste em qualidade de vida e 15\u00aa entre as capitais brasileiras, com nota 65,63, conforme registra a <a href=\"https:\/\/www.natal.rn.gov.br\/news\/post2\/42848\" target=\"_blank\" rel=\"noreferrer noopener\"><strong>Prefeitura do Natal<\/strong><\/a>. O estudo usa dados de <strong>IBGE<\/strong>, <strong>DataSUS<\/strong>, <strong>Inep<\/strong> e <strong>Mapbiomas<\/strong>.<\/li>\n\n\n\n<li><strong>Reserva da Biosfera da Mata Atl\u00e2ntica<\/strong>: o <strong>Parque das Dunas<\/strong> integra a reserva reconhecida pela <a href=\"https:\/\/www.unesco.org\/en\" target=\"_blank\" rel=\"noreferrer noopener\"><strong>Organiza\u00e7\u00e3o das Na\u00e7\u00f5es Unidas para a Educa\u00e7\u00e3o, a Ci\u00eancia e a Cultura (UNESCO)<\/strong><\/a>.<\/li>\n\n\n\n<li><strong>Forte dos Reis Magos<\/strong>: tombado pelo <a href=\"https:\/\/portal.iphan.gov.br\/\" target=\"_blank\" rel=\"noreferrer noopener\"><strong>Instituto do Patrim\u00f4nio Hist\u00f3rico e Art\u00edstico Nacional (IPHAN)<\/strong><\/a> desde 1949.<\/li>\n\n\n\n<li><strong>Educa\u00e7\u00e3o Superior<\/strong>: a capital figura entre as 10 cidades brasileiras com melhor desempenho no indicador, com nota 75,05 no IPS Brasil 2025.<\/li>\n<\/ul>\n\n\n<div class=\"wp-block-image\">\n<figure class=\"aligncenter size-large\"><img decoding=\"async\" width=\"1024\" height=\"576\" src=\"https:\/\/www.uai.com.br\/uainoticias\/wp-content\/uploads\/2026\/04\/Natal-rio-grande-do-norte_1775031700485-1024x576.jpg\" alt=\"\" class=\"wp-image-120409\" srcset=\"https:\/\/www.uai.com.br\/uainoticias\/wp-content\/uploads\/2026\/04\/Natal-rio-grande-do-norte_1775031700485-1024x576.jpg 1024w, https:\/\/www.uai.com.br\/uainoticias\/wp-content\/uploads\/2026\/04\/Natal-rio-grande-do-norte_1775031700485-300x169.jpg 300w, https:\/\/www.uai.com.br\/uainoticias\/wp-content\/uploads\/2026\/04\/Natal-rio-grande-do-norte_1775031700485-768x432.jpg 768w, https:\/\/www.uai.com.br\/uainoticias\/wp-content\/uploads\/2026\/04\/Natal-rio-grande-do-norte_1775031700485-750x422.jpg 750w, https:\/\/www.uai.com.br\/uainoticias\/wp-content\/uploads\/2026\/04\/Natal-rio-grande-do-norte_1775031700485-1140x641.jpg 1140w, https:\/\/www.uai.com.br\/uainoticias\/wp-content\/uploads\/2026\/04\/Natal-rio-grande-do-norte_1775031700485.jpg 1280w\" sizes=\"(max-width: 1024px) 100vw, 1024px\" \/><figcaption class=\"wp-element-caption\">Natal, a Cidade do Sol e capital do Rio Grande do Norte \/\/ Cr\u00e9ditos: depositphotos.com \/ Cristian_Lourenco<\/figcaption><\/figure><\/div>\n\n\n<h2 class=\"wp-block-heading\">O parque urbano que protege a cidade desde 1977<\/h2>\n\n\n\n<p>Criado pelo Decreto Estadual n\u00ba 7.237 de 1977, o <strong>Parque Estadual Dunas de Natal Jornalista Luiz Maria Alves<\/strong>, popularmente chamado de Parque das Dunas, foi a primeira unidade de conserva\u00e7\u00e3o do estado. S\u00e3o 1.172 hectares de Mata Atl\u00e2ntica preservada, restinga e tabuleiro costeiro encravados no meio da capital.<\/p>\n\n\n\n<p>O parque tem tr\u00eas trilhas guiadas em diferentes n\u00edveis: a Perobinha (800 m), a Peroba (2,8 km) e a Ubaia Doce (4,8 km), todas acompanhadas por guia e policial ambiental. A vegeta\u00e7\u00e3o fixa as dunas, recarrega o len\u00e7ol fre\u00e1tico e ajuda a purificar o ar urbano.<\/p>\n\n\n\n<p><strong>Leia tamb\u00e9m: <a href=\"https:\/\/www.uai.com.br\/uainoticias\/2026\/04\/25\/essa-cidade-nordestina-esta-em-alta-447-mais-estrangeiros-escolheram-esse-paraiso-de-mar-morno-e-brisa-perfeita\/\" target=\"_blank\" rel=\"noreferrer noopener\">Essa cidade nordestina est\u00e1 em alta: 44,7% mais estrangeiros escolheram esse para\u00edso de mar morno e brisa perfeita<\/a><\/strong><\/p>\n\n\n\n<h2 class=\"wp-block-heading\">O que visitar e onde comer bem na capital potiguar<\/h2>\n\n\n\n<p>O roteiro de Natal mistura forte colonial, dunas m\u00f3veis e uma das praias urbanas mais fotografadas do <strong>Nordeste<\/strong>. As principais atra\u00e7\u00f5es ficam a poucos minutos do centro tur\u00edstico:<\/p>\n\n\n\n<ul class=\"wp-block-list\">\n<li><strong>Praia de Ponta Negra e Morro do Careca<\/strong>: orla mais badalada, emoldurada por uma duna de cerca de 100 metros cercada por vegeta\u00e7\u00e3o nativa.<\/li>\n\n\n\n<li><strong>Forte dos Reis Magos<\/strong>: fortaleza em formato de estrela na foz do rio Potengi, com canh\u00f5es originais e o <strong>Marco de Touros<\/strong>, primeiro marco de posse portuguesa no <strong>Brasil<\/strong>.<\/li>\n\n\n\n<li><strong>Parque das Dunas<\/strong>: maior parque urbano sobre dunas do pa\u00eds, com trilhas em meio \u00e0 Mata Atl\u00e2ntica.<\/li>\n\n\n\n<li><strong>Dunas de Genipabu<\/strong>: em Extremoz, a cerca de 25 km do centro, com passeios de buggy entre dunas m\u00f3veis e lagoas de \u00e1gua doce.<\/li>\n\n\n\n<li><strong>Cajueiro de Pirangi<\/strong>: em Parnamirim, \u00e9 o maior cajueiro do mundo segundo o <strong>Guinness World Records<\/strong>, com cerca de 8.500 m\u00b2 de copa.<\/li>\n\n\n\n<li><strong>Centro Hist\u00f3rico<\/strong>: ruas coloniais, igrejas centen\u00e1rias, o <strong>Pal\u00e1cio Felipe Camar\u00e3o<\/strong> e o <strong>Beco da Lama<\/strong>, ponto tradicional da boemia local.<\/li>\n<\/ul>\n\n\n\n<p>A culin\u00e1ria potiguar mistura frutos do mar do litoral com sabores do sert\u00e3o. Os pratos t\u00edpicos aparecem nos mercados, nas barracas de praia e nos restaurantes da Via Costeira:<\/p>\n\n\n\n<ul class=\"wp-block-list\">\n<li><strong>Ginga com tapioca<\/strong>: peixe pequeno frito servido sobre tapioca, tradicional do <strong>Mercado da Redinha<\/strong>, \u00edcone da gastronomia natalense.<\/li>\n\n\n\n<li><strong>Carne de sol com macaxeira<\/strong>: cl\u00e1ssico do sert\u00e3o, em geral acompanhado de manteiga de garrafa e queijo coalho.<\/li>\n\n\n\n<li><strong>Camar\u00e3o grelhado<\/strong>: prato comum nas barracas da <strong>Via Costeira<\/strong>, servido com arroz e legumes salteados.<\/li>\n\n\n\n<li><strong>Caldinho de feij\u00e3o verde<\/strong>: tradi\u00e7\u00e3o das praias urbanas, vendido em copos de vidro com pimenta e coentro.<\/li>\n\n\n\n<li><strong>Tapioca recheada<\/strong>: op\u00e7\u00e3o doce ou salgada com queijo coalho, coco ou carne de sol.<\/li>\n<\/ul>\n\n\n\n<p>Quem busca um roteiro em <strong>Natal<\/strong>, vai curtir esse v\u00eddeo especialmente selecionado do canal <strong>Trip Partiu<\/strong>, que conta com mais de <strong>279 mil<\/strong> visualiza\u00e7\u00f5es, onde <strong>Jana<\/strong> mostra dicas de praias, dunas e pre\u00e7os no <strong>Rio Grande do Norte<\/strong>:<\/p>\n\n\n\n<figure class=\"wp-block-embed is-type-video is-provider-youtube wp-block-embed-youtube wp-embed-aspect-16-9 wp-has-aspect-ratio\"><div class=\"wp-block-embed__wrapper\">\n<div class=\"jeg_video_container jeg_video_content\"><iframe loading=\"lazy\" title=\"NATAL RN: roteiro completo com DICAS e PRE\u00c7OS\" width=\"500\" height=\"281\" src=\"https:\/\/www.youtube.com\/embed\/vZ1v_L91MJY?feature=oembed\" frameborder=\"0\" allow=\"accelerometer; autoplay; clipboard-write; encrypted-media; gyroscope; picture-in-picture; web-share\" referrerpolicy=\"strict-origin-when-cross-origin\" allowfullscreen><\/iframe><\/div>\n<\/div><\/figure>\n\n\n\n<h2 class=\"wp-block-heading\">Qual a melhor \u00e9poca para visitar Natal?<\/h2>\n\n\n\n<p>A melhor janela vai de setembro a janeiro, quando as chuvas s\u00e3o baixas e o mar fica mais cristalino. O calor \u00e9 constante o ano inteiro, mas o regime de chuvas muda totalmente a paisagem. Veja o que esperar de cada esta\u00e7\u00e3o:<\/p>\n\n\n\n<style>\n    .clima-grid-uai97 { \n        --cor-primaria: #0278c0; --cor-secundaria: #ffd31a; --cor-txt-secundaria: #0278c0;\n        display: grid; grid-template-columns: repeat(auto-fit, minmax(190px, 1fr)); gap: 15px; justify-content: center; padding: 10px;\n    }\n    .clima-card-uai97 { border: 5px solid var(--cor-primaria); border-top: 5px solid var(--cor-secundaria); border-radius: 12px; background-color: var(--cor-primaria); background-clip: padding-box; display: flex; flex-direction: column; overflow: hidden; cursor: pointer; box-shadow: 0 6px 12px rgba(0,0,0, 0.2); transition: transform 0.2s ease, box-shadow 0.2s ease; -webkit-tap-highlight-color: transparent; user-select: none; transform: translateZ(0); animation: wmFadeIn 0.6s cubic-bezier(0.2, 0.8, 0.2, 1) backwards; }\n    .clima-card-uai97:focus-visible { outline: 3px dashed var(--cor-secundaria); outline-offset: 4px; }\n    .clima-card-uai97:nth-child(1) { animation-delay: 0.1s; } .clima-card-uai97:nth-child(2) { animation-delay: 0.2s; } .clima-card-uai97:nth-child(3) { animation-delay: 0.3s; } .clima-card-uai97:nth-child(4) { animation-delay: 0.4s; }\n    @keyframes wmFadeIn { from { opacity: 0; transform: translateY(30px); } to { opacity: 1; transform: translateY(0); } }\n    .clima-card-uai97:hover { transform: translateY(-5px); box-shadow: 0 15px 30px rgba(0,0,0, 0.3); }\n    .clima-card-uai97:active { transform: translateY(-1px) scale(0.97); box-shadow: 0 3px 6px rgba(0,0,0, 0.2); transition: transform 0.05s ease, box-shadow 0.05s ease; }\n    .clima-header-uai97 { background: #fdfbf5; padding: 15px 10px; text-align: center; display: flex; flex-direction: column; align-items: center; justify-content: center; }\n    .clima-body-uai97 { background: #ffffff; padding: 15px; display: flex; flex-direction: column; flex-grow: 1; align-items: center; }\n    .clima-destaque-uai97 { box-shadow: 0 8px 16px rgba(0,0,0, 0.25); }\n    .clima-destaque-uai97:hover { box-shadow: 0 18px 36px rgba(0,0,0, 0.35); }\n    .clima-destaque-uai97 .clima-header-uai97 { background: var(--cor-secundaria); }\n    .clima-destaque-uai97 .clima-header-uai97 .clima-titulo-uai97 { color: var(--cor-txt-secundaria) !important; } \n    .clima-pill-uai97 { display: flex; white-space: normal; max-width: 100%; box-sizing: border-box; justify-content: center; align-items: center; text-align: center; background: #e6f2fa; color: var(--cor-primaria); font-size: 11px; font-weight: 900 !important; letter-spacing: 0.5px; padding: 8px 16px; border-radius: 16px; text-transform: uppercase; line-height: 1.4; box-shadow: 0 4px 8px rgba(0,0,0, 0.15); margin-top: auto; transition: transform 0.2s ease; }\n    .clima-destaque-uai97 .clima-pill-uai97 { background: var(--cor-primaria); color: #ffffff; border: 1px solid #ffffff; } \n    .clima-card-uai97:hover .clima-pill-uai97 { transform: scale(1.06); }\n    .clima-pill-uai97 span { font-weight: 900 !important; color: inherit; } \n    .clima-emoji-uai97 { font-size: 24px; line-height: 1; margin-bottom: 5px; }\n    .clima-titulo-uai97 { color: var(--cor-primaria); font-size: 16px; text-transform: uppercase; margin-top: 5px; font-weight: bold; }\n    .clima-mes-uai97 { font-size: 11px; font-weight: 800; color: var(--cor-primaria); text-transform: uppercase; margin-bottom: 5px; display: block; }\n    .clima-temp-uai97 { font-size: 26px; font-weight: 900; color: var(--cor-primaria); margin-bottom: 10px; }\n    .clima-desc-uai97 { font-size: 13px; color: #444; text-align: center; line-height: 1.5; margin-bottom: 15px; flex-grow: 1;}\n    .clima-desc-uai97 strong { color: #111; }\n    @media (prefers-color-scheme: dark) {\n        .clima-card-uai97 { border-color: #014f7d; background-color: #014f7d; box-shadow: 0 6px 12px rgba(0,0,0, 0.5); }\n        .clima-header-uai97 { background: #1a1a1a; } .clima-body-uai97 { background: #121212; }\n        .clima-destaque-uai97 .clima-header-uai97 { background: var(--cor-secundaria); }\n        .clima-destaque-uai97 .clima-header-uai97 .clima-titulo-uai97 { color: var(--cor-txt-secundaria) !important; }\n        .clima-titulo-uai97 { color: #63b2e8; } .clima-mes-uai97 { color: #63b2e8; } .clima-temp-uai97 { color: #63b2e8; } .clima-desc-uai97 { color: #cccccc; } .clima-desc-uai97 strong { color: #ffffff; }\n        .clima-pill-uai97 { background: #014f7d; color: #ffffff; box-shadow: 0 4px 8px rgba(0, 0, 0, 0.5); }\n        .clima-destaque-uai97 .clima-pill-uai97 { background: #013859; color: #ffffff; border-color: #63b2e8; }\n    }\n<\/style>\n<div class=\"google-auto-ads-ignore clima-grid-uai97\" style=\"box-sizing: border-box; width: 100%; max-width: 980px; margin: 30px auto; font-family: 'Segoe UI', Roboto, Helvetica, Arial, sans-serif;\">\n    <div class=\"clima-card-uai97 clima-destaque-uai97\" tabindex=\"0\">\n        <div class=\"clima-header-uai97\"><div class=\"clima-emoji-uai97\" aria-hidden=\"true\">\ud83c\udfd6\ufe0f<\/div><div class=\"clima-titulo-uai97\">Ver\u00e3o<\/div><\/div>\n        <div class=\"clima-body-uai97\">\n            <time class=\"clima-mes-uai97\">Dezembro a fevereiro<\/time><div class=\"clima-temp-uai97\">26\u00b0C a 31\u00b0C<\/div>\n            <div class=\"clima-desc-uai97\">A alta temporada no Rio Grande do Norte! As chuvas escassas abrem a melhor janela para focar nas <strong>praias e nos cl\u00e1ssicos passeios de buggy<\/strong>.<\/div>\n            <div class=\"clima-pill-uai97\"><span>\u2b50 Melhor \u00c9poca \/ Seco<\/span><\/div>\n        <\/div>\n    <\/div>\n    <div class=\"clima-card-uai97\" tabindex=\"0\">\n        <div class=\"clima-header-uai97\"><div class=\"clima-emoji-uai97\" aria-hidden=\"true\">\ud83c\udf72<\/div><div class=\"clima-titulo-uai97\">Outono<\/div><\/div>\n        <div class=\"clima-body-uai97\">\n            <time class=\"clima-mes-uai97\">Mar\u00e7o a maio<\/time><div class=\"clima-temp-uai97\">25\u00b0C a 30\u00b0C<\/div>\n            <div class=\"clima-desc-uai97\">O \u00edndice de chuvas no litoral atinge o topo. Para evitar surpresas nas praias, invista o tempo em mergulhar no <strong>centro hist\u00f3rico e na rica gastronomia<\/strong>.<\/div>\n            <div class=\"clima-pill-uai97\"><span>\u2614 Chuva Alta<\/span><\/div>\n        <\/div>\n    <\/div>\n    <div class=\"clima-card-uai97\" tabindex=\"0\">\n        <div class=\"clima-header-uai97\"><div class=\"clima-emoji-uai97\" aria-hidden=\"true\">\ud83c\udff0<\/div><div class=\"clima-titulo-uai97\">Inverno<\/div><\/div>\n        <div class=\"clima-body-uai97\">\n            <time class=\"clima-mes-uai97\">Junho a agosto<\/time><div class=\"clima-temp-uai97\">22\u00b0C a 28\u00b0C<\/div>\n            <div class=\"clima-desc-uai97\">As precipita\u00e7\u00f5es ainda s\u00e3o fortes e o calor \u00e9 ligeiramente mais leve. A dica para a \u00e9poca chuvosa \u00e9 visitar o imponente <strong>Forte dos Reis Magos e os museus<\/strong>.<\/div>\n            <div class=\"clima-pill-uai97\"><span>\u2601\ufe0f Chuva M\u00e9dia<\/span><\/div>\n        <\/div>\n    <\/div>\n    <div class=\"clima-card-uai97\" tabindex=\"0\">\n        <div class=\"clima-header-uai97\"><div class=\"clima-emoji-uai97\" aria-hidden=\"true\">\ud83e\udd3f<\/div><div class=\"clima-titulo-uai97\">Primavera<\/div><\/div>\n        <div class=\"clima-body-uai97\">\n            <time class=\"clima-mes-uai97\">Setembro a novembro<\/time><div class=\"clima-temp-uai97\">24\u00b0C a 30\u00b0C<\/div>\n            <div class=\"clima-desc-uai97\">As nuvens v\u00e3o embora e as \u00e1guas voltam a ficar incrivelmente cristalinas e seguras para os banhos nos <strong>Parrachos e a pr\u00e1tica de mergulho livre<\/strong>.<\/div>\n            <div class=\"clima-pill-uai97\"><span>\ud83c\udf24\ufe0f Chuva Baixa<\/span><\/div>\n        <\/div>\n    <\/div>\n<\/div>\n\n\n\n<p><em>Temperaturas aproximadas com base no <a href=\"https:\/\/www.climatempo.com.br\/previsao-do-tempo\/cidade\/334\/natal-rn\" target=\"_blank\" rel=\"noreferrer noopener\"><strong>Climatempo<\/strong><\/a> de Natal. Condi\u00e7\u00f5es podem variar.<\/em><\/p>\n\n\n\n<h2 class=\"wp-block-heading\">Conhe\u00e7a a capital onde o sol quase nunca falta<\/h2>\n\n\n\n<p>A capital potiguar re\u00fane o que poucas cidades brasileiras conseguem oferecer ao mesmo tempo: forte do s\u00e9culo XVI na foz de um rio, dunas que se movem com o vento, recifes de coral acess\u00edveis de barco e uma reserva de Mata Atl\u00e2ntica em plena \u00e1rea urbana.<\/p>\n\n\n\n<p>Voc\u00ea precisa sentir a brisa em <strong>Ponta Negra<\/strong> e entender por que Natal faz jus ao t\u00edtulo mais ensolarado do <strong>Nordeste<\/strong>.<\/p>\n","protected":false},"excerpt":{"rendered":"<p>O vento al\u00edsio sopra forte na orla, e o sol aparece quase todos os dias do calend\u00e1rio. Natal, capital do Rio Grande do Norte, soma mais de 300 dias de sol por ano, abriga o maior parque urbano sobre dunas do Brasil e ocupa a 4\u00aa posi\u00e7\u00e3o entre as capitais nordestinas no \u00cdndice de Progresso [&hellip;]<\/p>\n","protected":false},"author":14,"featured_media":127600,"comment_status":"open","ping_status":"open","sticky":false,"template":"","format":"standard","meta":{"jnews-multi-image_gallery":[],"jnews_single_post":{"format":"standard"},"jnews_primary_category":[],"jnews_social_meta":[],"jnews_override_counter":[],"footnotes":""},"categories":[210],"tags":[234,4443,23488],"class_list":["post-127441","post","type-post","status-publish","format-standard","has-post-thumbnail","hentry","category-cidades","tag-cidades","tag-natal","tag-rio-grande-do-norte-mais-de-300-dias-de-sol-por-ano-e-o-maior-parque-urbano-sobre-dunas-do-pais-essa-capital-e-a-4a-melhor-do-nordeste-em-qualidade-de-vida"],"yoast_head":"<!-- This site is optimized with the Yoast SEO plugin v26.5 - https:\/\/yoast.com\/wordpress\/plugins\/seo\/ -->\n<title>Mais de 300 dias de sol por ano e o maior parque urbano sobre dunas do pa\u00eds: essa capital \u00e9 a 4\u00aa melhor do Nordeste em qualidade de vida - UAI Not\u00edcias<\/title>\n<meta name=\"description\" content=\"Com sol o ano todo e natureza preservada, esta capital brilha no ranking de bem-estar nordestino. Saiba o que torna o destino \u00fanico.\" \/>\n<meta name=\"robots\" content=\"index, follow, max-snippet:-1, max-image-preview:large, max-video-preview:-1\" \/>\n<link rel=\"canonical\" href=\"https:\/\/www.uai.com.br\/uainoticias\/2026\/04\/27\/mais-de-300-dias-de-sol-por-ano-e-o-maior-parque-urbano-sobre-dunas-do-pais-essa-capital-e-a-4a-melhor-do-nordeste-em-qualidade-de-vida-2\/\" \/>\n<meta property=\"og:locale\" content=\"pt_BR\" \/>\n<meta property=\"og:type\" content=\"article\" \/>\n<meta property=\"og:title\" content=\"Mais de 300 dias de sol por ano e o maior parque urbano sobre dunas do pa\u00eds: essa capital \u00e9 a 4\u00aa melhor do Nordeste em qualidade de vida - UAI Not\u00edcias\" \/>\n<meta property=\"og:description\" content=\"Com sol o ano todo e natureza preservada, esta capital brilha no ranking de bem-estar nordestino. Saiba o que torna o destino \u00fanico.\" \/>\n<meta property=\"og:url\" content=\"https:\/\/www.uai.com.br\/uainoticias\/2026\/04\/27\/mais-de-300-dias-de-sol-por-ano-e-o-maior-parque-urbano-sobre-dunas-do-pais-essa-capital-e-a-4a-melhor-do-nordeste-em-qualidade-de-vida-2\/\" \/>\n<meta property=\"og:site_name\" content=\"UAI Not\u00edcias\" \/>\n<meta property=\"article:published_time\" content=\"2026-04-27T05:00:00+00:00\" \/>\n<meta property=\"og:image\" content=\"https:\/\/www.uai.com.br\/uainoticias\/wp-content\/uploads\/2026\/04\/Woman_walking_on_202604260824.jpg\" \/>\n\t<meta property=\"og:image:width\" content=\"1280\" \/>\n\t<meta property=\"og:image:height\" content=\"720\" \/>\n\t<meta property=\"og:image:type\" content=\"image\/jpeg\" \/>\n<meta name=\"author\" content=\"Vitor Bruno\" \/>\n<meta name=\"twitter:card\" content=\"summary_large_image\" \/>\n<meta name=\"twitter:label1\" content=\"Escrito por\" \/>\n\t<meta name=\"twitter:data1\" content=\"Vitor Bruno\" \/>\n\t<meta name=\"twitter:label2\" content=\"Est. tempo de leitura\" \/>\n\t<meta name=\"twitter:data2\" content=\"7 minutos\" \/>\n<!-- \/ Yoast SEO plugin. -->","yoast_head_json":{"title":"Mais de 300 dias de sol por ano e o maior parque urbano sobre dunas do pa\u00eds: essa capital \u00e9 a 4\u00aa melhor do Nordeste em qualidade de vida - UAI Not\u00edcias","description":"Com sol o ano todo e natureza preservada, esta capital brilha no ranking de bem-estar nordestino. Saiba o que torna o destino \u00fanico.","robots":{"index":"index","follow":"follow","max-snippet":"max-snippet:-1","max-image-preview":"max-image-preview:large","max-video-preview":"max-video-preview:-1"},"canonical":"https:\/\/www.uai.com.br\/uainoticias\/2026\/04\/27\/mais-de-300-dias-de-sol-por-ano-e-o-maior-parque-urbano-sobre-dunas-do-pais-essa-capital-e-a-4a-melhor-do-nordeste-em-qualidade-de-vida-2\/","og_locale":"pt_BR","og_type":"article","og_title":"Mais de 300 dias de sol por ano e o maior parque urbano sobre dunas do pa\u00eds: essa capital \u00e9 a 4\u00aa melhor do Nordeste em qualidade de vida - UAI Not\u00edcias","og_description":"Com sol o ano todo e natureza preservada, esta capital brilha no ranking de bem-estar nordestino. Saiba o que torna o destino \u00fanico.","og_url":"https:\/\/www.uai.com.br\/uainoticias\/2026\/04\/27\/mais-de-300-dias-de-sol-por-ano-e-o-maior-parque-urbano-sobre-dunas-do-pais-essa-capital-e-a-4a-melhor-do-nordeste-em-qualidade-de-vida-2\/","og_site_name":"UAI Not\u00edcias","article_published_time":"2026-04-27T05:00:00+00:00","og_image":[{"width":1280,"height":720,"url":"https:\/\/www.uai.com.br\/uainoticias\/wp-content\/uploads\/2026\/04\/Woman_walking_on_202604260824.jpg","type":"image\/jpeg"}],"author":"Vitor Bruno","twitter_card":"summary_large_image","twitter_misc":{"Escrito por":"Vitor Bruno","Est. tempo de leitura":"7 minutos"},"schema":{"@context":"https:\/\/schema.org","@graph":[{"@type":"WebPage","@id":"https:\/\/www.uai.com.br\/uainoticias\/2026\/04\/27\/mais-de-300-dias-de-sol-por-ano-e-o-maior-parque-urbano-sobre-dunas-do-pais-essa-capital-e-a-4a-melhor-do-nordeste-em-qualidade-de-vida-2\/","url":"https:\/\/www.uai.com.br\/uainoticias\/2026\/04\/27\/mais-de-300-dias-de-sol-por-ano-e-o-maior-parque-urbano-sobre-dunas-do-pais-essa-capital-e-a-4a-melhor-do-nordeste-em-qualidade-de-vida-2\/","name":"Mais de 300 dias de sol por ano e o maior parque urbano sobre dunas do pa\u00eds: essa capital \u00e9 a 4\u00aa melhor do Nordeste em qualidade de vida - UAI Not\u00edcias","isPartOf":{"@id":"https:\/\/www.uai.com.br\/uainoticias\/#website"},"primaryImageOfPage":{"@id":"https:\/\/www.uai.com.br\/uainoticias\/2026\/04\/27\/mais-de-300-dias-de-sol-por-ano-e-o-maior-parque-urbano-sobre-dunas-do-pais-essa-capital-e-a-4a-melhor-do-nordeste-em-qualidade-de-vida-2\/#primaryimage"},"image":{"@id":"https:\/\/www.uai.com.br\/uainoticias\/2026\/04\/27\/mais-de-300-dias-de-sol-por-ano-e-o-maior-parque-urbano-sobre-dunas-do-pais-essa-capital-e-a-4a-melhor-do-nordeste-em-qualidade-de-vida-2\/#primaryimage"},"thumbnailUrl":"https:\/\/www.uai.com.br\/uainoticias\/wp-content\/uploads\/2026\/04\/Woman_walking_on_202604260824.jpg","datePublished":"2026-04-27T05:00:00+00:00","author":{"@id":"https:\/\/www.uai.com.br\/uainoticias\/#\/schema\/person\/03130d752d0ce4e3bb0f607f1bc85084"},"description":"Com sol o ano todo e natureza preservada, esta capital brilha no ranking de bem-estar nordestino. Saiba o que torna o destino \u00fanico.","breadcrumb":{"@id":"https:\/\/www.uai.com.br\/uainoticias\/2026\/04\/27\/mais-de-300-dias-de-sol-por-ano-e-o-maior-parque-urbano-sobre-dunas-do-pais-essa-capital-e-a-4a-melhor-do-nordeste-em-qualidade-de-vida-2\/#breadcrumb"},"inLanguage":"pt-BR","potentialAction":[{"@type":"ReadAction","target":["https:\/\/www.uai.com.br\/uainoticias\/2026\/04\/27\/mais-de-300-dias-de-sol-por-ano-e-o-maior-parque-urbano-sobre-dunas-do-pais-essa-capital-e-a-4a-melhor-do-nordeste-em-qualidade-de-vida-2\/"]}]},{"@type":"ImageObject","inLanguage":"pt-BR","@id":"https:\/\/www.uai.com.br\/uainoticias\/2026\/04\/27\/mais-de-300-dias-de-sol-por-ano-e-o-maior-parque-urbano-sobre-dunas-do-pais-essa-capital-e-a-4a-melhor-do-nordeste-em-qualidade-de-vida-2\/#primaryimage","url":"https:\/\/www.uai.com.br\/uainoticias\/wp-content\/uploads\/2026\/04\/Woman_walking_on_202604260824.jpg","contentUrl":"https:\/\/www.uai.com.br\/uainoticias\/wp-content\/uploads\/2026\/04\/Woman_walking_on_202604260824.jpg","width":1280,"height":720,"caption":"Mais de 300 dias de sol por ano e o maior parque urbano sobre dunas do pa\u00eds: essa capital \u00e9 a 4\u00aa melhor do Nordeste em qualidade de vida \/\/ IMAGEM ILUSTRATIVA"},{"@type":"BreadcrumbList","@id":"https:\/\/www.uai.com.br\/uainoticias\/2026\/04\/27\/mais-de-300-dias-de-sol-por-ano-e-o-maior-parque-urbano-sobre-dunas-do-pais-essa-capital-e-a-4a-melhor-do-nordeste-em-qualidade-de-vida-2\/#breadcrumb","itemListElement":[{"@type":"ListItem","position":1,"name":"In\u00edcio","item":"https:\/\/www.uai.com.br\/uainoticias\/"},{"@type":"ListItem","position":2,"name":"Mais de 300 dias de sol por ano e o maior parque urbano sobre dunas do pa\u00eds: essa capital \u00e9 a 4\u00aa melhor do Nordeste em qualidade de vida"}]},{"@type":"WebSite","@id":"https:\/\/www.uai.com.br\/uainoticias\/#website","url":"https:\/\/www.uai.com.br\/uainoticias\/","name":"UAI Not\u00edcias","description":"Acompanhe as \u00faltimas not\u00edcias e fique bem informado sobre tudo o que acontece no Brasil e no mundo.","potentialAction":[{"@type":"SearchAction","target":{"@type":"EntryPoint","urlTemplate":"https:\/\/www.uai.com.br\/uainoticias\/?s={search_term_string}"},"query-input":{"@type":"PropertyValueSpecification","valueRequired":true,"valueName":"search_term_string"}}],"inLanguage":"pt-BR"},{"@type":"Person","@id":"https:\/\/www.uai.com.br\/uainoticias\/#\/schema\/person\/03130d752d0ce4e3bb0f607f1bc85084","name":"Vitor Bruno","image":{"@type":"ImageObject","inLanguage":"pt-BR","@id":"https:\/\/www.uai.com.br\/uainoticias\/#\/schema\/person\/image\/","url":"https:\/\/secure.gravatar.com\/avatar\/ab0513148053bbb80c117cdd35f8a0f2742d41eebbac321acf8df2e633d81609?s=96&d=mm&r=g","contentUrl":"https:\/\/secure.gravatar.com\/avatar\/ab0513148053bbb80c117cdd35f8a0f2742d41eebbac321acf8df2e633d81609?s=96&d=mm&r=g","caption":"Vitor Bruno"},"sameAs":["https:\/\/www.uai.com.br\/uainoticias\/"],"url":"https:\/\/www.uai.com.br\/uainoticias\/author\/vitor\/"}]}},"_links":{"self":[{"href":"https:\/\/www.uai.com.br\/uainoticias\/wp-json\/wp\/v2\/posts\/127441","targetHints":{"allow":["GET"]}}],"collection":[{"href":"https:\/\/www.uai.com.br\/uainoticias\/wp-json\/wp\/v2\/posts"}],"about":[{"href":"https:\/\/www.uai.com.br\/uainoticias\/wp-json\/wp\/v2\/types\/post"}],"author":[{"embeddable":true,"href":"https:\/\/www.uai.com.br\/uainoticias\/wp-json\/wp\/v2\/users\/14"}],"replies":[{"embeddable":true,"href":"https:\/\/www.uai.com.br\/uainoticias\/wp-json\/wp\/v2\/comments?post=127441"}],"version-history":[{"count":8,"href":"https:\/\/www.uai.com.br\/uainoticias\/wp-json\/wp\/v2\/posts\/127441\/revisions"}],"predecessor-version":[{"id":127601,"href":"https:\/\/www.uai.com.br\/uainoticias\/wp-json\/wp\/v2\/posts\/127441\/revisions\/127601"}],"wp:featuredmedia":[{"embeddable":true,"href":"https:\/\/www.uai.com.br\/uainoticias\/wp-json\/wp\/v2\/media\/127600"}],"wp:attachment":[{"href":"https:\/\/www.uai.com.br\/uainoticias\/wp-json\/wp\/v2\/media?parent=127441"}],"wp:term":[{"taxonomy":"category","embeddable":true,"href":"https:\/\/www.uai.com.br\/uainoticias\/wp-json\/wp\/v2\/categories?post=127441"},{"taxonomy":"post_tag","embeddable":true,"href":"https:\/\/www.uai.com.br\/uainoticias\/wp-json\/wp\/v2\/tags?post=127441"}],"curies":[{"name":"wp","href":"https:\/\/api.w.org\/{rel}","templated":true}]}}