{"id":127440,"date":"2026-04-26T23:45:00","date_gmt":"2026-04-27T02:45:00","guid":{"rendered":"https:\/\/www.uai.com.br\/uainoticias\/?p=127440"},"modified":"2026-04-26T08:23:11","modified_gmt":"2026-04-26T11:23:11","slug":"onde-o-sol-nasce-primeiro-nas-americas-a-capital-nordestina-com-47-m2-de-area-verde-por-habitante-e-selo-da-onu-pela-3a-vez-consecutiva","status":"publish","type":"post","link":"https:\/\/www.uai.com.br\/uainoticias\/2026\/04\/26\/onde-o-sol-nasce-primeiro-nas-americas-a-capital-nordestina-com-47-m2-de-area-verde-por-habitante-e-selo-da-onu-pela-3a-vez-consecutiva\/","title":{"rendered":"Onde o sol nasce primeiro nas Am\u00e9ricas: a capital nordestina com 47 m\u00b2 de \u00e1rea verde por habitante e selo da ONU pela 3\u00aa vez consecutiva"},"content":{"rendered":"\n<p>Antes das 5h da manh\u00e3, o sol j\u00e1 est\u00e1 alto na <strong>Ponta do Seixas<\/strong>, em <strong>Jo\u00e3o Pessoa<\/strong>. O ponto mais oriental das Am\u00e9ricas faz da capital o primeiro lugar do continente a ver o nascer do dia, e a cidade ainda mant\u00e9m 47,11 m\u00b2 de \u00e1rea verde por habitante.<\/p>\n\n\n\n<h2 class=\"wp-block-heading\">Por que o sol nasce primeiro em Jo\u00e3o Pessoa?<\/h2>\n\n\n\n<p>A resposta est\u00e1 em uma fal\u00e9sia avan\u00e7ada sobre o Atl\u00e2ntico. A Ponta do Seixas \u00e9 o ponto extremo leste do territ\u00f3rio brasileiro, oficializada pelo Minist\u00e9rio da Marinha em 1941 como o local mais oriental das Am\u00e9ricas. Por estar mais pr\u00f3xima do continente africano que qualquer outro ponto do continente, v\u00ea o sol primeiro.<\/p>\n\n\n\n<p>O farol no alto da fal\u00e9sia marca o local. Em dias de c\u00e9u limpo, o nascer do sol acontece antes das 5h da manh\u00e3 no ver\u00e3o, e visitantes sobem o mirante ainda com lanterna para acompanhar o espet\u00e1culo. Mais detalhes sobre a praia est\u00e3o no portal de turismo da <a href=\"https:\/\/turismo.joaopessoa.pb.gov.br\/o-que-fazer\/pontos-turisticos\/praias-e-piscinas-naturais\/praia-do-seixas\/\" target=\"_blank\" rel=\"noreferrer noopener\"><strong>Prefeitura de Jo\u00e3o Pessoa<\/strong><\/a>.<\/p>\n\n\n<div class=\"wp-block-image\">\n<figure class=\"aligncenter size-large\"><img decoding=\"async\" width=\"1024\" height=\"576\" src=\"https:\/\/www.uai.com.br\/uainoticias\/wp-content\/uploads\/2026\/04\/Joao-Pessoa_1777196141268-1024x576.jpg\" alt=\"\" class=\"wp-image-127535\" srcset=\"https:\/\/www.uai.com.br\/uainoticias\/wp-content\/uploads\/2026\/04\/Joao-Pessoa_1777196141268-1024x576.jpg 1024w, https:\/\/www.uai.com.br\/uainoticias\/wp-content\/uploads\/2026\/04\/Joao-Pessoa_1777196141268-300x169.jpg 300w, https:\/\/www.uai.com.br\/uainoticias\/wp-content\/uploads\/2026\/04\/Joao-Pessoa_1777196141268-768x432.jpg 768w, https:\/\/www.uai.com.br\/uainoticias\/wp-content\/uploads\/2026\/04\/Joao-Pessoa_1777196141268-750x422.jpg 750w, https:\/\/www.uai.com.br\/uainoticias\/wp-content\/uploads\/2026\/04\/Joao-Pessoa_1777196141268-1140x641.jpg 1140w, https:\/\/www.uai.com.br\/uainoticias\/wp-content\/uploads\/2026\/04\/Joao-Pessoa_1777196141268.jpg 1280w\" sizes=\"(max-width: 1024px) 100vw, 1024px\" \/><figcaption class=\"wp-element-caption\">Jo\u00e3o Pessoa, Para\u00edba \/\/ Cr\u00e9ditos: depositphotos.com \/ contato@caciomurilo.com.br<\/figcaption><\/figure><\/div>\n\n\n<h2 class=\"wp-block-heading\">A 3\u00aa capital mais antiga do pa\u00eds<\/h2>\n\n\n\n<p>Fundada em 5 de agosto de 1585 \u00e0s margens do Rio Sanhau\u00e1, <strong>Jo\u00e3o Pessoa<\/strong> \u00e9 a terceira capital de estado mais antiga do <strong>Brasil<\/strong>, atr\u00e1s apenas de <strong>Salvador<\/strong> e <strong>Rio de Janeiro<\/strong>. A cidade nasceu como Cidade Real de Nossa Senhora das Neves e mudou de nome cinco vezes ao longo dos s\u00e9culos.<\/p>\n\n\n\n<p>O Centro Hist\u00f3rico foi tombado pelo <strong>Instituto do Patrim\u00f4nio Hist\u00f3rico e Art\u00edstico Nacional (IPHAN)<\/strong> em dezembro de 2007. O conjunto re\u00fane cerca de 502 edifica\u00e7\u00f5es, 25 ruas e seis pra\u00e7as, entre os bairros do Varadouro e da Cidade Alta, conforme registros do <a href=\"http:\/\/portal.iphan.gov.br\/pagina\/detalhes\/349\/\" target=\"_blank\" rel=\"noreferrer noopener\"><strong>IPHAN<\/strong><\/a>. As constru\u00e7\u00f5es carregam estilos que v\u00e3o do barroco maneirista ao art d\u00e9co, e a homologa\u00e7\u00e3o do tombamento foi anunciada em <a href=\"http:\/\/portal.iphan.gov.br\/noticias\/detalhes\/2094\" target=\"_blank\" rel=\"noreferrer noopener\">cerim\u00f4nia oficial em 2008<\/a>, marcando os 423 anos da capital.<\/p>\n\n\n<div class=\"wp-block-image\">\n<figure class=\"aligncenter size-large\"><img decoding=\"async\" width=\"1024\" height=\"576\" src=\"https:\/\/www.uai.com.br\/uainoticias\/wp-content\/uploads\/2026\/04\/Joao-Pessoa_1777196162567-1024x576.jpg\" alt=\"\" class=\"wp-image-127536\" srcset=\"https:\/\/www.uai.com.br\/uainoticias\/wp-content\/uploads\/2026\/04\/Joao-Pessoa_1777196162567-1024x576.jpg 1024w, https:\/\/www.uai.com.br\/uainoticias\/wp-content\/uploads\/2026\/04\/Joao-Pessoa_1777196162567-300x169.jpg 300w, https:\/\/www.uai.com.br\/uainoticias\/wp-content\/uploads\/2026\/04\/Joao-Pessoa_1777196162567-768x432.jpg 768w, https:\/\/www.uai.com.br\/uainoticias\/wp-content\/uploads\/2026\/04\/Joao-Pessoa_1777196162567-750x422.jpg 750w, https:\/\/www.uai.com.br\/uainoticias\/wp-content\/uploads\/2026\/04\/Joao-Pessoa_1777196162567-1140x641.jpg 1140w, https:\/\/www.uai.com.br\/uainoticias\/wp-content\/uploads\/2026\/04\/Joao-Pessoa_1777196162567.jpg 1280w\" sizes=\"(max-width: 1024px) 100vw, 1024px\" \/><figcaption class=\"wp-element-caption\">Jo\u00e3o Pessoa, Para\u00edba \/\/ Cr\u00e9ditos: depositphotos.com \/ diegograndi<\/figcaption><\/figure><\/div>\n\n\n<h2 class=\"wp-block-heading\">O reconhecimento internacional como Cidade \u00c1rvore<\/h2>\n\n\n\n<p>Em 2024, a capital paraibana conquistou pela terceira vez consecutiva o selo Tree Cities of the World, conforme detalhado em <a href=\"https:\/\/www.joaopessoa.pb.gov.br\/noticias\/joao-pessoa-conquista-selo-de-cidades-arvores-do-mundo-pela-3a-vez-com-meta-de-plantar-500-mil-mudas-ate-2030\/\" target=\"_blank\" rel=\"noreferrer noopener\"><strong>nota oficial da Prefeitura<\/strong><\/a>. O selo \u00e9 concedido pela Organiza\u00e7\u00e3o das Na\u00e7\u00f5es Unidas para Alimenta\u00e7\u00e3o e Agricultura (FAO\/ONU) em parceria com a Funda\u00e7\u00e3o Arbor Day e avalia cinco crit\u00e9rios, entre eles pol\u00edticas oficiais de arboriza\u00e7\u00e3o, or\u00e7amento dedicado e avalia\u00e7\u00e3o cont\u00ednua das \u00e1rvores urbanas.<\/p>\n\n\n\n<p>A primeira certifica\u00e7\u00e3o de Jo\u00e3o Pessoa veio em 2021, quando a cidade entrou para um grupo restrito ao lado de capitais como <strong>Madri<\/strong>, <strong>Nova Iorque<\/strong>, <strong>Toronto<\/strong> e <strong>Paris<\/strong>, segundo <a href=\"https:\/\/www.joaopessoa.pb.gov.br\/noticias\/cidade-mais-verde-joao-pessoa-e-reconhecida-pela-fao-onu-por-avanco-na-arborizacao-urbana\/\" target=\"_blank\" rel=\"noreferrer noopener\">comunicado da Secretaria de Meio Ambiente<\/a>. Hoje a cidade mant\u00e9m 31,47% de cobertura arb\u00f3rea e 47,11 m\u00b2 de \u00e1rea verde por habitante.<\/p>\n\n\n<div class=\"wp-block-image\">\n<figure class=\"aligncenter size-large\"><img decoding=\"async\" width=\"1024\" height=\"576\" src=\"https:\/\/www.uai.com.br\/uainoticias\/wp-content\/uploads\/2026\/04\/Joao-Pessoa_1777196179595-1024x576.jpg\" alt=\"\" class=\"wp-image-127537\" srcset=\"https:\/\/www.uai.com.br\/uainoticias\/wp-content\/uploads\/2026\/04\/Joao-Pessoa_1777196179595-1024x576.jpg 1024w, https:\/\/www.uai.com.br\/uainoticias\/wp-content\/uploads\/2026\/04\/Joao-Pessoa_1777196179595-300x169.jpg 300w, https:\/\/www.uai.com.br\/uainoticias\/wp-content\/uploads\/2026\/04\/Joao-Pessoa_1777196179595-768x432.jpg 768w, https:\/\/www.uai.com.br\/uainoticias\/wp-content\/uploads\/2026\/04\/Joao-Pessoa_1777196179595-750x422.jpg 750w, https:\/\/www.uai.com.br\/uainoticias\/wp-content\/uploads\/2026\/04\/Joao-Pessoa_1777196179595-1140x641.jpg 1140w, https:\/\/www.uai.com.br\/uainoticias\/wp-content\/uploads\/2026\/04\/Joao-Pessoa_1777196179595.jpg 1280w\" sizes=\"(max-width: 1024px) 100vw, 1024px\" \/><figcaption class=\"wp-element-caption\">Jo\u00e3o Pessoa, Para\u00edba \/\/ Cr\u00e9ditos: depositphotos.com \/ Cristian_Lourenco<\/figcaption><\/figure><\/div>\n\n\n<p><strong>Leia tamb\u00e9m: <a href=\"https:\/\/www.uai.com.br\/uainoticias\/2026\/04\/25\/essa-cidade-nordestina-esta-em-alta-447-mais-estrangeiros-escolheram-esse-paraiso-de-mar-morno-e-brisa-perfeita\/\" target=\"_blank\" rel=\"noreferrer noopener\">Essa cidade nordestina est\u00e1 em alta: 44,7% mais estrangeiros escolheram esse para\u00edso de mar morno e brisa perfeita<\/a><\/strong><\/p>\n\n\n\n<h2 class=\"wp-block-heading\">O que fazer na cidade onde o sol nasce primeiro<\/h2>\n\n\n\n<p>O roteiro mistura praias urbanas, piscinas naturais e o casario colonial do centro. Veja as principais paradas:<\/p>\n\n\n\n<ul class=\"wp-block-list\">\n<li><strong>Ponta do Seixas<\/strong>: ponto mais oriental das Am\u00e9ricas, com farol e mirante a 50 metros de altura sobre a fal\u00e9sia.<\/li>\n\n\n\n<li><strong>Esta\u00e7\u00e3o Cabo Branco Ci\u00eancia Cultura e Artes<\/strong>: projeto de Oscar Niemeyer inaugurado em 2008, ao lado do farol mais antigo da cidade.<\/li>\n\n\n\n<li><strong>Pic\u00e3ozinho<\/strong>: piscinas naturais a cerca de 2 km da praia de Tamba\u00fa, acess\u00edveis por catamar\u00e3 na mar\u00e9 baixa.<\/li>\n\n\n\n<li><strong>Centro Hist\u00f3rico<\/strong>: 502 edifica\u00e7\u00f5es tombadas, com destaque para o Conjunto Franciscano de Santo Ant\u00f4nio, do s\u00e9culo XVII.<\/li>\n\n\n\n<li><strong>Jardim Bot\u00e2nico Benjamim Maranh\u00e3o<\/strong>: 515 hectares de Mata Atl\u00e2ntica preservada em pleno tecido urbano.<\/li>\n\n\n\n<li><strong>Praia de Tambaba<\/strong>: no litoral sul da capital, abriga o \u00fanico campo oficial de naturismo do Nordeste brasileiro.<\/li>\n<\/ul>\n\n\n\n<p>A cozinha local mistura sabores cai\u00e7aras, ind\u00edgenas e africanos. Confira os destaques gastron\u00f4micos da capital:<\/p>\n\n\n\n<ul class=\"wp-block-list\">\n<li><strong>P\u00f4r do sol no Jacar\u00e9<\/strong>: na vizinha Cabedelo, o entardecer \u00e9 embalado pelo Bolero de Ravel tocado ao saxofone, ritual di\u00e1rio \u00e0 beira do estu\u00e1rio do Rio Para\u00edba.<\/li>\n\n\n\n<li><strong>Carne de sol com macaxeira<\/strong>: prato s\u00edmbolo do sert\u00e3o paraibano, servido com queijo coalho e manteiga de garrafa.<\/li>\n\n\n\n<li><strong>Camar\u00f5es na moranga<\/strong>: receita t\u00edpica dos restaurantes de orla em <strong>Tamba\u00fa<\/strong> e <strong>Cabo Branco<\/strong>.<\/li>\n\n\n\n<li><strong>Mungunz\u00e1<\/strong>: doce de milho com leite e canela, heran\u00e7a das tradi\u00e7\u00f5es afro-paraibanas.<\/li>\n\n\n\n<li><strong>Hotel Globo<\/strong>: pr\u00e9dio hist\u00f3rico tombado no Centro, hoje espa\u00e7o cultural com restaurante e vista privilegiada do Rio Sanhau\u00e1.<\/li>\n<\/ul>\n\n\n\n<p>Quem sonha em visitar a <strong>Para\u00edba<\/strong>, vai curtir esse v\u00eddeo especialmente selecionado do canal <strong>Fabi Cassol | Minha Praia Viajar<\/strong>, que conta com mais de <strong>130 mil<\/strong> visualiza\u00e7\u00f5es, onde <strong>Fabi Cassol<\/strong> mostra um roteiro completo pelas praias e pontos hist\u00f3ricos de <strong>Jo\u00e3o Pessoa<\/strong>:<\/p>\n\n\n\n<figure class=\"wp-block-embed is-type-video is-provider-youtube wp-block-embed-youtube wp-embed-aspect-16-9 wp-has-aspect-ratio\"><div class=\"wp-block-embed__wrapper\">\n<div class=\"jeg_video_container jeg_video_content\"><iframe loading=\"lazy\" title=\"JO\u00c3O PESSOA 2025: ROTEIRO COMPLETO COM PRE\u00c7OS | O QUE FAZER | MELHORES PRAIAS E PASSEIOS | DICAS\" width=\"500\" height=\"281\" src=\"https:\/\/www.youtube.com\/embed\/2sJeEeTobiY?feature=oembed\" frameborder=\"0\" allow=\"accelerometer; autoplay; clipboard-write; encrypted-media; gyroscope; picture-in-picture; web-share\" referrerpolicy=\"strict-origin-when-cross-origin\" allowfullscreen><\/iframe><\/div>\n<\/div><\/figure>\n\n\n\n<h2 class=\"wp-block-heading\">Quando ir e o que fazer em cada esta\u00e7\u00e3o<\/h2>\n\n\n\n<p>O clima tropical \u00famido garante temperaturas est\u00e1veis durante todo o ano em <strong>Jo\u00e3o Pessoa<\/strong>. Veja como o tempo se comporta nas esta\u00e7\u00f5es:<\/p>\n\n\n\n<style>\n    .clima-grid-uai96 { \n        --cor-primaria: #0278c0; --cor-secundaria: #ffd31a; --cor-txt-secundaria: #0278c0;\n        display: grid; grid-template-columns: repeat(auto-fit, minmax(190px, 1fr)); gap: 15px; justify-content: center; padding: 10px;\n    }\n    .clima-card-uai96 { border: 5px solid var(--cor-primaria); border-top: 5px solid var(--cor-secundaria); border-radius: 12px; background-color: var(--cor-primaria); background-clip: padding-box; display: flex; flex-direction: column; overflow: hidden; cursor: pointer; box-shadow: 0 6px 12px rgba(0,0,0, 0.2); transition: transform 0.2s ease, box-shadow 0.2s ease; -webkit-tap-highlight-color: transparent; user-select: none; transform: translateZ(0); animation: wmFadeIn 0.6s cubic-bezier(0.2, 0.8, 0.2, 1) backwards; }\n    .clima-card-uai96:focus-visible { outline: 3px dashed var(--cor-secundaria); outline-offset: 4px; }\n    .clima-card-uai96:nth-child(1) { animation-delay: 0.1s; } .clima-card-uai96:nth-child(2) { animation-delay: 0.2s; } .clima-card-uai96:nth-child(3) { animation-delay: 0.3s; } .clima-card-uai96:nth-child(4) { animation-delay: 0.4s; }\n    @keyframes wmFadeIn { from { opacity: 0; transform: translateY(30px); } to { opacity: 1; transform: translateY(0); } }\n    .clima-card-uai96:hover { transform: translateY(-5px); box-shadow: 0 15px 30px rgba(0,0,0, 0.3); }\n    .clima-card-uai96:active { transform: translateY(-1px) scale(0.97); box-shadow: 0 3px 6px rgba(0,0,0, 0.2); transition: transform 0.05s ease, box-shadow 0.05s ease; }\n    .clima-header-uai96 { background: #fdfbf5; padding: 15px 10px; text-align: center; display: flex; flex-direction: column; align-items: center; justify-content: center; }\n    .clima-body-uai96 { background: #ffffff; padding: 15px; display: flex; flex-direction: column; flex-grow: 1; align-items: center; }\n    .clima-destaque-uai96 { box-shadow: 0 8px 16px rgba(0,0,0, 0.25); }\n    .clima-destaque-uai96:hover { box-shadow: 0 18px 36px rgba(0,0,0, 0.35); }\n    .clima-destaque-uai96 .clima-header-uai96 { background: var(--cor-secundaria); }\n    .clima-destaque-uai96 .clima-header-uai96 .clima-titulo-uai96 { color: var(--cor-txt-secundaria) !important; } \n    .clima-pill-uai96 { display: flex; white-space: normal; max-width: 100%; box-sizing: border-box; justify-content: center; align-items: center; text-align: center; background: #e6f2fa; color: var(--cor-primaria); font-size: 11px; font-weight: 900 !important; letter-spacing: 0.5px; padding: 8px 16px; border-radius: 16px; text-transform: uppercase; line-height: 1.4; box-shadow: 0 4px 8px rgba(0,0,0, 0.15); margin-top: auto; transition: transform 0.2s ease; }\n    .clima-destaque-uai96 .clima-pill-uai96 { background: var(--cor-primaria); color: #ffffff; border: 1px solid #ffffff; } \n    .clima-card-uai96:hover .clima-pill-uai96 { transform: scale(1.06); }\n    .clima-pill-uai96 span { font-weight: 900 !important; color: inherit; } \n    .clima-emoji-uai96 { font-size: 24px; line-height: 1; margin-bottom: 5px; }\n    .clima-titulo-uai96 { color: var(--cor-primaria); font-size: 16px; text-transform: uppercase; margin-top: 5px; font-weight: bold; }\n    .clima-mes-uai96 { font-size: 11px; font-weight: 800; color: var(--cor-primaria); text-transform: uppercase; margin-bottom: 5px; display: block; }\n    .clima-temp-uai96 { font-size: 26px; font-weight: 900; color: var(--cor-primaria); margin-bottom: 10px; }\n    .clima-desc-uai96 { font-size: 13px; color: #444; text-align: center; line-height: 1.5; margin-bottom: 15px; flex-grow: 1;}\n    .clima-desc-uai96 strong { color: #111; }\n    @media (prefers-color-scheme: dark) {\n        .clima-card-uai96 { border-color: #014f7d; background-color: #014f7d; box-shadow: 0 6px 12px rgba(0,0,0, 0.5); }\n        .clima-header-uai96 { background: #1a1a1a; } .clima-body-uai96 { background: #121212; }\n        .clima-destaque-uai96 .clima-header-uai96 { background: var(--cor-secundaria); }\n        .clima-destaque-uai96 .clima-header-uai96 .clima-titulo-uai96 { color: var(--cor-txt-secundaria) !important; }\n        .clima-titulo-uai96 { color: #63b2e8; } .clima-mes-uai96 { color: #63b2e8; } .clima-temp-uai96 { color: #63b2e8; } .clima-desc-uai96 { color: #cccccc; } .clima-desc-uai96 strong { color: #ffffff; }\n        .clima-pill-uai96 { background: #014f7d; color: #ffffff; box-shadow: 0 4px 8px rgba(0, 0, 0, 0.5); }\n        .clima-destaque-uai96 .clima-pill-uai96 { background: #013859; color: #ffffff; border-color: #63b2e8; }\n    }\n<\/style>\n<div class=\"google-auto-ads-ignore clima-grid-uai96\" style=\"box-sizing: border-box; width: 100%; max-width: 980px; margin: 30px auto; font-family: 'Segoe UI', Roboto, Helvetica, Arial, sans-serif;\">\n    <div class=\"clima-card-uai96\" tabindex=\"0\">\n        <div class=\"clima-header-uai96\"><div class=\"clima-emoji-uai96\" aria-hidden=\"true\">\ud83c\udfd6\ufe0f<\/div><div class=\"clima-titulo-uai96\">Ver\u00e3o<\/div><\/div>\n        <div class=\"clima-body-uai96\">\n            <time class=\"clima-mes-uai96\">Dezembro a fevereiro<\/time><div class=\"clima-temp-uai96\">25\u00b0C a 31\u00b0C<\/div>\n            <div class=\"clima-desc-uai96\">As temperaturas se mant\u00eam super est\u00e1veis em &#8220;Jampa&#8221;. Com poucas chuvas, \u00e9 uma \u00e9poca badalada para visitar as ricas <strong>praias urbanas e as piscinas naturais<\/strong>.<\/div>\n            <div class=\"clima-pill-uai96\"><span>\ud83c\udf24\ufe0f Chuva Baixa<\/span><\/div>\n        <\/div>\n    <\/div>\n    <div class=\"clima-card-uai96\" tabindex=\"0\">\n        <div class=\"clima-header-uai96\"><div class=\"clima-emoji-uai96\" aria-hidden=\"true\">\ud83c\udfdb\ufe0f<\/div><div class=\"clima-titulo-uai96\">Outono<\/div><\/div>\n        <div class=\"clima-body-uai96\">\n            <time class=\"clima-mes-uai96\">Mar\u00e7o a maio<\/time><div class=\"clima-temp-uai96\">24\u00b0C a 30\u00b0C<\/div>\n            <div class=\"clima-desc-uai96\">As chuvas no litoral paraibano atingem seu \u00e1pice. Uma recomenda\u00e7\u00e3o \u00e9 trocar as praias por atividades abrigadas no <strong>Centro hist\u00f3rico e os museus<\/strong>.<\/div>\n            <div class=\"clima-pill-uai96\"><span>\u2614 Chuva Alta<\/span><\/div>\n        <\/div>\n    <\/div>\n    <div class=\"clima-card-uai96\" tabindex=\"0\">\n        <div class=\"clima-header-uai96\"><div class=\"clima-emoji-uai96\" aria-hidden=\"true\">\ud83c\udf89<\/div><div class=\"clima-titulo-uai96\">Inverno<\/div><\/div>\n        <div class=\"clima-body-uai96\">\n            <time class=\"clima-mes-uai96\">Junho a agosto<\/time><div class=\"clima-temp-uai96\">22\u00b0C a 28\u00b0C<\/div>\n            <div class=\"clima-desc-uai96\">A esta\u00e7\u00e3o chuvosa ainda marca a capital. Mesmo com o tempo fechado, a cidade brilha com a tradicional <strong>Festa das Neves e os variados roteiros culturais<\/strong>.<\/div>\n            <div class=\"clima-pill-uai96\"><span>\u2614 Chuva Alta<\/span><\/div>\n        <\/div>\n    <\/div>\n    <div class=\"clima-card-uai96 clima-destaque-uai96\" tabindex=\"0\">\n        <div class=\"clima-header-uai96\"><div class=\"clima-emoji-uai96\" aria-hidden=\"true\">\u26f5<\/div><div class=\"clima-titulo-uai96\">Primavera<\/div><\/div>\n        <div class=\"clima-body-uai96\">\n            <time class=\"clima-mes-uai96\">Setembro a novembro<\/time><div class=\"clima-temp-uai96\">23\u00b0C a 29\u00b0C<\/div>\n            <div class=\"clima-desc-uai96\">A melhor \u00e9poca! As chuvas desaparecem, criando o ambiente perfeito, ensolarado e tranquilo para o <strong>mergulho e os lindos passeios de catamar\u00e3<\/strong>.<\/div>\n            <div class=\"clima-pill-uai96\"><span>\u2b50 Melhor \u00c9poca \/ Muito Seco<\/span><\/div>\n        <\/div>\n    <\/div>\n<\/div>\n\n\n\n<p><em>Temperaturas aproximadas com base no <a href=\"https:\/\/www.climatempo.com.br\/previsao-do-tempo\/cidade\/256\/joaopessoa-pb\" target=\"_blank\" rel=\"noreferrer noopener\"><strong>Climatempo<\/strong><\/a>. Condi\u00e7\u00f5es podem variar conforme frentes frias e chuvas costeiras.<\/em><\/p>\n\n\n\n<h2 class=\"wp-block-heading\">V\u00e1 conhecer a cidade do nascer do sol mais cedo do continente<\/h2>\n\n\n\n<p>Jo\u00e3o Pessoa re\u00fane em um s\u00f3 endere\u00e7o o ponto mais oriental das Am\u00e9ricas, mais de quatro s\u00e9culos de hist\u00f3ria colonial e o reconhecimento internacional como uma das cidades-\u00e1rvore do mundo. Poucas capitais brasileiras combinam tanta praia, tanta sombra e tanta arquitetura preservada.<\/p>\n\n\n\n<p>Voc\u00ea precisa subir at\u00e9 o farol da Ponta do Seixas antes do amanhecer e sentir o sol bater primeiro nas suas costas para entender por que essa cidade ganhou o apelido de Porta do Sol.<\/p>\n","protected":false},"excerpt":{"rendered":"<p>Antes das 5h da manh\u00e3, o sol j\u00e1 est\u00e1 alto na Ponta do Seixas, em Jo\u00e3o Pessoa. O ponto mais oriental das Am\u00e9ricas faz da capital o primeiro lugar do continente a ver o nascer do dia, e a cidade ainda mant\u00e9m 47,11 m\u00b2 de \u00e1rea verde por habitante. Por que o sol nasce primeiro [&hellip;]<\/p>\n","protected":false},"author":14,"featured_media":106279,"comment_status":"open","ping_status":"open","sticky":false,"template":"","format":"standard","meta":{"jnews-multi-image_gallery":[],"jnews_single_post":{"format":"standard"},"jnews_primary_category":[],"jnews_social_meta":[],"jnews_override_counter":[],"footnotes":""},"categories":[210],"tags":[234,1243,2833],"class_list":["post-127440","post","type-post","status-publish","format-standard","has-post-thumbnail","hentry","category-cidades","tag-cidades","tag-joao-pessoa","tag-paraiba"],"yoast_head":"<!-- This site is optimized with the Yoast SEO plugin v26.5 - https:\/\/yoast.com\/wordpress\/plugins\/seo\/ -->\n<title>Onde o sol nasce primeiro nas Am\u00e9ricas: a capital nordestina com 47 m\u00b2 de \u00e1rea verde por habitante e selo da ONU pela 3\u00aa vez consecutiva - UAI Not\u00edcias<\/title>\n<meta name=\"description\" content=\"Conhe\u00e7a a capital que une hist\u00f3ria, o primeiro sol das Am\u00e9ricas e um recorde de \u00e1rea verde por habitante. Saiba todos os detalhes.\" \/>\n<meta name=\"robots\" content=\"index, follow, max-snippet:-1, max-image-preview:large, max-video-preview:-1\" \/>\n<link rel=\"canonical\" href=\"https:\/\/www.uai.com.br\/uainoticias\/2026\/04\/26\/onde-o-sol-nasce-primeiro-nas-americas-a-capital-nordestina-com-47-m2-de-area-verde-por-habitante-e-selo-da-onu-pela-3a-vez-consecutiva\/\" \/>\n<meta property=\"og:locale\" content=\"pt_BR\" \/>\n<meta property=\"og:type\" content=\"article\" \/>\n<meta property=\"og:title\" content=\"Onde o sol nasce primeiro nas Am\u00e9ricas: a capital nordestina com 47 m\u00b2 de \u00e1rea verde por habitante e selo da ONU pela 3\u00aa vez consecutiva - UAI Not\u00edcias\" \/>\n<meta property=\"og:description\" content=\"Conhe\u00e7a a capital que une hist\u00f3ria, o primeiro sol das Am\u00e9ricas e um recorde de \u00e1rea verde por habitante. Saiba todos os detalhes.\" \/>\n<meta property=\"og:url\" content=\"https:\/\/www.uai.com.br\/uainoticias\/2026\/04\/26\/onde-o-sol-nasce-primeiro-nas-americas-a-capital-nordestina-com-47-m2-de-area-verde-por-habitante-e-selo-da-onu-pela-3a-vez-consecutiva\/\" \/>\n<meta property=\"og:site_name\" content=\"UAI Not\u00edcias\" \/>\n<meta property=\"article:published_time\" content=\"2026-04-27T02:45:00+00:00\" \/>\n<meta property=\"og:image\" content=\"https:\/\/www.uai.com.br\/uainoticias\/wp-content\/uploads\/2026\/01\/joao-pessoa.jpg\" \/>\n\t<meta property=\"og:image:width\" content=\"1280\" \/>\n\t<meta property=\"og:image:height\" content=\"720\" \/>\n\t<meta property=\"og:image:type\" content=\"image\/jpeg\" \/>\n<meta name=\"author\" content=\"Vitor Bruno\" \/>\n<meta name=\"twitter:card\" content=\"summary_large_image\" \/>\n<meta name=\"twitter:label1\" content=\"Escrito por\" \/>\n\t<meta name=\"twitter:data1\" content=\"Vitor Bruno\" \/>\n\t<meta name=\"twitter:label2\" content=\"Est. tempo de leitura\" \/>\n\t<meta name=\"twitter:data2\" content=\"7 minutos\" \/>\n<!-- \/ Yoast SEO plugin. -->","yoast_head_json":{"title":"Onde o sol nasce primeiro nas Am\u00e9ricas: a capital nordestina com 47 m\u00b2 de \u00e1rea verde por habitante e selo da ONU pela 3\u00aa vez consecutiva - UAI Not\u00edcias","description":"Conhe\u00e7a a capital que une hist\u00f3ria, o primeiro sol das Am\u00e9ricas e um recorde de \u00e1rea verde por habitante. Saiba todos os detalhes.","robots":{"index":"index","follow":"follow","max-snippet":"max-snippet:-1","max-image-preview":"max-image-preview:large","max-video-preview":"max-video-preview:-1"},"canonical":"https:\/\/www.uai.com.br\/uainoticias\/2026\/04\/26\/onde-o-sol-nasce-primeiro-nas-americas-a-capital-nordestina-com-47-m2-de-area-verde-por-habitante-e-selo-da-onu-pela-3a-vez-consecutiva\/","og_locale":"pt_BR","og_type":"article","og_title":"Onde o sol nasce primeiro nas Am\u00e9ricas: a capital nordestina com 47 m\u00b2 de \u00e1rea verde por habitante e selo da ONU pela 3\u00aa vez consecutiva - UAI Not\u00edcias","og_description":"Conhe\u00e7a a capital que une hist\u00f3ria, o primeiro sol das Am\u00e9ricas e um recorde de \u00e1rea verde por habitante. Saiba todos os detalhes.","og_url":"https:\/\/www.uai.com.br\/uainoticias\/2026\/04\/26\/onde-o-sol-nasce-primeiro-nas-americas-a-capital-nordestina-com-47-m2-de-area-verde-por-habitante-e-selo-da-onu-pela-3a-vez-consecutiva\/","og_site_name":"UAI Not\u00edcias","article_published_time":"2026-04-27T02:45:00+00:00","og_image":[{"width":1280,"height":720,"url":"https:\/\/www.uai.com.br\/uainoticias\/wp-content\/uploads\/2026\/01\/joao-pessoa.jpg","type":"image\/jpeg"}],"author":"Vitor Bruno","twitter_card":"summary_large_image","twitter_misc":{"Escrito por":"Vitor Bruno","Est. tempo de leitura":"7 minutos"},"schema":{"@context":"https:\/\/schema.org","@graph":[{"@type":"WebPage","@id":"https:\/\/www.uai.com.br\/uainoticias\/2026\/04\/26\/onde-o-sol-nasce-primeiro-nas-americas-a-capital-nordestina-com-47-m2-de-area-verde-por-habitante-e-selo-da-onu-pela-3a-vez-consecutiva\/","url":"https:\/\/www.uai.com.br\/uainoticias\/2026\/04\/26\/onde-o-sol-nasce-primeiro-nas-americas-a-capital-nordestina-com-47-m2-de-area-verde-por-habitante-e-selo-da-onu-pela-3a-vez-consecutiva\/","name":"Onde o sol nasce primeiro nas Am\u00e9ricas: a capital nordestina com 47 m\u00b2 de \u00e1rea verde por habitante e selo da ONU pela 3\u00aa vez consecutiva - UAI Not\u00edcias","isPartOf":{"@id":"https:\/\/www.uai.com.br\/uainoticias\/#website"},"primaryImageOfPage":{"@id":"https:\/\/www.uai.com.br\/uainoticias\/2026\/04\/26\/onde-o-sol-nasce-primeiro-nas-americas-a-capital-nordestina-com-47-m2-de-area-verde-por-habitante-e-selo-da-onu-pela-3a-vez-consecutiva\/#primaryimage"},"image":{"@id":"https:\/\/www.uai.com.br\/uainoticias\/2026\/04\/26\/onde-o-sol-nasce-primeiro-nas-americas-a-capital-nordestina-com-47-m2-de-area-verde-por-habitante-e-selo-da-onu-pela-3a-vez-consecutiva\/#primaryimage"},"thumbnailUrl":"https:\/\/www.uai.com.br\/uainoticias\/wp-content\/uploads\/2026\/01\/joao-pessoa.jpg","datePublished":"2026-04-27T02:45:00+00:00","author":{"@id":"https:\/\/www.uai.com.br\/uainoticias\/#\/schema\/person\/03130d752d0ce4e3bb0f607f1bc85084"},"description":"Conhe\u00e7a a capital que une hist\u00f3ria, o primeiro sol das Am\u00e9ricas e um recorde de \u00e1rea verde por habitante. Saiba todos os detalhes.","breadcrumb":{"@id":"https:\/\/www.uai.com.br\/uainoticias\/2026\/04\/26\/onde-o-sol-nasce-primeiro-nas-americas-a-capital-nordestina-com-47-m2-de-area-verde-por-habitante-e-selo-da-onu-pela-3a-vez-consecutiva\/#breadcrumb"},"inLanguage":"pt-BR","potentialAction":[{"@type":"ReadAction","target":["https:\/\/www.uai.com.br\/uainoticias\/2026\/04\/26\/onde-o-sol-nasce-primeiro-nas-americas-a-capital-nordestina-com-47-m2-de-area-verde-por-habitante-e-selo-da-onu-pela-3a-vez-consecutiva\/"]}]},{"@type":"ImageObject","inLanguage":"pt-BR","@id":"https:\/\/www.uai.com.br\/uainoticias\/2026\/04\/26\/onde-o-sol-nasce-primeiro-nas-americas-a-capital-nordestina-com-47-m2-de-area-verde-por-habitante-e-selo-da-onu-pela-3a-vez-consecutiva\/#primaryimage","url":"https:\/\/www.uai.com.br\/uainoticias\/wp-content\/uploads\/2026\/01\/joao-pessoa.jpg","contentUrl":"https:\/\/www.uai.com.br\/uainoticias\/wp-content\/uploads\/2026\/01\/joao-pessoa.jpg","width":1280,"height":720,"caption":"Jo\u00e3o Pessoa atrai viajantes como o destino onde o sol nasce primeiro em todas as Am\u00e9ricas (imagem ilustrativa)"},{"@type":"BreadcrumbList","@id":"https:\/\/www.uai.com.br\/uainoticias\/2026\/04\/26\/onde-o-sol-nasce-primeiro-nas-americas-a-capital-nordestina-com-47-m2-de-area-verde-por-habitante-e-selo-da-onu-pela-3a-vez-consecutiva\/#breadcrumb","itemListElement":[{"@type":"ListItem","position":1,"name":"In\u00edcio","item":"https:\/\/www.uai.com.br\/uainoticias\/"},{"@type":"ListItem","position":2,"name":"Onde o sol nasce primeiro nas Am\u00e9ricas: a capital nordestina com 47 m\u00b2 de \u00e1rea verde por habitante e selo da ONU pela 3\u00aa vez consecutiva"}]},{"@type":"WebSite","@id":"https:\/\/www.uai.com.br\/uainoticias\/#website","url":"https:\/\/www.uai.com.br\/uainoticias\/","name":"UAI Not\u00edcias","description":"Acompanhe as \u00faltimas not\u00edcias e fique bem informado sobre tudo o que acontece no Brasil e no mundo.","potentialAction":[{"@type":"SearchAction","target":{"@type":"EntryPoint","urlTemplate":"https:\/\/www.uai.com.br\/uainoticias\/?s={search_term_string}"},"query-input":{"@type":"PropertyValueSpecification","valueRequired":true,"valueName":"search_term_string"}}],"inLanguage":"pt-BR"},{"@type":"Person","@id":"https:\/\/www.uai.com.br\/uainoticias\/#\/schema\/person\/03130d752d0ce4e3bb0f607f1bc85084","name":"Vitor Bruno","image":{"@type":"ImageObject","inLanguage":"pt-BR","@id":"https:\/\/www.uai.com.br\/uainoticias\/#\/schema\/person\/image\/","url":"https:\/\/secure.gravatar.com\/avatar\/ab0513148053bbb80c117cdd35f8a0f2742d41eebbac321acf8df2e633d81609?s=96&d=mm&r=g","contentUrl":"https:\/\/secure.gravatar.com\/avatar\/ab0513148053bbb80c117cdd35f8a0f2742d41eebbac321acf8df2e633d81609?s=96&d=mm&r=g","caption":"Vitor Bruno"},"sameAs":["https:\/\/www.uai.com.br\/uainoticias\/"],"url":"https:\/\/www.uai.com.br\/uainoticias\/author\/vitor\/"}]}},"_links":{"self":[{"href":"https:\/\/www.uai.com.br\/uainoticias\/wp-json\/wp\/v2\/posts\/127440","targetHints":{"allow":["GET"]}}],"collection":[{"href":"https:\/\/www.uai.com.br\/uainoticias\/wp-json\/wp\/v2\/posts"}],"about":[{"href":"https:\/\/www.uai.com.br\/uainoticias\/wp-json\/wp\/v2\/types\/post"}],"author":[{"embeddable":true,"href":"https:\/\/www.uai.com.br\/uainoticias\/wp-json\/wp\/v2\/users\/14"}],"replies":[{"embeddable":true,"href":"https:\/\/www.uai.com.br\/uainoticias\/wp-json\/wp\/v2\/comments?post=127440"}],"version-history":[{"count":6,"href":"https:\/\/www.uai.com.br\/uainoticias\/wp-json\/wp\/v2\/posts\/127440\/revisions"}],"predecessor-version":[{"id":127599,"href":"https:\/\/www.uai.com.br\/uainoticias\/wp-json\/wp\/v2\/posts\/127440\/revisions\/127599"}],"wp:featuredmedia":[{"embeddable":true,"href":"https:\/\/www.uai.com.br\/uainoticias\/wp-json\/wp\/v2\/media\/106279"}],"wp:attachment":[{"href":"https:\/\/www.uai.com.br\/uainoticias\/wp-json\/wp\/v2\/media?parent=127440"}],"wp:term":[{"taxonomy":"category","embeddable":true,"href":"https:\/\/www.uai.com.br\/uainoticias\/wp-json\/wp\/v2\/categories?post=127440"},{"taxonomy":"post_tag","embeddable":true,"href":"https:\/\/www.uai.com.br\/uainoticias\/wp-json\/wp\/v2\/tags?post=127440"}],"curies":[{"name":"wp","href":"https:\/\/api.w.org\/{rel}","templated":true}]}}