{"id":127439,"date":"2026-04-26T23:15:00","date_gmt":"2026-04-27T02:15:00","guid":{"rendered":"https:\/\/www.uai.com.br\/uainoticias\/?p=127439"},"modified":"2026-04-26T08:21:02","modified_gmt":"2026-04-26T11:21:02","slug":"a-2a-maior-economia-de-santa-catarina-e-a-unica-fora-da-italia-a-fabricar-iates-de-luxo-a-capital-nacional-da-pesca-tem-7-praias-e-pib-tres-vezes-acima-da-media-nacional","status":"publish","type":"post","link":"https:\/\/www.uai.com.br\/uainoticias\/2026\/04\/26\/a-2a-maior-economia-de-santa-catarina-e-a-unica-fora-da-italia-a-fabricar-iates-de-luxo-a-capital-nacional-da-pesca-tem-7-praias-e-pib-tres-vezes-acima-da-media-nacional\/","title":{"rendered":"A 2\u00aa maior economia de Santa Catarina e a \u00fanica fora da It\u00e1lia a fabricar iates de luxo: a Capital Nacional da Pesca tem 7 praias e PIB tr\u00eas vezes acima da m\u00e9dia nacional"},"content":{"rendered":"\n<p>No litoral norte de <strong>Santa Catarina<\/strong>, <strong>Itaja\u00ed<\/strong> recebe quem chega na foz do Rio Itaja\u00ed-A\u00e7u, entre cargueiros gigantes e barcos de pesca artesanal. A cidade abriga o segundo maior porto do <strong>Brasil<\/strong> em cont\u00eaineres e a \u00fanica f\u00e1brica da italiana <strong>Azimut Yachts<\/strong> fora da <strong>It\u00e1lia<\/strong>.<\/p>\n\n\n\n<h2 class=\"wp-block-heading\">Como uma vila a\u00e7oriana virou pot\u00eancia mar\u00edtima<\/h2>\n\n\n\n<p>O paulista <strong>Jo\u00e3o Dias de Arz\u00e3o<\/strong> chegou \u00e0 regi\u00e3o em 1658 atra\u00eddo por rumores de ouro na foz do Itaja\u00ed-A\u00e7u. O min\u00e9rio nunca apareceu, mas a posi\u00e7\u00e3o geogr\u00e1fica se mostrou mais valiosa. No s\u00e9culo 18, fam\u00edlias a\u00e7orianas e madeirenses ocuparam a margem direita do rio e fundaram o povoado que daria origem \u00e0 cidade, oficialmente elevada a vila em 15 de junho de 1860.<\/p>\n\n\n\n<p>Em 1820, Dom Jo\u00e3o VI mandou trazer pescadores da vila portuguesa de <strong>Ericeira<\/strong> para colonizar o litoral catarinense. Essa heran\u00e7a moldou a culin\u00e1ria, as festas e at\u00e9 o sotaque local, ainda aud\u00edveis no centro hist\u00f3rico.<\/p>\n\n\n<div class=\"wp-block-image\">\n<figure class=\"aligncenter size-large\"><img decoding=\"async\" width=\"1024\" height=\"576\" src=\"https:\/\/www.uai.com.br\/uainoticias\/wp-content\/uploads\/2025\/12\/Itajai_1742328807390-1024x576.jpg\" alt=\"A cidade catarinense com 7 praias cercadas por Mata Atl\u00e2ntica que virou a \u00fanica parada brasileira da maior regata oce\u00e2nica do planeta\" class=\"wp-image-94722\" srcset=\"https:\/\/www.uai.com.br\/uainoticias\/wp-content\/uploads\/2025\/12\/Itajai_1742328807390-1024x576.jpg 1024w, https:\/\/www.uai.com.br\/uainoticias\/wp-content\/uploads\/2025\/12\/Itajai_1742328807390-300x169.jpg 300w, https:\/\/www.uai.com.br\/uainoticias\/wp-content\/uploads\/2025\/12\/Itajai_1742328807390-768x432.jpg 768w, https:\/\/www.uai.com.br\/uainoticias\/wp-content\/uploads\/2025\/12\/Itajai_1742328807390-750x422.jpg 750w, https:\/\/www.uai.com.br\/uainoticias\/wp-content\/uploads\/2025\/12\/Itajai_1742328807390-1140x641.jpg 1140w, https:\/\/www.uai.com.br\/uainoticias\/wp-content\/uploads\/2025\/12\/Itajai_1742328807390.jpg 1280w\" sizes=\"(max-width: 1024px) 100vw, 1024px\" \/><figcaption class=\"wp-element-caption\">Itaja\u00ed conquista pela qualidade de vida e pelas praias perfeitas para descansar \/\/ Cr\u00e9ditos: depositphotos.com \/ Cristian_Lourenco<\/figcaption><\/figure><\/div>\n\n\n<h2 class=\"wp-block-heading\">Vale a pena viver na cidade mais rica do litoral catarinense?<\/h2>\n\n\n\n<p>Sim, e os n\u00fameros confirmam. Itaja\u00ed ocupa a 29\u00aa posi\u00e7\u00e3o entre as maiores economias do pa\u00eds, com PIB de R$ 48,2 bilh\u00f5es em 2023, segundo dados do <a href=\"https:\/\/estado.sc.gov.br\/noticias\/joinville-itajai-e-florianopolis-colocam-santa-catarina-entre-as-maiores-economias-municipais-do-brasil\/\" target=\"_blank\" rel=\"noreferrer noopener\"><strong>Governo de Santa Catarina<\/strong><\/a> com base no <strong>Instituto Brasileiro de Geografia e Estat\u00edstica (IBGE)<\/strong>. O PIB per capita supera R$ 182 mil, mais de tr\u00eas vezes a m\u00e9dia nacional, atr\u00e1s apenas de Araquari no estado.<\/p>\n\n\n\n<p>A cidade recebeu da Lei Federal 14.733\/2023 o t\u00edtulo oficial de Capital Nacional da Pesca, sancionada pelo presidente da Rep\u00fablica e divulgada pelo <a href=\"https:\/\/www12.senado.leg.br\/noticias\/materias\/2023\/11\/24\/sancionado-titulo-de-capital-nacional-da-pesca-para-itajai-sc\" target=\"_blank\" rel=\"noreferrer noopener\"><strong>Senado Federal<\/strong><\/a>. O munic\u00edpio concentra 55% do mercado nacional de pesca e cerca de 20 mil empregos diretos e indiretos no setor, segundo a <a href=\"https:\/\/itajai.sc.gov.br\/noticias\/31370\/itajai-e-confirmada-oficialmente-como-capital-nacional-da-pesca\" target=\"_blank\" rel=\"noreferrer noopener\"><strong>Prefeitura de Itaja\u00ed<\/strong><\/a>. Multinacionais como BRF, Gomes da Costa e Azimut Yachts operam na cidade.<\/p>\n\n\n<div class=\"wp-block-image\">\n<figure class=\"aligncenter size-large\"><img decoding=\"async\" width=\"1024\" height=\"576\" src=\"https:\/\/www.uai.com.br\/uainoticias\/wp-content\/uploads\/2025\/12\/Itajai_1742328732071-1024x576.jpg\" alt=\"A cidade catarinense com 7 praias cercadas por Mata Atl\u00e2ntica que virou a \u00fanica parada brasileira da maior regata oce\u00e2nica do planeta\" class=\"wp-image-94723\" srcset=\"https:\/\/www.uai.com.br\/uainoticias\/wp-content\/uploads\/2025\/12\/Itajai_1742328732071-1024x576.jpg 1024w, https:\/\/www.uai.com.br\/uainoticias\/wp-content\/uploads\/2025\/12\/Itajai_1742328732071-300x169.jpg 300w, https:\/\/www.uai.com.br\/uainoticias\/wp-content\/uploads\/2025\/12\/Itajai_1742328732071-768x432.jpg 768w, https:\/\/www.uai.com.br\/uainoticias\/wp-content\/uploads\/2025\/12\/Itajai_1742328732071-750x422.jpg 750w, https:\/\/www.uai.com.br\/uainoticias\/wp-content\/uploads\/2025\/12\/Itajai_1742328732071-1140x641.jpg 1140w, https:\/\/www.uai.com.br\/uainoticias\/wp-content\/uploads\/2025\/12\/Itajai_1742328732071.jpg 1280w\" sizes=\"(max-width: 1024px) 100vw, 1024px\" \/><figcaption class=\"wp-element-caption\">Itaja\u00ed \u00e9 conhecida por suas praias acolhedoras e estilo de vida tranquilo, \u00e9 destaque no litoral catarinense \/\/ Cr\u00e9ditos: depositphotos.com \/ diegograndi<\/figcaption><\/figure><\/div>\n\n\n<p><strong>Leia tamb\u00e9m: <a href=\"https:\/\/www.uai.com.br\/uainoticias\/2026\/04\/25\/essa-cidade-nordestina-esta-em-alta-447-mais-estrangeiros-escolheram-esse-paraiso-de-mar-morno-e-brisa-perfeita\/\" target=\"_blank\" rel=\"noreferrer noopener\">Essa cidade nordestina est\u00e1 em alta: 44,7% mais estrangeiros escolheram esse para\u00edso de mar morno e brisa perfeita<\/a><\/strong><\/p>\n\n\n\n<h2 class=\"wp-block-heading\">O que fazer entre praias e patrim\u00f4nio a\u00e7oriano<\/h2>\n\n\n\n<p>O roteiro itajaiense se organiza ao longo da costa, com sete praias listadas pela Prefeitura de Itaja\u00ed. Os principais atrativos:<\/p>\n\n\n\n<ul class=\"wp-block-list\">\n<li><strong>Praia Brava<\/strong>: quase 3 km de extens\u00e3o na divisa com <strong>Balne\u00e1rio Cambori\u00fa<\/strong>, com infraestrutura de quiosques, beach clubs e ondas para o surfe.<\/li>\n\n\n\n<li><strong>Praia de Cabe\u00e7udas<\/strong>: 700 metros de \u00e1guas tranquilas frequentadas por fam\u00edlias, batizada em refer\u00eancia \u00e0s tartarugas-cabe\u00e7udas que desovavam ali no per\u00edodo colonial.<\/li>\n\n\n\n<li><strong>Praia do Atalaia<\/strong>: refer\u00eancia mundial em surfe noturno gra\u00e7as \u00e0 ilumina\u00e7\u00e3o especial, ao lado dos <strong>Molhes da Barra<\/strong> constru\u00eddos entre 1900 e 1930.<\/li>\n\n\n\n<li><strong>Bico do Papagaio<\/strong>: forma\u00e7\u00e3o rochosa de cerca de 4,5 metros esculpida acidentalmente durante a abertura da estrada para Cabe\u00e7udas, hoje cart\u00e3o-postal com mirante.<\/li>\n\n\n\n<li><strong>P\u00eder Tur\u00edstico de Itaja\u00ed<\/strong>: inaugurado em 2000, recebe transatl\u00e2nticos de at\u00e9 230 metros e coloca a cidade entre os principais destinos de cruzeiros da <strong>Am\u00e9rica do Sul<\/strong>.<\/li>\n\n\n\n<li><strong>Museu Hist\u00f3rico do Pal\u00e1cio Marcos Konder<\/strong>: pr\u00e9dio art-nouveau de 1925, ex-sede da prefeitura, abriga acervo da hist\u00f3ria local desde 1982.<\/li>\n<\/ul>\n\n\n\n<p>A culin\u00e1ria local reflete a heran\u00e7a portuguesa e a for\u00e7a da ind\u00fastria pesqueira, com pescados que saem do barco para a cozinha no mesmo dia:<\/p>\n\n\n\n<ul class=\"wp-block-list\">\n<li><strong>Sardinha na brasa<\/strong>: temperada com sal grosso e pimenta mo\u00edda, assada ainda congelada para real\u00e7ar o sabor, prato-s\u00edmbolo da Marejada desde 1989.<\/li>\n\n\n\n<li><strong>Camar\u00e3o na moranga<\/strong>: receita servida dentro da ab\u00f3bora assada, presen\u00e7a obrigat\u00f3ria nos card\u00e1pios da orla e dos restaurantes da Beira-Rio.<\/li>\n\n\n\n<li><strong>Tainha assada<\/strong>: tradi\u00e7\u00e3o dos meses de inverno, quando os cardumes migram pela costa catarinense e mobilizam a pesca artesanal.<\/li>\n\n\n\n<li><strong>Pratos a\u00e7orianos<\/strong>: bacalhau, polvo e peixes grelhados servidos em restaurantes do bairro Fazenda, na via gastron\u00f4mica da Avenida Ministro Victor Konder.<\/li>\n\n\n\n<li><strong>Atum e sardinha em lata<\/strong>: a regi\u00e3o de Itaja\u00ed responde por cerca de 80% do consumo nacional, vindo da maior enlatadora de pescados da Am\u00e9rica Latina.<\/li>\n<\/ul>\n\n\n\n<p>Quem planeja viajar para <strong>Itaja\u00ed<\/strong>, vai curtir esse v\u00eddeo especialmente selecionado do canal <strong>Rol\u00ea Fam\u00edlia<\/strong>, que conta com mais de <strong>186 mil<\/strong> visualiza\u00e7\u00f5es, onde o canal mostra as 10 melhores atra\u00e7\u00f5es para conhecer em <strong>Santa Catarina<\/strong>:<\/p>\n\n\n\n<figure class=\"wp-block-embed is-type-video is-provider-youtube wp-block-embed-youtube wp-embed-aspect-16-9 wp-has-aspect-ratio\"><div class=\"wp-block-embed__wrapper\">\n<div class=\"jeg_video_container jeg_video_content\"><iframe loading=\"lazy\" title=\"10 atra\u00e7\u00f5es para conhecer em ITAJA\u00cd, Santa Catarina\" width=\"500\" height=\"281\" src=\"https:\/\/www.youtube.com\/embed\/GtDGfLhlLFg?start=136&#038;feature=oembed\" frameborder=\"0\" allow=\"accelerometer; autoplay; clipboard-write; encrypted-media; gyroscope; picture-in-picture; web-share\" referrerpolicy=\"strict-origin-when-cross-origin\" allowfullscreen><\/iframe><\/div>\n<\/div><\/figure>\n\n\n\n<h2 class=\"wp-block-heading\">Quando o clima ajuda cada tipo de programa na cidade<\/h2>\n\n\n\n<p>O clima \u00e9 subtropical \u00famido, com ver\u00f5es quentes e chuvosos e invernos amenos e secos. A tabela abaixo organiza as condi\u00e7\u00f5es por esta\u00e7\u00e3o:<\/p>\n\n\n\n<style>\n    .clima-grid-uai95 { \n        --cor-primaria: #0278c0; --cor-secundaria: #ffd31a; --cor-txt-secundaria: #0278c0;\n        display: grid; grid-template-columns: repeat(auto-fit, minmax(190px, 1fr)); gap: 15px; justify-content: center; padding: 10px;\n    }\n    .clima-card-uai95 { border: 5px solid var(--cor-primaria); border-top: 5px solid var(--cor-secundaria); border-radius: 12px; background-color: var(--cor-primaria); background-clip: padding-box; display: flex; flex-direction: column; overflow: hidden; cursor: pointer; box-shadow: 0 6px 12px rgba(0,0,0, 0.2); transition: transform 0.2s ease, box-shadow 0.2s ease; -webkit-tap-highlight-color: transparent; user-select: none; transform: translateZ(0); animation: wmFadeIn 0.6s cubic-bezier(0.2, 0.8, 0.2, 1) backwards; }\n    .clima-card-uai95:focus-visible { outline: 3px dashed var(--cor-secundaria); outline-offset: 4px; }\n    .clima-card-uai95:nth-child(1) { animation-delay: 0.1s; } .clima-card-uai95:nth-child(2) { animation-delay: 0.2s; } .clima-card-uai95:nth-child(3) { animation-delay: 0.3s; } .clima-card-uai95:nth-child(4) { animation-delay: 0.4s; }\n    @keyframes wmFadeIn { from { opacity: 0; transform: translateY(30px); } to { opacity: 1; transform: translateY(0); } }\n    .clima-card-uai95:hover { transform: translateY(-5px); box-shadow: 0 15px 30px rgba(0,0,0, 0.3); }\n    .clima-card-uai95:active { transform: translateY(-1px) scale(0.97); box-shadow: 0 3px 6px rgba(0,0,0, 0.2); transition: transform 0.05s ease, box-shadow 0.05s ease; }\n    .clima-header-uai95 { background: #fdfbf5; padding: 15px 10px; text-align: center; display: flex; flex-direction: column; align-items: center; justify-content: center; }\n    .clima-body-uai95 { background: #ffffff; padding: 15px; display: flex; flex-direction: column; flex-grow: 1; align-items: center; }\n    .clima-destaque-uai95 { box-shadow: 0 8px 16px rgba(0,0,0, 0.25); }\n    .clima-destaque-uai95:hover { box-shadow: 0 18px 36px rgba(0,0,0, 0.35); }\n    .clima-destaque-uai95 .clima-header-uai95 { background: var(--cor-secundaria); }\n    .clima-destaque-uai95 .clima-header-uai95 .clima-titulo-uai95 { color: var(--cor-txt-secundaria) !important; } \n    .clima-pill-uai95 { display: flex; white-space: normal; max-width: 100%; box-sizing: border-box; justify-content: center; align-items: center; text-align: center; background: #e6f2fa; color: var(--cor-primaria); font-size: 11px; font-weight: 900 !important; letter-spacing: 0.5px; padding: 8px 16px; border-radius: 16px; text-transform: uppercase; line-height: 1.4; box-shadow: 0 4px 8px rgba(0,0,0, 0.15); margin-top: auto; transition: transform 0.2s ease; }\n    .clima-destaque-uai95 .clima-pill-uai95 { background: var(--cor-primaria); color: #ffffff; border: 1px solid #ffffff; } \n    .clima-card-uai95:hover .clima-pill-uai95 { transform: scale(1.06); }\n    .clima-pill-uai95 span { font-weight: 900 !important; color: inherit; } \n    .clima-emoji-uai95 { font-size: 24px; line-height: 1; margin-bottom: 5px; }\n    .clima-titulo-uai95 { color: var(--cor-primaria); font-size: 16px; text-transform: uppercase; margin-top: 5px; font-weight: bold; }\n    .clima-mes-uai95 { font-size: 11px; font-weight: 800; color: var(--cor-primaria); text-transform: uppercase; margin-bottom: 5px; display: block; }\n    .clima-temp-uai95 { font-size: 26px; font-weight: 900; color: var(--cor-primaria); margin-bottom: 10px; }\n    .clima-desc-uai95 { font-size: 13px; color: #444; text-align: center; line-height: 1.5; margin-bottom: 15px; flex-grow: 1;}\n    .clima-desc-uai95 strong { color: #111; }\n    @media (prefers-color-scheme: dark) {\n        .clima-card-uai95 { border-color: #014f7d; background-color: #014f7d; box-shadow: 0 6px 12px rgba(0,0,0, 0.5); }\n        .clima-header-uai95 { background: #1a1a1a; } .clima-body-uai95 { background: #121212; }\n        .clima-destaque-uai95 .clima-header-uai95 { background: var(--cor-secundaria); }\n        .clima-destaque-uai95 .clima-header-uai95 .clima-titulo-uai95 { color: var(--cor-txt-secundaria) !important; }\n        .clima-titulo-uai95 { color: #63b2e8; } .clima-mes-uai95 { color: #63b2e8; } .clima-temp-uai95 { color: #63b2e8; } .clima-desc-uai95 { color: #cccccc; } .clima-desc-uai95 strong { color: #ffffff; }\n        .clima-pill-uai95 { background: #014f7d; color: #ffffff; box-shadow: 0 4px 8px rgba(0, 0, 0, 0.5); }\n        .clima-destaque-uai95 .clima-pill-uai95 { background: #013859; color: #ffffff; border-color: #63b2e8; }\n    }\n<\/style>\n<div class=\"google-auto-ads-ignore clima-grid-uai95\" style=\"box-sizing: border-box; width: 100%; max-width: 980px; margin: 30px auto; font-family: 'Segoe UI', Roboto, Helvetica, Arial, sans-serif;\">\n    <div class=\"clima-card-uai95\" tabindex=\"0\">\n        <div class=\"clima-header-uai95\"><div class=\"clima-emoji-uai95\" aria-hidden=\"true\">\ud83d\udef3\ufe0f<\/div><div class=\"clima-titulo-uai95\">Ver\u00e3o<\/div><\/div>\n        <div class=\"clima-body-uai95\">\n            <time class=\"clima-mes-uai95\">Dezembro a fevereiro<\/time><div class=\"clima-temp-uai95\">21\u00b0C a 29\u00b0C<\/div>\n            <div class=\"clima-desc-uai95\">As praias lotam com os banhistas e o p\u00eder se agita com as idas e vindas dos luxuosos <strong>cruzeiros mar\u00edtimos que atracam na Praia Brava<\/strong>.<\/div>\n            <div class=\"clima-pill-uai95\"><span>\u2614 Chuva Alta<\/span><\/div>\n        <\/div>\n    <\/div>\n    <div class=\"clima-card-uai95\" tabindex=\"0\">\n        <div class=\"clima-header-uai95\"><div class=\"clima-emoji-uai95\" aria-hidden=\"true\">\ud83c\udf72<\/div><div class=\"clima-titulo-uai95\">Outono<\/div><\/div>\n        <div class=\"clima-body-uai95\">\n            <time class=\"clima-mes-uai95\">Mar\u00e7o a maio<\/time><div class=\"clima-temp-uai95\">17\u00b0C a 26\u00b0C<\/div>\n            <div class=\"clima-desc-uai95\">O clima catarinense amena as temperaturas e as chuvas. Excelente momento calmo para relaxar com a maravilhosa <strong>gastronomia a\u00e7oriana<\/strong> local.<\/div>\n            <div class=\"clima-pill-uai95\"><span>\u2601\ufe0f Chuva M\u00e9dia<\/span><\/div>\n        <\/div>\n    <\/div>\n    <div class=\"clima-card-uai95\" tabindex=\"0\">\n        <div class=\"clima-header-uai95\"><div class=\"clima-emoji-uai95\" aria-hidden=\"true\">\ud83d\udc1f<\/div><div class=\"clima-titulo-uai95\">Inverno<\/div><\/div>\n        <div class=\"clima-body-uai95\">\n            <time class=\"clima-mes-uai95\">Junho a agosto<\/time><div class=\"clima-temp-uai95\">11\u00b0C a 22\u00b0C<\/div>\n            <div class=\"clima-desc-uai95\">O frio do Sul e os dias secos s\u00e3o o convite perfeito para esquentar o paladar com a <strong>tradicional tainha assada nas caminhadas na Beira-Rio<\/strong>.<\/div>\n            <div class=\"clima-pill-uai95\"><span>\ud83c\udf92 Chuva Baixa \/ Seco<\/span><\/div>\n        <\/div>\n    <\/div>\n    <div class=\"clima-card-uai95 clima-destaque-uai95\" tabindex=\"0\">\n        <div class=\"clima-header-uai95\"><div class=\"clima-emoji-uai95\" aria-hidden=\"true\">\ud83c\udf89<\/div><div class=\"clima-titulo-uai95\">Primavera<\/div><\/div>\n        <div class=\"clima-body-uai95\">\n            <time class=\"clima-mes-uai95\">Setembro a novembro<\/time><div class=\"clima-temp-uai95\">15\u00b0C a 26\u00b0C<\/div>\n            <div class=\"clima-desc-uai95\">A cidade vibra! O clima florido e est\u00e1vel acolhe o maior evento da regi\u00e3o em outubro: a gigantesca <strong>Marejada e os roteiros no Parque do Atalaia<\/strong>.<\/div>\n            <div class=\"clima-pill-uai95\"><span>\u2b50 Alta Temporada \/ Marejada<\/span><\/div>\n        <\/div>\n    <\/div>\n<\/div>\n\n\n\n<p><em>Temperaturas aproximadas com base no <a href=\"https:\/\/www.climatempo.com.br\/previsao-do-tempo\/cidade\/1434\/itajai-sc\" target=\"_blank\" rel=\"noreferrer noopener\"><strong>Climatempo<\/strong><\/a>. Condi\u00e7\u00f5es podem variar.<\/em><\/p>\n\n\n\n<p>Outubro concentra a maior festa do calend\u00e1rio local: a Marejada, criada em 1987 como Festa Portuguesa e do Pescado, re\u00fane mais de 100 atra\u00e7\u00f5es em 18 dias de evento gratuito no Centreventos Governador Luiz Henrique da Silveira, segundo a <a href=\"https:\/\/www.setur.sc.gov.br\/a-tradicao-dos-frutos-do-mar-na-35o-marejada-em-itajai\/\" target=\"_blank\" rel=\"noreferrer noopener\"><strong>Secretaria de Estado do Turismo de Santa Catarina<\/strong><\/a>. O ver\u00e3o lota as praias com turistas e os luxuosos cruzeiros que atracam no p\u00eder.<\/p>\n\n\n\n<h2 class=\"wp-block-heading\">Como chegar \u00e0 Capital Nacional da Pesca<\/h2>\n\n\n\n<p>O acesso a\u00e9reo mais pr\u00f3ximo \u00e9 o Aeroporto Internacional Ministro Victor Konder, em <strong>Navegantes<\/strong>, a cerca de 7 km do centro de Itaja\u00ed, do outro lado do rio. H\u00e1 voos diretos para S\u00e3o Paulo, Campinas, Bras\u00edlia e outras capitais, com travessia para a cidade pela <strong>BR-101<\/strong> ou ferry-boat.<\/p>\n\n\n\n<p>De carro, Itaja\u00ed fica a aproximadamente 90 km de <strong>Florian\u00f3polis<\/strong>, 110 km de <strong>Joinville<\/strong> e cerca de 200 km de <strong>Curitiba<\/strong>, todos pela BR-101. <strong>Balne\u00e1rio Cambori\u00fa<\/strong> est\u00e1 a 10 km, conectada pela Rodovia Osvaldo Reis que passa pela Praia Brava.<\/p>\n\n\n\n<h2 class=\"wp-block-heading\">O Brasil precisa visitar a cidade do rio e do mar<\/h2>\n\n\n\n<p>Itaja\u00ed equilibra o peso de uma economia bilion\u00e1ria com a leveza de quem vive entre o rio e o mar. Poucas cidades brasileiras re\u00fanem um complexo portu\u00e1rio internacional, f\u00e1bricas de iates exportados para mais de 80 pa\u00edses e praias onde moradores ainda pescam no fim da tarde.<\/p>\n\n\n\n<p>Voc\u00ea precisa conhecer a foz do Itaja\u00ed-A\u00e7u e sentir o ritmo de uma cidade que recebe a maior regata do mundo, celebra o mar em outubro e ainda encontra tempo para um surfe antes do expediente.<\/p>\n","protected":false},"excerpt":{"rendered":"<p>No litoral norte de Santa Catarina, Itaja\u00ed recebe quem chega na foz do Rio Itaja\u00ed-A\u00e7u, entre cargueiros gigantes e barcos de pesca artesanal. A cidade abriga o segundo maior porto do Brasil em cont\u00eaineres e a \u00fanica f\u00e1brica da italiana Azimut Yachts fora da It\u00e1lia. Como uma vila a\u00e7oriana virou pot\u00eancia mar\u00edtima O paulista Jo\u00e3o [&hellip;]<\/p>\n","protected":false},"author":14,"featured_media":127597,"comment_status":"open","ping_status":"open","sticky":false,"template":"","format":"standard","meta":{"jnews-multi-image_gallery":[],"jnews_single_post":{"format":"standard"},"jnews_primary_category":[],"jnews_social_meta":[],"jnews_override_counter":[],"footnotes":""},"categories":[210],"tags":[234,5051,2611],"class_list":["post-127439","post","type-post","status-publish","format-standard","has-post-thumbnail","hentry","category-cidades","tag-cidades","tag-itajai","tag-santa-catarina"],"yoast_head":"<!-- This site is optimized with the Yoast SEO plugin v26.5 - https:\/\/yoast.com\/wordpress\/plugins\/seo\/ -->\n<title>A 2\u00aa maior economia de Santa Catarina e a \u00fanica fora da It\u00e1lia a fabricar iates de luxo: a Capital Nacional da Pesca tem 7 praias e PIB tr\u00eas vezes acima da m\u00e9dia nacional - UAI Not\u00edcias<\/title>\n<meta name=\"description\" content=\"Descubra a cidade que fabrica iates de luxo e lidera o setor pesqueiro nacional com economia forte e belas praias. Saiba mais.\" \/>\n<meta name=\"robots\" content=\"index, follow, max-snippet:-1, max-image-preview:large, max-video-preview:-1\" \/>\n<link rel=\"canonical\" href=\"https:\/\/www.uai.com.br\/uainoticias\/2026\/04\/26\/a-2a-maior-economia-de-santa-catarina-e-a-unica-fora-da-italia-a-fabricar-iates-de-luxo-a-capital-nacional-da-pesca-tem-7-praias-e-pib-tres-vezes-acima-da-media-nacional\/\" \/>\n<meta property=\"og:locale\" content=\"pt_BR\" \/>\n<meta property=\"og:type\" content=\"article\" \/>\n<meta property=\"og:title\" content=\"A 2\u00aa maior economia de Santa Catarina e a \u00fanica fora da It\u00e1lia a fabricar iates de luxo: a Capital Nacional da Pesca tem 7 praias e PIB tr\u00eas vezes acima da m\u00e9dia nacional - UAI Not\u00edcias\" \/>\n<meta property=\"og:description\" content=\"Descubra a cidade que fabrica iates de luxo e lidera o setor pesqueiro nacional com economia forte e belas praias. Saiba mais.\" \/>\n<meta property=\"og:url\" content=\"https:\/\/www.uai.com.br\/uainoticias\/2026\/04\/26\/a-2a-maior-economia-de-santa-catarina-e-a-unica-fora-da-italia-a-fabricar-iates-de-luxo-a-capital-nacional-da-pesca-tem-7-praias-e-pib-tres-vezes-acima-da-media-nacional\/\" \/>\n<meta property=\"og:site_name\" content=\"UAI Not\u00edcias\" \/>\n<meta property=\"article:published_time\" content=\"2026-04-27T02:15:00+00:00\" \/>\n<meta property=\"og:image\" content=\"https:\/\/www.uai.com.br\/uainoticias\/wp-content\/uploads\/2026\/04\/Woman_on_marina_202604260820.jpg\" \/>\n\t<meta property=\"og:image:width\" content=\"1280\" \/>\n\t<meta property=\"og:image:height\" content=\"720\" \/>\n\t<meta property=\"og:image:type\" content=\"image\/jpeg\" \/>\n<meta name=\"author\" content=\"Vitor Bruno\" \/>\n<meta name=\"twitter:card\" content=\"summary_large_image\" \/>\n<meta name=\"twitter:label1\" content=\"Escrito por\" \/>\n\t<meta name=\"twitter:data1\" content=\"Vitor Bruno\" \/>\n\t<meta name=\"twitter:label2\" content=\"Est. tempo de leitura\" \/>\n\t<meta name=\"twitter:data2\" content=\"7 minutos\" \/>\n<!-- \/ Yoast SEO plugin. -->","yoast_head_json":{"title":"A 2\u00aa maior economia de Santa Catarina e a \u00fanica fora da It\u00e1lia a fabricar iates de luxo: a Capital Nacional da Pesca tem 7 praias e PIB tr\u00eas vezes acima da m\u00e9dia nacional - UAI Not\u00edcias","description":"Descubra a cidade que fabrica iates de luxo e lidera o setor pesqueiro nacional com economia forte e belas praias. Saiba mais.","robots":{"index":"index","follow":"follow","max-snippet":"max-snippet:-1","max-image-preview":"max-image-preview:large","max-video-preview":"max-video-preview:-1"},"canonical":"https:\/\/www.uai.com.br\/uainoticias\/2026\/04\/26\/a-2a-maior-economia-de-santa-catarina-e-a-unica-fora-da-italia-a-fabricar-iates-de-luxo-a-capital-nacional-da-pesca-tem-7-praias-e-pib-tres-vezes-acima-da-media-nacional\/","og_locale":"pt_BR","og_type":"article","og_title":"A 2\u00aa maior economia de Santa Catarina e a \u00fanica fora da It\u00e1lia a fabricar iates de luxo: a Capital Nacional da Pesca tem 7 praias e PIB tr\u00eas vezes acima da m\u00e9dia nacional - UAI Not\u00edcias","og_description":"Descubra a cidade que fabrica iates de luxo e lidera o setor pesqueiro nacional com economia forte e belas praias. Saiba mais.","og_url":"https:\/\/www.uai.com.br\/uainoticias\/2026\/04\/26\/a-2a-maior-economia-de-santa-catarina-e-a-unica-fora-da-italia-a-fabricar-iates-de-luxo-a-capital-nacional-da-pesca-tem-7-praias-e-pib-tres-vezes-acima-da-media-nacional\/","og_site_name":"UAI Not\u00edcias","article_published_time":"2026-04-27T02:15:00+00:00","og_image":[{"width":1280,"height":720,"url":"https:\/\/www.uai.com.br\/uainoticias\/wp-content\/uploads\/2026\/04\/Woman_on_marina_202604260820.jpg","type":"image\/jpeg"}],"author":"Vitor Bruno","twitter_card":"summary_large_image","twitter_misc":{"Escrito por":"Vitor Bruno","Est. tempo de leitura":"7 minutos"},"schema":{"@context":"https:\/\/schema.org","@graph":[{"@type":"WebPage","@id":"https:\/\/www.uai.com.br\/uainoticias\/2026\/04\/26\/a-2a-maior-economia-de-santa-catarina-e-a-unica-fora-da-italia-a-fabricar-iates-de-luxo-a-capital-nacional-da-pesca-tem-7-praias-e-pib-tres-vezes-acima-da-media-nacional\/","url":"https:\/\/www.uai.com.br\/uainoticias\/2026\/04\/26\/a-2a-maior-economia-de-santa-catarina-e-a-unica-fora-da-italia-a-fabricar-iates-de-luxo-a-capital-nacional-da-pesca-tem-7-praias-e-pib-tres-vezes-acima-da-media-nacional\/","name":"A 2\u00aa maior economia de Santa Catarina e a \u00fanica fora da It\u00e1lia a fabricar iates de luxo: a Capital Nacional da Pesca tem 7 praias e PIB tr\u00eas vezes acima da m\u00e9dia nacional - UAI Not\u00edcias","isPartOf":{"@id":"https:\/\/www.uai.com.br\/uainoticias\/#website"},"primaryImageOfPage":{"@id":"https:\/\/www.uai.com.br\/uainoticias\/2026\/04\/26\/a-2a-maior-economia-de-santa-catarina-e-a-unica-fora-da-italia-a-fabricar-iates-de-luxo-a-capital-nacional-da-pesca-tem-7-praias-e-pib-tres-vezes-acima-da-media-nacional\/#primaryimage"},"image":{"@id":"https:\/\/www.uai.com.br\/uainoticias\/2026\/04\/26\/a-2a-maior-economia-de-santa-catarina-e-a-unica-fora-da-italia-a-fabricar-iates-de-luxo-a-capital-nacional-da-pesca-tem-7-praias-e-pib-tres-vezes-acima-da-media-nacional\/#primaryimage"},"thumbnailUrl":"https:\/\/www.uai.com.br\/uainoticias\/wp-content\/uploads\/2026\/04\/Woman_on_marina_202604260820.jpg","datePublished":"2026-04-27T02:15:00+00:00","author":{"@id":"https:\/\/www.uai.com.br\/uainoticias\/#\/schema\/person\/03130d752d0ce4e3bb0f607f1bc85084"},"description":"Descubra a cidade que fabrica iates de luxo e lidera o setor pesqueiro nacional com economia forte e belas praias. Saiba mais.","breadcrumb":{"@id":"https:\/\/www.uai.com.br\/uainoticias\/2026\/04\/26\/a-2a-maior-economia-de-santa-catarina-e-a-unica-fora-da-italia-a-fabricar-iates-de-luxo-a-capital-nacional-da-pesca-tem-7-praias-e-pib-tres-vezes-acima-da-media-nacional\/#breadcrumb"},"inLanguage":"pt-BR","potentialAction":[{"@type":"ReadAction","target":["https:\/\/www.uai.com.br\/uainoticias\/2026\/04\/26\/a-2a-maior-economia-de-santa-catarina-e-a-unica-fora-da-italia-a-fabricar-iates-de-luxo-a-capital-nacional-da-pesca-tem-7-praias-e-pib-tres-vezes-acima-da-media-nacional\/"]}]},{"@type":"ImageObject","inLanguage":"pt-BR","@id":"https:\/\/www.uai.com.br\/uainoticias\/2026\/04\/26\/a-2a-maior-economia-de-santa-catarina-e-a-unica-fora-da-italia-a-fabricar-iates-de-luxo-a-capital-nacional-da-pesca-tem-7-praias-e-pib-tres-vezes-acima-da-media-nacional\/#primaryimage","url":"https:\/\/www.uai.com.br\/uainoticias\/wp-content\/uploads\/2026\/04\/Woman_on_marina_202604260820.jpg","contentUrl":"https:\/\/www.uai.com.br\/uainoticias\/wp-content\/uploads\/2026\/04\/Woman_on_marina_202604260820.jpg","width":1280,"height":720,"caption":"A 2\u00aa maior economia de Santa Catarina e a \u00fanica fora da It\u00e1lia a fabricar iates de luxo: a Capital Nacional da Pesca tem 7 praias e PIB tr\u00eas vezes acima da m\u00e9dia nacional \/\/ IMAGEM ILUSTRATIVA"},{"@type":"BreadcrumbList","@id":"https:\/\/www.uai.com.br\/uainoticias\/2026\/04\/26\/a-2a-maior-economia-de-santa-catarina-e-a-unica-fora-da-italia-a-fabricar-iates-de-luxo-a-capital-nacional-da-pesca-tem-7-praias-e-pib-tres-vezes-acima-da-media-nacional\/#breadcrumb","itemListElement":[{"@type":"ListItem","position":1,"name":"In\u00edcio","item":"https:\/\/www.uai.com.br\/uainoticias\/"},{"@type":"ListItem","position":2,"name":"A 2\u00aa maior economia de Santa Catarina e a \u00fanica fora da It\u00e1lia a fabricar iates de luxo: a Capital Nacional da Pesca tem 7 praias e PIB tr\u00eas vezes acima da m\u00e9dia nacional"}]},{"@type":"WebSite","@id":"https:\/\/www.uai.com.br\/uainoticias\/#website","url":"https:\/\/www.uai.com.br\/uainoticias\/","name":"UAI Not\u00edcias","description":"Acompanhe as \u00faltimas not\u00edcias e fique bem informado sobre tudo o que acontece no Brasil e no mundo.","potentialAction":[{"@type":"SearchAction","target":{"@type":"EntryPoint","urlTemplate":"https:\/\/www.uai.com.br\/uainoticias\/?s={search_term_string}"},"query-input":{"@type":"PropertyValueSpecification","valueRequired":true,"valueName":"search_term_string"}}],"inLanguage":"pt-BR"},{"@type":"Person","@id":"https:\/\/www.uai.com.br\/uainoticias\/#\/schema\/person\/03130d752d0ce4e3bb0f607f1bc85084","name":"Vitor Bruno","image":{"@type":"ImageObject","inLanguage":"pt-BR","@id":"https:\/\/www.uai.com.br\/uainoticias\/#\/schema\/person\/image\/","url":"https:\/\/secure.gravatar.com\/avatar\/ab0513148053bbb80c117cdd35f8a0f2742d41eebbac321acf8df2e633d81609?s=96&d=mm&r=g","contentUrl":"https:\/\/secure.gravatar.com\/avatar\/ab0513148053bbb80c117cdd35f8a0f2742d41eebbac321acf8df2e633d81609?s=96&d=mm&r=g","caption":"Vitor Bruno"},"sameAs":["https:\/\/www.uai.com.br\/uainoticias\/"],"url":"https:\/\/www.uai.com.br\/uainoticias\/author\/vitor\/"}]}},"_links":{"self":[{"href":"https:\/\/www.uai.com.br\/uainoticias\/wp-json\/wp\/v2\/posts\/127439","targetHints":{"allow":["GET"]}}],"collection":[{"href":"https:\/\/www.uai.com.br\/uainoticias\/wp-json\/wp\/v2\/posts"}],"about":[{"href":"https:\/\/www.uai.com.br\/uainoticias\/wp-json\/wp\/v2\/types\/post"}],"author":[{"embeddable":true,"href":"https:\/\/www.uai.com.br\/uainoticias\/wp-json\/wp\/v2\/users\/14"}],"replies":[{"embeddable":true,"href":"https:\/\/www.uai.com.br\/uainoticias\/wp-json\/wp\/v2\/comments?post=127439"}],"version-history":[{"count":7,"href":"https:\/\/www.uai.com.br\/uainoticias\/wp-json\/wp\/v2\/posts\/127439\/revisions"}],"predecessor-version":[{"id":127598,"href":"https:\/\/www.uai.com.br\/uainoticias\/wp-json\/wp\/v2\/posts\/127439\/revisions\/127598"}],"wp:featuredmedia":[{"embeddable":true,"href":"https:\/\/www.uai.com.br\/uainoticias\/wp-json\/wp\/v2\/media\/127597"}],"wp:attachment":[{"href":"https:\/\/www.uai.com.br\/uainoticias\/wp-json\/wp\/v2\/media?parent=127439"}],"wp:term":[{"taxonomy":"category","embeddable":true,"href":"https:\/\/www.uai.com.br\/uainoticias\/wp-json\/wp\/v2\/categories?post=127439"},{"taxonomy":"post_tag","embeddable":true,"href":"https:\/\/www.uai.com.br\/uainoticias\/wp-json\/wp\/v2\/tags?post=127439"}],"curies":[{"name":"wp","href":"https:\/\/api.w.org\/{rel}","templated":true}]}}