{"id":127438,"date":"2026-04-26T20:25:00","date_gmt":"2026-04-26T23:25:00","guid":{"rendered":"https:\/\/www.uai.com.br\/uainoticias\/?p=127438"},"modified":"2026-04-26T08:08:39","modified_gmt":"2026-04-26T11:08:39","slug":"eleita-a-melhor-praia-do-brasil-em-2026-e-reconhecida-10-vezes-como-a-mais-bonita-do-pais-o-vilarejo-nordestino-de-aguas-mornas-e-piscinas-naturais-entre-corais","status":"publish","type":"post","link":"https:\/\/www.uai.com.br\/uainoticias\/2026\/04\/26\/eleita-a-melhor-praia-do-brasil-em-2026-e-reconhecida-10-vezes-como-a-mais-bonita-do-pais-o-vilarejo-nordestino-de-aguas-mornas-e-piscinas-naturais-entre-corais\/","title":{"rendered":"Eleita a melhor praia do Brasil em 2026 e reconhecida 10 vezes como a mais bonita do pa\u00eds: o vilarejo nordestino de \u00e1guas mornas e piscinas naturais entre corais"},"content":{"rendered":"\n<p>\u00c1guas mornas a 27\u00b0C, recifes que viram aqu\u00e1rios a c\u00e9u aberto e jangadas pintadas \u00e0 m\u00e3o deslizando sobre um mar verde-esmeralda. <strong>Porto de Galinhas<\/strong>, no munic\u00edpio de <strong>Ipojuca<\/strong>, em <strong>Pernambuco<\/strong>, foi eleita a melhor praia do Brasil em 2026 pelo <strong>Travelers\u2019 Choice Best of the Best<\/strong> e j\u00e1 acumula 10 t\u00edtulos consecutivos da revista <strong>Viagem e Turismo<\/strong>. O vilarejo fica a 60 km do <strong>Recife<\/strong>.<\/p>\n\n\n\n<h2 class=\"wp-block-heading\">A origem sombria por tr\u00e1s de um nome curioso<\/h2>\n\n\n\n<p>O nome surgiu no s\u00e9culo XIX, durante o per\u00edodo p\u00f3s-proibi\u00e7\u00e3o do tr\u00e1fico transatl\u00e2ntico de pessoas escravizadas. Embarca\u00e7\u00f5es clandestinas aportavam no litoral sul pernambucano escondendo africanos sob caixotes de galinhas-d\u2019angola, e a frase em c\u00f3digo \u201ctem galinha nova no porto\u201d anunciava o desembarque velado.<\/p>\n\n\n\n<p>Antes desse epis\u00f3dio, a praia era chamada de Porto Rico, em refer\u00eancia \u00e0 abund\u00e2ncia de pau-brasil na regi\u00e3o. Hoje, o passado \u00e9 ressignificado pelo artista <strong>Gilberto Carcar\u00e1<\/strong>, que espalhou pela vila esculturas de galinhas em troncos de coqueiro, s\u00edmbolo visual oficial do destino, segundo a <a href=\"https:\/\/ipojuca.pe.gov.br\/visite-ipojuca\/porto-de-galinhas\/\" target=\"_blank\" rel=\"noreferrer noopener\"><strong>Prefeitura de Ipojuca<\/strong><\/a>.<\/p>\n\n\n<div class=\"wp-block-image\">\n<figure class=\"aligncenter size-large\"><img decoding=\"async\" width=\"1024\" height=\"576\" src=\"https:\/\/www.uai.com.br\/uainoticias\/wp-content\/uploads\/2026\/01\/porto-de-galinhas_1767867713781-1024x576.jpg\" alt=\"A praia que j\u00e1 foi eleita a melhor do Brasil 10 vezes tem um segredo: \u00e1guas que parecem piscina de t\u00e3o transparentes\" class=\"wp-image-101209\" srcset=\"https:\/\/www.uai.com.br\/uainoticias\/wp-content\/uploads\/2026\/01\/porto-de-galinhas_1767867713781-1024x576.jpg 1024w, https:\/\/www.uai.com.br\/uainoticias\/wp-content\/uploads\/2026\/01\/porto-de-galinhas_1767867713781-300x169.jpg 300w, https:\/\/www.uai.com.br\/uainoticias\/wp-content\/uploads\/2026\/01\/porto-de-galinhas_1767867713781-768x432.jpg 768w, https:\/\/www.uai.com.br\/uainoticias\/wp-content\/uploads\/2026\/01\/porto-de-galinhas_1767867713781-750x422.jpg 750w, https:\/\/www.uai.com.br\/uainoticias\/wp-content\/uploads\/2026\/01\/porto-de-galinhas_1767867713781-1140x641.jpg 1140w, https:\/\/www.uai.com.br\/uainoticias\/wp-content\/uploads\/2026\/01\/porto-de-galinhas_1767867713781.jpg 1280w\" sizes=\"(max-width: 1024px) 100vw, 1024px\" \/><figcaption class=\"wp-element-caption\">Porto de Galinhas oferece piscinas naturais e mar cristalino \/\/ Cr\u00e9ditos: depositphotos.com \/ Cristian_Lourenco<\/figcaption><\/figure><\/div>\n\n\n<h2 class=\"wp-block-heading\">Quais s\u00e3o os reconhecimentos nacionais e internacionais do vilarejo?<\/h2>\n\n\n\n<p>Porto de Galinhas \u00e9 a praia mais premiada do Brasil. Os principais selos v\u00eam de avalia\u00e7\u00f5es de viajantes e da imprensa especializada, em rankings reconhecidos no <strong>Brasil<\/strong> e fora dele.<\/p>\n\n\n\n<ul class=\"wp-block-list\">\n<li><strong>Travelers\u2019 Choice Best of the Best 2026<\/strong>: melhor praia do Brasil pelo TripAdvisor, com base em avalia\u00e7\u00f5es verificadas de turistas de todo o mundo.<\/li>\n\n\n\n<li><strong>Revista Viagem e Turismo<\/strong>: 10 vezes consecutivas eleita melhor praia do Brasil em premia\u00e7\u00e3o anual da Editora Abril, segundo registra a <strong>Prefeitura de Ipojuca<\/strong>.<\/li>\n\n\n\n<li><strong>Mapa do Turismo Brasileiro<\/strong>: <strong>Ipojuca<\/strong> integra o mapa do <a href=\"https:\/\/www.gov.br\/turismo\/pt-br\" target=\"_blank\" rel=\"noreferrer noopener\"><strong>Minist\u00e9rio do Turismo<\/strong><\/a> como destino indutor do litoral pernambucano.<\/li>\n\n\n\n<li><strong>3\u00ba maior PIB de Pernambuco<\/strong>: o munic\u00edpio \u00e9 movido em parte pelo turismo do balne\u00e1rio, conforme dados consolidados pelo <a href=\"https:\/\/cidades.ibge.gov.br\/brasil\/pe\/ipojuca\" target=\"_blank\" rel=\"noreferrer noopener\"><strong>Instituto Brasileiro de Geografia e Estat\u00edstica (IBGE)<\/strong><\/a>.<\/li>\n<\/ul>\n\n\n<div class=\"wp-block-image\">\n<figure class=\"aligncenter size-large\"><img decoding=\"async\" width=\"1024\" height=\"576\" src=\"https:\/\/www.uai.com.br\/uainoticias\/wp-content\/uploads\/2026\/01\/porto-de-galinhas_1767867727227-1024x576.jpg\" alt=\"A praia que j\u00e1 foi eleita a melhor do Brasil 10 vezes tem um segredo: \u00e1guas que parecem piscina de t\u00e3o transparentes\" class=\"wp-image-101210\" srcset=\"https:\/\/www.uai.com.br\/uainoticias\/wp-content\/uploads\/2026\/01\/porto-de-galinhas_1767867727227-1024x576.jpg 1024w, https:\/\/www.uai.com.br\/uainoticias\/wp-content\/uploads\/2026\/01\/porto-de-galinhas_1767867727227-300x169.jpg 300w, https:\/\/www.uai.com.br\/uainoticias\/wp-content\/uploads\/2026\/01\/porto-de-galinhas_1767867727227-768x432.jpg 768w, https:\/\/www.uai.com.br\/uainoticias\/wp-content\/uploads\/2026\/01\/porto-de-galinhas_1767867727227-750x422.jpg 750w, https:\/\/www.uai.com.br\/uainoticias\/wp-content\/uploads\/2026\/01\/porto-de-galinhas_1767867727227-1140x641.jpg 1140w, https:\/\/www.uai.com.br\/uainoticias\/wp-content\/uploads\/2026\/01\/porto-de-galinhas_1767867727227.jpg 1280w\" sizes=\"(max-width: 1024px) 100vw, 1024px\" \/><figcaption class=\"wp-element-caption\">Porto de Galinhas encanta com \u00e1guas mornas e mergulho perfeito \/\/ Cr\u00e9ditos: depositphotos.com \/ Cristian_Lourenco<\/figcaption><\/figure><\/div>\n\n\n<h2 class=\"wp-block-heading\">Por que as piscinas naturais s\u00e3o o cart\u00e3o-postal do destino<\/h2>\n\n\n\n<p>O grande espet\u00e1culo acontece na mar\u00e9 baixa, quando o mar recua e revela o desenho dos recifes a cerca de 200 metros da costa. Surgem po\u00e7as amplas de \u00e1gua transparente, mornas o ano inteiro, em que peixes coloridos circulam ao redor dos visitantes.<\/p>\n\n\n\n<p>O acesso \u00e9 feito em jangadas conduzidas por jangadeiros credenciados, com controle de hor\u00e1rio e n\u00famero de pessoas para reduzir o impacto ambiental. A travessia leva poucos minutos, e as visitas s\u00e3o planejadas conforme a t\u00e1bua de mar\u00e9s.<\/p>\n\n\n\n<p><strong>Leia tamb\u00e9m: <a href=\"https:\/\/www.uai.com.br\/uainoticias\/2026\/04\/25\/essa-cidade-nordestina-esta-em-alta-447-mais-estrangeiros-escolheram-esse-paraiso-de-mar-morno-e-brisa-perfeita\/\" target=\"_blank\" rel=\"noreferrer noopener\">Essa cidade nordestina est\u00e1 em alta: 44,7% mais estrangeiros escolheram esse para\u00edso de mar morno e brisa perfeita<\/a><\/strong><\/p>\n\n\n\n<h2 class=\"wp-block-heading\">O que fazer e onde comer no Caribe brasileiro<\/h2>\n\n\n\n<p>O distrito tem 18 km de litoral em sequ\u00eancia, com perfis bem distintos a poucos minutos de carro. Praias paradas, pontas com surfe, mangues e mirantes comp\u00f5em o roteiro.<\/p>\n\n\n\n<ul class=\"wp-block-list\">\n<li><strong>Piscinas Naturais da Vila<\/strong>: a 200 metros da costa, formam aqu\u00e1rios a c\u00e9u aberto na mar\u00e9 baixa. Acesso feito em jangadas credenciadas.<\/li>\n\n\n\n<li><strong>Praia de Muro Alto<\/strong>: protegida por uma barreira de recifes que cria uma piscina enorme sem ondas, ideal para crian\u00e7as e caiaque.<\/li>\n\n\n\n<li><strong>Praia do Cupe<\/strong>: faixa longa de areia branca com trechos de ondas fortes, frequentada por surfistas.<\/li>\n\n\n\n<li><strong>Pontal de Maraca\u00edpe<\/strong>: encontro do rio com o mar, conhecido pelo p\u00f4r do sol e pela observa\u00e7\u00e3o dos cavalos-marinhos no manguezal.<\/li>\n\n\n\n<li><strong>Projeto Hippocampus<\/strong>: centro de pesquisa e educa\u00e7\u00e3o ambiental dedicado \u00e0 conserva\u00e7\u00e3o dos cavalos-marinhos.<\/li>\n\n\n\n<li><strong>Farol de Porto de Galinhas<\/strong>: torre inaugurada em dezembro de 2019, com mirante panor\u00e2mico do litoral.<\/li>\n<\/ul>\n\n\n\n<p>A gastronomia pernambucana mistura frutos do mar frescos com ingredientes do sert\u00e3o, e os card\u00e1pios da vila v\u00e3o do p\u00e9 na areia ao restaurante autoral.<\/p>\n\n\n\n<ul class=\"wp-block-list\">\n<li><strong>Peixada pernambucana<\/strong>: caldo grosso com peixe, camar\u00e3o, batata e leite de coco, servido em panela de barro.<\/li>\n\n\n\n<li><strong>Peixe na telha<\/strong>: pescado assado borbulhando sobre telha de barro com pir\u00e3o e farofa.<\/li>\n\n\n\n<li><strong>Lagosta na manteiga de garrafa<\/strong>: cl\u00e1ssico preparado na brasa com manteiga de alho.<\/li>\n\n\n\n<li><strong>Tapioca recheada<\/strong>: vers\u00e3o local com queijo coalho, coco ou camar\u00e3o seco, vendida nas barracas e no cal\u00e7ad\u00e3o.<\/li>\n\n\n\n<li><strong>Bolo de rolo com queijo do reino<\/strong>: sobremesa t\u00edpica de <strong>Pernambuco<\/strong>, em geral servida flambada com sorvete de tapioca.<\/li>\n<\/ul>\n\n\n\n<p>Quem deseja explorar <strong>Pernambuco<\/strong>, vai curtir esse v\u00eddeo especialmente selecionado do canal <strong>Fabi Cassol | Minha Praia Viajar<\/strong>, que conta com mais de <strong>288 mil<\/strong> visualiza\u00e7\u00f5es, onde <strong>Fabi Cassol<\/strong> mostra um roteiro completo pelas praias e piscinas de <strong>Porto de Galinhas<\/strong>:<\/p>\n\n\n\n<figure class=\"wp-block-embed is-type-video is-provider-youtube wp-block-embed-youtube wp-embed-aspect-16-9 wp-has-aspect-ratio\"><div class=\"wp-block-embed__wrapper\">\n<div class=\"jeg_video_container jeg_video_content\"><iframe loading=\"lazy\" title=\"PORTO DE GALINHAS (2024): O QUE FAZER | COMO ECONOMIZAR | MELHORES PRAIAS | P\u00d4R DO SOL | ROTEIRO\" width=\"500\" height=\"281\" src=\"https:\/\/www.youtube.com\/embed\/mPR-FxcAuB0?feature=oembed\" frameborder=\"0\" allow=\"accelerometer; autoplay; clipboard-write; encrypted-media; gyroscope; picture-in-picture; web-share\" referrerpolicy=\"strict-origin-when-cross-origin\" allowfullscreen><\/iframe><\/div>\n<\/div><\/figure>\n\n\n\n<h2 class=\"wp-block-heading\">Qual a melhor \u00e9poca para visitar Porto de Galinhas?<\/h2>\n\n\n\n<p>A melhor \u00e9poca \u00e9 entre setembro e mar\u00e7o, quando o sol firma e as mar\u00e9s baixas favorecem a forma\u00e7\u00e3o das piscinas. O clima da regi\u00e3o \u00e9 quente o ano inteiro, mas a transpar\u00eancia da \u00e1gua depende diretamente do regime de chuvas:<\/p>\n\n\n\n<style>\n    .clima-grid-uai94 { \n        --cor-primaria: #0278c0; --cor-secundaria: #ffd31a; --cor-txt-secundaria: #0278c0;\n        display: grid; grid-template-columns: repeat(auto-fit, minmax(190px, 1fr)); gap: 15px; justify-content: center; padding: 10px;\n    }\n    .clima-card-uai94 { border: 5px solid var(--cor-primaria); border-top: 5px solid var(--cor-secundaria); border-radius: 12px; background-color: var(--cor-primaria); background-clip: padding-box; display: flex; flex-direction: column; overflow: hidden; cursor: pointer; box-shadow: 0 6px 12px rgba(0,0,0, 0.2); transition: transform 0.2s ease, box-shadow 0.2s ease; -webkit-tap-highlight-color: transparent; user-select: none; transform: translateZ(0); animation: wmFadeIn 0.6s cubic-bezier(0.2, 0.8, 0.2, 1) backwards; }\n    .clima-card-uai94:focus-visible { outline: 3px dashed var(--cor-secundaria); outline-offset: 4px; }\n    .clima-card-uai94:nth-child(1) { animation-delay: 0.1s; } .clima-card-uai94:nth-child(2) { animation-delay: 0.2s; } .clima-card-uai94:nth-child(3) { animation-delay: 0.3s; } .clima-card-uai94:nth-child(4) { animation-delay: 0.4s; }\n    @keyframes wmFadeIn { from { opacity: 0; transform: translateY(30px); } to { opacity: 1; transform: translateY(0); } }\n    .clima-card-uai94:hover { transform: translateY(-5px); box-shadow: 0 15px 30px rgba(0,0,0, 0.3); }\n    .clima-card-uai94:active { transform: translateY(-1px) scale(0.97); box-shadow: 0 3px 6px rgba(0,0,0, 0.2); transition: transform 0.05s ease, box-shadow 0.05s ease; }\n    .clima-header-uai94 { background: #fdfbf5; padding: 15px 10px; text-align: center; display: flex; flex-direction: column; align-items: center; justify-content: center; }\n    .clima-body-uai94 { background: #ffffff; padding: 15px; display: flex; flex-direction: column; flex-grow: 1; align-items: center; }\n    .clima-destaque-uai94 { box-shadow: 0 8px 16px rgba(0,0,0, 0.25); }\n    .clima-destaque-uai94:hover { box-shadow: 0 18px 36px rgba(0,0,0, 0.35); }\n    .clima-destaque-uai94 .clima-header-uai94 { background: var(--cor-secundaria); }\n    .clima-destaque-uai94 .clima-header-uai94 .clima-titulo-uai94 { color: var(--cor-txt-secundaria) !important; } \n    .clima-pill-uai94 { display: flex; white-space: normal; max-width: 100%; box-sizing: border-box; justify-content: center; align-items: center; text-align: center; background: #e6f2fa; color: var(--cor-primaria); font-size: 11px; font-weight: 900 !important; letter-spacing: 0.5px; padding: 8px 16px; border-radius: 16px; text-transform: uppercase; line-height: 1.4; box-shadow: 0 4px 8px rgba(0,0,0, 0.15); margin-top: auto; transition: transform 0.2s ease; }\n    .clima-destaque-uai94 .clima-pill-uai94 { background: var(--cor-primaria); color: #ffffff; border: 1px solid #ffffff; } \n    .clima-card-uai94:hover .clima-pill-uai94 { transform: scale(1.06); }\n    .clima-pill-uai94 span { font-weight: 900 !important; color: inherit; } \n    .clima-emoji-uai94 { font-size: 24px; line-height: 1; margin-bottom: 5px; }\n    .clima-titulo-uai94 { color: var(--cor-primaria); font-size: 16px; text-transform: uppercase; margin-top: 5px; font-weight: bold; }\n    .clima-mes-uai94 { font-size: 11px; font-weight: 800; color: var(--cor-primaria); text-transform: uppercase; margin-bottom: 5px; display: block; }\n    .clima-temp-uai94 { font-size: 26px; font-weight: 900; color: var(--cor-primaria); margin-bottom: 10px; }\n    .clima-desc-uai94 { font-size: 13px; color: #444; text-align: center; line-height: 1.5; margin-bottom: 15px; flex-grow: 1;}\n    .clima-desc-uai94 strong { color: #111; }\n    @media (prefers-color-scheme: dark) {\n        .clima-card-uai94 { border-color: #014f7d; background-color: #014f7d; box-shadow: 0 6px 12px rgba(0,0,0, 0.5); }\n        .clima-header-uai94 { background: #1a1a1a; } .clima-body-uai94 { background: #121212; }\n        .clima-destaque-uai94 .clima-header-uai94 { background: var(--cor-secundaria); }\n        .clima-destaque-uai94 .clima-header-uai94 .clima-titulo-uai94 { color: var(--cor-txt-secundaria) !important; }\n        .clima-titulo-uai94 { color: #63b2e8; } .clima-mes-uai94 { color: #63b2e8; } .clima-temp-uai94 { color: #63b2e8; } .clima-desc-uai94 { color: #cccccc; } .clima-desc-uai94 strong { color: #ffffff; }\n        .clima-pill-uai94 { background: #014f7d; color: #ffffff; box-shadow: 0 4px 8px rgba(0, 0, 0, 0.5); }\n        .clima-destaque-uai94 .clima-pill-uai94 { background: #013859; color: #ffffff; border-color: #63b2e8; }\n    }\n<\/style>\n<div class=\"google-auto-ads-ignore clima-grid-uai94\" style=\"box-sizing: border-box; width: 100%; max-width: 980px; margin: 30px auto; font-family: 'Segoe UI', Roboto, Helvetica, Arial, sans-serif;\">\n    <div class=\"clima-card-uai94 clima-destaque-uai94\" tabindex=\"0\">\n        <div class=\"clima-header-uai94\"><div class=\"clima-emoji-uai94\" aria-hidden=\"true\">\ud83c\udfd6\ufe0f<\/div><div class=\"clima-titulo-uai94\">Ver\u00e3o<\/div><\/div>\n        <div class=\"clima-body-uai94\">\n            <time class=\"clima-mes-uai94\">Dezembro a fevereiro<\/time><div class=\"clima-temp-uai94\">25\u00b0C a 31\u00b0C<\/div>\n            <div class=\"clima-desc-uai94\">A grande alta temporada! A seca deixa o sol firme para as \u00e1guas cristalinas, criando os cen\u00e1rios perfeitos nas <strong>piscinas naturais e nas \u00e1guas de Muro Alto<\/strong>.<\/div>\n            <div class=\"clima-pill-uai94\"><span>\u2b50 Melhor \u00c9poca \/ Seco<\/span><\/div>\n        <\/div>\n    <\/div>\n    <div class=\"clima-card-uai94\" tabindex=\"0\">\n        <div class=\"clima-header-uai94\"><div class=\"clima-emoji-uai94\" aria-hidden=\"true\">\ud83c\udfce\ufe0f<\/div><div class=\"clima-titulo-uai94\">Outono<\/div><\/div>\n        <div class=\"clima-body-uai94\">\n            <time class=\"clima-mes-uai94\">Mar\u00e7o a maio<\/time><div class=\"clima-temp-uai94\">24\u00b0C a 30\u00b0C<\/div>\n            <div class=\"clima-desc-uai94\">As fortes chuvas pernambucanas iniciam sua fase mais longa. Aproveite as tr\u00e9guas para passeios de <strong>buggy nas dunas e desbravar a farta gastronomia<\/strong>.<\/div>\n            <div class=\"clima-pill-uai94\"><span>\u2614 Chuva Alta<\/span><\/div>\n        <\/div>\n    <\/div>\n    <div class=\"clima-card-uai94\" tabindex=\"0\">\n        <div class=\"clima-header-uai94\"><div class=\"clima-emoji-uai94\" aria-hidden=\"true\">\ud83d\udc34<\/div><div class=\"clima-titulo-uai94\">Inverno<\/div><\/div>\n        <div class=\"clima-body-uai94\">\n            <time class=\"clima-mes-uai94\">Junho a agosto<\/time><div class=\"clima-temp-uai94\">22\u00b0C a 29\u00b0C<\/div>\n            <div class=\"clima-desc-uai94\">O clima se mant\u00e9m \u00famido com chuvas concentradas. O turismo se abriga nas \u00e1guas serenas do Pontal de <strong>Maraca\u00edpe, reduto dos cavalos-marinhos<\/strong>.<\/div>\n            <div class=\"clima-pill-uai94\"><span>\u2614 Chuva Alta<\/span><\/div>\n        <\/div>\n    <\/div>\n    <div class=\"clima-card-uai94\" tabindex=\"0\">\n        <div class=\"clima-header-uai94\"><div class=\"clima-emoji-uai94\" aria-hidden=\"true\">\u26f5<\/div><div class=\"clima-titulo-uai94\">Primavera<\/div><\/div>\n        <div class=\"clima-body-uai94\">\n            <time class=\"clima-mes-uai94\">Setembro a novembro<\/time><div class=\"clima-temp-uai94\">24\u00b0C a 30\u00b0C<\/div>\n            <div class=\"clima-desc-uai94\">O c\u00e9u azul retorna de forma espetacular. A temporada abre janelas incr\u00edveis com mar\u00e9 baixa para os passeios de <strong>catamar\u00e3 e mergulho livre<\/strong>.<\/div>\n            <div class=\"clima-pill-uai94\"><span>\ud83c\udf24\ufe0f Chuva Baixa<\/span><\/div>\n        <\/div>\n    <\/div>\n<\/div>\n\n\n\n<p><em>Temperaturas aproximadas com base no <a href=\"https:\/\/www.climatempo.com.br\/previsao-do-tempo\/cidade\/2017\/ipojuca-pe\" target=\"_blank\" rel=\"noreferrer noopener\"><strong>Climatempo<\/strong><\/a> de Ipojuca. Condi\u00e7\u00f5es podem variar.<\/em><\/p>\n\n\n\n<h2 class=\"wp-block-heading\">Como chegar \u00e0 praia mais premiada do pa\u00eds<\/h2>\n\n\n\n<p>A porta de entrada \u00e9 o <strong>Aeroporto Internacional do Recife\/Guararapes (REC)<\/strong>, que recebe voos diretos das principais capitais brasileiras e de cidades da Europa e da Am\u00e9rica do Sul. De l\u00e1, s\u00e3o 60 km at\u00e9 o vilarejo, em trajeto de cerca de uma hora.<\/p>\n\n\n\n<p>O acesso \u00e9 feito pela rodovia <strong>PE-009<\/strong>, conhecida como <strong>Rota do Atl\u00e2ntico<\/strong>, com pavimenta\u00e7\u00e3o moderna e sinaliza\u00e7\u00e3o eficiente. H\u00e1 op\u00e7\u00f5es de transfer, \u00f4nibus executivo, t\u00e1xi e transporte por aplicativo saindo direto do aeroporto.<\/p>\n\n\n\n<h2 class=\"wp-block-heading\">Conhe\u00e7a o para\u00edso de \u00e1guas mornas e jangadas coloridas<\/h2>\n\n\n\n<p>Porto de Galinhas combina piscina caribenha de \u00e1gua doce e salgada, hist\u00f3ria densa e estrutura tur\u00edstica raras de encontrar no <strong>Brasil<\/strong>. \u00c9 um lugar em que a mesma faixa de areia guarda peixes coloridos, jangadas pintadas \u00e0 m\u00e3o e uma mem\u00f3ria que a vila escolheu preservar.<\/p>\n\n\n\n<p>Voc\u00ea precisa atravessar de jangada at\u00e9 as piscinas naturais e entender por que esse peda\u00e7o do <strong>Pernambuco<\/strong> virou o destino de praia mais premiado do pa\u00eds.<\/p>\n","protected":false},"excerpt":{"rendered":"<p>\u00c1guas mornas a 27\u00b0C, recifes que viram aqu\u00e1rios a c\u00e9u aberto e jangadas pintadas \u00e0 m\u00e3o deslizando sobre um mar verde-esmeralda. Porto de Galinhas, no munic\u00edpio de Ipojuca, em Pernambuco, foi eleita a melhor praia do Brasil em 2026 pelo Travelers\u2019 Choice Best of the Best e j\u00e1 acumula 10 t\u00edtulos consecutivos da revista Viagem [&hellip;]<\/p>\n","protected":false},"author":14,"featured_media":127595,"comment_status":"open","ping_status":"open","sticky":false,"template":"","format":"standard","meta":{"jnews-multi-image_gallery":[],"jnews_single_post":{"format":"standard"},"jnews_primary_category":[],"jnews_social_meta":[],"jnews_override_counter":[],"footnotes":""},"categories":[210],"tags":[234,1945,2762],"class_list":["post-127438","post","type-post","status-publish","format-standard","has-post-thumbnail","hentry","category-cidades","tag-cidades","tag-pernambuco","tag-porto-de-galinhas"],"yoast_head":"<!-- This site is optimized with the Yoast SEO plugin v26.5 - https:\/\/yoast.com\/wordpress\/plugins\/seo\/ -->\n<title>Eleita a melhor praia do Brasil em 2026 e reconhecida 10 vezes como a mais bonita do pa\u00eds: o vilarejo nordestino de \u00e1guas mornas e piscinas naturais entre corais - UAI Not\u00edcias<\/title>\n<meta name=\"description\" content=\"Recordista em premia\u00e7\u00f5es, esta joia do Nordeste oferece um mergulho inesquec\u00edvel entre corais e \u00e1guas cristalinas. Saiba mais.\" \/>\n<meta name=\"robots\" content=\"index, follow, max-snippet:-1, max-image-preview:large, max-video-preview:-1\" \/>\n<link rel=\"canonical\" href=\"https:\/\/www.uai.com.br\/uainoticias\/2026\/04\/26\/eleita-a-melhor-praia-do-brasil-em-2026-e-reconhecida-10-vezes-como-a-mais-bonita-do-pais-o-vilarejo-nordestino-de-aguas-mornas-e-piscinas-naturais-entre-corais\/\" \/>\n<meta property=\"og:locale\" content=\"pt_BR\" \/>\n<meta property=\"og:type\" content=\"article\" \/>\n<meta property=\"og:title\" content=\"Eleita a melhor praia do Brasil em 2026 e reconhecida 10 vezes como a mais bonita do pa\u00eds: o vilarejo nordestino de \u00e1guas mornas e piscinas naturais entre corais - UAI Not\u00edcias\" \/>\n<meta property=\"og:description\" content=\"Recordista em premia\u00e7\u00f5es, esta joia do Nordeste oferece um mergulho inesquec\u00edvel entre corais e \u00e1guas cristalinas. Saiba mais.\" \/>\n<meta property=\"og:url\" content=\"https:\/\/www.uai.com.br\/uainoticias\/2026\/04\/26\/eleita-a-melhor-praia-do-brasil-em-2026-e-reconhecida-10-vezes-como-a-mais-bonita-do-pais-o-vilarejo-nordestino-de-aguas-mornas-e-piscinas-naturais-entre-corais\/\" \/>\n<meta property=\"og:site_name\" content=\"UAI Not\u00edcias\" \/>\n<meta property=\"article:published_time\" content=\"2026-04-26T23:25:00+00:00\" \/>\n<meta property=\"og:image\" content=\"https:\/\/www.uai.com.br\/uainoticias\/wp-content\/uploads\/2026\/04\/ngz-ChatGPT-Image-26-de-abr.-de-2026-08_07_35-28647.jpg\" \/>\n\t<meta property=\"og:image:width\" content=\"1280\" \/>\n\t<meta property=\"og:image:height\" content=\"720\" \/>\n\t<meta property=\"og:image:type\" content=\"image\/jpeg\" \/>\n<meta name=\"author\" content=\"Vitor Bruno\" \/>\n<meta name=\"twitter:card\" content=\"summary_large_image\" \/>\n<meta name=\"twitter:label1\" content=\"Escrito por\" \/>\n\t<meta name=\"twitter:data1\" content=\"Vitor Bruno\" \/>\n\t<meta name=\"twitter:label2\" content=\"Est. tempo de leitura\" \/>\n\t<meta name=\"twitter:data2\" content=\"7 minutos\" \/>\n<!-- \/ Yoast SEO plugin. -->","yoast_head_json":{"title":"Eleita a melhor praia do Brasil em 2026 e reconhecida 10 vezes como a mais bonita do pa\u00eds: o vilarejo nordestino de \u00e1guas mornas e piscinas naturais entre corais - UAI Not\u00edcias","description":"Recordista em premia\u00e7\u00f5es, esta joia do Nordeste oferece um mergulho inesquec\u00edvel entre corais e \u00e1guas cristalinas. Saiba mais.","robots":{"index":"index","follow":"follow","max-snippet":"max-snippet:-1","max-image-preview":"max-image-preview:large","max-video-preview":"max-video-preview:-1"},"canonical":"https:\/\/www.uai.com.br\/uainoticias\/2026\/04\/26\/eleita-a-melhor-praia-do-brasil-em-2026-e-reconhecida-10-vezes-como-a-mais-bonita-do-pais-o-vilarejo-nordestino-de-aguas-mornas-e-piscinas-naturais-entre-corais\/","og_locale":"pt_BR","og_type":"article","og_title":"Eleita a melhor praia do Brasil em 2026 e reconhecida 10 vezes como a mais bonita do pa\u00eds: o vilarejo nordestino de \u00e1guas mornas e piscinas naturais entre corais - UAI Not\u00edcias","og_description":"Recordista em premia\u00e7\u00f5es, esta joia do Nordeste oferece um mergulho inesquec\u00edvel entre corais e \u00e1guas cristalinas. Saiba mais.","og_url":"https:\/\/www.uai.com.br\/uainoticias\/2026\/04\/26\/eleita-a-melhor-praia-do-brasil-em-2026-e-reconhecida-10-vezes-como-a-mais-bonita-do-pais-o-vilarejo-nordestino-de-aguas-mornas-e-piscinas-naturais-entre-corais\/","og_site_name":"UAI Not\u00edcias","article_published_time":"2026-04-26T23:25:00+00:00","og_image":[{"width":1280,"height":720,"url":"https:\/\/www.uai.com.br\/uainoticias\/wp-content\/uploads\/2026\/04\/ngz-ChatGPT-Image-26-de-abr.-de-2026-08_07_35-28647.jpg","type":"image\/jpeg"}],"author":"Vitor Bruno","twitter_card":"summary_large_image","twitter_misc":{"Escrito por":"Vitor Bruno","Est. tempo de leitura":"7 minutos"},"schema":{"@context":"https:\/\/schema.org","@graph":[{"@type":"WebPage","@id":"https:\/\/www.uai.com.br\/uainoticias\/2026\/04\/26\/eleita-a-melhor-praia-do-brasil-em-2026-e-reconhecida-10-vezes-como-a-mais-bonita-do-pais-o-vilarejo-nordestino-de-aguas-mornas-e-piscinas-naturais-entre-corais\/","url":"https:\/\/www.uai.com.br\/uainoticias\/2026\/04\/26\/eleita-a-melhor-praia-do-brasil-em-2026-e-reconhecida-10-vezes-como-a-mais-bonita-do-pais-o-vilarejo-nordestino-de-aguas-mornas-e-piscinas-naturais-entre-corais\/","name":"Eleita a melhor praia do Brasil em 2026 e reconhecida 10 vezes como a mais bonita do pa\u00eds: o vilarejo nordestino de \u00e1guas mornas e piscinas naturais entre corais - UAI Not\u00edcias","isPartOf":{"@id":"https:\/\/www.uai.com.br\/uainoticias\/#website"},"primaryImageOfPage":{"@id":"https:\/\/www.uai.com.br\/uainoticias\/2026\/04\/26\/eleita-a-melhor-praia-do-brasil-em-2026-e-reconhecida-10-vezes-como-a-mais-bonita-do-pais-o-vilarejo-nordestino-de-aguas-mornas-e-piscinas-naturais-entre-corais\/#primaryimage"},"image":{"@id":"https:\/\/www.uai.com.br\/uainoticias\/2026\/04\/26\/eleita-a-melhor-praia-do-brasil-em-2026-e-reconhecida-10-vezes-como-a-mais-bonita-do-pais-o-vilarejo-nordestino-de-aguas-mornas-e-piscinas-naturais-entre-corais\/#primaryimage"},"thumbnailUrl":"https:\/\/www.uai.com.br\/uainoticias\/wp-content\/uploads\/2026\/04\/ngz-ChatGPT-Image-26-de-abr.-de-2026-08_07_35-28647.jpg","datePublished":"2026-04-26T23:25:00+00:00","author":{"@id":"https:\/\/www.uai.com.br\/uainoticias\/#\/schema\/person\/03130d752d0ce4e3bb0f607f1bc85084"},"description":"Recordista em premia\u00e7\u00f5es, esta joia do Nordeste oferece um mergulho inesquec\u00edvel entre corais e \u00e1guas cristalinas. Saiba mais.","breadcrumb":{"@id":"https:\/\/www.uai.com.br\/uainoticias\/2026\/04\/26\/eleita-a-melhor-praia-do-brasil-em-2026-e-reconhecida-10-vezes-como-a-mais-bonita-do-pais-o-vilarejo-nordestino-de-aguas-mornas-e-piscinas-naturais-entre-corais\/#breadcrumb"},"inLanguage":"pt-BR","potentialAction":[{"@type":"ReadAction","target":["https:\/\/www.uai.com.br\/uainoticias\/2026\/04\/26\/eleita-a-melhor-praia-do-brasil-em-2026-e-reconhecida-10-vezes-como-a-mais-bonita-do-pais-o-vilarejo-nordestino-de-aguas-mornas-e-piscinas-naturais-entre-corais\/"]}]},{"@type":"ImageObject","inLanguage":"pt-BR","@id":"https:\/\/www.uai.com.br\/uainoticias\/2026\/04\/26\/eleita-a-melhor-praia-do-brasil-em-2026-e-reconhecida-10-vezes-como-a-mais-bonita-do-pais-o-vilarejo-nordestino-de-aguas-mornas-e-piscinas-naturais-entre-corais\/#primaryimage","url":"https:\/\/www.uai.com.br\/uainoticias\/wp-content\/uploads\/2026\/04\/ngz-ChatGPT-Image-26-de-abr.-de-2026-08_07_35-28647.jpg","contentUrl":"https:\/\/www.uai.com.br\/uainoticias\/wp-content\/uploads\/2026\/04\/ngz-ChatGPT-Image-26-de-abr.-de-2026-08_07_35-28647.jpg","width":1280,"height":720,"caption":"Eleita a melhor praia do Brasil em 2026 e reconhecida 10 vezes como a mais bonita do pa\u00eds: o vilarejo nordestino de \u00e1guas mornas e piscinas naturais entre corais \/\/ IMAGEM ILUSTRATIVA"},{"@type":"BreadcrumbList","@id":"https:\/\/www.uai.com.br\/uainoticias\/2026\/04\/26\/eleita-a-melhor-praia-do-brasil-em-2026-e-reconhecida-10-vezes-como-a-mais-bonita-do-pais-o-vilarejo-nordestino-de-aguas-mornas-e-piscinas-naturais-entre-corais\/#breadcrumb","itemListElement":[{"@type":"ListItem","position":1,"name":"In\u00edcio","item":"https:\/\/www.uai.com.br\/uainoticias\/"},{"@type":"ListItem","position":2,"name":"Eleita a melhor praia do Brasil em 2026 e reconhecida 10 vezes como a mais bonita do pa\u00eds: o vilarejo nordestino de \u00e1guas mornas e piscinas naturais entre corais"}]},{"@type":"WebSite","@id":"https:\/\/www.uai.com.br\/uainoticias\/#website","url":"https:\/\/www.uai.com.br\/uainoticias\/","name":"UAI Not\u00edcias","description":"Acompanhe as \u00faltimas not\u00edcias e fique bem informado sobre tudo o que acontece no Brasil e no mundo.","potentialAction":[{"@type":"SearchAction","target":{"@type":"EntryPoint","urlTemplate":"https:\/\/www.uai.com.br\/uainoticias\/?s={search_term_string}"},"query-input":{"@type":"PropertyValueSpecification","valueRequired":true,"valueName":"search_term_string"}}],"inLanguage":"pt-BR"},{"@type":"Person","@id":"https:\/\/www.uai.com.br\/uainoticias\/#\/schema\/person\/03130d752d0ce4e3bb0f607f1bc85084","name":"Vitor Bruno","image":{"@type":"ImageObject","inLanguage":"pt-BR","@id":"https:\/\/www.uai.com.br\/uainoticias\/#\/schema\/person\/image\/","url":"https:\/\/secure.gravatar.com\/avatar\/ab0513148053bbb80c117cdd35f8a0f2742d41eebbac321acf8df2e633d81609?s=96&d=mm&r=g","contentUrl":"https:\/\/secure.gravatar.com\/avatar\/ab0513148053bbb80c117cdd35f8a0f2742d41eebbac321acf8df2e633d81609?s=96&d=mm&r=g","caption":"Vitor Bruno"},"sameAs":["https:\/\/www.uai.com.br\/uainoticias\/"],"url":"https:\/\/www.uai.com.br\/uainoticias\/author\/vitor\/"}]}},"_links":{"self":[{"href":"https:\/\/www.uai.com.br\/uainoticias\/wp-json\/wp\/v2\/posts\/127438","targetHints":{"allow":["GET"]}}],"collection":[{"href":"https:\/\/www.uai.com.br\/uainoticias\/wp-json\/wp\/v2\/posts"}],"about":[{"href":"https:\/\/www.uai.com.br\/uainoticias\/wp-json\/wp\/v2\/types\/post"}],"author":[{"embeddable":true,"href":"https:\/\/www.uai.com.br\/uainoticias\/wp-json\/wp\/v2\/users\/14"}],"replies":[{"embeddable":true,"href":"https:\/\/www.uai.com.br\/uainoticias\/wp-json\/wp\/v2\/comments?post=127438"}],"version-history":[{"count":9,"href":"https:\/\/www.uai.com.br\/uainoticias\/wp-json\/wp\/v2\/posts\/127438\/revisions"}],"predecessor-version":[{"id":127596,"href":"https:\/\/www.uai.com.br\/uainoticias\/wp-json\/wp\/v2\/posts\/127438\/revisions\/127596"}],"wp:featuredmedia":[{"embeddable":true,"href":"https:\/\/www.uai.com.br\/uainoticias\/wp-json\/wp\/v2\/media\/127595"}],"wp:attachment":[{"href":"https:\/\/www.uai.com.br\/uainoticias\/wp-json\/wp\/v2\/media?parent=127438"}],"wp:term":[{"taxonomy":"category","embeddable":true,"href":"https:\/\/www.uai.com.br\/uainoticias\/wp-json\/wp\/v2\/categories?post=127438"},{"taxonomy":"post_tag","embeddable":true,"href":"https:\/\/www.uai.com.br\/uainoticias\/wp-json\/wp\/v2\/tags?post=127438"}],"curies":[{"name":"wp","href":"https:\/\/api.w.org\/{rel}","templated":true}]}}