{"id":127437,"date":"2026-04-26T17:00:00","date_gmt":"2026-04-26T20:00:00","guid":{"rendered":"https:\/\/www.uai.com.br\/uainoticias\/?p=127437"},"modified":"2026-04-26T08:05:23","modified_gmt":"2026-04-26T11:05:23","slug":"a-1a-colocada-do-brasil-em-ranking-de-qualidade-de-vida-e-a-catedral-mais-alta-da-america-latina-a-cidade-verde-planejada-por-um-urbanista-que-nunca-a-visitou","status":"publish","type":"post","link":"https:\/\/www.uai.com.br\/uainoticias\/2026\/04\/26\/a-1a-colocada-do-brasil-em-ranking-de-qualidade-de-vida-e-a-catedral-mais-alta-da-america-latina-a-cidade-verde-planejada-por-um-urbanista-que-nunca-a-visitou\/","title":{"rendered":"A 1\u00aa colocada do Brasil em ranking de qualidade de vida e a catedral mais alta da Am\u00e9rica Latina: a Cidade Verde planejada por um urbanista que nunca a visitou"},"content":{"rendered":"\n<p>No noroeste do <strong>Paran\u00e1<\/strong>, <strong>Maring\u00e1<\/strong> recebe quem chega com avenidas largas, t\u00faneis de \u00e1rvores e uma catedral c\u00f4nica de 124 metros que rasga o horizonte. A cidade lidera o ranking nacional de saneamento e tem qualidade de vida acima de qualquer capital brasileira.<\/p>\n\n\n\n<h2 class=\"wp-block-heading\">Como uma cidade-jardim nasceu de fotos a\u00e9reas<\/h2>\n\n\n\n<p>O engenheiro paulistano <strong>Jorge de Macedo Vieira<\/strong> foi contratado em 1943 pela Companhia de Terras Norte do Paran\u00e1 para projetar a cidade. Ele entregou o anteprojeto em meados da d\u00e9cada de 1940 sem nunca ter pisado no terreno, trabalhando apenas com fotos a\u00e9reas e mapas topogr\u00e1ficos enviados pela companhia.<\/p>\n\n\n\n<p>O tra\u00e7ado seguiu o conceito de cidade-jardim do urbanista brit\u00e2nico <strong>Ebenezer Howard<\/strong>: avenidas que acompanham o relevo, canteiros centrais arborizados e tr\u00eas reservas de mata nativa dentro do per\u00edmetro urbano. Maring\u00e1 foi fundada oficialmente em 10 de maio de 1947 e o apelido de Cidade Can\u00e7\u00e3o, inspirado na m\u00fasica de <strong>Joubert de Carvalho<\/strong> de 1931, virou lei municipal em 2002.<\/p>\n\n\n<div class=\"wp-block-image\">\n<figure class=\"aligncenter size-large\"><img decoding=\"async\" width=\"1024\" height=\"576\" src=\"https:\/\/www.uai.com.br\/uainoticias\/wp-content\/uploads\/2026\/04\/ngz-maringa-ant-85611-1024x576.jpg\" alt=\"\" class=\"wp-image-121857\" srcset=\"https:\/\/www.uai.com.br\/uainoticias\/wp-content\/uploads\/2026\/04\/ngz-maringa-ant-85611-1024x576.jpg 1024w, https:\/\/www.uai.com.br\/uainoticias\/wp-content\/uploads\/2026\/04\/ngz-maringa-ant-85611-300x169.jpg 300w, https:\/\/www.uai.com.br\/uainoticias\/wp-content\/uploads\/2026\/04\/ngz-maringa-ant-85611-768x432.jpg 768w, https:\/\/www.uai.com.br\/uainoticias\/wp-content\/uploads\/2026\/04\/ngz-maringa-ant-85611-750x422.jpg 750w, https:\/\/www.uai.com.br\/uainoticias\/wp-content\/uploads\/2026\/04\/ngz-maringa-ant-85611-1140x641.jpg 1140w, https:\/\/www.uai.com.br\/uainoticias\/wp-content\/uploads\/2026\/04\/ngz-maringa-ant-85611.jpg 1280w\" sizes=\"(max-width: 1024px) 100vw, 1024px\" \/><figcaption class=\"wp-element-caption\">Maring\u00e1 oferece o cen\u00e1rio de uma metr\u00f3pole planejada que preserva o frescor de suas matas nativas no cora\u00e7\u00e3o do territ\u00f3rio paranaense \/\/ Cr\u00e9ditos: Wikipedia \/ Wikimedia Commons<\/figcaption><\/figure><\/div>\n\n\n<h2 class=\"wp-block-heading\">Vale a pena viver na Cidade Verde do Paran\u00e1?<\/h2>\n\n\n\n<p>Sim, e os rankings explicam por qu\u00ea. Maring\u00e1 ficou em 1\u00ba lugar no <a href=\"https:\/\/tratabrasil.org.br\/ranking-do-saneamento-2024\/\" target=\"_blank\" rel=\"noreferrer noopener\"><strong>Ranking do Saneamento 2024<\/strong><\/a> do <strong>Instituto Trata Brasil<\/strong>, com 99,99% de atendimento de \u00e1gua, 99,99% de coleta de esgoto e 100% de tratamento de esgoto. A cidade saltou da 14\u00aa coloca\u00e7\u00e3o em 2023 para o topo da lista, segundo o <a href=\"https:\/\/www.parana.pr.gov.br\/aen\/Noticia\/Maringa-e-cidade-com-melhor-saneamento-do-Brasil-Parana-tem-5-municipios-no-top-15\" target=\"_blank\" rel=\"noreferrer noopener\"><strong>Governo do Paran\u00e1<\/strong><\/a>.<\/p>\n\n\n\n<p>No \u00cdndice de Progresso Social Brasil 2025, do Imazon, Maring\u00e1 conquistou a vice-lideran\u00e7a estadual em qualidade de vida com 68,84 pontos, atr\u00e1s apenas de <strong>Curitiba<\/strong>, e ocupa a 26\u00aa posi\u00e7\u00e3o nacional entre 5.570 munic\u00edpios. A cidade tamb\u00e9m lidera os Indicadores Sociais entre munic\u00edpios com mais de 200 mil habitantes no ranking As Melhores Cidades do Brasil 2025, da <strong>Austin Rating<\/strong>, segundo a <a href=\"https:\/\/www.maringamais.com.br\/2025\/12\/03\/maringa-lidera-ranking-de-melhores-cidades-para-se-viver\/\" target=\"_blank\" rel=\"noreferrer noopener\"><strong>Prefeitura de Maring\u00e1<\/strong><\/a>.<\/p>\n\n\n<div class=\"wp-block-image\">\n<figure class=\"aligncenter size-large\"><img decoding=\"async\" width=\"1024\" height=\"576\" src=\"https:\/\/www.uai.com.br\/uainoticias\/wp-content\/uploads\/2026\/03\/Maringa-1024x576.jpg\" alt=\"Ao lado de Paris e Toronto: as 3 cidades brasileiras com mais de 90% das ruas verdes que a ONU reconhece como refer\u00eancia mundial em arboriza\u00e7\u00e3o urbana\" class=\"wp-image-114327\" srcset=\"https:\/\/www.uai.com.br\/uainoticias\/wp-content\/uploads\/2026\/03\/Maringa-1024x576.jpg 1024w, https:\/\/www.uai.com.br\/uainoticias\/wp-content\/uploads\/2026\/03\/Maringa-300x169.jpg 300w, https:\/\/www.uai.com.br\/uainoticias\/wp-content\/uploads\/2026\/03\/Maringa-768x432.jpg 768w, https:\/\/www.uai.com.br\/uainoticias\/wp-content\/uploads\/2026\/03\/Maringa-750x422.jpg 750w, https:\/\/www.uai.com.br\/uainoticias\/wp-content\/uploads\/2026\/03\/Maringa-1140x641.jpg 1140w, https:\/\/www.uai.com.br\/uainoticias\/wp-content\/uploads\/2026\/03\/Maringa.jpg 1280w\" sizes=\"(max-width: 1024px) 100vw, 1024px\" \/><figcaption class=\"wp-element-caption\">Maring\u00e1 oferece o cen\u00e1rio de uma arboriza\u00e7\u00e3o que esconde o asfalto, integrando a natureza ao desenvolvimento de um polo regional \/\/ Cr\u00e9ditos: Wikipedia \/ Wikimedia Commons<\/figcaption><\/figure><\/div>\n\n\n<p><strong>Leia tamb\u00e9m: <a href=\"https:\/\/www.uai.com.br\/uainoticias\/2026\/04\/25\/essa-cidade-nordestina-esta-em-alta-447-mais-estrangeiros-escolheram-esse-paraiso-de-mar-morno-e-brisa-perfeita\/\" target=\"_blank\" rel=\"noreferrer noopener\">Essa cidade nordestina est\u00e1 em alta: 44,7% mais estrangeiros escolheram esse para\u00edso de mar morno e brisa perfeita<\/a><\/strong><\/p>\n\n\n\n<h2 class=\"wp-block-heading\">O que fazer entre catedrais c\u00f4nicas e parques nativos?<\/h2>\n\n\n\n<p>O roteiro maringaense mistura arquitetura modernista, mata fechada no centro e cultura japonesa. Os principais atrativos:<\/p>\n\n\n\n<ul class=\"wp-block-list\">\n<li><strong>Catedral Bas\u00edlica Menor Nossa Senhora da Gl\u00f3ria<\/strong>: 124 metros de altura em formato c\u00f4nico inspirado nos sat\u00e9lites Sputnik, com mirante e cripta subterr\u00e2nea, segundo a <a href=\"http:\/\/www2.maringa.pr.gov.br\/turismo\/?cod=atrativos-turisticos\/1\" target=\"_blank\" rel=\"noreferrer noopener\"><strong>Prefeitura de Maring\u00e1<\/strong><\/a>.<\/li>\n\n\n\n<li><strong>Parque do Ing\u00e1<\/strong>: 47,3 hectares de mata nativa no centro, com lago artificial, pedalinhos, jardim japon\u00eas inaugurado em 1978 e gruta de Nossa Senhora Aparecida.<\/li>\n\n\n\n<li><strong>Parque do Jap\u00e3o<\/strong>: 100 mil m\u00b2 de \u00e1rea verde com bonsais, carpas, casa de ch\u00e1 e o monumento IMIN 100, em homenagem aos 100 anos da imigra\u00e7\u00e3o japonesa no <strong>Brasil<\/strong>.<\/li>\n\n\n\n<li><strong>Bosque das Grev\u00edleas<\/strong>: 44,6 mil m\u00b2 de unidade de conserva\u00e7\u00e3o com pista de cooper, ciclovia e academia ao ar livre.<\/li>\n\n\n\n<li><strong>Pra\u00e7a da Catedral<\/strong>: ponto de encontro com caf\u00e9s, fontes luminosas e a vista do cone iluminado \u00e0 noite.<\/li>\n\n\n\n<li><strong>Mercad\u00e3o de Maring\u00e1<\/strong>: endere\u00e7o da gastronomia local com produtos da agricultura regional do norte do Paran\u00e1.<\/li>\n<\/ul>\n\n\n\n<p>A cena gastron\u00f4mica reflete a diversidade da imigra\u00e7\u00e3o que formou a regi\u00e3o, com forte influ\u00eancia japonesa, italiana e do tropeirismo paranaense:<\/p>\n\n\n\n<ul class=\"wp-block-list\">\n<li><strong>Doguinho maringaense<\/strong>: cachorro-quente local com molho pr\u00f3prio, batata palha e maionese caseira, tradi\u00e7\u00e3o vendida em carrinhos do centro.<\/li>\n\n\n\n<li><strong>Yakisoba e culin\u00e1ria japonesa<\/strong>: heran\u00e7a da imigra\u00e7\u00e3o nip\u00f4nica concentrada em restaurantes da Avenida Tiradentes e arredores.<\/li>\n\n\n\n<li><strong>Carne de on\u00e7a e barreado<\/strong>: pratos t\u00edpicos paranaenses servidos em restaurantes regionais, com carne crua temperada ou cozimento lento em panela de barro.<\/li>\n\n\n\n<li><strong>Caf\u00e9s especiais<\/strong>: a regi\u00e3o \u00e9 tradicional produtora de caf\u00e9, com cafeterias que torram gr\u00e3os da pr\u00f3pria \u00e1rea norte do Paran\u00e1.<\/li>\n<\/ul>\n\n\n\n<p>Quem deseja visitar <strong>Maring\u00e1<\/strong>, vai curtir esse v\u00eddeo especialmente selecionado do canal <strong>Araujos por a\u00ed<\/strong>, que conta com mais de <strong>10 mil<\/strong> visualiza\u00e7\u00f5es, onde <strong>Thiago e Babi<\/strong> mostram os lugares mais incr\u00edveis para conhecer no <strong>Paran\u00e1<\/strong>:<\/p>\n\n\n\n<figure class=\"wp-block-embed is-type-video is-provider-youtube wp-block-embed-youtube wp-embed-aspect-16-9 wp-has-aspect-ratio\"><div class=\"wp-block-embed__wrapper\">\n<div class=\"jeg_video_container jeg_video_content\"><iframe loading=\"lazy\" title=\"O que fazer em Maring\u00e1? Os lugares mais incr\u00edveis pra visitar!\" width=\"500\" height=\"281\" src=\"https:\/\/www.youtube.com\/embed\/sKxTSpqXvws?start=303&#038;feature=oembed\" frameborder=\"0\" allow=\"accelerometer; autoplay; clipboard-write; encrypted-media; gyroscope; picture-in-picture; web-share\" referrerpolicy=\"strict-origin-when-cross-origin\" allowfullscreen><\/iframe><\/div>\n<\/div><\/figure>\n\n\n\n<h2 class=\"wp-block-heading\">Quando o clima ajuda cada tipo de passeio na cidade<\/h2>\n\n\n\n<p>O clima \u00e9 subtropical \u00famido, com esta\u00e7\u00f5es bem marcadas e dias ensolarados predominando ao longo do ano. A tabela abaixo organiza as melhores atividades por esta\u00e7\u00e3o:<\/p>\n\n\n\n<style>\n    .clima-grid-uai93 { \n        --cor-primaria: #0278c0; --cor-secundaria: #ffd31a; --cor-txt-secundaria: #0278c0;\n        display: grid; grid-template-columns: repeat(auto-fit, minmax(190px, 1fr)); gap: 15px; justify-content: center; padding: 10px;\n    }\n    .clima-card-uai93 { border: 5px solid var(--cor-primaria); border-top: 5px solid var(--cor-secundaria); border-radius: 12px; background-color: var(--cor-primaria); background-clip: padding-box; display: flex; flex-direction: column; overflow: hidden; cursor: pointer; box-shadow: 0 6px 12px rgba(0,0,0, 0.2); transition: transform 0.2s ease, box-shadow 0.2s ease; -webkit-tap-highlight-color: transparent; user-select: none; transform: translateZ(0); animation: wmFadeIn 0.6s cubic-bezier(0.2, 0.8, 0.2, 1) backwards; }\n    .clima-card-uai93:focus-visible { outline: 3px dashed var(--cor-secundaria); outline-offset: 4px; }\n    .clima-card-uai93:nth-child(1) { animation-delay: 0.1s; } .clima-card-uai93:nth-child(2) { animation-delay: 0.2s; } .clima-card-uai93:nth-child(3) { animation-delay: 0.3s; } .clima-card-uai93:nth-child(4) { animation-delay: 0.4s; }\n    @keyframes wmFadeIn { from { opacity: 0; transform: translateY(30px); } to { opacity: 1; transform: translateY(0); } }\n    .clima-card-uai93:hover { transform: translateY(-5px); box-shadow: 0 15px 30px rgba(0,0,0, 0.3); }\n    .clima-card-uai93:active { transform: translateY(-1px) scale(0.97); box-shadow: 0 3px 6px rgba(0,0,0, 0.2); transition: transform 0.05s ease, box-shadow 0.05s ease; }\n    .clima-header-uai93 { background: #fdfbf5; padding: 15px 10px; text-align: center; display: flex; flex-direction: column; align-items: center; justify-content: center; }\n    .clima-body-uai93 { background: #ffffff; padding: 15px; display: flex; flex-direction: column; flex-grow: 1; align-items: center; }\n    .clima-destaque-uai93 { box-shadow: 0 8px 16px rgba(0,0,0, 0.25); }\n    .clima-destaque-uai93:hover { box-shadow: 0 18px 36px rgba(0,0,0, 0.35); }\n    .clima-destaque-uai93 .clima-header-uai93 { background: var(--cor-secundaria); }\n    .clima-destaque-uai93 .clima-header-uai93 .clima-titulo-uai93 { color: var(--cor-txt-secundaria) !important; } \n    .clima-pill-uai93 { display: flex; white-space: normal; max-width: 100%; box-sizing: border-box; justify-content: center; align-items: center; text-align: center; background: #e6f2fa; color: var(--cor-primaria); font-size: 11px; font-weight: 900 !important; letter-spacing: 0.5px; padding: 8px 16px; border-radius: 16px; text-transform: uppercase; line-height: 1.4; box-shadow: 0 4px 8px rgba(0,0,0, 0.15); margin-top: auto; transition: transform 0.2s ease; }\n    .clima-destaque-uai93 .clima-pill-uai93 { background: var(--cor-primaria); color: #ffffff; border: 1px solid #ffffff; } \n    .clima-card-uai93:hover .clima-pill-uai93 { transform: scale(1.06); }\n    .clima-pill-uai93 span { font-weight: 900 !important; color: inherit; } \n    .clima-emoji-uai93 { font-size: 24px; line-height: 1; margin-bottom: 5px; }\n    .clima-titulo-uai93 { color: var(--cor-primaria); font-size: 16px; text-transform: uppercase; margin-top: 5px; font-weight: bold; }\n    .clima-mes-uai93 { font-size: 11px; font-weight: 800; color: var(--cor-primaria); text-transform: uppercase; margin-bottom: 5px; display: block; }\n    .clima-temp-uai93 { font-size: 26px; font-weight: 900; color: var(--cor-primaria); margin-bottom: 10px; }\n    .clima-desc-uai93 { font-size: 13px; color: #444; text-align: center; line-height: 1.5; margin-bottom: 15px; flex-grow: 1;}\n    .clima-desc-uai93 strong { color: #111; }\n    @media (prefers-color-scheme: dark) {\n        .clima-card-uai93 { border-color: #014f7d; background-color: #014f7d; box-shadow: 0 6px 12px rgba(0,0,0, 0.5); }\n        .clima-header-uai93 { background: #1a1a1a; } .clima-body-uai93 { background: #121212; }\n        .clima-destaque-uai93 .clima-header-uai93 { background: var(--cor-secundaria); }\n        .clima-destaque-uai93 .clima-header-uai93 .clima-titulo-uai93 { color: var(--cor-txt-secundaria) !important; }\n        .clima-titulo-uai93 { color: #63b2e8; } .clima-mes-uai93 { color: #63b2e8; } .clima-temp-uai93 { color: #63b2e8; } .clima-desc-uai93 { color: #cccccc; } .clima-desc-uai93 strong { color: #ffffff; }\n        .clima-pill-uai93 { background: #014f7d; color: #ffffff; box-shadow: 0 4px 8px rgba(0, 0, 0, 0.5); }\n        .clima-destaque-uai93 .clima-pill-uai93 { background: #013859; color: #ffffff; border-color: #63b2e8; }\n    }\n<\/style>\n<div class=\"google-auto-ads-ignore clima-grid-uai93\" style=\"box-sizing: border-box; width: 100%; max-width: 980px; margin: 30px auto; font-family: 'Segoe UI', Roboto, Helvetica, Arial, sans-serif;\">\n    <div class=\"clima-card-uai93\" tabindex=\"0\">\n        <div class=\"clima-header-uai93\"><div class=\"clima-emoji-uai93\" aria-hidden=\"true\">\ud83c\udf33<\/div><div class=\"clima-titulo-uai93\">Ver\u00e3o<\/div><\/div>\n        <div class=\"clima-body-uai93\">\n            <time class=\"clima-mes-uai93\">Dezembro a fevereiro<\/time><div class=\"clima-temp-uai93\">20\u00b0C a 31\u00b0C<\/div>\n            <div class=\"clima-desc-uai93\">O forte calor do sul soma for\u00e7as com as tempestades de fim de tarde. O ideal \u00e9 reservar a energia para as famosas <strong>cafeterias e os belos parques pela manh\u00e3<\/strong>.<\/div>\n            <div class=\"clima-pill-uai93\"><span>\u2614 Chuva Alta<\/span><\/div>\n        <\/div>\n    <\/div>\n    <div class=\"clima-card-uai93\" tabindex=\"0\">\n        <div class=\"clima-header-uai93\"><div class=\"clima-emoji-uai93\" aria-hidden=\"true\">\u26e9\ufe0f<\/div><div class=\"clima-titulo-uai93\">Outono<\/div><\/div>\n        <div class=\"clima-body-uai93\">\n            <time class=\"clima-mes-uai93\">Mar\u00e7o a maio<\/time><div class=\"clima-temp-uai93\">16\u00b0C a 28\u00b0C<\/div>\n            <div class=\"clima-desc-uai93\">A chuva e a temperatura come\u00e7am a ceder e a cidade fica agrad\u00e1vel para caminhar. Perfeito para fotos na imponente <strong>Catedral e no Parque do Jap\u00e3o<\/strong>.<\/div>\n            <div class=\"clima-pill-uai93\"><span>\u2601\ufe0f Chuva M\u00e9dia<\/span><\/div>\n        <\/div>\n    <\/div>\n    <div class=\"clima-card-uai93\" tabindex=\"0\">\n        <div class=\"clima-header-uai93\"><div class=\"clima-emoji-uai93\" aria-hidden=\"true\">\ud83c\udf63<\/div><div class=\"clima-titulo-uai93\">Inverno<\/div><\/div>\n        <div class=\"clima-body-uai93\">\n            <time class=\"clima-mes-uai93\">Junho a agosto<\/time><div class=\"clima-temp-uai93\">10\u00b0C a 23\u00b0C<\/div>\n            <div class=\"clima-desc-uai93\">Dias de sol limpo, sem calor intenso e sem chuvas! Cen\u00e1rio excelente para longas <strong>caminhadas no Parque do Ing\u00e1 e provar a gastronomia japonesa<\/strong>.<\/div>\n            <div class=\"clima-pill-uai93\"><span>\ud83c\udf92 Chuva Baixa \/ Seco<\/span><\/div>\n        <\/div>\n    <\/div>\n    <div class=\"clima-card-uai93 clima-destaque-uai93\" tabindex=\"0\">\n        <div class=\"clima-header-uai93\"><div class=\"clima-emoji-uai93\" aria-hidden=\"true\">\ud83c\udf38<\/div><div class=\"clima-titulo-uai93\">Primavera<\/div><\/div>\n        <div class=\"clima-body-uai93\">\n            <time class=\"clima-mes-uai93\">Setembro a novembro<\/time><div class=\"clima-temp-uai93\">16\u00b0C a 29\u00b0C<\/div>\n            <div class=\"clima-desc-uai93\">O \u00e1pice fotogr\u00e1fico do calend\u00e1rio! As chuvas s\u00e3o razo\u00e1veis, mas a transi\u00e7\u00e3o transforma as grandes avenidas no espet\u00e1culo visual da <strong>florada dos ip\u00eas<\/strong>.<\/div>\n            <div class=\"clima-pill-uai93\"><span>\u2b50 Destaque \/ Florada dos Ip\u00eas<\/span><\/div>\n        <\/div>\n    <\/div>\n<\/div>\n\n\n\n<p><em>Temperaturas aproximadas com base no <a href=\"https:\/\/www.climatempo.com.br\/previsao-do-tempo\/cidade\/278\/maringa-pr\" target=\"_blank\" rel=\"noreferrer noopener\"><strong>Climatempo<\/strong><\/a>. Condi\u00e7\u00f5es podem variar.<\/em><\/p>\n\n\n\n<p>A janela entre agosto e setembro transforma as avenidas em corredores amarelos e roxos com a florada dos ip\u00eas, virando o cart\u00e3o-postal urbano mais fotografado do ano. O inverno seco favorece trilhas no Parque do Ing\u00e1 e visitas \u00e0 catedral sem o calor intenso do ver\u00e3o.<\/p>\n\n\n\n<h2 class=\"wp-block-heading\">Como chegar \u00e0 Cidade Can\u00e7\u00e3o<\/h2>\n\n\n\n<p>Maring\u00e1 fica a cerca de 425 km de Curitiba pela <strong>BR-376<\/strong>, aproximadamente 670 km de S\u00e3o Paulo pela <strong>BR-369<\/strong>, e 90 km de <strong>Londrina<\/strong>. O acesso a\u00e9reo \u00e9 feito pelo Aeroporto Regional de Maring\u00e1 S\u00edlvio Name J\u00fanior, com voos diretos para S\u00e3o Paulo, Curitiba, Bras\u00edlia e outras capitais.<\/p>\n\n\n\n<p>Quem prefere \u00f4nibus encontra linhas rodovi\u00e1rias frequentes a partir das principais cidades do sul e sudeste no Terminal Rodovi\u00e1rio Romildo Prado. Dentro da cidade, o transporte p\u00fablico circula pelas avenidas largas planejadas em 1943 e o sistema de zonas numeradas facilita a localiza\u00e7\u00e3o.<\/p>\n\n\n\n<h2 class=\"wp-block-heading\">O Brasil precisa visitar a Cidade Can\u00e7\u00e3o<\/h2>\n\n\n\n<p>Maring\u00e1 entrega no cotidiano o que muitas cidades brasileiras prometem em discurso: ruas arborizadas, parques a p\u00e9 do centro, saneamento universalizado e um planejamento urbano que sobreviveu a quase oito d\u00e9cadas de crescimento.<\/p>\n\n\n\n<p>Voc\u00ea precisa caminhar sob os t\u00faneis verdes da Cidade Can\u00e7\u00e3o e entender por que tanta gente troca capitais pelo noroeste do Paran\u00e1.<\/p>\n","protected":false},"excerpt":{"rendered":"<p>No noroeste do Paran\u00e1, Maring\u00e1 recebe quem chega com avenidas largas, t\u00faneis de \u00e1rvores e uma catedral c\u00f4nica de 124 metros que rasga o horizonte. A cidade lidera o ranking nacional de saneamento e tem qualidade de vida acima de qualquer capital brasileira. Como uma cidade-jardim nasceu de fotos a\u00e9reas O engenheiro paulistano Jorge de [&hellip;]<\/p>\n","protected":false},"author":14,"featured_media":127594,"comment_status":"open","ping_status":"open","sticky":false,"template":"","format":"standard","meta":{"jnews-multi-image_gallery":[],"jnews_single_post":{"format":"standard"},"jnews_primary_category":[],"jnews_social_meta":[],"jnews_override_counter":[],"footnotes":""},"categories":[210],"tags":[234,2781,397],"class_list":["post-127437","post","type-post","status-publish","format-standard","has-post-thumbnail","hentry","category-cidades","tag-cidades","tag-maringa","tag-parana"],"yoast_head":"<!-- This site is optimized with the Yoast SEO plugin v26.5 - https:\/\/yoast.com\/wordpress\/plugins\/seo\/ -->\n<title>A 1\u00aa colocada do Brasil em ranking de qualidade de vida e a catedral mais alta da Am\u00e9rica Latina: a Cidade Verde planejada por um urbanista que nunca a visitou - UAI Not\u00edcias<\/title>\n<meta name=\"description\" content=\"Conhe\u00e7a a Cidade Verde: l\u00edder em qualidade de vida, ela abriga a catedral mais alta da Am\u00e9rica Latina. Saiba mais sobre o destino.\" \/>\n<meta name=\"robots\" content=\"index, follow, max-snippet:-1, max-image-preview:large, max-video-preview:-1\" \/>\n<link rel=\"canonical\" href=\"https:\/\/www.uai.com.br\/uainoticias\/2026\/04\/26\/a-1a-colocada-do-brasil-em-ranking-de-qualidade-de-vida-e-a-catedral-mais-alta-da-america-latina-a-cidade-verde-planejada-por-um-urbanista-que-nunca-a-visitou\/\" \/>\n<meta property=\"og:locale\" content=\"pt_BR\" \/>\n<meta property=\"og:type\" content=\"article\" \/>\n<meta property=\"og:title\" content=\"A 1\u00aa colocada do Brasil em ranking de qualidade de vida e a catedral mais alta da Am\u00e9rica Latina: a Cidade Verde planejada por um urbanista que nunca a visitou - UAI Not\u00edcias\" \/>\n<meta property=\"og:description\" content=\"Conhe\u00e7a a Cidade Verde: l\u00edder em qualidade de vida, ela abriga a catedral mais alta da Am\u00e9rica Latina. Saiba mais sobre o destino.\" \/>\n<meta property=\"og:url\" content=\"https:\/\/www.uai.com.br\/uainoticias\/2026\/04\/26\/a-1a-colocada-do-brasil-em-ranking-de-qualidade-de-vida-e-a-catedral-mais-alta-da-america-latina-a-cidade-verde-planejada-por-um-urbanista-que-nunca-a-visitou\/\" \/>\n<meta property=\"og:site_name\" content=\"UAI Not\u00edcias\" \/>\n<meta property=\"article:published_time\" content=\"2026-04-26T20:00:00+00:00\" \/>\n<meta property=\"og:image\" content=\"https:\/\/www.uai.com.br\/uainoticias\/wp-content\/uploads\/2026\/04\/Woman_walking_near_202604260804.jpg\" \/>\n\t<meta property=\"og:image:width\" content=\"1280\" \/>\n\t<meta property=\"og:image:height\" content=\"720\" \/>\n\t<meta property=\"og:image:type\" content=\"image\/jpeg\" \/>\n<meta name=\"author\" content=\"Vitor Bruno\" \/>\n<meta name=\"twitter:card\" content=\"summary_large_image\" \/>\n<meta name=\"twitter:label1\" content=\"Escrito por\" \/>\n\t<meta name=\"twitter:data1\" content=\"Vitor Bruno\" \/>\n\t<meta name=\"twitter:label2\" content=\"Est. tempo de leitura\" \/>\n\t<meta name=\"twitter:data2\" content=\"7 minutos\" \/>\n<!-- \/ Yoast SEO plugin. -->","yoast_head_json":{"title":"A 1\u00aa colocada do Brasil em ranking de qualidade de vida e a catedral mais alta da Am\u00e9rica Latina: a Cidade Verde planejada por um urbanista que nunca a visitou - UAI Not\u00edcias","description":"Conhe\u00e7a a Cidade Verde: l\u00edder em qualidade de vida, ela abriga a catedral mais alta da Am\u00e9rica Latina. Saiba mais sobre o destino.","robots":{"index":"index","follow":"follow","max-snippet":"max-snippet:-1","max-image-preview":"max-image-preview:large","max-video-preview":"max-video-preview:-1"},"canonical":"https:\/\/www.uai.com.br\/uainoticias\/2026\/04\/26\/a-1a-colocada-do-brasil-em-ranking-de-qualidade-de-vida-e-a-catedral-mais-alta-da-america-latina-a-cidade-verde-planejada-por-um-urbanista-que-nunca-a-visitou\/","og_locale":"pt_BR","og_type":"article","og_title":"A 1\u00aa colocada do Brasil em ranking de qualidade de vida e a catedral mais alta da Am\u00e9rica Latina: a Cidade Verde planejada por um urbanista que nunca a visitou - UAI Not\u00edcias","og_description":"Conhe\u00e7a a Cidade Verde: l\u00edder em qualidade de vida, ela abriga a catedral mais alta da Am\u00e9rica Latina. Saiba mais sobre o destino.","og_url":"https:\/\/www.uai.com.br\/uainoticias\/2026\/04\/26\/a-1a-colocada-do-brasil-em-ranking-de-qualidade-de-vida-e-a-catedral-mais-alta-da-america-latina-a-cidade-verde-planejada-por-um-urbanista-que-nunca-a-visitou\/","og_site_name":"UAI Not\u00edcias","article_published_time":"2026-04-26T20:00:00+00:00","og_image":[{"width":1280,"height":720,"url":"https:\/\/www.uai.com.br\/uainoticias\/wp-content\/uploads\/2026\/04\/Woman_walking_near_202604260804.jpg","type":"image\/jpeg"}],"author":"Vitor Bruno","twitter_card":"summary_large_image","twitter_misc":{"Escrito por":"Vitor Bruno","Est. tempo de leitura":"7 minutos"},"schema":{"@context":"https:\/\/schema.org","@graph":[{"@type":"WebPage","@id":"https:\/\/www.uai.com.br\/uainoticias\/2026\/04\/26\/a-1a-colocada-do-brasil-em-ranking-de-qualidade-de-vida-e-a-catedral-mais-alta-da-america-latina-a-cidade-verde-planejada-por-um-urbanista-que-nunca-a-visitou\/","url":"https:\/\/www.uai.com.br\/uainoticias\/2026\/04\/26\/a-1a-colocada-do-brasil-em-ranking-de-qualidade-de-vida-e-a-catedral-mais-alta-da-america-latina-a-cidade-verde-planejada-por-um-urbanista-que-nunca-a-visitou\/","name":"A 1\u00aa colocada do Brasil em ranking de qualidade de vida e a catedral mais alta da Am\u00e9rica Latina: a Cidade Verde planejada por um urbanista que nunca a visitou - UAI Not\u00edcias","isPartOf":{"@id":"https:\/\/www.uai.com.br\/uainoticias\/#website"},"primaryImageOfPage":{"@id":"https:\/\/www.uai.com.br\/uainoticias\/2026\/04\/26\/a-1a-colocada-do-brasil-em-ranking-de-qualidade-de-vida-e-a-catedral-mais-alta-da-america-latina-a-cidade-verde-planejada-por-um-urbanista-que-nunca-a-visitou\/#primaryimage"},"image":{"@id":"https:\/\/www.uai.com.br\/uainoticias\/2026\/04\/26\/a-1a-colocada-do-brasil-em-ranking-de-qualidade-de-vida-e-a-catedral-mais-alta-da-america-latina-a-cidade-verde-planejada-por-um-urbanista-que-nunca-a-visitou\/#primaryimage"},"thumbnailUrl":"https:\/\/www.uai.com.br\/uainoticias\/wp-content\/uploads\/2026\/04\/Woman_walking_near_202604260804.jpg","datePublished":"2026-04-26T20:00:00+00:00","author":{"@id":"https:\/\/www.uai.com.br\/uainoticias\/#\/schema\/person\/03130d752d0ce4e3bb0f607f1bc85084"},"description":"Conhe\u00e7a a Cidade Verde: l\u00edder em qualidade de vida, ela abriga a catedral mais alta da Am\u00e9rica Latina. Saiba mais sobre o destino.","breadcrumb":{"@id":"https:\/\/www.uai.com.br\/uainoticias\/2026\/04\/26\/a-1a-colocada-do-brasil-em-ranking-de-qualidade-de-vida-e-a-catedral-mais-alta-da-america-latina-a-cidade-verde-planejada-por-um-urbanista-que-nunca-a-visitou\/#breadcrumb"},"inLanguage":"pt-BR","potentialAction":[{"@type":"ReadAction","target":["https:\/\/www.uai.com.br\/uainoticias\/2026\/04\/26\/a-1a-colocada-do-brasil-em-ranking-de-qualidade-de-vida-e-a-catedral-mais-alta-da-america-latina-a-cidade-verde-planejada-por-um-urbanista-que-nunca-a-visitou\/"]}]},{"@type":"ImageObject","inLanguage":"pt-BR","@id":"https:\/\/www.uai.com.br\/uainoticias\/2026\/04\/26\/a-1a-colocada-do-brasil-em-ranking-de-qualidade-de-vida-e-a-catedral-mais-alta-da-america-latina-a-cidade-verde-planejada-por-um-urbanista-que-nunca-a-visitou\/#primaryimage","url":"https:\/\/www.uai.com.br\/uainoticias\/wp-content\/uploads\/2026\/04\/Woman_walking_near_202604260804.jpg","contentUrl":"https:\/\/www.uai.com.br\/uainoticias\/wp-content\/uploads\/2026\/04\/Woman_walking_near_202604260804.jpg","width":1280,"height":720,"caption":"A Cidade Verde planejada por um urbanista que nunca a visitou \/\/ IMAGEM ILUSTRATIVA"},{"@type":"BreadcrumbList","@id":"https:\/\/www.uai.com.br\/uainoticias\/2026\/04\/26\/a-1a-colocada-do-brasil-em-ranking-de-qualidade-de-vida-e-a-catedral-mais-alta-da-america-latina-a-cidade-verde-planejada-por-um-urbanista-que-nunca-a-visitou\/#breadcrumb","itemListElement":[{"@type":"ListItem","position":1,"name":"In\u00edcio","item":"https:\/\/www.uai.com.br\/uainoticias\/"},{"@type":"ListItem","position":2,"name":"A 1\u00aa colocada do Brasil em ranking de qualidade de vida e a catedral mais alta da Am\u00e9rica Latina: a Cidade Verde planejada por um urbanista que nunca a visitou"}]},{"@type":"WebSite","@id":"https:\/\/www.uai.com.br\/uainoticias\/#website","url":"https:\/\/www.uai.com.br\/uainoticias\/","name":"UAI Not\u00edcias","description":"Acompanhe as \u00faltimas not\u00edcias e fique bem informado sobre tudo o que acontece no Brasil e no mundo.","potentialAction":[{"@type":"SearchAction","target":{"@type":"EntryPoint","urlTemplate":"https:\/\/www.uai.com.br\/uainoticias\/?s={search_term_string}"},"query-input":{"@type":"PropertyValueSpecification","valueRequired":true,"valueName":"search_term_string"}}],"inLanguage":"pt-BR"},{"@type":"Person","@id":"https:\/\/www.uai.com.br\/uainoticias\/#\/schema\/person\/03130d752d0ce4e3bb0f607f1bc85084","name":"Vitor Bruno","image":{"@type":"ImageObject","inLanguage":"pt-BR","@id":"https:\/\/www.uai.com.br\/uainoticias\/#\/schema\/person\/image\/","url":"https:\/\/secure.gravatar.com\/avatar\/ab0513148053bbb80c117cdd35f8a0f2742d41eebbac321acf8df2e633d81609?s=96&d=mm&r=g","contentUrl":"https:\/\/secure.gravatar.com\/avatar\/ab0513148053bbb80c117cdd35f8a0f2742d41eebbac321acf8df2e633d81609?s=96&d=mm&r=g","caption":"Vitor Bruno"},"sameAs":["https:\/\/www.uai.com.br\/uainoticias\/"],"url":"https:\/\/www.uai.com.br\/uainoticias\/author\/vitor\/"}]}},"_links":{"self":[{"href":"https:\/\/www.uai.com.br\/uainoticias\/wp-json\/wp\/v2\/posts\/127437","targetHints":{"allow":["GET"]}}],"collection":[{"href":"https:\/\/www.uai.com.br\/uainoticias\/wp-json\/wp\/v2\/posts"}],"about":[{"href":"https:\/\/www.uai.com.br\/uainoticias\/wp-json\/wp\/v2\/types\/post"}],"author":[{"embeddable":true,"href":"https:\/\/www.uai.com.br\/uainoticias\/wp-json\/wp\/v2\/users\/14"}],"replies":[{"embeddable":true,"href":"https:\/\/www.uai.com.br\/uainoticias\/wp-json\/wp\/v2\/comments?post=127437"}],"version-history":[{"count":9,"href":"https:\/\/www.uai.com.br\/uainoticias\/wp-json\/wp\/v2\/posts\/127437\/revisions"}],"predecessor-version":[{"id":127593,"href":"https:\/\/www.uai.com.br\/uainoticias\/wp-json\/wp\/v2\/posts\/127437\/revisions\/127593"}],"wp:featuredmedia":[{"embeddable":true,"href":"https:\/\/www.uai.com.br\/uainoticias\/wp-json\/wp\/v2\/media\/127594"}],"wp:attachment":[{"href":"https:\/\/www.uai.com.br\/uainoticias\/wp-json\/wp\/v2\/media?parent=127437"}],"wp:term":[{"taxonomy":"category","embeddable":true,"href":"https:\/\/www.uai.com.br\/uainoticias\/wp-json\/wp\/v2\/categories?post=127437"},{"taxonomy":"post_tag","embeddable":true,"href":"https:\/\/www.uai.com.br\/uainoticias\/wp-json\/wp\/v2\/tags?post=127437"}],"curies":[{"name":"wp","href":"https:\/\/api.w.org\/{rel}","templated":true}]}}