{"id":127436,"date":"2026-04-26T16:25:00","date_gmt":"2026-04-26T19:25:00","guid":{"rendered":"https:\/\/www.uai.com.br\/uainoticias\/?p=127436"},"modified":"2026-04-26T07:52:49","modified_gmt":"2026-04-26T10:52:49","slug":"eleita-a-4a-melhor-praia-do-mundo-a-vila-baiana-com-678-metros-de-muralhas-que-proibe-carros-e-a-bagagem-chega-em-carrinho-de-mao","status":"publish","type":"post","link":"https:\/\/www.uai.com.br\/uainoticias\/2026\/04\/26\/eleita-a-4a-melhor-praia-do-mundo-a-vila-baiana-com-678-metros-de-muralhas-que-proibe-carros-e-a-bagagem-chega-em-carrinho-de-mao\/","title":{"rendered":"Eleita a 4\u00aa melhor praia do mundo: a vila baiana com 678 metros de muralhas que pro\u00edbe carros e a bagagem chega em carrinho de m\u00e3o"},"content":{"rendered":"\n<p>A 60 km de <strong>Salvador<\/strong> pelo mar, <strong>Morro de S\u00e3o Paulo<\/strong> recebe quem desembarca sob um portal de pedra do s\u00e9culo XVII. As ruas s\u00e3o de areia, a bagagem viaja em carrinho de m\u00e3o e a Quarta Praia foi eleita a 4\u00aa melhor do planeta no <strong>TripAdvisor<\/strong>.<\/p>\n\n\n\n<h2 class=\"wp-block-heading\">Uma vila fundada em 1535 que o tempo deixou intacta<\/h2>\n\n\n\n<p>O tenente espanhol <strong>Francisco Romero<\/strong> ocupou o local entre 1535 e 1536 a servi\u00e7o do donat\u00e1rio da Capitania de Ilh\u00e9us. A escolha foi estrat\u00e9gica: a ponta norte da <strong>Ilha de Tinhar\u00e9<\/strong> controlava o canal de abastecimento da capital baiana e ditava o ritmo da navega\u00e7\u00e3o portuguesa no <strong>Atl\u00e2ntico<\/strong> Sul.<\/p>\n\n\n\n<p>A vila pertence a <strong>Cairu<\/strong>, \u00fanico munic\u00edpio-arquip\u00e9lago do <strong>Brasil<\/strong>, formado por 26 ilhas e 460,98 km\u00b2 de extens\u00e3o. O isolamento natural moldou um vilarejo onde o som de motor \u00e9 raro e o rel\u00f3gio se rende \u00e0s mar\u00e9s.<\/p>\n\n\n<div class=\"wp-block-image\">\n<figure class=\"aligncenter size-large\"><img decoding=\"async\" width=\"1024\" height=\"576\" src=\"https:\/\/www.uai.com.br\/uainoticias\/wp-content\/uploads\/2025\/12\/Morro-de-Sao-Paulo2-1024x576.jpg\" alt=\"Onde o tempo para e os carros n\u00e3o entram: a ilha nordestina com a 4\u00aa praia mais bonita do planeta\" class=\"wp-image-98929\" srcset=\"https:\/\/www.uai.com.br\/uainoticias\/wp-content\/uploads\/2025\/12\/Morro-de-Sao-Paulo2-1024x576.jpg 1024w, https:\/\/www.uai.com.br\/uainoticias\/wp-content\/uploads\/2025\/12\/Morro-de-Sao-Paulo2-300x169.jpg 300w, https:\/\/www.uai.com.br\/uainoticias\/wp-content\/uploads\/2025\/12\/Morro-de-Sao-Paulo2-768x432.jpg 768w, https:\/\/www.uai.com.br\/uainoticias\/wp-content\/uploads\/2025\/12\/Morro-de-Sao-Paulo2-750x422.jpg 750w, https:\/\/www.uai.com.br\/uainoticias\/wp-content\/uploads\/2025\/12\/Morro-de-Sao-Paulo2-1140x641.jpg 1140w, https:\/\/www.uai.com.br\/uainoticias\/wp-content\/uploads\/2025\/12\/Morro-de-Sao-Paulo2.jpg 1280w\" sizes=\"(max-width: 1024px) 100vw, 1024px\" \/><figcaption class=\"wp-element-caption\">Morro de S\u00e3o Paulo encanta com vilarejo sem carros e praias calmas \/\/ Cr\u00e9ditos: Wikimedia Commons <\/figcaption><\/figure><\/div>\n\n\n<h2 class=\"wp-block-heading\">Quais reconhecimentos colocaram Morro no mapa internacional?<\/h2>\n\n\n\n<p>A Quarta Praia foi eleita a 4\u00aa melhor do mundo no Travelers&#8217; Choice 2022 do <strong>TripAdvisor<\/strong>, ficando \u00e0 frente de Fernando de Noronha e da Praia da Pipa. O <a href=\"https:\/\/www.gov.br\/turismo\/pt-br\/assuntos\/noticias\/conheca-as-praias-brasileiras-que-estao-entre-as-10-melhores-do-mundo\" target=\"_blank\" rel=\"noreferrer noopener\"><strong>Minist\u00e9rio do Turismo<\/strong><\/a> incluiu Morro entre as 20 melhores praias da <strong>Am\u00e9rica Latina<\/strong> em ranking ambiental conduzido por 46 especialistas sob a D\u00e9cada das Na\u00e7\u00f5es Unidas para a Restaura\u00e7\u00e3o dos Ecossistemas.<\/p>\n\n\n\n<p>A Fortaleza do Tapirandu, com 678 metros de muralhas erguidas a partir de 1630 com pedra e \u00f3leo de baleia, foi tombada pelo <a href=\"http:\/\/portal.iphan.gov.br\/noticias\/detalhes\/4512\" target=\"_blank\" rel=\"noreferrer noopener\"><strong>Instituto do Patrim\u00f4nio Hist\u00f3rico e Art\u00edstico Nacional (IPHAN)<\/strong><\/a> em 1938. As ilhas integram a \u00c1rea de Prote\u00e7\u00e3o Ambiental criada pelo <a href=\"https:\/\/www.ba.gov.br\/inema\/gestao-2\/unidades-de-conservacao\/apa\/apa-ilhas-do-tinhare-e-boipeba\" target=\"_blank\" rel=\"noreferrer noopener\"><strong>Instituto do Meio Ambiente e Recursos H\u00eddricos (INEMA)<\/strong><\/a> em 1992, que protege 43.300 hectares de manguezais, recifes e Mata Atl\u00e2ntica.<\/p>\n\n\n<div class=\"wp-block-image\">\n<figure class=\"aligncenter size-large\"><img decoding=\"async\" width=\"1024\" height=\"576\" src=\"https:\/\/www.uai.com.br\/uainoticias\/wp-content\/uploads\/2025\/12\/Morro-de-Sao-Paulo-1024x576.jpg\" alt=\"Onde o tempo para e os carros n\u00e3o entram: a ilha nordestina com a 4\u00aa praia mais bonita do planeta\" class=\"wp-image-98930\" srcset=\"https:\/\/www.uai.com.br\/uainoticias\/wp-content\/uploads\/2025\/12\/Morro-de-Sao-Paulo-1024x576.jpg 1024w, https:\/\/www.uai.com.br\/uainoticias\/wp-content\/uploads\/2025\/12\/Morro-de-Sao-Paulo-300x169.jpg 300w, https:\/\/www.uai.com.br\/uainoticias\/wp-content\/uploads\/2025\/12\/Morro-de-Sao-Paulo-768x432.jpg 768w, https:\/\/www.uai.com.br\/uainoticias\/wp-content\/uploads\/2025\/12\/Morro-de-Sao-Paulo-750x422.jpg 750w, https:\/\/www.uai.com.br\/uainoticias\/wp-content\/uploads\/2025\/12\/Morro-de-Sao-Paulo-1140x641.jpg 1140w, https:\/\/www.uai.com.br\/uainoticias\/wp-content\/uploads\/2025\/12\/Morro-de-Sao-Paulo.jpg 1280w\" sizes=\"(max-width: 1024px) 100vw, 1024px\" \/><figcaption class=\"wp-element-caption\">Morro de S\u00e3o Paulo une natureza intocada e clima tropical \/\/ Cr\u00e9ditos: Wikimedia Commons <\/figcaption><\/figure><\/div>\n\n\n<p><strong>Leia tamb\u00e9m: <a href=\"https:\/\/www.uai.com.br\/uainoticias\/2026\/04\/25\/essa-cidade-nordestina-esta-em-alta-447-mais-estrangeiros-escolheram-esse-paraiso-de-mar-morno-e-brisa-perfeita\/\" target=\"_blank\" rel=\"noreferrer noopener\">Essa cidade nordestina est\u00e1 em alta: 44,7% mais estrangeiros escolheram esse para\u00edso de mar morno e brisa perfeita<\/a><\/strong><\/p>\n\n\n\n<h2 class=\"wp-block-heading\">O que fazer entre praias numeradas e fortaleza centen\u00e1ria?<\/h2>\n\n\n\n<p>O roteiro come\u00e7a pela <strong>Fortaleza do Tapirandu<\/strong> e se estende pelas cinco praias numeradas conforme a dist\u00e2ncia do centro. As principais atra\u00e7\u00f5es da vila:<\/p>\n\n\n\n<ul class=\"wp-block-list\">\n<li><strong>Fortaleza do Tapirandu<\/strong>: complexo militar de 1630 com 678 metros de muralhas, mirante para o p\u00f4r do sol e vista da costa.<\/li>\n\n\n\n<li><strong>Quarta Praia<\/strong>: 8 km de areia quase deserta, coqueiral cerrado e piscinas naturais na mar\u00e9 baixa, premiada internacionalmente.<\/li>\n\n\n\n<li><strong>Tirolesa do Farol<\/strong>: descida de cerca de 340 metros do alto do farol diretamente na Primeira Praia.<\/li>\n\n\n\n<li><strong>Passeio Volta \u00e0 Ilha<\/strong>: barco que sai da Terceira Praia com paradas em Garapu\u00e1, Morer\u00e9 e <strong>Boipeba<\/strong>.<\/li>\n\n\n\n<li><strong>Igreja de Nossa Senhora da Luz<\/strong>: templo barroco iniciado em 1628 e conclu\u00eddo em 1845, padroeira da vila.<\/li>\n\n\n\n<li><strong>Trilha da Gamboa<\/strong>: caminhada de 30 minutos at\u00e9 o pared\u00e3o de argila para banho de lama.<\/li>\n<\/ul>\n\n\n\n<p>A gastronomia local mistura o dend\u00ea baiano com pescados desembarcados todas as manh\u00e3s no cais. Os pratos mais procurados:<\/p>\n\n\n\n<ul class=\"wp-block-list\">\n<li><strong>Moqueca de siri mole<\/strong>: crust\u00e1ceos frescos cozidos em panela de barro, leite de coco e dend\u00ea, servidos com pir\u00e3o e farofa.<\/li>\n\n\n\n<li><strong>Lagosta do Guido<\/strong>: receita famosa servida na vizinha Cueira, em Boipeba, com molho de abacaxi, banana da terra e \u00e1gua de coco.<\/li>\n\n\n\n<li><strong>Bob\u00f3 de camar\u00e3o<\/strong>: cl\u00e1ssico baiano \u00e0 base de mandioca, leite de coco e camar\u00f5es da costa, comum nos restaurantes da Segunda Praia.<\/li>\n\n\n\n<li><strong>Ostras de Canavieiras<\/strong>: cultivadas no pr\u00f3prio arquip\u00e9lago e degustadas durante o passeio Volta \u00e0 Ilha.<\/li>\n<\/ul>\n\n\n\n<p>Quem deseja explorar <strong>Morro de S\u00e3o Paulo<\/strong>, vai curtir esse v\u00eddeo especialmente selecionado do canal <strong>Vamos Fugir Blog<\/strong>, que conta com mais de <strong>275 mil<\/strong> visualiza\u00e7\u00f5es, onde <strong>L\u00edgia e Ulisses<\/strong> mostram um guia completo sobre as praias e passeios na <strong>Bahia<\/strong>:<\/p>\n\n\n\n<figure class=\"wp-block-embed is-type-video is-provider-youtube wp-block-embed-youtube wp-embed-aspect-16-9 wp-has-aspect-ratio\"><div class=\"wp-block-embed__wrapper\">\n<div class=\"jeg_video_container jeg_video_content\"><iframe loading=\"lazy\" title=\"MORRO DE S\u00c3O PAULO, Bahia (Como ir, o que fazer, praias, melhores passeios) - COM PRE\u00c7OS\" width=\"500\" height=\"281\" src=\"https:\/\/www.youtube.com\/embed\/defcoc1weco?start=1&#038;feature=oembed\" frameborder=\"0\" allow=\"accelerometer; autoplay; clipboard-write; encrypted-media; gyroscope; picture-in-picture; web-share\" referrerpolicy=\"strict-origin-when-cross-origin\" allowfullscreen><\/iframe><\/div>\n<\/div><\/figure>\n\n\n\n<h2 class=\"wp-block-heading\">Quando o clima ajuda cada tipo de programa na ilha?<\/h2>\n\n\n\n<p>O sol aparece o ano inteiro, mas chuvas e mar\u00e9s mudam a experi\u00eancia. A tabela abaixo organiza as condi\u00e7\u00f5es por esta\u00e7\u00e3o na regi\u00e3o de Cairu:<\/p>\n\n\n\n<style>\n    .clima-grid-uai92 { \n        --cor-primaria: #0278c0; --cor-secundaria: #ffd31a; --cor-txt-secundaria: #0278c0;\n        display: grid; grid-template-columns: repeat(auto-fit, minmax(190px, 1fr)); gap: 15px; justify-content: center; padding: 10px;\n    }\n    .clima-card-uai92 { border: 5px solid var(--cor-primaria); border-top: 5px solid var(--cor-secundaria); border-radius: 12px; background-color: var(--cor-primaria); background-clip: padding-box; display: flex; flex-direction: column; overflow: hidden; cursor: pointer; box-shadow: 0 6px 12px rgba(0,0,0, 0.2); transition: transform 0.2s ease, box-shadow 0.2s ease; -webkit-tap-highlight-color: transparent; user-select: none; transform: translateZ(0); animation: wmFadeIn 0.6s cubic-bezier(0.2, 0.8, 0.2, 1) backwards; }\n    .clima-card-uai92:focus-visible { outline: 3px dashed var(--cor-secundaria); outline-offset: 4px; }\n    .clima-card-uai92:nth-child(1) { animation-delay: 0.1s; } .clima-card-uai92:nth-child(2) { animation-delay: 0.2s; } .clima-card-uai92:nth-child(3) { animation-delay: 0.3s; } .clima-card-uai92:nth-child(4) { animation-delay: 0.4s; }\n    @keyframes wmFadeIn { from { opacity: 0; transform: translateY(30px); } to { opacity: 1; transform: translateY(0); } }\n    .clima-card-uai92:hover { transform: translateY(-5px); box-shadow: 0 15px 30px rgba(0,0,0, 0.3); }\n    .clima-card-uai92:active { transform: translateY(-1px) scale(0.97); box-shadow: 0 3px 6px rgba(0,0,0, 0.2); transition: transform 0.05s ease, box-shadow 0.05s ease; }\n    .clima-header-uai92 { background: #fdfbf5; padding: 15px 10px; text-align: center; display: flex; flex-direction: column; align-items: center; justify-content: center; }\n    .clima-body-uai92 { background: #ffffff; padding: 15px; display: flex; flex-direction: column; flex-grow: 1; align-items: center; }\n    .clima-destaque-uai92 { box-shadow: 0 8px 16px rgba(0,0,0, 0.25); }\n    .clima-destaque-uai92:hover { box-shadow: 0 18px 36px rgba(0,0,0, 0.35); }\n    .clima-destaque-uai92 .clima-header-uai92 { background: var(--cor-secundaria); }\n    .clima-destaque-uai92 .clima-header-uai92 .clima-titulo-uai92 { color: var(--cor-txt-secundaria) !important; } \n    .clima-pill-uai92 { display: flex; white-space: normal; max-width: 100%; box-sizing: border-box; justify-content: center; align-items: center; text-align: center; background: #e6f2fa; color: var(--cor-primaria); font-size: 11px; font-weight: 900 !important; letter-spacing: 0.5px; padding: 8px 16px; border-radius: 16px; text-transform: uppercase; line-height: 1.4; box-shadow: 0 4px 8px rgba(0,0,0, 0.15); margin-top: auto; transition: transform 0.2s ease; }\n    .clima-destaque-uai92 .clima-pill-uai92 { background: var(--cor-primaria); color: #ffffff; border: 1px solid #ffffff; } \n    .clima-card-uai92:hover .clima-pill-uai92 { transform: scale(1.06); }\n    .clima-pill-uai92 span { font-weight: 900 !important; color: inherit; } \n    .clima-emoji-uai92 { font-size: 24px; line-height: 1; margin-bottom: 5px; }\n    .clima-titulo-uai92 { color: var(--cor-primaria); font-size: 16px; text-transform: uppercase; margin-top: 5px; font-weight: bold; }\n    .clima-mes-uai92 { font-size: 11px; font-weight: 800; color: var(--cor-primaria); text-transform: uppercase; margin-bottom: 5px; display: block; }\n    .clima-temp-uai92 { font-size: 26px; font-weight: 900; color: var(--cor-primaria); margin-bottom: 10px; }\n    .clima-desc-uai92 { font-size: 13px; color: #444; text-align: center; line-height: 1.5; margin-bottom: 15px; flex-grow: 1;}\n    .clima-desc-uai92 strong { color: #111; }\n    @media (prefers-color-scheme: dark) {\n        .clima-card-uai92 { border-color: #014f7d; background-color: #014f7d; box-shadow: 0 6px 12px rgba(0,0,0, 0.5); }\n        .clima-header-uai92 { background: #1a1a1a; } .clima-body-uai92 { background: #121212; }\n        .clima-destaque-uai92 .clima-header-uai92 { background: var(--cor-secundaria); }\n        .clima-destaque-uai92 .clima-header-uai92 .clima-titulo-uai92 { color: var(--cor-txt-secundaria) !important; }\n        .clima-titulo-uai92 { color: #63b2e8; } .clima-mes-uai92 { color: #63b2e8; } .clima-temp-uai92 { color: #63b2e8; } .clima-desc-uai92 { color: #cccccc; } .clima-desc-uai92 strong { color: #ffffff; }\n        .clima-pill-uai92 { background: #014f7d; color: #ffffff; box-shadow: 0 4px 8px rgba(0, 0, 0, 0.5); }\n        .clima-destaque-uai92 .clima-pill-uai92 { background: #013859; color: #ffffff; border-color: #63b2e8; }\n    }\n<\/style>\n<div class=\"google-auto-ads-ignore clima-grid-uai92\" style=\"box-sizing: border-box; width: 100%; max-width: 980px; margin: 30px auto; font-family: 'Segoe UI', Roboto, Helvetica, Arial, sans-serif;\">\n    <div class=\"clima-card-uai92\" tabindex=\"0\">\n        <div class=\"clima-header-uai92\"><div class=\"clima-emoji-uai92\" aria-hidden=\"true\">\ud83c\udf89<\/div><div class=\"clima-titulo-uai92\">Ver\u00e3o<\/div><\/div>\n        <div class=\"clima-body-uai92\">\n            <time class=\"clima-mes-uai92\">Dezembro a fevereiro<\/time><div class=\"clima-temp-uai92\">24\u00b0C a 31\u00b0C<\/div>\n            <div class=\"clima-desc-uai92\">O agito toma conta da ilha, lotando Boipeba e Morro de S\u00e3o Paulo. Apesar da chuva na m\u00e9dia, o foco fica na <strong>vida noturna, no Carnaval e na famosa tirolesa<\/strong>.<\/div>\n            <div class=\"clima-pill-uai92\"><span>\u2614 Chuva Alta<\/span><\/div>\n        <\/div>\n    <\/div>\n    <div class=\"clima-card-uai92\" tabindex=\"0\">\n        <div class=\"clima-header-uai92\"><div class=\"clima-emoji-uai92\" aria-hidden=\"true\">\ud83c\udf64<\/div><div class=\"clima-titulo-uai92\">Outono<\/div><\/div>\n        <div class=\"clima-body-uai92\">\n            <time class=\"clima-mes-uai92\">Mar\u00e7o a maio<\/time><div class=\"clima-temp-uai92\">23\u00b0C a 30\u00b0C<\/div>\n            <div class=\"clima-desc-uai92\">A chuva atinge seus n\u00edveis mais altos, recomendando roteiros um pouco mais abrigados. Per\u00edodo excelente para a <strong>hist\u00f3rica Fortaleza e a gastronomia local<\/strong>.<\/div>\n            <div class=\"clima-pill-uai92\"><span>\u2614 Chuva Alta<\/span><\/div>\n        <\/div>\n    <\/div>\n    <div class=\"clima-card-uai92\" tabindex=\"0\">\n        <div class=\"clima-header-uai92\"><div class=\"clima-emoji-uai92\" aria-hidden=\"true\">\ud83e\udd3f<\/div><div class=\"clima-titulo-uai92\">Inverno<\/div><\/div>\n        <div class=\"clima-body-uai92\">\n            <time class=\"clima-mes-uai92\">Junho a agosto<\/time><div class=\"clima-temp-uai92\">22\u00b0C a 28\u00b0C<\/div>\n            <div class=\"clima-desc-uai92\">O forte calor da Bahia d\u00e1 uma leve tr\u00e9gua. Com o sol menos castigador, as caminhadas ficam mais confort\u00e1veis para fazer <strong>trilhas e mergulho<\/strong>.<\/div>\n            <div class=\"clima-pill-uai92\"><span>\u2601\ufe0f Chuva M\u00e9dia<\/span><\/div>\n        <\/div>\n    <\/div>\n    <div class=\"clima-card-uai92 clima-destaque-uai92\" tabindex=\"0\">\n        <div class=\"clima-header-uai92\"><div class=\"clima-emoji-uai92\" aria-hidden=\"true\">\u26f5<\/div><div class=\"clima-titulo-uai92\">Primavera<\/div><\/div>\n        <div class=\"clima-body-uai92\">\n            <time class=\"clima-mes-uai92\">Setembro a novembro<\/time><div class=\"clima-temp-uai92\">23\u00b0C a 30\u00b0C<\/div>\n            <div class=\"clima-desc-uai92\">A melhor \u00e9poca! Os menores \u00edndices de chuva trazem o sol firme e o mar calmo, condi\u00e7\u00f5es ideais para as <strong>piscinas naturais e o passeio de Volta \u00e0 Ilha<\/strong>.<\/div>\n            <div class=\"clima-pill-uai92\"><span>\u2b50 Melhor \u00c9poca \/ Sol Firme<\/span><\/div>\n        <\/div>\n    <\/div>\n<\/div>\n\n\n\n<p><em>Temperaturas aproximadas com base no <a href=\"https:\/\/www.climatempo.com.br\/previsao-do-tempo\/cidade\/5347\/cairu-ba\" target=\"_blank\" rel=\"noreferrer noopener\"><strong>Climatempo<\/strong><\/a>. Condi\u00e7\u00f5es podem variar.<\/em><\/p>\n\n\n\n<p>A janela entre setembro e dezembro concentra os menores \u00edndices de chuva, sol firme e mar calmo para o passeio de Volta \u00e0 Ilha. O Carnaval atinge ocupa\u00e7\u00e3o pr\u00f3xima de 100%, segundo a <a href=\"https:\/\/www.cairu.ba.gov.br\/site\/Noticias\/noticia-110320250848391575-Com-quase-100-de-ocupa-o-Cairu-se-consolida-como-ref-gio-para-quem-foge-d\" target=\"_blank\" rel=\"noreferrer noopener\"><strong>Prefeitura de Cairu<\/strong><\/a>, com 99% de leitos ocupados em Morro e 100% em Boipeba.<\/p>\n\n\n\n<h2 class=\"wp-block-heading\">Como chegar a uma ilha onde n\u00e3o existe estrada<\/h2>\n\n\n\n<p>N\u00e3o h\u00e1 ponte nem balsa para autom\u00f3veis. O acesso \u00e9 feito de catamar\u00e3 pelo Terminal N\u00e1utico, em Salvador, com travessia de cerca de 2 horas em mar aberto, ou por avi\u00e3o de pequeno porte com pouso na pista da Quarta Praia em aproximadamente 25 minutos.<\/p>\n\n\n\n<p>Outra op\u00e7\u00e3o \u00e9 o transfer semiterrestre: ferry-boat at\u00e9 Itaparica, van at\u00e9 Valen\u00e7a e lancha r\u00e1pida at\u00e9 a vila, num total de 4 a 5 horas. Dentro da ilha, tudo se resolve a p\u00e9, em barco-t\u00e1xi, trator adaptado ou no carrinho de m\u00e3o dos carregadores credenciados.<\/p>\n\n\n\n<h2 class=\"wp-block-heading\">O para\u00edso que o Brasil precisa visitar<\/h2>\n\n\n\n<p>A combina\u00e7\u00e3o de fortaleza centen\u00e1ria, praia premiada pelo TripAdvisor e ruas onde s\u00f3 passa carrinho de m\u00e3o \u00e9 dif\u00edcil de encontrar em outro ponto do litoral brasileiro. Morro segue sendo um dos raros destinos onde a hist\u00f3ria colonial divide cena com \u00e1guas mornas e cristalinas.<\/p>\n\n\n\n<p>Voc\u00ea precisa atravessar a ba\u00eda e conhecer Morro de S\u00e3o Paulo, a vila baiana onde o tempo desacelera no instante em que o catamar\u00e3 atraca no cais.<\/p>\n","protected":false},"excerpt":{"rendered":"<p>A 60 km de Salvador pelo mar, Morro de S\u00e3o Paulo recebe quem desembarca sob um portal de pedra do s\u00e9culo XVII. As ruas s\u00e3o de areia, a bagagem viaja em carrinho de m\u00e3o e a Quarta Praia foi eleita a 4\u00aa melhor do planeta no TripAdvisor. Uma vila fundada em 1535 que o tempo [&hellip;]<\/p>\n","protected":false},"author":14,"featured_media":127590,"comment_status":"open","ping_status":"open","sticky":false,"template":"","format":"standard","meta":{"jnews-multi-image_gallery":[],"jnews_single_post":{"format":"standard"},"jnews_primary_category":[],"jnews_social_meta":[],"jnews_override_counter":[],"footnotes":""},"categories":[210],"tags":[1233,234,18460],"class_list":["post-127436","post","type-post","status-publish","format-standard","has-post-thumbnail","hentry","category-cidades","tag-bahia","tag-cidades","tag-morro-de-sao-paulo"],"yoast_head":"<!-- This site is optimized with the Yoast SEO plugin v26.5 - https:\/\/yoast.com\/wordpress\/plugins\/seo\/ -->\n<title>Eleita a 4\u00aa melhor praia do mundo: a vila baiana com 678 metros de muralhas que pro\u00edbe carros e a bagagem chega em carrinho de m\u00e3o - UAI Not\u00edcias<\/title>\n<meta name=\"description\" content=\"Sem carros e com muralhas hist\u00f3ricas, esta vila baiana \u00e9 a 4\u00aa melhor praia do mundo. Saiba como a bagagem chega l\u00e1. Confira.\" \/>\n<meta name=\"robots\" content=\"index, follow, max-snippet:-1, max-image-preview:large, max-video-preview:-1\" \/>\n<link rel=\"canonical\" href=\"https:\/\/www.uai.com.br\/uainoticias\/2026\/04\/26\/eleita-a-4a-melhor-praia-do-mundo-a-vila-baiana-com-678-metros-de-muralhas-que-proibe-carros-e-a-bagagem-chega-em-carrinho-de-mao\/\" \/>\n<meta property=\"og:locale\" content=\"pt_BR\" \/>\n<meta property=\"og:type\" content=\"article\" \/>\n<meta property=\"og:title\" content=\"Eleita a 4\u00aa melhor praia do mundo: a vila baiana com 678 metros de muralhas que pro\u00edbe carros e a bagagem chega em carrinho de m\u00e3o - UAI Not\u00edcias\" \/>\n<meta property=\"og:description\" content=\"Sem carros e com muralhas hist\u00f3ricas, esta vila baiana \u00e9 a 4\u00aa melhor praia do mundo. Saiba como a bagagem chega l\u00e1. Confira.\" \/>\n<meta property=\"og:url\" content=\"https:\/\/www.uai.com.br\/uainoticias\/2026\/04\/26\/eleita-a-4a-melhor-praia-do-mundo-a-vila-baiana-com-678-metros-de-muralhas-que-proibe-carros-e-a-bagagem-chega-em-carrinho-de-mao\/\" \/>\n<meta property=\"og:site_name\" content=\"UAI Not\u00edcias\" \/>\n<meta property=\"article:published_time\" content=\"2026-04-26T19:25:00+00:00\" \/>\n<meta property=\"og:image\" content=\"https:\/\/www.uai.com.br\/uainoticias\/wp-content\/uploads\/2026\/04\/Woman_standing_in_202604260751.jpg\" \/>\n\t<meta property=\"og:image:width\" content=\"1280\" \/>\n\t<meta property=\"og:image:height\" content=\"720\" \/>\n\t<meta property=\"og:image:type\" content=\"image\/jpeg\" \/>\n<meta name=\"author\" content=\"Vitor Bruno\" \/>\n<meta name=\"twitter:card\" content=\"summary_large_image\" \/>\n<meta name=\"twitter:label1\" content=\"Escrito por\" \/>\n\t<meta name=\"twitter:data1\" content=\"Vitor Bruno\" \/>\n\t<meta name=\"twitter:label2\" content=\"Est. tempo de leitura\" \/>\n\t<meta name=\"twitter:data2\" content=\"7 minutos\" \/>\n<!-- \/ Yoast SEO plugin. -->","yoast_head_json":{"title":"Eleita a 4\u00aa melhor praia do mundo: a vila baiana com 678 metros de muralhas que pro\u00edbe carros e a bagagem chega em carrinho de m\u00e3o - UAI Not\u00edcias","description":"Sem carros e com muralhas hist\u00f3ricas, esta vila baiana \u00e9 a 4\u00aa melhor praia do mundo. Saiba como a bagagem chega l\u00e1. Confira.","robots":{"index":"index","follow":"follow","max-snippet":"max-snippet:-1","max-image-preview":"max-image-preview:large","max-video-preview":"max-video-preview:-1"},"canonical":"https:\/\/www.uai.com.br\/uainoticias\/2026\/04\/26\/eleita-a-4a-melhor-praia-do-mundo-a-vila-baiana-com-678-metros-de-muralhas-que-proibe-carros-e-a-bagagem-chega-em-carrinho-de-mao\/","og_locale":"pt_BR","og_type":"article","og_title":"Eleita a 4\u00aa melhor praia do mundo: a vila baiana com 678 metros de muralhas que pro\u00edbe carros e a bagagem chega em carrinho de m\u00e3o - UAI Not\u00edcias","og_description":"Sem carros e com muralhas hist\u00f3ricas, esta vila baiana \u00e9 a 4\u00aa melhor praia do mundo. Saiba como a bagagem chega l\u00e1. Confira.","og_url":"https:\/\/www.uai.com.br\/uainoticias\/2026\/04\/26\/eleita-a-4a-melhor-praia-do-mundo-a-vila-baiana-com-678-metros-de-muralhas-que-proibe-carros-e-a-bagagem-chega-em-carrinho-de-mao\/","og_site_name":"UAI Not\u00edcias","article_published_time":"2026-04-26T19:25:00+00:00","og_image":[{"width":1280,"height":720,"url":"https:\/\/www.uai.com.br\/uainoticias\/wp-content\/uploads\/2026\/04\/Woman_standing_in_202604260751.jpg","type":"image\/jpeg"}],"author":"Vitor Bruno","twitter_card":"summary_large_image","twitter_misc":{"Escrito por":"Vitor Bruno","Est. tempo de leitura":"7 minutos"},"schema":{"@context":"https:\/\/schema.org","@graph":[{"@type":"WebPage","@id":"https:\/\/www.uai.com.br\/uainoticias\/2026\/04\/26\/eleita-a-4a-melhor-praia-do-mundo-a-vila-baiana-com-678-metros-de-muralhas-que-proibe-carros-e-a-bagagem-chega-em-carrinho-de-mao\/","url":"https:\/\/www.uai.com.br\/uainoticias\/2026\/04\/26\/eleita-a-4a-melhor-praia-do-mundo-a-vila-baiana-com-678-metros-de-muralhas-que-proibe-carros-e-a-bagagem-chega-em-carrinho-de-mao\/","name":"Eleita a 4\u00aa melhor praia do mundo: a vila baiana com 678 metros de muralhas que pro\u00edbe carros e a bagagem chega em carrinho de m\u00e3o - UAI Not\u00edcias","isPartOf":{"@id":"https:\/\/www.uai.com.br\/uainoticias\/#website"},"primaryImageOfPage":{"@id":"https:\/\/www.uai.com.br\/uainoticias\/2026\/04\/26\/eleita-a-4a-melhor-praia-do-mundo-a-vila-baiana-com-678-metros-de-muralhas-que-proibe-carros-e-a-bagagem-chega-em-carrinho-de-mao\/#primaryimage"},"image":{"@id":"https:\/\/www.uai.com.br\/uainoticias\/2026\/04\/26\/eleita-a-4a-melhor-praia-do-mundo-a-vila-baiana-com-678-metros-de-muralhas-que-proibe-carros-e-a-bagagem-chega-em-carrinho-de-mao\/#primaryimage"},"thumbnailUrl":"https:\/\/www.uai.com.br\/uainoticias\/wp-content\/uploads\/2026\/04\/Woman_standing_in_202604260751.jpg","datePublished":"2026-04-26T19:25:00+00:00","author":{"@id":"https:\/\/www.uai.com.br\/uainoticias\/#\/schema\/person\/03130d752d0ce4e3bb0f607f1bc85084"},"description":"Sem carros e com muralhas hist\u00f3ricas, esta vila baiana \u00e9 a 4\u00aa melhor praia do mundo. Saiba como a bagagem chega l\u00e1. Confira.","breadcrumb":{"@id":"https:\/\/www.uai.com.br\/uainoticias\/2026\/04\/26\/eleita-a-4a-melhor-praia-do-mundo-a-vila-baiana-com-678-metros-de-muralhas-que-proibe-carros-e-a-bagagem-chega-em-carrinho-de-mao\/#breadcrumb"},"inLanguage":"pt-BR","potentialAction":[{"@type":"ReadAction","target":["https:\/\/www.uai.com.br\/uainoticias\/2026\/04\/26\/eleita-a-4a-melhor-praia-do-mundo-a-vila-baiana-com-678-metros-de-muralhas-que-proibe-carros-e-a-bagagem-chega-em-carrinho-de-mao\/"]}]},{"@type":"ImageObject","inLanguage":"pt-BR","@id":"https:\/\/www.uai.com.br\/uainoticias\/2026\/04\/26\/eleita-a-4a-melhor-praia-do-mundo-a-vila-baiana-com-678-metros-de-muralhas-que-proibe-carros-e-a-bagagem-chega-em-carrinho-de-mao\/#primaryimage","url":"https:\/\/www.uai.com.br\/uainoticias\/wp-content\/uploads\/2026\/04\/Woman_standing_in_202604260751.jpg","contentUrl":"https:\/\/www.uai.com.br\/uainoticias\/wp-content\/uploads\/2026\/04\/Woman_standing_in_202604260751.jpg","width":1280,"height":720,"caption":"Eleita a 4\u00aa melhor praia do mundo: a vila baiana com 678 metros de muralhas que pro\u00edbe carros e a bagagem chega em carrinho de m\u00e3o \/\/ IMAGEM ILUSTRATIVA"},{"@type":"BreadcrumbList","@id":"https:\/\/www.uai.com.br\/uainoticias\/2026\/04\/26\/eleita-a-4a-melhor-praia-do-mundo-a-vila-baiana-com-678-metros-de-muralhas-que-proibe-carros-e-a-bagagem-chega-em-carrinho-de-mao\/#breadcrumb","itemListElement":[{"@type":"ListItem","position":1,"name":"In\u00edcio","item":"https:\/\/www.uai.com.br\/uainoticias\/"},{"@type":"ListItem","position":2,"name":"Eleita a 4\u00aa melhor praia do mundo: a vila baiana com 678 metros de muralhas que pro\u00edbe carros e a bagagem chega em carrinho de m\u00e3o"}]},{"@type":"WebSite","@id":"https:\/\/www.uai.com.br\/uainoticias\/#website","url":"https:\/\/www.uai.com.br\/uainoticias\/","name":"UAI Not\u00edcias","description":"Acompanhe as \u00faltimas not\u00edcias e fique bem informado sobre tudo o que acontece no Brasil e no mundo.","potentialAction":[{"@type":"SearchAction","target":{"@type":"EntryPoint","urlTemplate":"https:\/\/www.uai.com.br\/uainoticias\/?s={search_term_string}"},"query-input":{"@type":"PropertyValueSpecification","valueRequired":true,"valueName":"search_term_string"}}],"inLanguage":"pt-BR"},{"@type":"Person","@id":"https:\/\/www.uai.com.br\/uainoticias\/#\/schema\/person\/03130d752d0ce4e3bb0f607f1bc85084","name":"Vitor Bruno","image":{"@type":"ImageObject","inLanguage":"pt-BR","@id":"https:\/\/www.uai.com.br\/uainoticias\/#\/schema\/person\/image\/","url":"https:\/\/secure.gravatar.com\/avatar\/ab0513148053bbb80c117cdd35f8a0f2742d41eebbac321acf8df2e633d81609?s=96&d=mm&r=g","contentUrl":"https:\/\/secure.gravatar.com\/avatar\/ab0513148053bbb80c117cdd35f8a0f2742d41eebbac321acf8df2e633d81609?s=96&d=mm&r=g","caption":"Vitor Bruno"},"sameAs":["https:\/\/www.uai.com.br\/uainoticias\/"],"url":"https:\/\/www.uai.com.br\/uainoticias\/author\/vitor\/"}]}},"_links":{"self":[{"href":"https:\/\/www.uai.com.br\/uainoticias\/wp-json\/wp\/v2\/posts\/127436","targetHints":{"allow":["GET"]}}],"collection":[{"href":"https:\/\/www.uai.com.br\/uainoticias\/wp-json\/wp\/v2\/posts"}],"about":[{"href":"https:\/\/www.uai.com.br\/uainoticias\/wp-json\/wp\/v2\/types\/post"}],"author":[{"embeddable":true,"href":"https:\/\/www.uai.com.br\/uainoticias\/wp-json\/wp\/v2\/users\/14"}],"replies":[{"embeddable":true,"href":"https:\/\/www.uai.com.br\/uainoticias\/wp-json\/wp\/v2\/comments?post=127436"}],"version-history":[{"count":10,"href":"https:\/\/www.uai.com.br\/uainoticias\/wp-json\/wp\/v2\/posts\/127436\/revisions"}],"predecessor-version":[{"id":127591,"href":"https:\/\/www.uai.com.br\/uainoticias\/wp-json\/wp\/v2\/posts\/127436\/revisions\/127591"}],"wp:featuredmedia":[{"embeddable":true,"href":"https:\/\/www.uai.com.br\/uainoticias\/wp-json\/wp\/v2\/media\/127590"}],"wp:attachment":[{"href":"https:\/\/www.uai.com.br\/uainoticias\/wp-json\/wp\/v2\/media?parent=127436"}],"wp:term":[{"taxonomy":"category","embeddable":true,"href":"https:\/\/www.uai.com.br\/uainoticias\/wp-json\/wp\/v2\/categories?post=127436"},{"taxonomy":"post_tag","embeddable":true,"href":"https:\/\/www.uai.com.br\/uainoticias\/wp-json\/wp\/v2\/tags?post=127436"}],"curies":[{"name":"wp","href":"https:\/\/api.w.org\/{rel}","templated":true}]}}