{"id":127435,"date":"2026-04-26T10:00:00","date_gmt":"2026-04-26T13:00:00","guid":{"rendered":"https:\/\/www.uai.com.br\/uainoticias\/?p=127435"},"modified":"2026-04-26T07:52:05","modified_gmt":"2026-04-26T10:52:05","slug":"eleita-pelo-the-guardian-a-praia-de-agua-doce-mais-bonita-do-mundo-a-vila-de-6-mil-moradores-que-vira-caribe-na-seca-e-some-na-cheia","status":"publish","type":"post","link":"https:\/\/www.uai.com.br\/uainoticias\/2026\/04\/26\/eleita-pelo-the-guardian-a-praia-de-agua-doce-mais-bonita-do-mundo-a-vila-de-6-mil-moradores-que-vira-caribe-na-seca-e-some-na-cheia\/","title":{"rendered":"Eleita pelo The Guardian a praia de \u00e1gua doce mais bonita do mundo: a vila de 6 mil moradores que vira Caribe na seca e some na cheia"},"content":{"rendered":"\n<p>Areia branca, \u00e1gua em tom azul-turquesa e nenhuma onda. <strong>Alter do Ch\u00e3o<\/strong>, distrito de <strong>Santar\u00e9m<\/strong> no oeste do <strong>Par\u00e1<\/strong>, foi eleita pelo jornal brit\u00e2nico <strong>The Guardian<\/strong> como a praia de \u00e1gua doce mais bonita do mundo. A vila de cerca de 6 mil habitantes fica a 37 km do centro de Santar\u00e9m, na margem direita do Rio Tapaj\u00f3s, e ganhou o apelido de Caribe Amaz\u00f4nico.<\/p>\n\n\n\n<h2 class=\"wp-block-heading\">Como uma praia de rio virou refer\u00eancia mundial<\/h2>\n\n\n\n<p>A hist\u00f3ria come\u00e7ou em 2009, quando o jornal brit\u00e2nico citou a vila paraense entre os destinos mais bonitos do <strong>Brasil<\/strong>. O reconhecimento internacional est\u00e1 registrado no portal oficial <a href=\"https:\/\/visitbrasil.com\/en\/location\/alter-do-chao\/\" target=\"_blank\" rel=\"noreferrer noopener\"><strong>Visit Brasil<\/strong><\/a>, da <strong>Embratur<\/strong>.<\/p>\n\n\n\n<p>O segredo est\u00e1 na cor das \u00e1guas. Diferente do <strong>Rio Amazonas<\/strong>, barrento e cheio de sedimentos, o <strong>Rio Tapaj\u00f3s<\/strong> \u00e9 um dos poucos grandes rios da Amaz\u00f4nia com \u00e1guas claras, transparentes e mornas o ano inteiro. Quando o n\u00edvel baixa, entre agosto e janeiro, surgem extensos bancos de areia branca em frente \u00e0 vila. \u00c9 o cen\u00e1rio improv\u00e1vel que rende o apelido.<\/p>\n\n\n<div class=\"wp-block-image\">\n<figure class=\"aligncenter size-large\"><img decoding=\"async\" width=\"1024\" height=\"576\" src=\"https:\/\/www.uai.com.br\/uainoticias\/wp-content\/uploads\/2026\/04\/ngz-Alter-do-Chao3-30786-1024x576.jpg\" alt=\"\" class=\"wp-image-122521\" srcset=\"https:\/\/www.uai.com.br\/uainoticias\/wp-content\/uploads\/2026\/04\/ngz-Alter-do-Chao3-30786-1024x576.jpg 1024w, https:\/\/www.uai.com.br\/uainoticias\/wp-content\/uploads\/2026\/04\/ngz-Alter-do-Chao3-30786-300x169.jpg 300w, https:\/\/www.uai.com.br\/uainoticias\/wp-content\/uploads\/2026\/04\/ngz-Alter-do-Chao3-30786-768x432.jpg 768w, https:\/\/www.uai.com.br\/uainoticias\/wp-content\/uploads\/2026\/04\/ngz-Alter-do-Chao3-30786-750x422.jpg 750w, https:\/\/www.uai.com.br\/uainoticias\/wp-content\/uploads\/2026\/04\/ngz-Alter-do-Chao3-30786-1140x641.jpg 1140w, https:\/\/www.uai.com.br\/uainoticias\/wp-content\/uploads\/2026\/04\/ngz-Alter-do-Chao3-30786.jpg 1280w\" sizes=\"(max-width: 1024px) 100vw, 1024px\" \/><figcaption class=\"wp-element-caption\">Alter do Ch\u00e3o une as areias brancas do Rio Tapaj\u00f3s ao prest\u00edgio de ter recebido o t\u00edtulo internacional de destaque do jornal brit\u00e2nico The Guardian \/\/ Cr\u00e9ditos: Wikipedia \/ Wikimedia Commons<\/figcaption><\/figure><\/div>\n\n\n<h2 class=\"wp-block-heading\">Quais reconhecimentos a vila acumula no Brasil e no mundo?<\/h2>\n\n\n\n<p>Alter do Ch\u00e3o n\u00e3o para de colecionar pr\u00eamios. Os principais selos v\u00eam de fontes oficiais e plataformas internacionais: a vila figura entre os destinos mais celebrados do pa\u00eds no turismo de natureza.<\/p>\n\n\n\n<ul class=\"wp-block-list\">\n<li><strong>The Guardian (2009)<\/strong>: praia de \u00e1gua doce mais bonita do mundo, segundo registro do <strong>Visit Brasil<\/strong>.<\/li>\n\n\n\n<li><strong>Booking Traveller Review Awards 2026<\/strong>: 2\u00ba destino mais acolhedor do Brasil na 14\u00aa edi\u00e7\u00e3o da premia\u00e7\u00e3o, conforme divulgado pelo <a href=\"https:\/\/www.panrotas.com.br\/destinos\/pesquisas-e-estatisticas\/2026\/04\/booking-revela-os-destinos-mais-acolhedores-nos-estados-brasileiros-em-2026_227281.html\" target=\"_blank\" rel=\"noreferrer noopener\"><strong>Panrotas<\/strong><\/a>.<\/li>\n\n\n\n<li><strong>Selo Silver Green Destinations<\/strong>: certifica\u00e7\u00e3o internacional de turismo sustent\u00e1vel recebida em outubro de 2025, segundo a <a href=\"https:\/\/santarem.pa.gov.br\/\" target=\"_blank\" rel=\"noreferrer noopener\"><strong>Prefeitura de Santar\u00e9m<\/strong><\/a>.<\/li>\n\n\n\n<li><strong>Patrim\u00f4nio Cultural do Par\u00e1<\/strong>: Lei Estadual 9.543, sancionada em 2022, declarou a vila patrim\u00f4nio material e imaterial do estado.<\/li>\n\n\n\n<li><strong>Mapa do Turismo Nacional<\/strong>: integra a categoria A e \u00e9 considerado destino indutor do turismo paraense.<\/li>\n<\/ul>\n\n\n<div class=\"wp-block-image\">\n<figure class=\"aligncenter size-large\"><img decoding=\"async\" width=\"1024\" height=\"576\" src=\"https:\/\/www.uai.com.br\/uainoticias\/wp-content\/uploads\/2026\/02\/alter-do-chao-1024x576.jpg\" alt=\"\" class=\"wp-image-108631\" srcset=\"https:\/\/www.uai.com.br\/uainoticias\/wp-content\/uploads\/2026\/02\/alter-do-chao-1024x576.jpg 1024w, https:\/\/www.uai.com.br\/uainoticias\/wp-content\/uploads\/2026\/02\/alter-do-chao-300x169.jpg 300w, https:\/\/www.uai.com.br\/uainoticias\/wp-content\/uploads\/2026\/02\/alter-do-chao-768x432.jpg 768w, https:\/\/www.uai.com.br\/uainoticias\/wp-content\/uploads\/2026\/02\/alter-do-chao-750x422.jpg 750w, https:\/\/www.uai.com.br\/uainoticias\/wp-content\/uploads\/2026\/02\/alter-do-chao-1140x641.jpg 1140w, https:\/\/www.uai.com.br\/uainoticias\/wp-content\/uploads\/2026\/02\/alter-do-chao.jpg 1280w\" sizes=\"(max-width: 1024px) 100vw, 1024px\" \/><figcaption class=\"wp-element-caption\">Jantar com peixe frito e tucupi na beira do rio ao p\u00f4r do sol de Alter do Ch\u00e3o. (imagem ilustrativa)<\/figcaption><\/figure><\/div>\n\n\n<h2 class=\"wp-block-heading\">Quando dois rios se cruzam sem se misturar<\/h2>\n\n\n\n<p>Pouco antes de Santar\u00e9m, o Tapaj\u00f3s encontra o <strong>Amazonas<\/strong> e cria um dos espet\u00e1culos visuais mais impressionantes do <strong>Brasil<\/strong>. As duas correntes correm lado a lado por mais de 6 km sem se misturarem, formando uma linha n\u00edtida entre o azul-esverdeado do Tapaj\u00f3s e o marrom-barrento do Amazonas.<\/p>\n\n\n\n<p>O fen\u00f4meno acontece por causa da diferen\u00e7a de temperatura, velocidade e quantidade de sedimentos entre os rios. O passeio de barco at\u00e9 o ponto exato \u00e9 uma das sa\u00eddas mais procuradas a partir de Alter do Ch\u00e3o, e fica ainda mais n\u00edtido nos dias de sol forte.<\/p>\n\n\n\n<p><strong>Leia tamb\u00e9m: <a href=\"https:\/\/www.uai.com.br\/uainoticias\/2026\/04\/25\/essa-cidade-nordestina-esta-em-alta-447-mais-estrangeiros-escolheram-esse-paraiso-de-mar-morno-e-brisa-perfeita\/\" target=\"_blank\" rel=\"noreferrer noopener\">Essa cidade nordestina est\u00e1 em alta: 44,7% mais estrangeiros escolheram esse para\u00edso de mar morno e brisa perfeita<\/a><\/strong><\/p>\n\n\n\n<h2 class=\"wp-block-heading\">O que fazer na vila e onde comer bem<\/h2>\n\n\n\n<p>A rotina tur\u00edstica da vila depende do n\u00edvel do rio. Na seca, s\u00e3o praias e trilhas. Na cheia, passeios de canoa pela floresta alagada. As atra\u00e7\u00f5es abaixo cobrem os dois cen\u00e1rios:<\/p>\n\n\n\n<ul class=\"wp-block-list\">\n<li><strong>Ilha do Amor<\/strong>: cart\u00e3o-postal da vila, banco de areia branca em frente ao centro, acess\u00edvel por catraia em poucos minutos.<\/li>\n\n\n\n<li><strong>Lago Verde<\/strong>: lagoa atr\u00e1s da Ilha do Amor com \u00e1guas calmas e esverdeadas, \u00f3tima para canoagem tranquila.<\/li>\n\n\n\n<li><strong>Serra da Piroca<\/strong>: trilha curta com vista panor\u00e2mica de 360 graus do Tapaj\u00f3s e do <strong>Lago Verde<\/strong>, ideal no fim da tarde.<\/li>\n\n\n\n<li><strong>Floresta Nacional do Tapaj\u00f3s<\/strong>: unidade de conserva\u00e7\u00e3o federal de 527 mil hectares administrada pelo <a href=\"https:\/\/www.gov.br\/icmbio\/pt-br\/assuntos\/biodiversidade\/unidade-de-conservacao\/unidades-de-biomas\/amazonia\/lista-de-ucs\/flona-do-tapajos\" target=\"_blank\" rel=\"noreferrer noopener\"><strong>Instituto Chico Mendes de Conserva\u00e7\u00e3o da Biodiversidade (ICMBio)<\/strong><\/a>, com mais de 160 km de praias fluviais e trilhas guiadas por comunidades locais.<\/li>\n\n\n\n<li><strong>Floresta Encantada<\/strong>: igap\u00f3 naveg\u00e1vel na cheia, em que canoas deslizam entre copas de \u00e1rvores submersas.<\/li>\n\n\n\n<li><strong>Ponta do Cururu<\/strong>: ponto preferido para o p\u00f4r do sol sobre o Tapaj\u00f3s, com apari\u00e7\u00f5es frequentes dos botos cor-de-rosa.<\/li>\n<\/ul>\n\n\n\n<p>A gastronomia paraense merece aten\u00e7\u00e3o \u00e0 parte. Os sabores amaz\u00f4nicos aparecem em pratos servidos nos restaurantes da vila e nas barracas da pra\u00e7a central:<\/p>\n\n\n\n<ul class=\"wp-block-list\">\n<li><strong>Tacac\u00e1<\/strong>: caldo quente de tucupi com goma de mandioca, jambu e camar\u00e3o seco, servido em cuia.<\/li>\n\n\n\n<li><strong>Pato no tucupi<\/strong>: prato tradicional do <strong>Par\u00e1<\/strong> com pato cozido no caldo amarelo da mandioca brava e folhas de jambu.<\/li>\n\n\n\n<li><strong>Tambaqui na brasa<\/strong>: peixe amaz\u00f4nico assado inteiro, em geral acompanhado de farinha de mandioca e banana frita.<\/li>\n\n\n\n<li><strong>A\u00e7a\u00ed paraense<\/strong>: servido puro, sem a\u00e7\u00facar e sem granola, no estilo regional.<\/li>\n\n\n\n<li><strong>Vatap\u00e1 e mani\u00e7oba<\/strong>: cl\u00e1ssicos do Norte que aparecem nos card\u00e1pios mais tradicionais.<\/li>\n<\/ul>\n\n\n\n<p>Quem deseja conhecer o <strong>Par\u00e1<\/strong>, vai curtir esse v\u00eddeo especialmente selecionado do canal <strong>Rol\u00ea Fam\u00edlia<\/strong>, que conta com mais de <strong>66 mil<\/strong> visualiza\u00e7\u00f5es, onde o canal mostra um guia completo com pre\u00e7os e roteiros por <strong>Alter do Ch\u00e3o<\/strong>:<\/p>\n\n\n\n<figure class=\"wp-block-embed is-type-video is-provider-youtube wp-block-embed-youtube wp-embed-aspect-16-9 wp-has-aspect-ratio\"><div class=\"wp-block-embed__wrapper\">\n<div class=\"jeg_video_container jeg_video_content\"><iframe loading=\"lazy\" title=\"ALTER DO CH\u00c3O | GUIA COMPLETO com PRE\u00c7OS\" width=\"500\" height=\"281\" src=\"https:\/\/www.youtube.com\/embed\/aPC8O5x_2qs?start=75&#038;feature=oembed\" frameborder=\"0\" allow=\"accelerometer; autoplay; clipboard-write; encrypted-media; gyroscope; picture-in-picture; web-share\" referrerpolicy=\"strict-origin-when-cross-origin\" allowfullscreen><\/iframe><\/div>\n<\/div><\/figure>\n\n\n\n<h2 class=\"wp-block-heading\">O Sair\u00e9 re\u00fane tradi\u00e7\u00e3o borari e disputa de botos<\/h2>\n\n\n\n<p>Toda festa de setembro, a vila para para o <strong>Sair\u00e9<\/strong>, manifesta\u00e7\u00e3o cultural mais antiga da regi\u00e3o Norte. A celebra\u00e7\u00e3o mistura ritos cat\u00f3licos com tradi\u00e7\u00f5es ind\u00edgenas dos <strong>Borari<\/strong>, povo origin\u00e1rio da terra. A organiza\u00e7\u00e3o \u00e9 da <strong>Prefeitura de Santar\u00e9m<\/strong>, em parceria com <a href=\"https:\/\/santarem.pa.gov.br\/noticias\/saire-2025\/prefeitura-de-santarem-divulga-programacao-oficial-do-saire-2025-9jonlr\" target=\"_blank\" rel=\"noreferrer noopener\"><strong>Minist\u00e9rio do Turismo e Governo do Par\u00e1<\/strong><\/a>.<\/p>\n\n\n\n<p>O ponto alto \u00e9 a disputa entre o Boto Cor-de-Rosa e o Boto Tucuxi, com alegorias, cantadores e rainhas, em formato que lembra escolas de samba. Em 2025, a 14\u00aa edi\u00e7\u00e3o reuniu cinco dias de programa\u00e7\u00e3o, de 18 a 22 de setembro, com transmiss\u00e3o ao vivo, interpreta\u00e7\u00e3o em Libras e \u00e1rea exclusiva para pessoas com defici\u00eancia no Lago dos Botos.<\/p>\n\n\n\n<h2 class=\"wp-block-heading\">Qual a melhor \u00e9poca para visitar Alter do Ch\u00e3o?<\/h2>\n\n\n\n<p>A melhor \u00e9poca depende do que se quer ver: praia ou floresta alagada. O ciclo das \u00e1guas do Tapaj\u00f3s divide o ano em dois cen\u00e1rios completamente diferentes, como mostra a tabela:<\/p>\n\n\n\n<style>\n    .clima-grid-uai91 { \n        --cor-primaria: #0278c0; --cor-secundaria: #ffd31a; --cor-txt-secundaria: #0278c0;\n        display: grid; grid-template-columns: repeat(auto-fit, minmax(190px, 1fr)); gap: 15px; justify-content: center; padding: 10px;\n    }\n    .clima-card-uai91 { border: 5px solid var(--cor-primaria); border-top: 5px solid var(--cor-secundaria); border-radius: 12px; background-color: var(--cor-primaria); background-clip: padding-box; display: flex; flex-direction: column; overflow: hidden; cursor: pointer; box-shadow: 0 6px 12px rgba(0,0,0, 0.2); transition: transform 0.2s ease, box-shadow 0.2s ease; -webkit-tap-highlight-color: transparent; user-select: none; transform: translateZ(0); animation: wmFadeIn 0.6s cubic-bezier(0.2, 0.8, 0.2, 1) backwards; }\n    .clima-card-uai91:focus-visible { outline: 3px dashed var(--cor-secundaria); outline-offset: 4px; }\n    .clima-card-uai91:nth-child(1) { animation-delay: 0.1s; } .clima-card-uai91:nth-child(2) { animation-delay: 0.2s; } .clima-card-uai91:nth-child(3) { animation-delay: 0.3s; } .clima-card-uai91:nth-child(4) { animation-delay: 0.4s; }\n    @keyframes wmFadeIn { from { opacity: 0; transform: translateY(30px); } to { opacity: 1; transform: translateY(0); } }\n    .clima-card-uai91:hover { transform: translateY(-5px); box-shadow: 0 15px 30px rgba(0,0,0, 0.3); }\n    .clima-card-uai91:active { transform: translateY(-1px) scale(0.97); box-shadow: 0 3px 6px rgba(0,0,0, 0.2); transition: transform 0.05s ease, box-shadow 0.05s ease; }\n    .clima-header-uai91 { background: #fdfbf5; padding: 15px 10px; text-align: center; display: flex; flex-direction: column; align-items: center; justify-content: center; }\n    .clima-body-uai91 { background: #ffffff; padding: 15px; display: flex; flex-direction: column; flex-grow: 1; align-items: center; }\n    .clima-destaque-uai91 { box-shadow: 0 8px 16px rgba(0,0,0, 0.25); }\n    .clima-destaque-uai91:hover { box-shadow: 0 18px 36px rgba(0,0,0, 0.35); }\n    .clima-destaque-uai91 .clima-header-uai91 { background: var(--cor-secundaria); }\n    .clima-destaque-uai91 .clima-header-uai91 .clima-titulo-uai91 { color: var(--cor-txt-secundaria) !important; } \n    .clima-pill-uai91 { display: flex; white-space: normal; max-width: 100%; box-sizing: border-box; justify-content: center; align-items: center; text-align: center; background: #e6f2fa; color: var(--cor-primaria); font-size: 11px; font-weight: 900 !important; letter-spacing: 0.5px; padding: 8px 16px; border-radius: 16px; text-transform: uppercase; line-height: 1.4; box-shadow: 0 4px 8px rgba(0,0,0, 0.15); margin-top: auto; transition: transform 0.2s ease; }\n    .clima-destaque-uai91 .clima-pill-uai91 { background: var(--cor-primaria); color: #ffffff; border: 1px solid #ffffff; } \n    .clima-card-uai91:hover .clima-pill-uai91 { transform: scale(1.06); }\n    .clima-pill-uai91 span { font-weight: 900 !important; color: inherit; } \n    .clima-emoji-uai91 { font-size: 24px; line-height: 1; margin-bottom: 5px; }\n    .clima-titulo-uai91 { color: var(--cor-primaria); font-size: 16px; text-transform: uppercase; margin-top: 5px; font-weight: bold; }\n    .clima-mes-uai91 { font-size: 11px; font-weight: 800; color: var(--cor-primaria); text-transform: uppercase; margin-bottom: 5px; display: block; }\n    .clima-temp-uai91 { font-size: 26px; font-weight: 900; color: var(--cor-primaria); margin-bottom: 10px; }\n    .clima-desc-uai91 { font-size: 13px; color: #444; text-align: center; line-height: 1.5; margin-bottom: 15px; flex-grow: 1;}\n    .clima-desc-uai91 strong { color: #111; }\n    @media (prefers-color-scheme: dark) {\n        .clima-card-uai91 { border-color: #014f7d; background-color: #014f7d; box-shadow: 0 6px 12px rgba(0,0,0, 0.5); }\n        .clima-header-uai91 { background: #1a1a1a; } .clima-body-uai91 { background: #121212; }\n        .clima-destaque-uai91 .clima-header-uai91 { background: var(--cor-secundaria); }\n        .clima-destaque-uai91 .clima-header-uai91 .clima-titulo-uai91 { color: var(--cor-txt-secundaria) !important; }\n        .clima-titulo-uai91 { color: #63b2e8; } .clima-mes-uai91 { color: #63b2e8; } .clima-temp-uai91 { color: #63b2e8; } .clima-desc-uai91 { color: #cccccc; } .clima-desc-uai91 strong { color: #ffffff; }\n        .clima-pill-uai91 { background: #014f7d; color: #ffffff; box-shadow: 0 4px 8px rgba(0, 0, 0, 0.5); }\n        .clima-destaque-uai91 .clima-pill-uai91 { background: #013859; color: #ffffff; border-color: #63b2e8; }\n    }\n<\/style>\n<div class=\"google-auto-ads-ignore clima-grid-uai91\" style=\"box-sizing: border-box; width: 100%; max-width: 980px; margin: 30px auto; font-family: 'Segoe UI', Roboto, Helvetica, Arial, sans-serif;\">\n    <div class=\"clima-card-uai91 clima-destaque-uai91\" tabindex=\"0\">\n        <div class=\"clima-header-uai91\"><div class=\"clima-emoji-uai91\" aria-hidden=\"true\">\ud83c\udfd6\ufe0f<\/div><div class=\"clima-titulo-uai91\">Ver\u00e3o Amaz\u00f4nico<\/div><\/div>\n        <div class=\"clima-body-uai91\">\n            <time class=\"clima-mes-uai91\">Ago a Nov<\/time><div class=\"clima-temp-uai91\">25\u00b0C a 33\u00b0C<\/div>\n            <div class=\"clima-desc-uai91\">O ciclo seco do Tapaj\u00f3s traz o \u00e1pice tur\u00edstico. \u00c9poca fant\u00e1stica para curtir as <strong>praias ribeirinhas, a Ilha do Amor e a Festa do Sair\u00e9<\/strong>.<\/div>\n            <div class=\"clima-pill-uai91\"><span>\u2b50 Melhor \u00c9poca \/ Sair\u00e9<\/span><\/div>\n        <\/div>\n    <\/div>\n    <div class=\"clima-card-uai91\" tabindex=\"0\">\n        <div class=\"clima-header-uai91\"><div class=\"clima-emoji-uai91\" aria-hidden=\"true\">\ud83c\udf05<\/div><div class=\"clima-titulo-uai91\">Transi\u00e7\u00e3o Seca<\/div><\/div>\n        <div class=\"clima-body-uai91\">\n            <time class=\"clima-mes-uai91\">Dez a Jan<\/time><div class=\"clima-temp-uai91\">24\u00b0C a 32\u00b0C<\/div>\n            <div class=\"clima-desc-uai91\">As chuvas come\u00e7am a ganhar for\u00e7a e o n\u00edvel das \u00e1guas volta a subir lentamente, oferecendo as <strong>\u00faltimas praias da temporada<\/strong>.<\/div>\n            <div class=\"clima-pill-uai91\"><span>\u2601\ufe0f Chuva Crescente<\/span><\/div>\n        <\/div>\n    <\/div>\n    <div class=\"clima-card-uai91\" tabindex=\"0\">\n        <div class=\"clima-header-uai91\"><div class=\"clima-emoji-uai91\" aria-hidden=\"true\">\ud83d\udef6<\/div><div class=\"clima-titulo-uai91\">Inverno Amaz\u00f4nico<\/div><\/div>\n        <div class=\"clima-body-uai91\">\n            <time class=\"clima-mes-uai91\">Fev a Mai<\/time><div class=\"clima-temp-uai91\">23\u00b0C a 31\u00b0C<\/div>\n            <div class=\"clima-desc-uai91\">O n\u00edvel m\u00e1ximo dos rios inunda a vegeta\u00e7\u00e3o, criando o cen\u00e1rio m\u00e1gico para deslizar de <strong>canoa pela Floresta Encantada<\/strong>.<\/div>\n            <div class=\"clima-pill-uai91\"><span>\u2614 Chuva Alta<\/span><\/div>\n        <\/div>\n    <\/div>\n    <div class=\"clima-card-uai91\" tabindex=\"0\">\n        <div class=\"clima-header-uai91\"><div class=\"clima-emoji-uai91\" aria-hidden=\"true\">\ud83e\udd7e<\/div><div class=\"clima-titulo-uai91\">In\u00edcio da Seca<\/div><\/div>\n        <div class=\"clima-body-uai91\">\n            <time class=\"clima-mes-uai91\">Jun a Jul<\/time><div class=\"clima-temp-uai91\">24\u00b0C a 32\u00b0C<\/div>\n            <div class=\"clima-desc-uai91\">A chuva despenca e a umidade diminui, sendo o momento excelente para realizar <strong>trilhas pela selva e observa\u00e7\u00e3o de fauna<\/strong>.<\/div>\n            <div class=\"clima-pill-uai91\"><span>\u2601\ufe0f Chuva M\u00e9dia<\/span><\/div>\n        <\/div>\n    <\/div>\n<\/div>\n\n\n\n<p><em>Temperaturas aproximadas com base no <a href=\"https:\/\/www.climatempo.com.br\/previsao-do-tempo\/cidade\/249\/santarem-pa\" target=\"_blank\" rel=\"noreferrer noopener\"><strong>Climatempo<\/strong><\/a> de Santar\u00e9m. Condi\u00e7\u00f5es podem variar.<\/em><\/p>\n\n\n\n<h2 class=\"wp-block-heading\">Como chegar \u00e0 vila no oeste do Par\u00e1<\/h2>\n\n\n\n<p>O acesso \u00e9 feito pelo <strong>Aeroporto Maestro Wilson Fonseca (STM)<\/strong>, em Santar\u00e9m, que recebe voos diretos de <strong>Bel\u00e9m<\/strong>, <strong>Manaus<\/strong> e <strong>Bras\u00edlia<\/strong>. De Santar\u00e9m, s\u00e3o 37 km pela rodovia <strong>PA-457<\/strong> at\u00e9 Alter do Ch\u00e3o, em trajeto de cerca de uma hora. \u00d4nibus saem do terminal urbano de meia em meia hora, e h\u00e1 tamb\u00e9m servi\u00e7o de t\u00e1xi e transfer.<\/p>\n\n\n\n<h2 class=\"wp-block-heading\">Conhe\u00e7a o Caribe que fica no meio da selva<\/h2>\n\n\n\n<p>A vila re\u00fane o que nenhum outro destino brasileiro consegue: praia caribenha de \u00e1gua doce, floresta amaz\u00f4nica preservada, cultura borari viva e festival folcl\u00f3rico em ruas de terra. Tudo a uma hora de Santar\u00e9m.<\/p>\n\n\n\n<p>Voc\u00ea precisa pisar na areia da Ilha do Amor e ver o sol cair atr\u00e1s do Tapaj\u00f3s para entender por que esse peda\u00e7o do Par\u00e1 conquistou o mundo sem precisar de outdoor.<\/p>\n","protected":false},"excerpt":{"rendered":"<p>Areia branca, \u00e1gua em tom azul-turquesa e nenhuma onda. Alter do Ch\u00e3o, distrito de Santar\u00e9m no oeste do Par\u00e1, foi eleita pelo jornal brit\u00e2nico The Guardian como a praia de \u00e1gua doce mais bonita do mundo. A vila de cerca de 6 mil habitantes fica a 37 km do centro de Santar\u00e9m, na margem direita [&hellip;]<\/p>\n","protected":false},"author":14,"featured_media":127589,"comment_status":"open","ping_status":"open","sticky":false,"template":"","format":"standard","meta":{"jnews-multi-image_gallery":[],"jnews_single_post":{"format":"standard"},"jnews_primary_category":[],"jnews_social_meta":[],"jnews_override_counter":[],"footnotes":""},"categories":[210],"tags":[17558,234,2226],"class_list":["post-127435","post","type-post","status-publish","format-standard","has-post-thumbnail","hentry","category-cidades","tag-alter-do-chao","tag-cidades","tag-para"],"yoast_head":"<!-- This site is optimized with the Yoast SEO plugin v26.5 - https:\/\/yoast.com\/wordpress\/plugins\/seo\/ -->\n<title>Eleita pelo The Guardian a praia de \u00e1gua doce mais bonita do mundo: a vila de 6 mil moradores que vira Caribe na seca e some na cheia - UAI Not\u00edcias<\/title>\n<meta name=\"description\" content=\"Eleita a praia de \u00e1gua doce mais bela do mundo pelo The Guardian, esta vila de 6 mil habitantes \u00e9 um para\u00edso. Veja esse ref\u00fagio.\" \/>\n<meta name=\"robots\" content=\"index, follow, max-snippet:-1, max-image-preview:large, max-video-preview:-1\" \/>\n<link rel=\"canonical\" href=\"https:\/\/www.uai.com.br\/uainoticias\/2026\/04\/26\/eleita-pelo-the-guardian-a-praia-de-agua-doce-mais-bonita-do-mundo-a-vila-de-6-mil-moradores-que-vira-caribe-na-seca-e-some-na-cheia\/\" \/>\n<meta property=\"og:locale\" content=\"pt_BR\" \/>\n<meta property=\"og:type\" content=\"article\" \/>\n<meta property=\"og:title\" content=\"Eleita pelo The Guardian a praia de \u00e1gua doce mais bonita do mundo: a vila de 6 mil moradores que vira Caribe na seca e some na cheia - UAI Not\u00edcias\" \/>\n<meta property=\"og:description\" content=\"Eleita a praia de \u00e1gua doce mais bela do mundo pelo The Guardian, esta vila de 6 mil habitantes \u00e9 um para\u00edso. Veja esse ref\u00fagio.\" \/>\n<meta property=\"og:url\" content=\"https:\/\/www.uai.com.br\/uainoticias\/2026\/04\/26\/eleita-pelo-the-guardian-a-praia-de-agua-doce-mais-bonita-do-mundo-a-vila-de-6-mil-moradores-que-vira-caribe-na-seca-e-some-na-cheia\/\" \/>\n<meta property=\"og:site_name\" content=\"UAI Not\u00edcias\" \/>\n<meta property=\"article:published_time\" content=\"2026-04-26T13:00:00+00:00\" \/>\n<meta property=\"og:image\" content=\"https:\/\/www.uai.com.br\/uainoticias\/wp-content\/uploads\/2026\/04\/Woman_walking_on_202604260751.jpg\" \/>\n\t<meta property=\"og:image:width\" content=\"1280\" \/>\n\t<meta property=\"og:image:height\" content=\"720\" \/>\n\t<meta property=\"og:image:type\" content=\"image\/jpeg\" \/>\n<meta name=\"author\" content=\"Vitor Bruno\" \/>\n<meta name=\"twitter:card\" content=\"summary_large_image\" \/>\n<meta name=\"twitter:label1\" content=\"Escrito por\" \/>\n\t<meta name=\"twitter:data1\" content=\"Vitor Bruno\" \/>\n\t<meta name=\"twitter:label2\" content=\"Est. tempo de leitura\" \/>\n\t<meta name=\"twitter:data2\" content=\"8 minutos\" \/>\n<!-- \/ Yoast SEO plugin. -->","yoast_head_json":{"title":"Eleita pelo The Guardian a praia de \u00e1gua doce mais bonita do mundo: a vila de 6 mil moradores que vira Caribe na seca e some na cheia - UAI Not\u00edcias","description":"Eleita a praia de \u00e1gua doce mais bela do mundo pelo The Guardian, esta vila de 6 mil habitantes \u00e9 um para\u00edso. Veja esse ref\u00fagio.","robots":{"index":"index","follow":"follow","max-snippet":"max-snippet:-1","max-image-preview":"max-image-preview:large","max-video-preview":"max-video-preview:-1"},"canonical":"https:\/\/www.uai.com.br\/uainoticias\/2026\/04\/26\/eleita-pelo-the-guardian-a-praia-de-agua-doce-mais-bonita-do-mundo-a-vila-de-6-mil-moradores-que-vira-caribe-na-seca-e-some-na-cheia\/","og_locale":"pt_BR","og_type":"article","og_title":"Eleita pelo The Guardian a praia de \u00e1gua doce mais bonita do mundo: a vila de 6 mil moradores que vira Caribe na seca e some na cheia - UAI Not\u00edcias","og_description":"Eleita a praia de \u00e1gua doce mais bela do mundo pelo The Guardian, esta vila de 6 mil habitantes \u00e9 um para\u00edso. Veja esse ref\u00fagio.","og_url":"https:\/\/www.uai.com.br\/uainoticias\/2026\/04\/26\/eleita-pelo-the-guardian-a-praia-de-agua-doce-mais-bonita-do-mundo-a-vila-de-6-mil-moradores-que-vira-caribe-na-seca-e-some-na-cheia\/","og_site_name":"UAI Not\u00edcias","article_published_time":"2026-04-26T13:00:00+00:00","og_image":[{"width":1280,"height":720,"url":"https:\/\/www.uai.com.br\/uainoticias\/wp-content\/uploads\/2026\/04\/Woman_walking_on_202604260751.jpg","type":"image\/jpeg"}],"author":"Vitor Bruno","twitter_card":"summary_large_image","twitter_misc":{"Escrito por":"Vitor Bruno","Est. tempo de leitura":"8 minutos"},"schema":{"@context":"https:\/\/schema.org","@graph":[{"@type":"WebPage","@id":"https:\/\/www.uai.com.br\/uainoticias\/2026\/04\/26\/eleita-pelo-the-guardian-a-praia-de-agua-doce-mais-bonita-do-mundo-a-vila-de-6-mil-moradores-que-vira-caribe-na-seca-e-some-na-cheia\/","url":"https:\/\/www.uai.com.br\/uainoticias\/2026\/04\/26\/eleita-pelo-the-guardian-a-praia-de-agua-doce-mais-bonita-do-mundo-a-vila-de-6-mil-moradores-que-vira-caribe-na-seca-e-some-na-cheia\/","name":"Eleita pelo The Guardian a praia de \u00e1gua doce mais bonita do mundo: a vila de 6 mil moradores que vira Caribe na seca e some na cheia - UAI Not\u00edcias","isPartOf":{"@id":"https:\/\/www.uai.com.br\/uainoticias\/#website"},"primaryImageOfPage":{"@id":"https:\/\/www.uai.com.br\/uainoticias\/2026\/04\/26\/eleita-pelo-the-guardian-a-praia-de-agua-doce-mais-bonita-do-mundo-a-vila-de-6-mil-moradores-que-vira-caribe-na-seca-e-some-na-cheia\/#primaryimage"},"image":{"@id":"https:\/\/www.uai.com.br\/uainoticias\/2026\/04\/26\/eleita-pelo-the-guardian-a-praia-de-agua-doce-mais-bonita-do-mundo-a-vila-de-6-mil-moradores-que-vira-caribe-na-seca-e-some-na-cheia\/#primaryimage"},"thumbnailUrl":"https:\/\/www.uai.com.br\/uainoticias\/wp-content\/uploads\/2026\/04\/Woman_walking_on_202604260751.jpg","datePublished":"2026-04-26T13:00:00+00:00","author":{"@id":"https:\/\/www.uai.com.br\/uainoticias\/#\/schema\/person\/03130d752d0ce4e3bb0f607f1bc85084"},"description":"Eleita a praia de \u00e1gua doce mais bela do mundo pelo The Guardian, esta vila de 6 mil habitantes \u00e9 um para\u00edso. Veja esse ref\u00fagio.","breadcrumb":{"@id":"https:\/\/www.uai.com.br\/uainoticias\/2026\/04\/26\/eleita-pelo-the-guardian-a-praia-de-agua-doce-mais-bonita-do-mundo-a-vila-de-6-mil-moradores-que-vira-caribe-na-seca-e-some-na-cheia\/#breadcrumb"},"inLanguage":"pt-BR","potentialAction":[{"@type":"ReadAction","target":["https:\/\/www.uai.com.br\/uainoticias\/2026\/04\/26\/eleita-pelo-the-guardian-a-praia-de-agua-doce-mais-bonita-do-mundo-a-vila-de-6-mil-moradores-que-vira-caribe-na-seca-e-some-na-cheia\/"]}]},{"@type":"ImageObject","inLanguage":"pt-BR","@id":"https:\/\/www.uai.com.br\/uainoticias\/2026\/04\/26\/eleita-pelo-the-guardian-a-praia-de-agua-doce-mais-bonita-do-mundo-a-vila-de-6-mil-moradores-que-vira-caribe-na-seca-e-some-na-cheia\/#primaryimage","url":"https:\/\/www.uai.com.br\/uainoticias\/wp-content\/uploads\/2026\/04\/Woman_walking_on_202604260751.jpg","contentUrl":"https:\/\/www.uai.com.br\/uainoticias\/wp-content\/uploads\/2026\/04\/Woman_walking_on_202604260751.jpg","width":1280,"height":720,"caption":"Eleita pelo The Guardian a praia de \u00e1gua doce mais bonita do mundo: a vila de 6 mil moradores que vira Caribe na seca e some na cheia \/\/ IMAGEM ILUSTRATIVA"},{"@type":"BreadcrumbList","@id":"https:\/\/www.uai.com.br\/uainoticias\/2026\/04\/26\/eleita-pelo-the-guardian-a-praia-de-agua-doce-mais-bonita-do-mundo-a-vila-de-6-mil-moradores-que-vira-caribe-na-seca-e-some-na-cheia\/#breadcrumb","itemListElement":[{"@type":"ListItem","position":1,"name":"In\u00edcio","item":"https:\/\/www.uai.com.br\/uainoticias\/"},{"@type":"ListItem","position":2,"name":"Eleita pelo The Guardian a praia de \u00e1gua doce mais bonita do mundo: a vila de 6 mil moradores que vira Caribe na seca e some na cheia"}]},{"@type":"WebSite","@id":"https:\/\/www.uai.com.br\/uainoticias\/#website","url":"https:\/\/www.uai.com.br\/uainoticias\/","name":"UAI Not\u00edcias","description":"Acompanhe as \u00faltimas not\u00edcias e fique bem informado sobre tudo o que acontece no Brasil e no mundo.","potentialAction":[{"@type":"SearchAction","target":{"@type":"EntryPoint","urlTemplate":"https:\/\/www.uai.com.br\/uainoticias\/?s={search_term_string}"},"query-input":{"@type":"PropertyValueSpecification","valueRequired":true,"valueName":"search_term_string"}}],"inLanguage":"pt-BR"},{"@type":"Person","@id":"https:\/\/www.uai.com.br\/uainoticias\/#\/schema\/person\/03130d752d0ce4e3bb0f607f1bc85084","name":"Vitor Bruno","image":{"@type":"ImageObject","inLanguage":"pt-BR","@id":"https:\/\/www.uai.com.br\/uainoticias\/#\/schema\/person\/image\/","url":"https:\/\/secure.gravatar.com\/avatar\/ab0513148053bbb80c117cdd35f8a0f2742d41eebbac321acf8df2e633d81609?s=96&d=mm&r=g","contentUrl":"https:\/\/secure.gravatar.com\/avatar\/ab0513148053bbb80c117cdd35f8a0f2742d41eebbac321acf8df2e633d81609?s=96&d=mm&r=g","caption":"Vitor Bruno"},"sameAs":["https:\/\/www.uai.com.br\/uainoticias\/"],"url":"https:\/\/www.uai.com.br\/uainoticias\/author\/vitor\/"}]}},"_links":{"self":[{"href":"https:\/\/www.uai.com.br\/uainoticias\/wp-json\/wp\/v2\/posts\/127435","targetHints":{"allow":["GET"]}}],"collection":[{"href":"https:\/\/www.uai.com.br\/uainoticias\/wp-json\/wp\/v2\/posts"}],"about":[{"href":"https:\/\/www.uai.com.br\/uainoticias\/wp-json\/wp\/v2\/types\/post"}],"author":[{"embeddable":true,"href":"https:\/\/www.uai.com.br\/uainoticias\/wp-json\/wp\/v2\/users\/14"}],"replies":[{"embeddable":true,"href":"https:\/\/www.uai.com.br\/uainoticias\/wp-json\/wp\/v2\/comments?post=127435"}],"version-history":[{"count":8,"href":"https:\/\/www.uai.com.br\/uainoticias\/wp-json\/wp\/v2\/posts\/127435\/revisions"}],"predecessor-version":[{"id":127587,"href":"https:\/\/www.uai.com.br\/uainoticias\/wp-json\/wp\/v2\/posts\/127435\/revisions\/127587"}],"wp:featuredmedia":[{"embeddable":true,"href":"https:\/\/www.uai.com.br\/uainoticias\/wp-json\/wp\/v2\/media\/127589"}],"wp:attachment":[{"href":"https:\/\/www.uai.com.br\/uainoticias\/wp-json\/wp\/v2\/media?parent=127435"}],"wp:term":[{"taxonomy":"category","embeddable":true,"href":"https:\/\/www.uai.com.br\/uainoticias\/wp-json\/wp\/v2\/categories?post=127435"},{"taxonomy":"post_tag","embeddable":true,"href":"https:\/\/www.uai.com.br\/uainoticias\/wp-json\/wp\/v2\/tags?post=127435"}],"curies":[{"name":"wp","href":"https:\/\/api.w.org\/{rel}","templated":true}]}}