{"id":127434,"date":"2026-04-26T06:25:00","date_gmt":"2026-04-26T09:25:00","guid":{"rendered":"https:\/\/www.uai.com.br\/uainoticias\/?p=127434"},"modified":"2026-04-26T06:04:04","modified_gmt":"2026-04-26T09:04:04","slug":"o-caribe-brasileiro-onde-a-areia-e-branca-como-neve-nao-queima-os-pes-e-o-mar-tem-aguas-tao-cristalinas-que-parece-uma-piscina","status":"publish","type":"post","link":"https:\/\/www.uai.com.br\/uainoticias\/2026\/04\/26\/o-caribe-brasileiro-onde-a-areia-e-branca-como-neve-nao-queima-os-pes-e-o-mar-tem-aguas-tao-cristalinas-que-parece-uma-piscina\/","title":{"rendered":"O Caribe Brasileiro onde a areia \u00e9 branca como neve: n\u00e3o queima os p\u00e9s e o mar tem \u00e1guas t\u00e3o cristalinas que parece uma piscina"},"content":{"rendered":"\n<p>A 155 km do <strong>Rio de Janeiro<\/strong>, <strong>Cabo Frio<\/strong> guarda praias de areia t\u00e3o branca que parece neve e um mar de transpar\u00eancia caribenha. Os gr\u00e3os de quartzo refletem a luz em vez de absorv\u00ea-la, e os p\u00e9s n\u00e3o queimam mesmo no ver\u00e3o.<\/p>\n\n\n\n<h2 class=\"wp-block-heading\">Por que o mar de Cabo Frio \u00e9 frio mesmo no ver\u00e3o?<\/h2>\n\n\n\n<p>A resposta est\u00e1 em um fen\u00f4meno oceanogr\u00e1fico chamado <strong>ressurg\u00eancia<\/strong>. Ventos constantes de nordeste empurram a \u00e1gua quente da superf\u00edcie para o oceano aberto e, no vazio, correntes geladas sobem de grandes profundidades carregadas de nutrientes. Esse processo reduz os sedimentos em suspens\u00e3o e devolve \u00e0 \u00e1gua a transpar\u00eancia de piscina que faz da cidade o Caribe Brasileiro.<\/p>\n\n\n\n<p>O nome da cidade n\u00e3o \u00e9 coincid\u00eancia. Foi dado por Am\u00e9rico Vesp\u00facio em 1503, que notou as correntes de \u00e1gua geladas ao ancorar na regi\u00e3o. A temperatura do mar pode baixar a 16 \u00b0C mesmo no ver\u00e3o, e a NASA j\u00e1 registrou o fen\u00f4meno por imagens do sat\u00e9lite Landsat 9.<\/p>\n\n\n<div class=\"wp-block-image\">\n<figure class=\"aligncenter size-large\"><img decoding=\"async\" width=\"1024\" height=\"576\" src=\"https:\/\/www.uai.com.br\/uainoticias\/wp-content\/uploads\/2025\/12\/Cabo-Frio_1748466580725-1024x576.jpg\" alt=\"O Caribe Brasileiro s\u00e3o as 3 praias com selo internacional onde a areia \u00e9 branca como a neve e n\u00e3o queima os p\u00e9s e o mar parece piscina\" class=\"wp-image-96987\" srcset=\"https:\/\/www.uai.com.br\/uainoticias\/wp-content\/uploads\/2025\/12\/Cabo-Frio_1748466580725-1024x576.jpg 1024w, https:\/\/www.uai.com.br\/uainoticias\/wp-content\/uploads\/2025\/12\/Cabo-Frio_1748466580725-300x169.jpg 300w, https:\/\/www.uai.com.br\/uainoticias\/wp-content\/uploads\/2025\/12\/Cabo-Frio_1748466580725-768x432.jpg 768w, https:\/\/www.uai.com.br\/uainoticias\/wp-content\/uploads\/2025\/12\/Cabo-Frio_1748466580725-750x422.jpg 750w, https:\/\/www.uai.com.br\/uainoticias\/wp-content\/uploads\/2025\/12\/Cabo-Frio_1748466580725-1140x641.jpg 1140w, https:\/\/www.uai.com.br\/uainoticias\/wp-content\/uploads\/2025\/12\/Cabo-Frio_1748466580725.jpg 1280w\" sizes=\"(max-width: 1024px) 100vw, 1024px\" \/><figcaption class=\"wp-element-caption\">Cabo Frio re\u00fane praias paradis\u00edacas e \u00e1guas claras no litoral fluminense \/\/ Cr\u00e9ditos: depositphotos.com \/ Cristian_Lourenco<\/figcaption><\/figure><\/div>\n\n\n<h2 class=\"wp-block-heading\">Tr\u00eas Bandeiras Azuis hasteadas ao mesmo tempo<\/h2>\n\n\n\n<p>Cabo Frio entrou para um seleto grupo de cidades brasileiras com mais de uma praia certificada. Em dezembro de 2025, o munic\u00edpio oficializou tr\u00eas selos internacionais simult\u00e2neos do Programa Bandeira Azul: Praia do Per\u00f3, Praia do Foguete e Praia do Pontal do Per\u00f3.<\/p>\n\n\n\n<p>O Per\u00f3, primeiro a conquistar o selo, vive seu oitavo ano consecutivo de certifica\u00e7\u00e3o. O Programa Bandeira Azul \u00e9 reconhecido em mais de 60 pa\u00edses e avalia 34 crit\u00e9rios anuais, incluindo qualidade da \u00e1gua, gest\u00e3o ambiental, seguran\u00e7a e educa\u00e7\u00e3o ambiental. A informa\u00e7\u00e3o est\u00e1 confirmada no portal de not\u00edcias da <a href=\"https:\/\/noticias.cabofrio.rj.gov.br\/cabo-frio-hasteia-bandeira-azul-na-praia-do-pontal-do-pero-e-consolida-tres-selos-internacionais-simultaneos\/\" target=\"_blank\" rel=\"noreferrer noopener\"><strong>Prefeitura de Cabo Frio<\/strong><\/a>.<\/p>\n\n\n<div class=\"wp-block-image\">\n<figure class=\"aligncenter size-large\"><img decoding=\"async\" width=\"1024\" height=\"576\" src=\"https:\/\/www.uai.com.br\/uainoticias\/wp-content\/uploads\/2025\/12\/Cabo-Frio_1738382915629-1024x576.jpg\" alt=\"O Caribe Brasileiro s\u00e3o as 3 praias com selo internacional onde a areia \u00e9 branca como a neve e n\u00e3o queima os p\u00e9s e o mar parece piscina\" class=\"wp-image-96986\" srcset=\"https:\/\/www.uai.com.br\/uainoticias\/wp-content\/uploads\/2025\/12\/Cabo-Frio_1738382915629-1024x576.jpg 1024w, https:\/\/www.uai.com.br\/uainoticias\/wp-content\/uploads\/2025\/12\/Cabo-Frio_1738382915629-300x169.jpg 300w, https:\/\/www.uai.com.br\/uainoticias\/wp-content\/uploads\/2025\/12\/Cabo-Frio_1738382915629-768x432.jpg 768w, https:\/\/www.uai.com.br\/uainoticias\/wp-content\/uploads\/2025\/12\/Cabo-Frio_1738382915629-750x422.jpg 750w, https:\/\/www.uai.com.br\/uainoticias\/wp-content\/uploads\/2025\/12\/Cabo-Frio_1738382915629-1140x641.jpg 1140w, https:\/\/www.uai.com.br\/uainoticias\/wp-content\/uploads\/2025\/12\/Cabo-Frio_1738382915629.jpg 1280w\" sizes=\"(max-width: 1024px) 100vw, 1024px\" \/><figcaption class=\"wp-element-caption\">Conhecida como Caribe Brasileiro, Cabo Frio tem mar azul e praias \u00fanicas \/\/ Cr\u00e9ditos: depositphotos.com \/ Cristian_Lourenco<\/figcaption><\/figure><\/div>\n\n\n<h2 class=\"wp-block-heading\">A cidade onde Vesp\u00facio chegou em 1503<\/h2>\n\n\n\n<p>A hist\u00f3ria aqui \u00e9 mais antiga que a do pr\u00f3prio <strong>Brasil<\/strong> oficial. Em 13 de novembro de 1615, Constantino Menelau, com 400 homens entre brancos e \u00edndios catequizados, ergueu a Fortaleza de Santo In\u00e1cio e fundou a cidade de Santa Helena do Cabo Frio, a s\u00e9tima mais antiga do pa\u00eds. O <strong>Instituto do Patrim\u00f4nio Hist\u00f3rico e Art\u00edstico Nacional (IPHAN)<\/strong> mant\u00e9m vivo o registro dessa funda\u00e7\u00e3o.<\/p>\n\n\n\n<p>O <strong>Forte S\u00e3o Mateus<\/strong>, ergido sobre uma ilhota rochosa na entrada da barra da <strong>Lagoa de Araruama<\/strong>, \u00e9 o maior s\u00edmbolo desse passado. Foi constru\u00eddo entre 1616 e 1620, com pedra e argamassa, \u00f3leo de baleia e cal nas jun\u00e7\u00f5es, e tombado pelo IPHAN em 1956. Detalhes hist\u00f3ricos do monumento est\u00e3o no portal do <a href=\"http:\/\/portal.iphan.gov.br\/pagina\/detalhes\/379\/\" target=\"_blank\" rel=\"noreferrer noopener\"><strong>IPHAN<\/strong><\/a>.<\/p>\n\n\n\n<p><strong>Leia tamb\u00e9m: <a href=\"https:\/\/www.uai.com.br\/uainoticias\/2026\/04\/25\/essa-cidade-nordestina-esta-em-alta-447-mais-estrangeiros-escolheram-esse-paraiso-de-mar-morno-e-brisa-perfeita\/\" target=\"_blank\" rel=\"noreferrer noopener\">Essa cidade nordestina est\u00e1 em alta: 44,7% mais estrangeiros escolheram esse para\u00edso de mar morno e brisa perfeita<\/a><\/strong><\/p>\n\n\n\n<h2 class=\"wp-block-heading\">O que fazer na cidade dos quatro s\u00e9culos<\/h2>\n\n\n\n<p>O roteiro pelas praias e pelos centros hist\u00f3ricos cabe em uma estadia de tr\u00eas a quatro dias. Veja as principais atra\u00e7\u00f5es:<\/p>\n\n\n\n<ul class=\"wp-block-list\">\n<li><strong>Praia do Forte<\/strong>: cart\u00e3o-postal com 7,5 km de areia branca fin\u00edssima, mar esverdeado e o Forte S\u00e3o Mateus em uma das extremidades.<\/li>\n\n\n\n<li><strong>Praia do Per\u00f3<\/strong>: 7 km de extens\u00e3o, foi a primeira do estado a receber o selo Bandeira Azul, com dunas preservadas e ventos perfeitos para kitesurf.<\/li>\n\n\n\n<li><strong>Praia das Conchas<\/strong>: enseada de 600 metros em formato de concha, protegida por morros, ideal para mergulho livre e snorkel.<\/li>\n\n\n\n<li><strong>Ilha do Japon\u00eas<\/strong>: ilhota de \u00e1guas rasas e cristalinas no Canal do Itajuru, acess\u00edvel por barcos-t\u00e1xi a partir do centro.<\/li>\n\n\n\n<li><strong>Bairro da Passagem<\/strong>: n\u00facleo colonial com casar\u00f5es dos s\u00e9culos XVII e XVIII, ruas de paralelep\u00edpedo e vida noturna concentrada em bares e restaurantes.<\/li>\n\n\n\n<li><strong>Rua dos Biqu\u00ednis<\/strong>: na Gamboa, re\u00fane mais de 100 lojas de moda praia. Segundo o portal de turismo da Prefeitura, \u00e9 considerada o maior shopping de moda praia a c\u00e9u aberto do mundo pelo Guinness Book.<\/li>\n<\/ul>\n\n\n\n<p>Quem prefere comer com p\u00e9 na areia tem op\u00e7\u00f5es alinhadas com a tradi\u00e7\u00e3o pesqueira da regi\u00e3o. Confira os destaques gastron\u00f4micos:<\/p>\n\n\n\n<ul class=\"wp-block-list\">\n<li><strong>Camar\u00e3o da Praia do Siqueira<\/strong>: bairro tradicional da pesca artesanal, sede do Festival do Camar\u00e3o de Cabo Frio, que re\u00fane dezenas de pratos a pre\u00e7o fixo.<\/li>\n\n\n\n<li><strong>Moqueca de cavaquinha<\/strong>: prato cai\u00e7ara servido nos restaurantes do Boulevard Canal, no centro hist\u00f3rico.<\/li>\n\n\n\n<li><strong>Peixe na telha<\/strong>: receita cl\u00e1ssica da Costa do Sol, com peixes frescos do dia e tempero de coentro e dend\u00ea.<\/li>\n\n\n\n<li><strong>Casquinha de siri<\/strong>: aperitivo tradicional servido em quiosques da Praia do Forte e do Per\u00f3.<\/li>\n\n\n\n<li><strong>Festival Sabores de Cabo Frio<\/strong>: evento anual que re\u00fane chefs locais com menus inspirados em ingredientes cai\u00e7aras e t\u00e9cnicas contempor\u00e2neas.<\/li>\n<\/ul>\n\n\n\n<p>Mais detalhes sobre o calend\u00e1rio gastron\u00f4mico est\u00e3o no portal de turismo do <a href=\"https:\/\/turismo.cabofrio.rj.gov.br\/\" target=\"_blank\" rel=\"noreferrer noopener\"><strong>governo de Cabo Frio<\/strong><\/a>.<\/p>\n\n\n\n<p>Quem busca as melhores praias do <strong>Rio de Janeiro<\/strong>, vai curtir esse v\u00eddeo especialmente selecionado do canal <strong>Viagens Cine<\/strong>, que conta com mais de <strong>171 mil<\/strong> visualiza\u00e7\u00f5es, onde <strong>F\u00e1bio e Cl\u00e9ber<\/strong> mostram o roteiro ideal em <strong>Cabo Frio<\/strong>:<\/p>\n\n\n\n<figure class=\"wp-block-embed is-type-video is-provider-youtube wp-block-embed-youtube wp-embed-aspect-16-9 wp-has-aspect-ratio\"><div class=\"wp-block-embed__wrapper\">\n<div class=\"jeg_video_container jeg_video_content\"><iframe loading=\"lazy\" title=\"O que fazer em CABO FRIO RJ: Melhores Praias e Roteiro de 1 a 3 Dias\" width=\"500\" height=\"281\" src=\"https:\/\/www.youtube.com\/embed\/Rky7TIZka1A?feature=oembed\" frameborder=\"0\" allow=\"accelerometer; autoplay; clipboard-write; encrypted-media; gyroscope; picture-in-picture; web-share\" referrerpolicy=\"strict-origin-when-cross-origin\" allowfullscreen><\/iframe><\/div>\n<\/div><\/figure>\n\n\n\n<h2 class=\"wp-block-heading\">Quando ir e o que fazer em cada esta\u00e7\u00e3o<\/h2>\n\n\n\n<p>O microclima de Cabo Frio \u00e9 um dos mais secos do litoral fluminense. Veja como o tempo se comporta ao longo do ano:<\/p>\n\n\n\n<style>\n    .clima-grid-uai90 { \n        --cor-primaria: #0278c0; --cor-secundaria: #ffd31a; --cor-txt-secundaria: #0278c0;\n        display: grid; grid-template-columns: repeat(auto-fit, minmax(190px, 1fr)); gap: 15px; justify-content: center; padding: 10px;\n    }\n    .clima-card-uai90 { border: 5px solid var(--cor-primaria); border-top: 5px solid var(--cor-secundaria); border-radius: 12px; background-color: var(--cor-primaria); background-clip: padding-box; display: flex; flex-direction: column; overflow: hidden; cursor: pointer; box-shadow: 0 6px 12px rgba(0,0,0, 0.2); transition: transform 0.2s ease, box-shadow 0.2s ease; -webkit-tap-highlight-color: transparent; user-select: none; transform: translateZ(0); animation: wmFadeIn 0.6s cubic-bezier(0.2, 0.8, 0.2, 1) backwards; }\n    .clima-card-uai90:focus-visible { outline: 3px dashed var(--cor-secundaria); outline-offset: 4px; }\n    .clima-card-uai90:nth-child(1) { animation-delay: 0.1s; } .clima-card-uai90:nth-child(2) { animation-delay: 0.2s; } .clima-card-uai90:nth-child(3) { animation-delay: 0.3s; } .clima-card-uai90:nth-child(4) { animation-delay: 0.4s; }\n    @keyframes wmFadeIn { from { opacity: 0; transform: translateY(30px); } to { opacity: 1; transform: translateY(0); } }\n    .clima-card-uai90:hover { transform: translateY(-5px); box-shadow: 0 15px 30px rgba(0,0,0, 0.3); }\n    .clima-card-uai90:active { transform: translateY(-1px) scale(0.97); box-shadow: 0 3px 6px rgba(0,0,0, 0.2); transition: transform 0.05s ease, box-shadow 0.05s ease; }\n    .clima-header-uai90 { background: #fdfbf5; padding: 15px 10px; text-align: center; display: flex; flex-direction: column; align-items: center; justify-content: center; }\n    .clima-body-uai90 { background: #ffffff; padding: 15px; display: flex; flex-direction: column; flex-grow: 1; align-items: center; }\n    .clima-destaque-uai90 { box-shadow: 0 8px 16px rgba(0,0,0, 0.25); }\n    .clima-destaque-uai90:hover { box-shadow: 0 18px 36px rgba(0,0,0, 0.35); }\n    .clima-destaque-uai90 .clima-header-uai90 { background: var(--cor-secundaria); }\n    .clima-destaque-uai90 .clima-header-uai90 .clima-titulo-uai90 { color: var(--cor-txt-secundaria) !important; } \n    .clima-pill-uai90 { display: flex; white-space: normal; max-width: 100%; box-sizing: border-box; justify-content: center; align-items: center; text-align: center; background: #e6f2fa; color: var(--cor-primaria); font-size: 11px; font-weight: 900 !important; letter-spacing: 0.5px; padding: 8px 16px; border-radius: 16px; text-transform: uppercase; line-height: 1.4; box-shadow: 0 4px 8px rgba(0,0,0, 0.15); margin-top: auto; transition: transform 0.2s ease; }\n    .clima-destaque-uai90 .clima-pill-uai90 { background: var(--cor-primaria); color: #ffffff; border: 1px solid #ffffff; } \n    .clima-card-uai90:hover .clima-pill-uai90 { transform: scale(1.06); }\n    .clima-pill-uai90 span { font-weight: 900 !important; color: inherit; } \n    .clima-emoji-uai90 { font-size: 24px; line-height: 1; margin-bottom: 5px; }\n    .clima-titulo-uai90 { color: var(--cor-primaria); font-size: 16px; text-transform: uppercase; margin-top: 5px; font-weight: bold; }\n    .clima-mes-uai90 { font-size: 11px; font-weight: 800; color: var(--cor-primaria); text-transform: uppercase; margin-bottom: 5px; display: block; }\n    .clima-temp-uai90 { font-size: 26px; font-weight: 900; color: var(--cor-primaria); margin-bottom: 10px; }\n    .clima-desc-uai90 { font-size: 13px; color: #444; text-align: center; line-height: 1.5; margin-bottom: 15px; flex-grow: 1;}\n    .clima-desc-uai90 strong { color: #111; }\n    @media (prefers-color-scheme: dark) {\n        .clima-card-uai90 { border-color: #014f7d; background-color: #014f7d; box-shadow: 0 6px 12px rgba(0,0,0, 0.5); }\n        .clima-header-uai90 { background: #1a1a1a; } .clima-body-uai90 { background: #121212; }\n        .clima-destaque-uai90 .clima-header-uai90 { background: var(--cor-secundaria); }\n        .clima-destaque-uai90 .clima-header-uai90 .clima-titulo-uai90 { color: var(--cor-txt-secundaria) !important; }\n        .clima-titulo-uai90 { color: #63b2e8; } .clima-mes-uai90 { color: #63b2e8; } .clima-temp-uai90 { color: #63b2e8; } .clima-desc-uai90 { color: #cccccc; } .clima-desc-uai90 strong { color: #ffffff; }\n        .clima-pill-uai90 { background: #014f7d; color: #ffffff; box-shadow: 0 4px 8px rgba(0, 0, 0, 0.5); }\n        .clima-destaque-uai90 .clima-pill-uai90 { background: #013859; color: #ffffff; border-color: #63b2e8; }\n    }\n<\/style>\n<div class=\"google-auto-ads-ignore clima-grid-uai90\" style=\"box-sizing: border-box; width: 100%; max-width: 980px; margin: 30px auto; font-family: 'Segoe UI', Roboto, Helvetica, Arial, sans-serif;\">\n    <div class=\"clima-card-uai90\" tabindex=\"0\">\n        <div class=\"clima-header-uai90\"><div class=\"clima-emoji-uai90\" aria-hidden=\"true\">\ud83c\udfd6\ufe0f<\/div><div class=\"clima-titulo-uai90\">Ver\u00e3o<\/div><\/div>\n        <div class=\"clima-body-uai90\">\n            <time class=\"clima-mes-uai90\">Dezembro a fevereiro<\/time><div class=\"clima-temp-uai90\">22\u00b0C a 30\u00b0C<\/div>\n            <div class=\"clima-desc-uai90\">A alta temporada ferve! O calor atrai os turistas e as chuvas ficam na m\u00e9dia. \u00c9poca badalada para curtir as <strong>praias e as \u00e1guas transparentes para mergulho<\/strong>.<\/div>\n            <div class=\"clima-pill-uai90\"><span>\u2601\ufe0f Chuva M\u00e9dia<\/span><\/div>\n        <\/div>\n    <\/div>\n    <div class=\"clima-card-uai90\" tabindex=\"0\">\n        <div class=\"clima-header-uai90\"><div class=\"clima-emoji-uai90\" aria-hidden=\"true\">\ud83c\udfdb\ufe0f<\/div><div class=\"clima-titulo-uai90\">Outono<\/div><\/div>\n        <div class=\"clima-body-uai90\">\n            <time class=\"clima-mes-uai90\">Mar\u00e7o a maio<\/time><div class=\"clima-temp-uai90\">20\u00b0C a 28\u00b0C<\/div>\n            <div class=\"clima-desc-uai90\">O clima fica super agrad\u00e1vel e as chuvas diminuem. Fase perfeita para escapar da multid\u00e3o e explorar as <strong>trilhas e o charmoso roteiro hist\u00f3rico<\/strong>.<\/div>\n            <div class=\"clima-pill-uai90\"><span>\ud83c\udf24\ufe0f Chuva Baixa<\/span><\/div>\n        <\/div>\n    <\/div>\n    <div class=\"clima-card-uai90 clima-destaque-uai90\" tabindex=\"0\">\n        <div class=\"clima-header-uai90\"><div class=\"clima-emoji-uai90\" aria-hidden=\"true\">\ud83e\udd90<\/div><div class=\"clima-titulo-uai90\">Inverno<\/div><\/div>\n        <div class=\"clima-body-uai90\">\n            <time class=\"clima-mes-uai90\">Junho a agosto<\/time><div class=\"clima-temp-uai90\">17\u00b0C a 25\u00b0C<\/div>\n            <div class=\"clima-desc-uai90\">A melhor janela! O clima muito seco atrai os ventos perfeitos para o <strong>kitesurf<\/strong> e a cidade celebra a saborosa gastronomia no <strong>Festival do Camar\u00e3o<\/strong>.<\/div>\n            <div class=\"clima-pill-uai90\"><span>\u2b50 Melhor \u00c9poca \/ Festival<\/span><\/div>\n        <\/div>\n    <\/div>\n    <div class=\"clima-card-uai90\" tabindex=\"0\">\n        <div class=\"clima-header-uai90\"><div class=\"clima-emoji-uai90\" aria-hidden=\"true\">\u26f5<\/div><div class=\"clima-titulo-uai90\">Primavera<\/div><\/div>\n        <div class=\"clima-body-uai90\">\n            <time class=\"clima-mes-uai90\">Setembro a novembro<\/time><div class=\"clima-temp-uai90\">19\u00b0C a 27\u00b0C<\/div>\n            <div class=\"clima-desc-uai90\">As temperaturas voltam a esquentar com baixa probabilidade de chuva. Um cen\u00e1rio incr\u00edvel para os <strong>passeios de barco e as imponentes dunas<\/strong>.<\/div>\n            <div class=\"clima-pill-uai90\"><span>\ud83c\udf24\ufe0f Chuva Baixa<\/span><\/div>\n        <\/div>\n    <\/div>\n<\/div>\n\n\n\n<p><em>Temperaturas aproximadas com base no <a href=\"https:\/\/www.climatempo.com.br\/previsao-do-tempo\/cidade\/292\/cabofrio-rj\" target=\"_blank\" rel=\"noreferrer noopener\"><strong>Climatempo<\/strong><\/a>. Condi\u00e7\u00f5es podem variar conforme frentes frias e intensidade da ressurg\u00eancia.<\/em><\/p>\n\n\n\n<h2 class=\"wp-block-heading\">Geoparque Aspirante da UNESCO completa o quadro<\/h2>\n\n\n\n<p>Al\u00e9m do selo Bandeira Azul, a regi\u00e3o tem outra chancela internacional em andamento. O Geoparque Cost\u00f5es e Lagunas conquistou o t\u00edtulo de Geoparque Mundial Aspirante da UNESCO e Cabo Frio possui patrim\u00f4nio geol\u00f3gico singular, com rochas datadas de aproximadamente 2 bilh\u00f5es de anos. O projeto abrange 16 munic\u00edpios litor\u00e2neos do Rio de Janeiro.<\/p>\n\n\n\n<p>Esse legado geol\u00f3gico \u00e9 vis\u00edvel em pontos como o <strong>Morro da Guia<\/strong>, o <strong>Campo de Dunas da Dama Branca<\/strong> e a pr\u00f3pria Lagoa de Araruama, considerada uma das maiores lagunas hipersalinas em estado permanente do planeta.<\/p>\n\n\n<div class=\"wp-block-image\">\n<figure class=\"aligncenter size-large\"><img decoding=\"async\" width=\"1024\" height=\"576\" src=\"https:\/\/www.uai.com.br\/uainoticias\/wp-content\/uploads\/2025\/12\/Cabo-Frio_1733176445335-1024x576.jpg\" alt=\"\" class=\"wp-image-96985\" srcset=\"https:\/\/www.uai.com.br\/uainoticias\/wp-content\/uploads\/2025\/12\/Cabo-Frio_1733176445335-1024x576.jpg 1024w, https:\/\/www.uai.com.br\/uainoticias\/wp-content\/uploads\/2025\/12\/Cabo-Frio_1733176445335-300x169.jpg 300w, https:\/\/www.uai.com.br\/uainoticias\/wp-content\/uploads\/2025\/12\/Cabo-Frio_1733176445335-768x432.jpg 768w, https:\/\/www.uai.com.br\/uainoticias\/wp-content\/uploads\/2025\/12\/Cabo-Frio_1733176445335-750x422.jpg 750w, https:\/\/www.uai.com.br\/uainoticias\/wp-content\/uploads\/2025\/12\/Cabo-Frio_1733176445335-1140x641.jpg 1140w, https:\/\/www.uai.com.br\/uainoticias\/wp-content\/uploads\/2025\/12\/Cabo-Frio_1733176445335.jpg 1280w\" sizes=\"(max-width: 1024px) 100vw, 1024px\" \/><figcaption class=\"wp-element-caption\">Cabo Frio \u00e9 destino ideal para quem busca praias de \u00e1gua cristalina \/\/ Cr\u00e9ditos: depositphotos.com \/ Cristian_Lourenco<\/figcaption><\/figure><\/div>\n\n\n<h2 class=\"wp-block-heading\">Como chegar a Cabo Frio<\/h2>\n\n\n\n<p>De carro, o acesso a partir do Rio de Janeiro se faz pela Ponte Rio-Niter\u00f3i, BR-101 e <strong>Via Lagos (RJ-124)<\/strong>, em cerca de 2 horas para 155 km. Saindo de <strong>S\u00e3o Paulo<\/strong>, s\u00e3o 641 km e cerca de 9 horas pela mesma rota. \u00d4nibus partem da Rodovi\u00e1ria Novo Rio com frequ\u00eancia regular ao longo do dia. A cidade conta tamb\u00e9m com o Aeroporto Internacional de Cabo Frio (CFB), que recebe voos sazonais de capitais brasileiras.<\/p>\n\n\n\n<h2 class=\"wp-block-heading\">V\u00e1 conhecer a cidade do mar que n\u00e3o aquece<\/h2>\n\n\n\n<p>Cabo Frio re\u00fane em um s\u00f3 endere\u00e7o tr\u00eas praias certificadas internacionalmente, um forte de mais de 400 anos e um fen\u00f4meno oceanogr\u00e1fico que a NASA j\u00e1 fotografou do espa\u00e7o. A combina\u00e7\u00e3o de areia branca de quartzo e ressurg\u00eancia cria um cen\u00e1rio dif\u00edcil de repetir no litoral brasileiro.<\/p>\n\n\n\n<p>Voc\u00ea precisa pegar a Via Lagos numa sexta de tarde, acordar com o sol batendo na Praia do Forte e mergulhar na \u00e1gua gelada para entender por que Vesp\u00facio batizou esse lugar de Cabo Frio h\u00e1 mais de cinco s\u00e9culos.<\/p>\n","protected":false},"excerpt":{"rendered":"<p>A 155 km do Rio de Janeiro, Cabo Frio guarda praias de areia t\u00e3o branca que parece neve e um mar de transpar\u00eancia caribenha. Os gr\u00e3os de quartzo refletem a luz em vez de absorv\u00ea-la, e os p\u00e9s n\u00e3o queimam mesmo no ver\u00e3o. Por que o mar de Cabo Frio \u00e9 frio mesmo no ver\u00e3o? [&hellip;]<\/p>\n","protected":false},"author":14,"featured_media":96977,"comment_status":"open","ping_status":"open","sticky":false,"template":"","format":"standard","meta":{"jnews-multi-image_gallery":[],"jnews_single_post":{"format":"standard"},"jnews_primary_category":[],"jnews_social_meta":[],"jnews_override_counter":[],"footnotes":""},"categories":[210],"tags":[3129,234,346],"class_list":["post-127434","post","type-post","status-publish","format-standard","has-post-thumbnail","hentry","category-cidades","tag-cabo-frio","tag-cidades","tag-rio-de-janeiro"],"yoast_head":"<!-- This site is optimized with the Yoast SEO plugin v26.5 - https:\/\/yoast.com\/wordpress\/plugins\/seo\/ -->\n<title>O Caribe Brasileiro onde a areia \u00e9 branca como neve: n\u00e3o queima os p\u00e9s e o mar tem \u00e1guas t\u00e3o cristalinas que parece uma piscina - UAI Not\u00edcias<\/title>\n<meta name=\"description\" content=\"Conhe\u00e7a o Caribe Brasileiro, onde a areia branca n\u00e3o queima os p\u00e9s e o mar \u00e9 cristalino como uma piscina. Saiba como visitar esse para\u00edso.\" \/>\n<meta name=\"robots\" content=\"index, follow, max-snippet:-1, max-image-preview:large, max-video-preview:-1\" \/>\n<link rel=\"canonical\" href=\"https:\/\/www.uai.com.br\/uainoticias\/2026\/04\/26\/o-caribe-brasileiro-onde-a-areia-e-branca-como-neve-nao-queima-os-pes-e-o-mar-tem-aguas-tao-cristalinas-que-parece-uma-piscina\/\" \/>\n<meta property=\"og:locale\" content=\"pt_BR\" \/>\n<meta property=\"og:type\" content=\"article\" \/>\n<meta property=\"og:title\" content=\"O Caribe Brasileiro onde a areia \u00e9 branca como neve: n\u00e3o queima os p\u00e9s e o mar tem \u00e1guas t\u00e3o cristalinas que parece uma piscina - UAI Not\u00edcias\" \/>\n<meta property=\"og:description\" content=\"Conhe\u00e7a o Caribe Brasileiro, onde a areia branca n\u00e3o queima os p\u00e9s e o mar \u00e9 cristalino como uma piscina. Saiba como visitar esse para\u00edso.\" \/>\n<meta property=\"og:url\" content=\"https:\/\/www.uai.com.br\/uainoticias\/2026\/04\/26\/o-caribe-brasileiro-onde-a-areia-e-branca-como-neve-nao-queima-os-pes-e-o-mar-tem-aguas-tao-cristalinas-que-parece-uma-piscina\/\" \/>\n<meta property=\"og:site_name\" content=\"UAI Not\u00edcias\" \/>\n<meta property=\"article:published_time\" content=\"2026-04-26T09:25:00+00:00\" \/>\n<meta property=\"og:image\" content=\"https:\/\/www.uai.com.br\/uainoticias\/wp-content\/uploads\/2025\/12\/image-53.png\" \/>\n\t<meta property=\"og:image:width\" content=\"1280\" \/>\n\t<meta property=\"og:image:height\" content=\"720\" \/>\n\t<meta property=\"og:image:type\" content=\"image\/png\" \/>\n<meta name=\"author\" content=\"Vitor Bruno\" \/>\n<meta name=\"twitter:card\" content=\"summary_large_image\" \/>\n<meta name=\"twitter:label1\" content=\"Escrito por\" \/>\n\t<meta name=\"twitter:data1\" content=\"Vitor Bruno\" \/>\n\t<meta name=\"twitter:label2\" content=\"Est. tempo de leitura\" \/>\n\t<meta name=\"twitter:data2\" content=\"8 minutos\" \/>\n<!-- \/ Yoast SEO plugin. -->","yoast_head_json":{"title":"O Caribe Brasileiro onde a areia \u00e9 branca como neve: n\u00e3o queima os p\u00e9s e o mar tem \u00e1guas t\u00e3o cristalinas que parece uma piscina - UAI Not\u00edcias","description":"Conhe\u00e7a o Caribe Brasileiro, onde a areia branca n\u00e3o queima os p\u00e9s e o mar \u00e9 cristalino como uma piscina. Saiba como visitar esse para\u00edso.","robots":{"index":"index","follow":"follow","max-snippet":"max-snippet:-1","max-image-preview":"max-image-preview:large","max-video-preview":"max-video-preview:-1"},"canonical":"https:\/\/www.uai.com.br\/uainoticias\/2026\/04\/26\/o-caribe-brasileiro-onde-a-areia-e-branca-como-neve-nao-queima-os-pes-e-o-mar-tem-aguas-tao-cristalinas-que-parece-uma-piscina\/","og_locale":"pt_BR","og_type":"article","og_title":"O Caribe Brasileiro onde a areia \u00e9 branca como neve: n\u00e3o queima os p\u00e9s e o mar tem \u00e1guas t\u00e3o cristalinas que parece uma piscina - UAI Not\u00edcias","og_description":"Conhe\u00e7a o Caribe Brasileiro, onde a areia branca n\u00e3o queima os p\u00e9s e o mar \u00e9 cristalino como uma piscina. Saiba como visitar esse para\u00edso.","og_url":"https:\/\/www.uai.com.br\/uainoticias\/2026\/04\/26\/o-caribe-brasileiro-onde-a-areia-e-branca-como-neve-nao-queima-os-pes-e-o-mar-tem-aguas-tao-cristalinas-que-parece-uma-piscina\/","og_site_name":"UAI Not\u00edcias","article_published_time":"2026-04-26T09:25:00+00:00","og_image":[{"width":1280,"height":720,"url":"https:\/\/www.uai.com.br\/uainoticias\/wp-content\/uploads\/2025\/12\/image-53.png","type":"image\/png"}],"author":"Vitor Bruno","twitter_card":"summary_large_image","twitter_misc":{"Escrito por":"Vitor Bruno","Est. tempo de leitura":"8 minutos"},"schema":{"@context":"https:\/\/schema.org","@graph":[{"@type":"WebPage","@id":"https:\/\/www.uai.com.br\/uainoticias\/2026\/04\/26\/o-caribe-brasileiro-onde-a-areia-e-branca-como-neve-nao-queima-os-pes-e-o-mar-tem-aguas-tao-cristalinas-que-parece-uma-piscina\/","url":"https:\/\/www.uai.com.br\/uainoticias\/2026\/04\/26\/o-caribe-brasileiro-onde-a-areia-e-branca-como-neve-nao-queima-os-pes-e-o-mar-tem-aguas-tao-cristalinas-que-parece-uma-piscina\/","name":"O Caribe Brasileiro onde a areia \u00e9 branca como neve: n\u00e3o queima os p\u00e9s e o mar tem \u00e1guas t\u00e3o cristalinas que parece uma piscina - UAI Not\u00edcias","isPartOf":{"@id":"https:\/\/www.uai.com.br\/uainoticias\/#website"},"primaryImageOfPage":{"@id":"https:\/\/www.uai.com.br\/uainoticias\/2026\/04\/26\/o-caribe-brasileiro-onde-a-areia-e-branca-como-neve-nao-queima-os-pes-e-o-mar-tem-aguas-tao-cristalinas-que-parece-uma-piscina\/#primaryimage"},"image":{"@id":"https:\/\/www.uai.com.br\/uainoticias\/2026\/04\/26\/o-caribe-brasileiro-onde-a-areia-e-branca-como-neve-nao-queima-os-pes-e-o-mar-tem-aguas-tao-cristalinas-que-parece-uma-piscina\/#primaryimage"},"thumbnailUrl":"https:\/\/www.uai.com.br\/uainoticias\/wp-content\/uploads\/2025\/12\/image-53.png","datePublished":"2026-04-26T09:25:00+00:00","author":{"@id":"https:\/\/www.uai.com.br\/uainoticias\/#\/schema\/person\/03130d752d0ce4e3bb0f607f1bc85084"},"description":"Conhe\u00e7a o Caribe Brasileiro, onde a areia branca n\u00e3o queima os p\u00e9s e o mar \u00e9 cristalino como uma piscina. Saiba como visitar esse para\u00edso.","breadcrumb":{"@id":"https:\/\/www.uai.com.br\/uainoticias\/2026\/04\/26\/o-caribe-brasileiro-onde-a-areia-e-branca-como-neve-nao-queima-os-pes-e-o-mar-tem-aguas-tao-cristalinas-que-parece-uma-piscina\/#breadcrumb"},"inLanguage":"pt-BR","potentialAction":[{"@type":"ReadAction","target":["https:\/\/www.uai.com.br\/uainoticias\/2026\/04\/26\/o-caribe-brasileiro-onde-a-areia-e-branca-como-neve-nao-queima-os-pes-e-o-mar-tem-aguas-tao-cristalinas-que-parece-uma-piscina\/"]}]},{"@type":"ImageObject","inLanguage":"pt-BR","@id":"https:\/\/www.uai.com.br\/uainoticias\/2026\/04\/26\/o-caribe-brasileiro-onde-a-areia-e-branca-como-neve-nao-queima-os-pes-e-o-mar-tem-aguas-tao-cristalinas-que-parece-uma-piscina\/#primaryimage","url":"https:\/\/www.uai.com.br\/uainoticias\/wp-content\/uploads\/2025\/12\/image-53.png","contentUrl":"https:\/\/www.uai.com.br\/uainoticias\/wp-content\/uploads\/2025\/12\/image-53.png","width":1280,"height":720,"caption":"Cabo Frio encanta com areia branca e mar cristalino na Regi\u00e3o dos Lagos"},{"@type":"BreadcrumbList","@id":"https:\/\/www.uai.com.br\/uainoticias\/2026\/04\/26\/o-caribe-brasileiro-onde-a-areia-e-branca-como-neve-nao-queima-os-pes-e-o-mar-tem-aguas-tao-cristalinas-que-parece-uma-piscina\/#breadcrumb","itemListElement":[{"@type":"ListItem","position":1,"name":"In\u00edcio","item":"https:\/\/www.uai.com.br\/uainoticias\/"},{"@type":"ListItem","position":2,"name":"O Caribe Brasileiro onde a areia \u00e9 branca como neve: n\u00e3o queima os p\u00e9s e o mar tem \u00e1guas t\u00e3o cristalinas que parece uma piscina"}]},{"@type":"WebSite","@id":"https:\/\/www.uai.com.br\/uainoticias\/#website","url":"https:\/\/www.uai.com.br\/uainoticias\/","name":"UAI Not\u00edcias","description":"Acompanhe as \u00faltimas not\u00edcias e fique bem informado sobre tudo o que acontece no Brasil e no mundo.","potentialAction":[{"@type":"SearchAction","target":{"@type":"EntryPoint","urlTemplate":"https:\/\/www.uai.com.br\/uainoticias\/?s={search_term_string}"},"query-input":{"@type":"PropertyValueSpecification","valueRequired":true,"valueName":"search_term_string"}}],"inLanguage":"pt-BR"},{"@type":"Person","@id":"https:\/\/www.uai.com.br\/uainoticias\/#\/schema\/person\/03130d752d0ce4e3bb0f607f1bc85084","name":"Vitor Bruno","image":{"@type":"ImageObject","inLanguage":"pt-BR","@id":"https:\/\/www.uai.com.br\/uainoticias\/#\/schema\/person\/image\/","url":"https:\/\/secure.gravatar.com\/avatar\/ab0513148053bbb80c117cdd35f8a0f2742d41eebbac321acf8df2e633d81609?s=96&d=mm&r=g","contentUrl":"https:\/\/secure.gravatar.com\/avatar\/ab0513148053bbb80c117cdd35f8a0f2742d41eebbac321acf8df2e633d81609?s=96&d=mm&r=g","caption":"Vitor Bruno"},"sameAs":["https:\/\/www.uai.com.br\/uainoticias\/"],"url":"https:\/\/www.uai.com.br\/uainoticias\/author\/vitor\/"}]}},"_links":{"self":[{"href":"https:\/\/www.uai.com.br\/uainoticias\/wp-json\/wp\/v2\/posts\/127434","targetHints":{"allow":["GET"]}}],"collection":[{"href":"https:\/\/www.uai.com.br\/uainoticias\/wp-json\/wp\/v2\/posts"}],"about":[{"href":"https:\/\/www.uai.com.br\/uainoticias\/wp-json\/wp\/v2\/types\/post"}],"author":[{"embeddable":true,"href":"https:\/\/www.uai.com.br\/uainoticias\/wp-json\/wp\/v2\/users\/14"}],"replies":[{"embeddable":true,"href":"https:\/\/www.uai.com.br\/uainoticias\/wp-json\/wp\/v2\/comments?post=127434"}],"version-history":[{"count":4,"href":"https:\/\/www.uai.com.br\/uainoticias\/wp-json\/wp\/v2\/posts\/127434\/revisions"}],"predecessor-version":[{"id":127506,"href":"https:\/\/www.uai.com.br\/uainoticias\/wp-json\/wp\/v2\/posts\/127434\/revisions\/127506"}],"wp:featuredmedia":[{"embeddable":true,"href":"https:\/\/www.uai.com.br\/uainoticias\/wp-json\/wp\/v2\/media\/96977"}],"wp:attachment":[{"href":"https:\/\/www.uai.com.br\/uainoticias\/wp-json\/wp\/v2\/media?parent=127434"}],"wp:term":[{"taxonomy":"category","embeddable":true,"href":"https:\/\/www.uai.com.br\/uainoticias\/wp-json\/wp\/v2\/categories?post=127434"},{"taxonomy":"post_tag","embeddable":true,"href":"https:\/\/www.uai.com.br\/uainoticias\/wp-json\/wp\/v2\/tags?post=127434"}],"curies":[{"name":"wp","href":"https:\/\/api.w.org\/{rel}","templated":true}]}}