{"id":127433,"date":"2026-04-27T20:25:00","date_gmt":"2026-04-27T23:25:00","guid":{"rendered":"https:\/\/www.uai.com.br\/uainoticias\/?p=127433"},"modified":"2026-04-26T08:44:33","modified_gmt":"2026-04-26T11:44:33","slug":"a-3a-melhor-cidade-do-brasil-para-se-viver-a-terra-da-uva-tem-354-km2-de-mata-atlantica-protegida-internacionalmente-e-a-unica-niagara-rosada-do-mundo","status":"publish","type":"post","link":"https:\/\/www.uai.com.br\/uainoticias\/2026\/04\/27\/a-3a-melhor-cidade-do-brasil-para-se-viver-a-terra-da-uva-tem-354-km2-de-mata-atlantica-protegida-internacionalmente-e-a-unica-niagara-rosada-do-mundo\/","title":{"rendered":"A 3\u00aa melhor cidade do Brasil para se viver: a Terra da Uva tem 354 km\u00b2 de Mata Atl\u00e2ntica protegida internacionalmente e a \u00fanica ni\u00e1gara rosada do mundo"},"content":{"rendered":"\n<p>A 60 km da capital paulista pela Rodovia Anhanguera, <strong>Jundia\u00ed<\/strong> recebe quem chega entre vinhedos centen\u00e1rios e a maior reserva cont\u00ednua de Mata Atl\u00e2ntica do interior de <strong>S\u00e3o Paulo<\/strong>. A cidade \u00e9 a \u00fanica no mundo a abrigar a uva ni\u00e1gara rosada, fruto de uma muta\u00e7\u00e3o gen\u00e9tica espont\u00e2nea ocorrida em 1933.<\/p>\n\n\n\n<h2 class=\"wp-block-heading\">Como uma muta\u00e7\u00e3o gen\u00e9tica em 1933 mudou a hist\u00f3ria da Terra da Uva<\/h2>\n\n\n\n<p>Fundada em 14 de dezembro de 1655, <strong>Jundia\u00ed<\/strong> teve sua identidade transformada com a chegada de imigrantes italianos no fim do s\u00e9culo XIX. As fam\u00edlias trouxeram a tradi\u00e7\u00e3o vitivin\u00edcola e plantaram videiras nas encostas de bairros como o Travi\u00fa, territ\u00f3rio rural que viraria o cora\u00e7\u00e3o agr\u00edcola do munic\u00edpio.<\/p>\n\n\n\n<p>Em 1933, um vinhedo do bairro presenciou um fen\u00f4meno raro: uma muta\u00e7\u00e3o gen\u00e9tica espont\u00e2nea originou a uva ni\u00e1gara rosada, variedade que existe somente em Jundia\u00ed. O acontecimento motivou a cria\u00e7\u00e3o da Festa da Uva no ano seguinte, em 1934, evento que recebeu mais de 100 mil visitantes em sua primeira edi\u00e7\u00e3o e segue como tradi\u00e7\u00e3o quase centen\u00e1ria do calend\u00e1rio paulista.<\/p>\n\n\n<div class=\"wp-block-image\">\n<figure class=\"aligncenter size-large\"><img decoding=\"async\" width=\"1024\" height=\"576\" src=\"https:\/\/www.uai.com.br\/uainoticias\/wp-content\/uploads\/2026\/01\/Jundiai_1732539456079-1024x576.jpg\" alt=\"\" class=\"wp-image-99772\" srcset=\"https:\/\/www.uai.com.br\/uainoticias\/wp-content\/uploads\/2026\/01\/Jundiai_1732539456079-1024x576.jpg 1024w, https:\/\/www.uai.com.br\/uainoticias\/wp-content\/uploads\/2026\/01\/Jundiai_1732539456079-300x169.jpg 300w, https:\/\/www.uai.com.br\/uainoticias\/wp-content\/uploads\/2026\/01\/Jundiai_1732539456079-768x432.jpg 768w, https:\/\/www.uai.com.br\/uainoticias\/wp-content\/uploads\/2026\/01\/Jundiai_1732539456079-750x422.jpg 750w, https:\/\/www.uai.com.br\/uainoticias\/wp-content\/uploads\/2026\/01\/Jundiai_1732539456079-1140x641.jpg 1140w, https:\/\/www.uai.com.br\/uainoticias\/wp-content\/uploads\/2026\/01\/Jundiai_1732539456079.jpg 1280w\" sizes=\"(max-width: 1024px) 100vw, 1024px\" \/><figcaption class=\"wp-element-caption\">Jundia\u00ed une desenvolvimento econ\u00f4mico e alta qualidade de vida \/\/ Cr\u00e9ditos: depositphotos.com \/ PedroTruffi<\/figcaption><\/figure><\/div>\n\n\n<h2 class=\"wp-block-heading\">Vale a pena viver na 3\u00aa melhor cidade do Brasil?<\/h2>\n\n\n\n<p>Sim, e os indicadores s\u00e3o contundentes. <strong>Jundia\u00ed<\/strong> conquistou a 3\u00aa coloca\u00e7\u00e3o no ranking nacional de qualidade de vida do <a href=\"https:\/\/ipsbrasil.org.br\/pt\/blog\/noticias\/10\" target=\"_blank\" rel=\"noreferrer noopener\"><strong>\u00cdndice de Progresso Social Brasil<\/strong><\/a> 2025, com nota 70,70, atr\u00e1s apenas das paulistas Gavi\u00e3o Peixoto e Gabriel Monteiro. O resultado coloca a cidade entre as tr\u00eas melhores do pa\u00eds entre 5.570 munic\u00edpios avaliados em 57 indicadores sociais e ambientais.<\/p>\n\n\n\n<p>Segundo a <a href=\"https:\/\/tribunadejundiai.com.br\/cidades\/jundiai\/jundiai-top-3-qualidade-de-vida-brasil\/\" target=\"_blank\" rel=\"noreferrer noopener\"><strong>Prefeitura de Jundia\u00ed<\/strong><\/a>, o munic\u00edpio se destacou em sa\u00fade, educa\u00e7\u00e3o, saneamento, acesso \u00e0 informa\u00e7\u00e3o e qualidade ambiental. Entre os 60 munic\u00edpios mais bem colocados do ranking, 44 s\u00e3o paulistas, segundo a <a href=\"https:\/\/www.turismo.sp.gov.br\/cidades-paulistas-lideram-ranking-nacional-de-qualidade-de-vida-segundo-ips-brasil-2025\" target=\"_blank\" rel=\"noreferrer noopener\"><strong>Secretaria de Turismo e Viagens de S\u00e3o Paulo<\/strong><\/a>, e Jundia\u00ed foi a melhor pontuada entre os Munic\u00edpios de Interesse Tur\u00edstico do estado.<\/p>\n\n\n<div class=\"wp-block-image\">\n<figure class=\"aligncenter size-large\"><img decoding=\"async\" width=\"1024\" height=\"576\" src=\"https:\/\/www.uai.com.br\/uainoticias\/wp-content\/uploads\/2026\/01\/Jundiai_1732539427247-1024x576.jpg\" alt=\"\" class=\"wp-image-99771\" srcset=\"https:\/\/www.uai.com.br\/uainoticias\/wp-content\/uploads\/2026\/01\/Jundiai_1732539427247-1024x576.jpg 1024w, https:\/\/www.uai.com.br\/uainoticias\/wp-content\/uploads\/2026\/01\/Jundiai_1732539427247-300x169.jpg 300w, https:\/\/www.uai.com.br\/uainoticias\/wp-content\/uploads\/2026\/01\/Jundiai_1732539427247-768x432.jpg 768w, https:\/\/www.uai.com.br\/uainoticias\/wp-content\/uploads\/2026\/01\/Jundiai_1732539427247-750x422.jpg 750w, https:\/\/www.uai.com.br\/uainoticias\/wp-content\/uploads\/2026\/01\/Jundiai_1732539427247-1140x641.jpg 1140w, https:\/\/www.uai.com.br\/uainoticias\/wp-content\/uploads\/2026\/01\/Jundiai_1732539427247.jpg 1280w\" sizes=\"(max-width: 1024px) 100vw, 1024px\" \/><figcaption class=\"wp-element-caption\">Jundia\u00ed atrai moradores com planejamento urbano eficiente \/\/ Cr\u00e9ditos: depositphotos.com \/ PedroTruffi<\/figcaption><\/figure><\/div>\n\n\n<p><strong>Leia tamb\u00e9m: <a href=\"https:\/\/www.uai.com.br\/uainoticias\/2026\/04\/25\/essa-cidade-nordestina-esta-em-alta-447-mais-estrangeiros-escolheram-esse-paraiso-de-mar-morno-e-brisa-perfeita\/\" target=\"_blank\" rel=\"noreferrer noopener\">Essa cidade nordestina est\u00e1 em alta: 44,7% mais estrangeiros escolheram esse para\u00edso de mar morno e brisa perfeita<\/a><\/strong><\/p>\n\n\n\n<h2 class=\"wp-block-heading\">O que fazer entre vinhedos e uma das maiores reservas da biosfera<\/h2>\n\n\n\n<p>O roteiro mistura enoturismo, patrim\u00f4nio hist\u00f3rico e ecoturismo em uma das \u00faltimas grandes \u00e1reas de Mata Atl\u00e2ntica preservada do interior paulista. Os principais atrativos:<\/p>\n\n\n\n<ul class=\"wp-block-list\">\n<li><strong>Serra do Japi<\/strong>: cadeia montanhosa de 354 km\u00b2 considerada Reserva da Biosfera da Mata Atl\u00e2ntica pela UNESCO em 1992 e tombada pelo CONDEPHAAT em 1983, com mais de 650 esp\u00e9cies de borboletas e fauna amea\u00e7ada de extin\u00e7\u00e3o como a on\u00e7a parda.<\/li>\n\n\n\n<li><strong>Parque Comendador Ant\u00f4nio Carbonari<\/strong>: o Parque da Uva, no bairro Anhangaba\u00fa, sede da Festa da Uva desde sua inaugura\u00e7\u00e3o em 1953.<\/li>\n\n\n\n<li><strong>Complexo FEPASA<\/strong>: antigo conjunto ferrovi\u00e1rio restaurado, hoje espa\u00e7o cultural com museus, salas de exposi\u00e7\u00e3o e a Sala Jundia\u00ed.<\/li>\n\n\n\n<li><strong>Catedral Nossa Senhora do Desterro<\/strong>: marco religioso do centro hist\u00f3rico, dedicada \u00e0 padroeira da cidade.<\/li>\n\n\n\n<li><strong>Teatro Polytheama<\/strong>: casa centen\u00e1ria com programa\u00e7\u00e3o regular de m\u00fasica, dan\u00e7a e teatro do interior paulista.<\/li>\n\n\n\n<li><strong>Parque da Cidade<\/strong>: 500 mil m\u00b2 inaugurados em 2004 com pistas de cooper, jardim japon\u00eas, quadras e p\u00eder \u00e0s margens da represa.<\/li>\n<\/ul>\n\n\n\n<p>A cena gastron\u00f4mica reflete a forte heran\u00e7a italiana e a tradi\u00e7\u00e3o rural com seis rotas tur\u00edsticas oficiais mantidas pela Prefeitura. Os pratos e produtos t\u00edpicos:<\/p>\n\n\n\n<ul class=\"wp-block-list\">\n<li><strong>Vinhos de Jundia\u00ed<\/strong>: a regi\u00e3o responde por cerca de 30% da produ\u00e7\u00e3o paulista de vinho, com adegas familiares espalhadas pela Rota da Uva e Rota do Vinho.<\/li>\n\n\n\n<li><strong>Uva ni\u00e1gara rosada<\/strong>: variedade exclusiva da cidade, vendida fresca, em sucos artesanais e em receitas criativas como p\u00e3o de uva e coxinha de vinho na Festa da Uva.<\/li>\n\n\n\n<li><strong>Caf\u00e9 colonial italiano<\/strong>: tradi\u00e7\u00e3o das propriedades rurais da Rota da Cultura Italiana, com massas, polentas e doces caseiros servidos em mesas fartas.<\/li>\n\n\n\n<li><strong>Cerveja artesanal<\/strong>: produ\u00e7\u00e3o crescente reunida na Rota da Cerveja Artesanal, uma das seis rotas tur\u00edsticas oficiais do munic\u00edpio.<\/li>\n<\/ul>\n\n\n\n<p>Quem busca o que fazer em um roteiro de um dia em <strong>S\u00e3o Paulo<\/strong>, vai curtir esse v\u00eddeo especialmente selecionado do canal <strong>TADI viagem<\/strong>, que conta com mais de <strong>28 mil<\/strong> visualiza\u00e7\u00f5es, onde <strong>Diogo e Tati<\/strong> mostram as melhores vin\u00edcolas e pontos tur\u00edsticos de <strong>Jundia\u00ed<\/strong>:<\/p>\n\n\n\n<figure class=\"wp-block-embed is-type-video is-provider-youtube wp-block-embed-youtube wp-embed-aspect-16-9 wp-has-aspect-ratio\"><div class=\"wp-block-embed__wrapper\">\n<div class=\"jeg_video_container jeg_video_content\"><iframe loading=\"lazy\" title=\"JUNDIAI SP, O QUE FAZER EM UM DIA | MELHORES VIN\u00cdCOLAS\" width=\"500\" height=\"281\" src=\"https:\/\/www.youtube.com\/embed\/MTuxzt-mKV0?start=24&#038;feature=oembed\" frameborder=\"0\" allow=\"accelerometer; autoplay; clipboard-write; encrypted-media; gyroscope; picture-in-picture; web-share\" referrerpolicy=\"strict-origin-when-cross-origin\" allowfullscreen><\/iframe><\/div>\n<\/div><\/figure>\n\n\n\n<h2 class=\"wp-block-heading\">Quando o clima ajuda cada tipo de programa na cidade<\/h2>\n\n\n\n<p>O clima \u00e9 tropical de altitude, com ver\u00f5es quentes e chuvosos e invernos amenos e secos. A altitude de cerca de 760 metros mant\u00e9m as noites mais agrad\u00e1veis que na capital. A tabela abaixo organiza as condi\u00e7\u00f5es por esta\u00e7\u00e3o:<\/p>\n\n\n\n<style>\n    .clima-grid-uai102 { \n        --cor-primaria: #0278c0; --cor-secundaria: #ffd31a; --cor-txt-secundaria: #0278c0;\n        display: grid; grid-template-columns: repeat(auto-fit, minmax(190px, 1fr)); gap: 15px; justify-content: center; padding: 10px;\n    }\n    .clima-card-uai102 { border: 5px solid var(--cor-primaria); border-top: 5px solid var(--cor-secundaria); border-radius: 12px; background-color: var(--cor-primaria); background-clip: padding-box; display: flex; flex-direction: column; overflow: hidden; cursor: pointer; box-shadow: 0 6px 12px rgba(0,0,0, 0.2); transition: transform 0.2s ease, box-shadow 0.2s ease; -webkit-tap-highlight-color: transparent; user-select: none; transform: translateZ(0); animation: wmFadeIn 0.6s cubic-bezier(0.2, 0.8, 0.2, 1) backwards; }\n    .clima-card-uai102:focus-visible { outline: 3px dashed var(--cor-secundaria); outline-offset: 4px; }\n    .clima-card-uai102:nth-child(1) { animation-delay: 0.1s; } .clima-card-uai102:nth-child(2) { animation-delay: 0.2s; } .clima-card-uai102:nth-child(3) { animation-delay: 0.3s; } .clima-card-uai102:nth-child(4) { animation-delay: 0.4s; }\n    @keyframes wmFadeIn { from { opacity: 0; transform: translateY(30px); } to { opacity: 1; transform: translateY(0); } }\n    .clima-card-uai102:hover { transform: translateY(-5px); box-shadow: 0 15px 30px rgba(0,0,0, 0.3); }\n    .clima-card-uai102:active { transform: translateY(-1px) scale(0.97); box-shadow: 0 3px 6px rgba(0,0,0, 0.2); transition: transform 0.05s ease, box-shadow 0.05s ease; }\n    .clima-header-uai102 { background: #fdfbf5; padding: 15px 10px; text-align: center; display: flex; flex-direction: column; align-items: center; justify-content: center; }\n    .clima-body-uai102 { background: #ffffff; padding: 15px; display: flex; flex-direction: column; flex-grow: 1; align-items: center; }\n    .clima-destaque-uai102 { box-shadow: 0 8px 16px rgba(0,0,0, 0.25); }\n    .clima-destaque-uai102:hover { box-shadow: 0 18px 36px rgba(0,0,0, 0.35); }\n    .clima-destaque-uai102 .clima-header-uai102 { background: var(--cor-secundaria); }\n    .clima-destaque-uai102 .clima-header-uai102 .clima-titulo-uai102 { color: var(--cor-txt-secundaria) !important; } \n    .clima-pill-uai102 { display: flex; white-space: normal; max-width: 100%; box-sizing: border-box; justify-content: center; align-items: center; text-align: center; background: #e6f2fa; color: var(--cor-primaria); font-size: 11px; font-weight: 900 !important; letter-spacing: 0.5px; padding: 8px 16px; border-radius: 16px; text-transform: uppercase; line-height: 1.4; box-shadow: 0 4px 8px rgba(0,0,0, 0.15); margin-top: auto; transition: transform 0.2s ease; }\n    .clima-destaque-uai102 .clima-pill-uai102 { background: var(--cor-primaria); color: #ffffff; border: 1px solid #ffffff; } \n    .clima-card-uai102:hover .clima-pill-uai102 { transform: scale(1.06); }\n    .clima-pill-uai102 span { font-weight: 900 !important; color: inherit; } \n    .clima-emoji-uai102 { font-size: 24px; line-height: 1; margin-bottom: 5px; }\n    .clima-titulo-uai102 { color: var(--cor-primaria); font-size: 16px; text-transform: uppercase; margin-top: 5px; font-weight: bold; }\n    .clima-mes-uai102 { font-size: 11px; font-weight: 800; color: var(--cor-primaria); text-transform: uppercase; margin-bottom: 5px; display: block; }\n    .clima-temp-uai102 { font-size: 26px; font-weight: 900; color: var(--cor-primaria); margin-bottom: 10px; }\n    .clima-desc-uai102 { font-size: 13px; color: #444; text-align: center; line-height: 1.5; margin-bottom: 15px; flex-grow: 1;}\n    .clima-desc-uai102 strong { color: #111; }\n    @media (prefers-color-scheme: dark) {\n        .clima-card-uai102 { border-color: #014f7d; background-color: #014f7d; box-shadow: 0 6px 12px rgba(0,0,0, 0.5); }\n        .clima-header-uai102 { background: #1a1a1a; } .clima-body-uai102 { background: #121212; }\n        .clima-destaque-uai102 .clima-header-uai102 { background: var(--cor-secundaria); }\n        .clima-destaque-uai102 .clima-header-uai102 .clima-titulo-uai102 { color: var(--cor-txt-secundaria) !important; }\n        .clima-titulo-uai102 { color: #63b2e8; } .clima-mes-uai102 { color: #63b2e8; } .clima-temp-uai102 { color: #63b2e8; } .clima-desc-uai102 { color: #cccccc; } .clima-desc-uai102 strong { color: #ffffff; }\n        .clima-pill-uai102 { background: #014f7d; color: #ffffff; box-shadow: 0 4px 8px rgba(0, 0, 0, 0.5); }\n        .clima-destaque-uai102 .clima-pill-uai102 { background: #013859; color: #ffffff; border-color: #63b2e8; }\n    }\n<\/style>\n<div class=\"google-auto-ads-ignore clima-grid-uai102\" style=\"box-sizing: border-box; width: 100%; max-width: 980px; margin: 30px auto; font-family: 'Segoe UI', Roboto, Helvetica, Arial, sans-serif;\">\n    <div class=\"clima-card-uai102 clima-destaque-uai102\" tabindex=\"0\">\n        <div class=\"clima-header-uai102\"><div class=\"clima-emoji-uai102\" aria-hidden=\"true\">\ud83c\udf47<\/div><div class=\"clima-titulo-uai102\">Ver\u00e3o<\/div><\/div>\n        <div class=\"clima-body-uai102\">\n            <time class=\"clima-mes-uai102\">Dezembro a fevereiro<\/time><div class=\"clima-temp-uai102\">18\u00b0C a 30\u00b0C<\/div>\n            <div class=\"clima-desc-uai102\">O \u00e1pice tur\u00edstico! Mesmo com o \u00edndice alto de chuvas, a cidade ferve de cultura e sabores com a grandiosa <strong>Festa da Uva e visitas \u00e0s adegas<\/strong>.<\/div>\n            <div class=\"clima-pill-uai102\"><span>\u2b50 Alta Temporada \/ Festa da Uva<\/span><\/div>\n        <\/div>\n    <\/div>\n    <div class=\"clima-card-uai102\" tabindex=\"0\">\n        <div class=\"clima-header-uai102\"><div class=\"clima-emoji-uai102\" aria-hidden=\"true\">\ud83e\udd7e<\/div><div class=\"clima-titulo-uai102\">Outono<\/div><\/div>\n        <div class=\"clima-body-uai102\">\n            <time class=\"clima-mes-uai102\">Mar\u00e7o a maio<\/time><div class=\"clima-temp-uai102\">14\u00b0C a 27\u00b0C<\/div>\n            <div class=\"clima-desc-uai102\">A temperatura come\u00e7a a cair, mas as chuvas escasseiam. Fase c\u00eanica e confort\u00e1vel para explorar as matas e <strong>trilhas na Serra do Japi<\/strong>.<\/div>\n            <div class=\"clima-pill-uai102\"><span>\ud83c\udf24\ufe0f Chuva Baixa<\/span><\/div>\n        <\/div>\n    <\/div>\n    <div class=\"clima-card-uai102\" tabindex=\"0\">\n        <div class=\"clima-header-uai102\"><div class=\"clima-emoji-uai102\" aria-hidden=\"true\">\ud83c\udf77<\/div><div class=\"clima-titulo-uai102\">Inverno<\/div><\/div>\n        <div class=\"clima-body-uai102\">\n            <time class=\"clima-mes-uai102\">Junho a agosto<\/time><div class=\"clima-temp-uai102\">10\u00b0C a 23\u00b0C<\/div>\n            <div class=\"clima-desc-uai102\">A altitude garante noites geladas e dias muito secos. O cen\u00e1rio ideal e aconchegante para desfrutar de um bom <strong>caf\u00e9 colonial e a Rota do Vinho<\/strong>.<\/div>\n            <div class=\"clima-pill-uai102\"><span>\ud83c\udf92 Chuva Baixa \/ Frio<\/span><\/div>\n        <\/div>\n    <\/div>\n    <div class=\"clima-card-uai102\" tabindex=\"0\">\n        <div class=\"clima-header-uai102\"><div class=\"clima-emoji-uai102\" aria-hidden=\"true\">\ud83c\udf33<\/div><div class=\"clima-titulo-uai102\">Primavera<\/div><\/div>\n        <div class=\"clima-body-uai102\">\n            <time class=\"clima-mes-uai102\">Setembro a novembro<\/time><div class=\"clima-temp-uai102\">14\u00b0C a 28\u00b0C<\/div>\n            <div class=\"clima-desc-uai102\">As flores renovam o ar do interior paulista com chuvas na m\u00e9dia. \u00d3tima \u00e9poca para caminhar pelo <strong>Centro hist\u00f3rico e relaxar no Parque da Cidade<\/strong>.<\/div>\n            <div class=\"clima-pill-uai102\"><span>\u2601\ufe0f Chuva M\u00e9dia<\/span><\/div>\n        <\/div>\n    <\/div>\n<\/div>\n\n\n\n<p><em>Temperaturas aproximadas com base no <a href=\"https:\/\/www.climatempo.com.br\/previsao-do-tempo\/cidade\/473\/jundiai-sp\" target=\"_blank\" rel=\"noreferrer noopener\"><strong>Climatempo<\/strong><\/a>. Condi\u00e7\u00f5es podem variar.<\/em><\/p>\n\n\n\n<p>O ver\u00e3o concentra a Festa da Uva, realizada em quatro finais de semana entre janeiro e fevereiro com entrada gratuita no Parque da Uva, segundo a <a href=\"https:\/\/festadauva.jundiai.sp.gov.br\/sobre-a-festa\/\" target=\"_blank\" rel=\"noreferrer noopener\"><strong>Prefeitura de Jundia\u00ed<\/strong><\/a>. O outono e o inverno secos s\u00e3o a melhor janela para trilhas na Serra do Japi e visitas \u00e0s adegas familiares espalhadas pelos bairros rurais.<\/p>\n\n\n\n<h2 class=\"wp-block-heading\">Como chegar \u00e0 Capital da Uva paulista<\/h2>\n\n\n\n<p>O acesso principal \u00e9 pela <strong>Rodovia Anhanguera (SP-330)<\/strong> ou pela <strong>Rodovia dos Bandeirantes (SP-348)<\/strong>, ambas em \u00f3timo estado, que ligam <strong>Jundia\u00ed<\/strong> \u00e0 capital paulista em cerca de 1h de carro. A cidade fica tamb\u00e9m a 50 km de <strong>Campinas<\/strong> e a 70 km de <strong>Sorocaba<\/strong>.<\/p>\n\n\n\n<p>O Aeroporto Internacional de Viracopos, em Campinas, \u00e9 o mais pr\u00f3ximo com voos regulares e fica a aproximadamente 35 km de Jundia\u00ed. A Linha 7-Rubi da CPTM conecta a cidade \u00e0 Esta\u00e7\u00e3o da Luz, em S\u00e3o Paulo, em cerca de 1h30 de viagem, op\u00e7\u00e3o popular entre visitantes que dispensam o carro.<\/p>\n\n\n\n<h2 class=\"wp-block-heading\">O Brasil precisa visitar a Terra da Uva<\/h2>\n\n\n\n<p>Jundia\u00ed entrega o que muitas cidades brasileiras prometem: planejamento urbano, qualidade de vida acima de qualquer capital, heran\u00e7a cultural italiana viva e uma das maiores reservas da biosfera do estado. A combina\u00e7\u00e3o de vinhedos centen\u00e1rios, cozinha familiar e Mata Atl\u00e2ntica preservada faz da cidade um destino raro a uma hora da maior metr\u00f3pole do pa\u00eds.<\/p>\n\n\n\n<p>Voc\u00ea precisa subir at\u00e9 a Serra do Japi e brindar ao p\u00f4r do sol em Jundia\u00ed, a cidade onde uma muta\u00e7\u00e3o gen\u00e9tica virou tradi\u00e7\u00e3o quase centen\u00e1ria.<\/p>\n","protected":false},"excerpt":{"rendered":"<p>A 60 km da capital paulista pela Rodovia Anhanguera, Jundia\u00ed recebe quem chega entre vinhedos centen\u00e1rios e a maior reserva cont\u00ednua de Mata Atl\u00e2ntica do interior de S\u00e3o Paulo. A cidade \u00e9 a \u00fanica no mundo a abrigar a uva ni\u00e1gara rosada, fruto de uma muta\u00e7\u00e3o gen\u00e9tica espont\u00e2nea ocorrida em 1933. Como uma muta\u00e7\u00e3o gen\u00e9tica [&hellip;]<\/p>\n","protected":false},"author":14,"featured_media":127615,"comment_status":"open","ping_status":"open","sticky":false,"template":"","format":"standard","meta":{"jnews-multi-image_gallery":[],"jnews_single_post":{"format":"standard"},"jnews_primary_category":[],"jnews_social_meta":[],"jnews_override_counter":[],"footnotes":""},"categories":[210],"tags":[234,2934,360],"class_list":["post-127433","post","type-post","status-publish","format-standard","has-post-thumbnail","hentry","category-cidades","tag-cidades","tag-jundiai","tag-sao-paulo"],"yoast_head":"<!-- This site is optimized with the Yoast SEO plugin v26.5 - https:\/\/yoast.com\/wordpress\/plugins\/seo\/ -->\n<title>A 3\u00aa melhor cidade do Brasil para se viver: a Terra da Uva tem 354 km\u00b2 de Mata Atl\u00e2ntica protegida internacionalmente e a \u00fanica ni\u00e1gara rosada do mundo - UAI Not\u00edcias<\/title>\n<meta name=\"description\" content=\"A Terra da Uva \u00e9 a 3\u00aa melhor cidade do pa\u00eds para viver e protege 354 km\u00b2 de mata atl\u00e2ntica. Conhe\u00e7a a rara ni\u00e1gara rosada. Veja.\" \/>\n<meta name=\"robots\" content=\"index, follow, max-snippet:-1, max-image-preview:large, max-video-preview:-1\" \/>\n<link rel=\"canonical\" href=\"https:\/\/www.uai.com.br\/uainoticias\/2026\/04\/27\/a-3a-melhor-cidade-do-brasil-para-se-viver-a-terra-da-uva-tem-354-km2-de-mata-atlantica-protegida-internacionalmente-e-a-unica-niagara-rosada-do-mundo\/\" \/>\n<meta property=\"og:locale\" content=\"pt_BR\" \/>\n<meta property=\"og:type\" content=\"article\" \/>\n<meta property=\"og:title\" content=\"A 3\u00aa melhor cidade do Brasil para se viver: a Terra da Uva tem 354 km\u00b2 de Mata Atl\u00e2ntica protegida internacionalmente e a \u00fanica ni\u00e1gara rosada do mundo - UAI Not\u00edcias\" \/>\n<meta property=\"og:description\" content=\"A Terra da Uva \u00e9 a 3\u00aa melhor cidade do pa\u00eds para viver e protege 354 km\u00b2 de mata atl\u00e2ntica. Conhe\u00e7a a rara ni\u00e1gara rosada. Veja.\" \/>\n<meta property=\"og:url\" content=\"https:\/\/www.uai.com.br\/uainoticias\/2026\/04\/27\/a-3a-melhor-cidade-do-brasil-para-se-viver-a-terra-da-uva-tem-354-km2-de-mata-atlantica-protegida-internacionalmente-e-a-unica-niagara-rosada-do-mundo\/\" \/>\n<meta property=\"og:site_name\" content=\"UAI Not\u00edcias\" \/>\n<meta property=\"article:published_time\" content=\"2026-04-27T23:25:00+00:00\" \/>\n<meta property=\"og:image\" content=\"https:\/\/www.uai.com.br\/uainoticias\/wp-content\/uploads\/2026\/04\/Woman_walking_with_202604260843-scaled.jpg\" \/>\n\t<meta property=\"og:image:width\" content=\"2560\" \/>\n\t<meta property=\"og:image:height\" content=\"1440\" \/>\n\t<meta property=\"og:image:type\" content=\"image\/jpeg\" \/>\n<meta name=\"author\" content=\"Vitor Bruno\" \/>\n<meta name=\"twitter:card\" content=\"summary_large_image\" \/>\n<meta name=\"twitter:label1\" content=\"Escrito por\" \/>\n\t<meta name=\"twitter:data1\" content=\"Vitor Bruno\" \/>\n\t<meta name=\"twitter:label2\" content=\"Est. tempo de leitura\" \/>\n\t<meta name=\"twitter:data2\" content=\"7 minutos\" \/>\n<!-- \/ Yoast SEO plugin. -->","yoast_head_json":{"title":"A 3\u00aa melhor cidade do Brasil para se viver: a Terra da Uva tem 354 km\u00b2 de Mata Atl\u00e2ntica protegida internacionalmente e a \u00fanica ni\u00e1gara rosada do mundo - UAI Not\u00edcias","description":"A Terra da Uva \u00e9 a 3\u00aa melhor cidade do pa\u00eds para viver e protege 354 km\u00b2 de mata atl\u00e2ntica. Conhe\u00e7a a rara ni\u00e1gara rosada. Veja.","robots":{"index":"index","follow":"follow","max-snippet":"max-snippet:-1","max-image-preview":"max-image-preview:large","max-video-preview":"max-video-preview:-1"},"canonical":"https:\/\/www.uai.com.br\/uainoticias\/2026\/04\/27\/a-3a-melhor-cidade-do-brasil-para-se-viver-a-terra-da-uva-tem-354-km2-de-mata-atlantica-protegida-internacionalmente-e-a-unica-niagara-rosada-do-mundo\/","og_locale":"pt_BR","og_type":"article","og_title":"A 3\u00aa melhor cidade do Brasil para se viver: a Terra da Uva tem 354 km\u00b2 de Mata Atl\u00e2ntica protegida internacionalmente e a \u00fanica ni\u00e1gara rosada do mundo - UAI Not\u00edcias","og_description":"A Terra da Uva \u00e9 a 3\u00aa melhor cidade do pa\u00eds para viver e protege 354 km\u00b2 de mata atl\u00e2ntica. Conhe\u00e7a a rara ni\u00e1gara rosada. Veja.","og_url":"https:\/\/www.uai.com.br\/uainoticias\/2026\/04\/27\/a-3a-melhor-cidade-do-brasil-para-se-viver-a-terra-da-uva-tem-354-km2-de-mata-atlantica-protegida-internacionalmente-e-a-unica-niagara-rosada-do-mundo\/","og_site_name":"UAI Not\u00edcias","article_published_time":"2026-04-27T23:25:00+00:00","og_image":[{"width":2560,"height":1440,"url":"https:\/\/www.uai.com.br\/uainoticias\/wp-content\/uploads\/2026\/04\/Woman_walking_with_202604260843-scaled.jpg","type":"image\/jpeg"}],"author":"Vitor Bruno","twitter_card":"summary_large_image","twitter_misc":{"Escrito por":"Vitor Bruno","Est. tempo de leitura":"7 minutos"},"schema":{"@context":"https:\/\/schema.org","@graph":[{"@type":"WebPage","@id":"https:\/\/www.uai.com.br\/uainoticias\/2026\/04\/27\/a-3a-melhor-cidade-do-brasil-para-se-viver-a-terra-da-uva-tem-354-km2-de-mata-atlantica-protegida-internacionalmente-e-a-unica-niagara-rosada-do-mundo\/","url":"https:\/\/www.uai.com.br\/uainoticias\/2026\/04\/27\/a-3a-melhor-cidade-do-brasil-para-se-viver-a-terra-da-uva-tem-354-km2-de-mata-atlantica-protegida-internacionalmente-e-a-unica-niagara-rosada-do-mundo\/","name":"A 3\u00aa melhor cidade do Brasil para se viver: a Terra da Uva tem 354 km\u00b2 de Mata Atl\u00e2ntica protegida internacionalmente e a \u00fanica ni\u00e1gara rosada do mundo - UAI Not\u00edcias","isPartOf":{"@id":"https:\/\/www.uai.com.br\/uainoticias\/#website"},"primaryImageOfPage":{"@id":"https:\/\/www.uai.com.br\/uainoticias\/2026\/04\/27\/a-3a-melhor-cidade-do-brasil-para-se-viver-a-terra-da-uva-tem-354-km2-de-mata-atlantica-protegida-internacionalmente-e-a-unica-niagara-rosada-do-mundo\/#primaryimage"},"image":{"@id":"https:\/\/www.uai.com.br\/uainoticias\/2026\/04\/27\/a-3a-melhor-cidade-do-brasil-para-se-viver-a-terra-da-uva-tem-354-km2-de-mata-atlantica-protegida-internacionalmente-e-a-unica-niagara-rosada-do-mundo\/#primaryimage"},"thumbnailUrl":"https:\/\/www.uai.com.br\/uainoticias\/wp-content\/uploads\/2026\/04\/Woman_walking_with_202604260843-scaled.jpg","datePublished":"2026-04-27T23:25:00+00:00","author":{"@id":"https:\/\/www.uai.com.br\/uainoticias\/#\/schema\/person\/03130d752d0ce4e3bb0f607f1bc85084"},"description":"A Terra da Uva \u00e9 a 3\u00aa melhor cidade do pa\u00eds para viver e protege 354 km\u00b2 de mata atl\u00e2ntica. Conhe\u00e7a a rara ni\u00e1gara rosada. Veja.","breadcrumb":{"@id":"https:\/\/www.uai.com.br\/uainoticias\/2026\/04\/27\/a-3a-melhor-cidade-do-brasil-para-se-viver-a-terra-da-uva-tem-354-km2-de-mata-atlantica-protegida-internacionalmente-e-a-unica-niagara-rosada-do-mundo\/#breadcrumb"},"inLanguage":"pt-BR","potentialAction":[{"@type":"ReadAction","target":["https:\/\/www.uai.com.br\/uainoticias\/2026\/04\/27\/a-3a-melhor-cidade-do-brasil-para-se-viver-a-terra-da-uva-tem-354-km2-de-mata-atlantica-protegida-internacionalmente-e-a-unica-niagara-rosada-do-mundo\/"]}]},{"@type":"ImageObject","inLanguage":"pt-BR","@id":"https:\/\/www.uai.com.br\/uainoticias\/2026\/04\/27\/a-3a-melhor-cidade-do-brasil-para-se-viver-a-terra-da-uva-tem-354-km2-de-mata-atlantica-protegida-internacionalmente-e-a-unica-niagara-rosada-do-mundo\/#primaryimage","url":"https:\/\/www.uai.com.br\/uainoticias\/wp-content\/uploads\/2026\/04\/Woman_walking_with_202604260843-scaled.jpg","contentUrl":"https:\/\/www.uai.com.br\/uainoticias\/wp-content\/uploads\/2026\/04\/Woman_walking_with_202604260843-scaled.jpg","width":2560,"height":1440,"caption":"A 3\u00aa melhor cidade do Brasil para se viver: a Terra da Uva tem 354 km\u00b2 de Mata Atl\u00e2ntica protegida internacionalmente e a \u00fanica ni\u00e1gara rosada do mundo \/\/ IMAGEM ILUSTRATIVA"},{"@type":"BreadcrumbList","@id":"https:\/\/www.uai.com.br\/uainoticias\/2026\/04\/27\/a-3a-melhor-cidade-do-brasil-para-se-viver-a-terra-da-uva-tem-354-km2-de-mata-atlantica-protegida-internacionalmente-e-a-unica-niagara-rosada-do-mundo\/#breadcrumb","itemListElement":[{"@type":"ListItem","position":1,"name":"In\u00edcio","item":"https:\/\/www.uai.com.br\/uainoticias\/"},{"@type":"ListItem","position":2,"name":"A 3\u00aa melhor cidade do Brasil para se viver: a Terra da Uva tem 354 km\u00b2 de Mata Atl\u00e2ntica protegida internacionalmente e a \u00fanica ni\u00e1gara rosada do mundo"}]},{"@type":"WebSite","@id":"https:\/\/www.uai.com.br\/uainoticias\/#website","url":"https:\/\/www.uai.com.br\/uainoticias\/","name":"UAI Not\u00edcias","description":"Acompanhe as \u00faltimas not\u00edcias e fique bem informado sobre tudo o que acontece no Brasil e no mundo.","potentialAction":[{"@type":"SearchAction","target":{"@type":"EntryPoint","urlTemplate":"https:\/\/www.uai.com.br\/uainoticias\/?s={search_term_string}"},"query-input":{"@type":"PropertyValueSpecification","valueRequired":true,"valueName":"search_term_string"}}],"inLanguage":"pt-BR"},{"@type":"Person","@id":"https:\/\/www.uai.com.br\/uainoticias\/#\/schema\/person\/03130d752d0ce4e3bb0f607f1bc85084","name":"Vitor Bruno","image":{"@type":"ImageObject","inLanguage":"pt-BR","@id":"https:\/\/www.uai.com.br\/uainoticias\/#\/schema\/person\/image\/","url":"https:\/\/secure.gravatar.com\/avatar\/ab0513148053bbb80c117cdd35f8a0f2742d41eebbac321acf8df2e633d81609?s=96&d=mm&r=g","contentUrl":"https:\/\/secure.gravatar.com\/avatar\/ab0513148053bbb80c117cdd35f8a0f2742d41eebbac321acf8df2e633d81609?s=96&d=mm&r=g","caption":"Vitor Bruno"},"sameAs":["https:\/\/www.uai.com.br\/uainoticias\/"],"url":"https:\/\/www.uai.com.br\/uainoticias\/author\/vitor\/"}]}},"_links":{"self":[{"href":"https:\/\/www.uai.com.br\/uainoticias\/wp-json\/wp\/v2\/posts\/127433","targetHints":{"allow":["GET"]}}],"collection":[{"href":"https:\/\/www.uai.com.br\/uainoticias\/wp-json\/wp\/v2\/posts"}],"about":[{"href":"https:\/\/www.uai.com.br\/uainoticias\/wp-json\/wp\/v2\/types\/post"}],"author":[{"embeddable":true,"href":"https:\/\/www.uai.com.br\/uainoticias\/wp-json\/wp\/v2\/users\/14"}],"replies":[{"embeddable":true,"href":"https:\/\/www.uai.com.br\/uainoticias\/wp-json\/wp\/v2\/comments?post=127433"}],"version-history":[{"count":7,"href":"https:\/\/www.uai.com.br\/uainoticias\/wp-json\/wp\/v2\/posts\/127433\/revisions"}],"predecessor-version":[{"id":127612,"href":"https:\/\/www.uai.com.br\/uainoticias\/wp-json\/wp\/v2\/posts\/127433\/revisions\/127612"}],"wp:featuredmedia":[{"embeddable":true,"href":"https:\/\/www.uai.com.br\/uainoticias\/wp-json\/wp\/v2\/media\/127615"}],"wp:attachment":[{"href":"https:\/\/www.uai.com.br\/uainoticias\/wp-json\/wp\/v2\/media?parent=127433"}],"wp:term":[{"taxonomy":"category","embeddable":true,"href":"https:\/\/www.uai.com.br\/uainoticias\/wp-json\/wp\/v2\/categories?post=127433"},{"taxonomy":"post_tag","embeddable":true,"href":"https:\/\/www.uai.com.br\/uainoticias\/wp-json\/wp\/v2\/tags?post=127433"}],"curies":[{"name":"wp","href":"https:\/\/api.w.org\/{rel}","templated":true}]}}