{"id":127364,"date":"2026-04-26T10:15:00","date_gmt":"2026-04-26T13:15:00","guid":{"rendered":"https:\/\/www.uai.com.br\/uainoticias\/?p=127364"},"modified":"2026-04-25T16:09:40","modified_gmt":"2026-04-25T19:09:40","slug":"o-que-a-psicologia-explica-sobre-a-frase-de-arthur-schopenhauer-a-vida-balanca-como-um-pendulo-entre-a-dor-e-o-tedio-no-uso-compulsivo-do-feed","status":"publish","type":"post","link":"https:\/\/www.uai.com.br\/uainoticias\/2026\/04\/26\/o-que-a-psicologia-explica-sobre-a-frase-de-arthur-schopenhauer-a-vida-balanca-como-um-pendulo-entre-a-dor-e-o-tedio-no-uso-compulsivo-do-feed\/","title":{"rendered":"O que a psicologia explica sobre a frase de Arthur Schopenhauer \u201cA vida balan\u00e7a como um p\u00eandulo entre a dor e o t\u00e9dio\u201d no uso compulsivo do feed"},"content":{"rendered":"\n<style>\n    @import url('https:\/\/fonts.googleapis.com\/css2?family=Inter:wght@400;700&display=swap');\n\n    .psi-card {\n        max-width: 600px;\n        background-color: #ffffff;\n        border: 1px solid #b3e5fc;\n        border-radius: 15px;\n        padding: 30px;\n        font-family: 'Inter', sans-serif;\n        color: #333;\n        box-shadow: 0 4px 12px rgba(0, 0, 0, 0.05);\n        margin: 20px auto;\n    }\n\n    .psi-card-header {\n        display: flex;\n        align-items: center;\n        justify-content: center;\n        margin-bottom: 25px;\n    }\n\n    .psi-card-header::before,\n    .psi-card-header::after {\n        content: \"\";\n        flex: 1;\n        height: 1px;\n        background-color: #e0e0e0;\n    }\n\n    .psi-card-title {\n        font-size: 14px;\n        font-weight: 700;\n        letter-spacing: 2px;\n        color: #555;\n        margin: 0 15px;\n        text-transform: uppercase;\n        white-space: nowrap;\n    }\n\n    .psi-list {\n        list-style: none;\n        padding: 0;\n        margin: 0;\n    }\n\n    .psi-item {\n        display: flex;\n        align-items: flex-start;\n        margin-bottom: 20px;\n        line-height: 1.6;\n    }\n\n    .psi-bullet {\n        min-width: 10px;\n        height: 10px;\n        background-color: #5AC8FA;\n        border-radius: 50%;\n        margin-top: 7px;\n        margin-right: 15px;\n    }\n\n    .psi-content b {\n        color: #1a1a1a;\n        font-weight: 700;\n    }\n<\/style>\n\n<div class=\"psi-card\">\n    <div class=\"psi-card-header\">\n        <span class=\"psi-card-title\">Curiosidades da Psicologia<\/span>\n    <\/div>\n    <ul class=\"psi-list\">\n        <li class=\"psi-item\">\n            <div class=\"psi-bullet\"><\/div>\n            <div class=\"psi-content\">\n                <b>O P\u00eandulo Digital<\/b>: A psicologia explica que rolar o feed \u00e9 uma tentativa de fugir da &#8220;dor&#8221; do desejo insaci\u00e1vel ou do &#8220;t\u00e9dio&#8221; da satisfa\u00e7\u00e3o. Esse ciclo mant\u00e9m o c\u00e9rebro em busca eterna de dopamina, gerando um estado de estresse cr\u00f4nico por recompensas ef\u00eameras.\n            <\/div>\n        <\/li>\n        <li class=\"psi-item\">\n            <div class=\"psi-bullet\"><\/div>\n            <div class=\"psi-content\">\n                <b>Fuga do Vazio Existencial<\/b>: O h\u00e1bito de escanear conte\u00fados sem absorv\u00ea-los serve para silenciar o desconforto da pr\u00f3pria companhia. Ao preencher cada segundo de sil\u00eancio com ru\u00eddo visual, perdemos a capacidade de reflex\u00e3o e criatividade que surgem apenas nas pausas.\n            <\/div>\n        <\/li>\n        <li class=\"psi-item\">\n            <div class=\"psi-bullet\"><\/div>\n            <div class=\"psi-content\">\n                <b>Dessensibiliza\u00e7\u00e3o do Prazer<\/b>: O excesso de est\u00edmulos digitais vicia os receptores de dopamina, tornando atividades reais menos atraentes. Isso exige doses cada vez maiores de telas para gerar satisfa\u00e7\u00e3o, dificultando o prazer em prazeres simples como caminhar ou ler.\n            <\/div>\n        <\/li>\n    <\/ul>\n<\/div>\n\n\n\n<p>A vis\u00e3o pessimista do fil\u00f3sofo <strong>Arthur Schopenhauer<\/strong>, que descreve a vida como um p\u00eandulo oscilando entre a dor do desejo n\u00e3o realizado e o t\u00e9dio da satisfa\u00e7\u00e3o, nunca foi t\u00e3o atual. Para a <strong>psicologia moderna<\/strong>, esse movimento incessante explica perfeitamente o comportamento compulsivo de rolar o feed do celular, onde buscamos al\u00edvio para o vazio existencial atrav\u00e9s de est\u00edmulos digitais r\u00e1pidos.<\/p>\n\n\n\n<h2 class=\"wp-block-heading\">O mecanismo do desejo e a dor da insatisfa\u00e7\u00e3o digital<\/h2>\n\n\n\n<p>Na perspectiva de <strong>Schopenhauer<\/strong>, a &#8220;dor&#8221; surge da vontade constante e insaci\u00e1vel que nos impulsiona a buscar algo que ainda n\u00e3o temos. No contexto das <strong>redes sociais<\/strong>, essa dor se manifesta como a ansiedade de estar perdendo algo importante (FOMO) ou a necessidade de uma nova intera\u00e7\u00e3o que valide nossa exist\u00eancia no mundo virtual.<\/p>\n\n\n\n<p>O c\u00e9rebro, movido pela busca de <strong>dopamina<\/strong>, interpreta cada nova postagem como uma potencial recompensa, mantendo o indiv\u00edduo em um estado de busca eterna. <em>Ponto de aten\u00e7\u00e3o<\/em>: essa persegui\u00e7\u00e3o incessante por novidades gera um ciclo de estresse cr\u00f4nico, pois a satisfa\u00e7\u00e3o encontrada no &#8220;like&#8221; ou no v\u00eddeo curto \u00e9 ef\u00eamera e desaparece em poucos segundos, reiniciando o processo de <a href=\"https:\/\/www.uai.com.br\/uainoticias\/2026\/04\/04\/a-psicologia-aponta-que-quem-sente-necessidade-de-aprovacao-constante-pode-ter-carencia-emocional-antiga\/\" target=\"_blank\" rel=\"noreferrer noopener\">car\u00eancia<\/a>.<\/p>\n\n\n<div class=\"wp-block-image\">\n<figure class=\"aligncenter size-large\"><img decoding=\"async\" width=\"1024\" height=\"576\" src=\"https:\/\/www.uai.com.br\/uainoticias\/wp-content\/uploads\/2026\/04\/redes-sociais--1024x576.jpg\" alt=\"\" class=\"wp-image-120670\" srcset=\"https:\/\/www.uai.com.br\/uainoticias\/wp-content\/uploads\/2026\/04\/redes-sociais--1024x576.jpg 1024w, https:\/\/www.uai.com.br\/uainoticias\/wp-content\/uploads\/2026\/04\/redes-sociais--300x169.jpg 300w, https:\/\/www.uai.com.br\/uainoticias\/wp-content\/uploads\/2026\/04\/redes-sociais--768x432.jpg 768w, https:\/\/www.uai.com.br\/uainoticias\/wp-content\/uploads\/2026\/04\/redes-sociais--750x422.jpg 750w, https:\/\/www.uai.com.br\/uainoticias\/wp-content\/uploads\/2026\/04\/redes-sociais--1140x641.jpg 1140w, https:\/\/www.uai.com.br\/uainoticias\/wp-content\/uploads\/2026\/04\/redes-sociais-.jpg 1280w\" sizes=\"(max-width: 1024px) 100vw, 1024px\" \/><figcaption class=\"wp-element-caption\">O c\u00e9rebro humano processa a aprova\u00e7\u00e3o social atrav\u00e9s do sistema de recompensa<\/figcaption><\/figure><\/div>\n\n\n<h2 class=\"wp-block-heading\">O t\u00e9dio como motor para o uso compulsivo do smartphone<\/h2>\n\n\n\n<p>Quando finalmente alcan\u00e7amos o que desejamos ou quando o est\u00edmulo se torna repetitivo, <a href=\"https:\/\/childmind.org\/article\/the-benefits-of-boredom\/\" target=\"_blank\" rel=\"noreferrer noopener\">ca\u00edmos no que o fil\u00f3sofo chamou de &#8220;t\u00e9dio&#8221;<\/a>, um vazio paralisante que a mente tenta evitar a todo custo. Rolar o feed sem parar \u00e9 a tentativa moderna de fugir desse <strong>t\u00e9dio existencial<\/strong>, preenchendo cada segundo de sil\u00eancio com ru\u00eddo visual para n\u00e3o termos que encarar nossos pr\u00f3prios pensamentos.<\/p>\n\n\n\n<p>A <strong>psicologia<\/strong> alerta que, ao fugir do t\u00e9dio atrav\u00e9s das telas, perdemos a capacidade de reflex\u00e3o e criatividade, que s\u00e3o processos que dependem justamente de momentos de pausa e introspec\u00e7\u00e3o. <em>Dica r\u00e1pida<\/em>: o h\u00e1bito de &#8220;escanear&#8221; conte\u00fados sem absorver nada \u00e9 um sinal de que sua mente est\u00e1 apenas tentando silenciar o desconforto da pr\u00f3pria companhia, sem gerar qualquer valor real para o seu bem-estar emocional.<\/p>\n\n\n\n<h2 class=\"wp-block-heading\">O v\u00edcio em dopamina e a dessensibiliza\u00e7\u00e3o do prazer cotidiano<\/h2>\n\n\n\n<p>O uso desenfreado de plataformas digitais causa uma <strong>dessensibiliza\u00e7\u00e3o dos receptores de dopamina<\/strong>, tornando as atividades da vida real \u2014 como ler um livro ou caminhar em um parque \u2014 menos atraentes. Esse desequil\u00edbrio qu\u00edmico faz com que o p\u00eandulo oscile de forma mais violenta, onde a dor da abstin\u00eancia digital e o t\u00e9dio da realidade comum se tornam quase insuport\u00e1veis para o usu\u00e1rio.<\/p>\n\n\n<div class=\"wp-block-image\">\n<figure class=\"aligncenter size-large\"><img decoding=\"async\" width=\"1024\" height=\"576\" src=\"https:\/\/www.uai.com.br\/uainoticias\/wp-content\/uploads\/2026\/04\/dependencia-de-redes-sociais-1024x576.jpg\" alt=\"\" class=\"wp-image-120672\" srcset=\"https:\/\/www.uai.com.br\/uainoticias\/wp-content\/uploads\/2026\/04\/dependencia-de-redes-sociais-1024x576.jpg 1024w, https:\/\/www.uai.com.br\/uainoticias\/wp-content\/uploads\/2026\/04\/dependencia-de-redes-sociais-300x169.jpg 300w, https:\/\/www.uai.com.br\/uainoticias\/wp-content\/uploads\/2026\/04\/dependencia-de-redes-sociais-768x432.jpg 768w, https:\/\/www.uai.com.br\/uainoticias\/wp-content\/uploads\/2026\/04\/dependencia-de-redes-sociais-750x422.jpg 750w, https:\/\/www.uai.com.br\/uainoticias\/wp-content\/uploads\/2026\/04\/dependencia-de-redes-sociais-1140x641.jpg 1140w, https:\/\/www.uai.com.br\/uainoticias\/wp-content\/uploads\/2026\/04\/dependencia-de-redes-sociais.jpg 1280w\" sizes=\"(max-width: 1024px) 100vw, 1024px\" \/><figcaption class=\"wp-element-caption\">Observar esses padr\u00f5es de comportamento \u00e9 o primeiro passo para retomar o controle sobre as pr\u00f3prias emo\u00e7\u00f5es<\/figcaption><\/figure><\/div>\n\n\n<p>A <strong>neuropsicologia<\/strong> explica que esse v\u00edcio funciona de forma semelhante a subst\u00e2ncias qu\u00edmicas, exigindo doses cada vez maiores de est\u00edmulos para gerar a mesma sensa\u00e7\u00e3o de prazer inicial. Entender essa mec\u00e2nica \u00e9 vital para quem deseja retomar o controle da pr\u00f3pria aten\u00e7\u00e3o, evitando que a vida se resuma a uma rea\u00e7\u00e3o autom\u00e1tica a algoritmos projetados para explorar nossas vulnerabilidades biol\u00f3gicas mais profundas.<\/p>\n\n\n\n<h2 class=\"wp-block-heading\">Consequ\u00eancias da oscila\u00e7\u00e3o do p\u00eandulo na sa\u00fade mental<\/h2>\n\n\n\n<p>Viver entre a ansiedade da busca e o vazio do consumo digital resulta em quadros frequentes de <strong>depress\u00e3o e ansiedade generalizada<\/strong>, pois a mente nunca encontra um estado de repouso verdadeiro. A constante compara\u00e7\u00e3o social presente nos feeds intensifica a dor de <strong>Schopenhauer<\/strong>, criando uma percep\u00e7\u00e3o distorcida de que a vida dos outros \u00e9 desprovida de t\u00e9dio, o que \u00e9 uma ilus\u00e3o perigosa.<\/p>\n\n\n<div class=\"wp-block-image\">\n<figure class=\"aligncenter size-large\"><img decoding=\"async\" width=\"1024\" height=\"390\" src=\"https:\/\/www.uai.com.br\/uainoticias\/wp-content\/uploads\/2026\/04\/convertido-23-1-1024x390.jpg\" alt=\"\" class=\"wp-image-122725\" srcset=\"https:\/\/www.uai.com.br\/uainoticias\/wp-content\/uploads\/2026\/04\/convertido-23-1-1024x390.jpg 1024w, https:\/\/www.uai.com.br\/uainoticias\/wp-content\/uploads\/2026\/04\/convertido-23-1-300x114.jpg 300w, https:\/\/www.uai.com.br\/uainoticias\/wp-content\/uploads\/2026\/04\/convertido-23-1-768x292.jpg 768w, https:\/\/www.uai.com.br\/uainoticias\/wp-content\/uploads\/2026\/04\/convertido-23-1-750x285.jpg 750w, https:\/\/www.uai.com.br\/uainoticias\/wp-content\/uploads\/2026\/04\/convertido-23-1-1140x434.jpg 1140w, https:\/\/www.uai.com.br\/uainoticias\/wp-content\/uploads\/2026\/04\/convertido-23-1.jpg 1280w\" sizes=\"(max-width: 1024px) 100vw, 1024px\" \/><\/figure><\/div>\n\n\n<p>Ao quebrar a din\u00e2mica do p\u00eandulo, voc\u00ea permite que sua <strong>sa\u00fade mental<\/strong> se estabilize em um ponto m\u00e9dio, onde a paz n\u00e3o depende da pr\u00f3xima notifica\u00e7\u00e3o. O equil\u00edbrio surge quando aceitamos que momentos de t\u00e9dio s\u00e3o naturais e necess\u00e1rios para a sa\u00fade do c\u00e9rebro, funcionando como um terreno f\u00e9rtil para o autoconhecimento e para a constru\u00e7\u00e3o de uma vida com prop\u00f3sito real.<\/p>\n\n\n\n<h2 class=\"wp-block-heading\">A busca pelo equil\u00edbrio em um mundo hiperestimulado<\/h2>\n\n\n\n<p>A sabedoria de <strong>Schopenhauer<\/strong> nos convida a encontrar um caminho que transcenda a oscila\u00e7\u00e3o entre a dor do desejo e o t\u00e9dio da posse atrav\u00e9s da contempla\u00e7\u00e3o e da sobriedade mental. Para a <strong>psicologia<\/strong>, isso significa desenvolver a disciplina necess\u00e1ria para usar a tecnologia como ferramenta, e n\u00e3o como uma muleta emocional para evitar o peso da exist\u00eancia.<\/p>\n\n\n\n<p>Dominar o impulso de rolar o feed \u00e9, em \u00faltima an\u00e1lise, um ato de liberdade que nos retira da posi\u00e7\u00e3o de meros espectadores da vida alheia. Ao aceitar o desafio de olhar para dentro e tolerar o sil\u00eancio, descobrimos que a verdadeira satisfa\u00e7\u00e3o n\u00e3o est\u00e1 no pr\u00f3ximo post, mas na capacidade de estar presente e consciente em cada momento, longe das amarras do <strong>v\u00edcio digital<\/strong>.<\/p>\n","protected":false},"excerpt":{"rendered":"<p>Curiosidades da Psicologia O P\u00eandulo Digital: A psicologia explica que rolar o feed \u00e9 uma tentativa de fugir da &#8220;dor&#8221; do desejo insaci\u00e1vel ou do &#8220;t\u00e9dio&#8221; da satisfa\u00e7\u00e3o. Esse ciclo mant\u00e9m o c\u00e9rebro em busca eterna de dopamina, gerando um estado de estresse cr\u00f4nico por recompensas ef\u00eameras. Fuga do Vazio Existencial: O h\u00e1bito de escanear [&hellip;]<\/p>\n","protected":false},"author":24,"featured_media":127365,"comment_status":"open","ping_status":"open","sticky":false,"template":"","format":"standard","meta":{"jnews-multi-image_gallery":[],"jnews_single_post":{"format":"standard"},"jnews_primary_category":[],"jnews_social_meta":[],"jnews_override_counter":[],"footnotes":""},"categories":[3046,475],"tags":[22042,596,22708,22383],"class_list":["post-127364","post","type-post","status-publish","format-standard","has-post-thumbnail","hentry","category-curiosidades","category-entretenimento","tag-arthur-schopenhauer","tag-celular","tag-insatisfacao-digital","tag-tedio"],"yoast_head":"<!-- This site is optimized with the Yoast SEO plugin v26.5 - https:\/\/yoast.com\/wordpress\/plugins\/seo\/ -->\n<title>O que a psicologia explica sobre a frase de Arthur Schopenhauer \u201cA vida balan\u00e7a como um p\u00eandulo entre a dor e o t\u00e9dio\u201d no uso compulsivo do feed - UAI Not\u00edcias<\/title>\n<meta name=\"description\" content=\"O uso excessivo de telas pode estar ligado ao ciclo entre t\u00e9dio e recompensa, afetando o prazer, a aten\u00e7\u00e3o e o equil\u00edbrio emocional.\" \/>\n<meta name=\"robots\" content=\"index, follow, max-snippet:-1, max-image-preview:large, max-video-preview:-1\" \/>\n<link rel=\"canonical\" href=\"https:\/\/www.uai.com.br\/uainoticias\/2026\/04\/26\/o-que-a-psicologia-explica-sobre-a-frase-de-arthur-schopenhauer-a-vida-balanca-como-um-pendulo-entre-a-dor-e-o-tedio-no-uso-compulsivo-do-feed\/\" \/>\n<meta property=\"og:locale\" content=\"pt_BR\" \/>\n<meta property=\"og:type\" content=\"article\" \/>\n<meta property=\"og:title\" content=\"O que a psicologia explica sobre a frase de Arthur Schopenhauer \u201cA vida balan\u00e7a como um p\u00eandulo entre a dor e o t\u00e9dio\u201d no uso compulsivo do feed - UAI Not\u00edcias\" \/>\n<meta property=\"og:description\" content=\"O uso excessivo de telas pode estar ligado ao ciclo entre t\u00e9dio e recompensa, afetando o prazer, a aten\u00e7\u00e3o e o equil\u00edbrio emocional.\" \/>\n<meta property=\"og:url\" content=\"https:\/\/www.uai.com.br\/uainoticias\/2026\/04\/26\/o-que-a-psicologia-explica-sobre-a-frase-de-arthur-schopenhauer-a-vida-balanca-como-um-pendulo-entre-a-dor-e-o-tedio-no-uso-compulsivo-do-feed\/\" \/>\n<meta property=\"og:site_name\" content=\"UAI Not\u00edcias\" \/>\n<meta property=\"article:published_time\" content=\"2026-04-26T13:15:00+00:00\" \/>\n<meta property=\"og:image\" content=\"https:\/\/www.uai.com.br\/uainoticias\/wp-content\/uploads\/2026\/04\/Arthur-Schopenhauer-1.jpg\" \/>\n\t<meta property=\"og:image:width\" content=\"1280\" \/>\n\t<meta property=\"og:image:height\" content=\"720\" \/>\n\t<meta property=\"og:image:type\" content=\"image\/jpeg\" \/>\n<meta name=\"author\" content=\"Daniely Cardoso\" \/>\n<meta name=\"twitter:card\" content=\"summary_large_image\" \/>\n<meta name=\"twitter:label1\" content=\"Escrito por\" \/>\n\t<meta name=\"twitter:data1\" content=\"Daniely Cardoso\" \/>\n\t<meta name=\"twitter:label2\" content=\"Est. tempo de leitura\" \/>\n\t<meta name=\"twitter:data2\" content=\"6 minutos\" \/>\n<!-- \/ Yoast SEO plugin. -->","yoast_head_json":{"title":"O que a psicologia explica sobre a frase de Arthur Schopenhauer \u201cA vida balan\u00e7a como um p\u00eandulo entre a dor e o t\u00e9dio\u201d no uso compulsivo do feed - UAI Not\u00edcias","description":"O uso excessivo de telas pode estar ligado ao ciclo entre t\u00e9dio e recompensa, afetando o prazer, a aten\u00e7\u00e3o e o equil\u00edbrio emocional.","robots":{"index":"index","follow":"follow","max-snippet":"max-snippet:-1","max-image-preview":"max-image-preview:large","max-video-preview":"max-video-preview:-1"},"canonical":"https:\/\/www.uai.com.br\/uainoticias\/2026\/04\/26\/o-que-a-psicologia-explica-sobre-a-frase-de-arthur-schopenhauer-a-vida-balanca-como-um-pendulo-entre-a-dor-e-o-tedio-no-uso-compulsivo-do-feed\/","og_locale":"pt_BR","og_type":"article","og_title":"O que a psicologia explica sobre a frase de Arthur Schopenhauer \u201cA vida balan\u00e7a como um p\u00eandulo entre a dor e o t\u00e9dio\u201d no uso compulsivo do feed - UAI Not\u00edcias","og_description":"O uso excessivo de telas pode estar ligado ao ciclo entre t\u00e9dio e recompensa, afetando o prazer, a aten\u00e7\u00e3o e o equil\u00edbrio emocional.","og_url":"https:\/\/www.uai.com.br\/uainoticias\/2026\/04\/26\/o-que-a-psicologia-explica-sobre-a-frase-de-arthur-schopenhauer-a-vida-balanca-como-um-pendulo-entre-a-dor-e-o-tedio-no-uso-compulsivo-do-feed\/","og_site_name":"UAI Not\u00edcias","article_published_time":"2026-04-26T13:15:00+00:00","og_image":[{"width":1280,"height":720,"url":"https:\/\/www.uai.com.br\/uainoticias\/wp-content\/uploads\/2026\/04\/Arthur-Schopenhauer-1.jpg","type":"image\/jpeg"}],"author":"Daniely Cardoso","twitter_card":"summary_large_image","twitter_misc":{"Escrito por":"Daniely Cardoso","Est. tempo de leitura":"6 minutos"},"schema":{"@context":"https:\/\/schema.org","@graph":[{"@type":"WebPage","@id":"https:\/\/www.uai.com.br\/uainoticias\/2026\/04\/26\/o-que-a-psicologia-explica-sobre-a-frase-de-arthur-schopenhauer-a-vida-balanca-como-um-pendulo-entre-a-dor-e-o-tedio-no-uso-compulsivo-do-feed\/","url":"https:\/\/www.uai.com.br\/uainoticias\/2026\/04\/26\/o-que-a-psicologia-explica-sobre-a-frase-de-arthur-schopenhauer-a-vida-balanca-como-um-pendulo-entre-a-dor-e-o-tedio-no-uso-compulsivo-do-feed\/","name":"O que a psicologia explica sobre a frase de Arthur Schopenhauer \u201cA vida balan\u00e7a como um p\u00eandulo entre a dor e o t\u00e9dio\u201d no uso compulsivo do feed - UAI Not\u00edcias","isPartOf":{"@id":"https:\/\/www.uai.com.br\/uainoticias\/#website"},"primaryImageOfPage":{"@id":"https:\/\/www.uai.com.br\/uainoticias\/2026\/04\/26\/o-que-a-psicologia-explica-sobre-a-frase-de-arthur-schopenhauer-a-vida-balanca-como-um-pendulo-entre-a-dor-e-o-tedio-no-uso-compulsivo-do-feed\/#primaryimage"},"image":{"@id":"https:\/\/www.uai.com.br\/uainoticias\/2026\/04\/26\/o-que-a-psicologia-explica-sobre-a-frase-de-arthur-schopenhauer-a-vida-balanca-como-um-pendulo-entre-a-dor-e-o-tedio-no-uso-compulsivo-do-feed\/#primaryimage"},"thumbnailUrl":"https:\/\/www.uai.com.br\/uainoticias\/wp-content\/uploads\/2026\/04\/Arthur-Schopenhauer-1.jpg","datePublished":"2026-04-26T13:15:00+00:00","author":{"@id":"https:\/\/www.uai.com.br\/uainoticias\/#\/schema\/person\/b40f59cad9eb0656c8ae35fee468cc57"},"description":"O uso excessivo de telas pode estar ligado ao ciclo entre t\u00e9dio e recompensa, afetando o prazer, a aten\u00e7\u00e3o e o equil\u00edbrio emocional.","breadcrumb":{"@id":"https:\/\/www.uai.com.br\/uainoticias\/2026\/04\/26\/o-que-a-psicologia-explica-sobre-a-frase-de-arthur-schopenhauer-a-vida-balanca-como-um-pendulo-entre-a-dor-e-o-tedio-no-uso-compulsivo-do-feed\/#breadcrumb"},"inLanguage":"pt-BR","potentialAction":[{"@type":"ReadAction","target":["https:\/\/www.uai.com.br\/uainoticias\/2026\/04\/26\/o-que-a-psicologia-explica-sobre-a-frase-de-arthur-schopenhauer-a-vida-balanca-como-um-pendulo-entre-a-dor-e-o-tedio-no-uso-compulsivo-do-feed\/"]}]},{"@type":"ImageObject","inLanguage":"pt-BR","@id":"https:\/\/www.uai.com.br\/uainoticias\/2026\/04\/26\/o-que-a-psicologia-explica-sobre-a-frase-de-arthur-schopenhauer-a-vida-balanca-como-um-pendulo-entre-a-dor-e-o-tedio-no-uso-compulsivo-do-feed\/#primaryimage","url":"https:\/\/www.uai.com.br\/uainoticias\/wp-content\/uploads\/2026\/04\/Arthur-Schopenhauer-1.jpg","contentUrl":"https:\/\/www.uai.com.br\/uainoticias\/wp-content\/uploads\/2026\/04\/Arthur-Schopenhauer-1.jpg","width":1280,"height":720,"caption":"A vis\u00e3o pessimista do fil\u00f3sofo Arthur Schopenhauer, que descreve a vida como um p\u00eandulo oscilando entre a dor do desejo n\u00e3o realizado"},{"@type":"BreadcrumbList","@id":"https:\/\/www.uai.com.br\/uainoticias\/2026\/04\/26\/o-que-a-psicologia-explica-sobre-a-frase-de-arthur-schopenhauer-a-vida-balanca-como-um-pendulo-entre-a-dor-e-o-tedio-no-uso-compulsivo-do-feed\/#breadcrumb","itemListElement":[{"@type":"ListItem","position":1,"name":"In\u00edcio","item":"https:\/\/www.uai.com.br\/uainoticias\/"},{"@type":"ListItem","position":2,"name":"O que a psicologia explica sobre a frase de Arthur Schopenhauer \u201cA vida balan\u00e7a como um p\u00eandulo entre a dor e o t\u00e9dio\u201d no uso compulsivo do feed"}]},{"@type":"WebSite","@id":"https:\/\/www.uai.com.br\/uainoticias\/#website","url":"https:\/\/www.uai.com.br\/uainoticias\/","name":"UAI Not\u00edcias","description":"Acompanhe as \u00faltimas not\u00edcias e fique bem informado sobre tudo o que acontece no Brasil e no mundo.","potentialAction":[{"@type":"SearchAction","target":{"@type":"EntryPoint","urlTemplate":"https:\/\/www.uai.com.br\/uainoticias\/?s={search_term_string}"},"query-input":{"@type":"PropertyValueSpecification","valueRequired":true,"valueName":"search_term_string"}}],"inLanguage":"pt-BR"},{"@type":"Person","@id":"https:\/\/www.uai.com.br\/uainoticias\/#\/schema\/person\/b40f59cad9eb0656c8ae35fee468cc57","name":"Daniely Cardoso","image":{"@type":"ImageObject","inLanguage":"pt-BR","@id":"https:\/\/www.uai.com.br\/uainoticias\/#\/schema\/person\/image\/","url":"https:\/\/secure.gravatar.com\/avatar\/b43c203f79e2ee2d699e04567f61958ba1731d1c994abcd298aa4fee5f54cb3a?s=96&d=mm&r=g","contentUrl":"https:\/\/secure.gravatar.com\/avatar\/b43c203f79e2ee2d699e04567f61958ba1731d1c994abcd298aa4fee5f54cb3a?s=96&d=mm&r=g","caption":"Daniely Cardoso"},"sameAs":["https:\/\/www.uai.com.br\/uainoticias\/"],"url":"https:\/\/www.uai.com.br\/uainoticias\/author\/daniely-morais\/"}]}},"_links":{"self":[{"href":"https:\/\/www.uai.com.br\/uainoticias\/wp-json\/wp\/v2\/posts\/127364","targetHints":{"allow":["GET"]}}],"collection":[{"href":"https:\/\/www.uai.com.br\/uainoticias\/wp-json\/wp\/v2\/posts"}],"about":[{"href":"https:\/\/www.uai.com.br\/uainoticias\/wp-json\/wp\/v2\/types\/post"}],"author":[{"embeddable":true,"href":"https:\/\/www.uai.com.br\/uainoticias\/wp-json\/wp\/v2\/users\/24"}],"replies":[{"embeddable":true,"href":"https:\/\/www.uai.com.br\/uainoticias\/wp-json\/wp\/v2\/comments?post=127364"}],"version-history":[{"count":1,"href":"https:\/\/www.uai.com.br\/uainoticias\/wp-json\/wp\/v2\/posts\/127364\/revisions"}],"predecessor-version":[{"id":127366,"href":"https:\/\/www.uai.com.br\/uainoticias\/wp-json\/wp\/v2\/posts\/127364\/revisions\/127366"}],"wp:featuredmedia":[{"embeddable":true,"href":"https:\/\/www.uai.com.br\/uainoticias\/wp-json\/wp\/v2\/media\/127365"}],"wp:attachment":[{"href":"https:\/\/www.uai.com.br\/uainoticias\/wp-json\/wp\/v2\/media?parent=127364"}],"wp:term":[{"taxonomy":"category","embeddable":true,"href":"https:\/\/www.uai.com.br\/uainoticias\/wp-json\/wp\/v2\/categories?post=127364"},{"taxonomy":"post_tag","embeddable":true,"href":"https:\/\/www.uai.com.br\/uainoticias\/wp-json\/wp\/v2\/tags?post=127364"}],"curies":[{"name":"wp","href":"https:\/\/api.w.org\/{rel}","templated":true}]}}