{"id":127354,"date":"2026-04-26T03:15:00","date_gmt":"2026-04-26T06:15:00","guid":{"rendered":"https:\/\/www.uai.com.br\/uainoticias\/?p=127354"},"modified":"2026-04-25T15:59:08","modified_gmt":"2026-04-25T18:59:08","slug":"a-infancia-marcada-pela-pressao-por-perfeicao-pode-gerar-adultos-com-medo-de-errar-e-bloqueios-emocionais-profundos","status":"publish","type":"post","link":"https:\/\/www.uai.com.br\/uainoticias\/2026\/04\/26\/a-infancia-marcada-pela-pressao-por-perfeicao-pode-gerar-adultos-com-medo-de-errar-e-bloqueios-emocionais-profundos\/","title":{"rendered":"A inf\u00e2ncia marcada pela press\u00e3o por perfei\u00e7\u00e3o pode gerar adultos com medo de errar e bloqueios emocionais profundos"},"content":{"rendered":"\n<p>A inf\u00e2ncia deveria ser um laborat\u00f3rio seguro para experimenta\u00e7\u00f5es, onde o erro \u00e9 compreendido como uma etapa fundamental do aprendizado humano. No entanto, quando a press\u00e3o por perfei\u00e7\u00e3o substitui a curiosidade natural, o desenvolvimento emocional \u00e9 severamente comprometido, criando bloqueios que perduram por toda a vida adulta.<\/p>\n\n\n\n<h2 class=\"wp-block-heading\">O impacto da cria\u00e7\u00e3o perfeccionista no desenvolvimento cognitivo<\/h2>\n\n\n\n<p>Crescer em um ambiente onde o deslize \u00e9 punido com severidade ou desprezo molda um c\u00e9rebro treinado para evitar riscos a qualquer custo. Essa <strong>rigidez educacional<\/strong> impede que a crian\u00e7a desenvolva a resili\u00eancia necess\u00e1ria para lidar com <a href=\"https:\/\/www.uai.com.br\/uainoticias\/2026\/04\/15\/adultos-muito-responsaveis-podem-ter-sido-criancas-emocionalmente-sobrecarregadas-sem-que-ninguem-percebesse\/\" target=\"_blank\" rel=\"noreferrer noopener\">frustra\u00e7\u00f5es<\/a>, transformando qualquer falha futura em um evento catastr\u00f3fico para a sua <strong>autoestima<\/strong>.<\/p>\n\n\n\n<p>Adultos que foram <strong>crian\u00e7as cobradas<\/strong> excessivamente tendem a desenvolver uma vis\u00e3o de t\u00fanel, focando apenas no resultado final e desprezando o processo de descoberta. Esse padr\u00e3o de comportamento gera uma busca incessante por garantias de sucesso antes mesmo de iniciar qualquer projeto, o que frequentemente resulta em uma procrastina\u00e7\u00e3o paralisante e angustiante.<\/p>\n\n\n<div class=\"wp-block-image\">\n<figure class=\"aligncenter size-large\"><img decoding=\"async\" width=\"1024\" height=\"576\" src=\"https:\/\/www.uai.com.br\/uainoticias\/wp-content\/uploads\/2026\/04\/vergonha-1024x576.jpg\" alt=\"\" class=\"wp-image-123788\" srcset=\"https:\/\/www.uai.com.br\/uainoticias\/wp-content\/uploads\/2026\/04\/vergonha-1024x576.jpg 1024w, https:\/\/www.uai.com.br\/uainoticias\/wp-content\/uploads\/2026\/04\/vergonha-300x169.jpg 300w, https:\/\/www.uai.com.br\/uainoticias\/wp-content\/uploads\/2026\/04\/vergonha-768x432.jpg 768w, https:\/\/www.uai.com.br\/uainoticias\/wp-content\/uploads\/2026\/04\/vergonha-750x422.jpg 750w, https:\/\/www.uai.com.br\/uainoticias\/wp-content\/uploads\/2026\/04\/vergonha-1140x641.jpg 1140w, https:\/\/www.uai.com.br\/uainoticias\/wp-content\/uploads\/2026\/04\/vergonha.jpg 1280w\" sizes=\"(max-width: 1024px) 100vw, 1024px\" \/><figcaption class=\"wp-element-caption\">Crescer em um ambiente onde o deslize \u00e9 punido com severidade ou desprezo molda um c\u00e9rebro treinado<\/figcaption><\/figure><\/div>\n\n\n<h2 class=\"wp-block-heading\">Como a ansiedade de performance sabota a carreira profissional<\/h2>\n\n\n\n<p>No ambiente de trabalho, o medo de errar se manifesta como uma avers\u00e3o \u00e0 inova\u00e7\u00e3o e uma necessidade patol\u00f3gica de seguir regras de forma literal. O profissional que sofre com esse <strong>trauma emocional<\/strong> raramente se candidata a promo\u00e7\u00f5es ou prop\u00f5e ideias disruptivas, pois o risco de um julgamento negativo parece insuport\u00e1vel para sua estrutura mental.<\/p>\n\n\n\n<p><a href=\"https:\/\/drauziovarella.uol.com.br\/psiquiatria\/sindrome-do-impostor-quem-pode-desenvolver-sintomas-e-tratamento\/\" target=\"_blank\" rel=\"noreferrer noopener\">A s\u00edndrome do impostor \u00e9 uma companheira constante<\/a> para quem n\u00e3o teve permiss\u00e3o para falhar na inf\u00e2ncia, fazendo com que o indiv\u00edduo se sinta uma fraude mesmo diante de conquistas reais. Em cidades competitivas e centros empresariais, essa press\u00e3o interna atinge n\u00edveis cr\u00edticos, levando ao esgotamento e \u00e0 perda de oportunidades valiosas por pura falta de autoconfian\u00e7a.<\/p>\n\n\n\n<h2 class=\"wp-block-heading\">Sinais de que o medo do erro est\u00e1 limitando sua vida atual<\/h2>\n\n\n\n<p>Identificar os rastros de uma educa\u00e7\u00e3o repressiva \u00e9 o primeiro passo para desconstruir as barreiras que impedem a sua evolu\u00e7\u00e3o pessoal e criativa. Muitas vezes, o indiv\u00edduo acredita que \u00e9 apenas cauteloso, quando na verdade est\u00e1 sendo prisioneiro de uma <strong>cren\u00e7a limitante<\/strong> instalada ainda nos primeiros anos de vida escolar e familiar.<\/p>\n\n\n<div class=\"wp-block-image\">\n<figure class=\"aligncenter size-large\"><img decoding=\"async\" width=\"1024\" height=\"371\" src=\"https:\/\/www.uai.com.br\/uainoticias\/wp-content\/uploads\/2026\/04\/convertido-57-1024x371.jpg\" alt=\"\" class=\"wp-image-123786\" srcset=\"https:\/\/www.uai.com.br\/uainoticias\/wp-content\/uploads\/2026\/04\/convertido-57-1024x371.jpg 1024w, https:\/\/www.uai.com.br\/uainoticias\/wp-content\/uploads\/2026\/04\/convertido-57-300x109.jpg 300w, https:\/\/www.uai.com.br\/uainoticias\/wp-content\/uploads\/2026\/04\/convertido-57-768x278.jpg 768w, https:\/\/www.uai.com.br\/uainoticias\/wp-content\/uploads\/2026\/04\/convertido-57-750x272.jpg 750w, https:\/\/www.uai.com.br\/uainoticias\/wp-content\/uploads\/2026\/04\/convertido-57-1140x413.jpg 1140w, https:\/\/www.uai.com.br\/uainoticias\/wp-content\/uploads\/2026\/04\/convertido-57.jpg 1280w\" sizes=\"(max-width: 1024px) 100vw, 1024px\" \/><\/figure><\/div>\n\n\n<p>Fato relevante: O erro \u00e9 o combust\u00edvel da <strong>neuroplasticidade<\/strong>, pois o c\u00e9rebro aprende muito mais com a corre\u00e7\u00e3o de uma falha do que com o acerto repetitivo. Quando voc\u00ea se priva de tentar algo novo, est\u00e1 literalmente impedindo sua evolu\u00e7\u00e3o biol\u00f3gica e mantendo sua mente estagnada em uma zona de conforto que, na verdade, \u00e9 uma zona de medo.<\/p>\n\n\n\n<h2 class=\"wp-block-heading\">A import\u00e2ncia da autocompaix\u00e3o no processo de reeduca\u00e7\u00e3o emocional<\/h2>\n\n\n\n<p>Desaprender a autocobran\u00e7a exige um esfor\u00e7o consciente de ser gentil consigo mesmo, algo que o <strong>adulto inseguro<\/strong> raramente experimentou na inf\u00e2ncia. A <strong>psicoterapia<\/strong> atua como um espa\u00e7o de valida\u00e7\u00e3o onde o paciente pode, finalmente, errar sem ser julgado, permitindo que a crian\u00e7a ferida interna sinta-se segura para explorar.<\/p>\n\n\n\n<p>Cultivar a mentalidade de crescimento \u00e9 essencial para entender que a compet\u00eancia \u00e9 constru\u00edda atrav\u00e9s de tentativas sucessivas e ajustes constantes. Ao substituir a autocr\u00edtica pela curiosidade, voc\u00ea come\u00e7a a enxergar as falhas como dados informativos e n\u00e3o como senten\u00e7as sobre seu valor pessoal ou sua intelig\u00eancia perante a sociedade.<\/p>\n\n\n<div class=\"wp-block-image\">\n<figure class=\"aligncenter size-large\"><img decoding=\"async\" width=\"1024\" height=\"576\" src=\"https:\/\/www.uai.com.br\/uainoticias\/wp-content\/uploads\/2026\/04\/crianca-obediente-1-1024x576.jpg\" alt=\"\" class=\"wp-image-123486\" srcset=\"https:\/\/www.uai.com.br\/uainoticias\/wp-content\/uploads\/2026\/04\/crianca-obediente-1-1024x576.jpg 1024w, https:\/\/www.uai.com.br\/uainoticias\/wp-content\/uploads\/2026\/04\/crianca-obediente-1-300x169.jpg 300w, https:\/\/www.uai.com.br\/uainoticias\/wp-content\/uploads\/2026\/04\/crianca-obediente-1-768x432.jpg 768w, https:\/\/www.uai.com.br\/uainoticias\/wp-content\/uploads\/2026\/04\/crianca-obediente-1-750x422.jpg 750w, https:\/\/www.uai.com.br\/uainoticias\/wp-content\/uploads\/2026\/04\/crianca-obediente-1-1140x641.jpg 1140w, https:\/\/www.uai.com.br\/uainoticias\/wp-content\/uploads\/2026\/04\/crianca-obediente-1.jpg 1280w\" sizes=\"(max-width: 1024px) 100vw, 1024px\" \/><figcaption class=\"wp-element-caption\">Promover um espa\u00e7o onde o erro \u00e9 permitido e o di\u00e1logo \u00e9 incentivado fortalece a seguran\u00e7a interna da crian\u00e7a<\/figcaption><\/figure><\/div>\n\n\n<h2 class=\"wp-block-heading\">Redescobrindo o prazer da tentativa acima do resultado perfeito<\/h2>\n\n\n\n<p>A verdadeira liberdade surge quando o indiv\u00edduo compreende que sua dignidade n\u00e3o est\u00e1 atrelada ao seu \u00edndice de acertos ou \u00e0 aprova\u00e7\u00e3o alheia. Romper com o ciclo da <strong>perfei\u00e7\u00e3o paralisante<\/strong> permite uma vida mais leve, onde a coragem de ser imperfeito se torna sua maior vantagem competitiva e fonte de felicidade genu\u00edna.<\/p>\n\n\n\n<p>Ao se permitir o risco, voc\u00ea abre portas para viv\u00eancias que o medo anteriormente mantinha trancadas, redescobrindo talentos e paix\u00f5es que estavam adormecidos. A jornada de cura termina quando voc\u00ea percebe que o maior erro de todos n\u00e3o \u00e9 falhar em uma tentativa, mas sim nunca ter tido a aud\u00e1cia de come\u00e7ar algo por medo do que os outros poderiam pensar.<\/p>\n","protected":false},"excerpt":{"rendered":"<p>A inf\u00e2ncia deveria ser um laborat\u00f3rio seguro para experimenta\u00e7\u00f5es, onde o erro \u00e9 compreendido como uma etapa fundamental do aprendizado humano. No entanto, quando a press\u00e3o por perfei\u00e7\u00e3o substitui a curiosidade natural, o desenvolvimento emocional \u00e9 severamente comprometido, criando bloqueios que perduram por toda a vida adulta. O impacto da cria\u00e7\u00e3o perfeccionista no desenvolvimento cognitivo [&hellip;]<\/p>\n","protected":false},"author":24,"featured_media":127356,"comment_status":"open","ping_status":"open","sticky":false,"template":"","format":"standard","meta":{"jnews-multi-image_gallery":[],"jnews_single_post":{"format":"standard"},"jnews_primary_category":[],"jnews_social_meta":[],"jnews_override_counter":[],"footnotes":""},"categories":[3046,475],"tags":[1040,9144,5140,22472],"class_list":["post-127354","post","type-post","status-publish","format-standard","has-post-thumbnail","hentry","category-curiosidades","category-entretenimento","tag-ansiedade","tag-crianca","tag-desenvolvimento-cognitivo","tag-perfeccionista"],"yoast_head":"<!-- This site is optimized with the Yoast SEO plugin v26.5 - https:\/\/yoast.com\/wordpress\/plugins\/seo\/ -->\n<title>A inf\u00e2ncia marcada pela press\u00e3o por perfei\u00e7\u00e3o pode gerar adultos com medo de errar e bloqueios emocionais profundos - UAI Not\u00edcias<\/title>\n<meta name=\"description\" content=\"Press\u00e3o por perfei\u00e7\u00e3o na inf\u00e2ncia pode gerar medo de errar, ansiedade de performance e bloqueios emocionais na vida adulta.\" \/>\n<meta name=\"robots\" content=\"index, follow, max-snippet:-1, max-image-preview:large, max-video-preview:-1\" \/>\n<link rel=\"canonical\" href=\"https:\/\/www.uai.com.br\/uainoticias\/2026\/04\/26\/a-infancia-marcada-pela-pressao-por-perfeicao-pode-gerar-adultos-com-medo-de-errar-e-bloqueios-emocionais-profundos\/\" \/>\n<meta property=\"og:locale\" content=\"pt_BR\" \/>\n<meta property=\"og:type\" content=\"article\" \/>\n<meta property=\"og:title\" content=\"A inf\u00e2ncia marcada pela press\u00e3o por perfei\u00e7\u00e3o pode gerar adultos com medo de errar e bloqueios emocionais profundos - UAI Not\u00edcias\" \/>\n<meta property=\"og:description\" content=\"Press\u00e3o por perfei\u00e7\u00e3o na inf\u00e2ncia pode gerar medo de errar, ansiedade de performance e bloqueios emocionais na vida adulta.\" \/>\n<meta property=\"og:url\" content=\"https:\/\/www.uai.com.br\/uainoticias\/2026\/04\/26\/a-infancia-marcada-pela-pressao-por-perfeicao-pode-gerar-adultos-com-medo-de-errar-e-bloqueios-emocionais-profundos\/\" \/>\n<meta property=\"og:site_name\" content=\"UAI Not\u00edcias\" \/>\n<meta property=\"article:published_time\" content=\"2026-04-26T06:15:00+00:00\" \/>\n<meta property=\"og:image\" content=\"https:\/\/www.uai.com.br\/uainoticias\/wp-content\/uploads\/2026\/04\/medo-de-errar.jpg\" \/>\n\t<meta property=\"og:image:width\" content=\"1280\" \/>\n\t<meta property=\"og:image:height\" content=\"720\" \/>\n\t<meta property=\"og:image:type\" content=\"image\/jpeg\" \/>\n<meta name=\"author\" content=\"Daniely Cardoso\" \/>\n<meta name=\"twitter:card\" content=\"summary_large_image\" \/>\n<meta name=\"twitter:label1\" content=\"Escrito por\" \/>\n\t<meta name=\"twitter:data1\" content=\"Daniely Cardoso\" \/>\n\t<meta name=\"twitter:label2\" content=\"Est. tempo de leitura\" \/>\n\t<meta name=\"twitter:data2\" content=\"5 minutos\" \/>\n<!-- \/ Yoast SEO plugin. -->","yoast_head_json":{"title":"A inf\u00e2ncia marcada pela press\u00e3o por perfei\u00e7\u00e3o pode gerar adultos com medo de errar e bloqueios emocionais profundos - UAI Not\u00edcias","description":"Press\u00e3o por perfei\u00e7\u00e3o na inf\u00e2ncia pode gerar medo de errar, ansiedade de performance e bloqueios emocionais na vida adulta.","robots":{"index":"index","follow":"follow","max-snippet":"max-snippet:-1","max-image-preview":"max-image-preview:large","max-video-preview":"max-video-preview:-1"},"canonical":"https:\/\/www.uai.com.br\/uainoticias\/2026\/04\/26\/a-infancia-marcada-pela-pressao-por-perfeicao-pode-gerar-adultos-com-medo-de-errar-e-bloqueios-emocionais-profundos\/","og_locale":"pt_BR","og_type":"article","og_title":"A inf\u00e2ncia marcada pela press\u00e3o por perfei\u00e7\u00e3o pode gerar adultos com medo de errar e bloqueios emocionais profundos - UAI Not\u00edcias","og_description":"Press\u00e3o por perfei\u00e7\u00e3o na inf\u00e2ncia pode gerar medo de errar, ansiedade de performance e bloqueios emocionais na vida adulta.","og_url":"https:\/\/www.uai.com.br\/uainoticias\/2026\/04\/26\/a-infancia-marcada-pela-pressao-por-perfeicao-pode-gerar-adultos-com-medo-de-errar-e-bloqueios-emocionais-profundos\/","og_site_name":"UAI Not\u00edcias","article_published_time":"2026-04-26T06:15:00+00:00","og_image":[{"width":1280,"height":720,"url":"https:\/\/www.uai.com.br\/uainoticias\/wp-content\/uploads\/2026\/04\/medo-de-errar.jpg","type":"image\/jpeg"}],"author":"Daniely Cardoso","twitter_card":"summary_large_image","twitter_misc":{"Escrito por":"Daniely Cardoso","Est. tempo de leitura":"5 minutos"},"schema":{"@context":"https:\/\/schema.org","@graph":[{"@type":"WebPage","@id":"https:\/\/www.uai.com.br\/uainoticias\/2026\/04\/26\/a-infancia-marcada-pela-pressao-por-perfeicao-pode-gerar-adultos-com-medo-de-errar-e-bloqueios-emocionais-profundos\/","url":"https:\/\/www.uai.com.br\/uainoticias\/2026\/04\/26\/a-infancia-marcada-pela-pressao-por-perfeicao-pode-gerar-adultos-com-medo-de-errar-e-bloqueios-emocionais-profundos\/","name":"A inf\u00e2ncia marcada pela press\u00e3o por perfei\u00e7\u00e3o pode gerar adultos com medo de errar e bloqueios emocionais profundos - UAI Not\u00edcias","isPartOf":{"@id":"https:\/\/www.uai.com.br\/uainoticias\/#website"},"primaryImageOfPage":{"@id":"https:\/\/www.uai.com.br\/uainoticias\/2026\/04\/26\/a-infancia-marcada-pela-pressao-por-perfeicao-pode-gerar-adultos-com-medo-de-errar-e-bloqueios-emocionais-profundos\/#primaryimage"},"image":{"@id":"https:\/\/www.uai.com.br\/uainoticias\/2026\/04\/26\/a-infancia-marcada-pela-pressao-por-perfeicao-pode-gerar-adultos-com-medo-de-errar-e-bloqueios-emocionais-profundos\/#primaryimage"},"thumbnailUrl":"https:\/\/www.uai.com.br\/uainoticias\/wp-content\/uploads\/2026\/04\/medo-de-errar.jpg","datePublished":"2026-04-26T06:15:00+00:00","author":{"@id":"https:\/\/www.uai.com.br\/uainoticias\/#\/schema\/person\/b40f59cad9eb0656c8ae35fee468cc57"},"description":"Press\u00e3o por perfei\u00e7\u00e3o na inf\u00e2ncia pode gerar medo de errar, ansiedade de performance e bloqueios emocionais na vida adulta.","breadcrumb":{"@id":"https:\/\/www.uai.com.br\/uainoticias\/2026\/04\/26\/a-infancia-marcada-pela-pressao-por-perfeicao-pode-gerar-adultos-com-medo-de-errar-e-bloqueios-emocionais-profundos\/#breadcrumb"},"inLanguage":"pt-BR","potentialAction":[{"@type":"ReadAction","target":["https:\/\/www.uai.com.br\/uainoticias\/2026\/04\/26\/a-infancia-marcada-pela-pressao-por-perfeicao-pode-gerar-adultos-com-medo-de-errar-e-bloqueios-emocionais-profundos\/"]}]},{"@type":"ImageObject","inLanguage":"pt-BR","@id":"https:\/\/www.uai.com.br\/uainoticias\/2026\/04\/26\/a-infancia-marcada-pela-pressao-por-perfeicao-pode-gerar-adultos-com-medo-de-errar-e-bloqueios-emocionais-profundos\/#primaryimage","url":"https:\/\/www.uai.com.br\/uainoticias\/wp-content\/uploads\/2026\/04\/medo-de-errar.jpg","contentUrl":"https:\/\/www.uai.com.br\/uainoticias\/wp-content\/uploads\/2026\/04\/medo-de-errar.jpg","width":1280,"height":720,"caption":"Crescer em um ambiente onde o deslize \u00e9 punido com severidade ou desprezo molda um c\u00e9rebro treinado para evitar riscos a qualquer custo"},{"@type":"BreadcrumbList","@id":"https:\/\/www.uai.com.br\/uainoticias\/2026\/04\/26\/a-infancia-marcada-pela-pressao-por-perfeicao-pode-gerar-adultos-com-medo-de-errar-e-bloqueios-emocionais-profundos\/#breadcrumb","itemListElement":[{"@type":"ListItem","position":1,"name":"In\u00edcio","item":"https:\/\/www.uai.com.br\/uainoticias\/"},{"@type":"ListItem","position":2,"name":"A inf\u00e2ncia marcada pela press\u00e3o por perfei\u00e7\u00e3o pode gerar adultos com medo de errar e bloqueios emocionais profundos"}]},{"@type":"WebSite","@id":"https:\/\/www.uai.com.br\/uainoticias\/#website","url":"https:\/\/www.uai.com.br\/uainoticias\/","name":"UAI Not\u00edcias","description":"Acompanhe as \u00faltimas not\u00edcias e fique bem informado sobre tudo o que acontece no Brasil e no mundo.","potentialAction":[{"@type":"SearchAction","target":{"@type":"EntryPoint","urlTemplate":"https:\/\/www.uai.com.br\/uainoticias\/?s={search_term_string}"},"query-input":{"@type":"PropertyValueSpecification","valueRequired":true,"valueName":"search_term_string"}}],"inLanguage":"pt-BR"},{"@type":"Person","@id":"https:\/\/www.uai.com.br\/uainoticias\/#\/schema\/person\/b40f59cad9eb0656c8ae35fee468cc57","name":"Daniely Cardoso","image":{"@type":"ImageObject","inLanguage":"pt-BR","@id":"https:\/\/www.uai.com.br\/uainoticias\/#\/schema\/person\/image\/","url":"https:\/\/secure.gravatar.com\/avatar\/b43c203f79e2ee2d699e04567f61958ba1731d1c994abcd298aa4fee5f54cb3a?s=96&d=mm&r=g","contentUrl":"https:\/\/secure.gravatar.com\/avatar\/b43c203f79e2ee2d699e04567f61958ba1731d1c994abcd298aa4fee5f54cb3a?s=96&d=mm&r=g","caption":"Daniely Cardoso"},"sameAs":["https:\/\/www.uai.com.br\/uainoticias\/"],"url":"https:\/\/www.uai.com.br\/uainoticias\/author\/daniely-morais\/"}]}},"_links":{"self":[{"href":"https:\/\/www.uai.com.br\/uainoticias\/wp-json\/wp\/v2\/posts\/127354","targetHints":{"allow":["GET"]}}],"collection":[{"href":"https:\/\/www.uai.com.br\/uainoticias\/wp-json\/wp\/v2\/posts"}],"about":[{"href":"https:\/\/www.uai.com.br\/uainoticias\/wp-json\/wp\/v2\/types\/post"}],"author":[{"embeddable":true,"href":"https:\/\/www.uai.com.br\/uainoticias\/wp-json\/wp\/v2\/users\/24"}],"replies":[{"embeddable":true,"href":"https:\/\/www.uai.com.br\/uainoticias\/wp-json\/wp\/v2\/comments?post=127354"}],"version-history":[{"count":2,"href":"https:\/\/www.uai.com.br\/uainoticias\/wp-json\/wp\/v2\/posts\/127354\/revisions"}],"predecessor-version":[{"id":127357,"href":"https:\/\/www.uai.com.br\/uainoticias\/wp-json\/wp\/v2\/posts\/127354\/revisions\/127357"}],"wp:featuredmedia":[{"embeddable":true,"href":"https:\/\/www.uai.com.br\/uainoticias\/wp-json\/wp\/v2\/media\/127356"}],"wp:attachment":[{"href":"https:\/\/www.uai.com.br\/uainoticias\/wp-json\/wp\/v2\/media?parent=127354"}],"wp:term":[{"taxonomy":"category","embeddable":true,"href":"https:\/\/www.uai.com.br\/uainoticias\/wp-json\/wp\/v2\/categories?post=127354"},{"taxonomy":"post_tag","embeddable":true,"href":"https:\/\/www.uai.com.br\/uainoticias\/wp-json\/wp\/v2\/tags?post=127354"}],"curies":[{"name":"wp","href":"https:\/\/api.w.org\/{rel}","templated":true}]}}