{"id":127351,"date":"2026-04-26T17:45:00","date_gmt":"2026-04-26T20:45:00","guid":{"rendered":"https:\/\/www.uai.com.br\/uainoticias\/?p=127351"},"modified":"2026-04-25T15:41:05","modified_gmt":"2026-04-25T18:41:05","slug":"quem-sempre-resolve-tudo-na-familia-pode-estar-carregando-uma-exaustao-emocional-invisivel","status":"publish","type":"post","link":"https:\/\/www.uai.com.br\/uainoticias\/2026\/04\/26\/quem-sempre-resolve-tudo-na-familia-pode-estar-carregando-uma-exaustao-emocional-invisivel\/","title":{"rendered":"Quem sempre resolve tudo na fam\u00edlia pode estar carregando uma exaust\u00e3o emocional invis\u00edvel"},"content":{"rendered":"\n<p>Muitas fam\u00edlias depositam em um \u00fanico membro a responsabilidade de sustentar emocionalmente todos ao redor, criando um papel invis\u00edvel de suporte inabal\u00e1vel. Essa carga desproporcional consome recursos psicol\u00f3gicos valiosos, ocultando dores profundas sob uma m\u00e1scara de compet\u00eancia e resili\u00eancia constante que poucos conseguem notar.<\/p>\n\n\n\n<h2 class=\"wp-block-heading\">O fardo invis\u00edvel da responsabilidade emocional precoce<\/h2>\n\n\n\n<p>O <strong>filho forte<\/strong> geralmente assume o papel de mediador de conflitos e porto seguro antes mesmo de atingir a maturidade emocional necess\u00e1ria. Essa <strong>sobrecarga psicol\u00f3gica<\/strong> molda um adulto que negligencia as pr\u00f3prias necessidades para garantir que a <strong>fam\u00edlia<\/strong> permane\u00e7a em equil\u00edbrio, ignorando sinais claros de exaust\u00e3o.<\/p>\n\n\n\n<p>Quando a <strong>parentifica\u00e7\u00e3o<\/strong> ocorre, a <a href=\"https:\/\/www.uai.com.br\/uainoticias\/2026\/03\/28\/descoberta-cientifica-de-crianca-de-apenas-8-anos-muda-o-que-se-sabia-sobre-insetos-e-plantas\/\" target=\"_blank\" rel=\"noreferrer noopener\">crian\u00e7a <\/a>ou adolescente aprende que seu valor est\u00e1 atrelado \u00e0 utilidade e n\u00e3o \u00e0 sua exist\u00eancia individual. Esse padr\u00e3o de comportamento gera uma busca incessante por perfei\u00e7\u00e3o, onde falhar ou demonstrar vulnerabilidade parece uma trai\u00e7\u00e3o ao sistema familiar que depende da sua estabilidade.<\/p>\n\n\n<div class=\"wp-block-image\">\n<figure class=\"aligncenter size-large\"><img decoding=\"async\" width=\"1024\" height=\"576\" src=\"https:\/\/www.uai.com.br\/uainoticias\/wp-content\/uploads\/2026\/04\/carencia-emocional-1-1024x576.jpg\" alt=\"\" class=\"wp-image-121162\" srcset=\"https:\/\/www.uai.com.br\/uainoticias\/wp-content\/uploads\/2026\/04\/carencia-emocional-1-1024x576.jpg 1024w, https:\/\/www.uai.com.br\/uainoticias\/wp-content\/uploads\/2026\/04\/carencia-emocional-1-300x169.jpg 300w, https:\/\/www.uai.com.br\/uainoticias\/wp-content\/uploads\/2026\/04\/carencia-emocional-1-768x432.jpg 768w, https:\/\/www.uai.com.br\/uainoticias\/wp-content\/uploads\/2026\/04\/carencia-emocional-1-750x422.jpg 750w, https:\/\/www.uai.com.br\/uainoticias\/wp-content\/uploads\/2026\/04\/carencia-emocional-1-1140x641.jpg 1140w, https:\/\/www.uai.com.br\/uainoticias\/wp-content\/uploads\/2026\/04\/carencia-emocional-1.jpg 1280w\" sizes=\"(max-width: 1024px) 100vw, 1024px\" \/><figcaption class=\"wp-element-caption\">A ansiedade funcional \u00e9 uma caracter\u00edstica comum em quem ocupa o posto de pilar da casa,<\/figcaption><\/figure><\/div>\n\n\n<h2 class=\"wp-block-heading\">Como o esgotamento mental se manifesta em cuidadores familiares<\/h2>\n\n\n\n<p>A <strong>ansiedade funcional<\/strong> \u00e9 uma caracter\u00edstica comum em quem ocupa o posto de pilar da casa, permitindo que a pessoa execute tarefas com excel\u00eancia enquanto sofre internamente. O corpo costuma sinalizar esse limite atrav\u00e9s de tens\u00f5es musculares, ins\u00f4nia e uma sensa\u00e7\u00e3o constante de alerta, indicando que a <strong>sa\u00fade mental<\/strong> est\u00e1 operando no limite.<\/p>\n\n\n\n<p>Identificar o momento de buscar ajuda profissional \u00e9 essencial para romper o ciclo de autossacrif\u00edcio que muitas vezes \u00e9 romantizado pela sociedade brasileira. Priorizar o autocuidado n\u00e3o significa abandonar quem voc\u00ea ama, mas estabelecer limites que permitam uma conviv\u00eancia saud\u00e1vel e sustent\u00e1vel a longo prazo para todos os envolvidos.<\/p>\n\n\n\n<h2 class=\"wp-block-heading\">Sinais que indicam a necessidade de impor limites saud\u00e1veis<\/h2>\n\n\n\n<p>Reconhecer que voc\u00ea n\u00e3o precisa carregar o mundo nas costas \u00e9 o primeiro passo para recuperar a autonomia sobre sua pr\u00f3pria vida e emo\u00e7\u00f5es. A percep\u00e7\u00e3o de que a <strong>sa\u00fade emocional<\/strong> \u00e9 individual ajuda a desconstruir a ideia de que o <strong>filho forte<\/strong> deve ter solu\u00e7\u00f5es para todos os problemas alheios.<\/p>\n\n\n<div class=\"wp-block-image\">\n<figure class=\"aligncenter size-large\"><img decoding=\"async\" width=\"1024\" height=\"390\" src=\"https:\/\/www.uai.com.br\/uainoticias\/wp-content\/uploads\/2026\/04\/convertido-54-1024x390.jpg\" alt=\"\" class=\"wp-image-123764\" srcset=\"https:\/\/www.uai.com.br\/uainoticias\/wp-content\/uploads\/2026\/04\/convertido-54-1024x390.jpg 1024w, https:\/\/www.uai.com.br\/uainoticias\/wp-content\/uploads\/2026\/04\/convertido-54-300x114.jpg 300w, https:\/\/www.uai.com.br\/uainoticias\/wp-content\/uploads\/2026\/04\/convertido-54-768x292.jpg 768w, https:\/\/www.uai.com.br\/uainoticias\/wp-content\/uploads\/2026\/04\/convertido-54-750x285.jpg 750w, https:\/\/www.uai.com.br\/uainoticias\/wp-content\/uploads\/2026\/04\/convertido-54-1140x434.jpg 1140w, https:\/\/www.uai.com.br\/uainoticias\/wp-content\/uploads\/2026\/04\/convertido-54.jpg 1280w\" sizes=\"(max-width: 1024px) 100vw, 1024px\" \/><\/figure><\/div>\n\n\n<p>Um ponto de aten\u00e7\u00e3o importante surge quando voc\u00ea percebe que seus momentos de descanso s\u00e3o interrompidos por crises alheias que poderiam ser resolvidas sem sua interven\u00e7\u00e3o direta. Avalie se sua presen\u00e7a \u00e9 realmente indispens\u00e1vel ou se voc\u00ea foi condicionado a acreditar que ningu\u00e9m mais \u00e9 capaz de lidar com a realidade cotidiana.<\/p>\n\n\n\n<h2 class=\"wp-block-heading\">Por que a vulnerabilidade \u00e9 essencial para a cura psicol\u00f3gica<\/h2>\n\n\n\n<p>Permitir-se ser cuidado e expressar fragilidades quebra a din\u00e2mica de isolamento que o t\u00edtulo de <strong>filho resiliente<\/strong> costuma impor aos indiv\u00edduos.<a href=\"https:\/\/www.psychologytoday.com\/ca\/blog\/healing-together\/202001\/14-signs-you-were-parentified-as-a-child\" target=\"_blank\" rel=\"noreferrer noopener\"> A <strong>psicoterapia<\/strong> oferece um espa\u00e7o seguro<\/a> para que esses adultos redescubram quem s\u00e3o fora do contexto de utilidade familiar, promovendo uma reconstru\u00e7\u00e3o da autoestima.<\/p>\n\n\n\n<p>Ao compartilhar suas fraquezas, voc\u00ea oferece aos outros membros da <strong>fam\u00edlia<\/strong> a oportunidade de crescerem e assumirem suas pr\u00f3prias responsabilidades dentro do grupo. Essa redistribui\u00e7\u00e3o de pesos evita o <strong>burnout emocional<\/strong> e fortalece os la\u00e7os afetivos, baseando-os na troca m\u00fatua em vez de apenas no suporte unilateral.<\/p>\n\n\n<div class=\"wp-block-image\">\n<figure class=\"aligncenter size-large\"><img decoding=\"async\" width=\"1024\" height=\"576\" src=\"https:\/\/www.uai.com.br\/uainoticias\/wp-content\/uploads\/2026\/04\/carencia-emocional-1024x576.jpg\" alt=\"\" class=\"wp-image-121161\" srcset=\"https:\/\/www.uai.com.br\/uainoticias\/wp-content\/uploads\/2026\/04\/carencia-emocional-1024x576.jpg 1024w, https:\/\/www.uai.com.br\/uainoticias\/wp-content\/uploads\/2026\/04\/carencia-emocional-300x169.jpg 300w, https:\/\/www.uai.com.br\/uainoticias\/wp-content\/uploads\/2026\/04\/carencia-emocional-768x432.jpg 768w, https:\/\/www.uai.com.br\/uainoticias\/wp-content\/uploads\/2026\/04\/carencia-emocional-750x422.jpg 750w, https:\/\/www.uai.com.br\/uainoticias\/wp-content\/uploads\/2026\/04\/carencia-emocional-1140x641.jpg 1140w, https:\/\/www.uai.com.br\/uainoticias\/wp-content\/uploads\/2026\/04\/carencia-emocional.jpg 1280w\" sizes=\"(max-width: 1024px) 100vw, 1024px\" \/><figcaption class=\"wp-element-caption\">A car\u00eancia emocional originada na inf\u00e2ncia frequentemente se manifesta como uma necessidade de aprova\u00e7\u00e3o constante<\/figcaption><\/figure><\/div>\n\n\n<h2 class=\"wp-block-heading\">A constru\u00e7\u00e3o de uma nova identidade al\u00e9m do suporte familiar<\/h2>\n\n\n\n<p>Desvincular sua identidade do papel de salvador permite que voc\u00ea explore desejos e voca\u00e7\u00f5es que foram deixados de lado em prol de terceiros. Entender que o <strong>apoio familiar<\/strong> deve ser uma via de m\u00e3o dupla transforma rela\u00e7\u00f5es t\u00f3xicas em conex\u00f5es genu\u00ednas, onde o amor prevalece sobre a obriga\u00e7\u00e3o moral de ser inquebr\u00e1vel.<\/p>\n\n\n\n<p>Ao trilhar o caminho do autoconhecimento, o <strong>filho forte<\/strong> compreende que sua maior for\u00e7a reside na coragem de ser humano e imperfeito perante o mundo. O equil\u00edbrio entre cuidar e ser cuidado \u00e9 a chave para uma vida longa, produtiva e mentalmente s\u00e3, livre das amarras de expectativas alheias esmagadoras.<\/p>\n","protected":false},"excerpt":{"rendered":"<p>Muitas fam\u00edlias depositam em um \u00fanico membro a responsabilidade de sustentar emocionalmente todos ao redor, criando um papel invis\u00edvel de suporte inabal\u00e1vel. Essa carga desproporcional consome recursos psicol\u00f3gicos valiosos, ocultando dores profundas sob uma m\u00e1scara de compet\u00eancia e resili\u00eancia constante que poucos conseguem notar. O fardo invis\u00edvel da responsabilidade emocional precoce O filho forte geralmente [&hellip;]<\/p>\n","protected":false},"author":24,"featured_media":127352,"comment_status":"open","ping_status":"open","sticky":false,"template":"","format":"standard","meta":{"jnews-multi-image_gallery":[],"jnews_single_post":{"format":"standard"},"jnews_primary_category":[],"jnews_social_meta":[],"jnews_override_counter":[],"footnotes":""},"categories":[3046,475],"tags":[22879,1852,18230],"class_list":["post-127351","post","type-post","status-publish","format-standard","has-post-thumbnail","hentry","category-curiosidades","category-entretenimento","tag-filho-forte","tag-psicologia","tag-responsabilidade"],"yoast_head":"<!-- This site is optimized with the Yoast SEO plugin v26.5 - https:\/\/yoast.com\/wordpress\/plugins\/seo\/ -->\n<title>Quem sempre resolve tudo na fam\u00edlia pode estar carregando uma exaust\u00e3o emocional invis\u00edvel - UAI Not\u00edcias<\/title>\n<meta name=\"description\" content=\"Ser o filho forte pode virar sobrecarga emocional silenciosa, gerando ansiedade, culpa e esgotamento dentro da pr\u00f3pria fam\u00edlia.\" \/>\n<meta name=\"robots\" content=\"index, follow, max-snippet:-1, max-image-preview:large, max-video-preview:-1\" \/>\n<link rel=\"canonical\" href=\"https:\/\/www.uai.com.br\/uainoticias\/2026\/04\/26\/quem-sempre-resolve-tudo-na-familia-pode-estar-carregando-uma-exaustao-emocional-invisivel\/\" \/>\n<meta property=\"og:locale\" content=\"pt_BR\" \/>\n<meta property=\"og:type\" content=\"article\" \/>\n<meta property=\"og:title\" content=\"Quem sempre resolve tudo na fam\u00edlia pode estar carregando uma exaust\u00e3o emocional invis\u00edvel - UAI Not\u00edcias\" \/>\n<meta property=\"og:description\" content=\"Ser o filho forte pode virar sobrecarga emocional silenciosa, gerando ansiedade, culpa e esgotamento dentro da pr\u00f3pria fam\u00edlia.\" \/>\n<meta property=\"og:url\" content=\"https:\/\/www.uai.com.br\/uainoticias\/2026\/04\/26\/quem-sempre-resolve-tudo-na-familia-pode-estar-carregando-uma-exaustao-emocional-invisivel\/\" \/>\n<meta property=\"og:site_name\" content=\"UAI Not\u00edcias\" \/>\n<meta property=\"article:published_time\" content=\"2026-04-26T20:45:00+00:00\" \/>\n<meta property=\"og:image\" content=\"https:\/\/www.uai.com.br\/uainoticias\/wp-content\/uploads\/2026\/04\/freepik_jovem-sentado-sozinho-em-_2864648264.jpeg\" \/>\n\t<meta property=\"og:image:width\" content=\"1376\" \/>\n\t<meta property=\"og:image:height\" content=\"768\" \/>\n\t<meta property=\"og:image:type\" content=\"image\/jpeg\" \/>\n<meta name=\"author\" content=\"Daniely Cardoso\" \/>\n<meta name=\"twitter:card\" content=\"summary_large_image\" \/>\n<meta name=\"twitter:label1\" content=\"Escrito por\" \/>\n\t<meta name=\"twitter:data1\" content=\"Daniely Cardoso\" \/>\n\t<meta name=\"twitter:label2\" content=\"Est. tempo de leitura\" \/>\n\t<meta name=\"twitter:data2\" content=\"5 minutos\" \/>\n<!-- \/ Yoast SEO plugin. -->","yoast_head_json":{"title":"Quem sempre resolve tudo na fam\u00edlia pode estar carregando uma exaust\u00e3o emocional invis\u00edvel - UAI Not\u00edcias","description":"Ser o filho forte pode virar sobrecarga emocional silenciosa, gerando ansiedade, culpa e esgotamento dentro da pr\u00f3pria fam\u00edlia.","robots":{"index":"index","follow":"follow","max-snippet":"max-snippet:-1","max-image-preview":"max-image-preview:large","max-video-preview":"max-video-preview:-1"},"canonical":"https:\/\/www.uai.com.br\/uainoticias\/2026\/04\/26\/quem-sempre-resolve-tudo-na-familia-pode-estar-carregando-uma-exaustao-emocional-invisivel\/","og_locale":"pt_BR","og_type":"article","og_title":"Quem sempre resolve tudo na fam\u00edlia pode estar carregando uma exaust\u00e3o emocional invis\u00edvel - UAI Not\u00edcias","og_description":"Ser o filho forte pode virar sobrecarga emocional silenciosa, gerando ansiedade, culpa e esgotamento dentro da pr\u00f3pria fam\u00edlia.","og_url":"https:\/\/www.uai.com.br\/uainoticias\/2026\/04\/26\/quem-sempre-resolve-tudo-na-familia-pode-estar-carregando-uma-exaustao-emocional-invisivel\/","og_site_name":"UAI Not\u00edcias","article_published_time":"2026-04-26T20:45:00+00:00","og_image":[{"width":1376,"height":768,"url":"https:\/\/www.uai.com.br\/uainoticias\/wp-content\/uploads\/2026\/04\/freepik_jovem-sentado-sozinho-em-_2864648264.jpeg","type":"image\/jpeg"}],"author":"Daniely Cardoso","twitter_card":"summary_large_image","twitter_misc":{"Escrito por":"Daniely Cardoso","Est. tempo de leitura":"5 minutos"},"schema":{"@context":"https:\/\/schema.org","@graph":[{"@type":"WebPage","@id":"https:\/\/www.uai.com.br\/uainoticias\/2026\/04\/26\/quem-sempre-resolve-tudo-na-familia-pode-estar-carregando-uma-exaustao-emocional-invisivel\/","url":"https:\/\/www.uai.com.br\/uainoticias\/2026\/04\/26\/quem-sempre-resolve-tudo-na-familia-pode-estar-carregando-uma-exaustao-emocional-invisivel\/","name":"Quem sempre resolve tudo na fam\u00edlia pode estar carregando uma exaust\u00e3o emocional invis\u00edvel - UAI Not\u00edcias","isPartOf":{"@id":"https:\/\/www.uai.com.br\/uainoticias\/#website"},"primaryImageOfPage":{"@id":"https:\/\/www.uai.com.br\/uainoticias\/2026\/04\/26\/quem-sempre-resolve-tudo-na-familia-pode-estar-carregando-uma-exaustao-emocional-invisivel\/#primaryimage"},"image":{"@id":"https:\/\/www.uai.com.br\/uainoticias\/2026\/04\/26\/quem-sempre-resolve-tudo-na-familia-pode-estar-carregando-uma-exaustao-emocional-invisivel\/#primaryimage"},"thumbnailUrl":"https:\/\/www.uai.com.br\/uainoticias\/wp-content\/uploads\/2026\/04\/freepik_jovem-sentado-sozinho-em-_2864648264.jpeg","datePublished":"2026-04-26T20:45:00+00:00","author":{"@id":"https:\/\/www.uai.com.br\/uainoticias\/#\/schema\/person\/b40f59cad9eb0656c8ae35fee468cc57"},"description":"Ser o filho forte pode virar sobrecarga emocional silenciosa, gerando ansiedade, culpa e esgotamento dentro da pr\u00f3pria fam\u00edlia.","breadcrumb":{"@id":"https:\/\/www.uai.com.br\/uainoticias\/2026\/04\/26\/quem-sempre-resolve-tudo-na-familia-pode-estar-carregando-uma-exaustao-emocional-invisivel\/#breadcrumb"},"inLanguage":"pt-BR","potentialAction":[{"@type":"ReadAction","target":["https:\/\/www.uai.com.br\/uainoticias\/2026\/04\/26\/quem-sempre-resolve-tudo-na-familia-pode-estar-carregando-uma-exaustao-emocional-invisivel\/"]}]},{"@type":"ImageObject","inLanguage":"pt-BR","@id":"https:\/\/www.uai.com.br\/uainoticias\/2026\/04\/26\/quem-sempre-resolve-tudo-na-familia-pode-estar-carregando-uma-exaustao-emocional-invisivel\/#primaryimage","url":"https:\/\/www.uai.com.br\/uainoticias\/wp-content\/uploads\/2026\/04\/freepik_jovem-sentado-sozinho-em-_2864648264.jpeg","contentUrl":"https:\/\/www.uai.com.br\/uainoticias\/wp-content\/uploads\/2026\/04\/freepik_jovem-sentado-sozinho-em-_2864648264.jpeg","width":1376,"height":768,"caption":"O filho forte geralmente assume o papel de mediador de conflitos e porto seguro antes mesmo de atingir a maturidade emocional necess\u00e1ria"},{"@type":"BreadcrumbList","@id":"https:\/\/www.uai.com.br\/uainoticias\/2026\/04\/26\/quem-sempre-resolve-tudo-na-familia-pode-estar-carregando-uma-exaustao-emocional-invisivel\/#breadcrumb","itemListElement":[{"@type":"ListItem","position":1,"name":"In\u00edcio","item":"https:\/\/www.uai.com.br\/uainoticias\/"},{"@type":"ListItem","position":2,"name":"Quem sempre resolve tudo na fam\u00edlia pode estar carregando uma exaust\u00e3o emocional invis\u00edvel"}]},{"@type":"WebSite","@id":"https:\/\/www.uai.com.br\/uainoticias\/#website","url":"https:\/\/www.uai.com.br\/uainoticias\/","name":"UAI Not\u00edcias","description":"Acompanhe as \u00faltimas not\u00edcias e fique bem informado sobre tudo o que acontece no Brasil e no mundo.","potentialAction":[{"@type":"SearchAction","target":{"@type":"EntryPoint","urlTemplate":"https:\/\/www.uai.com.br\/uainoticias\/?s={search_term_string}"},"query-input":{"@type":"PropertyValueSpecification","valueRequired":true,"valueName":"search_term_string"}}],"inLanguage":"pt-BR"},{"@type":"Person","@id":"https:\/\/www.uai.com.br\/uainoticias\/#\/schema\/person\/b40f59cad9eb0656c8ae35fee468cc57","name":"Daniely Cardoso","image":{"@type":"ImageObject","inLanguage":"pt-BR","@id":"https:\/\/www.uai.com.br\/uainoticias\/#\/schema\/person\/image\/","url":"https:\/\/secure.gravatar.com\/avatar\/b43c203f79e2ee2d699e04567f61958ba1731d1c994abcd298aa4fee5f54cb3a?s=96&d=mm&r=g","contentUrl":"https:\/\/secure.gravatar.com\/avatar\/b43c203f79e2ee2d699e04567f61958ba1731d1c994abcd298aa4fee5f54cb3a?s=96&d=mm&r=g","caption":"Daniely Cardoso"},"sameAs":["https:\/\/www.uai.com.br\/uainoticias\/"],"url":"https:\/\/www.uai.com.br\/uainoticias\/author\/daniely-morais\/"}]}},"_links":{"self":[{"href":"https:\/\/www.uai.com.br\/uainoticias\/wp-json\/wp\/v2\/posts\/127351","targetHints":{"allow":["GET"]}}],"collection":[{"href":"https:\/\/www.uai.com.br\/uainoticias\/wp-json\/wp\/v2\/posts"}],"about":[{"href":"https:\/\/www.uai.com.br\/uainoticias\/wp-json\/wp\/v2\/types\/post"}],"author":[{"embeddable":true,"href":"https:\/\/www.uai.com.br\/uainoticias\/wp-json\/wp\/v2\/users\/24"}],"replies":[{"embeddable":true,"href":"https:\/\/www.uai.com.br\/uainoticias\/wp-json\/wp\/v2\/comments?post=127351"}],"version-history":[{"count":1,"href":"https:\/\/www.uai.com.br\/uainoticias\/wp-json\/wp\/v2\/posts\/127351\/revisions"}],"predecessor-version":[{"id":127353,"href":"https:\/\/www.uai.com.br\/uainoticias\/wp-json\/wp\/v2\/posts\/127351\/revisions\/127353"}],"wp:featuredmedia":[{"embeddable":true,"href":"https:\/\/www.uai.com.br\/uainoticias\/wp-json\/wp\/v2\/media\/127352"}],"wp:attachment":[{"href":"https:\/\/www.uai.com.br\/uainoticias\/wp-json\/wp\/v2\/media?parent=127351"}],"wp:term":[{"taxonomy":"category","embeddable":true,"href":"https:\/\/www.uai.com.br\/uainoticias\/wp-json\/wp\/v2\/categories?post=127351"},{"taxonomy":"post_tag","embeddable":true,"href":"https:\/\/www.uai.com.br\/uainoticias\/wp-json\/wp\/v2\/tags?post=127351"}],"curies":[{"name":"wp","href":"https:\/\/api.w.org\/{rel}","templated":true}]}}