{"id":127299,"date":"2026-04-27T05:15:00","date_gmt":"2026-04-27T08:15:00","guid":{"rendered":"https:\/\/www.uai.com.br\/uainoticias\/?p=127299"},"modified":"2026-04-25T12:16:27","modified_gmt":"2026-04-25T15:16:27","slug":"por-ser-o-unico-caramelo-de-pelo-curto-da-ninhada-lineu-foi-o-unico-que-ninguem-quis-adotar","status":"publish","type":"post","link":"https:\/\/www.uai.com.br\/uainoticias\/2026\/04\/27\/por-ser-o-unico-caramelo-de-pelo-curto-da-ninhada-lineu-foi-o-unico-que-ninguem-quis-adotar\/","title":{"rendered":"Por ser o \u00fanico caramelo de pelo curto da ninhada, Lineu foi o \u00fanico que ningu\u00e9m quis adotar"},"content":{"rendered":"\n<p>O caso do vira-lata caramelo Lineu chama aten\u00e7\u00e3o ao expor um contraste comum no Brasil: enquanto o animal \u00e9 celebrado online, muitos seguem sem ado\u00e7\u00e3o. Em <strong>S\u00e3o Paulo<\/strong>, o filhote virou s\u00edmbolo dessa realidade.<\/p>\n\n\n\n<p>Resgatado ainda beb\u00ea, Lineu recebeu cuidados essenciais e participou de feiras de ado\u00e7\u00e3o, mas foi o \u00fanico da ninhada que n\u00e3o encontrou fam\u00edlia. Hoje, segue aguardando um lar.<\/p>\n\n\n\n<h2 class=\"wp-block-heading\">Por que o vira-lata caramelo ainda enfrenta rejei\u00e7\u00e3o?<\/h2>\n\n\n\n<p>Apesar de ser um \u00edcone cultural brasileiro, o vira-lata caramelo ainda sofre com estigmas silenciosos. Em abrigos e campanhas de ado\u00e7\u00e3o, muitos adotantes priorizam c\u00e3es de apar\u00eancia considerada \u201cmais rara\u201d ou com caracter\u00edsticas espec\u00edficas.<\/p>\n\n\n\n<p>Lineu, por exemplo, tem pelagem curta caramelo \u2014 extremamente comum entre c\u00e3es sem ra\u00e7a definida. Esse fator, que deveria ser neutro, acabou se tornando um obst\u00e1culo. Segundo relato divulgado pelo aplicativo Hyppet, o filhote come\u00e7ou a demonstrar sinais de tristeza ao ver seus irm\u00e3os sendo adotados.<\/p>\n\n\n\n<p>Al\u00e9m disso, especialistas em comportamento animal apontam que a escolha est\u00e9tica ainda pesa muito na ado\u00e7\u00e3o. De acordo com organiza\u00e7\u00f5es de prote\u00e7\u00e3o animal, c\u00e3es SRD (sem ra\u00e7a definida) representam a maior parcela de abandono no pa\u00eds.<\/p>\n\n\n\n<blockquote class=\"instagram-media\" data-instgrm-captioned data-instgrm-permalink=\"https:\/\/www.instagram.com\/reel\/DXclZgBCZp7\/?utm_source=ig_embed&amp;utm_campaign=loading\" data-instgrm-version=\"14\" style=\" background:#FFF; border:0; border-radius:3px; box-shadow:0 0 1px 0 rgba(0,0,0,0.5),0 1px 10px 0 rgba(0,0,0,0.15); margin: 1px; max-width:540px; min-width:326px; padding:0; width:99.375%; width:-webkit-calc(100% - 2px); width:calc(100% - 2px);\"><div style=\"padding:16px;\"> <a href=\"https:\/\/www.instagram.com\/reel\/DXclZgBCZp7\/?utm_source=ig_embed&amp;utm_campaign=loading\" style=\" background:#FFFFFF; line-height:0; padding:0 0; text-align:center; text-decoration:none; width:100%;\" target=\"_blank\"> <div style=\" display: flex; flex-direction: row; align-items: center;\"> <div style=\"background-color: #F4F4F4; border-radius: 50%; flex-grow: 0; height: 40px; margin-right: 14px; width: 40px;\"><\/div> <div style=\"display: flex; flex-direction: column; flex-grow: 1; justify-content: center;\"> <div style=\" background-color: #F4F4F4; border-radius: 4px; flex-grow: 0; height: 14px; margin-bottom: 6px; width: 100px;\"><\/div> <div style=\" background-color: #F4F4F4; border-radius: 4px; flex-grow: 0; height: 14px; width: 60px;\"><\/div><\/div><\/div><div style=\"padding: 19% 0;\"><\/div> <div style=\"display:block; height:50px; margin:0 auto 12px; width:50px;\"><svg width=\"50px\" height=\"50px\" viewBox=\"0 0 60 60\" version=\"1.1\" xmlns=\"https:\/\/www.w3.org\/2000\/svg\" xmlns:xlink=\"https:\/\/www.w3.org\/1999\/xlink\"><g stroke=\"none\" stroke-width=\"1\" fill=\"none\" fill-rule=\"evenodd\"><g transform=\"translate(-511.000000, -20.000000)\" fill=\"#000000\"><g><path d=\"M556.869,30.41 C554.814,30.41 553.148,32.076 553.148,34.131 C553.148,36.186 554.814,37.852 556.869,37.852 C558.924,37.852 560.59,36.186 560.59,34.131 C560.59,32.076 558.924,30.41 556.869,30.41 M541,60.657 C535.114,60.657 530.342,55.887 530.342,50 C530.342,44.114 535.114,39.342 541,39.342 C546.887,39.342 551.658,44.114 551.658,50 C551.658,55.887 546.887,60.657 541,60.657 M541,33.886 C532.1,33.886 524.886,41.1 524.886,50 C524.886,58.899 532.1,66.113 541,66.113 C549.9,66.113 557.115,58.899 557.115,50 C557.115,41.1 549.9,33.886 541,33.886 M565.378,62.101 C565.244,65.022 564.756,66.606 564.346,67.663 C563.803,69.06 563.154,70.057 562.106,71.106 C561.058,72.155 560.06,72.803 558.662,73.347 C557.607,73.757 556.021,74.244 553.102,74.378 C549.944,74.521 548.997,74.552 541,74.552 C533.003,74.552 532.056,74.521 528.898,74.378 C525.979,74.244 524.393,73.757 523.338,73.347 C521.94,72.803 520.942,72.155 519.894,71.106 C518.846,70.057 518.197,69.06 517.654,67.663 C517.244,66.606 516.755,65.022 516.623,62.101 C516.479,58.943 516.448,57.996 516.448,50 C516.448,42.003 516.479,41.056 516.623,37.899 C516.755,34.978 517.244,33.391 517.654,32.338 C518.197,30.938 518.846,29.942 519.894,28.894 C520.942,27.846 521.94,27.196 523.338,26.654 C524.393,26.244 525.979,25.756 528.898,25.623 C532.057,25.479 533.004,25.448 541,25.448 C548.997,25.448 549.943,25.479 553.102,25.623 C556.021,25.756 557.607,26.244 558.662,26.654 C560.06,27.196 561.058,27.846 562.106,28.894 C563.154,29.942 563.803,30.938 564.346,32.338 C564.756,33.391 565.244,34.978 565.378,37.899 C565.522,41.056 565.552,42.003 565.552,50 C565.552,57.996 565.522,58.943 565.378,62.101 M570.82,37.631 C570.674,34.438 570.167,32.258 569.425,30.349 C568.659,28.377 567.633,26.702 565.965,25.035 C564.297,23.368 562.623,22.342 560.652,21.575 C558.743,20.834 556.562,20.326 553.369,20.18 C550.169,20.033 549.148,20 541,20 C532.853,20 531.831,20.033 528.631,20.18 C525.438,20.326 523.257,20.834 521.349,21.575 C519.376,22.342 517.703,23.368 516.035,25.035 C514.368,26.702 513.342,28.377 512.574,30.349 C511.834,32.258 511.326,34.438 511.181,37.631 C511.035,40.831 511,41.851 511,50 C511,58.147 511.035,59.17 511.181,62.369 C511.326,65.562 511.834,67.743 512.574,69.651 C513.342,71.625 514.368,73.296 516.035,74.965 C517.703,76.634 519.376,77.658 521.349,78.425 C523.257,79.167 525.438,79.673 528.631,79.82 C531.831,79.965 532.853,80.001 541,80.001 C549.148,80.001 550.169,79.965 553.369,79.82 C556.562,79.673 558.743,79.167 560.652,78.425 C562.623,77.658 564.297,76.634 565.965,74.965 C567.633,73.296 568.659,71.625 569.425,69.651 C570.167,67.743 570.674,65.562 570.82,62.369 C570.966,59.17 571,58.147 571,50 C571,41.851 570.966,40.831 570.82,37.631\"><\/path><\/g><\/g><\/g><\/svg><\/div><div style=\"padding-top: 8px;\"> <div style=\" color:#3897f0; font-family:Arial,sans-serif; font-size:14px; font-style:normal; font-weight:550; line-height:18px;\">Ver essa foto no Instagram<\/div><\/div><div style=\"padding: 12.5% 0;\"><\/div> <div style=\"display: flex; flex-direction: row; margin-bottom: 14px; align-items: center;\"><div> <div style=\"background-color: #F4F4F4; border-radius: 50%; height: 12.5px; width: 12.5px; transform: translateX(0px) translateY(7px);\"><\/div> <div style=\"background-color: #F4F4F4; height: 12.5px; transform: rotate(-45deg) translateX(3px) translateY(1px); width: 12.5px; flex-grow: 0; margin-right: 14px; margin-left: 2px;\"><\/div> <div style=\"background-color: #F4F4F4; border-radius: 50%; height: 12.5px; width: 12.5px; transform: translateX(9px) translateY(-18px);\"><\/div><\/div><div style=\"margin-left: 8px;\"> <div style=\" background-color: #F4F4F4; border-radius: 50%; flex-grow: 0; height: 20px; width: 20px;\"><\/div> <div style=\" width: 0; height: 0; border-top: 2px solid transparent; border-left: 6px solid #f4f4f4; border-bottom: 2px solid transparent; transform: translateX(16px) translateY(-4px) rotate(30deg)\"><\/div><\/div><div style=\"margin-left: auto;\"> <div style=\" width: 0px; border-top: 8px solid #F4F4F4; border-right: 8px solid transparent; transform: translateY(16px);\"><\/div> <div style=\" background-color: #F4F4F4; flex-grow: 0; height: 12px; width: 16px; transform: translateY(-4px);\"><\/div> <div style=\" width: 0; height: 0; border-top: 8px solid #F4F4F4; border-left: 8px solid transparent; transform: translateY(-4px) translateX(8px);\"><\/div><\/div><\/div> <div style=\"display: flex; flex-direction: column; flex-grow: 1; justify-content: center; margin-bottom: 24px;\"> <div style=\" background-color: #F4F4F4; border-radius: 4px; flex-grow: 0; height: 14px; margin-bottom: 6px; width: 224px;\"><\/div> <div style=\" background-color: #F4F4F4; border-radius: 4px; flex-grow: 0; height: 14px; width: 144px;\"><\/div><\/div><\/a><p style=\" color:#c9c8cd; font-family:Arial,sans-serif; font-size:14px; line-height:17px; margin-bottom:0; margin-top:8px; overflow:hidden; padding:8px 0 7px; text-align:center; text-overflow:ellipsis; white-space:nowrap;\"><a href=\"https:\/\/www.instagram.com\/reel\/DXclZgBCZp7\/?utm_source=ig_embed&amp;utm_campaign=loading\" style=\" color:#c9c8cd; font-family:Arial,sans-serif; font-size:14px; font-style:normal; font-weight:normal; line-height:17px; text-decoration:none;\" target=\"_blank\">Um post compartilhado por Hy\u146d\u146det (@hyppet)<\/a><\/p><\/div><\/blockquote>\n<script async src=\"\/\/www.instagram.com\/embed.js\"><\/script>\n\n\n\n<h2 class=\"wp-block-heading\">O que a hist\u00f3ria de Lineu revela sobre ado\u00e7\u00e3o no Brasil?<\/h2>\n\n\n\n<p>O caso de Lineu evidencia um paradoxo: o vira-lata caramelo \u00e9 exaltado como s\u00edmbolo nacional, mas na pr\u00e1tica enfrenta dificuldades reais.<\/p>\n\n\n\n<p>Entre os fatores que influenciam esse cen\u00e1rio, destacam-se:<\/p>\n\n\n\n<ul class=\"wp-block-list\">\n<li>Prefer\u00eancia por c\u00e3es de ra\u00e7a ou apar\u00eancia \u201cdiferenciada\u201d<\/li>\n\n\n\n<li>Falta de conscientiza\u00e7\u00e3o sobre ado\u00e7\u00e3o respons\u00e1vel<\/li>\n\n\n\n<li>Idealiza\u00e7\u00e3o est\u00e9tica em redes sociais<\/li>\n\n\n\n<li>Desinforma\u00e7\u00e3o sobre comportamento de c\u00e3es SRD<\/li>\n\n\n\n<li>Superlota\u00e7\u00e3o de abrigos urbanos<\/li>\n<\/ul>\n\n\n\n<p>Al\u00e9m disso, campanhas de ado\u00e7\u00e3o muitas vezes n\u00e3o conseguem competir com o mercado de compra de animais. Isso refor\u00e7a desigualdades no acesso a lares para c\u00e3es como Lineu.<\/p>\n\n\n\n<h2 class=\"wp-block-heading\">Como o caso viralizou e ganhou for\u00e7a nas redes?<\/h2>\n\n\n\n<p>A tentativa de dar visibilidade ao c\u00e3o incluiu estrat\u00e9gias digitais. Ap\u00f3s um banho e tosa, Lineu foi apresentado nas redes sociais com uma apar\u00eancia ainda mais saud\u00e1vel e carism\u00e1tica.<\/p>\n\n\n\n<p>O conte\u00fado rapidamente gerou engajamento. Coment\u00e1rios destacavam o olhar expressivo do filhote e sua docilidade. Ainda assim, o objetivo principal \u2014 a ado\u00e7\u00e3o \u2014 n\u00e3o foi imediatamente alcan\u00e7ado.<\/p>\n\n\n\n<p>Esse tipo de mobiliza\u00e7\u00e3o digital tem se tornado comum. Plataformas e aplicativos utilizam storytelling emocional para aumentar as chances de ado\u00e7\u00e3o, algo que tamb\u00e9m foi adotado pela equipe respons\u00e1vel pelo caso.<\/p>\n\n\n\n<h2 class=\"wp-block-heading\">Caramelo \u00e9 ra\u00e7a ou s\u00edmbolo cultural?<\/h2>\n\n\n\n<p>Do ponto de vista t\u00e9cnico, o vira-lata caramelo n\u00e3o \u00e9 uma ra\u00e7a. Ele \u00e9 resultado de cruzamentos diversos ao longo de gera\u00e7\u00f5es, sem padr\u00e3o definido por entidades de cinofilia.<\/p>\n\n\n\n<p>No entanto, sua apar\u00eancia \u2014 geralmente porte m\u00e9dio, pelagem curta e tons dourados \u2014 criou uma identidade visual reconhec\u00edvel. Isso ajudou a consolidar sua presen\u00e7a na cultura popular.<\/p>\n\n\n\n<p>Curiosamente, essa popularidade digital n\u00e3o se traduz automaticamente em ado\u00e7\u00e3o. Ou seja, o reconhecimento simb\u00f3lico n\u00e3o resolve um problema estrutural.<\/p>\n\n\n\n<h2 class=\"wp-block-heading\">O que a hist\u00f3ria de Lineu nos faz refletir?<\/h2>\n\n\n\n<p>O caso do vira-lata caramelo Lineu vai al\u00e9m de uma hist\u00f3ria comovente. Ele exp\u00f5e uma realidade persistente: milhares de c\u00e3es seguem invis\u00edveis, mesmo sendo amplamente celebrados.<\/p>\n\n\n\n<p>Enquanto debates online discutem identidade cultural e memes, a ado\u00e7\u00e3o respons\u00e1vel ainda depende de a\u00e7\u00f5es concretas. Lineu continua esperando \u2014 e sua hist\u00f3ria levanta uma quest\u00e3o inevit\u00e1vel: quantos outros tamb\u00e9m est\u00e3o?<\/p>\n","protected":false},"excerpt":{"rendered":"<p>O caso do vira-lata caramelo Lineu chama aten\u00e7\u00e3o ao expor um contraste comum no Brasil: enquanto o animal \u00e9 celebrado online, muitos seguem sem ado\u00e7\u00e3o. Em S\u00e3o Paulo, o filhote virou s\u00edmbolo dessa realidade. Resgatado ainda beb\u00ea, Lineu recebeu cuidados essenciais e participou de feiras de ado\u00e7\u00e3o, mas foi o \u00fanico da ninhada que n\u00e3o [&hellip;]<\/p>\n","protected":false},"author":23,"featured_media":127300,"comment_status":"open","ping_status":"open","sticky":false,"template":"","format":"standard","meta":{"jnews-multi-image_gallery":[],"jnews_single_post":{"format":"standard"},"jnews_primary_category":[],"jnews_social_meta":[],"jnews_override_counter":[],"footnotes":""},"categories":[11601],"tags":[20153],"class_list":["post-127299","post","type-post","status-publish","format-standard","has-post-thumbnail","hentry","category-noticia","tag-cachorro-caramelo"],"yoast_head":"<!-- This site is optimized with the Yoast SEO plugin v26.5 - https:\/\/yoast.com\/wordpress\/plugins\/seo\/ -->\n<title>Por ser o \u00fanico caramelo de pelo curto da ninhada, Lineu foi o \u00fanico que ningu\u00e9m quis adotar - UAI Not\u00edcias<\/title>\n<meta name=\"description\" content=\"O caso de vira-lata caramelo rejeitado em ado\u00e7\u00e3o revela um contraste curioso entre fama nas redes e realidade nos abrigos\" \/>\n<meta name=\"robots\" content=\"index, follow, max-snippet:-1, max-image-preview:large, max-video-preview:-1\" \/>\n<link rel=\"canonical\" href=\"https:\/\/www.uai.com.br\/uainoticias\/2026\/04\/27\/por-ser-o-unico-caramelo-de-pelo-curto-da-ninhada-lineu-foi-o-unico-que-ninguem-quis-adotar\/\" \/>\n<meta property=\"og:locale\" content=\"pt_BR\" \/>\n<meta property=\"og:type\" content=\"article\" \/>\n<meta property=\"og:title\" content=\"Por ser o \u00fanico caramelo de pelo curto da ninhada, Lineu foi o \u00fanico que ningu\u00e9m quis adotar - UAI Not\u00edcias\" \/>\n<meta property=\"og:description\" content=\"O caso de vira-lata caramelo rejeitado em ado\u00e7\u00e3o revela um contraste curioso entre fama nas redes e realidade nos abrigos\" \/>\n<meta property=\"og:url\" content=\"https:\/\/www.uai.com.br\/uainoticias\/2026\/04\/27\/por-ser-o-unico-caramelo-de-pelo-curto-da-ninhada-lineu-foi-o-unico-que-ninguem-quis-adotar\/\" \/>\n<meta property=\"og:site_name\" content=\"UAI Not\u00edcias\" \/>\n<meta property=\"article:published_time\" content=\"2026-04-27T08:15:00+00:00\" \/>\n<meta property=\"og:image\" content=\"https:\/\/www.uai.com.br\/uainoticias\/wp-content\/uploads\/2026\/04\/Design_sem_nome-2026-04-25T121400.350.jpg\" \/>\n\t<meta property=\"og:image:width\" content=\"1280\" \/>\n\t<meta property=\"og:image:height\" content=\"720\" \/>\n\t<meta property=\"og:image:type\" content=\"image\/jpeg\" \/>\n<meta name=\"author\" content=\"Gustavo Trindade\" \/>\n<meta name=\"twitter:card\" content=\"summary_large_image\" \/>\n<meta name=\"twitter:label1\" content=\"Escrito por\" \/>\n\t<meta name=\"twitter:data1\" content=\"Gustavo Trindade\" \/>\n\t<meta name=\"twitter:label2\" content=\"Est. tempo de leitura\" \/>\n\t<meta name=\"twitter:data2\" content=\"4 minutos\" \/>\n<!-- \/ Yoast SEO plugin. -->","yoast_head_json":{"title":"Por ser o \u00fanico caramelo de pelo curto da ninhada, Lineu foi o \u00fanico que ningu\u00e9m quis adotar - UAI Not\u00edcias","description":"O caso de vira-lata caramelo rejeitado em ado\u00e7\u00e3o revela um contraste curioso entre fama nas redes e realidade nos abrigos","robots":{"index":"index","follow":"follow","max-snippet":"max-snippet:-1","max-image-preview":"max-image-preview:large","max-video-preview":"max-video-preview:-1"},"canonical":"https:\/\/www.uai.com.br\/uainoticias\/2026\/04\/27\/por-ser-o-unico-caramelo-de-pelo-curto-da-ninhada-lineu-foi-o-unico-que-ninguem-quis-adotar\/","og_locale":"pt_BR","og_type":"article","og_title":"Por ser o \u00fanico caramelo de pelo curto da ninhada, Lineu foi o \u00fanico que ningu\u00e9m quis adotar - UAI Not\u00edcias","og_description":"O caso de vira-lata caramelo rejeitado em ado\u00e7\u00e3o revela um contraste curioso entre fama nas redes e realidade nos abrigos","og_url":"https:\/\/www.uai.com.br\/uainoticias\/2026\/04\/27\/por-ser-o-unico-caramelo-de-pelo-curto-da-ninhada-lineu-foi-o-unico-que-ninguem-quis-adotar\/","og_site_name":"UAI Not\u00edcias","article_published_time":"2026-04-27T08:15:00+00:00","og_image":[{"width":1280,"height":720,"url":"https:\/\/www.uai.com.br\/uainoticias\/wp-content\/uploads\/2026\/04\/Design_sem_nome-2026-04-25T121400.350.jpg","type":"image\/jpeg"}],"author":"Gustavo Trindade","twitter_card":"summary_large_image","twitter_misc":{"Escrito por":"Gustavo Trindade","Est. tempo de leitura":"4 minutos"},"schema":{"@context":"https:\/\/schema.org","@graph":[{"@type":"WebPage","@id":"https:\/\/www.uai.com.br\/uainoticias\/2026\/04\/27\/por-ser-o-unico-caramelo-de-pelo-curto-da-ninhada-lineu-foi-o-unico-que-ninguem-quis-adotar\/","url":"https:\/\/www.uai.com.br\/uainoticias\/2026\/04\/27\/por-ser-o-unico-caramelo-de-pelo-curto-da-ninhada-lineu-foi-o-unico-que-ninguem-quis-adotar\/","name":"Por ser o \u00fanico caramelo de pelo curto da ninhada, Lineu foi o \u00fanico que ningu\u00e9m quis adotar - UAI Not\u00edcias","isPartOf":{"@id":"https:\/\/www.uai.com.br\/uainoticias\/#website"},"primaryImageOfPage":{"@id":"https:\/\/www.uai.com.br\/uainoticias\/2026\/04\/27\/por-ser-o-unico-caramelo-de-pelo-curto-da-ninhada-lineu-foi-o-unico-que-ninguem-quis-adotar\/#primaryimage"},"image":{"@id":"https:\/\/www.uai.com.br\/uainoticias\/2026\/04\/27\/por-ser-o-unico-caramelo-de-pelo-curto-da-ninhada-lineu-foi-o-unico-que-ninguem-quis-adotar\/#primaryimage"},"thumbnailUrl":"https:\/\/www.uai.com.br\/uainoticias\/wp-content\/uploads\/2026\/04\/Design_sem_nome-2026-04-25T121400.350.jpg","datePublished":"2026-04-27T08:15:00+00:00","author":{"@id":"https:\/\/www.uai.com.br\/uainoticias\/#\/schema\/person\/060f8bb02e250479c83590e2c4706fcc"},"description":"O caso de vira-lata caramelo rejeitado em ado\u00e7\u00e3o revela um contraste curioso entre fama nas redes e realidade nos abrigos","breadcrumb":{"@id":"https:\/\/www.uai.com.br\/uainoticias\/2026\/04\/27\/por-ser-o-unico-caramelo-de-pelo-curto-da-ninhada-lineu-foi-o-unico-que-ninguem-quis-adotar\/#breadcrumb"},"inLanguage":"pt-BR","potentialAction":[{"@type":"ReadAction","target":["https:\/\/www.uai.com.br\/uainoticias\/2026\/04\/27\/por-ser-o-unico-caramelo-de-pelo-curto-da-ninhada-lineu-foi-o-unico-que-ninguem-quis-adotar\/"]}]},{"@type":"ImageObject","inLanguage":"pt-BR","@id":"https:\/\/www.uai.com.br\/uainoticias\/2026\/04\/27\/por-ser-o-unico-caramelo-de-pelo-curto-da-ninhada-lineu-foi-o-unico-que-ninguem-quis-adotar\/#primaryimage","url":"https:\/\/www.uai.com.br\/uainoticias\/wp-content\/uploads\/2026\/04\/Design_sem_nome-2026-04-25T121400.350.jpg","contentUrl":"https:\/\/www.uai.com.br\/uainoticias\/wp-content\/uploads\/2026\/04\/Design_sem_nome-2026-04-25T121400.350.jpg","width":1280,"height":720,"caption":"\u201cEle segue cada dia mais triste\u201d: Por ser o \u00fanico caramelo de pelo curto da ninhada, Lineu foi o \u00fanico que ningu\u00e9m quis adotar (Foto: Instagram\/hyppet)"},{"@type":"BreadcrumbList","@id":"https:\/\/www.uai.com.br\/uainoticias\/2026\/04\/27\/por-ser-o-unico-caramelo-de-pelo-curto-da-ninhada-lineu-foi-o-unico-que-ninguem-quis-adotar\/#breadcrumb","itemListElement":[{"@type":"ListItem","position":1,"name":"In\u00edcio","item":"https:\/\/www.uai.com.br\/uainoticias\/"},{"@type":"ListItem","position":2,"name":"Por ser o \u00fanico caramelo de pelo curto da ninhada, Lineu foi o \u00fanico que ningu\u00e9m quis adotar"}]},{"@type":"WebSite","@id":"https:\/\/www.uai.com.br\/uainoticias\/#website","url":"https:\/\/www.uai.com.br\/uainoticias\/","name":"UAI Not\u00edcias","description":"Acompanhe as \u00faltimas not\u00edcias e fique bem informado sobre tudo o que acontece no Brasil e no mundo.","potentialAction":[{"@type":"SearchAction","target":{"@type":"EntryPoint","urlTemplate":"https:\/\/www.uai.com.br\/uainoticias\/?s={search_term_string}"},"query-input":{"@type":"PropertyValueSpecification","valueRequired":true,"valueName":"search_term_string"}}],"inLanguage":"pt-BR"},{"@type":"Person","@id":"https:\/\/www.uai.com.br\/uainoticias\/#\/schema\/person\/060f8bb02e250479c83590e2c4706fcc","name":"Gustavo Trindade","image":{"@type":"ImageObject","inLanguage":"pt-BR","@id":"https:\/\/www.uai.com.br\/uainoticias\/#\/schema\/person\/image\/","url":"https:\/\/secure.gravatar.com\/avatar\/05714a54ada0bd2b20e75b2c72a9e7802581213945810c2354d320b79f27b427?s=96&d=mm&r=g","contentUrl":"https:\/\/secure.gravatar.com\/avatar\/05714a54ada0bd2b20e75b2c72a9e7802581213945810c2354d320b79f27b427?s=96&d=mm&r=g","caption":"Gustavo Trindade"},"sameAs":["https:\/\/www.uai.com.br\/uainoticias\/"],"url":"https:\/\/www.uai.com.br\/uainoticias\/author\/gustavotrindade\/"}]}},"_links":{"self":[{"href":"https:\/\/www.uai.com.br\/uainoticias\/wp-json\/wp\/v2\/posts\/127299","targetHints":{"allow":["GET"]}}],"collection":[{"href":"https:\/\/www.uai.com.br\/uainoticias\/wp-json\/wp\/v2\/posts"}],"about":[{"href":"https:\/\/www.uai.com.br\/uainoticias\/wp-json\/wp\/v2\/types\/post"}],"author":[{"embeddable":true,"href":"https:\/\/www.uai.com.br\/uainoticias\/wp-json\/wp\/v2\/users\/23"}],"replies":[{"embeddable":true,"href":"https:\/\/www.uai.com.br\/uainoticias\/wp-json\/wp\/v2\/comments?post=127299"}],"version-history":[{"count":1,"href":"https:\/\/www.uai.com.br\/uainoticias\/wp-json\/wp\/v2\/posts\/127299\/revisions"}],"predecessor-version":[{"id":127301,"href":"https:\/\/www.uai.com.br\/uainoticias\/wp-json\/wp\/v2\/posts\/127299\/revisions\/127301"}],"wp:featuredmedia":[{"embeddable":true,"href":"https:\/\/www.uai.com.br\/uainoticias\/wp-json\/wp\/v2\/media\/127300"}],"wp:attachment":[{"href":"https:\/\/www.uai.com.br\/uainoticias\/wp-json\/wp\/v2\/media?parent=127299"}],"wp:term":[{"taxonomy":"category","embeddable":true,"href":"https:\/\/www.uai.com.br\/uainoticias\/wp-json\/wp\/v2\/categories?post=127299"},{"taxonomy":"post_tag","embeddable":true,"href":"https:\/\/www.uai.com.br\/uainoticias\/wp-json\/wp\/v2\/tags?post=127299"}],"curies":[{"name":"wp","href":"https:\/\/api.w.org\/{rel}","templated":true}]}}