{"id":127239,"date":"2026-04-26T07:45:00","date_gmt":"2026-04-26T10:45:00","guid":{"rendered":"https:\/\/www.uai.com.br\/uainoticias\/?p=127239"},"modified":"2026-04-25T10:45:26","modified_gmt":"2026-04-25T13:45:26","slug":"dedos-mudam-de-cor-no-frio-entenda-o-que-pode-estar-por-tras-desse-sinal-estranho","status":"publish","type":"post","link":"https:\/\/www.uai.com.br\/uainoticias\/2026\/04\/26\/dedos-mudam-de-cor-no-frio-entenda-o-que-pode-estar-por-tras-desse-sinal-estranho\/","title":{"rendered":"Dedos mudam de cor no frio? Entenda o que pode estar por tr\u00e1s desse sinal estranho"},"content":{"rendered":"\n<link href=\"https:\/\/fonts.googleapis.com\/css2?family=Inter:wght@400;600;700;800&#038;display=swap\" rel=\"stylesheet\">\r\n<style>\r\n\/* Prote\u00e7\u00e3o contra inje\u00e7\u00e3o do \"Veja Tamb\u00e9m\" (JNews inline related posts) *\/\r\n.rdp-curiosidades-wrapper .jnews_inline_related_post_wrapper,\r\n.rdp-curiosidades-wrapper .jnews_inline_related_post,\r\n.rdp-curiosidades-wrapper .jeg_postblock,\r\n.rdp-curiosidades-wrapper [class*=\"jnews_inline\"],\r\n.rdp-curiosidades-wrapper [class*=\"jeg_postblock\"],\r\n.rdp-curiosidades-wrapper [class*=\"jeg_block\"] {\r\n  display: none !important;\r\n  height: 0 !important;\r\n  max-height: 0 !important;\r\n  overflow: hidden !important;\r\n  visibility: hidden !important;\r\n  margin: 0 !important;\r\n  padding: 0 !important;\r\n  border: none !important;\r\n  font-size: 0 !important;\r\n  line-height: 0 !important;\r\n}\r\n.rdp-curiosidades-wrapper {\r\n  max-width: 620px;\r\n  margin: 28px auto;\r\n  background: #FFFFFF;\r\n  border: 1px solid #E0E0E0;\r\n  border-top: 3px solid #2FC3EE;\r\n  border-radius: 12px;\r\n  padding: 28px 32px;\r\n  font-family: 'Inter', sans-serif;\r\n  box-shadow: 0 4px 20px rgba(47,195,238,0.18);\r\n  overflow: hidden;\r\n  contain: layout style;\r\n  isolation: isolate;\r\n  position: relative;\r\n  z-index: 1;\r\n}\r\n.rdp-curiosidades-wrapper > *:not(.rdp-curiosidades-header):not(.rdp-curiosidades-list) {\r\n  display: none !important;\r\n  height: 0 !important;\r\n  overflow: hidden !important;\r\n  margin: 0 !important;\r\n  padding: 0 !important;\r\n  border: none !important;\r\n}\r\n.rdp-curiosidades-header {\r\n  display: flex;\r\n  align-items: center;\r\n  justify-content: center;\r\n  gap: 16px;\r\n  margin-bottom: 24px;\r\n}\r\n.rdp-curiosidades-line {\r\n  flex: 1;\r\n  height: 1px;\r\n  background: #E0E0E0;\r\n}\r\n.rdp-curiosidades-title {\r\n  font-family: 'Inter', sans-serif;\r\n  font-size: 12px;\r\n  font-weight: 800;\r\n  text-transform: uppercase;\r\n  letter-spacing: 4px;\r\n  color: #1A1A1A;\r\n  white-space: nowrap;\r\n}\r\n.rdp-curiosidades-list {\r\n  list-style: none;\r\n  padding: 0;\r\n  margin: 0;\r\n  text-align: center;\r\n}\r\n.rdp-curiosidades-item {\r\n  padding: 0 0 18px 0;\r\n  line-height: 1.7;\r\n}\r\n.rdp-curiosidades-item:last-child {\r\n  padding-bottom: 0;\r\n}\r\n.rdp-curiosidades-item-bullet {\r\n  display: inline-block;\r\n  width: 8px;\r\n  height: 8px;\r\n  background: #2FC3EE;\r\n  border-radius: 50%;\r\n  box-shadow: 0 0 6px rgba(47,195,238,0.40);\r\n  margin-right: 10px;\r\n  vertical-align: middle;\r\n}\r\n.rdp-curiosidades-item-title {\r\n  font-size: 15px;\r\n  font-weight: 700;\r\n  color: #1A1A1A;\r\n}\r\n.rdp-curiosidades-item-desc {\r\n  font-size: 15px;\r\n  color: #333333;\r\n  line-height: 1.7;\r\n}\r\n@media (max-width: 768px) {\r\n  .rdp-curiosidades-wrapper {\r\n    max-width: 100%;\r\n    margin: 20px 12px;\r\n    padding: 22px 20px;\r\n  }\r\n}\r\n<\/style>\r\n<div class=\"rdp-curiosidades-wrapper\">\r\n  <div class=\"rdp-curiosidades-header\">\r\n    <span class=\"rdp-curiosidades-line\"><\/span>\r\n    <span class=\"rdp-curiosidades-title\">Curiosidades<\/span>\r\n    <span class=\"rdp-curiosidades-line\"><\/span>\r\n  <\/div>\r\n  <ul class=\"rdp-curiosidades-list\">\r\n    <li class=\"rdp-curiosidades-item\">\r\n      <span class=\"rdp-curiosidades-item-bullet\"><\/span><span class=\"rdp-curiosidades-item-title\">Mudan\u00e7a de cor vis\u00edvel:<\/span> <span class=\"rdp-curiosidades-item-desc\">Os dedos podem ficar brancos, azulados ou vermelhos devido a altera\u00e7\u00f5es no fluxo sangu\u00edneo.<\/span>\r\n    <\/li>\r\n    <li class=\"rdp-curiosidades-item\">\r\n      <span class=\"rdp-curiosidades-item-bullet\"><\/span><span class=\"rdp-curiosidades-item-title\">Frio e estresse influenciam:<\/span> <span class=\"rdp-curiosidades-item-desc\">Situa\u00e7\u00f5es comuns do dia a dia podem desencadear epis\u00f3dios de contra\u00e7\u00e3o dos vasos sangu\u00edneos.<\/span>\r\n    <\/li>\r\n    <li class=\"rdp-curiosidades-item\">\r\n      <span class=\"rdp-curiosidades-item-bullet\"><\/span><span class=\"rdp-curiosidades-item-title\">Dist\u00farbio vascular curioso:<\/span> <span class=\"rdp-curiosidades-item-desc\">A ci\u00eancia mostra que o fen\u00f4meno envolve uma resposta exagerada da circula\u00e7\u00e3o perif\u00e9rica.<\/span>\r\n    <\/li>\r\n  <\/ul>\r\n<\/div>\r\n<div style=\"clear:both;height:0;overflow:hidden;\"><\/div>\n\n\n\n<p>J\u00e1 reparou como, em dias frios ou momentos de tens\u00e3o, seus dedos podem mudar de cor de forma estranha? A <strong>s\u00edndrome de Raynaud<\/strong> \u00e9 um dist\u00farbio da circula\u00e7\u00e3o perif\u00e9rica que intriga cientistas h\u00e1 anos, justamente por causar altera\u00e7\u00f5es vis\u00edveis na pele e no fluxo sangu\u00edneo das extremidades, como m\u00e3os e p\u00e9s.<\/p>\n\n\n\n<h2 class=\"wp-block-heading\">O que a ci\u00eancia descobriu sobre a s\u00edndrome de Raynaud<\/h2>\n\n\n\n<p>A <strong>s\u00edndrome de Raynaud<\/strong> acontece quando os vasos sangu\u00edneos das extremidades se contraem de forma exagerada, um processo chamado de vasoespasmo. Isso reduz temporariamente a circula\u00e7\u00e3o, deixando a pele p\u00e1lida ou azulada por falta de oxig\u00eanio.<\/p>\n\n\n\n<p>Pesquisas m\u00e9dicas mostram que esse mecanismo \u00e9 uma resposta do sistema nervoso ao frio ou ao estresse, como se o corpo estivesse tentando preservar calor. O problema \u00e9 que, em algumas pessoas, essa rea\u00e7\u00e3o \u00e9 muito intensa e frequente.<\/p>\n\n\n\n<figure class=\"wp-block-image aligncenter size-large\"><img decoding=\"async\" width=\"1024\" height=\"576\" src=\"https:\/\/www.uai.com.br\/uainoticias\/wp-content\/uploads\/2026\/04\/Design_sem_nome-2026-04-25T104436.728-1024x576.jpg\" alt=\"Dedos mudam de cor no frio? Entenda o que pode estar por tr\u00e1s desse sinal estranho\" class=\"wp-image-127240\" srcset=\"https:\/\/www.uai.com.br\/uainoticias\/wp-content\/uploads\/2026\/04\/Design_sem_nome-2026-04-25T104436.728-1024x576.jpg 1024w, https:\/\/www.uai.com.br\/uainoticias\/wp-content\/uploads\/2026\/04\/Design_sem_nome-2026-04-25T104436.728-300x169.jpg 300w, https:\/\/www.uai.com.br\/uainoticias\/wp-content\/uploads\/2026\/04\/Design_sem_nome-2026-04-25T104436.728-768x432.jpg 768w, https:\/\/www.uai.com.br\/uainoticias\/wp-content\/uploads\/2026\/04\/Design_sem_nome-2026-04-25T104436.728-750x422.jpg 750w, https:\/\/www.uai.com.br\/uainoticias\/wp-content\/uploads\/2026\/04\/Design_sem_nome-2026-04-25T104436.728-1140x641.jpg 1140w, https:\/\/www.uai.com.br\/uainoticias\/wp-content\/uploads\/2026\/04\/Design_sem_nome-2026-04-25T104436.728.jpg 1280w\" sizes=\"(max-width: 1024px) 100vw, 1024px\" \/><figcaption class=\"wp-element-caption\">Altera\u00e7\u00e3o vascular que afeta a circula\u00e7\u00e3o nas extremidades\n<\/figcaption><\/figure>\n\n\n\n<h2 class=\"wp-block-heading\">Como isso funciona na pr\u00e1tica<\/h2>\n\n\n\n<p>Na pr\u00e1tica, a <strong>s\u00edndrome de Raynaud<\/strong> pode ser percebida em situa\u00e7\u00f5es simples, como pegar algo gelado ou entrar em um ambiente com ar-condicionado forte. Os dedos podem mudar de cor em sequ\u00eancia, ficando brancos, depois azulados e, por fim, avermelhados.<\/p>\n\n\n\n<p>Essa sequ\u00eancia acontece porque o sangue para de circular, depois retorna lentamente e, por fim, volta com mais intensidade. \u00c9 como abrir uma torneira depois de deix\u00e1-la fechada por muito tempo.<\/p>\n\n\n\n<figure class=\"wp-block-embed is-type-video is-provider-youtube wp-block-embed-youtube wp-embed-aspect-16-9 wp-has-aspect-ratio\"><div class=\"wp-block-embed__wrapper\">\n<div class=\"jeg_video_container jeg_video_content\"><iframe loading=\"lazy\" title=\"Fen\u00f4meno de Raynaud (ou S\u00edndrome de Raynaud): O que \u00e9?\" width=\"500\" height=\"281\" src=\"https:\/\/www.youtube.com\/embed\/FZ9zWI3ACjw?feature=oembed\" frameborder=\"0\" allow=\"accelerometer; autoplay; clipboard-write; encrypted-media; gyroscope; picture-in-picture; web-share\" referrerpolicy=\"strict-origin-when-cross-origin\" allowfullscreen><\/iframe><\/div>\n<\/div><\/figure>\n\n\n\n<h2 class=\"wp-block-heading\">Por que os dedos mudam de cor: o que mais os pesquisadores encontraram<\/h2>\n\n\n\n<p>Estudos sobre a <strong>s\u00edndrome de Raynaud<\/strong> indicam que o fen\u00f4meno envolve n\u00e3o apenas os vasos sangu\u00edneos, mas tamb\u00e9m o sistema nervoso e a regula\u00e7\u00e3o da temperatura corporal. Em alguns casos, pode estar ligado a outras condi\u00e7\u00f5es, como doen\u00e7as autoimunes.<\/p>\n\n\n\n<p>Outro ponto curioso \u00e9 que a intensidade dos sintomas varia bastante. Algumas pessoas t\u00eam epis\u00f3dios leves, enquanto outras sentem dor, formigamento ou at\u00e9 perda de sensibilidade nas extremidades.<\/p>\n\n\n\n<link href=\"https:\/\/fonts.googleapis.com\/css2?family=Inter:wght@400;600;700;800&#038;display=swap\" rel=\"stylesheet\">\r\n<style>\r\n\/* Prote\u00e7\u00e3o contra inje\u00e7\u00e3o do \"Veja Tamb\u00e9m\" (JNews inline related posts) *\/\r\n.rdp-pontos-wrapper .jnews_inline_related_post_wrapper,\r\n.rdp-pontos-wrapper .jnews_inline_related_post,\r\n.rdp-pontos-wrapper .jeg_postblock,\r\n.rdp-pontos-wrapper [class*=\"jnews_inline\"],\r\n.rdp-pontos-wrapper [class*=\"jeg_postblock\"],\r\n.rdp-pontos-wrapper [class*=\"jeg_block\"] {\r\n  display: none !important;\r\n  height: 0 !important;\r\n  max-height: 0 !important;\r\n  overflow: hidden !important;\r\n  visibility: hidden !important;\r\n  margin: 0 !important;\r\n  padding: 0 !important;\r\n  border: none !important;\r\n  font-size: 0 !important;\r\n  line-height: 0 !important;\r\n}\r\n.rdp-pontos-wrapper {\r\n  max-width: 100%;\r\n  margin: 32px 0;\r\n  background: #F8F9FA;\r\n  border: 1px solid #E0E0E0;\r\n  border-radius: 12px;\r\n  padding: 28px 28px 20px;\r\n  font-family: 'Inter', sans-serif;\r\n  box-shadow: 0 4px 20px rgba(47,195,238,0.12);\r\n  overflow: hidden;\r\n  contain: layout style;\r\n  isolation: isolate;\r\n  position: relative;\r\n  z-index: 1;\r\n}\r\n.rdp-pontos-wrapper > *:not(.rdp-pontos-title):not(.rdp-pontos-grid) {\r\n  display: none !important;\r\n  height: 0 !important;\r\n  overflow: hidden !important;\r\n  margin: 0 !important;\r\n  padding: 0 !important;\r\n  border: none !important;\r\n}\r\n.rdp-pontos-title {\r\n  font-family: 'Inter', sans-serif;\r\n  font-size: 20px;\r\n  font-weight: 800;\r\n  color: #1A1A1A;\r\n  margin: 0 0 20px 0;\r\n  line-height: 1.3;\r\n  text-align: center;\r\n}\r\n.rdp-pontos-grid {\r\n  display: grid;\r\n  grid-template-columns: repeat(3, 1fr);\r\n  gap: 18px;\r\n}\r\n.rdp-pontos-item {\r\n  background: #FFFFFF;\r\n  border: 1px solid #E0E0E0;\r\n  border-top: 3px solid #2FC3EE;\r\n  border-radius: 10px;\r\n  padding: 22px 20px;\r\n  box-shadow: 0 2px 10px rgba(47,195,238,0.10);\r\n  text-align: center;\r\n}\r\n.rdp-pontos-emoji {\r\n  font-size: 32px;\r\n  margin-bottom: 12px;\r\n  display: block;\r\n}\r\n.rdp-pontos-item-title {\r\n  font-size: 15px;\r\n  font-weight: 700;\r\n  color: #1A1A1A;\r\n  margin-bottom: 8px;\r\n}\r\n.rdp-pontos-item-desc {\r\n  font-size: 14px;\r\n  color: #333333;\r\n}\r\n@media (max-width: 768px) {\r\n  .rdp-pontos-grid {\r\n    grid-template-columns: 1fr;\r\n  }\r\n}\r\n<\/style>\r\n<div class=\"rdp-pontos-wrapper\">\r\n  <div class=\"rdp-pontos-title\">Pontos-chave do estudo<\/div>\r\n  <div class=\"rdp-pontos-grid\">\r\n    <div class=\"rdp-pontos-item\">\r\n      <span class=\"rdp-pontos-emoji\">\ud83d\udd2c<\/span>\r\n      <div class=\"rdp-pontos-item-title\">Vasos contraem demais<\/div>\r\n      <p class=\"rdp-pontos-item-desc\">O dist\u00farbio ocorre quando os vasos sangu\u00edneos se fecham de forma exagerada diante do frio ou estresse.<\/p>\r\n    <\/div>\r\n    <div class=\"rdp-pontos-item\">\r\n      <span class=\"rdp-pontos-emoji\">\ud83e\udde0<\/span>\r\n      <div class=\"rdp-pontos-item-title\">Resposta do corpo<\/div>\r\n      <p class=\"rdp-pontos-item-desc\">O sistema nervoso participa da rea\u00e7\u00e3o, influenciando diretamente a circula\u00e7\u00e3o nas extremidades.<\/p>\r\n    <\/div>\r\n    <div class=\"rdp-pontos-item\">\r\n      <span class=\"rdp-pontos-emoji\">\ud83c\udf0d<\/span>\r\n      <div class=\"rdp-pontos-item-title\">Impacto no dia a dia<\/div>\r\n      <p class=\"rdp-pontos-item-desc\">Situa\u00e7\u00f5es comuns, como frio ou ansiedade, podem desencadear epis\u00f3dios vis\u00edveis e desconfort\u00e1veis.<\/p>\r\n    <\/div>\r\n  <\/div>\r\n<\/div>\r\n<div style=\"clear:both;height:0;overflow:hidden;\"><\/div>\n\n\n\n<p>Os mecanismos da <strong>s\u00edndrome de Raynaud<\/strong> v\u00eam sendo estudados h\u00e1 d\u00e9cadas. Uma <a href=\"https:\/\/pubmed.ncbi.nlm.nih.gov\/20647165\/\" target=\"_blank\" rel=\"noreferrer noopener\">pesquisa publicada no PubMed<\/a> detalha como a resposta vascular exagerada est\u00e1 ligada \u00e0 regula\u00e7\u00e3o do sistema nervoso e \u00e0 fun\u00e7\u00e3o dos vasos sangu\u00edneos perif\u00e9ricos.<\/p>\n\n\n\n<h2 class=\"wp-block-heading\">Por que essa descoberta importa para voc\u00ea<\/h2>\n\n\n\n<p>Entender a <strong>s\u00edndrome de Raynaud<\/strong> ajuda a reconhecer sinais do pr\u00f3prio corpo. Muitas pessoas convivem com o problema sem saber o nome ou a causa, achando que \u00e9 apenas sensibilidade ao frio.<\/p>\n\n\n\n<p>Al\u00e9m disso, conhecer o funcionamento da circula\u00e7\u00e3o perif\u00e9rica pode incentivar h\u00e1bitos simples, como manter as extremidades aquecidas e evitar mudan\u00e7as bruscas de temperatura.<\/p>\n\n\n\n<h2 class=\"wp-block-heading\">O que mais a ci\u00eancia est\u00e1 investigando sobre a s\u00edndrome de Raynaud<\/h2>\n\n\n\n<p>Pesquisadores continuam investigando a <strong>s\u00edndrome de Raynaud<\/strong> para entender melhor suas causas e poss\u00edveis tratamentos, incluindo a rela\u00e7\u00e3o com doen\u00e7as autoimunes e novas formas de controlar a resposta dos vasos sangu\u00edneos.<\/p>\n\n\n\n<p>No fim das contas, a <strong>s\u00edndrome de Raynaud<\/strong> mostra como o corpo humano pode reagir de forma surpreendente a est\u00edmulos simples, revelando o quanto a ci\u00eancia ainda tem a explorar sobre a circula\u00e7\u00e3o e o funcionamento do nosso organismo.<\/p>\n\n\n\n<p><strong><em>ATEN\u00c7\u00c3O: As informa\u00e7\u00f5es apresentadas neste conte\u00fado t\u00eam car\u00e1ter exclusivamente informativo e n\u00e3o substituem avalia\u00e7\u00e3o, diagn\u00f3stico ou acompanhamento realizado por profissionais da sa\u00fade. N\u00e3o tome medicamentos, n\u00e3o altere doses e n\u00e3o inicie qualquer tipo de tratamento sem orienta\u00e7\u00e3o m\u00e9dica ou de outro especialista habilitado. Em caso de sintomas, d\u00favidas ou necessidade de cuidados espec\u00edficos, procure atendimento profissional.<\/em><\/strong><\/p>\n","protected":false},"excerpt":{"rendered":"<p>Curiosidades Mudan\u00e7a de cor vis\u00edvel: Os dedos podem ficar brancos, azulados ou vermelhos devido a altera\u00e7\u00f5es no fluxo sangu\u00edneo. Frio e estresse influenciam: Situa\u00e7\u00f5es comuns do dia a dia podem desencadear epis\u00f3dios de contra\u00e7\u00e3o dos vasos sangu\u00edneos. Dist\u00farbio vascular curioso: A ci\u00eancia mostra que o fen\u00f4meno envolve uma resposta exagerada da circula\u00e7\u00e3o perif\u00e9rica. J\u00e1 reparou [&hellip;]<\/p>\n","protected":false},"author":23,"featured_media":127241,"comment_status":"open","ping_status":"open","sticky":false,"template":"","format":"standard","meta":{"jnews-multi-image_gallery":[],"jnews_single_post":{"format":"standard"},"jnews_primary_category":[],"jnews_social_meta":[],"jnews_override_counter":[],"footnotes":""},"categories":[3046,475],"tags":[23450,1221,327,23449],"class_list":["post-127239","post","type-post","status-publish","format-standard","has-post-thumbnail","hentry","category-curiosidades","category-entretenimento","tag-dedos-de-outra-cor","tag-frio","tag-saude","tag-sindrome-de-raynaud"],"yoast_head":"<!-- This site is optimized with the Yoast SEO plugin v26.5 - https:\/\/yoast.com\/wordpress\/plugins\/seo\/ -->\n<title>Dedos mudam de cor no frio? Entenda o que pode estar por tr\u00e1s desse sinal estranho - UAI Not\u00edcias<\/title>\n<meta name=\"description\" content=\"Seus dedos mudam de cor no frio? Entenda o que pode estar por tr\u00e1s desse fen\u00f4meno e por que ele merece aten\u00e7\u00e3o\" \/>\n<meta name=\"robots\" content=\"index, follow, max-snippet:-1, max-image-preview:large, max-video-preview:-1\" \/>\n<link rel=\"canonical\" href=\"https:\/\/www.uai.com.br\/uainoticias\/2026\/04\/26\/dedos-mudam-de-cor-no-frio-entenda-o-que-pode-estar-por-tras-desse-sinal-estranho\/\" \/>\n<meta property=\"og:locale\" content=\"pt_BR\" \/>\n<meta property=\"og:type\" content=\"article\" \/>\n<meta property=\"og:title\" content=\"Dedos mudam de cor no frio? Entenda o que pode estar por tr\u00e1s desse sinal estranho - UAI Not\u00edcias\" \/>\n<meta property=\"og:description\" content=\"Seus dedos mudam de cor no frio? Entenda o que pode estar por tr\u00e1s desse fen\u00f4meno e por que ele merece aten\u00e7\u00e3o\" \/>\n<meta property=\"og:url\" content=\"https:\/\/www.uai.com.br\/uainoticias\/2026\/04\/26\/dedos-mudam-de-cor-no-frio-entenda-o-que-pode-estar-por-tras-desse-sinal-estranho\/\" \/>\n<meta property=\"og:site_name\" content=\"UAI Not\u00edcias\" \/>\n<meta property=\"article:published_time\" content=\"2026-04-26T10:45:00+00:00\" \/>\n<meta property=\"og:image\" content=\"https:\/\/www.uai.com.br\/uainoticias\/wp-content\/uploads\/2026\/04\/Design_sem_nome-2026-04-25T104424.387.jpg\" \/>\n\t<meta property=\"og:image:width\" content=\"1280\" \/>\n\t<meta property=\"og:image:height\" content=\"720\" \/>\n\t<meta property=\"og:image:type\" content=\"image\/jpeg\" \/>\n<meta name=\"author\" content=\"Gustavo Trindade\" \/>\n<meta name=\"twitter:card\" content=\"summary_large_image\" \/>\n<meta name=\"twitter:label1\" content=\"Escrito por\" \/>\n\t<meta name=\"twitter:data1\" content=\"Gustavo Trindade\" \/>\n\t<meta name=\"twitter:label2\" content=\"Est. tempo de leitura\" \/>\n\t<meta name=\"twitter:data2\" content=\"4 minutos\" \/>\n<!-- \/ Yoast SEO plugin. -->","yoast_head_json":{"title":"Dedos mudam de cor no frio? Entenda o que pode estar por tr\u00e1s desse sinal estranho - UAI Not\u00edcias","description":"Seus dedos mudam de cor no frio? Entenda o que pode estar por tr\u00e1s desse fen\u00f4meno e por que ele merece aten\u00e7\u00e3o","robots":{"index":"index","follow":"follow","max-snippet":"max-snippet:-1","max-image-preview":"max-image-preview:large","max-video-preview":"max-video-preview:-1"},"canonical":"https:\/\/www.uai.com.br\/uainoticias\/2026\/04\/26\/dedos-mudam-de-cor-no-frio-entenda-o-que-pode-estar-por-tras-desse-sinal-estranho\/","og_locale":"pt_BR","og_type":"article","og_title":"Dedos mudam de cor no frio? Entenda o que pode estar por tr\u00e1s desse sinal estranho - UAI Not\u00edcias","og_description":"Seus dedos mudam de cor no frio? Entenda o que pode estar por tr\u00e1s desse fen\u00f4meno e por que ele merece aten\u00e7\u00e3o","og_url":"https:\/\/www.uai.com.br\/uainoticias\/2026\/04\/26\/dedos-mudam-de-cor-no-frio-entenda-o-que-pode-estar-por-tras-desse-sinal-estranho\/","og_site_name":"UAI Not\u00edcias","article_published_time":"2026-04-26T10:45:00+00:00","og_image":[{"width":1280,"height":720,"url":"https:\/\/www.uai.com.br\/uainoticias\/wp-content\/uploads\/2026\/04\/Design_sem_nome-2026-04-25T104424.387.jpg","type":"image\/jpeg"}],"author":"Gustavo Trindade","twitter_card":"summary_large_image","twitter_misc":{"Escrito por":"Gustavo Trindade","Est. tempo de leitura":"4 minutos"},"schema":{"@context":"https:\/\/schema.org","@graph":[{"@type":"WebPage","@id":"https:\/\/www.uai.com.br\/uainoticias\/2026\/04\/26\/dedos-mudam-de-cor-no-frio-entenda-o-que-pode-estar-por-tras-desse-sinal-estranho\/","url":"https:\/\/www.uai.com.br\/uainoticias\/2026\/04\/26\/dedos-mudam-de-cor-no-frio-entenda-o-que-pode-estar-por-tras-desse-sinal-estranho\/","name":"Dedos mudam de cor no frio? Entenda o que pode estar por tr\u00e1s desse sinal estranho - UAI Not\u00edcias","isPartOf":{"@id":"https:\/\/www.uai.com.br\/uainoticias\/#website"},"primaryImageOfPage":{"@id":"https:\/\/www.uai.com.br\/uainoticias\/2026\/04\/26\/dedos-mudam-de-cor-no-frio-entenda-o-que-pode-estar-por-tras-desse-sinal-estranho\/#primaryimage"},"image":{"@id":"https:\/\/www.uai.com.br\/uainoticias\/2026\/04\/26\/dedos-mudam-de-cor-no-frio-entenda-o-que-pode-estar-por-tras-desse-sinal-estranho\/#primaryimage"},"thumbnailUrl":"https:\/\/www.uai.com.br\/uainoticias\/wp-content\/uploads\/2026\/04\/Design_sem_nome-2026-04-25T104424.387.jpg","datePublished":"2026-04-26T10:45:00+00:00","author":{"@id":"https:\/\/www.uai.com.br\/uainoticias\/#\/schema\/person\/060f8bb02e250479c83590e2c4706fcc"},"description":"Seus dedos mudam de cor no frio? Entenda o que pode estar por tr\u00e1s desse fen\u00f4meno e por que ele merece aten\u00e7\u00e3o","breadcrumb":{"@id":"https:\/\/www.uai.com.br\/uainoticias\/2026\/04\/26\/dedos-mudam-de-cor-no-frio-entenda-o-que-pode-estar-por-tras-desse-sinal-estranho\/#breadcrumb"},"inLanguage":"pt-BR","potentialAction":[{"@type":"ReadAction","target":["https:\/\/www.uai.com.br\/uainoticias\/2026\/04\/26\/dedos-mudam-de-cor-no-frio-entenda-o-que-pode-estar-por-tras-desse-sinal-estranho\/"]}]},{"@type":"ImageObject","inLanguage":"pt-BR","@id":"https:\/\/www.uai.com.br\/uainoticias\/2026\/04\/26\/dedos-mudam-de-cor-no-frio-entenda-o-que-pode-estar-por-tras-desse-sinal-estranho\/#primaryimage","url":"https:\/\/www.uai.com.br\/uainoticias\/wp-content\/uploads\/2026\/04\/Design_sem_nome-2026-04-25T104424.387.jpg","contentUrl":"https:\/\/www.uai.com.br\/uainoticias\/wp-content\/uploads\/2026\/04\/Design_sem_nome-2026-04-25T104424.387.jpg","width":1280,"height":720,"caption":"Resposta exagerada do corpo ao frio e ao estresse"},{"@type":"BreadcrumbList","@id":"https:\/\/www.uai.com.br\/uainoticias\/2026\/04\/26\/dedos-mudam-de-cor-no-frio-entenda-o-que-pode-estar-por-tras-desse-sinal-estranho\/#breadcrumb","itemListElement":[{"@type":"ListItem","position":1,"name":"In\u00edcio","item":"https:\/\/www.uai.com.br\/uainoticias\/"},{"@type":"ListItem","position":2,"name":"Dedos mudam de cor no frio? Entenda o que pode estar por tr\u00e1s desse sinal estranho"}]},{"@type":"WebSite","@id":"https:\/\/www.uai.com.br\/uainoticias\/#website","url":"https:\/\/www.uai.com.br\/uainoticias\/","name":"UAI Not\u00edcias","description":"Acompanhe as \u00faltimas not\u00edcias e fique bem informado sobre tudo o que acontece no Brasil e no mundo.","potentialAction":[{"@type":"SearchAction","target":{"@type":"EntryPoint","urlTemplate":"https:\/\/www.uai.com.br\/uainoticias\/?s={search_term_string}"},"query-input":{"@type":"PropertyValueSpecification","valueRequired":true,"valueName":"search_term_string"}}],"inLanguage":"pt-BR"},{"@type":"Person","@id":"https:\/\/www.uai.com.br\/uainoticias\/#\/schema\/person\/060f8bb02e250479c83590e2c4706fcc","name":"Gustavo Trindade","image":{"@type":"ImageObject","inLanguage":"pt-BR","@id":"https:\/\/www.uai.com.br\/uainoticias\/#\/schema\/person\/image\/","url":"https:\/\/secure.gravatar.com\/avatar\/05714a54ada0bd2b20e75b2c72a9e7802581213945810c2354d320b79f27b427?s=96&d=mm&r=g","contentUrl":"https:\/\/secure.gravatar.com\/avatar\/05714a54ada0bd2b20e75b2c72a9e7802581213945810c2354d320b79f27b427?s=96&d=mm&r=g","caption":"Gustavo Trindade"},"sameAs":["https:\/\/www.uai.com.br\/uainoticias\/"],"url":"https:\/\/www.uai.com.br\/uainoticias\/author\/gustavotrindade\/"}]}},"_links":{"self":[{"href":"https:\/\/www.uai.com.br\/uainoticias\/wp-json\/wp\/v2\/posts\/127239","targetHints":{"allow":["GET"]}}],"collection":[{"href":"https:\/\/www.uai.com.br\/uainoticias\/wp-json\/wp\/v2\/posts"}],"about":[{"href":"https:\/\/www.uai.com.br\/uainoticias\/wp-json\/wp\/v2\/types\/post"}],"author":[{"embeddable":true,"href":"https:\/\/www.uai.com.br\/uainoticias\/wp-json\/wp\/v2\/users\/23"}],"replies":[{"embeddable":true,"href":"https:\/\/www.uai.com.br\/uainoticias\/wp-json\/wp\/v2\/comments?post=127239"}],"version-history":[{"count":1,"href":"https:\/\/www.uai.com.br\/uainoticias\/wp-json\/wp\/v2\/posts\/127239\/revisions"}],"predecessor-version":[{"id":127242,"href":"https:\/\/www.uai.com.br\/uainoticias\/wp-json\/wp\/v2\/posts\/127239\/revisions\/127242"}],"wp:featuredmedia":[{"embeddable":true,"href":"https:\/\/www.uai.com.br\/uainoticias\/wp-json\/wp\/v2\/media\/127241"}],"wp:attachment":[{"href":"https:\/\/www.uai.com.br\/uainoticias\/wp-json\/wp\/v2\/media?parent=127239"}],"wp:term":[{"taxonomy":"category","embeddable":true,"href":"https:\/\/www.uai.com.br\/uainoticias\/wp-json\/wp\/v2\/categories?post=127239"},{"taxonomy":"post_tag","embeddable":true,"href":"https:\/\/www.uai.com.br\/uainoticias\/wp-json\/wp\/v2\/tags?post=127239"}],"curies":[{"name":"wp","href":"https:\/\/api.w.org\/{rel}","templated":true}]}}