{"id":127180,"date":"2026-04-26T02:00:00","date_gmt":"2026-04-26T05:00:00","guid":{"rendered":"https:\/\/www.uai.com.br\/uainoticias\/?p=127180"},"modified":"2026-04-25T08:11:24","modified_gmt":"2026-04-25T11:11:24","slug":"a-6a-melhor-cidade-do-brasil-em-qualidade-de-vida-fica-a-106-km-de-sao-paulo-e-tem-um-parque-linear-de-15-km-no-coracao","status":"publish","type":"post","link":"https:\/\/www.uai.com.br\/uainoticias\/2026\/04\/26\/a-6a-melhor-cidade-do-brasil-em-qualidade-de-vida-fica-a-106-km-de-sao-paulo-e-tem-um-parque-linear-de-15-km-no-coracao\/","title":{"rendered":"A 6\u00aa melhor cidade do Brasil em qualidade de vida fica a 106 km de S\u00e3o Paulo e tem um parque linear de 15 km no cora\u00e7\u00e3o"},"content":{"rendered":"\n<p>Esse munic\u00edpio paulista entrou em 2025 entre os tr\u00eas melhores do <strong>Brasil<\/strong> para se viver, segundo a Revista Veja Neg\u00f3cios, e mant\u00e9m um dos maiores parques lineares urbanos do pa\u00eds. <strong>Indaiatuba<\/strong> fica a 106 km da capital pela <strong>Rodovia Santos Dumont (SP-075)<\/strong> e abriga 255 mil habitantes em pouco mais de 311 km\u00b2.<\/p>\n\n\n\n<h2 class=\"wp-block-heading\">Por que Indaiatuba lidera tantos rankings nacionais ao mesmo tempo?<\/h2>\n\n\n\n<p>A resposta est\u00e1 em uma combina\u00e7\u00e3o rara de planejamento urbano, seguran\u00e7a e gest\u00e3o p\u00fablica. Segundo a <a href=\"https:\/\/www.indaiatuba.sp.gov.br\/comunicacao\/imprensa\/noticias\/33495\/indaiatuba-e-a-cidade-com-melhor-qualidade-de-vida-da-regiao-metropolitana-de-campinas\" target=\"_blank\" rel=\"noreferrer noopener\"><strong>Prefeitura Municipal de Indaiatuba<\/strong><\/a>, a cidade ocupa a 6\u00aa posi\u00e7\u00e3o entre os 5.570 munic\u00edpios brasileiros no \u00cdndice de Progresso Social (IPS Brasil), elaborado pelo Instituto do Homem e Meio Ambiente da <strong>Amaz\u00f4nia (Imazon)<\/strong> em parceria com a Fundaci\u00f3n Avina e o Social Progress Imperative.<\/p>\n\n\n\n<p>Em 2025, a cidade foi <a href=\"https:\/\/www.indaiatuba.sp.gov.br\/comunicacao\/imprensa\/noticias\/34943\/\" target=\"_blank\" rel=\"noreferrer noopener\"><strong>classificada como 3\u00ba lugar no ranking As Melhores Cidades do Brasil<\/strong><\/a>, da Revista Veja Neg\u00f3cios, baseado em estudo da Austin Rating. O levantamento avaliou os mesmos 5.570 munic\u00edpios em 253 indicadores agrupados em quatro \u00e1reas: fiscal, econ\u00f4mica, social e digital. Indaiatuba ficou atr\u00e1s apenas de duas capitais, <strong>Vit\u00f3ria<\/strong> e <strong>Curitiba<\/strong>, e foi a 1\u00aa colocada do Estado de <strong>S\u00e3o Paulo<\/strong>.<\/p>\n\n\n<div class=\"wp-block-image\">\n<figure class=\"aligncenter size-large\"><img decoding=\"async\" width=\"1024\" height=\"576\" src=\"https:\/\/www.uai.com.br\/uainoticias\/wp-content\/uploads\/2025\/12\/Indaiatuba_1761618481609-1024x576.jpg\" alt=\"A cidade eleita como a 2\u00aa melhor para se viver no interior: com 15 km de parque e uma locomotiva de Dom Pedro II\" class=\"wp-image-93167\" srcset=\"https:\/\/www.uai.com.br\/uainoticias\/wp-content\/uploads\/2025\/12\/Indaiatuba_1761618481609-1024x576.jpg 1024w, https:\/\/www.uai.com.br\/uainoticias\/wp-content\/uploads\/2025\/12\/Indaiatuba_1761618481609-300x169.jpg 300w, https:\/\/www.uai.com.br\/uainoticias\/wp-content\/uploads\/2025\/12\/Indaiatuba_1761618481609-768x432.jpg 768w, https:\/\/www.uai.com.br\/uainoticias\/wp-content\/uploads\/2025\/12\/Indaiatuba_1761618481609-750x422.jpg 750w, https:\/\/www.uai.com.br\/uainoticias\/wp-content\/uploads\/2025\/12\/Indaiatuba_1761618481609-1140x641.jpg 1140w, https:\/\/www.uai.com.br\/uainoticias\/wp-content\/uploads\/2025\/12\/Indaiatuba_1761618481609.jpg 1280w\" sizes=\"(max-width: 1024px) 100vw, 1024px\" \/><figcaption class=\"wp-element-caption\">Morar em Indaiatuba garante qualidade de vida e bem-estar \/\/ Cr\u00e9ditos: depositphotos.com \/ PedroTruffi<\/figcaption><\/figure><\/div>\n\n\n<h2 class=\"wp-block-heading\">Reconhecimento que vai al\u00e9m de rankings de qualidade de vida<\/h2>\n\n\n\n<p>Os t\u00edtulos se acumularam ao longo do ano. A cidade ficou em 11\u00ba lugar no Ranking de Competitividade dos Munic\u00edpios brasileiros de 2025, em 7\u00ba no <a href=\"https:\/\/www.indaiatuba.sp.gov.br\/comunicacao\/imprensa\/noticias\/34999\/\" target=\"_blank\" rel=\"noreferrer noopener\"><strong>Ranking Ambiental Paulista do Programa Munic\u00edpio Verde Azul<\/strong><\/a>, da Secretaria de Meio Ambiente, Infraestrutura e Log\u00edstica do Estado de S\u00e3o Paulo, e em 10\u00ba no \u00cdndice Firjan de Desenvolvimento Municipal (IFDM), entre 5.550 cidades analisadas pela Federa\u00e7\u00e3o das Ind\u00fastrias do Rio de Janeiro.<\/p>\n\n\n\n<p>O resultado aparece nas ruas. Segundo o Censo 2022 do <strong>Instituto Brasileiro de Geografia e Estat\u00edstica (IBGE)<\/strong>, 90,60% dos domic\u00edlios da cidade ficam em vias arborizadas, \u00edndice bem acima da m\u00e9dia brasileira, de 66%, e da paulista, de 74%.<\/p>\n\n\n<div class=\"wp-block-image\">\n<figure class=\"aligncenter size-large\"><img decoding=\"async\" width=\"1024\" height=\"576\" src=\"https:\/\/www.uai.com.br\/uainoticias\/wp-content\/uploads\/2026\/03\/Indaiatuba-_1772597232762-1024x576.jpg\" alt=\"\" class=\"wp-image-113864\" srcset=\"https:\/\/www.uai.com.br\/uainoticias\/wp-content\/uploads\/2026\/03\/Indaiatuba-_1772597232762-1024x576.jpg 1024w, https:\/\/www.uai.com.br\/uainoticias\/wp-content\/uploads\/2026\/03\/Indaiatuba-_1772597232762-300x169.jpg 300w, https:\/\/www.uai.com.br\/uainoticias\/wp-content\/uploads\/2026\/03\/Indaiatuba-_1772597232762-768x432.jpg 768w, https:\/\/www.uai.com.br\/uainoticias\/wp-content\/uploads\/2026\/03\/Indaiatuba-_1772597232762-750x422.jpg 750w, https:\/\/www.uai.com.br\/uainoticias\/wp-content\/uploads\/2026\/03\/Indaiatuba-_1772597232762-1140x641.jpg 1140w, https:\/\/www.uai.com.br\/uainoticias\/wp-content\/uploads\/2026\/03\/Indaiatuba-_1772597232762.jpg 1280w\" sizes=\"(max-width: 1024px) 100vw, 1024px\" \/><figcaption class=\"wp-element-caption\">Indaiatuba oferece qualidade de vida seguran\u00e7a e bem-estar \/\/ Cr\u00e9ditos: depositphotos.com \/ PedroTruffi<\/figcaption><\/figure><\/div>\n\n\n<h2 class=\"wp-block-heading\">O parque de 15 km que nasceu de uma decis\u00e3o urban\u00edstica<\/h2>\n\n\n\n<p>No fim dos anos 1980, a cidade decidiu n\u00e3o canalizar o c\u00f3rrego que cortava o munic\u00edpio. Em vez disso, afastou as avenidas, plantou mudas de \u00e1rvores nas margens e contratou o arquiteto e urbanista <strong>Ruy Ohtake<\/strong> para projetar uma \u00e1rea verde linear ao longo do <strong>C\u00f3rrego Barnab\u00e9<\/strong>.<\/p>\n\n\n\n<p>O <a href=\"https:\/\/cultura.indaiatuba.sp.gov.br\/turismo\/pagina\/4\/parque-ecologico\/\" target=\"_blank\" rel=\"noreferrer noopener\"><strong>Parque Ecol\u00f3gico<\/strong><\/a>, inaugurado em 1992, \u00e9 hoje um dos maiores parques lineares do pa\u00eds: 15 km de extens\u00e3o e cerca de 2 milh\u00f5es de metros quadrados de \u00e1rea verde. Recebe pistas de caminhada, ciclovia, raia de remo ol\u00edmpico, quadras esportivas, lagos e concha ac\u00fastica. Eventos como o Carnaval de Rua, o Maio Musical e a Corrida Cidade de Indaiatuba acontecem ali.<\/p>\n\n\n\n<p><strong>Leia tamb\u00e9m: <a href=\"https:\/\/www.uai.com.br\/uainoticias\/2026\/04\/25\/essa-cidade-nordestina-esta-em-alta-447-mais-estrangeiros-escolheram-esse-paraiso-de-mar-morno-e-brisa-perfeita\/\" target=\"_blank\" rel=\"noreferrer noopener\">Essa cidade nordestina est\u00e1 em alta: 44,7% mais estrangeiros escolheram esse para\u00edso de mar morno e brisa perfeita<\/a><\/strong><\/p>\n\n\n\n<h2 class=\"wp-block-heading\">O que ver e o que comer fora dos limites do parque?<\/h2>\n\n\n\n<p>A cidade tem uma rede de atra\u00e7\u00f5es culturais e gastron\u00f4micas que cabem em poucos minutos do centro. Veja primeiro os pontos tur\u00edsticos mais procurados:<\/p>\n\n\n\n<ul class=\"wp-block-list\">\n<li><strong>Museu Ferrovi\u00e1rio de Indaiatuba<\/strong>: instalado na antiga esta\u00e7\u00e3o tombada em 2025, guarda a Locomotiva n\u00ba 10, fabricada nos Estados Unidos em 1874 pela Baldwin Locomotive Works e adquirida por <strong>Dom Pedro II<\/strong>.<\/li>\n\n\n\n<li><strong>Casar\u00e3o Pau Preto<\/strong>: constru\u00e7\u00e3o em taipa do in\u00edcio do s\u00e9culo XIX que abriga o Museu Municipal Ant\u00f4nio Reginaldo Geiss e biblioteca p\u00fablica.<\/li>\n\n\n\n<li><strong>Parque do Mirim<\/strong>: \u00e1rea de preserva\u00e7\u00e3o ambiental ao redor da represa do <strong>Rio Capivari-Mirim<\/strong>, com lago, pedalinhos e pista de caminhada.<\/li>\n\n\n\n<li><strong>Bosque do Saber<\/strong>: espa\u00e7o com biblioteca infantil, trilhas e oficinas de educa\u00e7\u00e3o ambiental.<\/li>\n\n\n\n<li><strong>Parque da Crian\u00e7a<\/strong>: parque aqu\u00e1tico p\u00fablico gratuito dentro do Parque Ecol\u00f3gico, com tobo\u00e1guas, tirolesa sobre o lago e playground.<\/li>\n<\/ul>\n\n\n\n<p>A gastronomia segue o ritmo do interior paulista, com forte heran\u00e7a italiana e tradi\u00e7\u00e3o de feira. Confira o que aparece nas mesas locais:<\/p>\n\n\n\n<ul class=\"wp-block-list\">\n<li><strong>Pastel de feira<\/strong>: cl\u00e1ssico das feiras livres, servido com caldo de cana nos fins de semana.<\/li>\n\n\n\n<li><strong>Massas italianas<\/strong>: heran\u00e7a da imigra\u00e7\u00e3o italiana que formou parte do interior paulista, presentes em cantinas tradicionais.<\/li>\n\n\n\n<li><strong>Frutas do Circuito das Frutas<\/strong>: morangos, goiabas, uvas e mangas vendidos direto do produtor nos s\u00edtios da regi\u00e3o.<\/li>\n\n\n\n<li><strong>Doces caseiros<\/strong>: compotas e geleias feitas com frutas locais, comuns no com\u00e9rcio do centro.<\/li>\n<\/ul>\n\n\n\n<p>Quem quer descobrir o que fazer em <strong>Indaiatuba<\/strong>, vai curtir esse v\u00eddeo especialmente selecionado do canal <strong>Eu Quero Conhecer by Caroline Cazetta<\/strong>, que conta com mais de <strong>18 mil<\/strong> visualiza\u00e7\u00f5es, onde <strong>Caroline Cazetta<\/strong> mostra pontos tur\u00edsticos como o <strong>Parque Ecol\u00f3gico<\/strong> e o <strong>Museu da \u00c1gua<\/strong>:<\/p>\n\n\n\n<figure class=\"wp-block-embed is-type-video is-provider-youtube wp-block-embed-youtube wp-embed-aspect-16-9 wp-has-aspect-ratio\"><div class=\"wp-block-embed__wrapper\">\n<div class=\"jeg_video_container jeg_video_content\"><iframe loading=\"lazy\" title=\"O que fazer em Indaiatuba SP\" width=\"500\" height=\"281\" src=\"https:\/\/www.youtube.com\/embed\/YryWnIj2NUc?feature=oembed\" frameborder=\"0\" allow=\"accelerometer; autoplay; clipboard-write; encrypted-media; gyroscope; picture-in-picture; web-share\" referrerpolicy=\"strict-origin-when-cross-origin\" allowfullscreen><\/iframe><\/div>\n<\/div><\/figure>\n\n\n\n<h2 class=\"wp-block-heading\">Quando ir e o que fazer em cada esta\u00e7\u00e3o?<\/h2>\n\n\n\n<p>A altitude m\u00e9dia pr\u00f3xima de 624 metros e o clima tropical de altitude garantem noites frescas mesmo no ver\u00e3o. A melhor janela costuma ser entre abril e setembro, quando as chuvas ficam mais raras. Veja o que esperar de cada esta\u00e7\u00e3o:<\/p>\n\n\n\n<style>\n    .clima-grid-uai89 { \n        --cor-primaria: #0278c0; --cor-secundaria: #ffd31a; --cor-txt-secundaria: #0278c0;\n        display: grid; grid-template-columns: repeat(auto-fit, minmax(190px, 1fr)); gap: 15px; justify-content: center; padding: 10px;\n    }\n    .clima-card-uai89 { border: 5px solid var(--cor-primaria); border-top: 5px solid var(--cor-secundaria); border-radius: 12px; background-color: var(--cor-primaria); background-clip: padding-box; display: flex; flex-direction: column; overflow: hidden; cursor: pointer; box-shadow: 0 6px 12px rgba(0,0,0, 0.2); transition: transform 0.2s ease, box-shadow 0.2s ease; -webkit-tap-highlight-color: transparent; user-select: none; transform: translateZ(0); animation: wmFadeIn 0.6s cubic-bezier(0.2, 0.8, 0.2, 1) backwards; }\n    .clima-card-uai89:focus-visible { outline: 3px dashed var(--cor-secundaria); outline-offset: 4px; }\n    .clima-card-uai89:nth-child(1) { animation-delay: 0.1s; } .clima-card-uai89:nth-child(2) { animation-delay: 0.2s; } .clima-card-uai89:nth-child(3) { animation-delay: 0.3s; } .clima-card-uai89:nth-child(4) { animation-delay: 0.4s; }\n    @keyframes wmFadeIn { from { opacity: 0; transform: translateY(30px); } to { opacity: 1; transform: translateY(0); } }\n    .clima-card-uai89:hover { transform: translateY(-5px); box-shadow: 0 15px 30px rgba(0,0,0, 0.3); }\n    .clima-card-uai89:active { transform: translateY(-1px) scale(0.97); box-shadow: 0 3px 6px rgba(0,0,0, 0.2); transition: transform 0.05s ease, box-shadow 0.05s ease; }\n    .clima-header-uai89 { background: #fdfbf5; padding: 15px 10px; text-align: center; display: flex; flex-direction: column; align-items: center; justify-content: center; }\n    .clima-body-uai89 { background: #ffffff; padding: 15px; display: flex; flex-direction: column; flex-grow: 1; align-items: center; }\n    .clima-destaque-uai89 { box-shadow: 0 8px 16px rgba(0,0,0, 0.25); }\n    .clima-destaque-uai89:hover { box-shadow: 0 18px 36px rgba(0,0,0, 0.35); }\n    .clima-destaque-uai89 .clima-header-uai89 { background: var(--cor-secundaria); }\n    .clima-destaque-uai89 .clima-header-uai89 .clima-titulo-uai89 { color: var(--cor-txt-secundaria) !important; } \n    .clima-pill-uai89 { display: flex; white-space: normal; max-width: 100%; box-sizing: border-box; justify-content: center; align-items: center; text-align: center; background: #e6f2fa; color: var(--cor-primaria); font-size: 11px; font-weight: 900 !important; letter-spacing: 0.5px; padding: 8px 16px; border-radius: 16px; text-transform: uppercase; line-height: 1.4; box-shadow: 0 4px 8px rgba(0,0,0, 0.15); margin-top: auto; transition: transform 0.2s ease; }\n    .clima-destaque-uai89 .clima-pill-uai89 { background: var(--cor-primaria); color: #ffffff; border: 1px solid #ffffff; } \n    .clima-card-uai89:hover .clima-pill-uai89 { transform: scale(1.06); }\n    .clima-pill-uai89 span { font-weight: 900 !important; color: inherit; } \n    .clima-emoji-uai89 { font-size: 24px; line-height: 1; margin-bottom: 5px; }\n    .clima-titulo-uai89 { color: var(--cor-primaria); font-size: 16px; text-transform: uppercase; margin-top: 5px; font-weight: bold; }\n    .clima-mes-uai89 { font-size: 11px; font-weight: 800; color: var(--cor-primaria); text-transform: uppercase; margin-bottom: 5px; display: block; }\n    .clima-temp-uai89 { font-size: 26px; font-weight: 900; color: var(--cor-primaria); margin-bottom: 10px; }\n    .clima-desc-uai89 { font-size: 13px; color: #444; text-align: center; line-height: 1.5; margin-bottom: 15px; flex-grow: 1;}\n    .clima-desc-uai89 strong { color: #111; }\n    @media (prefers-color-scheme: dark) {\n        .clima-card-uai89 { border-color: #014f7d; background-color: #014f7d; box-shadow: 0 6px 12px rgba(0,0,0, 0.5); }\n        .clima-header-uai89 { background: #1a1a1a; } .clima-body-uai89 { background: #121212; }\n        .clima-destaque-uai89 .clima-header-uai89 { background: var(--cor-secundaria); }\n        .clima-destaque-uai89 .clima-header-uai89 .clima-titulo-uai89 { color: var(--cor-txt-secundaria) !important; }\n        .clima-titulo-uai89 { color: #63b2e8; } .clima-mes-uai89 { color: #63b2e8; } .clima-temp-uai89 { color: #63b2e8; } .clima-desc-uai89 { color: #cccccc; } .clima-desc-uai89 strong { color: #ffffff; }\n        .clima-pill-uai89 { background: #014f7d; color: #ffffff; box-shadow: 0 4px 8px rgba(0, 0, 0, 0.5); }\n        .clima-destaque-uai89 .clima-pill-uai89 { background: #013859; color: #ffffff; border-color: #63b2e8; }\n    }\n<\/style>\n<div class=\"google-auto-ads-ignore clima-grid-uai89\" style=\"box-sizing: border-box; width: 100%; max-width: 980px; margin: 30px auto; font-family: 'Segoe UI', Roboto, Helvetica, Arial, sans-serif;\">\n    <div class=\"clima-card-uai89\" tabindex=\"0\">\n        <div class=\"clima-header-uai89\"><div class=\"clima-emoji-uai89\" aria-hidden=\"true\">\ud83c\udf33<\/div><div class=\"clima-titulo-uai89\">Ver\u00e3o<\/div><\/div>\n        <div class=\"clima-body-uai89\">\n            <time class=\"clima-mes-uai89\">Dez-Fev<\/time><div class=\"clima-temp-uai89\">19\u00b0C a 30\u00b0C<\/div>\n            <div class=\"clima-desc-uai89\">As noites ficam frescas mesmo com o calor por conta da altitude, mas chove muito. Melhor focar nos <strong>parques pela manh\u00e3 e nos museus \u00e0 tarde<\/strong>.<\/div>\n            <div class=\"clima-pill-uai89\"><span>\u2614 Chuva Alta<\/span><\/div>\n        <\/div>\n    <\/div>\n    <div class=\"clima-card-uai89\" tabindex=\"0\">\n        <div class=\"clima-header-uai89\"><div class=\"clima-emoji-uai89\" aria-hidden=\"true\">\ud83c\udf47<\/div><div class=\"clima-titulo-uai89\">Outono<\/div><\/div>\n        <div class=\"clima-body-uai89\">\n            <time class=\"clima-mes-uai89\">Mar-Mai<\/time><div class=\"clima-temp-uai89\">16\u00b0C a 27\u00b0C<\/div>\n            <div class=\"clima-desc-uai89\">As chuvas come\u00e7am a despencar e a cidade ganha ares interioranos. Excelente para as <strong>caminhadas e prestigiar o cl\u00e1ssico Circuito das Frutas<\/strong>.<\/div>\n            <div class=\"clima-pill-uai89\"><span>\u2601\ufe0f Chuva M\u00e9dia<\/span><\/div>\n        <\/div>\n    <\/div>\n    <div class=\"clima-card-uai89 clima-destaque-uai89\" tabindex=\"0\">\n        <div class=\"clima-header-uai89\"><div class=\"clima-emoji-uai89\" aria-hidden=\"true\">\ud83d\udeb4<\/div><div class=\"clima-titulo-uai89\">Inverno<\/div><\/div>\n        <div class=\"clima-body-uai89\">\n            <time class=\"clima-mes-uai89\">Jun-Ago<\/time><div class=\"clima-temp-uai89\">11\u00b0C a 24\u00b0C<\/div>\n            <div class=\"clima-desc-uai89\">O auge da melhor janela tur\u00edstica (de abril a setembro)! Clima frio e sequinho perfeito para o <strong>ciclismo no parque linear e os eventos culturais<\/strong>.<\/div>\n            <div class=\"clima-pill-uai89\"><span>\u2b50 Melhor \u00c9poca \/ Ameno<\/span><\/div>\n        <\/div>\n    <\/div>\n    <div class=\"clima-card-uai89\" tabindex=\"0\">\n        <div class=\"clima-header-uai89\"><div class=\"clima-emoji-uai89\" aria-hidden=\"true\">\ud83c\udfa8<\/div><div class=\"clima-titulo-uai89\">Primavera<\/div><\/div>\n        <div class=\"clima-body-uai89\">\n            <time class=\"clima-mes-uai89\">Set-Nov<\/time><div class=\"clima-temp-uai89\">15\u00b0C a 28\u00b0C<\/div>\n            <div class=\"clima-desc-uai89\">A cidade fica bastante colorida com a florada das \u00e1rvores. Uma fase amena e cheia de vida, destacando-se a <strong>Feira de Artes e os parques floridos<\/strong>.<\/div>\n            <div class=\"clima-pill-uai89\"><span>\u2601\ufe0f Chuva M\u00e9dia<\/span><\/div>\n        <\/div>\n    <\/div>\n<\/div>\n\n\n\n<p><em>Temperaturas aproximadas com base no <a href=\"https:\/\/www.climatempo.com.br\/previsao-do-tempo\/cidade\/455\/indaiatuba-sp\" target=\"_blank\" rel=\"noreferrer noopener\"><strong>Climatempo<\/strong><\/a>. Condi\u00e7\u00f5es podem variar.<\/em><\/p>\n\n\n\n<h2 class=\"wp-block-heading\">Como chegar \u00e0 Morada do Sol pelo interior paulista<\/h2>\n\n\n\n<p>De S\u00e3o Paulo, o trajeto mais r\u00e1pido \u00e9 pela <strong>Rodovia dos Bandeirantes (SP-348)<\/strong> ou pela <strong>Anhanguera (SP-330)<\/strong> at\u00e9 <strong>Campinas<\/strong>, com conex\u00e3o para a SP-075, em cerca de uma hora e meia de viagem. De Campinas, s\u00e3o apenas 30 km pela mesma rodovia.<\/p>\n\n\n\n<p>Quem chega de avi\u00e3o desembarca no Aeroporto Internacional de Viracopos, em Campinas, a 25 km do centro. O aeroporto recebe voos di\u00e1rios de capitais brasileiras e tem conex\u00e3o direta com a cidade por rodovia.<\/p>\n\n\n\n<h2 class=\"wp-block-heading\">Conhe\u00e7a a cidade que virou refer\u00eancia em qualidade de vida<\/h2>\n\n\n\n<p>Indaiatuba re\u00fane raridades em um \u00fanico endere\u00e7o: 15 km de parque urbano, mais de 90% das ruas arborizadas e o reconhecimento de rankings nacionais que medem desde fiscalismo at\u00e9 bem-estar social. \u00c9 o tipo de cidade que cabe um fim de semana e revela porque tanta gente troca a capital pelo verde do interior.<\/p>\n\n\n\n<p>Voc\u00ea precisa caminhar pelos 15 km do Parque Ecol\u00f3gico para entender por que essa cidade aparece sempre entre as melhores do Brasil para se viver.<\/p>\n","protected":false},"excerpt":{"rendered":"<p>Esse munic\u00edpio paulista entrou em 2025 entre os tr\u00eas melhores do Brasil para se viver, segundo a Revista Veja Neg\u00f3cios, e mant\u00e9m um dos maiores parques lineares urbanos do pa\u00eds. Indaiatuba fica a 106 km da capital pela Rodovia Santos Dumont (SP-075) e abriga 255 mil habitantes em pouco mais de 311 km\u00b2. Por que [&hellip;]<\/p>\n","protected":false},"author":14,"featured_media":127212,"comment_status":"open","ping_status":"open","sticky":false,"template":"","format":"standard","meta":{"jnews-multi-image_gallery":[],"jnews_single_post":{"format":"standard"},"jnews_primary_category":[],"jnews_social_meta":[],"jnews_override_counter":[],"footnotes":""},"categories":[210],"tags":[234,2005],"class_list":["post-127180","post","type-post","status-publish","format-standard","has-post-thumbnail","hentry","category-cidades","tag-cidades","tag-indaiatuba"],"yoast_head":"<!-- This site is optimized with the Yoast SEO plugin v26.5 - https:\/\/yoast.com\/wordpress\/plugins\/seo\/ -->\n<title>A 6\u00aa melhor cidade do Brasil em qualidade de vida fica a 106 km de S\u00e3o Paulo e tem um parque linear de 15 km no cora\u00e7\u00e3o - UAI Not\u00edcias<\/title>\n<meta name=\"description\" content=\"Com um parque linear de 15 km, esta cidade a 106 km de SP \u00e9 a 6\u00aa melhor do pa\u00eds em qualidade de vida. Veja o que o destino oferece.\" \/>\n<meta name=\"robots\" content=\"index, follow, max-snippet:-1, max-image-preview:large, max-video-preview:-1\" \/>\n<link rel=\"canonical\" href=\"https:\/\/www.uai.com.br\/uainoticias\/2026\/04\/26\/a-6a-melhor-cidade-do-brasil-em-qualidade-de-vida-fica-a-106-km-de-sao-paulo-e-tem-um-parque-linear-de-15-km-no-coracao\/\" \/>\n<meta property=\"og:locale\" content=\"pt_BR\" \/>\n<meta property=\"og:type\" content=\"article\" \/>\n<meta property=\"og:title\" content=\"A 6\u00aa melhor cidade do Brasil em qualidade de vida fica a 106 km de S\u00e3o Paulo e tem um parque linear de 15 km no cora\u00e7\u00e3o - UAI Not\u00edcias\" \/>\n<meta property=\"og:description\" content=\"Com um parque linear de 15 km, esta cidade a 106 km de SP \u00e9 a 6\u00aa melhor do pa\u00eds em qualidade de vida. Veja o que o destino oferece.\" \/>\n<meta property=\"og:url\" content=\"https:\/\/www.uai.com.br\/uainoticias\/2026\/04\/26\/a-6a-melhor-cidade-do-brasil-em-qualidade-de-vida-fica-a-106-km-de-sao-paulo-e-tem-um-parque-linear-de-15-km-no-coracao\/\" \/>\n<meta property=\"og:site_name\" content=\"UAI Not\u00edcias\" \/>\n<meta property=\"article:published_time\" content=\"2026-04-26T05:00:00+00:00\" \/>\n<meta property=\"og:image\" content=\"https:\/\/www.uai.com.br\/uainoticias\/wp-content\/uploads\/2026\/04\/Woman_jogging_by_202604250810.jpg\" \/>\n\t<meta property=\"og:image:width\" content=\"1280\" \/>\n\t<meta property=\"og:image:height\" content=\"720\" \/>\n\t<meta property=\"og:image:type\" content=\"image\/jpeg\" \/>\n<meta name=\"author\" content=\"Vitor Bruno\" \/>\n<meta name=\"twitter:card\" content=\"summary_large_image\" \/>\n<meta name=\"twitter:label1\" content=\"Escrito por\" \/>\n\t<meta name=\"twitter:data1\" content=\"Vitor Bruno\" \/>\n\t<meta name=\"twitter:label2\" content=\"Est. tempo de leitura\" \/>\n\t<meta name=\"twitter:data2\" content=\"7 minutos\" \/>\n<!-- \/ Yoast SEO plugin. -->","yoast_head_json":{"title":"A 6\u00aa melhor cidade do Brasil em qualidade de vida fica a 106 km de S\u00e3o Paulo e tem um parque linear de 15 km no cora\u00e7\u00e3o - UAI Not\u00edcias","description":"Com um parque linear de 15 km, esta cidade a 106 km de SP \u00e9 a 6\u00aa melhor do pa\u00eds em qualidade de vida. Veja o que o destino oferece.","robots":{"index":"index","follow":"follow","max-snippet":"max-snippet:-1","max-image-preview":"max-image-preview:large","max-video-preview":"max-video-preview:-1"},"canonical":"https:\/\/www.uai.com.br\/uainoticias\/2026\/04\/26\/a-6a-melhor-cidade-do-brasil-em-qualidade-de-vida-fica-a-106-km-de-sao-paulo-e-tem-um-parque-linear-de-15-km-no-coracao\/","og_locale":"pt_BR","og_type":"article","og_title":"A 6\u00aa melhor cidade do Brasil em qualidade de vida fica a 106 km de S\u00e3o Paulo e tem um parque linear de 15 km no cora\u00e7\u00e3o - UAI Not\u00edcias","og_description":"Com um parque linear de 15 km, esta cidade a 106 km de SP \u00e9 a 6\u00aa melhor do pa\u00eds em qualidade de vida. Veja o que o destino oferece.","og_url":"https:\/\/www.uai.com.br\/uainoticias\/2026\/04\/26\/a-6a-melhor-cidade-do-brasil-em-qualidade-de-vida-fica-a-106-km-de-sao-paulo-e-tem-um-parque-linear-de-15-km-no-coracao\/","og_site_name":"UAI Not\u00edcias","article_published_time":"2026-04-26T05:00:00+00:00","og_image":[{"width":1280,"height":720,"url":"https:\/\/www.uai.com.br\/uainoticias\/wp-content\/uploads\/2026\/04\/Woman_jogging_by_202604250810.jpg","type":"image\/jpeg"}],"author":"Vitor Bruno","twitter_card":"summary_large_image","twitter_misc":{"Escrito por":"Vitor Bruno","Est. tempo de leitura":"7 minutos"},"schema":{"@context":"https:\/\/schema.org","@graph":[{"@type":"WebPage","@id":"https:\/\/www.uai.com.br\/uainoticias\/2026\/04\/26\/a-6a-melhor-cidade-do-brasil-em-qualidade-de-vida-fica-a-106-km-de-sao-paulo-e-tem-um-parque-linear-de-15-km-no-coracao\/","url":"https:\/\/www.uai.com.br\/uainoticias\/2026\/04\/26\/a-6a-melhor-cidade-do-brasil-em-qualidade-de-vida-fica-a-106-km-de-sao-paulo-e-tem-um-parque-linear-de-15-km-no-coracao\/","name":"A 6\u00aa melhor cidade do Brasil em qualidade de vida fica a 106 km de S\u00e3o Paulo e tem um parque linear de 15 km no cora\u00e7\u00e3o - UAI Not\u00edcias","isPartOf":{"@id":"https:\/\/www.uai.com.br\/uainoticias\/#website"},"primaryImageOfPage":{"@id":"https:\/\/www.uai.com.br\/uainoticias\/2026\/04\/26\/a-6a-melhor-cidade-do-brasil-em-qualidade-de-vida-fica-a-106-km-de-sao-paulo-e-tem-um-parque-linear-de-15-km-no-coracao\/#primaryimage"},"image":{"@id":"https:\/\/www.uai.com.br\/uainoticias\/2026\/04\/26\/a-6a-melhor-cidade-do-brasil-em-qualidade-de-vida-fica-a-106-km-de-sao-paulo-e-tem-um-parque-linear-de-15-km-no-coracao\/#primaryimage"},"thumbnailUrl":"https:\/\/www.uai.com.br\/uainoticias\/wp-content\/uploads\/2026\/04\/Woman_jogging_by_202604250810.jpg","datePublished":"2026-04-26T05:00:00+00:00","author":{"@id":"https:\/\/www.uai.com.br\/uainoticias\/#\/schema\/person\/03130d752d0ce4e3bb0f607f1bc85084"},"description":"Com um parque linear de 15 km, esta cidade a 106 km de SP \u00e9 a 6\u00aa melhor do pa\u00eds em qualidade de vida. Veja o que o destino oferece.","breadcrumb":{"@id":"https:\/\/www.uai.com.br\/uainoticias\/2026\/04\/26\/a-6a-melhor-cidade-do-brasil-em-qualidade-de-vida-fica-a-106-km-de-sao-paulo-e-tem-um-parque-linear-de-15-km-no-coracao\/#breadcrumb"},"inLanguage":"pt-BR","potentialAction":[{"@type":"ReadAction","target":["https:\/\/www.uai.com.br\/uainoticias\/2026\/04\/26\/a-6a-melhor-cidade-do-brasil-em-qualidade-de-vida-fica-a-106-km-de-sao-paulo-e-tem-um-parque-linear-de-15-km-no-coracao\/"]}]},{"@type":"ImageObject","inLanguage":"pt-BR","@id":"https:\/\/www.uai.com.br\/uainoticias\/2026\/04\/26\/a-6a-melhor-cidade-do-brasil-em-qualidade-de-vida-fica-a-106-km-de-sao-paulo-e-tem-um-parque-linear-de-15-km-no-coracao\/#primaryimage","url":"https:\/\/www.uai.com.br\/uainoticias\/wp-content\/uploads\/2026\/04\/Woman_jogging_by_202604250810.jpg","contentUrl":"https:\/\/www.uai.com.br\/uainoticias\/wp-content\/uploads\/2026\/04\/Woman_jogging_by_202604250810.jpg","width":1280,"height":720,"caption":"A 6\u00aa melhor cidade do Brasil em qualidade de vida fica a 106 km de S\u00e3o Paulo e tem um parque linear de 15 km no cora\u00e7\u00e3o \/\/ IMAGEM ILUSTRATIVA"},{"@type":"BreadcrumbList","@id":"https:\/\/www.uai.com.br\/uainoticias\/2026\/04\/26\/a-6a-melhor-cidade-do-brasil-em-qualidade-de-vida-fica-a-106-km-de-sao-paulo-e-tem-um-parque-linear-de-15-km-no-coracao\/#breadcrumb","itemListElement":[{"@type":"ListItem","position":1,"name":"In\u00edcio","item":"https:\/\/www.uai.com.br\/uainoticias\/"},{"@type":"ListItem","position":2,"name":"A 6\u00aa melhor cidade do Brasil em qualidade de vida fica a 106 km de S\u00e3o Paulo e tem um parque linear de 15 km no cora\u00e7\u00e3o"}]},{"@type":"WebSite","@id":"https:\/\/www.uai.com.br\/uainoticias\/#website","url":"https:\/\/www.uai.com.br\/uainoticias\/","name":"UAI Not\u00edcias","description":"Acompanhe as \u00faltimas not\u00edcias e fique bem informado sobre tudo o que acontece no Brasil e no mundo.","potentialAction":[{"@type":"SearchAction","target":{"@type":"EntryPoint","urlTemplate":"https:\/\/www.uai.com.br\/uainoticias\/?s={search_term_string}"},"query-input":{"@type":"PropertyValueSpecification","valueRequired":true,"valueName":"search_term_string"}}],"inLanguage":"pt-BR"},{"@type":"Person","@id":"https:\/\/www.uai.com.br\/uainoticias\/#\/schema\/person\/03130d752d0ce4e3bb0f607f1bc85084","name":"Vitor Bruno","image":{"@type":"ImageObject","inLanguage":"pt-BR","@id":"https:\/\/www.uai.com.br\/uainoticias\/#\/schema\/person\/image\/","url":"https:\/\/secure.gravatar.com\/avatar\/ab0513148053bbb80c117cdd35f8a0f2742d41eebbac321acf8df2e633d81609?s=96&d=mm&r=g","contentUrl":"https:\/\/secure.gravatar.com\/avatar\/ab0513148053bbb80c117cdd35f8a0f2742d41eebbac321acf8df2e633d81609?s=96&d=mm&r=g","caption":"Vitor Bruno"},"sameAs":["https:\/\/www.uai.com.br\/uainoticias\/"],"url":"https:\/\/www.uai.com.br\/uainoticias\/author\/vitor\/"}]}},"_links":{"self":[{"href":"https:\/\/www.uai.com.br\/uainoticias\/wp-json\/wp\/v2\/posts\/127180","targetHints":{"allow":["GET"]}}],"collection":[{"href":"https:\/\/www.uai.com.br\/uainoticias\/wp-json\/wp\/v2\/posts"}],"about":[{"href":"https:\/\/www.uai.com.br\/uainoticias\/wp-json\/wp\/v2\/types\/post"}],"author":[{"embeddable":true,"href":"https:\/\/www.uai.com.br\/uainoticias\/wp-json\/wp\/v2\/users\/14"}],"replies":[{"embeddable":true,"href":"https:\/\/www.uai.com.br\/uainoticias\/wp-json\/wp\/v2\/comments?post=127180"}],"version-history":[{"count":3,"href":"https:\/\/www.uai.com.br\/uainoticias\/wp-json\/wp\/v2\/posts\/127180\/revisions"}],"predecessor-version":[{"id":127213,"href":"https:\/\/www.uai.com.br\/uainoticias\/wp-json\/wp\/v2\/posts\/127180\/revisions\/127213"}],"wp:featuredmedia":[{"embeddable":true,"href":"https:\/\/www.uai.com.br\/uainoticias\/wp-json\/wp\/v2\/media\/127212"}],"wp:attachment":[{"href":"https:\/\/www.uai.com.br\/uainoticias\/wp-json\/wp\/v2\/media?parent=127180"}],"wp:term":[{"taxonomy":"category","embeddable":true,"href":"https:\/\/www.uai.com.br\/uainoticias\/wp-json\/wp\/v2\/categories?post=127180"},{"taxonomy":"post_tag","embeddable":true,"href":"https:\/\/www.uai.com.br\/uainoticias\/wp-json\/wp\/v2\/tags?post=127180"}],"curies":[{"name":"wp","href":"https:\/\/api.w.org\/{rel}","templated":true}]}}