{"id":127179,"date":"2026-04-25T23:45:00","date_gmt":"2026-04-26T02:45:00","guid":{"rendered":"https:\/\/www.uai.com.br\/uainoticias\/?p=127179"},"modified":"2026-04-25T08:07:30","modified_gmt":"2026-04-25T11:07:30","slug":"a-cidade-que-vira-praia-em-minas-gerais-1-440-km2-de-espelho-dagua-e-canions-de-20-metros","status":"publish","type":"post","link":"https:\/\/www.uai.com.br\/uainoticias\/2026\/04\/25\/a-cidade-que-vira-praia-em-minas-gerais-1-440-km2-de-espelho-dagua-e-canions-de-20-metros\/","title":{"rendered":"A cidade que vira praia em Minas Gerais: 1.440 km\u00b2 de espelho d&#8217;\u00e1gua e c\u00e2nions de 20 metros"},"content":{"rendered":"\n<p>A 282 km de <strong>Belo Horizonte<\/strong>, na divisa entre o sudoeste de <strong>Minas Gerais<\/strong> e a <strong>Serra da Canastra<\/strong>, <strong>Capit\u00f3lio<\/strong> guarda pared\u00f5es rochosos avermelhados, cachoeiras turquesa e o lago de 1.440 km\u00b2 que ganhou o apelido de Mar de Minas. A cidade \u00e9 uma das 34 banhadas pelo <strong>Lago de Furnas<\/strong> e a mais procurada delas no roteiro tur\u00edstico do estado.<\/p>\n\n\n\n<h2 class=\"wp-block-heading\">Como uma represa virou o mar mais famoso do interior brasileiro?<\/h2>\n\n\n\n<p>O Mar de Minas \u00e9 fruto da engenharia. O <strong>Lago de Furnas<\/strong> nasceu da represa erguida pela <strong>Usina Hidrel\u00e9trica de Furnas<\/strong>, inaugurada em 1963, e cobriu vales inteiros do Rio Grande no sudoeste mineiro. Com 1.440 km\u00b2 de espelho d&#8217;\u00e1gua, virou o maior lago artificial em volume do Sudeste e o segundo maior lago artificial em extens\u00e3o do <strong>Brasil<\/strong>.<\/p>\n\n\n\n<p>O nome Capit\u00f3lio \u00e9 uma homenagem ao Capitolium, o templo de J\u00fapiter na Roma antiga, sugerido por <strong>Abel de Moraes Bello<\/strong> ainda no s\u00e9culo XIX, segundo a Prefeitura local. O munic\u00edpio tem cerca de 8 mil habitantes, mas concentra a maior frota de lanchas do estado de Minas Gerais, conforme dados do <a href=\"https:\/\/www.minasgerais.com.br\/pt\/roteiros\/cachoeiras-de-capitolio-e-canyons-do-lago-de-furnas\" target=\"_blank\" rel=\"noreferrer noopener\"><strong>Portal de Turismo de Minas Gerais<\/strong><\/a>.<\/p>\n\n\n<div class=\"wp-block-image\">\n<figure class=\"aligncenter size-large\"><img decoding=\"async\" width=\"1024\" height=\"576\" src=\"https:\/\/www.uai.com.br\/uainoticias\/wp-content\/uploads\/2026\/03\/Capitolio-minas-gerais_1770530123368-1024x576.jpg\" alt=\"\" class=\"wp-image-114819\" srcset=\"https:\/\/www.uai.com.br\/uainoticias\/wp-content\/uploads\/2026\/03\/Capitolio-minas-gerais_1770530123368-1024x576.jpg 1024w, https:\/\/www.uai.com.br\/uainoticias\/wp-content\/uploads\/2026\/03\/Capitolio-minas-gerais_1770530123368-300x169.jpg 300w, https:\/\/www.uai.com.br\/uainoticias\/wp-content\/uploads\/2026\/03\/Capitolio-minas-gerais_1770530123368-768x432.jpg 768w, https:\/\/www.uai.com.br\/uainoticias\/wp-content\/uploads\/2026\/03\/Capitolio-minas-gerais_1770530123368-750x422.jpg 750w, https:\/\/www.uai.com.br\/uainoticias\/wp-content\/uploads\/2026\/03\/Capitolio-minas-gerais_1770530123368-1140x641.jpg 1140w, https:\/\/www.uai.com.br\/uainoticias\/wp-content\/uploads\/2026\/03\/Capitolio-minas-gerais_1770530123368.jpg 1280w\" sizes=\"(max-width: 1024px) 100vw, 1024px\" \/><figcaption class=\"wp-element-caption\">Capit\u00f3lio destaca-se como o portal do Mar de Minas, com 1.440 km\u00b2 de \u00e1guas doces e l\u00edmpidas para o lazer \/\/ Cr\u00e9ditos: depositphotos.com \/ vbacarin<\/figcaption><\/figure><\/div>\n\n\n<h2 class=\"wp-block-heading\">Vale a pena viver na Rainha dos Lagos mineira?<\/h2>\n\n\n\n<p>Vale para quem gosta de ritmo de cidade pequena com economia movida pelo turismo. Capit\u00f3lio \u00e9 uma das 34 cidades banhadas pelo <strong>Lago de Furnas<\/strong>, conjunto que abriga 5 mil empreendimentos e gera 20 mil empregos diretos, segundo dados do Movimento Pr\u00f3-Furnas 762 citados pela <a href=\"https:\/\/www.secult.mg.gov.br\/noticias-artigos\/8276-aumento-do-ticket-medio-em-capitolio-demonstra-fortalecimento-do-turismo-na-regiao\" target=\"_blank\" rel=\"noreferrer noopener\"><strong>Secretaria de Estado de Cultura e Turismo de Minas Gerais (Secult-MG)<\/strong><\/a>.<\/p>\n\n\n\n<p>O ticket m\u00e9dio do turista em Capit\u00f3lio chegou a R$ 631,55 por dia, segundo o <strong>Observat\u00f3rio do Turismo de Minas Gerais<\/strong>, alta de 23,5% em rela\u00e7\u00e3o a 2022. Mais de 76% dos visitantes escolhem a cidade buscando lazer, ecoturismo e turismo de aventura, e 64,9% das pessoas que j\u00e1 visitaram voltaram ao menos uma vez. O custo de vida \u00e9 t\u00edpico de cidades do interior mineiro, com pousadas, restaurantes e mercados estruturados o ano inteiro.<\/p>\n\n\n<div class=\"wp-block-image\">\n<figure class=\"aligncenter size-large\"><img decoding=\"async\" width=\"1024\" height=\"576\" src=\"https:\/\/www.uai.com.br\/uainoticias\/wp-content\/uploads\/2026\/03\/Capitolio-minas-gerais_1770529879976-1024x576.jpg\" alt=\"\" class=\"wp-image-114812\" srcset=\"https:\/\/www.uai.com.br\/uainoticias\/wp-content\/uploads\/2026\/03\/Capitolio-minas-gerais_1770529879976-1024x576.jpg 1024w, https:\/\/www.uai.com.br\/uainoticias\/wp-content\/uploads\/2026\/03\/Capitolio-minas-gerais_1770529879976-300x169.jpg 300w, https:\/\/www.uai.com.br\/uainoticias\/wp-content\/uploads\/2026\/03\/Capitolio-minas-gerais_1770529879976-768x432.jpg 768w, https:\/\/www.uai.com.br\/uainoticias\/wp-content\/uploads\/2026\/03\/Capitolio-minas-gerais_1770529879976-750x422.jpg 750w, https:\/\/www.uai.com.br\/uainoticias\/wp-content\/uploads\/2026\/03\/Capitolio-minas-gerais_1770529879976-1140x641.jpg 1140w, https:\/\/www.uai.com.br\/uainoticias\/wp-content\/uploads\/2026\/03\/Capitolio-minas-gerais_1770529879976.jpg 1280w\" sizes=\"(max-width: 1024px) 100vw, 1024px\" \/><figcaption class=\"wp-element-caption\">Capit\u00f3lio oferece o t\u00edtulo de maior lago naveg\u00e1vel do estado, onde lanchas e chalanas cruzam c\u00e2nions gigantes \/\/ Cr\u00e9ditos: depositphotos.com \/ vbacarin<\/figcaption><\/figure><\/div>\n\n\n<p><strong>Leia tamb\u00e9m: <a href=\"https:\/\/www.uai.com.br\/uainoticias\/2026\/04\/25\/essa-cidade-nordestina-esta-em-alta-447-mais-estrangeiros-escolheram-esse-paraiso-de-mar-morno-e-brisa-perfeita\/\" target=\"_blank\" rel=\"noreferrer noopener\">Essa cidade nordestina est\u00e1 em alta: 44,7% mais estrangeiros escolheram esse para\u00edso de mar morno e brisa perfeita<\/a><\/strong><\/p>\n\n\n\n<h2 class=\"wp-block-heading\">O que fazer e onde comer no Mar de Minas?<\/h2>\n\n\n\n<p>O roteiro mistura lago, c\u00e2nions, cachoeiras e gastronomia mineira pesada. As atra\u00e7\u00f5es ficam num raio de at\u00e9 40 km do centro, e a maioria pede carro ou passeio guiado.<\/p>\n\n\n\n<ul class=\"wp-block-list\">\n<li><strong>Mirante dos Canyons<\/strong>: cart\u00e3o-postal da cidade, com vista do alto para os pared\u00f5es e cachoeiras que desaguam diretamente no lago.<\/li>\n\n\n\n<li><strong>Passeio de lancha pelo Lago de Furnas<\/strong>: percorre os c\u00e2nions de pared\u00f5es com mais de 20 metros, a Cachoeira Lagoa Azul e o Vale dos Tucanos.<\/li>\n\n\n\n<li><strong>Cascata Eco Parque<\/strong>: complexo com 9 piscinas naturais, 3 mirantes, cachoeiras e \u00e1rea de camping pr\u00f3ximo ao Lago de Furnas.<\/li>\n\n\n\n<li><strong>Pedreira Lagoa Azul<\/strong>: antiga pedreira inundada que formou uma lagoa de \u00e1guas azul-esverdeadas, em S\u00e3o Jo\u00e3o Batista do Gl\u00f3ria.<\/li>\n\n\n\n<li><strong>Morro do Chap\u00e9u<\/strong>: ponto mais alto da regi\u00e3o, com mirante e vista panor\u00e2mica do <strong>Lago de Furnas<\/strong> e da <strong>Serra da Canastra<\/strong>.<\/li>\n\n\n\n<li><strong>Usina Hidrel\u00e9trica de Furnas<\/strong>: obra de engenharia que deu origem ao lago, com mirante a 38 km do centro.<\/li>\n<\/ul>\n\n\n\n<p>Na mesa, a cozinha mineira reina absoluta, mas o lago trouxe os peixes de \u00e1gua doce para o card\u00e1pio. Bares flutuantes ampliaram o repert\u00f3rio nos \u00faltimos anos.<\/p>\n\n\n\n<ul class=\"wp-block-list\">\n<li><strong>Til\u00e1pia na telha<\/strong>: peixe pescado no pr\u00f3prio Lago de Furnas, assado em telha de barro com legumes e queijo derretido.<\/li>\n\n\n\n<li><strong>Pintado na brasa<\/strong>: outra estrela do lago, servido nos restaurantes flutuantes durante os passeios.<\/li>\n\n\n\n<li><strong>Frango com quiabo<\/strong>: cl\u00e1ssico mineiro servido em panelas de ferro, acompanhado de angu e arroz.<\/li>\n\n\n\n<li><strong>P\u00e3o de queijo da serra<\/strong>: receita herdada das fazendas da regi\u00e3o, com queijo da <strong>Canastra<\/strong> reconhecido pela <strong>UNESCO<\/strong>.<\/li>\n\n\n\n<li><strong>Doces caseiros e cacha\u00e7as artesanais<\/strong>: produzidos em alambiques familiares ao longo da estrada para a Serra da Canastra.<\/li>\n<\/ul>\n\n\n\n<p>Quem planeja uma viagem para <strong>Minas Gerais<\/strong>, vai curtir esse v\u00eddeo especialmente selecionado do canal <strong>Casal Alencar<\/strong>, que conta com mais de <strong>309 mil<\/strong> visualiza\u00e7\u00f5es, onde <strong>Bruna<\/strong> e <strong>Adriano Alencar<\/strong> mostram um roteiro de 3 dias em <strong>Capit\u00f3lio<\/strong>:<\/p>\n\n\n\n<figure class=\"wp-block-embed is-type-video is-provider-youtube wp-block-embed-youtube wp-embed-aspect-16-9 wp-has-aspect-ratio\"><div class=\"wp-block-embed__wrapper\">\n<div class=\"jeg_video_container jeg_video_content\"><iframe loading=\"lazy\" title=\"CAPIT\u00d3LIO MG - ROTEIRO COMPLETO DE 3 DIAS (Com Pre\u00e7os, Passeios, Hospedagem, Comida e Dicas)\" width=\"500\" height=\"281\" src=\"https:\/\/www.youtube.com\/embed\/OQTU8KrqX78?feature=oembed\" frameborder=\"0\" allow=\"accelerometer; autoplay; clipboard-write; encrypted-media; gyroscope; picture-in-picture; web-share\" referrerpolicy=\"strict-origin-when-cross-origin\" allowfullscreen><\/iframe><\/div>\n<\/div><\/figure>\n\n\n\n<h2 class=\"wp-block-heading\">Quando o clima ajuda a navegar pelo lago artificial?<\/h2>\n\n\n\n<p>O clima \u00e9 tropical de altitude, com ver\u00e3o chuvoso e inverno seco. A escolha da esta\u00e7\u00e3o muda completamente o n\u00edvel do lago e o volume das cachoeiras:<\/p>\n\n\n\n<style>\n    .clima-grid-uai88 { \n        --cor-primaria: #0278c0; --cor-secundaria: #ffd31a; --cor-txt-secundaria: #0278c0;\n        display: grid; grid-template-columns: repeat(auto-fit, minmax(190px, 1fr)); gap: 15px; justify-content: center; padding: 10px;\n    }\n    .clima-card-uai88 { border: 5px solid var(--cor-primaria); border-top: 5px solid var(--cor-secundaria); border-radius: 12px; background-color: var(--cor-primaria); background-clip: padding-box; display: flex; flex-direction: column; overflow: hidden; cursor: pointer; box-shadow: 0 6px 12px rgba(0,0,0, 0.2); transition: transform 0.2s ease, box-shadow 0.2s ease; -webkit-tap-highlight-color: transparent; user-select: none; transform: translateZ(0); animation: wmFadeIn 0.6s cubic-bezier(0.2, 0.8, 0.2, 1) backwards; }\n    .clima-card-uai88:focus-visible { outline: 3px dashed var(--cor-secundaria); outline-offset: 4px; }\n    .clima-card-uai88:nth-child(1) { animation-delay: 0.1s; } .clima-card-uai88:nth-child(2) { animation-delay: 0.2s; } .clima-card-uai88:nth-child(3) { animation-delay: 0.3s; } .clima-card-uai88:nth-child(4) { animation-delay: 0.4s; }\n    @keyframes wmFadeIn { from { opacity: 0; transform: translateY(30px); } to { opacity: 1; transform: translateY(0); } }\n    .clima-card-uai88:hover { transform: translateY(-5px); box-shadow: 0 15px 30px rgba(0,0,0, 0.3); }\n    .clima-card-uai88:active { transform: translateY(-1px) scale(0.97); box-shadow: 0 3px 6px rgba(0,0,0, 0.2); transition: transform 0.05s ease, box-shadow 0.05s ease; }\n    .clima-header-uai88 { background: #fdfbf5; padding: 15px 10px; text-align: center; display: flex; flex-direction: column; align-items: center; justify-content: center; }\n    .clima-body-uai88 { background: #ffffff; padding: 15px; display: flex; flex-direction: column; flex-grow: 1; align-items: center; }\n    .clima-destaque-uai88 { box-shadow: 0 8px 16px rgba(0,0,0, 0.25); }\n    .clima-destaque-uai88:hover { box-shadow: 0 18px 36px rgba(0,0,0, 0.35); }\n    .clima-destaque-uai88 .clima-header-uai88 { background: var(--cor-secundaria); }\n    .clima-destaque-uai88 .clima-header-uai88 .clima-titulo-uai88 { color: var(--cor-txt-secundaria) !important; } \n    .clima-pill-uai88 { display: flex; white-space: normal; max-width: 100%; box-sizing: border-box; justify-content: center; align-items: center; text-align: center; background: #e6f2fa; color: var(--cor-primaria); font-size: 11px; font-weight: 900 !important; letter-spacing: 0.5px; padding: 8px 16px; border-radius: 16px; text-transform: uppercase; line-height: 1.4; box-shadow: 0 4px 8px rgba(0,0,0, 0.15); margin-top: auto; transition: transform 0.2s ease; }\n    .clima-destaque-uai88 .clima-pill-uai88 { background: var(--cor-primaria); color: #ffffff; border: 1px solid #ffffff; } \n    .clima-card-uai88:hover .clima-pill-uai88 { transform: scale(1.06); }\n    .clima-pill-uai88 span { font-weight: 900 !important; color: inherit; } \n    .clima-emoji-uai88 { font-size: 24px; line-height: 1; margin-bottom: 5px; }\n    .clima-titulo-uai88 { color: var(--cor-primaria); font-size: 16px; text-transform: uppercase; margin-top: 5px; font-weight: bold; }\n    .clima-mes-uai88 { font-size: 11px; font-weight: 800; color: var(--cor-primaria); text-transform: uppercase; margin-bottom: 5px; display: block; }\n    .clima-temp-uai88 { font-size: 26px; font-weight: 900; color: var(--cor-primaria); margin-bottom: 10px; }\n    .clima-desc-uai88 { font-size: 13px; color: #444; text-align: center; line-height: 1.5; margin-bottom: 15px; flex-grow: 1;}\n    .clima-desc-uai88 strong { color: #111; }\n    @media (prefers-color-scheme: dark) {\n        .clima-card-uai88 { border-color: #014f7d; background-color: #014f7d; box-shadow: 0 6px 12px rgba(0,0,0, 0.5); }\n        .clima-header-uai88 { background: #1a1a1a; } .clima-body-uai88 { background: #121212; }\n        .clima-destaque-uai88 .clima-header-uai88 { background: var(--cor-secundaria); }\n        .clima-destaque-uai88 .clima-header-uai88 .clima-titulo-uai88 { color: var(--cor-txt-secundaria) !important; }\n        .clima-titulo-uai88 { color: #63b2e8; } .clima-mes-uai88 { color: #63b2e8; } .clima-temp-uai88 { color: #63b2e8; } .clima-desc-uai88 { color: #cccccc; } .clima-desc-uai88 strong { color: #ffffff; }\n        .clima-pill-uai88 { background: #014f7d; color: #ffffff; box-shadow: 0 4px 8px rgba(0, 0, 0, 0.5); }\n        .clima-destaque-uai88 .clima-pill-uai88 { background: #013859; color: #ffffff; border-color: #63b2e8; }\n    }\n<\/style>\n<div class=\"google-auto-ads-ignore clima-grid-uai88\" style=\"box-sizing: border-box; width: 100%; max-width: 980px; margin: 30px auto; font-family: 'Segoe UI', Roboto, Helvetica, Arial, sans-serif;\">\n    <div class=\"clima-card-uai88\" tabindex=\"0\">\n        <div class=\"clima-header-uai88\"><div class=\"clima-emoji-uai88\" aria-hidden=\"true\">\ud83d\udca6<\/div><div class=\"clima-titulo-uai88\">Ver\u00e3o<\/div><\/div>\n        <div class=\"clima-body-uai88\">\n            <time class=\"clima-mes-uai88\">Dez-Fev<\/time><div class=\"clima-temp-uai88\">20\u00b0C a 30\u00b0C<\/div>\n            <div class=\"clima-desc-uai88\">A alta precipita\u00e7\u00e3o t\u00edpica do clima tropical de altitude eleva tudo por l\u00e1. \u00c9 a esta\u00e7\u00e3o das famosas <strong>cachoeiras cheias e o lago em seu auge<\/strong>.<\/div>\n            <div class=\"clima-pill-uai88\"><span>\u2614 Chuva Alta<\/span><\/div>\n        <\/div>\n    <\/div>\n    <div class=\"clima-card-uai88\" tabindex=\"0\">\n        <div class=\"clima-header-uai88\"><div class=\"clima-emoji-uai88\" aria-hidden=\"true\">\ud83d\udea4<\/div><div class=\"clima-titulo-uai88\">Outono<\/div><\/div>\n        <div class=\"clima-body-uai88\">\n            <time class=\"clima-mes-uai88\">Mar-Mai<\/time><div class=\"clima-temp-uai88\">17\u00b0C a 28\u00b0C<\/div>\n            <div class=\"clima-desc-uai88\">A chuva come\u00e7a a dar sinais de recuo e o clima se mant\u00e9m acolhedor. O cen\u00e1rio se mostra perfeito com as <strong>\u00e1guas estabilizando para passeios de lancha<\/strong>.<\/div>\n            <div class=\"clima-pill-uai88\"><span>\u2601\ufe0f Chuva M\u00e9dia<\/span><\/div>\n        <\/div>\n    <\/div>\n    <div class=\"clima-card-uai88 clima-destaque-uai88\" tabindex=\"0\">\n        <div class=\"clima-header-uai88\"><div class=\"clima-emoji-uai88\" aria-hidden=\"true\">\ud83d\udcf8<\/div><div class=\"clima-titulo-uai88\">Inverno<\/div><\/div>\n        <div class=\"clima-body-uai88\">\n            <time class=\"clima-mes-uai88\">Jun-Ago<\/time><div class=\"clima-temp-uai88\">11\u00b0C a 26\u00b0C<\/div>\n            <div class=\"clima-desc-uai88\">A melhor fase no espelho d&#8217;\u00e1gua mineiro! O tempo extremamente seco garante o m\u00e1ximo de <strong>visibilidade ideal nos grandes pared\u00f5es e c\u00e2nions<\/strong>.<\/div>\n            <div class=\"clima-pill-uai88\"><span>\u2b50 Melhor \u00c9poca \/ Seco<\/span><\/div>\n        <\/div>\n    <\/div>\n    <div class=\"clima-card-uai88\" tabindex=\"0\">\n        <div class=\"clima-header-uai88\"><div class=\"clima-emoji-uai88\" aria-hidden=\"true\">\ud83e\udd7e<\/div><div class=\"clima-titulo-uai88\">Primavera<\/div><\/div>\n        <div class=\"clima-body-uai88\">\n            <time class=\"clima-mes-uai88\">Set-Nov<\/time><div class=\"clima-temp-uai88\">15\u00b0C a 29\u00b0C<\/div>\n            <div class=\"clima-desc-uai88\">A temperatura ganha for\u00e7a e as chuvas crescem moderadamente. Desfrute da \u00e9poca mais quente para desbravar as <strong>trilhas e as belezas da Serra da Canastra<\/strong>.<\/div>\n            <div class=\"clima-pill-uai88\"><span>\u2601\ufe0f Chuva Baixa-M\u00e9dia<\/span><\/div>\n        <\/div>\n    <\/div>\n<\/div>\n\n\n\n<p><em>Temperaturas aproximadas com base no <a href=\"https:\/\/www.climatempo.com.br\/previsao-do-tempo\/cidade\/2135\/capitolio-mg\" target=\"_blank\" rel=\"noreferrer noopener\"><strong>Climatempo<\/strong><\/a>. Condi\u00e7\u00f5es podem variar.<\/em><\/p>\n\n\n\n<h2 class=\"wp-block-heading\">Como chegar \u00e0 cidade do Mar de Minas?<\/h2>\n\n\n\n<p>De carro, o acesso mais comum \u00e9 por <strong>Belo Horizonte<\/strong>, com 282 km de estrada pela <strong>BR-381<\/strong>, <strong>BR-262<\/strong> e <strong>MG-050<\/strong>, em cerca de 4 horas. Saindo de <strong>S\u00e3o Paulo<\/strong>, s\u00e3o 444 km, e do <strong>Rio de Janeiro<\/strong>, 636 km. <strong>Bras\u00edlia<\/strong> fica a 750 km.<\/p>\n\n\n\n<p>Quem prefere voar pode usar o <strong>Aeroporto Internacional de Confins<\/strong>, em Belo Horizonte (315 km), o <strong>Viracopos<\/strong>, em Campinas (346 km), ou o aeroporto regional de <strong>Passos<\/strong> (77 km), com menor oferta de voos. A Via\u00e7\u00e3o Gard\u00eania opera linhas de \u00f4nibus di\u00e1rias entre Belo Horizonte e Capit\u00f3lio.<\/p>\n\n\n\n<h2 class=\"wp-block-heading\">Pegue a estrada e navegue pelo Mar de Minas<\/h2>\n\n\n\n<p>Capit\u00f3lio re\u00fane 1.440 km\u00b2 de \u00e1gua doce, pared\u00f5es rochosos esculpidos, cachoeiras turquesa e a serra dos queijos premiados a poucos minutos. Poucos destinos brasileiros entregam um lago t\u00e3o grande quanto um pequeno mar com infraestrutura tur\u00edstica completa.<\/p>\n\n\n\n<p>Voc\u00ea precisa pegar a estrada e conhecer Capit\u00f3lio, a cidade onde Minas virou litoral e o p\u00f4r do sol acontece sobre uma represa do tamanho de um oceano interior.<\/p>\n","protected":false},"excerpt":{"rendered":"<p>A 282 km de Belo Horizonte, na divisa entre o sudoeste de Minas Gerais e a Serra da Canastra, Capit\u00f3lio guarda pared\u00f5es rochosos avermelhados, cachoeiras turquesa e o lago de 1.440 km\u00b2 que ganhou o apelido de Mar de Minas. A cidade \u00e9 uma das 34 banhadas pelo Lago de Furnas e a mais procurada [&hellip;]<\/p>\n","protected":false},"author":14,"featured_media":127210,"comment_status":"open","ping_status":"open","sticky":false,"template":"","format":"standard","meta":{"jnews-multi-image_gallery":[],"jnews_single_post":{"format":"standard"},"jnews_primary_category":[],"jnews_social_meta":[],"jnews_override_counter":[],"footnotes":""},"categories":[210],"tags":[21267,234,253],"class_list":["post-127179","post","type-post","status-publish","format-standard","has-post-thumbnail","hentry","category-cidades","tag-capitolio","tag-cidades","tag-minas-gerais"],"yoast_head":"<!-- This site is optimized with the Yoast SEO plugin v26.5 - https:\/\/yoast.com\/wordpress\/plugins\/seo\/ -->\n<title>A cidade que vira praia em Minas Gerais: 1.440 km\u00b2 de espelho d&#039;\u00e1gua e c\u00e2nions de 20 metros - UAI Not\u00edcias<\/title>\n<meta name=\"description\" content=\"Com c\u00e2nions de 20 metros e um espelho d&#039;\u00e1gua de 1.440 km\u00b2, esta cidade \u00e9 o ref\u00fagio perfeito para quem busca praia em Minas Gerais.\" \/>\n<meta name=\"robots\" content=\"index, follow, max-snippet:-1, max-image-preview:large, max-video-preview:-1\" \/>\n<link rel=\"canonical\" href=\"https:\/\/www.uai.com.br\/uainoticias\/2026\/04\/25\/a-cidade-que-vira-praia-em-minas-gerais-1-440-km2-de-espelho-dagua-e-canions-de-20-metros\/\" \/>\n<meta property=\"og:locale\" content=\"pt_BR\" \/>\n<meta property=\"og:type\" content=\"article\" \/>\n<meta property=\"og:title\" content=\"A cidade que vira praia em Minas Gerais: 1.440 km\u00b2 de espelho d&#039;\u00e1gua e c\u00e2nions de 20 metros - UAI Not\u00edcias\" \/>\n<meta property=\"og:description\" content=\"Com c\u00e2nions de 20 metros e um espelho d&#039;\u00e1gua de 1.440 km\u00b2, esta cidade \u00e9 o ref\u00fagio perfeito para quem busca praia em Minas Gerais.\" \/>\n<meta property=\"og:url\" content=\"https:\/\/www.uai.com.br\/uainoticias\/2026\/04\/25\/a-cidade-que-vira-praia-em-minas-gerais-1-440-km2-de-espelho-dagua-e-canions-de-20-metros\/\" \/>\n<meta property=\"og:site_name\" content=\"UAI Not\u00edcias\" \/>\n<meta property=\"article:published_time\" content=\"2026-04-26T02:45:00+00:00\" \/>\n<meta property=\"og:image\" content=\"https:\/\/www.uai.com.br\/uainoticias\/wp-content\/uploads\/2026\/04\/Woman_swimming_in_202604250805.jpg\" \/>\n\t<meta property=\"og:image:width\" content=\"1280\" \/>\n\t<meta property=\"og:image:height\" content=\"720\" \/>\n\t<meta property=\"og:image:type\" content=\"image\/jpeg\" \/>\n<meta name=\"author\" content=\"Vitor Bruno\" \/>\n<meta name=\"twitter:card\" content=\"summary_large_image\" \/>\n<meta name=\"twitter:label1\" content=\"Escrito por\" \/>\n\t<meta name=\"twitter:data1\" content=\"Vitor Bruno\" \/>\n\t<meta name=\"twitter:label2\" content=\"Est. tempo de leitura\" \/>\n\t<meta name=\"twitter:data2\" content=\"7 minutos\" \/>\n<!-- \/ Yoast SEO plugin. -->","yoast_head_json":{"title":"A cidade que vira praia em Minas Gerais: 1.440 km\u00b2 de espelho d'\u00e1gua e c\u00e2nions de 20 metros - UAI Not\u00edcias","description":"Com c\u00e2nions de 20 metros e um espelho d'\u00e1gua de 1.440 km\u00b2, esta cidade \u00e9 o ref\u00fagio perfeito para quem busca praia em Minas Gerais.","robots":{"index":"index","follow":"follow","max-snippet":"max-snippet:-1","max-image-preview":"max-image-preview:large","max-video-preview":"max-video-preview:-1"},"canonical":"https:\/\/www.uai.com.br\/uainoticias\/2026\/04\/25\/a-cidade-que-vira-praia-em-minas-gerais-1-440-km2-de-espelho-dagua-e-canions-de-20-metros\/","og_locale":"pt_BR","og_type":"article","og_title":"A cidade que vira praia em Minas Gerais: 1.440 km\u00b2 de espelho d'\u00e1gua e c\u00e2nions de 20 metros - UAI Not\u00edcias","og_description":"Com c\u00e2nions de 20 metros e um espelho d'\u00e1gua de 1.440 km\u00b2, esta cidade \u00e9 o ref\u00fagio perfeito para quem busca praia em Minas Gerais.","og_url":"https:\/\/www.uai.com.br\/uainoticias\/2026\/04\/25\/a-cidade-que-vira-praia-em-minas-gerais-1-440-km2-de-espelho-dagua-e-canions-de-20-metros\/","og_site_name":"UAI Not\u00edcias","article_published_time":"2026-04-26T02:45:00+00:00","og_image":[{"width":1280,"height":720,"url":"https:\/\/www.uai.com.br\/uainoticias\/wp-content\/uploads\/2026\/04\/Woman_swimming_in_202604250805.jpg","type":"image\/jpeg"}],"author":"Vitor Bruno","twitter_card":"summary_large_image","twitter_misc":{"Escrito por":"Vitor Bruno","Est. tempo de leitura":"7 minutos"},"schema":{"@context":"https:\/\/schema.org","@graph":[{"@type":"WebPage","@id":"https:\/\/www.uai.com.br\/uainoticias\/2026\/04\/25\/a-cidade-que-vira-praia-em-minas-gerais-1-440-km2-de-espelho-dagua-e-canions-de-20-metros\/","url":"https:\/\/www.uai.com.br\/uainoticias\/2026\/04\/25\/a-cidade-que-vira-praia-em-minas-gerais-1-440-km2-de-espelho-dagua-e-canions-de-20-metros\/","name":"A cidade que vira praia em Minas Gerais: 1.440 km\u00b2 de espelho d'\u00e1gua e c\u00e2nions de 20 metros - UAI Not\u00edcias","isPartOf":{"@id":"https:\/\/www.uai.com.br\/uainoticias\/#website"},"primaryImageOfPage":{"@id":"https:\/\/www.uai.com.br\/uainoticias\/2026\/04\/25\/a-cidade-que-vira-praia-em-minas-gerais-1-440-km2-de-espelho-dagua-e-canions-de-20-metros\/#primaryimage"},"image":{"@id":"https:\/\/www.uai.com.br\/uainoticias\/2026\/04\/25\/a-cidade-que-vira-praia-em-minas-gerais-1-440-km2-de-espelho-dagua-e-canions-de-20-metros\/#primaryimage"},"thumbnailUrl":"https:\/\/www.uai.com.br\/uainoticias\/wp-content\/uploads\/2026\/04\/Woman_swimming_in_202604250805.jpg","datePublished":"2026-04-26T02:45:00+00:00","author":{"@id":"https:\/\/www.uai.com.br\/uainoticias\/#\/schema\/person\/03130d752d0ce4e3bb0f607f1bc85084"},"description":"Com c\u00e2nions de 20 metros e um espelho d'\u00e1gua de 1.440 km\u00b2, esta cidade \u00e9 o ref\u00fagio perfeito para quem busca praia em Minas Gerais.","breadcrumb":{"@id":"https:\/\/www.uai.com.br\/uainoticias\/2026\/04\/25\/a-cidade-que-vira-praia-em-minas-gerais-1-440-km2-de-espelho-dagua-e-canions-de-20-metros\/#breadcrumb"},"inLanguage":"pt-BR","potentialAction":[{"@type":"ReadAction","target":["https:\/\/www.uai.com.br\/uainoticias\/2026\/04\/25\/a-cidade-que-vira-praia-em-minas-gerais-1-440-km2-de-espelho-dagua-e-canions-de-20-metros\/"]}]},{"@type":"ImageObject","inLanguage":"pt-BR","@id":"https:\/\/www.uai.com.br\/uainoticias\/2026\/04\/25\/a-cidade-que-vira-praia-em-minas-gerais-1-440-km2-de-espelho-dagua-e-canions-de-20-metros\/#primaryimage","url":"https:\/\/www.uai.com.br\/uainoticias\/wp-content\/uploads\/2026\/04\/Woman_swimming_in_202604250805.jpg","contentUrl":"https:\/\/www.uai.com.br\/uainoticias\/wp-content\/uploads\/2026\/04\/Woman_swimming_in_202604250805.jpg","width":1280,"height":720,"caption":"A cidade que vira praia em Minas Gerais: 1.440 km\u00b2 de espelho d'\u00e1gua e c\u00e2nions de 20 metros \/\/ IMAGEM ILUSTRATIVA"},{"@type":"BreadcrumbList","@id":"https:\/\/www.uai.com.br\/uainoticias\/2026\/04\/25\/a-cidade-que-vira-praia-em-minas-gerais-1-440-km2-de-espelho-dagua-e-canions-de-20-metros\/#breadcrumb","itemListElement":[{"@type":"ListItem","position":1,"name":"In\u00edcio","item":"https:\/\/www.uai.com.br\/uainoticias\/"},{"@type":"ListItem","position":2,"name":"A cidade que vira praia em Minas Gerais: 1.440 km\u00b2 de espelho d&#8217;\u00e1gua e c\u00e2nions de 20 metros"}]},{"@type":"WebSite","@id":"https:\/\/www.uai.com.br\/uainoticias\/#website","url":"https:\/\/www.uai.com.br\/uainoticias\/","name":"UAI Not\u00edcias","description":"Acompanhe as \u00faltimas not\u00edcias e fique bem informado sobre tudo o que acontece no Brasil e no mundo.","potentialAction":[{"@type":"SearchAction","target":{"@type":"EntryPoint","urlTemplate":"https:\/\/www.uai.com.br\/uainoticias\/?s={search_term_string}"},"query-input":{"@type":"PropertyValueSpecification","valueRequired":true,"valueName":"search_term_string"}}],"inLanguage":"pt-BR"},{"@type":"Person","@id":"https:\/\/www.uai.com.br\/uainoticias\/#\/schema\/person\/03130d752d0ce4e3bb0f607f1bc85084","name":"Vitor Bruno","image":{"@type":"ImageObject","inLanguage":"pt-BR","@id":"https:\/\/www.uai.com.br\/uainoticias\/#\/schema\/person\/image\/","url":"https:\/\/secure.gravatar.com\/avatar\/ab0513148053bbb80c117cdd35f8a0f2742d41eebbac321acf8df2e633d81609?s=96&d=mm&r=g","contentUrl":"https:\/\/secure.gravatar.com\/avatar\/ab0513148053bbb80c117cdd35f8a0f2742d41eebbac321acf8df2e633d81609?s=96&d=mm&r=g","caption":"Vitor Bruno"},"sameAs":["https:\/\/www.uai.com.br\/uainoticias\/"],"url":"https:\/\/www.uai.com.br\/uainoticias\/author\/vitor\/"}]}},"_links":{"self":[{"href":"https:\/\/www.uai.com.br\/uainoticias\/wp-json\/wp\/v2\/posts\/127179","targetHints":{"allow":["GET"]}}],"collection":[{"href":"https:\/\/www.uai.com.br\/uainoticias\/wp-json\/wp\/v2\/posts"}],"about":[{"href":"https:\/\/www.uai.com.br\/uainoticias\/wp-json\/wp\/v2\/types\/post"}],"author":[{"embeddable":true,"href":"https:\/\/www.uai.com.br\/uainoticias\/wp-json\/wp\/v2\/users\/14"}],"replies":[{"embeddable":true,"href":"https:\/\/www.uai.com.br\/uainoticias\/wp-json\/wp\/v2\/comments?post=127179"}],"version-history":[{"count":3,"href":"https:\/\/www.uai.com.br\/uainoticias\/wp-json\/wp\/v2\/posts\/127179\/revisions"}],"predecessor-version":[{"id":127211,"href":"https:\/\/www.uai.com.br\/uainoticias\/wp-json\/wp\/v2\/posts\/127179\/revisions\/127211"}],"wp:featuredmedia":[{"embeddable":true,"href":"https:\/\/www.uai.com.br\/uainoticias\/wp-json\/wp\/v2\/media\/127210"}],"wp:attachment":[{"href":"https:\/\/www.uai.com.br\/uainoticias\/wp-json\/wp\/v2\/media?parent=127179"}],"wp:term":[{"taxonomy":"category","embeddable":true,"href":"https:\/\/www.uai.com.br\/uainoticias\/wp-json\/wp\/v2\/categories?post=127179"},{"taxonomy":"post_tag","embeddable":true,"href":"https:\/\/www.uai.com.br\/uainoticias\/wp-json\/wp\/v2\/tags?post=127179"}],"curies":[{"name":"wp","href":"https:\/\/api.w.org\/{rel}","templated":true}]}}