{"id":127178,"date":"2026-04-25T23:15:00","date_gmt":"2026-04-26T02:15:00","guid":{"rendered":"https:\/\/www.uai.com.br\/uainoticias\/?p=127178"},"modified":"2026-04-25T08:06:40","modified_gmt":"2026-04-25T11:06:40","slug":"365-ilhas-e-mais-de-2-mil-praias-o-paraiso-a-151-km-da-capital-onde-cabe-uma-ilha-para-cada-dia-do-ano","status":"publish","type":"post","link":"https:\/\/www.uai.com.br\/uainoticias\/2026\/04\/25\/365-ilhas-e-mais-de-2-mil-praias-o-paraiso-a-151-km-da-capital-onde-cabe-uma-ilha-para-cada-dia-do-ano\/","title":{"rendered":"365 ilhas e mais de 2 mil praias: o para\u00edso a 151 km da capital onde cabe uma ilha para cada dia do ano"},"content":{"rendered":"\n<p>Esse ref\u00fagio do litoral fluminense re\u00fane uma ilha para cada dia do ano e uma das \u00fanicas ba\u00edas do <strong>Brasil<\/strong> reconhecidas pela <strong>UNESCO<\/strong> como Patrim\u00f4nio Mundial. <strong>Angra dos Reis<\/strong> guarda mais de 2 mil praias na <strong>Costa Verde<\/strong>, no sul do estado do <strong>Rio de Janeiro<\/strong>.<\/p>\n\n\n\n<h2 class=\"wp-block-heading\">A ba\u00eda com mais ilhas do que dias no calend\u00e1rio<\/h2>\n\n\n\n<p>Angra fica a 151 km do Rio pela <strong>BR-101<\/strong>, em cerca de duas horas e meia de viagem pela Rio-Santos. Segundo o <a href=\"https:\/\/visite.angra.rj.gov.br\/\" target=\"_blank\" rel=\"noreferrer noopener\"><strong>portal oficial Visite Angra<\/strong><\/a>, a ba\u00eda re\u00fane 365 ilhas e mais de 2 mil praias, protegidas das ondas do mar aberto pela forma\u00e7\u00e3o geogr\u00e1fica da costa.<\/p>\n\n\n\n<p>O nome guarda uma curiosidade. Os portugueses chegaram em 6 de janeiro de 1502, dia de Reis no calend\u00e1rio cat\u00f3lico, e batizaram a enseada de Angra (palavra que designa ba\u00eda aberta com costas pr\u00f3ximas) dos Reis Magos. Mais de cinco s\u00e9culos depois, o centro hist\u00f3rico ainda guarda igrejas, conventos e sobrados do per\u00edodo colonial.<\/p>\n\n\n<div class=\"wp-block-image\">\n<figure class=\"aligncenter size-large\"><img decoding=\"async\" width=\"1024\" height=\"576\" src=\"https:\/\/www.uai.com.br\/uainoticias\/wp-content\/uploads\/2025\/12\/Angra-dos-Reis_1739226471296-1024x576.jpg\" alt=\"O Caribe brasileiro com 365 ilhas e mais de 2 mil praias de \u00e1guas cristalinas reconhecido no mundo inteiro\" class=\"wp-image-95738\" srcset=\"https:\/\/www.uai.com.br\/uainoticias\/wp-content\/uploads\/2025\/12\/Angra-dos-Reis_1739226471296-1024x576.jpg 1024w, https:\/\/www.uai.com.br\/uainoticias\/wp-content\/uploads\/2025\/12\/Angra-dos-Reis_1739226471296-300x169.jpg 300w, https:\/\/www.uai.com.br\/uainoticias\/wp-content\/uploads\/2025\/12\/Angra-dos-Reis_1739226471296-768x432.jpg 768w, https:\/\/www.uai.com.br\/uainoticias\/wp-content\/uploads\/2025\/12\/Angra-dos-Reis_1739226471296-750x422.jpg 750w, https:\/\/www.uai.com.br\/uainoticias\/wp-content\/uploads\/2025\/12\/Angra-dos-Reis_1739226471296-1140x641.jpg 1140w, https:\/\/www.uai.com.br\/uainoticias\/wp-content\/uploads\/2025\/12\/Angra-dos-Reis_1739226471296.jpg 1280w\" sizes=\"(max-width: 1024px) 100vw, 1024px\" \/><figcaption class=\"wp-element-caption\">Angra dos Reis encanta com mar azul e paisagens paradis\u00edacas \/\/ Cr\u00e9ditos: depositphotos.com \/ bermed2009.hotmail.com<\/figcaption><\/figure><\/div>\n\n\n<h2 class=\"wp-block-heading\">O reconhecimento da UNESCO que mudou o mapa do turismo<\/h2>\n\n\n\n<p>Em julho de 2019, a UNESCO reconheceu <a href=\"https:\/\/www.gov.br\/iphan\/pt-br\/assuntos\/noticias\/paraty-rj-recebe-certificado-de-patrimonio-mundial-da-unesco\" target=\"_blank\" rel=\"noreferrer noopener\"><strong>Paraty e Ilha Grande: Cultura e Biodiversidade<\/strong><\/a> como Patrim\u00f4nio Mundial, em decis\u00e3o registrada pelo <strong>Instituto do Patrim\u00f4nio Hist\u00f3rico e Art\u00edstico Nacional (Iphan)<\/strong>. A \u00e1rea total chega a 148.831 hectares, com a maior por\u00e7\u00e3o territorial em Paraty e Angra dos Reis.<\/p>\n\n\n\n<p>Foi o primeiro s\u00edtio misto brasileiro, categoria que re\u00fane valores culturais e naturais excepcionais. E o primeiro da <strong>Am\u00e9rica Latina<\/strong> com uma cultura viva integrada ao ambiente, diferentemente de outros s\u00edtios mistos do continente, como Machu Picchu, classificados como s\u00edtios arqueol\u00f3gicos em paisagem natural. Cerca de 85% da cobertura vegetal nativa da \u00e1rea permanece preservada, formando um dos maiores remanescentes de Mata Atl\u00e2ntica do pa\u00eds.<\/p>\n\n\n<div class=\"wp-block-image\">\n<figure class=\"aligncenter size-large\"><img decoding=\"async\" width=\"1024\" height=\"576\" src=\"https:\/\/www.uai.com.br\/uainoticias\/wp-content\/uploads\/2025\/12\/Angra-dos-Reis_1748902786165-1024x576.jpg\" alt=\"\" class=\"wp-image-95739\" srcset=\"https:\/\/www.uai.com.br\/uainoticias\/wp-content\/uploads\/2025\/12\/Angra-dos-Reis_1748902786165-1024x576.jpg 1024w, https:\/\/www.uai.com.br\/uainoticias\/wp-content\/uploads\/2025\/12\/Angra-dos-Reis_1748902786165-300x169.jpg 300w, https:\/\/www.uai.com.br\/uainoticias\/wp-content\/uploads\/2025\/12\/Angra-dos-Reis_1748902786165-768x432.jpg 768w, https:\/\/www.uai.com.br\/uainoticias\/wp-content\/uploads\/2025\/12\/Angra-dos-Reis_1748902786165-750x422.jpg 750w, https:\/\/www.uai.com.br\/uainoticias\/wp-content\/uploads\/2025\/12\/Angra-dos-Reis_1748902786165-1140x641.jpg 1140w, https:\/\/www.uai.com.br\/uainoticias\/wp-content\/uploads\/2025\/12\/Angra-dos-Reis_1748902786165.jpg 1280w\" sizes=\"(max-width: 1024px) 100vw, 1024px\" \/><figcaption class=\"wp-element-caption\">Angra dos Reis encanta com suas ilhas paradis\u00edacas e mar cristalino \/\/ Cr\u00e9ditos: depositphotos.com \/ Ranimiro<\/figcaption><\/figure><\/div>\n\n\n<h2 class=\"wp-block-heading\">Reconhecimento nacional e o t\u00edtulo de Destino Tur\u00edstico Inteligente<\/h2>\n\n\n\n<p>Em 2021, Angra foi escolhida para integrar o projeto-piloto Destinos Tur\u00edsticos Inteligentes do <strong>Minist\u00e9rio do Turismo (MTur)<\/strong>, ao lado de capitais como <strong>Salvador<\/strong>, <strong>Recife<\/strong>, <strong>Florian\u00f3polis<\/strong> e <strong>Curitiba<\/strong>. <a href=\"https:\/\/www.gov.br\/turismo\/pt-br\/assuntos\/noticias\/angra-dos-reis-integra-projeto-do-mtur-para-desenvolver-destinos-inteligentes-no-pais\" target=\"_blank\" rel=\"noreferrer noopener\"><strong>Segundo o MTur<\/strong><\/a>, foi a \u00fanica cidade n\u00e3o capital convidada para o programa, que estrutura o turismo a partir de pilares como sustentabilidade, inova\u00e7\u00e3o e acessibilidade.<\/p>\n\n\n\n<p>A regi\u00e3o faz parte da terceira zona indutora do turismo do estado, segundo o Minist\u00e9rio, e recebe h\u00e1 anos visitantes brasileiros e estrangeiros atra\u00eddos pelas \u00e1guas calmas e pela combina\u00e7\u00e3o rara de mata atl\u00e2ntica com mar tranquilo.<\/p>\n\n\n\n<p><strong>Leia tamb\u00e9m: <a href=\"https:\/\/www.uai.com.br\/uainoticias\/2026\/04\/25\/essa-cidade-nordestina-esta-em-alta-447-mais-estrangeiros-escolheram-esse-paraiso-de-mar-morno-e-brisa-perfeita\/\" target=\"_blank\" rel=\"noreferrer noopener\">Essa cidade nordestina est\u00e1 em alta: 44,7% mais estrangeiros escolheram esse para\u00edso de mar morno e brisa perfeita<\/a><\/strong><\/p>\n\n\n\n<h2 class=\"wp-block-heading\">O que ver nas ilhas e o que comer entre um passeio e outro?<\/h2>\n\n\n\n<p>O melhor jeito de conhecer a ba\u00eda \u00e9 a bordo de uma escuna, lancha ou t\u00e1xi-boat, em roteiros que costumam durar de 5 a 7 horas. Confira os destinos que aparecem nos passeios mais procurados:<\/p>\n\n\n\n<ul class=\"wp-block-list\">\n<li><strong>Praia de Lopes Mendes<\/strong>: na <strong>Ilha Grande<\/strong>, com 3 km de areia branca e fina, mar aberto e ondas que atraem surfistas. O acesso pede travessia de barco e trilha de cerca de 30 minutos.<\/li>\n\n\n\n<li><strong>Lagoa Azul<\/strong>: piscina natural de \u00e1guas azul-turquesa entre ilhotas pr\u00f3ximas \u00e0 Freguesia de Santana, com paradas para mergulho livre.<\/li>\n\n\n\n<li><strong>Lagoa Verde<\/strong>: tamb\u00e9m na Ilha Grande, com \u00e1guas calmas e tons esverdeados rodeados por mata.<\/li>\n\n\n\n<li><strong>Ilhas Botinas<\/strong>: duas ilhotas id\u00eanticas conhecidas como Ilhas Irm\u00e3s, cart\u00e3o-postal de Angra com \u00e1guas transparentes.<\/li>\n\n\n\n<li><strong>Ilha de Cataguases<\/strong>: pequenas praias de areia fina e \u00e1guas verdes, pr\u00f3xima ao continente e ideal para passeios curtos.<\/li>\n\n\n\n<li><strong>Praia do Dentista<\/strong>: na <strong>Ilha da Gip\u00f3ia<\/strong>, frequente em rankings nacionais por sua areia clara e mar transparente.<\/li>\n<\/ul>\n\n\n\n<p>A cozinha local segue o ritmo do mar, com pescados sa\u00eddos da pr\u00f3pria ba\u00eda e influ\u00eancia cai\u00e7ara. Veja o que aparece nos card\u00e1pios:<\/p>\n\n\n\n<ul class=\"wp-block-list\">\n<li><strong>Camar\u00e3o na moranga<\/strong>: prato fluminense servido em restaurantes do centro hist\u00f3rico e nas pousadas da Ilha Grande.<\/li>\n\n\n\n<li><strong>Peixe com banana<\/strong>: cl\u00e1ssico cai\u00e7ara que d\u00e1 nome a um restaurante tradicional na rota das escunas, na ilha de Passa Terra.<\/li>\n\n\n\n<li><strong>Vieiras locais<\/strong>: produzidas em fazendas marinhas da pr\u00f3pria cidade, segundo o portal de turismo do estado.<\/li>\n\n\n\n<li><strong>Moqueca de peixe<\/strong>: receita de tradi\u00e7\u00e3o costeira, comum em restaurantes p\u00e9 na areia da Vila do Abra\u00e3o.<\/li>\n<\/ul>\n\n\n\n<p>Quem busca um roteiro econ\u00f4mico em <strong>Angra dos Reis<\/strong>, vai curtir este v\u00eddeo do canal <strong>Bloco de Viagens<\/strong>, que conta com mais de <strong>23 mil<\/strong> visualiza\u00e7\u00f5es, onde o casal mostra como economizar em passeios e hospedagem na <strong>Costa Verde<\/strong>:<\/p>\n\n\n\n<figure class=\"wp-block-embed is-type-video is-provider-youtube wp-block-embed-youtube wp-embed-aspect-16-9 wp-has-aspect-ratio\"><div class=\"wp-block-embed__wrapper\">\n<div class=\"jeg_video_container jeg_video_content\"><iframe loading=\"lazy\" title=\"ROTEIRO ECON\u00d4MICO  em Angra dos Reis \u2013 praias, passeios e dicas!\" width=\"500\" height=\"281\" src=\"https:\/\/www.youtube.com\/embed\/7ILBbTH3Fsk?feature=oembed\" frameborder=\"0\" allow=\"accelerometer; autoplay; clipboard-write; encrypted-media; gyroscope; picture-in-picture; web-share\" referrerpolicy=\"strict-origin-when-cross-origin\" allowfullscreen><\/iframe><\/div>\n<\/div><\/figure>\n\n\n\n<h2 class=\"wp-block-heading\">Quando ir e o que fazer em cada esta\u00e7\u00e3o?<\/h2>\n\n\n\n<p>A ba\u00eda pode ser visitada o ano inteiro, e cada esta\u00e7\u00e3o tem seu apelo. Confira o que esperar do clima na cidade:<\/p>\n\n\n\n<style>\n    .clima-grid-uai87 { \n        --cor-primaria: #0278c0; --cor-secundaria: #ffd31a; --cor-txt-secundaria: #0278c0;\n        display: grid; grid-template-columns: repeat(auto-fit, minmax(190px, 1fr)); gap: 15px; justify-content: center; padding: 10px;\n    }\n    .clima-card-uai87 { border: 5px solid var(--cor-primaria); border-top: 5px solid var(--cor-secundaria); border-radius: 12px; background-color: var(--cor-primaria); background-clip: padding-box; display: flex; flex-direction: column; overflow: hidden; cursor: pointer; box-shadow: 0 6px 12px rgba(0,0,0, 0.2); transition: transform 0.2s ease, box-shadow 0.2s ease; -webkit-tap-highlight-color: transparent; user-select: none; transform: translateZ(0); animation: wmFadeIn 0.6s cubic-bezier(0.2, 0.8, 0.2, 1) backwards; }\n    .clima-card-uai87:focus-visible { outline: 3px dashed var(--cor-secundaria); outline-offset: 4px; }\n    .clima-card-uai87:nth-child(1) { animation-delay: 0.1s; } .clima-card-uai87:nth-child(2) { animation-delay: 0.2s; } .clima-card-uai87:nth-child(3) { animation-delay: 0.3s; } .clima-card-uai87:nth-child(4) { animation-delay: 0.4s; }\n    @keyframes wmFadeIn { from { opacity: 0; transform: translateY(30px); } to { opacity: 1; transform: translateY(0); } }\n    .clima-card-uai87:hover { transform: translateY(-5px); box-shadow: 0 15px 30px rgba(0,0,0, 0.3); }\n    .clima-card-uai87:active { transform: translateY(-1px) scale(0.97); box-shadow: 0 3px 6px rgba(0,0,0, 0.2); transition: transform 0.05s ease, box-shadow 0.05s ease; }\n    .clima-header-uai87 { background: #fdfbf5; padding: 15px 10px; text-align: center; display: flex; flex-direction: column; align-items: center; justify-content: center; }\n    .clima-body-uai87 { background: #ffffff; padding: 15px; display: flex; flex-direction: column; flex-grow: 1; align-items: center; }\n    .clima-destaque-uai87 { box-shadow: 0 8px 16px rgba(0,0,0, 0.25); }\n    .clima-destaque-uai87:hover { box-shadow: 0 18px 36px rgba(0,0,0, 0.35); }\n    .clima-destaque-uai87 .clima-header-uai87 { background: var(--cor-secundaria); }\n    .clima-destaque-uai87 .clima-header-uai87 .clima-titulo-uai87 { color: var(--cor-txt-secundaria) !important; } \n    .clima-pill-uai87 { display: flex; white-space: normal; max-width: 100%; box-sizing: border-box; justify-content: center; align-items: center; text-align: center; background: #e6f2fa; color: var(--cor-primaria); font-size: 11px; font-weight: 900 !important; letter-spacing: 0.5px; padding: 8px 16px; border-radius: 16px; text-transform: uppercase; line-height: 1.4; box-shadow: 0 4px 8px rgba(0,0,0, 0.15); margin-top: auto; transition: transform 0.2s ease; }\n    .clima-destaque-uai87 .clima-pill-uai87 { background: var(--cor-primaria); color: #ffffff; border: 1px solid #ffffff; } \n    .clima-card-uai87:hover .clima-pill-uai87 { transform: scale(1.06); }\n    .clima-pill-uai87 span { font-weight: 900 !important; color: inherit; } \n    .clima-emoji-uai87 { font-size: 24px; line-height: 1; margin-bottom: 5px; }\n    .clima-titulo-uai87 { color: var(--cor-primaria); font-size: 16px; text-transform: uppercase; margin-top: 5px; font-weight: bold; }\n    .clima-mes-uai87 { font-size: 11px; font-weight: 800; color: var(--cor-primaria); text-transform: uppercase; margin-bottom: 5px; display: block; }\n    .clima-temp-uai87 { font-size: 26px; font-weight: 900; color: var(--cor-primaria); margin-bottom: 10px; }\n    .clima-desc-uai87 { font-size: 13px; color: #444; text-align: center; line-height: 1.5; margin-bottom: 15px; flex-grow: 1;}\n    .clima-desc-uai87 strong { color: #111; }\n    @media (prefers-color-scheme: dark) {\n        .clima-card-uai87 { border-color: #014f7d; background-color: #014f7d; box-shadow: 0 6px 12px rgba(0,0,0, 0.5); }\n        .clima-header-uai87 { background: #1a1a1a; } .clima-body-uai87 { background: #121212; }\n        .clima-destaque-uai87 .clima-header-uai87 { background: var(--cor-secundaria); }\n        .clima-destaque-uai87 .clima-header-uai87 .clima-titulo-uai87 { color: var(--cor-txt-secundaria) !important; }\n        .clima-titulo-uai87 { color: #63b2e8; } .clima-mes-uai87 { color: #63b2e8; } .clima-temp-uai87 { color: #63b2e8; } .clima-desc-uai87 { color: #cccccc; } .clima-desc-uai87 strong { color: #ffffff; }\n        .clima-pill-uai87 { background: #014f7d; color: #ffffff; box-shadow: 0 4px 8px rgba(0, 0, 0, 0.5); }\n        .clima-destaque-uai87 .clima-pill-uai87 { background: #013859; color: #ffffff; border-color: #63b2e8; }\n    }\n<\/style>\n<div class=\"google-auto-ads-ignore clima-grid-uai87\" style=\"box-sizing: border-box; width: 100%; max-width: 980px; margin: 30px auto; font-family: 'Segoe UI', Roboto, Helvetica, Arial, sans-serif;\">\n    <div class=\"clima-card-uai87\" tabindex=\"0\">\n        <div class=\"clima-header-uai87\"><div class=\"clima-emoji-uai87\" aria-hidden=\"true\">\u26f5<\/div><div class=\"clima-titulo-uai87\">Ver\u00e3o<\/div><\/div>\n        <div class=\"clima-body-uai87\">\n            <time class=\"clima-mes-uai87\">Dez-Fev<\/time><div class=\"clima-temp-uai87\">23\u00b0C a 32\u00b0C<\/div>\n            <div class=\"clima-desc-uai87\">Calor intenso e precipita\u00e7\u00f5es bem marcadas. A alta temporada \u00e9 regada pelo <strong>mar agradavelmente quente e os incont\u00e1veis passeios de escuna<\/strong>.<\/div>\n            <div class=\"clima-pill-uai87\"><span>\u2614 Chuva Alta<\/span><\/div>\n        <\/div>\n    <\/div>\n    <div class=\"clima-card-uai87\" tabindex=\"0\">\n        <div class=\"clima-header-uai87\"><div class=\"clima-emoji-uai87\" aria-hidden=\"true\">\ud83e\udd7e<\/div><div class=\"clima-titulo-uai87\">Outono<\/div><\/div>\n        <div class=\"clima-body-uai87\">\n            <time class=\"clima-mes-uai87\">Mar-Mai<\/time><div class=\"clima-temp-uai87\">20\u00b0C a 28\u00b0C<\/div>\n            <div class=\"clima-desc-uai87\">A chuva cede espa\u00e7o e a ba\u00eda fica menos abarrotada. Um clima perfeito para botar o t\u00eanis e se aventurar pelas fant\u00e1sticas <strong>trilhas na Ilha Grande<\/strong>.<\/div>\n            <div class=\"clima-pill-uai87\"><span>\u2601\ufe0f Chuva M\u00e9dia<\/span><\/div>\n        <\/div>\n    <\/div>\n    <div class=\"clima-card-uai87 clima-destaque-uai87\" tabindex=\"0\">\n        <div class=\"clima-header-uai87\"><div class=\"clima-emoji-uai87\" aria-hidden=\"true\">\ud83e\udd3f<\/div><div class=\"clima-titulo-uai87\">Inverno<\/div><\/div>\n        <div class=\"clima-body-uai87\">\n            <time class=\"clima-mes-uai87\">Jun-Ago<\/time><div class=\"clima-temp-uai87\">16\u00b0C a 25\u00b0C<\/div>\n            <div class=\"clima-desc-uai87\">O melhor per\u00edodo! A falta de chuva deixa as <strong>\u00e1guas clar\u00edssimas para o mergulho<\/strong> e o clima fresco permite passear pelo centro hist\u00f3rico sem suar.<\/div>\n            <div class=\"clima-pill-uai87\"><span>\u2b50 Melhor \u00c9poca \/ Mergulho<\/span><\/div>\n        <\/div>\n    <\/div>\n    <div class=\"clima-card-uai87\" tabindex=\"0\">\n        <div class=\"clima-header-uai87\"><div class=\"clima-emoji-uai87\" aria-hidden=\"true\">\ud83d\udca6<\/div><div class=\"clima-titulo-uai87\">Primavera<\/div><\/div>\n        <div class=\"clima-body-uai87\">\n            <time class=\"clima-mes-uai87\">Set-Nov<\/time><div class=\"clima-temp-uai87\">18\u00b0C a 28\u00b0C<\/div>\n            <div class=\"clima-desc-uai87\">A chuva retorna e recupera a for\u00e7a da mata. Uma fase mais intimista para curtir as <strong>ilhas vazias e as lindas cachoeiras com grande volume<\/strong> de \u00e1gua.<\/div>\n            <div class=\"clima-pill-uai87\"><span>\u2601\ufe0f Chuva M\u00e9dia<\/span><\/div>\n        <\/div>\n    <\/div>\n<\/div>\n\n\n\n<p><em>Temperaturas aproximadas com base no <a href=\"https:\/\/www.climatempo.com.br\/previsao-do-tempo\/cidade\/769\/angradosreis-rj\" target=\"_blank\" rel=\"noreferrer noopener\"><strong>Climatempo<\/strong><\/a>. Condi\u00e7\u00f5es podem variar.<\/em><\/p>\n\n\n\n<h2 class=\"wp-block-heading\">Como chegar \u00e0 Costa Verde sem complica\u00e7\u00e3o<\/h2>\n\n\n\n<p>De carro, o trajeto mais comum sai do <strong>Rio de Janeiro<\/strong> pela BR-101, a Rio-Santos, em cerca de 151 km e duas horas e meia. De <strong>S\u00e3o Paulo<\/strong>, s\u00e3o aproximadamente 410 km pela mesma rodovia. H\u00e1 \u00f4nibus di\u00e1rios partindo das duas capitais.<\/p>\n\n\n\n<p>Quem chega ao centro de Angra encontra escunas, lanchas e t\u00e1xi-boats no cais central, com rotas para a Ilha Grande, a Ilha da Gip\u00f3ia e o circuito das pequenas ilhas. Para a Vila do Abra\u00e3o, principal vilarejo da Ilha Grande, a travessia leva cerca de 40 minutos de barco saindo do continente.<\/p>\n\n\n\n<h2 class=\"wp-block-heading\">Conhe\u00e7a a ba\u00eda com mais ilhas que dias no ano<\/h2>\n\n\n\n<p>A combina\u00e7\u00e3o \u00e9 dif\u00edcil de encontrar em outro peda\u00e7o do litoral brasileiro: 365 ilhas, mar verde e azul, mata preservada e o t\u00edtulo de Patrim\u00f4nio Mundial da UNESCO em uma \u00fanica ba\u00eda. \u00c9 o tipo de viagem que cabe um fim de semana, mas pede uma semana inteira.<\/p>\n\n\n\n<p>Voc\u00ea precisa subir em uma escuna em Angra dos Reis e descobrir por que a Costa Verde virou refer\u00eancia internacional de turismo no Brasil.<\/p>\n","protected":false},"excerpt":{"rendered":"<p>Esse ref\u00fagio do litoral fluminense re\u00fane uma ilha para cada dia do ano e uma das \u00fanicas ba\u00edas do Brasil reconhecidas pela UNESCO como Patrim\u00f4nio Mundial. Angra dos Reis guarda mais de 2 mil praias na Costa Verde, no sul do estado do Rio de Janeiro. A ba\u00eda com mais ilhas do que dias no [&hellip;]<\/p>\n","protected":false},"author":14,"featured_media":127207,"comment_status":"open","ping_status":"open","sticky":false,"template":"","format":"standard","meta":{"jnews-multi-image_gallery":[],"jnews_single_post":{"format":"standard"},"jnews_primary_category":[],"jnews_social_meta":[],"jnews_override_counter":[],"footnotes":""},"categories":[210],"tags":[17982,234,346],"class_list":["post-127178","post","type-post","status-publish","format-standard","has-post-thumbnail","hentry","category-cidades","tag-angra-dos-reis","tag-cidades","tag-rio-de-janeiro"],"yoast_head":"<!-- This site is optimized with the Yoast SEO plugin v26.5 - https:\/\/yoast.com\/wordpress\/plugins\/seo\/ -->\n<title>365 ilhas e mais de 2 mil praias: o para\u00edso a 151 km da capital onde cabe uma ilha para cada dia do ano - UAI Not\u00edcias<\/title>\n<meta name=\"description\" content=\"Este para\u00edso a 151 km da capital tem 365 ilhas e mais de 2 mil praias. H\u00e1 uma ilha para cada dia do ano neste destino \u00fanico.\" \/>\n<meta name=\"robots\" content=\"index, follow, max-snippet:-1, max-image-preview:large, max-video-preview:-1\" \/>\n<link rel=\"canonical\" href=\"https:\/\/www.uai.com.br\/uainoticias\/2026\/04\/25\/365-ilhas-e-mais-de-2-mil-praias-o-paraiso-a-151-km-da-capital-onde-cabe-uma-ilha-para-cada-dia-do-ano\/\" \/>\n<meta property=\"og:locale\" content=\"pt_BR\" \/>\n<meta property=\"og:type\" content=\"article\" \/>\n<meta property=\"og:title\" content=\"365 ilhas e mais de 2 mil praias: o para\u00edso a 151 km da capital onde cabe uma ilha para cada dia do ano - UAI Not\u00edcias\" \/>\n<meta property=\"og:description\" content=\"Este para\u00edso a 151 km da capital tem 365 ilhas e mais de 2 mil praias. H\u00e1 uma ilha para cada dia do ano neste destino \u00fanico.\" \/>\n<meta property=\"og:url\" content=\"https:\/\/www.uai.com.br\/uainoticias\/2026\/04\/25\/365-ilhas-e-mais-de-2-mil-praias-o-paraiso-a-151-km-da-capital-onde-cabe-uma-ilha-para-cada-dia-do-ano\/\" \/>\n<meta property=\"og:site_name\" content=\"UAI Not\u00edcias\" \/>\n<meta property=\"article:published_time\" content=\"2026-04-26T02:15:00+00:00\" \/>\n<meta property=\"og:image\" content=\"https:\/\/www.uai.com.br\/uainoticias\/wp-content\/uploads\/2026\/04\/Woman_walking_in_202604250756.jpg\" \/>\n\t<meta property=\"og:image:width\" content=\"1280\" \/>\n\t<meta property=\"og:image:height\" content=\"720\" \/>\n\t<meta property=\"og:image:type\" content=\"image\/jpeg\" \/>\n<meta name=\"author\" content=\"Vitor Bruno\" \/>\n<meta name=\"twitter:card\" content=\"summary_large_image\" \/>\n<meta name=\"twitter:label1\" content=\"Escrito por\" \/>\n\t<meta name=\"twitter:data1\" content=\"Vitor Bruno\" \/>\n\t<meta name=\"twitter:label2\" content=\"Est. tempo de leitura\" \/>\n\t<meta name=\"twitter:data2\" content=\"7 minutos\" \/>\n<!-- \/ Yoast SEO plugin. -->","yoast_head_json":{"title":"365 ilhas e mais de 2 mil praias: o para\u00edso a 151 km da capital onde cabe uma ilha para cada dia do ano - UAI Not\u00edcias","description":"Este para\u00edso a 151 km da capital tem 365 ilhas e mais de 2 mil praias. H\u00e1 uma ilha para cada dia do ano neste destino \u00fanico.","robots":{"index":"index","follow":"follow","max-snippet":"max-snippet:-1","max-image-preview":"max-image-preview:large","max-video-preview":"max-video-preview:-1"},"canonical":"https:\/\/www.uai.com.br\/uainoticias\/2026\/04\/25\/365-ilhas-e-mais-de-2-mil-praias-o-paraiso-a-151-km-da-capital-onde-cabe-uma-ilha-para-cada-dia-do-ano\/","og_locale":"pt_BR","og_type":"article","og_title":"365 ilhas e mais de 2 mil praias: o para\u00edso a 151 km da capital onde cabe uma ilha para cada dia do ano - UAI Not\u00edcias","og_description":"Este para\u00edso a 151 km da capital tem 365 ilhas e mais de 2 mil praias. H\u00e1 uma ilha para cada dia do ano neste destino \u00fanico.","og_url":"https:\/\/www.uai.com.br\/uainoticias\/2026\/04\/25\/365-ilhas-e-mais-de-2-mil-praias-o-paraiso-a-151-km-da-capital-onde-cabe-uma-ilha-para-cada-dia-do-ano\/","og_site_name":"UAI Not\u00edcias","article_published_time":"2026-04-26T02:15:00+00:00","og_image":[{"width":1280,"height":720,"url":"https:\/\/www.uai.com.br\/uainoticias\/wp-content\/uploads\/2026\/04\/Woman_walking_in_202604250756.jpg","type":"image\/jpeg"}],"author":"Vitor Bruno","twitter_card":"summary_large_image","twitter_misc":{"Escrito por":"Vitor Bruno","Est. tempo de leitura":"7 minutos"},"schema":{"@context":"https:\/\/schema.org","@graph":[{"@type":"WebPage","@id":"https:\/\/www.uai.com.br\/uainoticias\/2026\/04\/25\/365-ilhas-e-mais-de-2-mil-praias-o-paraiso-a-151-km-da-capital-onde-cabe-uma-ilha-para-cada-dia-do-ano\/","url":"https:\/\/www.uai.com.br\/uainoticias\/2026\/04\/25\/365-ilhas-e-mais-de-2-mil-praias-o-paraiso-a-151-km-da-capital-onde-cabe-uma-ilha-para-cada-dia-do-ano\/","name":"365 ilhas e mais de 2 mil praias: o para\u00edso a 151 km da capital onde cabe uma ilha para cada dia do ano - UAI Not\u00edcias","isPartOf":{"@id":"https:\/\/www.uai.com.br\/uainoticias\/#website"},"primaryImageOfPage":{"@id":"https:\/\/www.uai.com.br\/uainoticias\/2026\/04\/25\/365-ilhas-e-mais-de-2-mil-praias-o-paraiso-a-151-km-da-capital-onde-cabe-uma-ilha-para-cada-dia-do-ano\/#primaryimage"},"image":{"@id":"https:\/\/www.uai.com.br\/uainoticias\/2026\/04\/25\/365-ilhas-e-mais-de-2-mil-praias-o-paraiso-a-151-km-da-capital-onde-cabe-uma-ilha-para-cada-dia-do-ano\/#primaryimage"},"thumbnailUrl":"https:\/\/www.uai.com.br\/uainoticias\/wp-content\/uploads\/2026\/04\/Woman_walking_in_202604250756.jpg","datePublished":"2026-04-26T02:15:00+00:00","author":{"@id":"https:\/\/www.uai.com.br\/uainoticias\/#\/schema\/person\/03130d752d0ce4e3bb0f607f1bc85084"},"description":"Este para\u00edso a 151 km da capital tem 365 ilhas e mais de 2 mil praias. H\u00e1 uma ilha para cada dia do ano neste destino \u00fanico.","breadcrumb":{"@id":"https:\/\/www.uai.com.br\/uainoticias\/2026\/04\/25\/365-ilhas-e-mais-de-2-mil-praias-o-paraiso-a-151-km-da-capital-onde-cabe-uma-ilha-para-cada-dia-do-ano\/#breadcrumb"},"inLanguage":"pt-BR","potentialAction":[{"@type":"ReadAction","target":["https:\/\/www.uai.com.br\/uainoticias\/2026\/04\/25\/365-ilhas-e-mais-de-2-mil-praias-o-paraiso-a-151-km-da-capital-onde-cabe-uma-ilha-para-cada-dia-do-ano\/"]}]},{"@type":"ImageObject","inLanguage":"pt-BR","@id":"https:\/\/www.uai.com.br\/uainoticias\/2026\/04\/25\/365-ilhas-e-mais-de-2-mil-praias-o-paraiso-a-151-km-da-capital-onde-cabe-uma-ilha-para-cada-dia-do-ano\/#primaryimage","url":"https:\/\/www.uai.com.br\/uainoticias\/wp-content\/uploads\/2026\/04\/Woman_walking_in_202604250756.jpg","contentUrl":"https:\/\/www.uai.com.br\/uainoticias\/wp-content\/uploads\/2026\/04\/Woman_walking_in_202604250756.jpg","width":1280,"height":720,"caption":"365 ilhas e mais de 2 mil praias: o para\u00edso a 151 km da capital onde cabe uma ilha para cada dia do ano \/\/ IMAGEM ILUSTRATIVA"},{"@type":"BreadcrumbList","@id":"https:\/\/www.uai.com.br\/uainoticias\/2026\/04\/25\/365-ilhas-e-mais-de-2-mil-praias-o-paraiso-a-151-km-da-capital-onde-cabe-uma-ilha-para-cada-dia-do-ano\/#breadcrumb","itemListElement":[{"@type":"ListItem","position":1,"name":"In\u00edcio","item":"https:\/\/www.uai.com.br\/uainoticias\/"},{"@type":"ListItem","position":2,"name":"365 ilhas e mais de 2 mil praias: o para\u00edso a 151 km da capital onde cabe uma ilha para cada dia do ano"}]},{"@type":"WebSite","@id":"https:\/\/www.uai.com.br\/uainoticias\/#website","url":"https:\/\/www.uai.com.br\/uainoticias\/","name":"UAI Not\u00edcias","description":"Acompanhe as \u00faltimas not\u00edcias e fique bem informado sobre tudo o que acontece no Brasil e no mundo.","potentialAction":[{"@type":"SearchAction","target":{"@type":"EntryPoint","urlTemplate":"https:\/\/www.uai.com.br\/uainoticias\/?s={search_term_string}"},"query-input":{"@type":"PropertyValueSpecification","valueRequired":true,"valueName":"search_term_string"}}],"inLanguage":"pt-BR"},{"@type":"Person","@id":"https:\/\/www.uai.com.br\/uainoticias\/#\/schema\/person\/03130d752d0ce4e3bb0f607f1bc85084","name":"Vitor Bruno","image":{"@type":"ImageObject","inLanguage":"pt-BR","@id":"https:\/\/www.uai.com.br\/uainoticias\/#\/schema\/person\/image\/","url":"https:\/\/secure.gravatar.com\/avatar\/ab0513148053bbb80c117cdd35f8a0f2742d41eebbac321acf8df2e633d81609?s=96&d=mm&r=g","contentUrl":"https:\/\/secure.gravatar.com\/avatar\/ab0513148053bbb80c117cdd35f8a0f2742d41eebbac321acf8df2e633d81609?s=96&d=mm&r=g","caption":"Vitor Bruno"},"sameAs":["https:\/\/www.uai.com.br\/uainoticias\/"],"url":"https:\/\/www.uai.com.br\/uainoticias\/author\/vitor\/"}]}},"_links":{"self":[{"href":"https:\/\/www.uai.com.br\/uainoticias\/wp-json\/wp\/v2\/posts\/127178","targetHints":{"allow":["GET"]}}],"collection":[{"href":"https:\/\/www.uai.com.br\/uainoticias\/wp-json\/wp\/v2\/posts"}],"about":[{"href":"https:\/\/www.uai.com.br\/uainoticias\/wp-json\/wp\/v2\/types\/post"}],"author":[{"embeddable":true,"href":"https:\/\/www.uai.com.br\/uainoticias\/wp-json\/wp\/v2\/users\/14"}],"replies":[{"embeddable":true,"href":"https:\/\/www.uai.com.br\/uainoticias\/wp-json\/wp\/v2\/comments?post=127178"}],"version-history":[{"count":4,"href":"https:\/\/www.uai.com.br\/uainoticias\/wp-json\/wp\/v2\/posts\/127178\/revisions"}],"predecessor-version":[{"id":127208,"href":"https:\/\/www.uai.com.br\/uainoticias\/wp-json\/wp\/v2\/posts\/127178\/revisions\/127208"}],"wp:featuredmedia":[{"embeddable":true,"href":"https:\/\/www.uai.com.br\/uainoticias\/wp-json\/wp\/v2\/media\/127207"}],"wp:attachment":[{"href":"https:\/\/www.uai.com.br\/uainoticias\/wp-json\/wp\/v2\/media?parent=127178"}],"wp:term":[{"taxonomy":"category","embeddable":true,"href":"https:\/\/www.uai.com.br\/uainoticias\/wp-json\/wp\/v2\/categories?post=127178"},{"taxonomy":"post_tag","embeddable":true,"href":"https:\/\/www.uai.com.br\/uainoticias\/wp-json\/wp\/v2\/tags?post=127178"}],"curies":[{"name":"wp","href":"https:\/\/api.w.org\/{rel}","templated":true}]}}