{"id":127163,"date":"2026-04-25T02:00:00","date_gmt":"2026-04-25T05:00:00","guid":{"rendered":"https:\/\/www.uai.com.br\/uainoticias\/?p=127163"},"modified":"2026-04-25T02:38:39","modified_gmt":"2026-04-25T05:38:39","slug":"essa-cidade-nordestina-esta-em-alta-447-mais-estrangeiros-escolheram-esse-paraiso-de-mar-morno-e-brisa-perfeita","status":"publish","type":"post","link":"https:\/\/www.uai.com.br\/uainoticias\/2026\/04\/25\/essa-cidade-nordestina-esta-em-alta-447-mais-estrangeiros-escolheram-esse-paraiso-de-mar-morno-e-brisa-perfeita\/","title":{"rendered":"Essa cidade nordestina est\u00e1 em alta: 44,7% mais estrangeiros escolheram esse para\u00edso de mar morno e brisa perfeita"},"content":{"rendered":"\n<p>O vento sopra sem parar e o sol queima forte, mas a brisa que vem do <strong>Atl\u00e2ntico<\/strong> equilibra a sensa\u00e7\u00e3o. Em <strong>2025<\/strong>, <strong>Fortaleza<\/strong> atraiu o maior volume de turistas estrangeiros j\u00e1 registrado pelo <strong>Cear\u00e1<\/strong>, segundo dados oficiais da <a href=\"https:\/\/www.setur.ce.gov.br\/2026\/01\/10\/ceara-bate-recorde-da-serie-historica-com-o-maior-numero-de-turistas-internacionais-em-2025\/\" target=\"_blank\" rel=\"noreferrer noopener\"><strong>Secretaria do Turismo do Cear\u00e1 (Setur)<\/strong><\/a>.<\/p>\n\n\n\n<h2 class=\"wp-block-heading\">O que explica o recorde de turistas internacionais na cidade?<\/h2>\n\n\n\n<p>O recorde tem nome e n\u00famero: 115.735 turistas internacionais desembarcaram em voos diretos no <strong>Aeroporto Internacional Pinto Martins<\/strong> ao longo de 2025, conforme o balan\u00e7o oficial da Setur. O resultado supera o pico pr\u00e9-pandemia de 2019, quando o estado havia recebido 112.920 visitantes estrangeiros.<\/p>\n\n\n\n<p>O salto foi puxado pela amplia\u00e7\u00e3o da malha a\u00e9rea internacional. Em 2025, foram anunciadas novas rotas para <strong>Lisboa<\/strong>, <strong>Caiena<\/strong> (Guiana Francesa), <strong>Madri<\/strong> e <strong>Montevid\u00e9u<\/strong>. A <a href=\"https:\/\/www.ceara.gov.br\/2026\/01\/09\/ceara-bate-recorde-historico-em-2025-e-supera-volume-de-turistas-internacionais-do-periodo-pre-pandemia\/\" target=\"_blank\" rel=\"noreferrer noopener\"><strong>Casa Civil do Estado do Cear\u00e1<\/strong><\/a> aponta a <strong>Fran\u00e7a<\/strong> como principal mercado emissor (20.750 turistas, alta de 44,7%) seguida por <strong>Portugal<\/strong> (17.307) e <strong>Argentina<\/strong> (14.204, alta de 59,8%). J\u00e1 em janeiro de 2026, segundo a Setur, o crescimento internacional acumulado segue forte: 13.559 turistas estrangeiros chegaram s\u00f3 no m\u00eas, alta de 36,7% sobre janeiro de 2025.<\/p>\n\n\n<div class=\"wp-block-image\">\n<figure class=\"aligncenter size-large\"><img decoding=\"async\" width=\"1024\" height=\"576\" src=\"https:\/\/www.uai.com.br\/uainoticias\/wp-content\/uploads\/2025\/12\/Fortaleza_1738587247742-1024x576.jpg\" alt=\"Essa cidade nordestina est\u00e1 em alta: 42,6% mais estrangeiros escolheram esse para\u00edso de mar morno e brisa perfeita\" class=\"wp-image-97164\" srcset=\"https:\/\/www.uai.com.br\/uainoticias\/wp-content\/uploads\/2025\/12\/Fortaleza_1738587247742-1024x576.jpg 1024w, https:\/\/www.uai.com.br\/uainoticias\/wp-content\/uploads\/2025\/12\/Fortaleza_1738587247742-300x169.jpg 300w, https:\/\/www.uai.com.br\/uainoticias\/wp-content\/uploads\/2025\/12\/Fortaleza_1738587247742-768x432.jpg 768w, https:\/\/www.uai.com.br\/uainoticias\/wp-content\/uploads\/2025\/12\/Fortaleza_1738587247742-750x422.jpg 750w, https:\/\/www.uai.com.br\/uainoticias\/wp-content\/uploads\/2025\/12\/Fortaleza_1738587247742-1140x641.jpg 1140w, https:\/\/www.uai.com.br\/uainoticias\/wp-content\/uploads\/2025\/12\/Fortaleza_1738587247742.jpg 1280w\" sizes=\"(max-width: 1024px) 100vw, 1024px\" \/><figcaption class=\"wp-element-caption\">Fortaleza, no Cear\u00e1, conquista turistas com praias paradis\u00edacas e hospitalidade marcante  \/\/ Cr\u00e9ditos: depositphotos.com \/ moviafilmes<\/figcaption><\/figure><\/div>\n\n\n<h2 class=\"wp-block-heading\">Da Iracema de Jos\u00e9 de Alencar \u00e0 Loira Desposada do Sol<\/h2>\n\n\n\n<p>A ocupa\u00e7\u00e3o do territ\u00f3rio come\u00e7ou no s\u00e9culo XVII, em torno do <strong>Forte de Nossa Senhora da Assun\u00e7\u00e3o<\/strong>, constru\u00eddo pelos portugueses para defender o litoral de invas\u00f5es holandesas. A fortifica\u00e7\u00e3o batizou a cidade e ainda funciona como sede militar, com \u00e1reas abertas \u00e0 visita\u00e7\u00e3o.<\/p>\n\n\n\n<p>Foi nesse mesmo forte que serviu o capit\u00e3o <strong>Martim Soares Moreno<\/strong>, figura hist\u00f3rica que inspirou <strong>Jos\u00e9 de Alencar<\/strong> a criar a personagem <strong>Iracema<\/strong>, a virgem dos l\u00e1bios de mel da literatura brasileira. O nome batizou uma das praias mais famosas da capital. O poeta <strong>Paula Ney<\/strong> apelidou Fortaleza de <strong>Loira Desposada do Sol<\/strong>, marca que a cidade carrega at\u00e9 hoje. Fortaleza \u00e9 tamb\u00e9m o ponto de partida da <strong>BR-116<\/strong>, mais longa rodovia federal do <strong>Brasil<\/strong>, que termina no <strong>Rio Grande do Sul<\/strong>.<\/p>\n\n\n<div class=\"wp-block-image\">\n<figure class=\"aligncenter size-large\"><img decoding=\"async\" width=\"1024\" height=\"576\" src=\"https:\/\/www.uai.com.br\/uainoticias\/wp-content\/uploads\/2025\/12\/Fortaleza_1738587281940-1024x576.jpg\" alt=\"Essa cidade nordestina est\u00e1 em alta: 42,6% mais estrangeiros escolheram esse para\u00edso de mar morno e brisa perfeita\" class=\"wp-image-97165\" srcset=\"https:\/\/www.uai.com.br\/uainoticias\/wp-content\/uploads\/2025\/12\/Fortaleza_1738587281940-1024x576.jpg 1024w, https:\/\/www.uai.com.br\/uainoticias\/wp-content\/uploads\/2025\/12\/Fortaleza_1738587281940-300x169.jpg 300w, https:\/\/www.uai.com.br\/uainoticias\/wp-content\/uploads\/2025\/12\/Fortaleza_1738587281940-768x432.jpg 768w, https:\/\/www.uai.com.br\/uainoticias\/wp-content\/uploads\/2025\/12\/Fortaleza_1738587281940-750x422.jpg 750w, https:\/\/www.uai.com.br\/uainoticias\/wp-content\/uploads\/2025\/12\/Fortaleza_1738587281940-1140x641.jpg 1140w, https:\/\/www.uai.com.br\/uainoticias\/wp-content\/uploads\/2025\/12\/Fortaleza_1738587281940.jpg 1280w\" sizes=\"(max-width: 1024px) 100vw, 1024px\" \/><figcaption class=\"wp-element-caption\">Fortaleza, Cear\u00e1, \u00e9 o destino nordestino que encanta por suas praias e energia acolhedora \/\/ Cr\u00e9ditos: depositphotos.com \/ gustavofrazao<\/figcaption><\/figure><\/div>\n\n\n<p><strong>Leia tamb\u00e9m: <a href=\"https:\/\/www.uai.com.br\/uainoticias\/2026\/04\/14\/fundada-em-1586-e-esquecida-por-quatro-seculos-essa-vila-preserva-praias-de-aguas-mornas-e-cristalinas-como-o-caribe\/\" target=\"_blank\" rel=\"noreferrer noopener\">Fundada em 1586 e esquecida por quatro s\u00e9culos: essa vila preserva praias de \u00e1guas mornas e cristalinas como o Caribe<\/a><\/strong><\/p>\n\n\n\n<h2 class=\"wp-block-heading\">5 atra\u00e7\u00f5es que fazem o roteiro essencial da capital<\/h2>\n\n\n\n<p>A capital cearense re\u00fane, em dist\u00e2ncias curtas, orla, equipamentos culturais e mercados centen\u00e1rios. V\u00e1rias atra\u00e7\u00f5es ficam a menos de 15 minutos uma da outra.<\/p>\n\n\n\n<ul class=\"wp-block-list\">\n<li><strong>Praia do Futuro<\/strong>: 8 km de areia larga e barracas que funcionam como complexos de lazer com piscina, m\u00fasica ao vivo e frutos do mar. As caranguejadas de quinta-feira viraram tradi\u00e7\u00e3o local.<\/li>\n\n\n\n<li><strong>Theatro Jos\u00e9 de Alencar<\/strong>: inaugurado em <strong>1910<\/strong>, com estrutura de ferro fundido importada de <strong>Glasgow<\/strong>, na <strong>Esc\u00f3cia<\/strong>, e jardim assinado por <strong>Burle Marx<\/strong>. Tombado pelo <a href=\"http:\/\/portal.iphan.gov.br\/pagina\/detalhes\/1581\" target=\"_blank\" rel=\"noreferrer noopener\"><strong>Instituto do Patrim\u00f4nio Hist\u00f3rico e Art\u00edstico Nacional (IPHAN)<\/strong><\/a> em 1964.<\/li>\n\n\n\n<li><strong>Centro Drag\u00e3o do Mar de Arte e Cultura<\/strong>: aberto em 1999, re\u00fane museu, planet\u00e1rio, cinema, teatro e galerias em um s\u00f3 complexo, segundo a <a href=\"https:\/\/turismo.fortaleza.ce.gov.br\/programas\/pontos-turisticos\" target=\"_blank\" rel=\"noreferrer noopener\"><strong>Secretaria de Turismo de Fortaleza<\/strong><\/a>.<\/li>\n\n\n\n<li><strong>Mercado Central<\/strong>: cinco andares com mais de 600 boxes onde se encontra renda de bilro, pe\u00e7as em couro, cacha\u00e7as regionais e castanha de caju.<\/li>\n\n\n\n<li><strong>Complexo Cultural Esta\u00e7\u00e3o das Artes<\/strong>: instalado na antiga esta\u00e7\u00e3o ferrovi\u00e1ria, abriga a <strong>Pinacoteca do Cear\u00e1<\/strong>, o <strong>Museu Ferrovi\u00e1rio<\/strong> e o <strong>Mercado AlimentaCE<\/strong>, com entrada gratuita.<\/li>\n<\/ul>\n\n\n\n<p>Quem planeja viajar para <strong>Fortaleza<\/strong>, vai curtir esse v\u00eddeo especialmente selecionado do canal <strong>Fabi Cassol | Minha Praia Viajar<\/strong>, que conta com mais de <strong>116 mil<\/strong> visualiza\u00e7\u00f5es, onde <strong>Fabi<\/strong> mostra um roteiro completo pelo <strong>Cear\u00e1<\/strong>, incluindo as melhores praias, o <strong>Beach Park<\/strong> e dicas de economia:<\/p>\n\n\n\n<figure class=\"wp-block-embed is-type-video is-provider-youtube wp-block-embed-youtube wp-embed-aspect-16-9 wp-has-aspect-ratio\"><div class=\"wp-block-embed__wrapper\">\n<div class=\"jeg_video_container jeg_video_content\"><iframe loading=\"lazy\" title=\"FORTALEZA CEAR\u00c1 2025: ROTEIRO COMPLETO COM PRE\u00c7OS | O QUE FAZER | MELHORES PRAIAS | COMO ECONOMIZAR\" width=\"500\" height=\"281\" src=\"https:\/\/www.youtube.com\/embed\/mAlPPWT6iQs?feature=oembed\" frameborder=\"0\" allow=\"accelerometer; autoplay; clipboard-write; encrypted-media; gyroscope; picture-in-picture; web-share\" referrerpolicy=\"strict-origin-when-cross-origin\" allowfullscreen><\/iframe><\/div>\n<\/div><\/figure>\n\n\n\n<h2 class=\"wp-block-heading\">Quando o clima favorece cada tipo de passeio?<\/h2>\n\n\n\n<p>A temperatura em Fortaleza permanece est\u00e1vel o ano inteiro, com m\u00e9dia pr\u00f3xima a 27\u00b0C e mar entre 26\u00b0C e 29\u00b0C. O que muda entre as esta\u00e7\u00f5es \u00e9 o volume de chuva, e n\u00e3o o calor.<\/p>\n\n\n\n<style>\n    .clima-grid-uai81 { \n        --cor-primaria: #0278c0; --cor-secundaria: #ffd31a; --cor-txt-secundaria: #0278c0;\n        display: grid; grid-template-columns: repeat(auto-fit, minmax(190px, 1fr)); gap: 15px; justify-content: center; padding: 10px;\n    }\n    .clima-card-uai81 { border: 5px solid var(--cor-primaria); border-top: 5px solid var(--cor-secundaria); border-radius: 12px; background-color: var(--cor-primaria); background-clip: padding-box; display: flex; flex-direction: column; overflow: hidden; cursor: pointer; box-shadow: 0 6px 12px rgba(0,0,0, 0.2); transition: transform 0.2s ease, box-shadow 0.2s ease; -webkit-tap-highlight-color: transparent; user-select: none; transform: translateZ(0); animation: wmFadeIn 0.6s cubic-bezier(0.2, 0.8, 0.2, 1) backwards; }\n    .clima-card-uai81:focus-visible { outline: 3px dashed var(--cor-secundaria); outline-offset: 4px; }\n    .clima-card-uai81:nth-child(1) { animation-delay: 0.1s; } .clima-card-uai81:nth-child(2) { animation-delay: 0.2s; } .clima-card-uai81:nth-child(3) { animation-delay: 0.3s; } .clima-card-uai81:nth-child(4) { animation-delay: 0.4s; }\n    @keyframes wmFadeIn { from { opacity: 0; transform: translateY(30px); } to { opacity: 1; transform: translateY(0); } }\n    .clima-card-uai81:hover { transform: translateY(-5px); box-shadow: 0 15px 30px rgba(0,0,0, 0.3); }\n    .clima-card-uai81:active { transform: translateY(-1px) scale(0.97); box-shadow: 0 3px 6px rgba(0,0,0, 0.2); transition: transform 0.05s ease, box-shadow 0.05s ease; }\n    .clima-header-uai81 { background: #fdfbf5; padding: 15px 10px; text-align: center; display: flex; flex-direction: column; align-items: center; justify-content: center; }\n    .clima-body-uai81 { background: #ffffff; padding: 15px; display: flex; flex-direction: column; flex-grow: 1; align-items: center; }\n    .clima-destaque-uai81 { box-shadow: 0 8px 16px rgba(0,0,0, 0.25); }\n    .clima-destaque-uai81:hover { box-shadow: 0 18px 36px rgba(0,0,0, 0.35); }\n    .clima-destaque-uai81 .clima-header-uai81 { background: var(--cor-secundaria); }\n    .clima-destaque-uai81 .clima-header-uai81 .clima-titulo-uai81 { color: var(--cor-txt-secundaria) !important; } \n    .clima-pill-uai81 { display: flex; white-space: normal; max-width: 100%; box-sizing: border-box; justify-content: center; align-items: center; text-align: center; background: #e6f2fa; color: var(--cor-primaria); font-size: 11px; font-weight: 900 !important; letter-spacing: 0.5px; padding: 8px 16px; border-radius: 16px; text-transform: uppercase; line-height: 1.4; box-shadow: 0 4px 8px rgba(0,0,0, 0.15); margin-top: auto; transition: transform 0.2s ease; }\n    .clima-destaque-uai81 .clima-pill-uai81 { background: var(--cor-primaria); color: #ffffff; border: 1px solid #ffffff; } \n    .clima-card-uai81:hover .clima-pill-uai81 { transform: scale(1.06); }\n    .clima-pill-uai81 span { font-weight: 900 !important; color: inherit; } \n    .clima-emoji-uai81 { font-size: 24px; line-height: 1; margin-bottom: 5px; }\n    .clima-titulo-uai81 { color: var(--cor-primaria); font-size: 16px; text-transform: uppercase; margin-top: 5px; font-weight: bold; }\n    .clima-mes-uai81 { font-size: 11px; font-weight: 800; color: var(--cor-primaria); text-transform: uppercase; margin-bottom: 5px; display: block; }\n    .clima-temp-uai81 { font-size: 26px; font-weight: 900; color: var(--cor-primaria); margin-bottom: 10px; }\n    .clima-desc-uai81 { font-size: 13px; color: #444; text-align: center; line-height: 1.5; margin-bottom: 15px; flex-grow: 1;}\n    .clima-desc-uai81 strong { color: #111; }\n    @media (prefers-color-scheme: dark) {\n        .clima-card-uai81 { border-color: #014f7d; background-color: #014f7d; box-shadow: 0 6px 12px rgba(0,0,0, 0.5); }\n        .clima-header-uai81 { background: #1a1a1a; } .clima-body-uai81 { background: #121212; }\n        .clima-destaque-uai81 .clima-header-uai81 { background: var(--cor-secundaria); }\n        .clima-destaque-uai81 .clima-header-uai81 .clima-titulo-uai81 { color: var(--cor-txt-secundaria) !important; }\n        .clima-titulo-uai81 { color: #63b2e8; } .clima-mes-uai81 { color: #63b2e8; } .clima-temp-uai81 { color: #63b2e8; } .clima-desc-uai81 { color: #cccccc; } .clima-desc-uai81 strong { color: #ffffff; }\n        .clima-pill-uai81 { background: #014f7d; color: #ffffff; box-shadow: 0 4px 8px rgba(0, 0, 0, 0.5); }\n        .clima-destaque-uai81 .clima-pill-uai81 { background: #013859; color: #ffffff; border-color: #63b2e8; }\n    }\n<\/style>\n<div class=\"google-auto-ads-ignore clima-grid-uai81\" style=\"box-sizing: border-box; width: 100%; max-width: 980px; margin: 30px auto; font-family: 'Segoe UI', Roboto, Helvetica, Arial, sans-serif;\">\n    <div class=\"clima-card-uai81\" tabindex=\"0\">\n        <div class=\"clima-header-uai81\"><div class=\"clima-emoji-uai81\" aria-hidden=\"true\">\ud83c\udfd6\ufe0f<\/div><div class=\"clima-titulo-uai81\">Ver\u00e3o<\/div><\/div>\n        <div class=\"clima-body-uai81\">\n            <time class=\"clima-mes-uai81\">Dezembro a fevereiro<\/time><div class=\"clima-temp-uai81\">25\u00b0C a 30\u00b0C<\/div>\n            <div class=\"clima-desc-uai81\">O calor prevalece e as chuvas s\u00e3o moderadas. Uma excelente \u00e9poca para aproveitar as belas <strong>praias cearenses e a famosa festa de R\u00e9veillon<\/strong>.<\/div>\n            <div class=\"clima-pill-uai81\"><span>\u2601\ufe0f Chuva M\u00e9dia<\/span><\/div>\n        <\/div>\n    <\/div>\n    <div class=\"clima-card-uai81\" tabindex=\"0\">\n        <div class=\"clima-header-uai81\"><div class=\"clima-emoji-uai81\" aria-hidden=\"true\">\ud83c\udfdb\ufe0f<\/div><div class=\"clima-titulo-uai81\">Outono<\/div><\/div>\n        <div class=\"clima-body-uai81\">\n            <time class=\"clima-mes-uai81\">Mar\u00e7o a maio<\/time><div class=\"clima-temp-uai81\">25\u00b0C a 29\u00b0C<\/div>\n            <div class=\"clima-desc-uai81\">A temperatura se mant\u00e9m est\u00e1vel, mas as chuvas atingem seu pico. O roteiro pede passeios em locais abrigados, como os <strong>museus e a farta gastronomia<\/strong>.<\/div>\n            <div class=\"clima-pill-uai81\"><span>\u2614 Chuva Alta<\/span><\/div>\n        <\/div>\n    <\/div>\n    <div class=\"clima-card-uai81 clima-destaque-uai81\" tabindex=\"0\">\n        <div class=\"clima-header-uai81\"><div class=\"clima-emoji-uai81\" aria-hidden=\"true\">\ud83e\ude81<\/div><div class=\"clima-titulo-uai81\">Inverno<\/div><\/div>\n        <div class=\"clima-body-uai81\">\n            <time class=\"clima-mes-uai81\">Junho a agosto<\/time><div class=\"clima-temp-uai81\">24\u00b0C a 30\u00b0C<\/div>\n            <div class=\"clima-desc-uai81\">A melhor janela! A chuva d\u00e1 uma tr\u00e9gua e os ventos chegam com tudo, marcando a \u00e9poca badalada de <strong>kitesurf e da megafesta do Fortal<\/strong>.<\/div>\n            <div class=\"clima-pill-uai81\"><span>\u2b50 Alta Temporada \/ Fortal<\/span><\/div>\n        <\/div>\n    <\/div>\n    <div class=\"clima-card-uai81\" tabindex=\"0\">\n        <div class=\"clima-header-uai81\"><div class=\"clima-emoji-uai81\" aria-hidden=\"true\">\ud83c\udfdc\ufe0f<\/div><div class=\"clima-titulo-uai81\">Primavera<\/div><\/div>\n        <div class=\"clima-body-uai81\">\n            <time class=\"clima-mes-uai81\">Setembro a novembro<\/time><div class=\"clima-temp-uai81\">25\u00b0C a 30\u00b0C<\/div>\n            <div class=\"clima-desc-uai81\">O \u00edndice de chuva atinge seus n\u00edveis mais baixos e o sol brilha intenso. Um cen\u00e1rio sensacional para a pr\u00e1tica de <strong>windsurf e passeios nas dunas<\/strong>.<\/div>\n            <div class=\"clima-pill-uai81\"><span>\u2600\ufe0f Chuva Muito Baixa<\/span><\/div>\n        <\/div>\n    <\/div>\n<\/div>\n\n\n\n<p><em>Temperaturas aproximadas com base no <a href=\"https:\/\/www.climatempo.com.br\/climatologia\/60\/fortaleza-ce\" target=\"_blank\" rel=\"noreferrer noopener\"><strong>Climatempo<\/strong><\/a>. Condi\u00e7\u00f5es podem variar.<\/em><\/p>\n\n\n\n<h2 class=\"wp-block-heading\">Como chegar \u00e0 capital cearense?<\/h2>\n\n\n\n<p>O <strong>Aeroporto Internacional Pinto Martins<\/strong>, hub do <strong>Nordeste<\/strong>, recebe voos diretos de <strong>Lisboa<\/strong>, <strong>Madri<\/strong>, <strong>Buenos Aires<\/strong>, <strong>Miami<\/strong>, <strong>Orlando<\/strong>, <strong>Caiena<\/strong>, <strong>Montevid\u00e9u<\/strong> e <strong>Santiago<\/strong>, segundo a <a href=\"https:\/\/www.setur.ce.gov.br\/2026\/02\/26\/turismo-internacional-cresce-367-e-leva-mais-de-135-mil-estrangeiros-ao-ceara-em-janeiro\/\" target=\"_blank\" rel=\"noreferrer noopener\"><strong>Setur<\/strong><\/a>. O terminal fica a cerca de 6 km do centro da cidade.<\/p>\n\n\n\n<p>Por terra, Fortaleza \u00e9 o quil\u00f4metro zero da BR-116, que liga o <strong>Cear\u00e1<\/strong> a <strong>Jaguar\u00e3o<\/strong>, no extremo sul ga\u00facho, em mais de 4 mil km. A cidade tamb\u00e9m recebe \u00f4nibus rodovi\u00e1rios de praticamente todas as capitais nordestinas e do <strong>Sudeste<\/strong>.<\/p>\n\n\n\n<h2 class=\"wp-block-heading\">Reserve uma quinta para a caranguejada da Praia do Futuro<\/h2>\n\n\n\n<p>Fortaleza n\u00e3o depende de uma esta\u00e7\u00e3o para funcionar. O sol brilha, o mar fica morno o ano todo e a mesa farta de bai\u00e3o de dois, peixada e caranguejo est\u00e1 dispon\u00edvel em qualquer m\u00eas do calend\u00e1rio.<\/p>\n\n\n\n<p>Voc\u00ea precisa colocar Fortaleza no topo da lista, reservar uma quinta-feira para a caranguejada da Praia do Futuro e entender por que a Loira Desposada do Sol vem batendo recorde atr\u00e1s de recorde no turismo internacional.<\/p>\n","protected":false},"excerpt":{"rendered":"<p>O vento sopra sem parar e o sol queima forte, mas a brisa que vem do Atl\u00e2ntico equilibra a sensa\u00e7\u00e3o. Em 2025, Fortaleza atraiu o maior volume de turistas estrangeiros j\u00e1 registrado pelo Cear\u00e1, segundo dados oficiais da Secretaria do Turismo do Cear\u00e1 (Setur). O que explica o recorde de turistas internacionais na cidade? O [&hellip;]<\/p>\n","protected":false},"author":14,"featured_media":118059,"comment_status":"open","ping_status":"open","sticky":false,"template":"","format":"standard","meta":{"jnews-multi-image_gallery":[],"jnews_single_post":{"format":"standard"},"jnews_primary_category":[],"jnews_social_meta":[],"jnews_override_counter":[],"footnotes":""},"categories":[210],"tags":[410,234,749],"class_list":["post-127163","post","type-post","status-publish","format-standard","has-post-thumbnail","hentry","category-cidades","tag-ceara","tag-cidades","tag-fortaleza"],"yoast_head":"<!-- This site is optimized with the Yoast SEO plugin v26.5 - https:\/\/yoast.com\/wordpress\/plugins\/seo\/ -->\n<title>Essa cidade nordestina est\u00e1 em alta: 44,7% mais estrangeiros escolheram esse para\u00edso de mar morno e brisa perfeita - UAI Not\u00edcias<\/title>\n<meta name=\"description\" content=\"Um total de 44,7% mais estrangeiros visitaram este destino no Nordeste. O mar sempre morno e a brisa perfeita explicam o sucesso.\" \/>\n<meta name=\"robots\" content=\"index, follow, max-snippet:-1, max-image-preview:large, max-video-preview:-1\" \/>\n<link rel=\"canonical\" href=\"https:\/\/www.uai.com.br\/uainoticias\/2026\/04\/25\/essa-cidade-nordestina-esta-em-alta-447-mais-estrangeiros-escolheram-esse-paraiso-de-mar-morno-e-brisa-perfeita\/\" \/>\n<meta property=\"og:locale\" content=\"pt_BR\" \/>\n<meta property=\"og:type\" content=\"article\" \/>\n<meta property=\"og:title\" content=\"Essa cidade nordestina est\u00e1 em alta: 44,7% mais estrangeiros escolheram esse para\u00edso de mar morno e brisa perfeita - UAI Not\u00edcias\" \/>\n<meta property=\"og:description\" content=\"Um total de 44,7% mais estrangeiros visitaram este destino no Nordeste. O mar sempre morno e a brisa perfeita explicam o sucesso.\" \/>\n<meta property=\"og:url\" content=\"https:\/\/www.uai.com.br\/uainoticias\/2026\/04\/25\/essa-cidade-nordestina-esta-em-alta-447-mais-estrangeiros-escolheram-esse-paraiso-de-mar-morno-e-brisa-perfeita\/\" \/>\n<meta property=\"og:site_name\" content=\"UAI Not\u00edcias\" \/>\n<meta property=\"article:published_time\" content=\"2026-04-25T05:00:00+00:00\" \/>\n<meta property=\"article:modified_time\" content=\"2026-04-25T05:38:39+00:00\" \/>\n<meta property=\"og:image\" content=\"https:\/\/www.uai.com.br\/uainoticias\/wp-content\/uploads\/2026\/03\/ngz-Woman_walking_on_202603230405-47883.webp\" \/>\n\t<meta property=\"og:image:width\" content=\"1280\" \/>\n\t<meta property=\"og:image:height\" content=\"720\" \/>\n\t<meta property=\"og:image:type\" content=\"image\/webp\" \/>\n<meta name=\"author\" content=\"Vitor Bruno\" \/>\n<meta name=\"twitter:card\" content=\"summary_large_image\" \/>\n<meta name=\"twitter:label1\" content=\"Escrito por\" \/>\n\t<meta name=\"twitter:data1\" content=\"Vitor Bruno\" \/>\n\t<meta name=\"twitter:label2\" content=\"Est. tempo de leitura\" \/>\n\t<meta name=\"twitter:data2\" content=\"6 minutos\" \/>\n<!-- \/ Yoast SEO plugin. -->","yoast_head_json":{"title":"Essa cidade nordestina est\u00e1 em alta: 44,7% mais estrangeiros escolheram esse para\u00edso de mar morno e brisa perfeita - UAI Not\u00edcias","description":"Um total de 44,7% mais estrangeiros visitaram este destino no Nordeste. O mar sempre morno e a brisa perfeita explicam o sucesso.","robots":{"index":"index","follow":"follow","max-snippet":"max-snippet:-1","max-image-preview":"max-image-preview:large","max-video-preview":"max-video-preview:-1"},"canonical":"https:\/\/www.uai.com.br\/uainoticias\/2026\/04\/25\/essa-cidade-nordestina-esta-em-alta-447-mais-estrangeiros-escolheram-esse-paraiso-de-mar-morno-e-brisa-perfeita\/","og_locale":"pt_BR","og_type":"article","og_title":"Essa cidade nordestina est\u00e1 em alta: 44,7% mais estrangeiros escolheram esse para\u00edso de mar morno e brisa perfeita - UAI Not\u00edcias","og_description":"Um total de 44,7% mais estrangeiros visitaram este destino no Nordeste. O mar sempre morno e a brisa perfeita explicam o sucesso.","og_url":"https:\/\/www.uai.com.br\/uainoticias\/2026\/04\/25\/essa-cidade-nordestina-esta-em-alta-447-mais-estrangeiros-escolheram-esse-paraiso-de-mar-morno-e-brisa-perfeita\/","og_site_name":"UAI Not\u00edcias","article_published_time":"2026-04-25T05:00:00+00:00","article_modified_time":"2026-04-25T05:38:39+00:00","og_image":[{"width":1280,"height":720,"url":"https:\/\/www.uai.com.br\/uainoticias\/wp-content\/uploads\/2026\/03\/ngz-Woman_walking_on_202603230405-47883.webp","type":"image\/webp"}],"author":"Vitor Bruno","twitter_card":"summary_large_image","twitter_misc":{"Escrito por":"Vitor Bruno","Est. tempo de leitura":"6 minutos"},"schema":{"@context":"https:\/\/schema.org","@graph":[{"@type":"WebPage","@id":"https:\/\/www.uai.com.br\/uainoticias\/2026\/04\/25\/essa-cidade-nordestina-esta-em-alta-447-mais-estrangeiros-escolheram-esse-paraiso-de-mar-morno-e-brisa-perfeita\/","url":"https:\/\/www.uai.com.br\/uainoticias\/2026\/04\/25\/essa-cidade-nordestina-esta-em-alta-447-mais-estrangeiros-escolheram-esse-paraiso-de-mar-morno-e-brisa-perfeita\/","name":"Essa cidade nordestina est\u00e1 em alta: 44,7% mais estrangeiros escolheram esse para\u00edso de mar morno e brisa perfeita - UAI Not\u00edcias","isPartOf":{"@id":"https:\/\/www.uai.com.br\/uainoticias\/#website"},"primaryImageOfPage":{"@id":"https:\/\/www.uai.com.br\/uainoticias\/2026\/04\/25\/essa-cidade-nordestina-esta-em-alta-447-mais-estrangeiros-escolheram-esse-paraiso-de-mar-morno-e-brisa-perfeita\/#primaryimage"},"image":{"@id":"https:\/\/www.uai.com.br\/uainoticias\/2026\/04\/25\/essa-cidade-nordestina-esta-em-alta-447-mais-estrangeiros-escolheram-esse-paraiso-de-mar-morno-e-brisa-perfeita\/#primaryimage"},"thumbnailUrl":"https:\/\/www.uai.com.br\/uainoticias\/wp-content\/uploads\/2026\/03\/ngz-Woman_walking_on_202603230405-47883.webp","datePublished":"2026-04-25T05:00:00+00:00","dateModified":"2026-04-25T05:38:39+00:00","author":{"@id":"https:\/\/www.uai.com.br\/uainoticias\/#\/schema\/person\/03130d752d0ce4e3bb0f607f1bc85084"},"description":"Um total de 44,7% mais estrangeiros visitaram este destino no Nordeste. O mar sempre morno e a brisa perfeita explicam o sucesso.","breadcrumb":{"@id":"https:\/\/www.uai.com.br\/uainoticias\/2026\/04\/25\/essa-cidade-nordestina-esta-em-alta-447-mais-estrangeiros-escolheram-esse-paraiso-de-mar-morno-e-brisa-perfeita\/#breadcrumb"},"inLanguage":"pt-BR","potentialAction":[{"@type":"ReadAction","target":["https:\/\/www.uai.com.br\/uainoticias\/2026\/04\/25\/essa-cidade-nordestina-esta-em-alta-447-mais-estrangeiros-escolheram-esse-paraiso-de-mar-morno-e-brisa-perfeita\/"]}]},{"@type":"ImageObject","inLanguage":"pt-BR","@id":"https:\/\/www.uai.com.br\/uainoticias\/2026\/04\/25\/essa-cidade-nordestina-esta-em-alta-447-mais-estrangeiros-escolheram-esse-paraiso-de-mar-morno-e-brisa-perfeita\/#primaryimage","url":"https:\/\/www.uai.com.br\/uainoticias\/wp-content\/uploads\/2026\/03\/ngz-Woman_walking_on_202603230405-47883.webp","contentUrl":"https:\/\/www.uai.com.br\/uainoticias\/wp-content\/uploads\/2026\/03\/ngz-Woman_walking_on_202603230405-47883.webp","width":1280,"height":720,"caption":"Fortaleza \u00e9 a porta de entrada para o litoral do Cear\u00e1 (imagem ilustrativa)"},{"@type":"BreadcrumbList","@id":"https:\/\/www.uai.com.br\/uainoticias\/2026\/04\/25\/essa-cidade-nordestina-esta-em-alta-447-mais-estrangeiros-escolheram-esse-paraiso-de-mar-morno-e-brisa-perfeita\/#breadcrumb","itemListElement":[{"@type":"ListItem","position":1,"name":"In\u00edcio","item":"https:\/\/www.uai.com.br\/uainoticias\/"},{"@type":"ListItem","position":2,"name":"Essa cidade nordestina est\u00e1 em alta: 44,7% mais estrangeiros escolheram esse para\u00edso de mar morno e brisa perfeita"}]},{"@type":"WebSite","@id":"https:\/\/www.uai.com.br\/uainoticias\/#website","url":"https:\/\/www.uai.com.br\/uainoticias\/","name":"UAI Not\u00edcias","description":"Acompanhe as \u00faltimas not\u00edcias e fique bem informado sobre tudo o que acontece no Brasil e no mundo.","potentialAction":[{"@type":"SearchAction","target":{"@type":"EntryPoint","urlTemplate":"https:\/\/www.uai.com.br\/uainoticias\/?s={search_term_string}"},"query-input":{"@type":"PropertyValueSpecification","valueRequired":true,"valueName":"search_term_string"}}],"inLanguage":"pt-BR"},{"@type":"Person","@id":"https:\/\/www.uai.com.br\/uainoticias\/#\/schema\/person\/03130d752d0ce4e3bb0f607f1bc85084","name":"Vitor Bruno","image":{"@type":"ImageObject","inLanguage":"pt-BR","@id":"https:\/\/www.uai.com.br\/uainoticias\/#\/schema\/person\/image\/","url":"https:\/\/secure.gravatar.com\/avatar\/ab0513148053bbb80c117cdd35f8a0f2742d41eebbac321acf8df2e633d81609?s=96&d=mm&r=g","contentUrl":"https:\/\/secure.gravatar.com\/avatar\/ab0513148053bbb80c117cdd35f8a0f2742d41eebbac321acf8df2e633d81609?s=96&d=mm&r=g","caption":"Vitor Bruno"},"sameAs":["https:\/\/www.uai.com.br\/uainoticias\/"],"url":"https:\/\/www.uai.com.br\/uainoticias\/author\/vitor\/"}]}},"_links":{"self":[{"href":"https:\/\/www.uai.com.br\/uainoticias\/wp-json\/wp\/v2\/posts\/127163","targetHints":{"allow":["GET"]}}],"collection":[{"href":"https:\/\/www.uai.com.br\/uainoticias\/wp-json\/wp\/v2\/posts"}],"about":[{"href":"https:\/\/www.uai.com.br\/uainoticias\/wp-json\/wp\/v2\/types\/post"}],"author":[{"embeddable":true,"href":"https:\/\/www.uai.com.br\/uainoticias\/wp-json\/wp\/v2\/users\/14"}],"replies":[{"embeddable":true,"href":"https:\/\/www.uai.com.br\/uainoticias\/wp-json\/wp\/v2\/comments?post=127163"}],"version-history":[{"count":1,"href":"https:\/\/www.uai.com.br\/uainoticias\/wp-json\/wp\/v2\/posts\/127163\/revisions"}],"predecessor-version":[{"id":127164,"href":"https:\/\/www.uai.com.br\/uainoticias\/wp-json\/wp\/v2\/posts\/127163\/revisions\/127164"}],"wp:featuredmedia":[{"embeddable":true,"href":"https:\/\/www.uai.com.br\/uainoticias\/wp-json\/wp\/v2\/media\/118059"}],"wp:attachment":[{"href":"https:\/\/www.uai.com.br\/uainoticias\/wp-json\/wp\/v2\/media?parent=127163"}],"wp:term":[{"taxonomy":"category","embeddable":true,"href":"https:\/\/www.uai.com.br\/uainoticias\/wp-json\/wp\/v2\/categories?post=127163"},{"taxonomy":"post_tag","embeddable":true,"href":"https:\/\/www.uai.com.br\/uainoticias\/wp-json\/wp\/v2\/tags?post=127163"}],"curies":[{"name":"wp","href":"https:\/\/api.w.org\/{rel}","templated":true}]}}