{"id":127159,"date":"2026-04-27T21:45:00","date_gmt":"2026-04-28T00:45:00","guid":{"rendered":"https:\/\/www.uai.com.br\/uainoticias\/?p=127159"},"modified":"2026-04-25T02:09:02","modified_gmt":"2026-04-25T05:09:02","slug":"por-que-certas-lembrancas-voltam-com-forca-inesperada-a-explicacao-psicologica","status":"publish","type":"post","link":"https:\/\/www.uai.com.br\/uainoticias\/2026\/04\/27\/por-que-certas-lembrancas-voltam-com-forca-inesperada-a-explicacao-psicologica\/","title":{"rendered":"Por que certas lembran\u00e7as voltam com for\u00e7a inesperada? A explica\u00e7\u00e3o psicol\u00f3gica"},"content":{"rendered":"\n<link href=\"https:\/\/fonts.googleapis.com\/css2?family=Inter:wght@400;600;700;800&#038;display=swap\" rel=\"stylesheet\">\r\n<style>\r\n\/* Prote\u00e7\u00e3o contra inje\u00e7\u00e3o do \"Veja Tamb\u00e9m\" (JNews inline related posts) *\/\r\n.rdp-curiosidades-wrapper .jnews_inline_related_post_wrapper,\r\n.rdp-curiosidades-wrapper .jnews_inline_related_post,\r\n.rdp-curiosidades-wrapper .jeg_postblock,\r\n.rdp-curiosidades-wrapper [class*=\"jnews_inline\"],\r\n.rdp-curiosidades-wrapper [class*=\"jeg_postblock\"],\r\n.rdp-curiosidades-wrapper [class*=\"jeg_block\"] {\r\n  display: none !important;\r\n  height: 0 !important;\r\n  max-height: 0 !important;\r\n  overflow: hidden !important;\r\n  visibility: hidden !important;\r\n  margin: 0 !important;\r\n  padding: 0 !important;\r\n  border: none !important;\r\n  font-size: 0 !important;\r\n  line-height: 0 !important;\r\n}\r\n.rdp-curiosidades-wrapper {\r\n  max-width: 620px;\r\n  margin: 28px auto;\r\n  background: #FFFFFF;\r\n  border: 1px solid #E0E0E0;\r\n  border-top: 3px solid #2FC3EE;\r\n  border-radius: 12px;\r\n  padding: 28px 32px;\r\n  font-family: 'Inter', sans-serif;\r\n  box-shadow: 0 4px 20px rgba(47,195,238,0.18);\r\n  overflow: hidden;\r\n  contain: layout style;\r\n  isolation: isolate;\r\n  position: relative;\r\n  z-index: 1;\r\n}\r\n.rdp-curiosidades-wrapper > *:not(.rdp-curiosidades-header):not(.rdp-curiosidades-list) {\r\n  display: none !important;\r\n  height: 0 !important;\r\n  overflow: hidden !important;\r\n  margin: 0 !important;\r\n  padding: 0 !important;\r\n  border: none !important;\r\n}\r\n.rdp-curiosidades-header {\r\n  display: flex;\r\n  align-items: center;\r\n  justify-content: center;\r\n  gap: 16px;\r\n  margin-bottom: 24px;\r\n}\r\n.rdp-curiosidades-line {\r\n  flex: 1;\r\n  height: 1px;\r\n  background: #E0E0E0;\r\n}\r\n.rdp-curiosidades-title {\r\n  font-family: 'Inter', sans-serif;\r\n  font-size: 12px;\r\n  font-weight: 800;\r\n  text-transform: uppercase;\r\n  letter-spacing: 4px;\r\n  color: #1A1A1A;\r\n  white-space: nowrap;\r\n}\r\n.rdp-curiosidades-list {\r\n  list-style: none;\r\n  padding: 0;\r\n  margin: 0;\r\n  text-align: center;\r\n}\r\n.rdp-curiosidades-item {\r\n  padding: 0 0 18px 0;\r\n  line-height: 1.7;\r\n}\r\n.rdp-curiosidades-item:last-child {\r\n  padding-bottom: 0;\r\n}\r\n.rdp-curiosidades-item-bullet {\r\n  display: inline-block;\r\n  width: 8px;\r\n  height: 8px;\r\n  background: #2FC3EE;\r\n  border-radius: 50%;\r\n  box-shadow: 0 0 6px rgba(47,195,238,0.40);\r\n  margin-right: 10px;\r\n  vertical-align: middle;\r\n}\r\n.rdp-curiosidades-item-title {\r\n  font-size: 15px;\r\n  font-weight: 700;\r\n  color: #1A1A1A;\r\n}\r\n.rdp-curiosidades-item-desc {\r\n  font-size: 15px;\r\n  color: #333333;\r\n  line-height: 1.7;\r\n}\r\n@media (max-width: 768px) {\r\n  .rdp-curiosidades-wrapper {\r\n    max-width: 100%;\r\n    margin: 20px 12px;\r\n    padding: 22px 20px;\r\n  }\r\n}\r\n<\/style>\r\n<div class=\"rdp-curiosidades-wrapper\">\r\n  <div class=\"rdp-curiosidades-header\">\r\n    <span class=\"rdp-curiosidades-line\"><\/span>\r\n    <span class=\"rdp-curiosidades-title\">Curiosidades da Psicologia<\/span>\r\n    <span class=\"rdp-curiosidades-line\"><\/span>\r\n  <\/div>\r\n  <ul class=\"rdp-curiosidades-list\">\r\n    <li class=\"rdp-curiosidades-item\">\r\n      <span class=\"rdp-curiosidades-item-bullet\"><\/span><span class=\"rdp-curiosidades-item-title\">Mem\u00f3rias n\u00e3o avisam:<\/span> <span class=\"rdp-curiosidades-item-desc\">Algumas lembran\u00e7as surgem do nada porque ficam armazenadas junto com emo\u00e7\u00f5es intensas.<\/span>\r\n    <\/li>\r\n    <li class=\"rdp-curiosidades-item\">\r\n      <span class=\"rdp-curiosidades-item-bullet\"><\/span><span class=\"rdp-curiosidades-item-title\">Gatilhos do dia a dia:<\/span> <span class=\"rdp-curiosidades-item-desc\">Um cheiro, uma m\u00fasica ou at\u00e9 uma conversa simples pode trazer tudo de volta em segundos.<\/span>\r\n    <\/li>\r\n    <li class=\"rdp-curiosidades-item\">\r\n      <span class=\"rdp-curiosidades-item-bullet\"><\/span><span class=\"rdp-curiosidades-item-title\">Emo\u00e7\u00e3o intensifica mem\u00f3ria:<\/span> <span class=\"rdp-curiosidades-item-desc\">A psicologia mostra que quanto mais sentimos algo, mais forte aquela lembran\u00e7a fica na mente.<\/span>\r\n    <\/li>\r\n  <\/ul>\r\n<\/div>\r\n<div style=\"clear:both;height:0;overflow:hidden;\"><\/div>\n\n\n\n<p>Sabe quando uma lembran\u00e7a aparece do nada e parece que voc\u00ea voltou no tempo, sentindo tudo de novo? Esse tipo de experi\u00eancia \u00e9 mais comum do que parece e tem tudo a ver com o funcionamento da nossa mente, das emo\u00e7\u00f5es e da mem\u00f3ria. A psicologia explica que certas lembran\u00e7as voltam com for\u00e7a inesperada porque est\u00e3o profundamente ligadas ao que sentimos.<\/p>\n\n\n\n<h2 class=\"wp-block-heading\">O que a psicologia diz sobre as lembran\u00e7as intensas<\/h2>\n\n\n\n<p>A psicologia entende que a <strong>mem\u00f3ria emocional<\/strong> \u00e9 uma das mais fortes que temos. Quando vivemos algo marcante, seja bom ou ruim, nosso c\u00e9rebro registra n\u00e3o s\u00f3 o fato, mas tamb\u00e9m o sentimento envolvido. \u00c9 como se a emo\u00e7\u00e3o fosse uma cola que fixa aquela lembran\u00e7a.<\/p>\n\n\n\n<p>Al\u00e9m disso, nosso c\u00e9rebro funciona por associa\u00e7\u00f5es. Um simples est\u00edmulo pode ativar uma rede inteira de lembran\u00e7as. Por isso, \u00e0s vezes, sem perceber, algo no ambiente desperta aquela mem\u00f3ria que parecia esquecida.<\/p>\n\n\n<div class=\"wp-block-image\">\n<figure class=\"aligncenter size-large\"><img decoding=\"async\" width=\"1024\" height=\"576\" src=\"https:\/\/www.uai.com.br\/uainoticias\/wp-content\/uploads\/2026\/04\/Design_sem_nome-2026-04-25T020749.947-1024x576.jpg\" alt=\"Por que certas lembran\u00e7as voltam com for\u00e7a inesperada? A explica\u00e7\u00e3o psicol\u00f3gica\" class=\"wp-image-127160\" srcset=\"https:\/\/www.uai.com.br\/uainoticias\/wp-content\/uploads\/2026\/04\/Design_sem_nome-2026-04-25T020749.947-1024x576.jpg 1024w, https:\/\/www.uai.com.br\/uainoticias\/wp-content\/uploads\/2026\/04\/Design_sem_nome-2026-04-25T020749.947-300x169.jpg 300w, https:\/\/www.uai.com.br\/uainoticias\/wp-content\/uploads\/2026\/04\/Design_sem_nome-2026-04-25T020749.947-768x432.jpg 768w, https:\/\/www.uai.com.br\/uainoticias\/wp-content\/uploads\/2026\/04\/Design_sem_nome-2026-04-25T020749.947-750x422.jpg 750w, https:\/\/www.uai.com.br\/uainoticias\/wp-content\/uploads\/2026\/04\/Design_sem_nome-2026-04-25T020749.947-1140x641.jpg 1140w, https:\/\/www.uai.com.br\/uainoticias\/wp-content\/uploads\/2026\/04\/Design_sem_nome-2026-04-25T020749.947.jpg 1280w\" sizes=\"(max-width: 1024px) 100vw, 1024px\" \/><figcaption class=\"wp-element-caption\">Gatilhos sensoriais que despertam lembran\u00e7as sem aviso<\/figcaption><\/figure><\/div>\n\n\n<h2 class=\"wp-block-heading\">Como isso aparece no nosso dia a dia<\/h2>\n\n\n\n<p>No cotidiano, isso acontece o tempo todo. Voc\u00ea sente um cheiro e lembra da casa da inf\u00e2ncia, escuta uma m\u00fasica e revive um relacionamento, ou at\u00e9 uma frase te faz lembrar de algu\u00e9m importante. Esses s\u00e3o exemplos de <strong>gatilhos emocionais<\/strong>.<\/p>\n\n\n\n<p>Na rotina de casa, com filhos, fam\u00edlia e responsabilidades, esses momentos podem surgir de forma inesperada. \u00c0s vezes trazem conforto, outras vezes despertam saudade ou at\u00e9 tristeza, mostrando como nossas emo\u00e7\u00f5es est\u00e3o sempre conectadas \u00e0s nossas experi\u00eancias.<\/p>\n\n\n\n<figure class=\"wp-block-embed is-type-video is-provider-youtube wp-block-embed-youtube wp-embed-aspect-16-9 wp-has-aspect-ratio\"><div class=\"wp-block-embed__wrapper\">\n<div class=\"jeg_video_container jeg_video_content\"><iframe loading=\"lazy\" title=\"Qual a rela\u00e7\u00e3o entre o c\u00e9rebro e as nossas lembran\u00e7as mais marcantes?\" width=\"500\" height=\"281\" src=\"https:\/\/www.youtube.com\/embed\/T0mDrSJh9Rk?feature=oembed\" frameborder=\"0\" allow=\"accelerometer; autoplay; clipboard-write; encrypted-media; gyroscope; picture-in-picture; web-share\" referrerpolicy=\"strict-origin-when-cross-origin\" allowfullscreen><\/iframe><\/div>\n<\/div><\/figure>\n\n\n\n<h2 class=\"wp-block-heading\">Mem\u00f3ria emocional: o que mais a psicologia revela<\/h2>\n\n\n\n<p>A mem\u00f3ria emocional tamb\u00e9m est\u00e1 ligada \u00e0 sobreviv\u00eancia. O c\u00e9rebro tende a guardar melhor experi\u00eancias que tiveram impacto, como forma de aprendizado. Isso ajuda a evitar situa\u00e7\u00f5es negativas e a repetir as positivas.<\/p>\n\n\n\n<p>Outro ponto importante \u00e9 que essas lembran\u00e7as n\u00e3o s\u00e3o est\u00e1ticas. Cada vez que lembramos de algo, podemos reinterpretar a experi\u00eancia. Ou seja, o significado pode mudar com o tempo, conforme nosso <strong>autoconhecimento<\/strong> cresce.<\/p>\n\n\n\n<link href=\"https:\/\/fonts.googleapis.com\/css2?family=Inter:wght@400;600;700;800&#038;display=swap\" rel=\"stylesheet\">\r\n<style>\r\n\/* Prote\u00e7\u00e3o contra inje\u00e7\u00e3o do \"Veja Tamb\u00e9m\" (JNews inline related posts) *\/\r\n.rdp-pontos-wrapper .jnews_inline_related_post_wrapper,\r\n.rdp-pontos-wrapper .jnews_inline_related_post,\r\n.rdp-pontos-wrapper .jeg_postblock,\r\n.rdp-pontos-wrapper [class*=\"jnews_inline\"],\r\n.rdp-pontos-wrapper [class*=\"jeg_postblock\"],\r\n.rdp-pontos-wrapper [class*=\"jeg_block\"] {\r\n  display: none !important;\r\n  height: 0 !important;\r\n  max-height: 0 !important;\r\n  overflow: hidden !important;\r\n  visibility: hidden !important;\r\n  margin: 0 !important;\r\n  padding: 0 !important;\r\n  border: none !important;\r\n  font-size: 0 !important;\r\n  line-height: 0 !important;\r\n}\r\n.rdp-pontos-wrapper {\r\n  max-width: 100%;\r\n  margin: 32px 0;\r\n  background: #F8F9FA;\r\n  border: 1px solid #E0E0E0;\r\n  border-radius: 12px;\r\n  padding: 28px 28px 20px;\r\n  font-family: 'Inter', sans-serif;\r\n  box-shadow: 0 4px 20px rgba(47,195,238,0.12);\r\n  overflow: hidden;\r\n  contain: layout style;\r\n  isolation: isolate;\r\n  position: relative;\r\n  z-index: 1;\r\n}\r\n.rdp-pontos-wrapper > *:not(.rdp-pontos-title):not(.rdp-pontos-grid) {\r\n  display: none !important;\r\n  height: 0 !important;\r\n  overflow: hidden !important;\r\n  margin: 0 !important;\r\n  padding: 0 !important;\r\n  border: none !important;\r\n}\r\n.rdp-pontos-title {\r\n  font-size: 20px;\r\n  font-weight: 800;\r\n  color: #1A1A1A;\r\n  margin: 0 0 20px 0;\r\n  text-align: center;\r\n}\r\n.rdp-pontos-grid {\r\n  display: grid;\r\n  grid-template-columns: repeat(3, 1fr);\r\n  gap: 18px;\r\n}\r\n.rdp-pontos-item {\r\n  background: #FFFFFF;\r\n  border: 1px solid #E0E0E0;\r\n  border-top: 3px solid #2FC3EE;\r\n  border-radius: 10px;\r\n  padding: 22px 20px;\r\n  text-align: center;\r\n}\r\n.rdp-pontos-emoji {\r\n  font-size: 32px;\r\n  margin-bottom: 12px;\r\n}\r\n.rdp-pontos-item-title {\r\n  font-weight: 700;\r\n  color: #1A1A1A;\r\n}\r\n.rdp-pontos-item-desc {\r\n  color: #333333;\r\n}\r\n@media (max-width: 768px) {\r\n  .rdp-pontos-grid {\r\n    grid-template-columns: 1fr;\r\n  }\r\n}\r\n<\/style>\r\n<div class=\"rdp-pontos-wrapper\">\r\n  <div class=\"rdp-pontos-title\">Pontos-chave da psicologia<\/div>\r\n  <div class=\"rdp-pontos-grid\">\r\n    <div class=\"rdp-pontos-item\">\r\n      <span class=\"rdp-pontos-emoji\">\ud83d\udcad<\/span>\r\n      <div class=\"rdp-pontos-item-title\">Mem\u00f3ria e emo\u00e7\u00e3o<\/div>\r\n      <p class=\"rdp-pontos-item-desc\">As lembran\u00e7as mais fortes est\u00e3o ligadas a emo\u00e7\u00f5es intensas vividas no passado.<\/p>\r\n    <\/div>\r\n    <div class=\"rdp-pontos-item\">\r\n      <span class=\"rdp-pontos-emoji\">\ud83e\udde0<\/span>\r\n      <div class=\"rdp-pontos-item-title\">Gatilhos mentais<\/div>\r\n      <p class=\"rdp-pontos-item-desc\">Pequenos est\u00edmulos do cotidiano ativam mem\u00f3rias guardadas sem aviso.<\/p>\r\n    <\/div>\r\n    <div class=\"rdp-pontos-item\">\r\n      <span class=\"rdp-pontos-emoji\">\ud83d\udc9b<\/span>\r\n      <div class=\"rdp-pontos-item-title\">Reinterpreta\u00e7\u00e3o<\/div>\r\n      <p class=\"rdp-pontos-item-desc\">Com o tempo, podemos entender e ressignificar nossas experi\u00eancias.<\/p>\r\n    <\/div>\r\n  <\/div>\r\n<\/div>\r\n<div style=\"clear:both;height:0;overflow:hidden;\"><\/div>\n\n\n\n<p>Se quiser se aprofundar mais, um estudo publicado no SciELO aborda a rela\u00e7\u00e3o entre mem\u00f3ria e emo\u00e7\u00e3o e pode ser consultado <a href=\"https:\/\/www.scielo.br\/j\/prc\/a\/8cP8gZ8V8x5J5s4M3zRr3Jc\/\">nesta <\/a><a href=\"https:\/\/www.scielo.br\/j\/prc\/a\/8cP8gZ8V8x5J5s4M3zRr3Jc\/\" target=\"_blank\" rel=\"noreferrer noopener\">p<\/a><a href=\"https:\/\/www.scielo.br\/j\/prc\/a\/8cP8gZ8V8x5J5s4M3zRr3Jc\/\">esquisa sobre mem\u00f3ria emocional<\/a>, trazendo uma vis\u00e3o mais detalhada do tema.<\/p>\n\n\n\n<h2 class=\"wp-block-heading\">Por que entender isso pode transformar sua vida<\/h2>\n\n\n\n<p>Quando voc\u00ea compreende por que certas lembran\u00e7as aparecem com tanta for\u00e7a, fica mais f\u00e1cil lidar com suas emo\u00e7\u00f5es. Em vez de se assustar ou evitar, voc\u00ea pode acolher o que sente com mais gentileza.<\/p>\n\n\n\n<p>Esse processo fortalece o <strong>equil\u00edbrio emocional<\/strong> e ajuda nos relacionamentos, porque voc\u00ea passa a entender melhor suas rea\u00e7\u00f5es, seus sentimentos e at\u00e9 suas escolhas no dia a dia.<\/p>\n\n\n\n<h2 class=\"wp-block-heading\">O que a psicologia ainda est\u00e1 descobrindo sobre as lembran\u00e7as<\/h2>\n\n\n\n<p>A psicologia continua estudando como o c\u00e9rebro organiza e acessa mem\u00f3rias. Novas pesquisas investigam como emo\u00e7\u00f5es, traumas e at\u00e9 o estresse influenciam esse processo, mostrando que ainda h\u00e1 muito a descobrir sobre a mente humana.<\/p>\n\n\n\n<p>No fim das contas, essas lembran\u00e7as que surgem de repente s\u00e3o parte da nossa hist\u00f3ria. Olhar para elas com curiosidade e cuidado pode ser um passo importante no caminho do autoconhecimento e da sa\u00fade mental.<\/p>\n\n\n\n<p><strong><em>ATEN\u00c7\u00c3O: As informa\u00e7\u00f5es apresentadas neste conte\u00fado t\u00eam car\u00e1ter exclusivamente informativo e n\u00e3o substituem avalia\u00e7\u00e3o, diagn\u00f3stico ou acompanhamento realizado por profissionais da sa\u00fade. <\/em><\/strong><\/p>\n","protected":false},"excerpt":{"rendered":"<p>Curiosidades da Psicologia Mem\u00f3rias n\u00e3o avisam: Algumas lembran\u00e7as surgem do nada porque ficam armazenadas junto com emo\u00e7\u00f5es intensas. Gatilhos do dia a dia: Um cheiro, uma m\u00fasica ou at\u00e9 uma conversa simples pode trazer tudo de volta em segundos. Emo\u00e7\u00e3o intensifica mem\u00f3ria: A psicologia mostra que quanto mais sentimos algo, mais forte aquela lembran\u00e7a fica [&hellip;]<\/p>\n","protected":false},"author":23,"featured_media":127161,"comment_status":"open","ping_status":"open","sticky":false,"template":"","format":"standard","meta":{"jnews-multi-image_gallery":[],"jnews_single_post":{"format":"standard"},"jnews_primary_category":[],"jnews_social_meta":[],"jnews_override_counter":[],"footnotes":""},"categories":[3046,475],"tags":[1708,23437,5468,23436],"class_list":["post-127159","post","type-post","status-publish","format-standard","has-post-thumbnail","hentry","category-curiosidades","category-entretenimento","tag-emocoes","tag-lembrancas-do-passado","tag-memoria","tag-psicolgoia"],"yoast_head":"<!-- This site is optimized with the Yoast SEO plugin v26.5 - https:\/\/yoast.com\/wordpress\/plugins\/seo\/ -->\n<title>Por que certas lembran\u00e7as voltam com for\u00e7a inesperada? A explica\u00e7\u00e3o psicol\u00f3gica - UAI Not\u00edcias<\/title>\n<meta name=\"description\" content=\"Lembran\u00e7as intensas podem aparecer sem aviso e entender esse processo psicol\u00f3gico pode trazer respostas que voc\u00ea nunca imaginou\" \/>\n<meta name=\"robots\" content=\"index, follow, max-snippet:-1, max-image-preview:large, max-video-preview:-1\" \/>\n<link rel=\"canonical\" href=\"https:\/\/www.uai.com.br\/uainoticias\/2026\/04\/27\/por-que-certas-lembrancas-voltam-com-forca-inesperada-a-explicacao-psicologica\/\" \/>\n<meta property=\"og:locale\" content=\"pt_BR\" \/>\n<meta property=\"og:type\" content=\"article\" \/>\n<meta property=\"og:title\" content=\"Por que certas lembran\u00e7as voltam com for\u00e7a inesperada? A explica\u00e7\u00e3o psicol\u00f3gica - UAI Not\u00edcias\" \/>\n<meta property=\"og:description\" content=\"Lembran\u00e7as intensas podem aparecer sem aviso e entender esse processo psicol\u00f3gico pode trazer respostas que voc\u00ea nunca imaginou\" \/>\n<meta property=\"og:url\" content=\"https:\/\/www.uai.com.br\/uainoticias\/2026\/04\/27\/por-que-certas-lembrancas-voltam-com-forca-inesperada-a-explicacao-psicologica\/\" \/>\n<meta property=\"og:site_name\" content=\"UAI Not\u00edcias\" \/>\n<meta property=\"article:published_time\" content=\"2026-04-28T00:45:00+00:00\" \/>\n<meta property=\"og:image\" content=\"https:\/\/www.uai.com.br\/uainoticias\/wp-content\/uploads\/2026\/04\/Design_sem_nome-2026-04-25T020738.449.jpg\" \/>\n\t<meta property=\"og:image:width\" content=\"1280\" \/>\n\t<meta property=\"og:image:height\" content=\"720\" \/>\n\t<meta property=\"og:image:type\" content=\"image\/jpeg\" \/>\n<meta name=\"author\" content=\"Gustavo Trindade\" \/>\n<meta name=\"twitter:card\" content=\"summary_large_image\" \/>\n<meta name=\"twitter:label1\" content=\"Escrito por\" \/>\n\t<meta name=\"twitter:data1\" content=\"Gustavo Trindade\" \/>\n\t<meta name=\"twitter:label2\" content=\"Est. tempo de leitura\" \/>\n\t<meta name=\"twitter:data2\" content=\"4 minutos\" \/>\n<!-- \/ Yoast SEO plugin. -->","yoast_head_json":{"title":"Por que certas lembran\u00e7as voltam com for\u00e7a inesperada? A explica\u00e7\u00e3o psicol\u00f3gica - UAI Not\u00edcias","description":"Lembran\u00e7as intensas podem aparecer sem aviso e entender esse processo psicol\u00f3gico pode trazer respostas que voc\u00ea nunca imaginou","robots":{"index":"index","follow":"follow","max-snippet":"max-snippet:-1","max-image-preview":"max-image-preview:large","max-video-preview":"max-video-preview:-1"},"canonical":"https:\/\/www.uai.com.br\/uainoticias\/2026\/04\/27\/por-que-certas-lembrancas-voltam-com-forca-inesperada-a-explicacao-psicologica\/","og_locale":"pt_BR","og_type":"article","og_title":"Por que certas lembran\u00e7as voltam com for\u00e7a inesperada? A explica\u00e7\u00e3o psicol\u00f3gica - UAI Not\u00edcias","og_description":"Lembran\u00e7as intensas podem aparecer sem aviso e entender esse processo psicol\u00f3gico pode trazer respostas que voc\u00ea nunca imaginou","og_url":"https:\/\/www.uai.com.br\/uainoticias\/2026\/04\/27\/por-que-certas-lembrancas-voltam-com-forca-inesperada-a-explicacao-psicologica\/","og_site_name":"UAI Not\u00edcias","article_published_time":"2026-04-28T00:45:00+00:00","og_image":[{"width":1280,"height":720,"url":"https:\/\/www.uai.com.br\/uainoticias\/wp-content\/uploads\/2026\/04\/Design_sem_nome-2026-04-25T020738.449.jpg","type":"image\/jpeg"}],"author":"Gustavo Trindade","twitter_card":"summary_large_image","twitter_misc":{"Escrito por":"Gustavo Trindade","Est. tempo de leitura":"4 minutos"},"schema":{"@context":"https:\/\/schema.org","@graph":[{"@type":"WebPage","@id":"https:\/\/www.uai.com.br\/uainoticias\/2026\/04\/27\/por-que-certas-lembrancas-voltam-com-forca-inesperada-a-explicacao-psicologica\/","url":"https:\/\/www.uai.com.br\/uainoticias\/2026\/04\/27\/por-que-certas-lembrancas-voltam-com-forca-inesperada-a-explicacao-psicologica\/","name":"Por que certas lembran\u00e7as voltam com for\u00e7a inesperada? A explica\u00e7\u00e3o psicol\u00f3gica - UAI Not\u00edcias","isPartOf":{"@id":"https:\/\/www.uai.com.br\/uainoticias\/#website"},"primaryImageOfPage":{"@id":"https:\/\/www.uai.com.br\/uainoticias\/2026\/04\/27\/por-que-certas-lembrancas-voltam-com-forca-inesperada-a-explicacao-psicologica\/#primaryimage"},"image":{"@id":"https:\/\/www.uai.com.br\/uainoticias\/2026\/04\/27\/por-que-certas-lembrancas-voltam-com-forca-inesperada-a-explicacao-psicologica\/#primaryimage"},"thumbnailUrl":"https:\/\/www.uai.com.br\/uainoticias\/wp-content\/uploads\/2026\/04\/Design_sem_nome-2026-04-25T020738.449.jpg","datePublished":"2026-04-28T00:45:00+00:00","author":{"@id":"https:\/\/www.uai.com.br\/uainoticias\/#\/schema\/person\/060f8bb02e250479c83590e2c4706fcc"},"description":"Lembran\u00e7as intensas podem aparecer sem aviso e entender esse processo psicol\u00f3gico pode trazer respostas que voc\u00ea nunca imaginou","breadcrumb":{"@id":"https:\/\/www.uai.com.br\/uainoticias\/2026\/04\/27\/por-que-certas-lembrancas-voltam-com-forca-inesperada-a-explicacao-psicologica\/#breadcrumb"},"inLanguage":"pt-BR","potentialAction":[{"@type":"ReadAction","target":["https:\/\/www.uai.com.br\/uainoticias\/2026\/04\/27\/por-que-certas-lembrancas-voltam-com-forca-inesperada-a-explicacao-psicologica\/"]}]},{"@type":"ImageObject","inLanguage":"pt-BR","@id":"https:\/\/www.uai.com.br\/uainoticias\/2026\/04\/27\/por-que-certas-lembrancas-voltam-com-forca-inesperada-a-explicacao-psicologica\/#primaryimage","url":"https:\/\/www.uai.com.br\/uainoticias\/wp-content\/uploads\/2026\/04\/Design_sem_nome-2026-04-25T020738.449.jpg","contentUrl":"https:\/\/www.uai.com.br\/uainoticias\/wp-content\/uploads\/2026\/04\/Design_sem_nome-2026-04-25T020738.449.jpg","width":1280,"height":720,"caption":"Ativa\u00e7\u00e3o de mem\u00f3rias emocionais ligadas a experi\u00eancias marcantes"},{"@type":"BreadcrumbList","@id":"https:\/\/www.uai.com.br\/uainoticias\/2026\/04\/27\/por-que-certas-lembrancas-voltam-com-forca-inesperada-a-explicacao-psicologica\/#breadcrumb","itemListElement":[{"@type":"ListItem","position":1,"name":"In\u00edcio","item":"https:\/\/www.uai.com.br\/uainoticias\/"},{"@type":"ListItem","position":2,"name":"Por que certas lembran\u00e7as voltam com for\u00e7a inesperada? A explica\u00e7\u00e3o psicol\u00f3gica"}]},{"@type":"WebSite","@id":"https:\/\/www.uai.com.br\/uainoticias\/#website","url":"https:\/\/www.uai.com.br\/uainoticias\/","name":"UAI Not\u00edcias","description":"Acompanhe as \u00faltimas not\u00edcias e fique bem informado sobre tudo o que acontece no Brasil e no mundo.","potentialAction":[{"@type":"SearchAction","target":{"@type":"EntryPoint","urlTemplate":"https:\/\/www.uai.com.br\/uainoticias\/?s={search_term_string}"},"query-input":{"@type":"PropertyValueSpecification","valueRequired":true,"valueName":"search_term_string"}}],"inLanguage":"pt-BR"},{"@type":"Person","@id":"https:\/\/www.uai.com.br\/uainoticias\/#\/schema\/person\/060f8bb02e250479c83590e2c4706fcc","name":"Gustavo Trindade","image":{"@type":"ImageObject","inLanguage":"pt-BR","@id":"https:\/\/www.uai.com.br\/uainoticias\/#\/schema\/person\/image\/","url":"https:\/\/secure.gravatar.com\/avatar\/05714a54ada0bd2b20e75b2c72a9e7802581213945810c2354d320b79f27b427?s=96&d=mm&r=g","contentUrl":"https:\/\/secure.gravatar.com\/avatar\/05714a54ada0bd2b20e75b2c72a9e7802581213945810c2354d320b79f27b427?s=96&d=mm&r=g","caption":"Gustavo Trindade"},"sameAs":["https:\/\/www.uai.com.br\/uainoticias\/"],"url":"https:\/\/www.uai.com.br\/uainoticias\/author\/gustavotrindade\/"}]}},"_links":{"self":[{"href":"https:\/\/www.uai.com.br\/uainoticias\/wp-json\/wp\/v2\/posts\/127159","targetHints":{"allow":["GET"]}}],"collection":[{"href":"https:\/\/www.uai.com.br\/uainoticias\/wp-json\/wp\/v2\/posts"}],"about":[{"href":"https:\/\/www.uai.com.br\/uainoticias\/wp-json\/wp\/v2\/types\/post"}],"author":[{"embeddable":true,"href":"https:\/\/www.uai.com.br\/uainoticias\/wp-json\/wp\/v2\/users\/23"}],"replies":[{"embeddable":true,"href":"https:\/\/www.uai.com.br\/uainoticias\/wp-json\/wp\/v2\/comments?post=127159"}],"version-history":[{"count":1,"href":"https:\/\/www.uai.com.br\/uainoticias\/wp-json\/wp\/v2\/posts\/127159\/revisions"}],"predecessor-version":[{"id":127162,"href":"https:\/\/www.uai.com.br\/uainoticias\/wp-json\/wp\/v2\/posts\/127159\/revisions\/127162"}],"wp:featuredmedia":[{"embeddable":true,"href":"https:\/\/www.uai.com.br\/uainoticias\/wp-json\/wp\/v2\/media\/127161"}],"wp:attachment":[{"href":"https:\/\/www.uai.com.br\/uainoticias\/wp-json\/wp\/v2\/media?parent=127159"}],"wp:term":[{"taxonomy":"category","embeddable":true,"href":"https:\/\/www.uai.com.br\/uainoticias\/wp-json\/wp\/v2\/categories?post=127159"},{"taxonomy":"post_tag","embeddable":true,"href":"https:\/\/www.uai.com.br\/uainoticias\/wp-json\/wp\/v2\/tags?post=127159"}],"curies":[{"name":"wp","href":"https:\/\/api.w.org\/{rel}","templated":true}]}}