{"id":127155,"date":"2026-04-27T19:45:00","date_gmt":"2026-04-27T22:45:00","guid":{"rendered":"https:\/\/www.uai.com.br\/uainoticias\/?p=127155"},"modified":"2026-04-25T02:03:25","modified_gmt":"2026-04-25T05:03:25","slug":"por-que-algumas-pessoas-nao-gostam-de-comemorar-aniversarios-a-explicacao-psicologica","status":"publish","type":"post","link":"https:\/\/www.uai.com.br\/uainoticias\/2026\/04\/27\/por-que-algumas-pessoas-nao-gostam-de-comemorar-aniversarios-a-explicacao-psicologica\/","title":{"rendered":"Por que algumas pessoas n\u00e3o gostam de comemorar anivers\u00e1rios? A explica\u00e7\u00e3o psicol\u00f3gica"},"content":{"rendered":"\n<link href=\"https:\/\/fonts.googleapis.com\/css2?family=Inter:wght@400;600;700;800&#038;display=swap\" rel=\"stylesheet\">\r\n<style>\r\n\/* Prote\u00e7\u00e3o contra inje\u00e7\u00e3o do \"Veja Tamb\u00e9m\" (JNews inline related posts) *\/\r\n.rdp-curiosidades-wrapper .jnews_inline_related_post_wrapper,\r\n.rdp-curiosidades-wrapper .jnews_inline_related_post,\r\n.rdp-curiosidades-wrapper .jeg_postblock,\r\n.rdp-curiosidades-wrapper [class*=\"jnews_inline\"],\r\n.rdp-curiosidades-wrapper [class*=\"jeg_postblock\"],\r\n.rdp-curiosidades-wrapper [class*=\"jeg_block\"] {\r\n  display: none !important;\r\n  height: 0 !important;\r\n  max-height: 0 !important;\r\n  overflow: hidden !important;\r\n  visibility: hidden !important;\r\n  margin: 0 !important;\r\n  padding: 0 !important;\r\n  border: none !important;\r\n  font-size: 0 !important;\r\n  line-height: 0 !important;\r\n}\r\n.rdp-curiosidades-wrapper {\r\n  max-width: 620px;\r\n  margin: 28px auto;\r\n  background: #FFFFFF;\r\n  border: 1px solid #E0E0E0;\r\n  border-top: 3px solid #2FC3EE;\r\n  border-radius: 12px;\r\n  padding: 28px 32px;\r\n  font-family: 'Inter', sans-serif;\r\n  box-shadow: 0 4px 20px rgba(47,195,238,0.18);\r\n  overflow: hidden;\r\n  contain: layout style;\r\n  isolation: isolate;\r\n  position: relative;\r\n  z-index: 1;\r\n}\r\n.rdp-curiosidades-wrapper > *:not(.rdp-curiosidades-header):not(.rdp-curiosidades-list) {\r\n  display: none !important;\r\n  height: 0 !important;\r\n  overflow: hidden !important;\r\n  margin: 0 !important;\r\n  padding: 0 !important;\r\n  border: none !important;\r\n}\r\n.rdp-curiosidades-header {\r\n  display: flex;\r\n  align-items: center;\r\n  justify-content: center;\r\n  gap: 16px;\r\n  margin-bottom: 24px;\r\n}\r\n.rdp-curiosidades-line {\r\n  flex: 1;\r\n  height: 1px;\r\n  background: #E0E0E0;\r\n}\r\n.rdp-curiosidades-title {\r\n  font-family: 'Inter', sans-serif;\r\n  font-size: 12px;\r\n  font-weight: 800;\r\n  text-transform: uppercase;\r\n  letter-spacing: 4px;\r\n  color: #1A1A1A;\r\n  white-space: nowrap;\r\n}\r\n.rdp-curiosidades-list {\r\n  list-style: none;\r\n  padding: 0;\r\n  margin: 0;\r\n  text-align: center;\r\n}\r\n.rdp-curiosidades-item {\r\n  padding: 0 0 18px 0;\r\n  line-height: 1.7;\r\n}\r\n.rdp-curiosidades-item:last-child {\r\n  padding-bottom: 0;\r\n}\r\n.rdp-curiosidades-item-bullet {\r\n  display: inline-block;\r\n  width: 8px;\r\n  height: 8px;\r\n  background: #2FC3EE;\r\n  border-radius: 50%;\r\n  box-shadow: 0 0 6px rgba(47,195,238,0.40);\r\n  margin-right: 10px;\r\n  vertical-align: middle;\r\n}\r\n.rdp-curiosidades-item-title {\r\n  font-size: 15px;\r\n  font-weight: 700;\r\n  color: #1A1A1A;\r\n}\r\n.rdp-curiosidades-item-desc {\r\n  font-size: 15px;\r\n  color: #333333;\r\n  line-height: 1.7;\r\n}\r\n@media (max-width: 768px) {\r\n  .rdp-curiosidades-wrapper {\r\n    max-width: 100%;\r\n    margin: 20px 12px;\r\n    padding: 22px 20px;\r\n  }\r\n}\r\n<\/style>\r\n<div class=\"rdp-curiosidades-wrapper\">\r\n  <div class=\"rdp-curiosidades-header\">\r\n    <span class=\"rdp-curiosidades-line\"><\/span>\r\n    <span class=\"rdp-curiosidades-title\">Curiosidades da Psicologia<\/span>\r\n    <span class=\"rdp-curiosidades-line\"><\/span>\r\n  <\/div>\r\n  <ul class=\"rdp-curiosidades-list\">\r\n    <li class=\"rdp-curiosidades-item\">\r\n      <span class=\"rdp-curiosidades-item-bullet\"><\/span><span class=\"rdp-curiosidades-item-title\">Nem todo mundo celebra:<\/span> <span class=\"rdp-curiosidades-item-desc\">Para algumas pessoas, anivers\u00e1rios despertam emo\u00e7\u00f5es complexas, n\u00e3o apenas alegria.<\/span>\r\n    <\/li>\r\n    <li class=\"rdp-curiosidades-item\">\r\n      <span class=\"rdp-curiosidades-item-bullet\"><\/span><span class=\"rdp-curiosidades-item-title\">Press\u00e3o social pesa:<\/span> <span class=\"rdp-curiosidades-item-desc\">Sabe quando parece obriga\u00e7\u00e3o ser feliz? Isso pode gerar ansiedade e desconforto.<\/span>\r\n    <\/li>\r\n    <li class=\"rdp-curiosidades-item\">\r\n      <span class=\"rdp-curiosidades-item-bullet\"><\/span><span class=\"rdp-curiosidades-item-title\">Reflex\u00e3o profunda:<\/span> <span class=\"rdp-curiosidades-item-desc\">A psicologia mostra que anivers\u00e1rios ativam pensamentos sobre tempo, vida e autoestima.<\/span>\r\n    <\/li>\r\n  <\/ul>\r\n<\/div>\r\n<div style=\"clear:both;height:0;overflow:hidden;\"><\/div>\n\n\n\n<p>Nem todo mundo sente vontade de comemorar o pr\u00f3prio anivers\u00e1rio, e isso \u00e9 mais comum do que parece. Na psicologia, esse comportamento est\u00e1 ligado a emo\u00e7\u00f5es, mem\u00f3ria afetiva, autoestima e at\u00e9 ansiedade. Enquanto algumas pessoas veem a data como motivo de alegria, outras podem sentir desconforto, press\u00e3o ou at\u00e9 tristeza ao refletir sobre o tempo e a pr\u00f3pria vida.<\/p>\n\n\n\n<h2 class=\"wp-block-heading\">O que a psicologia diz sobre n\u00e3o gostar de anivers\u00e1rios<\/h2>\n\n\n\n<p>Na psicologia das emo\u00e7\u00f5es, o anivers\u00e1rio pode funcionar como um <strong>gatilho emocional<\/strong>. Ele nos convida a olhar para o passado, avaliar conquistas e perceber o que ainda n\u00e3o aconteceu. Para quem tem uma rela\u00e7\u00e3o sens\u00edvel com autoestima ou expectativas, isso pode gerar sentimentos dif\u00edceis.<\/p>\n\n\n\n<p>Al\u00e9m disso, existe o fator da <strong>ansiedade social<\/strong>. Algumas pessoas n\u00e3o gostam de ser o centro das aten\u00e7\u00f5es, de receber mensagens ou de lidar com intera\u00e7\u00f5es que parecem obrigat\u00f3rias. O c\u00e9rebro interpreta isso como press\u00e3o, e n\u00e3o como celebra\u00e7\u00e3o.<\/p>\n\n\n<div class=\"wp-block-image\">\n<figure class=\"aligncenter size-large\"><img decoding=\"async\" width=\"1024\" height=\"576\" src=\"https:\/\/www.uai.com.br\/uainoticias\/wp-content\/uploads\/2026\/04\/Design_sem_nome-2026-04-25T020205.242-1024x576.jpg\" alt=\"Por que algumas pessoas n\u00e3o gostam de comemorar anivers\u00e1rios? A explica\u00e7\u00e3o psicol\u00f3gica\" class=\"wp-image-127157\" srcset=\"https:\/\/www.uai.com.br\/uainoticias\/wp-content\/uploads\/2026\/04\/Design_sem_nome-2026-04-25T020205.242-1024x576.jpg 1024w, https:\/\/www.uai.com.br\/uainoticias\/wp-content\/uploads\/2026\/04\/Design_sem_nome-2026-04-25T020205.242-300x169.jpg 300w, https:\/\/www.uai.com.br\/uainoticias\/wp-content\/uploads\/2026\/04\/Design_sem_nome-2026-04-25T020205.242-768x432.jpg 768w, https:\/\/www.uai.com.br\/uainoticias\/wp-content\/uploads\/2026\/04\/Design_sem_nome-2026-04-25T020205.242-750x422.jpg 750w, https:\/\/www.uai.com.br\/uainoticias\/wp-content\/uploads\/2026\/04\/Design_sem_nome-2026-04-25T020205.242-1140x641.jpg 1140w, https:\/\/www.uai.com.br\/uainoticias\/wp-content\/uploads\/2026\/04\/Design_sem_nome-2026-04-25T020205.242.jpg 1280w\" sizes=\"(max-width: 1024px) 100vw, 1024px\" \/><figcaption class=\"wp-element-caption\">Ansiedade social associada a momentos de exposi\u00e7\u00e3o e aten\u00e7\u00e3o<\/figcaption><\/figure><\/div>\n\n\n<h2 class=\"wp-block-heading\">Como isso aparece no nosso dia a dia<\/h2>\n\n\n\n<p>Sabe quando algu\u00e9m prefere \u201cdeixar passar em branco\u201d? Isso pode ser um sinal de que a pessoa quer evitar cobran\u00e7as internas ou externas. Em vez de festa, ela busca sil\u00eancio, conforto e equil\u00edbrio emocional.<\/p>\n\n\n\n<p>Tamb\u00e9m \u00e9 comum ver m\u00e3es, por exemplo, que focam tanto nos outros ao longo do ano que, quando chega o pr\u00f3prio anivers\u00e1rio, sentem um vazio ou at\u00e9 dificuldade de se conectar com o momento. Isso tem tudo a ver com <strong>autocuidado e reconhecimento pessoal<\/strong>.<\/p>\n\n\n\n<figure class=\"wp-block-embed is-type-video is-provider-youtube wp-block-embed-youtube wp-embed-aspect-16-9 wp-has-aspect-ratio\"><div class=\"wp-block-embed__wrapper\">\n<div class=\"jeg_video_container jeg_video_content\"><iframe loading=\"lazy\" title=\"Psicologia de Pessoas Que Tratam Seu Aniversario Como um Dia Qualquer\" width=\"500\" height=\"281\" src=\"https:\/\/www.youtube.com\/embed\/67wiCmBJdfk?feature=oembed\" frameborder=\"0\" allow=\"accelerometer; autoplay; clipboard-write; encrypted-media; gyroscope; picture-in-picture; web-share\" referrerpolicy=\"strict-origin-when-cross-origin\" allowfullscreen><\/iframe><\/div>\n<\/div><\/figure>\n\n\n\n<h2 class=\"wp-block-heading\">O significado emocional dos anivers\u00e1rios: o que mais a psicologia revela<\/h2>\n\n\n\n<p>Do ponto de vista psicol\u00f3gico, anivers\u00e1rios est\u00e3o ligados \u00e0 percep\u00e7\u00e3o do tempo. Eles nos lembram que estamos envelhecendo, o que pode ativar medos inconscientes, como o medo de n\u00e3o ter vivido o suficiente ou de n\u00e3o estar onde gostar\u00edamos.<\/p>\n\n\n\n<p>Al\u00e9m disso, experi\u00eancias passadas influenciam muito. Se algu\u00e9m teve anivers\u00e1rios marcados por frustra\u00e7\u00e3o, solid\u00e3o ou conflitos familiares, o c\u00e9rebro cria associa\u00e7\u00f5es negativas. Isso faz com que a pessoa evite a data como forma de prote\u00e7\u00e3o emocional.<\/p>\n\n\n\n<link href=\"https:\/\/fonts.googleapis.com\/css2?family=Inter:wght@400;600;700;800&#038;display=swap\" rel=\"stylesheet\">\r\n<style>\r\n\/* Prote\u00e7\u00e3o contra inje\u00e7\u00e3o do \"Veja Tamb\u00e9m\" (JNews inline related posts) *\/\r\n.rdp-pontos-wrapper .jnews_inline_related_post_wrapper,\r\n.rdp-pontos-wrapper .jnews_inline_related_post,\r\n.rdp-pontos-wrapper .jeg_postblock,\r\n.rdp-pontos-wrapper [class*=\"jnews_inline\"],\r\n.rdp-pontos-wrapper [class*=\"jeg_postblock\"],\r\n.rdp-pontos-wrapper [class*=\"jeg_block\"] {\r\n  display: none !important;\r\n  height: 0 !important;\r\n  max-height: 0 !important;\r\n  overflow: hidden !important;\r\n  visibility: hidden !important;\r\n  margin: 0 !important;\r\n  padding: 0 !important;\r\n  border: none !important;\r\n  font-size: 0 !important;\r\n  line-height: 0 !important;\r\n}\r\n.rdp-pontos-wrapper {\r\n  max-width: 100%;\r\n  margin: 32px 0;\r\n  background: #F8F9FA;\r\n  border: 1px solid #E0E0E0;\r\n  border-radius: 12px;\r\n  padding: 28px 28px 20px;\r\n  font-family: 'Inter', sans-serif;\r\n  box-shadow: 0 4px 20px rgba(47,195,238,0.12);\r\n  overflow: hidden;\r\n  contain: layout style;\r\n  isolation: isolate;\r\n  position: relative;\r\n  z-index: 1;\r\n}\r\n.rdp-pontos-wrapper > *:not(.rdp-pontos-title):not(.rdp-pontos-grid) {\r\n  display: none !important;\r\n  height: 0 !important;\r\n  overflow: hidden !important;\r\n  margin: 0 !important;\r\n  padding: 0 !important;\r\n  border: none !important;\r\n}\r\n.rdp-pontos-title {\r\n  font-size: 20px;\r\n  font-weight: 800;\r\n  color: #1A1A1A;\r\n  margin: 0 0 20px 0;\r\n  text-align: center;\r\n}\r\n.rdp-pontos-grid {\r\n  display: grid;\r\n  grid-template-columns: repeat(3, 1fr);\r\n  gap: 18px;\r\n}\r\n.rdp-pontos-item {\r\n  background: #FFFFFF;\r\n  border: 1px solid #E0E0E0;\r\n  border-top: 3px solid #2FC3EE;\r\n  border-radius: 10px;\r\n  padding: 22px 20px;\r\n  text-align: center;\r\n}\r\n.rdp-pontos-emoji {\r\n  font-size: 32px;\r\n  margin-bottom: 12px;\r\n}\r\n.rdp-pontos-item-title {\r\n  font-weight: 700;\r\n  margin-bottom: 8px;\r\n}\r\n.rdp-pontos-item-desc {\r\n  font-size: 14px;\r\n}\r\n@media (max-width: 768px) {\r\n  .rdp-pontos-grid {\r\n    grid-template-columns: 1fr;\r\n  }\r\n}\r\n<\/style>\r\n<div class=\"rdp-pontos-wrapper\">\r\n  <div class=\"rdp-pontos-title\">Pontos-chave da psicologia<\/div>\r\n  <div class=\"rdp-pontos-grid\">\r\n    <div class=\"rdp-pontos-item\">\r\n      <span class=\"rdp-pontos-emoji\">\ud83d\udcad<\/span>\r\n      <div class=\"rdp-pontos-item-title\">Gatilhos emocionais<\/div>\r\n      <p class=\"rdp-pontos-item-desc\">Anivers\u00e1rios despertam reflex\u00f5es profundas sobre vida, conquistas e expectativas pessoais.<\/p>\r\n    <\/div>\r\n    <div class=\"rdp-pontos-item\">\r\n      <span class=\"rdp-pontos-emoji\">\ud83e\udde0<\/span>\r\n      <div class=\"rdp-pontos-item-title\">Press\u00e3o social<\/div>\r\n      <p class=\"rdp-pontos-item-desc\">Nem todo mundo se sente confort\u00e1vel com aten\u00e7\u00e3o ou celebra\u00e7\u00f5es obrigat\u00f3rias.<\/p>\r\n    <\/div>\r\n    <div class=\"rdp-pontos-item\">\r\n      <span class=\"rdp-pontos-emoji\">\ud83d\udc9b<\/span>\r\n      <div class=\"rdp-pontos-item-title\">Experi\u00eancias passadas<\/div>\r\n      <p class=\"rdp-pontos-item-desc\">Viv\u00eancias negativas podem influenciar como a pessoa se sente nessa data.<\/p>\r\n    <\/div>\r\n  <\/div>\r\n<\/div>\r\n<div style=\"clear:both;height:0;overflow:hidden;\"><\/div>\n\n\n\n<p>Um artigo publicado no SciELO traz reflex\u00f5es importantes sobre emo\u00e7\u00f5es e percep\u00e7\u00e3o do tempo e pode ser consultado <a href=\"https:\/\/www.scielo.br\/j\/prc\/a\/8fZpYvVYjz4zKzj3Yh8JQ6K\/\" target=\"_blank\" rel=\"noreferrer noopener\">nesta pesquisa sobre experi\u00eancia subjetiva e emo\u00e7\u00f5es<\/a>.<\/p>\n\n\n\n<h2 class=\"wp-block-heading\">Por que entender isso pode transformar sua vida<\/h2>\n\n\n\n<p>Quando voc\u00ea entende que n\u00e3o gostar de anivers\u00e1rios pode estar ligado \u00e0 sua <strong>hist\u00f3ria emocional<\/strong>, tudo muda. Em vez de se julgar, voc\u00ea passa a se acolher e a respeitar seus pr\u00f3prios limites.<\/p>\n\n\n\n<p>Esse autoconhecimento ajuda a construir uma rela\u00e7\u00e3o mais saud\u00e1vel com suas emo\u00e7\u00f5es, permitindo que voc\u00ea escolha como quer viver essa data, sem press\u00e3o. Pode ser uma celebra\u00e7\u00e3o simples, um momento de descanso ou at\u00e9 um dia s\u00f3 seu.<\/p>\n\n\n\n<h2 class=\"wp-block-heading\">O que a psicologia ainda est\u00e1 descobrindo sobre anivers\u00e1rios<\/h2>\n\n\n\n<p>A psicologia continua investigando como o tempo, a mem\u00f3ria e as emo\u00e7\u00f5es se conectam nessas datas simb\u00f3licas. Estudos mostram que a forma como percebemos nossa pr\u00f3pria hist\u00f3ria influencia diretamente nosso bem-estar e nossa sa\u00fade mental.<\/p>\n\n\n\n<p>No fim das contas, gostar ou n\u00e3o de comemorar anivers\u00e1rios n\u00e3o define quem voc\u00ea \u00e9. O mais importante \u00e9 olhar para seus sentimentos com carinho, entender seus pr\u00f3prios ritmos e respeitar sua forma \u00fanica de viver cada fase da vida.<\/p>\n\n\n\n<p><em><strong>ATEN\u00c7\u00c3O: As informa\u00e7\u00f5es apresentadas neste conte\u00fado t\u00eam car\u00e1ter exclusivamente informativo e n\u00e3o substituem avalia\u00e7\u00e3o, diagn\u00f3stico ou acompanhamento realizado por profissionais da sa\u00fade. <\/strong><\/em><\/p>\n","protected":false},"excerpt":{"rendered":"<p>Curiosidades da Psicologia Nem todo mundo celebra: Para algumas pessoas, anivers\u00e1rios despertam emo\u00e7\u00f5es complexas, n\u00e3o apenas alegria. Press\u00e3o social pesa: Sabe quando parece obriga\u00e7\u00e3o ser feliz? Isso pode gerar ansiedade e desconforto. Reflex\u00e3o profunda: A psicologia mostra que anivers\u00e1rios ativam pensamentos sobre tempo, vida e autoestima. Nem todo mundo sente vontade de comemorar o pr\u00f3prio [&hellip;]<\/p>\n","protected":false},"author":23,"featured_media":127156,"comment_status":"open","ping_status":"open","sticky":false,"template":"","format":"standard","meta":{"jnews-multi-image_gallery":[],"jnews_single_post":{"format":"standard"},"jnews_primary_category":[],"jnews_social_meta":[],"jnews_override_counter":[],"footnotes":""},"categories":[3046,475],"tags":[23435,1852,8794],"class_list":["post-127155","post","type-post","status-publish","format-standard","has-post-thumbnail","hentry","category-curiosidades","category-entretenimento","tag-comemorar-aniversarios","tag-psicologia","tag-trauma"],"yoast_head":"<!-- This site is optimized with the Yoast SEO plugin v26.5 - https:\/\/yoast.com\/wordpress\/plugins\/seo\/ -->\n<title>Por que algumas pessoas n\u00e3o gostam de comemorar anivers\u00e1rios? A explica\u00e7\u00e3o psicol\u00f3gica - UAI Not\u00edcias<\/title>\n<meta name=\"description\" content=\"O desconforto com anivers\u00e1rios pode ter causas psicol\u00f3gicas pouco conhecidas e os motivos surpreendem muita gente\" \/>\n<meta name=\"robots\" content=\"index, follow, max-snippet:-1, max-image-preview:large, max-video-preview:-1\" \/>\n<link rel=\"canonical\" href=\"https:\/\/www.uai.com.br\/uainoticias\/2026\/04\/27\/por-que-algumas-pessoas-nao-gostam-de-comemorar-aniversarios-a-explicacao-psicologica\/\" \/>\n<meta property=\"og:locale\" content=\"pt_BR\" \/>\n<meta property=\"og:type\" content=\"article\" \/>\n<meta property=\"og:title\" content=\"Por que algumas pessoas n\u00e3o gostam de comemorar anivers\u00e1rios? A explica\u00e7\u00e3o psicol\u00f3gica - UAI Not\u00edcias\" \/>\n<meta property=\"og:description\" content=\"O desconforto com anivers\u00e1rios pode ter causas psicol\u00f3gicas pouco conhecidas e os motivos surpreendem muita gente\" \/>\n<meta property=\"og:url\" content=\"https:\/\/www.uai.com.br\/uainoticias\/2026\/04\/27\/por-que-algumas-pessoas-nao-gostam-de-comemorar-aniversarios-a-explicacao-psicologica\/\" \/>\n<meta property=\"og:site_name\" content=\"UAI Not\u00edcias\" \/>\n<meta property=\"article:published_time\" content=\"2026-04-27T22:45:00+00:00\" \/>\n<meta property=\"og:image\" content=\"https:\/\/www.uai.com.br\/uainoticias\/wp-content\/uploads\/2026\/04\/Design_sem_nome-2026-04-25T020217.242.jpg\" \/>\n\t<meta property=\"og:image:width\" content=\"1280\" \/>\n\t<meta property=\"og:image:height\" content=\"720\" \/>\n\t<meta property=\"og:image:type\" content=\"image\/jpeg\" \/>\n<meta name=\"author\" content=\"Gustavo Trindade\" \/>\n<meta name=\"twitter:card\" content=\"summary_large_image\" \/>\n<meta name=\"twitter:label1\" content=\"Escrito por\" \/>\n\t<meta name=\"twitter:data1\" content=\"Gustavo Trindade\" \/>\n\t<meta name=\"twitter:label2\" content=\"Est. tempo de leitura\" \/>\n\t<meta name=\"twitter:data2\" content=\"4 minutos\" \/>\n<!-- \/ Yoast SEO plugin. -->","yoast_head_json":{"title":"Por que algumas pessoas n\u00e3o gostam de comemorar anivers\u00e1rios? A explica\u00e7\u00e3o psicol\u00f3gica - UAI Not\u00edcias","description":"O desconforto com anivers\u00e1rios pode ter causas psicol\u00f3gicas pouco conhecidas e os motivos surpreendem muita gente","robots":{"index":"index","follow":"follow","max-snippet":"max-snippet:-1","max-image-preview":"max-image-preview:large","max-video-preview":"max-video-preview:-1"},"canonical":"https:\/\/www.uai.com.br\/uainoticias\/2026\/04\/27\/por-que-algumas-pessoas-nao-gostam-de-comemorar-aniversarios-a-explicacao-psicologica\/","og_locale":"pt_BR","og_type":"article","og_title":"Por que algumas pessoas n\u00e3o gostam de comemorar anivers\u00e1rios? A explica\u00e7\u00e3o psicol\u00f3gica - UAI Not\u00edcias","og_description":"O desconforto com anivers\u00e1rios pode ter causas psicol\u00f3gicas pouco conhecidas e os motivos surpreendem muita gente","og_url":"https:\/\/www.uai.com.br\/uainoticias\/2026\/04\/27\/por-que-algumas-pessoas-nao-gostam-de-comemorar-aniversarios-a-explicacao-psicologica\/","og_site_name":"UAI Not\u00edcias","article_published_time":"2026-04-27T22:45:00+00:00","og_image":[{"width":1280,"height":720,"url":"https:\/\/www.uai.com.br\/uainoticias\/wp-content\/uploads\/2026\/04\/Design_sem_nome-2026-04-25T020217.242.jpg","type":"image\/jpeg"}],"author":"Gustavo Trindade","twitter_card":"summary_large_image","twitter_misc":{"Escrito por":"Gustavo Trindade","Est. tempo de leitura":"4 minutos"},"schema":{"@context":"https:\/\/schema.org","@graph":[{"@type":"WebPage","@id":"https:\/\/www.uai.com.br\/uainoticias\/2026\/04\/27\/por-que-algumas-pessoas-nao-gostam-de-comemorar-aniversarios-a-explicacao-psicologica\/","url":"https:\/\/www.uai.com.br\/uainoticias\/2026\/04\/27\/por-que-algumas-pessoas-nao-gostam-de-comemorar-aniversarios-a-explicacao-psicologica\/","name":"Por que algumas pessoas n\u00e3o gostam de comemorar anivers\u00e1rios? A explica\u00e7\u00e3o psicol\u00f3gica - UAI Not\u00edcias","isPartOf":{"@id":"https:\/\/www.uai.com.br\/uainoticias\/#website"},"primaryImageOfPage":{"@id":"https:\/\/www.uai.com.br\/uainoticias\/2026\/04\/27\/por-que-algumas-pessoas-nao-gostam-de-comemorar-aniversarios-a-explicacao-psicologica\/#primaryimage"},"image":{"@id":"https:\/\/www.uai.com.br\/uainoticias\/2026\/04\/27\/por-que-algumas-pessoas-nao-gostam-de-comemorar-aniversarios-a-explicacao-psicologica\/#primaryimage"},"thumbnailUrl":"https:\/\/www.uai.com.br\/uainoticias\/wp-content\/uploads\/2026\/04\/Design_sem_nome-2026-04-25T020217.242.jpg","datePublished":"2026-04-27T22:45:00+00:00","author":{"@id":"https:\/\/www.uai.com.br\/uainoticias\/#\/schema\/person\/060f8bb02e250479c83590e2c4706fcc"},"description":"O desconforto com anivers\u00e1rios pode ter causas psicol\u00f3gicas pouco conhecidas e os motivos surpreendem muita gente","breadcrumb":{"@id":"https:\/\/www.uai.com.br\/uainoticias\/2026\/04\/27\/por-que-algumas-pessoas-nao-gostam-de-comemorar-aniversarios-a-explicacao-psicologica\/#breadcrumb"},"inLanguage":"pt-BR","potentialAction":[{"@type":"ReadAction","target":["https:\/\/www.uai.com.br\/uainoticias\/2026\/04\/27\/por-que-algumas-pessoas-nao-gostam-de-comemorar-aniversarios-a-explicacao-psicologica\/"]}]},{"@type":"ImageObject","inLanguage":"pt-BR","@id":"https:\/\/www.uai.com.br\/uainoticias\/2026\/04\/27\/por-que-algumas-pessoas-nao-gostam-de-comemorar-aniversarios-a-explicacao-psicologica\/#primaryimage","url":"https:\/\/www.uai.com.br\/uainoticias\/wp-content\/uploads\/2026\/04\/Design_sem_nome-2026-04-25T020217.242.jpg","contentUrl":"https:\/\/www.uai.com.br\/uainoticias\/wp-content\/uploads\/2026\/04\/Design_sem_nome-2026-04-25T020217.242.jpg","width":1280,"height":720,"caption":"Reflex\u00e3o emocional ativada por datas simb\u00f3licas e passagem do tempo"},{"@type":"BreadcrumbList","@id":"https:\/\/www.uai.com.br\/uainoticias\/2026\/04\/27\/por-que-algumas-pessoas-nao-gostam-de-comemorar-aniversarios-a-explicacao-psicologica\/#breadcrumb","itemListElement":[{"@type":"ListItem","position":1,"name":"In\u00edcio","item":"https:\/\/www.uai.com.br\/uainoticias\/"},{"@type":"ListItem","position":2,"name":"Por que algumas pessoas n\u00e3o gostam de comemorar anivers\u00e1rios? A explica\u00e7\u00e3o psicol\u00f3gica"}]},{"@type":"WebSite","@id":"https:\/\/www.uai.com.br\/uainoticias\/#website","url":"https:\/\/www.uai.com.br\/uainoticias\/","name":"UAI Not\u00edcias","description":"Acompanhe as \u00faltimas not\u00edcias e fique bem informado sobre tudo o que acontece no Brasil e no mundo.","potentialAction":[{"@type":"SearchAction","target":{"@type":"EntryPoint","urlTemplate":"https:\/\/www.uai.com.br\/uainoticias\/?s={search_term_string}"},"query-input":{"@type":"PropertyValueSpecification","valueRequired":true,"valueName":"search_term_string"}}],"inLanguage":"pt-BR"},{"@type":"Person","@id":"https:\/\/www.uai.com.br\/uainoticias\/#\/schema\/person\/060f8bb02e250479c83590e2c4706fcc","name":"Gustavo Trindade","image":{"@type":"ImageObject","inLanguage":"pt-BR","@id":"https:\/\/www.uai.com.br\/uainoticias\/#\/schema\/person\/image\/","url":"https:\/\/secure.gravatar.com\/avatar\/05714a54ada0bd2b20e75b2c72a9e7802581213945810c2354d320b79f27b427?s=96&d=mm&r=g","contentUrl":"https:\/\/secure.gravatar.com\/avatar\/05714a54ada0bd2b20e75b2c72a9e7802581213945810c2354d320b79f27b427?s=96&d=mm&r=g","caption":"Gustavo Trindade"},"sameAs":["https:\/\/www.uai.com.br\/uainoticias\/"],"url":"https:\/\/www.uai.com.br\/uainoticias\/author\/gustavotrindade\/"}]}},"_links":{"self":[{"href":"https:\/\/www.uai.com.br\/uainoticias\/wp-json\/wp\/v2\/posts\/127155","targetHints":{"allow":["GET"]}}],"collection":[{"href":"https:\/\/www.uai.com.br\/uainoticias\/wp-json\/wp\/v2\/posts"}],"about":[{"href":"https:\/\/www.uai.com.br\/uainoticias\/wp-json\/wp\/v2\/types\/post"}],"author":[{"embeddable":true,"href":"https:\/\/www.uai.com.br\/uainoticias\/wp-json\/wp\/v2\/users\/23"}],"replies":[{"embeddable":true,"href":"https:\/\/www.uai.com.br\/uainoticias\/wp-json\/wp\/v2\/comments?post=127155"}],"version-history":[{"count":1,"href":"https:\/\/www.uai.com.br\/uainoticias\/wp-json\/wp\/v2\/posts\/127155\/revisions"}],"predecessor-version":[{"id":127158,"href":"https:\/\/www.uai.com.br\/uainoticias\/wp-json\/wp\/v2\/posts\/127155\/revisions\/127158"}],"wp:featuredmedia":[{"embeddable":true,"href":"https:\/\/www.uai.com.br\/uainoticias\/wp-json\/wp\/v2\/media\/127156"}],"wp:attachment":[{"href":"https:\/\/www.uai.com.br\/uainoticias\/wp-json\/wp\/v2\/media?parent=127155"}],"wp:term":[{"taxonomy":"category","embeddable":true,"href":"https:\/\/www.uai.com.br\/uainoticias\/wp-json\/wp\/v2\/categories?post=127155"},{"taxonomy":"post_tag","embeddable":true,"href":"https:\/\/www.uai.com.br\/uainoticias\/wp-json\/wp\/v2\/tags?post=127155"}],"curies":[{"name":"wp","href":"https:\/\/api.w.org\/{rel}","templated":true}]}}