{"id":127151,"date":"2026-04-27T18:35:00","date_gmt":"2026-04-27T21:35:00","guid":{"rendered":"https:\/\/www.uai.com.br\/uainoticias\/?p=127151"},"modified":"2026-04-25T01:58:07","modified_gmt":"2026-04-25T04:58:07","slug":"a-psicologia-por-tras-de-quem-precisa-de-tempo-sozinho-para-se-sentir-bem","status":"publish","type":"post","link":"https:\/\/www.uai.com.br\/uainoticias\/2026\/04\/27\/a-psicologia-por-tras-de-quem-precisa-de-tempo-sozinho-para-se-sentir-bem\/","title":{"rendered":"A psicologia por tr\u00e1s de quem precisa de tempo sozinho para se sentir bem"},"content":{"rendered":"\n<link href=\"https:\/\/fonts.googleapis.com\/css2?family=Inter:wght@400;600;700;800&#038;display=swap\" rel=\"stylesheet\">\r\n<style>\r\n\/* Prote\u00e7\u00e3o contra inje\u00e7\u00e3o do \"Veja Tamb\u00e9m\" (JNews inline related posts) *\/\r\n.rdp-curiosidades-wrapper .jnews_inline_related_post_wrapper,\r\n.rdp-curiosidades-wrapper .jnews_inline_related_post,\r\n.rdp-curiosidades-wrapper .jeg_postblock,\r\n.rdp-curiosidades-wrapper [class*=\"jnews_inline\"],\r\n.rdp-curiosidades-wrapper [class*=\"jeg_postblock\"],\r\n.rdp-curiosidades-wrapper [class*=\"jeg_block\"] {\r\n  display: none !important;\r\n  height: 0 !important;\r\n  max-height: 0 !important;\r\n  overflow: hidden !important;\r\n  visibility: hidden !important;\r\n  margin: 0 !important;\r\n  padding: 0 !important;\r\n  border: none !important;\r\n  font-size: 0 !important;\r\n  line-height: 0 !important;\r\n}\r\n.rdp-curiosidades-wrapper {\r\n  max-width: 620px;\r\n  margin: 28px auto;\r\n  background: #FFFFFF;\r\n  border: 1px solid #E0E0E0;\r\n  border-top: 3px solid #2FC3EE;\r\n  border-radius: 12px;\r\n  padding: 28px 32px;\r\n  font-family: 'Inter', sans-serif;\r\n  box-shadow: 0 4px 20px rgba(47,195,238,0.18);\r\n  overflow: hidden;\r\n  contain: layout style;\r\n  isolation: isolate;\r\n  position: relative;\r\n  z-index: 1;\r\n}\r\n.rdp-curiosidades-wrapper > *:not(.rdp-curiosidades-header):not(.rdp-curiosidades-list) {\r\n  display: none !important;\r\n  height: 0 !important;\r\n  overflow: hidden !important;\r\n  margin: 0 !important;\r\n  padding: 0 !important;\r\n  border: none !important;\r\n}\r\n.rdp-curiosidades-header {\r\n  display: flex;\r\n  align-items: center;\r\n  justify-content: center;\r\n  gap: 16px;\r\n  margin-bottom: 24px;\r\n}\r\n.rdp-curiosidades-line {\r\n  flex: 1;\r\n  height: 1px;\r\n  background: #E0E0E0;\r\n}\r\n.rdp-curiosidades-title {\r\n  font-size: 12px;\r\n  font-weight: 800;\r\n  text-transform: uppercase;\r\n  letter-spacing: 4px;\r\n  color: #1A1A1A;\r\n}\r\n.rdp-curiosidades-list {\r\n  list-style: none;\r\n  padding: 0;\r\n  margin: 0;\r\n  text-align: center;\r\n}\r\n.rdp-curiosidades-item {\r\n  padding: 0 0 18px 0;\r\n  line-height: 1.7;\r\n}\r\n.rdp-curiosidades-item:last-child {\r\n  padding-bottom: 0;\r\n}\r\n.rdp-curiosidades-item-bullet {\r\n  display: inline-block;\r\n  width: 8px;\r\n  height: 8px;\r\n  background: #2FC3EE;\r\n  border-radius: 50%;\r\n  margin-right: 10px;\r\n}\r\n.rdp-curiosidades-item-title {\r\n  font-size: 15px;\r\n  font-weight: 700;\r\n  color: #1A1A1A;\r\n}\r\n.rdp-curiosidades-item-desc {\r\n  font-size: 15px;\r\n  color: #333333;\r\n}\r\n<\/style>\r\n<div class=\"rdp-curiosidades-wrapper\">\r\n  <div class=\"rdp-curiosidades-header\">\r\n    <span class=\"rdp-curiosidades-line\"><\/span>\r\n    <span class=\"rdp-curiosidades-title\">Curiosidades da Psicologia<\/span>\r\n    <span class=\"rdp-curiosidades-line\"><\/span>\r\n  <\/div>\r\n  <ul class=\"rdp-curiosidades-list\">\r\n    <li class=\"rdp-curiosidades-item\">\r\n      <span class=\"rdp-curiosidades-item-bullet\"><\/span><span class=\"rdp-curiosidades-item-title\">N\u00e3o \u00e9 solid\u00e3o:<\/span> <span class=\"rdp-curiosidades-item-desc\">precisar de tempo sozinho muitas vezes \u00e9 um sinal de equil\u00edbrio emocional, n\u00e3o de isolamento.<\/span>\r\n    <\/li>\r\n    <li class=\"rdp-curiosidades-item\">\r\n      <span class=\"rdp-curiosidades-item-bullet\"><\/span><span class=\"rdp-curiosidades-item-title\">Acontece no dia a dia:<\/span> <span class=\"rdp-curiosidades-item-desc\">sabe quando voc\u00ea quer um momento s\u00f3 seu depois de um dia cheio? Isso \u00e9 mais comum do que parece.<\/span>\r\n    <\/li>\r\n    <li class=\"rdp-curiosidades-item\">\r\n      <span class=\"rdp-curiosidades-item-bullet\"><\/span><span class=\"rdp-curiosidades-item-title\">A mente precisa de pausa:<\/span> <span class=\"rdp-curiosidades-item-desc\">a psicologia mostra que o sil\u00eancio ajuda a organizar pensamentos e emo\u00e7\u00f5es.<\/span>\r\n    <\/li>\r\n  <\/ul>\r\n<\/div>\r\n<div style=\"clear:both;height:0;overflow:hidden;\"><\/div>\n\n\n\n<p>Voc\u00ea j\u00e1 sentiu aquela vontade de ficar um tempo sozinha, em sil\u00eancio, s\u00f3 para organizar a mente e respirar melhor? A psicologia mostra que essa necessidade de tempo sozinho est\u00e1 profundamente ligada ao nosso bem-estar emocional, ao autoconhecimento e \u00e0 forma como lidamos com sentimentos, pensamentos e rela\u00e7\u00f5es.<\/p>\n\n\n\n<h2 class=\"wp-block-heading\">O que a psicologia diz sobre a necessidade de tempo sozinho<\/h2>\n\n\n\n<p>A necessidade de tempo sozinho n\u00e3o significa rejeitar as pessoas, mas sim cuidar da pr\u00f3pria <strong>sa\u00fade mental<\/strong>. A mente precisa de pausas para processar emo\u00e7\u00f5es, reduzir a sobrecarga e restaurar o equil\u00edbrio emocional.<\/p>\n\n\n\n<p>Na psicologia, isso est\u00e1 muito ligado ao conceito de <strong>autorregula\u00e7\u00e3o emocional<\/strong>, que \u00e9 a capacidade de entender e organizar os pr\u00f3prios sentimentos. \u00c9 como dar um \u201crespiro\u201d para o c\u00e9rebro depois de um dia cheio de est\u00edmulos.<\/p>\n\n\n<div class=\"wp-block-image\">\n<figure class=\"aligncenter size-large\"><img decoding=\"async\" width=\"1024\" height=\"576\" src=\"https:\/\/www.uai.com.br\/uainoticias\/wp-content\/uploads\/2026\/04\/Design_sem_nome-2026-04-25T015634.783-1024x576.jpg\" alt=\"A psicologia por tr\u00e1s de quem precisa de tempo sozinho para se sentir bem\" class=\"wp-image-127153\" srcset=\"https:\/\/www.uai.com.br\/uainoticias\/wp-content\/uploads\/2026\/04\/Design_sem_nome-2026-04-25T015634.783-1024x576.jpg 1024w, https:\/\/www.uai.com.br\/uainoticias\/wp-content\/uploads\/2026\/04\/Design_sem_nome-2026-04-25T015634.783-300x169.jpg 300w, https:\/\/www.uai.com.br\/uainoticias\/wp-content\/uploads\/2026\/04\/Design_sem_nome-2026-04-25T015634.783-768x432.jpg 768w, https:\/\/www.uai.com.br\/uainoticias\/wp-content\/uploads\/2026\/04\/Design_sem_nome-2026-04-25T015634.783-750x422.jpg 750w, https:\/\/www.uai.com.br\/uainoticias\/wp-content\/uploads\/2026\/04\/Design_sem_nome-2026-04-25T015634.783-1140x641.jpg 1140w, https:\/\/www.uai.com.br\/uainoticias\/wp-content\/uploads\/2026\/04\/Design_sem_nome-2026-04-25T015634.783.jpg 1280w\" sizes=\"(max-width: 1024px) 100vw, 1024px\" \/><figcaption class=\"wp-element-caption\">Regula\u00e7\u00e3o emocional por meio de momentos de sil\u00eancio<\/figcaption><\/figure><\/div>\n\n\n<h2 class=\"wp-block-heading\">Como isso aparece no nosso dia a dia<\/h2>\n\n\n\n<p>No cotidiano, essa necessidade pode surgir depois de cuidar da casa, dos filhos ou lidar com v\u00e1rias demandas ao mesmo tempo. \u00c0s vezes, tudo o que a gente precisa \u00e9 de alguns minutos em sil\u00eancio para recuperar a energia emocional.<\/p>\n\n\n\n<p>Tamb\u00e9m aparece quando sentimos que estamos mais irritadas, cansadas ou sem paci\u00eancia. O corpo e a mente d\u00e3o sinais de que \u00e9 hora de desacelerar e olhar para dentro, fortalecendo o <strong>autocuidado<\/strong> e o bem-estar.<\/p>\n\n\n\n<figure class=\"wp-block-embed is-type-video is-provider-youtube wp-block-embed-youtube wp-embed-aspect-16-9 wp-has-aspect-ratio\"><div class=\"wp-block-embed__wrapper\">\n<div class=\"jeg_video_container jeg_video_content\"><iframe loading=\"lazy\" title=\"O Que Fazer Quando Se Sentir Sozinho?\" width=\"500\" height=\"281\" src=\"https:\/\/www.youtube.com\/embed\/QKzqYt89Q68?feature=oembed\" frameborder=\"0\" allow=\"accelerometer; autoplay; clipboard-write; encrypted-media; gyroscope; picture-in-picture; web-share\" referrerpolicy=\"strict-origin-when-cross-origin\" allowfullscreen><\/iframe><\/div>\n<\/div><\/figure>\n\n\n\n<h2 class=\"wp-block-heading\">Introvers\u00e3o e equil\u00edbrio emocional: o que mais a psicologia revela<\/h2>\n\n\n\n<p>Pessoas mais introvertidas, por exemplo, costumam recarregar energia no sil\u00eancio e na solitude. Mas isso n\u00e3o significa timidez ou dificuldade social, e sim uma forma natural de funcionamento emocional.<\/p>\n\n\n\n<p>Al\u00e9m disso, estudos mostram que momentos de solitude ajudam no <strong>autoconhecimento<\/strong>, aumentam a criatividade e fortalecem a conex\u00e3o consigo mesma. \u00c9 nesse espa\u00e7o interno que muitas vezes conseguimos refletir e compreender melhor nossos sentimentos.<\/p>\n\n\n\n<link href=\"https:\/\/fonts.googleapis.com\/css2?family=Inter:wght@400;600;700;800&#038;display=swap\" rel=\"stylesheet\">\r\n<style>\r\n\/* Prote\u00e7\u00e3o contra inje\u00e7\u00e3o do \"Veja Tamb\u00e9m\" *\/\r\n.rdp-pontos-wrapper .jnews_inline_related_post_wrapper,\r\n.rdp-pontos-wrapper .jnews_inline_related_post,\r\n.rdp-pontos-wrapper .jeg_postblock,\r\n.rdp-pontos-wrapper [class*=\"jnews_inline\"],\r\n.rdp-pontos-wrapper [class*=\"jeg_postblock\"],\r\n.rdp-pontos-wrapper [class*=\"jeg_block\"] {\r\n  display: none !important;\r\n}\r\n.rdp-pontos-wrapper {\r\n  margin: 32px 0;\r\n  background: #F8F9FA;\r\n  border: 1px solid #E0E0E0;\r\n  border-radius: 12px;\r\n  padding: 28px;\r\n  font-family: 'Inter', sans-serif;\r\n  box-shadow: 0 4px 20px rgba(47,195,238,0.12);\r\n  overflow: hidden;\r\n}\r\n.rdp-pontos-title {\r\n  text-align: center;\r\n  font-weight: 800;\r\n  margin-bottom: 20px;\r\n}\r\n.rdp-pontos-grid {\r\n  display: grid;\r\n  grid-template-columns: repeat(3, 1fr);\r\n  gap: 18px;\r\n}\r\n.rdp-pontos-item {\r\n  background: #FFFFFF;\r\n  border: 1px solid #E0E0E0;\r\n  border-top: 3px solid #2FC3EE;\r\n  border-radius: 10px;\r\n  padding: 20px;\r\n  text-align: center;\r\n}\r\n.rdp-pontos-emoji {\r\n  font-size: 32px;\r\n}\r\n<\/style>\r\n<div class=\"rdp-pontos-wrapper\">\r\n  <div class=\"rdp-pontos-title\">Pontos-chave da psicologia<\/div>\r\n  <div class=\"rdp-pontos-grid\">\r\n    <div class=\"rdp-pontos-item\">\r\n      <span class=\"rdp-pontos-emoji\">\ud83e\udde0<\/span>\r\n      <div><strong>Tempo sozinho \u00e9 saud\u00e1vel<\/strong><\/div>\r\n      <p>Momentos de solitude ajudam a mente a descansar e organizar emo\u00e7\u00f5es.<\/p>\r\n    <\/div>\r\n    <div class=\"rdp-pontos-item\">\r\n      <span class=\"rdp-pontos-emoji\">\ud83d\udcad<\/span>\r\n      <div><strong>Aparece no cotidiano<\/strong><\/div>\r\n      <p>Surge quando estamos sobrecarregadas ou precisamos recuperar energia.<\/p>\r\n    <\/div>\r\n    <div class=\"rdp-pontos-item\">\r\n      <span class=\"rdp-pontos-emoji\">\ud83d\udc9b<\/span>\r\n      <div><strong>Fortalece o autoconhecimento<\/strong><\/div>\r\n      <p>Estar consigo mesma ajuda a entender sentimentos e necessidades internas.<\/p>\r\n    <\/div>\r\n  <\/div>\r\n<\/div>\r\n<div style=\"clear:both;height:0;overflow:hidden;\"><\/div>\n\n\n\n<p>Um artigo publicado no SciELO traz reflex\u00f5es importantes sobre o tema e pode ser consultado <a href=\"https:\/\/www.scielo.br\/j\/prc\/a\/zf3xQYy7dS9K3qH4tZ6p6yP\/\" target=\"_blank\" rel=\"noreferrer noopener\">nesta pesquisa sobre solitude e bem-estar psicol\u00f3gico<\/a>, aprofundando como esses momentos influenciam a sa\u00fade mental.<\/p>\n\n\n\n<h2 class=\"wp-block-heading\">Por que entender isso pode transformar sua vida<\/h2>\n\n\n\n<p>Quando voc\u00ea entende que precisar de tempo sozinho \u00e9 natural, deixa de se sentir culpada. Isso melhora a autoestima, fortalece o equil\u00edbrio emocional e ajuda a construir rela\u00e7\u00f5es mais saud\u00e1veis.<\/p>\n\n\n\n<p>Respeitar esse espa\u00e7o interno \u00e9 uma forma de autocuidado. \u00c9 como recarregar as energias para voltar ao conv\u00edvio com mais paci\u00eancia, presen\u00e7a e conex\u00e3o emocional.<\/p>\n\n\n\n<h2 class=\"wp-block-heading\">O que a psicologia ainda est\u00e1 descobrindo sobre o tempo sozinho<\/h2>\n\n\n\n<p>A psicologia continua investigando como a solitude impacta diferentes perfis de personalidade e fases da vida. Novos estudos mostram que esse equil\u00edbrio entre estar s\u00f3 e estar com os outros \u00e9 essencial para a sa\u00fade mental.<\/p>\n\n\n\n<p>No fim das contas, entender suas pr\u00f3prias necessidades emocionais \u00e9 um passo importante para viver com mais leveza. \u00c0s vezes, tudo o que a gente precisa \u00e9 de um tempinho s\u00f3 nosso para se reencontrar por dentro.<\/p>\n\n\n\n<p><strong><em>ATEN\u00c7\u00c3O: As informa\u00e7\u00f5es apresentadas neste conte\u00fado t\u00eam car\u00e1ter exclusivamente informativo e n\u00e3o substituem avalia\u00e7\u00e3o, diagn\u00f3stico ou acompanhamento realizado por profissionais da sa\u00fade.<\/em><\/strong><\/p>\n","protected":false},"excerpt":{"rendered":"<p>Curiosidades da Psicologia N\u00e3o \u00e9 solid\u00e3o: precisar de tempo sozinho muitas vezes \u00e9 um sinal de equil\u00edbrio emocional, n\u00e3o de isolamento. Acontece no dia a dia: sabe quando voc\u00ea quer um momento s\u00f3 seu depois de um dia cheio? Isso \u00e9 mais comum do que parece. A mente precisa de pausa: a psicologia mostra que [&hellip;]<\/p>\n","protected":false},"author":23,"featured_media":127152,"comment_status":"open","ping_status":"open","sticky":false,"template":"","format":"standard","meta":{"jnews-multi-image_gallery":[],"jnews_single_post":{"format":"standard"},"jnews_primary_category":[],"jnews_social_meta":[],"jnews_override_counter":[],"footnotes":""},"categories":[3046,475],"tags":[22582,1852,1446,1987],"class_list":["post-127151","post","type-post","status-publish","format-standard","has-post-thumbnail","hentry","category-curiosidades","category-entretenimento","tag-ficar-sozinho","tag-psicologia","tag-saude-mental","tag-tempo"],"yoast_head":"<!-- This site is optimized with the Yoast SEO plugin v26.5 - https:\/\/yoast.com\/wordpress\/plugins\/seo\/ -->\n<title>A psicologia por tr\u00e1s de quem precisa de tempo sozinho para se sentir bem - UAI Not\u00edcias<\/title>\n<meta name=\"description\" content=\"Precisar de tempo sozinho pode revelar muito sobre sua sa\u00fade emocional e os motivos por tr\u00e1s disso podem surpreender mais do que voc\u00ea imagina\" \/>\n<meta name=\"robots\" content=\"index, follow, max-snippet:-1, max-image-preview:large, max-video-preview:-1\" \/>\n<link rel=\"canonical\" href=\"https:\/\/www.uai.com.br\/uainoticias\/2026\/04\/27\/a-psicologia-por-tras-de-quem-precisa-de-tempo-sozinho-para-se-sentir-bem\/\" \/>\n<meta property=\"og:locale\" content=\"pt_BR\" \/>\n<meta property=\"og:type\" content=\"article\" \/>\n<meta property=\"og:title\" content=\"A psicologia por tr\u00e1s de quem precisa de tempo sozinho para se sentir bem - UAI Not\u00edcias\" \/>\n<meta property=\"og:description\" content=\"Precisar de tempo sozinho pode revelar muito sobre sua sa\u00fade emocional e os motivos por tr\u00e1s disso podem surpreender mais do que voc\u00ea imagina\" \/>\n<meta property=\"og:url\" content=\"https:\/\/www.uai.com.br\/uainoticias\/2026\/04\/27\/a-psicologia-por-tras-de-quem-precisa-de-tempo-sozinho-para-se-sentir-bem\/\" \/>\n<meta property=\"og:site_name\" content=\"UAI Not\u00edcias\" \/>\n<meta property=\"article:published_time\" content=\"2026-04-27T21:35:00+00:00\" \/>\n<meta property=\"og:image\" content=\"https:\/\/www.uai.com.br\/uainoticias\/wp-content\/uploads\/2026\/04\/Design_sem_nome-2026-04-25T015719.017.jpg\" \/>\n\t<meta property=\"og:image:width\" content=\"1280\" \/>\n\t<meta property=\"og:image:height\" content=\"720\" \/>\n\t<meta property=\"og:image:type\" content=\"image\/jpeg\" \/>\n<meta name=\"author\" content=\"Gustavo Trindade\" \/>\n<meta name=\"twitter:card\" content=\"summary_large_image\" \/>\n<meta name=\"twitter:label1\" content=\"Escrito por\" \/>\n\t<meta name=\"twitter:data1\" content=\"Gustavo Trindade\" \/>\n\t<meta name=\"twitter:label2\" content=\"Est. tempo de leitura\" \/>\n\t<meta name=\"twitter:data2\" content=\"4 minutos\" \/>\n<!-- \/ Yoast SEO plugin. -->","yoast_head_json":{"title":"A psicologia por tr\u00e1s de quem precisa de tempo sozinho para se sentir bem - UAI Not\u00edcias","description":"Precisar de tempo sozinho pode revelar muito sobre sua sa\u00fade emocional e os motivos por tr\u00e1s disso podem surpreender mais do que voc\u00ea imagina","robots":{"index":"index","follow":"follow","max-snippet":"max-snippet:-1","max-image-preview":"max-image-preview:large","max-video-preview":"max-video-preview:-1"},"canonical":"https:\/\/www.uai.com.br\/uainoticias\/2026\/04\/27\/a-psicologia-por-tras-de-quem-precisa-de-tempo-sozinho-para-se-sentir-bem\/","og_locale":"pt_BR","og_type":"article","og_title":"A psicologia por tr\u00e1s de quem precisa de tempo sozinho para se sentir bem - UAI Not\u00edcias","og_description":"Precisar de tempo sozinho pode revelar muito sobre sua sa\u00fade emocional e os motivos por tr\u00e1s disso podem surpreender mais do que voc\u00ea imagina","og_url":"https:\/\/www.uai.com.br\/uainoticias\/2026\/04\/27\/a-psicologia-por-tras-de-quem-precisa-de-tempo-sozinho-para-se-sentir-bem\/","og_site_name":"UAI Not\u00edcias","article_published_time":"2026-04-27T21:35:00+00:00","og_image":[{"width":1280,"height":720,"url":"https:\/\/www.uai.com.br\/uainoticias\/wp-content\/uploads\/2026\/04\/Design_sem_nome-2026-04-25T015719.017.jpg","type":"image\/jpeg"}],"author":"Gustavo Trindade","twitter_card":"summary_large_image","twitter_misc":{"Escrito por":"Gustavo Trindade","Est. tempo de leitura":"4 minutos"},"schema":{"@context":"https:\/\/schema.org","@graph":[{"@type":"WebPage","@id":"https:\/\/www.uai.com.br\/uainoticias\/2026\/04\/27\/a-psicologia-por-tras-de-quem-precisa-de-tempo-sozinho-para-se-sentir-bem\/","url":"https:\/\/www.uai.com.br\/uainoticias\/2026\/04\/27\/a-psicologia-por-tras-de-quem-precisa-de-tempo-sozinho-para-se-sentir-bem\/","name":"A psicologia por tr\u00e1s de quem precisa de tempo sozinho para se sentir bem - UAI Not\u00edcias","isPartOf":{"@id":"https:\/\/www.uai.com.br\/uainoticias\/#website"},"primaryImageOfPage":{"@id":"https:\/\/www.uai.com.br\/uainoticias\/2026\/04\/27\/a-psicologia-por-tras-de-quem-precisa-de-tempo-sozinho-para-se-sentir-bem\/#primaryimage"},"image":{"@id":"https:\/\/www.uai.com.br\/uainoticias\/2026\/04\/27\/a-psicologia-por-tras-de-quem-precisa-de-tempo-sozinho-para-se-sentir-bem\/#primaryimage"},"thumbnailUrl":"https:\/\/www.uai.com.br\/uainoticias\/wp-content\/uploads\/2026\/04\/Design_sem_nome-2026-04-25T015719.017.jpg","datePublished":"2026-04-27T21:35:00+00:00","author":{"@id":"https:\/\/www.uai.com.br\/uainoticias\/#\/schema\/person\/060f8bb02e250479c83590e2c4706fcc"},"description":"Precisar de tempo sozinho pode revelar muito sobre sua sa\u00fade emocional e os motivos por tr\u00e1s disso podem surpreender mais do que voc\u00ea imagina","breadcrumb":{"@id":"https:\/\/www.uai.com.br\/uainoticias\/2026\/04\/27\/a-psicologia-por-tras-de-quem-precisa-de-tempo-sozinho-para-se-sentir-bem\/#breadcrumb"},"inLanguage":"pt-BR","potentialAction":[{"@type":"ReadAction","target":["https:\/\/www.uai.com.br\/uainoticias\/2026\/04\/27\/a-psicologia-por-tras-de-quem-precisa-de-tempo-sozinho-para-se-sentir-bem\/"]}]},{"@type":"ImageObject","inLanguage":"pt-BR","@id":"https:\/\/www.uai.com.br\/uainoticias\/2026\/04\/27\/a-psicologia-por-tras-de-quem-precisa-de-tempo-sozinho-para-se-sentir-bem\/#primaryimage","url":"https:\/\/www.uai.com.br\/uainoticias\/wp-content\/uploads\/2026\/04\/Design_sem_nome-2026-04-25T015719.017.jpg","contentUrl":"https:\/\/www.uai.com.br\/uainoticias\/wp-content\/uploads\/2026\/04\/Design_sem_nome-2026-04-25T015719.017.jpg","width":1280,"height":720,"caption":"Necessidade emocional de solitude para reorganiza\u00e7\u00e3o da mente"},{"@type":"BreadcrumbList","@id":"https:\/\/www.uai.com.br\/uainoticias\/2026\/04\/27\/a-psicologia-por-tras-de-quem-precisa-de-tempo-sozinho-para-se-sentir-bem\/#breadcrumb","itemListElement":[{"@type":"ListItem","position":1,"name":"In\u00edcio","item":"https:\/\/www.uai.com.br\/uainoticias\/"},{"@type":"ListItem","position":2,"name":"A psicologia por tr\u00e1s de quem precisa de tempo sozinho para se sentir bem"}]},{"@type":"WebSite","@id":"https:\/\/www.uai.com.br\/uainoticias\/#website","url":"https:\/\/www.uai.com.br\/uainoticias\/","name":"UAI Not\u00edcias","description":"Acompanhe as \u00faltimas not\u00edcias e fique bem informado sobre tudo o que acontece no Brasil e no mundo.","potentialAction":[{"@type":"SearchAction","target":{"@type":"EntryPoint","urlTemplate":"https:\/\/www.uai.com.br\/uainoticias\/?s={search_term_string}"},"query-input":{"@type":"PropertyValueSpecification","valueRequired":true,"valueName":"search_term_string"}}],"inLanguage":"pt-BR"},{"@type":"Person","@id":"https:\/\/www.uai.com.br\/uainoticias\/#\/schema\/person\/060f8bb02e250479c83590e2c4706fcc","name":"Gustavo Trindade","image":{"@type":"ImageObject","inLanguage":"pt-BR","@id":"https:\/\/www.uai.com.br\/uainoticias\/#\/schema\/person\/image\/","url":"https:\/\/secure.gravatar.com\/avatar\/05714a54ada0bd2b20e75b2c72a9e7802581213945810c2354d320b79f27b427?s=96&d=mm&r=g","contentUrl":"https:\/\/secure.gravatar.com\/avatar\/05714a54ada0bd2b20e75b2c72a9e7802581213945810c2354d320b79f27b427?s=96&d=mm&r=g","caption":"Gustavo Trindade"},"sameAs":["https:\/\/www.uai.com.br\/uainoticias\/"],"url":"https:\/\/www.uai.com.br\/uainoticias\/author\/gustavotrindade\/"}]}},"_links":{"self":[{"href":"https:\/\/www.uai.com.br\/uainoticias\/wp-json\/wp\/v2\/posts\/127151","targetHints":{"allow":["GET"]}}],"collection":[{"href":"https:\/\/www.uai.com.br\/uainoticias\/wp-json\/wp\/v2\/posts"}],"about":[{"href":"https:\/\/www.uai.com.br\/uainoticias\/wp-json\/wp\/v2\/types\/post"}],"author":[{"embeddable":true,"href":"https:\/\/www.uai.com.br\/uainoticias\/wp-json\/wp\/v2\/users\/23"}],"replies":[{"embeddable":true,"href":"https:\/\/www.uai.com.br\/uainoticias\/wp-json\/wp\/v2\/comments?post=127151"}],"version-history":[{"count":1,"href":"https:\/\/www.uai.com.br\/uainoticias\/wp-json\/wp\/v2\/posts\/127151\/revisions"}],"predecessor-version":[{"id":127154,"href":"https:\/\/www.uai.com.br\/uainoticias\/wp-json\/wp\/v2\/posts\/127151\/revisions\/127154"}],"wp:featuredmedia":[{"embeddable":true,"href":"https:\/\/www.uai.com.br\/uainoticias\/wp-json\/wp\/v2\/media\/127152"}],"wp:attachment":[{"href":"https:\/\/www.uai.com.br\/uainoticias\/wp-json\/wp\/v2\/media?parent=127151"}],"wp:term":[{"taxonomy":"category","embeddable":true,"href":"https:\/\/www.uai.com.br\/uainoticias\/wp-json\/wp\/v2\/categories?post=127151"},{"taxonomy":"post_tag","embeddable":true,"href":"https:\/\/www.uai.com.br\/uainoticias\/wp-json\/wp\/v2\/tags?post=127151"}],"curies":[{"name":"wp","href":"https:\/\/api.w.org\/{rel}","templated":true}]}}