{"id":127147,"date":"2026-04-27T16:45:00","date_gmt":"2026-04-27T19:45:00","guid":{"rendered":"https:\/\/www.uai.com.br\/uainoticias\/?p=127147"},"modified":"2026-04-25T01:44:52","modified_gmt":"2026-04-25T04:44:52","slug":"a-psicologia-por-tras-de-quem-evita-demonstrar-sentimentos-no-dia-a-dia","status":"publish","type":"post","link":"https:\/\/www.uai.com.br\/uainoticias\/2026\/04\/27\/a-psicologia-por-tras-de-quem-evita-demonstrar-sentimentos-no-dia-a-dia\/","title":{"rendered":"A psicologia por tr\u00e1s de quem evita demonstrar sentimentos no dia a dia"},"content":{"rendered":"\n<link href=\"https:\/\/fonts.googleapis.com\/css2?family=Inter:wght@400;600;700;800&#038;display=swap\" rel=\"stylesheet\">\r\n<style>\r\n\/* Prote\u00e7\u00e3o contra inje\u00e7\u00e3o do \"Veja Tamb\u00e9m\" (JNews inline related posts) *\/\r\n.rdp-curiosidades-wrapper .jnews_inline_related_post_wrapper,\r\n.rdp-curiosidades-wrapper .jnews_inline_related_post,\r\n.rdp-curiosidades-wrapper .jeg_postblock,\r\n.rdp-curiosidades-wrapper [class*=\"jnews_inline\"],\r\n.rdp-curiosidades-wrapper [class*=\"jeg_postblock\"],\r\n.rdp-curiosidades-wrapper [class*=\"jeg_block\"] {\r\n  display: none !important;\r\n  height: 0 !important;\r\n  max-height: 0 !important;\r\n  overflow: hidden !important;\r\n  visibility: hidden !important;\r\n  margin: 0 !important;\r\n  padding: 0 !important;\r\n  border: none !important;\r\n  font-size: 0 !important;\r\n  line-height: 0 !important;\r\n}\r\n.rdp-curiosidades-wrapper {\r\n  max-width: 620px;\r\n  margin: 28px auto;\r\n  background: #FFFFFF;\r\n  border: 1px solid #E0E0E0;\r\n  border-top: 3px solid #2FC3EE;\r\n  border-radius: 12px;\r\n  padding: 28px 32px;\r\n  font-family: 'Inter', sans-serif;\r\n  box-shadow: 0 4px 20px rgba(47,195,238,0.18);\r\n  overflow: hidden;\r\n  contain: layout style;\r\n  isolation: isolate;\r\n  position: relative;\r\n  z-index: 1;\r\n}\r\n.rdp-curiosidades-wrapper > *:not(.rdp-curiosidades-header):not(.rdp-curiosidades-list) {\r\n  display: none !important;\r\n  height: 0 !important;\r\n  overflow: hidden !important;\r\n  margin: 0 !important;\r\n  padding: 0 !important;\r\n  border: none !important;\r\n}\r\n.rdp-curiosidades-header {\r\n  display: flex;\r\n  align-items: center;\r\n  justify-content: center;\r\n  gap: 16px;\r\n  margin-bottom: 24px;\r\n}\r\n.rdp-curiosidades-line {\r\n  flex: 1;\r\n  height: 1px;\r\n  background: #E0E0E0;\r\n}\r\n.rdp-curiosidades-title {\r\n  font-size: 12px;\r\n  font-weight: 800;\r\n  text-transform: uppercase;\r\n  letter-spacing: 4px;\r\n  color: #1A1A1A;\r\n}\r\n.rdp-curiosidades-list {\r\n  list-style: none;\r\n  padding: 0;\r\n  margin: 0;\r\n  text-align: center;\r\n}\r\n.rdp-curiosidades-item {\r\n  padding: 0 0 18px 0;\r\n  line-height: 1.7;\r\n}\r\n.rdp-curiosidades-item:last-child {\r\n  padding-bottom: 0;\r\n}\r\n.rdp-curiosidades-item-bullet {\r\n  display: inline-block;\r\n  width: 8px;\r\n  height: 8px;\r\n  background: #2FC3EE;\r\n  border-radius: 50%;\r\n  box-shadow: 0 0 6px rgba(47,195,238,0.40);\r\n  margin-right: 10px;\r\n}\r\n.rdp-curiosidades-item-title {\r\n  font-size: 15px;\r\n  font-weight: 700;\r\n  color: #1A1A1A;\r\n}\r\n.rdp-curiosidades-item-desc {\r\n  font-size: 15px;\r\n  color: #333333;\r\n}\r\n<\/style>\r\n<div class=\"rdp-curiosidades-wrapper\">\r\n  <div class=\"rdp-curiosidades-header\">\r\n    <span class=\"rdp-curiosidades-line\"><\/span>\r\n    <span class=\"rdp-curiosidades-title\">Curiosidades da Psicologia<\/span>\r\n    <span class=\"rdp-curiosidades-line\"><\/span>\r\n  <\/div>\r\n  <ul class=\"rdp-curiosidades-list\">\r\n    <li class=\"rdp-curiosidades-item\">\r\n      <span class=\"rdp-curiosidades-item-bullet\"><\/span><span class=\"rdp-curiosidades-item-title\">N\u00e3o \u00e9 frieza:<\/span> <span class=\"rdp-curiosidades-item-desc\">Muitas vezes, evitar sentimentos \u00e9 uma forma de prote\u00e7\u00e3o emocional que a mente cria para lidar com experi\u00eancias dif\u00edceis.<\/span>\r\n    <\/li>\r\n    <li class=\"rdp-curiosidades-item\">\r\n      <span class=\"rdp-curiosidades-item-bullet\"><\/span><span class=\"rdp-curiosidades-item-title\">Acontece no dia a dia:<\/span> <span class=\"rdp-curiosidades-item-desc\">Sabe quando algu\u00e9m diz \u201ct\u00e1 tudo bem\u201d mas claramente n\u00e3o est\u00e1? Esse comportamento \u00e9 mais comum do que parece.<\/span>\r\n    <\/li>\r\n    <li class=\"rdp-curiosidades-item\">\r\n      <span class=\"rdp-curiosidades-item-bullet\"><\/span><span class=\"rdp-curiosidades-item-title\">A mente protege:<\/span> <span class=\"rdp-curiosidades-item-desc\">A psicologia mostra que reprimir emo\u00e7\u00f5es pode aliviar na hora, mas pode afetar o bem-estar a longo prazo.<\/span>\r\n    <\/li>\r\n  <\/ul>\r\n<\/div>\r\n<div style=\"clear:both;height:0;overflow:hidden;\"><\/div>\n\n\n\n<p>Voc\u00ea j\u00e1 percebeu como algumas pessoas simplesmente n\u00e3o conseguem demonstrar sentimentos no dia a dia? Parece que guardam tudo para si, como se emo\u00e7\u00f5es fossem algo que precisa ser escondido. A <strong>psicologia<\/strong> explica que esse comportamento tem muito mais a ver com prote\u00e7\u00e3o emocional do que com falta de sentimento.<\/p>\n\n\n\n<h2 class=\"wp-block-heading\">O que a psicologia diz sobre evitar demonstrar sentimentos<\/h2>\n\n\n\n<p>Evitar demonstrar sentimentos est\u00e1 ligado a um mecanismo chamado <strong>regula\u00e7\u00e3o emocional<\/strong>. A mente, tentando proteger o equil\u00edbrio emocional, pode aprender a \u201csegurar\u201d emo\u00e7\u00f5es como tristeza, medo ou at\u00e9 alegria. Isso costuma acontecer quando a pessoa j\u00e1 viveu situa\u00e7\u00f5es em que expressar sentimentos trouxe dor ou rejei\u00e7\u00e3o.<\/p>\n\n\n\n<p>Na pr\u00e1tica, o c\u00e9rebro entende que \u00e9 mais seguro n\u00e3o se expor. \u00c9 como criar uma barreira invis\u00edvel. A pessoa sente tudo, mas n\u00e3o demonstra. Esse comportamento pode parecer frieza, mas na verdade revela um cuidado interno com a pr\u00f3pria <strong>sa\u00fade mental<\/strong>.<\/p>\n\n\n<div class=\"wp-block-image\">\n<figure class=\"aligncenter size-large\"><img decoding=\"async\" width=\"1024\" height=\"576\" src=\"https:\/\/www.uai.com.br\/uainoticias\/wp-content\/uploads\/2026\/04\/Design_sem_nome-2026-04-25T014347.735-1024x576.jpg\" alt=\"A psicologia por tr\u00e1s de quem evita demonstrar sentimentos no dia a dia\" class=\"wp-image-127149\" srcset=\"https:\/\/www.uai.com.br\/uainoticias\/wp-content\/uploads\/2026\/04\/Design_sem_nome-2026-04-25T014347.735-1024x576.jpg 1024w, https:\/\/www.uai.com.br\/uainoticias\/wp-content\/uploads\/2026\/04\/Design_sem_nome-2026-04-25T014347.735-300x169.jpg 300w, https:\/\/www.uai.com.br\/uainoticias\/wp-content\/uploads\/2026\/04\/Design_sem_nome-2026-04-25T014347.735-768x432.jpg 768w, https:\/\/www.uai.com.br\/uainoticias\/wp-content\/uploads\/2026\/04\/Design_sem_nome-2026-04-25T014347.735-750x422.jpg 750w, https:\/\/www.uai.com.br\/uainoticias\/wp-content\/uploads\/2026\/04\/Design_sem_nome-2026-04-25T014347.735-1140x641.jpg 1140w, https:\/\/www.uai.com.br\/uainoticias\/wp-content\/uploads\/2026\/04\/Design_sem_nome-2026-04-25T014347.735.jpg 1280w\" sizes=\"(max-width: 1024px) 100vw, 1024px\" \/><figcaption class=\"wp-element-caption\">Repress\u00e3o emocional que impacta diretamente o equil\u00edbrio da sa\u00fade mental<\/figcaption><\/figure><\/div>\n\n\n<h2 class=\"wp-block-heading\">Como isso aparece no nosso dia a dia<\/h2>\n\n\n\n<p>Esse tipo de comportamento aparece em situa\u00e7\u00f5es bem comuns. No relacionamento, por exemplo, a pessoa pode evitar falar sobre o que sente para n\u00e3o gerar conflito. Na fam\u00edlia, pode engolir emo\u00e7\u00f5es para manter a harmonia. No trabalho, pode esconder frustra\u00e7\u00f5es para parecer forte.<\/p>\n\n\n\n<p>Com o tempo, isso pode gerar um ac\u00famulo emocional. A pessoa continua funcionando, cuidando da rotina, da casa, dos filhos, mas internamente pode estar sobrecarregada. A dificuldade de <strong>expressar sentimentos<\/strong> acaba afetando v\u00ednculos e at\u00e9 a autoestima.<\/p>\n\n\n\n<figure class=\"wp-block-embed is-type-video is-provider-youtube wp-block-embed-youtube wp-embed-aspect-16-9 wp-has-aspect-ratio\"><div class=\"wp-block-embed__wrapper\">\n<div class=\"jeg_video_container jeg_video_content\"><iframe loading=\"lazy\" title=\"Como expressar SENTIMENTOS e EMO\u00c7\u00d5ES (ALEXITIMIA)\" width=\"500\" height=\"281\" src=\"https:\/\/www.youtube.com\/embed\/nPlBVexUVCQ?feature=oembed\" frameborder=\"0\" allow=\"accelerometer; autoplay; clipboard-write; encrypted-media; gyroscope; picture-in-picture; web-share\" referrerpolicy=\"strict-origin-when-cross-origin\" allowfullscreen><\/iframe><\/div>\n<\/div><\/figure>\n\n\n\n<h2 class=\"wp-block-heading\">Repress\u00e3o emocional: o que mais a psicologia revela<\/h2>\n\n\n\n<p>A repress\u00e3o emocional \u00e9 um conceito importante dentro da psicologia. Ela acontece quando sentimentos s\u00e3o ignorados ou \u201cguardados\u201d. No come\u00e7o, isso pode parecer uma solu\u00e7\u00e3o pr\u00e1tica, mas a longo prazo pode gerar ansiedade, irrita\u00e7\u00e3o e at\u00e9 sintomas f\u00edsicos.<\/p>\n\n\n\n<p>O mais interessante \u00e9 que o corpo e a mente n\u00e3o esquecem essas emo\u00e7\u00f5es. Elas continuam ali, influenciando pensamentos, comportamentos e rela\u00e7\u00f5es. Por isso, o autoconhecimento \u00e9 t\u00e3o importante para reconhecer e acolher o que sentimos.<\/p>\n\n\n\n<link href=\"https:\/\/fonts.googleapis.com\/css2?family=Inter:wght@400;600;700;800&#038;display=swap\" rel=\"stylesheet\">\r\n<style>\r\n\/* Prote\u00e7\u00e3o contra inje\u00e7\u00e3o do \"Veja Tamb\u00e9m\" (JNews inline related posts) *\/\r\n.rdp-pontos-wrapper .jnews_inline_related_post_wrapper,\r\n.rdp-pontos-wrapper .jnews_inline_related_post,\r\n.rdp-pontos-wrapper .jeg_postblock,\r\n.rdp-pontos-wrapper [class*=\"jnews_inline\"],\r\n.rdp-pontos-wrapper [class*=\"jeg_postblock\"],\r\n.rdp-pontos-wrapper [class*=\"jeg_block\"] {\r\n  display: none !important;\r\n  height: 0 !important;\r\n  max-height: 0 !important;\r\n  overflow: hidden !important;\r\n  visibility: hidden !important;\r\n  margin: 0 !important;\r\n  padding: 0 !important;\r\n  border: none !important;\r\n  font-size: 0 !important;\r\n  line-height: 0 !important;\r\n}\r\n.rdp-pontos-wrapper {\r\n  max-width: 100%;\r\n  margin: 32px 0;\r\n  background: #F8F9FA;\r\n  border: 1px solid #E0E0E0;\r\n  border-radius: 12px;\r\n  padding: 28px 28px 20px;\r\n  font-family: 'Inter', sans-serif;\r\n  box-shadow: 0 4px 20px rgba(47,195,238,0.12);\r\n  overflow: hidden;\r\n  contain: layout style;\r\n  isolation: isolate;\r\n  position: relative;\r\n  z-index: 1;\r\n}\r\n.rdp-pontos-wrapper > *:not(.rdp-pontos-title):not(.rdp-pontos-grid) {\r\n  display: none !important;\r\n}\r\n.rdp-pontos-title {\r\n  font-size: 20px;\r\n  font-weight: 800;\r\n  text-align: center;\r\n  margin-bottom: 20px;\r\n}\r\n.rdp-pontos-grid {\r\n  display: grid;\r\n  grid-template-columns: repeat(3, 1fr);\r\n  gap: 18px;\r\n}\r\n.rdp-pontos-item {\r\n  background: #FFFFFF;\r\n  border: 1px solid #E0E0E0;\r\n  border-top: 3px solid #2FC3EE;\r\n  border-radius: 10px;\r\n  padding: 22px 20px;\r\n  text-align: center;\r\n}\r\n.rdp-pontos-emoji {\r\n  font-size: 32px;\r\n  margin-bottom: 12px;\r\n}\r\n.rdp-pontos-item-title {\r\n  font-weight: 700;\r\n  margin-bottom: 8px;\r\n}\r\n.rdp-pontos-item-desc {\r\n  font-size: 14px;\r\n}\r\n<\/style>\r\n<div class=\"rdp-pontos-wrapper\">\r\n  <div class=\"rdp-pontos-title\">Pontos-chave da psicologia<\/div>\r\n  <div class=\"rdp-pontos-grid\">\r\n    <div class=\"rdp-pontos-item\">\r\n      <span class=\"rdp-pontos-emoji\">\ud83e\udde0<\/span>\r\n      <div class=\"rdp-pontos-item-title\">Prote\u00e7\u00e3o emocional<\/div>\r\n      <p class=\"rdp-pontos-item-desc\">Evitar sentimentos \u00e9 uma forma que a mente encontra para se proteger de dores emocionais.<\/p>\r\n    <\/div>\r\n    <div class=\"rdp-pontos-item\">\r\n      <span class=\"rdp-pontos-emoji\">\ud83d\udcad<\/span>\r\n      <div class=\"rdp-pontos-item-title\">No cotidiano<\/div>\r\n      <p class=\"rdp-pontos-item-desc\">Esse comportamento aparece em rela\u00e7\u00f5es, trabalho e fam\u00edlia, muitas vezes sem percebermos.<\/p>\r\n    <\/div>\r\n    <div class=\"rdp-pontos-item\">\r\n      <span class=\"rdp-pontos-emoji\">\ud83d\udc9b<\/span>\r\n      <div class=\"rdp-pontos-item-title\">Impactos internos<\/div>\r\n      <p class=\"rdp-pontos-item-desc\">Reprimir emo\u00e7\u00f5es pode gerar ansiedade, desgaste emocional e dificuldades nos v\u00ednculos.<\/p>\r\n    <\/div>\r\n  <\/div>\r\n<\/div>\r\n<div style=\"clear:both;height:0;overflow:hidden;\"><\/div>\n\n\n\n<p>Para quem deseja se aprofundar, a pesquisa publicada no PePSIC pode ser consultada <a href=\"https:\/\/pepsic.bvsalud.org\/scielo.php?script=sci_arttext&amp;pid=S1413-389X2006000200005\" target=\"_blank\" rel=\"noreferrer noopener\">neste estudo sobre regula\u00e7\u00e3o emocional e comportamento humano<\/a>, trazendo reflex\u00f5es importantes sobre como lidamos com nossos sentimentos.<\/p>\n\n\n\n<h2 class=\"wp-block-heading\">Por que entender isso pode transformar sua vida<\/h2>\n\n\n\n<p>Quando voc\u00ea come\u00e7a a compreender esse comportamento, tudo muda. Voc\u00ea passa a olhar com mais empatia para si mesma e para os outros. Em vez de julgar algu\u00e9m como \u201cfrio\u201d, entende que ali pode existir um hist\u00f3rico emocional importante.<\/p>\n\n\n\n<p>Al\u00e9m disso, desenvolver <strong>intelig\u00eancia emocional<\/strong> ajuda a lidar melhor com sentimentos, criando rela\u00e7\u00f5es mais saud\u00e1veis e um maior senso de bem-estar. Aos poucos, fica mais f\u00e1cil reconhecer, acolher e expressar emo\u00e7\u00f5es de forma equilibrada.<\/p>\n\n\n\n<h2 class=\"wp-block-heading\">O que a psicologia ainda est\u00e1 descobrindo sobre esse comportamento<\/h2>\n\n\n\n<p>A psicologia continua investigando como a repress\u00e3o emocional afeta a mente e o corpo. Novos estudos mostram a import\u00e2ncia do equil\u00edbrio entre sentir e expressar, refor\u00e7ando que emo\u00e7\u00f5es n\u00e3o s\u00e3o inimigas, mas guias importantes para o autoconhecimento.<\/p>\n\n\n\n<p>No fim das contas, entender por que evitamos demonstrar sentimentos \u00e9 um convite para olhar com mais carinho para nossa pr\u00f3pria hist\u00f3ria. Aos poucos, a gente aprende que sentir n\u00e3o \u00e9 fraqueza, \u00e9 parte essencial de ser humano.<\/p>\n\n\n\n<p><em><strong>ATEN\u00c7\u00c3O: As informa\u00e7\u00f5es apresentadas neste conte\u00fado t\u00eam car\u00e1ter exclusivamente informativo e n\u00e3o substituem avalia\u00e7\u00e3o, diagn\u00f3stico ou acompanhamento realizado por profissionais da sa\u00fade. <\/strong><\/em><\/p>\n","protected":false},"excerpt":{"rendered":"<p>Curiosidades da Psicologia N\u00e3o \u00e9 frieza: Muitas vezes, evitar sentimentos \u00e9 uma forma de prote\u00e7\u00e3o emocional que a mente cria para lidar com experi\u00eancias dif\u00edceis. Acontece no dia a dia: Sabe quando algu\u00e9m diz \u201ct\u00e1 tudo bem\u201d mas claramente n\u00e3o est\u00e1? Esse comportamento \u00e9 mais comum do que parece. A mente protege: A psicologia mostra [&hellip;]<\/p>\n","protected":false},"author":23,"featured_media":127148,"comment_status":"open","ping_status":"open","sticky":false,"template":"","format":"standard","meta":{"jnews-multi-image_gallery":[],"jnews_single_post":{"format":"standard"},"jnews_primary_category":[],"jnews_social_meta":[],"jnews_override_counter":[],"footnotes":""},"categories":[3046,475],"tags":[23434,1852,1851],"class_list":["post-127147","post","type-post","status-publish","format-standard","has-post-thumbnail","hentry","category-curiosidades","category-entretenimento","tag-demonstrar-sentimentos","tag-psicologia","tag-relacionamentos"],"yoast_head":"<!-- This site is optimized with the Yoast SEO plugin v26.5 - https:\/\/yoast.com\/wordpress\/plugins\/seo\/ -->\n<title>A psicologia por tr\u00e1s de quem evita demonstrar sentimentos no dia a dia - UAI Not\u00edcias<\/title>\n<meta name=\"description\" content=\"Pessoas que evitam demonstrar sentimentos podem estar lidando com algo mais profundo e o motivo pode surpreender voc\u00ea\" \/>\n<meta name=\"robots\" content=\"index, follow, max-snippet:-1, max-image-preview:large, max-video-preview:-1\" \/>\n<link rel=\"canonical\" href=\"https:\/\/www.uai.com.br\/uainoticias\/2026\/04\/27\/a-psicologia-por-tras-de-quem-evita-demonstrar-sentimentos-no-dia-a-dia\/\" \/>\n<meta property=\"og:locale\" content=\"pt_BR\" \/>\n<meta property=\"og:type\" content=\"article\" \/>\n<meta property=\"og:title\" content=\"A psicologia por tr\u00e1s de quem evita demonstrar sentimentos no dia a dia - UAI Not\u00edcias\" \/>\n<meta property=\"og:description\" content=\"Pessoas que evitam demonstrar sentimentos podem estar lidando com algo mais profundo e o motivo pode surpreender voc\u00ea\" \/>\n<meta property=\"og:url\" content=\"https:\/\/www.uai.com.br\/uainoticias\/2026\/04\/27\/a-psicologia-por-tras-de-quem-evita-demonstrar-sentimentos-no-dia-a-dia\/\" \/>\n<meta property=\"og:site_name\" content=\"UAI Not\u00edcias\" \/>\n<meta property=\"article:published_time\" content=\"2026-04-27T19:45:00+00:00\" \/>\n<meta property=\"og:image\" content=\"https:\/\/www.uai.com.br\/uainoticias\/wp-content\/uploads\/2026\/04\/Design_sem_nome-2026-04-25T014358.064.jpg\" \/>\n\t<meta property=\"og:image:width\" content=\"1280\" \/>\n\t<meta property=\"og:image:height\" content=\"720\" \/>\n\t<meta property=\"og:image:type\" content=\"image\/jpeg\" \/>\n<meta name=\"author\" content=\"Gustavo Trindade\" \/>\n<meta name=\"twitter:card\" content=\"summary_large_image\" \/>\n<meta name=\"twitter:label1\" content=\"Escrito por\" \/>\n\t<meta name=\"twitter:data1\" content=\"Gustavo Trindade\" \/>\n\t<meta name=\"twitter:label2\" content=\"Est. tempo de leitura\" \/>\n\t<meta name=\"twitter:data2\" content=\"5 minutos\" \/>\n<!-- \/ Yoast SEO plugin. -->","yoast_head_json":{"title":"A psicologia por tr\u00e1s de quem evita demonstrar sentimentos no dia a dia - UAI Not\u00edcias","description":"Pessoas que evitam demonstrar sentimentos podem estar lidando com algo mais profundo e o motivo pode surpreender voc\u00ea","robots":{"index":"index","follow":"follow","max-snippet":"max-snippet:-1","max-image-preview":"max-image-preview:large","max-video-preview":"max-video-preview:-1"},"canonical":"https:\/\/www.uai.com.br\/uainoticias\/2026\/04\/27\/a-psicologia-por-tras-de-quem-evita-demonstrar-sentimentos-no-dia-a-dia\/","og_locale":"pt_BR","og_type":"article","og_title":"A psicologia por tr\u00e1s de quem evita demonstrar sentimentos no dia a dia - UAI Not\u00edcias","og_description":"Pessoas que evitam demonstrar sentimentos podem estar lidando com algo mais profundo e o motivo pode surpreender voc\u00ea","og_url":"https:\/\/www.uai.com.br\/uainoticias\/2026\/04\/27\/a-psicologia-por-tras-de-quem-evita-demonstrar-sentimentos-no-dia-a-dia\/","og_site_name":"UAI Not\u00edcias","article_published_time":"2026-04-27T19:45:00+00:00","og_image":[{"width":1280,"height":720,"url":"https:\/\/www.uai.com.br\/uainoticias\/wp-content\/uploads\/2026\/04\/Design_sem_nome-2026-04-25T014358.064.jpg","type":"image\/jpeg"}],"author":"Gustavo Trindade","twitter_card":"summary_large_image","twitter_misc":{"Escrito por":"Gustavo Trindade","Est. tempo de leitura":"5 minutos"},"schema":{"@context":"https:\/\/schema.org","@graph":[{"@type":"WebPage","@id":"https:\/\/www.uai.com.br\/uainoticias\/2026\/04\/27\/a-psicologia-por-tras-de-quem-evita-demonstrar-sentimentos-no-dia-a-dia\/","url":"https:\/\/www.uai.com.br\/uainoticias\/2026\/04\/27\/a-psicologia-por-tras-de-quem-evita-demonstrar-sentimentos-no-dia-a-dia\/","name":"A psicologia por tr\u00e1s de quem evita demonstrar sentimentos no dia a dia - UAI Not\u00edcias","isPartOf":{"@id":"https:\/\/www.uai.com.br\/uainoticias\/#website"},"primaryImageOfPage":{"@id":"https:\/\/www.uai.com.br\/uainoticias\/2026\/04\/27\/a-psicologia-por-tras-de-quem-evita-demonstrar-sentimentos-no-dia-a-dia\/#primaryimage"},"image":{"@id":"https:\/\/www.uai.com.br\/uainoticias\/2026\/04\/27\/a-psicologia-por-tras-de-quem-evita-demonstrar-sentimentos-no-dia-a-dia\/#primaryimage"},"thumbnailUrl":"https:\/\/www.uai.com.br\/uainoticias\/wp-content\/uploads\/2026\/04\/Design_sem_nome-2026-04-25T014358.064.jpg","datePublished":"2026-04-27T19:45:00+00:00","author":{"@id":"https:\/\/www.uai.com.br\/uainoticias\/#\/schema\/person\/060f8bb02e250479c83590e2c4706fcc"},"description":"Pessoas que evitam demonstrar sentimentos podem estar lidando com algo mais profundo e o motivo pode surpreender voc\u00ea","breadcrumb":{"@id":"https:\/\/www.uai.com.br\/uainoticias\/2026\/04\/27\/a-psicologia-por-tras-de-quem-evita-demonstrar-sentimentos-no-dia-a-dia\/#breadcrumb"},"inLanguage":"pt-BR","potentialAction":[{"@type":"ReadAction","target":["https:\/\/www.uai.com.br\/uainoticias\/2026\/04\/27\/a-psicologia-por-tras-de-quem-evita-demonstrar-sentimentos-no-dia-a-dia\/"]}]},{"@type":"ImageObject","inLanguage":"pt-BR","@id":"https:\/\/www.uai.com.br\/uainoticias\/2026\/04\/27\/a-psicologia-por-tras-de-quem-evita-demonstrar-sentimentos-no-dia-a-dia\/#primaryimage","url":"https:\/\/www.uai.com.br\/uainoticias\/wp-content\/uploads\/2026\/04\/Design_sem_nome-2026-04-25T014358.064.jpg","contentUrl":"https:\/\/www.uai.com.br\/uainoticias\/wp-content\/uploads\/2026\/04\/Design_sem_nome-2026-04-25T014358.064.jpg","width":1280,"height":720,"caption":"Dificuldade em expressar sentimentos influenciando rela\u00e7\u00f5es e autoestima"},{"@type":"BreadcrumbList","@id":"https:\/\/www.uai.com.br\/uainoticias\/2026\/04\/27\/a-psicologia-por-tras-de-quem-evita-demonstrar-sentimentos-no-dia-a-dia\/#breadcrumb","itemListElement":[{"@type":"ListItem","position":1,"name":"In\u00edcio","item":"https:\/\/www.uai.com.br\/uainoticias\/"},{"@type":"ListItem","position":2,"name":"A psicologia por tr\u00e1s de quem evita demonstrar sentimentos no dia a dia"}]},{"@type":"WebSite","@id":"https:\/\/www.uai.com.br\/uainoticias\/#website","url":"https:\/\/www.uai.com.br\/uainoticias\/","name":"UAI Not\u00edcias","description":"Acompanhe as \u00faltimas not\u00edcias e fique bem informado sobre tudo o que acontece no Brasil e no mundo.","potentialAction":[{"@type":"SearchAction","target":{"@type":"EntryPoint","urlTemplate":"https:\/\/www.uai.com.br\/uainoticias\/?s={search_term_string}"},"query-input":{"@type":"PropertyValueSpecification","valueRequired":true,"valueName":"search_term_string"}}],"inLanguage":"pt-BR"},{"@type":"Person","@id":"https:\/\/www.uai.com.br\/uainoticias\/#\/schema\/person\/060f8bb02e250479c83590e2c4706fcc","name":"Gustavo Trindade","image":{"@type":"ImageObject","inLanguage":"pt-BR","@id":"https:\/\/www.uai.com.br\/uainoticias\/#\/schema\/person\/image\/","url":"https:\/\/secure.gravatar.com\/avatar\/05714a54ada0bd2b20e75b2c72a9e7802581213945810c2354d320b79f27b427?s=96&d=mm&r=g","contentUrl":"https:\/\/secure.gravatar.com\/avatar\/05714a54ada0bd2b20e75b2c72a9e7802581213945810c2354d320b79f27b427?s=96&d=mm&r=g","caption":"Gustavo Trindade"},"sameAs":["https:\/\/www.uai.com.br\/uainoticias\/"],"url":"https:\/\/www.uai.com.br\/uainoticias\/author\/gustavotrindade\/"}]}},"_links":{"self":[{"href":"https:\/\/www.uai.com.br\/uainoticias\/wp-json\/wp\/v2\/posts\/127147","targetHints":{"allow":["GET"]}}],"collection":[{"href":"https:\/\/www.uai.com.br\/uainoticias\/wp-json\/wp\/v2\/posts"}],"about":[{"href":"https:\/\/www.uai.com.br\/uainoticias\/wp-json\/wp\/v2\/types\/post"}],"author":[{"embeddable":true,"href":"https:\/\/www.uai.com.br\/uainoticias\/wp-json\/wp\/v2\/users\/23"}],"replies":[{"embeddable":true,"href":"https:\/\/www.uai.com.br\/uainoticias\/wp-json\/wp\/v2\/comments?post=127147"}],"version-history":[{"count":1,"href":"https:\/\/www.uai.com.br\/uainoticias\/wp-json\/wp\/v2\/posts\/127147\/revisions"}],"predecessor-version":[{"id":127150,"href":"https:\/\/www.uai.com.br\/uainoticias\/wp-json\/wp\/v2\/posts\/127147\/revisions\/127150"}],"wp:featuredmedia":[{"embeddable":true,"href":"https:\/\/www.uai.com.br\/uainoticias\/wp-json\/wp\/v2\/media\/127148"}],"wp:attachment":[{"href":"https:\/\/www.uai.com.br\/uainoticias\/wp-json\/wp\/v2\/media?parent=127147"}],"wp:term":[{"taxonomy":"category","embeddable":true,"href":"https:\/\/www.uai.com.br\/uainoticias\/wp-json\/wp\/v2\/categories?post=127147"},{"taxonomy":"post_tag","embeddable":true,"href":"https:\/\/www.uai.com.br\/uainoticias\/wp-json\/wp\/v2\/tags?post=127147"}],"curies":[{"name":"wp","href":"https:\/\/api.w.org\/{rel}","templated":true}]}}