{"id":127127,"date":"2026-04-27T06:45:00","date_gmt":"2026-04-27T09:45:00","guid":{"rendered":"https:\/\/www.uai.com.br\/uainoticias\/?p=127127"},"modified":"2026-04-25T01:17:14","modified_gmt":"2026-04-25T04:17:14","slug":"psicologia-mostra-como-o-habito-de-procrastinar-pode-estar-ligado-a-ansiedade-emocional","status":"publish","type":"post","link":"https:\/\/www.uai.com.br\/uainoticias\/2026\/04\/27\/psicologia-mostra-como-o-habito-de-procrastinar-pode-estar-ligado-a-ansiedade-emocional\/","title":{"rendered":"Psicologia mostra como o h\u00e1bito de procrastinar pode estar ligado \u00e0 ansiedade emocional"},"content":{"rendered":"\n<link href=\"https:\/\/fonts.googleapis.com\/css2?family=Inter:wght@400;600;700;800&#038;display=swap\" rel=\"stylesheet\">\r\n<style>\r\n\/* Prote\u00e7\u00e3o contra inje\u00e7\u00e3o do \"Veja Tamb\u00e9m\" (JNews inline related posts) *\/\r\n.rdp-curiosidades-wrapper .jnews_inline_related_post_wrapper,\r\n.rdp-curiosidades-wrapper .jnews_inline_related_post,\r\n.rdp-curiosidades-wrapper .jeg_postblock,\r\n.rdp-curiosidades-wrapper [class*=\"jnews_inline\"],\r\n.rdp-curiosidades-wrapper [class*=\"jeg_postblock\"],\r\n.rdp-curiosidades-wrapper [class*=\"jeg_block\"] {\r\n  display: none !important;\r\n  height: 0 !important;\r\n  max-height: 0 !important;\r\n  overflow: hidden !important;\r\n  visibility: hidden !important;\r\n  margin: 0 !important;\r\n  padding: 0 !important;\r\n  border: none !important;\r\n  font-size: 0 !important;\r\n  line-height: 0 !important;\r\n}\r\n.rdp-curiosidades-wrapper {\r\n  max-width: 620px;\r\n  margin: 28px auto;\r\n  background: #FFFFFF;\r\n  border: 1px solid #E0E0E0;\r\n  border-top: 3px solid #2FC3EE;\r\n  border-radius: 12px;\r\n  padding: 28px 32px;\r\n  font-family: 'Inter', sans-serif;\r\n  box-shadow: 0 4px 20px rgba(47,195,238,0.18);\r\n  overflow: hidden;\r\n  contain: layout style;\r\n  isolation: isolate;\r\n  position: relative;\r\n  z-index: 1;\r\n}\r\n.rdp-curiosidades-wrapper > *:not(.rdp-curiosidades-header):not(.rdp-curiosidades-list) {\r\n  display: none !important;\r\n  height: 0 !important;\r\n  overflow: hidden !important;\r\n  margin: 0 !important;\r\n  padding: 0 !important;\r\n  border: none !important;\r\n}\r\n.rdp-curiosidades-header {\r\n  display: flex;\r\n  align-items: center;\r\n  justify-content: center;\r\n  gap: 16px;\r\n  margin-bottom: 24px;\r\n}\r\n.rdp-curiosidades-line {\r\n  flex: 1;\r\n  height: 1px;\r\n  background: #E0E0E0;\r\n}\r\n.rdp-curiosidades-title {\r\n  font-family: 'Inter', sans-serif;\r\n  font-size: 12px;\r\n  font-weight: 800;\r\n  text-transform: uppercase;\r\n  letter-spacing: 4px;\r\n  color: #1A1A1A;\r\n  white-space: nowrap;\r\n}\r\n.rdp-curiosidades-list {\r\n  list-style: none;\r\n  padding: 0;\r\n  margin: 0;\r\n  text-align: center;\r\n}\r\n.rdp-curiosidades-item {\r\n  padding: 0 0 18px 0;\r\n  line-height: 1.7;\r\n}\r\n.rdp-curiosidades-item:last-child {\r\n  padding-bottom: 0;\r\n}\r\n.rdp-curiosidades-item-bullet {\r\n  display: inline-block;\r\n  width: 8px;\r\n  height: 8px;\r\n  background: #2FC3EE;\r\n  border-radius: 50%;\r\n  box-shadow: 0 0 6px rgba(47,195,238,0.40);\r\n  margin-right: 10px;\r\n  vertical-align: middle;\r\n}\r\n.rdp-curiosidades-item-title {\r\n  font-size: 15px;\r\n  font-weight: 700;\r\n  color: #1A1A1A;\r\n}\r\n.rdp-curiosidades-item-desc {\r\n  font-size: 15px;\r\n  color: #333333;\r\n  line-height: 1.7;\r\n}\r\n@media (max-width: 768px) {\r\n  .rdp-curiosidades-wrapper {\r\n    max-width: 100%;\r\n    margin: 20px 12px;\r\n    padding: 22px 20px;\r\n  }\r\n}\r\n<\/style>\r\n<div class=\"rdp-curiosidades-wrapper\">\r\n  <div class=\"rdp-curiosidades-header\">\r\n    <span class=\"rdp-curiosidades-line\"><\/span>\r\n    <span class=\"rdp-curiosidades-title\">Curiosidades da Psicologia<\/span>\r\n    <span class=\"rdp-curiosidades-line\"><\/span>\r\n  <\/div>\r\n  <ul class=\"rdp-curiosidades-list\">\r\n    <li class=\"rdp-curiosidades-item\">\r\n      <span class=\"rdp-curiosidades-item-bullet\"><\/span><span class=\"rdp-curiosidades-item-title\">Procrastinar n\u00e3o \u00e9 pregui\u00e7a:<\/span> <span class=\"rdp-curiosidades-item-desc\">Muitas vezes, adiar tarefas est\u00e1 ligado a emo\u00e7\u00f5es dif\u00edceis, como ansiedade e medo de errar.<\/span>\r\n    <\/li>\r\n    <li class=\"rdp-curiosidades-item\">\r\n      <span class=\"rdp-curiosidades-item-bullet\"><\/span><span class=\"rdp-curiosidades-item-title\">Isso acontece no dia a dia:<\/span> <span class=\"rdp-curiosidades-item-desc\">Sabe quando voc\u00ea evita uma conversa ou deixa algo importante para depois? Pode ser um sinal emocional por tr\u00e1s.<\/span>\r\n    <\/li>\r\n    <li class=\"rdp-curiosidades-item\">\r\n      <span class=\"rdp-curiosidades-item-bullet\"><\/span><span class=\"rdp-curiosidades-item-title\">A mente tenta se proteger:<\/span> <span class=\"rdp-curiosidades-item-desc\">A psicologia mostra que procrastinar pode ser uma forma de evitar desconforto emocional imediato.<\/span>\r\n    <\/li>\r\n  <\/ul>\r\n<\/div>\r\n<div style=\"clear:both;height:0;overflow:hidden;\"><\/div>\n\n\n\n<p>Voc\u00ea j\u00e1 se pegou adiando algo importante, mesmo sabendo que isso poderia trazer mais preocupa\u00e7\u00e3o depois? A <strong>procrastina\u00e7\u00e3o<\/strong> \u00e9 um comportamento muito comum e, na psicologia, ela est\u00e1 profundamente ligada \u00e0 <strong>ansiedade emocional<\/strong>. N\u00e3o \u00e9 falta de disciplina, muitas vezes \u00e9 a forma que a mente encontra para lidar com sentimentos dif\u00edceis.<\/p>\n\n\n\n<h2 class=\"wp-block-heading\">O que a psicologia diz sobre a procrastina\u00e7\u00e3o e a ansiedade emocional<\/h2>\n\n\n\n<p>A <strong>procrastina\u00e7\u00e3o<\/strong>, dentro da psicologia, \u00e9 entendida como um comportamento de evita\u00e7\u00e3o. Ou seja, quando uma tarefa gera desconforto, medo ou inseguran\u00e7a, o c\u00e9rebro tenta fugir dessa sensa\u00e7\u00e3o adiando o que precisa ser feito.<\/p>\n\n\n\n<p>A <strong>ansiedade emocional<\/strong> entra justamente a\u00ed. Quando pensamos em uma tarefa que envolve cobran\u00e7a, julgamento ou press\u00e3o, surgem emo\u00e7\u00f5es como ansiedade, d\u00favida e at\u00e9 medo. Adiar vira uma forma r\u00e1pida de aliviar esse sentimento, mesmo que temporariamente.<\/p>\n\n\n<div class=\"wp-block-image\">\n<figure class=\"aligncenter size-large\"><img decoding=\"async\" width=\"1024\" height=\"576\" src=\"https:\/\/www.uai.com.br\/uainoticias\/wp-content\/uploads\/2026\/04\/Design_sem_nome-2026-04-25T011625.482-1024x576.jpg\" alt=\"Psicologia mostra como o h\u00e1bito de procrastinar pode estar ligado \u00e0 ansiedade emocional\" class=\"wp-image-127129\" srcset=\"https:\/\/www.uai.com.br\/uainoticias\/wp-content\/uploads\/2026\/04\/Design_sem_nome-2026-04-25T011625.482-1024x576.jpg 1024w, https:\/\/www.uai.com.br\/uainoticias\/wp-content\/uploads\/2026\/04\/Design_sem_nome-2026-04-25T011625.482-300x169.jpg 300w, https:\/\/www.uai.com.br\/uainoticias\/wp-content\/uploads\/2026\/04\/Design_sem_nome-2026-04-25T011625.482-768x432.jpg 768w, https:\/\/www.uai.com.br\/uainoticias\/wp-content\/uploads\/2026\/04\/Design_sem_nome-2026-04-25T011625.482-750x422.jpg 750w, https:\/\/www.uai.com.br\/uainoticias\/wp-content\/uploads\/2026\/04\/Design_sem_nome-2026-04-25T011625.482-1140x641.jpg 1140w, https:\/\/www.uai.com.br\/uainoticias\/wp-content\/uploads\/2026\/04\/Design_sem_nome-2026-04-25T011625.482.jpg 1280w\" sizes=\"(max-width: 1024px) 100vw, 1024px\" \/><figcaption class=\"wp-element-caption\">Evita\u00e7\u00e3o emocional ligada ao adiamento de tarefas<\/figcaption><\/figure><\/div>\n\n\n<h2 class=\"wp-block-heading\">Como isso aparece no nosso dia a dia<\/h2>\n\n\n\n<p>No cotidiano, isso pode aparecer de formas bem sutis. Pode ser aquele momento em que voc\u00ea deixa para depois organizar a casa, resolver uma pend\u00eancia ou at\u00e9 iniciar um projeto pessoal que \u00e9 importante para voc\u00ea.<\/p>\n\n\n\n<p>Em muitos casos, a <strong>procrastina\u00e7\u00e3o<\/strong> est\u00e1 ligada a pensamentos como \u201ce se eu n\u00e3o conseguir?\u201d, \u201ce se n\u00e3o ficar bom?\u201d. A <strong>ansiedade emocional<\/strong> alimenta esses pensamentos, criando um ciclo em que adiar parece mais confort\u00e1vel do que enfrentar.<\/p>\n\n\n\n<figure class=\"wp-block-embed is-type-video is-provider-youtube wp-block-embed-youtube wp-embed-aspect-16-9 wp-has-aspect-ratio\"><div class=\"wp-block-embed__wrapper\">\n<div class=\"jeg_video_container jeg_video_content\"><iframe loading=\"lazy\" title=\"ANSIEDADE e PROCRASTINA\u00c7\u00c3O: qual a rela\u00e7\u00e3o?\" width=\"500\" height=\"281\" src=\"https:\/\/www.youtube.com\/embed\/bRtp7W8E6Ac?feature=oembed\" frameborder=\"0\" allow=\"accelerometer; autoplay; clipboard-write; encrypted-media; gyroscope; picture-in-picture; web-share\" referrerpolicy=\"strict-origin-when-cross-origin\" allowfullscreen><\/iframe><\/div>\n<\/div><\/figure>\n\n\n\n<h2 class=\"wp-block-heading\">O ciclo emocional da procrastina\u00e7\u00e3o: o que mais a psicologia revela<\/h2>\n\n\n\n<p>A psicologia mostra que existe um ciclo emocional por tr\u00e1s da <strong>procrastina\u00e7\u00e3o<\/strong>. Primeiro vem a ansiedade, depois a evita\u00e7\u00e3o. Em seguida, surge um al\u00edvio moment\u00e2neo, mas logo aparece a culpa ou frustra\u00e7\u00e3o por n\u00e3o ter feito o que precisava.<\/p>\n\n\n\n<p>Esse ciclo se repete e pode afetar a autoestima e o bem-estar emocional. Com o tempo, a pessoa passa a se sentir menos capaz, quando na verdade est\u00e1 apenas lidando com emo\u00e7\u00f5es dif\u00edceis de forma autom\u00e1tica e inconsciente.<\/p>\n\n\n\n<link href=\"https:\/\/fonts.googleapis.com\/css2?family=Inter:wght@400;600;700;800&#038;display=swap\" rel=\"stylesheet\">\r\n<style>\r\n\/* Prote\u00e7\u00e3o contra inje\u00e7\u00e3o do \"Veja Tamb\u00e9m\" (JNews inline related posts) *\/\r\n.rdp-pontos-wrapper .jnews_inline_related_post_wrapper,\r\n.rdp-pontos-wrapper .jnews_inline_related_post,\r\n.rdp-pontos-wrapper .jeg_postblock,\r\n.rdp-pontos-wrapper [class*=\"jnews_inline\"],\r\n.rdp-pontos-wrapper [class*=\"jeg_postblock\"],\r\n.rdp-pontos-wrapper [class*=\"jeg_block\"] {\r\n  display: none !important;\r\n  height: 0 !important;\r\n  max-height: 0 !important;\r\n  overflow: hidden !important;\r\n  visibility: hidden !important;\r\n  margin: 0 !important;\r\n  padding: 0 !important;\r\n  border: none !important;\r\n  font-size: 0 !important;\r\n  line-height: 0 !important;\r\n}\r\n.rdp-pontos-wrapper {\r\n  max-width: 100%;\r\n  margin: 32px 0;\r\n  background: #F8F9FA;\r\n  border: 1px solid #E0E0E0;\r\n  border-radius: 12px;\r\n  padding: 28px 28px 20px;\r\n  font-family: 'Inter', sans-serif;\r\n  box-shadow: 0 4px 20px rgba(47,195,238,0.12);\r\n  overflow: hidden;\r\n  contain: layout style;\r\n  isolation: isolate;\r\n  position: relative;\r\n  z-index: 1;\r\n}\r\n.rdp-pontos-wrapper > *:not(.rdp-pontos-title):not(.rdp-pontos-grid) {\r\n  display: none !important;\r\n  height: 0 !important;\r\n  overflow: hidden !important;\r\n  margin: 0 !important;\r\n  padding: 0 !important;\r\n  border: none !important;\r\n}\r\n.rdp-pontos-title {\r\n  font-size: 20px;\r\n  font-weight: 800;\r\n  color: #1A1A1A;\r\n  margin-bottom: 20px;\r\n  text-align: center;\r\n}\r\n.rdp-pontos-grid {\r\n  display: grid;\r\n  grid-template-columns: repeat(3, 1fr);\r\n  gap: 18px;\r\n}\r\n.rdp-pontos-item {\r\n  background: #FFFFFF;\r\n  border: 1px solid #E0E0E0;\r\n  border-top: 3px solid #2FC3EE;\r\n  border-radius: 10px;\r\n  padding: 22px 20px;\r\n  text-align: center;\r\n}\r\n.rdp-pontos-emoji {\r\n  font-size: 32px;\r\n  margin-bottom: 12px;\r\n}\r\n.rdp-pontos-item-title {\r\n  font-weight: 700;\r\n  margin-bottom: 8px;\r\n}\r\n.rdp-pontos-item-desc {\r\n  font-size: 14px;\r\n  color: #333333;\r\n}\r\n@media (max-width: 768px) {\r\n  .rdp-pontos-grid {\r\n    grid-template-columns: 1fr;\r\n  }\r\n}\r\n<\/style>\r\n<div class=\"rdp-pontos-wrapper\">\r\n  <div class=\"rdp-pontos-title\">Pontos-chave da psicologia<\/div>\r\n  <div class=\"rdp-pontos-grid\">\r\n    <div class=\"rdp-pontos-item\">\r\n      <span class=\"rdp-pontos-emoji\">\ud83d\udcad<\/span>\r\n      <div class=\"rdp-pontos-item-title\">Evita\u00e7\u00e3o emocional<\/div>\r\n      <p class=\"rdp-pontos-item-desc\">Procrastinar \u00e9 uma forma de fugir de emo\u00e7\u00f5es desconfort\u00e1veis, n\u00e3o apenas falta de organiza\u00e7\u00e3o.<\/p>\r\n    <\/div>\r\n    <div class=\"rdp-pontos-item\">\r\n      <span class=\"rdp-pontos-emoji\">\ud83e\udde0<\/span>\r\n      <div class=\"rdp-pontos-item-title\">Ansiedade influencia<\/div>\r\n      <p class=\"rdp-pontos-item-desc\">A ansiedade emocional alimenta pensamentos que levam ao adiamento constante.<\/p>\r\n    <\/div>\r\n    <div class=\"rdp-pontos-item\">\r\n      <span class=\"rdp-pontos-emoji\">\ud83d\udc9b<\/span>\r\n      <div class=\"rdp-pontos-item-title\">Ciclo emocional<\/div>\r\n      <p class=\"rdp-pontos-item-desc\">Al\u00edvio imediato, seguido de culpa, mant\u00e9m o ciclo da procrastina\u00e7\u00e3o ativo.<\/p>\r\n    <\/div>\r\n  <\/div>\r\n<\/div>\r\n<div style=\"clear:both;height:0;overflow:hidden;\"><\/div>\n\n\n\n<p>Um artigo publicado pela American Psychological Association aprofunda essa rela\u00e7\u00e3o e pode ser consultado <a href=\"https:\/\/www.apa.org\/gradpsych\/2013\/11\/procrastination\" target=\"_blank\" rel=\"noreferrer noopener\">neste material sobre procrastina\u00e7\u00e3o e emo\u00e7\u00f5es<\/a>, trazendo reflex\u00f5es importantes sobre como lidamos com tarefas e sentimentos.<\/p>\n\n\n\n<h2 class=\"wp-block-heading\">Por que entender isso pode transformar sua vida<\/h2>\n\n\n\n<p>Quando voc\u00ea entende que a <strong>procrastina\u00e7\u00e3o<\/strong> est\u00e1 ligada \u00e0 <strong>ansiedade emocional<\/strong>, algo muda internamente. Em vez de se cobrar ou se julgar, voc\u00ea come\u00e7a a olhar para suas emo\u00e7\u00f5es com mais empatia e curiosidade.<\/p>\n\n\n\n<p>Esse olhar mais acolhedor ajuda a desenvolver <strong>autoconhecimento<\/strong>, equil\u00edbrio emocional e at\u00e9 estrat\u00e9gias mais saud\u00e1veis para lidar com tarefas dif\u00edceis. Pequenos passos, feitos com gentileza consigo mesma, fazem muita diferen\u00e7a.<\/p>\n\n\n\n<h2 class=\"wp-block-heading\">O que a psicologia ainda est\u00e1 descobrindo sobre a procrastina\u00e7\u00e3o<\/h2>\n\n\n\n<p>A psicologia continua investigando como emo\u00e7\u00f5es, pensamentos e h\u00e1bitos se conectam nesse comportamento. Estudos recentes mostram que trabalhar a intelig\u00eancia emocional e a forma como lidamos com o desconforto pode ser mais eficaz do que apenas focar na produtividade.<\/p>\n\n\n\n<p>No fim das contas, entender a <strong>procrastina\u00e7\u00e3o<\/strong> \u00e9 tamb\u00e9m entender a si mesma. E esse \u00e9 um caminho bonito de mais consci\u00eancia, mais cuidado emocional e mais leveza no dia a dia.<\/p>\n\n\n\n<p><strong><em>ATEN\u00c7\u00c3O: As informa\u00e7\u00f5es apresentadas neste conte\u00fado t\u00eam car\u00e1ter exclusivamente informativo e n\u00e3o substituem avalia\u00e7\u00e3o, diagn\u00f3stico ou acompanhamento realizado por profissionais da sa\u00fade. <\/em><\/strong><\/p>\n","protected":false},"excerpt":{"rendered":"<p>Curiosidades da Psicologia Procrastinar n\u00e3o \u00e9 pregui\u00e7a: Muitas vezes, adiar tarefas est\u00e1 ligado a emo\u00e7\u00f5es dif\u00edceis, como ansiedade e medo de errar. Isso acontece no dia a dia: Sabe quando voc\u00ea evita uma conversa ou deixa algo importante para depois? Pode ser um sinal emocional por tr\u00e1s. A mente tenta se proteger: A psicologia mostra [&hellip;]<\/p>\n","protected":false},"author":23,"featured_media":127128,"comment_status":"open","ping_status":"open","sticky":false,"template":"","format":"standard","meta":{"jnews-multi-image_gallery":[],"jnews_single_post":{"format":"standard"},"jnews_primary_category":[],"jnews_social_meta":[],"jnews_override_counter":[],"footnotes":""},"categories":[3046,475],"tags":[9684,10860,2848,1446],"class_list":["post-127127","post","type-post","status-publish","format-standard","has-post-thumbnail","hentry","category-curiosidades","category-entretenimento","tag-preguica","tag-procrastinar","tag-produtividade","tag-saude-mental"],"yoast_head":"<!-- This site is optimized with the Yoast SEO plugin v26.5 - https:\/\/yoast.com\/wordpress\/plugins\/seo\/ -->\n<title>Psicologia mostra como o h\u00e1bito de procrastinar pode estar ligado \u00e0 ansiedade emocional - UAI Not\u00edcias<\/title>\n<meta name=\"description\" content=\"Esse comportamento di\u00e1rio pode esconder sinais de ansiedade emocional e entender isso pode transformar sua rela\u00e7\u00e3o com tarefas e sentimentos\" \/>\n<meta name=\"robots\" content=\"index, follow, max-snippet:-1, max-image-preview:large, max-video-preview:-1\" \/>\n<link rel=\"canonical\" href=\"https:\/\/www.uai.com.br\/uainoticias\/2026\/04\/27\/psicologia-mostra-como-o-habito-de-procrastinar-pode-estar-ligado-a-ansiedade-emocional\/\" \/>\n<meta property=\"og:locale\" content=\"pt_BR\" \/>\n<meta property=\"og:type\" content=\"article\" \/>\n<meta property=\"og:title\" content=\"Psicologia mostra como o h\u00e1bito de procrastinar pode estar ligado \u00e0 ansiedade emocional - UAI Not\u00edcias\" \/>\n<meta property=\"og:description\" content=\"Esse comportamento di\u00e1rio pode esconder sinais de ansiedade emocional e entender isso pode transformar sua rela\u00e7\u00e3o com tarefas e sentimentos\" \/>\n<meta property=\"og:url\" content=\"https:\/\/www.uai.com.br\/uainoticias\/2026\/04\/27\/psicologia-mostra-como-o-habito-de-procrastinar-pode-estar-ligado-a-ansiedade-emocional\/\" \/>\n<meta property=\"og:site_name\" content=\"UAI Not\u00edcias\" \/>\n<meta property=\"article:published_time\" content=\"2026-04-27T09:45:00+00:00\" \/>\n<meta property=\"og:image\" content=\"https:\/\/www.uai.com.br\/uainoticias\/wp-content\/uploads\/2026\/04\/Design_sem_nome-2026-04-25T011634.813.jpg\" \/>\n\t<meta property=\"og:image:width\" content=\"1280\" \/>\n\t<meta property=\"og:image:height\" content=\"720\" \/>\n\t<meta property=\"og:image:type\" content=\"image\/jpeg\" \/>\n<meta name=\"author\" content=\"Gustavo Trindade\" \/>\n<meta name=\"twitter:card\" content=\"summary_large_image\" \/>\n<meta name=\"twitter:label1\" content=\"Escrito por\" \/>\n\t<meta name=\"twitter:data1\" content=\"Gustavo Trindade\" \/>\n\t<meta name=\"twitter:label2\" content=\"Est. tempo de leitura\" \/>\n\t<meta name=\"twitter:data2\" content=\"4 minutos\" \/>\n<!-- \/ Yoast SEO plugin. -->","yoast_head_json":{"title":"Psicologia mostra como o h\u00e1bito de procrastinar pode estar ligado \u00e0 ansiedade emocional - UAI Not\u00edcias","description":"Esse comportamento di\u00e1rio pode esconder sinais de ansiedade emocional e entender isso pode transformar sua rela\u00e7\u00e3o com tarefas e sentimentos","robots":{"index":"index","follow":"follow","max-snippet":"max-snippet:-1","max-image-preview":"max-image-preview:large","max-video-preview":"max-video-preview:-1"},"canonical":"https:\/\/www.uai.com.br\/uainoticias\/2026\/04\/27\/psicologia-mostra-como-o-habito-de-procrastinar-pode-estar-ligado-a-ansiedade-emocional\/","og_locale":"pt_BR","og_type":"article","og_title":"Psicologia mostra como o h\u00e1bito de procrastinar pode estar ligado \u00e0 ansiedade emocional - UAI Not\u00edcias","og_description":"Esse comportamento di\u00e1rio pode esconder sinais de ansiedade emocional e entender isso pode transformar sua rela\u00e7\u00e3o com tarefas e sentimentos","og_url":"https:\/\/www.uai.com.br\/uainoticias\/2026\/04\/27\/psicologia-mostra-como-o-habito-de-procrastinar-pode-estar-ligado-a-ansiedade-emocional\/","og_site_name":"UAI Not\u00edcias","article_published_time":"2026-04-27T09:45:00+00:00","og_image":[{"width":1280,"height":720,"url":"https:\/\/www.uai.com.br\/uainoticias\/wp-content\/uploads\/2026\/04\/Design_sem_nome-2026-04-25T011634.813.jpg","type":"image\/jpeg"}],"author":"Gustavo Trindade","twitter_card":"summary_large_image","twitter_misc":{"Escrito por":"Gustavo Trindade","Est. tempo de leitura":"4 minutos"},"schema":{"@context":"https:\/\/schema.org","@graph":[{"@type":"WebPage","@id":"https:\/\/www.uai.com.br\/uainoticias\/2026\/04\/27\/psicologia-mostra-como-o-habito-de-procrastinar-pode-estar-ligado-a-ansiedade-emocional\/","url":"https:\/\/www.uai.com.br\/uainoticias\/2026\/04\/27\/psicologia-mostra-como-o-habito-de-procrastinar-pode-estar-ligado-a-ansiedade-emocional\/","name":"Psicologia mostra como o h\u00e1bito de procrastinar pode estar ligado \u00e0 ansiedade emocional - UAI Not\u00edcias","isPartOf":{"@id":"https:\/\/www.uai.com.br\/uainoticias\/#website"},"primaryImageOfPage":{"@id":"https:\/\/www.uai.com.br\/uainoticias\/2026\/04\/27\/psicologia-mostra-como-o-habito-de-procrastinar-pode-estar-ligado-a-ansiedade-emocional\/#primaryimage"},"image":{"@id":"https:\/\/www.uai.com.br\/uainoticias\/2026\/04\/27\/psicologia-mostra-como-o-habito-de-procrastinar-pode-estar-ligado-a-ansiedade-emocional\/#primaryimage"},"thumbnailUrl":"https:\/\/www.uai.com.br\/uainoticias\/wp-content\/uploads\/2026\/04\/Design_sem_nome-2026-04-25T011634.813.jpg","datePublished":"2026-04-27T09:45:00+00:00","author":{"@id":"https:\/\/www.uai.com.br\/uainoticias\/#\/schema\/person\/060f8bb02e250479c83590e2c4706fcc"},"description":"Esse comportamento di\u00e1rio pode esconder sinais de ansiedade emocional e entender isso pode transformar sua rela\u00e7\u00e3o com tarefas e sentimentos","breadcrumb":{"@id":"https:\/\/www.uai.com.br\/uainoticias\/2026\/04\/27\/psicologia-mostra-como-o-habito-de-procrastinar-pode-estar-ligado-a-ansiedade-emocional\/#breadcrumb"},"inLanguage":"pt-BR","potentialAction":[{"@type":"ReadAction","target":["https:\/\/www.uai.com.br\/uainoticias\/2026\/04\/27\/psicologia-mostra-como-o-habito-de-procrastinar-pode-estar-ligado-a-ansiedade-emocional\/"]}]},{"@type":"ImageObject","inLanguage":"pt-BR","@id":"https:\/\/www.uai.com.br\/uainoticias\/2026\/04\/27\/psicologia-mostra-como-o-habito-de-procrastinar-pode-estar-ligado-a-ansiedade-emocional\/#primaryimage","url":"https:\/\/www.uai.com.br\/uainoticias\/wp-content\/uploads\/2026\/04\/Design_sem_nome-2026-04-25T011634.813.jpg","contentUrl":"https:\/\/www.uai.com.br\/uainoticias\/wp-content\/uploads\/2026\/04\/Design_sem_nome-2026-04-25T011634.813.jpg","width":1280,"height":720,"caption":"Ansiedade emocional influenciando decis\u00f5es di\u00e1rias"},{"@type":"BreadcrumbList","@id":"https:\/\/www.uai.com.br\/uainoticias\/2026\/04\/27\/psicologia-mostra-como-o-habito-de-procrastinar-pode-estar-ligado-a-ansiedade-emocional\/#breadcrumb","itemListElement":[{"@type":"ListItem","position":1,"name":"In\u00edcio","item":"https:\/\/www.uai.com.br\/uainoticias\/"},{"@type":"ListItem","position":2,"name":"Psicologia mostra como o h\u00e1bito de procrastinar pode estar ligado \u00e0 ansiedade emocional"}]},{"@type":"WebSite","@id":"https:\/\/www.uai.com.br\/uainoticias\/#website","url":"https:\/\/www.uai.com.br\/uainoticias\/","name":"UAI Not\u00edcias","description":"Acompanhe as \u00faltimas not\u00edcias e fique bem informado sobre tudo o que acontece no Brasil e no mundo.","potentialAction":[{"@type":"SearchAction","target":{"@type":"EntryPoint","urlTemplate":"https:\/\/www.uai.com.br\/uainoticias\/?s={search_term_string}"},"query-input":{"@type":"PropertyValueSpecification","valueRequired":true,"valueName":"search_term_string"}}],"inLanguage":"pt-BR"},{"@type":"Person","@id":"https:\/\/www.uai.com.br\/uainoticias\/#\/schema\/person\/060f8bb02e250479c83590e2c4706fcc","name":"Gustavo Trindade","image":{"@type":"ImageObject","inLanguage":"pt-BR","@id":"https:\/\/www.uai.com.br\/uainoticias\/#\/schema\/person\/image\/","url":"https:\/\/secure.gravatar.com\/avatar\/05714a54ada0bd2b20e75b2c72a9e7802581213945810c2354d320b79f27b427?s=96&d=mm&r=g","contentUrl":"https:\/\/secure.gravatar.com\/avatar\/05714a54ada0bd2b20e75b2c72a9e7802581213945810c2354d320b79f27b427?s=96&d=mm&r=g","caption":"Gustavo Trindade"},"sameAs":["https:\/\/www.uai.com.br\/uainoticias\/"],"url":"https:\/\/www.uai.com.br\/uainoticias\/author\/gustavotrindade\/"}]}},"_links":{"self":[{"href":"https:\/\/www.uai.com.br\/uainoticias\/wp-json\/wp\/v2\/posts\/127127","targetHints":{"allow":["GET"]}}],"collection":[{"href":"https:\/\/www.uai.com.br\/uainoticias\/wp-json\/wp\/v2\/posts"}],"about":[{"href":"https:\/\/www.uai.com.br\/uainoticias\/wp-json\/wp\/v2\/types\/post"}],"author":[{"embeddable":true,"href":"https:\/\/www.uai.com.br\/uainoticias\/wp-json\/wp\/v2\/users\/23"}],"replies":[{"embeddable":true,"href":"https:\/\/www.uai.com.br\/uainoticias\/wp-json\/wp\/v2\/comments?post=127127"}],"version-history":[{"count":1,"href":"https:\/\/www.uai.com.br\/uainoticias\/wp-json\/wp\/v2\/posts\/127127\/revisions"}],"predecessor-version":[{"id":127130,"href":"https:\/\/www.uai.com.br\/uainoticias\/wp-json\/wp\/v2\/posts\/127127\/revisions\/127130"}],"wp:featuredmedia":[{"embeddable":true,"href":"https:\/\/www.uai.com.br\/uainoticias\/wp-json\/wp\/v2\/media\/127128"}],"wp:attachment":[{"href":"https:\/\/www.uai.com.br\/uainoticias\/wp-json\/wp\/v2\/media?parent=127127"}],"wp:term":[{"taxonomy":"category","embeddable":true,"href":"https:\/\/www.uai.com.br\/uainoticias\/wp-json\/wp\/v2\/categories?post=127127"},{"taxonomy":"post_tag","embeddable":true,"href":"https:\/\/www.uai.com.br\/uainoticias\/wp-json\/wp\/v2\/tags?post=127127"}],"curies":[{"name":"wp","href":"https:\/\/api.w.org\/{rel}","templated":true}]}}