{"id":127109,"date":"2026-04-27T18:45:00","date_gmt":"2026-04-27T21:45:00","guid":{"rendered":"https:\/\/www.uai.com.br\/uainoticias\/?p=127109"},"modified":"2026-04-25T00:31:55","modified_gmt":"2026-04-25T03:31:55","slug":"henry-ford-fundador-da-ford-motor-company-e-criador-da-linha-de-montagem-se-voce-pensa-que-pode-ou-nao-pode-voce-esta-certo","status":"publish","type":"post","link":"https:\/\/www.uai.com.br\/uainoticias\/2026\/04\/27\/henry-ford-fundador-da-ford-motor-company-e-criador-da-linha-de-montagem-se-voce-pensa-que-pode-ou-nao-pode-voce-esta-certo\/","title":{"rendered":"Henry Ford, fundador da Ford Motor Company e criador da linha de montagem: \u201cSe voc\u00ea pensa que pode ou n\u00e3o pode, voc\u00ea est\u00e1 certo\u201d"},"content":{"rendered":"\n<link href=\"https:\/\/fonts.googleapis.com\/css2?family=Merriweather:wght@700&#038;family=Open+Sans:wght@400;600;700&#038;display=swap\" rel=\"stylesheet\">\r\n<style>\r\n.rdp-resumo-wrapper {\r\n  max-width: 620px;\r\n  margin: 28px auto;\r\n  background: #FFFFFF;\r\n  border: 1px solid #D0D0D0;\r\n  border-radius: 6px;\r\n  padding: 28px 32px;\r\n  font-family: 'Open Sans', sans-serif;\r\n  box-shadow: 0 2px 12px rgba(0,0,0,0.08);\r\n}\r\n.rdp-resumo-header {\r\n  display: flex;\r\n  align-items: center;\r\n  gap: 16px;\r\n  margin-bottom: 22px;\r\n}\r\n.rdp-resumo-line {\r\n  flex: 1;\r\n  height: 1px;\r\n  background: #D0D0D0;\r\n}\r\n.rdp-resumo-title {\r\n  font-family: 'Merriweather', serif;\r\n  font-size: 13px;\r\n  font-weight: 700;\r\n  text-transform: uppercase;\r\n  letter-spacing: 3px;\r\n  color: #1A1A1A;\r\n  white-space: nowrap;\r\n}\r\n.rdp-resumo-list {\r\n  list-style: none;\r\n  padding: 0;\r\n  margin: 0;\r\n}\r\n.rdp-resumo-item {\r\n  padding: 0 0 18px 22px;\r\n  position: relative;\r\n  line-height: 1.7;\r\n}\r\n.rdp-resumo-item:last-child {\r\n  padding-bottom: 0;\r\n}\r\n.rdp-resumo-item::before {\r\n  content: \"\";\r\n  position: absolute;\r\n  left: 0;\r\n  top: 8px;\r\n  width: 8px;\r\n  height: 8px;\r\n  background: #2B5A83;\r\n  border-radius: 50%;\r\n}\r\n.rdp-resumo-item-title {\r\n  font-size: 15px;\r\n  font-weight: 700;\r\n  color: #1A1A1A;\r\n}\r\n.rdp-resumo-item-desc {\r\n  font-size: 15px;\r\n  color: #4A4A4A;\r\n  line-height: 1.7;\r\n}\r\n@media (max-width: 768px) {\r\n  .rdp-resumo-wrapper {\r\n    max-width: 100%;\r\n    margin: 20px 12px;\r\n    padding: 22px 20px;\r\n  }\r\n}\r\n<\/style>\r\n<div class=\"rdp-resumo-wrapper\">\r\n  <div class=\"rdp-resumo-header\">\r\n    <span class=\"rdp-resumo-line\"><\/span>\r\n    <span class=\"rdp-resumo-title\">Resumo<\/span>\r\n    <span class=\"rdp-resumo-line\"><\/span>\r\n  <\/div>\r\n  <ul class=\"rdp-resumo-list\">\r\n    <li class=\"rdp-resumo-item\">\r\n      <span class=\"rdp-resumo-item-title\">Frase ic\u00f4nica:<\/span> <span class=\"rdp-resumo-item-desc\">Henry Ford sintetiza o poder da mentalidade no sucesso com uma declara\u00e7\u00e3o que atravessa gera\u00e7\u00f5es.<\/span>\r\n    <\/li>\r\n    <li class=\"rdp-resumo-item\">\r\n      <span class=\"rdp-resumo-item-title\">Vis\u00e3o empreendedora:<\/span> <span class=\"rdp-resumo-item-desc\">A ideia conecta cren\u00e7a pessoal \u00e0 inova\u00e7\u00e3o industrial e ao esp\u00edrito de lideran\u00e7a nos neg\u00f3cios.<\/span>\r\n    <\/li>\r\n    <li class=\"rdp-resumo-item\">\r\n      <span class=\"rdp-resumo-item-title\">Relev\u00e2ncia atual:<\/span> <span class=\"rdp-resumo-item-desc\">A reflex\u00e3o continua central em debates sobre mindset, produtividade e cultura empresarial.<\/span>\r\n    <\/li>\r\n  <\/ul>\r\n<\/div>\n\n\n\n<p>No universo do empreendedorismo e da cultura empresarial, poucas frases s\u00e3o t\u00e3o citadas quanto a de Henry Ford: <em>\u201cSe voc\u00ea pensa que pode ou n\u00e3o pode, voc\u00ea est\u00e1 certo\u201d<\/em>. A declara\u00e7\u00e3o, frequentemente atribu\u00edda a entrevistas e registros hist\u00f3ricos sobre sua trajet\u00f3ria, revela uma vis\u00e3o estrat\u00e9gica que vai al\u00e9m da ind\u00fastria automotiva e se conecta diretamente ao conceito de mentalidade no mundo dos neg\u00f3cios.<\/p>\n\n\n\n<h2 class=\"wp-block-heading\">Quem \u00e9 Henry Ford e por que sua voz importa<\/h2>\n\n\n\n<p>Henry Ford foi um dos nomes mais influentes da hist\u00f3ria da ind\u00fastria e do capitalismo moderno. Fundador da Ford Motor Company, ele revolucionou a produ\u00e7\u00e3o industrial ao implementar a linha de montagem, transformando a fabrica\u00e7\u00e3o de autom\u00f3veis em um processo escal\u00e1vel e acess\u00edvel.<\/p>\n\n\n\n<p>No contexto da economia global e da inova\u00e7\u00e3o empresarial, Ford n\u00e3o apenas produziu carros, mas redefiniu a forma como empresas operam. Sua lideran\u00e7a e vis\u00e3o estrat\u00e9gica consolidaram conceitos fundamentais de efici\u00eancia, produtividade e gest\u00e3o.<\/p>\n\n\n\n<figure class=\"wp-block-embed is-type-video is-provider-youtube wp-block-embed-youtube wp-embed-aspect-16-9 wp-has-aspect-ratio\"><div class=\"wp-block-embed__wrapper\">\n<div class=\"jeg_video_container jeg_video_content\"><iframe loading=\"lazy\" title=\"Quem foi HENRY FORD | Minha Vida, Minha Obra | Pai do Fordismo\" width=\"500\" height=\"281\" src=\"https:\/\/www.youtube.com\/embed\/NF80Suib4do?feature=oembed\" frameborder=\"0\" allow=\"accelerometer; autoplay; clipboard-write; encrypted-media; gyroscope; picture-in-picture; web-share\" referrerpolicy=\"strict-origin-when-cross-origin\" allowfullscreen><\/iframe><\/div>\n<\/div><\/figure>\n\n\n\n<h2 class=\"wp-block-heading\">O que Henry Ford quis dizer com essa frase<\/h2>\n\n\n\n<p>A frase destaca o papel da mentalidade como elemento central no desempenho individual e coletivo. Para Ford, a cren\u00e7a pessoal funciona como um mecanismo psicol\u00f3gico que determina decis\u00f5es, a\u00e7\u00f5es e resultados dentro do ambiente corporativo.<\/p>\n\n\n\n<p>Ao afirmar que pensar ser capaz ou incapaz leva ao mesmo resultado, ele aponta para a for\u00e7a do mindset na constru\u00e7\u00e3o do sucesso. Trata-se de uma perspectiva que dialoga diretamente com conceitos modernos de lideran\u00e7a, coaching e desenvolvimento profissional.<\/p>\n\n\n\n<h2 class=\"wp-block-heading\">Mentalidade empreendedora: o contexto por tr\u00e1s das palavras<\/h2>\n\n\n\n<p>A mentalidade empreendedora, frequentemente associada a nomes como Henry Ford, envolve caracter\u00edsticas como resili\u00eancia, vis\u00e3o de longo prazo e capacidade de inova\u00e7\u00e3o. No ambiente empresarial, essas compet\u00eancias s\u00e3o essenciais para enfrentar desafios e liderar transforma\u00e7\u00f5es.<\/p>\n\n\n\n<p>No in\u00edcio do s\u00e9culo XX, Ford operava em um cen\u00e1rio industrial competitivo, onde decis\u00f5es estrat\u00e9gicas eram determinantes. Sua cren\u00e7a no potencial humano e na efici\u00eancia produtiva ajudou a moldar uma cultura corporativa baseada em confian\u00e7a e execu\u00e7\u00e3o.<\/p>\n\n\n\n<link href=\"https:\/\/fonts.googleapis.com\/css2?family=Merriweather:wght@700&#038;family=Open+Sans:wght@400;600;700&#038;display=swap\" rel=\"stylesheet\">\r\n<style>\r\n.rdp-cards-wrapper .jnews_inline_related_post_wrapper,\r\n.rdp-cards-wrapper .jnews_inline_related_post,\r\n.rdp-cards-wrapper .jeg_postblock,\r\n.rdp-cards-wrapper [class*=\"jnews_inline\"],\r\n.rdp-cards-wrapper [class*=\"jeg_postblock\"],\r\n.rdp-cards-wrapper [class*=\"jeg_block\"] {\r\n  display: none !important;\r\n  height: 0 !important;\r\n  max-height: 0 !important;\r\n  overflow: hidden !important;\r\n  visibility: hidden !important;\r\n  margin: 0 !important;\r\n  padding: 0 !important;\r\n  border: none !important;\r\n  font-size: 0 !important;\r\n  line-height: 0 !important;\r\n}\r\n.rdp-cards-wrapper {\r\n  max-width: 100%;\r\n  margin: 32px 0;\r\n  background: #F5F7FA;\r\n  border: 1px solid #E1E5EB;\r\n  border-radius: 10px;\r\n  padding: 28px 28px 20px;\r\n  font-family: 'Open Sans', sans-serif;\r\n  overflow: hidden;\r\n  contain: layout style;\r\n  isolation: isolate;\r\n  position: relative;\r\n  z-index: 1;\r\n}\r\n.rdp-cards-wrapper > *:not(.rdp-cards-title):not(.rdp-cards-grid) {\r\n  display: none !important;\r\n  height: 0 !important;\r\n  overflow: hidden !important;\r\n  margin: 0 !important;\r\n  padding: 0 !important;\r\n  border: none !important;\r\n}\r\n.rdp-cards-title {\r\n  font-family: 'Merriweather', serif;\r\n  font-size: 20px;\r\n  font-weight: 700;\r\n  color: #1A1A1A;\r\n  margin: 0 0 20px 0;\r\n  line-height: 1.3;\r\n  text-align: center;\r\n}\r\n.rdp-cards-grid {\r\n  display: grid;\r\n  grid-template-columns: repeat(3, 1fr);\r\n  gap: 18px;\r\n}\r\n.rdp-cards-item {\r\n  background: #FFFFFF;\r\n  border: 1px solid #E1E5EB;\r\n  border-top: 3px solid #2B5A83;\r\n  border-radius: 10px;\r\n  padding: 22px 20px;\r\n  box-shadow: 0 2px 8px rgba(0,0,0,0.04);\r\n}\r\n.rdp-cards-emoji {\r\n  font-size: 32px;\r\n  margin-bottom: 12px;\r\n  display: block;\r\n}\r\n.rdp-cards-item-title {\r\n  font-size: 15px;\r\n  font-weight: 700;\r\n  color: #1A1A1A;\r\n  margin-bottom: 8px;\r\n}\r\n.rdp-cards-item-desc {\r\n  font-size: 14px;\r\n  color: #4A4A4A;\r\n  line-height: 1.6;\r\n}\r\n@media (max-width: 768px) {\r\n  .rdp-cards-grid {\r\n    grid-template-columns: 1fr;\r\n  }\r\n}\r\n<\/style>\r\n<div class=\"rdp-cards-wrapper\">\r\n  <div class=\"rdp-cards-title\">Saiba mais sobre o tema<\/div>\r\n  <div class=\"rdp-cards-grid\">\r\n    <div class=\"rdp-cards-item\">\r\n      <span class=\"rdp-cards-emoji\">\ud83d\ude97<\/span>\r\n      <div class=\"rdp-cards-item-title\">Linha de montagem<\/div>\r\n      <p class=\"rdp-cards-item-desc\">Ford revolucionou a ind\u00fastria ao introduzir a produ\u00e7\u00e3o em s\u00e9rie, reduzindo custos e ampliando o acesso aos autom\u00f3veis.<\/p>\r\n    <\/div>\r\n    <div class=\"rdp-cards-item\">\r\n      <span class=\"rdp-cards-emoji\">\ud83d\udcc8<\/span>\r\n      <div class=\"rdp-cards-item-title\">Impacto econ\u00f4mico<\/div>\r\n      <p class=\"rdp-cards-item-desc\">Seu modelo de neg\u00f3cios influenciou a economia global, criando novos padr\u00f5es de produtividade e gest\u00e3o industrial.<\/p>\r\n    <\/div>\r\n    <div class=\"rdp-cards-item\">\r\n      <span class=\"rdp-cards-emoji\">\ud83e\udde0<\/span>\r\n      <div class=\"rdp-cards-item-title\">Cultura do mindset<\/div>\r\n      <p class=\"rdp-cards-item-desc\">A frase de Ford \u00e9 frequentemente citada em livros e treinamentos sobre mentalidade e desenvolvimento pessoal.<\/p>\r\n    <\/div>\r\n  <\/div>\r\n<\/div>\r\n<div style=\"clear:both;height:0;overflow:hidden;\"><\/div>\n\n\n\n<h2 class=\"wp-block-heading\">Por que essa declara\u00e7\u00e3o repercutiu<\/h2>\n\n\n\n<p>A declara\u00e7\u00e3o de Henry Ford ganhou relev\u00e2ncia porque dialoga com princ\u00edpios universais do comportamento humano. No ambiente corporativo, a confian\u00e7a e a percep\u00e7\u00e3o de capacidade influenciam diretamente a performance e a inova\u00e7\u00e3o.<\/p>\n\n\n\n<p>Al\u00e9m disso, a frase se encaixa perfeitamente no discurso contempor\u00e2neo sobre produtividade, lideran\u00e7a e desenvolvimento pessoal, temas recorrentes em livros, palestras e conte\u00fados digitais voltados ao sucesso profissional.<\/p>\n\n\n\n<h2 class=\"wp-block-heading\">O legado e a relev\u00e2ncia para a categoria<\/h2>\n\n\n\n<p>No campo do empreendedorismo e da cultura empresarial, Henry Ford permanece como um s\u00edmbolo de inova\u00e7\u00e3o e vis\u00e3o estrat\u00e9gica. Sua frase sintetiza um dos pilares do sucesso nos neg\u00f3cios: a capacidade de acreditar e agir com consist\u00eancia.<\/p>\n\n\n\n<p>Ao refletir sobre essa ideia, fica evidente que o impacto de Ford vai al\u00e9m da ind\u00fastria automotiva. Ele ajudou a moldar uma mentalidade que ainda orienta l\u00edderes, empresas e profissionais em busca de crescimento e transforma\u00e7\u00e3o.<\/p>\n","protected":false},"excerpt":{"rendered":"<p>Resumo Frase ic\u00f4nica: Henry Ford sintetiza o poder da mentalidade no sucesso com uma declara\u00e7\u00e3o que atravessa gera\u00e7\u00f5es. Vis\u00e3o empreendedora: A ideia conecta cren\u00e7a pessoal \u00e0 inova\u00e7\u00e3o industrial e ao esp\u00edrito de lideran\u00e7a nos neg\u00f3cios. Relev\u00e2ncia atual: A reflex\u00e3o continua central em debates sobre mindset, produtividade e cultura empresarial. No universo do empreendedorismo e da [&hellip;]<\/p>\n","protected":false},"author":23,"featured_media":127110,"comment_status":"open","ping_status":"open","sticky":false,"template":"","format":"standard","meta":{"jnews-multi-image_gallery":[],"jnews_single_post":{"format":"standard"},"jnews_primary_category":[],"jnews_social_meta":[],"jnews_override_counter":[],"footnotes":""},"categories":[3046,475],"tags":[9265,23424,23355,22169],"class_list":["post-127109","post","type-post","status-publish","format-standard","has-post-thumbnail","hentry","category-curiosidades","category-entretenimento","tag-empreendedora","tag-ford-motor-company","tag-frase-motivacional","tag-henry-ford"],"yoast_head":"<!-- This site is optimized with the Yoast SEO plugin v26.5 - https:\/\/yoast.com\/wordpress\/plugins\/seo\/ -->\n<title>Henry Ford, fundador da Ford Motor Company e criador da linha de montagem: \u201cSe voc\u00ea pensa que pode ou n\u00e3o pode, voc\u00ea est\u00e1 certo\u201d - UAI Not\u00edcias<\/title>\n<meta name=\"description\" content=\"A frase de Henry Ford sobre mentalidade continua influenciando carreiras e neg\u00f3cios e o significado pode mudar sua forma de pensar\" \/>\n<meta name=\"robots\" content=\"index, follow, max-snippet:-1, max-image-preview:large, max-video-preview:-1\" \/>\n<link rel=\"canonical\" href=\"https:\/\/www.uai.com.br\/uainoticias\/2026\/04\/27\/henry-ford-fundador-da-ford-motor-company-e-criador-da-linha-de-montagem-se-voce-pensa-que-pode-ou-nao-pode-voce-esta-certo\/\" \/>\n<meta property=\"og:locale\" content=\"pt_BR\" \/>\n<meta property=\"og:type\" content=\"article\" \/>\n<meta property=\"og:title\" content=\"Henry Ford, fundador da Ford Motor Company e criador da linha de montagem: \u201cSe voc\u00ea pensa que pode ou n\u00e3o pode, voc\u00ea est\u00e1 certo\u201d - UAI Not\u00edcias\" \/>\n<meta property=\"og:description\" content=\"A frase de Henry Ford sobre mentalidade continua influenciando carreiras e neg\u00f3cios e o significado pode mudar sua forma de pensar\" \/>\n<meta property=\"og:url\" content=\"https:\/\/www.uai.com.br\/uainoticias\/2026\/04\/27\/henry-ford-fundador-da-ford-motor-company-e-criador-da-linha-de-montagem-se-voce-pensa-que-pode-ou-nao-pode-voce-esta-certo\/\" \/>\n<meta property=\"og:site_name\" content=\"UAI Not\u00edcias\" \/>\n<meta property=\"article:published_time\" content=\"2026-04-27T21:45:00+00:00\" \/>\n<meta property=\"og:image\" content=\"https:\/\/www.uai.com.br\/uainoticias\/wp-content\/uploads\/2026\/04\/Design_sem_nome-2026-04-25T003056.594.jpg\" \/>\n\t<meta property=\"og:image:width\" content=\"1280\" \/>\n\t<meta property=\"og:image:height\" content=\"720\" \/>\n\t<meta property=\"og:image:type\" content=\"image\/jpeg\" \/>\n<meta name=\"author\" content=\"Gustavo Trindade\" \/>\n<meta name=\"twitter:card\" content=\"summary_large_image\" \/>\n<meta name=\"twitter:label1\" content=\"Escrito por\" \/>\n\t<meta name=\"twitter:data1\" content=\"Gustavo Trindade\" \/>\n\t<meta name=\"twitter:label2\" content=\"Est. tempo de leitura\" \/>\n\t<meta name=\"twitter:data2\" content=\"4 minutos\" \/>\n<!-- \/ Yoast SEO plugin. -->","yoast_head_json":{"title":"Henry Ford, fundador da Ford Motor Company e criador da linha de montagem: \u201cSe voc\u00ea pensa que pode ou n\u00e3o pode, voc\u00ea est\u00e1 certo\u201d - UAI Not\u00edcias","description":"A frase de Henry Ford sobre mentalidade continua influenciando carreiras e neg\u00f3cios e o significado pode mudar sua forma de pensar","robots":{"index":"index","follow":"follow","max-snippet":"max-snippet:-1","max-image-preview":"max-image-preview:large","max-video-preview":"max-video-preview:-1"},"canonical":"https:\/\/www.uai.com.br\/uainoticias\/2026\/04\/27\/henry-ford-fundador-da-ford-motor-company-e-criador-da-linha-de-montagem-se-voce-pensa-que-pode-ou-nao-pode-voce-esta-certo\/","og_locale":"pt_BR","og_type":"article","og_title":"Henry Ford, fundador da Ford Motor Company e criador da linha de montagem: \u201cSe voc\u00ea pensa que pode ou n\u00e3o pode, voc\u00ea est\u00e1 certo\u201d - UAI Not\u00edcias","og_description":"A frase de Henry Ford sobre mentalidade continua influenciando carreiras e neg\u00f3cios e o significado pode mudar sua forma de pensar","og_url":"https:\/\/www.uai.com.br\/uainoticias\/2026\/04\/27\/henry-ford-fundador-da-ford-motor-company-e-criador-da-linha-de-montagem-se-voce-pensa-que-pode-ou-nao-pode-voce-esta-certo\/","og_site_name":"UAI Not\u00edcias","article_published_time":"2026-04-27T21:45:00+00:00","og_image":[{"width":1280,"height":720,"url":"https:\/\/www.uai.com.br\/uainoticias\/wp-content\/uploads\/2026\/04\/Design_sem_nome-2026-04-25T003056.594.jpg","type":"image\/jpeg"}],"author":"Gustavo Trindade","twitter_card":"summary_large_image","twitter_misc":{"Escrito por":"Gustavo Trindade","Est. tempo de leitura":"4 minutos"},"schema":{"@context":"https:\/\/schema.org","@graph":[{"@type":"WebPage","@id":"https:\/\/www.uai.com.br\/uainoticias\/2026\/04\/27\/henry-ford-fundador-da-ford-motor-company-e-criador-da-linha-de-montagem-se-voce-pensa-que-pode-ou-nao-pode-voce-esta-certo\/","url":"https:\/\/www.uai.com.br\/uainoticias\/2026\/04\/27\/henry-ford-fundador-da-ford-motor-company-e-criador-da-linha-de-montagem-se-voce-pensa-que-pode-ou-nao-pode-voce-esta-certo\/","name":"Henry Ford, fundador da Ford Motor Company e criador da linha de montagem: \u201cSe voc\u00ea pensa que pode ou n\u00e3o pode, voc\u00ea est\u00e1 certo\u201d - UAI Not\u00edcias","isPartOf":{"@id":"https:\/\/www.uai.com.br\/uainoticias\/#website"},"primaryImageOfPage":{"@id":"https:\/\/www.uai.com.br\/uainoticias\/2026\/04\/27\/henry-ford-fundador-da-ford-motor-company-e-criador-da-linha-de-montagem-se-voce-pensa-que-pode-ou-nao-pode-voce-esta-certo\/#primaryimage"},"image":{"@id":"https:\/\/www.uai.com.br\/uainoticias\/2026\/04\/27\/henry-ford-fundador-da-ford-motor-company-e-criador-da-linha-de-montagem-se-voce-pensa-que-pode-ou-nao-pode-voce-esta-certo\/#primaryimage"},"thumbnailUrl":"https:\/\/www.uai.com.br\/uainoticias\/wp-content\/uploads\/2026\/04\/Design_sem_nome-2026-04-25T003056.594.jpg","datePublished":"2026-04-27T21:45:00+00:00","author":{"@id":"https:\/\/www.uai.com.br\/uainoticias\/#\/schema\/person\/060f8bb02e250479c83590e2c4706fcc"},"description":"A frase de Henry Ford sobre mentalidade continua influenciando carreiras e neg\u00f3cios e o significado pode mudar sua forma de pensar","breadcrumb":{"@id":"https:\/\/www.uai.com.br\/uainoticias\/2026\/04\/27\/henry-ford-fundador-da-ford-motor-company-e-criador-da-linha-de-montagem-se-voce-pensa-que-pode-ou-nao-pode-voce-esta-certo\/#breadcrumb"},"inLanguage":"pt-BR","potentialAction":[{"@type":"ReadAction","target":["https:\/\/www.uai.com.br\/uainoticias\/2026\/04\/27\/henry-ford-fundador-da-ford-motor-company-e-criador-da-linha-de-montagem-se-voce-pensa-que-pode-ou-nao-pode-voce-esta-certo\/"]}]},{"@type":"ImageObject","inLanguage":"pt-BR","@id":"https:\/\/www.uai.com.br\/uainoticias\/2026\/04\/27\/henry-ford-fundador-da-ford-motor-company-e-criador-da-linha-de-montagem-se-voce-pensa-que-pode-ou-nao-pode-voce-esta-certo\/#primaryimage","url":"https:\/\/www.uai.com.br\/uainoticias\/wp-content\/uploads\/2026\/04\/Design_sem_nome-2026-04-25T003056.594.jpg","contentUrl":"https:\/\/www.uai.com.br\/uainoticias\/wp-content\/uploads\/2026\/04\/Design_sem_nome-2026-04-25T003056.594.jpg","width":1280,"height":720,"caption":"Mentalidade que influencia diretamente decis\u00f5es e resultados profissionais"},{"@type":"BreadcrumbList","@id":"https:\/\/www.uai.com.br\/uainoticias\/2026\/04\/27\/henry-ford-fundador-da-ford-motor-company-e-criador-da-linha-de-montagem-se-voce-pensa-que-pode-ou-nao-pode-voce-esta-certo\/#breadcrumb","itemListElement":[{"@type":"ListItem","position":1,"name":"In\u00edcio","item":"https:\/\/www.uai.com.br\/uainoticias\/"},{"@type":"ListItem","position":2,"name":"Henry Ford, fundador da Ford Motor Company e criador da linha de montagem: \u201cSe voc\u00ea pensa que pode ou n\u00e3o pode, voc\u00ea est\u00e1 certo\u201d"}]},{"@type":"WebSite","@id":"https:\/\/www.uai.com.br\/uainoticias\/#website","url":"https:\/\/www.uai.com.br\/uainoticias\/","name":"UAI Not\u00edcias","description":"Acompanhe as \u00faltimas not\u00edcias e fique bem informado sobre tudo o que acontece no Brasil e no mundo.","potentialAction":[{"@type":"SearchAction","target":{"@type":"EntryPoint","urlTemplate":"https:\/\/www.uai.com.br\/uainoticias\/?s={search_term_string}"},"query-input":{"@type":"PropertyValueSpecification","valueRequired":true,"valueName":"search_term_string"}}],"inLanguage":"pt-BR"},{"@type":"Person","@id":"https:\/\/www.uai.com.br\/uainoticias\/#\/schema\/person\/060f8bb02e250479c83590e2c4706fcc","name":"Gustavo Trindade","image":{"@type":"ImageObject","inLanguage":"pt-BR","@id":"https:\/\/www.uai.com.br\/uainoticias\/#\/schema\/person\/image\/","url":"https:\/\/secure.gravatar.com\/avatar\/05714a54ada0bd2b20e75b2c72a9e7802581213945810c2354d320b79f27b427?s=96&d=mm&r=g","contentUrl":"https:\/\/secure.gravatar.com\/avatar\/05714a54ada0bd2b20e75b2c72a9e7802581213945810c2354d320b79f27b427?s=96&d=mm&r=g","caption":"Gustavo Trindade"},"sameAs":["https:\/\/www.uai.com.br\/uainoticias\/"],"url":"https:\/\/www.uai.com.br\/uainoticias\/author\/gustavotrindade\/"}]}},"_links":{"self":[{"href":"https:\/\/www.uai.com.br\/uainoticias\/wp-json\/wp\/v2\/posts\/127109","targetHints":{"allow":["GET"]}}],"collection":[{"href":"https:\/\/www.uai.com.br\/uainoticias\/wp-json\/wp\/v2\/posts"}],"about":[{"href":"https:\/\/www.uai.com.br\/uainoticias\/wp-json\/wp\/v2\/types\/post"}],"author":[{"embeddable":true,"href":"https:\/\/www.uai.com.br\/uainoticias\/wp-json\/wp\/v2\/users\/23"}],"replies":[{"embeddable":true,"href":"https:\/\/www.uai.com.br\/uainoticias\/wp-json\/wp\/v2\/comments?post=127109"}],"version-history":[{"count":1,"href":"https:\/\/www.uai.com.br\/uainoticias\/wp-json\/wp\/v2\/posts\/127109\/revisions"}],"predecessor-version":[{"id":127111,"href":"https:\/\/www.uai.com.br\/uainoticias\/wp-json\/wp\/v2\/posts\/127109\/revisions\/127111"}],"wp:featuredmedia":[{"embeddable":true,"href":"https:\/\/www.uai.com.br\/uainoticias\/wp-json\/wp\/v2\/media\/127110"}],"wp:attachment":[{"href":"https:\/\/www.uai.com.br\/uainoticias\/wp-json\/wp\/v2\/media?parent=127109"}],"wp:term":[{"taxonomy":"category","embeddable":true,"href":"https:\/\/www.uai.com.br\/uainoticias\/wp-json\/wp\/v2\/categories?post=127109"},{"taxonomy":"post_tag","embeddable":true,"href":"https:\/\/www.uai.com.br\/uainoticias\/wp-json\/wp\/v2\/tags?post=127109"}],"curies":[{"name":"wp","href":"https:\/\/api.w.org\/{rel}","templated":true}]}}