{"id":127097,"date":"2026-04-27T16:15:00","date_gmt":"2026-04-27T19:15:00","guid":{"rendered":"https:\/\/www.uai.com.br\/uainoticias\/?p=127097"},"modified":"2026-04-25T00:15:02","modified_gmt":"2026-04-25T03:15:02","slug":"oprah-winfrey-criadora-do-the-oprah-winfrey-show-e-magnata-da-midia-transforme-suas-feridas-em-sabedoria","status":"publish","type":"post","link":"https:\/\/www.uai.com.br\/uainoticias\/2026\/04\/27\/oprah-winfrey-criadora-do-the-oprah-winfrey-show-e-magnata-da-midia-transforme-suas-feridas-em-sabedoria\/","title":{"rendered":"Oprah Winfrey, criadora do The Oprah Winfrey Show e magnata da m\u00eddia: \u201cTransforme suas feridas em sabedoria\u201d"},"content":{"rendered":"\n<link href=\"https:\/\/fonts.googleapis.com\/css2?family=Merriweather:wght@700&#038;family=Open+Sans:wght@400;600;700&#038;display=swap\" rel=\"stylesheet\">\r\n<style>\r\n.rdp-resumo-wrapper {\r\n  max-width: 620px;\r\n  margin: 28px auto;\r\n  background: #FFFFFF;\r\n  border: 1px solid #D0D0D0;\r\n  border-radius: 6px;\r\n  padding: 28px 32px;\r\n  font-family: 'Open Sans', sans-serif;\r\n  box-shadow: 0 2px 12px rgba(0,0,0,0.08);\r\n}\r\n.rdp-resumo-header {\r\n  display: flex;\r\n  align-items: center;\r\n  gap: 16px;\r\n  margin-bottom: 22px;\r\n}\r\n.rdp-resumo-line {\r\n  flex: 1;\r\n  height: 1px;\r\n  background: #D0D0D0;\r\n}\r\n.rdp-resumo-title {\r\n  font-family: 'Merriweather', serif;\r\n  font-size: 13px;\r\n  font-weight: 700;\r\n  text-transform: uppercase;\r\n  letter-spacing: 3px;\r\n  color: #1A1A1A;\r\n  white-space: nowrap;\r\n}\r\n.rdp-resumo-list {\r\n  list-style: none;\r\n  padding: 0;\r\n  margin: 0;\r\n}\r\n.rdp-resumo-item {\r\n  padding: 0 0 18px 22px;\r\n  position: relative;\r\n  line-height: 1.7;\r\n}\r\n.rdp-resumo-item:last-child {\r\n  padding-bottom: 0;\r\n}\r\n.rdp-resumo-item::before {\r\n  content: \"\";\r\n  position: absolute;\r\n  left: 0;\r\n  top: 8px;\r\n  width: 8px;\r\n  height: 8px;\r\n  background: #2B5A83;\r\n  border-radius: 50%;\r\n}\r\n.rdp-resumo-item-title {\r\n  font-size: 15px;\r\n  font-weight: 700;\r\n  color: #1A1A1A;\r\n}\r\n.rdp-resumo-item-desc {\r\n  font-size: 15px;\r\n  color: #4A4A4A;\r\n  line-height: 1.7;\r\n}\r\n@media (max-width: 768px) {\r\n  .rdp-resumo-wrapper {\r\n    max-width: 100%;\r\n    margin: 20px 12px;\r\n    padding: 22px 20px;\r\n  }\r\n}\r\n<\/style>\r\n<div class=\"rdp-resumo-wrapper\">\r\n  <div class=\"rdp-resumo-header\">\r\n    <span class=\"rdp-resumo-line\"><\/span>\r\n    <span class=\"rdp-resumo-title\">Resumo<\/span>\r\n    <span class=\"rdp-resumo-line\"><\/span>\r\n  <\/div>\r\n  <ul class=\"rdp-resumo-list\">\r\n    <li class=\"rdp-resumo-item\">\r\n      <span class=\"rdp-resumo-item-title\">Frase emblem\u00e1tica:<\/span> <span class=\"rdp-resumo-item-desc\">Oprah Winfrey sintetiza sua vis\u00e3o sobre crescimento pessoal ao afirmar que a dor pode ser convertida em aprendizado.<\/span>\r\n    <\/li>\r\n    <li class=\"rdp-resumo-item\">\r\n      <span class=\"rdp-resumo-item-title\">Contexto midi\u00e1tico:<\/span> <span class=\"rdp-resumo-item-desc\">A declara\u00e7\u00e3o ecoa sua trajet\u00f3ria no The Oprah Winfrey Show e em entrevistas sobre supera\u00e7\u00e3o e autoconhecimento.<\/span>\r\n    <\/li>\r\n    <li class=\"rdp-resumo-item\">\r\n      <span class=\"rdp-resumo-item-title\">Impacto cultural:<\/span> <span class=\"rdp-resumo-item-desc\">A frase refor\u00e7a debates contempor\u00e2neos sobre resili\u00eancia emocional na cultura pop e no entretenimento.<\/span>\r\n    <\/li>\r\n  <\/ul>\r\n<\/div>\n\n\n\n<p>No universo do entretenimento e da cultura midi\u00e1tica, poucas vozes t\u00eam tanto alcance quanto a de Oprah Winfrey. Ao declarar <em>\u201cTransforme suas feridas em sabedoria\u201d<\/em>, a apresentadora traduz uma filosofia recorrente em entrevistas e conte\u00fados que marcaram sua carreira, especialmente no hist\u00f3rico <strong>The Oprah Winfrey Show<\/strong>. A frase dialoga diretamente com temas como resili\u00eancia, narrativa pessoal e constru\u00e7\u00e3o de identidade, pilares centrais da comunica\u00e7\u00e3o contempor\u00e2nea.<\/p>\n\n\n\n<h2 class=\"wp-block-heading\">Quem \u00e9 Oprah Winfrey e por que sua voz importa<\/h2>\n\n\n\n<p><strong>Oprah Winfrey<\/strong> \u00e9 uma das figuras mais influentes da televis\u00e3o global, reconhecida por sua atua\u00e7\u00e3o como apresentadora, produtora e empres\u00e1ria. Seu talk show, exibido por mais de duas d\u00e9cadas, redefiniu o formato de entrevistas ao incorporar storytelling emocional, debates sociais e relatos de vida.<\/p>\n\n\n\n<p>Al\u00e9m da televis\u00e3o, Oprah consolidou um imp\u00e9rio midi\u00e1tico que inclui revistas, produ\u00e7\u00f5es audiovisuais e plataformas digitais. Sua relev\u00e2ncia cultural est\u00e1 diretamente ligada \u00e0 capacidade de transformar experi\u00eancias pessoais em conte\u00fado universal, conectando audi\u00eancia e narrativa com profundidade.<\/p>\n\n\n\n<figure class=\"wp-block-embed is-type-video is-provider-youtube wp-block-embed-youtube wp-embed-aspect-16-9 wp-has-aspect-ratio\"><div class=\"wp-block-embed__wrapper\">\n<div class=\"jeg_video_container jeg_video_content\"><iframe loading=\"lazy\" title=\"A Hist\u00f3ria Incr\u00edvel de Supera\u00e7\u00e3o de Oprah Winfrey\" width=\"500\" height=\"281\" src=\"https:\/\/www.youtube.com\/embed\/nnBbRjR7zXw?feature=oembed\" frameborder=\"0\" allow=\"accelerometer; autoplay; clipboard-write; encrypted-media; gyroscope; picture-in-picture; web-share\" referrerpolicy=\"strict-origin-when-cross-origin\" allowfullscreen><\/iframe><\/div>\n<\/div><\/figure>\n\n\n\n<h2 class=\"wp-block-heading\">O que Oprah Winfrey quis dizer com essa frase<\/h2>\n\n\n\n<p>A frase sugere uma leitura ativa da dor, transformando experi\u00eancias dif\u00edceis em aprendizado. Dentro do discurso recorrente de Oprah Winfrey, essa ideia aparece como uma ferramenta de autodesenvolvimento, frequentemente abordada em entrevistas e epis\u00f3dios do The Oprah Winfrey Show.<\/p>\n\n\n\n<p>Ao inv\u00e9s de negar o sofrimento, a comunicadora prop\u00f5e ressignific\u00e1-lo. Esse conceito \u00e9 central na cultura do desenvolvimento pessoal, onde narrativas de supera\u00e7\u00e3o s\u00e3o estruturadas como jornadas de transforma\u00e7\u00e3o, muito exploradas no entretenimento contempor\u00e2neo.<\/p>\n\n\n\n<h2 class=\"wp-block-heading\">Resili\u00eancia e autoconhecimento: o contexto por tr\u00e1s das palavras<\/h2>\n\n\n\n<p>A ideia de resili\u00eancia emocional, amplamente difundida na m\u00eddia, ganha for\u00e7a quando associada \u00e0 trajet\u00f3ria de Oprah Winfrey. Sua hist\u00f3ria pessoal, marcada por desafios na inf\u00e2ncia e ascens\u00e3o profissional, se tornou um dos principais eixos narrativos de sua comunica\u00e7\u00e3o.<\/p>\n\n\n\n<p>No contexto cultural, a frase dialoga com tend\u00eancias do entretenimento que valorizam hist\u00f3rias reais, document\u00e1rios e conte\u00fados confessionais. O p\u00fablico busca identifica\u00e7\u00e3o, e figuras como Oprah funcionam como mediadoras dessas experi\u00eancias.<\/p>\n\n\n\n<link href=\"https:\/\/fonts.googleapis.com\/css2?family=Merriweather:wght@700&#038;family=Open+Sans:wght@400;600;700&#038;display=swap\" rel=\"stylesheet\">\r\n<style>\r\n.rdp-cards-wrapper .jnews_inline_related_post_wrapper,\r\n.rdp-cards-wrapper .jnews_inline_related_post,\r\n.rdp-cards-wrapper .jeg_postblock,\r\n.rdp-cards-wrapper [class*=\"jnews_inline\"],\r\n.rdp-cards-wrapper [class*=\"jeg_postblock\"],\r\n.rdp-cards-wrapper [class*=\"jeg_block\"] {\r\n  display: none !important;\r\n  height: 0 !important;\r\n  max-height: 0 !important;\r\n  overflow: hidden !important;\r\n  visibility: hidden !important;\r\n  margin: 0 !important;\r\n  padding: 0 !important;\r\n  border: none !important;\r\n  font-size: 0 !important;\r\n  line-height: 0 !important;\r\n}\r\n.rdp-cards-wrapper {\r\n  max-width: 100%;\r\n  margin: 32px 0;\r\n  background: #F5F7FA;\r\n  border: 1px solid #E1E5EB;\r\n  border-radius: 10px;\r\n  padding: 28px 28px 20px;\r\n  font-family: 'Open Sans', sans-serif;\r\n  overflow: hidden;\r\n  contain: layout style;\r\n  isolation: isolate;\r\n  position: relative;\r\n  z-index: 1;\r\n}\r\n.rdp-cards-wrapper > *:not(.rdp-cards-title):not(.rdp-cards-grid) {\r\n  display: none !important;\r\n  height: 0 !important;\r\n  overflow: hidden !important;\r\n  margin: 0 !important;\r\n  padding: 0 !important;\r\n  border: none !important;\r\n}\r\n.rdp-cards-title {\r\n  font-family: 'Merriweather', serif;\r\n  font-size: 20px;\r\n  font-weight: 700;\r\n  color: #1A1A1A;\r\n  margin: 0 0 20px 0;\r\n  line-height: 1.3;\r\n  text-align: center;\r\n}\r\n.rdp-cards-grid {\r\n  display: grid;\r\n  grid-template-columns: repeat(3, 1fr);\r\n  gap: 18px;\r\n}\r\n.rdp-cards-item {\r\n  background: #FFFFFF;\r\n  border: 1px solid #E1E5EB;\r\n  border-top: 3px solid #2B5A83;\r\n  border-radius: 10px;\r\n  padding: 22px 20px;\r\n  box-shadow: 0 2px 8px rgba(0,0,0,0.04);\r\n}\r\n.rdp-cards-emoji {\r\n  font-size: 32px;\r\n  margin-bottom: 12px;\r\n  display: block;\r\n}\r\n.rdp-cards-item-title {\r\n  font-size: 15px;\r\n  font-weight: 700;\r\n  color: #1A1A1A;\r\n  margin-bottom: 8px;\r\n}\r\n.rdp-cards-item-desc {\r\n  font-size: 14px;\r\n  color: #4A4A4A;\r\n}\r\n@media (max-width: 768px) {\r\n  .rdp-cards-grid {\r\n    grid-template-columns: 1fr;\r\n  }\r\n}\r\n<\/style>\r\n<div class=\"rdp-cards-wrapper\">\r\n  <div class=\"rdp-cards-title\">Saiba mais sobre o tema<\/div>\r\n  <div class=\"rdp-cards-grid\">\r\n    <div class=\"rdp-cards-item\">\r\n      <span class=\"rdp-cards-emoji\">\ud83d\udcfa<\/span>\r\n      <div class=\"rdp-cards-item-title\">Talk show revolucion\u00e1rio<\/div>\r\n      <p class=\"rdp-cards-item-desc\">The Oprah Winfrey Show ficou no ar por 25 anos e redefiniu o formato de entrevistas com foco emocional.<\/p>\r\n    <\/div>\r\n    <div class=\"rdp-cards-item\">\r\n      <span class=\"rdp-cards-emoji\">\ud83d\udcda<\/span>\r\n      <div class=\"rdp-cards-item-title\">Influ\u00eancia liter\u00e1ria<\/div>\r\n      <p class=\"rdp-cards-item-desc\">O clube do livro de Oprah impulsionou vendas globais e consolidou seu papel como curadora cultural.<\/p>\r\n    <\/div>\r\n    <div class=\"rdp-cards-item\">\r\n      <span class=\"rdp-cards-emoji\">\ud83c\udf0d<\/span>\r\n      <div class=\"rdp-cards-item-title\">Impacto global<\/div>\r\n      <p class=\"rdp-cards-item-desc\">Sua narrativa de supera\u00e7\u00e3o inspira debates sobre identidade, trauma e crescimento em diferentes culturas.<\/p>\r\n    <\/div>\r\n  <\/div>\r\n<\/div>\r\n<div style=\"clear:both;height:0;overflow:hidden;\"><\/div>\n\n\n\n<h2 class=\"wp-block-heading\">Por que essa declara\u00e7\u00e3o repercutiu<\/h2>\n\n\n\n<p>A repercuss\u00e3o da frase se explica pelo alinhamento com uma tend\u00eancia forte na cultura pop: a valoriza\u00e7\u00e3o de narrativas pessoais. Programas, podcasts e produ\u00e7\u00f5es audiovisuais exploram cada vez mais hist\u00f3rias de supera\u00e7\u00e3o como conte\u00fado central.<\/p>\n\n\n\n<p>No contexto de entrevistas e publica\u00e7\u00f5es em portais e eventos, Oprah Winfrey refor\u00e7a esse discurso com autoridade. Sua credibilidade como comunicadora amplia o alcance da mensagem e a transforma em refer\u00eancia dentro do entretenimento.<\/p>\n\n\n\n<h2 class=\"wp-block-heading\">O legado e a relev\u00e2ncia para a categoria<\/h2>\n\n\n\n<p>A frase consolida um dos principais legados de Oprah Winfrey na cultura midi\u00e1tica: transformar experi\u00eancias humanas em narrativas universais. No entretenimento, essa abordagem influencia formatos, roteiros e estrat\u00e9gias de comunica\u00e7\u00e3o que priorizam autenticidade e conex\u00e3o emocional.<\/p>\n\n\n\n<p>Ao refletir sobre a capacidade de transformar dor em aprendizado, o p\u00fablico \u00e9 convidado a revisitar sua pr\u00f3pria hist\u00f3ria. No cen\u00e1rio do entretenimento e da cultura contempor\u00e2nea, essa \u00e9 uma das narrativas mais poderosas e duradouras.<\/p>\n","protected":false},"excerpt":{"rendered":"<p>Resumo Frase emblem\u00e1tica: Oprah Winfrey sintetiza sua vis\u00e3o sobre crescimento pessoal ao afirmar que a dor pode ser convertida em aprendizado. Contexto midi\u00e1tico: A declara\u00e7\u00e3o ecoa sua trajet\u00f3ria no The Oprah Winfrey Show e em entrevistas sobre supera\u00e7\u00e3o e autoconhecimento. Impacto cultural: A frase refor\u00e7a debates contempor\u00e2neos sobre resili\u00eancia emocional na cultura pop e no [&hellip;]<\/p>\n","protected":false},"author":23,"featured_media":127098,"comment_status":"open","ping_status":"open","sticky":false,"template":"","format":"standard","meta":{"jnews-multi-image_gallery":[],"jnews_single_post":{"format":"standard"},"jnews_primary_category":[],"jnews_social_meta":[],"jnews_override_counter":[],"footnotes":""},"categories":[3046,475],"tags":[23420,23421,22225,10436],"class_list":["post-127097","post","type-post","status-publish","format-standard","has-post-thumbnail","hentry","category-curiosidades","category-entretenimento","tag-feridas","tag-frase-motivaconal","tag-oprah-winfrey","tag-sabedoria"],"yoast_head":"<!-- This site is optimized with the Yoast SEO plugin v26.5 - https:\/\/yoast.com\/wordpress\/plugins\/seo\/ -->\n<title>Oprah Winfrey, criadora do The Oprah Winfrey Show e magnata da m\u00eddia: \u201cTransforme suas feridas em sabedoria\u201d - UAI Not\u00edcias<\/title>\n<meta name=\"description\" content=\"A frase de Oprah Winfrey sobre transformar dor em sabedoria ganhou destaque e o significado pode mudar sua forma de enxergar desafios\" \/>\n<meta name=\"robots\" content=\"index, follow, max-snippet:-1, max-image-preview:large, max-video-preview:-1\" \/>\n<link rel=\"canonical\" href=\"https:\/\/www.uai.com.br\/uainoticias\/2026\/04\/27\/oprah-winfrey-criadora-do-the-oprah-winfrey-show-e-magnata-da-midia-transforme-suas-feridas-em-sabedoria\/\" \/>\n<meta property=\"og:locale\" content=\"pt_BR\" \/>\n<meta property=\"og:type\" content=\"article\" \/>\n<meta property=\"og:title\" content=\"Oprah Winfrey, criadora do The Oprah Winfrey Show e magnata da m\u00eddia: \u201cTransforme suas feridas em sabedoria\u201d - UAI Not\u00edcias\" \/>\n<meta property=\"og:description\" content=\"A frase de Oprah Winfrey sobre transformar dor em sabedoria ganhou destaque e o significado pode mudar sua forma de enxergar desafios\" \/>\n<meta property=\"og:url\" content=\"https:\/\/www.uai.com.br\/uainoticias\/2026\/04\/27\/oprah-winfrey-criadora-do-the-oprah-winfrey-show-e-magnata-da-midia-transforme-suas-feridas-em-sabedoria\/\" \/>\n<meta property=\"og:site_name\" content=\"UAI Not\u00edcias\" \/>\n<meta property=\"article:published_time\" content=\"2026-04-27T19:15:00+00:00\" \/>\n<meta property=\"og:image\" content=\"https:\/\/www.uai.com.br\/uainoticias\/wp-content\/uploads\/2026\/04\/Design_sem_nome-2026-04-25T001443.329.jpg\" \/>\n\t<meta property=\"og:image:width\" content=\"1280\" \/>\n\t<meta property=\"og:image:height\" content=\"720\" \/>\n\t<meta property=\"og:image:type\" content=\"image\/jpeg\" \/>\n<meta name=\"author\" content=\"Gustavo Trindade\" \/>\n<meta name=\"twitter:card\" content=\"summary_large_image\" \/>\n<meta name=\"twitter:label1\" content=\"Escrito por\" \/>\n\t<meta name=\"twitter:data1\" content=\"Gustavo Trindade\" \/>\n\t<meta name=\"twitter:label2\" content=\"Est. tempo de leitura\" \/>\n\t<meta name=\"twitter:data2\" content=\"4 minutos\" \/>\n<!-- \/ Yoast SEO plugin. -->","yoast_head_json":{"title":"Oprah Winfrey, criadora do The Oprah Winfrey Show e magnata da m\u00eddia: \u201cTransforme suas feridas em sabedoria\u201d - UAI Not\u00edcias","description":"A frase de Oprah Winfrey sobre transformar dor em sabedoria ganhou destaque e o significado pode mudar sua forma de enxergar desafios","robots":{"index":"index","follow":"follow","max-snippet":"max-snippet:-1","max-image-preview":"max-image-preview:large","max-video-preview":"max-video-preview:-1"},"canonical":"https:\/\/www.uai.com.br\/uainoticias\/2026\/04\/27\/oprah-winfrey-criadora-do-the-oprah-winfrey-show-e-magnata-da-midia-transforme-suas-feridas-em-sabedoria\/","og_locale":"pt_BR","og_type":"article","og_title":"Oprah Winfrey, criadora do The Oprah Winfrey Show e magnata da m\u00eddia: \u201cTransforme suas feridas em sabedoria\u201d - UAI Not\u00edcias","og_description":"A frase de Oprah Winfrey sobre transformar dor em sabedoria ganhou destaque e o significado pode mudar sua forma de enxergar desafios","og_url":"https:\/\/www.uai.com.br\/uainoticias\/2026\/04\/27\/oprah-winfrey-criadora-do-the-oprah-winfrey-show-e-magnata-da-midia-transforme-suas-feridas-em-sabedoria\/","og_site_name":"UAI Not\u00edcias","article_published_time":"2026-04-27T19:15:00+00:00","og_image":[{"width":1280,"height":720,"url":"https:\/\/www.uai.com.br\/uainoticias\/wp-content\/uploads\/2026\/04\/Design_sem_nome-2026-04-25T001443.329.jpg","type":"image\/jpeg"}],"author":"Gustavo Trindade","twitter_card":"summary_large_image","twitter_misc":{"Escrito por":"Gustavo Trindade","Est. tempo de leitura":"4 minutos"},"schema":{"@context":"https:\/\/schema.org","@graph":[{"@type":"WebPage","@id":"https:\/\/www.uai.com.br\/uainoticias\/2026\/04\/27\/oprah-winfrey-criadora-do-the-oprah-winfrey-show-e-magnata-da-midia-transforme-suas-feridas-em-sabedoria\/","url":"https:\/\/www.uai.com.br\/uainoticias\/2026\/04\/27\/oprah-winfrey-criadora-do-the-oprah-winfrey-show-e-magnata-da-midia-transforme-suas-feridas-em-sabedoria\/","name":"Oprah Winfrey, criadora do The Oprah Winfrey Show e magnata da m\u00eddia: \u201cTransforme suas feridas em sabedoria\u201d - UAI Not\u00edcias","isPartOf":{"@id":"https:\/\/www.uai.com.br\/uainoticias\/#website"},"primaryImageOfPage":{"@id":"https:\/\/www.uai.com.br\/uainoticias\/2026\/04\/27\/oprah-winfrey-criadora-do-the-oprah-winfrey-show-e-magnata-da-midia-transforme-suas-feridas-em-sabedoria\/#primaryimage"},"image":{"@id":"https:\/\/www.uai.com.br\/uainoticias\/2026\/04\/27\/oprah-winfrey-criadora-do-the-oprah-winfrey-show-e-magnata-da-midia-transforme-suas-feridas-em-sabedoria\/#primaryimage"},"thumbnailUrl":"https:\/\/www.uai.com.br\/uainoticias\/wp-content\/uploads\/2026\/04\/Design_sem_nome-2026-04-25T001443.329.jpg","datePublished":"2026-04-27T19:15:00+00:00","author":{"@id":"https:\/\/www.uai.com.br\/uainoticias\/#\/schema\/person\/060f8bb02e250479c83590e2c4706fcc"},"description":"A frase de Oprah Winfrey sobre transformar dor em sabedoria ganhou destaque e o significado pode mudar sua forma de enxergar desafios","breadcrumb":{"@id":"https:\/\/www.uai.com.br\/uainoticias\/2026\/04\/27\/oprah-winfrey-criadora-do-the-oprah-winfrey-show-e-magnata-da-midia-transforme-suas-feridas-em-sabedoria\/#breadcrumb"},"inLanguage":"pt-BR","potentialAction":[{"@type":"ReadAction","target":["https:\/\/www.uai.com.br\/uainoticias\/2026\/04\/27\/oprah-winfrey-criadora-do-the-oprah-winfrey-show-e-magnata-da-midia-transforme-suas-feridas-em-sabedoria\/"]}]},{"@type":"ImageObject","inLanguage":"pt-BR","@id":"https:\/\/www.uai.com.br\/uainoticias\/2026\/04\/27\/oprah-winfrey-criadora-do-the-oprah-winfrey-show-e-magnata-da-midia-transforme-suas-feridas-em-sabedoria\/#primaryimage","url":"https:\/\/www.uai.com.br\/uainoticias\/wp-content\/uploads\/2026\/04\/Design_sem_nome-2026-04-25T001443.329.jpg","contentUrl":"https:\/\/www.uai.com.br\/uainoticias\/wp-content\/uploads\/2026\/04\/Design_sem_nome-2026-04-25T001443.329.jpg","width":1280,"height":720,"caption":"Transforma\u00e7\u00e3o emocional que redefine a forma de lidar com experi\u00eancias dif\u00edceis"},{"@type":"BreadcrumbList","@id":"https:\/\/www.uai.com.br\/uainoticias\/2026\/04\/27\/oprah-winfrey-criadora-do-the-oprah-winfrey-show-e-magnata-da-midia-transforme-suas-feridas-em-sabedoria\/#breadcrumb","itemListElement":[{"@type":"ListItem","position":1,"name":"In\u00edcio","item":"https:\/\/www.uai.com.br\/uainoticias\/"},{"@type":"ListItem","position":2,"name":"Oprah Winfrey, criadora do The Oprah Winfrey Show e magnata da m\u00eddia: \u201cTransforme suas feridas em sabedoria\u201d"}]},{"@type":"WebSite","@id":"https:\/\/www.uai.com.br\/uainoticias\/#website","url":"https:\/\/www.uai.com.br\/uainoticias\/","name":"UAI Not\u00edcias","description":"Acompanhe as \u00faltimas not\u00edcias e fique bem informado sobre tudo o que acontece no Brasil e no mundo.","potentialAction":[{"@type":"SearchAction","target":{"@type":"EntryPoint","urlTemplate":"https:\/\/www.uai.com.br\/uainoticias\/?s={search_term_string}"},"query-input":{"@type":"PropertyValueSpecification","valueRequired":true,"valueName":"search_term_string"}}],"inLanguage":"pt-BR"},{"@type":"Person","@id":"https:\/\/www.uai.com.br\/uainoticias\/#\/schema\/person\/060f8bb02e250479c83590e2c4706fcc","name":"Gustavo Trindade","image":{"@type":"ImageObject","inLanguage":"pt-BR","@id":"https:\/\/www.uai.com.br\/uainoticias\/#\/schema\/person\/image\/","url":"https:\/\/secure.gravatar.com\/avatar\/05714a54ada0bd2b20e75b2c72a9e7802581213945810c2354d320b79f27b427?s=96&d=mm&r=g","contentUrl":"https:\/\/secure.gravatar.com\/avatar\/05714a54ada0bd2b20e75b2c72a9e7802581213945810c2354d320b79f27b427?s=96&d=mm&r=g","caption":"Gustavo Trindade"},"sameAs":["https:\/\/www.uai.com.br\/uainoticias\/"],"url":"https:\/\/www.uai.com.br\/uainoticias\/author\/gustavotrindade\/"}]}},"_links":{"self":[{"href":"https:\/\/www.uai.com.br\/uainoticias\/wp-json\/wp\/v2\/posts\/127097","targetHints":{"allow":["GET"]}}],"collection":[{"href":"https:\/\/www.uai.com.br\/uainoticias\/wp-json\/wp\/v2\/posts"}],"about":[{"href":"https:\/\/www.uai.com.br\/uainoticias\/wp-json\/wp\/v2\/types\/post"}],"author":[{"embeddable":true,"href":"https:\/\/www.uai.com.br\/uainoticias\/wp-json\/wp\/v2\/users\/23"}],"replies":[{"embeddable":true,"href":"https:\/\/www.uai.com.br\/uainoticias\/wp-json\/wp\/v2\/comments?post=127097"}],"version-history":[{"count":1,"href":"https:\/\/www.uai.com.br\/uainoticias\/wp-json\/wp\/v2\/posts\/127097\/revisions"}],"predecessor-version":[{"id":127099,"href":"https:\/\/www.uai.com.br\/uainoticias\/wp-json\/wp\/v2\/posts\/127097\/revisions\/127099"}],"wp:featuredmedia":[{"embeddable":true,"href":"https:\/\/www.uai.com.br\/uainoticias\/wp-json\/wp\/v2\/media\/127098"}],"wp:attachment":[{"href":"https:\/\/www.uai.com.br\/uainoticias\/wp-json\/wp\/v2\/media?parent=127097"}],"wp:term":[{"taxonomy":"category","embeddable":true,"href":"https:\/\/www.uai.com.br\/uainoticias\/wp-json\/wp\/v2\/categories?post=127097"},{"taxonomy":"post_tag","embeddable":true,"href":"https:\/\/www.uai.com.br\/uainoticias\/wp-json\/wp\/v2\/tags?post=127097"}],"curies":[{"name":"wp","href":"https:\/\/api.w.org\/{rel}","templated":true}]}}