{"id":127024,"date":"2026-04-26T19:00:00","date_gmt":"2026-04-26T22:00:00","guid":{"rendered":"https:\/\/www.uai.com.br\/uainoticias\/?p=127024"},"modified":"2026-04-24T20:09:56","modified_gmt":"2026-04-24T23:09:56","slug":"a-psicologia-diz-que-as-pessoas-que-falam-menos-a-medida-que-envelhecem-nao-estao-ficando-sem-assunto-elas-simplesmente-chegaram-a-um-ponto-em-que-a-energia-necessaria-para-dizer-algo-que-nao-sera-to","status":"publish","type":"post","link":"https:\/\/www.uai.com.br\/uainoticias\/2026\/04\/26\/a-psicologia-diz-que-as-pessoas-que-falam-menos-a-medida-que-envelhecem-nao-estao-ficando-sem-assunto-elas-simplesmente-chegaram-a-um-ponto-em-que-a-energia-necessaria-para-dizer-algo-que-nao-sera-to\/","title":{"rendered":"A psicologia diz que as pessoas que falam menos \u00e0 medida que envelhecem n\u00e3o est\u00e3o ficando sem assunto, elas simplesmente chegaram a um ponto em que a energia necess\u00e1ria para dizer algo que n\u00e3o ser\u00e1 totalmente compreendido supera o al\u00edvio de diz\u00ea-lo"},"content":{"rendered":"\n<p>Com o passar dos anos, ocorre uma transforma\u00e7\u00e3o profunda na forma como o indiv\u00edduo interage com o mundo ao seu redor. A <strong>comunica\u00e7\u00e3o na velhice<\/strong> deixa de ser um palco de autoafirma\u00e7\u00e3o para se tornar um exerc\u00edcio de seletividade e preserva\u00e7\u00e3o emocional. <\/p>\n\n\n\n<h2 class=\"wp-block-heading\">Por que a comunica\u00e7\u00e3o na velhice se torna mais seletiva?<\/h2>\n\n\n\n<p>A maturidade traz consigo uma percep\u00e7\u00e3o mais clara sobre a finitude do tempo, o que influencia diretamente as escolhas sociais. Estudos no campo da psicologia do envelhecimento sugerem que essa seletividade \u00e9 um mecanismo de defesa contra o estresse, onde o <strong>valor<\/strong> de uma conversa \u00e9 pesado antes mesmo de ser iniciada.<\/p>\n\n\n\n<p>Para o idoso, manter a paz interior torna-se um <strong>documento<\/strong> de prioridade m\u00e1xima. Isso explica por que muitos evitam discuss\u00f5es acaloradas sobre pol\u00edtica ou comportamento, preferindo o sil\u00eancio produtivo. Essa mudan\u00e7a reflete uma <strong>isen\u00e7\u00e3o<\/strong> de conflitos desnecess\u00e1rios, permitindo que a pessoa foque em v\u00ednculos que ofere\u00e7am suporte emocional e respeito m\u00fatuo em seu cotidiano.<\/p>\n\n\n<div class=\"wp-block-image\">\n<figure class=\"aligncenter size-large\"><img decoding=\"async\" width=\"1024\" height=\"572\" src=\"https:\/\/www.uai.com.br\/uainoticias\/wp-content\/uploads\/2026\/04\/freepik_a-firstperson-perspective_2860616704-1024x572.png\" alt=\"A fase da vida em que falar menos pode significar viver melhor e com mais equil\u00edbrio\" class=\"wp-image-127025\"\/><figcaption class=\"wp-element-caption\">O impacto do envelhecimento na comunica\u00e7\u00e3o e por que o sil\u00eancio ganha mais valor<\/figcaption><\/figure><\/div>\n\n\n<h2 class=\"wp-block-heading\">Como o envelhecimento altera o processamento das informa\u00e7\u00f5es?<\/h2>\n\n\n\n<p>Al\u00e9m das quest\u00f5es emocionais, existem fatores cognitivos que moldam a fala na maturidade. Embora o vocabul\u00e1rio possa se expandir com a experi\u00eancia, a velocidade de processamento pode mudar, fazendo com que o idoso prefira uma escuta mais atenta. Esse <strong>ve\u00edculo<\/strong> de intera\u00e7\u00e3o focado na observa\u00e7\u00e3o permite uma compreens\u00e3o mais profunda do contexto antes de qualquer interven\u00e7\u00e3o verbal.<\/p>\n\n\n\n<p>A <strong>Receita Federal<\/strong> da mente, por assim dizer, passa a tributar intera\u00e7\u00f5es superficiais. O esfor\u00e7o para explicar conceitos complexos a quem n\u00e3o deseja ouvir \u00e9 visto como um custo alto demais. Assim, a <strong>al\u00edquota<\/strong> de paci\u00eancia para o ru\u00eddo social diminui, enquanto a aprecia\u00e7\u00e3o por conversas significativas e estruturadas ganha um espa\u00e7o central na rotina.<\/p>\n\n\n\n<h2 class=\"wp-block-heading\">Por que algumas conversas deixam de valer a pena?<\/h2>\n\n\n\n<p>Na maturidade, a identifica\u00e7\u00e3o de padr\u00f5es de comportamento alheios torna-se mais agu\u00e7ada. O idoso reconhece rapidamente quando um interlocutor n\u00e3o busca o di\u00e1logo, mas apenas a imposi\u00e7\u00e3o de ideias. Nesses casos, o sil\u00eancio funciona como um <strong>licenciamento<\/strong> para a tranquilidade, evitando o desgaste de repetir argumentos que j\u00e1 se mostraram ineficazes no passado.<\/p>\n\n\n\n<p>A decis\u00e3o de n\u00e3o participar de determinados embates n\u00e3o deve ser confundida com apatia. Trata-se de uma gest\u00e3o inteligente do <strong>imposto<\/strong> emocional. Ao escolher n\u00e3o reagir a provoca\u00e7\u00f5es, o indiv\u00edduo preserva sua integridade e evita que fatores externos desestabilizem seu equil\u00edbrio. Essa postura educativa ensina as gera\u00e7\u00f5es mais novas que nem todo est\u00edmulo exige uma resposta imediata ou verbal.<\/p>\n\n\n\n<h2 class=\"wp-block-heading\">Quais s\u00e3o as orienta\u00e7\u00f5es para uma comunica\u00e7\u00e3o saud\u00e1vel com idosos?<\/h2>\n\n\n\n<p>Para que o di\u00e1logo com pessoas mais velhas seja fluido e produtivo, \u00e9 essencial que os familiares e cuidadores compreendam essa nova fase. A pressa e a interrup\u00e7\u00e3o constante s\u00e3o barreiras que podem levar o idoso ao isolamento. Respeitar o tempo da resposta e valorizar a escuta s\u00e3o atitudes fundamentais para manter o <strong>valor<\/strong> da intera\u00e7\u00e3o familiar.<\/p>\n\n\n\n<p>De acordo com pesquisas publicadas sobre o tema, como as encontradas no <a href=\"https:\/\/www.cpt.com.br\/cursos-treinamentoprofissional\/artigos\/como-o-cuidador-de-idosos-deve-se-comunicar-com-eles#:~:text=A%20m%C3%BAsica%20ajuda%20o%20idoso,e%20ser%20compreendido%20por%20ela.\" target=\"_blank\" rel=\"noreferrer noopener\">Scientific Electronic Library Online (SciELO)<\/a>, a qualidade da rede de apoio social est\u00e1 diretamente ligada \u00e0 longevidade. Para fomentar um ambiente comunicativo acolhedor e evitar que o idoso caia em um sil\u00eancio melanc\u00f3lico por falta de interlocutores v\u00e1lidos, considere as seguintes pr\u00e1ticas:<\/p>\n\n\n\n<ul class=\"wp-block-list\">\n<li>Praticar a escuta ativa, demonstrando interesse genu\u00edno pelas hist\u00f3rias narradas sem pressa de concluir o assunto.<\/li>\n\n\n\n<li>Evitar temas que sabidamente geram ansiedade ou conflitos repetitivos sem solu\u00e7\u00e3o pr\u00e1tica imediata.<\/li>\n\n\n\n<li>Incentivar a narrativa de mem\u00f3rias, tratando cada relato como um <strong>documento<\/strong> precioso da identidade familiar.<\/li>\n\n\n\n<li>Respeitar os momentos de sil\u00eancio do idoso, entendendo que a presen\u00e7a f\u00edsica muitas vezes comunica mais que palavras.<\/li>\n\n\n\n<li>Utilizar perguntas abertas que estimulem a reflex\u00e3o e a partilha, em vez de comandos diretos ou cr\u00edticas veladas.<\/li>\n<\/ul>\n\n\n<div class=\"wp-block-image\">\n<figure class=\"aligncenter size-large\"><img decoding=\"async\" width=\"1024\" height=\"572\" src=\"https:\/\/www.uai.com.br\/uainoticias\/wp-content\/uploads\/2026\/04\/freepik_a-wide-shot-from-an-overt_2860617427-1-1024x572.png\" alt=\"A fase da vida em que falar menos pode significar viver melhor e com mais equil\u00edbrio\" class=\"wp-image-127027\"\/><figcaption class=\"wp-element-caption\">O impacto do envelhecimento na comunica\u00e7\u00e3o e por que o sil\u00eancio ganha mais valor<\/figcaption><\/figure><\/div>\n\n\n<h2 class=\"wp-block-heading\">Como as mem\u00f3rias funcionam como moeda afetiva?<\/h2>\n\n\n\n<p>As hist\u00f3rias contadas pelos idosos n\u00e3o s\u00e3o apenas repeti\u00e7\u00f5es, mas formas de transmitir valores e manter viva a pr\u00f3pria hist\u00f3ria. Quando o idoso percebe que sua fala tem <strong>valor<\/strong> para o outro, ele se sente validado. No entanto, se o ambiente \u00e9 hostil ou indiferente, ele tende a guardar essas mem\u00f3rias, protegendo-as da desvaloriza\u00e7\u00e3o.<\/p>\n\n\n\n<p>Essa guarda cuidadosa dos relatos funciona como um filtro de qualidade. O <strong>ve\u00edculo<\/strong> da tradi\u00e7\u00e3o oral torna-se mais restrito a quem realmente demonstra capacidade de acolhimento. Assim, a palavra na maturidade ganha um peso maior; cada frase dita carrega uma inten\u00e7\u00e3o clara e um desejo de deixar uma marca positiva naqueles que est\u00e3o dispostos a ouvir.<\/p>\n\n\n\n<h2 class=\"wp-block-heading\">Qual o papel do sil\u00eancio na preserva\u00e7\u00e3o da sa\u00fade emocional?<\/h2>\n\n\n\n<p>O sil\u00eancio na velhice deve ser visto como uma ferramenta de sabedoria e n\u00e3o apenas como aus\u00eancia de som. Ele permite a autorreflex\u00e3o e a observa\u00e7\u00e3o do ambiente sem a press\u00e3o do julgamento constante. No contexto do <strong>Governo Federal<\/strong> das emo\u00e7\u00f5es, o sil\u00eancio \u00e9 uma estrat\u00e9gia de economia de recursos para as batalhas que realmente importam.<\/p>\n\n\n\n<p>Para saber mais sobre o envelhecimento ativo e pol\u00edticas de apoio, consulte o <a target=\"_blank\" rel=\"noreferrer noopener\" href=\"https:\/\/www.gov.br\/saude\">Portal do Minist\u00e9rio da Sa\u00fade<\/a>. Manter-se informado sobre as transforma\u00e7\u00f5es da vida garante uma <strong>isen\u00e7\u00e3o<\/strong> de preconceitos, permitindo que a conviv\u00eancia entre diferentes gera\u00e7\u00f5es seja baseada no aprendizado m\u00fatuo e na celebra\u00e7\u00e3o da vida em todas as suas fases.<\/p>\n","protected":false},"excerpt":{"rendered":"<p>Com o passar dos anos, ocorre uma transforma\u00e7\u00e3o profunda na forma como o indiv\u00edduo interage com o mundo ao seu redor. A comunica\u00e7\u00e3o na velhice deixa de ser um palco de autoafirma\u00e7\u00e3o para se tornar um exerc\u00edcio de seletividade e preserva\u00e7\u00e3o emocional. Por que a comunica\u00e7\u00e3o na velhice se torna mais seletiva? A maturidade traz [&hellip;]<\/p>\n","protected":false},"author":27,"featured_media":127026,"comment_status":"open","ping_status":"open","sticky":false,"template":"","format":"standard","meta":{"jnews-multi-image_gallery":[],"jnews_single_post":{"format":"standard"},"jnews_primary_category":[],"jnews_social_meta":[],"jnews_override_counter":[],"footnotes":""},"categories":[11601],"tags":[23412,330,22013],"class_list":["post-127024","post","type-post","status-publish","format-standard","has-post-thumbnail","hentry","category-noticia","tag-comunicacao-na-velhice","tag-curiosidades","tag-noticia-2"],"yoast_head":"<!-- This site is optimized with the Yoast SEO plugin v26.5 - https:\/\/yoast.com\/wordpress\/plugins\/seo\/ -->\n<title>A psicologia diz que as pessoas que falam menos \u00e0 medida que envelhecem n\u00e3o est\u00e3o ficando sem assunto, elas simplesmente chegaram a um ponto em que a energia necess\u00e1ria para dizer algo que n\u00e3o ser\u00e1 totalmente compreendido supera o al\u00edvio de diz\u00ea-lo - UAI Not\u00edcias<\/title>\n<meta name=\"description\" content=\"Muitos n\u00e3o entendem a comunica\u00e7\u00e3o na velhice e o sil\u00eancio pode esconder algo importante. Veja o que est\u00e1 por tr\u00e1s disso\" \/>\n<meta name=\"robots\" content=\"index, follow, max-snippet:-1, max-image-preview:large, max-video-preview:-1\" \/>\n<link rel=\"canonical\" href=\"https:\/\/www.uai.com.br\/uainoticias\/2026\/04\/26\/a-psicologia-diz-que-as-pessoas-que-falam-menos-a-medida-que-envelhecem-nao-estao-ficando-sem-assunto-elas-simplesmente-chegaram-a-um-ponto-em-que-a-energia-necessaria-para-dizer-algo-que-nao-sera-to\/\" \/>\n<meta property=\"og:locale\" content=\"pt_BR\" \/>\n<meta property=\"og:type\" content=\"article\" \/>\n<meta property=\"og:title\" content=\"A psicologia diz que as pessoas que falam menos \u00e0 medida que envelhecem n\u00e3o est\u00e3o ficando sem assunto, elas simplesmente chegaram a um ponto em que a energia necess\u00e1ria para dizer algo que n\u00e3o ser\u00e1 totalmente compreendido supera o al\u00edvio de diz\u00ea-lo - UAI Not\u00edcias\" \/>\n<meta property=\"og:description\" content=\"Muitos n\u00e3o entendem a comunica\u00e7\u00e3o na velhice e o sil\u00eancio pode esconder algo importante. Veja o que est\u00e1 por tr\u00e1s disso\" \/>\n<meta property=\"og:url\" content=\"https:\/\/www.uai.com.br\/uainoticias\/2026\/04\/26\/a-psicologia-diz-que-as-pessoas-que-falam-menos-a-medida-que-envelhecem-nao-estao-ficando-sem-assunto-elas-simplesmente-chegaram-a-um-ponto-em-que-a-energia-necessaria-para-dizer-algo-que-nao-sera-to\/\" \/>\n<meta property=\"og:site_name\" content=\"UAI Not\u00edcias\" \/>\n<meta property=\"article:published_time\" content=\"2026-04-26T22:00:00+00:00\" \/>\n<meta property=\"og:image\" content=\"https:\/\/www.uai.com.br\/uainoticias\/wp-content\/uploads\/2026\/04\/freepik_a-cinematic-fotorrealisti_2860618705-e1777062665368.png\" \/>\n\t<meta property=\"og:image:width\" content=\"1290\" \/>\n\t<meta property=\"og:image:height\" content=\"720\" \/>\n\t<meta property=\"og:image:type\" content=\"image\/png\" \/>\n<meta name=\"author\" content=\"Gustavo Davi Silvestrin\" \/>\n<meta name=\"twitter:card\" content=\"summary_large_image\" \/>\n<meta name=\"twitter:label1\" content=\"Escrito por\" \/>\n\t<meta name=\"twitter:data1\" content=\"Gustavo Davi Silvestrin\" \/>\n\t<meta name=\"twitter:label2\" content=\"Est. tempo de leitura\" \/>\n\t<meta name=\"twitter:data2\" content=\"6 minutos\" \/>\n<!-- \/ Yoast SEO plugin. -->","yoast_head_json":{"title":"A psicologia diz que as pessoas que falam menos \u00e0 medida que envelhecem n\u00e3o est\u00e3o ficando sem assunto, elas simplesmente chegaram a um ponto em que a energia necess\u00e1ria para dizer algo que n\u00e3o ser\u00e1 totalmente compreendido supera o al\u00edvio de diz\u00ea-lo - UAI Not\u00edcias","description":"Muitos n\u00e3o entendem a comunica\u00e7\u00e3o na velhice e o sil\u00eancio pode esconder algo importante. Veja o que est\u00e1 por tr\u00e1s disso","robots":{"index":"index","follow":"follow","max-snippet":"max-snippet:-1","max-image-preview":"max-image-preview:large","max-video-preview":"max-video-preview:-1"},"canonical":"https:\/\/www.uai.com.br\/uainoticias\/2026\/04\/26\/a-psicologia-diz-que-as-pessoas-que-falam-menos-a-medida-que-envelhecem-nao-estao-ficando-sem-assunto-elas-simplesmente-chegaram-a-um-ponto-em-que-a-energia-necessaria-para-dizer-algo-que-nao-sera-to\/","og_locale":"pt_BR","og_type":"article","og_title":"A psicologia diz que as pessoas que falam menos \u00e0 medida que envelhecem n\u00e3o est\u00e3o ficando sem assunto, elas simplesmente chegaram a um ponto em que a energia necess\u00e1ria para dizer algo que n\u00e3o ser\u00e1 totalmente compreendido supera o al\u00edvio de diz\u00ea-lo - UAI Not\u00edcias","og_description":"Muitos n\u00e3o entendem a comunica\u00e7\u00e3o na velhice e o sil\u00eancio pode esconder algo importante. Veja o que est\u00e1 por tr\u00e1s disso","og_url":"https:\/\/www.uai.com.br\/uainoticias\/2026\/04\/26\/a-psicologia-diz-que-as-pessoas-que-falam-menos-a-medida-que-envelhecem-nao-estao-ficando-sem-assunto-elas-simplesmente-chegaram-a-um-ponto-em-que-a-energia-necessaria-para-dizer-algo-que-nao-sera-to\/","og_site_name":"UAI Not\u00edcias","article_published_time":"2026-04-26T22:00:00+00:00","og_image":[{"width":1290,"height":720,"url":"https:\/\/www.uai.com.br\/uainoticias\/wp-content\/uploads\/2026\/04\/freepik_a-cinematic-fotorrealisti_2860618705-e1777062665368.png","type":"image\/png"}],"author":"Gustavo Davi Silvestrin","twitter_card":"summary_large_image","twitter_misc":{"Escrito por":"Gustavo Davi Silvestrin","Est. tempo de leitura":"6 minutos"},"schema":{"@context":"https:\/\/schema.org","@graph":[{"@type":"WebPage","@id":"https:\/\/www.uai.com.br\/uainoticias\/2026\/04\/26\/a-psicologia-diz-que-as-pessoas-que-falam-menos-a-medida-que-envelhecem-nao-estao-ficando-sem-assunto-elas-simplesmente-chegaram-a-um-ponto-em-que-a-energia-necessaria-para-dizer-algo-que-nao-sera-to\/","url":"https:\/\/www.uai.com.br\/uainoticias\/2026\/04\/26\/a-psicologia-diz-que-as-pessoas-que-falam-menos-a-medida-que-envelhecem-nao-estao-ficando-sem-assunto-elas-simplesmente-chegaram-a-um-ponto-em-que-a-energia-necessaria-para-dizer-algo-que-nao-sera-to\/","name":"A psicologia diz que as pessoas que falam menos \u00e0 medida que envelhecem n\u00e3o est\u00e3o ficando sem assunto, elas simplesmente chegaram a um ponto em que a energia necess\u00e1ria para dizer algo que n\u00e3o ser\u00e1 totalmente compreendido supera o al\u00edvio de diz\u00ea-lo - UAI Not\u00edcias","isPartOf":{"@id":"https:\/\/www.uai.com.br\/uainoticias\/#website"},"primaryImageOfPage":{"@id":"https:\/\/www.uai.com.br\/uainoticias\/2026\/04\/26\/a-psicologia-diz-que-as-pessoas-que-falam-menos-a-medida-que-envelhecem-nao-estao-ficando-sem-assunto-elas-simplesmente-chegaram-a-um-ponto-em-que-a-energia-necessaria-para-dizer-algo-que-nao-sera-to\/#primaryimage"},"image":{"@id":"https:\/\/www.uai.com.br\/uainoticias\/2026\/04\/26\/a-psicologia-diz-que-as-pessoas-que-falam-menos-a-medida-que-envelhecem-nao-estao-ficando-sem-assunto-elas-simplesmente-chegaram-a-um-ponto-em-que-a-energia-necessaria-para-dizer-algo-que-nao-sera-to\/#primaryimage"},"thumbnailUrl":"https:\/\/www.uai.com.br\/uainoticias\/wp-content\/uploads\/2026\/04\/freepik_a-cinematic-fotorrealisti_2860618705-e1777062665368.png","datePublished":"2026-04-26T22:00:00+00:00","author":{"@id":"https:\/\/www.uai.com.br\/uainoticias\/#\/schema\/person\/974cce4274a7887884e3916f94bc8607"},"description":"Muitos n\u00e3o entendem a comunica\u00e7\u00e3o na velhice e o sil\u00eancio pode esconder algo importante. Veja o que est\u00e1 por tr\u00e1s disso","breadcrumb":{"@id":"https:\/\/www.uai.com.br\/uainoticias\/2026\/04\/26\/a-psicologia-diz-que-as-pessoas-que-falam-menos-a-medida-que-envelhecem-nao-estao-ficando-sem-assunto-elas-simplesmente-chegaram-a-um-ponto-em-que-a-energia-necessaria-para-dizer-algo-que-nao-sera-to\/#breadcrumb"},"inLanguage":"pt-BR","potentialAction":[{"@type":"ReadAction","target":["https:\/\/www.uai.com.br\/uainoticias\/2026\/04\/26\/a-psicologia-diz-que-as-pessoas-que-falam-menos-a-medida-que-envelhecem-nao-estao-ficando-sem-assunto-elas-simplesmente-chegaram-a-um-ponto-em-que-a-energia-necessaria-para-dizer-algo-que-nao-sera-to\/"]}]},{"@type":"ImageObject","inLanguage":"pt-BR","@id":"https:\/\/www.uai.com.br\/uainoticias\/2026\/04\/26\/a-psicologia-diz-que-as-pessoas-que-falam-menos-a-medida-que-envelhecem-nao-estao-ficando-sem-assunto-elas-simplesmente-chegaram-a-um-ponto-em-que-a-energia-necessaria-para-dizer-algo-que-nao-sera-to\/#primaryimage","url":"https:\/\/www.uai.com.br\/uainoticias\/wp-content\/uploads\/2026\/04\/freepik_a-cinematic-fotorrealisti_2860618705-e1777062665368.png","contentUrl":"https:\/\/www.uai.com.br\/uainoticias\/wp-content\/uploads\/2026\/04\/freepik_a-cinematic-fotorrealisti_2860618705-e1777062665368.png","width":1290,"height":720,"caption":"O impacto do envelhecimento na comunica\u00e7\u00e3o e por que o sil\u00eancio ganha mais valor"},{"@type":"BreadcrumbList","@id":"https:\/\/www.uai.com.br\/uainoticias\/2026\/04\/26\/a-psicologia-diz-que-as-pessoas-que-falam-menos-a-medida-que-envelhecem-nao-estao-ficando-sem-assunto-elas-simplesmente-chegaram-a-um-ponto-em-que-a-energia-necessaria-para-dizer-algo-que-nao-sera-to\/#breadcrumb","itemListElement":[{"@type":"ListItem","position":1,"name":"In\u00edcio","item":"https:\/\/www.uai.com.br\/uainoticias\/"},{"@type":"ListItem","position":2,"name":"A psicologia diz que as pessoas que falam menos \u00e0 medida que envelhecem n\u00e3o est\u00e3o ficando sem assunto, elas simplesmente chegaram a um ponto em que a energia necess\u00e1ria para dizer algo que n\u00e3o ser\u00e1 totalmente compreendido supera o al\u00edvio de diz\u00ea-lo"}]},{"@type":"WebSite","@id":"https:\/\/www.uai.com.br\/uainoticias\/#website","url":"https:\/\/www.uai.com.br\/uainoticias\/","name":"UAI Not\u00edcias","description":"Acompanhe as \u00faltimas not\u00edcias e fique bem informado sobre tudo o que acontece no Brasil e no mundo.","potentialAction":[{"@type":"SearchAction","target":{"@type":"EntryPoint","urlTemplate":"https:\/\/www.uai.com.br\/uainoticias\/?s={search_term_string}"},"query-input":{"@type":"PropertyValueSpecification","valueRequired":true,"valueName":"search_term_string"}}],"inLanguage":"pt-BR"},{"@type":"Person","@id":"https:\/\/www.uai.com.br\/uainoticias\/#\/schema\/person\/974cce4274a7887884e3916f94bc8607","name":"Gustavo Davi Silvestrin","image":{"@type":"ImageObject","inLanguage":"pt-BR","@id":"https:\/\/www.uai.com.br\/uainoticias\/#\/schema\/person\/image\/","url":"https:\/\/secure.gravatar.com\/avatar\/00e34b7579107394af24f9d8d813f8687f1e8994bf7e51804d8cceeedb128731?s=96&d=mm&r=g","contentUrl":"https:\/\/secure.gravatar.com\/avatar\/00e34b7579107394af24f9d8d813f8687f1e8994bf7e51804d8cceeedb128731?s=96&d=mm&r=g","caption":"Gustavo Davi Silvestrin"},"sameAs":["https:\/\/www.uai.com.br\/uainoticias\/"],"url":"https:\/\/www.uai.com.br\/uainoticias\/author\/gustavosilvestrin\/"}]}},"_links":{"self":[{"href":"https:\/\/www.uai.com.br\/uainoticias\/wp-json\/wp\/v2\/posts\/127024","targetHints":{"allow":["GET"]}}],"collection":[{"href":"https:\/\/www.uai.com.br\/uainoticias\/wp-json\/wp\/v2\/posts"}],"about":[{"href":"https:\/\/www.uai.com.br\/uainoticias\/wp-json\/wp\/v2\/types\/post"}],"author":[{"embeddable":true,"href":"https:\/\/www.uai.com.br\/uainoticias\/wp-json\/wp\/v2\/users\/27"}],"replies":[{"embeddable":true,"href":"https:\/\/www.uai.com.br\/uainoticias\/wp-json\/wp\/v2\/comments?post=127024"}],"version-history":[{"count":3,"href":"https:\/\/www.uai.com.br\/uainoticias\/wp-json\/wp\/v2\/posts\/127024\/revisions"}],"predecessor-version":[{"id":127063,"href":"https:\/\/www.uai.com.br\/uainoticias\/wp-json\/wp\/v2\/posts\/127024\/revisions\/127063"}],"wp:featuredmedia":[{"embeddable":true,"href":"https:\/\/www.uai.com.br\/uainoticias\/wp-json\/wp\/v2\/media\/127026"}],"wp:attachment":[{"href":"https:\/\/www.uai.com.br\/uainoticias\/wp-json\/wp\/v2\/media?parent=127024"}],"wp:term":[{"taxonomy":"category","embeddable":true,"href":"https:\/\/www.uai.com.br\/uainoticias\/wp-json\/wp\/v2\/categories?post=127024"},{"taxonomy":"post_tag","embeddable":true,"href":"https:\/\/www.uai.com.br\/uainoticias\/wp-json\/wp\/v2\/tags?post=127024"}],"curies":[{"name":"wp","href":"https:\/\/api.w.org\/{rel}","templated":true}]}}