{"id":127020,"date":"2026-04-27T07:15:00","date_gmt":"2026-04-27T10:15:00","guid":{"rendered":"https:\/\/www.uai.com.br\/uainoticias\/?p=127020"},"modified":"2026-04-24T17:19:38","modified_gmt":"2026-04-24T20:19:38","slug":"heraclito-pensador-da-mudanca-e-da-impermanencia-tudo-flui-nada-permanece","status":"publish","type":"post","link":"https:\/\/www.uai.com.br\/uainoticias\/2026\/04\/27\/heraclito-pensador-da-mudanca-e-da-impermanencia-tudo-flui-nada-permanece\/","title":{"rendered":"Her\u00e1clito, pensador da mudan\u00e7a e da imperman\u00eancia: \u201cTudo flui, nada permanece.\u201d"},"content":{"rendered":"\n<link href=\"https:\/\/fonts.googleapis.com\/css2?family=Merriweather:wght@700&#038;family=Open+Sans:wght@400;600;700&#038;display=swap\" rel=\"stylesheet\">\r\n<style>\r\n.rdp-resumo-wrapper {\r\n  max-width: 620px;\r\n  margin: 28px auto;\r\n  background: #FFFFFF;\r\n  border: 1px solid #D0D0D0;\r\n  border-radius: 6px;\r\n  padding: 28px 32px;\r\n  font-family: 'Open Sans', sans-serif;\r\n  box-shadow: 0 2px 12px rgba(0,0,0,0.08);\r\n}\r\n.rdp-resumo-header {\r\n  display: flex;\r\n  align-items: center;\r\n  gap: 16px;\r\n  margin-bottom: 22px;\r\n}\r\n.rdp-resumo-line {\r\n  flex: 1;\r\n  height: 1px;\r\n  background: #D0D0D0;\r\n}\r\n.rdp-resumo-title {\r\n  font-family: 'Merriweather', serif;\r\n  font-size: 13px;\r\n  font-weight: 700;\r\n  text-transform: uppercase;\r\n  letter-spacing: 3px;\r\n  color: #1A1A1A;\r\n  white-space: nowrap;\r\n}\r\n.rdp-resumo-list {\r\n  list-style: none;\r\n  padding: 0;\r\n  margin: 0;\r\n}\r\n.rdp-resumo-item {\r\n  padding: 0 0 18px 22px;\r\n  position: relative;\r\n  line-height: 1.7;\r\n}\r\n.rdp-resumo-item:last-child {\r\n  padding-bottom: 0;\r\n}\r\n.rdp-resumo-item::before {\r\n  content: \"\";\r\n  position: absolute;\r\n  left: 0;\r\n  top: 8px;\r\n  width: 8px;\r\n  height: 8px;\r\n  background: #2B5A83;\r\n  border-radius: 50%;\r\n}\r\n.rdp-resumo-item-title {\r\n  font-size: 15px;\r\n  font-weight: 700;\r\n  color: #1A1A1A;\r\n}\r\n.rdp-resumo-item-desc {\r\n  font-size: 15px;\r\n  color: #4A4A4A;\r\n  line-height: 1.7;\r\n}\r\n@media (max-width: 768px) {\r\n  .rdp-resumo-wrapper {\r\n    max-width: 100%;\r\n    margin: 20px 12px;\r\n    padding: 22px 20px;\r\n  }\r\n}\r\n<\/style>\r\n<div class=\"rdp-resumo-wrapper\">\r\n  <div class=\"rdp-resumo-header\">\r\n    <span class=\"rdp-resumo-line\"><\/span>\r\n    <span class=\"rdp-resumo-title\">Resumo<\/span>\r\n    <span class=\"rdp-resumo-line\"><\/span>\r\n  <\/div>\r\n  <ul class=\"rdp-resumo-list\">\r\n    <li class=\"rdp-resumo-item\">\r\n      <span class=\"rdp-resumo-item-title\">Pensamento cl\u00e1ssico:<\/span> <span class=\"rdp-resumo-item-desc\">A frase de Her\u00e1clito sintetiza uma vis\u00e3o filos\u00f3fica central sobre a mudan\u00e7a constante no mundo.<\/span>\r\n    <\/li>\r\n    <li class=\"rdp-resumo-item\">\r\n      <span class=\"rdp-resumo-item-title\">Ideia-chave:<\/span> <span class=\"rdp-resumo-item-desc\">A imperman\u00eancia como princ\u00edpio conecta filosofia, cultura e reflex\u00f5es contempor\u00e2neas.<\/span>\r\n    <\/li>\r\n    <li class=\"rdp-resumo-item\">\r\n      <span class=\"rdp-resumo-item-title\">Relev\u00e2ncia atual:<\/span> <span class=\"rdp-resumo-item-desc\">O conceito segue influente em debates culturais, arte e interpreta\u00e7\u00e3o da realidade moderna.<\/span>\r\n    <\/li>\r\n  <\/ul>\r\n<\/div>\n\n\n\n<p>A c\u00e9lebre m\u00e1xima <em>\u201cTudo flui, nada permanece.\u201d<\/em>, atribu\u00edda a Her\u00e1clito, atravessa s\u00e9culos como uma das ideias mais marcantes da filosofia ocidental. Inserida no universo da cultura e do pensamento cl\u00e1ssico, a frase ecoa em debates contempor\u00e2neos sobre identidade, transforma\u00e7\u00e3o e instabilidade. Mesmo sem uma fonte direta documentada como entrevista ou publica\u00e7\u00e3o formal, sua circula\u00e7\u00e3o em textos filos\u00f3ficos antigos consolidou seu impacto duradouro.<\/p>\n\n\n\n<h2 class=\"wp-block-heading\">Quem \u00e9 Her\u00e1clito e por que sua voz importa<\/h2>\n\n\n\n<p>Her\u00e1clito foi um fil\u00f3sofo pr\u00e9-socr\u00e1tico da Gr\u00e9cia Antiga, conhecido por desenvolver uma vis\u00e3o radical sobre a natureza da realidade. Em seus fragmentos, frequentemente enigm\u00e1ticos, ele defendia que o mundo \u00e9 marcado pelo movimento constante e pela transforma\u00e7\u00e3o cont\u00ednua.<\/p>\n\n\n\n<p>Considerado um pensador essencial na hist\u00f3ria da filosofia, Her\u00e1clito influenciou correntes posteriores, da metaf\u00edsica \u00e0 est\u00e9tica. Seu pensamento ajudou a moldar discuss\u00f5es culturais profundas sobre mudan\u00e7a, conflito e harmonia, elementos recorrentes na arte e na interpreta\u00e7\u00e3o da experi\u00eancia humana.<\/p>\n\n\n\n<h2 class=\"wp-block-heading\">O que Her\u00e1clito quis dizer com essa frase<\/h2>\n\n\n\n<p>Ao afirmar que tudo flui, Her\u00e1clito prop\u00f5e uma ruptura com a ideia de perman\u00eancia. Para ele, nada no mundo permanece fixo, tudo est\u00e1 em processo de transforma\u00e7\u00e3o. Essa vis\u00e3o sugere que a realidade \u00e9 din\u00e2mica, moldada por for\u00e7as opostas que coexistem e se equilibram.<\/p>\n\n\n\n<p>Essa leitura filos\u00f3fica dialoga diretamente com a cultura contempor\u00e2nea, onde conceitos como mudan\u00e7a, reinven\u00e7\u00e3o e transitoriedade s\u00e3o centrais. A frase revela uma percep\u00e7\u00e3o profunda sobre a natureza da exist\u00eancia, que continua a inspirar reflex\u00f5es em \u00e1reas como literatura, cinema e artes visuais.<\/p>\n\n\n\n<figure class=\"wp-block-embed is-type-video is-provider-youtube wp-block-embed-youtube wp-embed-aspect-16-9 wp-has-aspect-ratio\"><div class=\"wp-block-embed__wrapper\">\n<div class=\"jeg_video_container jeg_video_content\"><iframe loading=\"lazy\" title=\"TUDO FLUI, NADA PERMANECE | FRASES DE HER\u00c1CLITO\" width=\"500\" height=\"281\" src=\"https:\/\/www.youtube.com\/embed\/xyxUkD-uS1s?feature=oembed\" frameborder=\"0\" allow=\"accelerometer; autoplay; clipboard-write; encrypted-media; gyroscope; picture-in-picture; web-share\" referrerpolicy=\"strict-origin-when-cross-origin\" allowfullscreen><\/iframe><\/div>\n<\/div><\/figure>\n\n\n\n<h2 class=\"wp-block-heading\">Imperman\u00eancia: o contexto por tr\u00e1s das palavras<\/h2>\n\n\n\n<p>A ideia de imperman\u00eancia, central no pensamento de Her\u00e1clito, transcende a filosofia e se conecta com diversas express\u00f5es culturais. Na arte, por exemplo, a no\u00e7\u00e3o de efemeridade aparece em movimentos que exploram o tempo, a mem\u00f3ria e a transforma\u00e7\u00e3o.<\/p>\n\n\n\n<p>No campo da cultura, a imperman\u00eancia tamb\u00e9m se manifesta na forma como narrativas s\u00e3o constru\u00eddas e reinterpretadas. O conceito influencia desde produ\u00e7\u00f5es cinematogr\u00e1ficas at\u00e9 obras liter\u00e1rias que exploram a fluidez da identidade e da realidade.<\/p>\n\n\n\n<link href=\"https:\/\/fonts.googleapis.com\/css2?family=Merriweather:wght@700&#038;family=Open+Sans:wght@400;600;700&#038;display=swap\" rel=\"stylesheet\">\r\n<style>\r\n.rdp-cards-wrapper .jnews_inline_related_post_wrapper,\r\n.rdp-cards-wrapper .jnews_inline_related_post,\r\n.rdp-cards-wrapper .jeg_postblock,\r\n.rdp-cards-wrapper [class*=\"jnews_inline\"],\r\n.rdp-cards-wrapper [class*=\"jeg_postblock\"],\r\n.rdp-cards-wrapper [class*=\"jeg_block\"] {\r\n  display: none !important;\r\n  height: 0 !important;\r\n  max-height: 0 !important;\r\n  overflow: hidden !important;\r\n  visibility: hidden !important;\r\n  margin: 0 !important;\r\n  padding: 0 !important;\r\n  border: none !important;\r\n  font-size: 0 !important;\r\n  line-height: 0 !important;\r\n}\r\n.rdp-cards-wrapper {\r\n  max-width: 100%;\r\n  margin: 32px 0;\r\n  background: #F5F7FA;\r\n  border: 1px solid #E1E5EB;\r\n  border-radius: 10px;\r\n  padding: 28px 28px 20px;\r\n  font-family: 'Open Sans', sans-serif;\r\n  overflow: hidden;\r\n  contain: layout style;\r\n  isolation: isolate;\r\n  position: relative;\r\n  z-index: 1;\r\n}\r\n.rdp-cards-wrapper > *:not(.rdp-cards-title):not(.rdp-cards-grid) {\r\n  display: none !important;\r\n}\r\n.rdp-cards-title {\r\n  font-family: 'Merriweather', serif;\r\n  font-size: 20px;\r\n  font-weight: 700;\r\n  color: #1A1A1A;\r\n  margin: 0 0 20px 0;\r\n  text-align: center;\r\n}\r\n.rdp-cards-grid {\r\n  display: grid;\r\n  grid-template-columns: repeat(3, 1fr);\r\n  gap: 18px;\r\n}\r\n.rdp-cards-item {\r\n  background: #FFFFFF;\r\n  border: 1px solid #E1E5EB;\r\n  border-top: 3px solid #2B5A83;\r\n  border-radius: 10px;\r\n  padding: 22px 20px;\r\n}\r\n.rdp-cards-emoji {\r\n  font-size: 32px;\r\n  margin-bottom: 12px;\r\n}\r\n.rdp-cards-item-title {\r\n  font-weight: 700;\r\n  margin-bottom: 8px;\r\n}\r\n.rdp-cards-item-desc {\r\n  font-size: 14px;\r\n}\r\n@media (max-width: 768px) {\r\n  .rdp-cards-grid {\r\n    grid-template-columns: 1fr;\r\n  }\r\n}\r\n<\/style>\r\n<div class=\"rdp-cards-wrapper\">\r\n  <div class=\"rdp-cards-title\">Saiba mais sobre o tema<\/div>\r\n  <div class=\"rdp-cards-grid\">\r\n    <div class=\"rdp-cards-item\">\r\n      <span class=\"rdp-cards-emoji\">\ud83d\udcdc<\/span>\r\n      <div class=\"rdp-cards-item-title\">Fragmentos filos\u00f3ficos<\/div>\r\n      <p class=\"rdp-cards-item-desc\">A obra de Her\u00e1clito chegou at\u00e9 n\u00f3s em fragmentos preservados por outros autores, refor\u00e7ando seu car\u00e1ter enigm\u00e1tico.<\/p>\r\n    <\/div>\r\n    <div class=\"rdp-cards-item\">\r\n      <span class=\"rdp-cards-emoji\">\ud83c\udfad<\/span>\r\n      <div class=\"rdp-cards-item-title\">Influ\u00eancia na arte<\/div>\r\n      <p class=\"rdp-cards-item-desc\">A ideia de fluxo constante inspirou movimentos art\u00edsticos que exploram transforma\u00e7\u00e3o e temporalidade.<\/p>\r\n    <\/div>\r\n    <div class=\"rdp-cards-item\">\r\n      <span class=\"rdp-cards-emoji\">\ud83c\udf0a<\/span>\r\n      <div class=\"rdp-cards-item-title\">Met\u00e1fora do rio<\/div>\r\n      <p class=\"rdp-cards-item-desc\">Her\u00e1clito tamb\u00e9m afirmava que ningu\u00e9m entra no mesmo rio duas vezes, refor\u00e7ando a no\u00e7\u00e3o de mudan\u00e7a cont\u00ednua.<\/p>\r\n    <\/div>\r\n  <\/div>\r\n<\/div>\r\n<div style=\"clear:both;height:0;overflow:hidden;\"><\/div>\n\n\n\n<h2 class=\"wp-block-heading\">Por que essa declara\u00e7\u00e3o repercutiu<\/h2>\n\n\n\n<p>A frase de Her\u00e1clito ganhou for\u00e7a ao longo do tempo por sintetizar uma verdade percebida em diferentes contextos culturais. Em uma era marcada por mudan\u00e7as r\u00e1pidas, sua reflex\u00e3o parece ainda mais pertinente, dialogando com quest\u00f5es contempor\u00e2neas sobre instabilidade e adapta\u00e7\u00e3o.<\/p>\n\n\n\n<p>No campo cultural, essa ideia ressurge constantemente em narrativas que exploram a transitoriedade da vida. Filmes, livros e produ\u00e7\u00f5es art\u00edsticas utilizam essa no\u00e7\u00e3o como base para discutir identidade, tempo e transforma\u00e7\u00e3o.<\/p>\n\n\n\n<h2 class=\"wp-block-heading\">O legado e a relev\u00e2ncia para a cultura<\/h2>\n\n\n\n<p>O pensamento de Her\u00e1clito permanece essencial para compreender a cultura contempor\u00e2nea. Sua vis\u00e3o sobre a imperman\u00eancia continua a influenciar interpreta\u00e7\u00f5es art\u00edsticas, debates filos\u00f3ficos e reflex\u00f5es sobre a condi\u00e7\u00e3o humana.<\/p>\n\n\n\n<p>Ao revisitar a frase <em>\u201cTudo flui, nada permanece.\u201d<\/em>, o leitor \u00e9 convidado a enxergar o mundo sob uma perspectiva mais din\u00e2mica. Em um cen\u00e1rio cultural em constante transforma\u00e7\u00e3o, a filosofia de Her\u00e1clito segue como um guia provocador para entender o presente e imaginar o futuro.<\/p>\n","protected":false},"excerpt":{"rendered":"<p>Resumo Pensamento cl\u00e1ssico: A frase de Her\u00e1clito sintetiza uma vis\u00e3o filos\u00f3fica central sobre a mudan\u00e7a constante no mundo. Ideia-chave: A imperman\u00eancia como princ\u00edpio conecta filosofia, cultura e reflex\u00f5es contempor\u00e2neas. Relev\u00e2ncia atual: O conceito segue influente em debates culturais, arte e interpreta\u00e7\u00e3o da realidade moderna. A c\u00e9lebre m\u00e1xima \u201cTudo flui, nada permanece.\u201d, atribu\u00edda a Her\u00e1clito, atravessa [&hellip;]<\/p>\n","protected":false},"author":23,"featured_media":127021,"comment_status":"open","ping_status":"open","sticky":false,"template":"","format":"standard","meta":{"jnews-multi-image_gallery":[],"jnews_single_post":{"format":"standard"},"jnews_primary_category":[],"jnews_social_meta":[],"jnews_override_counter":[],"footnotes":""},"categories":[3046,475],"tags":[22344,23411,22452,5475],"class_list":["post-127020","post","type-post","status-publish","format-standard","has-post-thumbnail","hentry","category-curiosidades","category-entretenimento","tag-filosofia-de-vida","tag-frase-motivadora","tag-heraclito","tag-mudanca"],"yoast_head":"<!-- This site is optimized with the Yoast SEO plugin v26.5 - https:\/\/yoast.com\/wordpress\/plugins\/seo\/ -->\n<title>Her\u00e1clito, pensador da mudan\u00e7a e da imperman\u00eancia: \u201cTudo flui, nada permanece.\u201d - UAI Not\u00edcias<\/title>\n<meta name=\"description\" content=\"O pensamento de Her\u00e1clito sobre imperman\u00eancia ganhou for\u00e7a hoje e o significado por tr\u00e1s da frase pode te fazer refletir\" \/>\n<meta name=\"robots\" content=\"index, follow, max-snippet:-1, max-image-preview:large, max-video-preview:-1\" \/>\n<link rel=\"canonical\" href=\"https:\/\/www.uai.com.br\/uainoticias\/2026\/04\/27\/heraclito-pensador-da-mudanca-e-da-impermanencia-tudo-flui-nada-permanece\/\" \/>\n<meta property=\"og:locale\" content=\"pt_BR\" \/>\n<meta property=\"og:type\" content=\"article\" \/>\n<meta property=\"og:title\" content=\"Her\u00e1clito, pensador da mudan\u00e7a e da imperman\u00eancia: \u201cTudo flui, nada permanece.\u201d - UAI Not\u00edcias\" \/>\n<meta property=\"og:description\" content=\"O pensamento de Her\u00e1clito sobre imperman\u00eancia ganhou for\u00e7a hoje e o significado por tr\u00e1s da frase pode te fazer refletir\" \/>\n<meta property=\"og:url\" content=\"https:\/\/www.uai.com.br\/uainoticias\/2026\/04\/27\/heraclito-pensador-da-mudanca-e-da-impermanencia-tudo-flui-nada-permanece\/\" \/>\n<meta property=\"og:site_name\" content=\"UAI Not\u00edcias\" \/>\n<meta property=\"article:published_time\" content=\"2026-04-27T10:15:00+00:00\" \/>\n<meta property=\"og:image\" content=\"https:\/\/www.uai.com.br\/uainoticias\/wp-content\/uploads\/2026\/04\/Design_sem_nome-2026-04-24T171813.790.jpg\" \/>\n\t<meta property=\"og:image:width\" content=\"1280\" \/>\n\t<meta property=\"og:image:height\" content=\"720\" \/>\n\t<meta property=\"og:image:type\" content=\"image\/jpeg\" \/>\n<meta name=\"author\" content=\"Gustavo Trindade\" \/>\n<meta name=\"twitter:card\" content=\"summary_large_image\" \/>\n<meta name=\"twitter:label1\" content=\"Escrito por\" \/>\n\t<meta name=\"twitter:data1\" content=\"Gustavo Trindade\" \/>\n\t<meta name=\"twitter:label2\" content=\"Est. tempo de leitura\" \/>\n\t<meta name=\"twitter:data2\" content=\"4 minutos\" \/>\n<!-- \/ Yoast SEO plugin. -->","yoast_head_json":{"title":"Her\u00e1clito, pensador da mudan\u00e7a e da imperman\u00eancia: \u201cTudo flui, nada permanece.\u201d - UAI Not\u00edcias","description":"O pensamento de Her\u00e1clito sobre imperman\u00eancia ganhou for\u00e7a hoje e o significado por tr\u00e1s da frase pode te fazer refletir","robots":{"index":"index","follow":"follow","max-snippet":"max-snippet:-1","max-image-preview":"max-image-preview:large","max-video-preview":"max-video-preview:-1"},"canonical":"https:\/\/www.uai.com.br\/uainoticias\/2026\/04\/27\/heraclito-pensador-da-mudanca-e-da-impermanencia-tudo-flui-nada-permanece\/","og_locale":"pt_BR","og_type":"article","og_title":"Her\u00e1clito, pensador da mudan\u00e7a e da imperman\u00eancia: \u201cTudo flui, nada permanece.\u201d - UAI Not\u00edcias","og_description":"O pensamento de Her\u00e1clito sobre imperman\u00eancia ganhou for\u00e7a hoje e o significado por tr\u00e1s da frase pode te fazer refletir","og_url":"https:\/\/www.uai.com.br\/uainoticias\/2026\/04\/27\/heraclito-pensador-da-mudanca-e-da-impermanencia-tudo-flui-nada-permanece\/","og_site_name":"UAI Not\u00edcias","article_published_time":"2026-04-27T10:15:00+00:00","og_image":[{"width":1280,"height":720,"url":"https:\/\/www.uai.com.br\/uainoticias\/wp-content\/uploads\/2026\/04\/Design_sem_nome-2026-04-24T171813.790.jpg","type":"image\/jpeg"}],"author":"Gustavo Trindade","twitter_card":"summary_large_image","twitter_misc":{"Escrito por":"Gustavo Trindade","Est. tempo de leitura":"4 minutos"},"schema":{"@context":"https:\/\/schema.org","@graph":[{"@type":"WebPage","@id":"https:\/\/www.uai.com.br\/uainoticias\/2026\/04\/27\/heraclito-pensador-da-mudanca-e-da-impermanencia-tudo-flui-nada-permanece\/","url":"https:\/\/www.uai.com.br\/uainoticias\/2026\/04\/27\/heraclito-pensador-da-mudanca-e-da-impermanencia-tudo-flui-nada-permanece\/","name":"Her\u00e1clito, pensador da mudan\u00e7a e da imperman\u00eancia: \u201cTudo flui, nada permanece.\u201d - UAI Not\u00edcias","isPartOf":{"@id":"https:\/\/www.uai.com.br\/uainoticias\/#website"},"primaryImageOfPage":{"@id":"https:\/\/www.uai.com.br\/uainoticias\/2026\/04\/27\/heraclito-pensador-da-mudanca-e-da-impermanencia-tudo-flui-nada-permanece\/#primaryimage"},"image":{"@id":"https:\/\/www.uai.com.br\/uainoticias\/2026\/04\/27\/heraclito-pensador-da-mudanca-e-da-impermanencia-tudo-flui-nada-permanece\/#primaryimage"},"thumbnailUrl":"https:\/\/www.uai.com.br\/uainoticias\/wp-content\/uploads\/2026\/04\/Design_sem_nome-2026-04-24T171813.790.jpg","datePublished":"2026-04-27T10:15:00+00:00","author":{"@id":"https:\/\/www.uai.com.br\/uainoticias\/#\/schema\/person\/060f8bb02e250479c83590e2c4706fcc"},"description":"O pensamento de Her\u00e1clito sobre imperman\u00eancia ganhou for\u00e7a hoje e o significado por tr\u00e1s da frase pode te fazer refletir","breadcrumb":{"@id":"https:\/\/www.uai.com.br\/uainoticias\/2026\/04\/27\/heraclito-pensador-da-mudanca-e-da-impermanencia-tudo-flui-nada-permanece\/#breadcrumb"},"inLanguage":"pt-BR","potentialAction":[{"@type":"ReadAction","target":["https:\/\/www.uai.com.br\/uainoticias\/2026\/04\/27\/heraclito-pensador-da-mudanca-e-da-impermanencia-tudo-flui-nada-permanece\/"]}]},{"@type":"ImageObject","inLanguage":"pt-BR","@id":"https:\/\/www.uai.com.br\/uainoticias\/2026\/04\/27\/heraclito-pensador-da-mudanca-e-da-impermanencia-tudo-flui-nada-permanece\/#primaryimage","url":"https:\/\/www.uai.com.br\/uainoticias\/wp-content\/uploads\/2026\/04\/Design_sem_nome-2026-04-24T171813.790.jpg","contentUrl":"https:\/\/www.uai.com.br\/uainoticias\/wp-content\/uploads\/2026\/04\/Design_sem_nome-2026-04-24T171813.790.jpg","width":1280,"height":720,"caption":"Reflex\u00e3o filos\u00f3fica sobre a imperman\u00eancia da vida"},{"@type":"BreadcrumbList","@id":"https:\/\/www.uai.com.br\/uainoticias\/2026\/04\/27\/heraclito-pensador-da-mudanca-e-da-impermanencia-tudo-flui-nada-permanece\/#breadcrumb","itemListElement":[{"@type":"ListItem","position":1,"name":"In\u00edcio","item":"https:\/\/www.uai.com.br\/uainoticias\/"},{"@type":"ListItem","position":2,"name":"Her\u00e1clito, pensador da mudan\u00e7a e da imperman\u00eancia: \u201cTudo flui, nada permanece.\u201d"}]},{"@type":"WebSite","@id":"https:\/\/www.uai.com.br\/uainoticias\/#website","url":"https:\/\/www.uai.com.br\/uainoticias\/","name":"UAI Not\u00edcias","description":"Acompanhe as \u00faltimas not\u00edcias e fique bem informado sobre tudo o que acontece no Brasil e no mundo.","potentialAction":[{"@type":"SearchAction","target":{"@type":"EntryPoint","urlTemplate":"https:\/\/www.uai.com.br\/uainoticias\/?s={search_term_string}"},"query-input":{"@type":"PropertyValueSpecification","valueRequired":true,"valueName":"search_term_string"}}],"inLanguage":"pt-BR"},{"@type":"Person","@id":"https:\/\/www.uai.com.br\/uainoticias\/#\/schema\/person\/060f8bb02e250479c83590e2c4706fcc","name":"Gustavo Trindade","image":{"@type":"ImageObject","inLanguage":"pt-BR","@id":"https:\/\/www.uai.com.br\/uainoticias\/#\/schema\/person\/image\/","url":"https:\/\/secure.gravatar.com\/avatar\/05714a54ada0bd2b20e75b2c72a9e7802581213945810c2354d320b79f27b427?s=96&d=mm&r=g","contentUrl":"https:\/\/secure.gravatar.com\/avatar\/05714a54ada0bd2b20e75b2c72a9e7802581213945810c2354d320b79f27b427?s=96&d=mm&r=g","caption":"Gustavo Trindade"},"sameAs":["https:\/\/www.uai.com.br\/uainoticias\/"],"url":"https:\/\/www.uai.com.br\/uainoticias\/author\/gustavotrindade\/"}]}},"_links":{"self":[{"href":"https:\/\/www.uai.com.br\/uainoticias\/wp-json\/wp\/v2\/posts\/127020","targetHints":{"allow":["GET"]}}],"collection":[{"href":"https:\/\/www.uai.com.br\/uainoticias\/wp-json\/wp\/v2\/posts"}],"about":[{"href":"https:\/\/www.uai.com.br\/uainoticias\/wp-json\/wp\/v2\/types\/post"}],"author":[{"embeddable":true,"href":"https:\/\/www.uai.com.br\/uainoticias\/wp-json\/wp\/v2\/users\/23"}],"replies":[{"embeddable":true,"href":"https:\/\/www.uai.com.br\/uainoticias\/wp-json\/wp\/v2\/comments?post=127020"}],"version-history":[{"count":1,"href":"https:\/\/www.uai.com.br\/uainoticias\/wp-json\/wp\/v2\/posts\/127020\/revisions"}],"predecessor-version":[{"id":127023,"href":"https:\/\/www.uai.com.br\/uainoticias\/wp-json\/wp\/v2\/posts\/127020\/revisions\/127023"}],"wp:featuredmedia":[{"embeddable":true,"href":"https:\/\/www.uai.com.br\/uainoticias\/wp-json\/wp\/v2\/media\/127021"}],"wp:attachment":[{"href":"https:\/\/www.uai.com.br\/uainoticias\/wp-json\/wp\/v2\/media?parent=127020"}],"wp:term":[{"taxonomy":"category","embeddable":true,"href":"https:\/\/www.uai.com.br\/uainoticias\/wp-json\/wp\/v2\/categories?post=127020"},{"taxonomy":"post_tag","embeddable":true,"href":"https:\/\/www.uai.com.br\/uainoticias\/wp-json\/wp\/v2\/tags?post=127020"}],"curies":[{"name":"wp","href":"https:\/\/api.w.org\/{rel}","templated":true}]}}