{"id":127005,"date":"2026-04-26T09:00:00","date_gmt":"2026-04-26T12:00:00","guid":{"rendered":"https:\/\/www.uai.com.br\/uainoticias\/?p=127005"},"modified":"2026-04-24T20:08:11","modified_gmt":"2026-04-24T23:08:11","slug":"a-amazon-vai-desativar-o-aplicativo-os-usuarios-precisam-migrar-ate-o-final-de-junho","status":"publish","type":"post","link":"https:\/\/www.uai.com.br\/uainoticias\/2026\/04\/26\/a-amazon-vai-desativar-o-aplicativo-os-usuarios-precisam-migrar-ate-o-final-de-junho\/","title":{"rendered":"A Amazon vai desativar o aplicativo: os usu\u00e1rios precisam migrar at\u00e9 o final de junho"},"content":{"rendered":"\n<p>A <strong>Amazon<\/strong> anunciou uma decis\u00e3o estrat\u00e9gica que impactar\u00e1 usu\u00e1rios ao redor do mundo, com foco inicial em mercados como os <strong>Estados Unidos<\/strong> e a <strong>Europa<\/strong>. A partir de 30 de junho de 2026, o aplicativo tradicional Kindle para PC ser\u00e1 desativado permanentemente, encerrando um ciclo iniciado em 2009. Esta transi\u00e7\u00e3o exige que os leitores migrem para novas plataformas, alterando o acesso ao seu acervo de e-books e refor\u00e7ando o uso de sistemas operacionais mais recentes, como o <strong>Windows 11<\/strong>.<\/p>\n\n\n\n<h2 class=\"wp-block-heading\">O que muda com o fim do aplicativo cl\u00e1ssico Kindle para PC?<\/h2>\n\n\n\n<p>Com o desligamento do software original, o principal impacto \u00e9 a interrup\u00e7\u00e3o da sincroniza\u00e7\u00e3o e do acesso offline em computadores que n\u00e3o atendam aos novos requisitos t\u00e9cnicos. Usu\u00e1rios que dependem de vers\u00f5es antigas do <strong>Windows<\/strong> enfrentar\u00e3o bloqueios, j\u00e1 que a conex\u00e3o com os servidores da <strong>Amazon<\/strong> ser\u00e1 desativada para a vers\u00e3o legada do programa.<\/p>\n\n\n\n<p>A nova diretriz substitui o execut\u00e1vel tradicional por um aplicativo moderno dispon\u00edvel apenas na <strong>Microsoft Store<\/strong>. Isso significa que a forma de gerenciar o <strong>documento<\/strong> digital e a biblioteca pessoal passar\u00e1 a ser mediada exclusivamente pela loja oficial, limitando a liberdade de instala\u00e7\u00e3o manual em sistemas sem o suporte necess\u00e1rio.<\/p>\n\n\n<div class=\"wp-block-image\">\n<figure class=\"aligncenter size-large\"><img decoding=\"async\" width=\"1024\" height=\"572\" src=\"https:\/\/www.uai.com.br\/uainoticias\/wp-content\/uploads\/2026\/04\/freepik_a-firstperson-perspective_2860524892-1024x572.png\" alt=\"A Amazon vai desativar o aplicativo: os usu\u00e1rios precisam migrar at\u00e9 o final de junho\" class=\"wp-image-127014\"\/><figcaption class=\"wp-element-caption\">O fim do Kindle para PC em 2026 e como isso afeta sua biblioteca digital<\/figcaption><\/figure><\/div>\n\n\n<h2 class=\"wp-block-heading\">Por que a Amazon foca no Kindle-App apenas para Windows 11?<\/h2>\n\n\n\n<p>A aposta em uma aplica\u00e7\u00e3o exclusiva para o <strong>Windows 11<\/strong> visa aumentar a seguran\u00e7a e o controle sobre os direitos autorais. Ao utilizar o ecossistema fechado da <strong>Microsoft<\/strong>, a empresa consegue aplicar camadas de criptografia mais robustas, dificultando a remo\u00e7\u00e3o de prote\u00e7\u00f5es digitais que eram vulner\u00e1veis no antigo Kindle para PC.<\/p>\n\n\n\n<p>Al\u00e9m disso, a integra\u00e7\u00e3o com a loja oficial facilita a distribui\u00e7\u00e3o de atualiza\u00e7\u00f5es de seguran\u00e7a e novos recursos de forma padronizada. Para a <strong>Amazon<\/strong>, essa mudan\u00e7a reduz custos de manuten\u00e7\u00e3o de vers\u00f5es obsoletas e atende \u00e0s exig\u00eancias de editoras internacionais por um <strong>ve\u00edculo<\/strong> de leitura mais protegido contra a pirataria digital.<\/p>\n\n\n\n<h2 class=\"wp-block-heading\">Como fica a situa\u00e7\u00e3o do leitor que depende do computador?<\/h2>\n\n\n\n<p>Os leitores que utilizam o PC como plataforma principal de leitura precisar\u00e3o se adaptar a diferentes caminhos conforme o hardware dispon\u00edvel. Aqueles que possuem o sistema operacional mais atualizado poder\u00e3o baixar a nova vers\u00e3o do Kindle, enquanto usu\u00e1rios de sistemas antigos ter\u00e3o op\u00e7\u00f5es mais limitadas para acessar seus t\u00edtulos.<\/p>\n\n\n\n<p>Para quem n\u00e3o pretende trocar de <strong>ve\u00edculo<\/strong> tecnol\u00f3gico ou atualizar o sistema, a alternativa ser\u00e1 o leitor via navegador (Cloud Reader). Embora funcional, essa interface web costuma oferecer menos recursos de personaliza\u00e7\u00e3o e uma experi\u00eancia de leitura offline reduzida em compara\u00e7\u00e3o ao antigo <strong>documento<\/strong> de software instalado localmente no disco r\u00edgido.<\/p>\n\n\n\n<h2 class=\"wp-block-heading\">Qual o peso do Kindle no mercado digital internacional?<\/h2>\n\n\n\n<p>A domin\u00e2ncia da <strong>Amazon<\/strong> no setor de livros digitais \u00e9 evidente em mercados como a <strong>Alemanha<\/strong>, onde a empresa det\u00e9m uma fatia majorit\u00e1ria das vendas. Com milh\u00f5es de e-books comercializados anualmente, qualquer altera\u00e7\u00e3o na forma de acesso atinge diretamente a rotina de consumo de uma vasta parcela da popula\u00e7\u00e3o leitora.<\/p>\n\n\n\n<p>A centraliza\u00e7\u00e3o das vendas no <strong>Kindle-Shop<\/strong> cria uma depend\u00eancia tecnol\u00f3gica onde o suporte do fabricante dita a longevidade da biblioteca do usu\u00e1rio. O <strong>valor<\/strong> investido em livros digitais ao longo dos anos fica atrelado \u00e0 compatibilidade dos novos aplicativos, refor\u00e7ando a import\u00e2ncia de manter os dispositivos sempre atualizados conforme as normas da <strong>Secretaria da Fazenda<\/strong> ou \u00f3rg\u00e3os reguladores de cada pa\u00eds.<\/p>\n\n\n\n<h2 class=\"wp-block-heading\">Quais s\u00e3o as etapas para garantir o acesso \u00e0 biblioteca em 2026?<\/h2>\n\n\n\n<p>A migra\u00e7\u00e3o para o novo modelo de leitura exige que o usu\u00e1rio siga procedimentos espec\u00edficos para n\u00e3o perder o acesso imediato aos seus livros. A <strong>Amazon<\/strong> recomenda que o processo seja iniciado antes do prazo final em junho de 2026, garantindo que todos os dados de leitura e marca\u00e7\u00f5es sejam devidamente sincronizados na nuvem.<\/p>\n\n\n\n<p>Para que o leitor mantenha sua experi\u00eancia de consumo sem interrup\u00e7\u00f5es em solo estrangeiro, \u00e9 fundamental observar as exig\u00eancias t\u00e9cnicas da nova plataforma. A organiza\u00e7\u00e3o pr\u00e9via do <strong>documento<\/strong> digital e a verifica\u00e7\u00e3o de compatibilidade s\u00e3o passos essenciais para evitar frustra\u00e7\u00f5es com o novo ecossistema de leitura da empresa:<\/p>\n\n\n\n<ul class=\"wp-block-list\">\n<li>Verificar se o computador pessoal possui o <strong>Windows 11<\/strong> instalado e atualizado para acessar a <strong>Microsoft Store<\/strong>.<\/li>\n\n\n\n<li>Realizar o download da nova vers\u00e3o do Kindle-App assim que estiver dispon\u00edvel para garantir a migra\u00e7\u00e3o de dados.<\/li>\n\n\n\n<li>Sincronizar todos os dispositivos (Kindle, tablet e smartphone) para assegurar que o progresso de leitura esteja salvo na conta.<\/li>\n\n\n\n<li>Avaliar o uso de e-readers dedicados como alternativa definitiva para leitura offline sem depend\u00eancia de sistemas de PC.<\/li>\n\n\n\n<li>Consultar os termos de uso na <strong>Amazon<\/strong> para entender as novas pol\u00edticas de armazenamento local de arquivos protegidos.<\/li>\n<\/ul>\n\n\n<div class=\"wp-block-image\">\n<figure class=\"aligncenter size-large\"><img decoding=\"async\" width=\"1024\" height=\"572\" src=\"https:\/\/www.uai.com.br\/uainoticias\/wp-content\/uploads\/2026\/04\/freepik_an-overtheshoulder-wide-s_2860525293-1024x572.png\" alt=\"A Amazon vai desativar o aplicativo: os usu\u00e1rios precisam migrar at\u00e9 o final de junho\" class=\"wp-image-127013\"\/><figcaption class=\"wp-element-caption\">O fim do Kindle para PC em 2026 e como isso afeta sua biblioteca digital<\/figcaption><\/figure><\/div>\n\n\n<h2 class=\"wp-block-heading\">Como as grandes plataformas consolidam seus ecossistemas?<\/h2>\n\n\n\n<p>O movimento de encerrar softwares tradicionais em favor de aplicativos de loja oficial \u00e9 uma tend\u00eancia global entre gigantes da tecnologia. Ao limitar o acesso ao <strong>Kindle-App<\/strong> a ambientes controlados, as empresas garantem uma <strong>al\u00edquota<\/strong> maior de seguran\u00e7a e fideliza\u00e7\u00e3o, impedindo que o usu\u00e1rio utilize ferramentas de terceiros para gerir seu conte\u00fado.<\/p>\n\n\n\n<p>Essa estrat\u00e9gia de &#8220;jardim cercado&#8221; garante que o <strong>licenciamento<\/strong> do conte\u00fado permane\u00e7a sob vigil\u00e2ncia constante, protegendo o <strong>imposto<\/strong> de valor intelectual das obras. Para o consumidor, isso representa uma troca entre a conveni\u00eancia da sincroniza\u00e7\u00e3o autom\u00e1tica e a perda de controle sobre como e onde seus arquivos digitais podem ser executados e armazenados.<\/p>\n\n\n\n<h2 class=\"wp-block-heading\">Quais s\u00e3o os pr\u00f3ximos passos para os usu\u00e1rios do Kindle?<\/h2>\n\n\n\n<p>A transi\u00e7\u00e3o ser\u00e1 acompanhada de notifica\u00e7\u00f5es oficiais enviadas diretamente para as contas dos usu\u00e1rios cadastrados no <strong>Kindle-Shop<\/strong>. \u00c9 recomend\u00e1vel que os leitores acompanhem as comunica\u00e7\u00f5es da empresa para entender prazos espec\u00edficos e poss\u00edveis ofertas de atualiza\u00e7\u00e3o de dispositivos para quem for afetado pelo fim do suporte.<\/p>\n\n\n\n<p>Para mais detalhes sobre requisitos de sistema e suporte t\u00e9cnico, visite as p\u00e1ginas oficiais da <a target=\"_blank\" rel=\"noreferrer noopener\" href=\"https:\/\/www.amazon.com\">Amazon<\/a> ou a <a target=\"_blank\" rel=\"noreferrer noopener\" href=\"https:\/\/www.microsoft.com\/store\">Microsoft Store<\/a>, onde as especifica\u00e7\u00f5es da nova aplica\u00e7\u00e3o ser\u00e3o detalhadas. Manter-se informado sobre essas mudan\u00e7as garante a <strong>isen\u00e7\u00e3o<\/strong> de problemas de acesso e preserva o prazer da leitura digital em qualquer lugar do mundo.<\/p>\n","protected":false},"excerpt":{"rendered":"<p>A Amazon anunciou uma decis\u00e3o estrat\u00e9gica que impactar\u00e1 usu\u00e1rios ao redor do mundo, com foco inicial em mercados como os Estados Unidos e a Europa. A partir de 30 de junho de 2026, o aplicativo tradicional Kindle para PC ser\u00e1 desativado permanentemente, encerrando um ciclo iniciado em 2009. Esta transi\u00e7\u00e3o exige que os leitores migrem [&hellip;]<\/p>\n","protected":false},"author":27,"featured_media":127062,"comment_status":"open","ping_status":"open","sticky":false,"template":"","format":"standard","meta":{"jnews-multi-image_gallery":[],"jnews_single_post":{"format":"standard"},"jnews_primary_category":[],"jnews_social_meta":[],"jnews_override_counter":[],"footnotes":""},"categories":[11601],"tags":[1906,330,23410],"class_list":["post-127005","post","type-post","status-publish","format-standard","has-post-thumbnail","hentry","category-noticia","tag-amazon","tag-curiosidades","tag-usuarios-do-kindle"],"yoast_head":"<!-- This site is optimized with the Yoast SEO plugin v26.5 - https:\/\/yoast.com\/wordpress\/plugins\/seo\/ -->\n<title>A Amazon vai desativar o aplicativo: os usu\u00e1rios precisam migrar at\u00e9 o final de junho - UAI Not\u00edcias<\/title>\n<meta name=\"description\" content=\"Usu\u00e1rios do Kindle para PC precisar\u00e3o se adaptar a novas regras em 2026. Veja o que pode impactar seus livros\" \/>\n<meta name=\"robots\" content=\"index, follow, max-snippet:-1, max-image-preview:large, max-video-preview:-1\" \/>\n<link rel=\"canonical\" href=\"https:\/\/www.uai.com.br\/uainoticias\/2026\/04\/26\/a-amazon-vai-desativar-o-aplicativo-os-usuarios-precisam-migrar-ate-o-final-de-junho\/\" \/>\n<meta property=\"og:locale\" content=\"pt_BR\" \/>\n<meta property=\"og:type\" content=\"article\" \/>\n<meta property=\"og:title\" content=\"A Amazon vai desativar o aplicativo: os usu\u00e1rios precisam migrar at\u00e9 o final de junho - UAI Not\u00edcias\" \/>\n<meta property=\"og:description\" content=\"Usu\u00e1rios do Kindle para PC precisar\u00e3o se adaptar a novas regras em 2026. Veja o que pode impactar seus livros\" \/>\n<meta property=\"og:url\" content=\"https:\/\/www.uai.com.br\/uainoticias\/2026\/04\/26\/a-amazon-vai-desativar-o-aplicativo-os-usuarios-precisam-migrar-ate-o-final-de-junho\/\" \/>\n<meta property=\"og:site_name\" content=\"UAI Not\u00edcias\" \/>\n<meta property=\"article:published_time\" content=\"2026-04-26T12:00:00+00:00\" \/>\n<meta property=\"og:image\" content=\"https:\/\/www.uai.com.br\/uainoticias\/wp-content\/uploads\/2026\/04\/A-Amazon-vai-desativar-o-aplicativo-os-usuarios-precisam-migrar-ate-o-final-de-junho.jpg\" \/>\n\t<meta property=\"og:image:width\" content=\"1280\" \/>\n\t<meta property=\"og:image:height\" content=\"720\" \/>\n\t<meta property=\"og:image:type\" content=\"image\/jpeg\" \/>\n<meta name=\"author\" content=\"Gustavo Davi Silvestrin\" \/>\n<meta name=\"twitter:card\" content=\"summary_large_image\" \/>\n<meta name=\"twitter:label1\" content=\"Escrito por\" \/>\n\t<meta name=\"twitter:data1\" content=\"Gustavo Davi Silvestrin\" \/>\n\t<meta name=\"twitter:label2\" content=\"Est. tempo de leitura\" \/>\n\t<meta name=\"twitter:data2\" content=\"7 minutos\" \/>\n<!-- \/ Yoast SEO plugin. -->","yoast_head_json":{"title":"A Amazon vai desativar o aplicativo: os usu\u00e1rios precisam migrar at\u00e9 o final de junho - UAI Not\u00edcias","description":"Usu\u00e1rios do Kindle para PC precisar\u00e3o se adaptar a novas regras em 2026. Veja o que pode impactar seus livros","robots":{"index":"index","follow":"follow","max-snippet":"max-snippet:-1","max-image-preview":"max-image-preview:large","max-video-preview":"max-video-preview:-1"},"canonical":"https:\/\/www.uai.com.br\/uainoticias\/2026\/04\/26\/a-amazon-vai-desativar-o-aplicativo-os-usuarios-precisam-migrar-ate-o-final-de-junho\/","og_locale":"pt_BR","og_type":"article","og_title":"A Amazon vai desativar o aplicativo: os usu\u00e1rios precisam migrar at\u00e9 o final de junho - UAI Not\u00edcias","og_description":"Usu\u00e1rios do Kindle para PC precisar\u00e3o se adaptar a novas regras em 2026. Veja o que pode impactar seus livros","og_url":"https:\/\/www.uai.com.br\/uainoticias\/2026\/04\/26\/a-amazon-vai-desativar-o-aplicativo-os-usuarios-precisam-migrar-ate-o-final-de-junho\/","og_site_name":"UAI Not\u00edcias","article_published_time":"2026-04-26T12:00:00+00:00","og_image":[{"width":1280,"height":720,"url":"https:\/\/www.uai.com.br\/uainoticias\/wp-content\/uploads\/2026\/04\/A-Amazon-vai-desativar-o-aplicativo-os-usuarios-precisam-migrar-ate-o-final-de-junho.jpg","type":"image\/jpeg"}],"author":"Gustavo Davi Silvestrin","twitter_card":"summary_large_image","twitter_misc":{"Escrito por":"Gustavo Davi Silvestrin","Est. tempo de leitura":"7 minutos"},"schema":{"@context":"https:\/\/schema.org","@graph":[{"@type":"WebPage","@id":"https:\/\/www.uai.com.br\/uainoticias\/2026\/04\/26\/a-amazon-vai-desativar-o-aplicativo-os-usuarios-precisam-migrar-ate-o-final-de-junho\/","url":"https:\/\/www.uai.com.br\/uainoticias\/2026\/04\/26\/a-amazon-vai-desativar-o-aplicativo-os-usuarios-precisam-migrar-ate-o-final-de-junho\/","name":"A Amazon vai desativar o aplicativo: os usu\u00e1rios precisam migrar at\u00e9 o final de junho - UAI Not\u00edcias","isPartOf":{"@id":"https:\/\/www.uai.com.br\/uainoticias\/#website"},"primaryImageOfPage":{"@id":"https:\/\/www.uai.com.br\/uainoticias\/2026\/04\/26\/a-amazon-vai-desativar-o-aplicativo-os-usuarios-precisam-migrar-ate-o-final-de-junho\/#primaryimage"},"image":{"@id":"https:\/\/www.uai.com.br\/uainoticias\/2026\/04\/26\/a-amazon-vai-desativar-o-aplicativo-os-usuarios-precisam-migrar-ate-o-final-de-junho\/#primaryimage"},"thumbnailUrl":"https:\/\/www.uai.com.br\/uainoticias\/wp-content\/uploads\/2026\/04\/A-Amazon-vai-desativar-o-aplicativo-os-usuarios-precisam-migrar-ate-o-final-de-junho.jpg","datePublished":"2026-04-26T12:00:00+00:00","author":{"@id":"https:\/\/www.uai.com.br\/uainoticias\/#\/schema\/person\/974cce4274a7887884e3916f94bc8607"},"description":"Usu\u00e1rios do Kindle para PC precisar\u00e3o se adaptar a novas regras em 2026. Veja o que pode impactar seus livros","breadcrumb":{"@id":"https:\/\/www.uai.com.br\/uainoticias\/2026\/04\/26\/a-amazon-vai-desativar-o-aplicativo-os-usuarios-precisam-migrar-ate-o-final-de-junho\/#breadcrumb"},"inLanguage":"pt-BR","potentialAction":[{"@type":"ReadAction","target":["https:\/\/www.uai.com.br\/uainoticias\/2026\/04\/26\/a-amazon-vai-desativar-o-aplicativo-os-usuarios-precisam-migrar-ate-o-final-de-junho\/"]}]},{"@type":"ImageObject","inLanguage":"pt-BR","@id":"https:\/\/www.uai.com.br\/uainoticias\/2026\/04\/26\/a-amazon-vai-desativar-o-aplicativo-os-usuarios-precisam-migrar-ate-o-final-de-junho\/#primaryimage","url":"https:\/\/www.uai.com.br\/uainoticias\/wp-content\/uploads\/2026\/04\/A-Amazon-vai-desativar-o-aplicativo-os-usuarios-precisam-migrar-ate-o-final-de-junho.jpg","contentUrl":"https:\/\/www.uai.com.br\/uainoticias\/wp-content\/uploads\/2026\/04\/A-Amazon-vai-desativar-o-aplicativo-os-usuarios-precisam-migrar-ate-o-final-de-junho.jpg","width":1280,"height":720,"caption":"O fim do Kindle para PC em 2026 e como isso afeta sua biblioteca digital"},{"@type":"BreadcrumbList","@id":"https:\/\/www.uai.com.br\/uainoticias\/2026\/04\/26\/a-amazon-vai-desativar-o-aplicativo-os-usuarios-precisam-migrar-ate-o-final-de-junho\/#breadcrumb","itemListElement":[{"@type":"ListItem","position":1,"name":"In\u00edcio","item":"https:\/\/www.uai.com.br\/uainoticias\/"},{"@type":"ListItem","position":2,"name":"A Amazon vai desativar o aplicativo: os usu\u00e1rios precisam migrar at\u00e9 o final de junho"}]},{"@type":"WebSite","@id":"https:\/\/www.uai.com.br\/uainoticias\/#website","url":"https:\/\/www.uai.com.br\/uainoticias\/","name":"UAI Not\u00edcias","description":"Acompanhe as \u00faltimas not\u00edcias e fique bem informado sobre tudo o que acontece no Brasil e no mundo.","potentialAction":[{"@type":"SearchAction","target":{"@type":"EntryPoint","urlTemplate":"https:\/\/www.uai.com.br\/uainoticias\/?s={search_term_string}"},"query-input":{"@type":"PropertyValueSpecification","valueRequired":true,"valueName":"search_term_string"}}],"inLanguage":"pt-BR"},{"@type":"Person","@id":"https:\/\/www.uai.com.br\/uainoticias\/#\/schema\/person\/974cce4274a7887884e3916f94bc8607","name":"Gustavo Davi Silvestrin","image":{"@type":"ImageObject","inLanguage":"pt-BR","@id":"https:\/\/www.uai.com.br\/uainoticias\/#\/schema\/person\/image\/","url":"https:\/\/secure.gravatar.com\/avatar\/00e34b7579107394af24f9d8d813f8687f1e8994bf7e51804d8cceeedb128731?s=96&d=mm&r=g","contentUrl":"https:\/\/secure.gravatar.com\/avatar\/00e34b7579107394af24f9d8d813f8687f1e8994bf7e51804d8cceeedb128731?s=96&d=mm&r=g","caption":"Gustavo Davi Silvestrin"},"sameAs":["https:\/\/www.uai.com.br\/uainoticias\/"],"url":"https:\/\/www.uai.com.br\/uainoticias\/author\/gustavosilvestrin\/"}]}},"_links":{"self":[{"href":"https:\/\/www.uai.com.br\/uainoticias\/wp-json\/wp\/v2\/posts\/127005","targetHints":{"allow":["GET"]}}],"collection":[{"href":"https:\/\/www.uai.com.br\/uainoticias\/wp-json\/wp\/v2\/posts"}],"about":[{"href":"https:\/\/www.uai.com.br\/uainoticias\/wp-json\/wp\/v2\/types\/post"}],"author":[{"embeddable":true,"href":"https:\/\/www.uai.com.br\/uainoticias\/wp-json\/wp\/v2\/users\/27"}],"replies":[{"embeddable":true,"href":"https:\/\/www.uai.com.br\/uainoticias\/wp-json\/wp\/v2\/comments?post=127005"}],"version-history":[{"count":1,"href":"https:\/\/www.uai.com.br\/uainoticias\/wp-json\/wp\/v2\/posts\/127005\/revisions"}],"predecessor-version":[{"id":127022,"href":"https:\/\/www.uai.com.br\/uainoticias\/wp-json\/wp\/v2\/posts\/127005\/revisions\/127022"}],"wp:featuredmedia":[{"embeddable":true,"href":"https:\/\/www.uai.com.br\/uainoticias\/wp-json\/wp\/v2\/media\/127062"}],"wp:attachment":[{"href":"https:\/\/www.uai.com.br\/uainoticias\/wp-json\/wp\/v2\/media?parent=127005"}],"wp:term":[{"taxonomy":"category","embeddable":true,"href":"https:\/\/www.uai.com.br\/uainoticias\/wp-json\/wp\/v2\/categories?post=127005"},{"taxonomy":"post_tag","embeddable":true,"href":"https:\/\/www.uai.com.br\/uainoticias\/wp-json\/wp\/v2\/tags?post=127005"}],"curies":[{"name":"wp","href":"https:\/\/api.w.org\/{rel}","templated":true}]}}