{"id":127002,"date":"2026-04-27T04:00:00","date_gmt":"2026-04-27T07:00:00","guid":{"rendered":"https:\/\/www.uai.com.br\/uainoticias\/?p=127002"},"modified":"2026-04-24T17:07:29","modified_gmt":"2026-04-24T20:07:29","slug":"acordar-com-dor-na-mandibula-pode-ser-alerta-de-um-problema-silencioso-que-muita-gente-ignora","status":"publish","type":"post","link":"https:\/\/www.uai.com.br\/uainoticias\/2026\/04\/27\/acordar-com-dor-na-mandibula-pode-ser-alerta-de-um-problema-silencioso-que-muita-gente-ignora\/","title":{"rendered":"Acordar com dor na mand\u00edbula pode ser alerta de um problema silencioso que muita gente ignora"},"content":{"rendered":"\n<link href=\"https:\/\/fonts.googleapis.com\/css2?family=Inter:wght@400;600;700;800&#038;display=swap\" rel=\"stylesheet\">\r\n<style>\r\n\/* Prote\u00e7\u00e3o contra inje\u00e7\u00e3o do \"Veja Tamb\u00e9m\" (JNews inline related posts) *\/\r\n.rdp-curiosidades-wrapper .jnews_inline_related_post_wrapper,\r\n.rdp-curiosidades-wrapper .jnews_inline_related_post,\r\n.rdp-curiosidades-wrapper .jeg_postblock,\r\n.rdp-curiosidades-wrapper [class*=\"jnews_inline\"],\r\n.rdp-curiosidades-wrapper [class*=\"jeg_postblock\"],\r\n.rdp-curiosidades-wrapper [class*=\"jeg_block\"] {\r\n  display: none !important;\r\n  height: 0 !important;\r\n  max-height: 0 !important;\r\n  overflow: hidden !important;\r\n  visibility: hidden !important;\r\n  margin: 0 !important;\r\n  padding: 0 !important;\r\n  border: none !important;\r\n  font-size: 0 !important;\r\n  line-height: 0 !important;\r\n}\r\n.rdp-curiosidades-wrapper {\r\n  max-width: 620px;\r\n  margin: 28px auto;\r\n  background: #FFFFFF;\r\n  border: 1px solid #E0E0E0;\r\n  border-top: 3px solid #2FC3EE;\r\n  border-radius: 12px;\r\n  padding: 28px 32px;\r\n  font-family: 'Inter', sans-serif;\r\n  box-shadow: 0 4px 20px rgba(47,195,238,0.18);\r\n  overflow: hidden;\r\n  contain: layout style;\r\n  isolation: isolate;\r\n  position: relative;\r\n  z-index: 1;\r\n}\r\n.rdp-curiosidades-wrapper > *:not(.rdp-curiosidades-header):not(.rdp-curiosidades-list) {\r\n  display: none !important;\r\n  height: 0 !important;\r\n  overflow: hidden !important;\r\n  margin: 0 !important;\r\n  padding: 0 !important;\r\n  border: none !important;\r\n}\r\n.rdp-curiosidades-header {\r\n  display: flex;\r\n  align-items: center;\r\n  justify-content: center;\r\n  gap: 16px;\r\n  margin-bottom: 24px;\r\n}\r\n.rdp-curiosidades-line {\r\n  flex: 1;\r\n  height: 1px;\r\n  background: #E0E0E0;\r\n}\r\n.rdp-curiosidades-title {\r\n  font-family: 'Inter', sans-serif;\r\n  font-size: 12px;\r\n  font-weight: 800;\r\n  text-transform: uppercase;\r\n  letter-spacing: 4px;\r\n  color: #1A1A1A;\r\n  white-space: nowrap;\r\n}\r\n.rdp-curiosidades-list {\r\n  list-style: none;\r\n  padding: 0;\r\n  margin: 0;\r\n  text-align: center;\r\n}\r\n.rdp-curiosidades-item {\r\n  padding: 0 0 18px 0;\r\n  line-height: 1.7;\r\n}\r\n.rdp-curiosidades-item:last-child {\r\n  padding-bottom: 0;\r\n}\r\n.rdp-curiosidades-item-bullet {\r\n  display: inline-block;\r\n  width: 8px;\r\n  height: 8px;\r\n  background: #2FC3EE;\r\n  border-radius: 50%;\r\n  box-shadow: 0 0 6px rgba(47,195,238,0.40);\r\n  margin-right: 10px;\r\n  vertical-align: middle;\r\n}\r\n.rdp-curiosidades-item-title {\r\n  font-size: 15px;\r\n  font-weight: 700;\r\n  color: #1A1A1A;\r\n}\r\n.rdp-curiosidades-item-desc {\r\n  font-size: 15px;\r\n  color: #333333;\r\n  line-height: 1.7;\r\n}\r\n@media (max-width: 768px) {\r\n  .rdp-curiosidades-wrapper {\r\n    max-width: 100%;\r\n    margin: 20px 12px;\r\n    padding: 22px 20px;\r\n  }\r\n}\r\n<\/style>\r\n<div class=\"rdp-curiosidades-wrapper\">\r\n  <div class=\"rdp-curiosidades-header\">\r\n    <span class=\"rdp-curiosidades-line\"><\/span>\r\n    <span class=\"rdp-curiosidades-title\">Curiosidades<\/span>\r\n    <span class=\"rdp-curiosidades-line\"><\/span>\r\n  <\/div>\r\n  <ul class=\"rdp-curiosidades-list\">\r\n    <li class=\"rdp-curiosidades-item\">\r\n      <span class=\"rdp-curiosidades-item-bullet\"><\/span><span class=\"rdp-curiosidades-item-title\">Ranger sem perceber:<\/span> <span class=\"rdp-curiosidades-item-desc\">Muitas pessoas com bruxismo n\u00e3o sabem que rangem os dentes, pois isso acontece durante o sono.<\/span>\r\n    <\/li>\r\n    <li class=\"rdp-curiosidades-item\">\r\n      <span class=\"rdp-curiosidades-item-bullet\"><\/span><span class=\"rdp-curiosidades-item-title\">Impacto no dia a dia:<\/span> <span class=\"rdp-curiosidades-item-desc\">O problema pode causar dor de cabe\u00e7a, cansa\u00e7o e at\u00e9 dificuldade de concentra\u00e7\u00e3o ao longo do dia.<\/span>\r\n    <\/li>\r\n    <li class=\"rdp-curiosidades-item\">\r\n      <span class=\"rdp-curiosidades-item-bullet\"><\/span><span class=\"rdp-curiosidades-item-title\">Liga\u00e7\u00e3o com o c\u00e9rebro:<\/span> <span class=\"rdp-curiosidades-item-desc\">Pesquisas mostram que o bruxismo est\u00e1 relacionado a fatores neurol\u00f3gicos e ao estresse.<\/span>\r\n    <\/li>\r\n  <\/ul>\r\n<\/div>\r\n<div style=\"clear:both;height:0;overflow:hidden;\"><\/div>\n\n\n\n<p>Voc\u00ea j\u00e1 acordou com a mand\u00edbula cansada ou sentiu dor de cabe\u00e7a logo cedo sem motivo aparente? O <strong>bruxismo<\/strong>, um dist\u00farbio do sono ligado ao sistema nervoso e \u00e0 sa\u00fade bucal, pode ser o respons\u00e1vel. Esse h\u00e1bito involunt\u00e1rio de ranger ou apertar os dentes durante a noite \u00e9 mais comum do que parece e pode afetar desde o esmalte dent\u00e1rio at\u00e9 a qualidade do sono.<\/p>\n\n\n\n<h2 class=\"wp-block-heading\">O que a ci\u00eancia descobriu sobre o bruxismo<\/h2>\n\n\n\n<p>O <strong>bruxismo<\/strong> \u00e9 considerado um dist\u00farbio multifatorial, ou seja, n\u00e3o tem uma \u00fanica causa. Estudos em medicina do sono indicam que ele envolve uma combina\u00e7\u00e3o de fatores como estresse, ansiedade, altera\u00e7\u00f5es neurol\u00f3gicas e at\u00e9 gen\u00e9tica. Durante o sono, o c\u00e9rebro ativa m\u00fasculos da mastiga\u00e7\u00e3o de forma involunt\u00e1ria, gerando o ranger dos dentes.<\/p>\n\n\n\n<p>Pesquisadores tamb\u00e9m observaram que o bruxismo est\u00e1 associado a microdespertares, pequenas interrup\u00e7\u00f5es no sono que passam despercebidas. Isso ajuda a explicar por que muitas pessoas acordam cansadas, mesmo ap\u00f3s uma noite aparentemente completa de descanso.<\/p>\n\n\n<div class=\"wp-block-image\">\n<figure class=\"aligncenter size-large\"><img decoding=\"async\" width=\"1024\" height=\"576\" src=\"https:\/\/www.uai.com.br\/uainoticias\/wp-content\/uploads\/2026\/04\/Design_sem_nome-2026-04-24T170259.013-1024x576.jpg\" alt=\"Acordar com dor na mand\u00edbula pode ser alerta de um problema silencioso que muita gente ignora\" class=\"wp-image-127004\" srcset=\"https:\/\/www.uai.com.br\/uainoticias\/wp-content\/uploads\/2026\/04\/Design_sem_nome-2026-04-24T170259.013-1024x576.jpg 1024w, https:\/\/www.uai.com.br\/uainoticias\/wp-content\/uploads\/2026\/04\/Design_sem_nome-2026-04-24T170259.013-300x169.jpg 300w, https:\/\/www.uai.com.br\/uainoticias\/wp-content\/uploads\/2026\/04\/Design_sem_nome-2026-04-24T170259.013-768x432.jpg 768w, https:\/\/www.uai.com.br\/uainoticias\/wp-content\/uploads\/2026\/04\/Design_sem_nome-2026-04-24T170259.013-750x422.jpg 750w, https:\/\/www.uai.com.br\/uainoticias\/wp-content\/uploads\/2026\/04\/Design_sem_nome-2026-04-24T170259.013-1140x641.jpg 1140w, https:\/\/www.uai.com.br\/uainoticias\/wp-content\/uploads\/2026\/04\/Design_sem_nome-2026-04-24T170259.013.jpg 1280w\" sizes=\"(max-width: 1024px) 100vw, 1024px\" \/><figcaption class=\"wp-element-caption\">Atividade muscular involunt\u00e1ria que pressiona a mand\u00edbula durante o sono<\/figcaption><\/figure><\/div>\n\n\n<h2 class=\"wp-block-heading\">Como isso funciona na pr\u00e1tica<\/h2>\n\n\n\n<p>No dia a dia, o <strong>bruxismo<\/strong> pode se manifestar de formas sutis. Dores na mand\u00edbula, sensibilidade nos dentes e at\u00e9 desgaste do esmalte s\u00e3o sinais comuns. Em casos mais intensos, pode levar a problemas na articula\u00e7\u00e3o temporomandibular, aquela que liga a mand\u00edbula ao cr\u00e2nio.<\/p>\n\n\n\n<p>\u00c9 como se o corpo continuasse \u201cativo\u201d durante o sono, em vez de relaxar completamente. Imagine passar a noite contraindo um m\u00fasculo sem perceber, \u00e9 exatamente isso que acontece com a musculatura da face.<\/p>\n\n\n\n<figure class=\"wp-block-embed is-type-video is-provider-youtube wp-block-embed-youtube wp-embed-aspect-16-9 wp-has-aspect-ratio\"><div class=\"wp-block-embed__wrapper\">\n<div class=\"jeg_video_container jeg_video_content\"><iframe loading=\"lazy\" title=\"BRUXISMO: O QUE \u00c9, COMO IDENTIFICAR E TRATAR\" width=\"500\" height=\"281\" src=\"https:\/\/www.youtube.com\/embed\/saXik0U8qoM?feature=oembed\" frameborder=\"0\" allow=\"accelerometer; autoplay; clipboard-write; encrypted-media; gyroscope; picture-in-picture; web-share\" referrerpolicy=\"strict-origin-when-cross-origin\" allowfullscreen><\/iframe><\/div>\n<\/div><\/figure>\n\n\n\n<h2 class=\"wp-block-heading\">Bruxismo e sono: o que mais os pesquisadores encontraram<\/h2>\n\n\n\n<p>Uma descoberta interessante \u00e9 que o <strong>bruxismo<\/strong> est\u00e1 frequentemente ligado ao estresse emocional. Pessoas que enfrentam rotina intensa, press\u00e3o ou ansiedade t\u00eam maior tend\u00eancia a desenvolver o problema. Isso refor\u00e7a a conex\u00e3o entre sa\u00fade mental e sa\u00fade bucal.<\/p>\n\n\n\n<p>Al\u00e9m disso, estudos mostram que o bruxismo pode coexistir com outros dist\u00farbios do sono, como apneia. Isso torna o diagn\u00f3stico ainda mais importante, j\u00e1 que o problema pode ser apenas a \u201cponta do iceberg\u201d.<\/p>\n\n\n\n<link href=\"https:\/\/fonts.googleapis.com\/css2?family=Inter:wght@400;600;700;800&#038;display=swap\" rel=\"stylesheet\">\r\n<style>\r\n\/* Prote\u00e7\u00e3o contra inje\u00e7\u00e3o do \"Veja Tamb\u00e9m\" (JNews inline related posts) *\/\r\n.rdp-pontos-wrapper .jnews_inline_related_post_wrapper,\r\n.rdp-pontos-wrapper .jnews_inline_related_post,\r\n.rdp-pontos-wrapper .jeg_postblock,\r\n.rdp-pontos-wrapper [class*=\"jnews_inline\"],\r\n.rdp-pontos-wrapper [class*=\"jeg_postblock\"],\r\n.rdp-pontos-wrapper [class*=\"jeg_block\"] {\r\n  display: none !important;\r\n  height: 0 !important;\r\n  max-height: 0 !important;\r\n  overflow: hidden !important;\r\n  visibility: hidden !important;\r\n  margin: 0 !important;\r\n  padding: 0 !important;\r\n  border: none !important;\r\n  font-size: 0 !important;\r\n  line-height: 0 !important;\r\n}\r\n.rdp-pontos-wrapper {\r\n  max-width: 100%;\r\n  margin: 32px 0;\r\n  background: #F8F9FA;\r\n  border: 1px solid #E0E0E0;\r\n  border-radius: 12px;\r\n  padding: 28px 28px 20px;\r\n  font-family: 'Inter', sans-serif;\r\n  box-shadow: 0 4px 20px rgba(47,195,238,0.12);\r\n  overflow: hidden;\r\n  contain: layout style;\r\n  isolation: isolate;\r\n  position: relative;\r\n  z-index: 1;\r\n}\r\n.rdp-pontos-wrapper > *:not(.rdp-pontos-title):not(.rdp-pontos-grid) {\r\n  display: none !important;\r\n  height: 0 !important;\r\n  overflow: hidden !important;\r\n  margin: 0 !important;\r\n  padding: 0 !important;\r\n  border: none !important;\r\n}\r\n.rdp-pontos-title {\r\n  font-family: 'Inter', sans-serif;\r\n  font-size: 20px;\r\n  font-weight: 800;\r\n  color: #1A1A1A;\r\n  margin: 0 0 20px 0;\r\n  line-height: 1.3;\r\n  text-align: center;\r\n}\r\n.rdp-pontos-grid {\r\n  display: grid;\r\n  grid-template-columns: repeat(3, 1fr);\r\n  gap: 18px;\r\n}\r\n.rdp-pontos-item {\r\n  background: #FFFFFF;\r\n  border: 1px solid #E0E0E0;\r\n  border-top: 3px solid #2FC3EE;\r\n  border-radius: 10px;\r\n  padding: 22px 20px;\r\n  box-shadow: 0 2px 10px rgba(47,195,238,0.10);\r\n  transition: box-shadow 0.3s ease, border-color 0.3s ease;\r\n  text-align: center;\r\n}\r\n.rdp-pontos-item:hover {\r\n  box-shadow: 0 4px 20px rgba(47,195,238,0.22);\r\n  border-color: #2FC3EE;\r\n}\r\n.rdp-pontos-emoji {\r\n  font-size: 32px;\r\n  line-height: 1;\r\n  margin-bottom: 12px;\r\n  display: block;\r\n  text-align: center;\r\n}\r\n.rdp-pontos-item-title {\r\n  font-size: 15px;\r\n  font-weight: 700;\r\n  color: #1A1A1A;\r\n  margin-bottom: 8px;\r\n  line-height: 1.3;\r\n}\r\n.rdp-pontos-item-desc {\r\n  font-size: 14px;\r\n  color: #333333;\r\n  line-height: 1.6;\r\n  margin: 0;\r\n}\r\n@media (max-width: 768px) {\r\n  .rdp-pontos-wrapper {\r\n    padding: 20px 16px 14px;\r\n  }\r\n  .rdp-pontos-grid {\r\n    grid-template-columns: 1fr;\r\n    gap: 14px;\r\n  }\r\n  .rdp-pontos-title {\r\n    font-size: 18px;\r\n  }\r\n}\r\n<\/style>\r\n<div class=\"rdp-pontos-wrapper\">\r\n  <div class=\"rdp-pontos-title\">Pontos-chave do estudo<\/div>\r\n  <div class=\"rdp-pontos-grid\">\r\n    <div class=\"rdp-pontos-item\">\r\n      <span class=\"rdp-pontos-emoji\">\ud83d\udd2c<\/span>\r\n      <div class=\"rdp-pontos-item-title\">Dist\u00farbio multifatorial<\/div>\r\n      <p class=\"rdp-pontos-item-desc\">O bruxismo envolve fatores neurol\u00f3gicos, emocionais e fisiol\u00f3gicos que atuam durante o sono.<\/p>\r\n    <\/div>\r\n    <div class=\"rdp-pontos-item\">\r\n      <span class=\"rdp-pontos-emoji\">\ud83e\udde0<\/span>\r\n      <div class=\"rdp-pontos-item-title\">Liga\u00e7\u00e3o com estresse<\/div>\r\n      <p class=\"rdp-pontos-item-desc\">Ansiedade e rotina intensa aumentam a chance de ranger os dentes sem perceber.<\/p>\r\n    <\/div>\r\n    <div class=\"rdp-pontos-item\">\r\n      <span class=\"rdp-pontos-emoji\">\ud83c\udf0d<\/span>\r\n      <div class=\"rdp-pontos-item-title\">Impacto no cotidiano<\/div>\r\n      <p class=\"rdp-pontos-item-desc\">O problema pode causar dor, desgaste dental e prejudicar a qualidade do sono.<\/p>\r\n    <\/div>\r\n  <\/div>\r\n<\/div>\r\n<div style=\"clear:both;height:0;overflow:hidden;\"><\/div>\n\n\n\n<p>Os detalhes da rela\u00e7\u00e3o entre sono e bruxismo foram explorados em pesquisas cl\u00ednicas, como a <a href=\"https:\/\/pubmed.ncbi.nlm.nih.gov\/23318710\/\">revis\u00e3o cient\u00edfica publicada no PubMed<\/a>, que analisa os mecanismos neurol\u00f3gicos e comportamentais por tr\u00e1s desse dist\u00farbio.<\/p>\n\n\n\n<h2 class=\"wp-block-heading\">Por que essa descoberta importa para voc\u00ea<\/h2>\n\n\n\n<p>Entender o <strong>bruxismo<\/strong> ajuda a perceber que n\u00e3o se trata apenas de um h\u00e1bito, mas de um sinal do corpo. Identificar cedo pode evitar problemas mais s\u00e9rios, como fraturas dent\u00e1rias ou dores cr\u00f4nicas na mand\u00edbula.<\/p>\n\n\n\n<p>Al\u00e9m disso, o tratamento pode envolver mudan\u00e7as simples, como reduzir o estresse, melhorar a higiene do sono ou usar placas de prote\u00e7\u00e3o dental. Pequenas atitudes podem fazer grande diferen\u00e7a na sa\u00fade bucal e no bem-estar geral.<\/p>\n\n\n\n<h2 class=\"wp-block-heading\">O que mais a ci\u00eancia est\u00e1 investigando sobre o bruxismo<\/h2>\n\n\n\n<p>Atualmente, pesquisadores continuam investigando a rela\u00e7\u00e3o entre <strong>bruxismo<\/strong>, c\u00e9rebro e qualidade do sono. Novos estudos buscam entender melhor como fatores emocionais e neurol\u00f3gicos interagem, al\u00e9m de desenvolver tratamentos mais eficazes e personalizados.<\/p>\n\n\n\n<p>No fim das contas, aquele simples ranger de dentes pode revelar muito mais sobre o corpo do que parece. Ficar atento aos sinais \u00e9 uma forma de cuidar melhor da sua sa\u00fade e descobrir como o seu organismo funciona enquanto voc\u00ea dorme.<\/p>\n","protected":false},"excerpt":{"rendered":"<p>Curiosidades Ranger sem perceber: Muitas pessoas com bruxismo n\u00e3o sabem que rangem os dentes, pois isso acontece durante o sono. Impacto no dia a dia: O problema pode causar dor de cabe\u00e7a, cansa\u00e7o e at\u00e9 dificuldade de concentra\u00e7\u00e3o ao longo do dia. Liga\u00e7\u00e3o com o c\u00e9rebro: Pesquisas mostram que o bruxismo est\u00e1 relacionado a fatores [&hellip;]<\/p>\n","protected":false},"author":23,"featured_media":127003,"comment_status":"open","ping_status":"open","sticky":false,"template":"","format":"standard","meta":{"jnews-multi-image_gallery":[],"jnews_single_post":{"format":"standard"},"jnews_primary_category":[],"jnews_social_meta":[],"jnews_override_counter":[],"footnotes":""},"categories":[3046,475],"tags":[22967,8303,327,2221],"class_list":["post-127002","post","type-post","status-publish","format-standard","has-post-thumbnail","hentry","category-curiosidades","category-entretenimento","tag-bruxismo","tag-dormir","tag-saude","tag-tratamento"],"yoast_head":"<!-- This site is optimized with the Yoast SEO plugin v26.5 - https:\/\/yoast.com\/wordpress\/plugins\/seo\/ -->\n<title>Acordar com dor na mand\u00edbula pode ser alerta de um problema silencioso que muita gente ignora - UAI Not\u00edcias<\/title>\n<meta name=\"description\" content=\"Muitas pessoas t\u00eam bruxismo e n\u00e3o percebem. Um sintoma comum ao acordar pode indicar o problema e explicar dores frequentes\" \/>\n<meta name=\"robots\" content=\"index, follow, max-snippet:-1, max-image-preview:large, max-video-preview:-1\" \/>\n<link rel=\"canonical\" href=\"https:\/\/www.uai.com.br\/uainoticias\/2026\/04\/27\/acordar-com-dor-na-mandibula-pode-ser-alerta-de-um-problema-silencioso-que-muita-gente-ignora\/\" \/>\n<meta property=\"og:locale\" content=\"pt_BR\" \/>\n<meta property=\"og:type\" content=\"article\" \/>\n<meta property=\"og:title\" content=\"Acordar com dor na mand\u00edbula pode ser alerta de um problema silencioso que muita gente ignora - UAI Not\u00edcias\" \/>\n<meta property=\"og:description\" content=\"Muitas pessoas t\u00eam bruxismo e n\u00e3o percebem. Um sintoma comum ao acordar pode indicar o problema e explicar dores frequentes\" \/>\n<meta property=\"og:url\" content=\"https:\/\/www.uai.com.br\/uainoticias\/2026\/04\/27\/acordar-com-dor-na-mandibula-pode-ser-alerta-de-um-problema-silencioso-que-muita-gente-ignora\/\" \/>\n<meta property=\"og:site_name\" content=\"UAI Not\u00edcias\" \/>\n<meta property=\"article:published_time\" content=\"2026-04-27T07:00:00+00:00\" \/>\n<meta property=\"og:image\" content=\"https:\/\/www.uai.com.br\/uainoticias\/wp-content\/uploads\/2026\/04\/Design_sem_nome-2026-04-24T170309.113.jpg\" \/>\n\t<meta property=\"og:image:width\" content=\"1280\" \/>\n\t<meta property=\"og:image:height\" content=\"720\" \/>\n\t<meta property=\"og:image:type\" content=\"image\/jpeg\" \/>\n<meta name=\"author\" content=\"Gustavo Trindade\" \/>\n<meta name=\"twitter:card\" content=\"summary_large_image\" \/>\n<meta name=\"twitter:label1\" content=\"Escrito por\" \/>\n\t<meta name=\"twitter:data1\" content=\"Gustavo Trindade\" \/>\n\t<meta name=\"twitter:label2\" content=\"Est. tempo de leitura\" \/>\n\t<meta name=\"twitter:data2\" content=\"4 minutos\" \/>\n<!-- \/ Yoast SEO plugin. -->","yoast_head_json":{"title":"Acordar com dor na mand\u00edbula pode ser alerta de um problema silencioso que muita gente ignora - UAI Not\u00edcias","description":"Muitas pessoas t\u00eam bruxismo e n\u00e3o percebem. Um sintoma comum ao acordar pode indicar o problema e explicar dores frequentes","robots":{"index":"index","follow":"follow","max-snippet":"max-snippet:-1","max-image-preview":"max-image-preview:large","max-video-preview":"max-video-preview:-1"},"canonical":"https:\/\/www.uai.com.br\/uainoticias\/2026\/04\/27\/acordar-com-dor-na-mandibula-pode-ser-alerta-de-um-problema-silencioso-que-muita-gente-ignora\/","og_locale":"pt_BR","og_type":"article","og_title":"Acordar com dor na mand\u00edbula pode ser alerta de um problema silencioso que muita gente ignora - UAI Not\u00edcias","og_description":"Muitas pessoas t\u00eam bruxismo e n\u00e3o percebem. Um sintoma comum ao acordar pode indicar o problema e explicar dores frequentes","og_url":"https:\/\/www.uai.com.br\/uainoticias\/2026\/04\/27\/acordar-com-dor-na-mandibula-pode-ser-alerta-de-um-problema-silencioso-que-muita-gente-ignora\/","og_site_name":"UAI Not\u00edcias","article_published_time":"2026-04-27T07:00:00+00:00","og_image":[{"width":1280,"height":720,"url":"https:\/\/www.uai.com.br\/uainoticias\/wp-content\/uploads\/2026\/04\/Design_sem_nome-2026-04-24T170309.113.jpg","type":"image\/jpeg"}],"author":"Gustavo Trindade","twitter_card":"summary_large_image","twitter_misc":{"Escrito por":"Gustavo Trindade","Est. tempo de leitura":"4 minutos"},"schema":{"@context":"https:\/\/schema.org","@graph":[{"@type":"WebPage","@id":"https:\/\/www.uai.com.br\/uainoticias\/2026\/04\/27\/acordar-com-dor-na-mandibula-pode-ser-alerta-de-um-problema-silencioso-que-muita-gente-ignora\/","url":"https:\/\/www.uai.com.br\/uainoticias\/2026\/04\/27\/acordar-com-dor-na-mandibula-pode-ser-alerta-de-um-problema-silencioso-que-muita-gente-ignora\/","name":"Acordar com dor na mand\u00edbula pode ser alerta de um problema silencioso que muita gente ignora - UAI Not\u00edcias","isPartOf":{"@id":"https:\/\/www.uai.com.br\/uainoticias\/#website"},"primaryImageOfPage":{"@id":"https:\/\/www.uai.com.br\/uainoticias\/2026\/04\/27\/acordar-com-dor-na-mandibula-pode-ser-alerta-de-um-problema-silencioso-que-muita-gente-ignora\/#primaryimage"},"image":{"@id":"https:\/\/www.uai.com.br\/uainoticias\/2026\/04\/27\/acordar-com-dor-na-mandibula-pode-ser-alerta-de-um-problema-silencioso-que-muita-gente-ignora\/#primaryimage"},"thumbnailUrl":"https:\/\/www.uai.com.br\/uainoticias\/wp-content\/uploads\/2026\/04\/Design_sem_nome-2026-04-24T170309.113.jpg","datePublished":"2026-04-27T07:00:00+00:00","author":{"@id":"https:\/\/www.uai.com.br\/uainoticias\/#\/schema\/person\/060f8bb02e250479c83590e2c4706fcc"},"description":"Muitas pessoas t\u00eam bruxismo e n\u00e3o percebem. Um sintoma comum ao acordar pode indicar o problema e explicar dores frequentes","breadcrumb":{"@id":"https:\/\/www.uai.com.br\/uainoticias\/2026\/04\/27\/acordar-com-dor-na-mandibula-pode-ser-alerta-de-um-problema-silencioso-que-muita-gente-ignora\/#breadcrumb"},"inLanguage":"pt-BR","potentialAction":[{"@type":"ReadAction","target":["https:\/\/www.uai.com.br\/uainoticias\/2026\/04\/27\/acordar-com-dor-na-mandibula-pode-ser-alerta-de-um-problema-silencioso-que-muita-gente-ignora\/"]}]},{"@type":"ImageObject","inLanguage":"pt-BR","@id":"https:\/\/www.uai.com.br\/uainoticias\/2026\/04\/27\/acordar-com-dor-na-mandibula-pode-ser-alerta-de-um-problema-silencioso-que-muita-gente-ignora\/#primaryimage","url":"https:\/\/www.uai.com.br\/uainoticias\/wp-content\/uploads\/2026\/04\/Design_sem_nome-2026-04-24T170309.113.jpg","contentUrl":"https:\/\/www.uai.com.br\/uainoticias\/wp-content\/uploads\/2026\/04\/Design_sem_nome-2026-04-24T170309.113.jpg","width":1280,"height":720,"caption":"Influ\u00eancia do estresse emocional na ativa\u00e7\u00e3o neurol\u00f3gica noturna"},{"@type":"BreadcrumbList","@id":"https:\/\/www.uai.com.br\/uainoticias\/2026\/04\/27\/acordar-com-dor-na-mandibula-pode-ser-alerta-de-um-problema-silencioso-que-muita-gente-ignora\/#breadcrumb","itemListElement":[{"@type":"ListItem","position":1,"name":"In\u00edcio","item":"https:\/\/www.uai.com.br\/uainoticias\/"},{"@type":"ListItem","position":2,"name":"Acordar com dor na mand\u00edbula pode ser alerta de um problema silencioso que muita gente ignora"}]},{"@type":"WebSite","@id":"https:\/\/www.uai.com.br\/uainoticias\/#website","url":"https:\/\/www.uai.com.br\/uainoticias\/","name":"UAI Not\u00edcias","description":"Acompanhe as \u00faltimas not\u00edcias e fique bem informado sobre tudo o que acontece no Brasil e no mundo.","potentialAction":[{"@type":"SearchAction","target":{"@type":"EntryPoint","urlTemplate":"https:\/\/www.uai.com.br\/uainoticias\/?s={search_term_string}"},"query-input":{"@type":"PropertyValueSpecification","valueRequired":true,"valueName":"search_term_string"}}],"inLanguage":"pt-BR"},{"@type":"Person","@id":"https:\/\/www.uai.com.br\/uainoticias\/#\/schema\/person\/060f8bb02e250479c83590e2c4706fcc","name":"Gustavo Trindade","image":{"@type":"ImageObject","inLanguage":"pt-BR","@id":"https:\/\/www.uai.com.br\/uainoticias\/#\/schema\/person\/image\/","url":"https:\/\/secure.gravatar.com\/avatar\/05714a54ada0bd2b20e75b2c72a9e7802581213945810c2354d320b79f27b427?s=96&d=mm&r=g","contentUrl":"https:\/\/secure.gravatar.com\/avatar\/05714a54ada0bd2b20e75b2c72a9e7802581213945810c2354d320b79f27b427?s=96&d=mm&r=g","caption":"Gustavo Trindade"},"sameAs":["https:\/\/www.uai.com.br\/uainoticias\/"],"url":"https:\/\/www.uai.com.br\/uainoticias\/author\/gustavotrindade\/"}]}},"_links":{"self":[{"href":"https:\/\/www.uai.com.br\/uainoticias\/wp-json\/wp\/v2\/posts\/127002","targetHints":{"allow":["GET"]}}],"collection":[{"href":"https:\/\/www.uai.com.br\/uainoticias\/wp-json\/wp\/v2\/posts"}],"about":[{"href":"https:\/\/www.uai.com.br\/uainoticias\/wp-json\/wp\/v2\/types\/post"}],"author":[{"embeddable":true,"href":"https:\/\/www.uai.com.br\/uainoticias\/wp-json\/wp\/v2\/users\/23"}],"replies":[{"embeddable":true,"href":"https:\/\/www.uai.com.br\/uainoticias\/wp-json\/wp\/v2\/comments?post=127002"}],"version-history":[{"count":1,"href":"https:\/\/www.uai.com.br\/uainoticias\/wp-json\/wp\/v2\/posts\/127002\/revisions"}],"predecessor-version":[{"id":127006,"href":"https:\/\/www.uai.com.br\/uainoticias\/wp-json\/wp\/v2\/posts\/127002\/revisions\/127006"}],"wp:featuredmedia":[{"embeddable":true,"href":"https:\/\/www.uai.com.br\/uainoticias\/wp-json\/wp\/v2\/media\/127003"}],"wp:attachment":[{"href":"https:\/\/www.uai.com.br\/uainoticias\/wp-json\/wp\/v2\/media?parent=127002"}],"wp:term":[{"taxonomy":"category","embeddable":true,"href":"https:\/\/www.uai.com.br\/uainoticias\/wp-json\/wp\/v2\/categories?post=127002"},{"taxonomy":"post_tag","embeddable":true,"href":"https:\/\/www.uai.com.br\/uainoticias\/wp-json\/wp\/v2\/tags?post=127002"}],"curies":[{"name":"wp","href":"https:\/\/api.w.org\/{rel}","templated":true}]}}