{"id":126991,"date":"2026-04-26T08:10:00","date_gmt":"2026-04-26T11:10:00","guid":{"rendered":"https:\/\/www.uai.com.br\/uainoticias\/?p=126991"},"modified":"2026-04-24T16:56:52","modified_gmt":"2026-04-24T19:56:52","slug":"uma-cidade-de-950-anos-na-floresta-negra-e-uma-das-mais-belas-pequenas-cidades","status":"publish","type":"post","link":"https:\/\/www.uai.com.br\/uainoticias\/2026\/04\/26\/uma-cidade-de-950-anos-na-floresta-negra-e-uma-das-mais-belas-pequenas-cidades\/","title":{"rendered":"Uma cidade de 950 anos na Floresta Negra \u00e9 uma das mais belas pequenas cidades"},"content":{"rendered":"\n<p>Localizada no norte da <strong>Alemanha<\/strong>, a cidade de <strong>Calw<\/strong> destaca-se como um ref\u00fagio que harmoniza preserva\u00e7\u00e3o hist\u00f3rica e belezas naturais. O destino atrai visitantes interessados na arquitetura enxaimel e na heran\u00e7a cultural deixada por seus cidad\u00e3os ilustres, oferecendo uma infraestrutura moderna que n\u00e3o agride o ecossistema da <strong>Floresta Negra<\/strong>. <\/p>\n\n\n\n<h2 class=\"wp-block-heading\">Como a cidade une natureza e centro hist\u00f3rico?<\/h2>\n\n\n\n<p>A integra\u00e7\u00e3o em <strong>Calw<\/strong> ocorre de forma org\u00e2nica atrav\u00e9s do rio <strong>Nagold<\/strong>, que serpenteia o n\u00facleo urbano conectando o casario medieval \u00e0s \u00e1reas de preserva\u00e7\u00e3o. O planejamento urbano prioriza o deslocamento de pedestres e ciclistas, permitindo que o visitante transite entre uma pra\u00e7a hist\u00f3rica e uma trilha florestal em poucos minutos.<\/p>\n\n\n\n<p>Um dos pontos altos dessa simbiose \u00e9 o <strong>Stadtgarten<\/strong>, um jardim que funciona como um mirante natural para a topografia acidentada da regi\u00e3o. Ao caminhar por esse <strong>ve\u00edculo<\/strong> de conex\u00e3o verde, percebe-se como o <strong>valor<\/strong> paisag\u00edstico \u00e9 preservado, mantendo a atmosfera de tranquilidade que define as <a href=\"https:\/\/www.uai.com.br\/uainoticias\/2026\/04\/24\/minha-familia-e-eu-estamos-voltando-para-minha-cidade-natal-para-ficar-mais-perto-dos-meus-pais-vamos-dar-um-ano-para-ver-como-funciona\/\" target=\"_blank\" rel=\"noreferrer noopener\">cidades de pequeno porte<\/a> no estado de <strong>Baden-W\u00fcrttemberg<\/strong>.<\/p>\n\n\n\n<figure class=\"wp-block-image aligncenter size-large\"><img decoding=\"async\" width=\"1024\" height=\"572\" src=\"https:\/\/www.uai.com.br\/uainoticias\/wp-content\/uploads\/2026\/04\/freepik_a-wide-shot-of-the-majest_2860400370-1024x572.png\" alt=\"Uma cidade de 950 anos na Floresta Negra \u00e9 uma das mais belas pequenas cidades\" class=\"wp-image-126993\"\/><figcaption class=\"wp-element-caption\">Um destino na Floresta Negra est\u00e1 conquistando viajantes. Calw Alemanha guarda segredos que voc\u00ea precisa conhecer antes de ir.\n\n<\/figcaption><\/figure>\n\n\n\n<h2 class=\"wp-block-heading\">Por que Hermann Hesse \u00e9 o pilar cultural da regi\u00e3o?<\/h2>\n\n\n\n<p>O escritor <strong>Hermann Hesse<\/strong>, vencedor do Pr\u00eamio Nobel, nasceu em <strong>Calw<\/strong> e utilizou a geografia local como pano de fundo para obras fundamentais da literatura mundial. O <strong>Museu Hermann Hesse<\/strong> \u00e9 a institui\u00e7\u00e3o respons\u00e1vel por guardar esse legado, transformando a biografia do autor em um ativo tur\u00edstico que atrai pesquisadores e leitores de diversos pa\u00edses.<\/p>\n\n\n\n<p>A influ\u00eancia de Hesse vai al\u00e9m das p\u00e1ginas dos livros, moldando roteiros tem\u00e1ticos que exploram os locais de sua inf\u00e2ncia e juventude. Esse tipo de turismo cultural garante ao munic\u00edpio um <strong>licenciamento<\/strong> simb\u00f3lico como &#8220;Cidade de Hesse&#8221;, promovendo festivais e jornadas liter\u00e1rias que movimentam o calend\u00e1rio anual e refor\u00e7am a identidade regional perante o <strong>Governo Federal<\/strong> alem\u00e3o.<\/p>\n\n\n\n<h2 class=\"wp-block-heading\">O que fazer em Calw: principais atra\u00e7\u00f5es e experi\u00eancias?<\/h2>\n\n\n\n<p>O centro hist\u00f3rico, com suas fachadas preservadas, \u00e9 um museu a c\u00e9u aberto onde cada <strong>documento<\/strong> arquitet\u00f4nico conta s\u00e9culos de hist\u00f3ria. Al\u00e9m do casario, o uso de tecnologia em tours autoguiados permite uma explora\u00e7\u00e3o profunda, onde o turista utiliza aplicativos para acessar dados sobre monumentos sem a necessidade de grupos grandes.<\/p>\n\n\n\n<p>As margens do rio <strong>Nagold<\/strong> oferecem espa\u00e7os para lazer contemplativo e atividades esportivas leves. O visitante pode desfrutar de uma gastronomia t\u00edpica em restaurantes que ocupam pr\u00e9dios centen\u00e1rios, onde o <strong>imposto<\/strong> sobre servi\u00e7os reflete o investimento na manuten\u00e7\u00e3o da qualidade tur\u00edstica e na conserva\u00e7\u00e3o das vias p\u00fablicas utilizadas por todos.<\/p>\n\n\n\n<h2 class=\"wp-block-heading\">Como se conecta aos mosteiros e \u00e0 hist\u00f3ria regional?<\/h2>\n\n\n\n<p>No distrito de <strong>Hirsau<\/strong>, encontram-se as ru\u00ednas do mosteiro de <strong>St. Peter und Paul<\/strong>, um dos complexos mon\u00e1sticos mais importantes da Europa medieval. O local funciona como um portal para o passado religioso e pol\u00edtico da regi\u00e3o, oferecendo um contraste fascinante entre a arquitetura g\u00f3tica e as interven\u00e7\u00f5es culturais contempor\u00e2neas.<\/p>\n\n\n\n<p>O turismo nessa \u00e1rea \u00e9 educativo, focado na compreens\u00e3o das reformas eclesi\u00e1sticas e da vida cotidiana de s\u00e9culos passados. Em eventos especiais, as ru\u00ednas servem como palco para apresenta\u00e7\u00f5es musicais, onde o <strong>valor<\/strong> ac\u00fastico das pedras hist\u00f3ricas cria uma experi\u00eancia \u00fanica, unindo o <strong>patrim\u00f4nio<\/strong> tombado \u00e0 express\u00e3o art\u00edstica atual da <strong>Alemanha<\/strong>.<\/p>\n\n\n\n<figure class=\"wp-block-image aligncenter size-large\"><img decoding=\"async\" width=\"1024\" height=\"572\" src=\"https:\/\/www.uai.com.br\/uainoticias\/wp-content\/uploads\/2026\/04\/freepik_a-firstperson-perspective_2860399760-1-1024x572.png\" alt=\"Uma cidade de 950 anos na Floresta Negra \u00e9 uma das mais belas pequenas cidades\" class=\"wp-image-126995\"\/><figcaption class=\"wp-element-caption\">Um destino na Floresta Negra est\u00e1 conquistando viajantes. Calw Alemanha guarda segredos que voc\u00ea precisa conhecer antes de ir.\n\n<\/figcaption><\/figure>\n\n\n\n<h2 class=\"wp-block-heading\">Quais s\u00e3o as orienta\u00e7\u00f5es para um planejamento eficiente?<\/h2>\n\n\n\n<p>Visitar uma cidade com tamanha densidade hist\u00f3rica exige organiza\u00e7\u00e3o para que nenhum detalhe seja perdido durante a estadia. A escolha da \u00e9poca do ano \u00e9 determinante, pois o inverno na <strong>Floresta Negra<\/strong> altera significativamente a acessibilidade das trilhas, enquanto o ver\u00e3o amplia a oferta de festivais ao ar livre.<\/p>\n\n\n\n<p>Para garantir que a experi\u00eancia em <strong>Calw<\/strong> seja completa e segura, o viajante deve observar crit\u00e9rios que facilitam a log\u00edstica e o aproveitamento cultural. Seguir um roteiro estruturado auxilia na otimiza\u00e7\u00e3o do tempo, permitindo que tanto as atra\u00e7\u00f5es urbanas quanto as naturais sejam visitadas com a devida calma e aten\u00e7\u00e3o t\u00e9cnica:<\/p>\n\n\n\n<ul class=\"wp-block-list\">\n<li>Verificar antecipadamente os hor\u00e1rios de funcionamento do <strong>Museu Hermann Hesse<\/strong> e do Mosteiro de <strong>Hirsau<\/strong>.<\/li>\n\n\n\n<li>Priorizar hospedagens pr\u00f3ximas ao centro para evitar a depend\u00eancia de qualquer <strong>ve\u00edculo<\/strong> motorizado em deslocamentos curtos.<\/li>\n\n\n\n<li>Baixar aplicativos de \u00e1udio-guia para explorar o patrim\u00f4nio enxaimel com informa\u00e7\u00f5es hist\u00f3ricas detalhadas e precisas.<\/li>\n\n\n\n<li>Consultar a previs\u00e3o clim\u00e1tica local, especialmente se o plano incluir as trilhas de longo percurso na <strong>Floresta Negra<\/strong>.<\/li>\n\n\n\n<li>Realizar reservas em restaurantes tradicionais durante os finais de semana de festivais liter\u00e1rios ou mercados de Natal.<\/li>\n<\/ul>\n\n\n\n<h2 class=\"wp-block-heading\">O que considerar ao finalizar o roteiro de viagem?<\/h2>\n\n\n\n<p>Ao concluir o planejamento, \u00e9 essencial integrar a visita a <strong>Calw<\/strong> com outras cidades pr\u00f3ximas, aproveitando a malha ferrovi\u00e1ria eficiente do pa\u00eds. O custo de vida para o turista \u00e9 equilibrado, com uma <strong>al\u00edquota<\/strong> de gastos condizente com a qualidade dos servi\u00e7os oferecidos em hot\u00e9is e centros de informa\u00e7\u00e3o ao visitante.<\/p>\n\n\n\n<p>Para informa\u00e7\u00f5es detalhadas sobre mobilidade e regras de visita\u00e7\u00e3o, consulte o portal oficial de turismo da <a target=\"_blank\" rel=\"noreferrer noopener\" href=\"https:\/\/www.germany.travel\">Alemanha<\/a> ou o site da <a target=\"_blank\" rel=\"noreferrer noopener\" href=\"https:\/\/www.calw.de\/Tourismus\">Secretaria de Turismo de Calw<\/a>. O cumprimento das normas locais e o respeito ao ambiente natural garantem a <strong>isen\u00e7\u00e3o<\/strong> de transtornos, tornando a viagem uma imers\u00e3o aut\u00eantica na cultura e na natureza europeia.<\/p>\n","protected":false},"excerpt":{"rendered":"<p>Localizada no norte da Alemanha, a cidade de Calw destaca-se como um ref\u00fagio que harmoniza preserva\u00e7\u00e3o hist\u00f3rica e belezas naturais. O destino atrai visitantes interessados na arquitetura enxaimel e na heran\u00e7a cultural deixada por seus cidad\u00e3os ilustres, oferecendo uma infraestrutura moderna que n\u00e3o agride o ecossistema da Floresta Negra. Como a cidade une natureza e [&hellip;]<\/p>\n","protected":false},"author":27,"featured_media":126994,"comment_status":"open","ping_status":"open","sticky":false,"template":"","format":"standard","meta":{"jnews-multi-image_gallery":[],"jnews_single_post":{"format":"standard"},"jnews_primary_category":[],"jnews_social_meta":[],"jnews_override_counter":[],"footnotes":""},"categories":[210],"tags":[23405,234,330,22227],"class_list":["post-126991","post","type-post","status-publish","format-standard","has-post-thumbnail","hentry","category-cidades","tag-cidade-de-calw","tag-cidades","tag-curiosidades","tag-floresta"],"yoast_head":"<!-- This site is optimized with the Yoast SEO plugin v26.5 - https:\/\/yoast.com\/wordpress\/plugins\/seo\/ -->\n<title>Uma cidade de 950 anos na Floresta Negra \u00e9 uma das mais belas pequenas cidades - UAI Not\u00edcias<\/title>\n<meta name=\"description\" content=\"A cidade de Calw Alemanha combina cultura e natureza de forma \u00fanica. Veja os detalhes que podem transformar sua viagem\" \/>\n<meta name=\"robots\" content=\"index, follow, max-snippet:-1, max-image-preview:large, max-video-preview:-1\" \/>\n<link rel=\"canonical\" href=\"https:\/\/www.uai.com.br\/uainoticias\/2026\/04\/26\/uma-cidade-de-950-anos-na-floresta-negra-e-uma-das-mais-belas-pequenas-cidades\/\" \/>\n<meta property=\"og:locale\" content=\"pt_BR\" \/>\n<meta property=\"og:type\" content=\"article\" \/>\n<meta property=\"og:title\" content=\"Uma cidade de 950 anos na Floresta Negra \u00e9 uma das mais belas pequenas cidades - UAI Not\u00edcias\" \/>\n<meta property=\"og:description\" content=\"A cidade de Calw Alemanha combina cultura e natureza de forma \u00fanica. Veja os detalhes que podem transformar sua viagem\" \/>\n<meta property=\"og:url\" content=\"https:\/\/www.uai.com.br\/uainoticias\/2026\/04\/26\/uma-cidade-de-950-anos-na-floresta-negra-e-uma-das-mais-belas-pequenas-cidades\/\" \/>\n<meta property=\"og:site_name\" content=\"UAI Not\u00edcias\" \/>\n<meta property=\"article:published_time\" content=\"2026-04-26T11:10:00+00:00\" \/>\n<meta property=\"og:image\" content=\"https:\/\/www.uai.com.br\/uainoticias\/wp-content\/uploads\/2026\/04\/freepik_a-cinematic-fotorrealisti_2860400798-e1777060015697.png\" \/>\n\t<meta property=\"og:image:width\" content=\"1290\" \/>\n\t<meta property=\"og:image:height\" content=\"720\" \/>\n\t<meta property=\"og:image:type\" content=\"image\/png\" \/>\n<meta name=\"author\" content=\"Gustavo Davi Silvestrin\" \/>\n<meta name=\"twitter:card\" content=\"summary_large_image\" \/>\n<meta name=\"twitter:label1\" content=\"Escrito por\" \/>\n\t<meta name=\"twitter:data1\" content=\"Gustavo Davi Silvestrin\" \/>\n\t<meta name=\"twitter:label2\" content=\"Est. tempo de leitura\" \/>\n\t<meta name=\"twitter:data2\" content=\"6 minutos\" \/>\n<!-- \/ Yoast SEO plugin. -->","yoast_head_json":{"title":"Uma cidade de 950 anos na Floresta Negra \u00e9 uma das mais belas pequenas cidades - UAI Not\u00edcias","description":"A cidade de Calw Alemanha combina cultura e natureza de forma \u00fanica. Veja os detalhes que podem transformar sua viagem","robots":{"index":"index","follow":"follow","max-snippet":"max-snippet:-1","max-image-preview":"max-image-preview:large","max-video-preview":"max-video-preview:-1"},"canonical":"https:\/\/www.uai.com.br\/uainoticias\/2026\/04\/26\/uma-cidade-de-950-anos-na-floresta-negra-e-uma-das-mais-belas-pequenas-cidades\/","og_locale":"pt_BR","og_type":"article","og_title":"Uma cidade de 950 anos na Floresta Negra \u00e9 uma das mais belas pequenas cidades - UAI Not\u00edcias","og_description":"A cidade de Calw Alemanha combina cultura e natureza de forma \u00fanica. Veja os detalhes que podem transformar sua viagem","og_url":"https:\/\/www.uai.com.br\/uainoticias\/2026\/04\/26\/uma-cidade-de-950-anos-na-floresta-negra-e-uma-das-mais-belas-pequenas-cidades\/","og_site_name":"UAI Not\u00edcias","article_published_time":"2026-04-26T11:10:00+00:00","og_image":[{"width":1290,"height":720,"url":"https:\/\/www.uai.com.br\/uainoticias\/wp-content\/uploads\/2026\/04\/freepik_a-cinematic-fotorrealisti_2860400798-e1777060015697.png","type":"image\/png"}],"author":"Gustavo Davi Silvestrin","twitter_card":"summary_large_image","twitter_misc":{"Escrito por":"Gustavo Davi Silvestrin","Est. tempo de leitura":"6 minutos"},"schema":{"@context":"https:\/\/schema.org","@graph":[{"@type":"WebPage","@id":"https:\/\/www.uai.com.br\/uainoticias\/2026\/04\/26\/uma-cidade-de-950-anos-na-floresta-negra-e-uma-das-mais-belas-pequenas-cidades\/","url":"https:\/\/www.uai.com.br\/uainoticias\/2026\/04\/26\/uma-cidade-de-950-anos-na-floresta-negra-e-uma-das-mais-belas-pequenas-cidades\/","name":"Uma cidade de 950 anos na Floresta Negra \u00e9 uma das mais belas pequenas cidades - UAI Not\u00edcias","isPartOf":{"@id":"https:\/\/www.uai.com.br\/uainoticias\/#website"},"primaryImageOfPage":{"@id":"https:\/\/www.uai.com.br\/uainoticias\/2026\/04\/26\/uma-cidade-de-950-anos-na-floresta-negra-e-uma-das-mais-belas-pequenas-cidades\/#primaryimage"},"image":{"@id":"https:\/\/www.uai.com.br\/uainoticias\/2026\/04\/26\/uma-cidade-de-950-anos-na-floresta-negra-e-uma-das-mais-belas-pequenas-cidades\/#primaryimage"},"thumbnailUrl":"https:\/\/www.uai.com.br\/uainoticias\/wp-content\/uploads\/2026\/04\/freepik_a-cinematic-fotorrealisti_2860400798-e1777060015697.png","datePublished":"2026-04-26T11:10:00+00:00","author":{"@id":"https:\/\/www.uai.com.br\/uainoticias\/#\/schema\/person\/974cce4274a7887884e3916f94bc8607"},"description":"A cidade de Calw Alemanha combina cultura e natureza de forma \u00fanica. Veja os detalhes que podem transformar sua viagem","breadcrumb":{"@id":"https:\/\/www.uai.com.br\/uainoticias\/2026\/04\/26\/uma-cidade-de-950-anos-na-floresta-negra-e-uma-das-mais-belas-pequenas-cidades\/#breadcrumb"},"inLanguage":"pt-BR","potentialAction":[{"@type":"ReadAction","target":["https:\/\/www.uai.com.br\/uainoticias\/2026\/04\/26\/uma-cidade-de-950-anos-na-floresta-negra-e-uma-das-mais-belas-pequenas-cidades\/"]}]},{"@type":"ImageObject","inLanguage":"pt-BR","@id":"https:\/\/www.uai.com.br\/uainoticias\/2026\/04\/26\/uma-cidade-de-950-anos-na-floresta-negra-e-uma-das-mais-belas-pequenas-cidades\/#primaryimage","url":"https:\/\/www.uai.com.br\/uainoticias\/wp-content\/uploads\/2026\/04\/freepik_a-cinematic-fotorrealisti_2860400798-e1777060015697.png","contentUrl":"https:\/\/www.uai.com.br\/uainoticias\/wp-content\/uploads\/2026\/04\/freepik_a-cinematic-fotorrealisti_2860400798-e1777060015697.png","width":1290,"height":720,"caption":"Um destino na Floresta Negra est\u00e1 conquistando viajantes. Calw Alemanha guarda segredos que voc\u00ea precisa conhecer antes de ir."},{"@type":"BreadcrumbList","@id":"https:\/\/www.uai.com.br\/uainoticias\/2026\/04\/26\/uma-cidade-de-950-anos-na-floresta-negra-e-uma-das-mais-belas-pequenas-cidades\/#breadcrumb","itemListElement":[{"@type":"ListItem","position":1,"name":"In\u00edcio","item":"https:\/\/www.uai.com.br\/uainoticias\/"},{"@type":"ListItem","position":2,"name":"Uma cidade de 950 anos na Floresta Negra \u00e9 uma das mais belas pequenas cidades"}]},{"@type":"WebSite","@id":"https:\/\/www.uai.com.br\/uainoticias\/#website","url":"https:\/\/www.uai.com.br\/uainoticias\/","name":"UAI Not\u00edcias","description":"Acompanhe as \u00faltimas not\u00edcias e fique bem informado sobre tudo o que acontece no Brasil e no mundo.","potentialAction":[{"@type":"SearchAction","target":{"@type":"EntryPoint","urlTemplate":"https:\/\/www.uai.com.br\/uainoticias\/?s={search_term_string}"},"query-input":{"@type":"PropertyValueSpecification","valueRequired":true,"valueName":"search_term_string"}}],"inLanguage":"pt-BR"},{"@type":"Person","@id":"https:\/\/www.uai.com.br\/uainoticias\/#\/schema\/person\/974cce4274a7887884e3916f94bc8607","name":"Gustavo Davi Silvestrin","image":{"@type":"ImageObject","inLanguage":"pt-BR","@id":"https:\/\/www.uai.com.br\/uainoticias\/#\/schema\/person\/image\/","url":"https:\/\/secure.gravatar.com\/avatar\/00e34b7579107394af24f9d8d813f8687f1e8994bf7e51804d8cceeedb128731?s=96&d=mm&r=g","contentUrl":"https:\/\/secure.gravatar.com\/avatar\/00e34b7579107394af24f9d8d813f8687f1e8994bf7e51804d8cceeedb128731?s=96&d=mm&r=g","caption":"Gustavo Davi Silvestrin"},"sameAs":["https:\/\/www.uai.com.br\/uainoticias\/"],"url":"https:\/\/www.uai.com.br\/uainoticias\/author\/gustavosilvestrin\/"}]}},"_links":{"self":[{"href":"https:\/\/www.uai.com.br\/uainoticias\/wp-json\/wp\/v2\/posts\/126991","targetHints":{"allow":["GET"]}}],"collection":[{"href":"https:\/\/www.uai.com.br\/uainoticias\/wp-json\/wp\/v2\/posts"}],"about":[{"href":"https:\/\/www.uai.com.br\/uainoticias\/wp-json\/wp\/v2\/types\/post"}],"author":[{"embeddable":true,"href":"https:\/\/www.uai.com.br\/uainoticias\/wp-json\/wp\/v2\/users\/27"}],"replies":[{"embeddable":true,"href":"https:\/\/www.uai.com.br\/uainoticias\/wp-json\/wp\/v2\/comments?post=126991"}],"version-history":[{"count":1,"href":"https:\/\/www.uai.com.br\/uainoticias\/wp-json\/wp\/v2\/posts\/126991\/revisions"}],"predecessor-version":[{"id":127000,"href":"https:\/\/www.uai.com.br\/uainoticias\/wp-json\/wp\/v2\/posts\/126991\/revisions\/127000"}],"wp:featuredmedia":[{"embeddable":true,"href":"https:\/\/www.uai.com.br\/uainoticias\/wp-json\/wp\/v2\/media\/126994"}],"wp:attachment":[{"href":"https:\/\/www.uai.com.br\/uainoticias\/wp-json\/wp\/v2\/media?parent=126991"}],"wp:term":[{"taxonomy":"category","embeddable":true,"href":"https:\/\/www.uai.com.br\/uainoticias\/wp-json\/wp\/v2\/categories?post=126991"},{"taxonomy":"post_tag","embeddable":true,"href":"https:\/\/www.uai.com.br\/uainoticias\/wp-json\/wp\/v2\/tags?post=126991"}],"curies":[{"name":"wp","href":"https:\/\/api.w.org\/{rel}","templated":true}]}}